{"id":61,"name":"Aurora Garre Contreras","url":"","description":"Aparte de una d\u00e9cada ejerciendo como m\u00e9dico de atenci\u00f3n primaria, Aurora cuenta con m\u00e1s de 23 a\u00f1os de experiencia en el \u00e1mbito del desarrollo y la comunicaci\u00f3n especializada de productos sanitarios, y se ha enfocado principalmente en dermocosm\u00e9tica en los \u00faltimos a\u00f1os. Es coautora de numerosas publicaciones en revistas dermatol\u00f3gicas y ponente habitual en conferencias internacionales sobre salud y belleza. \r\n\r\nRef: Colegio de M\u00e9dicos de Madrid, n\u00famero 282840102.","link":"https:\/\/www.isdin.com\/es\/blog\/author\/aurora-garre\/","slug":"aurora-garre","avatar_urls":{"24":"https:\/\/www.isdin.com\/es\/blog\/wp-content\/uploads\/2017\/07\/aurora-garre-contreras-edited-300x300-1.jpg","48":"https:\/\/www.isdin.com\/es\/blog\/wp-content\/uploads\/2017\/07\/aurora-garre-contreras-edited-300x300-1.jpg","96":"https:\/\/www.isdin.com\/es\/blog\/wp-content\/uploads\/2017\/07\/aurora-garre-contreras-edited-300x300-1.jpg"},"meta":[],"yoast_head":"<!-- This site is optimized with the Yoast SEO Premium plugin v25.4 (Yoast SEO v25.4) - https:\/\/yoast.com\/wordpress\/plugins\/seo\/ -->\n<title>Aurora Garre Contreras, autor en ISDIN<\/title>\n<meta name=\"robots\" content=\"index, follow, max-snippet:-1, max-image-preview:large, max-video-preview:-1\" \/>\n<link rel=\"canonical\" href=\"https:\/\/www.isdin.com\/es\/blog\/author\/love-your-skin\/?mab_v3=5380\" \/>\n<meta property=\"og:locale\" content=\"es_ES\" \/>\n<meta property=\"og:type\" content=\"profile\" \/>\n<meta property=\"og:title\" content=\"Aurora Garre Contreras\" \/>\n<meta property=\"og:url\" content=\"https:\/\/www.isdin.com\/es\/blog\/author\/love-your-skin\/?mab_v3=5380\" \/>\n<meta property=\"og:site_name\" content=\"ISDIN\" \/>\n<meta property=\"og:image\" content=\"https:\/\/www.isdin.com\/es\/blog\/wp-content\/uploads\/2017\/07\/aurora-garre-contreras-edited-300x300-1.jpg\" \/>\n\t<meta property=\"og:image:width\" content=\"300\" \/>\n\t<meta property=\"og:image:height\" content=\"300\" \/>\n\t<meta property=\"og:image:type\" content=\"image\/jpeg\" \/>\n<meta name=\"twitter:card\" content=\"summary_large_image\" \/>\n<meta name=\"twitter:site\" content=\"@isdin_official\" \/>\n<script type=\"application\/ld+json\" class=\"yoast-schema-graph\">{\"@context\":\"https:\/\/schema.org\",\"@graph\":[{\"@type\":\"ProfilePage\",\"@id\":\"https:\/\/www.isdin.com\/es\/blog\/author\/love-your-skin\/?mab_v3=5380\",\"url\":\"https:\/\/www.isdin.com\/es\/blog\/author\/love-your-skin\/?mab_v3=5380\",\"name\":\"Aurora Garre Contreras, autor en ISDIN\",\"isPartOf\":{\"@id\":\"https:\/\/www.isdin.com\/es\/blog\/#website\"},\"breadcrumb\":{\"@id\":\"https:\/\/www.isdin.com\/es\/blog\/author\/love-your-skin\/?mab_v3=5380#breadcrumb\"},\"inLanguage\":\"es-ES\",\"potentialAction\":[{\"@type\":\"ReadAction\",\"target\":[\"https:\/\/www.isdin.com\/es\/blog\/author\/love-your-skin\/?mab_v3=5380\"]}]},{\"@type\":\"BreadcrumbList\",\"@id\":\"https:\/\/www.isdin.com\/es\/blog\/author\/love-your-skin\/?mab_v3=5380#breadcrumb\",\"itemListElement\":[{\"@type\":\"ListItem\",\"position\":1,\"name\":\"Portada\",\"item\":\"https:\/\/www.isdin.com\/es\/blog\/\"},{\"@type\":\"ListItem\",\"position\":2,\"name\":\"Archivo de Aurora Garre Contreras\"}]},{\"@type\":\"WebSite\",\"@id\":\"https:\/\/www.isdin.com\/es\/blog\/#website\",\"url\":\"https:\/\/www.isdin.com\/es\/blog\/\",\"name\":\"ISDIN\",\"description\":\"Novedades, lanzamientos de productos y toda la experiencia de ISDIN\",\"publisher\":{\"@id\":\"https:\/\/www.isdin.com\/es\/blog\/#organization\"},\"potentialAction\":[{\"@type\":\"SearchAction\",\"target\":{\"@type\":\"EntryPoint\",\"urlTemplate\":\"https:\/\/www.isdin.com\/es\/blog\/?s={search_term_string}\"},\"query-input\":{\"@type\":\"PropertyValueSpecification\",\"valueRequired\":true,\"valueName\":\"search_term_string\"}}],\"inLanguage\":\"es-ES\"},{\"@type\":\"Organization\",\"@id\":\"https:\/\/www.isdin.com\/es\/blog\/#organization\",\"name\":\"ISDIN\",\"alternateName\":\"ISDIN\",\"url\":\"https:\/\/www.isdin.com\/es\/blog\/\",\"logo\":{\"@type\":\"ImageObject\",\"inLanguage\":\"es-ES\",\"@id\":\"https:\/\/www.isdin.com\/es\/blog\/#\/schema\/logo\/image\/\",\"url\":\"https:\/\/www.isdin.com\/es\/blog\/wp-content\/uploads\/2024\/05\/2025_03_GuiaFoto_FWM.png\",\"contentUrl\":\"https:\/\/www.isdin.com\/es\/blog\/wp-content\/uploads\/2024\/05\/2025_03_GuiaFoto_FWM.png\",\"width\":670,\"height\":683,\"caption\":\"ISDIN\"},\"image\":{\"@id\":\"https:\/\/www.isdin.com\/es\/blog\/#\/schema\/logo\/image\/\"},\"sameAs\":[\"https:\/\/es-es.facebook.com\/ISDIN.official\/\",\"https:\/\/x.com\/isdin_official\",\"https:\/\/www.instagram.com\/isdinofficial\",\"https:\/\/www.youtube.com\/channel\/UCtoNJMKpDwdFLqgV23_lcqg\"],\"telephone\":\"659997812\"},{\"@type\":\"Person\",\"@id\":\"https:\/\/www.isdin.com\/es\/blog\/#\/schema\/person\/2b962c43ae652dbeff6e7a5794ba9964\",\"name\":\"Aurora Garre Contreras\",\"image\":{\"@type\":\"ImageObject\",\"inLanguage\":\"es-ES\",\"@id\":\"https:\/\/www.isdin.com\/es\/blog\/#\/schema\/person\/image\/\",\"url\":\"https:\/\/www.isdin.com\/es\/blog\/wp-content\/uploads\/2017\/07\/aurora-garre-contreras-edited-300x300-1.jpg\",\"contentUrl\":\"https:\/\/www.isdin.com\/es\/blog\/wp-content\/uploads\/2017\/07\/aurora-garre-contreras-edited-300x300-1.jpg\",\"caption\":\"Aurora Garre Contreras\"},\"description\":\"Aparte de una d\u00e9cada ejerciendo como m\u00e9dico de atenci\u00f3n primaria, Aurora cuenta con m\u00e1s de 23 a\u00f1os de experiencia en el \u00e1mbito del desarrollo y la comunicaci\u00f3n especializada de productos sanitarios, y se ha enfocado principalmente en dermocosm\u00e9tica en los \u00faltimos a\u00f1os. Es coautora de numerosas publicaciones en revistas dermatol\u00f3gicas y ponente habitual en conferencias internacionales sobre salud y belleza. Ref: Colegio de M\u00e9dicos de Madrid, n\u00famero 282840102.\",\"jobTitle\":\"Medical Communication Manager\",\"worksFor\":\"ISDIN\",\"mainEntityOfPage\":{\"@id\":\"https:\/\/www.isdin.com\/es\/blog\/author\/love-your-skin\/?mab_v3=5380\"}}]}<\/script>\n<!-- \/ Yoast SEO Premium plugin. -->","yoast_head_json":{"title":"Aurora Garre Contreras, autor en ISDIN","robots":{"index":"index","follow":"follow","max-snippet":"max-snippet:-1","max-image-preview":"max-image-preview:large","max-video-preview":"max-video-preview:-1"},"canonical":"https:\/\/www.isdin.com\/es\/blog\/author\/love-your-skin\/?mab_v3=5380","og_locale":"es_ES","og_type":"profile","og_title":"Aurora Garre Contreras","og_url":"https:\/\/www.isdin.com\/es\/blog\/author\/love-your-skin\/?mab_v3=5380","og_site_name":"ISDIN","og_image":[{"width":300,"height":300,"url":"https:\/\/www.isdin.com\/es\/blog\/wp-content\/uploads\/2017\/07\/aurora-garre-contreras-edited-300x300-1.jpg","type":"image\/jpeg"}],"twitter_card":"summary_large_image","twitter_site":"@isdin_official","schema":{"@context":"https:\/\/schema.org","@graph":[{"@type":"ProfilePage","@id":"https:\/\/www.isdin.com\/es\/blog\/author\/love-your-skin\/?mab_v3=5380","url":"https:\/\/www.isdin.com\/es\/blog\/author\/love-your-skin\/?mab_v3=5380","name":"Aurora Garre Contreras, autor en ISDIN","isPartOf":{"@id":"https:\/\/www.isdin.com\/es\/blog\/#website"},"breadcrumb":{"@id":"https:\/\/www.isdin.com\/es\/blog\/author\/love-your-skin\/?mab_v3=5380#breadcrumb"},"inLanguage":"es-ES","potentialAction":[{"@type":"ReadAction","target":["https:\/\/www.isdin.com\/es\/blog\/author\/love-your-skin\/?mab_v3=5380"]}]},{"@type":"BreadcrumbList","@id":"https:\/\/www.isdin.com\/es\/blog\/author\/love-your-skin\/?mab_v3=5380#breadcrumb","itemListElement":[{"@type":"ListItem","position":1,"name":"Portada","item":"https:\/\/www.isdin.com\/es\/blog\/"},{"@type":"ListItem","position":2,"name":"Archivo de Aurora Garre Contreras"}]},{"@type":"WebSite","@id":"https:\/\/www.isdin.com\/es\/blog\/#website","url":"https:\/\/www.isdin.com\/es\/blog\/","name":"ISDIN","description":"Novedades, lanzamientos de productos y toda la experiencia de ISDIN","publisher":{"@id":"https:\/\/www.isdin.com\/es\/blog\/#organization"},"potentialAction":[{"@type":"SearchAction","target":{"@type":"EntryPoint","urlTemplate":"https:\/\/www.isdin.com\/es\/blog\/?s={search_term_string}"},"query-input":{"@type":"PropertyValueSpecification","valueRequired":true,"valueName":"search_term_string"}}],"inLanguage":"es-ES"},{"@type":"Organization","@id":"https:\/\/www.isdin.com\/es\/blog\/#organization","name":"ISDIN","alternateName":"ISDIN","url":"https:\/\/www.isdin.com\/es\/blog\/","logo":{"@type":"ImageObject","inLanguage":"es-ES","@id":"https:\/\/www.isdin.com\/es\/blog\/#\/schema\/logo\/image\/","url":"https:\/\/www.isdin.com\/es\/blog\/wp-content\/uploads\/2024\/05\/2025_03_GuiaFoto_FWM.png","contentUrl":"https:\/\/www.isdin.com\/es\/blog\/wp-content\/uploads\/2024\/05\/2025_03_GuiaFoto_FWM.png","width":670,"height":683,"caption":"ISDIN"},"image":{"@id":"https:\/\/www.isdin.com\/es\/blog\/#\/schema\/logo\/image\/"},"sameAs":["https:\/\/es-es.facebook.com\/ISDIN.official\/","https:\/\/x.com\/isdin_official","https:\/\/www.instagram.com\/isdinofficial","https:\/\/www.youtube.com\/channel\/UCtoNJMKpDwdFLqgV23_lcqg"],"telephone":"659997812"},{"@type":"Person","@id":"https:\/\/www.isdin.com\/es\/blog\/#\/schema\/person\/2b962c43ae652dbeff6e7a5794ba9964","name":"Aurora Garre Contreras","image":{"@type":"ImageObject","inLanguage":"es-ES","@id":"https:\/\/www.isdin.com\/es\/blog\/#\/schema\/person\/image\/","url":"https:\/\/www.isdin.com\/es\/blog\/wp-content\/uploads\/2017\/07\/aurora-garre-contreras-edited-300x300-1.jpg","contentUrl":"https:\/\/www.isdin.com\/es\/blog\/wp-content\/uploads\/2017\/07\/aurora-garre-contreras-edited-300x300-1.jpg","caption":"Aurora Garre Contreras"},"description":"Aparte de una d\u00e9cada ejerciendo como m\u00e9dico de atenci\u00f3n primaria, Aurora cuenta con m\u00e1s de 23 a\u00f1os de experiencia en el \u00e1mbito del desarrollo y la comunicaci\u00f3n especializada de productos sanitarios, y se ha enfocado principalmente en dermocosm\u00e9tica en los \u00faltimos a\u00f1os. Es coautora de numerosas publicaciones en revistas dermatol\u00f3gicas y ponente habitual en conferencias internacionales sobre salud y belleza. Ref: Colegio de M\u00e9dicos de Madrid, n\u00famero 282840102.","jobTitle":"Medical Communication Manager","worksFor":"ISDIN","mainEntityOfPage":{"@id":"https:\/\/www.isdin.com\/es\/blog\/author\/love-your-skin\/?mab_v3=5380"}}]}},"_links":{"self":[{"href":"https:\/\/www.isdin.com\/es\/blog\/wp-json\/wp\/v2\/users\/61","targetHints":{"allow":["GET"]}}],"collection":[{"href":"https:\/\/www.isdin.com\/es\/blog\/wp-json\/wp\/v2\/users"}]}}