{"id":9947,"date":"2025-09-01T09:11:24","date_gmt":"2025-09-01T09:11:24","guid":{"rendered":"https:\/\/www.isdin.com\/es\/blog\/?p=9947"},"modified":"2025-09-01T09:11:27","modified_gmt":"2025-09-01T09:11:27","slug":"organizar-cosmeticos-cuando-cambiar-productos-belleza","status":"publish","type":"post","link":"https:\/\/www.isdin.com\/es\/blog\/organizar-cosmeticos-cuando-cambiar-productos-belleza\/","title":{"rendered":"Caducidad de cosm\u00e9ticos: descubre cu\u00e1ndo cambiarlos y c\u00f3mo organizarlos"},"content":{"rendered":"\n<p><strong>\u00bfSab\u00edas que los productos de tu rutina de <em>skincare<\/em> tambi\u00e9n caducan?<\/strong> Cremas, s\u00e9rums, limpiadores o protectores solares tienen una vida \u00fatil limitada, y usarlos fuera de tiempo puede restarles eficacia o incluso irritar tu piel.<\/p>\n\n\n\n<p>Con el final del verano y la vuelta a la rutina, llega el momento perfecto para darle un respiro a tu piel\u2026 y a tu tocador. Es hora de revisar qu\u00e9 productos de cuidado facial siguen siendo seguros, cu\u00e1les ya no cumplen su funci\u00f3n y c\u00f3mo organizarlos para empezar la nueva temporada con un neceser renovado.<\/p>\n\n\n\n<p>Para descubrir <strong>c\u00f3mo detectar si un producto est\u00e1 en mal estado, leer correctamente los s\u00edmbolos de los envases y guardarlos para prolongar su vida \u00fatil<\/strong>, hablamos con Eduardo Senante, <a href=\"https:\/\/farmaciasenante.com\/\">farmac\u00e9utico de profesi\u00f3n<\/a> y experto en cuidado de la piel por vocaci\u00f3n.<\/p>\n\n\n\n<h2 class=\"wp-block-heading\" id=\"h-experto-en-cuidado-de-la-piel-antioxidantes-spf-y-vocacion-sin-limites\">Experto en cuidado de la piel: antioxidantes, SPF y vocaci\u00f3n sin l\u00edmites<\/h2>\n\n\n\n<div class=\"wp-block-media-text is-stacked-on-mobile\" style=\"grid-template-columns:41% auto\"><figure class=\"wp-block-media-text__media\"><img loading=\"lazy\" decoding=\"async\" width=\"600\" height=\"600\" src=\"data:image\/gif;base64,R0lGODlhAQABAAAAACH5BAEKAAEALAAAAAABAAEAAAICTAEAOw==\" data-src=\"https:\/\/www.isdin.com\/es\/blog\/wp-content\/uploads\/2024\/04\/image-3.png\" alt=\"Eduardo Senante, farmac\u00e9utico due\u00f1o de farmacia senante y apasionado por el cuidado de la piel\" class=\"wp-image-12538 size-full lazyload\" data-sizes=\"auto\" data-srcset=\"https:\/\/www.isdin.com\/es\/blog\/wp-content\/uploads\/2024\/04\/image-3.png 600w, https:\/\/www.isdin.com\/es\/blog\/wp-content\/uploads\/2024\/04\/image-3-300x300.png 300w, https:\/\/www.isdin.com\/es\/blog\/wp-content\/uploads\/2024\/04\/image-3-150x150.png 150w, https:\/\/www.isdin.com\/es\/blog\/wp-content\/uploads\/2024\/04\/image-3-70x70.png 70w, https:\/\/www.isdin.com\/es\/blog\/wp-content\/uploads\/2024\/04\/image-3-180x180.png 180w, https:\/\/www.isdin.com\/es\/blog\/wp-content\/uploads\/2024\/04\/image-3-90x90.png 90w, https:\/\/www.isdin.com\/es\/blog\/wp-content\/uploads\/2024\/04\/image-3-450x450.png 450w, https:\/\/www.isdin.com\/es\/blog\/wp-content\/uploads\/2024\/04\/image-3-270x270.png 270w, https:\/\/www.isdin.com\/es\/blog\/wp-content\/uploads\/2024\/04\/image-3-20x20.png 20w, https:\/\/www.isdin.com\/es\/blog\/wp-content\/uploads\/2024\/04\/image-3-225x225.png 225w\" sizes=\"auto, (max-width: 600px) 100vw, 600px\" \/><\/figure><div class=\"wp-block-media-text__content\">\n<p>Para\u00a0<a href=\"https:\/\/farmaciasenante.com\/blog\/author\/eduardo-senante\/\">Eduardo<\/a>, el cuidado de la piel va m\u00e1s all\u00e1 de la mera est\u00e9tica; es tambi\u00e9n una cuesti\u00f3n de salud. Le apasiona mantenerse al tanto de los \u00faltimos ingredientes cosm\u00e9ticos y tendencias de\u00a0<em>skincare<\/em>, sin perder de vista el pilar fundamental: antioxidantes y SPF durante el d\u00eda, y retinoides por la noche, el santo grial de la rutina facial.<\/p>\n<\/div><\/div>\n\n\n\n<p>Para&nbsp;<a href=\"https:\/\/farmaciasenante.com\/blog\/author\/eduardo-senante\/\">Eduardo<\/a>, el cuidado de la piel va m\u00e1s all\u00e1 de la mera est\u00e9tica; es tambi\u00e9n una cuesti\u00f3n de salud. Le apasiona mantenerse al tanto de los \u00faltimos ingredientes cosm\u00e9ticos y tendencias de&nbsp;<em>skincare<\/em>, sin perder de vista el pilar fundamental: antioxidantes y SPF durante el d\u00eda, y retinoides por la noche, el santo grial de la rutina facial.<\/p>\n\n\n\n<h2 class=\"wp-block-heading\" id=\"h-por-donde-empezar-a-renovar-tu-rutina-de-skincare\">\u00bfPor d\u00f3nde empezar a renovar tu rutina de skincare?<\/h2>\n\n\n\n<figure class=\"wp-block-image size-large\"><img loading=\"lazy\" decoding=\"async\" width=\"1024\" height=\"527\" src=\"data:image\/gif;base64,R0lGODlhAQABAAAAACH5BAEKAAEALAAAAAABAAEAAAICTAEAOw==\" data-src=\"https:\/\/www.isdin.com\/es\/blog\/wp-content\/uploads\/2024\/04\/Imagen-en-el-contenido-17-1-1024x527.png\" alt=\"Rutina de cuidado facial divertida en casa, resaltando la importancia de revisar la caducidad de cosm\u00e9ticos y disfrutar del skincare.\" class=\"wp-image-12536 lazyload\" data-sizes=\"auto\" data-srcset=\"https:\/\/www.isdin.com\/es\/blog\/wp-content\/uploads\/2024\/04\/Imagen-en-el-contenido-17-1-1024x527.png 1024w, https:\/\/www.isdin.com\/es\/blog\/wp-content\/uploads\/2024\/04\/Imagen-en-el-contenido-17-1-300x155.png 300w, https:\/\/www.isdin.com\/es\/blog\/wp-content\/uploads\/2024\/04\/Imagen-en-el-contenido-17-1-150x77.png 150w, https:\/\/www.isdin.com\/es\/blog\/wp-content\/uploads\/2024\/04\/Imagen-en-el-contenido-17-1-768x396.png 768w, https:\/\/www.isdin.com\/es\/blog\/wp-content\/uploads\/2024\/04\/Imagen-en-el-contenido-17-1-585x300.png 585w, https:\/\/www.isdin.com\/es\/blog\/wp-content\/uploads\/2024\/04\/Imagen-en-el-contenido-17-1-450x232.png 450w, https:\/\/www.isdin.com\/es\/blog\/wp-content\/uploads\/2024\/04\/Imagen-en-el-contenido-17-1-20x11.png 20w, https:\/\/www.isdin.com\/es\/blog\/wp-content\/uploads\/2024\/04\/Imagen-en-el-contenido-17-1-225x116.png 225w, https:\/\/www.isdin.com\/es\/blog\/wp-content\/uploads\/2024\/04\/Imagen-en-el-contenido-17-1-900x464.png 900w, https:\/\/www.isdin.com\/es\/blog\/wp-content\/uploads\/2024\/04\/Imagen-en-el-contenido-17-1.png 1200w\" sizes=\"auto, (max-width: 1024px) 100vw, 1024px\" \/><\/figure>\n\n\n\n<p><\/p>\n\n\n\n<p>Si tuvi\u00e9ramos que hacer una apuesta, dir\u00edamos que en tu tocador o ba\u00f1o hay varios productos que hace tiempo que no usas: esa crema que nunca termin\u00f3 de enamorarte, <a href=\"https:\/\/www.isdin.com\/es\/blog\/consejos-protector-solar-caducado\/\">un fotoprotector de hace varios veranos<\/a> o un s\u00e9rum que lleva meses esperando su turno. <strong>Grande o peque\u00f1a, tu colecci\u00f3n de cosm\u00e9ticos agradecer\u00e1 una buena limpieza.<\/strong><\/p>\n\n\n\n<p><strong>El final de una estaci\u00f3n y el inicio de otra es un momento perfecto para tu piel.<\/strong> Con los <a href=\"https:\/\/www.isdin.com\/es\/blog\/?p=11981&amp;preview=true&amp;_thumbnail_id=11982\">cambios de temperatura<\/a>, humedad y <a href=\"https:\/\/www.isdin.com\/es\/blog\/efectos-radiacion-solar-piel\/\">exposici\u00f3n solar<\/a>, sus necesidades se transforman. Es la oportunidad ideal para darle un respiro: guardar lo que sigue funcionando, incorporar f\u00f3rmulas que se adapten a la nueva temporada y dejar ir aquello que ya no usas\u2026 o que podr\u00eda hacer muy feliz a una amiga, tu <a href=\"https:\/\/www.isdin.com\/es\/blog\/los-mejores-regalos-para-tu-madre\/\">madre<\/a> o esa persona que sabes que lo aprovechar\u00eda mejor que t\u00fa.<\/p>\n\n\n\n<p>Para Eduardo,\u00a0el clima juega un papel decisivo en nuestra piel, por eso, en cada\u00a0<a href=\"https:\/\/www.isdin.com\/es\/blog\/rutina-de-piel-para-cada-estacion\/\">cambio de estaci\u00f3n<\/a>\u00a0encuentra <strong>\u201dla ocasi\u00f3n perfecta para reorganizar y ajustar la <a href=\"https:\/\/www.isdin.com\/es\/blog\/en-que-orden-se-aplican-las-cremas\/\">rutina de skincare<\/a>\u201d.<\/strong> Esto significa revisar qu\u00e9 ha caducado, qu\u00e9 ha perdido efectividad y qu\u00e9 ya no encaja contigo, para empezar la nueva temporada con una piel cuidada y una rutina que realmente disfrutes.<\/p>\n\n\n\n<h2 class=\"wp-block-heading\" id=\"h-como-saber-si-un-producto-esta-mal\">\u00bfC\u00f3mo saber si un producto est\u00e1 mal?<\/h2>\n\n\n\n<figure class=\"wp-block-image size-large\"><img loading=\"lazy\" decoding=\"async\" width=\"1024\" height=\"527\" src=\"data:image\/gif;base64,R0lGODlhAQABAAAAACH5BAEKAAEALAAAAAABAAEAAAICTAEAOw==\" data-src=\"https:\/\/www.isdin.com\/es\/blog\/wp-content\/uploads\/2024\/04\/2024_04_PAO_IMG03-7-1024x527.png\" alt=\"Detalle de f\u00f3rmulas cosm\u00e9ticas l\u00edquidas que muestran la importancia de conservar bien los productos para alargar su vida \u00fatil.\" class=\"wp-image-12535 lazyload\" data-sizes=\"auto\" data-srcset=\"https:\/\/www.isdin.com\/es\/blog\/wp-content\/uploads\/2024\/04\/2024_04_PAO_IMG03-7-1024x527.png 1024w, https:\/\/www.isdin.com\/es\/blog\/wp-content\/uploads\/2024\/04\/2024_04_PAO_IMG03-7-300x155.png 300w, https:\/\/www.isdin.com\/es\/blog\/wp-content\/uploads\/2024\/04\/2024_04_PAO_IMG03-7-150x77.png 150w, https:\/\/www.isdin.com\/es\/blog\/wp-content\/uploads\/2024\/04\/2024_04_PAO_IMG03-7-768x396.png 768w, https:\/\/www.isdin.com\/es\/blog\/wp-content\/uploads\/2024\/04\/2024_04_PAO_IMG03-7-585x300.png 585w, https:\/\/www.isdin.com\/es\/blog\/wp-content\/uploads\/2024\/04\/2024_04_PAO_IMG03-7-450x232.png 450w, https:\/\/www.isdin.com\/es\/blog\/wp-content\/uploads\/2024\/04\/2024_04_PAO_IMG03-7-20x11.png 20w, https:\/\/www.isdin.com\/es\/blog\/wp-content\/uploads\/2024\/04\/2024_04_PAO_IMG03-7-225x116.png 225w, https:\/\/www.isdin.com\/es\/blog\/wp-content\/uploads\/2024\/04\/2024_04_PAO_IMG03-7-900x464.png 900w, https:\/\/www.isdin.com\/es\/blog\/wp-content\/uploads\/2024\/04\/2024_04_PAO_IMG03-7.png 1200w\" sizes=\"auto, (max-width: 1024px) 100vw, 1024px\" \/><\/figure>\n\n\n\n<p><\/p>\n\n\n\n<p>Cuando toca hacer limpieza, la primera regla es clara: <strong>deshazte de los productos caducados o que ya no est\u00e1n en buen estado<\/strong>. Y ojo, <strong>no hace falta que huela mal para saber que est\u00e1 pasado<\/strong>. A veces, basta con que la textura se haya separado, el color haya cambiado o que el producto ya no cause el mismo efecto en tu piel que antes.<\/p>\n\n\n\n<p><strong>Le preguntamos a Eduardo c\u00f3mo saberlo:<\/strong> \u201dSi el olor o la textura de un cosm\u00e9tico no son los que sol\u00eda tener, es hora de decirle adi\u00f3s\u201d. \u201dLas alteraciones en su f\u00f3rmula podr\u00edan tener consecuencias negativas en la piel, como alergias o irritaciones a&nbsp;<a href=\"https:\/\/www.isdin.com\/es\/blog\/que-es-la-barrera-cutanea\/\">nivel cut\u00e1neo<\/a>\u201d, nos cuenta.<\/p>\n\n\n\n<blockquote class=\"wp-block-quote is-layout-flow wp-block-quote-is-layout-flow\">\n<p>\u201dSi el olor o la textura de un cosm\u00e9tico no son los que sol\u00eda tener, es hora de decirle adi\u00f3s\u201d.<\/p>\n\n\n\n<p><\/p>\n<cite>Eduardo Senante, farmac\u00e9utico especializado en\u00a0<em>skincare<\/em>.<\/cite><\/blockquote>\n\n\n\n<h3 class=\"wp-block-heading\" id=\"h-como-detectar-un-cosmetico-caducado\">C\u00f3mo detectar un cosm\u00e9tico caducado<\/h3>\n\n\n\n<p>Esto es f\u00e1cil, simplemente hay que mirar la fecha de caducidad del mismo, que suele aparecer en el envase as\u00ed como en el propio producto. Eduardo nos plantea 2 posibilidades: \u201dSi tiene fecha de caducidad, aparecer\u00e1 un mes y un a\u00f1o, y si tiene PAO deberemos fijarnos en el n\u00famero de meses que han pasado desde la fecha en que lo abrimos por primera vez\u201d.<\/p>\n\n\n\n<h3 class=\"wp-block-heading\" id=\"h-que-es-el-simbolo-pao\">\u00bfQu\u00e9 es el s\u00edmbolo PAO?<\/h3>\n\n\n\n<figure class=\"wp-block-image\"><img decoding=\"async\" src=\"data:image\/gif;base64,R0lGODlhAQABAAAAACH5BAEKAAEALAAAAAABAAEAAAICTAEAOw==\" data-src=\"https:\/\/www.isdin.com\/es\/blog\/wp-content\/uploads\/2024\/04\/2024_04_PAO_IMG01-1024x386.png\" class=\"lazyload\" alt=\"s\u00edmbolo PAO\"\/><\/figure>\n\n\n\n<p><\/p>\n\n\n\n<p>Si alguna vez has visto en un envase un dibujito de un tarro abierto con un n\u00famero y la letra \u201cM\u201d, eso es el <a href=\"https:\/\/muttulab.com\/estabilidad-y-pao\/\"><strong>PAO<\/strong><\/a> (<em>Period After Opening<\/em>). En palabras de Eduardo: \u201cEl PAO nos indica cu\u00e1ntos meses, seg\u00fan los estudios de estabilidad, un producto puede mantenerse abierto sin perder sus propiedades\u201d. Por ejemplo, si pone <strong>12M<\/strong>, significa que puedes usarlo durante 12 meses despu\u00e9s de abrirlo por primera vez\u2026 siempre que lo hayas conservado bien.<\/p>\n\n\n\n<p><strong>Para Eduardo esto es muy importante, porque si el producto no se ha conservado en buenas condiciones, el PAO o la fecha de caducidad ser\u00e1n irrelevantes.<\/strong> \u2018\u2019Si notamos que el olor, la textura o el efecto del producto sobre nuestra piel ha cambiado al aplicarlo, mi recomendaci\u00f3n siempre ser\u00e1 desecharlo. Es mejor no arriesgarse con nuestra piel\u201d.<\/p>\n\n\n\n<h2 class=\"wp-block-heading\" id=\"h-como-conservar-un-cosmetico-en-buenas-condiciones\">\u00bfC\u00f3mo conservar un cosm\u00e9tico en buenas condiciones?<\/h2>\n\n\n\n<figure class=\"wp-block-image size-large\"><img loading=\"lazy\" decoding=\"async\" width=\"1024\" height=\"527\" src=\"data:image\/gif;base64,R0lGODlhAQABAAAAACH5BAEKAAEALAAAAAABAAEAAAICTAEAOw==\" data-src=\"https:\/\/www.isdin.com\/es\/blog\/wp-content\/uploads\/2024\/04\/2024_04_PAO_IMG03-2-1-1024x527.png\" alt=\"Rutina de skincare con productos ISDIN recomendados por expertos para mantener la piel sana y evitar riesgos de cosm\u00e9ticos caducados.\" class=\"wp-image-12533 lazyload\" data-sizes=\"auto\" data-srcset=\"https:\/\/www.isdin.com\/es\/blog\/wp-content\/uploads\/2024\/04\/2024_04_PAO_IMG03-2-1-1024x527.png 1024w, https:\/\/www.isdin.com\/es\/blog\/wp-content\/uploads\/2024\/04\/2024_04_PAO_IMG03-2-1-300x155.png 300w, https:\/\/www.isdin.com\/es\/blog\/wp-content\/uploads\/2024\/04\/2024_04_PAO_IMG03-2-1-150x77.png 150w, https:\/\/www.isdin.com\/es\/blog\/wp-content\/uploads\/2024\/04\/2024_04_PAO_IMG03-2-1-768x396.png 768w, https:\/\/www.isdin.com\/es\/blog\/wp-content\/uploads\/2024\/04\/2024_04_PAO_IMG03-2-1-585x300.png 585w, https:\/\/www.isdin.com\/es\/blog\/wp-content\/uploads\/2024\/04\/2024_04_PAO_IMG03-2-1-450x232.png 450w, https:\/\/www.isdin.com\/es\/blog\/wp-content\/uploads\/2024\/04\/2024_04_PAO_IMG03-2-1-20x11.png 20w, https:\/\/www.isdin.com\/es\/blog\/wp-content\/uploads\/2024\/04\/2024_04_PAO_IMG03-2-1-225x116.png 225w, https:\/\/www.isdin.com\/es\/blog\/wp-content\/uploads\/2024\/04\/2024_04_PAO_IMG03-2-1-900x464.png 900w, https:\/\/www.isdin.com\/es\/blog\/wp-content\/uploads\/2024\/04\/2024_04_PAO_IMG03-2-1.png 1200w\" sizes=\"auto, (max-width: 1024px) 100vw, 1024px\" \/><\/figure>\n\n\n\n<p><\/p>\n\n\n\n<p>Es una cuesti\u00f3n que no pod\u00eda faltar en nuestra interesante charla con Eduardo. \u00c9l nos pregunta d\u00f3nde solemos guardar nuestros cosm\u00e9ticos, y en nuestras respuestas, m\u00e1s de una persona menciona la palabra \u00abba\u00f1o\u00bb.<\/p>\n\n\n\n<p><strong>\u00bfHay algo de malo en eso?<\/strong>&nbsp;\u2018\u2019Realmente, es uno de los peores lugares para almacenarlos, ya que los cambios de temperatura, el calor y los altos niveles de humedad lo convierten en el oasis perfecto para el crecimiento de bacterias y hongos\u2019\u2019, sentencia nuestro farmac\u00e9utico favorito.<\/p>\n\n\n\n<p><strong>Esto es lo que \u00e9l recomienda<\/strong>: \u201dMantener siempre nuestros cosm\u00e9ticos en un lugar fresco, seco, alejado de la luz directa, as\u00ed como de cualquier fuente de calor y humedad\u201d.<\/p>\n\n\n\n<blockquote class=\"wp-block-quote is-layout-flow wp-block-quote-is-layout-flow\">\n<p>\u201dHay que mantener siempre nuestros cosm\u00e9ticos en un lugar fresco, seco, alejado de la luz directa, as\u00ed como de cualquier fuente de calor y humedad\u201d.<\/p>\n\n\n\n<p><\/p>\n<cite>Eduardo Senante, farmac\u00e9utico especializado en\u00a0<em>skincare<\/em>.<\/cite><\/blockquote>\n\n\n\n<h3 class=\"wp-block-heading\" id=\"h-hazle-una-itv-a-tu-skincare\">Hazle una \u201cITV\u201d a tu skincare<\/h3>\n\n\n\n<p>Viendo los posibles riesgos de utilizar cosm\u00e9ticos caducados, no hay duda: <strong>revisar peri\u00f3dicamente tus productos de <em>skincare<\/em> deber\u00eda ser un <a href=\"https:\/\/www.isdin.com\/es\/blog\/de-meta-a-habito-la-clave-para-el-exito\/\">h\u00e1bito<\/a> fijo<\/strong> en tu rutina de cuidado. \u201cDe vez en cuando revisamos nuestra nevera en busca de alimentos caducados, pero nunca hacemos esto con nuestros productos de cuidado de la piel\u201d, reflexiona Eduardo.<\/p>\n\n\n\n<p>Su consejo es claro: \u201c<strong>Personalmente, recomiendo hacer esta comprobaci\u00f3n un par de veces al a\u00f1o, prestando especial atenci\u00f3n a la fecha de caducidad de los productos y el PAO de los mismos<\/strong>\u201c. Y para que el proceso sea todav\u00eda m\u00e1s f\u00e1cil, apunta este truco infalible: <strong>coloca una pegatina con la fecha en que abriste cada cosm\u00e9tico<\/strong>. As\u00ed, cuando toque hacer limpieza, sabr\u00e1s al instante cu\u00e1les siguen siendo seguros y cu\u00e1les merecen una merecida despedida.<\/p>\n\n\n\n<h2 class=\"wp-block-heading\" id=\"h-ya-has-hecho-limpieza-de-tu-armario-beauty\">\u00bfYa has hecho limpieza de tu armario <em>beauty<\/em>?<\/h2>\n\n\n\n<figure class=\"wp-block-image size-large\"><img loading=\"lazy\" decoding=\"async\" width=\"1024\" height=\"527\" src=\"data:image\/gif;base64,R0lGODlhAQABAAAAACH5BAEKAAEALAAAAAABAAEAAAICTAEAOw==\" data-src=\"https:\/\/www.isdin.com\/es\/blog\/wp-content\/uploads\/2024\/04\/2024_04_PAO_IMG02-1-1024x527.png\" alt=\"Cosm\u00e9ticos abiertos en distintos formatos que deben revisarse peri\u00f3dicamente para evitar el uso de productos caducados en la piel.\" class=\"wp-image-12532 lazyload\" data-sizes=\"auto\" data-srcset=\"https:\/\/www.isdin.com\/es\/blog\/wp-content\/uploads\/2024\/04\/2024_04_PAO_IMG02-1-1024x527.png 1024w, https:\/\/www.isdin.com\/es\/blog\/wp-content\/uploads\/2024\/04\/2024_04_PAO_IMG02-1-300x155.png 300w, https:\/\/www.isdin.com\/es\/blog\/wp-content\/uploads\/2024\/04\/2024_04_PAO_IMG02-1-150x77.png 150w, https:\/\/www.isdin.com\/es\/blog\/wp-content\/uploads\/2024\/04\/2024_04_PAO_IMG02-1-768x396.png 768w, https:\/\/www.isdin.com\/es\/blog\/wp-content\/uploads\/2024\/04\/2024_04_PAO_IMG02-1-585x300.png 585w, https:\/\/www.isdin.com\/es\/blog\/wp-content\/uploads\/2024\/04\/2024_04_PAO_IMG02-1-450x232.png 450w, https:\/\/www.isdin.com\/es\/blog\/wp-content\/uploads\/2024\/04\/2024_04_PAO_IMG02-1-20x11.png 20w, https:\/\/www.isdin.com\/es\/blog\/wp-content\/uploads\/2024\/04\/2024_04_PAO_IMG02-1-225x116.png 225w, https:\/\/www.isdin.com\/es\/blog\/wp-content\/uploads\/2024\/04\/2024_04_PAO_IMG02-1-900x464.png 900w, https:\/\/www.isdin.com\/es\/blog\/wp-content\/uploads\/2024\/04\/2024_04_PAO_IMG02-1.png 1200w\" sizes=\"auto, (max-width: 1024px) 100vw, 1024px\" \/><\/figure>\n\n\n\n<p><\/p>\n\n\n\n<p>Has trasladado tus cosm\u00e9ticos del ba\u00f1o a un lugar m\u00e1s seguro, revisado cada envase y, seguramente, te has llevado alguna que otra sorpresa. Y s\u00ed, sabemos que cuesta decir adi\u00f3s a productos que en su d\u00eda te encantaban\u2026 pero aqu\u00ed est\u00e1 la buena noticia: <strong>es el momento perfecto para probar nuevas texturas, <a href=\"https:\/\/www.isdin.com\/es\/blog\/como-combinar-ingredientes-activos-en-una-rutina\/\">ingredientes activos<\/a> y f\u00f3rmulas adaptadas a la nueva temporada<\/strong>.<\/p>\n\n\n\n<p><a href=\"https:\/\/www.isdin.com\/es\/blog\/flacidez-piel-verano\/\">Con el final del verano<\/a>, tu piel ha pasado por horas de sol, calor, cloro, sal y cambios de temperatura. Septiembre es el mes ideal para <strong>resetear tu rutina de <em>skincare<\/em><\/strong>: reparar, hidratar y <a href=\"https:\/\/www.isdin.com\/es\/blog\/rutina-de-piel-en-otono\/\">preparar la piel para el oto\u00f1o<\/a>.<\/p>\n\n\n\n<p>Por eso, le pedimos a Eduardo que nos contara cu\u00e1les son sus imprescindibles para una reorganizaci\u00f3n <a href=\"https:\/\/www.isdin.com\/es\/blog\/efectos-sol-piel-verano\/\"><em>post-verano<\/em><\/a>.<\/p>\n\n\n\n<h3 class=\"wp-block-heading\" id=\"h-ingredientes-estrella-que-anadir-a-tu-rutina\">Ingredientes estrella que a\u00f1adir a tu rutina<\/h3>\n\n\n\n<figure class=\"wp-block-image size-large\"><img loading=\"lazy\" decoding=\"async\" width=\"1024\" height=\"527\" src=\"data:image\/gif;base64,R0lGODlhAQABAAAAACH5BAEKAAEALAAAAAABAAEAAAICTAEAOw==\" data-src=\"https:\/\/www.isdin.com\/es\/blog\/wp-content\/uploads\/2024\/04\/2024_04_PAO_IMG03-5-1-1024x527.png\" alt=\"Ingredientes naturales en cosm\u00e9tica: p\u00e9talos y aceite, utilizados en f\u00f3rmulas de skincare recomendadas por expertos en cuidado de la piel.\" class=\"wp-image-12531 lazyload\" data-sizes=\"auto\" data-srcset=\"https:\/\/www.isdin.com\/es\/blog\/wp-content\/uploads\/2024\/04\/2024_04_PAO_IMG03-5-1-1024x527.png 1024w, https:\/\/www.isdin.com\/es\/blog\/wp-content\/uploads\/2024\/04\/2024_04_PAO_IMG03-5-1-300x155.png 300w, https:\/\/www.isdin.com\/es\/blog\/wp-content\/uploads\/2024\/04\/2024_04_PAO_IMG03-5-1-150x77.png 150w, https:\/\/www.isdin.com\/es\/blog\/wp-content\/uploads\/2024\/04\/2024_04_PAO_IMG03-5-1-768x396.png 768w, https:\/\/www.isdin.com\/es\/blog\/wp-content\/uploads\/2024\/04\/2024_04_PAO_IMG03-5-1-585x300.png 585w, https:\/\/www.isdin.com\/es\/blog\/wp-content\/uploads\/2024\/04\/2024_04_PAO_IMG03-5-1-450x232.png 450w, https:\/\/www.isdin.com\/es\/blog\/wp-content\/uploads\/2024\/04\/2024_04_PAO_IMG03-5-1-20x11.png 20w, https:\/\/www.isdin.com\/es\/blog\/wp-content\/uploads\/2024\/04\/2024_04_PAO_IMG03-5-1-225x116.png 225w, https:\/\/www.isdin.com\/es\/blog\/wp-content\/uploads\/2024\/04\/2024_04_PAO_IMG03-5-1-900x464.png 900w, https:\/\/www.isdin.com\/es\/blog\/wp-content\/uploads\/2024\/04\/2024_04_PAO_IMG03-5-1.png 1200w\" sizes=\"auto, (max-width: 1024px) 100vw, 1024px\" \/><\/figure>\n\n\n\n<p><\/p>\n\n\n\n<p>Eduardo nos habla sobre los <a href=\"https:\/\/www.isdin.com\/es\/blog\/proteccion-solar-con-antioxidantes-beneficios\/\">filtros solares y los antioxidantes<\/a>, 2 de sus grandes favoritos. \u201cDicho combo, como sistema de doble defensa, se va a convertir en nuestro mejor aliado frente al&nbsp;<a href=\"https:\/\/www.isdin.com\/es\/blog\/efectos-del-fotoenvejecimiento-en-la-piel\/\">envejecimiento prematuro<\/a>\u201c.<\/p>\n\n\n\n<p>Los <strong>antioxidantes<\/strong> tienen un papel clave: ayudan a proteger la piel contra el da\u00f1o de los <a href=\"https:\/\/www.isdin.com\/es\/blog\/que-es-la-oxidacion-de-la-piel\/\">radicales libres<\/a>, esos peque\u00f1os enemigos que provienen de la <a href=\"https:\/\/www.isdin.com\/es\/blog\/efectos-radiacion-solar-piel\/\">radiaci\u00f3n solar<\/a> y de la contaminaci\u00f3n ambiental. La <a href=\"https:\/\/www.isdin.com\/es\/blog\/vitamina-c-que-es-para-que-sirve-y-como-usarla\/\"><strong>vitamina C<\/strong><\/a> es la m\u00e1s conocida, pero Eduardo tambi\u00e9n recomienda f\u00f3rmulas con <a href=\"https:\/\/www.isdin.com\/es\/blog\/vitamina-e-beneficios-para-la-piel-uso-y-cuidados\/\">vitamina E<\/a>, <a href=\"https:\/\/www.isdin.com\/es\/blog\/que-es-la-niacinamida-beneficios-usos-en-tu-rutina\/\">niacinamida<\/a> o <a href=\"https:\/\/www.isdin.com\/blog\/rutina-noche-ideal-rostro-melatonina\/\">melatonina<\/a> para sumar capas de protecci\u00f3n y luminosidad.<\/p>\n\n\n\n<p>Y como sabemos que septiembre es sin\u00f3nimo de nuevo comienzo, Eduardo nos deja <strong>cuatro consejos de oro<\/strong> para preparar la piel de cara al oto\u00f1o:<\/p>\n\n\n\n<ul class=\"wp-block-list\">\n<li><strong>SPF diario<\/strong>: aunque vayamos a decirle adi\u00f3s al verano, la radiaci\u00f3n UV sigue presente. Un <a href=\"https:\/\/www.isdin.com\/es\/blog\/ingredientes-fusion-water-magic\/\">fotoprotector hidratante y ligero<\/a>, que puedas usar cada ma\u00f1ana, es un b\u00e1sico que no se negocia.<\/li>\n\n\n\n<li><strong><a href=\"https:\/\/www.isdin.com\/es\/blog\/ingredientes-antimanchas-rutina\/\">Ingredientes antimanchas<\/a><\/strong>: septiembre es el momento ideal para cuidar esas manchas que el sol pudo acentuar. Busca ingredientes como <a href=\"https:\/\/www.isdin.com\/es\/blog\/acido-tranexamico-ingrediente-estrella-manchas\/\">\u00e1cido tranex\u00e1mico<\/a>, niacinamida o derivados de la <a href=\"https:\/\/www.isdin.com\/es\/blog\/7-cosas-sobre-la-vitamina-c\/\">vitamina C<\/a> para unificar el tono y devolver luz a la piel.<\/li>\n\n\n\n<li><strong>Hidratantes reparadoras<\/strong>: busca cremas con <a href=\"https:\/\/www.isdin.com\/es\/blog\/para-que-sirve-acido-hialuronico\/\">\u00e1cido hialur\u00f3nico<\/a>, ceramidas o pantenol para reforzar la barrera cut\u00e1nea y recuperar confort.<\/li>\n\n\n\n<li><strong>Exfoliaci\u00f3n suave<\/strong>: una o dos veces por semana, incluye exfoliantes qu\u00edmicos suaves (como <a href=\"https:\/\/www.isdin.com\/blog\/el-poder-del-acido-glicolico-que-es-y-como-se-usa\/\">\u00e1cido glic\u00f3lico<\/a>) para renovar la piel y potenciar la absorci\u00f3n de los tratamientos que apliques despu\u00e9s.<\/li>\n<\/ul>\n\n\n\n<h2 class=\"wp-block-heading\" id=\"h-cierra-tu-rutina-con-amor-propio\">Cierra tu rutina con amor propio<\/h2>\n\n\n\n<figure class=\"wp-block-image size-large\"><img loading=\"lazy\" decoding=\"async\" width=\"1024\" height=\"527\" src=\"data:image\/gif;base64,R0lGODlhAQABAAAAACH5BAEKAAEALAAAAAABAAEAAAICTAEAOw==\" data-src=\"https:\/\/www.isdin.com\/es\/blog\/wp-content\/uploads\/2024\/04\/2024_04_PAO_IMG03-6-1-1024x527.png\" alt=\"Mujer limpiando su piel con espuma facial como parte de la rutina de skincare, destacando la importancia de conservar productos en buen estado.\" class=\"wp-image-12530 lazyload\" data-sizes=\"auto\" data-srcset=\"https:\/\/www.isdin.com\/es\/blog\/wp-content\/uploads\/2024\/04\/2024_04_PAO_IMG03-6-1-1024x527.png 1024w, https:\/\/www.isdin.com\/es\/blog\/wp-content\/uploads\/2024\/04\/2024_04_PAO_IMG03-6-1-300x155.png 300w, https:\/\/www.isdin.com\/es\/blog\/wp-content\/uploads\/2024\/04\/2024_04_PAO_IMG03-6-1-150x77.png 150w, https:\/\/www.isdin.com\/es\/blog\/wp-content\/uploads\/2024\/04\/2024_04_PAO_IMG03-6-1-768x396.png 768w, https:\/\/www.isdin.com\/es\/blog\/wp-content\/uploads\/2024\/04\/2024_04_PAO_IMG03-6-1-585x300.png 585w, https:\/\/www.isdin.com\/es\/blog\/wp-content\/uploads\/2024\/04\/2024_04_PAO_IMG03-6-1-450x232.png 450w, https:\/\/www.isdin.com\/es\/blog\/wp-content\/uploads\/2024\/04\/2024_04_PAO_IMG03-6-1-20x11.png 20w, https:\/\/www.isdin.com\/es\/blog\/wp-content\/uploads\/2024\/04\/2024_04_PAO_IMG03-6-1-225x116.png 225w, https:\/\/www.isdin.com\/es\/blog\/wp-content\/uploads\/2024\/04\/2024_04_PAO_IMG03-6-1-900x464.png 900w, https:\/\/www.isdin.com\/es\/blog\/wp-content\/uploads\/2024\/04\/2024_04_PAO_IMG03-6-1.png 1200w\" sizes=\"auto, (max-width: 1024px) 100vw, 1024px\" \/><\/figure>\n\n\n\n<p><\/p>\n\n\n\n<p>Cuidar tu piel no es solo una cuesti\u00f3n est\u00e9tica: <a href=\"https:\/\/www.isdin.com\/es\/blog\/10-pasos-para-descubrir-el-amor-por-tu-piel\/\">es un acto de cari\u00f1o<\/a>. <strong>Septiembre es el momento perfecto para resetear, dejar atr\u00e1s lo que ya no funciona y rodearte de productos y h\u00e1bitos que te hagan sentir bien, por dentro y por fuera<\/strong>.<\/p>\n\n\n\n<p>Y si a\u00fan te quedan dudas sobre por d\u00f3nde empezar o qu\u00e9 ingredientes necesita tu piel en esta nueva temporada, <strong>en Farmacia Senante siempre est\u00e1n a tu lado<\/strong>. Desde cualquier punto de Espa\u00f1a, <a href=\"https:\/\/farmaciasenante.com\/isdin\">a trav\u00e9s de su tienda online<\/a>, <strong>Eduardo y su equipo te asesoran de forma personalizada<\/strong> para que elijas el mejor cuidado para tu piel\u2026 y lo disfrutes con total tranquilidad.<\/p>\n\n\n\n<p class=\"has-text-align-left\">Porque una piel sana no se improvisa: se construye d\u00eda a d\u00eda, con constancia, conocimiento y un toque de amor propio.<\/p>\n","protected":false},"excerpt":{"rendered":"<p>Es hora de revisar qu\u00e9 productos de cuidado facial siguen siendo seguros, cu\u00e1les ya no cumplen su funci\u00f3n y c\u00f3mo organizarlos para empezar septiembre con un neceser renovado.<\/p>\n","protected":false},"author":69,"featured_media":12537,"comment_status":"closed","ping_status":"closed","sticky":false,"template":"","format":"image","meta":{"footnotes":""},"categories":[1,65,112],"tags":[449,294,123],"class_list":["post-9947","post","type-post","status-publish","format-image","has-post-thumbnail","hentry","category-consejos-cuidados","category-expertos","category-farmaceuticos","tag-cosmeticos","tag-cuidado-facial","tag-cuidado-piel","post_format-post-format-image"],"yoast_head":"<!-- This site is optimized with the Yoast SEO Premium plugin v25.4 (Yoast SEO v25.4) - https:\/\/yoast.com\/wordpress\/plugins\/seo\/ -->\n<title>Caducidad de cosm\u00e9ticos: descubre cu\u00e1ndo cambiarlos y c\u00f3mo organizarlos - ISDIN<\/title>\n<meta name=\"description\" content=\"Descubre c\u00f3mo identificar la caducidad de cosm\u00e9ticos, qu\u00e9 significa el s\u00edmbolo PAO y consejos de expertos para conservar tu skincare.\" \/>\n<meta name=\"robots\" content=\"index, follow, max-snippet:-1, max-image-preview:large, max-video-preview:-1\" \/>\n<link rel=\"canonical\" href=\"https:\/\/www.isdin.com\/es\/blog\/organizar-cosmeticos-cuando-cambiar-productos-belleza\/\" \/>\n<meta property=\"og:locale\" content=\"es_ES\" \/>\n<meta property=\"og:type\" content=\"article\" \/>\n<meta property=\"og:title\" content=\"Caducidad de cosm\u00e9ticos: descubre cu\u00e1ndo cambiarlos y c\u00f3mo organizarlos\" \/>\n<meta property=\"og:description\" content=\"Descubre c\u00f3mo identificar la caducidad de cosm\u00e9ticos, qu\u00e9 significa el s\u00edmbolo PAO y consejos de expertos para conservar tu skincare.\" \/>\n<meta property=\"og:url\" content=\"https:\/\/www.isdin.com\/es\/blog\/organizar-cosmeticos-cuando-cambiar-productos-belleza\/\" \/>\n<meta property=\"og:site_name\" content=\"ISDIN\" \/>\n<meta property=\"article:publisher\" content=\"https:\/\/es-es.facebook.com\/ISDIN.official\/\" \/>\n<meta property=\"article:published_time\" content=\"2025-09-01T09:11:24+00:00\" \/>\n<meta property=\"article:modified_time\" content=\"2025-09-01T09:11:27+00:00\" \/>\n<meta property=\"og:image\" content=\"https:\/\/www.isdin.com\/es\/blog\/wp-content\/uploads\/2024\/04\/Header-2-1.png\" \/>\n\t<meta property=\"og:image:width\" content=\"1200\" \/>\n\t<meta property=\"og:image:height\" content=\"760\" \/>\n\t<meta property=\"og:image:type\" content=\"image\/png\" \/>\n<meta name=\"author\" content=\"Belinda Mart\u00ednez\" \/>\n<meta name=\"twitter:card\" content=\"summary_large_image\" \/>\n<meta name=\"twitter:creator\" content=\"@isdin_official\" \/>\n<meta name=\"twitter:site\" content=\"@isdin_official\" \/>\n<meta name=\"twitter:label1\" content=\"Written by\" \/>\n\t<meta name=\"twitter:data1\" content=\"Belinda Mart\u00ednez\" \/>\n\t<meta name=\"twitter:label2\" content=\"Est. reading time\" \/>\n\t<meta name=\"twitter:data2\" content=\"9 minutes\" \/>\n<script type=\"application\/ld+json\" class=\"yoast-schema-graph\">{\"@context\":\"https:\/\/schema.org\",\"@graph\":[{\"@type\":\"Article\",\"@id\":\"https:\/\/www.isdin.com\/es\/blog\/organizar-cosmeticos-cuando-cambiar-productos-belleza\/#article\",\"isPartOf\":{\"@id\":\"https:\/\/www.isdin.com\/es\/blog\/organizar-cosmeticos-cuando-cambiar-productos-belleza\/\"},\"author\":{\"name\":\"Belinda Mart\u00ednez\",\"@id\":\"https:\/\/www.isdin.com\/es\/blog\/#\/schema\/person\/684015d7d9e78124cb4aa660f6fe8576\"},\"headline\":\"Caducidad de cosm\u00e9ticos: descubre cu\u00e1ndo cambiarlos y c\u00f3mo organizarlos\",\"datePublished\":\"2025-09-01T09:11:24+00:00\",\"dateModified\":\"2025-09-01T09:11:27+00:00\",\"mainEntityOfPage\":{\"@id\":\"https:\/\/www.isdin.com\/es\/blog\/organizar-cosmeticos-cuando-cambiar-productos-belleza\/\"},\"wordCount\":1748,\"publisher\":{\"@id\":\"https:\/\/www.isdin.com\/es\/blog\/#organization\"},\"image\":{\"@id\":\"https:\/\/www.isdin.com\/es\/blog\/organizar-cosmeticos-cuando-cambiar-productos-belleza\/#primaryimage\"},\"thumbnailUrl\":\"https:\/\/www.isdin.com\/es\/blog\/wp-content\/uploads\/2024\/04\/Header-2-1.png\",\"keywords\":[\"cosm\u00e9ticos\",\"cuidado facial\",\"cuidado piel\"],\"articleSection\":[\"Consejos y cuidados\",\"Expertos\",\"Farmac\u00e9uticos\"],\"inLanguage\":\"es-ES\"},{\"@type\":\"WebPage\",\"@id\":\"https:\/\/www.isdin.com\/es\/blog\/organizar-cosmeticos-cuando-cambiar-productos-belleza\/\",\"url\":\"https:\/\/www.isdin.com\/es\/blog\/organizar-cosmeticos-cuando-cambiar-productos-belleza\/\",\"name\":\"Caducidad de cosm\u00e9ticos: descubre cu\u00e1ndo cambiarlos y c\u00f3mo organizarlos - ISDIN\",\"isPartOf\":{\"@id\":\"https:\/\/www.isdin.com\/es\/blog\/#website\"},\"primaryImageOfPage\":{\"@id\":\"https:\/\/www.isdin.com\/es\/blog\/organizar-cosmeticos-cuando-cambiar-productos-belleza\/#primaryimage\"},\"image\":{\"@id\":\"https:\/\/www.isdin.com\/es\/blog\/organizar-cosmeticos-cuando-cambiar-productos-belleza\/#primaryimage\"},\"thumbnailUrl\":\"https:\/\/www.isdin.com\/es\/blog\/wp-content\/uploads\/2024\/04\/Header-2-1.png\",\"datePublished\":\"2025-09-01T09:11:24+00:00\",\"dateModified\":\"2025-09-01T09:11:27+00:00\",\"description\":\"Descubre c\u00f3mo identificar la caducidad de cosm\u00e9ticos, qu\u00e9 significa el s\u00edmbolo PAO y consejos de expertos para conservar tu skincare.\",\"breadcrumb\":{\"@id\":\"https:\/\/www.isdin.com\/es\/blog\/organizar-cosmeticos-cuando-cambiar-productos-belleza\/#breadcrumb\"},\"inLanguage\":\"es-ES\",\"potentialAction\":[{\"@type\":\"ReadAction\",\"target\":[\"https:\/\/www.isdin.com\/es\/blog\/organizar-cosmeticos-cuando-cambiar-productos-belleza\/\"]}]},{\"@type\":\"ImageObject\",\"inLanguage\":\"es-ES\",\"@id\":\"https:\/\/www.isdin.com\/es\/blog\/organizar-cosmeticos-cuando-cambiar-productos-belleza\/#primaryimage\",\"url\":\"https:\/\/www.isdin.com\/es\/blog\/wp-content\/uploads\/2024\/04\/Header-2-1.png\",\"contentUrl\":\"https:\/\/www.isdin.com\/es\/blog\/wp-content\/uploads\/2024\/04\/Header-2-1.png\",\"width\":1200,\"height\":760,\"caption\":\"Mujer sosteniendo limpiadores de rostro isdin para el d\u00eda a d\u00eda, cosm\u00e9ticos de calidad\"},{\"@type\":\"BreadcrumbList\",\"@id\":\"https:\/\/www.isdin.com\/es\/blog\/organizar-cosmeticos-cuando-cambiar-productos-belleza\/#breadcrumb\",\"itemListElement\":[{\"@type\":\"ListItem\",\"position\":1,\"name\":\"Portada\",\"item\":\"https:\/\/www.isdin.com\/es\/blog\/\"},{\"@type\":\"ListItem\",\"position\":2,\"name\":\"Caducidad de cosm\u00e9ticos: descubre cu\u00e1ndo cambiarlos y c\u00f3mo organizarlos\"}]},{\"@type\":\"WebSite\",\"@id\":\"https:\/\/www.isdin.com\/es\/blog\/#website\",\"url\":\"https:\/\/www.isdin.com\/es\/blog\/\",\"name\":\"ISDIN\",\"description\":\"Novedades, lanzamientos de productos y toda la experiencia de ISDIN\",\"publisher\":{\"@id\":\"https:\/\/www.isdin.com\/es\/blog\/#organization\"},\"potentialAction\":[{\"@type\":\"SearchAction\",\"target\":{\"@type\":\"EntryPoint\",\"urlTemplate\":\"https:\/\/www.isdin.com\/es\/blog\/?s={search_term_string}\"},\"query-input\":{\"@type\":\"PropertyValueSpecification\",\"valueRequired\":true,\"valueName\":\"search_term_string\"}}],\"inLanguage\":\"es-ES\"},{\"@type\":\"Organization\",\"@id\":\"https:\/\/www.isdin.com\/es\/blog\/#organization\",\"name\":\"ISDIN\",\"alternateName\":\"ISDIN\",\"url\":\"https:\/\/www.isdin.com\/es\/blog\/\",\"logo\":{\"@type\":\"ImageObject\",\"inLanguage\":\"es-ES\",\"@id\":\"https:\/\/www.isdin.com\/es\/blog\/#\/schema\/logo\/image\/\",\"url\":\"https:\/\/www.isdin.com\/es\/blog\/wp-content\/uploads\/2024\/05\/2025_03_GuiaFoto_FWM.png\",\"contentUrl\":\"https:\/\/www.isdin.com\/es\/blog\/wp-content\/uploads\/2024\/05\/2025_03_GuiaFoto_FWM.png\",\"width\":670,\"height\":683,\"caption\":\"ISDIN\"},\"image\":{\"@id\":\"https:\/\/www.isdin.com\/es\/blog\/#\/schema\/logo\/image\/\"},\"sameAs\":[\"https:\/\/es-es.facebook.com\/ISDIN.official\/\",\"https:\/\/x.com\/isdin_official\",\"https:\/\/www.instagram.com\/isdinofficial\",\"https:\/\/www.youtube.com\/channel\/UCtoNJMKpDwdFLqgV23_lcqg\"],\"telephone\":\"659997812\"},{\"@type\":\"Person\",\"@id\":\"https:\/\/www.isdin.com\/es\/blog\/#\/schema\/person\/684015d7d9e78124cb4aa660f6fe8576\",\"name\":\"Belinda Mart\u00ednez\",\"image\":{\"@type\":\"ImageObject\",\"inLanguage\":\"es-ES\",\"@id\":\"https:\/\/www.isdin.com\/es\/blog\/#\/schema\/person\/image\/\",\"url\":\"https:\/\/www.isdin.com\/es\/blog\/wp-content\/uploads\/2017\/07\/jjjj.jpg\",\"contentUrl\":\"https:\/\/www.isdin.com\/es\/blog\/wp-content\/uploads\/2017\/07\/jjjj.jpg\",\"caption\":\"Belinda Mart\u00ednez\"},\"description\":\"Belinda es periodista y copywriter creativa. Tras a\u00f1os de experiencia, decidi\u00f3 fusionar sus habilidades de escritura con su amor por el skincare, convirti\u00e9ndose en una especialista en la materia. \u00bfSu imprescindible? Un buen b\u00e1lsamo de labios.\",\"sameAs\":[\"https:\/\/www.linkedin.com\/in\/thisisbel\/\"],\"url\":\"https:\/\/www.isdin.com\/es\/blog\/author\/belindamartinez\/\"}]}<\/script>\n<!-- \/ Yoast SEO Premium plugin. -->","yoast_head_json":{"title":"Caducidad de cosm\u00e9ticos: descubre cu\u00e1ndo cambiarlos y c\u00f3mo organizarlos - ISDIN","description":"Descubre c\u00f3mo identificar la caducidad de cosm\u00e9ticos, qu\u00e9 significa el s\u00edmbolo PAO y consejos de expertos para conservar tu skincare.","robots":{"index":"index","follow":"follow","max-snippet":"max-snippet:-1","max-image-preview":"max-image-preview:large","max-video-preview":"max-video-preview:-1"},"canonical":"https:\/\/www.isdin.com\/es\/blog\/organizar-cosmeticos-cuando-cambiar-productos-belleza\/","og_locale":"es_ES","og_type":"article","og_title":"Caducidad de cosm\u00e9ticos: descubre cu\u00e1ndo cambiarlos y c\u00f3mo organizarlos","og_description":"Descubre c\u00f3mo identificar la caducidad de cosm\u00e9ticos, qu\u00e9 significa el s\u00edmbolo PAO y consejos de expertos para conservar tu skincare.","og_url":"https:\/\/www.isdin.com\/es\/blog\/organizar-cosmeticos-cuando-cambiar-productos-belleza\/","og_site_name":"ISDIN","article_publisher":"https:\/\/es-es.facebook.com\/ISDIN.official\/","article_published_time":"2025-09-01T09:11:24+00:00","article_modified_time":"2025-09-01T09:11:27+00:00","og_image":[{"width":1200,"height":760,"url":"https:\/\/www.isdin.com\/es\/blog\/wp-content\/uploads\/2024\/04\/Header-2-1.png","type":"image\/png"}],"author":"Belinda Mart\u00ednez","twitter_card":"summary_large_image","twitter_creator":"@isdin_official","twitter_site":"@isdin_official","twitter_misc":{"Written by":"Belinda Mart\u00ednez","Est. reading time":"9 minutes"},"schema":{"@context":"https:\/\/schema.org","@graph":[{"@type":"Article","@id":"https:\/\/www.isdin.com\/es\/blog\/organizar-cosmeticos-cuando-cambiar-productos-belleza\/#article","isPartOf":{"@id":"https:\/\/www.isdin.com\/es\/blog\/organizar-cosmeticos-cuando-cambiar-productos-belleza\/"},"author":{"name":"Belinda Mart\u00ednez","@id":"https:\/\/www.isdin.com\/es\/blog\/#\/schema\/person\/684015d7d9e78124cb4aa660f6fe8576"},"headline":"Caducidad de cosm\u00e9ticos: descubre cu\u00e1ndo cambiarlos y c\u00f3mo organizarlos","datePublished":"2025-09-01T09:11:24+00:00","dateModified":"2025-09-01T09:11:27+00:00","mainEntityOfPage":{"@id":"https:\/\/www.isdin.com\/es\/blog\/organizar-cosmeticos-cuando-cambiar-productos-belleza\/"},"wordCount":1748,"publisher":{"@id":"https:\/\/www.isdin.com\/es\/blog\/#organization"},"image":{"@id":"https:\/\/www.isdin.com\/es\/blog\/organizar-cosmeticos-cuando-cambiar-productos-belleza\/#primaryimage"},"thumbnailUrl":"https:\/\/www.isdin.com\/es\/blog\/wp-content\/uploads\/2024\/04\/Header-2-1.png","keywords":["cosm\u00e9ticos","cuidado facial","cuidado piel"],"articleSection":["Consejos y cuidados","Expertos","Farmac\u00e9uticos"],"inLanguage":"es-ES"},{"@type":"WebPage","@id":"https:\/\/www.isdin.com\/es\/blog\/organizar-cosmeticos-cuando-cambiar-productos-belleza\/","url":"https:\/\/www.isdin.com\/es\/blog\/organizar-cosmeticos-cuando-cambiar-productos-belleza\/","name":"Caducidad de cosm\u00e9ticos: descubre cu\u00e1ndo cambiarlos y c\u00f3mo organizarlos - ISDIN","isPartOf":{"@id":"https:\/\/www.isdin.com\/es\/blog\/#website"},"primaryImageOfPage":{"@id":"https:\/\/www.isdin.com\/es\/blog\/organizar-cosmeticos-cuando-cambiar-productos-belleza\/#primaryimage"},"image":{"@id":"https:\/\/www.isdin.com\/es\/blog\/organizar-cosmeticos-cuando-cambiar-productos-belleza\/#primaryimage"},"thumbnailUrl":"https:\/\/www.isdin.com\/es\/blog\/wp-content\/uploads\/2024\/04\/Header-2-1.png","datePublished":"2025-09-01T09:11:24+00:00","dateModified":"2025-09-01T09:11:27+00:00","description":"Descubre c\u00f3mo identificar la caducidad de cosm\u00e9ticos, qu\u00e9 significa el s\u00edmbolo PAO y consejos de expertos para conservar tu skincare.","breadcrumb":{"@id":"https:\/\/www.isdin.com\/es\/blog\/organizar-cosmeticos-cuando-cambiar-productos-belleza\/#breadcrumb"},"inLanguage":"es-ES","potentialAction":[{"@type":"ReadAction","target":["https:\/\/www.isdin.com\/es\/blog\/organizar-cosmeticos-cuando-cambiar-productos-belleza\/"]}]},{"@type":"ImageObject","inLanguage":"es-ES","@id":"https:\/\/www.isdin.com\/es\/blog\/organizar-cosmeticos-cuando-cambiar-productos-belleza\/#primaryimage","url":"https:\/\/www.isdin.com\/es\/blog\/wp-content\/uploads\/2024\/04\/Header-2-1.png","contentUrl":"https:\/\/www.isdin.com\/es\/blog\/wp-content\/uploads\/2024\/04\/Header-2-1.png","width":1200,"height":760,"caption":"Mujer sosteniendo limpiadores de rostro isdin para el d\u00eda a d\u00eda, cosm\u00e9ticos de calidad"},{"@type":"BreadcrumbList","@id":"https:\/\/www.isdin.com\/es\/blog\/organizar-cosmeticos-cuando-cambiar-productos-belleza\/#breadcrumb","itemListElement":[{"@type":"ListItem","position":1,"name":"Portada","item":"https:\/\/www.isdin.com\/es\/blog\/"},{"@type":"ListItem","position":2,"name":"Caducidad de cosm\u00e9ticos: descubre cu\u00e1ndo cambiarlos y c\u00f3mo organizarlos"}]},{"@type":"WebSite","@id":"https:\/\/www.isdin.com\/es\/blog\/#website","url":"https:\/\/www.isdin.com\/es\/blog\/","name":"ISDIN","description":"Novedades, lanzamientos de productos y toda la experiencia de ISDIN","publisher":{"@id":"https:\/\/www.isdin.com\/es\/blog\/#organization"},"potentialAction":[{"@type":"SearchAction","target":{"@type":"EntryPoint","urlTemplate":"https:\/\/www.isdin.com\/es\/blog\/?s={search_term_string}"},"query-input":{"@type":"PropertyValueSpecification","valueRequired":true,"valueName":"search_term_string"}}],"inLanguage":"es-ES"},{"@type":"Organization","@id":"https:\/\/www.isdin.com\/es\/blog\/#organization","name":"ISDIN","alternateName":"ISDIN","url":"https:\/\/www.isdin.com\/es\/blog\/","logo":{"@type":"ImageObject","inLanguage":"es-ES","@id":"https:\/\/www.isdin.com\/es\/blog\/#\/schema\/logo\/image\/","url":"https:\/\/www.isdin.com\/es\/blog\/wp-content\/uploads\/2024\/05\/2025_03_GuiaFoto_FWM.png","contentUrl":"https:\/\/www.isdin.com\/es\/blog\/wp-content\/uploads\/2024\/05\/2025_03_GuiaFoto_FWM.png","width":670,"height":683,"caption":"ISDIN"},"image":{"@id":"https:\/\/www.isdin.com\/es\/blog\/#\/schema\/logo\/image\/"},"sameAs":["https:\/\/es-es.facebook.com\/ISDIN.official\/","https:\/\/x.com\/isdin_official","https:\/\/www.instagram.com\/isdinofficial","https:\/\/www.youtube.com\/channel\/UCtoNJMKpDwdFLqgV23_lcqg"],"telephone":"659997812"},{"@type":"Person","@id":"https:\/\/www.isdin.com\/es\/blog\/#\/schema\/person\/684015d7d9e78124cb4aa660f6fe8576","name":"Belinda Mart\u00ednez","image":{"@type":"ImageObject","inLanguage":"es-ES","@id":"https:\/\/www.isdin.com\/es\/blog\/#\/schema\/person\/image\/","url":"https:\/\/www.isdin.com\/es\/blog\/wp-content\/uploads\/2017\/07\/jjjj.jpg","contentUrl":"https:\/\/www.isdin.com\/es\/blog\/wp-content\/uploads\/2017\/07\/jjjj.jpg","caption":"Belinda Mart\u00ednez"},"description":"Belinda es periodista y copywriter creativa. Tras a\u00f1os de experiencia, decidi\u00f3 fusionar sus habilidades de escritura con su amor por el skincare, convirti\u00e9ndose en una especialista en la materia. \u00bfSu imprescindible? Un buen b\u00e1lsamo de labios.","sameAs":["https:\/\/www.linkedin.com\/in\/thisisbel\/"],"url":"https:\/\/www.isdin.com\/es\/blog\/author\/belindamartinez\/"}]}},"_links":{"self":[{"href":"https:\/\/www.isdin.com\/es\/blog\/wp-json\/wp\/v2\/posts\/9947","targetHints":{"allow":["GET"]}}],"collection":[{"href":"https:\/\/www.isdin.com\/es\/blog\/wp-json\/wp\/v2\/posts"}],"about":[{"href":"https:\/\/www.isdin.com\/es\/blog\/wp-json\/wp\/v2\/types\/post"}],"author":[{"embeddable":true,"href":"https:\/\/www.isdin.com\/es\/blog\/wp-json\/wp\/v2\/users\/69"}],"replies":[{"embeddable":true,"href":"https:\/\/www.isdin.com\/es\/blog\/wp-json\/wp\/v2\/comments?post=9947"}],"version-history":[{"count":8,"href":"https:\/\/www.isdin.com\/es\/blog\/wp-json\/wp\/v2\/posts\/9947\/revisions"}],"predecessor-version":[{"id":12539,"href":"https:\/\/www.isdin.com\/es\/blog\/wp-json\/wp\/v2\/posts\/9947\/revisions\/12539"}],"wp:featuredmedia":[{"embeddable":true,"href":"https:\/\/www.isdin.com\/es\/blog\/wp-json\/wp\/v2\/media\/12537"}],"wp:attachment":[{"href":"https:\/\/www.isdin.com\/es\/blog\/wp-json\/wp\/v2\/media?parent=9947"}],"wp:term":[{"taxonomy":"category","embeddable":true,"href":"https:\/\/www.isdin.com\/es\/blog\/wp-json\/wp\/v2\/categories?post=9947"},{"taxonomy":"post_tag","embeddable":true,"href":"https:\/\/www.isdin.com\/es\/blog\/wp-json\/wp\/v2\/tags?post=9947"}],"curies":[{"name":"wp","href":"https:\/\/api.w.org\/{rel}","templated":true}]}}