{"id":9653,"date":"2026-03-25T22:37:39","date_gmt":"2026-03-25T22:37:39","guid":{"rendered":"https:\/\/www.isdin.com\/es\/blog\/?p=9653"},"modified":"2026-03-25T22:37:41","modified_gmt":"2026-03-25T22:37:41","slug":"bajo-tu-piel-sus-capas-y-funciones","status":"publish","type":"post","link":"https:\/\/www.isdin.com\/es\/blog\/bajo-tu-piel-sus-capas-y-funciones\/","title":{"rendered":"Capas de la piel: cu\u00e1les son, qu\u00e9 ocurre en cada una y c\u00f3mo envejecen"},"content":{"rendered":"\n<p>\u00bfCapas? No, no hablamos de las que te pones en invierno cuando bajan las temperaturas, ni del corte de pelo que arrasa esta temporada. Hablamos de las capas de la piel: ese universo invisible que trabaja sin descanso para protegerte, renovarse y mantener tu piel en equilibrio cada d\u00eda.<\/p>\n\n\n\n<p>Bajo la superficie existe un sistema fascinante, inteligente y complejo que hace mucho m\u00e1s de lo que imaginas. Conocer c\u00f3mo funciona no es solo interesante: es la clave para entender qu\u00e9 necesita tu piel realmente, c\u00f3mo envejece y c\u00f3mo cuidarla mejor.<\/p>\n\n\n\n<p>En este art\u00edculo te contamos de forma clara y sencilla cu\u00e1les son las capas de la piel, qu\u00e9 ocurre en cada una de ellas y por qu\u00e9 entender sus procesos puede marcar la diferencia en tu rutina de <em>skincare<\/em>.<\/p>\n\n\n\n<h2 class=\"wp-block-heading\">\u00bfCu\u00e1ntas capas tiene tu piel?<\/h2>\n\n\n\n<p>Tu piel tiene 3 capas: <a href=\"https:\/\/www.ncbi.nlm.nih.gov\/books\/NBK470464\/\">epidermis, dermis e hipodermis<\/a>. Tres niveles que conviven, se comunican entre s\u00ed y hacen much\u00edsimo m\u00e1s de lo que parece a simple vista.<\/p>\n\n\n\n<figure class=\"wp-block-image size-large\"><img loading=\"lazy\" decoding=\"async\" width=\"1024\" height=\"527\" src=\"data:image\/gif;base64,R0lGODlhAQABAAAAACH5BAEKAAEALAAAAAABAAEAAAICTAEAOw==\" data-src=\"https:\/\/www.isdin.com\/es\/blog\/wp-content\/uploads\/2024\/03\/2024_barrera_IMG02-3-1024x527.png\" alt=\"Ilustraci\u00f3n de las capas de la piel: epidermis, dermis e hipodermis en diagrama simplificado\" class=\"wp-image-13383 lazyload\" data-sizes=\"auto\" data-srcset=\"https:\/\/www.isdin.com\/es\/blog\/wp-content\/uploads\/2024\/03\/2024_barrera_IMG02-3-1024x527.png 1024w, https:\/\/www.isdin.com\/es\/blog\/wp-content\/uploads\/2024\/03\/2024_barrera_IMG02-3-300x155.png 300w, https:\/\/www.isdin.com\/es\/blog\/wp-content\/uploads\/2024\/03\/2024_barrera_IMG02-3-150x77.png 150w, https:\/\/www.isdin.com\/es\/blog\/wp-content\/uploads\/2024\/03\/2024_barrera_IMG02-3-768x396.png 768w, https:\/\/www.isdin.com\/es\/blog\/wp-content\/uploads\/2024\/03\/2024_barrera_IMG02-3-585x300.png 585w, https:\/\/www.isdin.com\/es\/blog\/wp-content\/uploads\/2024\/03\/2024_barrera_IMG02-3-450x232.png 450w, https:\/\/www.isdin.com\/es\/blog\/wp-content\/uploads\/2024\/03\/2024_barrera_IMG02-3-20x11.png 20w, https:\/\/www.isdin.com\/es\/blog\/wp-content\/uploads\/2024\/03\/2024_barrera_IMG02-3-225x116.png 225w, https:\/\/www.isdin.com\/es\/blog\/wp-content\/uploads\/2024\/03\/2024_barrera_IMG02-3-900x464.png 900w, https:\/\/www.isdin.com\/es\/blog\/wp-content\/uploads\/2024\/03\/2024_barrera_IMG02-3.png 1200w\" sizes=\"auto, (max-width: 1024px) 100vw, 1024px\" \/><\/figure>\n\n\n\n<p><\/p>\n\n\n\n<p>La epidermis es la que da la cara. La dermis sostiene y rellena. La hipodermis, m\u00e1s profunda, aporta volumen. Juntas forman una arquitectura precisa, viva y cambiante, que se adapta sin pausa a lo que pasa dentro y fuera de tu cuerpo.<\/p>\n\n\n\n<p class=\"has-background\" style=\"background-color:#fae6d9\">Tu piel cambia con el tiempo, con el <a href=\"https:\/\/www.isdin.com\/es\/blog\/que-es-el-exposoma-factores-externos-piel\/\">ritmo de vida<\/a>, con el <a href=\"https:\/\/www.isdin.com\/es\/blog\/consejos-para-dormir-bien\/\">descanso<\/a> que no tienes, con <a href=\"https:\/\/www.isdin.com\/es\/blog\/guia-proteccion-solar-en-nieve\/\">el sol<\/a> de m\u00e1s, con las estaciones, con las hormonas y con todo lo que atraviesa tu d\u00eda a d\u00eda. Y cada capa lo vive a su manera.<\/p>\n\n\n\n<h2 class=\"wp-block-heading\">Las diferentes capas de la piel<\/h2>\n\n\n\n<p>Con los a\u00f1os, la epidermis se vuelve m\u00e1s fina, la dermis pierde <a href=\"https:\/\/www.isdin.com\/es\/blog\/beneficios-del-colageno-para-la-piel\/\">col\u00e1geno y elastina<\/a>, y la hipodermis puede ir modificando su volumen. El resultado no se lee solo en una <a href=\"https:\/\/www.isdin.com\/es\/blog\/reducir-arrugas-frente-consejos\/\">arruga<\/a> o en una <a href=\"https:\/\/www.isdin.com\/es\/blog\/well-aging-consejos-de-belleza-de-ines-castanos\/\">p\u00e9rdida de firmeza<\/a>, sino en la manera en la que la piel se comporta, se recupera y se ve. \u00a1Te contamos m\u00e1s!<\/p>\n\n\n\n<p><\/p>\n\n\n\n<h2 class=\"wp-block-heading\">Hipodermis: la capa m\u00e1s profunda de la piel<\/h2>\n\n\n\n<figure class=\"wp-block-image size-large\"><img loading=\"lazy\" decoding=\"async\" width=\"1024\" height=\"527\" src=\"data:image\/gif;base64,R0lGODlhAQABAAAAACH5BAEKAAEALAAAAAABAAEAAAICTAEAOw==\" data-src=\"https:\/\/www.isdin.com\/es\/blog\/wp-content\/uploads\/2024\/03\/Imagen-en-el-contenido-58-1024x527.png\" alt=\"Mano tocando cuello iluminado por luz c\u00e1lida que sugiere cuidado de la piel y conexi\u00f3n sensorial\" class=\"wp-image-13381 lazyload\" data-sizes=\"auto\" data-srcset=\"https:\/\/www.isdin.com\/es\/blog\/wp-content\/uploads\/2024\/03\/Imagen-en-el-contenido-58-1024x527.png 1024w, https:\/\/www.isdin.com\/es\/blog\/wp-content\/uploads\/2024\/03\/Imagen-en-el-contenido-58-300x155.png 300w, https:\/\/www.isdin.com\/es\/blog\/wp-content\/uploads\/2024\/03\/Imagen-en-el-contenido-58-150x77.png 150w, https:\/\/www.isdin.com\/es\/blog\/wp-content\/uploads\/2024\/03\/Imagen-en-el-contenido-58-768x396.png 768w, https:\/\/www.isdin.com\/es\/blog\/wp-content\/uploads\/2024\/03\/Imagen-en-el-contenido-58-585x300.png 585w, https:\/\/www.isdin.com\/es\/blog\/wp-content\/uploads\/2024\/03\/Imagen-en-el-contenido-58-450x232.png 450w, https:\/\/www.isdin.com\/es\/blog\/wp-content\/uploads\/2024\/03\/Imagen-en-el-contenido-58-20x11.png 20w, https:\/\/www.isdin.com\/es\/blog\/wp-content\/uploads\/2024\/03\/Imagen-en-el-contenido-58-225x116.png 225w, https:\/\/www.isdin.com\/es\/blog\/wp-content\/uploads\/2024\/03\/Imagen-en-el-contenido-58-900x464.png 900w, https:\/\/www.isdin.com\/es\/blog\/wp-content\/uploads\/2024\/03\/Imagen-en-el-contenido-58.png 1200w\" sizes=\"auto, (max-width: 1024px) 100vw, 1024px\" \/><\/figure>\n\n\n\n<p><\/p>\n\n\n\n<p>La hipodermis es la capa m\u00e1s profunda de la piel y, aunque no se vea, tiene mucho que decir en su aspecto, su confort y su forma. Tambi\u00e9n se conoce como tejido subcut\u00e1neo y est\u00e1 formada, sobre todo, por <a href=\"https:\/\/www.kenhub.com\/es\/library\/anatomia-es\/tejido-adiposo\">tejido adiposo y conectivo<\/a>.<\/p>\n\n\n\n<p><strong>Es la responsable de aportar amortiguaci\u00f3n y volumen, adem\u00e1s de ayudar a proteger m\u00fasculos, huesos y \u00f3rganos<\/strong>. Tambi\u00e9n participa en algo esencial: conservar el calor corporal y actuar como aislante natural.<\/p>\n\n\n\n<p>En otras palabras, la hipodermis aporta mucho m\u00e1s de lo que parece. Su papel no solo influye en la estructura de la piel sino que nos protege frente a golpes y sirve de aislante t\u00e9rmico evitando la p\u00e9rdida de calor corporal y protegi\u00e9ndonos de la temperatura ambiental.<\/p>\n\n\n\n<h3 class=\"wp-block-heading\">Estos son los puntos clave sobre la hipodermis<\/h3>\n\n\n\n<p><strong>Funciones principales:<\/strong> reserva de energ\u00eda, aislamiento t\u00e9rmico y amortiguaci\u00f3n.<\/p>\n\n\n\n<p><strong>As\u00ed envejece:<\/strong><\/p>\n\n\n\n<ul class=\"wp-block-list\">\n<li>Puede producirse una redistribuci\u00f3n de grasa, algo que influye en la flacidez y en los cambios del contorno facial.<\/li>\n<\/ul>\n\n\n\n<h4 class=\"wp-block-heading\" id=\"h-como-cuidar-la-hipodermis\"><strong>\u00bfC\u00f3mo cuidar la hipodermis?<\/strong><\/h4>\n\n\n\n<p>Las elecciones que haces d\u00eda a d\u00eda y tu entorno afectan tu salud en general, y las funciones de tu piel no iban a ser menos. Cuidar tus horas de sue\u00f1o, <a href=\"https:\/\/www.isdin.com\/es\/blog\/alimentos-con-vitamina-d-beneficios-piel\/\">hacer cambios en la dieta<\/a> o <a href=\"https:\/\/www.isdin.com\/es\/blog\/habitos-que-envejecen-la-piel\/\">mejorar otros h\u00e1bitos<\/a> pueden contribuir en gran medida a la salud de tu piel, incluso en las capas m\u00e1s profundas.<\/p>\n\n\n\n<figure class=\"wp-block-image size-large\"><img loading=\"lazy\" decoding=\"async\" width=\"1024\" height=\"527\" src=\"data:image\/gif;base64,R0lGODlhAQABAAAAACH5BAEKAAEALAAAAAABAAEAAAICTAEAOw==\" data-src=\"https:\/\/www.isdin.com\/es\/blog\/wp-content\/uploads\/2024\/03\/Imagen-en-el-contenido-56-1024x527.png\" alt=\"Aguacate, lima y fruta fresca sobre tabla que representan ingredientes naturales asociados al cuidado de la piel\" class=\"wp-image-13384 lazyload\" data-sizes=\"auto\" data-srcset=\"https:\/\/www.isdin.com\/es\/blog\/wp-content\/uploads\/2024\/03\/Imagen-en-el-contenido-56-1024x527.png 1024w, https:\/\/www.isdin.com\/es\/blog\/wp-content\/uploads\/2024\/03\/Imagen-en-el-contenido-56-300x155.png 300w, https:\/\/www.isdin.com\/es\/blog\/wp-content\/uploads\/2024\/03\/Imagen-en-el-contenido-56-150x77.png 150w, https:\/\/www.isdin.com\/es\/blog\/wp-content\/uploads\/2024\/03\/Imagen-en-el-contenido-56-768x396.png 768w, https:\/\/www.isdin.com\/es\/blog\/wp-content\/uploads\/2024\/03\/Imagen-en-el-contenido-56-585x300.png 585w, https:\/\/www.isdin.com\/es\/blog\/wp-content\/uploads\/2024\/03\/Imagen-en-el-contenido-56-450x232.png 450w, https:\/\/www.isdin.com\/es\/blog\/wp-content\/uploads\/2024\/03\/Imagen-en-el-contenido-56-20x11.png 20w, https:\/\/www.isdin.com\/es\/blog\/wp-content\/uploads\/2024\/03\/Imagen-en-el-contenido-56-225x116.png 225w, https:\/\/www.isdin.com\/es\/blog\/wp-content\/uploads\/2024\/03\/Imagen-en-el-contenido-56-900x464.png 900w, https:\/\/www.isdin.com\/es\/blog\/wp-content\/uploads\/2024\/03\/Imagen-en-el-contenido-56.png 1200w\" sizes=\"auto, (max-width: 1024px) 100vw, 1024px\" \/><\/figure>\n\n\n\n<p><\/p>\n\n\n\n<h2 class=\"wp-block-heading\">Dermis: la capa intermedia<\/h2>\n\n\n\n<figure class=\"wp-block-image size-large\"><img loading=\"lazy\" decoding=\"async\" width=\"1024\" height=\"527\" src=\"data:image\/gif;base64,R0lGODlhAQABAAAAACH5BAEKAAEALAAAAAABAAEAAAICTAEAOw==\" data-src=\"https:\/\/www.isdin.com\/es\/blog\/wp-content\/uploads\/2024\/03\/Imagen-en-el-contenido-59-1024x527.png\" alt=\"Detalle de piel corporal con vello fino y textura natural que refleja diversidad y caracter\u00edsticas reales de la piel\" class=\"wp-image-13380 lazyload\" data-sizes=\"auto\" data-srcset=\"https:\/\/www.isdin.com\/es\/blog\/wp-content\/uploads\/2024\/03\/Imagen-en-el-contenido-59-1024x527.png 1024w, https:\/\/www.isdin.com\/es\/blog\/wp-content\/uploads\/2024\/03\/Imagen-en-el-contenido-59-300x155.png 300w, https:\/\/www.isdin.com\/es\/blog\/wp-content\/uploads\/2024\/03\/Imagen-en-el-contenido-59-150x77.png 150w, https:\/\/www.isdin.com\/es\/blog\/wp-content\/uploads\/2024\/03\/Imagen-en-el-contenido-59-768x396.png 768w, https:\/\/www.isdin.com\/es\/blog\/wp-content\/uploads\/2024\/03\/Imagen-en-el-contenido-59-585x300.png 585w, https:\/\/www.isdin.com\/es\/blog\/wp-content\/uploads\/2024\/03\/Imagen-en-el-contenido-59-450x232.png 450w, https:\/\/www.isdin.com\/es\/blog\/wp-content\/uploads\/2024\/03\/Imagen-en-el-contenido-59-20x11.png 20w, https:\/\/www.isdin.com\/es\/blog\/wp-content\/uploads\/2024\/03\/Imagen-en-el-contenido-59-225x116.png 225w, https:\/\/www.isdin.com\/es\/blog\/wp-content\/uploads\/2024\/03\/Imagen-en-el-contenido-59-900x464.png 900w, https:\/\/www.isdin.com\/es\/blog\/wp-content\/uploads\/2024\/03\/Imagen-en-el-contenido-59.png 1200w\" sizes=\"auto, (max-width: 1024px) 100vw, 1024px\" \/><\/figure>\n\n\n\n<p><\/p>\n\n\n\n<p>La dermis ocupa el centro de la estructura cut\u00e1nea y es una de las grandes responsables de que la <a href=\"https:\/\/www.isdin.com\/es\/blog\/renovacion-celular-piel-que-es\/\">piel<\/a> se vea firme, el\u00e1stica y con buena densidad. Est\u00e1 situada entre la epidermis y la hipodermis, y en ella ocurre buena parte de lo que asociamos con una piel fuerte, flexible y llena de vida.<\/p>\n\n\n\n<p>Es una capa rica en vasos sangu\u00edneos, terminaciones nerviosas y tejido conectivo, as\u00ed que no solo da sost\u00e9n: tambi\u00e9n participa en la sensibilidad, en la nutrici\u00f3n de la piel y en su capacidad de respuesta.<\/p>\n\n\n\n<p><strong>En la dermis se encuentra adem\u00e1s la <a href=\"https:\/\/mmegias.webs.uvigo.es\/5-celulas\/2-matriz_extracelular.php\">matriz extracelular<\/a><\/strong>, una red fundamental formada por col\u00e1geno, elastina y proteoglicanos. El col\u00e1geno aporta resistencia, la elastina permite que la piel recupere su forma y los proteoglicanos ayudan a <a href=\"https:\/\/www.isdin.com\/es\/blog\/perdida-de-agua-transepidermica-que-es\/\">mantener la hidrataci\u00f3n<\/a>.<\/p>\n\n\n\n<p><\/p>\n\n\n\n<p class=\"has-background\" style=\"background-color:#fae6d9\">En la dermis tambi\u00e9n est\u00e1n las gl\u00e1ndulas seb\u00e1ceas y sudor\u00edparas, junto a los fol\u00edculos pilosos, por eso esta capa acompa\u00f1a procesos tan diarios como <a href=\"http:\/\/isdin.com\/es\/blog\/acniben-la-rutina-que-le-dira-adios-a-los-granos\/\">la producci\u00f3n de sebo<\/a>, el sudor o la forma en la que la piel responde al calor, <a href=\"https:\/\/www.isdin.com\/es\/blog\/errores-de-fotoproteccion-deporte\/\">al ejercicio o al ritmo del d\u00eda<\/a>.<\/p>\n\n\n\n<p><\/p>\n\n\n\n<h3 class=\"wp-block-heading\">Puntos clave sobre la dermis<\/h3>\n\n\n\n<p><strong>Funciones principales:<\/strong> firmeza, elasticidad, resistencia, hidrataci\u00f3n y sensibilidad.<\/p>\n\n\n\n<p><strong>As\u00ed envejece:<\/strong><\/p>\n\n\n\n<ul class=\"wp-block-list\">\n<li>Con el tiempo, el col\u00e1geno y la elastina disminuyen, y la piel puede perder grosor, firmeza y capacidad de recuperaci\u00f3n.<\/li>\n\n\n\n<li>Los proteoglicanos tambi\u00e9n se reducen, y esa falta de hidrataci\u00f3n se traduce en una piel m\u00e1s seca y menos flexible.<\/li>\n<\/ul>\n\n\n\n<h4 class=\"wp-block-heading\" id=\"h-como-cuidar-la-dermis\">\u00bfC\u00f3mo cuidar la dermis?<\/h4>\n\n\n\n<p>Las f\u00f3rmulas hidratantes y reafirmantes son grandes aliadas de esta capa. <a href=\"https:\/\/www.isdin.com\/es\/blog\/guia-esencial-de-serums-dia-noche\/\">S\u00e9rums<\/a> y <a href=\"https:\/\/www.isdin.com\/es\/blog\/piel-perfecta-y-radiante-eventos\/\">ampollas<\/a> con <a href=\"https:\/\/www.isdin.com\/es\/blog\/que-son-los-ultraglicanos\/\">activos que ayuden<\/a> a reforzar la hidrataci\u00f3n y apoyar la estructura cut\u00e1nea pueden marcar la diferencia en el aspecto de la piel con el paso del tiempo.<\/p>\n\n\n\n<figure class=\"wp-block-image size-large\"><img loading=\"lazy\" decoding=\"async\" width=\"1024\" height=\"527\" src=\"data:image\/gif;base64,R0lGODlhAQABAAAAACH5BAEKAAEALAAAAAABAAEAAAICTAEAOw==\" data-src=\"https:\/\/www.isdin.com\/es\/blog\/wp-content\/uploads\/2024\/03\/Imagen-en-el-contenido-60-1024x527.png\" alt=\"Ampollas ISDIN cosm\u00e9ticas abiertas con s\u00e9rum dorado derramado sobre superficie, representando tratamiento intensivo de la piel\" class=\"wp-image-13379 lazyload\" data-sizes=\"auto\" data-srcset=\"https:\/\/www.isdin.com\/es\/blog\/wp-content\/uploads\/2024\/03\/Imagen-en-el-contenido-60-1024x527.png 1024w, https:\/\/www.isdin.com\/es\/blog\/wp-content\/uploads\/2024\/03\/Imagen-en-el-contenido-60-300x155.png 300w, https:\/\/www.isdin.com\/es\/blog\/wp-content\/uploads\/2024\/03\/Imagen-en-el-contenido-60-150x77.png 150w, https:\/\/www.isdin.com\/es\/blog\/wp-content\/uploads\/2024\/03\/Imagen-en-el-contenido-60-768x396.png 768w, https:\/\/www.isdin.com\/es\/blog\/wp-content\/uploads\/2024\/03\/Imagen-en-el-contenido-60-585x300.png 585w, https:\/\/www.isdin.com\/es\/blog\/wp-content\/uploads\/2024\/03\/Imagen-en-el-contenido-60-450x232.png 450w, https:\/\/www.isdin.com\/es\/blog\/wp-content\/uploads\/2024\/03\/Imagen-en-el-contenido-60-20x11.png 20w, https:\/\/www.isdin.com\/es\/blog\/wp-content\/uploads\/2024\/03\/Imagen-en-el-contenido-60-225x116.png 225w, https:\/\/www.isdin.com\/es\/blog\/wp-content\/uploads\/2024\/03\/Imagen-en-el-contenido-60-900x464.png 900w, https:\/\/www.isdin.com\/es\/blog\/wp-content\/uploads\/2024\/03\/Imagen-en-el-contenido-60.png 1200w\" sizes=\"auto, (max-width: 1024px) 100vw, 1024px\" \/><\/figure>\n\n\n\n<h2 class=\"wp-block-heading\">Epidermis: la capa externa<\/h2>\n\n\n\n<figure class=\"wp-block-image size-large\"><img loading=\"lazy\" decoding=\"async\" width=\"1024\" height=\"527\" src=\"data:image\/gif;base64,R0lGODlhAQABAAAAACH5BAEKAAEALAAAAAABAAEAAAICTAEAOw==\" data-src=\"https:\/\/www.isdin.com\/es\/blog\/wp-content\/uploads\/2024\/03\/Imagen-en-el-contenido-61-1024x527.png\" alt=\"Primer plano de labios y piel con pecas que muestra textura natural y luminosidad cut\u00e1nea\" class=\"wp-image-13378 lazyload\" data-sizes=\"auto\" data-srcset=\"https:\/\/www.isdin.com\/es\/blog\/wp-content\/uploads\/2024\/03\/Imagen-en-el-contenido-61-1024x527.png 1024w, https:\/\/www.isdin.com\/es\/blog\/wp-content\/uploads\/2024\/03\/Imagen-en-el-contenido-61-300x155.png 300w, https:\/\/www.isdin.com\/es\/blog\/wp-content\/uploads\/2024\/03\/Imagen-en-el-contenido-61-150x77.png 150w, https:\/\/www.isdin.com\/es\/blog\/wp-content\/uploads\/2024\/03\/Imagen-en-el-contenido-61-768x396.png 768w, https:\/\/www.isdin.com\/es\/blog\/wp-content\/uploads\/2024\/03\/Imagen-en-el-contenido-61-585x300.png 585w, https:\/\/www.isdin.com\/es\/blog\/wp-content\/uploads\/2024\/03\/Imagen-en-el-contenido-61-450x232.png 450w, https:\/\/www.isdin.com\/es\/blog\/wp-content\/uploads\/2024\/03\/Imagen-en-el-contenido-61-20x11.png 20w, https:\/\/www.isdin.com\/es\/blog\/wp-content\/uploads\/2024\/03\/Imagen-en-el-contenido-61-225x116.png 225w, https:\/\/www.isdin.com\/es\/blog\/wp-content\/uploads\/2024\/03\/Imagen-en-el-contenido-61-900x464.png 900w, https:\/\/www.isdin.com\/es\/blog\/wp-content\/uploads\/2024\/03\/Imagen-en-el-contenido-61.png 1200w\" sizes=\"auto, (max-width: 1024px) 100vw, 1024px\" \/><\/figure>\n\n\n\n<p><\/p>\n\n\n\n<p>La epidermis es la capa m\u00e1s externa de la piel, la que est\u00e1 en contacto directo con el mundo y la primera en responder a todo lo que ocurre fuera. <a href=\"https:\/\/mmegias.webs.uvigo.es\/8-tipos-celulares\/queratinocito.php\">Aunque es fina, su papel es enorme<\/a>: act\u00faa como barrera protectora frente a agresiones ambientales como la <a href=\"https:\/\/www.isdin.com\/es\/blog\/efectos-polucion-piel-como-protegerla\/\">contaminaci\u00f3n<\/a>, las bacterias, la <a href=\"https:\/\/www.isdin.com\/es\/blog\/efectos-radiacion-solar-piel\/\">radiaci\u00f3n solar<\/a> o los <a href=\"https:\/\/www.isdin.com\/es\/blog\/rutina-de-piel-para-cada-estacion\/\">cambios de temperatura<\/a>.<\/p>\n\n\n\n<p>Est\u00e1 formada principalmente por <a href=\"https:\/\/mmegias.webs.uvigo.es\/8-tipos-celulares\/queratinocito.php\">queratinocitos<\/a>, c\u00e9lulas que producen queratina y que ascienden desde las capas m\u00e1s profundas hasta la superficie en un proceso continuo de renovaci\u00f3n. A medida que avanzan, se transforman y acaban formando parte de la <a href=\"https:\/\/www.isdin.com\/es\/blog\/que-es-la-barrera-cutanea\/\">barrera cut\u00e1nea<\/a>, esa estructura que ayuda a mantener la hidrataci\u00f3n y a defender la piel de los agentes externos.<\/p>\n\n\n\n<p><strong>La epidermis tambi\u00e9n est\u00e1 estrechamente relacionada con <a href=\"https:\/\/www.isdin.com\/es\/blog\/que-son-los-fototipos-de-piel-y-su-importancia\/\">el tono de la piel y con la producci\u00f3n de melanina<\/a>, el pigmento que participa en la respuesta frente a la radiaci\u00f3n UV<\/strong>. Por eso, adem\u00e1s de proteger, esta capa tambi\u00e9n influye en c\u00f3mo se ve la piel: m\u00e1s uniforme, m\u00e1s luminosa o, cuando algo se altera, con textura irregular y manchas visibles.<\/p>\n\n\n\n<h3 class=\"wp-block-heading\">Puntos clave sobre la epidermis<\/h3>\n\n\n\n<p><strong>Funciones principales:<\/strong> protecci\u00f3n, renovaci\u00f3n celular, mantenimiento de la barrera cut\u00e1nea y pigmentaci\u00f3n.<\/p>\n\n\n\n<p><strong>As\u00ed envejece:<\/strong><\/p>\n\n\n\n<ul class=\"wp-block-list\">\n<li>La renovaci\u00f3n celular se vuelve m\u00e1s lenta y la piel puede verse m\u00e1s \u00e1spera y apagada.<\/li>\n\n\n\n<li>Los <a href=\"https:\/\/www.isdin.com\/es\/blog\/que-son-los-radicales-libres-y-la-oxidacion-de-la-piel\/\">radicales libres<\/a> y otros factores externos favorecen la aparici\u00f3n de l\u00edneas finas y arrugas.<\/li>\n\n\n\n<li>La melanina empieza a distribuirse de forma menos uniforme y pueden aparecer manchas o irregularidades en el tono.<\/li>\n<\/ul>\n\n\n\n<p><strong>\u00bfC\u00f3mo cuidar la epidermis?<\/strong><\/p>\n\n\n\n<p><a href=\"https:\/\/www.isdin.com\/es\/blog\/isdinceutics-glicoisdin-respondemos-a-tus-preguntas\/\"><strong>Una buena exfoliaci\u00f3n<\/strong><\/a> es una forma sencilla de devolverle frescura: elimina c\u00e9lulas muertas, suaviza y deja ese acabado m\u00e1s uniforme y luminoso que tanto se nota. Y para rematar, nada como sumar f\u00f3rmulas antioxidantes y reparadoras que la acompa\u00f1en en su defensa diaria.<\/p>\n\n\n\n<figure class=\"wp-block-image size-large\"><img loading=\"lazy\" decoding=\"async\" width=\"1024\" height=\"527\" src=\"data:image\/gif;base64,R0lGODlhAQABAAAAACH5BAEKAAEALAAAAAABAAEAAAICTAEAOw==\" data-src=\"https:\/\/www.isdin.com\/es\/blog\/wp-content\/uploads\/2024\/03\/Imagen-en-el-contenido-57-1024x527.png\" alt=\"Mujer sonriendo con piel luminosa y aspecto saludable, representando bienestar y cuidado facial capas de la piel\" class=\"wp-image-13382 lazyload\" data-sizes=\"auto\" data-srcset=\"https:\/\/www.isdin.com\/es\/blog\/wp-content\/uploads\/2024\/03\/Imagen-en-el-contenido-57-1024x527.png 1024w, https:\/\/www.isdin.com\/es\/blog\/wp-content\/uploads\/2024\/03\/Imagen-en-el-contenido-57-300x155.png 300w, https:\/\/www.isdin.com\/es\/blog\/wp-content\/uploads\/2024\/03\/Imagen-en-el-contenido-57-150x77.png 150w, https:\/\/www.isdin.com\/es\/blog\/wp-content\/uploads\/2024\/03\/Imagen-en-el-contenido-57-768x396.png 768w, https:\/\/www.isdin.com\/es\/blog\/wp-content\/uploads\/2024\/03\/Imagen-en-el-contenido-57-585x300.png 585w, https:\/\/www.isdin.com\/es\/blog\/wp-content\/uploads\/2024\/03\/Imagen-en-el-contenido-57-450x232.png 450w, https:\/\/www.isdin.com\/es\/blog\/wp-content\/uploads\/2024\/03\/Imagen-en-el-contenido-57-20x11.png 20w, https:\/\/www.isdin.com\/es\/blog\/wp-content\/uploads\/2024\/03\/Imagen-en-el-contenido-57-225x116.png 225w, https:\/\/www.isdin.com\/es\/blog\/wp-content\/uploads\/2024\/03\/Imagen-en-el-contenido-57-900x464.png 900w, https:\/\/www.isdin.com\/es\/blog\/wp-content\/uploads\/2024\/03\/Imagen-en-el-contenido-57.png 1200w\" sizes=\"auto, (max-width: 1024px) 100vw, 1024px\" \/><\/figure>\n\n\n\n<p><\/p>\n\n\n\n<h2 class=\"wp-block-heading\">La capa que t\u00fa a\u00f1ades<\/h2>\n\n\n\n<p>Tu piel ya hace mucho por ti cada d\u00eda. Se protege, se renueva, se adapta y acompa\u00f1a tu ritmo mucho m\u00e1s de lo que imaginas. Pero hay una capa que no viene de serie y que marca la diferencia: la que t\u00fa a\u00f1ades <a href=\"https:\/\/www.isdin.com\/es\/blog\/rutina-facial-manana\/\">cada ma\u00f1ana<\/a>.<\/p>\n\n\n\n<p><strong>Hablar de epidermis, dermis e hipodermis tambi\u00e9n es hablar de c\u00f3mo las cuidas.<\/strong> Y si hay un gesto que tus capas agradecen cada d\u00eda, es el protector solar: ese \u00faltimo paso que ayuda a proteger la piel frente a la radiaci\u00f3n solar y a acompa\u00f1arla mejor con el paso del tiempo.<\/p>\n\n\n\n<p>\u00bfQuieres seguir profundizando? <a href=\"https:\/\/www.isdin.com\/blog\/como-envejece-nuestra-piel\/\">La rutina perfecta te espera<\/a>.<\/p>\n","protected":false},"excerpt":{"rendered":"<p>Tu piel tiene 3 capas: epidermis, dermis e hipodermis. Tres niveles que conviven, se comunican entre s\u00ed y hacen much\u00edsimo m\u00e1s de lo que parece a simple vista.<\/p>\n","protected":false},"author":69,"featured_media":13385,"comment_status":"closed","ping_status":"closed","sticky":false,"template":"","format":"image","meta":{"footnotes":""},"categories":[1,101],"tags":[439,294,123],"class_list":["post-9653","post","type-post","status-publish","format-image","has-post-thumbnail","hentry","category-consejos-cuidados","category-cuidado-facial","tag-capas-de-la-piel","tag-cuidado-facial","tag-cuidado-piel","post_format-post-format-image"],"yoast_head":"<!-- This site is optimized with the Yoast SEO Premium plugin v25.4 (Yoast SEO v25.4) - https:\/\/yoast.com\/wordpress\/plugins\/seo\/ -->\n<title>Capas de la piel: cu\u00e1les son, qu\u00e9 ocurre en cada una y c\u00f3mo envejecen - ISDIN<\/title>\n<meta name=\"description\" content=\"Descubre las capas de la piel, qu\u00e9 hace cada una y c\u00f3mo envejecen. Aprende a cuidarlas mejor y mejorar tu rutina de skincare.\" \/>\n<meta name=\"robots\" content=\"index, follow, max-snippet:-1, max-image-preview:large, max-video-preview:-1\" \/>\n<link rel=\"canonical\" href=\"https:\/\/www.isdin.com\/es\/blog\/bajo-tu-piel-sus-capas-y-funciones\/\" \/>\n<meta property=\"og:locale\" content=\"es_ES\" \/>\n<meta property=\"og:type\" content=\"article\" \/>\n<meta property=\"og:title\" content=\"Capas de la piel: cu\u00e1les son, qu\u00e9 ocurre en cada una y c\u00f3mo envejecen\" \/>\n<meta property=\"og:description\" content=\"Descubre las capas de la piel, qu\u00e9 hace cada una y c\u00f3mo envejecen. Aprende a cuidarlas mejor y mejorar tu rutina de skincare.\" \/>\n<meta property=\"og:url\" content=\"https:\/\/www.isdin.com\/es\/blog\/bajo-tu-piel-sus-capas-y-funciones\/\" \/>\n<meta property=\"og:site_name\" content=\"ISDIN\" \/>\n<meta property=\"article:publisher\" content=\"https:\/\/es-es.facebook.com\/ISDIN.official\/\" \/>\n<meta property=\"article:published_time\" content=\"2026-03-25T22:37:39+00:00\" \/>\n<meta property=\"article:modified_time\" content=\"2026-03-25T22:37:41+00:00\" \/>\n<meta property=\"og:image\" content=\"https:\/\/www.isdin.com\/es\/blog\/wp-content\/uploads\/2024\/03\/Header-15.png\" \/>\n\t<meta property=\"og:image:width\" content=\"1200\" \/>\n\t<meta property=\"og:image:height\" content=\"760\" \/>\n\t<meta property=\"og:image:type\" content=\"image\/png\" \/>\n<meta name=\"author\" content=\"Belinda Mart\u00ednez\" \/>\n<meta name=\"twitter:card\" content=\"summary_large_image\" \/>\n<meta name=\"twitter:creator\" content=\"@isdin_official\" \/>\n<meta name=\"twitter:site\" content=\"@isdin_official\" \/>\n<meta name=\"twitter:label1\" content=\"Written by\" \/>\n\t<meta name=\"twitter:data1\" content=\"Belinda Mart\u00ednez\" \/>\n\t<meta name=\"twitter:label2\" content=\"Est. reading time\" \/>\n\t<meta name=\"twitter:data2\" content=\"8 minutes\" \/>\n<script type=\"application\/ld+json\" class=\"yoast-schema-graph\">{\"@context\":\"https:\/\/schema.org\",\"@graph\":[{\"@type\":\"Article\",\"@id\":\"https:\/\/www.isdin.com\/es\/blog\/bajo-tu-piel-sus-capas-y-funciones\/#article\",\"isPartOf\":{\"@id\":\"https:\/\/www.isdin.com\/es\/blog\/bajo-tu-piel-sus-capas-y-funciones\/\"},\"author\":{\"name\":\"Belinda Mart\u00ednez\",\"@id\":\"https:\/\/www.isdin.com\/es\/blog\/#\/schema\/person\/684015d7d9e78124cb4aa660f6fe8576\"},\"headline\":\"Capas de la piel: cu\u00e1les son, qu\u00e9 ocurre en cada una y c\u00f3mo envejecen\",\"datePublished\":\"2026-03-25T22:37:39+00:00\",\"dateModified\":\"2026-03-25T22:37:41+00:00\",\"mainEntityOfPage\":{\"@id\":\"https:\/\/www.isdin.com\/es\/blog\/bajo-tu-piel-sus-capas-y-funciones\/\"},\"wordCount\":1355,\"publisher\":{\"@id\":\"https:\/\/www.isdin.com\/es\/blog\/#organization\"},\"image\":{\"@id\":\"https:\/\/www.isdin.com\/es\/blog\/bajo-tu-piel-sus-capas-y-funciones\/#primaryimage\"},\"thumbnailUrl\":\"https:\/\/www.isdin.com\/es\/blog\/wp-content\/uploads\/2024\/03\/Header-15.png\",\"keywords\":[\"capas de la piel\",\"cuidado facial\",\"cuidado piel\"],\"articleSection\":[\"Consejos y cuidados\",\"Cuidado facial\"],\"inLanguage\":\"es-ES\"},{\"@type\":\"WebPage\",\"@id\":\"https:\/\/www.isdin.com\/es\/blog\/bajo-tu-piel-sus-capas-y-funciones\/\",\"url\":\"https:\/\/www.isdin.com\/es\/blog\/bajo-tu-piel-sus-capas-y-funciones\/\",\"name\":\"Capas de la piel: cu\u00e1les son, qu\u00e9 ocurre en cada una y c\u00f3mo envejecen - ISDIN\",\"isPartOf\":{\"@id\":\"https:\/\/www.isdin.com\/es\/blog\/#website\"},\"primaryImageOfPage\":{\"@id\":\"https:\/\/www.isdin.com\/es\/blog\/bajo-tu-piel-sus-capas-y-funciones\/#primaryimage\"},\"image\":{\"@id\":\"https:\/\/www.isdin.com\/es\/blog\/bajo-tu-piel-sus-capas-y-funciones\/#primaryimage\"},\"thumbnailUrl\":\"https:\/\/www.isdin.com\/es\/blog\/wp-content\/uploads\/2024\/03\/Header-15.png\",\"datePublished\":\"2026-03-25T22:37:39+00:00\",\"dateModified\":\"2026-03-25T22:37:41+00:00\",\"description\":\"Descubre las capas de la piel, qu\u00e9 hace cada una y c\u00f3mo envejecen. Aprende a cuidarlas mejor y mejorar tu rutina de skincare.\",\"breadcrumb\":{\"@id\":\"https:\/\/www.isdin.com\/es\/blog\/bajo-tu-piel-sus-capas-y-funciones\/#breadcrumb\"},\"inLanguage\":\"es-ES\",\"potentialAction\":[{\"@type\":\"ReadAction\",\"target\":[\"https:\/\/www.isdin.com\/es\/blog\/bajo-tu-piel-sus-capas-y-funciones\/\"]}]},{\"@type\":\"ImageObject\",\"inLanguage\":\"es-ES\",\"@id\":\"https:\/\/www.isdin.com\/es\/blog\/bajo-tu-piel-sus-capas-y-funciones\/#primaryimage\",\"url\":\"https:\/\/www.isdin.com\/es\/blog\/wp-content\/uploads\/2024\/03\/Header-15.png\",\"contentUrl\":\"https:\/\/www.isdin.com\/es\/blog\/wp-content\/uploads\/2024\/03\/Header-15.png\",\"width\":1200,\"height\":760,\"caption\":\"Dos personas abraz\u00e1ndose con piel visible en primer plano, simbolizando cuidado, contacto y bienestar cut\u00e1neo\"},{\"@type\":\"BreadcrumbList\",\"@id\":\"https:\/\/www.isdin.com\/es\/blog\/bajo-tu-piel-sus-capas-y-funciones\/#breadcrumb\",\"itemListElement\":[{\"@type\":\"ListItem\",\"position\":1,\"name\":\"Portada\",\"item\":\"https:\/\/www.isdin.com\/es\/blog\/\"},{\"@type\":\"ListItem\",\"position\":2,\"name\":\"Capas de la piel: cu\u00e1les son, qu\u00e9 ocurre en cada una y c\u00f3mo envejecen\"}]},{\"@type\":\"WebSite\",\"@id\":\"https:\/\/www.isdin.com\/es\/blog\/#website\",\"url\":\"https:\/\/www.isdin.com\/es\/blog\/\",\"name\":\"ISDIN\",\"description\":\"Novedades, lanzamientos de productos y toda la experiencia de ISDIN\",\"publisher\":{\"@id\":\"https:\/\/www.isdin.com\/es\/blog\/#organization\"},\"potentialAction\":[{\"@type\":\"SearchAction\",\"target\":{\"@type\":\"EntryPoint\",\"urlTemplate\":\"https:\/\/www.isdin.com\/es\/blog\/?s={search_term_string}\"},\"query-input\":{\"@type\":\"PropertyValueSpecification\",\"valueRequired\":true,\"valueName\":\"search_term_string\"}}],\"inLanguage\":\"es-ES\"},{\"@type\":\"Organization\",\"@id\":\"https:\/\/www.isdin.com\/es\/blog\/#organization\",\"name\":\"ISDIN\",\"alternateName\":\"ISDIN\",\"url\":\"https:\/\/www.isdin.com\/es\/blog\/\",\"logo\":{\"@type\":\"ImageObject\",\"inLanguage\":\"es-ES\",\"@id\":\"https:\/\/www.isdin.com\/es\/blog\/#\/schema\/logo\/image\/\",\"url\":\"https:\/\/www.isdin.com\/es\/blog\/wp-content\/uploads\/2024\/05\/2025_03_GuiaFoto_FWM.png\",\"contentUrl\":\"https:\/\/www.isdin.com\/es\/blog\/wp-content\/uploads\/2024\/05\/2025_03_GuiaFoto_FWM.png\",\"width\":670,\"height\":683,\"caption\":\"ISDIN\"},\"image\":{\"@id\":\"https:\/\/www.isdin.com\/es\/blog\/#\/schema\/logo\/image\/\"},\"sameAs\":[\"https:\/\/es-es.facebook.com\/ISDIN.official\/\",\"https:\/\/x.com\/isdin_official\",\"https:\/\/www.instagram.com\/isdinofficial\",\"https:\/\/www.youtube.com\/channel\/UCtoNJMKpDwdFLqgV23_lcqg\"],\"telephone\":\"659997812\"},{\"@type\":\"Person\",\"@id\":\"https:\/\/www.isdin.com\/es\/blog\/#\/schema\/person\/684015d7d9e78124cb4aa660f6fe8576\",\"name\":\"Belinda Mart\u00ednez\",\"image\":{\"@type\":\"ImageObject\",\"inLanguage\":\"es-ES\",\"@id\":\"https:\/\/www.isdin.com\/es\/blog\/#\/schema\/person\/image\/\",\"url\":\"https:\/\/www.isdin.com\/es\/blog\/wp-content\/uploads\/2017\/07\/jjjj.jpg\",\"contentUrl\":\"https:\/\/www.isdin.com\/es\/blog\/wp-content\/uploads\/2017\/07\/jjjj.jpg\",\"caption\":\"Belinda Mart\u00ednez\"},\"description\":\"Belinda es periodista y copywriter creativa. Tras a\u00f1os de experiencia, decidi\u00f3 fusionar sus habilidades de escritura con su amor por el skincare, convirti\u00e9ndose en una especialista en la materia. \u00bfSu imprescindible? Un buen b\u00e1lsamo de labios.\",\"sameAs\":[\"https:\/\/www.linkedin.com\/in\/thisisbel\/\"],\"url\":\"https:\/\/www.isdin.com\/es\/blog\/author\/belindamartinez\/\"}]}<\/script>\n<!-- \/ Yoast SEO Premium plugin. -->","yoast_head_json":{"title":"Capas de la piel: cu\u00e1les son, qu\u00e9 ocurre en cada una y c\u00f3mo envejecen - ISDIN","description":"Descubre las capas de la piel, qu\u00e9 hace cada una y c\u00f3mo envejecen. Aprende a cuidarlas mejor y mejorar tu rutina de skincare.","robots":{"index":"index","follow":"follow","max-snippet":"max-snippet:-1","max-image-preview":"max-image-preview:large","max-video-preview":"max-video-preview:-1"},"canonical":"https:\/\/www.isdin.com\/es\/blog\/bajo-tu-piel-sus-capas-y-funciones\/","og_locale":"es_ES","og_type":"article","og_title":"Capas de la piel: cu\u00e1les son, qu\u00e9 ocurre en cada una y c\u00f3mo envejecen","og_description":"Descubre las capas de la piel, qu\u00e9 hace cada una y c\u00f3mo envejecen. Aprende a cuidarlas mejor y mejorar tu rutina de skincare.","og_url":"https:\/\/www.isdin.com\/es\/blog\/bajo-tu-piel-sus-capas-y-funciones\/","og_site_name":"ISDIN","article_publisher":"https:\/\/es-es.facebook.com\/ISDIN.official\/","article_published_time":"2026-03-25T22:37:39+00:00","article_modified_time":"2026-03-25T22:37:41+00:00","og_image":[{"width":1200,"height":760,"url":"https:\/\/www.isdin.com\/es\/blog\/wp-content\/uploads\/2024\/03\/Header-15.png","type":"image\/png"}],"author":"Belinda Mart\u00ednez","twitter_card":"summary_large_image","twitter_creator":"@isdin_official","twitter_site":"@isdin_official","twitter_misc":{"Written by":"Belinda Mart\u00ednez","Est. reading time":"8 minutes"},"schema":{"@context":"https:\/\/schema.org","@graph":[{"@type":"Article","@id":"https:\/\/www.isdin.com\/es\/blog\/bajo-tu-piel-sus-capas-y-funciones\/#article","isPartOf":{"@id":"https:\/\/www.isdin.com\/es\/blog\/bajo-tu-piel-sus-capas-y-funciones\/"},"author":{"name":"Belinda Mart\u00ednez","@id":"https:\/\/www.isdin.com\/es\/blog\/#\/schema\/person\/684015d7d9e78124cb4aa660f6fe8576"},"headline":"Capas de la piel: cu\u00e1les son, qu\u00e9 ocurre en cada una y c\u00f3mo envejecen","datePublished":"2026-03-25T22:37:39+00:00","dateModified":"2026-03-25T22:37:41+00:00","mainEntityOfPage":{"@id":"https:\/\/www.isdin.com\/es\/blog\/bajo-tu-piel-sus-capas-y-funciones\/"},"wordCount":1355,"publisher":{"@id":"https:\/\/www.isdin.com\/es\/blog\/#organization"},"image":{"@id":"https:\/\/www.isdin.com\/es\/blog\/bajo-tu-piel-sus-capas-y-funciones\/#primaryimage"},"thumbnailUrl":"https:\/\/www.isdin.com\/es\/blog\/wp-content\/uploads\/2024\/03\/Header-15.png","keywords":["capas de la piel","cuidado facial","cuidado piel"],"articleSection":["Consejos y cuidados","Cuidado facial"],"inLanguage":"es-ES"},{"@type":"WebPage","@id":"https:\/\/www.isdin.com\/es\/blog\/bajo-tu-piel-sus-capas-y-funciones\/","url":"https:\/\/www.isdin.com\/es\/blog\/bajo-tu-piel-sus-capas-y-funciones\/","name":"Capas de la piel: cu\u00e1les son, qu\u00e9 ocurre en cada una y c\u00f3mo envejecen - ISDIN","isPartOf":{"@id":"https:\/\/www.isdin.com\/es\/blog\/#website"},"primaryImageOfPage":{"@id":"https:\/\/www.isdin.com\/es\/blog\/bajo-tu-piel-sus-capas-y-funciones\/#primaryimage"},"image":{"@id":"https:\/\/www.isdin.com\/es\/blog\/bajo-tu-piel-sus-capas-y-funciones\/#primaryimage"},"thumbnailUrl":"https:\/\/www.isdin.com\/es\/blog\/wp-content\/uploads\/2024\/03\/Header-15.png","datePublished":"2026-03-25T22:37:39+00:00","dateModified":"2026-03-25T22:37:41+00:00","description":"Descubre las capas de la piel, qu\u00e9 hace cada una y c\u00f3mo envejecen. Aprende a cuidarlas mejor y mejorar tu rutina de skincare.","breadcrumb":{"@id":"https:\/\/www.isdin.com\/es\/blog\/bajo-tu-piel-sus-capas-y-funciones\/#breadcrumb"},"inLanguage":"es-ES","potentialAction":[{"@type":"ReadAction","target":["https:\/\/www.isdin.com\/es\/blog\/bajo-tu-piel-sus-capas-y-funciones\/"]}]},{"@type":"ImageObject","inLanguage":"es-ES","@id":"https:\/\/www.isdin.com\/es\/blog\/bajo-tu-piel-sus-capas-y-funciones\/#primaryimage","url":"https:\/\/www.isdin.com\/es\/blog\/wp-content\/uploads\/2024\/03\/Header-15.png","contentUrl":"https:\/\/www.isdin.com\/es\/blog\/wp-content\/uploads\/2024\/03\/Header-15.png","width":1200,"height":760,"caption":"Dos personas abraz\u00e1ndose con piel visible en primer plano, simbolizando cuidado, contacto y bienestar cut\u00e1neo"},{"@type":"BreadcrumbList","@id":"https:\/\/www.isdin.com\/es\/blog\/bajo-tu-piel-sus-capas-y-funciones\/#breadcrumb","itemListElement":[{"@type":"ListItem","position":1,"name":"Portada","item":"https:\/\/www.isdin.com\/es\/blog\/"},{"@type":"ListItem","position":2,"name":"Capas de la piel: cu\u00e1les son, qu\u00e9 ocurre en cada una y c\u00f3mo envejecen"}]},{"@type":"WebSite","@id":"https:\/\/www.isdin.com\/es\/blog\/#website","url":"https:\/\/www.isdin.com\/es\/blog\/","name":"ISDIN","description":"Novedades, lanzamientos de productos y toda la experiencia de ISDIN","publisher":{"@id":"https:\/\/www.isdin.com\/es\/blog\/#organization"},"potentialAction":[{"@type":"SearchAction","target":{"@type":"EntryPoint","urlTemplate":"https:\/\/www.isdin.com\/es\/blog\/?s={search_term_string}"},"query-input":{"@type":"PropertyValueSpecification","valueRequired":true,"valueName":"search_term_string"}}],"inLanguage":"es-ES"},{"@type":"Organization","@id":"https:\/\/www.isdin.com\/es\/blog\/#organization","name":"ISDIN","alternateName":"ISDIN","url":"https:\/\/www.isdin.com\/es\/blog\/","logo":{"@type":"ImageObject","inLanguage":"es-ES","@id":"https:\/\/www.isdin.com\/es\/blog\/#\/schema\/logo\/image\/","url":"https:\/\/www.isdin.com\/es\/blog\/wp-content\/uploads\/2024\/05\/2025_03_GuiaFoto_FWM.png","contentUrl":"https:\/\/www.isdin.com\/es\/blog\/wp-content\/uploads\/2024\/05\/2025_03_GuiaFoto_FWM.png","width":670,"height":683,"caption":"ISDIN"},"image":{"@id":"https:\/\/www.isdin.com\/es\/blog\/#\/schema\/logo\/image\/"},"sameAs":["https:\/\/es-es.facebook.com\/ISDIN.official\/","https:\/\/x.com\/isdin_official","https:\/\/www.instagram.com\/isdinofficial","https:\/\/www.youtube.com\/channel\/UCtoNJMKpDwdFLqgV23_lcqg"],"telephone":"659997812"},{"@type":"Person","@id":"https:\/\/www.isdin.com\/es\/blog\/#\/schema\/person\/684015d7d9e78124cb4aa660f6fe8576","name":"Belinda Mart\u00ednez","image":{"@type":"ImageObject","inLanguage":"es-ES","@id":"https:\/\/www.isdin.com\/es\/blog\/#\/schema\/person\/image\/","url":"https:\/\/www.isdin.com\/es\/blog\/wp-content\/uploads\/2017\/07\/jjjj.jpg","contentUrl":"https:\/\/www.isdin.com\/es\/blog\/wp-content\/uploads\/2017\/07\/jjjj.jpg","caption":"Belinda Mart\u00ednez"},"description":"Belinda es periodista y copywriter creativa. Tras a\u00f1os de experiencia, decidi\u00f3 fusionar sus habilidades de escritura con su amor por el skincare, convirti\u00e9ndose en una especialista en la materia. \u00bfSu imprescindible? Un buen b\u00e1lsamo de labios.","sameAs":["https:\/\/www.linkedin.com\/in\/thisisbel\/"],"url":"https:\/\/www.isdin.com\/es\/blog\/author\/belindamartinez\/"}]}},"_links":{"self":[{"href":"https:\/\/www.isdin.com\/es\/blog\/wp-json\/wp\/v2\/posts\/9653","targetHints":{"allow":["GET"]}}],"collection":[{"href":"https:\/\/www.isdin.com\/es\/blog\/wp-json\/wp\/v2\/posts"}],"about":[{"href":"https:\/\/www.isdin.com\/es\/blog\/wp-json\/wp\/v2\/types\/post"}],"author":[{"embeddable":true,"href":"https:\/\/www.isdin.com\/es\/blog\/wp-json\/wp\/v2\/users\/69"}],"replies":[{"embeddable":true,"href":"https:\/\/www.isdin.com\/es\/blog\/wp-json\/wp\/v2\/comments?post=9653"}],"version-history":[{"count":5,"href":"https:\/\/www.isdin.com\/es\/blog\/wp-json\/wp\/v2\/posts\/9653\/revisions"}],"predecessor-version":[{"id":13386,"href":"https:\/\/www.isdin.com\/es\/blog\/wp-json\/wp\/v2\/posts\/9653\/revisions\/13386"}],"wp:featuredmedia":[{"embeddable":true,"href":"https:\/\/www.isdin.com\/es\/blog\/wp-json\/wp\/v2\/media\/13385"}],"wp:attachment":[{"href":"https:\/\/www.isdin.com\/es\/blog\/wp-json\/wp\/v2\/media?parent=9653"}],"wp:term":[{"taxonomy":"category","embeddable":true,"href":"https:\/\/www.isdin.com\/es\/blog\/wp-json\/wp\/v2\/categories?post=9653"},{"taxonomy":"post_tag","embeddable":true,"href":"https:\/\/www.isdin.com\/es\/blog\/wp-json\/wp\/v2\/tags?post=9653"}],"curies":[{"name":"wp","href":"https:\/\/api.w.org\/{rel}","templated":true}]}}