{"id":9633,"date":"2026-03-13T15:42:39","date_gmt":"2026-03-13T15:42:39","guid":{"rendered":"https:\/\/www.isdin.com\/es\/blog\/?p=9633"},"modified":"2026-03-19T09:30:05","modified_gmt":"2026-03-19T09:30:05","slug":"regalos-skincare-para-hombres","status":"publish","type":"post","link":"https:\/\/www.isdin.com\/es\/blog\/regalos-skincare-para-hombres\/","title":{"rendered":"Ideas de regalos para el D\u00eda del Padre: skincare para hombres que deja huella"},"content":{"rendered":"\n<p>Hay hombres en nuestra vida que lo significan todo: <strong>padres, abuelos, amigos o compa\u00f1eros<\/strong> que nos han acompa\u00f1ado y apoyado en cada etapa. Cuando llega el <a href=\"https:\/\/www.notion.so\/Ideas-de-regalos-para-el-D-a-del-Padre-skincare-para-hombres-que-deja-huella-874d437a3d2b414693251b808ad6e8e3?pvs=21\">D\u00eda del Padre<\/a> o cualquier ocasi\u00f3n especial, queremos devolverles un poco de todo lo que nos han dado. Pero, <strong>\u00bfqu\u00e9 regalarles?<\/strong> M\u00e1s all\u00e1 de los cl\u00e1sicos, cada vez m\u00e1s personas buscan <strong>regalos originales para el D\u00eda del Padre<\/strong> que aporten algo m\u00e1s.<\/p>\n\n\n\n<p>Una opci\u00f3n cada vez m\u00e1s popular es apostar por el <strong>skincare para hombres<\/strong>. Regalar <strong>productos de cuidado facial masculino<\/strong> no solo es \u00fatil, tambi\u00e9n es una forma de invitarles a cuidar su piel y dedicar tiempo a su bienestar.<\/p>\n\n\n\n<p>Porque regalar bienestar es una forma de decir \u00abte quiero\u00bb. Y porque cuidar de quienes queremos <strong>es el mejor regalo que podemos darles.<\/strong><\/p>\n\n\n\n<h2 class=\"wp-block-heading\">\u00bfC\u00f3mo es la piel de los hombres y por qu\u00e9 necesita cuidados especiales?<\/h2>\n\n\n\n<p>El deseo de lucir una piel bonita y saludable es algo universal, pero los tipos de piel no lo son. \u00bfTe has parado alguna vez a pensar en estas diferencias? Hablando en t\u00e9rminos generales, <strong>la piel de los hombres <a href=\"https:\/\/pmc.ncbi.nlm.nih.gov\/articles\/PMC6116811\/\">es un 20 % m\u00e1s gruesa<\/a> que la femenina, tiene m\u00e1s grasa y envejece de forma distinta.<\/strong><\/p>\n\n\n\n<p>Las arrugas se dibujan con las sonrisas, las vivencias dejan su huella y el paso del tiempo se hace visible de una forma \u00fanica en cada rostro. La piel masculina, gracias a su mayor cantidad de <a href=\"https:\/\/www.isdin.com\/blog\/beneficios-del-colageno-para-la-piel\/\">col\u00e1geno<\/a>, suele tardar m\u00e1s en mostrar signos de envejecimiento, pero cuando lo hace, \u00a1ya no hay vuelta atr\u00e1s!<\/p>\n\n\n\n<p>Adem\u00e1s, factores como el <a href=\"https:\/\/www.mayoclinic.org\/es\/healthy-lifestyle\/adult-health\/multimedia\/shaving-too-close-can-cause-skin-problems\/vid-20527474\">afeitado frecuente<\/a>, la <a href=\"https:\/\/www.isdin.com\/es\/blog\/guia-proteccion-solar-en-nieve\/\">exposici\u00f3n al sol<\/a> o el <a href=\"https:\/\/www.isdin.com\/es\/blog\/que-es-el-exposoma-factores-externos-piel\/\">estr\u00e9s diario<\/a> pueden afectar al equilibrio de la piel. Por eso, seguir una <strong>rutina de cuidado facial para hombres<\/strong> ayuda a mantener la piel hidratada, protegida y con un aspecto saludable durante m\u00e1s tiempo.<\/p>\n\n\n\n<h2 class=\"wp-block-heading\" id=\"h-1-empieza-el-dia-con-tu-persona-favorita\">1. Empieza el d\u00eda con tu persona favorita<\/h2>\n\n\n\n<p><\/p>\n\n\n\n<figure class=\"wp-block-image size-full\"><img loading=\"lazy\" decoding=\"async\" width=\"1200\" height=\"618\" src=\"data:image\/gif;base64,R0lGODlhAQABAAAAACH5BAEKAAEALAAAAAABAAEAAAICTAEAOw==\" data-src=\"https:\/\/www.isdin.com\/es\/blog\/wp-content\/uploads\/2025\/03\/Imagen-en-el-contenido-47.png\" alt=\"Tostadas con aguacate y semillas en plato, ejemplo de alimentaci\u00f3n saludable que contribuye al bienestar y cuidado de la piel.\" class=\"wp-image-13349 lazyload\" data-sizes=\"auto\" data-srcset=\"https:\/\/www.isdin.com\/es\/blog\/wp-content\/uploads\/2025\/03\/Imagen-en-el-contenido-47.png 1200w, https:\/\/www.isdin.com\/es\/blog\/wp-content\/uploads\/2025\/03\/Imagen-en-el-contenido-47-300x155.png 300w, https:\/\/www.isdin.com\/es\/blog\/wp-content\/uploads\/2025\/03\/Imagen-en-el-contenido-47-1024x527.png 1024w, https:\/\/www.isdin.com\/es\/blog\/wp-content\/uploads\/2025\/03\/Imagen-en-el-contenido-47-150x77.png 150w, https:\/\/www.isdin.com\/es\/blog\/wp-content\/uploads\/2025\/03\/Imagen-en-el-contenido-47-768x396.png 768w, https:\/\/www.isdin.com\/es\/blog\/wp-content\/uploads\/2025\/03\/Imagen-en-el-contenido-47-585x300.png 585w, https:\/\/www.isdin.com\/es\/blog\/wp-content\/uploads\/2025\/03\/Imagen-en-el-contenido-47-450x232.png 450w, https:\/\/www.isdin.com\/es\/blog\/wp-content\/uploads\/2025\/03\/Imagen-en-el-contenido-47-20x11.png 20w, https:\/\/www.isdin.com\/es\/blog\/wp-content\/uploads\/2025\/03\/Imagen-en-el-contenido-47-225x116.png 225w, https:\/\/www.isdin.com\/es\/blog\/wp-content\/uploads\/2025\/03\/Imagen-en-el-contenido-47-900x464.png 900w\" sizes=\"auto, (max-width: 1200px) 100vw, 1200px\" \/><\/figure>\n\n\n\n<p><\/p>\n\n\n\n<p>No hay nada como comenzar el d\u00eda con alguien especial, compartiendo risas, conversaciones y esos peque\u00f1os rituales cotidianos que hacen la vida m\u00e1s bonita. Por eso, este puede ser el momento perfecto para <a href=\"https:\/\/www.isdin.com\/es\/blog\/ideas-regalos-san-valentin-skincare\/\">entregarle su regalo<\/a>.<\/p>\n\n\n\n<p>Y si est\u00e1s preparando un neceser especial para \u00e9l, hay ciertos b\u00e1sicos que siempre suman. Porque entre el <a href=\"https:\/\/www.isdin.com\/es\/blog\/como-afecta-el-estres-a-nuestra-piel\/\">estr\u00e9s<\/a>, las prisas y el ritmo del d\u00eda a d\u00eda, <strong>el cabello tambi\u00e9n puede resentirse<\/strong> si no le prestamos un poco de atenci\u00f3n.<\/p>\n\n\n\n<p>Un b\u00e1sico que siempre suma<\/p>\n\n\n\n<h3 class=\"wp-block-heading\">Un buen <em>after shave<\/em> nunca falla<\/h3>\n\n\n\n<figure class=\"wp-block-image size-large\"><img loading=\"lazy\" decoding=\"async\" width=\"1024\" height=\"527\" src=\"data:image\/gif;base64,R0lGODlhAQABAAAAACH5BAEKAAEALAAAAAABAAEAAAICTAEAOw==\" data-src=\"https:\/\/www.isdin.com\/es\/blog\/wp-content\/uploads\/2026\/03\/Producto-Textura-19-1024x527.png\" alt=\"promoci\u00f3n d\u00eda del padre lambdapil\" class=\"wp-image-13372 lazyload\" data-sizes=\"auto\" data-srcset=\"https:\/\/www.isdin.com\/es\/blog\/wp-content\/uploads\/2026\/03\/Producto-Textura-19-1024x527.png 1024w, https:\/\/www.isdin.com\/es\/blog\/wp-content\/uploads\/2026\/03\/Producto-Textura-19-300x155.png 300w, https:\/\/www.isdin.com\/es\/blog\/wp-content\/uploads\/2026\/03\/Producto-Textura-19-150x77.png 150w, https:\/\/www.isdin.com\/es\/blog\/wp-content\/uploads\/2026\/03\/Producto-Textura-19-768x396.png 768w, https:\/\/www.isdin.com\/es\/blog\/wp-content\/uploads\/2026\/03\/Producto-Textura-19-1536x791.png 1536w, https:\/\/www.isdin.com\/es\/blog\/wp-content\/uploads\/2026\/03\/Producto-Textura-19-2048x1055.png 2048w, https:\/\/www.isdin.com\/es\/blog\/wp-content\/uploads\/2026\/03\/Producto-Textura-19-585x300.png 585w, https:\/\/www.isdin.com\/es\/blog\/wp-content\/uploads\/2026\/03\/Producto-Textura-19-450x232.png 450w, https:\/\/www.isdin.com\/es\/blog\/wp-content\/uploads\/2026\/03\/Producto-Textura-19-20x11.png 20w, https:\/\/www.isdin.com\/es\/blog\/wp-content\/uploads\/2026\/03\/Producto-Textura-19-225x116.png 225w, https:\/\/www.isdin.com\/es\/blog\/wp-content\/uploads\/2026\/03\/Producto-Textura-19-900x464.png 900w, https:\/\/www.isdin.com\/es\/blog\/wp-content\/uploads\/2026\/03\/Producto-Textura-19-1350x695.png 1350w\" sizes=\"auto, (max-width: 1024px) 100vw, 1024px\" \/><\/figure>\n\n\n\n<p><\/p>\n\n\n\n<p>\u00bfNuestra opci\u00f3n preferida? <a href=\"https:\/\/www.isdin.com\/es\/p\/lambdapil-champu-anticaida\/1489\"><strong>Lambdapil Champ\u00fa Antica\u00edda<\/strong><\/a>. Su f\u00f3rmula ayuda a reducir la ca\u00edda excesiva del cabello y a aumentar la densidad capilar, aportando fuerza y vigor para un cabello con aspecto m\u00e1s saludable.<\/p>\n\n\n\n<p>Como nos dice Berta Ochoa, Derma Business Unit Manager: \u2018\u2019Cuidar el cabello a diario marca la diferencia. Me encanta c\u00f3mo deja el cabello: con m\u00e1s fuerza y un aspecto visiblemente m\u00e1s saludable\u201d.<\/p>\n\n\n\n<blockquote class=\"wp-block-quote is-layout-flow wp-block-quote-is-layout-flow\">\n<p>\u201cCuidar el cabello a diario marca la diferencia. Me encanta c\u00f3mo deja el cabello: con m\u00e1s fuerza y un aspecto visiblemente m\u00e1s saludable\u201d.<\/p>\n<cite>Berta Ochoa, Derma Business Unit Manager<\/cite><\/blockquote>\n\n\n\n<h2 class=\"wp-block-heading\" id=\"h-2-haz-un-plan-a-su-medida\">2. Haz un plan a su medida<\/h2>\n\n\n\n<p><\/p>\n\n\n\n<figure class=\"wp-block-image size-full\"><img loading=\"lazy\" decoding=\"async\" width=\"1200\" height=\"618\" src=\"data:image\/gif;base64,R0lGODlhAQABAAAAACH5BAEKAAEALAAAAAABAAEAAAICTAEAOw==\" data-src=\"https:\/\/www.isdin.com\/es\/blog\/wp-content\/uploads\/2024\/03\/2025_03_Dia-del-padre_IMG03.jpg\" alt=\"pareja ideas de planes\" class=\"wp-image-11789 lazyload\"\/><\/figure>\n\n\n\n<p><\/p>\n\n\n\n<p><strong>Regalar tiempo es uno de los gestos m\u00e1s valiosos<\/strong>, porque es lo \u00fanico que, cuando pasa, no vuelve. Por eso, adem\u00e1s de su <em>kit<\/em> de cuidado facial, puedes sorprenderlo con un plan especial: una comida en su restaurante favorito, una escapada de fin de semana o ese concierto que lleva tiempo esperando.<\/p>\n\n\n\n<p>Antes de salir, la piel tambi\u00e9n merece su momento. <strong>Un extra de hidrataci\u00f3n puede transformar el rostro<\/strong>, dej\u00e1ndolo fresco, descansado y listo para disfrutar del d\u00eda.<\/p>\n\n\n\n<p>Con el tiempo, la piel <a href=\"https:\/\/www.isdin.com\/es\/blog\/perdida-de-agua-transepidermica-que-es\/\">pierde hidrataci\u00f3n<\/a> de forma natural, y en el caso de los hombres, el afeitado frecuente puede hacerla a\u00fan m\u00e1s propensa a la sequedad. Aqu\u00ed es donde el <a href=\"https:\/\/www.isdin.com\/blog\/para-que-sirve-acido-hialuronico\/\">\u00e1cido hialur\u00f3nico<\/a> se convierte en un imprescindible. <strong>Es capaz de <a href=\"https:\/\/www.notion.so\/Ideas-de-regalos-para-el-D-a-del-Padre-skincare-para-hombres-que-deja-huella-874d437a3d2b414693251b808ad6e8e3?pvs=21\">retener hasta 1000 veces<\/a> su peso en agua<\/strong>, proporcionando una hidrataci\u00f3n profunda y ayudando a mantener la piel suave y luminosa.<\/p>\n\n\n\n<p>Desde el equipo de Medical Affairs de ISDIN, nos lo explican as\u00ed: \u2018\u2019El \u00e1cido hialur\u00f3nico ayuda a reponer la hidrataci\u00f3n perdida y a retenerla, funcionando como un im\u00e1n para la humedad\u2019\u2019.<\/p>\n\n\n\n<h3 class=\"wp-block-heading\" id=\"h-solo-dos-pasos-para-una-piel-hidratada-y-lista-para-cualquier-ocasion\">Solo dos pasos para una piel hidratada y lista para cualquier ocasi\u00f3n<\/h3>\n\n\n\n<figure class=\"wp-block-image size-large\"><img loading=\"lazy\" decoding=\"async\" width=\"1024\" height=\"527\" src=\"data:image\/gif;base64,R0lGODlhAQABAAAAACH5BAEKAAEALAAAAAABAAEAAAICTAEAOw==\" data-src=\"https:\/\/www.isdin.com\/es\/blog\/wp-content\/uploads\/2024\/03\/2024_regaloshombre_IMG04-1-1024x527.png\" alt=\"skincare para hombres\" class=\"wp-image-11790 lazyload\" data-sizes=\"auto\" data-srcset=\"https:\/\/www.isdin.com\/es\/blog\/wp-content\/uploads\/2024\/03\/2024_regaloshombre_IMG04-1-1024x527.png 1024w, https:\/\/www.isdin.com\/es\/blog\/wp-content\/uploads\/2024\/03\/2024_regaloshombre_IMG04-1-300x155.png 300w, https:\/\/www.isdin.com\/es\/blog\/wp-content\/uploads\/2024\/03\/2024_regaloshombre_IMG04-1-150x77.png 150w, https:\/\/www.isdin.com\/es\/blog\/wp-content\/uploads\/2024\/03\/2024_regaloshombre_IMG04-1-768x396.png 768w, https:\/\/www.isdin.com\/es\/blog\/wp-content\/uploads\/2024\/03\/2024_regaloshombre_IMG04-1-585x300.png 585w, https:\/\/www.isdin.com\/es\/blog\/wp-content\/uploads\/2024\/03\/2024_regaloshombre_IMG04-1-450x232.png 450w, https:\/\/www.isdin.com\/es\/blog\/wp-content\/uploads\/2024\/03\/2024_regaloshombre_IMG04-1-20x11.png 20w, https:\/\/www.isdin.com\/es\/blog\/wp-content\/uploads\/2024\/03\/2024_regaloshombre_IMG04-1-225x116.png 225w, https:\/\/www.isdin.com\/es\/blog\/wp-content\/uploads\/2024\/03\/2024_regaloshombre_IMG04-1-900x464.png 900w, https:\/\/www.isdin.com\/es\/blog\/wp-content\/uploads\/2024\/03\/2024_regaloshombre_IMG04-1.png 1200w\" sizes=\"auto, (max-width: 1024px) 100vw, 1024px\" \/><\/figure>\n\n\n\n<p><\/p>\n\n\n\n<p>Para conseguir una piel fresca y revitalizada, nos recomiendan <strong>dos productos clave dentro de una rutina de skincare para hombres<\/strong>, perfectos para incluir en un regalo del D\u00eda del Padre.<\/p>\n\n\n\n<ul class=\"wp-block-list\">\n<li><a href=\"https:\/\/www.isdin.com\/producto\/isdinceutics\/k-ox-eyes\"><strong>K-Ox Eyes<\/strong><\/a>, un imprescindible para el contorno de ojos, ayuda a revitalizar la mirada, mejorar la elasticidad de la piel y suavizar la apariencia de bolsas y ojeras.<\/li>\n\n\n\n<li>El segundo paso es <strong><a href=\"https:\/\/www.isdin.com\/producto\/isdinceutics\/hyaluronic-concentrate\">Hyaluronic Concentrate<\/a><\/strong>, un s\u00e9rum con textura <em>aqua-gel<\/em> ligera y refrescante que aporta hidrataci\u00f3n intensa, mejora el aspecto de la piel y ayuda a minimizar la apariencia de los poros sin dejar sensaci\u00f3n grasa.<\/li>\n<\/ul>\n\n\n\n<h2 class=\"wp-block-heading\" id=\"h-3-el-toque-final-proteger-su-piel-siempre\">3. El toque final: proteger su piel siempre<\/h2>\n\n\n\n<figure class=\"wp-block-image size-full\"><img loading=\"lazy\" decoding=\"async\" width=\"1200\" height=\"618\" src=\"data:image\/gif;base64,R0lGODlhAQABAAAAACH5BAEKAAEALAAAAAABAAEAAAICTAEAOw==\" data-src=\"https:\/\/www.isdin.com\/es\/blog\/wp-content\/uploads\/2025\/03\/Imagen-en-el-contenido-50.png\" alt=\"Padre y su hija caminando por la monta\u00f1a durante una excursi\u00f3n, momento especial al aire libre en el D\u00eda del Padre.\" class=\"wp-image-13345 lazyload\" data-sizes=\"auto\" data-srcset=\"https:\/\/www.isdin.com\/es\/blog\/wp-content\/uploads\/2025\/03\/Imagen-en-el-contenido-50.png 1200w, https:\/\/www.isdin.com\/es\/blog\/wp-content\/uploads\/2025\/03\/Imagen-en-el-contenido-50-300x155.png 300w, https:\/\/www.isdin.com\/es\/blog\/wp-content\/uploads\/2025\/03\/Imagen-en-el-contenido-50-1024x527.png 1024w, https:\/\/www.isdin.com\/es\/blog\/wp-content\/uploads\/2025\/03\/Imagen-en-el-contenido-50-150x77.png 150w, https:\/\/www.isdin.com\/es\/blog\/wp-content\/uploads\/2025\/03\/Imagen-en-el-contenido-50-768x396.png 768w, https:\/\/www.isdin.com\/es\/blog\/wp-content\/uploads\/2025\/03\/Imagen-en-el-contenido-50-585x300.png 585w, https:\/\/www.isdin.com\/es\/blog\/wp-content\/uploads\/2025\/03\/Imagen-en-el-contenido-50-450x232.png 450w, https:\/\/www.isdin.com\/es\/blog\/wp-content\/uploads\/2025\/03\/Imagen-en-el-contenido-50-20x11.png 20w, https:\/\/www.isdin.com\/es\/blog\/wp-content\/uploads\/2025\/03\/Imagen-en-el-contenido-50-225x116.png 225w, https:\/\/www.isdin.com\/es\/blog\/wp-content\/uploads\/2025\/03\/Imagen-en-el-contenido-50-900x464.png 900w\" sizes=\"auto, (max-width: 1200px) 100vw, 1200px\" \/><\/figure>\n\n\n\n<p><\/p>\n\n\n\n<p>Salir a la monta\u00f1a, perderse por una ciudad nueva o disfrutar de una tarde de terrazas\u2026 <strong>\u00bfqu\u00e9 tienen en com\u00fan muchos de los mejores planes?<\/strong> Exacto: <a href=\"https:\/\/www.isdin.com\/es\/blog\/beneficios-sol-cuerpo-mente-piel\/\">el sol<\/a>.<\/p>\n\n\n\n<p>Ese compa\u00f1ero que nos llena de energ\u00eda y nos invita a pasar m\u00e1s tiempo al aire libre. Sin embargo, <strong>la <a href=\"https:\/\/www.isdin.com\/es\/blog\/efectos-radiacion-solar-piel\/\">exposici\u00f3n solar<\/a> sin protecci\u00f3n puede afectar a la piel<\/strong>, desde peque\u00f1as quemaduras hasta problemas m\u00e1s serios a largo plazo, como el <a href=\"https:\/\/www.isdin.com\/es\/blog\/melanoma-causas-y-como-prevenirlo\/\">melanoma<\/a>.<\/p>\n\n\n\n<p>Los <strong>rayos UV<\/strong> son uno de los principales responsables del envejecimiento prematuro de la piel y pueden aumentar el riesgo de desarrollar c\u00e1ncer cut\u00e1neo. Por eso, <strong>usar protecci\u00f3n solar no es solo un paso m\u00e1s en una rutina de <em>skincare para hombres<\/em>, sino un gesto clave para mantener la piel sana y prevenir el <a href=\"https:\/\/www.isdin.com\/es\/blog\/efectos-del-fotoenvejecimiento-en-la-piel\/\">fotoenvejecimiento<\/a>.<\/strong><\/p>\n\n\n\n<p class=\"has-background\" style=\"background-color:#dff2ff\">Al final, <strong>lo importante no es solo el plan, sino compartir ese tiempo juntos y disfrutarlo al m\u00e1ximo<\/strong>. Y para hacerlo con tranquilidad, proteger su piel tambi\u00e9n forma parte del d\u00eda.<\/p>\n\n\n\n<h3 class=\"wp-block-heading\" id=\"h-un-dia-para-disfrutar-una-piel-para-cuidar\">Un d\u00eda para disfrutar, una piel para cuidar+<\/h3>\n\n\n\n<figure class=\"wp-block-image size-large\"><img loading=\"lazy\" decoding=\"async\" width=\"1024\" height=\"527\" src=\"data:image\/gif;base64,R0lGODlhAQABAAAAACH5BAEKAAEALAAAAAABAAEAAAICTAEAOw==\" data-src=\"https:\/\/www.isdin.com\/es\/blog\/wp-content\/uploads\/2025\/03\/Imagen-en-el-contenido-49-1024x527.png\" alt=\"Hombre sonriendo mientras sostiene un fotoprotector facial ISDIN, producto de skincare para hombres con protecci\u00f3n solar.\" class=\"wp-image-13346 lazyload\" data-sizes=\"auto\" data-srcset=\"https:\/\/www.isdin.com\/es\/blog\/wp-content\/uploads\/2025\/03\/Imagen-en-el-contenido-49-1024x527.png 1024w, https:\/\/www.isdin.com\/es\/blog\/wp-content\/uploads\/2025\/03\/Imagen-en-el-contenido-49-300x155.png 300w, https:\/\/www.isdin.com\/es\/blog\/wp-content\/uploads\/2025\/03\/Imagen-en-el-contenido-49-150x77.png 150w, https:\/\/www.isdin.com\/es\/blog\/wp-content\/uploads\/2025\/03\/Imagen-en-el-contenido-49-768x396.png 768w, https:\/\/www.isdin.com\/es\/blog\/wp-content\/uploads\/2025\/03\/Imagen-en-el-contenido-49-585x300.png 585w, https:\/\/www.isdin.com\/es\/blog\/wp-content\/uploads\/2025\/03\/Imagen-en-el-contenido-49-450x232.png 450w, https:\/\/www.isdin.com\/es\/blog\/wp-content\/uploads\/2025\/03\/Imagen-en-el-contenido-49-20x11.png 20w, https:\/\/www.isdin.com\/es\/blog\/wp-content\/uploads\/2025\/03\/Imagen-en-el-contenido-49-225x116.png 225w, https:\/\/www.isdin.com\/es\/blog\/wp-content\/uploads\/2025\/03\/Imagen-en-el-contenido-49-900x464.png 900w, https:\/\/www.isdin.com\/es\/blog\/wp-content\/uploads\/2025\/03\/Imagen-en-el-contenido-49.png 1200w\" sizes=\"auto, (max-width: 1024px) 100vw, 1024px\" \/><\/figure>\n\n\n\n<p><\/p>\n\n\n\n<p>Si el mayor obst\u00e1culo para usar protecci\u00f3n solar es la sensaci\u00f3n pegajosa o el residuo en la piel, la mejor opci\u00f3n es optar por f\u00f3rmulas ultraligeras, c\u00f3modas y de r\u00e1pida absorci\u00f3n. <a href=\"https:\/\/www.isdin.com\/producto\/fotoprotector-isdin\/magic-spf-50\"><strong>Fusion Water MAGIC<\/strong><\/a> es el aliado perfecto: su textura se funde con la piel al instante, proporcionando <strong>alta protecci\u00f3n solar, hidrataci\u00f3n y acci\u00f3n antioxidante<\/strong> para prevenir el da\u00f1o causado por los <a href=\"https:\/\/www.isdin.com\/blog\/que-es-la-oxidacion-de-la-piel\/\">radicales libres<\/a>.<\/p>\n\n\n\n<p>Para Romain Astier, Photoprotection Business Unit Manager, este fotoprotector es un b\u00e1sico en su d\u00eda a d\u00eda: \u2018\u2019No falta en ninguna de mis aventuras porque mantiene mi piel perfectamente protegida e hidratada. Adem\u00e1s, no irrita los ojos\u2019\u2019.<\/p>\n\n\n\n<p><strong>\u00bfLo mejor?<\/strong> Puede combinarlo con <a href=\"https:\/\/www.isdin.com\/es\/p\/invisible-stick-spf-50\/4347\"><strong>Invisible Stick<\/strong><\/a>, el fotoprotector en barra ideal para reaplicar en cualquier momento y en zonas m\u00e1s sensibles. Su textura invisible y sedosa permite una aplicaci\u00f3n r\u00e1pida, sin necesidad de extenderlo con los dedos, lo que lo hace perfecto para llevarlo a todas partes.<\/p>\n\n\n\n<p><\/p>\n\n\n\n<figure class=\"wp-block-image size-full\"><img loading=\"lazy\" decoding=\"async\" width=\"1200\" height=\"618\" src=\"data:image\/gif;base64,R0lGODlhAQABAAAAACH5BAEKAAEALAAAAAABAAEAAAICTAEAOw==\" data-src=\"https:\/\/www.isdin.com\/es\/blog\/wp-content\/uploads\/2025\/03\/Imagen-en-el-contenido-51.png\" alt=\"Fotoprotector ISDIN Invisible Stick SPF 50 para protecci\u00f3n solar facial masculina en formato stick, ideal para reaplicar durante actividades al aire libre.\" class=\"wp-image-13344 lazyload\" data-sizes=\"auto\" data-srcset=\"https:\/\/www.isdin.com\/es\/blog\/wp-content\/uploads\/2025\/03\/Imagen-en-el-contenido-51.png 1200w, https:\/\/www.isdin.com\/es\/blog\/wp-content\/uploads\/2025\/03\/Imagen-en-el-contenido-51-300x155.png 300w, https:\/\/www.isdin.com\/es\/blog\/wp-content\/uploads\/2025\/03\/Imagen-en-el-contenido-51-1024x527.png 1024w, https:\/\/www.isdin.com\/es\/blog\/wp-content\/uploads\/2025\/03\/Imagen-en-el-contenido-51-150x77.png 150w, https:\/\/www.isdin.com\/es\/blog\/wp-content\/uploads\/2025\/03\/Imagen-en-el-contenido-51-768x396.png 768w, https:\/\/www.isdin.com\/es\/blog\/wp-content\/uploads\/2025\/03\/Imagen-en-el-contenido-51-585x300.png 585w, https:\/\/www.isdin.com\/es\/blog\/wp-content\/uploads\/2025\/03\/Imagen-en-el-contenido-51-450x232.png 450w, https:\/\/www.isdin.com\/es\/blog\/wp-content\/uploads\/2025\/03\/Imagen-en-el-contenido-51-20x11.png 20w, https:\/\/www.isdin.com\/es\/blog\/wp-content\/uploads\/2025\/03\/Imagen-en-el-contenido-51-225x116.png 225w, https:\/\/www.isdin.com\/es\/blog\/wp-content\/uploads\/2025\/03\/Imagen-en-el-contenido-51-900x464.png 900w\" sizes=\"auto, (max-width: 1200px) 100vw, 1200px\" \/><\/figure>\n\n\n\n<p><\/p>\n\n\n\n<blockquote class=\"wp-block-quote is-layout-flow wp-block-quote-is-layout-flow\">\n<p>\u201cEs muy c\u00f3modo. Se aplica en segundos y lo llevo siempre conmigo. Lo uso en zonas espec\u00edficas como cicatrices y el rostro. Para m\u00ed, es el complemento perfecto de Fusion Water MAGIC\u201d. <\/p>\n<cite>Romain Astier, Photoprotection Business Unit Manager.<\/cite><\/blockquote>\n\n\n\n<h2 class=\"wp-block-heading\">\u00bfQu\u00e9 ser\u00eda de la piel sin las experiencias que la definen?<\/h2>\n\n\n\n<figure class=\"wp-block-image size-large\"><img loading=\"lazy\" decoding=\"async\" width=\"1024\" height=\"527\" src=\"data:image\/gif;base64,R0lGODlhAQABAAAAACH5BAEKAAEALAAAAAABAAEAAAICTAEAOw==\" data-src=\"https:\/\/www.isdin.com\/es\/blog\/wp-content\/uploads\/2025\/03\/Imagen-en-el-contenido-48-1024x527.png\" alt=\"Hombre limpiando su rostro con espuma facial, paso b\u00e1sico en una rutina de skincare para hombres\" class=\"wp-image-13348 lazyload\" data-sizes=\"auto\" data-srcset=\"https:\/\/www.isdin.com\/es\/blog\/wp-content\/uploads\/2025\/03\/Imagen-en-el-contenido-48-1024x527.png 1024w, https:\/\/www.isdin.com\/es\/blog\/wp-content\/uploads\/2025\/03\/Imagen-en-el-contenido-48-300x155.png 300w, https:\/\/www.isdin.com\/es\/blog\/wp-content\/uploads\/2025\/03\/Imagen-en-el-contenido-48-150x77.png 150w, https:\/\/www.isdin.com\/es\/blog\/wp-content\/uploads\/2025\/03\/Imagen-en-el-contenido-48-768x396.png 768w, https:\/\/www.isdin.com\/es\/blog\/wp-content\/uploads\/2025\/03\/Imagen-en-el-contenido-48-585x300.png 585w, https:\/\/www.isdin.com\/es\/blog\/wp-content\/uploads\/2025\/03\/Imagen-en-el-contenido-48-450x232.png 450w, https:\/\/www.isdin.com\/es\/blog\/wp-content\/uploads\/2025\/03\/Imagen-en-el-contenido-48-20x11.png 20w, https:\/\/www.isdin.com\/es\/blog\/wp-content\/uploads\/2025\/03\/Imagen-en-el-contenido-48-225x116.png 225w, https:\/\/www.isdin.com\/es\/blog\/wp-content\/uploads\/2025\/03\/Imagen-en-el-contenido-48-900x464.png 900w, https:\/\/www.isdin.com\/es\/blog\/wp-content\/uploads\/2025\/03\/Imagen-en-el-contenido-48.png 1200w\" sizes=\"auto, (max-width: 1024px) 100vw, 1024px\" \/><\/figure>\n\n\n\n<p><\/p>\n\n\n\n<p>La piel nos acompa\u00f1a en cada paso de la vida. <strong>Cada arruga, cada marca y cada gesto reflejan historias, momentos y experiencias vividas.<\/strong> Y muchas de las m\u00e1s importantes se construyen junto a las personas que m\u00e1s queremos.<\/p>\n\n\n\n<p>Por eso, este <strong>D\u00eda del Padre<\/strong>, apuesta por un regalo diferente: <strong>tiempo, experiencias y cuidado de la piel<\/strong>. Un detalle que va m\u00e1s all\u00e1 de lo material y que invita a disfrutar del momento mientras se cuida su bienestar.<\/p>\n\n\n\n<p>Desde un buen <em>after shave<\/em> hasta una rutina de <strong><em>skincare<\/em> para hombres con hidrataci\u00f3n y protecci\u00f3n solar<\/strong>, peque\u00f1os gestos pueden marcar una gran diferencia en su d\u00eda a d\u00eda.<\/p>\n\n\n\n<p>Porque al final, <strong>cuidar su piel tambi\u00e9n es una forma de cuidar su historia y seguir creando nuevos recuerdos juntos.<\/strong><\/p>\n","protected":false},"excerpt":{"rendered":"<p>Hay hombres en nuestra vida que lo significan todo: padres, abuelos, amigos o compa\u00f1eros que nos han acompa\u00f1ado y apoyado en cada etapa. Cuando llega el D\u00eda del Padre o cualquier ocasi\u00f3n especial, queremos devolverles un poco de todo lo que nos han dado. Pero, \u00bfqu\u00e9 regalarles? <\/p>\n","protected":false},"author":69,"featured_media":11793,"comment_status":"closed","ping_status":"closed","sticky":false,"template":"","format":"image","meta":{"footnotes":""},"categories":[1,333,101],"tags":[294,438,90],"class_list":["post-9633","post","type-post","status-publish","format-image","has-post-thumbnail","hentry","category-consejos-cuidados","category-cuidado-corporal","category-cuidado-facial","tag-cuidado-facial","tag-hombres","tag-rutina-facial","post_format-post-format-image"],"yoast_head":"<!-- This site is optimized with the Yoast SEO Premium plugin v25.4 (Yoast SEO v25.4) - https:\/\/yoast.com\/wordpress\/plugins\/seo\/ -->\n<title>Ideas de regalos para el D\u00eda del Padre: skincare para hombres que deja huella - ISDIN<\/title>\n<meta name=\"description\" content=\"Este D\u00eda del Padre regala algo diferente: tiempo, experiencias y skincare para hombres que cuidan su piel y acompa\u00f1an cada momento especial.\" \/>\n<meta name=\"robots\" content=\"index, follow, max-snippet:-1, max-image-preview:large, max-video-preview:-1\" \/>\n<link rel=\"canonical\" href=\"https:\/\/www.isdin.com\/es\/blog\/regalos-skincare-para-hombres\/\" \/>\n<meta property=\"og:locale\" content=\"es_ES\" \/>\n<meta property=\"og:type\" content=\"article\" \/>\n<meta property=\"og:title\" content=\"Ideas de regalos para el D\u00eda del Padre: skincare para hombres que deja huella\" \/>\n<meta property=\"og:description\" content=\"Este D\u00eda del Padre regala algo diferente: tiempo, experiencias y skincare para hombres que cuidan su piel y acompa\u00f1an cada momento especial.\" \/>\n<meta property=\"og:url\" content=\"https:\/\/www.isdin.com\/es\/blog\/regalos-skincare-para-hombres\/\" \/>\n<meta property=\"og:site_name\" content=\"ISDIN\" \/>\n<meta property=\"article:publisher\" content=\"https:\/\/es-es.facebook.com\/ISDIN.official\/\" \/>\n<meta property=\"article:published_time\" content=\"2026-03-13T15:42:39+00:00\" \/>\n<meta property=\"article:modified_time\" content=\"2026-03-19T09:30:05+00:00\" \/>\n<meta property=\"og:image\" content=\"https:\/\/www.isdin.com\/es\/blog\/wp-content\/uploads\/2024\/03\/2025_03_Dia-del-padre_IMG01.jpg\" \/>\n\t<meta property=\"og:image:width\" content=\"1200\" \/>\n\t<meta property=\"og:image:height\" content=\"760\" \/>\n\t<meta property=\"og:image:type\" content=\"image\/jpeg\" \/>\n<meta name=\"author\" content=\"Belinda Mart\u00ednez\" \/>\n<meta name=\"twitter:card\" content=\"summary_large_image\" \/>\n<meta name=\"twitter:creator\" content=\"@isdin_official\" \/>\n<meta name=\"twitter:site\" content=\"@isdin_official\" \/>\n<meta name=\"twitter:label1\" content=\"Written by\" \/>\n\t<meta name=\"twitter:data1\" content=\"Belinda Mart\u00ednez\" \/>\n\t<meta name=\"twitter:label2\" content=\"Est. reading time\" \/>\n\t<meta name=\"twitter:data2\" content=\"8 minutes\" \/>\n<script type=\"application\/ld+json\" class=\"yoast-schema-graph\">{\"@context\":\"https:\/\/schema.org\",\"@graph\":[{\"@type\":\"Article\",\"@id\":\"https:\/\/www.isdin.com\/es\/blog\/regalos-skincare-para-hombres\/#article\",\"isPartOf\":{\"@id\":\"https:\/\/www.isdin.com\/es\/blog\/regalos-skincare-para-hombres\/\"},\"author\":{\"name\":\"Belinda Mart\u00ednez\",\"@id\":\"https:\/\/www.isdin.com\/es\/blog\/#\/schema\/person\/684015d7d9e78124cb4aa660f6fe8576\"},\"headline\":\"Ideas de regalos para el D\u00eda del Padre: skincare para hombres que deja huella\",\"datePublished\":\"2026-03-13T15:42:39+00:00\",\"dateModified\":\"2026-03-19T09:30:05+00:00\",\"mainEntityOfPage\":{\"@id\":\"https:\/\/www.isdin.com\/es\/blog\/regalos-skincare-para-hombres\/\"},\"wordCount\":1395,\"publisher\":{\"@id\":\"https:\/\/www.isdin.com\/es\/blog\/#organization\"},\"image\":{\"@id\":\"https:\/\/www.isdin.com\/es\/blog\/regalos-skincare-para-hombres\/#primaryimage\"},\"thumbnailUrl\":\"https:\/\/www.isdin.com\/es\/blog\/wp-content\/uploads\/2024\/03\/2025_03_Dia-del-padre_IMG01.jpg\",\"keywords\":[\"cuidado facial\",\"hombres\",\"rutina facial\"],\"articleSection\":[\"Consejos y cuidados\",\"Cuidado corporal\",\"Cuidado facial\"],\"inLanguage\":\"es-ES\"},{\"@type\":\"WebPage\",\"@id\":\"https:\/\/www.isdin.com\/es\/blog\/regalos-skincare-para-hombres\/\",\"url\":\"https:\/\/www.isdin.com\/es\/blog\/regalos-skincare-para-hombres\/\",\"name\":\"Ideas de regalos para el D\u00eda del Padre: skincare para hombres que deja huella - ISDIN\",\"isPartOf\":{\"@id\":\"https:\/\/www.isdin.com\/es\/blog\/#website\"},\"primaryImageOfPage\":{\"@id\":\"https:\/\/www.isdin.com\/es\/blog\/regalos-skincare-para-hombres\/#primaryimage\"},\"image\":{\"@id\":\"https:\/\/www.isdin.com\/es\/blog\/regalos-skincare-para-hombres\/#primaryimage\"},\"thumbnailUrl\":\"https:\/\/www.isdin.com\/es\/blog\/wp-content\/uploads\/2024\/03\/2025_03_Dia-del-padre_IMG01.jpg\",\"datePublished\":\"2026-03-13T15:42:39+00:00\",\"dateModified\":\"2026-03-19T09:30:05+00:00\",\"description\":\"Este D\u00eda del Padre regala algo diferente: tiempo, experiencias y skincare para hombres que cuidan su piel y acompa\u00f1an cada momento especial.\",\"breadcrumb\":{\"@id\":\"https:\/\/www.isdin.com\/es\/blog\/regalos-skincare-para-hombres\/#breadcrumb\"},\"inLanguage\":\"es-ES\",\"potentialAction\":[{\"@type\":\"ReadAction\",\"target\":[\"https:\/\/www.isdin.com\/es\/blog\/regalos-skincare-para-hombres\/\"]}]},{\"@type\":\"ImageObject\",\"inLanguage\":\"es-ES\",\"@id\":\"https:\/\/www.isdin.com\/es\/blog\/regalos-skincare-para-hombres\/#primaryimage\",\"url\":\"https:\/\/www.isdin.com\/es\/blog\/wp-content\/uploads\/2024\/03\/2025_03_Dia-del-padre_IMG01.jpg\",\"contentUrl\":\"https:\/\/www.isdin.com\/es\/blog\/wp-content\/uploads\/2024\/03\/2025_03_Dia-del-padre_IMG01.jpg\",\"width\":1200,\"height\":760,\"caption\":\"regalos d\u00eda del padre\"},{\"@type\":\"BreadcrumbList\",\"@id\":\"https:\/\/www.isdin.com\/es\/blog\/regalos-skincare-para-hombres\/#breadcrumb\",\"itemListElement\":[{\"@type\":\"ListItem\",\"position\":1,\"name\":\"Portada\",\"item\":\"https:\/\/www.isdin.com\/es\/blog\/\"},{\"@type\":\"ListItem\",\"position\":2,\"name\":\"Ideas de regalos para el D\u00eda del Padre: skincare para hombres que deja huella\"}]},{\"@type\":\"WebSite\",\"@id\":\"https:\/\/www.isdin.com\/es\/blog\/#website\",\"url\":\"https:\/\/www.isdin.com\/es\/blog\/\",\"name\":\"ISDIN\",\"description\":\"Novedades, lanzamientos de productos y toda la experiencia de ISDIN\",\"publisher\":{\"@id\":\"https:\/\/www.isdin.com\/es\/blog\/#organization\"},\"potentialAction\":[{\"@type\":\"SearchAction\",\"target\":{\"@type\":\"EntryPoint\",\"urlTemplate\":\"https:\/\/www.isdin.com\/es\/blog\/?s={search_term_string}\"},\"query-input\":{\"@type\":\"PropertyValueSpecification\",\"valueRequired\":true,\"valueName\":\"search_term_string\"}}],\"inLanguage\":\"es-ES\"},{\"@type\":\"Organization\",\"@id\":\"https:\/\/www.isdin.com\/es\/blog\/#organization\",\"name\":\"ISDIN\",\"alternateName\":\"ISDIN\",\"url\":\"https:\/\/www.isdin.com\/es\/blog\/\",\"logo\":{\"@type\":\"ImageObject\",\"inLanguage\":\"es-ES\",\"@id\":\"https:\/\/www.isdin.com\/es\/blog\/#\/schema\/logo\/image\/\",\"url\":\"https:\/\/www.isdin.com\/es\/blog\/wp-content\/uploads\/2024\/05\/2025_03_GuiaFoto_FWM.png\",\"contentUrl\":\"https:\/\/www.isdin.com\/es\/blog\/wp-content\/uploads\/2024\/05\/2025_03_GuiaFoto_FWM.png\",\"width\":670,\"height\":683,\"caption\":\"ISDIN\"},\"image\":{\"@id\":\"https:\/\/www.isdin.com\/es\/blog\/#\/schema\/logo\/image\/\"},\"sameAs\":[\"https:\/\/es-es.facebook.com\/ISDIN.official\/\",\"https:\/\/x.com\/isdin_official\",\"https:\/\/www.instagram.com\/isdinofficial\",\"https:\/\/www.youtube.com\/channel\/UCtoNJMKpDwdFLqgV23_lcqg\"],\"telephone\":\"659997812\"},{\"@type\":\"Person\",\"@id\":\"https:\/\/www.isdin.com\/es\/blog\/#\/schema\/person\/684015d7d9e78124cb4aa660f6fe8576\",\"name\":\"Belinda Mart\u00ednez\",\"image\":{\"@type\":\"ImageObject\",\"inLanguage\":\"es-ES\",\"@id\":\"https:\/\/www.isdin.com\/es\/blog\/#\/schema\/person\/image\/\",\"url\":\"https:\/\/www.isdin.com\/es\/blog\/wp-content\/uploads\/2017\/07\/jjjj.jpg\",\"contentUrl\":\"https:\/\/www.isdin.com\/es\/blog\/wp-content\/uploads\/2017\/07\/jjjj.jpg\",\"caption\":\"Belinda Mart\u00ednez\"},\"description\":\"Belinda es periodista y copywriter creativa. Tras a\u00f1os de experiencia, decidi\u00f3 fusionar sus habilidades de escritura con su amor por el skincare, convirti\u00e9ndose en una especialista en la materia. \u00bfSu imprescindible? Un buen b\u00e1lsamo de labios.\",\"sameAs\":[\"https:\/\/www.linkedin.com\/in\/thisisbel\/\"],\"url\":\"https:\/\/www.isdin.com\/es\/blog\/author\/belindamartinez\/\"}]}<\/script>\n<!-- \/ Yoast SEO Premium plugin. -->","yoast_head_json":{"title":"Ideas de regalos para el D\u00eda del Padre: skincare para hombres que deja huella - ISDIN","description":"Este D\u00eda del Padre regala algo diferente: tiempo, experiencias y skincare para hombres que cuidan su piel y acompa\u00f1an cada momento especial.","robots":{"index":"index","follow":"follow","max-snippet":"max-snippet:-1","max-image-preview":"max-image-preview:large","max-video-preview":"max-video-preview:-1"},"canonical":"https:\/\/www.isdin.com\/es\/blog\/regalos-skincare-para-hombres\/","og_locale":"es_ES","og_type":"article","og_title":"Ideas de regalos para el D\u00eda del Padre: skincare para hombres que deja huella","og_description":"Este D\u00eda del Padre regala algo diferente: tiempo, experiencias y skincare para hombres que cuidan su piel y acompa\u00f1an cada momento especial.","og_url":"https:\/\/www.isdin.com\/es\/blog\/regalos-skincare-para-hombres\/","og_site_name":"ISDIN","article_publisher":"https:\/\/es-es.facebook.com\/ISDIN.official\/","article_published_time":"2026-03-13T15:42:39+00:00","article_modified_time":"2026-03-19T09:30:05+00:00","og_image":[{"width":1200,"height":760,"url":"https:\/\/www.isdin.com\/es\/blog\/wp-content\/uploads\/2024\/03\/2025_03_Dia-del-padre_IMG01.jpg","type":"image\/jpeg"}],"author":"Belinda Mart\u00ednez","twitter_card":"summary_large_image","twitter_creator":"@isdin_official","twitter_site":"@isdin_official","twitter_misc":{"Written by":"Belinda Mart\u00ednez","Est. reading time":"8 minutes"},"schema":{"@context":"https:\/\/schema.org","@graph":[{"@type":"Article","@id":"https:\/\/www.isdin.com\/es\/blog\/regalos-skincare-para-hombres\/#article","isPartOf":{"@id":"https:\/\/www.isdin.com\/es\/blog\/regalos-skincare-para-hombres\/"},"author":{"name":"Belinda Mart\u00ednez","@id":"https:\/\/www.isdin.com\/es\/blog\/#\/schema\/person\/684015d7d9e78124cb4aa660f6fe8576"},"headline":"Ideas de regalos para el D\u00eda del Padre: skincare para hombres que deja huella","datePublished":"2026-03-13T15:42:39+00:00","dateModified":"2026-03-19T09:30:05+00:00","mainEntityOfPage":{"@id":"https:\/\/www.isdin.com\/es\/blog\/regalos-skincare-para-hombres\/"},"wordCount":1395,"publisher":{"@id":"https:\/\/www.isdin.com\/es\/blog\/#organization"},"image":{"@id":"https:\/\/www.isdin.com\/es\/blog\/regalos-skincare-para-hombres\/#primaryimage"},"thumbnailUrl":"https:\/\/www.isdin.com\/es\/blog\/wp-content\/uploads\/2024\/03\/2025_03_Dia-del-padre_IMG01.jpg","keywords":["cuidado facial","hombres","rutina facial"],"articleSection":["Consejos y cuidados","Cuidado corporal","Cuidado facial"],"inLanguage":"es-ES"},{"@type":"WebPage","@id":"https:\/\/www.isdin.com\/es\/blog\/regalos-skincare-para-hombres\/","url":"https:\/\/www.isdin.com\/es\/blog\/regalos-skincare-para-hombres\/","name":"Ideas de regalos para el D\u00eda del Padre: skincare para hombres que deja huella - ISDIN","isPartOf":{"@id":"https:\/\/www.isdin.com\/es\/blog\/#website"},"primaryImageOfPage":{"@id":"https:\/\/www.isdin.com\/es\/blog\/regalos-skincare-para-hombres\/#primaryimage"},"image":{"@id":"https:\/\/www.isdin.com\/es\/blog\/regalos-skincare-para-hombres\/#primaryimage"},"thumbnailUrl":"https:\/\/www.isdin.com\/es\/blog\/wp-content\/uploads\/2024\/03\/2025_03_Dia-del-padre_IMG01.jpg","datePublished":"2026-03-13T15:42:39+00:00","dateModified":"2026-03-19T09:30:05+00:00","description":"Este D\u00eda del Padre regala algo diferente: tiempo, experiencias y skincare para hombres que cuidan su piel y acompa\u00f1an cada momento especial.","breadcrumb":{"@id":"https:\/\/www.isdin.com\/es\/blog\/regalos-skincare-para-hombres\/#breadcrumb"},"inLanguage":"es-ES","potentialAction":[{"@type":"ReadAction","target":["https:\/\/www.isdin.com\/es\/blog\/regalos-skincare-para-hombres\/"]}]},{"@type":"ImageObject","inLanguage":"es-ES","@id":"https:\/\/www.isdin.com\/es\/blog\/regalos-skincare-para-hombres\/#primaryimage","url":"https:\/\/www.isdin.com\/es\/blog\/wp-content\/uploads\/2024\/03\/2025_03_Dia-del-padre_IMG01.jpg","contentUrl":"https:\/\/www.isdin.com\/es\/blog\/wp-content\/uploads\/2024\/03\/2025_03_Dia-del-padre_IMG01.jpg","width":1200,"height":760,"caption":"regalos d\u00eda del padre"},{"@type":"BreadcrumbList","@id":"https:\/\/www.isdin.com\/es\/blog\/regalos-skincare-para-hombres\/#breadcrumb","itemListElement":[{"@type":"ListItem","position":1,"name":"Portada","item":"https:\/\/www.isdin.com\/es\/blog\/"},{"@type":"ListItem","position":2,"name":"Ideas de regalos para el D\u00eda del Padre: skincare para hombres que deja huella"}]},{"@type":"WebSite","@id":"https:\/\/www.isdin.com\/es\/blog\/#website","url":"https:\/\/www.isdin.com\/es\/blog\/","name":"ISDIN","description":"Novedades, lanzamientos de productos y toda la experiencia de ISDIN","publisher":{"@id":"https:\/\/www.isdin.com\/es\/blog\/#organization"},"potentialAction":[{"@type":"SearchAction","target":{"@type":"EntryPoint","urlTemplate":"https:\/\/www.isdin.com\/es\/blog\/?s={search_term_string}"},"query-input":{"@type":"PropertyValueSpecification","valueRequired":true,"valueName":"search_term_string"}}],"inLanguage":"es-ES"},{"@type":"Organization","@id":"https:\/\/www.isdin.com\/es\/blog\/#organization","name":"ISDIN","alternateName":"ISDIN","url":"https:\/\/www.isdin.com\/es\/blog\/","logo":{"@type":"ImageObject","inLanguage":"es-ES","@id":"https:\/\/www.isdin.com\/es\/blog\/#\/schema\/logo\/image\/","url":"https:\/\/www.isdin.com\/es\/blog\/wp-content\/uploads\/2024\/05\/2025_03_GuiaFoto_FWM.png","contentUrl":"https:\/\/www.isdin.com\/es\/blog\/wp-content\/uploads\/2024\/05\/2025_03_GuiaFoto_FWM.png","width":670,"height":683,"caption":"ISDIN"},"image":{"@id":"https:\/\/www.isdin.com\/es\/blog\/#\/schema\/logo\/image\/"},"sameAs":["https:\/\/es-es.facebook.com\/ISDIN.official\/","https:\/\/x.com\/isdin_official","https:\/\/www.instagram.com\/isdinofficial","https:\/\/www.youtube.com\/channel\/UCtoNJMKpDwdFLqgV23_lcqg"],"telephone":"659997812"},{"@type":"Person","@id":"https:\/\/www.isdin.com\/es\/blog\/#\/schema\/person\/684015d7d9e78124cb4aa660f6fe8576","name":"Belinda Mart\u00ednez","image":{"@type":"ImageObject","inLanguage":"es-ES","@id":"https:\/\/www.isdin.com\/es\/blog\/#\/schema\/person\/image\/","url":"https:\/\/www.isdin.com\/es\/blog\/wp-content\/uploads\/2017\/07\/jjjj.jpg","contentUrl":"https:\/\/www.isdin.com\/es\/blog\/wp-content\/uploads\/2017\/07\/jjjj.jpg","caption":"Belinda Mart\u00ednez"},"description":"Belinda es periodista y copywriter creativa. Tras a\u00f1os de experiencia, decidi\u00f3 fusionar sus habilidades de escritura con su amor por el skincare, convirti\u00e9ndose en una especialista en la materia. \u00bfSu imprescindible? Un buen b\u00e1lsamo de labios.","sameAs":["https:\/\/www.linkedin.com\/in\/thisisbel\/"],"url":"https:\/\/www.isdin.com\/es\/blog\/author\/belindamartinez\/"}]}},"_links":{"self":[{"href":"https:\/\/www.isdin.com\/es\/blog\/wp-json\/wp\/v2\/posts\/9633","targetHints":{"allow":["GET"]}}],"collection":[{"href":"https:\/\/www.isdin.com\/es\/blog\/wp-json\/wp\/v2\/posts"}],"about":[{"href":"https:\/\/www.isdin.com\/es\/blog\/wp-json\/wp\/v2\/types\/post"}],"author":[{"embeddable":true,"href":"https:\/\/www.isdin.com\/es\/blog\/wp-json\/wp\/v2\/users\/69"}],"replies":[{"embeddable":true,"href":"https:\/\/www.isdin.com\/es\/blog\/wp-json\/wp\/v2\/comments?post=9633"}],"version-history":[{"count":7,"href":"https:\/\/www.isdin.com\/es\/blog\/wp-json\/wp\/v2\/posts\/9633\/revisions"}],"predecessor-version":[{"id":13374,"href":"https:\/\/www.isdin.com\/es\/blog\/wp-json\/wp\/v2\/posts\/9633\/revisions\/13374"}],"wp:featuredmedia":[{"embeddable":true,"href":"https:\/\/www.isdin.com\/es\/blog\/wp-json\/wp\/v2\/media\/11793"}],"wp:attachment":[{"href":"https:\/\/www.isdin.com\/es\/blog\/wp-json\/wp\/v2\/media?parent=9633"}],"wp:term":[{"taxonomy":"category","embeddable":true,"href":"https:\/\/www.isdin.com\/es\/blog\/wp-json\/wp\/v2\/categories?post=9633"},{"taxonomy":"post_tag","embeddable":true,"href":"https:\/\/www.isdin.com\/es\/blog\/wp-json\/wp\/v2\/tags?post=9633"}],"curies":[{"name":"wp","href":"https:\/\/api.w.org\/{rel}","templated":true}]}}