{"id":9588,"date":"2024-03-05T11:00:36","date_gmt":"2024-03-05T11:00:36","guid":{"rendered":"https:\/\/www.isdin.com\/es\/blog\/?p=9588"},"modified":"2024-03-05T11:00:39","modified_gmt":"2024-03-05T11:00:39","slug":"la-piel-de-judit-masco-ya-tiene-el-papel-protagonista","status":"publish","type":"post","link":"https:\/\/www.isdin.com\/es\/blog\/la-piel-de-judit-masco-ya-tiene-el-papel-protagonista\/","title":{"rendered":"La piel de Judit Masc\u00f3 ya tiene el papel protagonista, \u00bfy la tuya?"},"content":{"rendered":"\n<figure class=\"wp-block-image size-large\"><img loading=\"lazy\" decoding=\"async\" width=\"1024\" height=\"649\" src=\"data:image\/gif;base64,R0lGODlhAQABAAAAACH5BAEKAAEALAAAAAABAAEAAAICTAEAOw==\" data-src=\"https:\/\/www.isdin.com\/es\/blog\/wp-content\/uploads\/2024\/03\/2023_oscars_IMG03-1024x649.png\" alt=\"Judit Masco skincare ISDIN\" class=\"wp-image-9589 lazyload\" data-sizes=\"auto\" data-srcset=\"https:\/\/www.isdin.com\/es\/blog\/wp-content\/uploads\/2024\/03\/2023_oscars_IMG03-1024x649.png 1024w, https:\/\/www.isdin.com\/es\/blog\/wp-content\/uploads\/2024\/03\/2023_oscars_IMG03-300x190.png 300w, https:\/\/www.isdin.com\/es\/blog\/wp-content\/uploads\/2024\/03\/2023_oscars_IMG03-150x95.png 150w, https:\/\/www.isdin.com\/es\/blog\/wp-content\/uploads\/2024\/03\/2023_oscars_IMG03-768x486.png 768w, https:\/\/www.isdin.com\/es\/blog\/wp-content\/uploads\/2024\/03\/2023_oscars_IMG03-450x285.png 450w, https:\/\/www.isdin.com\/es\/blog\/wp-content\/uploads\/2024\/03\/2023_oscars_IMG03-225x143.png 225w, https:\/\/www.isdin.com\/es\/blog\/wp-content\/uploads\/2024\/03\/2023_oscars_IMG03-900x570.png 900w, https:\/\/www.isdin.com\/es\/blog\/wp-content\/uploads\/2024\/03\/2023_oscars_IMG03-20x13.png 20w, https:\/\/www.isdin.com\/es\/blog\/wp-content\/uploads\/2024\/03\/2023_oscars_IMG03.png 1200w\" sizes=\"auto, (max-width: 1024px) 100vw, 1024px\" \/><\/figure>\n\n\n\n<p><\/p>\n\n\n\n<p>No todos los d\u00edas se rinde tributo al estilo y al glamur como con el evento m\u00e1s esperado de Hollywood: la alfombra roja. En este escenario, unidos por la pasi\u00f3n del cuidado de la piel y la belleza, nace una de las alianzas m\u00e1s elegantes de este a\u00f1o. ISDIN se convierte en patrocinador <em>skincare<\/em> oficial de Vanity Fair Oscar Party 2024 con un \u00fanico mensaje: <strong>el papel protagonista lo tiene tu piel.<\/strong><\/p>\n\n\n\n<p>Como embajadora global de ISDINCEUTICS, la supermodelo y presentadora <a href=\"https:\/\/www.isdin.com\/es\/blog\/judit-masco-cuando-el-bienestar-es-el-motor-de-una-vida-feliz\/\">Judit Masc\u00f3<\/a> asistir\u00e1 a la fiesta y, como cualquier invitada, sabe que su rutina <em>skincare<\/em> es la clave para ser el foco de todas las miradas: \u201cQuiero lucir una piel radiante y dar lo mejor de m\u00ed en un d\u00eda tan m\u00e1gico de cine. La calidad de la piel es s\u00edmbolo de bienestar y salud. Y la ilusi\u00f3n de asistir a la Vanity Fair Oscar Party, har\u00e1 el resto\u201d.<\/p>\n\n\n\n<p>Pero para ella, no solo se trata de lucir su mejor versi\u00f3n una noche al a\u00f1o, sino de sentirse bien en su piel todos los d\u00edas. Porque cuidarse es s\u00edmbolo de autoestima, aceptaci\u00f3n y autocuidado. \u201cSoy consciente de que el tiempo y dedicaci\u00f3n es un regalo que nos hacemos. <strong>Conocer y entender nuestra piel, es una forma de entendernos y aceptarnos cada d\u00eda<\/strong>\u201d, confiesa Judit con gran seguridad.<\/p>\n\n\n\n<h2 class=\"wp-block-heading\" id=\"h-del-skincare-al-skinlove\">Del <em>skincare<\/em> al <em>skinlove<\/em><\/h2>\n\n\n\n<figure class=\"wp-block-image size-large\"><img loading=\"lazy\" decoding=\"async\" width=\"1024\" height=\"527\" src=\"data:image\/gif;base64,R0lGODlhAQABAAAAACH5BAEKAAEALAAAAAABAAEAAAICTAEAOw==\" data-src=\"https:\/\/www.isdin.com\/es\/blog\/wp-content\/uploads\/2024\/03\/2023_oscars_IMG02-1024x527.png\" alt=\"Judit Masco ISDIN Retinal Intense\" class=\"wp-image-9590 lazyload\" data-sizes=\"auto\" data-srcset=\"https:\/\/www.isdin.com\/es\/blog\/wp-content\/uploads\/2024\/03\/2023_oscars_IMG02-1024x527.png 1024w, https:\/\/www.isdin.com\/es\/blog\/wp-content\/uploads\/2024\/03\/2023_oscars_IMG02-300x155.png 300w, https:\/\/www.isdin.com\/es\/blog\/wp-content\/uploads\/2024\/03\/2023_oscars_IMG02-150x77.png 150w, https:\/\/www.isdin.com\/es\/blog\/wp-content\/uploads\/2024\/03\/2023_oscars_IMG02-768x396.png 768w, https:\/\/www.isdin.com\/es\/blog\/wp-content\/uploads\/2024\/03\/2023_oscars_IMG02-585x300.png 585w, https:\/\/www.isdin.com\/es\/blog\/wp-content\/uploads\/2024\/03\/2023_oscars_IMG02-450x232.png 450w, https:\/\/www.isdin.com\/es\/blog\/wp-content\/uploads\/2024\/03\/2023_oscars_IMG02-20x11.png 20w, https:\/\/www.isdin.com\/es\/blog\/wp-content\/uploads\/2024\/03\/2023_oscars_IMG02-225x116.png 225w, https:\/\/www.isdin.com\/es\/blog\/wp-content\/uploads\/2024\/03\/2023_oscars_IMG02-900x464.png 900w, https:\/\/www.isdin.com\/es\/blog\/wp-content\/uploads\/2024\/03\/2023_oscars_IMG02.png 1200w\" sizes=\"auto, (max-width: 1024px) 100vw, 1024px\" \/><\/figure>\n\n\n\n<p><\/p>\n\n\n\n<p>Tu piel tiene una historia que contar. Cada marca, cicatriz y cambio en ella es un cap\u00edtulo de tu belleza \u00fanica. Hacer que tu piel tenga el papel protagonista es m\u00e1s que una invitaci\u00f3n, es seguir la filosof\u00eda del <em><a href=\"https:\/\/www.isdin.com\/es\/blog\/el-libro-love-your-skin\/\">amor por tu piel<\/a><\/em>: la b\u00fasqueda consciente de una piel sana y radiante; protegi\u00e9ndola, nutri\u00e9ndola y mim\u00e1ndola todos los d\u00edas sin importar la ocasi\u00f3n. <strong>Y es que, el reconocimiento de sentirse bien y verse bien no son posibles el uno sin el otro.<\/strong><\/p>\n\n\n\n<p>\u201cUn rato de mimos a nuestra piel, el \u00f3rgano humano m\u00e1s grande que nos protege de los agentes nocivos del exterior y que muestra nuestras emociones y c\u00f3mo estamos, nos conecta con el exterior. Por eso es tan importante cuidarla y quererla cada d\u00eda\u201d, recuerda Judit. Porque una piel feliz es una piel sana, y una piel sana es una piel bella.<\/p>\n\n\n\n<h2 class=\"wp-block-heading\">La estrella de la noche, Retinal Intense<\/h2>\n\n\n\n<p>Nuestra piel tiene la capacidad de regenerarse, sobre todo por la noche. Por eso la ciencia pone a nuestra disposici\u00f3n productos que ayudan en cualquier etapa de la vida. <strong>\u201cRetinal Intense es el producto ideal que necesito ahora\u201d, cuenta Judit.<\/strong><\/p>\n\n\n\n<p>Ya tengas un evento de alfombra roja o una cita contigo misma, la conocida modelo internacional recomienda el s\u00e9rum de noche <a href=\"https:\/\/www.isdin.com\/producto\/isdinceutics\/retinal-intense\">Retinal Intense<\/a>, por su eficacia y su formulaci\u00f3n: \u201cTengo que admitir que cuando prob\u00e9 este incre\u00edble s\u00e9rum de noche con retinaldeh\u00eddo, me enamor\u00e9. Tiene una textura muy agradable, suaviza las l\u00edneas de expresi\u00f3n y tiene un acabado sedoso. Es ideal para mujeres de mi generaci\u00f3n, por eso me lo aplico cada d\u00eda. \u00a1Me encanta porque veo que funciona!\u201d.<\/p>\n\n\n\n<figure class=\"wp-block-image size-large\"><img loading=\"lazy\" decoding=\"async\" width=\"1024\" height=\"527\" src=\"data:image\/gif;base64,R0lGODlhAQABAAAAACH5BAEKAAEALAAAAAABAAEAAAICTAEAOw==\" data-src=\"https:\/\/www.isdin.com\/es\/blog\/wp-content\/uploads\/2024\/03\/2023_oscars_IMG04-1024x527.png\" alt=\"Judit Masco producto retinal ISDIN\" class=\"wp-image-9591 lazyload\" data-sizes=\"auto\" data-srcset=\"https:\/\/www.isdin.com\/es\/blog\/wp-content\/uploads\/2024\/03\/2023_oscars_IMG04-1024x527.png 1024w, https:\/\/www.isdin.com\/es\/blog\/wp-content\/uploads\/2024\/03\/2023_oscars_IMG04-300x155.png 300w, https:\/\/www.isdin.com\/es\/blog\/wp-content\/uploads\/2024\/03\/2023_oscars_IMG04-150x77.png 150w, https:\/\/www.isdin.com\/es\/blog\/wp-content\/uploads\/2024\/03\/2023_oscars_IMG04-768x396.png 768w, https:\/\/www.isdin.com\/es\/blog\/wp-content\/uploads\/2024\/03\/2023_oscars_IMG04-585x300.png 585w, https:\/\/www.isdin.com\/es\/blog\/wp-content\/uploads\/2024\/03\/2023_oscars_IMG04-450x232.png 450w, https:\/\/www.isdin.com\/es\/blog\/wp-content\/uploads\/2024\/03\/2023_oscars_IMG04-20x11.png 20w, https:\/\/www.isdin.com\/es\/blog\/wp-content\/uploads\/2024\/03\/2023_oscars_IMG04-225x116.png 225w, https:\/\/www.isdin.com\/es\/blog\/wp-content\/uploads\/2024\/03\/2023_oscars_IMG04-900x464.png 900w, https:\/\/www.isdin.com\/es\/blog\/wp-content\/uploads\/2024\/03\/2023_oscars_IMG04.png 1200w\" sizes=\"auto, (max-width: 1024px) 100vw, 1024px\" \/><\/figure>\n\n\n\n<p><\/p>\n\n\n\n<p><strong>De textura bif\u00e1sica, Retinal Intense ayuda a renovar tu piel mientras duermes<\/strong> y tras 1 mes de uso, reduce las arrugas y l\u00edneas de expresi\u00f3n en un 43% para que puedas lucir una piel m\u00e1s lisa, uniforme y con un aspecto rejuvenecido. Pero, \u00bfqu\u00e9 se siente con un uso continuado de este s\u00e9rum? \u201cHace que mi piel, a mi edad, tenga vitalidad y luz. Eso s\u00ed que es un signo de bienestar\u201d, desvela Judit. Por eso, le encanta recomendarlo a amigas, siempre avisando que, cuando a\u00f1adan Retinal Intense a su rutina por primera vez, es bueno hacerlo poco a poco para que la piel se vaya acostumbrando.<\/p>\n\n\n\n<p>Enamoradas de su piel y de Retinal Intense, Judit Masc\u00f3 y su entorno ya le han dado el papel protagonista a su piel. <strong>Y t\u00fa, \u00bfquieres ser la siguiente?<\/strong><\/p>\n","protected":false},"excerpt":{"rendered":"<p>Descubre por qu\u00e9 ISDIN ser\u00e1 patrocinador oficial de Vanity Fair Oscar Party 2024 y el secreto de Judit Masc\u00f3 para deslumbrar como invitada.<\/p>\n","protected":false},"author":72,"featured_media":9589,"comment_status":"closed","ping_status":"closed","sticky":false,"template":"","format":"standard","meta":{"footnotes":""},"categories":[103,113],"tags":[],"class_list":["post-9588","post","type-post","status-publish","format-standard","has-post-thumbnail","hentry","category-belleza","category-embajadores-isdin"],"yoast_head":"<!-- This site is optimized with the Yoast SEO Premium plugin v25.4 (Yoast SEO v25.4) - https:\/\/yoast.com\/wordpress\/plugins\/seo\/ -->\n<title>La piel de Judit Masc\u00f3 ya tiene el papel protagonista, \u00bfy la tuya? - ISDIN<\/title>\n<meta name=\"description\" content=\"Descubre por qu\u00e9 ISDIN ser\u00e1 patrocinador oficial de Vanity Fair Oscar Party 2024 y el secreto de Judit Masc\u00f3 para deslumbrar como invitada.\" \/>\n<meta name=\"robots\" content=\"index, follow, max-snippet:-1, max-image-preview:large, max-video-preview:-1\" \/>\n<link rel=\"canonical\" href=\"https:\/\/www.isdin.com\/es\/blog\/la-piel-de-judit-masco-ya-tiene-el-papel-protagonista\/\" \/>\n<meta property=\"og:locale\" content=\"es_ES\" \/>\n<meta property=\"og:type\" content=\"article\" \/>\n<meta property=\"og:title\" content=\"La piel de Judit Masc\u00f3 ya tiene el papel protagonista, \u00bfy la tuya?\" \/>\n<meta property=\"og:description\" content=\"Descubre por qu\u00e9 ISDIN ser\u00e1 patrocinador oficial de Vanity Fair Oscar Party 2024 y el secreto de Judit Masc\u00f3 para deslumbrar como invitada.\" \/>\n<meta property=\"og:url\" content=\"https:\/\/www.isdin.com\/es\/blog\/la-piel-de-judit-masco-ya-tiene-el-papel-protagonista\/\" \/>\n<meta property=\"og:site_name\" content=\"ISDIN\" \/>\n<meta property=\"article:publisher\" content=\"https:\/\/es-es.facebook.com\/ISDIN.official\/\" \/>\n<meta property=\"article:published_time\" content=\"2024-03-05T11:00:36+00:00\" \/>\n<meta property=\"article:modified_time\" content=\"2024-03-05T11:00:39+00:00\" \/>\n<meta property=\"og:image\" content=\"https:\/\/www.isdin.com\/es\/blog\/wp-content\/uploads\/2024\/03\/2023_oscars_IMG03.png\" \/>\n\t<meta property=\"og:image:width\" content=\"1200\" \/>\n\t<meta property=\"og:image:height\" content=\"760\" \/>\n\t<meta property=\"og:image:type\" content=\"image\/png\" \/>\n<meta name=\"author\" content=\"Nerea Zaballa\" \/>\n<meta name=\"twitter:card\" content=\"summary_large_image\" \/>\n<meta name=\"twitter:creator\" content=\"@isdin_official\" \/>\n<meta name=\"twitter:site\" content=\"@isdin_official\" \/>\n<meta name=\"twitter:label1\" content=\"Written by\" \/>\n\t<meta name=\"twitter:data1\" content=\"Nerea Zaballa\" \/>\n\t<meta name=\"twitter:label2\" content=\"Est. reading time\" \/>\n\t<meta name=\"twitter:data2\" content=\"3 minutes\" \/>\n<script type=\"application\/ld+json\" class=\"yoast-schema-graph\">{\"@context\":\"https:\/\/schema.org\",\"@graph\":[{\"@type\":\"Article\",\"@id\":\"https:\/\/www.isdin.com\/es\/blog\/la-piel-de-judit-masco-ya-tiene-el-papel-protagonista\/#article\",\"isPartOf\":{\"@id\":\"https:\/\/www.isdin.com\/es\/blog\/la-piel-de-judit-masco-ya-tiene-el-papel-protagonista\/\"},\"author\":{\"name\":\"Nerea Zaballa\",\"@id\":\"https:\/\/www.isdin.com\/es\/blog\/#\/schema\/person\/3c124ee89a8ad533633717dab4aee789\"},\"headline\":\"La piel de Judit Masc\u00f3 ya tiene el papel protagonista, \u00bfy la tuya?\",\"datePublished\":\"2024-03-05T11:00:36+00:00\",\"dateModified\":\"2024-03-05T11:00:39+00:00\",\"mainEntityOfPage\":{\"@id\":\"https:\/\/www.isdin.com\/es\/blog\/la-piel-de-judit-masco-ya-tiene-el-papel-protagonista\/\"},\"wordCount\":683,\"publisher\":{\"@id\":\"https:\/\/www.isdin.com\/es\/blog\/#organization\"},\"image\":{\"@id\":\"https:\/\/www.isdin.com\/es\/blog\/la-piel-de-judit-masco-ya-tiene-el-papel-protagonista\/#primaryimage\"},\"thumbnailUrl\":\"https:\/\/www.isdin.com\/es\/blog\/wp-content\/uploads\/2024\/03\/2023_oscars_IMG03.png\",\"articleSection\":[\"Belleza\",\"Embajadores ISDIN\"],\"inLanguage\":\"es-ES\"},{\"@type\":\"WebPage\",\"@id\":\"https:\/\/www.isdin.com\/es\/blog\/la-piel-de-judit-masco-ya-tiene-el-papel-protagonista\/\",\"url\":\"https:\/\/www.isdin.com\/es\/blog\/la-piel-de-judit-masco-ya-tiene-el-papel-protagonista\/\",\"name\":\"La piel de Judit Masc\u00f3 ya tiene el papel protagonista, \u00bfy la tuya? - ISDIN\",\"isPartOf\":{\"@id\":\"https:\/\/www.isdin.com\/es\/blog\/#website\"},\"primaryImageOfPage\":{\"@id\":\"https:\/\/www.isdin.com\/es\/blog\/la-piel-de-judit-masco-ya-tiene-el-papel-protagonista\/#primaryimage\"},\"image\":{\"@id\":\"https:\/\/www.isdin.com\/es\/blog\/la-piel-de-judit-masco-ya-tiene-el-papel-protagonista\/#primaryimage\"},\"thumbnailUrl\":\"https:\/\/www.isdin.com\/es\/blog\/wp-content\/uploads\/2024\/03\/2023_oscars_IMG03.png\",\"datePublished\":\"2024-03-05T11:00:36+00:00\",\"dateModified\":\"2024-03-05T11:00:39+00:00\",\"description\":\"Descubre por qu\u00e9 ISDIN ser\u00e1 patrocinador oficial de Vanity Fair Oscar Party 2024 y el secreto de Judit Masc\u00f3 para deslumbrar como invitada.\",\"breadcrumb\":{\"@id\":\"https:\/\/www.isdin.com\/es\/blog\/la-piel-de-judit-masco-ya-tiene-el-papel-protagonista\/#breadcrumb\"},\"inLanguage\":\"es-ES\",\"potentialAction\":[{\"@type\":\"ReadAction\",\"target\":[\"https:\/\/www.isdin.com\/es\/blog\/la-piel-de-judit-masco-ya-tiene-el-papel-protagonista\/\"]}]},{\"@type\":\"ImageObject\",\"inLanguage\":\"es-ES\",\"@id\":\"https:\/\/www.isdin.com\/es\/blog\/la-piel-de-judit-masco-ya-tiene-el-papel-protagonista\/#primaryimage\",\"url\":\"https:\/\/www.isdin.com\/es\/blog\/wp-content\/uploads\/2024\/03\/2023_oscars_IMG03.png\",\"contentUrl\":\"https:\/\/www.isdin.com\/es\/blog\/wp-content\/uploads\/2024\/03\/2023_oscars_IMG03.png\",\"width\":1200,\"height\":760},{\"@type\":\"BreadcrumbList\",\"@id\":\"https:\/\/www.isdin.com\/es\/blog\/la-piel-de-judit-masco-ya-tiene-el-papel-protagonista\/#breadcrumb\",\"itemListElement\":[{\"@type\":\"ListItem\",\"position\":1,\"name\":\"Portada\",\"item\":\"https:\/\/www.isdin.com\/es\/blog\/\"},{\"@type\":\"ListItem\",\"position\":2,\"name\":\"La piel de Judit Masc\u00f3 ya tiene el papel protagonista, \u00bfy la tuya?\"}]},{\"@type\":\"WebSite\",\"@id\":\"https:\/\/www.isdin.com\/es\/blog\/#website\",\"url\":\"https:\/\/www.isdin.com\/es\/blog\/\",\"name\":\"ISDIN\",\"description\":\"Novedades, lanzamientos de productos y toda la experiencia de ISDIN\",\"publisher\":{\"@id\":\"https:\/\/www.isdin.com\/es\/blog\/#organization\"},\"potentialAction\":[{\"@type\":\"SearchAction\",\"target\":{\"@type\":\"EntryPoint\",\"urlTemplate\":\"https:\/\/www.isdin.com\/es\/blog\/?s={search_term_string}\"},\"query-input\":{\"@type\":\"PropertyValueSpecification\",\"valueRequired\":true,\"valueName\":\"search_term_string\"}}],\"inLanguage\":\"es-ES\"},{\"@type\":\"Organization\",\"@id\":\"https:\/\/www.isdin.com\/es\/blog\/#organization\",\"name\":\"ISDIN\",\"alternateName\":\"ISDIN\",\"url\":\"https:\/\/www.isdin.com\/es\/blog\/\",\"logo\":{\"@type\":\"ImageObject\",\"inLanguage\":\"es-ES\",\"@id\":\"https:\/\/www.isdin.com\/es\/blog\/#\/schema\/logo\/image\/\",\"url\":\"https:\/\/www.isdin.com\/es\/blog\/wp-content\/uploads\/2024\/05\/2025_03_GuiaFoto_FWM.png\",\"contentUrl\":\"https:\/\/www.isdin.com\/es\/blog\/wp-content\/uploads\/2024\/05\/2025_03_GuiaFoto_FWM.png\",\"width\":670,\"height\":683,\"caption\":\"ISDIN\"},\"image\":{\"@id\":\"https:\/\/www.isdin.com\/es\/blog\/#\/schema\/logo\/image\/\"},\"sameAs\":[\"https:\/\/es-es.facebook.com\/ISDIN.official\/\",\"https:\/\/x.com\/isdin_official\",\"https:\/\/www.instagram.com\/isdinofficial\",\"https:\/\/www.youtube.com\/channel\/UCtoNJMKpDwdFLqgV23_lcqg\"],\"telephone\":\"659997812\"},{\"@type\":\"Person\",\"@id\":\"https:\/\/www.isdin.com\/es\/blog\/#\/schema\/person\/3c124ee89a8ad533633717dab4aee789\",\"name\":\"Nerea Zaballa\",\"image\":{\"@type\":\"ImageObject\",\"inLanguage\":\"es-ES\",\"@id\":\"https:\/\/www.isdin.com\/es\/blog\/#\/schema\/person\/image\/\",\"url\":\"https:\/\/www.isdin.com\/es\/blog\/wp-content\/uploads\/2017\/07\/Nerea-headshot-scaled.jpg\",\"contentUrl\":\"https:\/\/www.isdin.com\/es\/blog\/wp-content\/uploads\/2017\/07\/Nerea-headshot-scaled.jpg\",\"caption\":\"Nerea Zaballa\"},\"description\":\"Nerea es periodista, editora y comunicadora. De Forbes a Modaes, sus palabras han trasmitido la pasi\u00f3n por la belleza y la moda, inspirando a lectores y amantes del lifestyle. \u00bfSu momento beauty favorito? Dedicar tiempo, cada d\u00eda, a su rutina facial minimalista.\",\"jobTitle\":\"Escritora y Editora Lifestyle\",\"url\":\"https:\/\/www.isdin.com\/es\/blog\/author\/nerea-zaballa\/\"}]}<\/script>\n<!-- \/ Yoast SEO Premium plugin. -->","yoast_head_json":{"title":"La piel de Judit Masc\u00f3 ya tiene el papel protagonista, \u00bfy la tuya? - ISDIN","description":"Descubre por qu\u00e9 ISDIN ser\u00e1 patrocinador oficial de Vanity Fair Oscar Party 2024 y el secreto de Judit Masc\u00f3 para deslumbrar como invitada.","robots":{"index":"index","follow":"follow","max-snippet":"max-snippet:-1","max-image-preview":"max-image-preview:large","max-video-preview":"max-video-preview:-1"},"canonical":"https:\/\/www.isdin.com\/es\/blog\/la-piel-de-judit-masco-ya-tiene-el-papel-protagonista\/","og_locale":"es_ES","og_type":"article","og_title":"La piel de Judit Masc\u00f3 ya tiene el papel protagonista, \u00bfy la tuya?","og_description":"Descubre por qu\u00e9 ISDIN ser\u00e1 patrocinador oficial de Vanity Fair Oscar Party 2024 y el secreto de Judit Masc\u00f3 para deslumbrar como invitada.","og_url":"https:\/\/www.isdin.com\/es\/blog\/la-piel-de-judit-masco-ya-tiene-el-papel-protagonista\/","og_site_name":"ISDIN","article_publisher":"https:\/\/es-es.facebook.com\/ISDIN.official\/","article_published_time":"2024-03-05T11:00:36+00:00","article_modified_time":"2024-03-05T11:00:39+00:00","og_image":[{"width":1200,"height":760,"url":"https:\/\/www.isdin.com\/es\/blog\/wp-content\/uploads\/2024\/03\/2023_oscars_IMG03.png","type":"image\/png"}],"author":"Nerea Zaballa","twitter_card":"summary_large_image","twitter_creator":"@isdin_official","twitter_site":"@isdin_official","twitter_misc":{"Written by":"Nerea Zaballa","Est. reading time":"3 minutes"},"schema":{"@context":"https:\/\/schema.org","@graph":[{"@type":"Article","@id":"https:\/\/www.isdin.com\/es\/blog\/la-piel-de-judit-masco-ya-tiene-el-papel-protagonista\/#article","isPartOf":{"@id":"https:\/\/www.isdin.com\/es\/blog\/la-piel-de-judit-masco-ya-tiene-el-papel-protagonista\/"},"author":{"name":"Nerea Zaballa","@id":"https:\/\/www.isdin.com\/es\/blog\/#\/schema\/person\/3c124ee89a8ad533633717dab4aee789"},"headline":"La piel de Judit Masc\u00f3 ya tiene el papel protagonista, \u00bfy la tuya?","datePublished":"2024-03-05T11:00:36+00:00","dateModified":"2024-03-05T11:00:39+00:00","mainEntityOfPage":{"@id":"https:\/\/www.isdin.com\/es\/blog\/la-piel-de-judit-masco-ya-tiene-el-papel-protagonista\/"},"wordCount":683,"publisher":{"@id":"https:\/\/www.isdin.com\/es\/blog\/#organization"},"image":{"@id":"https:\/\/www.isdin.com\/es\/blog\/la-piel-de-judit-masco-ya-tiene-el-papel-protagonista\/#primaryimage"},"thumbnailUrl":"https:\/\/www.isdin.com\/es\/blog\/wp-content\/uploads\/2024\/03\/2023_oscars_IMG03.png","articleSection":["Belleza","Embajadores ISDIN"],"inLanguage":"es-ES"},{"@type":"WebPage","@id":"https:\/\/www.isdin.com\/es\/blog\/la-piel-de-judit-masco-ya-tiene-el-papel-protagonista\/","url":"https:\/\/www.isdin.com\/es\/blog\/la-piel-de-judit-masco-ya-tiene-el-papel-protagonista\/","name":"La piel de Judit Masc\u00f3 ya tiene el papel protagonista, \u00bfy la tuya? - ISDIN","isPartOf":{"@id":"https:\/\/www.isdin.com\/es\/blog\/#website"},"primaryImageOfPage":{"@id":"https:\/\/www.isdin.com\/es\/blog\/la-piel-de-judit-masco-ya-tiene-el-papel-protagonista\/#primaryimage"},"image":{"@id":"https:\/\/www.isdin.com\/es\/blog\/la-piel-de-judit-masco-ya-tiene-el-papel-protagonista\/#primaryimage"},"thumbnailUrl":"https:\/\/www.isdin.com\/es\/blog\/wp-content\/uploads\/2024\/03\/2023_oscars_IMG03.png","datePublished":"2024-03-05T11:00:36+00:00","dateModified":"2024-03-05T11:00:39+00:00","description":"Descubre por qu\u00e9 ISDIN ser\u00e1 patrocinador oficial de Vanity Fair Oscar Party 2024 y el secreto de Judit Masc\u00f3 para deslumbrar como invitada.","breadcrumb":{"@id":"https:\/\/www.isdin.com\/es\/blog\/la-piel-de-judit-masco-ya-tiene-el-papel-protagonista\/#breadcrumb"},"inLanguage":"es-ES","potentialAction":[{"@type":"ReadAction","target":["https:\/\/www.isdin.com\/es\/blog\/la-piel-de-judit-masco-ya-tiene-el-papel-protagonista\/"]}]},{"@type":"ImageObject","inLanguage":"es-ES","@id":"https:\/\/www.isdin.com\/es\/blog\/la-piel-de-judit-masco-ya-tiene-el-papel-protagonista\/#primaryimage","url":"https:\/\/www.isdin.com\/es\/blog\/wp-content\/uploads\/2024\/03\/2023_oscars_IMG03.png","contentUrl":"https:\/\/www.isdin.com\/es\/blog\/wp-content\/uploads\/2024\/03\/2023_oscars_IMG03.png","width":1200,"height":760},{"@type":"BreadcrumbList","@id":"https:\/\/www.isdin.com\/es\/blog\/la-piel-de-judit-masco-ya-tiene-el-papel-protagonista\/#breadcrumb","itemListElement":[{"@type":"ListItem","position":1,"name":"Portada","item":"https:\/\/www.isdin.com\/es\/blog\/"},{"@type":"ListItem","position":2,"name":"La piel de Judit Masc\u00f3 ya tiene el papel protagonista, \u00bfy la tuya?"}]},{"@type":"WebSite","@id":"https:\/\/www.isdin.com\/es\/blog\/#website","url":"https:\/\/www.isdin.com\/es\/blog\/","name":"ISDIN","description":"Novedades, lanzamientos de productos y toda la experiencia de ISDIN","publisher":{"@id":"https:\/\/www.isdin.com\/es\/blog\/#organization"},"potentialAction":[{"@type":"SearchAction","target":{"@type":"EntryPoint","urlTemplate":"https:\/\/www.isdin.com\/es\/blog\/?s={search_term_string}"},"query-input":{"@type":"PropertyValueSpecification","valueRequired":true,"valueName":"search_term_string"}}],"inLanguage":"es-ES"},{"@type":"Organization","@id":"https:\/\/www.isdin.com\/es\/blog\/#organization","name":"ISDIN","alternateName":"ISDIN","url":"https:\/\/www.isdin.com\/es\/blog\/","logo":{"@type":"ImageObject","inLanguage":"es-ES","@id":"https:\/\/www.isdin.com\/es\/blog\/#\/schema\/logo\/image\/","url":"https:\/\/www.isdin.com\/es\/blog\/wp-content\/uploads\/2024\/05\/2025_03_GuiaFoto_FWM.png","contentUrl":"https:\/\/www.isdin.com\/es\/blog\/wp-content\/uploads\/2024\/05\/2025_03_GuiaFoto_FWM.png","width":670,"height":683,"caption":"ISDIN"},"image":{"@id":"https:\/\/www.isdin.com\/es\/blog\/#\/schema\/logo\/image\/"},"sameAs":["https:\/\/es-es.facebook.com\/ISDIN.official\/","https:\/\/x.com\/isdin_official","https:\/\/www.instagram.com\/isdinofficial","https:\/\/www.youtube.com\/channel\/UCtoNJMKpDwdFLqgV23_lcqg"],"telephone":"659997812"},{"@type":"Person","@id":"https:\/\/www.isdin.com\/es\/blog\/#\/schema\/person\/3c124ee89a8ad533633717dab4aee789","name":"Nerea Zaballa","image":{"@type":"ImageObject","inLanguage":"es-ES","@id":"https:\/\/www.isdin.com\/es\/blog\/#\/schema\/person\/image\/","url":"https:\/\/www.isdin.com\/es\/blog\/wp-content\/uploads\/2017\/07\/Nerea-headshot-scaled.jpg","contentUrl":"https:\/\/www.isdin.com\/es\/blog\/wp-content\/uploads\/2017\/07\/Nerea-headshot-scaled.jpg","caption":"Nerea Zaballa"},"description":"Nerea es periodista, editora y comunicadora. De Forbes a Modaes, sus palabras han trasmitido la pasi\u00f3n por la belleza y la moda, inspirando a lectores y amantes del lifestyle. \u00bfSu momento beauty favorito? Dedicar tiempo, cada d\u00eda, a su rutina facial minimalista.","jobTitle":"Escritora y Editora Lifestyle","url":"https:\/\/www.isdin.com\/es\/blog\/author\/nerea-zaballa\/"}]}},"_links":{"self":[{"href":"https:\/\/www.isdin.com\/es\/blog\/wp-json\/wp\/v2\/posts\/9588","targetHints":{"allow":["GET"]}}],"collection":[{"href":"https:\/\/www.isdin.com\/es\/blog\/wp-json\/wp\/v2\/posts"}],"about":[{"href":"https:\/\/www.isdin.com\/es\/blog\/wp-json\/wp\/v2\/types\/post"}],"author":[{"embeddable":true,"href":"https:\/\/www.isdin.com\/es\/blog\/wp-json\/wp\/v2\/users\/72"}],"replies":[{"embeddable":true,"href":"https:\/\/www.isdin.com\/es\/blog\/wp-json\/wp\/v2\/comments?post=9588"}],"version-history":[{"count":3,"href":"https:\/\/www.isdin.com\/es\/blog\/wp-json\/wp\/v2\/posts\/9588\/revisions"}],"predecessor-version":[{"id":9680,"href":"https:\/\/www.isdin.com\/es\/blog\/wp-json\/wp\/v2\/posts\/9588\/revisions\/9680"}],"wp:featuredmedia":[{"embeddable":true,"href":"https:\/\/www.isdin.com\/es\/blog\/wp-json\/wp\/v2\/media\/9589"}],"wp:attachment":[{"href":"https:\/\/www.isdin.com\/es\/blog\/wp-json\/wp\/v2\/media?parent=9588"}],"wp:term":[{"taxonomy":"category","embeddable":true,"href":"https:\/\/www.isdin.com\/es\/blog\/wp-json\/wp\/v2\/categories?post=9588"},{"taxonomy":"post_tag","embeddable":true,"href":"https:\/\/www.isdin.com\/es\/blog\/wp-json\/wp\/v2\/tags?post=9588"}],"curies":[{"name":"wp","href":"https:\/\/api.w.org\/{rel}","templated":true}]}}