{"id":9537,"date":"2025-12-23T16:40:23","date_gmt":"2025-12-23T16:40:23","guid":{"rendered":"https:\/\/www.isdin.com\/es\/blog\/?p=9537"},"modified":"2025-12-23T16:40:26","modified_gmt":"2025-12-23T16:40:26","slug":"talones-secos-y-agrietados-causas-y-soluciones","status":"publish","type":"post","link":"https:\/\/www.isdin.com\/es\/blog\/talones-secos-y-agrietados-causas-y-soluciones\/","title":{"rendered":"\u00bfTalones secos y agrietados? Te explicamos las causas y te damos soluciones"},"content":{"rendered":"\n<p>Como dir\u00eda Antonio Machado: <em><strong>&#8220;Caminante, no hay camino\u2026 se hace camino al andar&#8221;.<\/strong><\/em> Y vaya que nuestros pies lo saben. Caminan calles enteras, suben escaleras sin protestar, bailan hasta las 3 a.m., te sostienen en d\u00edas eternos de trabajo, en conciertos, en viajes, en mil historias que tus pies han pisado contigo. Est\u00e1n ah\u00ed cuando corres detr\u00e1s del bus, cuando te pruebas esos tacones imposibles, cuando te quedas de pie m\u00e1s tiempo del que deber\u00edas. Siempre fieles, siempre aguantando.<\/p>\n\n\n\n<p>Sin embargo, aunque son los que m\u00e1s caminan con nosotros, tambi\u00e9n son los que m\u00e1s olvidamos en el <em>skincare<\/em>. Y esa falta de atenci\u00f3n pasa factura: <strong>los talones se resecan, se endurecen, se agrietan<\/strong>. A veces incomodan, otras duelen, y otras simplemente nos hacen esconder los pies aunque queramos presumir sandalias. \u00bfTe ha pasado? A la mayor\u00eda s\u00ed.<\/p>\n\n\n\n<p>Si tienes los talones agrietados, qu\u00e9date, vamos a contarte todo lo que necesitas saber para repararlos.<\/p>\n\n\n\n<h2 class=\"wp-block-heading\" id=\"h-conoces-la-piel-de-tus-pies\">\u00bfConoces la piel de tus pies?<\/h2>\n\n\n\n<p><\/p>\n\n\n\n<figure class=\"wp-block-image size-large\"><img loading=\"lazy\" decoding=\"async\" width=\"1024\" height=\"527\" src=\"data:image\/gif;base64,R0lGODlhAQABAAAAACH5BAEKAAEALAAAAAABAAEAAAICTAEAOw==\" data-src=\"https:\/\/www.isdin.com\/es\/blog\/wp-content\/uploads\/2024\/02\/Imagen-en-el-contenido-2025-11-27T173102.813-1-1024x527.png\" alt=\"Primer plano de la planta del pie mientras una mano aplica cuidado hidratante, ideal para tratar talones agrietados y piel seca\" class=\"wp-image-13039 lazyload\" data-sizes=\"auto\" data-srcset=\"https:\/\/www.isdin.com\/es\/blog\/wp-content\/uploads\/2024\/02\/Imagen-en-el-contenido-2025-11-27T173102.813-1-1024x527.png 1024w, https:\/\/www.isdin.com\/es\/blog\/wp-content\/uploads\/2024\/02\/Imagen-en-el-contenido-2025-11-27T173102.813-1-300x155.png 300w, https:\/\/www.isdin.com\/es\/blog\/wp-content\/uploads\/2024\/02\/Imagen-en-el-contenido-2025-11-27T173102.813-1-150x77.png 150w, https:\/\/www.isdin.com\/es\/blog\/wp-content\/uploads\/2024\/02\/Imagen-en-el-contenido-2025-11-27T173102.813-1-768x396.png 768w, https:\/\/www.isdin.com\/es\/blog\/wp-content\/uploads\/2024\/02\/Imagen-en-el-contenido-2025-11-27T173102.813-1-585x300.png 585w, https:\/\/www.isdin.com\/es\/blog\/wp-content\/uploads\/2024\/02\/Imagen-en-el-contenido-2025-11-27T173102.813-1-450x232.png 450w, https:\/\/www.isdin.com\/es\/blog\/wp-content\/uploads\/2024\/02\/Imagen-en-el-contenido-2025-11-27T173102.813-1-20x11.png 20w, https:\/\/www.isdin.com\/es\/blog\/wp-content\/uploads\/2024\/02\/Imagen-en-el-contenido-2025-11-27T173102.813-1-225x116.png 225w, https:\/\/www.isdin.com\/es\/blog\/wp-content\/uploads\/2024\/02\/Imagen-en-el-contenido-2025-11-27T173102.813-1-900x464.png 900w, https:\/\/www.isdin.com\/es\/blog\/wp-content\/uploads\/2024\/02\/Imagen-en-el-contenido-2025-11-27T173102.813-1.png 1200w\" sizes=\"auto, (max-width: 1024px) 100vw, 1024px\" \/><\/figure>\n\n\n\n<p><\/p>\n\n\n\n<p>La piel de <a href=\"https:\/\/salud.nih.gov\/recursos-de-salud\/nih-noticias-de-salud\/concentrese-en-sus-pies\">los pies<\/a> es una maravilla en s\u00ed misma. Tiene una mayor cantidad de <a href=\"https:\/\/pubmed.ncbi.nlm.nih.gov\/33292104\/\">c\u00e9lulas adiposas<\/a> (ricas en l\u00edpidos) que otras zonas del cuerpo, lo que la vuelve m\u00e1s gruesa y resistente para amortiguar cada paso. <strong>Para que te hagas una idea: puede ser <a href=\"https:\/\/www.20minutos.es\/salud\/actualidad\/como-cuidar-talones-verano-piel-mas-gruesa-cuerpo-5528649\/\">hasta 50 veces m\u00e1s gruesa<\/a> que la piel de la mejilla.<\/strong> Esta caracter\u00edstica (aunque incre\u00edble) la hace propensa a secarse y necesitar una hidrataci\u00f3n adicional.<\/p>\n\n\n\n<p>Un claro ejemplo son los <strong>talones agrietados<\/strong>. S\u00ed, esa escena tan com\u00fan: tienes un evento, sacas esas sandalias preciosas que adoras y \u2014<em>plot twist<\/em>\u2014 tus talones no est\u00e1n listos para ser protagonistas.<\/p>\n\n\n\n<h3 class=\"wp-block-heading\">\u00bfPor qu\u00e9 se agrietan tus talones?<\/h3>\n\n\n\n<p>Los talones son una de las zonas del cuerpo con mayor funci\u00f3n mec\u00e1nica: <strong>sostienen el peso corporal, absorben impacto y soportan fricci\u00f3n constante<\/strong>. Cuando esto sucede se produce un aumento de las <a href=\"https:\/\/www.isdin.com\/es\/blog\/que-es-la-barrera-cutanea\/\">c\u00e9lulas de la epidermis<\/a> que se acumulan en la superficie produci\u00e9ndose un engrosamiento de esta. Tambi\u00e9n <a href=\"https:\/\/www.isdin.com\/es\/blog\/perdida-de-agua-transepidermica-que-es\/\">se pierden l\u00edpidos y agua<\/a>, es decir, tu piel va perdiendo hidrataci\u00f3n m\u00e1s r\u00e1pido de lo que puede retenerla. Ante esto, <a href=\"https:\/\/www.isdin.com\/blog\/beneficios-del-colageno-para-la-piel\/\">el col\u00e1geno y la elastina<\/a> mantienen su estructura\u2026 pero la superficie externa se vuelve r\u00edgida, tensa y menos flexible.<\/p>\n\n\n\n<p>La piel plantar es gruesa, s\u00ed, pero tambi\u00e9n es una piel con <strong>pocas gl\u00e1ndulas seb\u00e1ceas<\/strong>, por lo que su capacidad de lubricaci\u00f3n natural es limitada. El resultado: menos sebo \u2192 menos retenci\u00f3n de humedad \u2192 <strong>mayor tendencia a la sequedad<\/strong>.<\/p>\n\n\n\n<figure class=\"wp-block-image size-large\"><img loading=\"lazy\" decoding=\"async\" width=\"1024\" height=\"527\" src=\"data:image\/gif;base64,R0lGODlhAQABAAAAACH5BAEKAAEALAAAAAABAAEAAAICTAEAOw==\" data-src=\"https:\/\/www.isdin.com\/es\/blog\/wp-content\/uploads\/2024\/02\/Imagen-en-el-contenido-2025-11-27T173915.914-1-1024x527.png\" alt=\"Persona tocando el tal\u00f3n del pie con gesto de incomodidad, s\u00edntoma de talones agrietados, sequedad y durezas en los pies\" class=\"wp-image-13040 lazyload\" data-sizes=\"auto\" data-srcset=\"https:\/\/www.isdin.com\/es\/blog\/wp-content\/uploads\/2024\/02\/Imagen-en-el-contenido-2025-11-27T173915.914-1-1024x527.png 1024w, https:\/\/www.isdin.com\/es\/blog\/wp-content\/uploads\/2024\/02\/Imagen-en-el-contenido-2025-11-27T173915.914-1-300x155.png 300w, https:\/\/www.isdin.com\/es\/blog\/wp-content\/uploads\/2024\/02\/Imagen-en-el-contenido-2025-11-27T173915.914-1-150x77.png 150w, https:\/\/www.isdin.com\/es\/blog\/wp-content\/uploads\/2024\/02\/Imagen-en-el-contenido-2025-11-27T173915.914-1-768x396.png 768w, https:\/\/www.isdin.com\/es\/blog\/wp-content\/uploads\/2024\/02\/Imagen-en-el-contenido-2025-11-27T173915.914-1-585x300.png 585w, https:\/\/www.isdin.com\/es\/blog\/wp-content\/uploads\/2024\/02\/Imagen-en-el-contenido-2025-11-27T173915.914-1-450x232.png 450w, https:\/\/www.isdin.com\/es\/blog\/wp-content\/uploads\/2024\/02\/Imagen-en-el-contenido-2025-11-27T173915.914-1-20x11.png 20w, https:\/\/www.isdin.com\/es\/blog\/wp-content\/uploads\/2024\/02\/Imagen-en-el-contenido-2025-11-27T173915.914-1-225x116.png 225w, https:\/\/www.isdin.com\/es\/blog\/wp-content\/uploads\/2024\/02\/Imagen-en-el-contenido-2025-11-27T173915.914-1-900x464.png 900w, https:\/\/www.isdin.com\/es\/blog\/wp-content\/uploads\/2024\/02\/Imagen-en-el-contenido-2025-11-27T173915.914-1.png 1200w\" sizes=\"auto, (max-width: 1024px) 100vw, 1024px\" \/><\/figure>\n\n\n\n<p><\/p>\n\n\n\n<p>Cuando ya no puede estirarse con naturalidad al caminar, se tensa y poco a poco se abre, primero en peque\u00f1as l\u00edneas y, si la sequedad contin\u00faa, en grietas m\u00e1s visibles y molestas. As\u00ed es como los talones pasan de estar simplemente secos a agrietarse.<\/p>\n\n\n\n<h2 class=\"wp-block-heading\">Los secretos para reparar talones agrietados y secos<\/h2>\n\n\n\n<h3 class=\"wp-block-heading\">1. Mant\u00e9n tus pies limpios<\/h3>\n\n\n\n<p>Puede parecer obvio, pero no secarse adecuadamente los pies y no mantenerlos limpios puede crear el ambiente ideal para que se produzcan infecciones por hongos. Sobre todo <a href=\"https:\/\/www.isdin.com\/es\/blog\/rutina-cuidado-corporal-verano\/\">en verano<\/a>, cuando tendemos a utilizar calzado abierto y el calor adicional puede hacernos sudar.<\/p>\n\n\n\n<div class=\"wp-block-media-text has-media-on-the-right is-stacked-on-mobile\" style=\"grid-template-columns:auto 46%\"><div class=\"wp-block-media-text__content\">\n<p>Para evitarlo y combatir los cambios que enfrentan <a href=\"https:\/\/www.isdin.com\/es\/blog\/rutina-de-piel-para-cada-estacion\/\">estaci\u00f3n tras estaci\u00f3n<\/a>, esta es la soluci\u00f3n: lavar tus pies a diario con un <a href=\"https:\/\/www.isdin.com\/producto\/ureadin\/bath-gel-piel-seca-y-tirante\">limpiador suave e hidratante<\/a> que no elimine los l\u00edpidos naturales de la piel. Porque una barrera cut\u00e1nea sana significa menos sequedad, menos grietas y pies m\u00e1s resistentes<\/p>\n<\/div><figure class=\"wp-block-media-text__media\"><img loading=\"lazy\" decoding=\"async\" width=\"670\" height=\"670\" src=\"data:image\/gif;base64,R0lGODlhAQABAAAAACH5BAEKAAEALAAAAAABAAEAAAICTAEAOw==\" data-src=\"https:\/\/www.isdin.com\/es\/blog\/wp-content\/uploads\/2024\/02\/Textura-46-1.png\" alt=\"Plantas de los pies durante un ba\u00f1o relajante con espuma, rutina de cuidado para pies secos y prevenci\u00f3n de talones agrietados\" class=\"wp-image-13041 size-full lazyload\" data-sizes=\"auto\" data-srcset=\"https:\/\/www.isdin.com\/es\/blog\/wp-content\/uploads\/2024\/02\/Textura-46-1.png 670w, https:\/\/www.isdin.com\/es\/blog\/wp-content\/uploads\/2024\/02\/Textura-46-1-300x300.png 300w, https:\/\/www.isdin.com\/es\/blog\/wp-content\/uploads\/2024\/02\/Textura-46-1-150x150.png 150w, https:\/\/www.isdin.com\/es\/blog\/wp-content\/uploads\/2024\/02\/Textura-46-1-70x70.png 70w, https:\/\/www.isdin.com\/es\/blog\/wp-content\/uploads\/2024\/02\/Textura-46-1-180x180.png 180w, https:\/\/www.isdin.com\/es\/blog\/wp-content\/uploads\/2024\/02\/Textura-46-1-90x90.png 90w, https:\/\/www.isdin.com\/es\/blog\/wp-content\/uploads\/2024\/02\/Textura-46-1-450x450.png 450w, https:\/\/www.isdin.com\/es\/blog\/wp-content\/uploads\/2024\/02\/Textura-46-1-270x270.png 270w, https:\/\/www.isdin.com\/es\/blog\/wp-content\/uploads\/2024\/02\/Textura-46-1-20x20.png 20w, https:\/\/www.isdin.com\/es\/blog\/wp-content\/uploads\/2024\/02\/Textura-46-1-225x225.png 225w\" sizes=\"auto, (max-width: 670px) 100vw, 670px\" \/><\/figure><\/div>\n\n\n\n<h3 class=\"wp-block-heading\" id=\"h-2-exfolia-tus-talones-despues-de-banarte-o-ducharte\">2. Exfolia tus talones despu\u00e9s de ba\u00f1arte o ducharte<\/h3>\n\n\n\n<p>La exfoliaci\u00f3n es uno de los pasos m\u00e1s importantes para reparar talones secos y agrietados, ya que permite eliminar c\u00e9lulas muertas y evitar que la piel de la zona se vuelva gruesa, dura y \u00e1spera. Pero recuerda, es mejor evitar limas o productos muy abrasivos, pues podr\u00edan empeorar la irritaci\u00f3n o raspar tus talones.<\/p>\n\n\n\n<div class=\"wp-block-media-text is-stacked-on-mobile\" style=\"grid-template-columns:46% auto\"><figure class=\"wp-block-media-text__media\"><img loading=\"lazy\" decoding=\"async\" width=\"540\" height=\"540\" src=\"data:image\/gif;base64,R0lGODlhAQABAAAAACH5BAEKAAEALAAAAAABAAEAAAICTAEAOw==\" data-src=\"https:\/\/www.isdin.com\/es\/blog\/wp-content\/uploads\/2024\/02\/Textura-49-1.png\" alt=\"Piernas elevadas con pies cuidados en un ambiente interior, imagen de bienestar y tratamiento diario para pies y talones secos\" class=\"wp-image-13042 size-full lazyload\" data-sizes=\"auto\" data-srcset=\"https:\/\/www.isdin.com\/es\/blog\/wp-content\/uploads\/2024\/02\/Textura-49-1.png 540w, https:\/\/www.isdin.com\/es\/blog\/wp-content\/uploads\/2024\/02\/Textura-49-1-300x300.png 300w, https:\/\/www.isdin.com\/es\/blog\/wp-content\/uploads\/2024\/02\/Textura-49-1-150x150.png 150w, https:\/\/www.isdin.com\/es\/blog\/wp-content\/uploads\/2024\/02\/Textura-49-1-70x70.png 70w, https:\/\/www.isdin.com\/es\/blog\/wp-content\/uploads\/2024\/02\/Textura-49-1-180x180.png 180w, https:\/\/www.isdin.com\/es\/blog\/wp-content\/uploads\/2024\/02\/Textura-49-1-90x90.png 90w, https:\/\/www.isdin.com\/es\/blog\/wp-content\/uploads\/2024\/02\/Textura-49-1-450x450.png 450w, https:\/\/www.isdin.com\/es\/blog\/wp-content\/uploads\/2024\/02\/Textura-49-1-270x270.png 270w, https:\/\/www.isdin.com\/es\/blog\/wp-content\/uploads\/2024\/02\/Textura-49-1-20x20.png 20w, https:\/\/www.isdin.com\/es\/blog\/wp-content\/uploads\/2024\/02\/Textura-49-1-225x225.png 225w\" sizes=\"auto, (max-width: 540px) 100vw, 540px\" \/><\/figure><div class=\"wp-block-media-text__content\">\n<p><strong>\u00bfEl truco?<\/strong> Apostar por ingredientes como la <a href=\"https:\/\/www.isdin.com\/cuidado-facial\/urea-isdin-para-hidratacion-exfoliacion-facial\/\">Urea ISDIN y su acci\u00f3n queratol\u00edtica,<\/a> en forma de geles y cremas. Una textura <a href=\"https:\/\/www.isdin.com\/producto\/ureadin\/ultra-40-gel-oil-exfoliante\">gel oil<\/a> no solo ser\u00e1 amable con tus pies, sino que tambi\u00e9n proporcionar\u00e1 una acci\u00f3n hidratante.<\/p>\n\n\n\n<p class=\"has-background\" style=\"background-color:#cdeef3\"><strong>Cu\u00e1ndo aplicarla<\/strong>: justo despu\u00e9s de la ducha o el ba\u00f1o, cuando la piel est\u00e1 blanda y m\u00e1s receptiva. Masajea unos segundos y deja actuar.<\/p>\n<\/div><\/div>\n\n\n\n<p><\/p>\n\n\n\n<h3 class=\"wp-block-heading\" id=\"h-3-utiliza-una-crema-hidratante-especifica-para-la-zona\">3. Utiliza una crema hidratante espec\u00edfica para la zona<\/h3>\n\n\n\n<p>El fr\u00edo del <a href=\"https:\/\/www.isdin.com\/es\/blog\/rutina-cuidado-corporal-invierno-ureadin\/\">invierno<\/a> es uno de los mayores enemigos de los talones: las <a href=\"https:\/\/www.isdin.com\/es\/blog\/?p=11981&amp;preview=true&amp;_thumbnail_id=11982\">bajas temperaturas<\/a> y la falta de humedad ambiental hacen que la piel pierda agua con rapidez, se reseque y se descame con mayor facilidad. Menos humedad en el ambiente = m\u00e1s sequedad en la piel. Por eso, en esta \u00e9poca del a\u00f1o es habitual que surjan grietas, rugosidad o incluso molestias al caminar.<\/p>\n\n\n\n<p>Si quieres <strong>mantener tus talones suaves, flexibles y sin grietas durante todo el a\u00f1o<\/strong>, la hidrataci\u00f3n diaria es imprescindible. Es el tratamiento base para mejorar la textura, reforzar la barrera cut\u00e1nea y prevenir la sequedad persistente.<\/p>\n\n\n\n<div class=\"wp-block-media-text has-media-on-the-right is-stacked-on-mobile\"><div class=\"wp-block-media-text__content\">\n<p><\/p>\n\n\n\n<p><strong>\u00bfLa mejor elecci\u00f3n para hidratar talones secos?<\/strong> Una <a href=\"https:\/\/www.isdin.com\/producto\/ureadin\/podos-gel-oil\">crema hidratante para pies con textura gel oil<\/a>, que mantenga la humedad en la piel y la deje suave desde la primera aplicaci\u00f3n. Busca activos que trabajen en equipo: <strong>alanto\u00edna para calmar, pantenol para reparar, karit\u00e9 para nutrir y urea para suavizar y retener agua<\/strong>.<\/p>\n<\/div><figure class=\"wp-block-media-text__media\"><img loading=\"lazy\" decoding=\"async\" width=\"600\" height=\"600\" src=\"data:image\/gif;base64,R0lGODlhAQABAAAAACH5BAEKAAEALAAAAAABAAEAAAICTAEAOw==\" data-src=\"https:\/\/www.isdin.com\/es\/blog\/wp-content\/uploads\/2024\/02\/CO_0119_PDP_UREADINPODOSGELOIL75ML_BENEFITS_LIST_IMAGE_2-1.jpg\" alt=\"Envase de Ureadin Podos Gel Oil de ISDIN, producto hidratante para reparar talones agrietados y pies muy secos\" class=\"wp-image-13043 size-full lazyload\"\/><\/figure><\/div>\n\n\n\n<p class=\"has-background\" style=\"background-color:#cdeef3\"><strong>\u00bfLo sab\u00edas?<\/strong> Dependiendo de la concentraci\u00f3n, <a href=\"https:\/\/www.isdin.com\/es\/blog\/que-es-la-urea-y-para-que-sirve\/\">la urea ofrece m\u00e1s de un beneficio<\/a>. En concentraciones bajas, renueva, hidrata en profundidad y suaviza la piel, mientras que en altas concentraciones, brinda una exfoliaci\u00f3n poderosa para suavizar hasta las \u00e1reas m\u00e1s \u00e1speras.<\/p>\n\n\n\n<p><\/p>\n\n\n\n<h2 class=\"wp-block-heading\">En esta rutina, t\u00fa pones las reglas<\/h2>\n\n\n\n<p>Si hay algo cierto con los pies y los talones es esto: <strong>no existe un momento \u00fanico para hidratarlos<\/strong>. Todos valen. Texturas gel-oil como las de <a href=\"https:\/\/www.isdin.com\/es\/p\/ureadin-podos-gel-oil\/0119\"><strong>Ureadin Podos<\/strong><\/a> se absorben r\u00e1pido, no dejan sensaci\u00f3n grasa y son perfectas tanto despu\u00e9s de la ducha, tras la exfoliaci\u00f3n o justo antes de irte a dormir.<\/p>\n\n\n\n<p>T\u00fa eliges cu\u00e1ndo. <strong>\u00bfUn momento que nos encanta?<\/strong> En el sof\u00e1 mientras ves una pel\u00edcula o esa serie que tanto te gusta, as\u00ed podr\u00e1s relajarte y tambi\u00e9n hacerte la manicura o ponerte tu mascarilla facial favorita.<\/p>\n\n\n\n<figure class=\"wp-block-image size-large\"><img loading=\"lazy\" decoding=\"async\" width=\"1024\" height=\"527\" src=\"data:image\/gif;base64,R0lGODlhAQABAAAAACH5BAEKAAEALAAAAAABAAEAAAICTAEAOw==\" data-src=\"https:\/\/www.isdin.com\/es\/blog\/wp-content\/uploads\/2024\/02\/Imagen-en-el-contenido-2025-11-27T173057.974-1-1024x527.png\" alt=\"Pies con calcetines gruesos en ambiente fr\u00edo, protecci\u00f3n frente a la sequedad extrema y los talones agrietados en invierno\" class=\"wp-image-13044 lazyload\" data-sizes=\"auto\" data-srcset=\"https:\/\/www.isdin.com\/es\/blog\/wp-content\/uploads\/2024\/02\/Imagen-en-el-contenido-2025-11-27T173057.974-1-1024x527.png 1024w, https:\/\/www.isdin.com\/es\/blog\/wp-content\/uploads\/2024\/02\/Imagen-en-el-contenido-2025-11-27T173057.974-1-300x155.png 300w, https:\/\/www.isdin.com\/es\/blog\/wp-content\/uploads\/2024\/02\/Imagen-en-el-contenido-2025-11-27T173057.974-1-150x77.png 150w, https:\/\/www.isdin.com\/es\/blog\/wp-content\/uploads\/2024\/02\/Imagen-en-el-contenido-2025-11-27T173057.974-1-768x396.png 768w, https:\/\/www.isdin.com\/es\/blog\/wp-content\/uploads\/2024\/02\/Imagen-en-el-contenido-2025-11-27T173057.974-1-585x300.png 585w, https:\/\/www.isdin.com\/es\/blog\/wp-content\/uploads\/2024\/02\/Imagen-en-el-contenido-2025-11-27T173057.974-1-450x232.png 450w, https:\/\/www.isdin.com\/es\/blog\/wp-content\/uploads\/2024\/02\/Imagen-en-el-contenido-2025-11-27T173057.974-1-20x11.png 20w, https:\/\/www.isdin.com\/es\/blog\/wp-content\/uploads\/2024\/02\/Imagen-en-el-contenido-2025-11-27T173057.974-1-225x116.png 225w, https:\/\/www.isdin.com\/es\/blog\/wp-content\/uploads\/2024\/02\/Imagen-en-el-contenido-2025-11-27T173057.974-1-900x464.png 900w, https:\/\/www.isdin.com\/es\/blog\/wp-content\/uploads\/2024\/02\/Imagen-en-el-contenido-2025-11-27T173057.974-1.png 1200w\" sizes=\"auto, (max-width: 1024px) 100vw, 1024px\" \/><\/figure>\n\n\n\n<p><\/p>\n\n\n\n<h3 class=\"wp-block-heading\">\u00bfQu\u00e9 m\u00e1s puedes hacer por tus pies?<\/h3>\n\n\n\n<p>Esta peque\u00f1a rutina de 3 pasos no podr\u00eda completarse sin unos \u00faltimos consejos, porque a veces, la sequedad tambi\u00e9n puede verse impulsada por <a href=\"https:\/\/www.isdin.com\/es\/blog\/de-meta-a-habito-la-clave-para-el-exito\/\">nuestros h\u00e1bitos<\/a>:<\/p>\n\n\n\n<ul class=\"wp-block-list\">\n<li><strong>Usa calcetines hechos de tejidos naturales<\/strong>, como lana o algod\u00f3n, ya que los tejidos sint\u00e9ticos pueden hacer que tus pies suden m\u00e1s.<\/li>\n\n\n\n<li><strong>No utilices calzado demasiado apretado<\/strong>, as\u00ed evitar\u00e1s la fricci\u00f3n en exceso.<\/li>\n\n\n\n<li><strong>Si vas a estrenar sandalias <a href=\"https:\/\/www.isdin.com\/es\/blog\/rutina-post-playa\/\">este verano<\/a>, pru\u00e9balas antes en casa<\/strong>. No hay nada m\u00e1s molesto que una herida por fricci\u00f3n en unos zapatos que te mueres por poner. Si notas fricci\u00f3n en alguna zona, refuerza la zona con crema antes de usarlas.<\/li>\n\n\n\n<li><a href=\"https:\/\/www.isdin.com\/es\/blog\/efectos-sol-piel-verano\/\"><strong>Protege tus pies del sol<\/strong><\/a>. Probablemente, sea una de las zonas donde menos nos echamos fotoprotector, \u00a1pero no hay excusa v\u00e1lida! Es tan importante proteger la piel de tus pies como cualquier otra parte del cuerpo.<\/li>\n<\/ul>\n\n\n\n<p>Nuestra vida est\u00e1 hecha de pasos, caminos y <a href=\"https:\/\/www.isdin.com\/es\/love-isdin\">experiencias<\/a>. Cada uno de ellos lo has vivido con tus pies. <strong>Si quieres eliminar los talones secos y agrietados y mantenerlos suaves durante todo el a\u00f1o<\/strong>, es momento de cuidarlos con la misma atenci\u00f3n que das al resto de tu piel.<\/p>\n","protected":false},"excerpt":{"rendered":"<p> A veces incomodan, otras duelen, y otras simplemente nos hacen esconder los pies aunque queramos presumir sandalias. \u00bfTe ha pasado? A la mayor\u00eda s\u00ed.<\/p>\n","protected":false},"author":69,"featured_media":13038,"comment_status":"closed","ping_status":"closed","sticky":false,"template":"","format":"image","meta":{"footnotes":""},"categories":[103,1,101],"tags":[123,432,394],"class_list":["post-9537","post","type-post","status-publish","format-image","has-post-thumbnail","hentry","category-belleza","category-consejos-cuidados","category-cuidado-facial","tag-cuidado-piel","tag-piel-de-los-pies","tag-pies-secos","post_format-post-format-image"],"yoast_head":"<!-- This site is optimized with the Yoast SEO Premium plugin v25.4 (Yoast SEO v25.4) - https:\/\/yoast.com\/wordpress\/plugins\/seo\/ -->\n<title>\u00bfTalones secos y agrietados? Te explicamos las causas y te damos soluciones - ISDIN<\/title>\n<meta name=\"description\" content=\"Si sufres de talones secos y agrietados, est\u00e1s en el lugar adecuado. Nuestros expertos te comparten los mejores consejos para repararlos.\" \/>\n<meta name=\"robots\" content=\"index, follow, max-snippet:-1, max-image-preview:large, max-video-preview:-1\" \/>\n<link rel=\"canonical\" href=\"https:\/\/www.isdin.com\/es\/blog\/talones-secos-y-agrietados-causas-y-soluciones\/\" \/>\n<meta property=\"og:locale\" content=\"es_ES\" \/>\n<meta property=\"og:type\" content=\"article\" \/>\n<meta property=\"og:title\" content=\"\u00bfTalones secos y agrietados? Te explicamos las causas y te damos soluciones\" \/>\n<meta property=\"og:description\" content=\"Si sufres de talones secos y agrietados, est\u00e1s en el lugar adecuado. Nuestros expertos te comparten los mejores consejos para repararlos.\" \/>\n<meta property=\"og:url\" content=\"https:\/\/www.isdin.com\/es\/blog\/talones-secos-y-agrietados-causas-y-soluciones\/\" \/>\n<meta property=\"og:site_name\" content=\"ISDIN\" \/>\n<meta property=\"article:publisher\" content=\"https:\/\/es-es.facebook.com\/ISDIN.official\/\" \/>\n<meta property=\"article:published_time\" content=\"2025-12-23T16:40:23+00:00\" \/>\n<meta property=\"article:modified_time\" content=\"2025-12-23T16:40:26+00:00\" \/>\n<meta property=\"og:image\" content=\"https:\/\/www.isdin.com\/es\/blog\/wp-content\/uploads\/2024\/02\/Header-48-1.png\" \/>\n\t<meta property=\"og:image:width\" content=\"1200\" \/>\n\t<meta property=\"og:image:height\" content=\"760\" \/>\n\t<meta property=\"og:image:type\" content=\"image\/png\" \/>\n<meta name=\"author\" content=\"Belinda Mart\u00ednez\" \/>\n<meta name=\"twitter:card\" content=\"summary_large_image\" \/>\n<meta name=\"twitter:creator\" content=\"@isdin_official\" \/>\n<meta name=\"twitter:site\" content=\"@isdin_official\" \/>\n<meta name=\"twitter:label1\" content=\"Written by\" \/>\n\t<meta name=\"twitter:data1\" content=\"Belinda Mart\u00ednez\" \/>\n\t<meta name=\"twitter:label2\" content=\"Est. reading time\" \/>\n\t<meta name=\"twitter:data2\" content=\"7 minutes\" \/>\n<script type=\"application\/ld+json\" class=\"yoast-schema-graph\">{\"@context\":\"https:\/\/schema.org\",\"@graph\":[{\"@type\":\"Article\",\"@id\":\"https:\/\/www.isdin.com\/es\/blog\/talones-secos-y-agrietados-causas-y-soluciones\/#article\",\"isPartOf\":{\"@id\":\"https:\/\/www.isdin.com\/es\/blog\/talones-secos-y-agrietados-causas-y-soluciones\/\"},\"author\":{\"name\":\"Belinda Mart\u00ednez\",\"@id\":\"https:\/\/www.isdin.com\/es\/blog\/#\/schema\/person\/684015d7d9e78124cb4aa660f6fe8576\"},\"headline\":\"\u00bfTalones secos y agrietados? Te explicamos las causas y te damos soluciones\",\"datePublished\":\"2025-12-23T16:40:23+00:00\",\"dateModified\":\"2025-12-23T16:40:26+00:00\",\"mainEntityOfPage\":{\"@id\":\"https:\/\/www.isdin.com\/es\/blog\/talones-secos-y-agrietados-causas-y-soluciones\/\"},\"wordCount\":1270,\"publisher\":{\"@id\":\"https:\/\/www.isdin.com\/es\/blog\/#organization\"},\"image\":{\"@id\":\"https:\/\/www.isdin.com\/es\/blog\/talones-secos-y-agrietados-causas-y-soluciones\/#primaryimage\"},\"thumbnailUrl\":\"https:\/\/www.isdin.com\/es\/blog\/wp-content\/uploads\/2024\/02\/Header-48-1.png\",\"keywords\":[\"cuidado piel\",\"piel de los pies\",\"pies secos\"],\"articleSection\":[\"Belleza\",\"Consejos y cuidados\",\"Cuidado facial\"],\"inLanguage\":\"es-ES\"},{\"@type\":\"WebPage\",\"@id\":\"https:\/\/www.isdin.com\/es\/blog\/talones-secos-y-agrietados-causas-y-soluciones\/\",\"url\":\"https:\/\/www.isdin.com\/es\/blog\/talones-secos-y-agrietados-causas-y-soluciones\/\",\"name\":\"\u00bfTalones secos y agrietados? Te explicamos las causas y te damos soluciones - ISDIN\",\"isPartOf\":{\"@id\":\"https:\/\/www.isdin.com\/es\/blog\/#website\"},\"primaryImageOfPage\":{\"@id\":\"https:\/\/www.isdin.com\/es\/blog\/talones-secos-y-agrietados-causas-y-soluciones\/#primaryimage\"},\"image\":{\"@id\":\"https:\/\/www.isdin.com\/es\/blog\/talones-secos-y-agrietados-causas-y-soluciones\/#primaryimage\"},\"thumbnailUrl\":\"https:\/\/www.isdin.com\/es\/blog\/wp-content\/uploads\/2024\/02\/Header-48-1.png\",\"datePublished\":\"2025-12-23T16:40:23+00:00\",\"dateModified\":\"2025-12-23T16:40:26+00:00\",\"description\":\"Si sufres de talones secos y agrietados, est\u00e1s en el lugar adecuado. Nuestros expertos te comparten los mejores consejos para repararlos.\",\"breadcrumb\":{\"@id\":\"https:\/\/www.isdin.com\/es\/blog\/talones-secos-y-agrietados-causas-y-soluciones\/#breadcrumb\"},\"inLanguage\":\"es-ES\",\"potentialAction\":[{\"@type\":\"ReadAction\",\"target\":[\"https:\/\/www.isdin.com\/es\/blog\/talones-secos-y-agrietados-causas-y-soluciones\/\"]}]},{\"@type\":\"ImageObject\",\"inLanguage\":\"es-ES\",\"@id\":\"https:\/\/www.isdin.com\/es\/blog\/talones-secos-y-agrietados-causas-y-soluciones\/#primaryimage\",\"url\":\"https:\/\/www.isdin.com\/es\/blog\/wp-content\/uploads\/2024\/02\/Header-48-1.png\",\"contentUrl\":\"https:\/\/www.isdin.com\/es\/blog\/wp-content\/uploads\/2024\/02\/Header-48-1.png\",\"width\":1200,\"height\":760,\"caption\":\"Pies descalzos saliendo del agua con gotas visibles, imagen que representa hidrataci\u00f3n natural y cuidado de pies secos y talones agrietados\"},{\"@type\":\"BreadcrumbList\",\"@id\":\"https:\/\/www.isdin.com\/es\/blog\/talones-secos-y-agrietados-causas-y-soluciones\/#breadcrumb\",\"itemListElement\":[{\"@type\":\"ListItem\",\"position\":1,\"name\":\"Portada\",\"item\":\"https:\/\/www.isdin.com\/es\/blog\/\"},{\"@type\":\"ListItem\",\"position\":2,\"name\":\"\u00bfTalones secos y agrietados? Te explicamos las causas y te damos soluciones\"}]},{\"@type\":\"WebSite\",\"@id\":\"https:\/\/www.isdin.com\/es\/blog\/#website\",\"url\":\"https:\/\/www.isdin.com\/es\/blog\/\",\"name\":\"ISDIN\",\"description\":\"Novedades, lanzamientos de productos y toda la experiencia de ISDIN\",\"publisher\":{\"@id\":\"https:\/\/www.isdin.com\/es\/blog\/#organization\"},\"potentialAction\":[{\"@type\":\"SearchAction\",\"target\":{\"@type\":\"EntryPoint\",\"urlTemplate\":\"https:\/\/www.isdin.com\/es\/blog\/?s={search_term_string}\"},\"query-input\":{\"@type\":\"PropertyValueSpecification\",\"valueRequired\":true,\"valueName\":\"search_term_string\"}}],\"inLanguage\":\"es-ES\"},{\"@type\":\"Organization\",\"@id\":\"https:\/\/www.isdin.com\/es\/blog\/#organization\",\"name\":\"ISDIN\",\"alternateName\":\"ISDIN\",\"url\":\"https:\/\/www.isdin.com\/es\/blog\/\",\"logo\":{\"@type\":\"ImageObject\",\"inLanguage\":\"es-ES\",\"@id\":\"https:\/\/www.isdin.com\/es\/blog\/#\/schema\/logo\/image\/\",\"url\":\"https:\/\/www.isdin.com\/es\/blog\/wp-content\/uploads\/2024\/05\/2025_03_GuiaFoto_FWM.png\",\"contentUrl\":\"https:\/\/www.isdin.com\/es\/blog\/wp-content\/uploads\/2024\/05\/2025_03_GuiaFoto_FWM.png\",\"width\":670,\"height\":683,\"caption\":\"ISDIN\"},\"image\":{\"@id\":\"https:\/\/www.isdin.com\/es\/blog\/#\/schema\/logo\/image\/\"},\"sameAs\":[\"https:\/\/es-es.facebook.com\/ISDIN.official\/\",\"https:\/\/x.com\/isdin_official\",\"https:\/\/www.instagram.com\/isdinofficial\",\"https:\/\/www.youtube.com\/channel\/UCtoNJMKpDwdFLqgV23_lcqg\"],\"telephone\":\"659997812\"},{\"@type\":\"Person\",\"@id\":\"https:\/\/www.isdin.com\/es\/blog\/#\/schema\/person\/684015d7d9e78124cb4aa660f6fe8576\",\"name\":\"Belinda Mart\u00ednez\",\"image\":{\"@type\":\"ImageObject\",\"inLanguage\":\"es-ES\",\"@id\":\"https:\/\/www.isdin.com\/es\/blog\/#\/schema\/person\/image\/\",\"url\":\"https:\/\/www.isdin.com\/es\/blog\/wp-content\/uploads\/2017\/07\/jjjj.jpg\",\"contentUrl\":\"https:\/\/www.isdin.com\/es\/blog\/wp-content\/uploads\/2017\/07\/jjjj.jpg\",\"caption\":\"Belinda Mart\u00ednez\"},\"description\":\"Belinda es periodista y copywriter creativa. Tras a\u00f1os de experiencia, decidi\u00f3 fusionar sus habilidades de escritura con su amor por el skincare, convirti\u00e9ndose en una especialista en la materia. \u00bfSu imprescindible? Un buen b\u00e1lsamo de labios.\",\"sameAs\":[\"https:\/\/www.linkedin.com\/in\/thisisbel\/\"],\"url\":\"https:\/\/www.isdin.com\/es\/blog\/author\/belindamartinez\/\"}]}<\/script>\n<!-- \/ Yoast SEO Premium plugin. -->","yoast_head_json":{"title":"\u00bfTalones secos y agrietados? Te explicamos las causas y te damos soluciones - ISDIN","description":"Si sufres de talones secos y agrietados, est\u00e1s en el lugar adecuado. Nuestros expertos te comparten los mejores consejos para repararlos.","robots":{"index":"index","follow":"follow","max-snippet":"max-snippet:-1","max-image-preview":"max-image-preview:large","max-video-preview":"max-video-preview:-1"},"canonical":"https:\/\/www.isdin.com\/es\/blog\/talones-secos-y-agrietados-causas-y-soluciones\/","og_locale":"es_ES","og_type":"article","og_title":"\u00bfTalones secos y agrietados? Te explicamos las causas y te damos soluciones","og_description":"Si sufres de talones secos y agrietados, est\u00e1s en el lugar adecuado. Nuestros expertos te comparten los mejores consejos para repararlos.","og_url":"https:\/\/www.isdin.com\/es\/blog\/talones-secos-y-agrietados-causas-y-soluciones\/","og_site_name":"ISDIN","article_publisher":"https:\/\/es-es.facebook.com\/ISDIN.official\/","article_published_time":"2025-12-23T16:40:23+00:00","article_modified_time":"2025-12-23T16:40:26+00:00","og_image":[{"width":1200,"height":760,"url":"https:\/\/www.isdin.com\/es\/blog\/wp-content\/uploads\/2024\/02\/Header-48-1.png","type":"image\/png"}],"author":"Belinda Mart\u00ednez","twitter_card":"summary_large_image","twitter_creator":"@isdin_official","twitter_site":"@isdin_official","twitter_misc":{"Written by":"Belinda Mart\u00ednez","Est. reading time":"7 minutes"},"schema":{"@context":"https:\/\/schema.org","@graph":[{"@type":"Article","@id":"https:\/\/www.isdin.com\/es\/blog\/talones-secos-y-agrietados-causas-y-soluciones\/#article","isPartOf":{"@id":"https:\/\/www.isdin.com\/es\/blog\/talones-secos-y-agrietados-causas-y-soluciones\/"},"author":{"name":"Belinda Mart\u00ednez","@id":"https:\/\/www.isdin.com\/es\/blog\/#\/schema\/person\/684015d7d9e78124cb4aa660f6fe8576"},"headline":"\u00bfTalones secos y agrietados? Te explicamos las causas y te damos soluciones","datePublished":"2025-12-23T16:40:23+00:00","dateModified":"2025-12-23T16:40:26+00:00","mainEntityOfPage":{"@id":"https:\/\/www.isdin.com\/es\/blog\/talones-secos-y-agrietados-causas-y-soluciones\/"},"wordCount":1270,"publisher":{"@id":"https:\/\/www.isdin.com\/es\/blog\/#organization"},"image":{"@id":"https:\/\/www.isdin.com\/es\/blog\/talones-secos-y-agrietados-causas-y-soluciones\/#primaryimage"},"thumbnailUrl":"https:\/\/www.isdin.com\/es\/blog\/wp-content\/uploads\/2024\/02\/Header-48-1.png","keywords":["cuidado piel","piel de los pies","pies secos"],"articleSection":["Belleza","Consejos y cuidados","Cuidado facial"],"inLanguage":"es-ES"},{"@type":"WebPage","@id":"https:\/\/www.isdin.com\/es\/blog\/talones-secos-y-agrietados-causas-y-soluciones\/","url":"https:\/\/www.isdin.com\/es\/blog\/talones-secos-y-agrietados-causas-y-soluciones\/","name":"\u00bfTalones secos y agrietados? Te explicamos las causas y te damos soluciones - ISDIN","isPartOf":{"@id":"https:\/\/www.isdin.com\/es\/blog\/#website"},"primaryImageOfPage":{"@id":"https:\/\/www.isdin.com\/es\/blog\/talones-secos-y-agrietados-causas-y-soluciones\/#primaryimage"},"image":{"@id":"https:\/\/www.isdin.com\/es\/blog\/talones-secos-y-agrietados-causas-y-soluciones\/#primaryimage"},"thumbnailUrl":"https:\/\/www.isdin.com\/es\/blog\/wp-content\/uploads\/2024\/02\/Header-48-1.png","datePublished":"2025-12-23T16:40:23+00:00","dateModified":"2025-12-23T16:40:26+00:00","description":"Si sufres de talones secos y agrietados, est\u00e1s en el lugar adecuado. Nuestros expertos te comparten los mejores consejos para repararlos.","breadcrumb":{"@id":"https:\/\/www.isdin.com\/es\/blog\/talones-secos-y-agrietados-causas-y-soluciones\/#breadcrumb"},"inLanguage":"es-ES","potentialAction":[{"@type":"ReadAction","target":["https:\/\/www.isdin.com\/es\/blog\/talones-secos-y-agrietados-causas-y-soluciones\/"]}]},{"@type":"ImageObject","inLanguage":"es-ES","@id":"https:\/\/www.isdin.com\/es\/blog\/talones-secos-y-agrietados-causas-y-soluciones\/#primaryimage","url":"https:\/\/www.isdin.com\/es\/blog\/wp-content\/uploads\/2024\/02\/Header-48-1.png","contentUrl":"https:\/\/www.isdin.com\/es\/blog\/wp-content\/uploads\/2024\/02\/Header-48-1.png","width":1200,"height":760,"caption":"Pies descalzos saliendo del agua con gotas visibles, imagen que representa hidrataci\u00f3n natural y cuidado de pies secos y talones agrietados"},{"@type":"BreadcrumbList","@id":"https:\/\/www.isdin.com\/es\/blog\/talones-secos-y-agrietados-causas-y-soluciones\/#breadcrumb","itemListElement":[{"@type":"ListItem","position":1,"name":"Portada","item":"https:\/\/www.isdin.com\/es\/blog\/"},{"@type":"ListItem","position":2,"name":"\u00bfTalones secos y agrietados? Te explicamos las causas y te damos soluciones"}]},{"@type":"WebSite","@id":"https:\/\/www.isdin.com\/es\/blog\/#website","url":"https:\/\/www.isdin.com\/es\/blog\/","name":"ISDIN","description":"Novedades, lanzamientos de productos y toda la experiencia de ISDIN","publisher":{"@id":"https:\/\/www.isdin.com\/es\/blog\/#organization"},"potentialAction":[{"@type":"SearchAction","target":{"@type":"EntryPoint","urlTemplate":"https:\/\/www.isdin.com\/es\/blog\/?s={search_term_string}"},"query-input":{"@type":"PropertyValueSpecification","valueRequired":true,"valueName":"search_term_string"}}],"inLanguage":"es-ES"},{"@type":"Organization","@id":"https:\/\/www.isdin.com\/es\/blog\/#organization","name":"ISDIN","alternateName":"ISDIN","url":"https:\/\/www.isdin.com\/es\/blog\/","logo":{"@type":"ImageObject","inLanguage":"es-ES","@id":"https:\/\/www.isdin.com\/es\/blog\/#\/schema\/logo\/image\/","url":"https:\/\/www.isdin.com\/es\/blog\/wp-content\/uploads\/2024\/05\/2025_03_GuiaFoto_FWM.png","contentUrl":"https:\/\/www.isdin.com\/es\/blog\/wp-content\/uploads\/2024\/05\/2025_03_GuiaFoto_FWM.png","width":670,"height":683,"caption":"ISDIN"},"image":{"@id":"https:\/\/www.isdin.com\/es\/blog\/#\/schema\/logo\/image\/"},"sameAs":["https:\/\/es-es.facebook.com\/ISDIN.official\/","https:\/\/x.com\/isdin_official","https:\/\/www.instagram.com\/isdinofficial","https:\/\/www.youtube.com\/channel\/UCtoNJMKpDwdFLqgV23_lcqg"],"telephone":"659997812"},{"@type":"Person","@id":"https:\/\/www.isdin.com\/es\/blog\/#\/schema\/person\/684015d7d9e78124cb4aa660f6fe8576","name":"Belinda Mart\u00ednez","image":{"@type":"ImageObject","inLanguage":"es-ES","@id":"https:\/\/www.isdin.com\/es\/blog\/#\/schema\/person\/image\/","url":"https:\/\/www.isdin.com\/es\/blog\/wp-content\/uploads\/2017\/07\/jjjj.jpg","contentUrl":"https:\/\/www.isdin.com\/es\/blog\/wp-content\/uploads\/2017\/07\/jjjj.jpg","caption":"Belinda Mart\u00ednez"},"description":"Belinda es periodista y copywriter creativa. Tras a\u00f1os de experiencia, decidi\u00f3 fusionar sus habilidades de escritura con su amor por el skincare, convirti\u00e9ndose en una especialista en la materia. \u00bfSu imprescindible? Un buen b\u00e1lsamo de labios.","sameAs":["https:\/\/www.linkedin.com\/in\/thisisbel\/"],"url":"https:\/\/www.isdin.com\/es\/blog\/author\/belindamartinez\/"}]}},"_links":{"self":[{"href":"https:\/\/www.isdin.com\/es\/blog\/wp-json\/wp\/v2\/posts\/9537","targetHints":{"allow":["GET"]}}],"collection":[{"href":"https:\/\/www.isdin.com\/es\/blog\/wp-json\/wp\/v2\/posts"}],"about":[{"href":"https:\/\/www.isdin.com\/es\/blog\/wp-json\/wp\/v2\/types\/post"}],"author":[{"embeddable":true,"href":"https:\/\/www.isdin.com\/es\/blog\/wp-json\/wp\/v2\/users\/69"}],"replies":[{"embeddable":true,"href":"https:\/\/www.isdin.com\/es\/blog\/wp-json\/wp\/v2\/comments?post=9537"}],"version-history":[{"count":6,"href":"https:\/\/www.isdin.com\/es\/blog\/wp-json\/wp\/v2\/posts\/9537\/revisions"}],"predecessor-version":[{"id":13045,"href":"https:\/\/www.isdin.com\/es\/blog\/wp-json\/wp\/v2\/posts\/9537\/revisions\/13045"}],"wp:featuredmedia":[{"embeddable":true,"href":"https:\/\/www.isdin.com\/es\/blog\/wp-json\/wp\/v2\/media\/13038"}],"wp:attachment":[{"href":"https:\/\/www.isdin.com\/es\/blog\/wp-json\/wp\/v2\/media?parent=9537"}],"wp:term":[{"taxonomy":"category","embeddable":true,"href":"https:\/\/www.isdin.com\/es\/blog\/wp-json\/wp\/v2\/categories?post=9537"},{"taxonomy":"post_tag","embeddable":true,"href":"https:\/\/www.isdin.com\/es\/blog\/wp-json\/wp\/v2\/tags?post=9537"}],"curies":[{"name":"wp","href":"https:\/\/api.w.org\/{rel}","templated":true}]}}