{"id":9479,"date":"2025-12-01T18:01:07","date_gmt":"2025-12-01T18:01:07","guid":{"rendered":"https:\/\/www.isdin.com\/es\/blog\/?p=9479"},"modified":"2025-12-22T15:32:57","modified_gmt":"2025-12-22T15:32:57","slug":"piel-seca-o-deshidratada-tenemos-la-rutina-que-buscas","status":"publish","type":"post","link":"https:\/\/www.isdin.com\/es\/blog\/piel-seca-o-deshidratada-tenemos-la-rutina-que-buscas\/","title":{"rendered":"\u00bfPiel seca o deshidratada? \u00a1Tenemos la rutina ideal para ti!"},"content":{"rendered":"\n<p>No hay dos personas iguales, ni dos pieles id\u00e9nticas. Cada una es tan \u00fanica como la historia que lleva escrita, y por eso es esencial abrazar una rutina de cuidado que se adapte de verdad a tus necesidades. Cuando hablamos de <strong>piel seca<\/strong>, el camino puede sentirse irregular, lleno de idas y venidas\u2026 pero \u00bfy si existiera una ruta sin giros ni altibajos? <strong>Un trayecto directo hacia la hidrataci\u00f3n profunda y el confort absoluto<\/strong>.<\/p>\n\n\n\n<p>Hemos dise\u00f1ado una rutina de cuidado espec\u00edfica para <strong>piel seca<\/strong>, con un enfoque constante en la hidrataci\u00f3n y la reposici\u00f3n de humedad. \u00a1Y te contamos exactamente lo que necesitas saberr! \u00bfQu\u00e9 causa realmente la sequedad cut\u00e1nea? \u00bfCu\u00e1les son los pasos imprescindibles para mantener la piel suave, luminosa y equilibrada?<\/p>\n\n\n\n<p>Toma nota: comienza tu viaje hacia una piel visiblemente m\u00e1s hidratada.<\/p>\n\n\n\n<h2 class=\"wp-block-heading\">\u00bfQu\u00e9 es la piel seca y cu\u00e1les son sus causas?<\/h2>\n\n\n\n<p><a href=\"https:\/\/www.isdin.com\/es\/blog\/como-cuidar-piel-rostro\/\">Normal, sensible, grasa, mixta o seca<\/a>: cada tipo de piel est\u00e1 determinado por una combinaci\u00f3n de factores gen\u00e9ticos, hormonales y <a href=\"https:\/\/www.isdin.com\/es\/blog\/que-es-el-exposoma-factores-externos-piel\/\">ambientales<\/a> que no siempre podemos controlar. Pero cuando entendemos qu\u00e9 ocurre realmente a <a href=\"https:\/\/www.isdin.com\/blog\/bajo-tu-piel-sus-capas-y-funciones\/\">nivel cut\u00e1neo<\/a>, podemos tomar mejores decisiones. Y ah\u00ed empieza la verdadera magia del cuidado de la piel.<\/p>\n\n\n\n<p>La piel seca no solo necesita agua. Tambi\u00e9n requiere una buena dosis de <a href=\"https:\/\/www.mdceuticals.com\/es\/importancia-del-restablecimiento-de-lipidos\/\"><strong>l\u00edpidos naturales<\/strong><\/a>, como ceramidas, colesterol y \u00e1cidos grasos. Estos componentes forman parte del sebo y trabajan juntos para mantener en forma a la <a href=\"https:\/\/www.isdin.com\/blog\/que-es-la-barrera-cutanea\/\"><strong>barrera cut\u00e1nea<\/strong><\/a>, esa estructura que funciona como un muro protector. Su trabajo es simple pero vital: evitar que la humedad se escape y protegerte de los agresores externos.<\/p>\n\n\n\n<p><a href=\"https:\/\/www.isdin.com\/es\/blog\/que-es-el-microbioma-y-como-cuidarlo\/\">Cuando la barrera se debilita<\/a>, la humedad comienza a perderse m\u00e1s r\u00e1pido de lo que la piel puede reponerla. El resultado es esa sensaci\u00f3n tan familiar de tirantez, aspereza y falta de confort. En otras palabras, una piel seca es una piel cuya barrera necesita refuerzo para <a href=\"https:\/\/www.isdin.com\/es\/blog\/perdida-de-agua-transepidermica-que-es\/\"><strong>retener y recuperar el agua<\/strong><\/a> que la mantiene flexible y equilibrada.<\/p>\n\n\n\n<h3 class=\"wp-block-heading\" id=\"h-piel-seca-como-identificarla-y-como-se-siente-realmente\">Piel seca: c\u00f3mo identificarla y c\u00f3mo se siente realmente<\/h3>\n\n\n\n<figure class=\"wp-block-image size-large\"><img loading=\"lazy\" decoding=\"async\" width=\"1024\" height=\"527\" src=\"data:image\/gif;base64,R0lGODlhAQABAAAAACH5BAEKAAEALAAAAAABAAEAAAICTAEAOw==\" data-src=\"https:\/\/www.isdin.com\/es\/blog\/wp-content\/uploads\/2024\/02\/2023_DrySkin_IMG01-1024x527.png\" alt=\"piel deshidratada\" class=\"wp-image-9485 lazyload\" data-sizes=\"auto\" data-srcset=\"https:\/\/www.isdin.com\/es\/blog\/wp-content\/uploads\/2024\/02\/2023_DrySkin_IMG01-1024x527.png 1024w, https:\/\/www.isdin.com\/es\/blog\/wp-content\/uploads\/2024\/02\/2023_DrySkin_IMG01-300x155.png 300w, https:\/\/www.isdin.com\/es\/blog\/wp-content\/uploads\/2024\/02\/2023_DrySkin_IMG01-150x77.png 150w, https:\/\/www.isdin.com\/es\/blog\/wp-content\/uploads\/2024\/02\/2023_DrySkin_IMG01-768x396.png 768w, https:\/\/www.isdin.com\/es\/blog\/wp-content\/uploads\/2024\/02\/2023_DrySkin_IMG01-585x300.png 585w, https:\/\/www.isdin.com\/es\/blog\/wp-content\/uploads\/2024\/02\/2023_DrySkin_IMG01-450x232.png 450w, https:\/\/www.isdin.com\/es\/blog\/wp-content\/uploads\/2024\/02\/2023_DrySkin_IMG01-20x11.png 20w, https:\/\/www.isdin.com\/es\/blog\/wp-content\/uploads\/2024\/02\/2023_DrySkin_IMG01-225x116.png 225w, https:\/\/www.isdin.com\/es\/blog\/wp-content\/uploads\/2024\/02\/2023_DrySkin_IMG01-900x464.png 900w, https:\/\/www.isdin.com\/es\/blog\/wp-content\/uploads\/2024\/02\/2023_DrySkin_IMG01.png 1200w\" sizes=\"auto, (max-width: 1024px) 100vw, 1024px\" \/><\/figure>\n\n\n\n<p><\/p>\n\n\n\n<p>Si alguna vez te has mirado al espejo <a href=\"https:\/\/www.isdin.com\/es\/blog\/everything-shower-la-tendencia-de-cuidado-corporal-que-te-enamorara\/\">despu\u00e9s de la ducha<\/a> y has sentido que tu piel \u201cse encoge\u201d, o has notado peque\u00f1as zonas \u00e1speras que el <a href=\"https:\/\/www.isdin.com\/es\/blog\/maquillaje-skincare-spf50-isdin-coverage\/\">maquillaje<\/a> no consigue disimular, sabes exactamente de qu\u00e9 hablamos. La piel seca tiene <a href=\"https:\/\/www.isdin.com\/es\/blog\/descubre-la-nueva-app-de-isdin\/\">su propio lenguaje<\/a>: a veces tira, a veces pica y otras simplemente se ve apagada, por mucho que <a href=\"https:\/\/www.isdin.com\/es\/blog\/efectos-dormir-poco-piel-como-minimizarlos\/\">duermas ocho horas<\/a> o bebas agua sin parar.<\/p>\n\n\n\n<h4 class=\"wp-block-heading\" id=\"h-signos-habituales-de-una-piel-seca\">Signos habituales de una piel seca<\/h4>\n\n\n\n<ul class=\"wp-block-list\">\n<li>Es sensible (piensa en <a href=\"https:\/\/pubmed.ncbi.nlm.nih.gov\/17716284\/\">picaz\u00f3n, descamaci\u00f3n y enrojecimiento<\/a>).<\/li>\n\n\n\n<li>Tiene poros apenas visibles.<\/li>\n\n\n\n<li>Se siente tirante, especialmente despu\u00e9s de <a href=\"https:\/\/www.isdin.com\/blog\/guia-esencial-de-limpiadores-faciales\/\">la limpieza<\/a>.<\/li>\n\n\n\n<li>Presenta un aspecto mate, sin brillo natural.<\/li>\n<\/ul>\n\n\n\n<p class=\"has-background\" style=\"background-color:#fdfcee\">Estos signos pueden aparecer en todo el rostro o concentrarse en zonas como mejillas o nariz. En cualquier caso, una <a href=\"https:\/\/www.isdin.com\/es\/blog\/en-que-orden-se-aplican-las-cremas\/\">rutina de cuidado personalizada<\/a> puede ayudarte a restaurar la hidrataci\u00f3n, calmar la sensibilidad y devolverte esa sensaci\u00f3n de piel suave y saludable que tanto se nota\u2026 y tanto se disfruta.<\/p>\n\n\n\n<h2 class=\"wp-block-heading\">Una rutina paso a paso para la piel seca<\/h2>\n\n\n\n<p>Cuando se trata de establecer una rutina de <em>skincare<\/em> para combatir la sequedad, la clave es simple y directa: \u00a1hidrataci\u00f3n! <strong>Busca productos que te ayuden a recuperar la humedad perdida<\/strong> y que mantengan tu piel hidratada durante todo el d\u00eda.<\/p>\n\n\n\n<h2 class=\"wp-block-heading\" id=\"h-una-rutina-paso-a-paso-para-la-piel-seca\">Una rutina paso a paso para la piel seca<\/h2>\n\n\n\n<p>Si tu piel suele sentirse tirante, \u00e1spera o inc\u00f3moda, no te preocupes: con una buena rutina puedes marcar una diferencia enorme. Cuando hablamos de <strong>piel seca<\/strong>, el objetivo est\u00e1 claro: <strong>hidratar, hidratar e hidratar<\/strong>.<\/p>\n\n\n\n<h2 class=\"wp-block-heading\">1. Limpiador en espuma<\/h2>\n\n\n\n<p>Si tienes la piel seca, seguro que alguna vez has sentido esa tirantez inc\u00f3moda justo despu\u00e9s de lavarte la cara. Muchas veces no es \u201ctu piel\u201d, sino <strong>el limpiador<\/strong>. Por eso, lo ideal es usar uno que limpie de verdad, pero sin llevarse por delante los aceites naturales de tu piel<\/p>\n\n\n\n<p>Aqu\u00ed es donde nuestra recomendaci\u00f3n entra en escena: <strong>prueba un limpiador en espuma<\/strong>. La primera vez que lo usas, sorprende. La textura es densa y suave, casi como una nube que se posa sobre la piel. Limpia impurezas, sudor y restos de productos, pero lo hace con tanta delicadeza que no deja esa sensaci\u00f3n de piel encogida**. En lugar de tirantez, notas el rostro c\u00f3modo, fresco y con ese punto de suavidad que te invita a seguir con el resto de la rutina.<\/p>\n\n\n\n<p><strong>Nuestra recomendaci\u00f3n:<\/strong> <a href=\"https:\/\/www.isdin.com\/es\/p\/essential-purifier\/4684\">Essential Purifier<\/a>, perfecto para usar ma\u00f1ana y noche, o como segundo paso si haces <a href=\"https:\/\/www.isdin.com\/es\/blog\/doble-limpieza-facial-k-beauty\/\">doble limpieza<\/a>.<\/p>\n\n\n\n<p><\/p>\n\n\n\n<figure class=\"wp-block-image size-large\"><a href=\"https:\/\/www.isdin.com\/es\/p\/essential-purifier\/4684\" target=\"_blank\" rel=\" noreferrer noopener\"><img loading=\"lazy\" decoding=\"async\" width=\"1024\" height=\"527\" src=\"data:image\/gif;base64,R0lGODlhAQABAAAAACH5BAEKAAEALAAAAAABAAEAAAICTAEAOw==\" data-src=\"https:\/\/www.isdin.com\/es\/blog\/wp-content\/uploads\/2024\/08\/Frame-1-1024x527.png\" alt=\"Limpiador en espuma Essential Purifier de ISDIN y mujer aplic\u00e1ndolo sobre el rostro como parte de una rutina de skincare correcta.\" class=\"wp-image-12943 lazyload\" data-sizes=\"auto\" data-srcset=\"https:\/\/www.isdin.com\/es\/blog\/wp-content\/uploads\/2024\/08\/Frame-1-1024x527.png 1024w, https:\/\/www.isdin.com\/es\/blog\/wp-content\/uploads\/2024\/08\/Frame-1-300x155.png 300w, https:\/\/www.isdin.com\/es\/blog\/wp-content\/uploads\/2024\/08\/Frame-1-150x77.png 150w, https:\/\/www.isdin.com\/es\/blog\/wp-content\/uploads\/2024\/08\/Frame-1-768x396.png 768w, https:\/\/www.isdin.com\/es\/blog\/wp-content\/uploads\/2024\/08\/Frame-1-585x300.png 585w, https:\/\/www.isdin.com\/es\/blog\/wp-content\/uploads\/2024\/08\/Frame-1-450x232.png 450w, https:\/\/www.isdin.com\/es\/blog\/wp-content\/uploads\/2024\/08\/Frame-1-20x11.png 20w, https:\/\/www.isdin.com\/es\/blog\/wp-content\/uploads\/2024\/08\/Frame-1-225x116.png 225w, https:\/\/www.isdin.com\/es\/blog\/wp-content\/uploads\/2024\/08\/Frame-1-900x464.png 900w, https:\/\/www.isdin.com\/es\/blog\/wp-content\/uploads\/2024\/08\/Frame-1.png 1200w\" sizes=\"auto, (max-width: 1024px) 100vw, 1024px\" \/><\/a><\/figure>\n\n\n\n<p><\/p>\n\n\n\n<h2 class=\"wp-block-heading\" id=\"h-2-contorno-de-ojos-hidratante\">2. Contorno de ojos hidratante<\/h2>\n\n\n\n<p>Nuestra piel cambia cada d\u00eda seg\u00fan lo que vivimos y el entorno que nos rodea. <a href=\"https:\/\/www.isdin.com\/es\/blog\/efectos-polucion-piel-como-protegerla\/\">Poluci\u00f3n<\/a>, <a href=\"https:\/\/www.isdin.com\/es\/blog\/efectos-radiacion-solar-piel\/\">sol<\/a>, <a href=\"https:\/\/www.isdin.com\/blog\/como-afecta-el-estres-a-nuestra-piel\/\">estr\u00e9s<\/a>, pantallas, cambios de <a href=\"https:\/\/www.isdin.com\/es\/blog\/?p=11981&amp;preview=true&amp;_thumbnail_id=11982\">temperatura<\/a>\u2026 todo suma. Y si hay una zona que lo nota antes que ninguna, es la del contorno de los ojos. La piel de esta \u00e1rea es <a href=\"https:\/\/www.ncbi.nlm.nih.gov\/books\/NBK482304\/\">m\u00e1s fina y delicada<\/a>, as\u00ed que cualquier falta de hidrataci\u00f3n se refleja enseguida.<\/p>\n\n\n\n<p>Por eso, un buen contorno de ojos puede marcar la diferencia. Ayuda a mantener la piel flexible, suave y con un aspecto descansado. Adem\u00e1s, <strong>es una de las formas m\u00e1s sencillas de prevenir esas <a href=\"https:\/\/www.isdin.com\/blog\/well-aging-como-prevenir-y-cuidar-nuestras-arrugas\/\">primeras l\u00edneas<\/a> que aparecen cuando la piel est\u00e1 deshidratada o cansada<\/strong>. Si te gusta la sensaci\u00f3n de frescor y el efecto antifatiga, una textura tipo gel o sorbete es ideal: ligera, agradable y perfecta para <a href=\"https:\/\/www.isdin.com\/es\/blog\/guia-esencial-sobre-contornos-de-ojos\/\">usar ma\u00f1ana y noche<\/a>.<\/p>\n\n\n\n<p><strong>Nuestra recomendaci\u00f3n:<\/strong> <a href=\"https:\/\/www.isdin.com\/es\/p\/hyaluronic-eyes\/4319\">Hyaluronic Eyes<\/a>.<\/p>\n\n\n\n<figure class=\"wp-block-image size-large\"><a href=\"https:\/\/www.isdin.com\/es\/p\/isdinceutics-hyaluronic-eyes\/4319\" target=\"_blank\" rel=\" noreferrer noopener\"><img loading=\"lazy\" decoding=\"async\" width=\"1024\" height=\"527\" src=\"data:image\/gif;base64,R0lGODlhAQABAAAAACH5BAEKAAEALAAAAAABAAEAAAICTAEAOw==\" data-src=\"https:\/\/www.isdin.com\/es\/blog\/wp-content\/uploads\/2024\/08\/Producto-Textura-38-1024x527.png\" alt=\"Contorno de ojos Hyaluronic Eyes de ISDIN y mujer apoyada mostrando mirada hidratada, ideal para rutina de skincare de piel seca.\" class=\"wp-image-12942 lazyload\" data-sizes=\"auto\" data-srcset=\"https:\/\/www.isdin.com\/es\/blog\/wp-content\/uploads\/2024\/08\/Producto-Textura-38-1024x527.png 1024w, https:\/\/www.isdin.com\/es\/blog\/wp-content\/uploads\/2024\/08\/Producto-Textura-38-300x155.png 300w, https:\/\/www.isdin.com\/es\/blog\/wp-content\/uploads\/2024\/08\/Producto-Textura-38-150x77.png 150w, https:\/\/www.isdin.com\/es\/blog\/wp-content\/uploads\/2024\/08\/Producto-Textura-38-768x396.png 768w, https:\/\/www.isdin.com\/es\/blog\/wp-content\/uploads\/2024\/08\/Producto-Textura-38-1536x791.png 1536w, https:\/\/www.isdin.com\/es\/blog\/wp-content\/uploads\/2024\/08\/Producto-Textura-38-2048x1055.png 2048w, https:\/\/www.isdin.com\/es\/blog\/wp-content\/uploads\/2024\/08\/Producto-Textura-38-585x300.png 585w, https:\/\/www.isdin.com\/es\/blog\/wp-content\/uploads\/2024\/08\/Producto-Textura-38-450x232.png 450w, https:\/\/www.isdin.com\/es\/blog\/wp-content\/uploads\/2024\/08\/Producto-Textura-38-20x11.png 20w, https:\/\/www.isdin.com\/es\/blog\/wp-content\/uploads\/2024\/08\/Producto-Textura-38-225x116.png 225w, https:\/\/www.isdin.com\/es\/blog\/wp-content\/uploads\/2024\/08\/Producto-Textura-38-900x464.png 900w, https:\/\/www.isdin.com\/es\/blog\/wp-content\/uploads\/2024\/08\/Producto-Textura-38-1350x695.png 1350w\" sizes=\"auto, (max-width: 1024px) 100vw, 1024px\" \/><\/a><\/figure>\n\n\n\n<p><\/p>\n\n\n\n<h2 class=\"wp-block-heading\" id=\"h-3-serum-con-ingredientes-humectantes\">3. S\u00e9rum con ingredientes humectantes<\/h2>\n\n\n\n<p>Si hay un paso que marca la diferencia en una piel seca, es el s\u00e9rum. Usarlo por la ma\u00f1ana y por la noche ayuda much\u00edsimo a <strong>recuperar la hidrataci\u00f3n y mantener la piel calmada y flexible<\/strong>. Cuando tu piel est\u00e1 deshidratada, <a href=\"https:\/\/www.isdin.com\/es\/blog\/guia-esencial-de-serums-dia-noche\/\">un buen s\u00e9rum<\/a> es como darle un vaso de agua\u2026 pero en versi\u00f3n <em>express<\/em>.<\/p>\n\n\n\n<p>\u00bfEn qu\u00e9 te tienes que fijar? En f\u00f3rmulas con humectantes, como el <a href=\"https:\/\/www.isdin.com\/blog\/para-que-sirve-acido-hialuronico\/\">\u00e1cido hialur\u00f3nico<\/a> o la glicerina.<\/p>\n\n\n\n<p>Los humectantes funcionan de una forma muy sencilla: <a href=\"https:\/\/www.isdin.com\/blog\/perdida-de-agua-transepidermica-que-es\/\">atraen agua y la mantienen<\/a> donde m\u00e1s la necesitas, dejando la piel m\u00e1s suave, fresca y jugosa. El \u00e1cido hialur\u00f3nico es uno de los m\u00e1s conocidos porque, adem\u00e1s de hidratar, aporta un ligero efecto de volumen que ayuda a que la piel se vea m\u00e1s rellena y el\u00e1stica. Por eso es el ingrediente favorito de tantas rutinas.<\/p>\n\n\n\n<p><strong>Nuestra recomendaci\u00f3n:<\/strong> <a href=\"https:\/\/www.isdin.com\/producto\/isdinceutics\/hyaluronic-concentrate\">Hyaluronic Concentrate<\/a>.<\/p>\n\n\n\n<p><\/p>\n\n\n\n<figure class=\"wp-block-image size-large\"><a href=\"https:\/\/www.isdin.com\/es\/p\/hyaluronic-concentrate\/3805\" target=\"_blank\" rel=\" noreferrer noopener\"><img loading=\"lazy\" decoding=\"async\" width=\"1024\" height=\"527\" src=\"data:image\/gif;base64,R0lGODlhAQABAAAAACH5BAEKAAEALAAAAAABAAEAAAICTAEAOw==\" data-src=\"https:\/\/www.isdin.com\/es\/blog\/wp-content\/uploads\/2024\/08\/Producto-Textura-39-1024x527.png\" alt=\"S\u00e9rum ISDIN Hyaluronic Concentrate y rostro con piel luminosa, mostrando hidrataci\u00f3n profunda para rutina de skincare.\" class=\"wp-image-12941 lazyload\" data-sizes=\"auto\" data-srcset=\"https:\/\/www.isdin.com\/es\/blog\/wp-content\/uploads\/2024\/08\/Producto-Textura-39-1024x527.png 1024w, https:\/\/www.isdin.com\/es\/blog\/wp-content\/uploads\/2024\/08\/Producto-Textura-39-300x155.png 300w, https:\/\/www.isdin.com\/es\/blog\/wp-content\/uploads\/2024\/08\/Producto-Textura-39-150x77.png 150w, https:\/\/www.isdin.com\/es\/blog\/wp-content\/uploads\/2024\/08\/Producto-Textura-39-768x396.png 768w, https:\/\/www.isdin.com\/es\/blog\/wp-content\/uploads\/2024\/08\/Producto-Textura-39-1536x791.png 1536w, https:\/\/www.isdin.com\/es\/blog\/wp-content\/uploads\/2024\/08\/Producto-Textura-39-2048x1055.png 2048w, https:\/\/www.isdin.com\/es\/blog\/wp-content\/uploads\/2024\/08\/Producto-Textura-39-585x300.png 585w, https:\/\/www.isdin.com\/es\/blog\/wp-content\/uploads\/2024\/08\/Producto-Textura-39-450x232.png 450w, https:\/\/www.isdin.com\/es\/blog\/wp-content\/uploads\/2024\/08\/Producto-Textura-39-20x11.png 20w, https:\/\/www.isdin.com\/es\/blog\/wp-content\/uploads\/2024\/08\/Producto-Textura-39-225x116.png 225w, https:\/\/www.isdin.com\/es\/blog\/wp-content\/uploads\/2024\/08\/Producto-Textura-39-900x464.png 900w, https:\/\/www.isdin.com\/es\/blog\/wp-content\/uploads\/2024\/08\/Producto-Textura-39-1350x695.png 1350w\" sizes=\"auto, (max-width: 1024px) 100vw, 1024px\" \/><\/a><\/figure>\n\n\n\n<p><\/p>\n\n\n\n<h2 class=\"wp-block-heading\" id=\"h-4-crema-hidratante-con-acido-hialuronico\">4. Crema hidratante con \u00e1cido hialur\u00f3nico<\/h2>\n\n\n\n<p>Ha llegado el momento de sellar la hidrataci\u00f3n y no hay mejor manera de hacerlo que con <a href=\"https:\/\/www.isdin.com\/blog\/guia-esencial-de-cremas-hidratantes-faciales\/\">una crema hidratante adaptada a tus necesidades<\/a>. Es hora de reducir la p\u00e9rdida de agua en la piel, proteger tu barrera natural de humedad y hacer que tu rostro se sienta m\u00e1s suave. \u00bfC\u00f3mo? Con una crema hidratante de textura ligera para pieles secas.<\/p>\n\n\n\n<p>F\u00edjate en ingredientes que aporten hidrataci\u00f3n y protecci\u00f3n antioxidante, como el <strong>\u00e1cido hialur\u00f3nico<\/strong>, la <a href=\"https:\/\/www.isdin.com\/es\/blog\/vitamina-e-beneficios-para-la-piel-uso-y-cuidados\/\"><strong>vitamina E<\/strong><\/a> o extractos bot\u00e1nicos como la <em><strong>Camellia japonica<\/strong><\/em>. Juntos ayudan a mantener la piel jugosa, luminosa y con un aspecto m\u00e1s descansado, adem\u00e1s de apoyar la <a href=\"https:\/\/www.isdin.com\/es\/blog\/como-envejece-nuestra-piel\/\">prevenci\u00f3n de los primeros signos de la edad<\/a>.<\/p>\n\n\n\n<p><strong>Nuestra recomendaci\u00f3n:<\/strong> <a href=\"https:\/\/www.isdin.com\/producto\/isdinceutics\/hyaluronic-moisture-normal-to-dry\">Hyaluronic Moisture Normal to dry<\/a>.<\/p>\n\n\n\n<figure class=\"wp-block-image size-large\"><a href=\"https:\/\/www.isdin.com\/es\/p\/hyaluronic-moisture-normal-to-dry\/4052\" target=\"_blank\" rel=\" noreferrer noopener\"><img loading=\"lazy\" decoding=\"async\" width=\"1024\" height=\"527\" src=\"data:image\/gif;base64,R0lGODlhAQABAAAAACH5BAEKAAEALAAAAAABAAEAAAICTAEAOw==\" data-src=\"https:\/\/www.isdin.com\/es\/blog\/wp-content\/uploads\/2024\/08\/Producto-Textura-40-1024x527.png\" alt=\"Rostro hidratado con brillo saludable y frasco de crema Hyaluronic Moisture de ISDIN para piel normal a seca.\" class=\"wp-image-12940 lazyload\" data-sizes=\"auto\" data-srcset=\"https:\/\/www.isdin.com\/es\/blog\/wp-content\/uploads\/2024\/08\/Producto-Textura-40-1024x527.png 1024w, https:\/\/www.isdin.com\/es\/blog\/wp-content\/uploads\/2024\/08\/Producto-Textura-40-300x155.png 300w, https:\/\/www.isdin.com\/es\/blog\/wp-content\/uploads\/2024\/08\/Producto-Textura-40-150x77.png 150w, https:\/\/www.isdin.com\/es\/blog\/wp-content\/uploads\/2024\/08\/Producto-Textura-40-768x396.png 768w, https:\/\/www.isdin.com\/es\/blog\/wp-content\/uploads\/2024\/08\/Producto-Textura-40-1536x791.png 1536w, https:\/\/www.isdin.com\/es\/blog\/wp-content\/uploads\/2024\/08\/Producto-Textura-40-2048x1055.png 2048w, https:\/\/www.isdin.com\/es\/blog\/wp-content\/uploads\/2024\/08\/Producto-Textura-40-585x300.png 585w, https:\/\/www.isdin.com\/es\/blog\/wp-content\/uploads\/2024\/08\/Producto-Textura-40-450x232.png 450w, https:\/\/www.isdin.com\/es\/blog\/wp-content\/uploads\/2024\/08\/Producto-Textura-40-20x11.png 20w, https:\/\/www.isdin.com\/es\/blog\/wp-content\/uploads\/2024\/08\/Producto-Textura-40-225x116.png 225w, https:\/\/www.isdin.com\/es\/blog\/wp-content\/uploads\/2024\/08\/Producto-Textura-40-900x464.png 900w, https:\/\/www.isdin.com\/es\/blog\/wp-content\/uploads\/2024\/08\/Producto-Textura-40-1350x695.png 1350w\" sizes=\"auto, (max-width: 1024px) 100vw, 1024px\" \/><\/a><\/figure>\n\n\n\n<p><\/p>\n\n\n\n<h2 class=\"wp-block-heading\" id=\"h-5-fotoprotector-solar-con-beneficios-adicionales\">5. Fotoprotector solar con beneficios adicionales<\/h2>\n\n\n\n<p>Y llegamos al <a href=\"https:\/\/www.isdin.com\/es\/blog\/fotoprotectores-solares-para-la-cara-isdin\/\">\u00faltimo paso<\/a>, el que nunca puede faltar. Da igual el tipo de piel que tengas: el protector solar es ese imprescindible que cuida de tu piel hoy y tambi\u00e9n en el futuro. Usarlo cada d\u00eda no solo te protege de los da\u00f1os de los rayos UV, sino que tambi\u00e9n ayuda a evitar esa sequedad extra que a veces provoca el <a href=\"https:\/\/www.isdin.com\/es\/blog\/beneficios-sol-cuerpo-mente-piel\/\">sol<\/a>.<\/p>\n\n\n\n<p>Lo mejor es que ahora existen protectores que hacen mucho m\u00e1s que proteger. Algunos hidratan, otros calman y otros incluso dejan un efecto buena cara sin esfuerzo. Si tu piel es seca, busca f\u00f3rmulas que aporten un plus de hidrataci\u00f3n y <a href=\"https:\/\/www.isdin.com\/es\/blog\/proteccion-solar-con-antioxidantes-beneficios\/\">antioxidantes<\/a>. Te ayudar\u00e1n a reducir el <a href=\"https:\/\/www.isdin.com\/blog\/que-es-la-oxidacion-de-la-piel\/\">estr\u00e9s oxidativo<\/a> de la radiaci\u00f3n solar y a mantener la piel m\u00e1s c\u00f3moda y jugosa durante todo el d\u00eda.<\/p>\n\n\n\n<p><strong>Nuestra recomendaci\u00f3n:<\/strong> <a href=\"https:\/\/www.isdin.com\/es\/p\/fusion-water-magic-spf-50\/1349\">Fusion Water MAGIC SPF 50<\/a>.<\/p>\n\n\n\n<p><\/p>\n\n\n\n<figure class=\"wp-block-image size-large\"><a href=\"https:\/\/www.isdin.com\/es\/p\/fusion-water-magic-spf-50\/1349\" target=\"_blank\" rel=\" noreferrer noopener\"><img loading=\"lazy\" decoding=\"async\" width=\"1024\" height=\"527\" src=\"data:image\/gif;base64,R0lGODlhAQABAAAAACH5BAEKAAEALAAAAAABAAEAAAICTAEAOw==\" data-src=\"https:\/\/www.isdin.com\/es\/blog\/wp-content\/uploads\/2024\/08\/Producto-Textura-41-1024x527.png\" alt=\"Producto ISDIN Fusion Water MAGIC aplicado sobre los dedos y una mujer feliz sosteni\u00e9ndolo, ideal para proteger la piel seca con SPF.\" class=\"wp-image-12939 lazyload\" data-sizes=\"auto\" data-srcset=\"https:\/\/www.isdin.com\/es\/blog\/wp-content\/uploads\/2024\/08\/Producto-Textura-41-1024x527.png 1024w, https:\/\/www.isdin.com\/es\/blog\/wp-content\/uploads\/2024\/08\/Producto-Textura-41-300x155.png 300w, https:\/\/www.isdin.com\/es\/blog\/wp-content\/uploads\/2024\/08\/Producto-Textura-41-150x77.png 150w, https:\/\/www.isdin.com\/es\/blog\/wp-content\/uploads\/2024\/08\/Producto-Textura-41-768x396.png 768w, https:\/\/www.isdin.com\/es\/blog\/wp-content\/uploads\/2024\/08\/Producto-Textura-41-1536x791.png 1536w, https:\/\/www.isdin.com\/es\/blog\/wp-content\/uploads\/2024\/08\/Producto-Textura-41-2048x1055.png 2048w, https:\/\/www.isdin.com\/es\/blog\/wp-content\/uploads\/2024\/08\/Producto-Textura-41-585x300.png 585w, https:\/\/www.isdin.com\/es\/blog\/wp-content\/uploads\/2024\/08\/Producto-Textura-41-450x232.png 450w, https:\/\/www.isdin.com\/es\/blog\/wp-content\/uploads\/2024\/08\/Producto-Textura-41-20x11.png 20w, https:\/\/www.isdin.com\/es\/blog\/wp-content\/uploads\/2024\/08\/Producto-Textura-41-225x116.png 225w, https:\/\/www.isdin.com\/es\/blog\/wp-content\/uploads\/2024\/08\/Producto-Textura-41-900x464.png 900w, https:\/\/www.isdin.com\/es\/blog\/wp-content\/uploads\/2024\/08\/Producto-Textura-41-1350x695.png 1350w\" sizes=\"auto, (max-width: 1024px) 100vw, 1024px\" \/><\/a><\/figure>\n\n\n\n<p><\/p>\n\n\n\n<p class=\"has-background\" style=\"background-color:#fdfcee\"><strong>\u00bfAmante del maquillaje?<\/strong> Descubre <a href=\"https:\/\/www.isdin.com\/es\/p\/coverage-spf-50-20-beige\/4915\">Coverage<\/a>, nuestra \u00faltima base de maquillaje con SPF 50+.<\/p>\n\n\n\n<h2 class=\"wp-block-heading\" id=\"h-mitos-y-preguntas-sobre-la-piel-seca\">Mitos y preguntas sobre la piel seca<\/h2>\n\n\n\n<h3 class=\"wp-block-heading\">\u00bfPuedo exfoliar mi piel si es seca?<\/h3>\n\n\n\n<p>S\u00ed, puedes. Y, de hecho, <strong>puede venirte genial<\/strong> si lo haces bien. La clave est\u00e1 en elegir exfoliantes suaves, preferiblemente <a href=\"https:\/\/www.isdin.com\/es\/blog\/isdinceutics-glicoisdin-respondemos-a-tus-preguntas\/\">qu\u00edmicos<\/a> como los <a href=\"https:\/\/www.isdin.com\/es\/blog\/el-poder-del-acido-glicolico-que-es-y-como-se-usa\/\">alfa hidroxi\u00e1cidos (AHA)<\/a> en bajas concentraciones. Ayudan a eliminar c\u00e9lulas muertas sin \u201craspar\u201d la piel. Una o dos veces por semana suele ser suficiente. Piensa en ello como un empujoncito extra para que tu hidratante funcione mejor.<\/p>\n\n\n\n<p><strong>Nuestra recomendaci\u00f3n:<\/strong> <a href=\"https:\/\/www.isdin.com\/producto\/isdinceutics\/glicoisdin-8-soft-crema-facial\">Glicoisdin 8 Soft<\/a>, con una textura en crema ideal para la piel seca.<\/p>\n\n\n\n<h3 class=\"wp-block-heading\">\u00bfLa piel seca y la piel deshidratada son lo mismo?<\/h3>\n\n\n\n<p>No, son condiciones distintas. La piel seca tiene falta de l\u00edpidos porque produce menos grasa natural, mientras que la piel deshidratada carece de agua, algo que puede ocurrir incluso en pieles grasas. Es posible tener ambas a la vez, as\u00ed que la hidrataci\u00f3n adecuada es clave.<\/p>\n\n\n\n<h3 class=\"wp-block-heading\">\u00bfPuedo tener piel seca aunque use crema cada d\u00eda?<\/h3>\n\n\n\n<p>S\u00ed. Si la crema no es la adecuada para tu tipo de piel o si la barrera cut\u00e1nea est\u00e1 da\u00f1ada, <strong>la hidrataci\u00f3n no se retiene bien<\/strong>. Por eso funciona mejor una rutina completa que combine humectantes, l\u00edpidos, antioxidantes y protector solar.<\/p>\n\n\n\n<p><\/p>\n\n\n\n<figure class=\"wp-block-image size-large\"><img loading=\"lazy\" decoding=\"async\" width=\"1024\" height=\"527\" src=\"data:image\/gif;base64,R0lGODlhAQABAAAAACH5BAEKAAEALAAAAAABAAEAAAICTAEAOw==\" data-src=\"https:\/\/www.isdin.com\/es\/blog\/wp-content\/uploads\/2024\/08\/Imagen-en-el-contenido-2025-11-25T183040.314-1024x527.png\" alt=\"Textura cremosa en tonos azules, representando hidrataci\u00f3n intensa para piel seca.\" class=\"wp-image-12938 lazyload\" data-sizes=\"auto\" data-srcset=\"https:\/\/www.isdin.com\/es\/blog\/wp-content\/uploads\/2024\/08\/Imagen-en-el-contenido-2025-11-25T183040.314-1024x527.png 1024w, https:\/\/www.isdin.com\/es\/blog\/wp-content\/uploads\/2024\/08\/Imagen-en-el-contenido-2025-11-25T183040.314-300x155.png 300w, https:\/\/www.isdin.com\/es\/blog\/wp-content\/uploads\/2024\/08\/Imagen-en-el-contenido-2025-11-25T183040.314-150x77.png 150w, https:\/\/www.isdin.com\/es\/blog\/wp-content\/uploads\/2024\/08\/Imagen-en-el-contenido-2025-11-25T183040.314-768x396.png 768w, https:\/\/www.isdin.com\/es\/blog\/wp-content\/uploads\/2024\/08\/Imagen-en-el-contenido-2025-11-25T183040.314-585x300.png 585w, https:\/\/www.isdin.com\/es\/blog\/wp-content\/uploads\/2024\/08\/Imagen-en-el-contenido-2025-11-25T183040.314-450x232.png 450w, https:\/\/www.isdin.com\/es\/blog\/wp-content\/uploads\/2024\/08\/Imagen-en-el-contenido-2025-11-25T183040.314-20x11.png 20w, https:\/\/www.isdin.com\/es\/blog\/wp-content\/uploads\/2024\/08\/Imagen-en-el-contenido-2025-11-25T183040.314-225x116.png 225w, https:\/\/www.isdin.com\/es\/blog\/wp-content\/uploads\/2024\/08\/Imagen-en-el-contenido-2025-11-25T183040.314-900x464.png 900w, https:\/\/www.isdin.com\/es\/blog\/wp-content\/uploads\/2024\/08\/Imagen-en-el-contenido-2025-11-25T183040.314.png 1200w\" sizes=\"auto, (max-width: 1024px) 100vw, 1024px\" \/><\/figure>\n\n\n\n<p><\/p>\n\n\n\n<p>Ya lo has visto: esta rutina re\u00fane todo lo que tu piel necesita para sentirse hidratada, c\u00f3moda y en equilibrio. <strong>Una piel bien cuidada es una piel feliz, sea cual sea su tipo<\/strong>. Cu\u00eddate, m\u00edmate y \u00e1mate tal como eres.<\/p>\n\n\n\n<p>Recuerda, tu piel cuenta <a href=\"https:\/\/www.isdin.com\/es\/blog\/ideas_para_regalar\/\">una historia<\/a>, una historia \u00fanica que merece todo el amor y cuidado que puedas brindarle.<\/p>\n\n\n\n<p><\/p>\n\n\n\n<p style=\"font-size:9px\"><strong>References:<\/strong><\/p>\n\n\n\n<p style=\"font-size:9px\">Hashizume H. Skin aging and dry skin. J Dermatol. 2004 Aug;31(8):603-9. doi: 10.1111\/j.1346-8138.2004.tb00565.x. PMID: 15492432.<\/p>\n\n\n\n<p style=\"font-size:9px\">Van Smeden, J., Janssens, M., Gooris, G. S., &amp; Bouwstra, J. A. (2014). The important role of stratum corneum lipids for the cutaneous barrier function. <em>Biochimica Et Biophysica Acta (BBA) &#8211; Molecular and Cell Biology of Lipids<\/em>, <em>1841<\/em>(3), 295\u2013313. <a href=\"https:\/\/doi.org\/10.1016\/j.bbalip.2013.11.006\">https:\/\/doi.org\/10.1016\/j.bbalip.2013.11.006<\/a><\/p>\n\n\n\n<p style=\"font-size:9px\">Ton\u010di\u0107, R. J., Ke\u017ei\u0107, S., Had\u017eavdi\u0107, S. L., &amp; Marinovi\u0107, B. (2018). Skin barrier and dry skin in the mature patient. <em>Clinics in Dermatology<\/em>, <em>36<\/em>(2), 109\u2013115. <a href=\"https:\/\/doi.org\/10.1016\/j.clindermatol.2017.10.002\">https:\/\/doi.org\/10.1016\/j.clindermatol.2017.10.002<\/a><\/p>\n","protected":false},"excerpt":{"rendered":"<p>Cuando hablamos de piel seca, el camino puede sentirse irregular, lleno de idas y venidas\u2026 pero \u00bfy si existiera una ruta sin giros ni altibajos? Un trayecto directo hacia la hidrataci\u00f3n profunda y el confort absoluto.<\/p>\n","protected":false},"author":69,"featured_media":12937,"comment_status":"closed","ping_status":"closed","sticky":false,"template":"","format":"image","meta":{"footnotes":""},"categories":[106,1,101],"tags":[294,90],"class_list":["post-9479","post","type-post","status-publish","format-image","has-post-thumbnail","hentry","category-afecciones-piel","category-consejos-cuidados","category-cuidado-facial","tag-cuidado-facial","tag-rutina-facial","post_format-post-format-image"],"yoast_head":"<!-- This site is optimized with the Yoast SEO Premium plugin v25.4 (Yoast SEO v25.4) - https:\/\/yoast.com\/wordpress\/plugins\/seo\/ -->\n<title>\u00bfPiel seca o deshidratada? \u00a1Tenemos la rutina ideal para ti! - ISDIN<\/title>\n<meta name=\"description\" content=\"Descubre c\u00f3mo crear una rutina de skincare para piel seca que realmente hidrata, protege y devuelve la luminosidad. \u00a1Con consejos de expertos!\" \/>\n<meta name=\"robots\" content=\"index, follow, max-snippet:-1, max-image-preview:large, max-video-preview:-1\" \/>\n<link rel=\"canonical\" href=\"https:\/\/www.isdin.com\/es\/blog\/piel-seca-o-deshidratada-tenemos-la-rutina-que-buscas\/\" \/>\n<meta property=\"og:locale\" content=\"es_ES\" \/>\n<meta property=\"og:type\" content=\"article\" \/>\n<meta property=\"og:title\" content=\"\u00bfPiel seca o deshidratada? \u00a1Tenemos la rutina ideal para ti!\" \/>\n<meta property=\"og:description\" content=\"Descubre c\u00f3mo crear una rutina de skincare para piel seca que realmente hidrata, protege y devuelve la luminosidad. \u00a1Con consejos de expertos!\" \/>\n<meta property=\"og:url\" content=\"https:\/\/www.isdin.com\/es\/blog\/piel-seca-o-deshidratada-tenemos-la-rutina-que-buscas\/\" \/>\n<meta property=\"og:site_name\" content=\"ISDIN\" \/>\n<meta property=\"article:publisher\" content=\"https:\/\/es-es.facebook.com\/ISDIN.official\/\" \/>\n<meta property=\"article:published_time\" content=\"2025-12-01T18:01:07+00:00\" \/>\n<meta property=\"article:modified_time\" content=\"2025-12-22T15:32:57+00:00\" \/>\n<meta property=\"og:image\" content=\"https:\/\/www.isdin.com\/es\/blog\/wp-content\/uploads\/2024\/08\/Header-46.png\" \/>\n\t<meta property=\"og:image:width\" content=\"1200\" \/>\n\t<meta property=\"og:image:height\" content=\"760\" \/>\n\t<meta property=\"og:image:type\" content=\"image\/png\" \/>\n<meta name=\"author\" content=\"Belinda Mart\u00ednez\" \/>\n<meta name=\"twitter:card\" content=\"summary_large_image\" \/>\n<meta name=\"twitter:creator\" content=\"@isdin_official\" \/>\n<meta name=\"twitter:site\" content=\"@isdin_official\" \/>\n<meta name=\"twitter:label1\" content=\"Written by\" \/>\n\t<meta name=\"twitter:data1\" content=\"Belinda Mart\u00ednez\" \/>\n\t<meta name=\"twitter:label2\" content=\"Est. reading time\" \/>\n\t<meta name=\"twitter:data2\" content=\"10 minutes\" \/>\n<script type=\"application\/ld+json\" class=\"yoast-schema-graph\">{\"@context\":\"https:\/\/schema.org\",\"@graph\":[{\"@type\":\"Article\",\"@id\":\"https:\/\/www.isdin.com\/es\/blog\/piel-seca-o-deshidratada-tenemos-la-rutina-que-buscas\/#article\",\"isPartOf\":{\"@id\":\"https:\/\/www.isdin.com\/es\/blog\/piel-seca-o-deshidratada-tenemos-la-rutina-que-buscas\/\"},\"author\":{\"name\":\"Belinda Mart\u00ednez\",\"@id\":\"https:\/\/www.isdin.com\/es\/blog\/#\/schema\/person\/684015d7d9e78124cb4aa660f6fe8576\"},\"headline\":\"\u00bfPiel seca o deshidratada? \u00a1Tenemos la rutina ideal para ti!\",\"datePublished\":\"2025-12-01T18:01:07+00:00\",\"dateModified\":\"2025-12-22T15:32:57+00:00\",\"mainEntityOfPage\":{\"@id\":\"https:\/\/www.isdin.com\/es\/blog\/piel-seca-o-deshidratada-tenemos-la-rutina-que-buscas\/\"},\"wordCount\":1747,\"publisher\":{\"@id\":\"https:\/\/www.isdin.com\/es\/blog\/#organization\"},\"image\":{\"@id\":\"https:\/\/www.isdin.com\/es\/blog\/piel-seca-o-deshidratada-tenemos-la-rutina-que-buscas\/#primaryimage\"},\"thumbnailUrl\":\"https:\/\/www.isdin.com\/es\/blog\/wp-content\/uploads\/2024\/08\/Header-46.png\",\"keywords\":[\"cuidado facial\",\"rutina facial\"],\"articleSection\":[\"Afecciones de la piel\",\"Consejos y cuidados\",\"Cuidado facial\"],\"inLanguage\":\"es-ES\"},{\"@type\":\"WebPage\",\"@id\":\"https:\/\/www.isdin.com\/es\/blog\/piel-seca-o-deshidratada-tenemos-la-rutina-que-buscas\/\",\"url\":\"https:\/\/www.isdin.com\/es\/blog\/piel-seca-o-deshidratada-tenemos-la-rutina-que-buscas\/\",\"name\":\"\u00bfPiel seca o deshidratada? \u00a1Tenemos la rutina ideal para ti! - ISDIN\",\"isPartOf\":{\"@id\":\"https:\/\/www.isdin.com\/es\/blog\/#website\"},\"primaryImageOfPage\":{\"@id\":\"https:\/\/www.isdin.com\/es\/blog\/piel-seca-o-deshidratada-tenemos-la-rutina-que-buscas\/#primaryimage\"},\"image\":{\"@id\":\"https:\/\/www.isdin.com\/es\/blog\/piel-seca-o-deshidratada-tenemos-la-rutina-que-buscas\/#primaryimage\"},\"thumbnailUrl\":\"https:\/\/www.isdin.com\/es\/blog\/wp-content\/uploads\/2024\/08\/Header-46.png\",\"datePublished\":\"2025-12-01T18:01:07+00:00\",\"dateModified\":\"2025-12-22T15:32:57+00:00\",\"description\":\"Descubre c\u00f3mo crear una rutina de skincare para piel seca que realmente hidrata, protege y devuelve la luminosidad. \u00a1Con consejos de expertos!\",\"breadcrumb\":{\"@id\":\"https:\/\/www.isdin.com\/es\/blog\/piel-seca-o-deshidratada-tenemos-la-rutina-que-buscas\/#breadcrumb\"},\"inLanguage\":\"es-ES\",\"potentialAction\":[{\"@type\":\"ReadAction\",\"target\":[\"https:\/\/www.isdin.com\/es\/blog\/piel-seca-o-deshidratada-tenemos-la-rutina-que-buscas\/\"]}]},{\"@type\":\"ImageObject\",\"inLanguage\":\"es-ES\",\"@id\":\"https:\/\/www.isdin.com\/es\/blog\/piel-seca-o-deshidratada-tenemos-la-rutina-que-buscas\/#primaryimage\",\"url\":\"https:\/\/www.isdin.com\/es\/blog\/wp-content\/uploads\/2024\/08\/Header-46.png\",\"contentUrl\":\"https:\/\/www.isdin.com\/es\/blog\/wp-content\/uploads\/2024\/08\/Header-46.png\",\"width\":1200,\"height\":760,\"caption\":\"Mujer con piel seca sonriendo y con crema hidratante en la nariz durante su rutina de cuidado facial.\"},{\"@type\":\"BreadcrumbList\",\"@id\":\"https:\/\/www.isdin.com\/es\/blog\/piel-seca-o-deshidratada-tenemos-la-rutina-que-buscas\/#breadcrumb\",\"itemListElement\":[{\"@type\":\"ListItem\",\"position\":1,\"name\":\"Portada\",\"item\":\"https:\/\/www.isdin.com\/es\/blog\/\"},{\"@type\":\"ListItem\",\"position\":2,\"name\":\"\u00bfPiel seca o deshidratada? \u00a1Tenemos la rutina ideal para ti!\"}]},{\"@type\":\"WebSite\",\"@id\":\"https:\/\/www.isdin.com\/es\/blog\/#website\",\"url\":\"https:\/\/www.isdin.com\/es\/blog\/\",\"name\":\"ISDIN\",\"description\":\"Novedades, lanzamientos de productos y toda la experiencia de ISDIN\",\"publisher\":{\"@id\":\"https:\/\/www.isdin.com\/es\/blog\/#organization\"},\"potentialAction\":[{\"@type\":\"SearchAction\",\"target\":{\"@type\":\"EntryPoint\",\"urlTemplate\":\"https:\/\/www.isdin.com\/es\/blog\/?s={search_term_string}\"},\"query-input\":{\"@type\":\"PropertyValueSpecification\",\"valueRequired\":true,\"valueName\":\"search_term_string\"}}],\"inLanguage\":\"es-ES\"},{\"@type\":\"Organization\",\"@id\":\"https:\/\/www.isdin.com\/es\/blog\/#organization\",\"name\":\"ISDIN\",\"alternateName\":\"ISDIN\",\"url\":\"https:\/\/www.isdin.com\/es\/blog\/\",\"logo\":{\"@type\":\"ImageObject\",\"inLanguage\":\"es-ES\",\"@id\":\"https:\/\/www.isdin.com\/es\/blog\/#\/schema\/logo\/image\/\",\"url\":\"https:\/\/www.isdin.com\/es\/blog\/wp-content\/uploads\/2024\/05\/2025_03_GuiaFoto_FWM.png\",\"contentUrl\":\"https:\/\/www.isdin.com\/es\/blog\/wp-content\/uploads\/2024\/05\/2025_03_GuiaFoto_FWM.png\",\"width\":670,\"height\":683,\"caption\":\"ISDIN\"},\"image\":{\"@id\":\"https:\/\/www.isdin.com\/es\/blog\/#\/schema\/logo\/image\/\"},\"sameAs\":[\"https:\/\/es-es.facebook.com\/ISDIN.official\/\",\"https:\/\/x.com\/isdin_official\",\"https:\/\/www.instagram.com\/isdinofficial\",\"https:\/\/www.youtube.com\/channel\/UCtoNJMKpDwdFLqgV23_lcqg\"],\"telephone\":\"659997812\"},{\"@type\":\"Person\",\"@id\":\"https:\/\/www.isdin.com\/es\/blog\/#\/schema\/person\/684015d7d9e78124cb4aa660f6fe8576\",\"name\":\"Belinda Mart\u00ednez\",\"image\":{\"@type\":\"ImageObject\",\"inLanguage\":\"es-ES\",\"@id\":\"https:\/\/www.isdin.com\/es\/blog\/#\/schema\/person\/image\/\",\"url\":\"https:\/\/www.isdin.com\/es\/blog\/wp-content\/uploads\/2017\/07\/jjjj.jpg\",\"contentUrl\":\"https:\/\/www.isdin.com\/es\/blog\/wp-content\/uploads\/2017\/07\/jjjj.jpg\",\"caption\":\"Belinda Mart\u00ednez\"},\"description\":\"Belinda es periodista y copywriter creativa. Tras a\u00f1os de experiencia, decidi\u00f3 fusionar sus habilidades de escritura con su amor por el skincare, convirti\u00e9ndose en una especialista en la materia. \u00bfSu imprescindible? Un buen b\u00e1lsamo de labios.\",\"sameAs\":[\"https:\/\/www.linkedin.com\/in\/thisisbel\/\"],\"url\":\"https:\/\/www.isdin.com\/es\/blog\/author\/belindamartinez\/\"}]}<\/script>\n<!-- \/ Yoast SEO Premium plugin. -->","yoast_head_json":{"title":"\u00bfPiel seca o deshidratada? \u00a1Tenemos la rutina ideal para ti! - ISDIN","description":"Descubre c\u00f3mo crear una rutina de skincare para piel seca que realmente hidrata, protege y devuelve la luminosidad. \u00a1Con consejos de expertos!","robots":{"index":"index","follow":"follow","max-snippet":"max-snippet:-1","max-image-preview":"max-image-preview:large","max-video-preview":"max-video-preview:-1"},"canonical":"https:\/\/www.isdin.com\/es\/blog\/piel-seca-o-deshidratada-tenemos-la-rutina-que-buscas\/","og_locale":"es_ES","og_type":"article","og_title":"\u00bfPiel seca o deshidratada? \u00a1Tenemos la rutina ideal para ti!","og_description":"Descubre c\u00f3mo crear una rutina de skincare para piel seca que realmente hidrata, protege y devuelve la luminosidad. \u00a1Con consejos de expertos!","og_url":"https:\/\/www.isdin.com\/es\/blog\/piel-seca-o-deshidratada-tenemos-la-rutina-que-buscas\/","og_site_name":"ISDIN","article_publisher":"https:\/\/es-es.facebook.com\/ISDIN.official\/","article_published_time":"2025-12-01T18:01:07+00:00","article_modified_time":"2025-12-22T15:32:57+00:00","og_image":[{"width":1200,"height":760,"url":"https:\/\/www.isdin.com\/es\/blog\/wp-content\/uploads\/2024\/08\/Header-46.png","type":"image\/png"}],"author":"Belinda Mart\u00ednez","twitter_card":"summary_large_image","twitter_creator":"@isdin_official","twitter_site":"@isdin_official","twitter_misc":{"Written by":"Belinda Mart\u00ednez","Est. reading time":"10 minutes"},"schema":{"@context":"https:\/\/schema.org","@graph":[{"@type":"Article","@id":"https:\/\/www.isdin.com\/es\/blog\/piel-seca-o-deshidratada-tenemos-la-rutina-que-buscas\/#article","isPartOf":{"@id":"https:\/\/www.isdin.com\/es\/blog\/piel-seca-o-deshidratada-tenemos-la-rutina-que-buscas\/"},"author":{"name":"Belinda Mart\u00ednez","@id":"https:\/\/www.isdin.com\/es\/blog\/#\/schema\/person\/684015d7d9e78124cb4aa660f6fe8576"},"headline":"\u00bfPiel seca o deshidratada? \u00a1Tenemos la rutina ideal para ti!","datePublished":"2025-12-01T18:01:07+00:00","dateModified":"2025-12-22T15:32:57+00:00","mainEntityOfPage":{"@id":"https:\/\/www.isdin.com\/es\/blog\/piel-seca-o-deshidratada-tenemos-la-rutina-que-buscas\/"},"wordCount":1747,"publisher":{"@id":"https:\/\/www.isdin.com\/es\/blog\/#organization"},"image":{"@id":"https:\/\/www.isdin.com\/es\/blog\/piel-seca-o-deshidratada-tenemos-la-rutina-que-buscas\/#primaryimage"},"thumbnailUrl":"https:\/\/www.isdin.com\/es\/blog\/wp-content\/uploads\/2024\/08\/Header-46.png","keywords":["cuidado facial","rutina facial"],"articleSection":["Afecciones de la piel","Consejos y cuidados","Cuidado facial"],"inLanguage":"es-ES"},{"@type":"WebPage","@id":"https:\/\/www.isdin.com\/es\/blog\/piel-seca-o-deshidratada-tenemos-la-rutina-que-buscas\/","url":"https:\/\/www.isdin.com\/es\/blog\/piel-seca-o-deshidratada-tenemos-la-rutina-que-buscas\/","name":"\u00bfPiel seca o deshidratada? \u00a1Tenemos la rutina ideal para ti! - ISDIN","isPartOf":{"@id":"https:\/\/www.isdin.com\/es\/blog\/#website"},"primaryImageOfPage":{"@id":"https:\/\/www.isdin.com\/es\/blog\/piel-seca-o-deshidratada-tenemos-la-rutina-que-buscas\/#primaryimage"},"image":{"@id":"https:\/\/www.isdin.com\/es\/blog\/piel-seca-o-deshidratada-tenemos-la-rutina-que-buscas\/#primaryimage"},"thumbnailUrl":"https:\/\/www.isdin.com\/es\/blog\/wp-content\/uploads\/2024\/08\/Header-46.png","datePublished":"2025-12-01T18:01:07+00:00","dateModified":"2025-12-22T15:32:57+00:00","description":"Descubre c\u00f3mo crear una rutina de skincare para piel seca que realmente hidrata, protege y devuelve la luminosidad. \u00a1Con consejos de expertos!","breadcrumb":{"@id":"https:\/\/www.isdin.com\/es\/blog\/piel-seca-o-deshidratada-tenemos-la-rutina-que-buscas\/#breadcrumb"},"inLanguage":"es-ES","potentialAction":[{"@type":"ReadAction","target":["https:\/\/www.isdin.com\/es\/blog\/piel-seca-o-deshidratada-tenemos-la-rutina-que-buscas\/"]}]},{"@type":"ImageObject","inLanguage":"es-ES","@id":"https:\/\/www.isdin.com\/es\/blog\/piel-seca-o-deshidratada-tenemos-la-rutina-que-buscas\/#primaryimage","url":"https:\/\/www.isdin.com\/es\/blog\/wp-content\/uploads\/2024\/08\/Header-46.png","contentUrl":"https:\/\/www.isdin.com\/es\/blog\/wp-content\/uploads\/2024\/08\/Header-46.png","width":1200,"height":760,"caption":"Mujer con piel seca sonriendo y con crema hidratante en la nariz durante su rutina de cuidado facial."},{"@type":"BreadcrumbList","@id":"https:\/\/www.isdin.com\/es\/blog\/piel-seca-o-deshidratada-tenemos-la-rutina-que-buscas\/#breadcrumb","itemListElement":[{"@type":"ListItem","position":1,"name":"Portada","item":"https:\/\/www.isdin.com\/es\/blog\/"},{"@type":"ListItem","position":2,"name":"\u00bfPiel seca o deshidratada? \u00a1Tenemos la rutina ideal para ti!"}]},{"@type":"WebSite","@id":"https:\/\/www.isdin.com\/es\/blog\/#website","url":"https:\/\/www.isdin.com\/es\/blog\/","name":"ISDIN","description":"Novedades, lanzamientos de productos y toda la experiencia de ISDIN","publisher":{"@id":"https:\/\/www.isdin.com\/es\/blog\/#organization"},"potentialAction":[{"@type":"SearchAction","target":{"@type":"EntryPoint","urlTemplate":"https:\/\/www.isdin.com\/es\/blog\/?s={search_term_string}"},"query-input":{"@type":"PropertyValueSpecification","valueRequired":true,"valueName":"search_term_string"}}],"inLanguage":"es-ES"},{"@type":"Organization","@id":"https:\/\/www.isdin.com\/es\/blog\/#organization","name":"ISDIN","alternateName":"ISDIN","url":"https:\/\/www.isdin.com\/es\/blog\/","logo":{"@type":"ImageObject","inLanguage":"es-ES","@id":"https:\/\/www.isdin.com\/es\/blog\/#\/schema\/logo\/image\/","url":"https:\/\/www.isdin.com\/es\/blog\/wp-content\/uploads\/2024\/05\/2025_03_GuiaFoto_FWM.png","contentUrl":"https:\/\/www.isdin.com\/es\/blog\/wp-content\/uploads\/2024\/05\/2025_03_GuiaFoto_FWM.png","width":670,"height":683,"caption":"ISDIN"},"image":{"@id":"https:\/\/www.isdin.com\/es\/blog\/#\/schema\/logo\/image\/"},"sameAs":["https:\/\/es-es.facebook.com\/ISDIN.official\/","https:\/\/x.com\/isdin_official","https:\/\/www.instagram.com\/isdinofficial","https:\/\/www.youtube.com\/channel\/UCtoNJMKpDwdFLqgV23_lcqg"],"telephone":"659997812"},{"@type":"Person","@id":"https:\/\/www.isdin.com\/es\/blog\/#\/schema\/person\/684015d7d9e78124cb4aa660f6fe8576","name":"Belinda Mart\u00ednez","image":{"@type":"ImageObject","inLanguage":"es-ES","@id":"https:\/\/www.isdin.com\/es\/blog\/#\/schema\/person\/image\/","url":"https:\/\/www.isdin.com\/es\/blog\/wp-content\/uploads\/2017\/07\/jjjj.jpg","contentUrl":"https:\/\/www.isdin.com\/es\/blog\/wp-content\/uploads\/2017\/07\/jjjj.jpg","caption":"Belinda Mart\u00ednez"},"description":"Belinda es periodista y copywriter creativa. Tras a\u00f1os de experiencia, decidi\u00f3 fusionar sus habilidades de escritura con su amor por el skincare, convirti\u00e9ndose en una especialista en la materia. \u00bfSu imprescindible? Un buen b\u00e1lsamo de labios.","sameAs":["https:\/\/www.linkedin.com\/in\/thisisbel\/"],"url":"https:\/\/www.isdin.com\/es\/blog\/author\/belindamartinez\/"}]}},"_links":{"self":[{"href":"https:\/\/www.isdin.com\/es\/blog\/wp-json\/wp\/v2\/posts\/9479","targetHints":{"allow":["GET"]}}],"collection":[{"href":"https:\/\/www.isdin.com\/es\/blog\/wp-json\/wp\/v2\/posts"}],"about":[{"href":"https:\/\/www.isdin.com\/es\/blog\/wp-json\/wp\/v2\/types\/post"}],"author":[{"embeddable":true,"href":"https:\/\/www.isdin.com\/es\/blog\/wp-json\/wp\/v2\/users\/69"}],"replies":[{"embeddable":true,"href":"https:\/\/www.isdin.com\/es\/blog\/wp-json\/wp\/v2\/comments?post=9479"}],"version-history":[{"count":13,"href":"https:\/\/www.isdin.com\/es\/blog\/wp-json\/wp\/v2\/posts\/9479\/revisions"}],"predecessor-version":[{"id":13036,"href":"https:\/\/www.isdin.com\/es\/blog\/wp-json\/wp\/v2\/posts\/9479\/revisions\/13036"}],"wp:featuredmedia":[{"embeddable":true,"href":"https:\/\/www.isdin.com\/es\/blog\/wp-json\/wp\/v2\/media\/12937"}],"wp:attachment":[{"href":"https:\/\/www.isdin.com\/es\/blog\/wp-json\/wp\/v2\/media?parent=9479"}],"wp:term":[{"taxonomy":"category","embeddable":true,"href":"https:\/\/www.isdin.com\/es\/blog\/wp-json\/wp\/v2\/categories?post=9479"},{"taxonomy":"post_tag","embeddable":true,"href":"https:\/\/www.isdin.com\/es\/blog\/wp-json\/wp\/v2\/tags?post=9479"}],"curies":[{"name":"wp","href":"https:\/\/api.w.org\/{rel}","templated":true}]}}