{"id":9251,"date":"2024-11-14T17:01:48","date_gmt":"2024-11-14T17:01:48","guid":{"rendered":"https:\/\/www.isdin.com\/es\/blog\/?p=9251"},"modified":"2024-11-14T17:01:50","modified_gmt":"2024-11-14T17:01:50","slug":"cuidar-piel-fotoproteccion-en-la-nieve","status":"publish","type":"post","link":"https:\/\/www.isdin.com\/es\/blog\/cuidar-piel-fotoproteccion-en-la-nieve\/","title":{"rendered":"A la nieve con fotoprotector: el mejor compa\u00f1ero de invierno"},"content":{"rendered":"\n<p>Te acompa\u00f1a en los momentos m\u00e1s divertidos de tu vida, ya sea en largos d\u00edas de playa y piscina, aventuras en la monta\u00f1a o paseos entre rascacielos. Llueva, nieve, haga sol o los d\u00edas se nublen, es un imprescindible en cada ocasi\u00f3n. \u00bfSabes ya de qu\u00e9 hablamos?<\/p>\n\n\n\n<p><strong>El fotoprotector<\/strong> es el <em>must<\/em> de tus rutinas diarias y de todas tus escapadas. Y en la nieve, no iba a ser menos. De hecho, en este entorno, su importancia se multiplica.<\/p>\n\n\n\n<h2 class=\"wp-block-heading\" id=\"h-invierno-nieve-y-fotoproteccion\">Invierno, nieve y fotoprotecci\u00f3n<\/h2>\n\n\n\n<p><\/p>\n\n\n\n<figure class=\"wp-block-image size-full\"><img loading=\"lazy\" decoding=\"async\" width=\"1200\" height=\"618\" src=\"data:image\/gif;base64,R0lGODlhAQABAAAAACH5BAEKAAEALAAAAAABAAEAAAICTAEAOw==\" data-src=\"https:\/\/www.isdin.com\/es\/blog\/wp-content\/uploads\/2024\/01\/2024_11_SPFyNieve_IMG03.jpg\" alt=\"fotoprotector para la nieve en barra chica\" class=\"wp-image-11255 lazyload\"\/><\/figure>\n\n\n\n<p><\/p>\n\n\n\n<p>En los fr\u00edos meses de invierno, <strong>la escapada de relax perfecta tiene forma de viaje a la nieve, un escenario ideal para desconectar<\/strong> mientras disfrutas de la naturaleza y tus deportes de invierno favoritos. Las monta\u00f1as blancas nos ofrecen un escenario m\u00e1gico donde creamos recuerdos inolvidables. Entre risas y aventuras, a veces olvidamos lo importante que es <a href=\"https:\/\/www.isdin.com\/blog\/rutina-cuidado-corporal-invierno-ureadin\/\">cuidar nuestra piel en climas fr\u00edos<\/a> y comprender c\u00f3mo el sol interact\u00faa con ella incluso en estos entornos.<\/p>\n\n\n\n<p>Los planes por hacer son muchos: senderismo, mejorar tu t\u00e9cnica de esqu\u00ed o tomar un buen chocolate caliente observando paisajes nevados. Pero <strong>en todas estas actividades hay un denominador com\u00fan<\/strong>: la <a href=\"https:\/\/www.isdin.com\/blog\/efectos-radiacion-solar-piel\/\">radiaci\u00f3n solar<\/a>.<\/p>\n\n\n\n<ul class=\"wp-block-list\">\n<li><strong>La nieve refleja hasta un 80% de la radiaci\u00f3n ultravioleta (UV) del sol<\/strong>, una cifra cuatro veces <a href=\"https:\/\/www.cnoo.es\/noticias\/opticos-optometristas-alertan-sobre-proteccion-ojos-en-nieve-para-prevenir-queratitis-solar-4\">mayor que la del agua<\/a>. \u00bfIncre\u00edble, verdad? Este fen\u00f3meno no solo resalta la magia del entorno, sino que tambi\u00e9n te expone a una cantidad considerable de radiaci\u00f3n solar.<\/li>\n<\/ul>\n\n\n\n<p><\/p>\n\n\n\n<ul class=\"wp-block-list\">\n<li><strong>Est\u00e1s a mayor altitud<\/strong>: en zonas de alta monta\u00f1a (como las estaciones de esqu\u00ed), la altitud aumenta y la radiaci\u00f3n solar se incrementa aproximadamente un 4 % por cada 300 metros de altitud. Y a mayor altitud, mayor porcentaje de radiaci\u00f3n UV, lo que aumenta el riesgo de da\u00f1o solar.<\/li>\n<\/ul>\n\n\n\n<p><\/p>\n\n\n\n<ul class=\"wp-block-list\">\n<li><strong>El da\u00f1o a corto plazo aumenta:<\/strong> \u00bfcu\u00e1ntas veces has sufrido quemaduras solares tras un d\u00eda de nieve? Las quemaduras solares en la nieve son incluso m\u00e1s peligrosas que en la playa. En alta monta\u00f1a, la protecci\u00f3n atmosf\u00e9rica disminuye y \u00a1la radiaci\u00f3n solar se vuelve implacable! Seg\u00fan los expertos, por cada 1.000 metros de altitud, el riesgo de da\u00f1o solar aumenta un 15 %.<\/li>\n<\/ul>\n\n\n\n<p><\/p>\n\n\n\n<ul class=\"wp-block-list\">\n<li><strong>Aqu\u00ed entra el efecto acumulativo<\/strong>: la piel tiene memoria y una exposici\u00f3n continua a la radiaci\u00f3n sin la protecci\u00f3n adecuada puede provocar da\u00f1os como <a href=\"https:\/\/www.isdin.com\/blog\/manchas-solares-por-que-se-producen-y-como-tratarlas\/\">manchas solares<\/a>, <a href=\"https:\/\/www.isdin.com\/blog\/efectos-del-fotoenvejecimiento-en-la-piel\/\">fotoenvejecimiento<\/a> o aumentar el riesgo de desarrollar enfermedades como el <a href=\"https:\/\/www.isdin.com\/blog\/melanoma-causas-y-como-prevenirlo\/\">c\u00e1ncer de piel<\/a>.<\/li>\n<\/ul>\n\n\n\n<p><\/p>\n\n\n\n<p class=\"has-background\" style=\"background-color:#f1dfbf\"><strong>\u00bfLo sab\u00edas? <\/strong>La nieve act\u00faa como un espejo natural, lo que significa que puede reflejar el sol en lugares inesperados y en zonas de la piel que normalmente no est\u00e1n tan expuestas, como la parte inferior de tu barbilla.<\/p>\n\n\n\n<p><\/p>\n\n\n\n<h2 class=\"wp-block-heading\" id=\"h-tus-aliados-en-la-nieve-y-en-todas-partes\">Tus aliados en la nieve (\u00a1y en todas partes!)<\/h2>\n\n\n\n<figure class=\"wp-block-image size-large\"><img loading=\"lazy\" decoding=\"async\" width=\"1024\" height=\"527\" src=\"data:image\/gif;base64,R0lGODlhAQABAAAAACH5BAEKAAEALAAAAAABAAEAAAICTAEAOw==\" data-src=\"https:\/\/www.isdin.com\/es\/blog\/wp-content\/uploads\/2024\/01\/2024_SPFyNieve_IMG02-2-1024x527.png\" alt=\"chica en la nieve vestida con gorro y gafas\" class=\"wp-image-9254 lazyload\" data-sizes=\"auto\" data-srcset=\"https:\/\/www.isdin.com\/es\/blog\/wp-content\/uploads\/2024\/01\/2024_SPFyNieve_IMG02-2-1024x527.png 1024w, https:\/\/www.isdin.com\/es\/blog\/wp-content\/uploads\/2024\/01\/2024_SPFyNieve_IMG02-2-300x155.png 300w, https:\/\/www.isdin.com\/es\/blog\/wp-content\/uploads\/2024\/01\/2024_SPFyNieve_IMG02-2-150x77.png 150w, https:\/\/www.isdin.com\/es\/blog\/wp-content\/uploads\/2024\/01\/2024_SPFyNieve_IMG02-2-768x396.png 768w, https:\/\/www.isdin.com\/es\/blog\/wp-content\/uploads\/2024\/01\/2024_SPFyNieve_IMG02-2-585x300.png 585w, https:\/\/www.isdin.com\/es\/blog\/wp-content\/uploads\/2024\/01\/2024_SPFyNieve_IMG02-2-450x232.png 450w, https:\/\/www.isdin.com\/es\/blog\/wp-content\/uploads\/2024\/01\/2024_SPFyNieve_IMG02-2-20x11.png 20w, https:\/\/www.isdin.com\/es\/blog\/wp-content\/uploads\/2024\/01\/2024_SPFyNieve_IMG02-2-225x116.png 225w, https:\/\/www.isdin.com\/es\/blog\/wp-content\/uploads\/2024\/01\/2024_SPFyNieve_IMG02-2-900x464.png 900w, https:\/\/www.isdin.com\/es\/blog\/wp-content\/uploads\/2024\/01\/2024_SPFyNieve_IMG02-2.png 1200w\" sizes=\"auto, (max-width: 1024px) 100vw, 1024px\" \/><\/figure>\n\n\n\n<p><\/p>\n\n\n\n<p><a href=\"https:\/\/www.isdin.com\/blog\/cuidar-piel-invierno-frio\/\">Adaptar nuestra rutina facial al invierno<\/a> es esencial, pero cuando estamos en la nieve, necesitamos un cuidado extra. Si ya tienes tu rutina de cuidado bien aprendida, las maletas listas y est\u00e1s deseando lanzarte a la aventura, recuerda que <strong>en tu equipaje no pueden faltar los mejores aliados para la nieve.<\/strong><\/p>\n\n\n\n<p>Fotoprotectores espec\u00edficos, hidrataci\u00f3n intensa y esos peque\u00f1os trucos que marcan la diferencia ser\u00e1n tus mejores compa\u00f1eros para disfrutar de la temporada sin preocupaciones.<\/p>\n\n\n\n<h3 class=\"wp-block-heading\" id=\"h-para-todos\">Para todos:<\/h3>\n\n\n\n<p><\/p>\n\n\n\n<div class=\"wp-block-media-text\"><figure class=\"wp-block-media-text__media\"><img loading=\"lazy\" decoding=\"async\" width=\"670\" height=\"754\" src=\"data:image\/gif;base64,R0lGODlhAQABAAAAACH5BAEKAAEALAAAAAABAAEAAAICTAEAOw==\" data-src=\"https:\/\/www.isdin.com\/es\/blog\/wp-content\/uploads\/2024\/01\/2024_SPFyNieve_IMG03-1.png\" alt=\"mejor fotoprotector para la nieve fusion water magic\" class=\"wp-image-9256 size-full lazyload\" data-sizes=\"auto\" data-srcset=\"https:\/\/www.isdin.com\/es\/blog\/wp-content\/uploads\/2024\/01\/2024_SPFyNieve_IMG03-1.png 670w, https:\/\/www.isdin.com\/es\/blog\/wp-content\/uploads\/2024\/01\/2024_SPFyNieve_IMG03-1-267x300.png 267w, https:\/\/www.isdin.com\/es\/blog\/wp-content\/uploads\/2024\/01\/2024_SPFyNieve_IMG03-1-133x150.png 133w, https:\/\/www.isdin.com\/es\/blog\/wp-content\/uploads\/2024\/01\/2024_SPFyNieve_IMG03-1-450x506.png 450w, https:\/\/www.isdin.com\/es\/blog\/wp-content\/uploads\/2024\/01\/2024_SPFyNieve_IMG03-1-225x253.png 225w, https:\/\/www.isdin.com\/es\/blog\/wp-content\/uploads\/2024\/01\/2024_SPFyNieve_IMG03-1-20x23.png 20w\" sizes=\"auto, (max-width: 670px) 100vw, 670px\" \/><\/figure><div class=\"wp-block-media-text__content\">\n<p><\/p>\n\n\n\n<p>Enamorados de las grandes pistas de esqu\u00ed, de las aventuras de monta\u00f1a, los paseos con raquetas o simplemente cualquier actividad f\u00edsica: vuestro acompa\u00f1ante perfecto es <a href=\"https:\/\/www.isdin.com\/producto\/fotoprotector-isdin\/magic-spf-50\">Fusion Water MAGIC<\/a>.<\/p>\n\n\n\n<p>Este fotoprotector facial ultraligero <strong>hidrata<\/strong> tu piel gracias a su contenido en <strong>\u00e1cido hialur\u00f3nico<\/strong>, a la vez que la protege de los rayos <strong>UVB\/UVA<\/strong> con su <a href=\"https:\/\/www.isdin.com\/es\/blog\/spf-significado-y-recomendaciones-segun-tu-piel\/\"><strong>SPF 50<\/strong><\/a>. \u00a1No habr\u00e1 altitud que se te resista!<\/p>\n<\/div><\/div>\n\n\n\n<p><\/p>\n\n\n\n<h3 class=\"wp-block-heading\" id=\"h-para-las-que-buscan-un-toque-de-color\">Para las que buscan un toque de color:<\/h3>\n\n\n\n<div class=\"wp-block-media-text has-media-on-the-right\"><div class=\"wp-block-media-text__content\">\n<p><\/p>\n\n\n\n<p>Amantes del <em>apr\u00e8s-ski,<\/em> de los <em>outfits<\/em> a la \u00faltima y los selfis en la monta\u00f1a: vuestro acompa\u00f1ante perfecto es Fusion Water MAGIC <a href=\"https:\/\/www.isdin.com\/producto\/fotoprotector-isdin\/fusion-water-magic-light-spf-50\">Light,<\/a>&nbsp;<a href=\"https:\/\/www.isdin.com\/producto\/fotoprotector-isdin\/fusion-water-magic-medium-spf-50\">Medium<\/a>&nbsp;o&nbsp;<a href=\"https:\/\/www.isdin.com\/es\/p\/fusion-water-color-bronze-spf-50\/3977\">Bronze<\/a>.<\/p>\n\n\n\n<p>Disponible en 3 tonos diferentes, podr\u00e1 acompa\u00f1arte en <strong>todos los planes<\/strong>. Este fotoprotector facial ultraligero ofrece protecci\u00f3n de amplio espectro y acci\u00f3n antioxidante mientras <a href=\"https:\/\/www.isdin.com\/es\/blog\/reaplicar-protector-solar-sobre-maquillaje\/\">ayuda a unificar el tono y disimular imperfecciones<\/a>. \u00a1Hola, efecto buena cara!<\/p>\n<\/div><figure class=\"wp-block-media-text__media\"><img loading=\"lazy\" decoding=\"async\" width=\"670\" height=\"754\" src=\"data:image\/gif;base64,R0lGODlhAQABAAAAACH5BAEKAAEALAAAAAABAAEAAAICTAEAOw==\" data-src=\"https:\/\/www.isdin.com\/es\/blog\/wp-content\/uploads\/2024\/01\/2024_11_SPFyNieve_IMG05.jpg\" alt=\"fotoprotector para la nieve con color\" class=\"wp-image-11257 size-full lazyload\"\/><\/figure><\/div>\n\n\n\n<p><\/p>\n\n\n\n<h3 class=\"wp-block-heading\" id=\"h-para-reaplicar\">Para reaplicar:<\/h3>\n\n\n\n<div class=\"wp-block-media-text\"><figure class=\"wp-block-media-text__media\"><img loading=\"lazy\" decoding=\"async\" width=\"670\" height=\"754\" src=\"data:image\/gif;base64,R0lGODlhAQABAAAAACH5BAEKAAEALAAAAAABAAEAAAICTAEAOw==\" data-src=\"https:\/\/www.isdin.com\/es\/blog\/wp-content\/uploads\/2024\/01\/2024_11_SPFyNieve_IMG07.jpg\" alt=\"protecc\u00edon solar en stick invisible\" class=\"wp-image-11256 size-full lazyload\"\/><\/figure><div class=\"wp-block-media-text__content\">\n<p><\/p>\n\n\n\n<p>Para los atrevidos que se adentran en las pistas m\u00e1s largas, las charlas con amigos en el telesilla o esos parones a media jornada que piden sesi\u00f3n de vermut y aperitivo.<\/p>\n\n\n\n<p>Todos, sin excepci\u00f3n, necesitamos <a href=\"https:\/\/www.isdin.com\/blog\/como-aplicar-correctamente-el-fotoprotector-solar\/\">reaplicarnos el fotoprotector cada 2 horas<\/a>, pero no siempre es pr\u00e1ctico llevar encima tu elecci\u00f3n habitual. Aqu\u00ed es donde entra el complemento perfecto: <a href=\"https:\/\/www.isdin.com\/es\/p\/invisible-stick-spf-50\/4347\"><strong>Invisible Stick<\/strong><\/a>, el fotoprotector en barra con resistencia al agua y al sudor que cabe en cualquier bolsillo.<\/p>\n<\/div><\/div>\n\n\n\n<p>Ideal para retocarte all\u00e1 donde est\u00e9s y proteger esas zonas m\u00e1s sensibles como la nariz. \u00a1Pr\u00e1ctico, ligero y siempre a mano!<\/p>\n\n\n\n<p class=\"has-background\" style=\"background-color:#f1dfbf\"><strong>Consejo de experto: <\/strong>no importa el tipo de plan, en cualquier escapada invernal, hidratar tus labios es lo que necesitas para decir <a href=\"https:\/\/www.isdin.com\/blog\/como-cuidar-y-reparar-los-labios-agrietados\/\">adi\u00f3s a la sequedad y a las grietas<\/a>. Disfruta del viaje y aseg\u00farate de tener siempre a mano un <a href=\"https:\/\/www.isdin.com\/producto\/labiales-isdin\/spf-50\">protector labial con SPF 50<\/a>.<\/p>\n\n\n\n<p><\/p>\n\n\n\n<p><\/p>\n\n\n\n<h2 class=\"wp-block-heading\" id=\"h-compartir-es-vivir\">Compartir es vivir<\/h2>\n\n\n\n<p><\/p>\n\n\n\n<figure class=\"wp-block-image size-full\"><img loading=\"lazy\" decoding=\"async\" width=\"1200\" height=\"618\" src=\"data:image\/gif;base64,R0lGODlhAQABAAAAACH5BAEKAAEALAAAAAABAAEAAAICTAEAOw==\" data-src=\"https:\/\/www.isdin.com\/es\/blog\/wp-content\/uploads\/2024\/01\/2024_11_SPFyNieve_IMG02.jpg\" alt=\"2 personas esquiando bajo el sol\" class=\"wp-image-11258 lazyload\"\/><\/figure>\n\n\n\n<p><\/p>\n\n\n\n<p>Y como en toda buena preparaci\u00f3n, sabemos que <strong>los peque\u00f1os detalles marcan la diferencia<\/strong>. La nieve y el fr\u00edo pueden ser un reto para nuestra piel, pero con los cuidados adecuados, podremos disfrutar de cada momento al aire libre sin preocupaciones. Por eso, nunca est\u00e1 de m\u00e1s tener algunos <em>tips<\/em> adicionales que nos permitan aprovechar al m\u00e1ximo nuestra escapada invernal:<\/p>\n\n\n\n<p>\u2192 <strong>Protege siempre tus ojos.<\/strong> Las gafas de sol no son solo para el verano; en la nieve, la radiaci\u00f3n UV se intensifica y puede da\u00f1ar nuestra vista.<\/p>\n\n\n\n<p>\u2192 <strong>Empieza y termina tu d\u00eda con una buena <a href=\"https:\/\/www.isdin.com\/blog\/elige-el-mejor-limpiador-facial\/\">limpieza facial<\/a>.<\/strong> Este paso es clave para eliminar impurezas y preparar la piel para que los productos de tu rutina funcionen como esperas.<\/p>\n\n\n\n<p>\u2192 <strong>Dale a tu piel el respiro que necesita al final del d\u00eda.<\/strong> Si ha estado expuesta al viento y al fr\u00edo, <a href=\"https:\/\/www.isdin.com\/es\/blog\/guia-esencial-de-cremas-hidratantes-faciales\/\">una buena crema hidratante<\/a> le proporcionar\u00e1 todo lo que necesita para recuperarse.<\/p>\n\n\n\n<p>Todos tenemos ese amigo o amiga que vuelve de la nieve con las mejillas enrojecidas, los labios agrietados y alguna que otra zona del rostro con escamas. Dado que todos estos peque\u00f1os inconvenientes son evitables, te animamos a contarle c\u00f3mo puede disfrutar de la nieve sin preocupaciones. <strong>\u00a1Su piel te lo agradecer\u00e1!<\/strong><\/p>\n","protected":false},"excerpt":{"rendered":"<p>El fotoprotector es el must de tus rutinas diarias y de todas tus escapadas. Y en la nieve, no iba a ser menos. De hecho, en este entorno, su importancia se multiplica.<\/p>\n","protected":false},"author":69,"featured_media":11253,"comment_status":"closed","ping_status":"closed","sticky":false,"template":"","format":"image","meta":{"footnotes":""},"categories":[1,100],"tags":[294,123,119,293,397],"class_list":["post-9251","post","type-post","status-publish","format-image","has-post-thumbnail","hentry","category-consejos-cuidados","category-sol-y-piel","tag-cuidado-facial","tag-cuidado-piel","tag-fotoproteccion","tag-fotoprotector-facial","tag-otono-invierno","post_format-post-format-image"],"yoast_head":"<!-- This site is optimized with the Yoast SEO Premium plugin v25.4 (Yoast SEO v25.4) - https:\/\/yoast.com\/wordpress\/plugins\/seo\/ -->\n<title>A la nieve con fotoprotector: el mejor compa\u00f1ero de invierno - ISDIN<\/title>\n<meta name=\"description\" content=\"\u00bfCu\u00e1l es el mejor fotoprotector para la nieve? Descubre nuestros consejos y por qu\u00e9 es el acompa\u00f1ante perfecto para tu piel.\" \/>\n<meta name=\"robots\" content=\"index, follow, max-snippet:-1, max-image-preview:large, max-video-preview:-1\" \/>\n<link rel=\"canonical\" href=\"https:\/\/www.isdin.com\/es\/blog\/cuidar-piel-fotoproteccion-en-la-nieve\/\" \/>\n<meta property=\"og:locale\" content=\"es_ES\" \/>\n<meta property=\"og:type\" content=\"article\" \/>\n<meta property=\"og:title\" content=\"A la nieve con fotoprotector: el mejor compa\u00f1ero de invierno\" \/>\n<meta property=\"og:description\" content=\"\u00bfCu\u00e1l es el mejor fotoprotector para la nieve? Descubre nuestros consejos y por qu\u00e9 es el acompa\u00f1ante perfecto para tu piel.\" \/>\n<meta property=\"og:url\" content=\"https:\/\/www.isdin.com\/es\/blog\/cuidar-piel-fotoproteccion-en-la-nieve\/\" \/>\n<meta property=\"og:site_name\" content=\"ISDIN\" \/>\n<meta property=\"article:publisher\" content=\"https:\/\/es-es.facebook.com\/ISDIN.official\/\" \/>\n<meta property=\"article:published_time\" content=\"2024-11-14T17:01:48+00:00\" \/>\n<meta property=\"article:modified_time\" content=\"2024-11-14T17:01:50+00:00\" \/>\n<meta property=\"og:image\" content=\"https:\/\/www.isdin.com\/es\/blog\/wp-content\/uploads\/2024\/01\/2024_11_SPFyNieve_IMG01.jpg\" \/>\n\t<meta property=\"og:image:width\" content=\"1200\" \/>\n\t<meta property=\"og:image:height\" content=\"760\" \/>\n\t<meta property=\"og:image:type\" content=\"image\/jpeg\" \/>\n<meta name=\"author\" content=\"Belinda Mart\u00ednez\" \/>\n<meta name=\"twitter:card\" content=\"summary_large_image\" \/>\n<meta name=\"twitter:creator\" content=\"@isdin_official\" \/>\n<meta name=\"twitter:site\" content=\"@isdin_official\" \/>\n<meta name=\"twitter:label1\" content=\"Written by\" \/>\n\t<meta name=\"twitter:data1\" content=\"Belinda Mart\u00ednez\" \/>\n\t<meta name=\"twitter:label2\" content=\"Est. reading time\" \/>\n\t<meta name=\"twitter:data2\" content=\"6 minutes\" \/>\n<script type=\"application\/ld+json\" class=\"yoast-schema-graph\">{\"@context\":\"https:\/\/schema.org\",\"@graph\":[{\"@type\":\"Article\",\"@id\":\"https:\/\/www.isdin.com\/es\/blog\/cuidar-piel-fotoproteccion-en-la-nieve\/#article\",\"isPartOf\":{\"@id\":\"https:\/\/www.isdin.com\/es\/blog\/cuidar-piel-fotoproteccion-en-la-nieve\/\"},\"author\":{\"name\":\"Belinda Mart\u00ednez\",\"@id\":\"https:\/\/www.isdin.com\/es\/blog\/#\/schema\/person\/684015d7d9e78124cb4aa660f6fe8576\"},\"headline\":\"A la nieve con fotoprotector: el mejor compa\u00f1ero de invierno\",\"datePublished\":\"2024-11-14T17:01:48+00:00\",\"dateModified\":\"2024-11-14T17:01:50+00:00\",\"mainEntityOfPage\":{\"@id\":\"https:\/\/www.isdin.com\/es\/blog\/cuidar-piel-fotoproteccion-en-la-nieve\/\"},\"wordCount\":1082,\"publisher\":{\"@id\":\"https:\/\/www.isdin.com\/es\/blog\/#organization\"},\"image\":{\"@id\":\"https:\/\/www.isdin.com\/es\/blog\/cuidar-piel-fotoproteccion-en-la-nieve\/#primaryimage\"},\"thumbnailUrl\":\"https:\/\/www.isdin.com\/es\/blog\/wp-content\/uploads\/2024\/01\/2024_11_SPFyNieve_IMG01.jpg\",\"keywords\":[\"cuidado facial\",\"cuidado piel\",\"fotoprotecci\u00f3n\",\"fotoprotector facial\",\"oto\u00f1o invierno\"],\"articleSection\":[\"Consejos y cuidados\",\"Sol y piel\"],\"inLanguage\":\"es-ES\"},{\"@type\":\"WebPage\",\"@id\":\"https:\/\/www.isdin.com\/es\/blog\/cuidar-piel-fotoproteccion-en-la-nieve\/\",\"url\":\"https:\/\/www.isdin.com\/es\/blog\/cuidar-piel-fotoproteccion-en-la-nieve\/\",\"name\":\"A la nieve con fotoprotector: el mejor compa\u00f1ero de invierno - ISDIN\",\"isPartOf\":{\"@id\":\"https:\/\/www.isdin.com\/es\/blog\/#website\"},\"primaryImageOfPage\":{\"@id\":\"https:\/\/www.isdin.com\/es\/blog\/cuidar-piel-fotoproteccion-en-la-nieve\/#primaryimage\"},\"image\":{\"@id\":\"https:\/\/www.isdin.com\/es\/blog\/cuidar-piel-fotoproteccion-en-la-nieve\/#primaryimage\"},\"thumbnailUrl\":\"https:\/\/www.isdin.com\/es\/blog\/wp-content\/uploads\/2024\/01\/2024_11_SPFyNieve_IMG01.jpg\",\"datePublished\":\"2024-11-14T17:01:48+00:00\",\"dateModified\":\"2024-11-14T17:01:50+00:00\",\"description\":\"\u00bfCu\u00e1l es el mejor fotoprotector para la nieve? Descubre nuestros consejos y por qu\u00e9 es el acompa\u00f1ante perfecto para tu piel.\",\"breadcrumb\":{\"@id\":\"https:\/\/www.isdin.com\/es\/blog\/cuidar-piel-fotoproteccion-en-la-nieve\/#breadcrumb\"},\"inLanguage\":\"es-ES\",\"potentialAction\":[{\"@type\":\"ReadAction\",\"target\":[\"https:\/\/www.isdin.com\/es\/blog\/cuidar-piel-fotoproteccion-en-la-nieve\/\"]}]},{\"@type\":\"ImageObject\",\"inLanguage\":\"es-ES\",\"@id\":\"https:\/\/www.isdin.com\/es\/blog\/cuidar-piel-fotoproteccion-en-la-nieve\/#primaryimage\",\"url\":\"https:\/\/www.isdin.com\/es\/blog\/wp-content\/uploads\/2024\/01\/2024_11_SPFyNieve_IMG01.jpg\",\"contentUrl\":\"https:\/\/www.isdin.com\/es\/blog\/wp-content\/uploads\/2024\/01\/2024_11_SPFyNieve_IMG01.jpg\",\"width\":1200,\"height\":760,\"caption\":\"fotoprotector para la nieve fusion water magic\"},{\"@type\":\"BreadcrumbList\",\"@id\":\"https:\/\/www.isdin.com\/es\/blog\/cuidar-piel-fotoproteccion-en-la-nieve\/#breadcrumb\",\"itemListElement\":[{\"@type\":\"ListItem\",\"position\":1,\"name\":\"Portada\",\"item\":\"https:\/\/www.isdin.com\/es\/blog\/\"},{\"@type\":\"ListItem\",\"position\":2,\"name\":\"A la nieve con fotoprotector: el mejor compa\u00f1ero de invierno\"}]},{\"@type\":\"WebSite\",\"@id\":\"https:\/\/www.isdin.com\/es\/blog\/#website\",\"url\":\"https:\/\/www.isdin.com\/es\/blog\/\",\"name\":\"ISDIN\",\"description\":\"Novedades, lanzamientos de productos y toda la experiencia de ISDIN\",\"publisher\":{\"@id\":\"https:\/\/www.isdin.com\/es\/blog\/#organization\"},\"potentialAction\":[{\"@type\":\"SearchAction\",\"target\":{\"@type\":\"EntryPoint\",\"urlTemplate\":\"https:\/\/www.isdin.com\/es\/blog\/?s={search_term_string}\"},\"query-input\":{\"@type\":\"PropertyValueSpecification\",\"valueRequired\":true,\"valueName\":\"search_term_string\"}}],\"inLanguage\":\"es-ES\"},{\"@type\":\"Organization\",\"@id\":\"https:\/\/www.isdin.com\/es\/blog\/#organization\",\"name\":\"ISDIN\",\"alternateName\":\"ISDIN\",\"url\":\"https:\/\/www.isdin.com\/es\/blog\/\",\"logo\":{\"@type\":\"ImageObject\",\"inLanguage\":\"es-ES\",\"@id\":\"https:\/\/www.isdin.com\/es\/blog\/#\/schema\/logo\/image\/\",\"url\":\"https:\/\/www.isdin.com\/es\/blog\/wp-content\/uploads\/2024\/05\/2025_03_GuiaFoto_FWM.png\",\"contentUrl\":\"https:\/\/www.isdin.com\/es\/blog\/wp-content\/uploads\/2024\/05\/2025_03_GuiaFoto_FWM.png\",\"width\":670,\"height\":683,\"caption\":\"ISDIN\"},\"image\":{\"@id\":\"https:\/\/www.isdin.com\/es\/blog\/#\/schema\/logo\/image\/\"},\"sameAs\":[\"https:\/\/es-es.facebook.com\/ISDIN.official\/\",\"https:\/\/x.com\/isdin_official\",\"https:\/\/www.instagram.com\/isdinofficial\",\"https:\/\/www.youtube.com\/channel\/UCtoNJMKpDwdFLqgV23_lcqg\"],\"telephone\":\"659997812\"},{\"@type\":\"Person\",\"@id\":\"https:\/\/www.isdin.com\/es\/blog\/#\/schema\/person\/684015d7d9e78124cb4aa660f6fe8576\",\"name\":\"Belinda Mart\u00ednez\",\"image\":{\"@type\":\"ImageObject\",\"inLanguage\":\"es-ES\",\"@id\":\"https:\/\/www.isdin.com\/es\/blog\/#\/schema\/person\/image\/\",\"url\":\"https:\/\/www.isdin.com\/es\/blog\/wp-content\/uploads\/2017\/07\/jjjj.jpg\",\"contentUrl\":\"https:\/\/www.isdin.com\/es\/blog\/wp-content\/uploads\/2017\/07\/jjjj.jpg\",\"caption\":\"Belinda Mart\u00ednez\"},\"description\":\"Belinda es periodista y copywriter creativa. Tras a\u00f1os de experiencia, decidi\u00f3 fusionar sus habilidades de escritura con su amor por el skincare, convirti\u00e9ndose en una especialista en la materia. \u00bfSu imprescindible? Un buen b\u00e1lsamo de labios.\",\"sameAs\":[\"https:\/\/www.linkedin.com\/in\/thisisbel\/\"],\"url\":\"https:\/\/www.isdin.com\/es\/blog\/author\/belindamartinez\/\"}]}<\/script>\n<!-- \/ Yoast SEO Premium plugin. -->","yoast_head_json":{"title":"A la nieve con fotoprotector: el mejor compa\u00f1ero de invierno - ISDIN","description":"\u00bfCu\u00e1l es el mejor fotoprotector para la nieve? Descubre nuestros consejos y por qu\u00e9 es el acompa\u00f1ante perfecto para tu piel.","robots":{"index":"index","follow":"follow","max-snippet":"max-snippet:-1","max-image-preview":"max-image-preview:large","max-video-preview":"max-video-preview:-1"},"canonical":"https:\/\/www.isdin.com\/es\/blog\/cuidar-piel-fotoproteccion-en-la-nieve\/","og_locale":"es_ES","og_type":"article","og_title":"A la nieve con fotoprotector: el mejor compa\u00f1ero de invierno","og_description":"\u00bfCu\u00e1l es el mejor fotoprotector para la nieve? Descubre nuestros consejos y por qu\u00e9 es el acompa\u00f1ante perfecto para tu piel.","og_url":"https:\/\/www.isdin.com\/es\/blog\/cuidar-piel-fotoproteccion-en-la-nieve\/","og_site_name":"ISDIN","article_publisher":"https:\/\/es-es.facebook.com\/ISDIN.official\/","article_published_time":"2024-11-14T17:01:48+00:00","article_modified_time":"2024-11-14T17:01:50+00:00","og_image":[{"width":1200,"height":760,"url":"https:\/\/www.isdin.com\/es\/blog\/wp-content\/uploads\/2024\/01\/2024_11_SPFyNieve_IMG01.jpg","type":"image\/jpeg"}],"author":"Belinda Mart\u00ednez","twitter_card":"summary_large_image","twitter_creator":"@isdin_official","twitter_site":"@isdin_official","twitter_misc":{"Written by":"Belinda Mart\u00ednez","Est. reading time":"6 minutes"},"schema":{"@context":"https:\/\/schema.org","@graph":[{"@type":"Article","@id":"https:\/\/www.isdin.com\/es\/blog\/cuidar-piel-fotoproteccion-en-la-nieve\/#article","isPartOf":{"@id":"https:\/\/www.isdin.com\/es\/blog\/cuidar-piel-fotoproteccion-en-la-nieve\/"},"author":{"name":"Belinda Mart\u00ednez","@id":"https:\/\/www.isdin.com\/es\/blog\/#\/schema\/person\/684015d7d9e78124cb4aa660f6fe8576"},"headline":"A la nieve con fotoprotector: el mejor compa\u00f1ero de invierno","datePublished":"2024-11-14T17:01:48+00:00","dateModified":"2024-11-14T17:01:50+00:00","mainEntityOfPage":{"@id":"https:\/\/www.isdin.com\/es\/blog\/cuidar-piel-fotoproteccion-en-la-nieve\/"},"wordCount":1082,"publisher":{"@id":"https:\/\/www.isdin.com\/es\/blog\/#organization"},"image":{"@id":"https:\/\/www.isdin.com\/es\/blog\/cuidar-piel-fotoproteccion-en-la-nieve\/#primaryimage"},"thumbnailUrl":"https:\/\/www.isdin.com\/es\/blog\/wp-content\/uploads\/2024\/01\/2024_11_SPFyNieve_IMG01.jpg","keywords":["cuidado facial","cuidado piel","fotoprotecci\u00f3n","fotoprotector facial","oto\u00f1o invierno"],"articleSection":["Consejos y cuidados","Sol y piel"],"inLanguage":"es-ES"},{"@type":"WebPage","@id":"https:\/\/www.isdin.com\/es\/blog\/cuidar-piel-fotoproteccion-en-la-nieve\/","url":"https:\/\/www.isdin.com\/es\/blog\/cuidar-piel-fotoproteccion-en-la-nieve\/","name":"A la nieve con fotoprotector: el mejor compa\u00f1ero de invierno - ISDIN","isPartOf":{"@id":"https:\/\/www.isdin.com\/es\/blog\/#website"},"primaryImageOfPage":{"@id":"https:\/\/www.isdin.com\/es\/blog\/cuidar-piel-fotoproteccion-en-la-nieve\/#primaryimage"},"image":{"@id":"https:\/\/www.isdin.com\/es\/blog\/cuidar-piel-fotoproteccion-en-la-nieve\/#primaryimage"},"thumbnailUrl":"https:\/\/www.isdin.com\/es\/blog\/wp-content\/uploads\/2024\/01\/2024_11_SPFyNieve_IMG01.jpg","datePublished":"2024-11-14T17:01:48+00:00","dateModified":"2024-11-14T17:01:50+00:00","description":"\u00bfCu\u00e1l es el mejor fotoprotector para la nieve? Descubre nuestros consejos y por qu\u00e9 es el acompa\u00f1ante perfecto para tu piel.","breadcrumb":{"@id":"https:\/\/www.isdin.com\/es\/blog\/cuidar-piel-fotoproteccion-en-la-nieve\/#breadcrumb"},"inLanguage":"es-ES","potentialAction":[{"@type":"ReadAction","target":["https:\/\/www.isdin.com\/es\/blog\/cuidar-piel-fotoproteccion-en-la-nieve\/"]}]},{"@type":"ImageObject","inLanguage":"es-ES","@id":"https:\/\/www.isdin.com\/es\/blog\/cuidar-piel-fotoproteccion-en-la-nieve\/#primaryimage","url":"https:\/\/www.isdin.com\/es\/blog\/wp-content\/uploads\/2024\/01\/2024_11_SPFyNieve_IMG01.jpg","contentUrl":"https:\/\/www.isdin.com\/es\/blog\/wp-content\/uploads\/2024\/01\/2024_11_SPFyNieve_IMG01.jpg","width":1200,"height":760,"caption":"fotoprotector para la nieve fusion water magic"},{"@type":"BreadcrumbList","@id":"https:\/\/www.isdin.com\/es\/blog\/cuidar-piel-fotoproteccion-en-la-nieve\/#breadcrumb","itemListElement":[{"@type":"ListItem","position":1,"name":"Portada","item":"https:\/\/www.isdin.com\/es\/blog\/"},{"@type":"ListItem","position":2,"name":"A la nieve con fotoprotector: el mejor compa\u00f1ero de invierno"}]},{"@type":"WebSite","@id":"https:\/\/www.isdin.com\/es\/blog\/#website","url":"https:\/\/www.isdin.com\/es\/blog\/","name":"ISDIN","description":"Novedades, lanzamientos de productos y toda la experiencia de ISDIN","publisher":{"@id":"https:\/\/www.isdin.com\/es\/blog\/#organization"},"potentialAction":[{"@type":"SearchAction","target":{"@type":"EntryPoint","urlTemplate":"https:\/\/www.isdin.com\/es\/blog\/?s={search_term_string}"},"query-input":{"@type":"PropertyValueSpecification","valueRequired":true,"valueName":"search_term_string"}}],"inLanguage":"es-ES"},{"@type":"Organization","@id":"https:\/\/www.isdin.com\/es\/blog\/#organization","name":"ISDIN","alternateName":"ISDIN","url":"https:\/\/www.isdin.com\/es\/blog\/","logo":{"@type":"ImageObject","inLanguage":"es-ES","@id":"https:\/\/www.isdin.com\/es\/blog\/#\/schema\/logo\/image\/","url":"https:\/\/www.isdin.com\/es\/blog\/wp-content\/uploads\/2024\/05\/2025_03_GuiaFoto_FWM.png","contentUrl":"https:\/\/www.isdin.com\/es\/blog\/wp-content\/uploads\/2024\/05\/2025_03_GuiaFoto_FWM.png","width":670,"height":683,"caption":"ISDIN"},"image":{"@id":"https:\/\/www.isdin.com\/es\/blog\/#\/schema\/logo\/image\/"},"sameAs":["https:\/\/es-es.facebook.com\/ISDIN.official\/","https:\/\/x.com\/isdin_official","https:\/\/www.instagram.com\/isdinofficial","https:\/\/www.youtube.com\/channel\/UCtoNJMKpDwdFLqgV23_lcqg"],"telephone":"659997812"},{"@type":"Person","@id":"https:\/\/www.isdin.com\/es\/blog\/#\/schema\/person\/684015d7d9e78124cb4aa660f6fe8576","name":"Belinda Mart\u00ednez","image":{"@type":"ImageObject","inLanguage":"es-ES","@id":"https:\/\/www.isdin.com\/es\/blog\/#\/schema\/person\/image\/","url":"https:\/\/www.isdin.com\/es\/blog\/wp-content\/uploads\/2017\/07\/jjjj.jpg","contentUrl":"https:\/\/www.isdin.com\/es\/blog\/wp-content\/uploads\/2017\/07\/jjjj.jpg","caption":"Belinda Mart\u00ednez"},"description":"Belinda es periodista y copywriter creativa. Tras a\u00f1os de experiencia, decidi\u00f3 fusionar sus habilidades de escritura con su amor por el skincare, convirti\u00e9ndose en una especialista en la materia. \u00bfSu imprescindible? Un buen b\u00e1lsamo de labios.","sameAs":["https:\/\/www.linkedin.com\/in\/thisisbel\/"],"url":"https:\/\/www.isdin.com\/es\/blog\/author\/belindamartinez\/"}]}},"_links":{"self":[{"href":"https:\/\/www.isdin.com\/es\/blog\/wp-json\/wp\/v2\/posts\/9251","targetHints":{"allow":["GET"]}}],"collection":[{"href":"https:\/\/www.isdin.com\/es\/blog\/wp-json\/wp\/v2\/posts"}],"about":[{"href":"https:\/\/www.isdin.com\/es\/blog\/wp-json\/wp\/v2\/types\/post"}],"author":[{"embeddable":true,"href":"https:\/\/www.isdin.com\/es\/blog\/wp-json\/wp\/v2\/users\/69"}],"replies":[{"embeddable":true,"href":"https:\/\/www.isdin.com\/es\/blog\/wp-json\/wp\/v2\/comments?post=9251"}],"version-history":[{"count":4,"href":"https:\/\/www.isdin.com\/es\/blog\/wp-json\/wp\/v2\/posts\/9251\/revisions"}],"predecessor-version":[{"id":11259,"href":"https:\/\/www.isdin.com\/es\/blog\/wp-json\/wp\/v2\/posts\/9251\/revisions\/11259"}],"wp:featuredmedia":[{"embeddable":true,"href":"https:\/\/www.isdin.com\/es\/blog\/wp-json\/wp\/v2\/media\/11253"}],"wp:attachment":[{"href":"https:\/\/www.isdin.com\/es\/blog\/wp-json\/wp\/v2\/media?parent=9251"}],"wp:term":[{"taxonomy":"category","embeddable":true,"href":"https:\/\/www.isdin.com\/es\/blog\/wp-json\/wp\/v2\/categories?post=9251"},{"taxonomy":"post_tag","embeddable":true,"href":"https:\/\/www.isdin.com\/es\/blog\/wp-json\/wp\/v2\/tags?post=9251"}],"curies":[{"name":"wp","href":"https:\/\/api.w.org\/{rel}","templated":true}]}}