{"id":9140,"date":"2025-11-04T13:35:59","date_gmt":"2025-11-04T13:35:59","guid":{"rendered":"https:\/\/www.isdin.com\/es\/blog\/?p=9140"},"modified":"2025-11-04T13:36:01","modified_gmt":"2025-11-04T13:36:01","slug":"calendario-de-skincare-glow","status":"publish","type":"post","link":"https:\/\/www.isdin.com\/es\/blog\/calendario-de-skincare-glow\/","title":{"rendered":"De cero a glow: c\u00f3mo preparar tu piel para eventos y fiestas"},"content":{"rendered":"\n<p>Tienes la fecha marcada en el calendario, la hora grabada a fuego en tu mente y el <em>look<\/em> ideal listo para deslumbrar. Ya visualizas el maquillaje perfecto y has dado a tu cabello ese extra de cuidado que necesita. Porque hay planes que merecen toda tu atenci\u00f3n.<\/p>\n\n\n\n<p>Si en los pr\u00f3ximos meses tienes un evento que te llena de ilusi\u00f3n, este es el momento de mimar tu piel y convertirla en la aut\u00e9ntica protagonista de la noche. Comienza la cuenta atr\u00e1s con nuestra exclusiva gu\u00eda de belleza, dise\u00f1ada por expertos en cuidado de la piel, para que tu rostro deslumbre en este evento y en todos los que est\u00e1n por venir.<\/p>\n\n\n\n<h2 class=\"wp-block-heading\" id=\"h-a-3-meses-de-tu-evento-mas-esperado\">A 3 meses de tu evento m\u00e1s esperado<\/h2>\n\n\n\n<p>Uno de los ingredientes m\u00e1s recomendados en esta fase es el <strong>retinaldeh\u00eddo<\/strong>, tambi\u00e9n conocido como <a href=\"https:\/\/www.isdin.com\/es\/blog\/retinal-guia-para-principiantes\/\"><strong>retinal<\/strong><\/a>. Este derivado de la <a href=\"https:\/\/pubmed.ncbi.nlm.nih.gov\/17515510\/\">vitamina A<\/a> estimula la <strong>renovaci\u00f3n celular<\/strong>, mejora la firmeza y ayuda a mantener los niveles de <a href=\"https:\/\/www.isdin.com\/blog\/beneficios-del-colageno-para-la-piel\/\">col\u00e1geno<\/a>, logrando una piel m\u00e1s suave, uniforme y radiante.<\/p>\n\n\n\n<p>El retinal suele encontrarse en <a href=\"https:\/\/www.isdin.com\/es\/blog\/guia-esencial-de-serums-dia-noche\/\"><strong>s\u00e9rums<\/strong><\/a> y puede combinarse con otros ingredientes clave en tu rutina de <em>skincare<\/em>, como la <a href=\"https:\/\/www.isdin.com\/es\/blog\/que-es-la-niacinamida-beneficios-usos-en-tu-rutina\/\"><strong>niacinamida<\/strong><\/a> o el <a href=\"https:\/\/www.isdin.com\/es\/blog\/para-que-sirve-acido-hialuronico\/\"><strong>\u00e1cido hialur\u00f3nico<\/strong><\/a>, perfectos para <strong>hidratar y reforzar la barrera cut\u00e1nea<\/strong>. Pero aqu\u00ed viene lo mejor: el retinal es incre\u00edblemente vers\u00e1til y se adapta perfectamente tanto a pieles j\u00f3venes como a pieles maduras.<\/p>\n\n\n\n<ul class=\"wp-block-list\">\n<li><strong>Para pieles j\u00f3venes<\/strong>: si has pasado <a href=\"https:\/\/www.isdin.com\/blog\/como-cuidar-tu-piel-a-los-25-anos\/\">la barrera de los 25<\/a> y buscas un <em>boost<\/em> para tu rostro, tu elecci\u00f3n ser\u00e1 <a href=\"https:\/\/www.isdin.com\/es\/p\/retinal-smooth\/4565\"><strong>Retinal Smooth<\/strong><\/a>, tu primer retinal y el aliado perfecto para impulsar la luminosidad de tu piel hasta en un 40%*.<\/li>\n\n\n\n<li><strong>Para pieles expertas<\/strong>: si buscas <a href=\"https:\/\/www.isdin.com\/es\/blog\/como-envejece-nuestra-piel\/\">minimizar los signos de la edad<\/a>, entonces deber\u00e1s optar por <a href=\"https:\/\/www.isdin.com\/es\/p\/retinal-intense\/4140\"><strong>Retinal Intense<\/strong><\/a>. Y si es tu primera vez con retinoides, recuerda que tu piel pasar\u00e1 por el proceso de retinizaci\u00f3n para adaptarse a este potente ingrediente. <strong>Cuanto antes empieces, mejor.<\/strong><\/li>\n<\/ul>\n\n\n\n<h3 class=\"wp-block-heading\" id=\"h-que-dicen-nuestros-expertos-sobre-el-retinal\">\u00bfQu\u00e9 dicen nuestros expertos sobre el retinal?<\/h3>\n\n\n\n<p><strong>Los resultados son tan r\u00e1pidos como duraderos<\/strong>: &#8220;Pensar en retinal es pensar en un viaje hacia una piel radiante y visiblemente m\u00e1s joven. La constancia es clave, y los resultados pueden empezar a aparecer en cuesti\u00f3n de semanas\u2019\u2019, nos aconseja Chiyoung Kang Park, ISDIN Medical Marketing Specialist<\/p>\n\n\n\n<blockquote class=\"wp-block-quote is-layout-flow wp-block-quote-is-layout-flow\">\n<p>&#8220;Pensar en retinal es pensar en un viaje hacia una piel radiante y visiblemente m\u00e1s joven. La constancia es clave, y los resultados pueden empezar a aparecer en cuesti\u00f3n de semanas\u2019\u2019.<\/p>\n<cite>Chiyoung Kang Park, ISDIN Medical Marketing Specialist<\/cite><\/blockquote>\n\n\n\n<figure class=\"wp-block-image size-full\"><a href=\"https:\/\/www.isdin.com\/producto\/isdinceutics\/retinal-intense\"><img loading=\"lazy\" decoding=\"async\" width=\"2400\" height=\"1236\" src=\"data:image\/gif;base64,R0lGODlhAQABAAAAACH5BAEKAAEALAAAAAABAAEAAAICTAEAOw==\" data-src=\"https:\/\/www.isdin.com\/es\/blog\/wp-content\/uploads\/2023\/12\/2024_12_Evento_IMG02.jpg\" alt=\"judit masco retinal intense\" class=\"wp-image-11387 lazyload\"\/><\/a><\/figure>\n\n\n\n<p><\/p>\n\n\n\n<h2 class=\"wp-block-heading\">A 30 d\u00edas de tu evento m\u00e1s esperado<\/h2>\n\n\n\n<p>Recordemos algo clave: el ciclo de renovaci\u00f3n de la piel dura entre 21 y 28 d\u00edas. Si hay algo que no podemos olvidar, es que <strong>el ciclo de renovaci\u00f3n de la piel dura entre 21 y 28 d\u00edas<\/strong>. \u00bfQu\u00e9 significa esto? Que ahora es el momento perfecto para <a href=\"https:\/\/www.isdin.com\/es\/blog\/guia-exfoliacion-piel\/\">empezar a exfoliar tu piel<\/a>. La exfoliaci\u00f3n no solo elimina las c\u00e9lulas muertas: <strong>reactiva la regeneraci\u00f3n natural<\/strong> y prepara tu rostro para lucir radiante justo a tiempo para ese gran evento.<\/p>\n\n\n\n<p>Y aqu\u00ed viene lo interesante: la exfoliaci\u00f3n qu\u00edmica con \u00e1cidos es un aut\u00e9ntico <em><strong>game changer.<\/strong><\/em> Es segura, efectiva y ofrece beneficios \u00fanicos seg\u00fan tu <a href=\"https:\/\/www.isdin.com\/es\/blog\/como-cuidar-piel-rostro\/\">tipo de piel<\/a> y tus objetivos.<\/p>\n\n\n\n<h3 class=\"wp-block-heading\">C\u00f3mo elegir el \u00e1cido perfecto para tu piel<\/h3>\n\n\n\n<p>Cada tipo de piel tiene su propio lenguaje. Por eso, encontrar el \u00e1cido ideal para la tuya puede marcar la diferencia.<\/p>\n\n\n\n<ul class=\"wp-block-list\">\n<li><a href=\"https:\/\/www.isdin.com\/es\/blog\/el-poder-del-acido-glicolico-que-es-y-como-se-usa\/\"><strong>\u00c1cido glic\u00f3lico<\/strong><\/a>: Ideal para pieles normales o sensibles que buscan una exfoliaci\u00f3n profunda y una piel m\u00e1s luminosa. Gracias a su capacidad para penetrar r\u00e1pidamente en la piel, ayuda a suavizar la textura y mejorar el tono. \u00bfEl truco? Empezar con concentraciones bajas y alternar su uso (dos noches s\u00ed y una no) durante las primeras semanas, ajustando el ritmo seg\u00fan la tolerancia de tu piel.<\/li>\n\n\n\n<li><a href=\"https:\/\/www.isdin.com\/es\/blog\/acido-salicilico-que-es-beneficios-para-la-piel\/\">\u00c1cido salic\u00edlico<\/a>: Ideal para pieles mixtas o grasas, este \u00e1cido liposoluble act\u00faa profundamente en los poros, eliminando el exceso de grasa y ayudando a prevenir imperfecciones. <strong>Su uso en <a href=\"https:\/\/www.isdin.com\/es\/blog\/guia-esencial-de-serums-dia-noche\/\">s\u00e9rums<\/a> es perfecto para mantener la piel equilibrada y con un aspecto saludable.<\/strong><\/li>\n<\/ul>\n\n\n\n<h3 class=\"wp-block-heading\">\u00bfQu\u00e9 dicen nuestros expertos?<\/h3>\n\n\n\n<p>La f\u00f3rmula perfecta no solo debe exfoliar, sino tambi\u00e9n aportar beneficios adicionales que transformen tu piel.<\/p>\n\n\n\n<p><strong>Para pieles normales o <a href=\"https:\/\/www.isdin.com\/es\/blog\/rutina-piel-sensible\/\">sensibles<\/a>, el \u00e1cido glic\u00f3lico es el aliado ideal,<\/strong> como el que encontramos en la <a href=\"https:\/\/www.isdin.com\/es\/blog\/isdinceutics-glicoisdin-respondemos-a-tus-preguntas\/\">gama Glicoisdin<\/a>. Berta Ochoa, Product Manager de Isdinceutics, nos lo explica: \u201cGracias al poder del \u00e1cido glic\u00f3lico libre, la f\u00f3rmula penetra en la piel ayudando a eliminar c\u00e9lulas muertas, promoviendo la renovaci\u00f3n celular y mejorando la apariencia y textura del rostro\u201d.<\/p>\n\n\n\n<blockquote class=\"wp-block-quote is-layout-flow wp-block-quote-is-layout-flow\">\n<p> \u201cGracias al poder del \u00e1cido glic\u00f3lico libre, la f\u00f3rmula penetra en la piel ayudando a eliminar c\u00e9lulas muertas, promoviendo la renovaci\u00f3n celular y mejorando la apariencia y textura del rostro\u201d.<\/p>\n<cite>Berta Ochoa, Product Manager de Isdinceutics<\/cite><\/blockquote>\n\n\n\n<p><a href=\"https:\/\/www.isdin.com\/es\/blog\/rutina-piel-grasa-mixta\/\">\u00bfPiel grasa o mixta?<\/a> La respuesta est\u00e1 en <a href=\"https:\/\/www.isdin.com\/es\/p\/salicylic-renewal\/4318\">Salicylic Renewal<\/a>. Este s\u00e9rum no solo combate las <a href=\"https:\/\/www.isdin.com\/es\/blog\/por-que-tienes-acne-en-la-edad-adulta-y-como-combatirlo\/\">imperfecciones<\/a> y reduce el tama\u00f1o de los poros, sino que tambi\u00e9n minimiza la apariencia de arrugas, convirti\u00e9ndose en el aliado perfecto para una piel m\u00e1s suave, equilibrada y rejuvenecida. Berta nos cuenta m\u00e1s: \u201cEs una poderosa combinaci\u00f3n de \u00e1cidos AHA, BHA y PHA que exfolian suavemente, limpian los poros en profundidad y ayudan a reducir imperfecciones\u201d.<\/p>\n\n\n\n<p><\/p>\n\n\n\n<figure class=\"wp-block-image size-full\"><a href=\"https:\/\/www.isdin.com\/es\/p\/salicylic-renewal\/4318\"><img loading=\"lazy\" decoding=\"async\" width=\"2400\" height=\"1236\" src=\"data:image\/gif;base64,R0lGODlhAQABAAAAACH5BAEKAAEALAAAAAABAAEAAAICTAEAOw==\" data-src=\"https:\/\/www.isdin.com\/es\/blog\/wp-content\/uploads\/2023\/12\/2024_12_Evento_IMG03.jpg\" alt=\"s\u00e9rum piel grasa isdin\" class=\"wp-image-11388 lazyload\"\/><\/a><\/figure>\n\n\n\n<p><\/p>\n\n\n\n<h2 class=\"wp-block-heading\">A 10 d\u00edas de tu evento m\u00e1s esperado<\/h2>\n\n\n\n<p>A solo diez d\u00edas de tu gran momento, <strong>los efectos de <a href=\"https:\/\/www.isdin.com\/es\/blog\/well-aging-como-prevenir-y-cuidar-nuestras-arrugas\/\">tu rutina <em>well-aging<\/em><\/a> empiezan a notarse<\/strong>. Tu piel se ve m\u00e1s uniforme, con mejor textura y un brillo natural que no pasa desapercibido. Pero este es el momento clave para <strong>potenciar los resultados y <a href=\"https:\/\/www.isdin.com\/es\/blog\/piel-grasa-vs-piel-glowy-diferencias-y-rutina-skincare\/\">mantener la piel radiante<\/a><\/strong>: es hora de reforzar tu dosis diaria de <a href=\"https:\/\/www.isdin.com\/es\/blog\/7-cosas-sobre-la-vitamina-c\/\"><strong>vitamina C<\/strong><\/a>.<\/p>\n\n\n\n<h3 class=\"wp-block-heading\">\u00bfPor qu\u00e9 la vitamina C es imprescindible antes de un evento?<\/h3>\n\n\n\n<p>Este poderoso antioxidante combate los efectos de la <a href=\"https:\/\/www.isdin.com\/es\/blog\/efectos-polucion-piel-como-protegerla\/\">contaminaci\u00f3n<\/a>, el <a href=\"https:\/\/www.isdin.com\/es\/blog\/como-afecta-el-estres-a-nuestra-piel\/\">estr\u00e9s<\/a> y el paso del tiempo \u2014los tres grandes enemigos de la luminosidad\u2014. Adem\u00e1s, <strong>ayuda a unificar el tono, reducir la opacidad y devolver a la piel su frescura natural<\/strong>.<\/p>\n\n\n\n<p><strong>\u00bfLa forma m\u00e1s f\u00e1cil de darle a tu piel ese chute de luminosidad?<\/strong> <a href=\"https:\/\/www.isdin.com\/es\/p\/flavo-c-30-ml\/1449\">Flavo-C Forte<\/a>. Este s\u00e9rum con un 15% de <a href=\"https:\/\/www.isdin.com\/es\/blog\/vitamina-c-pura-y-fresca-rutina\/\">vitamina C pura y fresca<\/a> te ayuda en tan solo 10 d\u00edas* a disminuir los signos de fatiga en la piel, proporcionando una luminosidad inmediata. \u00a1El aliado favorito para este \u00faltimo <em>sprint<\/em>!<\/p>\n\n\n\n<figure class=\"wp-block-image size-full\"><img loading=\"lazy\" decoding=\"async\" width=\"2400\" height=\"1236\" src=\"data:image\/gif;base64,R0lGODlhAQABAAAAACH5BAEKAAEALAAAAAABAAEAAAICTAEAOw==\" data-src=\"https:\/\/www.isdin.com\/es\/blog\/wp-content\/uploads\/2024\/12\/Producto-Textura-28.png\" alt=\"s\u00e9rum con vitamina C de isdin genial para preparar la piel antes de evento\" class=\"wp-image-12830 lazyload\" data-sizes=\"auto\" data-srcset=\"https:\/\/www.isdin.com\/es\/blog\/wp-content\/uploads\/2024\/12\/Producto-Textura-28.png 2400w, https:\/\/www.isdin.com\/es\/blog\/wp-content\/uploads\/2024\/12\/Producto-Textura-28-300x155.png 300w, https:\/\/www.isdin.com\/es\/blog\/wp-content\/uploads\/2024\/12\/Producto-Textura-28-1024x527.png 1024w, https:\/\/www.isdin.com\/es\/blog\/wp-content\/uploads\/2024\/12\/Producto-Textura-28-150x77.png 150w, https:\/\/www.isdin.com\/es\/blog\/wp-content\/uploads\/2024\/12\/Producto-Textura-28-768x396.png 768w, https:\/\/www.isdin.com\/es\/blog\/wp-content\/uploads\/2024\/12\/Producto-Textura-28-1536x791.png 1536w, https:\/\/www.isdin.com\/es\/blog\/wp-content\/uploads\/2024\/12\/Producto-Textura-28-2048x1055.png 2048w, https:\/\/www.isdin.com\/es\/blog\/wp-content\/uploads\/2024\/12\/Producto-Textura-28-585x300.png 585w, https:\/\/www.isdin.com\/es\/blog\/wp-content\/uploads\/2024\/12\/Producto-Textura-28-450x232.png 450w, https:\/\/www.isdin.com\/es\/blog\/wp-content\/uploads\/2024\/12\/Producto-Textura-28-20x11.png 20w, https:\/\/www.isdin.com\/es\/blog\/wp-content\/uploads\/2024\/12\/Producto-Textura-28-225x116.png 225w, https:\/\/www.isdin.com\/es\/blog\/wp-content\/uploads\/2024\/12\/Producto-Textura-28-900x464.png 900w, https:\/\/www.isdin.com\/es\/blog\/wp-content\/uploads\/2024\/12\/Producto-Textura-28-1350x695.png 1350w\" sizes=\"auto, (max-width: 2400px) 100vw, 2400px\" \/><\/figure>\n\n\n\n<p><\/p>\n\n\n\n<h2 class=\"wp-block-heading\" id=\"h-el-dia-del-evento-tu-mejor-piel-con-coverage\">El d\u00eda del evento: tu mejor piel con COVERAGE<\/h2>\n\n\n\n<p>Despu\u00e9s de semanas preparando tu piel, lleg\u00f3 el gran d\u00eda. Tu rutina ha dado resultado: tu rostro est\u00e1 m\u00e1s suave, luminoso y equilibrado. Solo falta el toque final para <strong>potenciar ese glow<\/strong> y mantenerlo impecable durante todo el evento.<\/p>\n\n\n\n<p>La clave est\u00e1 en elegir un maquillaje que no solo embellezca, sino que tambi\u00e9n cuide y proteja. Por eso, <a href=\"https:\/\/www.isdin.com\/es\/blog\/maquillaje-skincare-spf50-isdin-coverage\/\"><strong>COVERAGE<\/strong><\/a> se convierte en tu mejor aliado.<\/p>\n\n\n\n<h3 class=\"wp-block-heading\">El toque final de tu rutina: maquillaje con protecci\u00f3n solar<\/h3>\n\n\n\n<p><strong>COVERAGE<\/strong> representa la nueva generaci\u00f3n del maquillaje inteligente: un producto que <strong>embellece, cuida y protege<\/strong> en un solo paso.<\/p>\n\n\n\n<p>Gracias a su f\u00f3rmula con <strong>A.G.E. Protect Active<\/strong>, ayuda a suavizar l\u00edneas de expresi\u00f3n, mejorar la firmeza y mantener la piel el\u00e1stica, mientras que su <strong>Full Blend Technology<\/strong> ofrece un acabado natural y uniforme, sin renunciar a la ligereza.<\/p>\n\n\n\n<ol class=\"wp-block-list\">\n<li><strong>Aplica COVERAGE tras tu hidratante<\/strong> o s\u00e9rum habitual. Puedes usar brocha, esponja o dedos: su textura se difumina al instante.<\/li>\n\n\n\n<li><strong>Personaliza la cobertura:<\/strong>\n<ul class=\"wp-block-list\">\n<li>Una capa ligera para un look natural y fresco.<\/li>\n\n\n\n<li>Dos capas si buscas un acabado m\u00e1s pulido o para fotograf\u00eda.<\/li>\n<\/ul>\n<\/li>\n\n\n\n<li><a href=\"https:\/\/www.isdin.com\/blog\/como-aplicar-correctamente-el-fotoprotector-solar\/\"><strong>Reaplica el protector solar<\/strong><\/a> durante el d\u00eda si el evento es al aire libre, puedes hacerlo f\u00e1cilmente con un <a href=\"https:\/\/www.isdin.com\/es\/p\/invisible-stick-spf-50\/4347\">protector en stick<\/a> o <a href=\"https:\/\/www.isdin.com\/es\/p\/compact-arena-spf-50\/1163\">compacto<\/a>.<\/li>\n<\/ol>\n\n\n\n<p>As\u00ed es como se consigue una piel luminosa, uniforme y protegida durante todo el evento.atiga y estr\u00e9s para que luzcas impecable en tu momento m\u00e1s especial.<\/p>\n\n\n\n<figure class=\"wp-block-image size-full\"><img loading=\"lazy\" decoding=\"async\" width=\"1200\" height=\"618\" src=\"data:image\/gif;base64,R0lGODlhAQABAAAAACH5BAEKAAEALAAAAAABAAEAAAICTAEAOw==\" data-src=\"https:\/\/www.isdin.com\/es\/blog\/wp-content\/uploads\/2024\/12\/Imagen-en-el-contenido-2025-11-03T163018.011.png\" alt=\"\" class=\"wp-image-12831 lazyload\" data-sizes=\"auto\" data-srcset=\"https:\/\/www.isdin.com\/es\/blog\/wp-content\/uploads\/2024\/12\/Imagen-en-el-contenido-2025-11-03T163018.011.png 1200w, https:\/\/www.isdin.com\/es\/blog\/wp-content\/uploads\/2024\/12\/Imagen-en-el-contenido-2025-11-03T163018.011-300x155.png 300w, https:\/\/www.isdin.com\/es\/blog\/wp-content\/uploads\/2024\/12\/Imagen-en-el-contenido-2025-11-03T163018.011-1024x527.png 1024w, https:\/\/www.isdin.com\/es\/blog\/wp-content\/uploads\/2024\/12\/Imagen-en-el-contenido-2025-11-03T163018.011-150x77.png 150w, https:\/\/www.isdin.com\/es\/blog\/wp-content\/uploads\/2024\/12\/Imagen-en-el-contenido-2025-11-03T163018.011-768x396.png 768w, https:\/\/www.isdin.com\/es\/blog\/wp-content\/uploads\/2024\/12\/Imagen-en-el-contenido-2025-11-03T163018.011-585x300.png 585w, https:\/\/www.isdin.com\/es\/blog\/wp-content\/uploads\/2024\/12\/Imagen-en-el-contenido-2025-11-03T163018.011-450x232.png 450w, https:\/\/www.isdin.com\/es\/blog\/wp-content\/uploads\/2024\/12\/Imagen-en-el-contenido-2025-11-03T163018.011-20x11.png 20w, https:\/\/www.isdin.com\/es\/blog\/wp-content\/uploads\/2024\/12\/Imagen-en-el-contenido-2025-11-03T163018.011-225x116.png 225w, https:\/\/www.isdin.com\/es\/blog\/wp-content\/uploads\/2024\/12\/Imagen-en-el-contenido-2025-11-03T163018.011-900x464.png 900w\" sizes=\"auto, (max-width: 1200px) 100vw, 1200px\" \/><\/figure>\n\n\n\n<p><\/p>\n\n\n\n<p class=\"has-background\" style=\"background-color:#deb07957\">Tu gran d\u00eda merece una piel que brille con confianza: <strong>descubre los consejos <em>well-aging <\/em>de la maquilladora de influencers <a href=\"https:\/\/www.isdin.com\/es\/blog\/well-aging-consejos-de-belleza-de-ines-castanos\/\">In\u00e9s Casta\u00f1os<\/a><\/strong> para un maquillaje perfecto, natural y duradero.<\/p>\n\n\n\n<h2 class=\"wp-block-heading\" id=\"h-y-si-pudieras-brillar-todos-los-dias\">\u00bfY si pudieras brillar todos los d\u00edas?<\/h2>\n\n\n\n<p>No hace falta esperar a un evento para verte y sentirte bien. <a href=\"https:\/\/www.isdin.com\/es\/blog\/como-aplicar-correctamente-el-fotoprotector-solar\/\"><strong>Proteger tu piel a diario<\/strong><\/a> es el primer paso para mantenerla sana y conservar ese brillo natural que refleja bienestar. Por eso, no es casualidad que el <a href=\"https:\/\/www.isdin.com\/es\/blog\/fotoprotectores-solares-para-la-cara-isdin\/\"><strong>fotoprotector<\/strong><\/a> sea el imprescindible n\u00famero uno en la rutina de dermat\u00f3logos, maquilladores y expertas en <em>well-aging<\/em>.<\/p>\n\n\n\n<p>Si te gusta un acabado luminoso, incluso en los d\u00edas sin maquillaje, <a href=\"https:\/\/www.isdin.com\/es\/p\/fusion-water-magic-glow-spf-30\/4341\"><strong>Fusion Water MAGIC GLOW<\/strong><\/a> es tu aliado perfecto. Su f\u00f3rmula ligera y no grasa con <strong>Golden Glow Active<\/strong> aporta ese <em>efecto buena cara<\/em> inmediato, mientras ofrece una alta <a href=\"https:\/\/www.isdin.com\/blog\/spf-significado-y-recomendaciones-segun-tu-piel\/\"><strong>protecci\u00f3n SPF 30<\/strong><\/a> frente a la radiaci\u00f3n solar y la luz azul.<\/p>\n\n\n\n<figure class=\"wp-block-image size-full\"><a href=\"https:\/\/www.isdin.com\/es\/p\/fusion-water-magic-glow-spf-30\/4341\"><img loading=\"lazy\" decoding=\"async\" width=\"2400\" height=\"1236\" src=\"data:image\/gif;base64,R0lGODlhAQABAAAAACH5BAEKAAEALAAAAAABAAEAAAICTAEAOw==\" data-src=\"https:\/\/www.isdin.com\/es\/blog\/wp-content\/uploads\/2023\/12\/2024_12_Evento_IMG04.jpg\" alt=\"fotoprotector efecto glow\" class=\"wp-image-11391 lazyload\"\/><\/a><\/figure>\n\n\n\n<p><\/p>\n\n\n\n<p class=\"has-text-align-center\">Ideal para esos d\u00edas en los que prefieres dejar respirar tu piel, pero sin renunciar al <em>glow<\/em>.<\/p>\n\n\n\n<h2 class=\"wp-block-heading\" id=\"h-luces-camara-glow\">Luces. C\u00e1mara. \u00a1<em>Glow<\/em>!<\/h2>\n\n\n\n<p>Ha llegado tu momento, y no se trata solo de brillar por fuera, sino de sentirte bien por dentro. La piel que hoy muestras es el reflejo de <a href=\"https:\/\/www.isdin.com\/blog\/en-que-orden-se-aplican-las-cremas\/\">cada paso de tu rutina<\/a>, de cada pausa que te has permitido y de la atenci\u00f3n que le has dedicado a ti misma.<\/p>\n\n\n\n<p>Celebra tu piel, no solo hoy, sino todos los d\u00edas: cuando te miras al espejo sin prisa, cuando aplicas tu protector solar, cuando eliges cuidarte porque te hace sentir bien.<\/p>\n\n\n\n<p><em>Tu piel cuenta tu historia. Haz que sea una historia luminosa, saludable y feliz.<\/em><\/p>\n\n\n\n<p><\/p>\n\n\n\n<p style=\"font-size:9px\"><strong>Referencias<\/strong><\/p>\n\n\n\n<p style=\"font-size:8px\"><strong>\u00b9<\/strong>Evaluaci\u00f3n de la eficacia de Retinal Smooth en 30 sujetos (de 30 a 50 a\u00f1os) con todos los tipos de piel durante 84 d\u00edas bajo condiciones normales de uso. Datos en archivo, 2024<\/p>\n\n\n\n<p style=\"font-size:8px\">\u00b2Evaluaci\u00f3n de la eficacia y seguridad del producto mediante control dermatol\u00f3gico, instrumental y subjetivo en 30 mujeres con signos moderados del fotoenvejecimiento. ISDIN. data on file.2021.<\/p>\n\n\n\n<p style=\"font-size:8px\">**<em>Evaluaci\u00f3n de la eficacia y seguridad del producto mediante control dermatol\u00f3gico, instrumental y subjetivo en 30 mujeres con signos moderados del fotoenvejecimiento. ISDIN. data on file.2021<\/em><\/p>\n\n\n\n<p><\/p>\n","protected":false},"excerpt":{"rendered":"<p>Cuando se acerca un evento importante, preparar la piel con antelaci\u00f3n es tan esencial como elegir el outfit o el peinado. Una piel cuidada luce m\u00e1s luminosa, suave y con un aspecto saludable que realza cualquier look.<\/p>\n","protected":false},"author":69,"featured_media":11393,"comment_status":"closed","ping_status":"closed","sticky":false,"template":"","format":"image","meta":{"footnotes":""},"categories":[103,1,101],"tags":[294,519,520,303],"class_list":["post-9140","post","type-post","status-publish","format-image","has-post-thumbnail","hentry","category-belleza","category-consejos-cuidados","category-cuidado-facial","tag-cuidado-facial","tag-eventos","tag-fiestas","tag-isdinceutics","post_format-post-format-image"],"yoast_head":"<!-- This site is optimized with the Yoast SEO Premium plugin v25.4 (Yoast SEO v25.4) - https:\/\/yoast.com\/wordpress\/plugins\/seo\/ -->\n<title>De cero a glow: c\u00f3mo preparar tu piel para eventos y fiestas - ISDIN<\/title>\n<meta name=\"description\" content=\"\u00bfC\u00f3mo preparar la piel para un evento o fiesta y que se vea perfecta? Descubre nuestra cuenta atr\u00e1s con los mejores productos e ingredientes.\" \/>\n<meta name=\"robots\" content=\"index, follow, max-snippet:-1, max-image-preview:large, max-video-preview:-1\" \/>\n<link rel=\"canonical\" href=\"https:\/\/www.isdin.com\/es\/blog\/calendario-de-skincare-glow\/\" \/>\n<meta property=\"og:locale\" content=\"es_ES\" \/>\n<meta property=\"og:type\" content=\"article\" \/>\n<meta property=\"og:title\" content=\"De cero a glow: c\u00f3mo preparar tu piel para eventos y fiestas\" \/>\n<meta property=\"og:description\" content=\"\u00bfC\u00f3mo preparar la piel para un evento o fiesta y que se vea perfecta? Descubre nuestra cuenta atr\u00e1s con los mejores productos e ingredientes.\" \/>\n<meta property=\"og:url\" content=\"https:\/\/www.isdin.com\/es\/blog\/calendario-de-skincare-glow\/\" \/>\n<meta property=\"og:site_name\" content=\"ISDIN\" \/>\n<meta property=\"article:publisher\" content=\"https:\/\/es-es.facebook.com\/ISDIN.official\/\" \/>\n<meta property=\"article:published_time\" content=\"2025-11-04T13:35:59+00:00\" \/>\n<meta property=\"article:modified_time\" content=\"2025-11-04T13:36:01+00:00\" \/>\n<meta property=\"og:image\" content=\"https:\/\/www.isdin.com\/es\/blog\/wp-content\/uploads\/2023\/12\/2024_12_Evento_IMG01.jpg\" \/>\n\t<meta property=\"og:image:width\" content=\"1200\" \/>\n\t<meta property=\"og:image:height\" content=\"760\" \/>\n\t<meta property=\"og:image:type\" content=\"image\/jpeg\" \/>\n<meta name=\"author\" content=\"Belinda Mart\u00ednez,&nbsp;Berta Ochoa&nbsp;y&nbsp;Chiyoung Kang Park\" \/>\n<meta name=\"twitter:card\" content=\"summary_large_image\" \/>\n<meta name=\"twitter:creator\" content=\"@isdin_official\" \/>\n<meta name=\"twitter:site\" content=\"@isdin_official\" \/>\n<meta name=\"twitter:label1\" content=\"Written by\" \/>\n\t<meta name=\"twitter:data1\" content=\"Belinda Mart\u00ednez,&nbsp;Berta Ochoa&nbsp;y&nbsp;Chiyoung Kang Park\" \/>\n\t<meta name=\"twitter:label2\" content=\"Est. reading time\" \/>\n\t<meta name=\"twitter:data2\" content=\"9 minutes\" \/>\n<script type=\"application\/ld+json\" class=\"yoast-schema-graph\">{\"@context\":\"https:\/\/schema.org\",\"@graph\":[{\"@type\":\"Article\",\"@id\":\"https:\/\/www.isdin.com\/es\/blog\/calendario-de-skincare-glow\/#article\",\"isPartOf\":{\"@id\":\"https:\/\/www.isdin.com\/es\/blog\/calendario-de-skincare-glow\/\"},\"author\":{\"name\":\"Belinda Mart\u00ednez,&nbsp;Berta Ochoa&nbsp;y&nbsp;Chiyoung Kang Park\",\"@id\":\"https:\/\/www.isdin.com\/es\/blog\/#\/schema\/person\/684015d7d9e78124cb4aa660f6fe8576\"},\"headline\":\"De cero a glow: c\u00f3mo preparar tu piel para eventos y fiestas\",\"datePublished\":\"2025-11-04T13:35:59+00:00\",\"dateModified\":\"2025-11-04T13:36:01+00:00\",\"mainEntityOfPage\":{\"@id\":\"https:\/\/www.isdin.com\/es\/blog\/calendario-de-skincare-glow\/\"},\"wordCount\":1704,\"publisher\":{\"@id\":\"https:\/\/www.isdin.com\/es\/blog\/#organization\"},\"image\":{\"@id\":\"https:\/\/www.isdin.com\/es\/blog\/calendario-de-skincare-glow\/#primaryimage\"},\"thumbnailUrl\":\"https:\/\/www.isdin.com\/es\/blog\/wp-content\/uploads\/2023\/12\/2024_12_Evento_IMG01.jpg\",\"keywords\":[\"cuidado facial\",\"eventos\",\"fiestas\",\"isdinceutics\"],\"articleSection\":[\"Belleza\",\"Consejos y cuidados\",\"Cuidado facial\"],\"inLanguage\":\"es-ES\"},{\"@type\":\"WebPage\",\"@id\":\"https:\/\/www.isdin.com\/es\/blog\/calendario-de-skincare-glow\/\",\"url\":\"https:\/\/www.isdin.com\/es\/blog\/calendario-de-skincare-glow\/\",\"name\":\"De cero a glow: c\u00f3mo preparar tu piel para eventos y fiestas - ISDIN\",\"isPartOf\":{\"@id\":\"https:\/\/www.isdin.com\/es\/blog\/#website\"},\"primaryImageOfPage\":{\"@id\":\"https:\/\/www.isdin.com\/es\/blog\/calendario-de-skincare-glow\/#primaryimage\"},\"image\":{\"@id\":\"https:\/\/www.isdin.com\/es\/blog\/calendario-de-skincare-glow\/#primaryimage\"},\"thumbnailUrl\":\"https:\/\/www.isdin.com\/es\/blog\/wp-content\/uploads\/2023\/12\/2024_12_Evento_IMG01.jpg\",\"datePublished\":\"2025-11-04T13:35:59+00:00\",\"dateModified\":\"2025-11-04T13:36:01+00:00\",\"description\":\"\u00bfC\u00f3mo preparar la piel para un evento o fiesta y que se vea perfecta? Descubre nuestra cuenta atr\u00e1s con los mejores productos e ingredientes.\",\"breadcrumb\":{\"@id\":\"https:\/\/www.isdin.com\/es\/blog\/calendario-de-skincare-glow\/#breadcrumb\"},\"inLanguage\":\"es-ES\",\"potentialAction\":[{\"@type\":\"ReadAction\",\"target\":[\"https:\/\/www.isdin.com\/es\/blog\/calendario-de-skincare-glow\/\"]}]},{\"@type\":\"ImageObject\",\"inLanguage\":\"es-ES\",\"@id\":\"https:\/\/www.isdin.com\/es\/blog\/calendario-de-skincare-glow\/#primaryimage\",\"url\":\"https:\/\/www.isdin.com\/es\/blog\/wp-content\/uploads\/2023\/12\/2024_12_Evento_IMG01.jpg\",\"contentUrl\":\"https:\/\/www.isdin.com\/es\/blog\/wp-content\/uploads\/2023\/12\/2024_12_Evento_IMG01.jpg\",\"width\":1200,\"height\":760,\"caption\":\"judit masco embajadora isdin\"},{\"@type\":\"BreadcrumbList\",\"@id\":\"https:\/\/www.isdin.com\/es\/blog\/calendario-de-skincare-glow\/#breadcrumb\",\"itemListElement\":[{\"@type\":\"ListItem\",\"position\":1,\"name\":\"Portada\",\"item\":\"https:\/\/www.isdin.com\/es\/blog\/\"},{\"@type\":\"ListItem\",\"position\":2,\"name\":\"De cero a glow: c\u00f3mo preparar tu piel para eventos y fiestas\"}]},{\"@type\":\"WebSite\",\"@id\":\"https:\/\/www.isdin.com\/es\/blog\/#website\",\"url\":\"https:\/\/www.isdin.com\/es\/blog\/\",\"name\":\"ISDIN\",\"description\":\"Novedades, lanzamientos de productos y toda la experiencia de ISDIN\",\"publisher\":{\"@id\":\"https:\/\/www.isdin.com\/es\/blog\/#organization\"},\"potentialAction\":[{\"@type\":\"SearchAction\",\"target\":{\"@type\":\"EntryPoint\",\"urlTemplate\":\"https:\/\/www.isdin.com\/es\/blog\/?s={search_term_string}\"},\"query-input\":{\"@type\":\"PropertyValueSpecification\",\"valueRequired\":true,\"valueName\":\"search_term_string\"}}],\"inLanguage\":\"es-ES\"},{\"@type\":\"Organization\",\"@id\":\"https:\/\/www.isdin.com\/es\/blog\/#organization\",\"name\":\"ISDIN\",\"alternateName\":\"ISDIN\",\"url\":\"https:\/\/www.isdin.com\/es\/blog\/\",\"logo\":{\"@type\":\"ImageObject\",\"inLanguage\":\"es-ES\",\"@id\":\"https:\/\/www.isdin.com\/es\/blog\/#\/schema\/logo\/image\/\",\"url\":\"https:\/\/www.isdin.com\/es\/blog\/wp-content\/uploads\/2024\/05\/2025_03_GuiaFoto_FWM.png\",\"contentUrl\":\"https:\/\/www.isdin.com\/es\/blog\/wp-content\/uploads\/2024\/05\/2025_03_GuiaFoto_FWM.png\",\"width\":670,\"height\":683,\"caption\":\"ISDIN\"},\"image\":{\"@id\":\"https:\/\/www.isdin.com\/es\/blog\/#\/schema\/logo\/image\/\"},\"sameAs\":[\"https:\/\/es-es.facebook.com\/ISDIN.official\/\",\"https:\/\/x.com\/isdin_official\",\"https:\/\/www.instagram.com\/isdinofficial\",\"https:\/\/www.youtube.com\/channel\/UCtoNJMKpDwdFLqgV23_lcqg\"],\"telephone\":\"659997812\"},[{\"@type\":[\"Person\"],\"@id\":\"https:\/\/www.isdin.com\/es\/blog\/#\/schema\/person\/684015d7d9e78124cb4aa660f6fe8576\",\"name\":\"Belinda Mart\u00ednez\",\"image\":{\"@type\":\"ImageObject\",\"@id\":\"https:\/\/www.isdin.com\/es\/blog\/#\/schema\/person\/image\/\",\"inLanguage\":\"es_ES\",\"url\":\"https:\/\/www.isdin.com\/es\/blog\/wp-content\/uploads\/2017\/07\/jjjj.jpg\",\"caption\":\"Belinda Mart\u00ednez\"}},{\"@type\":[\"Person\"],\"@id\":\"https:\/\/www.isdin.com\/es\/blog\/#\/schema\/person\/684015d7d9e78124cb4aa660f6fe8576\",\"name\":\"Berta Ochoa\",\"image\":{\"@type\":\"ImageObject\",\"@id\":\"https:\/\/www.isdin.com\/es\/blog\/#\/schema\/person\/image\/\",\"inLanguage\":\"es_ES\",\"url\":\"https:\/\/www.isdin.com\/es\/blog\/wp-content\/uploads\/2025\/03\/bertaochoa-150x150.png\",\"caption\":\"Berta Ochoa\"}},{\"@type\":[\"Person\"],\"@id\":\"https:\/\/www.isdin.com\/es\/blog\/#\/schema\/person\/684015d7d9e78124cb4aa660f6fe8576\",\"name\":\"Chiyoung Kang Park\",\"image\":{\"@type\":\"ImageObject\",\"@id\":\"https:\/\/www.isdin.com\/es\/blog\/#\/schema\/person\/image\/\",\"inLanguage\":\"es_ES\",\"url\":\"https:\/\/www.isdin.com\/es\/blog\/wp-content\/uploads\/2025\/03\/chiyoung-150x150.png\",\"caption\":\"Chiyoung Kang Park\"}}]]}<\/script>\n<!-- \/ Yoast SEO Premium plugin. -->","yoast_head_json":{"title":"De cero a glow: c\u00f3mo preparar tu piel para eventos y fiestas - ISDIN","description":"\u00bfC\u00f3mo preparar la piel para un evento o fiesta y que se vea perfecta? Descubre nuestra cuenta atr\u00e1s con los mejores productos e ingredientes.","robots":{"index":"index","follow":"follow","max-snippet":"max-snippet:-1","max-image-preview":"max-image-preview:large","max-video-preview":"max-video-preview:-1"},"canonical":"https:\/\/www.isdin.com\/es\/blog\/calendario-de-skincare-glow\/","og_locale":"es_ES","og_type":"article","og_title":"De cero a glow: c\u00f3mo preparar tu piel para eventos y fiestas","og_description":"\u00bfC\u00f3mo preparar la piel para un evento o fiesta y que se vea perfecta? Descubre nuestra cuenta atr\u00e1s con los mejores productos e ingredientes.","og_url":"https:\/\/www.isdin.com\/es\/blog\/calendario-de-skincare-glow\/","og_site_name":"ISDIN","article_publisher":"https:\/\/es-es.facebook.com\/ISDIN.official\/","article_published_time":"2025-11-04T13:35:59+00:00","article_modified_time":"2025-11-04T13:36:01+00:00","og_image":[{"width":1200,"height":760,"url":"https:\/\/www.isdin.com\/es\/blog\/wp-content\/uploads\/2023\/12\/2024_12_Evento_IMG01.jpg","type":"image\/jpeg"}],"author":"Belinda Mart\u00ednez,&nbsp;Berta Ochoa&nbsp;y&nbsp;Chiyoung Kang Park","twitter_card":"summary_large_image","twitter_creator":"@isdin_official","twitter_site":"@isdin_official","twitter_misc":{"Written by":"Belinda Mart\u00ednez,&nbsp;Berta Ochoa&nbsp;y&nbsp;Chiyoung Kang Park","Est. reading time":"9 minutes"},"schema":{"@context":"https:\/\/schema.org","@graph":[{"@type":"Article","@id":"https:\/\/www.isdin.com\/es\/blog\/calendario-de-skincare-glow\/#article","isPartOf":{"@id":"https:\/\/www.isdin.com\/es\/blog\/calendario-de-skincare-glow\/"},"author":{"name":"Belinda Mart\u00ednez,&nbsp;Berta Ochoa&nbsp;y&nbsp;Chiyoung Kang Park","@id":"https:\/\/www.isdin.com\/es\/blog\/#\/schema\/person\/684015d7d9e78124cb4aa660f6fe8576"},"headline":"De cero a glow: c\u00f3mo preparar tu piel para eventos y fiestas","datePublished":"2025-11-04T13:35:59+00:00","dateModified":"2025-11-04T13:36:01+00:00","mainEntityOfPage":{"@id":"https:\/\/www.isdin.com\/es\/blog\/calendario-de-skincare-glow\/"},"wordCount":1704,"publisher":{"@id":"https:\/\/www.isdin.com\/es\/blog\/#organization"},"image":{"@id":"https:\/\/www.isdin.com\/es\/blog\/calendario-de-skincare-glow\/#primaryimage"},"thumbnailUrl":"https:\/\/www.isdin.com\/es\/blog\/wp-content\/uploads\/2023\/12\/2024_12_Evento_IMG01.jpg","keywords":["cuidado facial","eventos","fiestas","isdinceutics"],"articleSection":["Belleza","Consejos y cuidados","Cuidado facial"],"inLanguage":"es-ES"},{"@type":"WebPage","@id":"https:\/\/www.isdin.com\/es\/blog\/calendario-de-skincare-glow\/","url":"https:\/\/www.isdin.com\/es\/blog\/calendario-de-skincare-glow\/","name":"De cero a glow: c\u00f3mo preparar tu piel para eventos y fiestas - ISDIN","isPartOf":{"@id":"https:\/\/www.isdin.com\/es\/blog\/#website"},"primaryImageOfPage":{"@id":"https:\/\/www.isdin.com\/es\/blog\/calendario-de-skincare-glow\/#primaryimage"},"image":{"@id":"https:\/\/www.isdin.com\/es\/blog\/calendario-de-skincare-glow\/#primaryimage"},"thumbnailUrl":"https:\/\/www.isdin.com\/es\/blog\/wp-content\/uploads\/2023\/12\/2024_12_Evento_IMG01.jpg","datePublished":"2025-11-04T13:35:59+00:00","dateModified":"2025-11-04T13:36:01+00:00","description":"\u00bfC\u00f3mo preparar la piel para un evento o fiesta y que se vea perfecta? Descubre nuestra cuenta atr\u00e1s con los mejores productos e ingredientes.","breadcrumb":{"@id":"https:\/\/www.isdin.com\/es\/blog\/calendario-de-skincare-glow\/#breadcrumb"},"inLanguage":"es-ES","potentialAction":[{"@type":"ReadAction","target":["https:\/\/www.isdin.com\/es\/blog\/calendario-de-skincare-glow\/"]}]},{"@type":"ImageObject","inLanguage":"es-ES","@id":"https:\/\/www.isdin.com\/es\/blog\/calendario-de-skincare-glow\/#primaryimage","url":"https:\/\/www.isdin.com\/es\/blog\/wp-content\/uploads\/2023\/12\/2024_12_Evento_IMG01.jpg","contentUrl":"https:\/\/www.isdin.com\/es\/blog\/wp-content\/uploads\/2023\/12\/2024_12_Evento_IMG01.jpg","width":1200,"height":760,"caption":"judit masco embajadora isdin"},{"@type":"BreadcrumbList","@id":"https:\/\/www.isdin.com\/es\/blog\/calendario-de-skincare-glow\/#breadcrumb","itemListElement":[{"@type":"ListItem","position":1,"name":"Portada","item":"https:\/\/www.isdin.com\/es\/blog\/"},{"@type":"ListItem","position":2,"name":"De cero a glow: c\u00f3mo preparar tu piel para eventos y fiestas"}]},{"@type":"WebSite","@id":"https:\/\/www.isdin.com\/es\/blog\/#website","url":"https:\/\/www.isdin.com\/es\/blog\/","name":"ISDIN","description":"Novedades, lanzamientos de productos y toda la experiencia de ISDIN","publisher":{"@id":"https:\/\/www.isdin.com\/es\/blog\/#organization"},"potentialAction":[{"@type":"SearchAction","target":{"@type":"EntryPoint","urlTemplate":"https:\/\/www.isdin.com\/es\/blog\/?s={search_term_string}"},"query-input":{"@type":"PropertyValueSpecification","valueRequired":true,"valueName":"search_term_string"}}],"inLanguage":"es-ES"},{"@type":"Organization","@id":"https:\/\/www.isdin.com\/es\/blog\/#organization","name":"ISDIN","alternateName":"ISDIN","url":"https:\/\/www.isdin.com\/es\/blog\/","logo":{"@type":"ImageObject","inLanguage":"es-ES","@id":"https:\/\/www.isdin.com\/es\/blog\/#\/schema\/logo\/image\/","url":"https:\/\/www.isdin.com\/es\/blog\/wp-content\/uploads\/2024\/05\/2025_03_GuiaFoto_FWM.png","contentUrl":"https:\/\/www.isdin.com\/es\/blog\/wp-content\/uploads\/2024\/05\/2025_03_GuiaFoto_FWM.png","width":670,"height":683,"caption":"ISDIN"},"image":{"@id":"https:\/\/www.isdin.com\/es\/blog\/#\/schema\/logo\/image\/"},"sameAs":["https:\/\/es-es.facebook.com\/ISDIN.official\/","https:\/\/x.com\/isdin_official","https:\/\/www.instagram.com\/isdinofficial","https:\/\/www.youtube.com\/channel\/UCtoNJMKpDwdFLqgV23_lcqg"],"telephone":"659997812"},[{"@type":["Person"],"@id":"https:\/\/www.isdin.com\/es\/blog\/#\/schema\/person\/684015d7d9e78124cb4aa660f6fe8576","name":"Belinda Mart\u00ednez","image":{"@type":"ImageObject","@id":"https:\/\/www.isdin.com\/es\/blog\/#\/schema\/person\/image\/","inLanguage":"es_ES","url":"https:\/\/www.isdin.com\/es\/blog\/wp-content\/uploads\/2017\/07\/jjjj.jpg","caption":"Belinda Mart\u00ednez"}},{"@type":["Person"],"@id":"https:\/\/www.isdin.com\/es\/blog\/#\/schema\/person\/684015d7d9e78124cb4aa660f6fe8576","name":"Berta Ochoa","image":{"@type":"ImageObject","@id":"https:\/\/www.isdin.com\/es\/blog\/#\/schema\/person\/image\/","inLanguage":"es_ES","url":"https:\/\/www.isdin.com\/es\/blog\/wp-content\/uploads\/2025\/03\/bertaochoa-150x150.png","caption":"Berta Ochoa"}},{"@type":["Person"],"@id":"https:\/\/www.isdin.com\/es\/blog\/#\/schema\/person\/684015d7d9e78124cb4aa660f6fe8576","name":"Chiyoung Kang Park","image":{"@type":"ImageObject","@id":"https:\/\/www.isdin.com\/es\/blog\/#\/schema\/person\/image\/","inLanguage":"es_ES","url":"https:\/\/www.isdin.com\/es\/blog\/wp-content\/uploads\/2025\/03\/chiyoung-150x150.png","caption":"Chiyoung Kang Park"}}]]}},"_links":{"self":[{"href":"https:\/\/www.isdin.com\/es\/blog\/wp-json\/wp\/v2\/posts\/9140","targetHints":{"allow":["GET"]}}],"collection":[{"href":"https:\/\/www.isdin.com\/es\/blog\/wp-json\/wp\/v2\/posts"}],"about":[{"href":"https:\/\/www.isdin.com\/es\/blog\/wp-json\/wp\/v2\/types\/post"}],"author":[{"embeddable":true,"href":"https:\/\/www.isdin.com\/es\/blog\/wp-json\/wp\/v2\/users\/69"}],"replies":[{"embeddable":true,"href":"https:\/\/www.isdin.com\/es\/blog\/wp-json\/wp\/v2\/comments?post=9140"}],"version-history":[{"count":7,"href":"https:\/\/www.isdin.com\/es\/blog\/wp-json\/wp\/v2\/posts\/9140\/revisions"}],"predecessor-version":[{"id":12832,"href":"https:\/\/www.isdin.com\/es\/blog\/wp-json\/wp\/v2\/posts\/9140\/revisions\/12832"}],"wp:featuredmedia":[{"embeddable":true,"href":"https:\/\/www.isdin.com\/es\/blog\/wp-json\/wp\/v2\/media\/11393"}],"wp:attachment":[{"href":"https:\/\/www.isdin.com\/es\/blog\/wp-json\/wp\/v2\/media?parent=9140"}],"wp:term":[{"taxonomy":"category","embeddable":true,"href":"https:\/\/www.isdin.com\/es\/blog\/wp-json\/wp\/v2\/categories?post=9140"},{"taxonomy":"post_tag","embeddable":true,"href":"https:\/\/www.isdin.com\/es\/blog\/wp-json\/wp\/v2\/tags?post=9140"}],"curies":[{"name":"wp","href":"https:\/\/api.w.org\/{rel}","templated":true}]}}