{"id":9076,"date":"2023-11-20T11:12:47","date_gmt":"2023-11-20T11:12:47","guid":{"rendered":"https:\/\/www.isdin.com\/es\/blog\/?p=9076"},"modified":"2023-11-20T11:12:50","modified_gmt":"2023-11-20T11:12:50","slug":"la-piel-de-tu-bebe","status":"publish","type":"post","link":"https:\/\/www.isdin.com\/es\/blog\/la-piel-de-tu-bebe\/","title":{"rendered":"Un mapa de recuerdos: cuidando la piel de tu beb\u00e9"},"content":{"rendered":"\n<p>La piel de tu beb\u00e9 est\u00e1 llena de historias, experiencias y recuerdos. Si echas la vista atr\u00e1s, es dif\u00edcil creer cu\u00e1nto ha crecido y cambiado, y cu\u00e1ntas versiones del mismo beb\u00e9 has tenido la oportunidad de conocer y de enamorarte.<\/p>\n\n\n\n<p>Mam\u00e1, te felicitamos por todo lo vivido y por todo lo que queda por venir. Porque a veces, por mucho que queramos detener el tiempo, todo pasa en un abrir y cerrar de ojos.<\/p>\n\n\n\n<p>Queremos celebrar contigo cada cambio en la piel de tu beb\u00e9, cada cent\u00edmetro a\u00f1adido y cada marca que forme parte de su historia. Por eso tenemos la rutina ideal de productos que la cuidan y se integran perfectamente en su peque\u00f1o mundo.<\/p>\n\n\n\n<h2 class=\"wp-block-heading\" id=\"h-un-viaje-de-ternura-y-descubrimiento\">Un viaje de ternura y descubrimiento<\/h2>\n\n\n\n<p>La piel de tu beb\u00e9 es verdaderamente sorprendente. Act\u00faa como una barrera protectora que lo resguarda del mundo exterior, ayuda a regular su temperatura corporal y, lo que es a\u00fan m\u00e1s fascinante, le permite experimentar todo tipo de sensaciones a medida que explora su entorno.<\/p>\n\n\n\n<p>Desde el momento en que naci\u00f3, su piel ha estado en constante evoluci\u00f3n y adaptaci\u00f3n. Durante estos meses, es posible que hayas notado lo suave y tierna que es su piel. Sin embargo, tambi\u00e9n has estado ah\u00ed en los momentos menos dulces, cuando se pone seca o irritada. Mam\u00e1, has estado en cada paso del camino.<\/p>\n\n\n\n<p>A medida que tu peque\u00f1o ser humano contin\u00faa explorando el mundo que lo rodea, <strong>su piel lo acompa\u00f1ar\u00e1 en cada paso del camino<\/strong>. Es un recordatorio constante de lo especial y \u00fanico que ha sido el viaje para llegar hasta aqu\u00ed.<\/p>\n\n\n\n<p><\/p>\n\n\n\n<figure class=\"wp-block-image size-large\"><img loading=\"lazy\" decoding=\"async\" width=\"1024\" height=\"527\" src=\"data:image\/gif;base64,R0lGODlhAQABAAAAACH5BAEKAAEALAAAAAABAAEAAAICTAEAOw==\" data-src=\"https:\/\/www.isdin.com\/es\/blog\/wp-content\/uploads\/2023\/11\/2023_Postparto_Emotional_IMG01-1-1-1024x527.png\" alt=\"beb\u00e9 explorando\" class=\"wp-image-9079 lazyload\" data-sizes=\"auto\" data-srcset=\"https:\/\/www.isdin.com\/es\/blog\/wp-content\/uploads\/2023\/11\/2023_Postparto_Emotional_IMG01-1-1-1024x527.png 1024w, https:\/\/www.isdin.com\/es\/blog\/wp-content\/uploads\/2023\/11\/2023_Postparto_Emotional_IMG01-1-1-300x155.png 300w, https:\/\/www.isdin.com\/es\/blog\/wp-content\/uploads\/2023\/11\/2023_Postparto_Emotional_IMG01-1-1-150x77.png 150w, https:\/\/www.isdin.com\/es\/blog\/wp-content\/uploads\/2023\/11\/2023_Postparto_Emotional_IMG01-1-1-768x396.png 768w, https:\/\/www.isdin.com\/es\/blog\/wp-content\/uploads\/2023\/11\/2023_Postparto_Emotional_IMG01-1-1-585x300.png 585w, https:\/\/www.isdin.com\/es\/blog\/wp-content\/uploads\/2023\/11\/2023_Postparto_Emotional_IMG01-1-1-450x232.png 450w, https:\/\/www.isdin.com\/es\/blog\/wp-content\/uploads\/2023\/11\/2023_Postparto_Emotional_IMG01-1-1-20x11.png 20w, https:\/\/www.isdin.com\/es\/blog\/wp-content\/uploads\/2023\/11\/2023_Postparto_Emotional_IMG01-1-1-225x116.png 225w, https:\/\/www.isdin.com\/es\/blog\/wp-content\/uploads\/2023\/11\/2023_Postparto_Emotional_IMG01-1-1-900x464.png 900w, https:\/\/www.isdin.com\/es\/blog\/wp-content\/uploads\/2023\/11\/2023_Postparto_Emotional_IMG01-1-1.png 1200w\" sizes=\"auto, (max-width: 1024px) 100vw, 1024px\" \/><\/figure>\n\n\n\n<p><\/p>\n\n\n\n<p><\/p>\n\n\n\n<h3 class=\"wp-block-heading\">\u00bfC\u00f3mo es la piel de tu beb\u00e9?<\/h3>\n\n\n\n<p>La piel narrar\u00e1 la historia de toda una vida. A pesar de que adultos y ni\u00f1os comparten este \u00f3rgano vital, la piel de los beb\u00e9s es muy diferente. Durante los primeros a\u00f1os de vida, es muy sensible y requerir\u00e1 atenci\u00f3n y cuidados constantes. En comparaci\u00f3n contigo, la piel de tu beb\u00e9:<\/p>\n\n\n\n<ul class=\"wp-block-list\">\n<li>Se deshidrata con mayor facilidad.<\/li>\n\n\n\n<li>Es m\u00e1s fina.<\/li>\n\n\n\n<li>Tiene una mayor propensi\u00f3n a las alergias e irritaciones.<\/li>\n\n\n\n<li>Es capaz de absorber m\u00e1s humedad, pero tambi\u00e9n la pierde m\u00e1s r\u00e1pido.<\/li>\n<\/ul>\n\n\n\n<p><\/p>\n\n\n\n<p class=\"has-background\" style=\"background-color:#f1dfbf\"><strong>Consejo de experto:<\/strong> mam\u00e1, si notas cambios en la piel de tu beb\u00e9 o la aparici\u00f3n de manchas, consulta a tu m\u00e9dico de confianza para ver los mejores tratamientos.<\/p>\n\n\n\n<p><\/p>\n\n\n\n<p><\/p>\n\n\n\n<p>Al ser m\u00e1s delicada, la piel de tu peque\u00f1o va a necesitar una mayor protecci\u00f3n. \u00bfQu\u00e9 mejor manera de brind\u00e1rsela que con los productos adecuados? Acomp\u00e1\u00f1anos, vas a descubrir <strong>el poder de crear su primera rutina de cuidado de la piel<\/strong>.<\/p>\n\n\n\n<h2 class=\"wp-block-heading\">H\u00e1bitos que durar\u00e1n toda la vida<\/h2>\n\n\n\n<p>El acto de cuidar la piel de tu beb\u00e9 va m\u00e1s all\u00e1 de lo superficial; es una forma de interactuar con todos sus sentidos, reforzando vuestra relaci\u00f3n emocional y apoyando su desarrollo de manera saludable.<\/p>\n\n\n\n<p>La piel es el \u00f3rgano m\u00e1s grande de nuestro cuerpo y desempe\u00f1a un papel crucial en la protecci\u00f3n contra infecciones y la eliminaci\u00f3n de toxinas. Al cuidar la piel de tu beb\u00e9, es menor la probabilidad de que padezca afecciones comunes como la <a href=\"https:\/\/www.isdin.com\/es\/blog\/la-dermatitis-atopica-en-los-bebes\/\">dermatitis at\u00f3pica<\/a>, reduces riesgos futuros y refuerzas su barrera.<\/p>\n\n\n\n<h3 class=\"wp-block-heading\">La zona del culito<\/h3>\n\n\n\n<p><\/p>\n\n\n\n<figure class=\"wp-block-image size-large\"><img loading=\"lazy\" decoding=\"async\" width=\"1024\" height=\"527\" src=\"data:image\/gif;base64,R0lGODlhAQABAAAAACH5BAEKAAEALAAAAAABAAEAAAICTAEAOw==\" data-src=\"https:\/\/www.isdin.com\/es\/blog\/wp-content\/uploads\/2023\/11\/2023_Postparto_Emotional_IMG01-1-2-1024x527.png\" alt=\"cambiar el pa\u00f1al\" class=\"wp-image-9080 lazyload\" data-sizes=\"auto\" data-srcset=\"https:\/\/www.isdin.com\/es\/blog\/wp-content\/uploads\/2023\/11\/2023_Postparto_Emotional_IMG01-1-2-1024x527.png 1024w, https:\/\/www.isdin.com\/es\/blog\/wp-content\/uploads\/2023\/11\/2023_Postparto_Emotional_IMG01-1-2-300x155.png 300w, https:\/\/www.isdin.com\/es\/blog\/wp-content\/uploads\/2023\/11\/2023_Postparto_Emotional_IMG01-1-2-150x77.png 150w, https:\/\/www.isdin.com\/es\/blog\/wp-content\/uploads\/2023\/11\/2023_Postparto_Emotional_IMG01-1-2-768x396.png 768w, https:\/\/www.isdin.com\/es\/blog\/wp-content\/uploads\/2023\/11\/2023_Postparto_Emotional_IMG01-1-2-585x300.png 585w, https:\/\/www.isdin.com\/es\/blog\/wp-content\/uploads\/2023\/11\/2023_Postparto_Emotional_IMG01-1-2-450x232.png 450w, https:\/\/www.isdin.com\/es\/blog\/wp-content\/uploads\/2023\/11\/2023_Postparto_Emotional_IMG01-1-2-20x11.png 20w, https:\/\/www.isdin.com\/es\/blog\/wp-content\/uploads\/2023\/11\/2023_Postparto_Emotional_IMG01-1-2-225x116.png 225w, https:\/\/www.isdin.com\/es\/blog\/wp-content\/uploads\/2023\/11\/2023_Postparto_Emotional_IMG01-1-2-900x464.png 900w, https:\/\/www.isdin.com\/es\/blog\/wp-content\/uploads\/2023\/11\/2023_Postparto_Emotional_IMG01-1-2.png 1200w\" sizes=\"auto, (max-width: 1024px) 100vw, 1024px\" \/><\/figure>\n\n\n\n<p><\/p>\n\n\n\n<p>Un a\u00f1o, un sinf\u00edn de pa\u00f1ales cambiados y una zona delicada. El culito del beb\u00e9 es muy sensible y merece un <a href=\"https:\/\/www.isdin.com\/marcas\/isdin-baby-naturals\/zona-panal\/\">cuidado espec\u00edfico<\/a>. Seguro que a lo largo de este primer a\u00f1o, has aprendido todos los consejos de memoria: cambiar el pa\u00f1al con regularidad, ajustarlo ni muy apretado ni muy suelto, y limpiar la zona de la manera adecuada.<\/p>\n\n\n\n<p>\u00a1Continua as\u00ed! Para proteger su piel, aplica una fina capa de crema para pa\u00f1al, usa productos sin fragancia y ten en cuenta posibles alergias. Ya sea que tu peque\u00f1o necesite una <a href=\"https:\/\/www.isdin.com\/producto\/baby-naturals-nutraisdin\/zn-40-pomada-regeneradora\">pomada regeneradora<\/a> o una <a href=\"https:\/\/www.isdin.com\/producto\/baby-naturals-nutraisdin\/af-pomada-reparadora\">pomada reparadora<\/a>, existe la soluci\u00f3n perfecta para cuidar su delicada piel.<\/p>\n\n\n\n<h3 class=\"wp-block-heading\">La hora del ba\u00f1o<\/h3>\n\n\n\n<p><\/p>\n\n\n\n<figure class=\"wp-block-image size-large\"><img loading=\"lazy\" decoding=\"async\" width=\"1024\" height=\"527\" src=\"data:image\/gif;base64,R0lGODlhAQABAAAAACH5BAEKAAEALAAAAAABAAEAAAICTAEAOw==\" data-src=\"https:\/\/www.isdin.com\/es\/blog\/wp-content\/uploads\/2023\/11\/2023_Postparto_Emotional_IMG01-3-1024x527.png\" alt=\"ba\u00f1ar al beb\u00e9\" class=\"wp-image-9081 lazyload\" data-sizes=\"auto\" data-srcset=\"https:\/\/www.isdin.com\/es\/blog\/wp-content\/uploads\/2023\/11\/2023_Postparto_Emotional_IMG01-3-1024x527.png 1024w, https:\/\/www.isdin.com\/es\/blog\/wp-content\/uploads\/2023\/11\/2023_Postparto_Emotional_IMG01-3-300x155.png 300w, https:\/\/www.isdin.com\/es\/blog\/wp-content\/uploads\/2023\/11\/2023_Postparto_Emotional_IMG01-3-150x77.png 150w, https:\/\/www.isdin.com\/es\/blog\/wp-content\/uploads\/2023\/11\/2023_Postparto_Emotional_IMG01-3-768x396.png 768w, https:\/\/www.isdin.com\/es\/blog\/wp-content\/uploads\/2023\/11\/2023_Postparto_Emotional_IMG01-3-585x300.png 585w, https:\/\/www.isdin.com\/es\/blog\/wp-content\/uploads\/2023\/11\/2023_Postparto_Emotional_IMG01-3-450x232.png 450w, https:\/\/www.isdin.com\/es\/blog\/wp-content\/uploads\/2023\/11\/2023_Postparto_Emotional_IMG01-3-20x11.png 20w, https:\/\/www.isdin.com\/es\/blog\/wp-content\/uploads\/2023\/11\/2023_Postparto_Emotional_IMG01-3-225x116.png 225w, https:\/\/www.isdin.com\/es\/blog\/wp-content\/uploads\/2023\/11\/2023_Postparto_Emotional_IMG01-3-900x464.png 900w, https:\/\/www.isdin.com\/es\/blog\/wp-content\/uploads\/2023\/11\/2023_Postparto_Emotional_IMG01-3.png 1200w\" sizes=\"auto, (max-width: 1024px) 100vw, 1024px\" \/><\/figure>\n\n\n\n<p><\/p>\n\n\n\n<p><\/p>\n\n\n\n<p>A los beb\u00e9s les encanta el agua y ahora est\u00e1n en la edad de explorar y descubrir nuevos juguetes. Pero, por muy divertido que sea pasar tiempo en la ba\u00f1era, estar mucho tiempo en el agua puede resecar la piel.<\/p>\n\n\n\n<p>Que la hora del ba\u00f1o sea corta, divertida y dulce, con alg\u00fan juguete que puedan manipular y <strong><a href=\"https:\/\/www.isdin.com\/es-CL\/piel-bebe\/rutina-bano-diario\/\">productos hipoalerg\u00e9nicos<\/a> con ingredientes de origen natural<\/strong>. Sabemos que es dif\u00edcil resistirse a geles con fragancias, pero lo mejor ser\u00e1 un gel sin perfume. Y recuerda, una poca cantidad, \u00a1hace mucho!<\/p>\n\n\n\n<h3 class=\"wp-block-heading\">La carita sonriente<\/h3>\n\n\n\n<p>Los beb\u00e9s tienen una alegr\u00eda que contagia. Seguro que no ha habido d\u00eda en el que no te haya sacado una sonrisa, incluso en los momentos m\u00e1s dif\u00edciles. <strong>Su risa, su curiosidad y su amor incondicional<\/strong> iluminan los d\u00edas y te recuerdan la belleza de las cosas simples de la vida.<\/p>\n\n\n\n<p>Para hidratar su sonriente carita y protegerla, es esencial que sigas una <a href=\"https:\/\/www.isdin.com\/marcas\/isdin-baby-naturals\/cuidado-facial\/\">rutina de cuidado facial<\/a>. Cuanto m\u00e1s te acostumbres a hacerlo, \u00a1m\u00e1s f\u00e1cil ser\u00e1! Adem\u00e1s, familiarizar a los beb\u00e9s con distintos tipos de cremas y texturas har\u00e1 que sea m\u00e1s sencillo en un futuro incluir nuevos productos.<\/p>\n\n\n\n<p>Y cuando pases la barrera de los 6 meses, <a href=\"https:\/\/www.isdin.com\/es\/blog\/protector-solar-para-bebes\/\">fotoprotegerle del sol a diario<\/a> ser\u00e1 igual de importante.<\/p>\n\n\n\n<p><\/p>\n\n\n\n<p><\/p>\n\n\n\n<figure class=\"wp-block-image size-large\"><img loading=\"lazy\" decoding=\"async\" width=\"1024\" height=\"527\" src=\"data:image\/gif;base64,R0lGODlhAQABAAAAACH5BAEKAAEALAAAAAABAAEAAAICTAEAOw==\" data-src=\"https:\/\/www.isdin.com\/es\/blog\/wp-content\/uploads\/2023\/11\/2023_Postparto_Emotional_IMG08-1024x527.png\" alt=\"beb\u00e9 sonriendo\" class=\"wp-image-9082 lazyload\" data-sizes=\"auto\" data-srcset=\"https:\/\/www.isdin.com\/es\/blog\/wp-content\/uploads\/2023\/11\/2023_Postparto_Emotional_IMG08-1024x527.png 1024w, https:\/\/www.isdin.com\/es\/blog\/wp-content\/uploads\/2023\/11\/2023_Postparto_Emotional_IMG08-300x155.png 300w, https:\/\/www.isdin.com\/es\/blog\/wp-content\/uploads\/2023\/11\/2023_Postparto_Emotional_IMG08-150x77.png 150w, https:\/\/www.isdin.com\/es\/blog\/wp-content\/uploads\/2023\/11\/2023_Postparto_Emotional_IMG08-768x396.png 768w, https:\/\/www.isdin.com\/es\/blog\/wp-content\/uploads\/2023\/11\/2023_Postparto_Emotional_IMG08-585x300.png 585w, https:\/\/www.isdin.com\/es\/blog\/wp-content\/uploads\/2023\/11\/2023_Postparto_Emotional_IMG08-450x232.png 450w, https:\/\/www.isdin.com\/es\/blog\/wp-content\/uploads\/2023\/11\/2023_Postparto_Emotional_IMG08-20x11.png 20w, https:\/\/www.isdin.com\/es\/blog\/wp-content\/uploads\/2023\/11\/2023_Postparto_Emotional_IMG08-225x116.png 225w, https:\/\/www.isdin.com\/es\/blog\/wp-content\/uploads\/2023\/11\/2023_Postparto_Emotional_IMG08-900x464.png 900w, https:\/\/www.isdin.com\/es\/blog\/wp-content\/uploads\/2023\/11\/2023_Postparto_Emotional_IMG08.png 1200w\" sizes=\"auto, (max-width: 1024px) 100vw, 1024px\" \/><\/figure>\n\n\n\n<p><\/p>\n\n\n\n<h2 class=\"wp-block-heading\">Hay ventajas en la sensibilidad<\/h2>\n\n\n\n<p>S\u00ed, la piel de tu beb\u00e9 requiere mimo, cuidado y paciencia. Es sensible, pero esta sensibilidad es algo maravilloso. <strong>Cada vez que besas, masajeas o acaricias la piel de tu beb\u00e9, estimulas la producci\u00f3n de sus hormonas del bienestar<\/strong>, entre ellas la oxitocina, que fortalece el v\u00ednculo entre los dos.<\/p>\n\n\n\n<p>Y recuerda, la maternidad es un viaje. Puede que algunos d\u00edas la rutina no sea tan f\u00e1cil de llevar, que echarle la crema parezca una misi\u00f3n imposible o que el ba\u00f1o no vaya tan bien como esperabas. Esto forma parte del camino.<\/p>\n\n\n\n<p>Lo est\u00e1s haciendo genial y junto a tu beb\u00e9, acabas de cerrar un gran cap\u00edtulo de tu vida (y de la suya), <strong>\u00a1un a\u00f1o de emociones compartidas!<\/strong><\/p>\n","protected":false},"excerpt":{"rendered":"<p>Queremos celebrar contigo cada cambio en la piel de tu beb\u00e9, cada cent\u00edmetro a\u00f1adido y cada marca que forme parte de su historia.<\/p>\n","protected":false},"author":69,"featured_media":9078,"comment_status":"closed","ping_status":"closed","sticky":false,"template":"","format":"image","meta":{"footnotes":""},"categories":[1,104],"tags":[],"class_list":["post-9076","post","type-post","status-publish","format-image","has-post-thumbnail","hentry","category-consejos-cuidados","category-embarazo-bebes","post_format-post-format-image"],"yoast_head":"<!-- This site is optimized with the Yoast SEO Premium plugin v25.4 (Yoast SEO v25.4) - https:\/\/yoast.com\/wordpress\/plugins\/seo\/ -->\n<title>Un mapa de recuerdos: cuidando la piel de tu beb\u00e9 - ISDIN<\/title>\n<meta name=\"description\" content=\"La piel de tu beb\u00e9 cuenta su propia historia, \u00a1y nosotros vamos a celebrar cada p\u00e1gina! Hoy, te ense\u00f1amos los mejores consejos para cuidarla.\" \/>\n<meta name=\"robots\" content=\"index, follow, max-snippet:-1, max-image-preview:large, max-video-preview:-1\" \/>\n<link rel=\"canonical\" href=\"https:\/\/www.isdin.com\/es\/blog\/la-piel-de-tu-bebe\/\" \/>\n<meta property=\"og:locale\" content=\"es_ES\" \/>\n<meta property=\"og:type\" content=\"article\" \/>\n<meta property=\"og:title\" content=\"Un mapa de recuerdos: cuidando la piel de tu beb\u00e9\" \/>\n<meta property=\"og:description\" content=\"La piel de tu beb\u00e9 cuenta su propia historia, \u00a1y nosotros vamos a celebrar cada p\u00e1gina! Hoy, te ense\u00f1amos los mejores consejos para cuidarla.\" \/>\n<meta property=\"og:url\" content=\"https:\/\/www.isdin.com\/es\/blog\/la-piel-de-tu-bebe\/\" \/>\n<meta property=\"og:site_name\" content=\"ISDIN\" \/>\n<meta property=\"article:publisher\" content=\"https:\/\/es-es.facebook.com\/ISDIN.official\/\" \/>\n<meta property=\"article:published_time\" content=\"2023-11-20T11:12:47+00:00\" \/>\n<meta property=\"article:modified_time\" content=\"2023-11-20T11:12:50+00:00\" \/>\n<meta property=\"og:image\" content=\"https:\/\/www.isdin.com\/es\/blog\/wp-content\/uploads\/2023\/11\/2023_Postparto_Emotional_IMG04-3.png\" \/>\n\t<meta property=\"og:image:width\" content=\"1200\" \/>\n\t<meta property=\"og:image:height\" content=\"760\" \/>\n\t<meta property=\"og:image:type\" content=\"image\/png\" \/>\n<meta name=\"author\" content=\"Belinda Mart\u00ednez\" \/>\n<meta name=\"twitter:card\" content=\"summary_large_image\" \/>\n<meta name=\"twitter:creator\" content=\"@isdin_official\" \/>\n<meta name=\"twitter:site\" content=\"@isdin_official\" \/>\n<meta name=\"twitter:label1\" content=\"Written by\" \/>\n\t<meta name=\"twitter:data1\" content=\"Belinda Mart\u00ednez\" \/>\n\t<meta name=\"twitter:label2\" content=\"Est. reading time\" \/>\n\t<meta name=\"twitter:data2\" content=\"5 minutes\" \/>\n<script type=\"application\/ld+json\" class=\"yoast-schema-graph\">{\"@context\":\"https:\/\/schema.org\",\"@graph\":[{\"@type\":\"Article\",\"@id\":\"https:\/\/www.isdin.com\/es\/blog\/la-piel-de-tu-bebe\/#article\",\"isPartOf\":{\"@id\":\"https:\/\/www.isdin.com\/es\/blog\/la-piel-de-tu-bebe\/\"},\"author\":{\"name\":\"Belinda Mart\u00ednez\",\"@id\":\"https:\/\/www.isdin.com\/es\/blog\/#\/schema\/person\/684015d7d9e78124cb4aa660f6fe8576\"},\"headline\":\"Un mapa de recuerdos: cuidando la piel de tu beb\u00e9\",\"datePublished\":\"2023-11-20T11:12:47+00:00\",\"dateModified\":\"2023-11-20T11:12:50+00:00\",\"mainEntityOfPage\":{\"@id\":\"https:\/\/www.isdin.com\/es\/blog\/la-piel-de-tu-bebe\/\"},\"wordCount\":1050,\"publisher\":{\"@id\":\"https:\/\/www.isdin.com\/es\/blog\/#organization\"},\"image\":{\"@id\":\"https:\/\/www.isdin.com\/es\/blog\/la-piel-de-tu-bebe\/#primaryimage\"},\"thumbnailUrl\":\"https:\/\/www.isdin.com\/es\/blog\/wp-content\/uploads\/2023\/11\/2023_Postparto_Emotional_IMG04-3.png\",\"articleSection\":[\"Consejos y cuidados\",\"Embarazo y beb\u00e9s\"],\"inLanguage\":\"es-ES\"},{\"@type\":\"WebPage\",\"@id\":\"https:\/\/www.isdin.com\/es\/blog\/la-piel-de-tu-bebe\/\",\"url\":\"https:\/\/www.isdin.com\/es\/blog\/la-piel-de-tu-bebe\/\",\"name\":\"Un mapa de recuerdos: cuidando la piel de tu beb\u00e9 - ISDIN\",\"isPartOf\":{\"@id\":\"https:\/\/www.isdin.com\/es\/blog\/#website\"},\"primaryImageOfPage\":{\"@id\":\"https:\/\/www.isdin.com\/es\/blog\/la-piel-de-tu-bebe\/#primaryimage\"},\"image\":{\"@id\":\"https:\/\/www.isdin.com\/es\/blog\/la-piel-de-tu-bebe\/#primaryimage\"},\"thumbnailUrl\":\"https:\/\/www.isdin.com\/es\/blog\/wp-content\/uploads\/2023\/11\/2023_Postparto_Emotional_IMG04-3.png\",\"datePublished\":\"2023-11-20T11:12:47+00:00\",\"dateModified\":\"2023-11-20T11:12:50+00:00\",\"description\":\"La piel de tu beb\u00e9 cuenta su propia historia, \u00a1y nosotros vamos a celebrar cada p\u00e1gina! Hoy, te ense\u00f1amos los mejores consejos para cuidarla.\",\"breadcrumb\":{\"@id\":\"https:\/\/www.isdin.com\/es\/blog\/la-piel-de-tu-bebe\/#breadcrumb\"},\"inLanguage\":\"es-ES\",\"potentialAction\":[{\"@type\":\"ReadAction\",\"target\":[\"https:\/\/www.isdin.com\/es\/blog\/la-piel-de-tu-bebe\/\"]}]},{\"@type\":\"ImageObject\",\"inLanguage\":\"es-ES\",\"@id\":\"https:\/\/www.isdin.com\/es\/blog\/la-piel-de-tu-bebe\/#primaryimage\",\"url\":\"https:\/\/www.isdin.com\/es\/blog\/wp-content\/uploads\/2023\/11\/2023_Postparto_Emotional_IMG04-3.png\",\"contentUrl\":\"https:\/\/www.isdin.com\/es\/blog\/wp-content\/uploads\/2023\/11\/2023_Postparto_Emotional_IMG04-3.png\",\"width\":1200,\"height\":760,\"caption\":\"madre jugando con beb\u00e9\"},{\"@type\":\"BreadcrumbList\",\"@id\":\"https:\/\/www.isdin.com\/es\/blog\/la-piel-de-tu-bebe\/#breadcrumb\",\"itemListElement\":[{\"@type\":\"ListItem\",\"position\":1,\"name\":\"Portada\",\"item\":\"https:\/\/www.isdin.com\/es\/blog\/\"},{\"@type\":\"ListItem\",\"position\":2,\"name\":\"Un mapa de recuerdos: cuidando la piel de tu beb\u00e9\"}]},{\"@type\":\"WebSite\",\"@id\":\"https:\/\/www.isdin.com\/es\/blog\/#website\",\"url\":\"https:\/\/www.isdin.com\/es\/blog\/\",\"name\":\"ISDIN\",\"description\":\"Novedades, lanzamientos de productos y toda la experiencia de ISDIN\",\"publisher\":{\"@id\":\"https:\/\/www.isdin.com\/es\/blog\/#organization\"},\"potentialAction\":[{\"@type\":\"SearchAction\",\"target\":{\"@type\":\"EntryPoint\",\"urlTemplate\":\"https:\/\/www.isdin.com\/es\/blog\/?s={search_term_string}\"},\"query-input\":{\"@type\":\"PropertyValueSpecification\",\"valueRequired\":true,\"valueName\":\"search_term_string\"}}],\"inLanguage\":\"es-ES\"},{\"@type\":\"Organization\",\"@id\":\"https:\/\/www.isdin.com\/es\/blog\/#organization\",\"name\":\"ISDIN\",\"alternateName\":\"ISDIN\",\"url\":\"https:\/\/www.isdin.com\/es\/blog\/\",\"logo\":{\"@type\":\"ImageObject\",\"inLanguage\":\"es-ES\",\"@id\":\"https:\/\/www.isdin.com\/es\/blog\/#\/schema\/logo\/image\/\",\"url\":\"https:\/\/www.isdin.com\/es\/blog\/wp-content\/uploads\/2024\/05\/2025_03_GuiaFoto_FWM.png\",\"contentUrl\":\"https:\/\/www.isdin.com\/es\/blog\/wp-content\/uploads\/2024\/05\/2025_03_GuiaFoto_FWM.png\",\"width\":670,\"height\":683,\"caption\":\"ISDIN\"},\"image\":{\"@id\":\"https:\/\/www.isdin.com\/es\/blog\/#\/schema\/logo\/image\/\"},\"sameAs\":[\"https:\/\/es-es.facebook.com\/ISDIN.official\/\",\"https:\/\/x.com\/isdin_official\",\"https:\/\/www.instagram.com\/isdinofficial\",\"https:\/\/www.youtube.com\/channel\/UCtoNJMKpDwdFLqgV23_lcqg\"],\"telephone\":\"659997812\"},{\"@type\":\"Person\",\"@id\":\"https:\/\/www.isdin.com\/es\/blog\/#\/schema\/person\/684015d7d9e78124cb4aa660f6fe8576\",\"name\":\"Belinda Mart\u00ednez\",\"image\":{\"@type\":\"ImageObject\",\"inLanguage\":\"es-ES\",\"@id\":\"https:\/\/www.isdin.com\/es\/blog\/#\/schema\/person\/image\/\",\"url\":\"https:\/\/www.isdin.com\/es\/blog\/wp-content\/uploads\/2017\/07\/jjjj.jpg\",\"contentUrl\":\"https:\/\/www.isdin.com\/es\/blog\/wp-content\/uploads\/2017\/07\/jjjj.jpg\",\"caption\":\"Belinda Mart\u00ednez\"},\"description\":\"Belinda es periodista y copywriter creativa. Tras a\u00f1os de experiencia, decidi\u00f3 fusionar sus habilidades de escritura con su amor por el skincare, convirti\u00e9ndose en una especialista en la materia. \u00bfSu imprescindible? Un buen b\u00e1lsamo de labios.\",\"sameAs\":[\"https:\/\/www.linkedin.com\/in\/thisisbel\/\"],\"url\":\"https:\/\/www.isdin.com\/es\/blog\/author\/belindamartinez\/\"}]}<\/script>\n<!-- \/ Yoast SEO Premium plugin. -->","yoast_head_json":{"title":"Un mapa de recuerdos: cuidando la piel de tu beb\u00e9 - ISDIN","description":"La piel de tu beb\u00e9 cuenta su propia historia, \u00a1y nosotros vamos a celebrar cada p\u00e1gina! Hoy, te ense\u00f1amos los mejores consejos para cuidarla.","robots":{"index":"index","follow":"follow","max-snippet":"max-snippet:-1","max-image-preview":"max-image-preview:large","max-video-preview":"max-video-preview:-1"},"canonical":"https:\/\/www.isdin.com\/es\/blog\/la-piel-de-tu-bebe\/","og_locale":"es_ES","og_type":"article","og_title":"Un mapa de recuerdos: cuidando la piel de tu beb\u00e9","og_description":"La piel de tu beb\u00e9 cuenta su propia historia, \u00a1y nosotros vamos a celebrar cada p\u00e1gina! Hoy, te ense\u00f1amos los mejores consejos para cuidarla.","og_url":"https:\/\/www.isdin.com\/es\/blog\/la-piel-de-tu-bebe\/","og_site_name":"ISDIN","article_publisher":"https:\/\/es-es.facebook.com\/ISDIN.official\/","article_published_time":"2023-11-20T11:12:47+00:00","article_modified_time":"2023-11-20T11:12:50+00:00","og_image":[{"width":1200,"height":760,"url":"https:\/\/www.isdin.com\/es\/blog\/wp-content\/uploads\/2023\/11\/2023_Postparto_Emotional_IMG04-3.png","type":"image\/png"}],"author":"Belinda Mart\u00ednez","twitter_card":"summary_large_image","twitter_creator":"@isdin_official","twitter_site":"@isdin_official","twitter_misc":{"Written by":"Belinda Mart\u00ednez","Est. reading time":"5 minutes"},"schema":{"@context":"https:\/\/schema.org","@graph":[{"@type":"Article","@id":"https:\/\/www.isdin.com\/es\/blog\/la-piel-de-tu-bebe\/#article","isPartOf":{"@id":"https:\/\/www.isdin.com\/es\/blog\/la-piel-de-tu-bebe\/"},"author":{"name":"Belinda Mart\u00ednez","@id":"https:\/\/www.isdin.com\/es\/blog\/#\/schema\/person\/684015d7d9e78124cb4aa660f6fe8576"},"headline":"Un mapa de recuerdos: cuidando la piel de tu beb\u00e9","datePublished":"2023-11-20T11:12:47+00:00","dateModified":"2023-11-20T11:12:50+00:00","mainEntityOfPage":{"@id":"https:\/\/www.isdin.com\/es\/blog\/la-piel-de-tu-bebe\/"},"wordCount":1050,"publisher":{"@id":"https:\/\/www.isdin.com\/es\/blog\/#organization"},"image":{"@id":"https:\/\/www.isdin.com\/es\/blog\/la-piel-de-tu-bebe\/#primaryimage"},"thumbnailUrl":"https:\/\/www.isdin.com\/es\/blog\/wp-content\/uploads\/2023\/11\/2023_Postparto_Emotional_IMG04-3.png","articleSection":["Consejos y cuidados","Embarazo y beb\u00e9s"],"inLanguage":"es-ES"},{"@type":"WebPage","@id":"https:\/\/www.isdin.com\/es\/blog\/la-piel-de-tu-bebe\/","url":"https:\/\/www.isdin.com\/es\/blog\/la-piel-de-tu-bebe\/","name":"Un mapa de recuerdos: cuidando la piel de tu beb\u00e9 - ISDIN","isPartOf":{"@id":"https:\/\/www.isdin.com\/es\/blog\/#website"},"primaryImageOfPage":{"@id":"https:\/\/www.isdin.com\/es\/blog\/la-piel-de-tu-bebe\/#primaryimage"},"image":{"@id":"https:\/\/www.isdin.com\/es\/blog\/la-piel-de-tu-bebe\/#primaryimage"},"thumbnailUrl":"https:\/\/www.isdin.com\/es\/blog\/wp-content\/uploads\/2023\/11\/2023_Postparto_Emotional_IMG04-3.png","datePublished":"2023-11-20T11:12:47+00:00","dateModified":"2023-11-20T11:12:50+00:00","description":"La piel de tu beb\u00e9 cuenta su propia historia, \u00a1y nosotros vamos a celebrar cada p\u00e1gina! Hoy, te ense\u00f1amos los mejores consejos para cuidarla.","breadcrumb":{"@id":"https:\/\/www.isdin.com\/es\/blog\/la-piel-de-tu-bebe\/#breadcrumb"},"inLanguage":"es-ES","potentialAction":[{"@type":"ReadAction","target":["https:\/\/www.isdin.com\/es\/blog\/la-piel-de-tu-bebe\/"]}]},{"@type":"ImageObject","inLanguage":"es-ES","@id":"https:\/\/www.isdin.com\/es\/blog\/la-piel-de-tu-bebe\/#primaryimage","url":"https:\/\/www.isdin.com\/es\/blog\/wp-content\/uploads\/2023\/11\/2023_Postparto_Emotional_IMG04-3.png","contentUrl":"https:\/\/www.isdin.com\/es\/blog\/wp-content\/uploads\/2023\/11\/2023_Postparto_Emotional_IMG04-3.png","width":1200,"height":760,"caption":"madre jugando con beb\u00e9"},{"@type":"BreadcrumbList","@id":"https:\/\/www.isdin.com\/es\/blog\/la-piel-de-tu-bebe\/#breadcrumb","itemListElement":[{"@type":"ListItem","position":1,"name":"Portada","item":"https:\/\/www.isdin.com\/es\/blog\/"},{"@type":"ListItem","position":2,"name":"Un mapa de recuerdos: cuidando la piel de tu beb\u00e9"}]},{"@type":"WebSite","@id":"https:\/\/www.isdin.com\/es\/blog\/#website","url":"https:\/\/www.isdin.com\/es\/blog\/","name":"ISDIN","description":"Novedades, lanzamientos de productos y toda la experiencia de ISDIN","publisher":{"@id":"https:\/\/www.isdin.com\/es\/blog\/#organization"},"potentialAction":[{"@type":"SearchAction","target":{"@type":"EntryPoint","urlTemplate":"https:\/\/www.isdin.com\/es\/blog\/?s={search_term_string}"},"query-input":{"@type":"PropertyValueSpecification","valueRequired":true,"valueName":"search_term_string"}}],"inLanguage":"es-ES"},{"@type":"Organization","@id":"https:\/\/www.isdin.com\/es\/blog\/#organization","name":"ISDIN","alternateName":"ISDIN","url":"https:\/\/www.isdin.com\/es\/blog\/","logo":{"@type":"ImageObject","inLanguage":"es-ES","@id":"https:\/\/www.isdin.com\/es\/blog\/#\/schema\/logo\/image\/","url":"https:\/\/www.isdin.com\/es\/blog\/wp-content\/uploads\/2024\/05\/2025_03_GuiaFoto_FWM.png","contentUrl":"https:\/\/www.isdin.com\/es\/blog\/wp-content\/uploads\/2024\/05\/2025_03_GuiaFoto_FWM.png","width":670,"height":683,"caption":"ISDIN"},"image":{"@id":"https:\/\/www.isdin.com\/es\/blog\/#\/schema\/logo\/image\/"},"sameAs":["https:\/\/es-es.facebook.com\/ISDIN.official\/","https:\/\/x.com\/isdin_official","https:\/\/www.instagram.com\/isdinofficial","https:\/\/www.youtube.com\/channel\/UCtoNJMKpDwdFLqgV23_lcqg"],"telephone":"659997812"},{"@type":"Person","@id":"https:\/\/www.isdin.com\/es\/blog\/#\/schema\/person\/684015d7d9e78124cb4aa660f6fe8576","name":"Belinda Mart\u00ednez","image":{"@type":"ImageObject","inLanguage":"es-ES","@id":"https:\/\/www.isdin.com\/es\/blog\/#\/schema\/person\/image\/","url":"https:\/\/www.isdin.com\/es\/blog\/wp-content\/uploads\/2017\/07\/jjjj.jpg","contentUrl":"https:\/\/www.isdin.com\/es\/blog\/wp-content\/uploads\/2017\/07\/jjjj.jpg","caption":"Belinda Mart\u00ednez"},"description":"Belinda es periodista y copywriter creativa. Tras a\u00f1os de experiencia, decidi\u00f3 fusionar sus habilidades de escritura con su amor por el skincare, convirti\u00e9ndose en una especialista en la materia. \u00bfSu imprescindible? Un buen b\u00e1lsamo de labios.","sameAs":["https:\/\/www.linkedin.com\/in\/thisisbel\/"],"url":"https:\/\/www.isdin.com\/es\/blog\/author\/belindamartinez\/"}]}},"_links":{"self":[{"href":"https:\/\/www.isdin.com\/es\/blog\/wp-json\/wp\/v2\/posts\/9076","targetHints":{"allow":["GET"]}}],"collection":[{"href":"https:\/\/www.isdin.com\/es\/blog\/wp-json\/wp\/v2\/posts"}],"about":[{"href":"https:\/\/www.isdin.com\/es\/blog\/wp-json\/wp\/v2\/types\/post"}],"author":[{"embeddable":true,"href":"https:\/\/www.isdin.com\/es\/blog\/wp-json\/wp\/v2\/users\/69"}],"replies":[{"embeddable":true,"href":"https:\/\/www.isdin.com\/es\/blog\/wp-json\/wp\/v2\/comments?post=9076"}],"version-history":[{"count":1,"href":"https:\/\/www.isdin.com\/es\/blog\/wp-json\/wp\/v2\/posts\/9076\/revisions"}],"predecessor-version":[{"id":9083,"href":"https:\/\/www.isdin.com\/es\/blog\/wp-json\/wp\/v2\/posts\/9076\/revisions\/9083"}],"wp:featuredmedia":[{"embeddable":true,"href":"https:\/\/www.isdin.com\/es\/blog\/wp-json\/wp\/v2\/media\/9078"}],"wp:attachment":[{"href":"https:\/\/www.isdin.com\/es\/blog\/wp-json\/wp\/v2\/media?parent=9076"}],"wp:term":[{"taxonomy":"category","embeddable":true,"href":"https:\/\/www.isdin.com\/es\/blog\/wp-json\/wp\/v2\/categories?post=9076"},{"taxonomy":"post_tag","embeddable":true,"href":"https:\/\/www.isdin.com\/es\/blog\/wp-json\/wp\/v2\/tags?post=9076"}],"curies":[{"name":"wp","href":"https:\/\/api.w.org\/{rel}","templated":true}]}}