{"id":9010,"date":"2023-10-31T16:27:07","date_gmt":"2023-10-31T16:27:07","guid":{"rendered":"https:\/\/www.isdin.com\/es\/blog\/?p=9010"},"modified":"2023-11-03T10:58:05","modified_gmt":"2023-11-03T10:58:05","slug":"ona-carbonell-viaje-por-la-maternidad","status":"publish","type":"post","link":"https:\/\/www.isdin.com\/es\/blog\/ona-carbonell-viaje-por-la-maternidad\/","title":{"rendered":"Ona Carbonell: visibilizando lo invisible de la maternidad"},"content":{"rendered":"\n<p>La maternidad es mucho m\u00e1s que una simple palabra: es dedicaci\u00f3n, es ilusi\u00f3n, es amor. Pero tambi\u00e9n es miedo, desconocimiento y responsabilidad. En definitiva, la maternidad es una decisi\u00f3n muy personal y a veces contradictoria que nos cambia como mujeres por dentro y por fuera.<\/p>\n\n\n\n<p>Kai y Teo han sido para Ona Carbonell ese cambio. \u201cEstoy super feliz de ser mam\u00e1. Educar es la cosa m\u00e1s maravillosa y dif\u00edcil del mundo\u201d, comenta la deportista de \u00e9lite con una sonrisa de oreja a oreja. Y aunque este proyecto de vida fuera buscado y deseado, emprender este viaje le hizo abrir los ojos sobre c\u00f3mo est\u00e1 la trastienda de la maternidad y cu\u00e1ntas cosas hay no se cuentan.<\/p>\n\n\n\n<h2 class=\"wp-block-heading\" id=\"h-todas-lo-sienten-pocas-lo-comparten\">Todas lo sienten. Pocas lo comparten<\/h2>\n\n\n\n<p>Como muchas otras mujeres con su primer embarazo, tambi\u00e9n Ona se vio envuelta en una marea de dudas e incertidumbre que nada tuvo que ver con el segundo embarazo: \u201cCompartir es super importante. Para m\u00ed, el segundo embarazo fue un cambio radical solo por saber lo que me iba a encontrar, lo que era normal y lo que ten\u00eda soluci\u00f3n.<strong> Ojal\u00e1 se pudiera hablar mucho m\u00e1s de todo esto\u201d.<\/strong><\/p>\n\n\n\n<figure class=\"wp-block-image size-large\"><img loading=\"lazy\" decoding=\"async\" width=\"1024\" height=\"527\" src=\"data:image\/gif;base64,R0lGODlhAQABAAAAACH5BAEKAAEALAAAAAABAAEAAAICTAEAOw==\" data-src=\"https:\/\/www.isdin.com\/es\/blog\/wp-content\/uploads\/2023\/10\/2023_Blog_Pregnancy_Ona_IMG02-1024x527.jpg\" alt=\"Ona y su primer embarazo\" class=\"wp-image-9015 lazyload\" data-sizes=\"auto\" data-srcset=\"https:\/\/www.isdin.com\/es\/blog\/wp-content\/uploads\/2023\/10\/2023_Blog_Pregnancy_Ona_IMG02-1024x527.jpg 1024w, https:\/\/www.isdin.com\/es\/blog\/wp-content\/uploads\/2023\/10\/2023_Blog_Pregnancy_Ona_IMG02-300x155.jpg 300w, https:\/\/www.isdin.com\/es\/blog\/wp-content\/uploads\/2023\/10\/2023_Blog_Pregnancy_Ona_IMG02-150x77.jpg 150w, https:\/\/www.isdin.com\/es\/blog\/wp-content\/uploads\/2023\/10\/2023_Blog_Pregnancy_Ona_IMG02-768x396.jpg 768w, https:\/\/www.isdin.com\/es\/blog\/wp-content\/uploads\/2023\/10\/2023_Blog_Pregnancy_Ona_IMG02-585x300.jpg 585w, https:\/\/www.isdin.com\/es\/blog\/wp-content\/uploads\/2023\/10\/2023_Blog_Pregnancy_Ona_IMG02-450x232.jpg 450w, https:\/\/www.isdin.com\/es\/blog\/wp-content\/uploads\/2023\/10\/2023_Blog_Pregnancy_Ona_IMG02-20x11.jpg 20w, https:\/\/www.isdin.com\/es\/blog\/wp-content\/uploads\/2023\/10\/2023_Blog_Pregnancy_Ona_IMG02-225x116.jpg 225w, https:\/\/www.isdin.com\/es\/blog\/wp-content\/uploads\/2023\/10\/2023_Blog_Pregnancy_Ona_IMG02-900x464.jpg 900w, https:\/\/www.isdin.com\/es\/blog\/wp-content\/uploads\/2023\/10\/2023_Blog_Pregnancy_Ona_IMG02.jpg 1200w\" sizes=\"auto, (max-width: 1024px) 100vw, 1024px\" \/><\/figure>\n\n\n\n<p><\/p>\n\n\n\n<p>Ella nos recuerda la importancia de hablar del \u2018despu\u00e9s de\u2019 y de las cosas que les puede pasar a las mam\u00e1s. La importancia reside en saber lo que te vas a encontrar y saber que muchas cosas, aunque te parezcan raras, son totalmente normales. \u201cLa mam\u00e1 va a pasar por muchas cosas muy <em>heavys<\/em>: sangrar durante la cuarentena, tener fisuras, di\u00e1stasis\u2026 Pero la buena noticia es que todo tiene soluci\u00f3n\u201d, nos explica.<\/p>\n\n\n\n<p>Dentro de esos cambios, Ona tambi\u00e9n experiment\u00f3 otros como ca\u00edda capilar, u\u00f1as quebradizas o las tan comunes <a href=\"https:\/\/www.isdin.com\/es\/blog\/manchas-de-embarazo-melasma-gestacional\/\">manchas en la piel<\/a>. \u201cEn el segundo embarazo tambi\u00e9n me pas\u00f3, pero ya sab\u00eda lo que era. Sab\u00eda que era normal y que todas pasamos por esas cosas\u201d, nos comparte \u00edntimamente.<\/p>\n\n\n\n<h2 class=\"wp-block-heading\" id=\"h-ser-mama-un-motor-de-cambio\">Ser mam\u00e1, un motor de cambio<\/h2>\n\n\n\n<p>Como madre y deportista de \u00e9lite, los Juegos Ol\u00edmpicos de Tokio llegaron justo en el momento en el que estaba dando el pecho a su primer hijo, Kai, y sin quererlo su situaci\u00f3n lleg\u00f3 a los medios de comunicaci\u00f3n de todo el mundo. \u201cYo creo que es un tema que cada vez interesa m\u00e1s a todos y a todas. El no tener facilidad en conciliar la lactancia y la maternidad es algo que no puede seguir existiendo. Queda mucho por hacer y no solo en el mundo del deporte, pero estamos por el buen camino\u201d, nos confiesa.<\/p>\n\n\n\n<p>Por eso, como madre y deportista de \u00e9lite, Ona ha creado la Comisi\u00f3n de la Maternidad y el Deporte en el Comit\u00e9 Ol\u00edmpico Espa\u00f1ol, un espacio seguro y enfocado a la lucha de la conciliaci\u00f3n de la mujer en el mundo del deporte. \u201cEstamos trabajando de cara a Par\u00eds y, a largo plazo, de cara al futuro del deporte espa\u00f1ol. Queremos que cada vez sean m\u00e1s las mujeres que si quieren, puedan quedarse embarazadas, que no tengan temor. Darles m\u00e1s herramientas, m\u00e1s profesionales, lugares como salas de <a href=\"https:\/\/www.isdin.com\/es\/blog\/guia-de-lactancia-y-biberon\/\">lactancia<\/a>, guarder\u00edas\u2026<strong> y, sobre todo, acceso a profesionales para el posparto\u201d.<\/strong><\/p>\n\n\n\n<figure class=\"wp-block-image size-large\"><img loading=\"lazy\" decoding=\"async\" width=\"1024\" height=\"527\" src=\"data:image\/gif;base64,R0lGODlhAQABAAAAACH5BAEKAAEALAAAAAABAAEAAAICTAEAOw==\" data-src=\"https:\/\/www.isdin.com\/es\/blog\/wp-content\/uploads\/2023\/10\/2023_Blog_Pregnancy_Ona_IMG03-1024x527.jpg\" alt=\"ona-carbonell-viaje-por-la-maternidad\" class=\"wp-image-9013 lazyload\" data-sizes=\"auto\" data-srcset=\"https:\/\/www.isdin.com\/es\/blog\/wp-content\/uploads\/2023\/10\/2023_Blog_Pregnancy_Ona_IMG03-1024x527.jpg 1024w, https:\/\/www.isdin.com\/es\/blog\/wp-content\/uploads\/2023\/10\/2023_Blog_Pregnancy_Ona_IMG03-300x155.jpg 300w, https:\/\/www.isdin.com\/es\/blog\/wp-content\/uploads\/2023\/10\/2023_Blog_Pregnancy_Ona_IMG03-150x77.jpg 150w, https:\/\/www.isdin.com\/es\/blog\/wp-content\/uploads\/2023\/10\/2023_Blog_Pregnancy_Ona_IMG03-768x396.jpg 768w, https:\/\/www.isdin.com\/es\/blog\/wp-content\/uploads\/2023\/10\/2023_Blog_Pregnancy_Ona_IMG03-585x300.jpg 585w, https:\/\/www.isdin.com\/es\/blog\/wp-content\/uploads\/2023\/10\/2023_Blog_Pregnancy_Ona_IMG03-450x232.jpg 450w, https:\/\/www.isdin.com\/es\/blog\/wp-content\/uploads\/2023\/10\/2023_Blog_Pregnancy_Ona_IMG03-20x11.jpg 20w, https:\/\/www.isdin.com\/es\/blog\/wp-content\/uploads\/2023\/10\/2023_Blog_Pregnancy_Ona_IMG03-225x116.jpg 225w, https:\/\/www.isdin.com\/es\/blog\/wp-content\/uploads\/2023\/10\/2023_Blog_Pregnancy_Ona_IMG03-900x464.jpg 900w, https:\/\/www.isdin.com\/es\/blog\/wp-content\/uploads\/2023\/10\/2023_Blog_Pregnancy_Ona_IMG03.jpg 1200w\" sizes=\"auto, (max-width: 1024px) 100vw, 1024px\" \/><\/figure>\n\n\n\n<p><\/p>\n\n\n\n<blockquote class=\"wp-block-quote is-layout-flow wp-block-quote-is-layout-flow\">\n<p>&#8220;El no tener facilidad en conciliar la lactancia y la maternidad es algo que no puede seguir existiendo. Queda mucho por hacer y no solo en el mundo del deporte, pero estamos por el buen camino\u201d<\/p>\n<cite>Ona Carbonell<\/cite><\/blockquote>\n\n\n\n<p>El mensaje lo tiene claro: <strong>no hay que renunciar a una cosa por otra, se tienen que poder hacer ambas. <\/strong>Y, sea cual sea tu decisi\u00f3n, no sentirte culpable o juzgada por nadie. \u00bfSu sue\u00f1o con este proyecto? Que en unos a\u00f1os ya no estemos hablando de esto porque eso significar\u00e1 que es cien por cien real la conciliaci\u00f3n entre deportistas de \u00e9lite y maternidad.<\/p>\n\n\n\n<h2 class=\"wp-block-heading\" id=\"h-el-cuidado-durante-el-embarazo-no-se-descuida\">El cuidado durante el embarazo no se descuida<\/h2>\n\n\n\n<p>Como deportista de \u00e9lite, Ona Carbonell siempre ha tenido mucha conciencia de su cuerpo y su salud. Pero esto se acentu\u00f3 m\u00e1s durante el embarazo: \u201cSi te cuidas durante el embarazo, si haces ejercicio, si tratas tu piel seg\u00fan sus necesidades\u2026 luego se nota\u201d, afirma.<\/p>\n\n\n\n<h3 class=\"wp-block-heading\" id=\"h-por-un-embarazo-activo\">Por un embarazo activo<\/h3>\n\n\n\n<p>Olvid\u00e9monos de esta creencia: estar embarazada no es estar enferma. \u201cYo lo digo como madre pero si preguntas a cualquier profesional te dir\u00e1 que es mejor para ti y para el beb\u00e9 que te muevas, hagas ejercicio\u2026 Porque hay que tener un embarazo saludable en todos los sentidos\u201d, explica Ona. \u00bfSu rutina? El <a href=\"https:\/\/www.isdin.com\/es\/blog\/el-suelo-pelvico-y-el-embarazo\/\">suelo p\u00e9lvico<\/a> fue para ella clave durante y despu\u00e9s del embarazo, pero tambi\u00e9n lo compagin\u00f3 con actividades como nataci\u00f3n o andar, sobre todo en el \u00faltimo trimestre de embarazo.<\/p>\n\n\n\n<figure class=\"wp-block-image size-large\"><img loading=\"lazy\" decoding=\"async\" width=\"1024\" height=\"527\" src=\"data:image\/gif;base64,R0lGODlhAQABAAAAACH5BAEKAAEALAAAAAABAAEAAAICTAEAOw==\" data-src=\"https:\/\/www.isdin.com\/es\/blog\/wp-content\/uploads\/2023\/10\/2023_Blog_Pregnancy_Ona_IMG08-1024x527.jpg\" alt=\"ona carbonell deporte embarazo\" class=\"wp-image-9017 lazyload\" data-sizes=\"auto\" data-srcset=\"https:\/\/www.isdin.com\/es\/blog\/wp-content\/uploads\/2023\/10\/2023_Blog_Pregnancy_Ona_IMG08-1024x527.jpg 1024w, https:\/\/www.isdin.com\/es\/blog\/wp-content\/uploads\/2023\/10\/2023_Blog_Pregnancy_Ona_IMG08-300x155.jpg 300w, https:\/\/www.isdin.com\/es\/blog\/wp-content\/uploads\/2023\/10\/2023_Blog_Pregnancy_Ona_IMG08-150x77.jpg 150w, https:\/\/www.isdin.com\/es\/blog\/wp-content\/uploads\/2023\/10\/2023_Blog_Pregnancy_Ona_IMG08-768x396.jpg 768w, https:\/\/www.isdin.com\/es\/blog\/wp-content\/uploads\/2023\/10\/2023_Blog_Pregnancy_Ona_IMG08-585x300.jpg 585w, https:\/\/www.isdin.com\/es\/blog\/wp-content\/uploads\/2023\/10\/2023_Blog_Pregnancy_Ona_IMG08-450x232.jpg 450w, https:\/\/www.isdin.com\/es\/blog\/wp-content\/uploads\/2023\/10\/2023_Blog_Pregnancy_Ona_IMG08-20x11.jpg 20w, https:\/\/www.isdin.com\/es\/blog\/wp-content\/uploads\/2023\/10\/2023_Blog_Pregnancy_Ona_IMG08-225x116.jpg 225w, https:\/\/www.isdin.com\/es\/blog\/wp-content\/uploads\/2023\/10\/2023_Blog_Pregnancy_Ona_IMG08-900x464.jpg 900w, https:\/\/www.isdin.com\/es\/blog\/wp-content\/uploads\/2023\/10\/2023_Blog_Pregnancy_Ona_IMG08.jpg 1200w\" sizes=\"auto, (max-width: 1024px) 100vw, 1024px\" \/><\/figure>\n\n\n\n<p><\/p>\n\n\n\n<p><strong>Tambi\u00e9n nos recuerda la importancia de tener a los profesionales de cada \u00e1mbito cerca. <\/strong>Sea c\u00f3mo sea nuestro embarazo, al final es un mundo desconocido y necesitamos una gu\u00eda experta. \u201cMi primer embarazo fue durante la pandemia y no pod\u00eda salir de casa, as\u00ed que no hice mucho deporte. Pero el posparto fue muy guay porque, aunque parezca una locura, me preparaba para los Juegos de Tokio. Tuve a un entrenador espec\u00edfico que sab\u00eda mucho de embarazo y \u00a1hasta una asesora de lactancia!\u201d, nos explica.<\/p>\n\n\n\n<p>Otro tema que Ona no quiere pasar por alto es la influencia de las redes sociales en la maternidad. \u201cHasta siendo deportista de \u00e9lite, me ha costado mogoll\u00f3n que el cuerpo vuelva a ser el de antes. Aun a d\u00eda de hoy no tengo la misma barriga\u201d, confiesa tranquila y entre risas. \u00bfLo bueno? Con tiempo y cuidado, el cuerpo y la mente pueden con todo: poco a poco todo volver\u00e1 a su lugar.<\/p>\n\n\n\n<blockquote class=\"wp-block-quote is-layout-flow wp-block-quote-is-layout-flow\">\n<p>\u201cHasta siendo deportista de \u00e9lite, me ha costado mogoll\u00f3n que el cuerpo vuelva a ser el de antes. Aun a d\u00eda de hoy no tengo la misma barriga\u201d<\/p>\n<cite>Ona Carbonell<\/cite><\/blockquote>\n\n\n\n<h3 class=\"wp-block-heading\" id=\"h-por-un-embarazo-tambien-con-momentos-para-ti\">Por un embarazo (tambi\u00e9n) con momentos para ti<\/h3>\n\n\n\n<figure class=\"wp-block-image size-large\"><img loading=\"lazy\" decoding=\"async\" width=\"1024\" height=\"527\" src=\"data:image\/gif;base64,R0lGODlhAQABAAAAACH5BAEKAAEALAAAAAABAAEAAAICTAEAOw==\" data-src=\"https:\/\/www.isdin.com\/es\/blog\/wp-content\/uploads\/2023\/10\/2023_Blog_Pregnancy_Ona_IMG03-2-1024x527.jpg\" alt=\"Por un embarazo (tambi\u00e9n) con momentos para ti\" class=\"wp-image-9014 lazyload\" data-sizes=\"auto\" data-srcset=\"https:\/\/www.isdin.com\/es\/blog\/wp-content\/uploads\/2023\/10\/2023_Blog_Pregnancy_Ona_IMG03-2-1024x527.jpg 1024w, https:\/\/www.isdin.com\/es\/blog\/wp-content\/uploads\/2023\/10\/2023_Blog_Pregnancy_Ona_IMG03-2-300x155.jpg 300w, https:\/\/www.isdin.com\/es\/blog\/wp-content\/uploads\/2023\/10\/2023_Blog_Pregnancy_Ona_IMG03-2-150x77.jpg 150w, https:\/\/www.isdin.com\/es\/blog\/wp-content\/uploads\/2023\/10\/2023_Blog_Pregnancy_Ona_IMG03-2-768x396.jpg 768w, https:\/\/www.isdin.com\/es\/blog\/wp-content\/uploads\/2023\/10\/2023_Blog_Pregnancy_Ona_IMG03-2-585x300.jpg 585w, https:\/\/www.isdin.com\/es\/blog\/wp-content\/uploads\/2023\/10\/2023_Blog_Pregnancy_Ona_IMG03-2-450x232.jpg 450w, https:\/\/www.isdin.com\/es\/blog\/wp-content\/uploads\/2023\/10\/2023_Blog_Pregnancy_Ona_IMG03-2-20x11.jpg 20w, https:\/\/www.isdin.com\/es\/blog\/wp-content\/uploads\/2023\/10\/2023_Blog_Pregnancy_Ona_IMG03-2-225x116.jpg 225w, https:\/\/www.isdin.com\/es\/blog\/wp-content\/uploads\/2023\/10\/2023_Blog_Pregnancy_Ona_IMG03-2-900x464.jpg 900w, https:\/\/www.isdin.com\/es\/blog\/wp-content\/uploads\/2023\/10\/2023_Blog_Pregnancy_Ona_IMG03-2.jpg 1200w\" sizes=\"auto, (max-width: 1024px) 100vw, 1024px\" \/><\/figure>\n\n\n\n<p><\/p>\n\n\n\n<p>Durante el embarazo, tener momentos para ti, donde el cuidado se convierte en el centro, es algo muy importante. Para ella, el <em>skincare<\/em> era uno de esos momentos personales que le hac\u00edan conectar con ella de nuevo. \u201cPara todo lo relacionado con la piel, ISDIN siempre me acompa\u00f1\u00f3 y gui\u00f3 para tener los productos adecuados durante el embarazo\u201d, nos dice Ona. <strong>Para ella, la hidrataci\u00f3n fue fundamental, sobre todo para no tener <a href=\"https:\/\/www.isdin.com\/es\/blog\/cuidado-de-la-piel-durante-el-embarazo\/\">estr\u00edas tras el parto<\/a>.<\/strong><\/p>\n\n\n\n<p>Pero, sobre todo, Ona nos confiesa que cuando m\u00e1s tienes que acordarte de tu cuidado es una vez que ha nacido el beb\u00e9. \u201cUna vez que el beb\u00e9 nace es como que solo existe \u00e9l. Y es importante tambi\u00e9n explicar que nos tenemos que seguir cuidando, porque cuanto mejor est\u00e9s t\u00fa mejor estar\u00e1 tambi\u00e9n tu beb\u00e9\u201d, confiesa con perspectiva.<\/p>\n\n\n\n<p>El viaje de Ona no ha terminado, solo acaba de empezar. Y es que la maternidad es eso, un viaje que nunca acaba. Un concepto tan amplio y que engloba tantas cosas que, por mucho que tuvi\u00e9ramos m\u00e1s historias como la de Ona nunca llegar\u00edamos a capturar todo lo que significa. Pero, justamente, ah\u00ed reside su magia. En que cada viaje por la maternidad es \u00fanico, especial y muy, muy personal. <strong>\u00a1A disfrutarlo mam\u00e1!<\/strong><\/p>\n\n\n\n<figure class=\"wp-block-image size-large\"><img loading=\"lazy\" decoding=\"async\" width=\"1024\" height=\"527\" src=\"data:image\/gif;base64,R0lGODlhAQABAAAAACH5BAEKAAEALAAAAAABAAEAAAICTAEAOw==\" data-src=\"https:\/\/www.isdin.com\/es\/blog\/wp-content\/uploads\/2023\/10\/2023_Blog_Pregnancy_Ona_IMG04-1024x527.jpg\" alt=\"cada viaje por la maternidad es \u00fanico\" class=\"wp-image-9012 lazyload\" data-sizes=\"auto\" data-srcset=\"https:\/\/www.isdin.com\/es\/blog\/wp-content\/uploads\/2023\/10\/2023_Blog_Pregnancy_Ona_IMG04-1024x527.jpg 1024w, https:\/\/www.isdin.com\/es\/blog\/wp-content\/uploads\/2023\/10\/2023_Blog_Pregnancy_Ona_IMG04-300x155.jpg 300w, https:\/\/www.isdin.com\/es\/blog\/wp-content\/uploads\/2023\/10\/2023_Blog_Pregnancy_Ona_IMG04-150x77.jpg 150w, https:\/\/www.isdin.com\/es\/blog\/wp-content\/uploads\/2023\/10\/2023_Blog_Pregnancy_Ona_IMG04-768x396.jpg 768w, https:\/\/www.isdin.com\/es\/blog\/wp-content\/uploads\/2023\/10\/2023_Blog_Pregnancy_Ona_IMG04-585x300.jpg 585w, https:\/\/www.isdin.com\/es\/blog\/wp-content\/uploads\/2023\/10\/2023_Blog_Pregnancy_Ona_IMG04-450x232.jpg 450w, https:\/\/www.isdin.com\/es\/blog\/wp-content\/uploads\/2023\/10\/2023_Blog_Pregnancy_Ona_IMG04-20x11.jpg 20w, https:\/\/www.isdin.com\/es\/blog\/wp-content\/uploads\/2023\/10\/2023_Blog_Pregnancy_Ona_IMG04-225x116.jpg 225w, https:\/\/www.isdin.com\/es\/blog\/wp-content\/uploads\/2023\/10\/2023_Blog_Pregnancy_Ona_IMG04-900x464.jpg 900w, https:\/\/www.isdin.com\/es\/blog\/wp-content\/uploads\/2023\/10\/2023_Blog_Pregnancy_Ona_IMG04.jpg 1200w\" sizes=\"auto, (max-width: 1024px) 100vw, 1024px\" \/><\/figure>\n","protected":false},"excerpt":{"rendered":"<p>La maternidad es mucho m\u00e1s que una simple palabra: es dedicaci\u00f3n, es ilusi\u00f3n, es amor. Pero tambi\u00e9n es miedo, desconocimiento y responsabilidad. En definitiva, la maternidad es una decisi\u00f3n muy personal y a veces contradictoria que nos cambia como mujeres por dentro y por fuera. Kai y Teo han sido para Ona Carbonell ese cambio.&hellip;<\/p>\n","protected":false},"author":72,"featured_media":9020,"comment_status":"closed","ping_status":"closed","sticky":false,"template":"","format":"image","meta":{"footnotes":""},"categories":[1,104,105],"tags":[],"class_list":["post-9010","post","type-post","status-publish","format-image","has-post-thumbnail","hentry","category-consejos-cuidados","category-embarazo-bebes","category-salud-mujer","post_format-post-format-image"],"yoast_head":"<!-- This site is optimized with the Yoast SEO Premium plugin v25.4 (Yoast SEO v25.4) - https:\/\/yoast.com\/wordpress\/plugins\/seo\/ -->\n<title>Ona Carbonell: visibilizando lo invisible de la maternidad - ISDIN<\/title>\n<meta name=\"robots\" content=\"index, follow, max-snippet:-1, max-image-preview:large, max-video-preview:-1\" \/>\n<link rel=\"canonical\" href=\"https:\/\/www.isdin.com\/es\/blog\/ona-carbonell-viaje-por-la-maternidad\/\" \/>\n<meta property=\"og:locale\" content=\"es_ES\" \/>\n<meta property=\"og:type\" content=\"article\" \/>\n<meta property=\"og:title\" content=\"Ona Carbonell: visibilizando lo invisible de la maternidad\" \/>\n<meta property=\"og:description\" content=\"La maternidad es mucho m\u00e1s que una simple palabra: es dedicaci\u00f3n, es ilusi\u00f3n, es amor. Pero tambi\u00e9n es miedo, desconocimiento y responsabilidad. En definitiva, la maternidad es una decisi\u00f3n muy personal y a veces contradictoria que nos cambia como mujeres por dentro y por fuera. Kai y Teo han sido para Ona Carbonell ese cambio.&hellip;\" \/>\n<meta property=\"og:url\" content=\"https:\/\/www.isdin.com\/es\/blog\/ona-carbonell-viaje-por-la-maternidad\/\" \/>\n<meta property=\"og:site_name\" content=\"ISDIN\" \/>\n<meta property=\"article:publisher\" content=\"https:\/\/es-es.facebook.com\/ISDIN.official\/\" \/>\n<meta property=\"article:published_time\" content=\"2023-10-31T16:27:07+00:00\" \/>\n<meta property=\"article:modified_time\" content=\"2023-11-03T10:58:05+00:00\" \/>\n<meta property=\"og:image\" content=\"https:\/\/www.isdin.com\/es\/blog\/wp-content\/uploads\/2023\/10\/Ona-Carbonell.png\" \/>\n\t<meta property=\"og:image:width\" content=\"1200\" \/>\n\t<meta property=\"og:image:height\" content=\"760\" \/>\n\t<meta property=\"og:image:type\" content=\"image\/png\" \/>\n<meta name=\"author\" content=\"Nerea Zaballa\" \/>\n<meta name=\"twitter:card\" content=\"summary_large_image\" \/>\n<meta name=\"twitter:creator\" content=\"@isdin_official\" \/>\n<meta name=\"twitter:site\" content=\"@isdin_official\" \/>\n<meta name=\"twitter:label1\" content=\"Written by\" \/>\n\t<meta name=\"twitter:data1\" content=\"Nerea Zaballa\" \/>\n\t<meta name=\"twitter:label2\" content=\"Est. reading time\" \/>\n\t<meta name=\"twitter:data2\" content=\"6 minutes\" \/>\n<script type=\"application\/ld+json\" class=\"yoast-schema-graph\">{\"@context\":\"https:\/\/schema.org\",\"@graph\":[{\"@type\":\"Article\",\"@id\":\"https:\/\/www.isdin.com\/es\/blog\/ona-carbonell-viaje-por-la-maternidad\/#article\",\"isPartOf\":{\"@id\":\"https:\/\/www.isdin.com\/es\/blog\/ona-carbonell-viaje-por-la-maternidad\/\"},\"author\":{\"name\":\"Nerea Zaballa\",\"@id\":\"https:\/\/www.isdin.com\/es\/blog\/#\/schema\/person\/3c124ee89a8ad533633717dab4aee789\"},\"headline\":\"Ona Carbonell: visibilizando lo invisible de la maternidad\",\"datePublished\":\"2023-10-31T16:27:07+00:00\",\"dateModified\":\"2023-11-03T10:58:05+00:00\",\"mainEntityOfPage\":{\"@id\":\"https:\/\/www.isdin.com\/es\/blog\/ona-carbonell-viaje-por-la-maternidad\/\"},\"wordCount\":1237,\"publisher\":{\"@id\":\"https:\/\/www.isdin.com\/es\/blog\/#organization\"},\"image\":{\"@id\":\"https:\/\/www.isdin.com\/es\/blog\/ona-carbonell-viaje-por-la-maternidad\/#primaryimage\"},\"thumbnailUrl\":\"https:\/\/www.isdin.com\/es\/blog\/wp-content\/uploads\/2023\/10\/Ona-Carbonell.png\",\"articleSection\":[\"Consejos y cuidados\",\"Embarazo y beb\u00e9s\",\"Salud de la mujer\"],\"inLanguage\":\"es-ES\"},{\"@type\":\"WebPage\",\"@id\":\"https:\/\/www.isdin.com\/es\/blog\/ona-carbonell-viaje-por-la-maternidad\/\",\"url\":\"https:\/\/www.isdin.com\/es\/blog\/ona-carbonell-viaje-por-la-maternidad\/\",\"name\":\"Ona Carbonell: visibilizando lo invisible de la maternidad - ISDIN\",\"isPartOf\":{\"@id\":\"https:\/\/www.isdin.com\/es\/blog\/#website\"},\"primaryImageOfPage\":{\"@id\":\"https:\/\/www.isdin.com\/es\/blog\/ona-carbonell-viaje-por-la-maternidad\/#primaryimage\"},\"image\":{\"@id\":\"https:\/\/www.isdin.com\/es\/blog\/ona-carbonell-viaje-por-la-maternidad\/#primaryimage\"},\"thumbnailUrl\":\"https:\/\/www.isdin.com\/es\/blog\/wp-content\/uploads\/2023\/10\/Ona-Carbonell.png\",\"datePublished\":\"2023-10-31T16:27:07+00:00\",\"dateModified\":\"2023-11-03T10:58:05+00:00\",\"breadcrumb\":{\"@id\":\"https:\/\/www.isdin.com\/es\/blog\/ona-carbonell-viaje-por-la-maternidad\/#breadcrumb\"},\"inLanguage\":\"es-ES\",\"potentialAction\":[{\"@type\":\"ReadAction\",\"target\":[\"https:\/\/www.isdin.com\/es\/blog\/ona-carbonell-viaje-por-la-maternidad\/\"]}]},{\"@type\":\"ImageObject\",\"inLanguage\":\"es-ES\",\"@id\":\"https:\/\/www.isdin.com\/es\/blog\/ona-carbonell-viaje-por-la-maternidad\/#primaryimage\",\"url\":\"https:\/\/www.isdin.com\/es\/blog\/wp-content\/uploads\/2023\/10\/Ona-Carbonell.png\",\"contentUrl\":\"https:\/\/www.isdin.com\/es\/blog\/wp-content\/uploads\/2023\/10\/Ona-Carbonell.png\",\"width\":1200,\"height\":760},{\"@type\":\"BreadcrumbList\",\"@id\":\"https:\/\/www.isdin.com\/es\/blog\/ona-carbonell-viaje-por-la-maternidad\/#breadcrumb\",\"itemListElement\":[{\"@type\":\"ListItem\",\"position\":1,\"name\":\"Portada\",\"item\":\"https:\/\/www.isdin.com\/es\/blog\/\"},{\"@type\":\"ListItem\",\"position\":2,\"name\":\"Ona Carbonell: visibilizando lo invisible de la maternidad\"}]},{\"@type\":\"WebSite\",\"@id\":\"https:\/\/www.isdin.com\/es\/blog\/#website\",\"url\":\"https:\/\/www.isdin.com\/es\/blog\/\",\"name\":\"ISDIN\",\"description\":\"Novedades, lanzamientos de productos y toda la experiencia de ISDIN\",\"publisher\":{\"@id\":\"https:\/\/www.isdin.com\/es\/blog\/#organization\"},\"potentialAction\":[{\"@type\":\"SearchAction\",\"target\":{\"@type\":\"EntryPoint\",\"urlTemplate\":\"https:\/\/www.isdin.com\/es\/blog\/?s={search_term_string}\"},\"query-input\":{\"@type\":\"PropertyValueSpecification\",\"valueRequired\":true,\"valueName\":\"search_term_string\"}}],\"inLanguage\":\"es-ES\"},{\"@type\":\"Organization\",\"@id\":\"https:\/\/www.isdin.com\/es\/blog\/#organization\",\"name\":\"ISDIN\",\"alternateName\":\"ISDIN\",\"url\":\"https:\/\/www.isdin.com\/es\/blog\/\",\"logo\":{\"@type\":\"ImageObject\",\"inLanguage\":\"es-ES\",\"@id\":\"https:\/\/www.isdin.com\/es\/blog\/#\/schema\/logo\/image\/\",\"url\":\"https:\/\/www.isdin.com\/es\/blog\/wp-content\/uploads\/2024\/05\/2025_03_GuiaFoto_FWM.png\",\"contentUrl\":\"https:\/\/www.isdin.com\/es\/blog\/wp-content\/uploads\/2024\/05\/2025_03_GuiaFoto_FWM.png\",\"width\":670,\"height\":683,\"caption\":\"ISDIN\"},\"image\":{\"@id\":\"https:\/\/www.isdin.com\/es\/blog\/#\/schema\/logo\/image\/\"},\"sameAs\":[\"https:\/\/es-es.facebook.com\/ISDIN.official\/\",\"https:\/\/x.com\/isdin_official\",\"https:\/\/www.instagram.com\/isdinofficial\",\"https:\/\/www.youtube.com\/channel\/UCtoNJMKpDwdFLqgV23_lcqg\"],\"telephone\":\"659997812\"},{\"@type\":\"Person\",\"@id\":\"https:\/\/www.isdin.com\/es\/blog\/#\/schema\/person\/3c124ee89a8ad533633717dab4aee789\",\"name\":\"Nerea Zaballa\",\"image\":{\"@type\":\"ImageObject\",\"inLanguage\":\"es-ES\",\"@id\":\"https:\/\/www.isdin.com\/es\/blog\/#\/schema\/person\/image\/\",\"url\":\"https:\/\/www.isdin.com\/es\/blog\/wp-content\/uploads\/2017\/07\/Nerea-headshot-scaled.jpg\",\"contentUrl\":\"https:\/\/www.isdin.com\/es\/blog\/wp-content\/uploads\/2017\/07\/Nerea-headshot-scaled.jpg\",\"caption\":\"Nerea Zaballa\"},\"description\":\"Nerea es periodista, editora y comunicadora. De Forbes a Modaes, sus palabras han trasmitido la pasi\u00f3n por la belleza y la moda, inspirando a lectores y amantes del lifestyle. \u00bfSu momento beauty favorito? Dedicar tiempo, cada d\u00eda, a su rutina facial minimalista.\",\"jobTitle\":\"Escritora y Editora Lifestyle\",\"url\":\"https:\/\/www.isdin.com\/es\/blog\/author\/nerea-zaballa\/\"}]}<\/script>\n<!-- \/ Yoast SEO Premium plugin. -->","yoast_head_json":{"title":"Ona Carbonell: visibilizando lo invisible de la maternidad - ISDIN","robots":{"index":"index","follow":"follow","max-snippet":"max-snippet:-1","max-image-preview":"max-image-preview:large","max-video-preview":"max-video-preview:-1"},"canonical":"https:\/\/www.isdin.com\/es\/blog\/ona-carbonell-viaje-por-la-maternidad\/","og_locale":"es_ES","og_type":"article","og_title":"Ona Carbonell: visibilizando lo invisible de la maternidad","og_description":"La maternidad es mucho m\u00e1s que una simple palabra: es dedicaci\u00f3n, es ilusi\u00f3n, es amor. Pero tambi\u00e9n es miedo, desconocimiento y responsabilidad. En definitiva, la maternidad es una decisi\u00f3n muy personal y a veces contradictoria que nos cambia como mujeres por dentro y por fuera. Kai y Teo han sido para Ona Carbonell ese cambio.&hellip;","og_url":"https:\/\/www.isdin.com\/es\/blog\/ona-carbonell-viaje-por-la-maternidad\/","og_site_name":"ISDIN","article_publisher":"https:\/\/es-es.facebook.com\/ISDIN.official\/","article_published_time":"2023-10-31T16:27:07+00:00","article_modified_time":"2023-11-03T10:58:05+00:00","og_image":[{"width":1200,"height":760,"url":"https:\/\/www.isdin.com\/es\/blog\/wp-content\/uploads\/2023\/10\/Ona-Carbonell.png","type":"image\/png"}],"author":"Nerea Zaballa","twitter_card":"summary_large_image","twitter_creator":"@isdin_official","twitter_site":"@isdin_official","twitter_misc":{"Written by":"Nerea Zaballa","Est. reading time":"6 minutes"},"schema":{"@context":"https:\/\/schema.org","@graph":[{"@type":"Article","@id":"https:\/\/www.isdin.com\/es\/blog\/ona-carbonell-viaje-por-la-maternidad\/#article","isPartOf":{"@id":"https:\/\/www.isdin.com\/es\/blog\/ona-carbonell-viaje-por-la-maternidad\/"},"author":{"name":"Nerea Zaballa","@id":"https:\/\/www.isdin.com\/es\/blog\/#\/schema\/person\/3c124ee89a8ad533633717dab4aee789"},"headline":"Ona Carbonell: visibilizando lo invisible de la maternidad","datePublished":"2023-10-31T16:27:07+00:00","dateModified":"2023-11-03T10:58:05+00:00","mainEntityOfPage":{"@id":"https:\/\/www.isdin.com\/es\/blog\/ona-carbonell-viaje-por-la-maternidad\/"},"wordCount":1237,"publisher":{"@id":"https:\/\/www.isdin.com\/es\/blog\/#organization"},"image":{"@id":"https:\/\/www.isdin.com\/es\/blog\/ona-carbonell-viaje-por-la-maternidad\/#primaryimage"},"thumbnailUrl":"https:\/\/www.isdin.com\/es\/blog\/wp-content\/uploads\/2023\/10\/Ona-Carbonell.png","articleSection":["Consejos y cuidados","Embarazo y beb\u00e9s","Salud de la mujer"],"inLanguage":"es-ES"},{"@type":"WebPage","@id":"https:\/\/www.isdin.com\/es\/blog\/ona-carbonell-viaje-por-la-maternidad\/","url":"https:\/\/www.isdin.com\/es\/blog\/ona-carbonell-viaje-por-la-maternidad\/","name":"Ona Carbonell: visibilizando lo invisible de la maternidad - ISDIN","isPartOf":{"@id":"https:\/\/www.isdin.com\/es\/blog\/#website"},"primaryImageOfPage":{"@id":"https:\/\/www.isdin.com\/es\/blog\/ona-carbonell-viaje-por-la-maternidad\/#primaryimage"},"image":{"@id":"https:\/\/www.isdin.com\/es\/blog\/ona-carbonell-viaje-por-la-maternidad\/#primaryimage"},"thumbnailUrl":"https:\/\/www.isdin.com\/es\/blog\/wp-content\/uploads\/2023\/10\/Ona-Carbonell.png","datePublished":"2023-10-31T16:27:07+00:00","dateModified":"2023-11-03T10:58:05+00:00","breadcrumb":{"@id":"https:\/\/www.isdin.com\/es\/blog\/ona-carbonell-viaje-por-la-maternidad\/#breadcrumb"},"inLanguage":"es-ES","potentialAction":[{"@type":"ReadAction","target":["https:\/\/www.isdin.com\/es\/blog\/ona-carbonell-viaje-por-la-maternidad\/"]}]},{"@type":"ImageObject","inLanguage":"es-ES","@id":"https:\/\/www.isdin.com\/es\/blog\/ona-carbonell-viaje-por-la-maternidad\/#primaryimage","url":"https:\/\/www.isdin.com\/es\/blog\/wp-content\/uploads\/2023\/10\/Ona-Carbonell.png","contentUrl":"https:\/\/www.isdin.com\/es\/blog\/wp-content\/uploads\/2023\/10\/Ona-Carbonell.png","width":1200,"height":760},{"@type":"BreadcrumbList","@id":"https:\/\/www.isdin.com\/es\/blog\/ona-carbonell-viaje-por-la-maternidad\/#breadcrumb","itemListElement":[{"@type":"ListItem","position":1,"name":"Portada","item":"https:\/\/www.isdin.com\/es\/blog\/"},{"@type":"ListItem","position":2,"name":"Ona Carbonell: visibilizando lo invisible de la maternidad"}]},{"@type":"WebSite","@id":"https:\/\/www.isdin.com\/es\/blog\/#website","url":"https:\/\/www.isdin.com\/es\/blog\/","name":"ISDIN","description":"Novedades, lanzamientos de productos y toda la experiencia de ISDIN","publisher":{"@id":"https:\/\/www.isdin.com\/es\/blog\/#organization"},"potentialAction":[{"@type":"SearchAction","target":{"@type":"EntryPoint","urlTemplate":"https:\/\/www.isdin.com\/es\/blog\/?s={search_term_string}"},"query-input":{"@type":"PropertyValueSpecification","valueRequired":true,"valueName":"search_term_string"}}],"inLanguage":"es-ES"},{"@type":"Organization","@id":"https:\/\/www.isdin.com\/es\/blog\/#organization","name":"ISDIN","alternateName":"ISDIN","url":"https:\/\/www.isdin.com\/es\/blog\/","logo":{"@type":"ImageObject","inLanguage":"es-ES","@id":"https:\/\/www.isdin.com\/es\/blog\/#\/schema\/logo\/image\/","url":"https:\/\/www.isdin.com\/es\/blog\/wp-content\/uploads\/2024\/05\/2025_03_GuiaFoto_FWM.png","contentUrl":"https:\/\/www.isdin.com\/es\/blog\/wp-content\/uploads\/2024\/05\/2025_03_GuiaFoto_FWM.png","width":670,"height":683,"caption":"ISDIN"},"image":{"@id":"https:\/\/www.isdin.com\/es\/blog\/#\/schema\/logo\/image\/"},"sameAs":["https:\/\/es-es.facebook.com\/ISDIN.official\/","https:\/\/x.com\/isdin_official","https:\/\/www.instagram.com\/isdinofficial","https:\/\/www.youtube.com\/channel\/UCtoNJMKpDwdFLqgV23_lcqg"],"telephone":"659997812"},{"@type":"Person","@id":"https:\/\/www.isdin.com\/es\/blog\/#\/schema\/person\/3c124ee89a8ad533633717dab4aee789","name":"Nerea Zaballa","image":{"@type":"ImageObject","inLanguage":"es-ES","@id":"https:\/\/www.isdin.com\/es\/blog\/#\/schema\/person\/image\/","url":"https:\/\/www.isdin.com\/es\/blog\/wp-content\/uploads\/2017\/07\/Nerea-headshot-scaled.jpg","contentUrl":"https:\/\/www.isdin.com\/es\/blog\/wp-content\/uploads\/2017\/07\/Nerea-headshot-scaled.jpg","caption":"Nerea Zaballa"},"description":"Nerea es periodista, editora y comunicadora. De Forbes a Modaes, sus palabras han trasmitido la pasi\u00f3n por la belleza y la moda, inspirando a lectores y amantes del lifestyle. \u00bfSu momento beauty favorito? Dedicar tiempo, cada d\u00eda, a su rutina facial minimalista.","jobTitle":"Escritora y Editora Lifestyle","url":"https:\/\/www.isdin.com\/es\/blog\/author\/nerea-zaballa\/"}]}},"_links":{"self":[{"href":"https:\/\/www.isdin.com\/es\/blog\/wp-json\/wp\/v2\/posts\/9010","targetHints":{"allow":["GET"]}}],"collection":[{"href":"https:\/\/www.isdin.com\/es\/blog\/wp-json\/wp\/v2\/posts"}],"about":[{"href":"https:\/\/www.isdin.com\/es\/blog\/wp-json\/wp\/v2\/types\/post"}],"author":[{"embeddable":true,"href":"https:\/\/www.isdin.com\/es\/blog\/wp-json\/wp\/v2\/users\/72"}],"replies":[{"embeddable":true,"href":"https:\/\/www.isdin.com\/es\/blog\/wp-json\/wp\/v2\/comments?post=9010"}],"version-history":[{"count":3,"href":"https:\/\/www.isdin.com\/es\/blog\/wp-json\/wp\/v2\/posts\/9010\/revisions"}],"predecessor-version":[{"id":9022,"href":"https:\/\/www.isdin.com\/es\/blog\/wp-json\/wp\/v2\/posts\/9010\/revisions\/9022"}],"wp:featuredmedia":[{"embeddable":true,"href":"https:\/\/www.isdin.com\/es\/blog\/wp-json\/wp\/v2\/media\/9020"}],"wp:attachment":[{"href":"https:\/\/www.isdin.com\/es\/blog\/wp-json\/wp\/v2\/media?parent=9010"}],"wp:term":[{"taxonomy":"category","embeddable":true,"href":"https:\/\/www.isdin.com\/es\/blog\/wp-json\/wp\/v2\/categories?post=9010"},{"taxonomy":"post_tag","embeddable":true,"href":"https:\/\/www.isdin.com\/es\/blog\/wp-json\/wp\/v2\/tags?post=9010"}],"curies":[{"name":"wp","href":"https:\/\/api.w.org\/{rel}","templated":true}]}}