{"id":895,"date":"2026-04-03T09:00:00","date_gmt":"2026-04-03T09:00:00","guid":{"rendered":"https:\/\/www.isdin.com\/es\/blog\/?p=895"},"modified":"2026-04-02T17:07:02","modified_gmt":"2026-04-02T17:07:02","slug":"alergia-al-sol-que-es-tratamientos","status":"publish","type":"post","link":"https:\/\/www.isdin.com\/es\/blog\/alergia-al-sol-que-es-tratamientos\/","title":{"rendered":"Picaz\u00f3n en la piel con el sol: s\u00edntomas de la alergia solar en primavera"},"content":{"rendered":"\n<p>Con los primeros rayos c\u00e1lidos de la temporada, todo invita a salir: un paseo, un picnic improvisado o ese placentero momento de cerrar los ojos al sol. Pero, \u00bfqu\u00e9 pasa cuando, en vez de relax, el resultado es una erupci\u00f3n roja y molesta?<\/p>\n\n\n\n<p>Pues que podr\u00edas estar lidiando con <strong>alergia solar<\/strong>, una reacci\u00f3n cut\u00e1nea mucho m\u00e1s com\u00fan de lo que imaginas&#8230; aunque poca gente sabe que la tiene. Se estima que entre un 10% y un 20% de la poblaci\u00f3n en nuestro pa\u00eds la padece, especialmente cuando arrancan la primavera y el verano.<\/p>\n\n\n\n<p class=\"has-text-align-left\">Hablamos con <strong>Chiyoung Kang Park, Medical Marketing Specialist<\/strong>, para entender mejor este fen\u00f3meno y c\u00f3mo manejarlo. Hoy te contamos <strong>qu\u00e9 es exactamente la alergia al sol, qui\u00e9nes son m\u00e1s propensos a padecerla y qu\u00e9 puedes hacer para evitarla sin renunciar a los d\u00edas al aire libre<\/strong>.<\/p>\n\n\n\n<h2 class=\"wp-block-heading\" id=\"h-que-es-una-alergia-al-sol\">\u00bfQu\u00e9 es una alergia al sol?<\/h2>\n\n\n\n<p>Cuando nos sentamos con Chiyoung, quiso dejar una cosa clara desde el principio: \u201cEl t\u00e9rmino alergia al sol abarca varias condiciones. Pero, cuando la gente habla de alergia solar o erupci\u00f3n solar, por lo general se refieren a una condici\u00f3n muy com\u00fan llamada <a href=\"https:\/\/www.mayoclinic.org\/es\/diseases-conditions\/polymorphous-light-eruption\/symptoms-causes\/syc-20355868\">erupci\u00f3n polimorfa lum\u00ednica o EPL<\/a>\u201d.<\/p>\n\n\n\n<p><strong>\u00bfCu\u00e1l es la diferencia?<\/strong> Chiyoung te lo explica: \u2018\u2019La EPL es una erupci\u00f3n que aparece en \u00e1reas expuestas al sol, usualmente durante las primeras veces que te encuentras bajo sus rayos (como a principios de primavera o verano). Y es usual en tonos de piel m\u00e1s claros\u201d.<\/p>\n\n\n\n<p>Pero ese no es el \u00fanico t\u00e9rmino, hay personas que la definen como urticaria solar: \u201cLa urticaria solar es fotosensibilidad cr\u00f3nica, causando ronchas que pueden afectar cualquier tono de piel y presentarse en cualquier \u00e1rea del cuerpo. Es mucho menos frecuente que la EPL. Y dado que son dos cosas diferentes, ambas podr\u00edan incluso aparecer al mismo tiempo\u201d.<\/p>\n\n\n\n<p class=\"has-background\" style=\"background-color:#fff4db\">En resumen, el t\u00e9rmino alergia solar es muy amplio.<strong> Pero el tipo m\u00e1s popular es una condici\u00f3n espec\u00edfica llamada <a href=\"https:\/\/medlineplus.gov\/spanish\/ency\/article\/001477.htm\">erupci\u00f3n polimorfa lum\u00ednica<\/a><\/strong>. Eso es en lo que nos centraremos en este art\u00edculo.<\/p>\n\n\n\n<figure class=\"wp-block-image size-large\"><img loading=\"lazy\" decoding=\"async\" width=\"1024\" height=\"527\" src=\"data:image\/gif;base64,R0lGODlhAQABAAAAACH5BAEKAAEALAAAAAABAAEAAAICTAEAOw==\" data-src=\"https:\/\/www.isdin.com\/es\/blog\/wp-content\/uploads\/2024\/03\/2023_SunAllergy_Imagen007-1024x527.png\" alt=\"fotos de alergia al sol\" class=\"wp-image-9818 lazyload\" data-sizes=\"auto\" data-srcset=\"https:\/\/www.isdin.com\/es\/blog\/wp-content\/uploads\/2024\/03\/2023_SunAllergy_Imagen007-1024x527.png 1024w, https:\/\/www.isdin.com\/es\/blog\/wp-content\/uploads\/2024\/03\/2023_SunAllergy_Imagen007-300x155.png 300w, https:\/\/www.isdin.com\/es\/blog\/wp-content\/uploads\/2024\/03\/2023_SunAllergy_Imagen007-150x77.png 150w, https:\/\/www.isdin.com\/es\/blog\/wp-content\/uploads\/2024\/03\/2023_SunAllergy_Imagen007-768x396.png 768w, https:\/\/www.isdin.com\/es\/blog\/wp-content\/uploads\/2024\/03\/2023_SunAllergy_Imagen007-585x300.png 585w, https:\/\/www.isdin.com\/es\/blog\/wp-content\/uploads\/2024\/03\/2023_SunAllergy_Imagen007-450x232.png 450w, https:\/\/www.isdin.com\/es\/blog\/wp-content\/uploads\/2024\/03\/2023_SunAllergy_Imagen007-20x11.png 20w, https:\/\/www.isdin.com\/es\/blog\/wp-content\/uploads\/2024\/03\/2023_SunAllergy_Imagen007-225x116.png 225w, https:\/\/www.isdin.com\/es\/blog\/wp-content\/uploads\/2024\/03\/2023_SunAllergy_Imagen007-900x464.png 900w, https:\/\/www.isdin.com\/es\/blog\/wp-content\/uploads\/2024\/03\/2023_SunAllergy_Imagen007.png 1200w\" sizes=\"auto, (max-width: 1024px) 100vw, 1024px\" \/><\/figure>\n\n\n\n<p><\/p>\n\n\n\n<p><\/p>\n\n\n\n<h3 class=\"wp-block-heading\" id=\"h-que-es-una-erupcion-solar-periodica-erupcion-polimorfa-luminica\">\u00bfQu\u00e9 es una erupci\u00f3n solar peri\u00f3dica (erupci\u00f3n polimorfa lum\u00ednica)?<\/h3>\n\n\n\n<p>Es una respuesta cut\u00e1nea inducida por la exposici\u00f3n a la <a href=\"https:\/\/www.isdin.com\/blog\/efectos-radiacion-solar-piel\/\">radiaci\u00f3n ultravioleta<\/a> en personas sensibles a la luz del sol. Aparecen bultos o parches rojos, inflamados y que pican. <strong>\u00bfCu\u00e1ndo?<\/strong> Generalmente unas horas \u2014o hasta un par de d\u00edas\u2014 despu\u00e9s del primer contacto con el sol de la temporada.<\/p>\n\n\n\n<p>&#8220;Lo m\u00e1s frecuente es que ocurra en primavera o en los primeros d\u00edas de calor, cuando la piel a\u00fan no est\u00e1 acostumbrada al sol&#8221;, aclara Chiyoung. No es, precisamente, la bienvenida so\u00f1ada a los <a href=\"https:\/\/www.isdin.com\/es\/blog\/por-que-debes-protegerte-del-sol\/\">d\u00edas de sol<\/a>\u2026 Pero la buena noticia es que este tipo de erupci\u00f3n suele desaparecer sola en una o dos semanas, y no deja marcas.<\/p>\n\n\n\n<h3 class=\"wp-block-heading\">\u00bfQu\u00e9 aspecto tiene una erupci\u00f3n solar? \u00bfC\u00f3mo saber si eres al\u00e9rgico al sol?<\/h3>\n\n\n\n<p>Como hemos dicho, t\u00edpicamente aparecen bultos o erupciones de color rojo, que pueden ir acompa\u00f1ados de picaz\u00f3n y ardor. <strong>\u00bfAlgo curioso?<\/strong> Las \u00e1reas m\u00e1s afectadas suelen ser aquellas que normalmente han estado cubiertas <a href=\"https:\/\/www.isdin.com\/es\/blog\/rutina-cuidado-corporal-invierno-ureadin\/\">durante el invierno<\/a>: el escote, los brazos, la parte superior del pecho o incluso el dorso de las <a href=\"https:\/\/www.isdin.com\/es\/blog\/hidratacion-manos-secas-en-3-pasos\/\">manos<\/a>.<\/p>\n\n\n\n<p>&#8220;Muchas personas no se dan cuenta de que es una reacci\u00f3n al sol, porque no se quema la piel como con una insolaci\u00f3n, sino que se irrita de una forma distinta&#8221;, se\u00f1ala Chiyoung. Te ense\u00f1amos un ejemplo:<\/p>\n\n\n\n<figure class=\"wp-block-image size-large\"><img loading=\"lazy\" decoding=\"async\" width=\"1024\" height=\"527\" src=\"data:image\/gif;base64,R0lGODlhAQABAAAAACH5BAEKAAEALAAAAAABAAEAAAICTAEAOw==\" data-src=\"https:\/\/www.isdin.com\/es\/blog\/wp-content\/uploads\/2024\/03\/2023_SunAllergy_Imagen008-1024x527.png\" alt=\"manchas rojas en la piel sin picor ni dolor\" class=\"wp-image-9816 lazyload\" data-sizes=\"auto\" data-srcset=\"https:\/\/www.isdin.com\/es\/blog\/wp-content\/uploads\/2024\/03\/2023_SunAllergy_Imagen008-1024x527.png 1024w, https:\/\/www.isdin.com\/es\/blog\/wp-content\/uploads\/2024\/03\/2023_SunAllergy_Imagen008-300x155.png 300w, https:\/\/www.isdin.com\/es\/blog\/wp-content\/uploads\/2024\/03\/2023_SunAllergy_Imagen008-150x77.png 150w, https:\/\/www.isdin.com\/es\/blog\/wp-content\/uploads\/2024\/03\/2023_SunAllergy_Imagen008-768x396.png 768w, https:\/\/www.isdin.com\/es\/blog\/wp-content\/uploads\/2024\/03\/2023_SunAllergy_Imagen008-585x300.png 585w, https:\/\/www.isdin.com\/es\/blog\/wp-content\/uploads\/2024\/03\/2023_SunAllergy_Imagen008-450x232.png 450w, https:\/\/www.isdin.com\/es\/blog\/wp-content\/uploads\/2024\/03\/2023_SunAllergy_Imagen008-20x11.png 20w, https:\/\/www.isdin.com\/es\/blog\/wp-content\/uploads\/2024\/03\/2023_SunAllergy_Imagen008-225x116.png 225w, https:\/\/www.isdin.com\/es\/blog\/wp-content\/uploads\/2024\/03\/2023_SunAllergy_Imagen008-900x464.png 900w, https:\/\/www.isdin.com\/es\/blog\/wp-content\/uploads\/2024\/03\/2023_SunAllergy_Imagen008.png 1200w\" sizes=\"auto, (max-width: 1024px) 100vw, 1024px\" \/><\/figure>\n\n\n\n<p><\/p>\n\n\n\n<h2 class=\"wp-block-heading\" id=\"h-cual-es-la-causa-de-una-alergia-al-sol\">\u00bfCu\u00e1l es la causa de una alergia al sol?<\/h2>\n\n\n\n<p>Lo primero que hay que saber es que <strong>no hay una \u00fanica causa<\/strong>. Bajo el t\u00e9rmino \u2018alergia solar\u2019 se agrupan varios tipos de reacciones, y cada una puede tener un origen distinto. En algunos casos, hay un componente gen\u00e9tico. En otros, ciertos medicamentos, <a href=\"https:\/\/www.isdin.com\/es\/blog\/consejos-protector-solar-caducado\/\">cosm\u00e9ticos<\/a> o incluso el contacto con algunas plantas pueden actuar como desencadenantes. Y aunque sabemos bastante, <strong>todav\u00eda hay muchas preguntas abiertas<\/strong>. La ciencia sigue investigando qu\u00e9 hay detr\u00e1s de estas reacciones al sol, especialmente en los casos m\u00e1s frecuentes.<\/p>\n\n\n\n<blockquote class=\"wp-block-quote is-layout-flow wp-block-quote-is-layout-flow\">\n<p>Piensa en la erupci\u00f3n solar com\u00fan o EPL como el modo en que tu cuerpo dice <em>&#8220;\u00a1Oye, esto es demasiado sol para m\u00ed!&#8221;<\/em>, despu\u00e9s de un largo tiempo sin exponerse.<\/p>\n<\/blockquote>\n\n\n\n<p>A Chiyoung le gusta poner las cosas en perspectiva: &#8220;Esta alergia al sol, que suele presentarse m\u00e1s en mujeres, a menudo comienza a manifestarse desde la adolescencia o <a href=\"https:\/\/www.isdin.com\/es\/blog\/como-cuidar-tu-piel-a-los-25-anos\/\">alrededor de los 20 a\u00f1os<\/a>. Y una vez que aparece la primera erupci\u00f3n, no ser\u00eda raro que te visite de nuevo, a\u00f1o tras a\u00f1o\u201d.<\/p>\n\n\n\n<h2 class=\"wp-block-heading\" id=\"h-existen-personas-mas-propensas-a-desarrollar-una-alergia-solar\">\u00bfExisten personas m\u00e1s propensas a desarrollar una alergia solar?<\/h2>\n\n\n\n<figure class=\"wp-block-image size-large\"><img loading=\"lazy\" decoding=\"async\" width=\"1024\" height=\"527\" src=\"data:image\/gif;base64,R0lGODlhAQABAAAAACH5BAEKAAEALAAAAAABAAEAAAICTAEAOw==\" data-src=\"https:\/\/www.isdin.com\/es\/blog\/wp-content\/uploads\/2024\/03\/2025_03_Beneficios-del-sol_IMG06-1024x527.png\" alt=\"\" class=\"wp-image-11915 lazyload\" data-sizes=\"auto\" data-srcset=\"https:\/\/www.isdin.com\/es\/blog\/wp-content\/uploads\/2024\/03\/2025_03_Beneficios-del-sol_IMG06-1024x527.png 1024w, https:\/\/www.isdin.com\/es\/blog\/wp-content\/uploads\/2024\/03\/2025_03_Beneficios-del-sol_IMG06-300x155.png 300w, https:\/\/www.isdin.com\/es\/blog\/wp-content\/uploads\/2024\/03\/2025_03_Beneficios-del-sol_IMG06-150x77.png 150w, https:\/\/www.isdin.com\/es\/blog\/wp-content\/uploads\/2024\/03\/2025_03_Beneficios-del-sol_IMG06-768x396.png 768w, https:\/\/www.isdin.com\/es\/blog\/wp-content\/uploads\/2024\/03\/2025_03_Beneficios-del-sol_IMG06-585x300.png 585w, https:\/\/www.isdin.com\/es\/blog\/wp-content\/uploads\/2024\/03\/2025_03_Beneficios-del-sol_IMG06-450x232.png 450w, https:\/\/www.isdin.com\/es\/blog\/wp-content\/uploads\/2024\/03\/2025_03_Beneficios-del-sol_IMG06-20x11.png 20w, https:\/\/www.isdin.com\/es\/blog\/wp-content\/uploads\/2024\/03\/2025_03_Beneficios-del-sol_IMG06-225x116.png 225w, https:\/\/www.isdin.com\/es\/blog\/wp-content\/uploads\/2024\/03\/2025_03_Beneficios-del-sol_IMG06-900x464.png 900w, https:\/\/www.isdin.com\/es\/blog\/wp-content\/uploads\/2024\/03\/2025_03_Beneficios-del-sol_IMG06.png 1200w\" sizes=\"auto, (max-width: 1024px) 100vw, 1024px\" \/><\/figure>\n\n\n\n<p><\/p>\n\n\n\n<p>La verdad es que <strong>la alergia al sol no discrimina<\/strong>: puede afectar a personas de cualquier edad, g\u00e9nero o tipo de piel. Sin embargo, hay un perfil que se repite con frLa verdad es que <strong>la alergia al sol no discrimina<\/strong>: puede afectar a personas de cualquier edad, g\u00e9nero o tipo de piel. Sin embargo, hay un perfil que se repite con frecuencia. La <strong>erupci\u00f3n polimorfa lum\u00ednica (EPL)<\/strong> \u2014la forma m\u00e1s com\u00fan de alergia solar, responsable de casi el <a href=\"https:\/\/www.health.harvard.edu\/blog\/recognizing-and-preventing-sun-allergies-202207052772\">70% de los casos<\/a>\u2014 suele aparecer sobre todo en <strong>mujeres j\u00f3venes<\/strong> que viven en regiones con estaciones marcadas, donde el contraste entre invierno y verano es m\u00e1s fuerte.<\/p>\n\n\n\n<p>&#8220;Lo curioso&#8221;, comenta Chiyoung, &#8220;es que la piel puede ir &#8216;educ\u00e1ndose&#8217;. A medida que avanza la temporada y aumentan las exposiciones al sol, la reacci\u00f3n suele disminuir o incluso desaparecer por completo&#8221;.<\/p>\n\n\n\n<h3 class=\"wp-block-heading\">\u00bfQu\u00e9 aumenta el riesgo de padecer alergia solar?<\/h3>\n\n\n\n<p>Hay ciertos factores que pueden hacerte m\u00e1s propensa o propenso a experimentar este tipo de reacci\u00f3n:<\/p>\n\n\n\n<ul class=\"wp-block-list\">\n<li>Tener <a href=\"https:\/\/www.isdin.com\/es\/blog\/que-son-los-fototipos-de-piel-y-su-importancia\/\"><strong>piel clara<\/strong><\/a>, que se quema con facilidad.<\/li>\n\n\n\n<li>Vivir en zonas con <strong>inviernos largos o poca luz solar durante el a\u00f1o.<\/strong><\/li>\n\n\n\n<li>Tener <strong>antecedentes familiares<\/strong> de alergia al sol.<\/li>\n\n\n\n<li>Y s\u00ed\u2026 <strong>ser mujer<\/strong>, seg\u00fan la mayor\u00eda de estudios cl\u00ednicos.<\/li>\n<\/ul>\n\n\n\n<h2 class=\"wp-block-heading\" id=\"h-como-puedes-tratar-una-alergia-solar\">\u00bfC\u00f3mo puedes tratar una alergia solar?<\/h2>\n\n\n\n<p><\/p>\n\n\n\n<figure class=\"wp-block-image size-large\"><img loading=\"lazy\" decoding=\"async\" width=\"1024\" height=\"527\" src=\"data:image\/gif;base64,R0lGODlhAQABAAAAACH5BAEKAAEALAAAAAABAAEAAAICTAEAOw==\" data-src=\"https:\/\/www.isdin.com\/es\/blog\/wp-content\/uploads\/2024\/03\/2023_SunAllergy_Imagen003-1024x527.png\" alt=\"alergia al sol tratamiento\" class=\"wp-image-9814 lazyload\" data-sizes=\"auto\" data-srcset=\"https:\/\/www.isdin.com\/es\/blog\/wp-content\/uploads\/2024\/03\/2023_SunAllergy_Imagen003-1024x527.png 1024w, https:\/\/www.isdin.com\/es\/blog\/wp-content\/uploads\/2024\/03\/2023_SunAllergy_Imagen003-300x155.png 300w, https:\/\/www.isdin.com\/es\/blog\/wp-content\/uploads\/2024\/03\/2023_SunAllergy_Imagen003-150x77.png 150w, https:\/\/www.isdin.com\/es\/blog\/wp-content\/uploads\/2024\/03\/2023_SunAllergy_Imagen003-768x396.png 768w, https:\/\/www.isdin.com\/es\/blog\/wp-content\/uploads\/2024\/03\/2023_SunAllergy_Imagen003-585x300.png 585w, https:\/\/www.isdin.com\/es\/blog\/wp-content\/uploads\/2024\/03\/2023_SunAllergy_Imagen003-450x232.png 450w, https:\/\/www.isdin.com\/es\/blog\/wp-content\/uploads\/2024\/03\/2023_SunAllergy_Imagen003-20x11.png 20w, https:\/\/www.isdin.com\/es\/blog\/wp-content\/uploads\/2024\/03\/2023_SunAllergy_Imagen003-225x116.png 225w, https:\/\/www.isdin.com\/es\/blog\/wp-content\/uploads\/2024\/03\/2023_SunAllergy_Imagen003-900x464.png 900w, https:\/\/www.isdin.com\/es\/blog\/wp-content\/uploads\/2024\/03\/2023_SunAllergy_Imagen003.png 1200w\" sizes=\"auto, (max-width: 1024px) 100vw, 1024px\" \/><\/figure>\n\n\n\n<p><\/p>\n\n\n\n<p>Lo primero: <strong>no est\u00e1s sola ni solo<\/strong>. La alergia solar puede ser una reacci\u00f3n molesta, s\u00ed, pero en la mayor\u00eda de los casos es leve y puede controlarse con los cuidados adecuados. &#8220;Uno de los errores m\u00e1s comunes es exponerse al sol de golpe, despu\u00e9s de meses sin hacerlo. La piel necesita tiempo para adaptarse, igual que t\u00fa cuando vuelves al gimnasio despu\u00e9s de un descanso\u201d, nos comenta Chiyoung.<\/p>\n\n\n\n<p>Tras dejar esto claro, hay dos h\u00e1bitos que pueden marcar una gran diferencia:<\/p>\n\n\n\n<ol class=\"wp-block-list\">\n<li>Empieza por ratitos cortos de exposici\u00f3n en las horas de menor intensidad solar (antes de las 11 h o despu\u00e9s de las 17 h). La idea es <a href=\"https:\/\/www.isdin.com\/es\/blog\/te-proteges-bien-del-sol\/\"><strong>entrenar tu piel poco a poco<\/strong><\/a> para que se vaya acostumbrando a la radiaci\u00f3n solar, sin generar una reacci\u00f3n.<\/li>\n\n\n\n<li><a href=\"https:\/\/www.isdin.com\/es\/blog\/como-aplicar-correctamente-el-fotoprotector-solar\/\"><strong>Usa fotoprotector todos los d\u00edas<\/strong><\/a>, incluso si est\u00e1 nublado o solo vas a estar al aire libre un rato. Elige uno que tenga protecci\u00f3n muy alta (SPF 50+) y <a href=\"https:\/\/www.isdin.com\/es\/blog\/como-leer-etiqueta-protector-solar\/\">amplio espectro<\/a> (UVA\/UVB).<\/li>\n<\/ol>\n\n\n\n<p class=\"has-background\" style=\"background-color:#fff4db\">Si tu piel ya ha reaccionado alguna vez al sol, conviene usar un producto <strong>espec\u00edficamente formulado para piel con tendencia a la alergia solar<\/strong>.<\/p>\n\n\n\n<h3 class=\"wp-block-heading\">Un fotoprotector pensado para ti<\/h3>\n\n\n\n<p><a href=\"https:\/\/www.isdin.com\/es\/p\/solar-allergy-protect-spf-50\/0095\">Solar Allergy Protect<\/a> con <a href=\"https:\/\/www.isdin.com\/es\/blog\/spf-significado-y-recomendaciones-segun-tu-piel\/\">SPF 50+<\/a> de la gama Fotoultra no es un fotoprotector cualquiera: ha sido especialmente formulado para pieles con tendencia a la alergia solar y fotodermatosis. Una f\u00f3rmula inteligente que <strong>protege y alivia <\/strong>al mismo tiempo:<\/p>\n\n\n\n<div class=\"wp-block-media-text has-media-on-the-right is-stacked-on-mobile\"><div class=\"wp-block-media-text__content\">\n<ul class=\"wp-block-list\">\n<li>Previene los cl\u00e1sicos s\u00edntomas de la alergia solar: picor, enrojecimiento y ronchas.<\/li>\n\n\n\n<li>Calma desde la primera aplicaci\u00f3n y deja la piel m\u00e1s suave y protegida.<\/li>\n\n\n\n<li>Muy alta protecci\u00f3n UV frente a UVB, UVA y luz azul.<\/li>\n<\/ul>\n<\/div><figure class=\"wp-block-media-text__media\"><a href=\"https:\/\/www.isdin.com\/es\/p\/solar-allergy-protect-spf-50\/0095\" target=\"_blank\" rel=\" noreferrer noopener\"><img loading=\"lazy\" decoding=\"async\" width=\"670\" height=\"683\" src=\"data:image\/gif;base64,R0lGODlhAQABAAAAACH5BAEKAAEALAAAAAABAAEAAAICTAEAOw==\" data-src=\"https:\/\/www.isdin.com\/es\/blog\/wp-content\/uploads\/2025\/04\/Textura-21.png\" alt=\"\" class=\"wp-image-13412 size-full lazyload\" data-sizes=\"auto\" data-srcset=\"https:\/\/www.isdin.com\/es\/blog\/wp-content\/uploads\/2025\/04\/Textura-21.png 670w, https:\/\/www.isdin.com\/es\/blog\/wp-content\/uploads\/2025\/04\/Textura-21-294x300.png 294w, https:\/\/www.isdin.com\/es\/blog\/wp-content\/uploads\/2025\/04\/Textura-21-147x150.png 147w, https:\/\/www.isdin.com\/es\/blog\/wp-content\/uploads\/2025\/04\/Textura-21-70x70.png 70w, https:\/\/www.isdin.com\/es\/blog\/wp-content\/uploads\/2025\/04\/Textura-21-450x459.png 450w, https:\/\/www.isdin.com\/es\/blog\/wp-content\/uploads\/2025\/04\/Textura-21-20x20.png 20w, https:\/\/www.isdin.com\/es\/blog\/wp-content\/uploads\/2025\/04\/Textura-21-225x229.png 225w\" sizes=\"auto, (max-width: 670px) 100vw, 670px\" \/><\/a><\/figure><\/div>\n\n\n\n<h2 class=\"wp-block-heading\">Preguntas frecuentes sobre la alergia solar<\/h2>\n\n\n\n<h3 class=\"wp-block-heading\">\u00bfUna alergia solar es una enfermedad autoinmune?<\/h3>\n\n\n\n<p>Depende del tipo. En el caso de la <strong>erupci\u00f3n polimorfa lum\u00ednica (EPL)<\/strong>, que es la forma m\u00e1s com\u00fan de alergia solar, s\u00ed: <a href=\"https:\/\/www.health.harvard.edu\/blog\/recognizing-and-preventing-sun-allergies-202207052772\">puede considerarse<\/a> una reacci\u00f3n autoinmune leve. Las personas con EPL tienen c\u00e9lulas inmunitarias que se activan por los rayos UV. Y estas c\u00e9lulas crean una respuesta de defensa en la piel, causando una erupci\u00f3n que nadie desea.<\/p>\n\n\n\n<h3 class=\"wp-block-heading\">\u00bfEs grave tener una alergia al sol?<\/h3>\n\n\n\n<p>En la mayor\u00eda de los casos, <strong>no es grave<\/strong> y los s\u00edntomas desaparecen por s\u00ed solos en unos d\u00edas. Pero eso no significa que debas ignorarla. Consulta siempre con tu dermat\u00f3logo si notas algo fuera de lo com\u00fan o si tus reacciones se repiten a\u00f1o tras a\u00f1o. Acude de inmediato si:<\/p>\n\n\n\n<ul class=\"wp-block-list\">\n<li>La erupci\u00f3n se extiende r\u00e1pidamente o cubre gran parte del cuerpo.<\/li>\n\n\n\n<li>Sientes dolor en la zona afectada.<\/li>\n\n\n\n<li>Aparece fiebre junto a la erupci\u00f3n.<\/li>\n<\/ul>\n\n\n\n<p><\/p>\n\n\n\n<p class=\"has-background\" style=\"background-color:#fff4db\">Recuerda, siempre es una buena idea consultar con tu dermat\u00f3logo cualquier preocupaci\u00f3n o duda que tengas acerca de tu piel.<\/p>\n\n\n\n<p>Ahora ya sabes un poco m\u00e1s sobre tu piel, la alergia solar y c\u00f3mo reconocer la reacci\u00f3n m\u00e1s com\u00fan: la erupci\u00f3n polimorfa lum\u00ednica. Y aunque pueda parecer alarmante al principio, <strong>la buena noticia es que en la mayor\u00eda de los casos es algo pasajero y manejable<\/strong>.<\/p>\n\n\n\n<figure class=\"wp-block-image size-large\"><img loading=\"lazy\" decoding=\"async\" width=\"1024\" height=\"527\" src=\"data:image\/gif;base64,R0lGODlhAQABAAAAACH5BAEKAAEALAAAAAABAAEAAAICTAEAOw==\" data-src=\"https:\/\/www.isdin.com\/es\/blog\/wp-content\/uploads\/2025\/04\/Imagen-en-el-contenido-63-1024x527.png\" alt=\"chica disfrutando al aire libre\" class=\"wp-image-13411 lazyload\" data-sizes=\"auto\" data-srcset=\"https:\/\/www.isdin.com\/es\/blog\/wp-content\/uploads\/2025\/04\/Imagen-en-el-contenido-63-1024x527.png 1024w, https:\/\/www.isdin.com\/es\/blog\/wp-content\/uploads\/2025\/04\/Imagen-en-el-contenido-63-300x155.png 300w, https:\/\/www.isdin.com\/es\/blog\/wp-content\/uploads\/2025\/04\/Imagen-en-el-contenido-63-150x77.png 150w, https:\/\/www.isdin.com\/es\/blog\/wp-content\/uploads\/2025\/04\/Imagen-en-el-contenido-63-768x396.png 768w, https:\/\/www.isdin.com\/es\/blog\/wp-content\/uploads\/2025\/04\/Imagen-en-el-contenido-63-585x300.png 585w, https:\/\/www.isdin.com\/es\/blog\/wp-content\/uploads\/2025\/04\/Imagen-en-el-contenido-63-450x232.png 450w, https:\/\/www.isdin.com\/es\/blog\/wp-content\/uploads\/2025\/04\/Imagen-en-el-contenido-63-20x11.png 20w, https:\/\/www.isdin.com\/es\/blog\/wp-content\/uploads\/2025\/04\/Imagen-en-el-contenido-63-225x116.png 225w, https:\/\/www.isdin.com\/es\/blog\/wp-content\/uploads\/2025\/04\/Imagen-en-el-contenido-63-900x464.png 900w, https:\/\/www.isdin.com\/es\/blog\/wp-content\/uploads\/2025\/04\/Imagen-en-el-contenido-63.png 1200w\" sizes=\"auto, (max-width: 1024px) 100vw, 1024px\" \/><\/figure>\n\n\n\n<p class=\"has-text-align-center\"><\/p>\n\n\n\n<p style=\"font-size:9px\"><strong>Referencias:<\/strong><\/p>\n\n\n\n<p style=\"font-size:9px\">Frcpc, S. a. a. M. (n.d.). <em>Polymorphous Light Eruption: Background, Pathophysiology, Etiology<\/em>. <a href=\"https:\/\/emedicine.medscape.com\/article\/1119686-overview\">https:\/\/emedicine.medscape.com\/article\/1119686-overview<\/a> Gruber-Wackernagel, A., Schug, T., Graier, T., Legat, F. J., Rinner, H., Hofer, A., Quehenberger, F., &amp; Wolf, P. (2021). Long-Term Course of Polymorphic Light Eruption: A Registry Analysis. <em>Frontiers in Medicine<\/em>, <em>8<\/em>. <a href=\"https:\/\/doi.org\/10.3389\/fmed.2021.694281\">https:\/\/doi.org\/10.3389\/fmed.2021.694281<\/a> Harris, B. W. (2022, September 27). <em>Solar Urticaria<\/em>. StatPearls &#8211; NCBI Bookshelf. <a href=\"https:\/\/www.ncbi.nlm.nih.gov\/books\/NBK441986\/\">https:\/\/www.ncbi.nlm.nih.gov\/books\/NBK441986\/<\/a> Oakley, A. M. (2022, August 8). <em>Polymorphic Light Eruption<\/em>. StatPearls &#8211; NCBI Bookshelf. <a href=\"https:\/\/www.ncbi.nlm.nih.gov\/books\/NBK430886\/\">https:\/\/www.ncbi.nlm.nih.gov\/books\/NBK430886\/<\/a><\/p>\n","protected":false},"excerpt":{"rendered":"<p>Con los primeros rayos c\u00e1lidos de la temporada, todo invita a salir: un paseo, un picnic improvisado o ese placentero momento de cerrar los ojos al sol. Pero, \u00bfqu\u00e9 pasa cuando, en vez de relax, el resultado es una erupci\u00f3n roja y molesta?<\/p>\n","protected":false},"author":69,"featured_media":11917,"comment_status":"closed","ping_status":"closed","sticky":false,"template":"","format":"image","meta":{"footnotes":""},"categories":[106,1,100],"tags":[126,123,128,73,127],"class_list":["post-895","post","type-post","status-publish","format-image","has-post-thumbnail","hentry","category-afecciones-piel","category-consejos-cuidados","category-sol-y-piel","tag-alergia-solar","tag-cuidado-piel","tag-irritacion","tag-piel","tag-ronchas","post_format-post-format-image"],"yoast_head":"<!-- This site is optimized with the Yoast SEO Premium plugin v25.4 (Yoast SEO v25.4) - https:\/\/yoast.com\/wordpress\/plugins\/seo\/ -->\n<title>Picaz\u00f3n en la piel con el sol: s\u00edntomas de la alergia solar en primavera - ISDIN<\/title>\n<meta name=\"description\" content=\"\u00bfQu\u00e9 es una alergia al sol? Nuestros expertos explican qu\u00e9 tipos existen y qu\u00e9 hacer al respecto. Todo, en este art\u00edculo de ISDIN.\" \/>\n<meta name=\"robots\" content=\"index, follow, max-snippet:-1, max-image-preview:large, max-video-preview:-1\" \/>\n<link rel=\"canonical\" href=\"https:\/\/www.isdin.com\/es\/blog\/alergia-al-sol-que-es-tratamientos\/\" \/>\n<meta property=\"og:locale\" content=\"es_ES\" \/>\n<meta property=\"og:type\" content=\"article\" \/>\n<meta property=\"og:title\" content=\"Picaz\u00f3n en la piel con el sol: s\u00edntomas de la alergia solar en primavera\" \/>\n<meta property=\"og:description\" content=\"\u00bfQu\u00e9 es una alergia al sol? Nuestros expertos explican qu\u00e9 tipos existen y qu\u00e9 hacer al respecto. Todo, en este art\u00edculo de ISDIN.\" \/>\n<meta property=\"og:url\" content=\"https:\/\/www.isdin.com\/es\/blog\/alergia-al-sol-que-es-tratamientos\/\" \/>\n<meta property=\"og:site_name\" content=\"ISDIN\" \/>\n<meta property=\"article:publisher\" content=\"https:\/\/es-es.facebook.com\/ISDIN.official\/\" \/>\n<meta property=\"article:published_time\" content=\"2026-04-03T09:00:00+00:00\" \/>\n<meta property=\"og:image\" content=\"https:\/\/www.isdin.com\/es\/blog\/wp-content\/uploads\/2024\/03\/2025_03_SolarAllergy_IMG01.png\" \/>\n\t<meta property=\"og:image:width\" content=\"1200\" \/>\n\t<meta property=\"og:image:height\" content=\"760\" \/>\n\t<meta property=\"og:image:type\" content=\"image\/png\" \/>\n<meta name=\"author\" content=\"Belinda Mart\u00ednez&nbsp;y&nbsp;Chiyoung Kang Park\" \/>\n<meta name=\"twitter:card\" content=\"summary_large_image\" \/>\n<meta name=\"twitter:creator\" content=\"@isdin_official\" \/>\n<meta name=\"twitter:site\" content=\"@isdin_official\" \/>\n<meta name=\"twitter:label1\" content=\"Written by\" \/>\n\t<meta name=\"twitter:data1\" content=\"Belinda Mart\u00ednez&nbsp;y&nbsp;Chiyoung Kang Park\" \/>\n\t<meta name=\"twitter:label2\" content=\"Est. reading time\" \/>\n\t<meta name=\"twitter:data2\" content=\"9 minutes\" \/>\n<script type=\"application\/ld+json\" class=\"yoast-schema-graph\">{\"@context\":\"https:\/\/schema.org\",\"@graph\":[{\"@type\":\"Article\",\"@id\":\"https:\/\/www.isdin.com\/es\/blog\/alergia-al-sol-que-es-tratamientos\/#article\",\"isPartOf\":{\"@id\":\"https:\/\/www.isdin.com\/es\/blog\/alergia-al-sol-que-es-tratamientos\/\"},\"author\":{\"name\":\"Belinda Mart\u00ednez&nbsp;y&nbsp;Chiyoung Kang Park\",\"@id\":\"https:\/\/www.isdin.com\/es\/blog\/#\/schema\/person\/684015d7d9e78124cb4aa660f6fe8576\"},\"headline\":\"Picaz\u00f3n en la piel con el sol: s\u00edntomas de la alergia solar en primavera\",\"datePublished\":\"2026-04-03T09:00:00+00:00\",\"mainEntityOfPage\":{\"@id\":\"https:\/\/www.isdin.com\/es\/blog\/alergia-al-sol-que-es-tratamientos\/\"},\"wordCount\":1663,\"publisher\":{\"@id\":\"https:\/\/www.isdin.com\/es\/blog\/#organization\"},\"image\":{\"@id\":\"https:\/\/www.isdin.com\/es\/blog\/alergia-al-sol-que-es-tratamientos\/#primaryimage\"},\"thumbnailUrl\":\"https:\/\/www.isdin.com\/es\/blog\/wp-content\/uploads\/2024\/03\/2025_03_SolarAllergy_IMG01.png\",\"keywords\":[\"alergia solar\",\"cuidado piel\",\"irritaci\u00f3n\",\"Piel\",\"ronchas\"],\"articleSection\":[\"Afecciones de la piel\",\"Consejos y cuidados\",\"Sol y piel\"],\"inLanguage\":\"es-ES\"},{\"@type\":\"WebPage\",\"@id\":\"https:\/\/www.isdin.com\/es\/blog\/alergia-al-sol-que-es-tratamientos\/\",\"url\":\"https:\/\/www.isdin.com\/es\/blog\/alergia-al-sol-que-es-tratamientos\/\",\"name\":\"Picaz\u00f3n en la piel con el sol: s\u00edntomas de la alergia solar en primavera - ISDIN\",\"isPartOf\":{\"@id\":\"https:\/\/www.isdin.com\/es\/blog\/#website\"},\"primaryImageOfPage\":{\"@id\":\"https:\/\/www.isdin.com\/es\/blog\/alergia-al-sol-que-es-tratamientos\/#primaryimage\"},\"image\":{\"@id\":\"https:\/\/www.isdin.com\/es\/blog\/alergia-al-sol-que-es-tratamientos\/#primaryimage\"},\"thumbnailUrl\":\"https:\/\/www.isdin.com\/es\/blog\/wp-content\/uploads\/2024\/03\/2025_03_SolarAllergy_IMG01.png\",\"datePublished\":\"2026-04-03T09:00:00+00:00\",\"description\":\"\u00bfQu\u00e9 es una alergia al sol? Nuestros expertos explican qu\u00e9 tipos existen y qu\u00e9 hacer al respecto. Todo, en este art\u00edculo de ISDIN.\",\"breadcrumb\":{\"@id\":\"https:\/\/www.isdin.com\/es\/blog\/alergia-al-sol-que-es-tratamientos\/#breadcrumb\"},\"inLanguage\":\"es-ES\",\"potentialAction\":[{\"@type\":\"ReadAction\",\"target\":[\"https:\/\/www.isdin.com\/es\/blog\/alergia-al-sol-que-es-tratamientos\/\"]}]},{\"@type\":\"ImageObject\",\"inLanguage\":\"es-ES\",\"@id\":\"https:\/\/www.isdin.com\/es\/blog\/alergia-al-sol-que-es-tratamientos\/#primaryimage\",\"url\":\"https:\/\/www.isdin.com\/es\/blog\/wp-content\/uploads\/2024\/03\/2025_03_SolarAllergy_IMG01.png\",\"contentUrl\":\"https:\/\/www.isdin.com\/es\/blog\/wp-content\/uploads\/2024\/03\/2025_03_SolarAllergy_IMG01.png\",\"width\":1200,\"height\":760,\"caption\":\"QU\u00c9 ES LA ALERGIA SOLAR PIEL\"},{\"@type\":\"BreadcrumbList\",\"@id\":\"https:\/\/www.isdin.com\/es\/blog\/alergia-al-sol-que-es-tratamientos\/#breadcrumb\",\"itemListElement\":[{\"@type\":\"ListItem\",\"position\":1,\"name\":\"Portada\",\"item\":\"https:\/\/www.isdin.com\/es\/blog\/\"},{\"@type\":\"ListItem\",\"position\":2,\"name\":\"Picaz\u00f3n en la piel con el sol: s\u00edntomas de la alergia solar en primavera\"}]},{\"@type\":\"WebSite\",\"@id\":\"https:\/\/www.isdin.com\/es\/blog\/#website\",\"url\":\"https:\/\/www.isdin.com\/es\/blog\/\",\"name\":\"ISDIN\",\"description\":\"Novedades, lanzamientos de productos y toda la experiencia de ISDIN\",\"publisher\":{\"@id\":\"https:\/\/www.isdin.com\/es\/blog\/#organization\"},\"potentialAction\":[{\"@type\":\"SearchAction\",\"target\":{\"@type\":\"EntryPoint\",\"urlTemplate\":\"https:\/\/www.isdin.com\/es\/blog\/?s={search_term_string}\"},\"query-input\":{\"@type\":\"PropertyValueSpecification\",\"valueRequired\":true,\"valueName\":\"search_term_string\"}}],\"inLanguage\":\"es-ES\"},{\"@type\":\"Organization\",\"@id\":\"https:\/\/www.isdin.com\/es\/blog\/#organization\",\"name\":\"ISDIN\",\"alternateName\":\"ISDIN\",\"url\":\"https:\/\/www.isdin.com\/es\/blog\/\",\"logo\":{\"@type\":\"ImageObject\",\"inLanguage\":\"es-ES\",\"@id\":\"https:\/\/www.isdin.com\/es\/blog\/#\/schema\/logo\/image\/\",\"url\":\"https:\/\/www.isdin.com\/es\/blog\/wp-content\/uploads\/2024\/05\/2025_03_GuiaFoto_FWM.png\",\"contentUrl\":\"https:\/\/www.isdin.com\/es\/blog\/wp-content\/uploads\/2024\/05\/2025_03_GuiaFoto_FWM.png\",\"width\":670,\"height\":683,\"caption\":\"ISDIN\"},\"image\":{\"@id\":\"https:\/\/www.isdin.com\/es\/blog\/#\/schema\/logo\/image\/\"},\"sameAs\":[\"https:\/\/es-es.facebook.com\/ISDIN.official\/\",\"https:\/\/x.com\/isdin_official\",\"https:\/\/www.instagram.com\/isdinofficial\",\"https:\/\/www.youtube.com\/channel\/UCtoNJMKpDwdFLqgV23_lcqg\"],\"telephone\":\"659997812\"},[{\"@type\":[\"Person\"],\"@id\":\"https:\/\/www.isdin.com\/es\/blog\/#\/schema\/person\/684015d7d9e78124cb4aa660f6fe8576\",\"name\":\"Belinda Mart\u00ednez\",\"image\":{\"@type\":\"ImageObject\",\"@id\":\"https:\/\/www.isdin.com\/es\/blog\/#\/schema\/person\/image\/\",\"inLanguage\":\"es_ES\",\"url\":\"https:\/\/www.isdin.com\/es\/blog\/wp-content\/uploads\/2017\/07\/jjjj.jpg\",\"caption\":\"Belinda Mart\u00ednez\"}},{\"@type\":[\"Person\"],\"@id\":\"https:\/\/www.isdin.com\/es\/blog\/#\/schema\/person\/684015d7d9e78124cb4aa660f6fe8576\",\"name\":\"Chiyoung Kang Park\",\"image\":{\"@type\":\"ImageObject\",\"@id\":\"https:\/\/www.isdin.com\/es\/blog\/#\/schema\/person\/image\/\",\"inLanguage\":\"es_ES\",\"url\":\"https:\/\/www.isdin.com\/es\/blog\/wp-content\/uploads\/2025\/03\/chiyoung-150x150.png\",\"caption\":\"Chiyoung Kang Park\"}}]]}<\/script>\n<!-- \/ Yoast SEO Premium plugin. -->","yoast_head_json":{"title":"Picaz\u00f3n en la piel con el sol: s\u00edntomas de la alergia solar en primavera - ISDIN","description":"\u00bfQu\u00e9 es una alergia al sol? Nuestros expertos explican qu\u00e9 tipos existen y qu\u00e9 hacer al respecto. Todo, en este art\u00edculo de ISDIN.","robots":{"index":"index","follow":"follow","max-snippet":"max-snippet:-1","max-image-preview":"max-image-preview:large","max-video-preview":"max-video-preview:-1"},"canonical":"https:\/\/www.isdin.com\/es\/blog\/alergia-al-sol-que-es-tratamientos\/","og_locale":"es_ES","og_type":"article","og_title":"Picaz\u00f3n en la piel con el sol: s\u00edntomas de la alergia solar en primavera","og_description":"\u00bfQu\u00e9 es una alergia al sol? Nuestros expertos explican qu\u00e9 tipos existen y qu\u00e9 hacer al respecto. Todo, en este art\u00edculo de ISDIN.","og_url":"https:\/\/www.isdin.com\/es\/blog\/alergia-al-sol-que-es-tratamientos\/","og_site_name":"ISDIN","article_publisher":"https:\/\/es-es.facebook.com\/ISDIN.official\/","article_published_time":"2026-04-03T09:00:00+00:00","og_image":[{"width":1200,"height":760,"url":"https:\/\/www.isdin.com\/es\/blog\/wp-content\/uploads\/2024\/03\/2025_03_SolarAllergy_IMG01.png","type":"image\/png"}],"author":"Belinda Mart\u00ednez&nbsp;y&nbsp;Chiyoung Kang Park","twitter_card":"summary_large_image","twitter_creator":"@isdin_official","twitter_site":"@isdin_official","twitter_misc":{"Written by":"Belinda Mart\u00ednez&nbsp;y&nbsp;Chiyoung Kang Park","Est. reading time":"9 minutes"},"schema":{"@context":"https:\/\/schema.org","@graph":[{"@type":"Article","@id":"https:\/\/www.isdin.com\/es\/blog\/alergia-al-sol-que-es-tratamientos\/#article","isPartOf":{"@id":"https:\/\/www.isdin.com\/es\/blog\/alergia-al-sol-que-es-tratamientos\/"},"author":{"name":"Belinda Mart\u00ednez&nbsp;y&nbsp;Chiyoung Kang Park","@id":"https:\/\/www.isdin.com\/es\/blog\/#\/schema\/person\/684015d7d9e78124cb4aa660f6fe8576"},"headline":"Picaz\u00f3n en la piel con el sol: s\u00edntomas de la alergia solar en primavera","datePublished":"2026-04-03T09:00:00+00:00","mainEntityOfPage":{"@id":"https:\/\/www.isdin.com\/es\/blog\/alergia-al-sol-que-es-tratamientos\/"},"wordCount":1663,"publisher":{"@id":"https:\/\/www.isdin.com\/es\/blog\/#organization"},"image":{"@id":"https:\/\/www.isdin.com\/es\/blog\/alergia-al-sol-que-es-tratamientos\/#primaryimage"},"thumbnailUrl":"https:\/\/www.isdin.com\/es\/blog\/wp-content\/uploads\/2024\/03\/2025_03_SolarAllergy_IMG01.png","keywords":["alergia solar","cuidado piel","irritaci\u00f3n","Piel","ronchas"],"articleSection":["Afecciones de la piel","Consejos y cuidados","Sol y piel"],"inLanguage":"es-ES"},{"@type":"WebPage","@id":"https:\/\/www.isdin.com\/es\/blog\/alergia-al-sol-que-es-tratamientos\/","url":"https:\/\/www.isdin.com\/es\/blog\/alergia-al-sol-que-es-tratamientos\/","name":"Picaz\u00f3n en la piel con el sol: s\u00edntomas de la alergia solar en primavera - ISDIN","isPartOf":{"@id":"https:\/\/www.isdin.com\/es\/blog\/#website"},"primaryImageOfPage":{"@id":"https:\/\/www.isdin.com\/es\/blog\/alergia-al-sol-que-es-tratamientos\/#primaryimage"},"image":{"@id":"https:\/\/www.isdin.com\/es\/blog\/alergia-al-sol-que-es-tratamientos\/#primaryimage"},"thumbnailUrl":"https:\/\/www.isdin.com\/es\/blog\/wp-content\/uploads\/2024\/03\/2025_03_SolarAllergy_IMG01.png","datePublished":"2026-04-03T09:00:00+00:00","description":"\u00bfQu\u00e9 es una alergia al sol? Nuestros expertos explican qu\u00e9 tipos existen y qu\u00e9 hacer al respecto. Todo, en este art\u00edculo de ISDIN.","breadcrumb":{"@id":"https:\/\/www.isdin.com\/es\/blog\/alergia-al-sol-que-es-tratamientos\/#breadcrumb"},"inLanguage":"es-ES","potentialAction":[{"@type":"ReadAction","target":["https:\/\/www.isdin.com\/es\/blog\/alergia-al-sol-que-es-tratamientos\/"]}]},{"@type":"ImageObject","inLanguage":"es-ES","@id":"https:\/\/www.isdin.com\/es\/blog\/alergia-al-sol-que-es-tratamientos\/#primaryimage","url":"https:\/\/www.isdin.com\/es\/blog\/wp-content\/uploads\/2024\/03\/2025_03_SolarAllergy_IMG01.png","contentUrl":"https:\/\/www.isdin.com\/es\/blog\/wp-content\/uploads\/2024\/03\/2025_03_SolarAllergy_IMG01.png","width":1200,"height":760,"caption":"QU\u00c9 ES LA ALERGIA SOLAR PIEL"},{"@type":"BreadcrumbList","@id":"https:\/\/www.isdin.com\/es\/blog\/alergia-al-sol-que-es-tratamientos\/#breadcrumb","itemListElement":[{"@type":"ListItem","position":1,"name":"Portada","item":"https:\/\/www.isdin.com\/es\/blog\/"},{"@type":"ListItem","position":2,"name":"Picaz\u00f3n en la piel con el sol: s\u00edntomas de la alergia solar en primavera"}]},{"@type":"WebSite","@id":"https:\/\/www.isdin.com\/es\/blog\/#website","url":"https:\/\/www.isdin.com\/es\/blog\/","name":"ISDIN","description":"Novedades, lanzamientos de productos y toda la experiencia de ISDIN","publisher":{"@id":"https:\/\/www.isdin.com\/es\/blog\/#organization"},"potentialAction":[{"@type":"SearchAction","target":{"@type":"EntryPoint","urlTemplate":"https:\/\/www.isdin.com\/es\/blog\/?s={search_term_string}"},"query-input":{"@type":"PropertyValueSpecification","valueRequired":true,"valueName":"search_term_string"}}],"inLanguage":"es-ES"},{"@type":"Organization","@id":"https:\/\/www.isdin.com\/es\/blog\/#organization","name":"ISDIN","alternateName":"ISDIN","url":"https:\/\/www.isdin.com\/es\/blog\/","logo":{"@type":"ImageObject","inLanguage":"es-ES","@id":"https:\/\/www.isdin.com\/es\/blog\/#\/schema\/logo\/image\/","url":"https:\/\/www.isdin.com\/es\/blog\/wp-content\/uploads\/2024\/05\/2025_03_GuiaFoto_FWM.png","contentUrl":"https:\/\/www.isdin.com\/es\/blog\/wp-content\/uploads\/2024\/05\/2025_03_GuiaFoto_FWM.png","width":670,"height":683,"caption":"ISDIN"},"image":{"@id":"https:\/\/www.isdin.com\/es\/blog\/#\/schema\/logo\/image\/"},"sameAs":["https:\/\/es-es.facebook.com\/ISDIN.official\/","https:\/\/x.com\/isdin_official","https:\/\/www.instagram.com\/isdinofficial","https:\/\/www.youtube.com\/channel\/UCtoNJMKpDwdFLqgV23_lcqg"],"telephone":"659997812"},[{"@type":["Person"],"@id":"https:\/\/www.isdin.com\/es\/blog\/#\/schema\/person\/684015d7d9e78124cb4aa660f6fe8576","name":"Belinda Mart\u00ednez","image":{"@type":"ImageObject","@id":"https:\/\/www.isdin.com\/es\/blog\/#\/schema\/person\/image\/","inLanguage":"es_ES","url":"https:\/\/www.isdin.com\/es\/blog\/wp-content\/uploads\/2017\/07\/jjjj.jpg","caption":"Belinda Mart\u00ednez"}},{"@type":["Person"],"@id":"https:\/\/www.isdin.com\/es\/blog\/#\/schema\/person\/684015d7d9e78124cb4aa660f6fe8576","name":"Chiyoung Kang Park","image":{"@type":"ImageObject","@id":"https:\/\/www.isdin.com\/es\/blog\/#\/schema\/person\/image\/","inLanguage":"es_ES","url":"https:\/\/www.isdin.com\/es\/blog\/wp-content\/uploads\/2025\/03\/chiyoung-150x150.png","caption":"Chiyoung Kang Park"}}]]}},"_links":{"self":[{"href":"https:\/\/www.isdin.com\/es\/blog\/wp-json\/wp\/v2\/posts\/895","targetHints":{"allow":["GET"]}}],"collection":[{"href":"https:\/\/www.isdin.com\/es\/blog\/wp-json\/wp\/v2\/posts"}],"about":[{"href":"https:\/\/www.isdin.com\/es\/blog\/wp-json\/wp\/v2\/types\/post"}],"author":[{"embeddable":true,"href":"https:\/\/www.isdin.com\/es\/blog\/wp-json\/wp\/v2\/users\/69"}],"replies":[{"embeddable":true,"href":"https:\/\/www.isdin.com\/es\/blog\/wp-json\/wp\/v2\/comments?post=895"}],"version-history":[{"count":19,"href":"https:\/\/www.isdin.com\/es\/blog\/wp-json\/wp\/v2\/posts\/895\/revisions"}],"predecessor-version":[{"id":13413,"href":"https:\/\/www.isdin.com\/es\/blog\/wp-json\/wp\/v2\/posts\/895\/revisions\/13413"}],"wp:featuredmedia":[{"embeddable":true,"href":"https:\/\/www.isdin.com\/es\/blog\/wp-json\/wp\/v2\/media\/11917"}],"wp:attachment":[{"href":"https:\/\/www.isdin.com\/es\/blog\/wp-json\/wp\/v2\/media?parent=895"}],"wp:term":[{"taxonomy":"category","embeddable":true,"href":"https:\/\/www.isdin.com\/es\/blog\/wp-json\/wp\/v2\/categories?post=895"},{"taxonomy":"post_tag","embeddable":true,"href":"https:\/\/www.isdin.com\/es\/blog\/wp-json\/wp\/v2\/tags?post=895"}],"curies":[{"name":"wp","href":"https:\/\/api.w.org\/{rel}","templated":true}]}}