{"id":8882,"date":"2023-10-24T13:02:47","date_gmt":"2023-10-24T13:02:47","guid":{"rendered":"https:\/\/www.isdin.com\/es\/blog\/?p=8882"},"modified":"2023-11-23T11:22:15","modified_gmt":"2023-11-23T11:22:15","slug":"alimentos-y-nutricion-durante-el-embarazo","status":"publish","type":"post","link":"https:\/\/www.isdin.com\/es\/blog\/alimentos-y-nutricion-durante-el-embarazo\/","title":{"rendered":"Descubre el poder de la nutrici\u00f3n durante el embarazo con Jennifer Marcheix"},"content":{"rendered":"\n<p>Futura mam\u00e1, seguro que ya te est\u00e1s preparando para mantener una dieta saludable y equilibrada durante el embarazo. Obtener tu dosis diaria de nutrientes esenciales es de las mejores cosas que puedes hacer para ti y para tu beb\u00e9.<\/p>\n\n\n\n<p>Por suerte, llenar tu plato con los alimentos adecuados es muy f\u00e1cil. Con la ayuda de Jennifer Marcheix, nutricionista materno-infantil, te descubrimos todo lo que tienes que saber sobre la nutrici\u00f3n en cada trimestre de tu embarazo.<\/p>\n\n\n\n<p>Est\u00e1s a punto de tomar tus propias decisiones sobre la comida y descubrir, que esto, es mucho m\u00e1s sencillo de lo que imaginas, \u00bfnos acompa\u00f1as?<\/p>\n\n\n\n<p><\/p>\n\n\n\n<h2 class=\"wp-block-heading\" id=\"h-jennifer-marcheix-de-la-mano-contigo\">Jennifer Marcheix de la mano contigo<\/h2>\n\n\n\n<div class=\"wp-block-media-text alignwide is-stacked-on-mobile\" style=\"grid-template-columns:42% auto\"><figure class=\"wp-block-media-text__media\"><img loading=\"lazy\" decoding=\"async\" width=\"400\" height=\"400\" src=\"data:image\/gif;base64,R0lGODlhAQABAAAAACH5BAEKAAEALAAAAAABAAEAAAICTAEAOw==\" data-src=\"https:\/\/www.isdin.com\/es\/blog\/wp-content\/uploads\/2023\/10\/2023_Blog_Pregnancy_Nutricion_IMG05-1.png\" alt=\"Jennifer Marcheix\" class=\"wp-image-8886 size-full lazyload\" data-sizes=\"auto\" data-srcset=\"https:\/\/www.isdin.com\/es\/blog\/wp-content\/uploads\/2023\/10\/2023_Blog_Pregnancy_Nutricion_IMG05-1.png 400w, https:\/\/www.isdin.com\/es\/blog\/wp-content\/uploads\/2023\/10\/2023_Blog_Pregnancy_Nutricion_IMG05-1-300x300.png 300w, https:\/\/www.isdin.com\/es\/blog\/wp-content\/uploads\/2023\/10\/2023_Blog_Pregnancy_Nutricion_IMG05-1-150x150.png 150w, https:\/\/www.isdin.com\/es\/blog\/wp-content\/uploads\/2023\/10\/2023_Blog_Pregnancy_Nutricion_IMG05-1-70x70.png 70w, https:\/\/www.isdin.com\/es\/blog\/wp-content\/uploads\/2023\/10\/2023_Blog_Pregnancy_Nutricion_IMG05-1-180x180.png 180w, https:\/\/www.isdin.com\/es\/blog\/wp-content\/uploads\/2023\/10\/2023_Blog_Pregnancy_Nutricion_IMG05-1-90x90.png 90w, https:\/\/www.isdin.com\/es\/blog\/wp-content\/uploads\/2023\/10\/2023_Blog_Pregnancy_Nutricion_IMG05-1-270x270.png 270w, https:\/\/www.isdin.com\/es\/blog\/wp-content\/uploads\/2023\/10\/2023_Blog_Pregnancy_Nutricion_IMG05-1-20x20.png 20w, https:\/\/www.isdin.com\/es\/blog\/wp-content\/uploads\/2023\/10\/2023_Blog_Pregnancy_Nutricion_IMG05-1-225x225.png 225w\" sizes=\"auto, (max-width: 400px) 100vw, 400px\" \/><\/figure><div class=\"wp-block-media-text__content\">\n<p class=\"has-text-align-left\">A Jennifer, ser madre no solo le brind\u00f3 el regalo m\u00e1s grande de su vida, sino que tambi\u00e9n le abri\u00f3 los ojos a un apasionante campo de la nutrici\u00f3n. Desde entonces, como graduada especialista en nutrici\u00f3n materno-infantil, ayuda a las mam\u00e1s a disfrutar plenamente de la alimentaci\u00f3n junto a sus hijos.<\/p>\n<\/div><\/div>\n\n\n\n<p><\/p>\n\n\n\n<h2 class=\"wp-block-heading\">Primer trimestre<\/h2>\n\n\n\n<figure class=\"wp-block-image size-large\"><img loading=\"lazy\" decoding=\"async\" width=\"1024\" height=\"527\" src=\"data:image\/gif;base64,R0lGODlhAQABAAAAACH5BAEKAAEALAAAAAABAAEAAAICTAEAOw==\" data-src=\"https:\/\/www.isdin.com\/es\/blog\/wp-content\/uploads\/2023\/10\/2023_Blog_Pregnancy_Nutricion_IMG01-1024x527.png\" alt=\"alimentaci\u00f3n primer mes de embarazo\" class=\"wp-image-8898 lazyload\" data-sizes=\"auto\" data-srcset=\"https:\/\/www.isdin.com\/es\/blog\/wp-content\/uploads\/2023\/10\/2023_Blog_Pregnancy_Nutricion_IMG01-1024x527.png 1024w, https:\/\/www.isdin.com\/es\/blog\/wp-content\/uploads\/2023\/10\/2023_Blog_Pregnancy_Nutricion_IMG01-300x155.png 300w, https:\/\/www.isdin.com\/es\/blog\/wp-content\/uploads\/2023\/10\/2023_Blog_Pregnancy_Nutricion_IMG01-150x77.png 150w, https:\/\/www.isdin.com\/es\/blog\/wp-content\/uploads\/2023\/10\/2023_Blog_Pregnancy_Nutricion_IMG01-768x396.png 768w, https:\/\/www.isdin.com\/es\/blog\/wp-content\/uploads\/2023\/10\/2023_Blog_Pregnancy_Nutricion_IMG01-585x300.png 585w, https:\/\/www.isdin.com\/es\/blog\/wp-content\/uploads\/2023\/10\/2023_Blog_Pregnancy_Nutricion_IMG01-450x232.png 450w, https:\/\/www.isdin.com\/es\/blog\/wp-content\/uploads\/2023\/10\/2023_Blog_Pregnancy_Nutricion_IMG01-20x11.png 20w, https:\/\/www.isdin.com\/es\/blog\/wp-content\/uploads\/2023\/10\/2023_Blog_Pregnancy_Nutricion_IMG01-225x116.png 225w, https:\/\/www.isdin.com\/es\/blog\/wp-content\/uploads\/2023\/10\/2023_Blog_Pregnancy_Nutricion_IMG01-900x464.png 900w, https:\/\/www.isdin.com\/es\/blog\/wp-content\/uploads\/2023\/10\/2023_Blog_Pregnancy_Nutricion_IMG01.png 1200w\" sizes=\"auto, (max-width: 1024px) 100vw, 1024px\" \/><\/figure>\n\n\n\n<p><\/p>\n\n\n\n<p>A decir verdad, <strong>no existe una lista perfecta de alimentos para el primer trimestre<\/strong>. El embarazo es el momento perfecto para mejorar tu alimentaci\u00f3n y adoptar un estilo de vida saludable. Jennifer nos lo confirma: \u2018\u2019Una buena alimentaci\u00f3n durante el embarazo evitar\u00e1 que la mam\u00e1 tenga d\u00e9ficits nutricionales y asegurar\u00e1 que el beb\u00e9 tenga todas sus necesidades nutricionales cubiertas\u2019\u2019<\/p>\n\n\n\n<p><\/p>\n\n\n\n<p>Experimenta, adapta tu dieta y descubre qu\u00e9 comidas te sientan mejor y cu\u00e1les no tanto. Prioriza una alimentaci\u00f3n variada, equilibrada y principalmente con alimentos sin procesar, densos en nutrientes. Puedes comer pr\u00e1cticamente de todo (con peque\u00f1as excepciones que veremos m\u00e1s adelante), pero hay algunos alimentos especialmente saludables tanto para ti como para tu beb\u00e9.<\/p>\n\n\n\n<p>Eso s\u00ed, <strong>si tienes alguna condici\u00f3n m\u00e9dica sigue los consejos de tu m\u00e9dico.<\/strong><\/p>\n\n\n\n<p><\/p>\n\n\n\n<p><\/p>\n\n\n\n<figure class=\"wp-block-image size-large\"><img loading=\"lazy\" decoding=\"async\" width=\"1024\" height=\"513\" src=\"data:image\/gif;base64,R0lGODlhAQABAAAAACH5BAEKAAEALAAAAAABAAEAAAICTAEAOw==\" data-src=\"https:\/\/www.isdin.com\/es\/blog\/wp-content\/uploads\/2023\/10\/2023_Blog_Pregnancy_Nutricion_IMG03-1024x513.png\" alt=\"nutrici\u00f3n durante el embarazo\" class=\"wp-image-8899 lazyload\" data-sizes=\"auto\" data-srcset=\"https:\/\/www.isdin.com\/es\/blog\/wp-content\/uploads\/2023\/10\/2023_Blog_Pregnancy_Nutricion_IMG03-1024x513.png 1024w, https:\/\/www.isdin.com\/es\/blog\/wp-content\/uploads\/2023\/10\/2023_Blog_Pregnancy_Nutricion_IMG03-300x150.png 300w, https:\/\/www.isdin.com\/es\/blog\/wp-content\/uploads\/2023\/10\/2023_Blog_Pregnancy_Nutricion_IMG03-150x75.png 150w, https:\/\/www.isdin.com\/es\/blog\/wp-content\/uploads\/2023\/10\/2023_Blog_Pregnancy_Nutricion_IMG03-768x385.png 768w, https:\/\/www.isdin.com\/es\/blog\/wp-content\/uploads\/2023\/10\/2023_Blog_Pregnancy_Nutricion_IMG03-450x225.png 450w, https:\/\/www.isdin.com\/es\/blog\/wp-content\/uploads\/2023\/10\/2023_Blog_Pregnancy_Nutricion_IMG03-20x11.png 20w, https:\/\/www.isdin.com\/es\/blog\/wp-content\/uploads\/2023\/10\/2023_Blog_Pregnancy_Nutricion_IMG03-225x113.png 225w, https:\/\/www.isdin.com\/es\/blog\/wp-content\/uploads\/2023\/10\/2023_Blog_Pregnancy_Nutricion_IMG03-900x451.png 900w, https:\/\/www.isdin.com\/es\/blog\/wp-content\/uploads\/2023\/10\/2023_Blog_Pregnancy_Nutricion_IMG03.png 1200w\" sizes=\"auto, (max-width: 1024px) 100vw, 1024px\" \/><\/figure>\n\n\n\n<p><\/p>\n\n\n\n<p>En los primeros meses de embarazo muchas mam\u00e1s no tienen las mismas ganas de comer ciertos alimentos como antes, algunas tienen n\u00e1useas y los cambios en el cuerpo juegan un papel importante. <\/p>\n\n\n\n<p>Por ahora, esto no deber\u00eda preocuparte demasiado (la mayor\u00eda de las mujeres embarazadas recuperan el apetito en el segundo trimestre). No te sientas culpable por no querer llenar un plato de comida, en su lugar, conc\u00e9ntrate en comer alimentos saludables y densos en nutrientes que cubran tus necesidades nutricionales.<\/p>\n\n\n\n<h2 class=\"wp-block-heading\">Segundo trimestre<\/h2>\n\n\n\n<p><\/p>\n\n\n\n<figure class=\"wp-block-image size-large\"><img loading=\"lazy\" decoding=\"async\" width=\"1024\" height=\"527\" src=\"data:image\/gif;base64,R0lGODlhAQABAAAAACH5BAEKAAEALAAAAAABAAEAAAICTAEAOw==\" data-src=\"https:\/\/www.isdin.com\/es\/blog\/wp-content\/uploads\/2023\/10\/2023_Blog_Pregnancy_Nutricion_IMG07-1024x527.png\" alt=\"alimentaci\u00f3n durante el embarazo\" class=\"wp-image-8900 lazyload\" data-sizes=\"auto\" data-srcset=\"https:\/\/www.isdin.com\/es\/blog\/wp-content\/uploads\/2023\/10\/2023_Blog_Pregnancy_Nutricion_IMG07-1024x527.png 1024w, https:\/\/www.isdin.com\/es\/blog\/wp-content\/uploads\/2023\/10\/2023_Blog_Pregnancy_Nutricion_IMG07-300x155.png 300w, https:\/\/www.isdin.com\/es\/blog\/wp-content\/uploads\/2023\/10\/2023_Blog_Pregnancy_Nutricion_IMG07-150x77.png 150w, https:\/\/www.isdin.com\/es\/blog\/wp-content\/uploads\/2023\/10\/2023_Blog_Pregnancy_Nutricion_IMG07-768x396.png 768w, https:\/\/www.isdin.com\/es\/blog\/wp-content\/uploads\/2023\/10\/2023_Blog_Pregnancy_Nutricion_IMG07-585x300.png 585w, https:\/\/www.isdin.com\/es\/blog\/wp-content\/uploads\/2023\/10\/2023_Blog_Pregnancy_Nutricion_IMG07-450x232.png 450w, https:\/\/www.isdin.com\/es\/blog\/wp-content\/uploads\/2023\/10\/2023_Blog_Pregnancy_Nutricion_IMG07-20x11.png 20w, https:\/\/www.isdin.com\/es\/blog\/wp-content\/uploads\/2023\/10\/2023_Blog_Pregnancy_Nutricion_IMG07-225x116.png 225w, https:\/\/www.isdin.com\/es\/blog\/wp-content\/uploads\/2023\/10\/2023_Blog_Pregnancy_Nutricion_IMG07-900x464.png 900w, https:\/\/www.isdin.com\/es\/blog\/wp-content\/uploads\/2023\/10\/2023_Blog_Pregnancy_Nutricion_IMG07.png 1200w\" sizes=\"auto, (max-width: 1024px) 100vw, 1024px\" \/><\/figure>\n\n\n\n<p><\/p>\n\n\n\n<p>\u00a1Qu\u00e9 emocionante! Tu beb\u00e9 no para de crecer y la nutrici\u00f3n es algo muy f\u00e1cil de llevar durante este per\u00edodo. Aunque la ingesta de calor\u00edas debe aumentar ligeramente, tan solo tienes que seguir las precauciones de las que habl\u00e1bamos en el primer trimestre y mantener una dieta equilibrada. \u00a1Lo est\u00e1s haciendo genial!<\/p>\n\n\n\n<p><\/p>\n\n\n\n<p>Durante el segundo trimestre no tenemos que comer por dos, tenemos que comer bas\u00e1ndonos en nuestra sensaci\u00f3n de hambre y saciedad. Con muy poco que aumentemos la cantidad de comida diaria, ya se cubre ese plus de calor\u00edas que necesitamos.<\/p>\n\n\n\n<p><\/p>\n\n\n\n<p>Como bien dice Jennifer: \u2018\u2019En realidad es comer normal seg\u00fan el apetito que tengamos, no siempre vamos a tener el mismo. Habr\u00e1 d\u00edas que tengamos m\u00e1s hambre y otros d\u00edas menos, pero se puede seguir comiendo pr\u00e1cticamente de todo\u2019\u2019. La clave est\u00e1 en vigilar de cerca si hay alguna patolog\u00eda, como la diabetes gestacional, para la cual habr\u00eda que tener m\u00e1s control sobre algunos alimentos y seguir las indicaciones de tu m\u00e9dico y tu nutricionista. Adem\u00e1s, Jennifer nos recuerda <strong>el papel tan importante que juegan los nutrientes en el desarrollo del beb\u00e9<\/strong>:<\/p>\n\n\n\n<ul class=\"wp-block-list\">\n<li><strong>Hierro:<\/strong> indispensable para producir m\u00e1s sangre y suministrar ox\u00edgeno al beb\u00e9. Es importante controlarlo y fomentar en la dieta los alimentos ricos en este mineral. \u2018\u2019Si hay d\u00e9ficit de hierro enseguida se suplementa, se detecta muy bien con las anal\u00edticas\u2019\u2019 nos cuenta Jennifer.<\/li>\n<\/ul>\n\n\n\n<p><\/p>\n\n\n\n<ul class=\"wp-block-list\">\n<li><strong>Calcio:<\/strong> reduce el riesgo de preeclampsia, ayuda a fortalecer tus huesos y es clave para el desarrollo \u00f3seo y dental de tu beb\u00e9. En Espa\u00f1a solemos consumir muchos productos l\u00e1cteos, por lo que es el mineral que m\u00e1s cubierto suele estar.<\/li>\n<\/ul>\n\n\n\n<p><\/p>\n\n\n\n<ul class=\"wp-block-list\">\n<li><strong>Vitamina D:<\/strong> ayuda al calcio a formar los dientes y huesos de tu beb\u00e9. Lo bueno es que no solo puedes conseguirla con una dieta adecuada, sino a trav\u00e9s de la exposici\u00f3n al sol (siempre controlada y con <a href=\"https:\/\/www.isdin.com\/es\/blog\/tomar-el-sol-embarazada-fotoproteccion-adecuada\/\">fotoprotecci\u00f3n<\/a>).<\/li>\n<\/ul>\n\n\n\n<p><\/p>\n\n\n\n<ul class=\"wp-block-list\">\n<li><strong>\u00c1cido f\u00f3lico:<\/strong> con el que m\u00e1s hincapi\u00e9 hay que hacer. Se encuentra en las verduras de hojas verdes, los c\u00edtricos y las legumbres, pero es com\u00fan suplementarlo. Jennifer recomienda: \u2018\u2019Suplementarlo durante 3 meses antes de la concepci\u00f3n y al menos durante el primer trimestre de embarazo\u2019\u2019.<\/li>\n<\/ul>\n\n\n\n<p><\/p>\n\n\n\n<p class=\"has-background\" style=\"background-color:#f1dfbf\"><strong>Consejo de nutricionista: <\/strong>las mamis vegetarianas deber\u00e1n tener especialmente en cuenta incluir en su dieta suplementos con vitamina B12, siempre consult\u00e1ndolo con su m\u00e9dico.<\/p>\n\n\n\n<p><\/p>\n\n\n\n<h2 class=\"wp-block-heading\" id=\"h-un-aumento-de-peso-saludable\">Un aumento de peso saludable<\/h2>\n\n\n\n<figure class=\"wp-block-image size-large\"><img loading=\"lazy\" decoding=\"async\" width=\"1024\" height=\"527\" src=\"data:image\/gif;base64,R0lGODlhAQABAAAAACH5BAEKAAEALAAAAAABAAEAAAICTAEAOw==\" data-src=\"https:\/\/www.isdin.com\/es\/blog\/wp-content\/uploads\/2023\/10\/2023_Blog_Pregnancy_Nutricion_IMG02-1024x527.png\" alt=\"alimentos saludables para el embarazo\" class=\"wp-image-8901 lazyload\" data-sizes=\"auto\" data-srcset=\"https:\/\/www.isdin.com\/es\/blog\/wp-content\/uploads\/2023\/10\/2023_Blog_Pregnancy_Nutricion_IMG02-1024x527.png 1024w, https:\/\/www.isdin.com\/es\/blog\/wp-content\/uploads\/2023\/10\/2023_Blog_Pregnancy_Nutricion_IMG02-300x155.png 300w, https:\/\/www.isdin.com\/es\/blog\/wp-content\/uploads\/2023\/10\/2023_Blog_Pregnancy_Nutricion_IMG02-150x77.png 150w, https:\/\/www.isdin.com\/es\/blog\/wp-content\/uploads\/2023\/10\/2023_Blog_Pregnancy_Nutricion_IMG02-768x396.png 768w, https:\/\/www.isdin.com\/es\/blog\/wp-content\/uploads\/2023\/10\/2023_Blog_Pregnancy_Nutricion_IMG02-585x300.png 585w, https:\/\/www.isdin.com\/es\/blog\/wp-content\/uploads\/2023\/10\/2023_Blog_Pregnancy_Nutricion_IMG02-450x232.png 450w, https:\/\/www.isdin.com\/es\/blog\/wp-content\/uploads\/2023\/10\/2023_Blog_Pregnancy_Nutricion_IMG02-20x11.png 20w, https:\/\/www.isdin.com\/es\/blog\/wp-content\/uploads\/2023\/10\/2023_Blog_Pregnancy_Nutricion_IMG02-225x116.png 225w, https:\/\/www.isdin.com\/es\/blog\/wp-content\/uploads\/2023\/10\/2023_Blog_Pregnancy_Nutricion_IMG02-900x464.png 900w, https:\/\/www.isdin.com\/es\/blog\/wp-content\/uploads\/2023\/10\/2023_Blog_Pregnancy_Nutricion_IMG02.png 1200w\" sizes=\"auto, (max-width: 1024px) 100vw, 1024px\" \/><\/figure>\n\n\n\n<p><\/p>\n\n\n\n<p>Los cambios son notorios en el segundo trimestre, y la cantidad de peso que ganas puede afectar a tu salud y a la de tu beb\u00e9. Respecto a este tema, hay una pregunta que siempre se repite: \u00bfcu\u00e1nto peso deber\u00eda ganar durante el embarazo?<\/p>\n\n\n\n<p>Querida mam\u00e1, no existe una \u00fanica respuesta a esta pregunta. El aumento de peso depende de varios factores, incluido tu peso antes de quedarte embarazada y tu <a href=\"https:\/\/www.ocu.org\/alimentacion\/adelgazar\/calculadora\/indice-de-masa-corporal\">\u00edndice de masa corporal<\/a> (IMC). Lo que debes tener claro es que este aumento <strong>es completamente normal, as\u00ed como sentir tu cuerpo diferente.<\/strong> Algo incre\u00edble est\u00e1 pasando dentro de \u00e9l.<\/p>\n\n\n\n<p>Se recomienda comer en funci\u00f3n de la sensaci\u00f3n de hambre y la saciedad, sin hacer dietas restrictivas ni de adelgazamiento. Si estableces estos h\u00e1bitos saludables durante tu embarazo, podr\u00e1s gestionar este aumento de peso de la mejor manera posible tanto para ti como para tu beb\u00e9: haz ejercicio regularmente y abraza cada cambio. Jennifer a\u00f1ade: \u2018\u2019Habr\u00e1 una mejor recuperaci\u00f3n posparto si se han seguido h\u00e1bitos de vida saludables\u2019\u2019. <\/p>\n\n\n\n<blockquote class=\"wp-block-quote is-layout-flow wp-block-quote-is-layout-flow\">\n<p>\u2018\u2019Habr\u00e1 una mejor recuperaci\u00f3n posparto si se han seguido h\u00e1bitos de vida saludables\u2019\u2019. @nutri_jenn<\/p>\n<\/blockquote>\n\n\n\n<h2 class=\"wp-block-heading\">Tercer trimestre<\/h2>\n\n\n\n<p>Tu beb\u00e9 aumenta de peso r\u00e1pidamente durante el tercer trimestre y algunas partes de su cuerpo terminan de formarse. Sus ojos se abren, sus u\u00f1as se forman y el cabello crece, entre otras muchas cosas.<\/p>\n\n\n\n<p><\/p>\n\n\n\n<figure class=\"wp-block-image size-large\"><img loading=\"lazy\" decoding=\"async\" width=\"1024\" height=\"527\" src=\"data:image\/gif;base64,R0lGODlhAQABAAAAACH5BAEKAAEALAAAAAABAAEAAAICTAEAOw==\" data-src=\"https:\/\/www.isdin.com\/es\/blog\/wp-content\/uploads\/2023\/10\/2023_Blog_Pregnancy_Nutricion_IMG03-1-1024x527.png\" alt=\"nutrici\u00f3n durante el embarazo\" class=\"wp-image-8902 lazyload\" data-sizes=\"auto\" data-srcset=\"https:\/\/www.isdin.com\/es\/blog\/wp-content\/uploads\/2023\/10\/2023_Blog_Pregnancy_Nutricion_IMG03-1-1024x527.png 1024w, https:\/\/www.isdin.com\/es\/blog\/wp-content\/uploads\/2023\/10\/2023_Blog_Pregnancy_Nutricion_IMG03-1-300x155.png 300w, https:\/\/www.isdin.com\/es\/blog\/wp-content\/uploads\/2023\/10\/2023_Blog_Pregnancy_Nutricion_IMG03-1-150x77.png 150w, https:\/\/www.isdin.com\/es\/blog\/wp-content\/uploads\/2023\/10\/2023_Blog_Pregnancy_Nutricion_IMG03-1-768x396.png 768w, https:\/\/www.isdin.com\/es\/blog\/wp-content\/uploads\/2023\/10\/2023_Blog_Pregnancy_Nutricion_IMG03-1-585x300.png 585w, https:\/\/www.isdin.com\/es\/blog\/wp-content\/uploads\/2023\/10\/2023_Blog_Pregnancy_Nutricion_IMG03-1-450x232.png 450w, https:\/\/www.isdin.com\/es\/blog\/wp-content\/uploads\/2023\/10\/2023_Blog_Pregnancy_Nutricion_IMG03-1-20x11.png 20w, https:\/\/www.isdin.com\/es\/blog\/wp-content\/uploads\/2023\/10\/2023_Blog_Pregnancy_Nutricion_IMG03-1-225x116.png 225w, https:\/\/www.isdin.com\/es\/blog\/wp-content\/uploads\/2023\/10\/2023_Blog_Pregnancy_Nutricion_IMG03-1-900x464.png 900w, https:\/\/www.isdin.com\/es\/blog\/wp-content\/uploads\/2023\/10\/2023_Blog_Pregnancy_Nutricion_IMG03-1.png 1200w\" sizes=\"auto, (max-width: 1024px) 100vw, 1024px\" \/><\/figure>\n\n\n\n<p><\/p>\n\n\n\n<p>Con toda esta ola de transformaciones dentro de tu cuerpo, la alimentaci\u00f3n que lleves en los \u00faltimos meses ser\u00e1 muy importante. Sigue experimentando y adaptando tu dieta, escucha a tu cuerpo y las cosas que te pide, \u00a1el gran d\u00eda est\u00e1 a punto de llegar!<\/p>\n\n\n\n<h2 class=\"wp-block-heading\">Comer seg\u00fan los s\u00edntomas<\/h2>\n\n\n\n<p>Durante el embarazo experimentar\u00e1s el mundo de los antojos, las n\u00e1useas matutinas y los d\u00edas de estre\u00f1imiento. Es muy com\u00fan pasar por alguna de estas fases durante los 9 meses de este viaje, pero, \u00bfsab\u00edas que la nutrici\u00f3n puede ayudarte?<\/p>\n\n\n\n<h3 class=\"wp-block-heading\">Lidiando con los antojos<\/h3>\n\n\n\n<p>Para nuestra sorpresa, el mundo de los antojos est\u00e1 lleno de mitos: \u2018\u2019No hay ninguna evidencia cient\u00edfica demostrada sobre los antojos, ninguna. No todas las embarazadas tienen antojos, ni todos los antojos son igual de saludables, pero s\u00ed que est\u00e1n presentes\u201c. Tal y como la vida misma: hay d\u00edas que te apetecen comidas m\u00e1s saludables y d\u00edas en los que te apetecen menos, ah\u00ed est\u00e1n los antojos realmente. Embarazada o no embarazada, de vez en cu\u00e1ndo nos encanta comer una hamburguesa o un donut de chocolate.<\/p>\n\n\n\n<p>Estando embarazada tendr\u00e1s que priorizar el llevar una alimentaci\u00f3n equilibrada <strong>siempre que sea posible<\/strong>, pero sin negarte a los peque\u00f1os caprichos de la vida. Si tienes antojos saludables, \u00a1m\u00e1s que mejor! En el equilibrio est\u00e1 la clave, tan solo se trata de usar el sentido com\u00fan. Jennifer lo sabe: \u2018\u2019No es lo recomendable, pero si un d\u00eda puntual te has comido algo que no es tan sano, no va a pasar absolutamente nada dentro de una alimentaci\u00f3n equilibrada y saludable\u2019\u2019.<\/p>\n\n\n\n<blockquote class=\"wp-block-quote is-layout-flow wp-block-quote-is-layout-flow\">\n<p>\u2018\u2019No es lo recomendable, pero si un d\u00eda puntual te has comido algo que no es tan sano, no va a pasar absolutamente nada dentro de una alimentaci\u00f3n equilibrada y saludable\u2019\u2019. <\/p>\n<cite>@nutri_jenn<\/cite><\/blockquote>\n\n\n\n<h3 class=\"wp-block-heading\">Lidiando con el estre\u00f1imiento<\/h3>\n\n\n\n<p>El estre\u00f1imiento es muy frecuente durante el primer trimestre debido a los cambios hormonales: la progesterona tiene un efecto relajante sobre los m\u00fasculos. Esto puede ralentizar el movimiento de los alimentos a trav\u00e9s del sistema digestivo, lo que lleva a la acumulaci\u00f3n de heces y al estre\u00f1imiento.<\/p>\n\n\n\n<p>Sin embargo, cuando esta afecci\u00f3n puede ser realmente molesta es durante el tercer trimestre: a medida que tu \u00fatero crece para acomodar al beb\u00e9, ejerce cierta presi\u00f3n sobre el intestino. Como nos cuenta Jennifer: &#8221;Al final suele haber un poquito de estre\u00f1imiento porque ya ah\u00ed no cabe nada. Entonces ir al ba\u00f1o cuesta un poquito m\u00e1s\u2019\u2019.<\/p>\n\n\n\n<p><\/p>\n\n\n\n<figure class=\"wp-block-image size-large\"><img loading=\"lazy\" decoding=\"async\" width=\"1024\" height=\"527\" src=\"data:image\/gif;base64,R0lGODlhAQABAAAAACH5BAEKAAEALAAAAAABAAEAAAICTAEAOw==\" data-src=\"https:\/\/www.isdin.com\/es\/blog\/wp-content\/uploads\/2023\/10\/2023_Blog_Pregnancy_Nutricion_IMG08-1024x527.png\" alt=\"estre\u00f1imiento durante el embarazo\" class=\"wp-image-8903 lazyload\" data-sizes=\"auto\" data-srcset=\"https:\/\/www.isdin.com\/es\/blog\/wp-content\/uploads\/2023\/10\/2023_Blog_Pregnancy_Nutricion_IMG08-1024x527.png 1024w, https:\/\/www.isdin.com\/es\/blog\/wp-content\/uploads\/2023\/10\/2023_Blog_Pregnancy_Nutricion_IMG08-300x155.png 300w, https:\/\/www.isdin.com\/es\/blog\/wp-content\/uploads\/2023\/10\/2023_Blog_Pregnancy_Nutricion_IMG08-150x77.png 150w, https:\/\/www.isdin.com\/es\/blog\/wp-content\/uploads\/2023\/10\/2023_Blog_Pregnancy_Nutricion_IMG08-768x396.png 768w, https:\/\/www.isdin.com\/es\/blog\/wp-content\/uploads\/2023\/10\/2023_Blog_Pregnancy_Nutricion_IMG08-585x300.png 585w, https:\/\/www.isdin.com\/es\/blog\/wp-content\/uploads\/2023\/10\/2023_Blog_Pregnancy_Nutricion_IMG08-450x232.png 450w, https:\/\/www.isdin.com\/es\/blog\/wp-content\/uploads\/2023\/10\/2023_Blog_Pregnancy_Nutricion_IMG08-20x11.png 20w, https:\/\/www.isdin.com\/es\/blog\/wp-content\/uploads\/2023\/10\/2023_Blog_Pregnancy_Nutricion_IMG08-225x116.png 225w, https:\/\/www.isdin.com\/es\/blog\/wp-content\/uploads\/2023\/10\/2023_Blog_Pregnancy_Nutricion_IMG08-900x464.png 900w, https:\/\/www.isdin.com\/es\/blog\/wp-content\/uploads\/2023\/10\/2023_Blog_Pregnancy_Nutricion_IMG08.png 1200w\" sizes=\"auto, (max-width: 1024px) 100vw, 1024px\" \/><\/figure>\n\n\n\n<p><\/p>\n\n\n\n<p><strong>\u00bfQu\u00e9 puedes hacer para mejorar la situaci\u00f3n?<\/strong> Llevar una alimentaci\u00f3n rica en fibra, consumiendo frutas y verduras de forma regular e incluy\u00e9ndolas en la alimentaci\u00f3n diaria.<\/p>\n\n\n\n<p>Se recomienda m\u00ednimo ingerir unas cinco raciones entre frutas y verduras al d\u00eda, pero puedes consumir m\u00e1s si quieres. Tambi\u00e9n es importante incluir cereales integrales y legumbres. Aqu\u00ed no hay l\u00edmite de cantidad. Si a\u00fan as\u00ed tienes dificultades para ir al ba\u00f1o, lo mejor es que hables con tu matrona o ginec\u00f3loga para encontrar la mejor soluci\u00f3n.<\/p>\n\n\n\n<h3 class=\"wp-block-heading\">Lidiando con las n\u00e1useas<\/h3>\n\n\n\n<p>Tener una nutrici\u00f3n correcta siempre ayuda: \u201cEsto depende un poco de cada mami embarazada. A algunas les van mejor unas cosas u otras, pero normalmente lo que funciona muy bien es comer y beber en peque\u00f1as cantidades\u2019\u2019, nos descubre Jennifer. Identifica qu\u00e9 alimentos o bebidas son los que te crean m\u00e1s n\u00e1useas e intenta evitarlos (dentro de lo posible) en tu dieta.<\/p>\n\n\n\n<h2 class=\"wp-block-heading\">Las limitaciones y los alimentos prohibidos<\/h2>\n\n\n\n<p>Quieres lo mejor para tu beb\u00e9. Por eso, a\u00f1ades fruta a tu desayuno, legumbres a tus ensaladas y frutos secos a tus meriendas. Ahora ya conoces la mayor\u00eda de los alimentos que son buenos para tu cuerpo, pero \u00bfsabes cu\u00e1les son los que debes evitar durante el embarazo?<\/p>\n\n\n\n<ul class=\"wp-block-list\">\n<li><strong>Las algas:<\/strong> por su exceso en yodo y contenido en ars\u00e9nico.<\/li>\n<\/ul>\n\n\n\n<p><\/p>\n\n\n\n<ul class=\"wp-block-list\">\n<li><strong>La cafe\u00edna:<\/strong> conocida mundialmente por sus efectos estimulantes, durante el embarazo tiene otros no tan deseados: n\u00e1useas o mareos. Esto se debe a que durante el embarazo, tu cuerpo es m\u00e1s sensible a este compuesto qu\u00edmico.<\/li>\n<\/ul>\n\n\n\n<p>Presente de forma natural en las hojas, semillas y frutos de algunas plantas, como el caf\u00e9, el t\u00e9 y el cacao, la cafe\u00edna hoy en d\u00eda tambi\u00e9n se puede encontrar en una gran cantidad de productos y alimentos. \u00bfPor qu\u00e9 debes limitarla? Aparte de las molestias que puede producir, esta sustancia (en grandes cantidades) puede atravesar la placenta y afectar a tu beb\u00e9.<\/p>\n\n\n\n<p><strong>\u00bfQu\u00e9 puedes hacer?<\/strong> Limita la cantidad de cafe\u00edna que consumes cada d\u00eda a menos de 200 mg (equivalente a dos tazas de caf\u00e9 est\u00e1ndar). Cuando consumas alimentos, lee atentamente la etiqueta para saber cu\u00e1nta cafe\u00edna est\u00e1s ingiriendo. Recuerda: \u00a1hoy en d\u00eda, no solo se encuentra en el caf\u00e9!<\/p>\n\n\n\n<p>Jennifer nos da m\u00e1s info sobre ello: &#8221;Si vemos que el caf\u00e9 de repente nos provoca unas n\u00e1useas terribles, optamos por otras opciones y ya est\u00e1. No tenemos por qu\u00e9 seguir tomando caf\u00e9 solo porque siempre lo hayamos hecho. Lo mismo ocurre con el resto de alimentos; no suceder\u00e1 absolutamente nada si dejamos de comerlo durante un tiempo. Pero debemos asegurarnos de consumir otros alimentos que nos proporcionen los nutrientes necesarios y nos aseguren que estamos cubriendo nuestras necesidades&#8217;\u2019.<\/p>\n\n\n\n<ul class=\"wp-block-list\">\n<li><strong>Los pescados ricos en mercurio<\/strong>: el pescado es una excelente fuente de prote\u00edna, y los \u00e1cidos grasos omega-3 presentes en el pescado azul pueden favorecer el desarrollo del cerebro y de los ojos de tu beb\u00e9. Sin embargo, ciertos pescados pueden contener niveles muy altos de mercurio. \u00bfQu\u00e9 pasa con esto? Un <a href=\"https:\/\/www.who.int\/es\/news-room\/fact-sheets\/detail\/mercury-and-health\">exceso de mercurio puede da\u00f1ar el sistema nervioso en desarrollo de tu beb\u00e9,<\/a> pero no te asustes futura mam\u00e1, esto es f\u00e1cil de evitar.<\/li>\n<\/ul>\n\n\n\n<p><\/p>\n\n\n\n<p class=\"has-background\" style=\"background-color:#f1dfbf\"><strong>Consejo de nutricionista:<\/strong> Jennifer nos cuenta que el at\u00fan rojo, el emperador, el lucio y el tibur\u00f3n son los pescados que m\u00e1s riesgo tienen y que deber\u00edas eliminar de tu dieta. El resto puedes consumirlo sin problemas, eso s\u00ed, aseg\u00farate de cocinarlos completamente para prevenir toxiinfecciones alimentarias.<\/p>\n\n\n\n<p><\/p>\n\n\n\n<h3 class=\"wp-block-heading\">\u00bfQu\u00e9 alimentos tendr\u00e1n que esperar a que el beb\u00e9 nazca?<\/h3>\n\n\n\n<figure class=\"wp-block-image size-large\"><img loading=\"lazy\" decoding=\"async\" width=\"1024\" height=\"361\" src=\"data:image\/gif;base64,R0lGODlhAQABAAAAACH5BAEKAAEALAAAAAABAAEAAAICTAEAOw==\" data-src=\"https:\/\/www.isdin.com\/es\/blog\/wp-content\/uploads\/2023\/10\/2023_Blog_Pregnancy_Nutricion_IMG03-1-1-1024x361.png\" alt=\"alimentos a evitar durante el embarazo\" class=\"wp-image-8905 lazyload\" data-sizes=\"auto\" data-srcset=\"https:\/\/www.isdin.com\/es\/blog\/wp-content\/uploads\/2023\/10\/2023_Blog_Pregnancy_Nutricion_IMG03-1-1-1024x361.png 1024w, https:\/\/www.isdin.com\/es\/blog\/wp-content\/uploads\/2023\/10\/2023_Blog_Pregnancy_Nutricion_IMG03-1-1-300x106.png 300w, https:\/\/www.isdin.com\/es\/blog\/wp-content\/uploads\/2023\/10\/2023_Blog_Pregnancy_Nutricion_IMG03-1-1-150x53.png 150w, https:\/\/www.isdin.com\/es\/blog\/wp-content\/uploads\/2023\/10\/2023_Blog_Pregnancy_Nutricion_IMG03-1-1-768x271.png 768w, https:\/\/www.isdin.com\/es\/blog\/wp-content\/uploads\/2023\/10\/2023_Blog_Pregnancy_Nutricion_IMG03-1-1-450x159.png 450w, https:\/\/www.isdin.com\/es\/blog\/wp-content\/uploads\/2023\/10\/2023_Blog_Pregnancy_Nutricion_IMG03-1-1-225x79.png 225w, https:\/\/www.isdin.com\/es\/blog\/wp-content\/uploads\/2023\/10\/2023_Blog_Pregnancy_Nutricion_IMG03-1-1-900x317.png 900w, https:\/\/www.isdin.com\/es\/blog\/wp-content\/uploads\/2023\/10\/2023_Blog_Pregnancy_Nutricion_IMG03-1-1-20x8.png 20w, https:\/\/www.isdin.com\/es\/blog\/wp-content\/uploads\/2023\/10\/2023_Blog_Pregnancy_Nutricion_IMG03-1-1.png 1200w\" sizes=\"auto, (max-width: 1024px) 100vw, 1024px\" \/><\/figure>\n\n\n\n<p><\/p>\n\n\n\n<p>&#8221;Hay alimentos que no se pueden consumir durante el embarazo y eso tenemos que tenerlo en cuenta, aunque nos gusten, es algo inevitable&#8221;. Jennifer nos lo dice de forma clara, esta precauci\u00f3n es esencial para garantizar la salud de la madre y el desarrollo adecuado del beb\u00e9.<\/p>\n\n\n\n<p>La buena noticia es que estas prohibiciones no durar\u00e1n para siempre, simplemente tendr\u00e1s que adaptar un poco tu dieta a las nuevas necesidades de tu cuerpo.<\/p>\n\n\n\n<p>A continuaci\u00f3n, exploramos con Jennifer por qu\u00e9 es necesario evitar ciertos alimentos durante el embarazo y c\u00f3mo podr\u00e1s adaptarte:<\/p>\n\n\n\n<ul class=\"wp-block-list\">\n<li><strong>Frutas o verduras que no hayan sido lavadas correctamente:<\/strong> pueden estar contaminadas con bacterias. Si vas a consumir, por ejemplo, verduras crudas en un restaurante y no sabes si est\u00e1n bien lavadas, es mejor evitarlo y consumir verduras que hayan sido cocinadas.<\/li>\n<\/ul>\n\n\n\n<p><\/p>\n\n\n\n<ul class=\"wp-block-list\">\n<li><strong>Huevos crudos o poco cocidos:<\/strong> pueden contener salmonela.<\/li>\n<\/ul>\n\n\n\n<p><\/p>\n\n\n\n<ul class=\"wp-block-list\">\n<li><strong>Pescado y carne crudos o poco hechos:<\/strong> pueden exponer a la mam\u00e1 y al beb\u00e9 a bacterias, par\u00e1sitos y virus da\u00f1inos como la listeria o el anisakis.<\/li>\n<\/ul>\n\n\n\n<p><\/p>\n\n\n\n<ul class=\"wp-block-list\">\n<li><strong>H\u00edgados y derivados (pat\u00e9s)<\/strong>: tienen un alto contenido en vitamina A, que puede ser teratog\u00e9nica.<\/li>\n<\/ul>\n\n\n\n<p><\/p>\n\n\n\n<ul class=\"wp-block-list\">\n<li><strong>Quesos sin pasteurizar:<\/strong> algunos quesos como el de cabra, el queso azul y el queso <em>brie<\/em>, ya que pueden tener la bacteria de la listeria. Adem\u00e1s de los quesos, tambi\u00e9n se deben de evitar los productos l\u00e1cteos no pasteurizados como la leche cruda. Pero pueden adaptarse: \u2018\u2019Una salsa Roquefort, si la cocinas en casa de manera adecuada, puedes consumirla sin problemas\u2019\u2019 nos aclara Jennifer.<\/li>\n<\/ul>\n\n\n\n<ul class=\"wp-block-list\">\n<li><strong>\u00bfTe encantan los embutidos?<\/strong> Seguro que has o\u00eddo miles de versiones: no se pueden comer, se pueden comer si se congelan antes, puedes comerlos sin problemas\u2026<\/li>\n<\/ul>\n\n\n\n<p>Jennifer acaba con los mitos: \u2018\u2019Como indica la AESAN, el embutido, ya sea cocido (como el pavo o jam\u00f3n york) o crudo, solo puede consumirse si se cocina a temperatura superior a 70 grados. Debemos consumirlos cocinados\u2019\u2019.<\/p>\n\n\n\n<p>\u00bfY qu\u00e9 pasa con eso de la congelaci\u00f3n? \u2018\u2019A pesar de lo que siempre nos han dicho, como que congelarlos previamente hace que sea seguro consumirlos despu\u00e9s, no es cierto. Existe riesgo debido a que algunas bacterias pueden sobrevivir a la congelaci\u00f3n o puede haber contaminaci\u00f3n cruzada, por lo que no ser\u00eda seguro consumirlos sin cocinar\u2019\u2019.<\/p>\n\n\n\n<p>Ya ves mam\u00e1, no tienes por qu\u00e9 decirle adi\u00f3s al jam\u00f3n serrano, pero s\u00ed extremar las precauciones e introducirlo en tu dieta cocinado de la manera adecuada. Ahora bien, veamos qu\u00e9 alimentos no pueden faltar en tu dieta durante el embarazo:<\/p>\n\n\n\n<p><\/p>\n\n\n\n<h2 class=\"wp-block-heading\" id=\"h-el-comienzo-de-algo-especial\">El comienzo de algo especial<\/h2>\n\n\n\n<p><\/p>\n\n\n\n<figure class=\"wp-block-image size-large\"><img loading=\"lazy\" decoding=\"async\" width=\"1024\" height=\"527\" src=\"data:image\/gif;base64,R0lGODlhAQABAAAAACH5BAEKAAEALAAAAAABAAEAAAICTAEAOw==\" data-src=\"https:\/\/www.isdin.com\/es\/blog\/wp-content\/uploads\/2023\/10\/2023_Blog_Pregnancy_Nutricion_IMG06-1-1024x527.png\" alt=\"alimentos saludables\" class=\"wp-image-8906 lazyload\" data-sizes=\"auto\" data-srcset=\"https:\/\/www.isdin.com\/es\/blog\/wp-content\/uploads\/2023\/10\/2023_Blog_Pregnancy_Nutricion_IMG06-1-1024x527.png 1024w, https:\/\/www.isdin.com\/es\/blog\/wp-content\/uploads\/2023\/10\/2023_Blog_Pregnancy_Nutricion_IMG06-1-300x155.png 300w, https:\/\/www.isdin.com\/es\/blog\/wp-content\/uploads\/2023\/10\/2023_Blog_Pregnancy_Nutricion_IMG06-1-150x77.png 150w, https:\/\/www.isdin.com\/es\/blog\/wp-content\/uploads\/2023\/10\/2023_Blog_Pregnancy_Nutricion_IMG06-1-768x396.png 768w, https:\/\/www.isdin.com\/es\/blog\/wp-content\/uploads\/2023\/10\/2023_Blog_Pregnancy_Nutricion_IMG06-1-585x300.png 585w, https:\/\/www.isdin.com\/es\/blog\/wp-content\/uploads\/2023\/10\/2023_Blog_Pregnancy_Nutricion_IMG06-1-450x232.png 450w, https:\/\/www.isdin.com\/es\/blog\/wp-content\/uploads\/2023\/10\/2023_Blog_Pregnancy_Nutricion_IMG06-1-20x11.png 20w, https:\/\/www.isdin.com\/es\/blog\/wp-content\/uploads\/2023\/10\/2023_Blog_Pregnancy_Nutricion_IMG06-1-225x116.png 225w, https:\/\/www.isdin.com\/es\/blog\/wp-content\/uploads\/2023\/10\/2023_Blog_Pregnancy_Nutricion_IMG06-1-900x464.png 900w, https:\/\/www.isdin.com\/es\/blog\/wp-content\/uploads\/2023\/10\/2023_Blog_Pregnancy_Nutricion_IMG06-1.png 1200w\" sizes=\"auto, (max-width: 1024px) 100vw, 1024px\" \/><\/figure>\n\n\n\n<p><\/p>\n\n\n\n<p>Ya lo has visto, la nutrici\u00f3n juega un papel clave en el embarazo, pero no tienes por qu\u00e9 preocuparte. Jennifer nos ha demostrado que transformar tus h\u00e1bitos alimenticios y adaptar tu dieta es mucho m\u00e1s f\u00e1cil de lo que hubieras imaginado, \u00bfverdad?<\/p>\n\n\n\n<p>Cerramos este incre\u00edble tema con un \u00faltimo consejo de Jennifer: decir adi\u00f3s al miedo.<\/p>\n\n\n\n<ul class=\"wp-block-list\">\n<li>Para esas futuras mam\u00e1s que lo est\u00e1n buscando: llevar una alimentaci\u00f3n saludable y equilibrada, sin obsesionarse con dietas restrictivas.<\/li>\n<\/ul>\n\n\n\n<p><\/p>\n\n\n\n<ul class=\"wp-block-list\">\n<li>Para las mam\u00e1s que ya est\u00e1n embarazadas: disfrutar del embarazo, no teng\u00e1is miedo de ir a una boda o de comer fuera de casa.<\/li>\n<\/ul>\n\n\n\n<p>Jennifer se despide: \u201cHay que leer las etiquetas, sabiendo que hay alimentos que se pueden consumir cocinados\u2019\u2019. Y recalca: \u2018\u2019La congelaci\u00f3n no es la soluci\u00f3n\u201d. Entiende esa incertidumbre que hay detr\u00e1s del \u00bfpuedo comer esto o no?: \u201cNo com\u00e1is por dos, decid adi\u00f3s a los miedos y <strong>llevad una alimentaci\u00f3n saludable, variada y equilibrada<\/strong>, no solo por el beb\u00e9, sino tambi\u00e9n por vosotras\u201c.<\/p>\n\n\n\n<p>Esto solo acaba de empezar: queremos que disfrutes del viaje y estaremos contigo en cada paso del camino. Ante cualquier duda que te surja relacionada con tu embarazo, por favor, consulta a un profesional de la salud.<\/p>\n","protected":false},"excerpt":{"rendered":"<p>Estando embarazada tendr\u00e1s que priorizar el llevar una alimentaci\u00f3n equilibrada siempre que sea posible, pero sin negarte a los peque\u00f1os caprichos de la vida. <\/p>\n","protected":false},"author":69,"featured_media":8883,"comment_status":"closed","ping_status":"closed","sticky":false,"template":"","format":"image","meta":{"footnotes":""},"categories":[1,104],"tags":[411,143],"class_list":["post-8882","post","type-post","status-publish","format-image","has-post-thumbnail","hentry","category-consejos-cuidados","category-embarazo-bebes","tag-alimentacion","tag-embarazo","post_format-post-format-image"],"yoast_head":"<!-- This site is optimized with the Yoast SEO Premium plugin v25.4 (Yoast SEO v25.4) - https:\/\/yoast.com\/wordpress\/plugins\/seo\/ -->\n<title>Descubre el poder de la nutrici\u00f3n durante el embarazo con Jennifer Marcheix - ISDIN<\/title>\n<meta name=\"description\" content=\"Descubre con Jennifer Marcheix c\u00f3mo cuidar tu nutrici\u00f3n en cada trimestre del embarazo para vivir una vida plena y saludable.\" \/>\n<meta name=\"robots\" content=\"index, follow, max-snippet:-1, max-image-preview:large, max-video-preview:-1\" \/>\n<link rel=\"canonical\" href=\"https:\/\/www.isdin.com\/es\/blog\/alimentos-y-nutricion-durante-el-embarazo\/\" \/>\n<meta property=\"og:locale\" content=\"es_ES\" \/>\n<meta property=\"og:type\" content=\"article\" \/>\n<meta property=\"og:title\" content=\"Descubre el poder de la nutrici\u00f3n durante el embarazo con Jennifer Marcheix\" \/>\n<meta property=\"og:description\" content=\"Descubre con Jennifer Marcheix c\u00f3mo cuidar tu nutrici\u00f3n en cada trimestre del embarazo para vivir una vida plena y saludable.\" \/>\n<meta property=\"og:url\" content=\"https:\/\/www.isdin.com\/es\/blog\/alimentos-y-nutricion-durante-el-embarazo\/\" \/>\n<meta property=\"og:site_name\" content=\"ISDIN\" \/>\n<meta property=\"article:publisher\" content=\"https:\/\/es-es.facebook.com\/ISDIN.official\/\" \/>\n<meta property=\"article:published_time\" content=\"2023-10-24T13:02:47+00:00\" \/>\n<meta property=\"article:modified_time\" content=\"2023-11-23T11:22:15+00:00\" \/>\n<meta property=\"og:image\" content=\"https:\/\/www.isdin.com\/es\/blog\/wp-content\/uploads\/2023\/10\/2023_Blog_Pregnancy_Nutricion_IMG04.png\" \/>\n\t<meta property=\"og:image:width\" content=\"1200\" \/>\n\t<meta property=\"og:image:height\" content=\"760\" \/>\n\t<meta property=\"og:image:type\" content=\"image\/png\" \/>\n<meta name=\"author\" content=\"Belinda Mart\u00ednez\" \/>\n<meta name=\"twitter:card\" content=\"summary_large_image\" \/>\n<meta name=\"twitter:creator\" content=\"@isdin_official\" \/>\n<meta name=\"twitter:site\" content=\"@isdin_official\" \/>\n<meta name=\"twitter:label1\" content=\"Written by\" \/>\n\t<meta name=\"twitter:data1\" content=\"Belinda Mart\u00ednez\" \/>\n\t<meta name=\"twitter:label2\" content=\"Est. reading time\" \/>\n\t<meta name=\"twitter:data2\" content=\"14 minutes\" \/>\n<script type=\"application\/ld+json\" class=\"yoast-schema-graph\">{\"@context\":\"https:\/\/schema.org\",\"@graph\":[{\"@type\":\"Article\",\"@id\":\"https:\/\/www.isdin.com\/es\/blog\/alimentos-y-nutricion-durante-el-embarazo\/#article\",\"isPartOf\":{\"@id\":\"https:\/\/www.isdin.com\/es\/blog\/alimentos-y-nutricion-durante-el-embarazo\/\"},\"author\":{\"name\":\"Belinda Mart\u00ednez\",\"@id\":\"https:\/\/www.isdin.com\/es\/blog\/#\/schema\/person\/684015d7d9e78124cb4aa660f6fe8576\"},\"headline\":\"Descubre el poder de la nutrici\u00f3n durante el embarazo con Jennifer Marcheix\",\"datePublished\":\"2023-10-24T13:02:47+00:00\",\"dateModified\":\"2023-11-23T11:22:15+00:00\",\"mainEntityOfPage\":{\"@id\":\"https:\/\/www.isdin.com\/es\/blog\/alimentos-y-nutricion-durante-el-embarazo\/\"},\"wordCount\":2772,\"publisher\":{\"@id\":\"https:\/\/www.isdin.com\/es\/blog\/#organization\"},\"image\":{\"@id\":\"https:\/\/www.isdin.com\/es\/blog\/alimentos-y-nutricion-durante-el-embarazo\/#primaryimage\"},\"thumbnailUrl\":\"https:\/\/www.isdin.com\/es\/blog\/wp-content\/uploads\/2023\/10\/2023_Blog_Pregnancy_Nutricion_IMG04.png\",\"keywords\":[\"alimentaci\u00f3n\",\"embarazo\"],\"articleSection\":[\"Consejos y cuidados\",\"Embarazo y beb\u00e9s\"],\"inLanguage\":\"es-ES\"},{\"@type\":\"WebPage\",\"@id\":\"https:\/\/www.isdin.com\/es\/blog\/alimentos-y-nutricion-durante-el-embarazo\/\",\"url\":\"https:\/\/www.isdin.com\/es\/blog\/alimentos-y-nutricion-durante-el-embarazo\/\",\"name\":\"Descubre el poder de la nutrici\u00f3n durante el embarazo con Jennifer Marcheix - ISDIN\",\"isPartOf\":{\"@id\":\"https:\/\/www.isdin.com\/es\/blog\/#website\"},\"primaryImageOfPage\":{\"@id\":\"https:\/\/www.isdin.com\/es\/blog\/alimentos-y-nutricion-durante-el-embarazo\/#primaryimage\"},\"image\":{\"@id\":\"https:\/\/www.isdin.com\/es\/blog\/alimentos-y-nutricion-durante-el-embarazo\/#primaryimage\"},\"thumbnailUrl\":\"https:\/\/www.isdin.com\/es\/blog\/wp-content\/uploads\/2023\/10\/2023_Blog_Pregnancy_Nutricion_IMG04.png\",\"datePublished\":\"2023-10-24T13:02:47+00:00\",\"dateModified\":\"2023-11-23T11:22:15+00:00\",\"description\":\"Descubre con Jennifer Marcheix c\u00f3mo cuidar tu nutrici\u00f3n en cada trimestre del embarazo para vivir una vida plena y saludable.\",\"breadcrumb\":{\"@id\":\"https:\/\/www.isdin.com\/es\/blog\/alimentos-y-nutricion-durante-el-embarazo\/#breadcrumb\"},\"inLanguage\":\"es-ES\",\"potentialAction\":[{\"@type\":\"ReadAction\",\"target\":[\"https:\/\/www.isdin.com\/es\/blog\/alimentos-y-nutricion-durante-el-embarazo\/\"]}]},{\"@type\":\"ImageObject\",\"inLanguage\":\"es-ES\",\"@id\":\"https:\/\/www.isdin.com\/es\/blog\/alimentos-y-nutricion-durante-el-embarazo\/#primaryimage\",\"url\":\"https:\/\/www.isdin.com\/es\/blog\/wp-content\/uploads\/2023\/10\/2023_Blog_Pregnancy_Nutricion_IMG04.png\",\"contentUrl\":\"https:\/\/www.isdin.com\/es\/blog\/wp-content\/uploads\/2023\/10\/2023_Blog_Pregnancy_Nutricion_IMG04.png\",\"width\":1200,\"height\":760,\"caption\":\"nutrici\u00f3n durante el embarazo\"},{\"@type\":\"BreadcrumbList\",\"@id\":\"https:\/\/www.isdin.com\/es\/blog\/alimentos-y-nutricion-durante-el-embarazo\/#breadcrumb\",\"itemListElement\":[{\"@type\":\"ListItem\",\"position\":1,\"name\":\"Portada\",\"item\":\"https:\/\/www.isdin.com\/es\/blog\/\"},{\"@type\":\"ListItem\",\"position\":2,\"name\":\"Descubre el poder de la nutrici\u00f3n durante el embarazo con Jennifer Marcheix\"}]},{\"@type\":\"WebSite\",\"@id\":\"https:\/\/www.isdin.com\/es\/blog\/#website\",\"url\":\"https:\/\/www.isdin.com\/es\/blog\/\",\"name\":\"ISDIN\",\"description\":\"Novedades, lanzamientos de productos y toda la experiencia de ISDIN\",\"publisher\":{\"@id\":\"https:\/\/www.isdin.com\/es\/blog\/#organization\"},\"potentialAction\":[{\"@type\":\"SearchAction\",\"target\":{\"@type\":\"EntryPoint\",\"urlTemplate\":\"https:\/\/www.isdin.com\/es\/blog\/?s={search_term_string}\"},\"query-input\":{\"@type\":\"PropertyValueSpecification\",\"valueRequired\":true,\"valueName\":\"search_term_string\"}}],\"inLanguage\":\"es-ES\"},{\"@type\":\"Organization\",\"@id\":\"https:\/\/www.isdin.com\/es\/blog\/#organization\",\"name\":\"ISDIN\",\"alternateName\":\"ISDIN\",\"url\":\"https:\/\/www.isdin.com\/es\/blog\/\",\"logo\":{\"@type\":\"ImageObject\",\"inLanguage\":\"es-ES\",\"@id\":\"https:\/\/www.isdin.com\/es\/blog\/#\/schema\/logo\/image\/\",\"url\":\"https:\/\/www.isdin.com\/es\/blog\/wp-content\/uploads\/2024\/05\/2025_03_GuiaFoto_FWM.png\",\"contentUrl\":\"https:\/\/www.isdin.com\/es\/blog\/wp-content\/uploads\/2024\/05\/2025_03_GuiaFoto_FWM.png\",\"width\":670,\"height\":683,\"caption\":\"ISDIN\"},\"image\":{\"@id\":\"https:\/\/www.isdin.com\/es\/blog\/#\/schema\/logo\/image\/\"},\"sameAs\":[\"https:\/\/es-es.facebook.com\/ISDIN.official\/\",\"https:\/\/x.com\/isdin_official\",\"https:\/\/www.instagram.com\/isdinofficial\",\"https:\/\/www.youtube.com\/channel\/UCtoNJMKpDwdFLqgV23_lcqg\"],\"telephone\":\"659997812\"},{\"@type\":\"Person\",\"@id\":\"https:\/\/www.isdin.com\/es\/blog\/#\/schema\/person\/684015d7d9e78124cb4aa660f6fe8576\",\"name\":\"Belinda Mart\u00ednez\",\"image\":{\"@type\":\"ImageObject\",\"inLanguage\":\"es-ES\",\"@id\":\"https:\/\/www.isdin.com\/es\/blog\/#\/schema\/person\/image\/\",\"url\":\"https:\/\/www.isdin.com\/es\/blog\/wp-content\/uploads\/2017\/07\/jjjj.jpg\",\"contentUrl\":\"https:\/\/www.isdin.com\/es\/blog\/wp-content\/uploads\/2017\/07\/jjjj.jpg\",\"caption\":\"Belinda Mart\u00ednez\"},\"description\":\"Belinda es periodista y copywriter creativa. Tras a\u00f1os de experiencia, decidi\u00f3 fusionar sus habilidades de escritura con su amor por el skincare, convirti\u00e9ndose en una especialista en la materia. \u00bfSu imprescindible? Un buen b\u00e1lsamo de labios.\",\"sameAs\":[\"https:\/\/www.linkedin.com\/in\/thisisbel\/\"],\"url\":\"https:\/\/www.isdin.com\/es\/blog\/author\/belindamartinez\/\"}]}<\/script>\n<!-- \/ Yoast SEO Premium plugin. -->","yoast_head_json":{"title":"Descubre el poder de la nutrici\u00f3n durante el embarazo con Jennifer Marcheix - ISDIN","description":"Descubre con Jennifer Marcheix c\u00f3mo cuidar tu nutrici\u00f3n en cada trimestre del embarazo para vivir una vida plena y saludable.","robots":{"index":"index","follow":"follow","max-snippet":"max-snippet:-1","max-image-preview":"max-image-preview:large","max-video-preview":"max-video-preview:-1"},"canonical":"https:\/\/www.isdin.com\/es\/blog\/alimentos-y-nutricion-durante-el-embarazo\/","og_locale":"es_ES","og_type":"article","og_title":"Descubre el poder de la nutrici\u00f3n durante el embarazo con Jennifer Marcheix","og_description":"Descubre con Jennifer Marcheix c\u00f3mo cuidar tu nutrici\u00f3n en cada trimestre del embarazo para vivir una vida plena y saludable.","og_url":"https:\/\/www.isdin.com\/es\/blog\/alimentos-y-nutricion-durante-el-embarazo\/","og_site_name":"ISDIN","article_publisher":"https:\/\/es-es.facebook.com\/ISDIN.official\/","article_published_time":"2023-10-24T13:02:47+00:00","article_modified_time":"2023-11-23T11:22:15+00:00","og_image":[{"width":1200,"height":760,"url":"https:\/\/www.isdin.com\/es\/blog\/wp-content\/uploads\/2023\/10\/2023_Blog_Pregnancy_Nutricion_IMG04.png","type":"image\/png"}],"author":"Belinda Mart\u00ednez","twitter_card":"summary_large_image","twitter_creator":"@isdin_official","twitter_site":"@isdin_official","twitter_misc":{"Written by":"Belinda Mart\u00ednez","Est. reading time":"14 minutes"},"schema":{"@context":"https:\/\/schema.org","@graph":[{"@type":"Article","@id":"https:\/\/www.isdin.com\/es\/blog\/alimentos-y-nutricion-durante-el-embarazo\/#article","isPartOf":{"@id":"https:\/\/www.isdin.com\/es\/blog\/alimentos-y-nutricion-durante-el-embarazo\/"},"author":{"name":"Belinda Mart\u00ednez","@id":"https:\/\/www.isdin.com\/es\/blog\/#\/schema\/person\/684015d7d9e78124cb4aa660f6fe8576"},"headline":"Descubre el poder de la nutrici\u00f3n durante el embarazo con Jennifer Marcheix","datePublished":"2023-10-24T13:02:47+00:00","dateModified":"2023-11-23T11:22:15+00:00","mainEntityOfPage":{"@id":"https:\/\/www.isdin.com\/es\/blog\/alimentos-y-nutricion-durante-el-embarazo\/"},"wordCount":2772,"publisher":{"@id":"https:\/\/www.isdin.com\/es\/blog\/#organization"},"image":{"@id":"https:\/\/www.isdin.com\/es\/blog\/alimentos-y-nutricion-durante-el-embarazo\/#primaryimage"},"thumbnailUrl":"https:\/\/www.isdin.com\/es\/blog\/wp-content\/uploads\/2023\/10\/2023_Blog_Pregnancy_Nutricion_IMG04.png","keywords":["alimentaci\u00f3n","embarazo"],"articleSection":["Consejos y cuidados","Embarazo y beb\u00e9s"],"inLanguage":"es-ES"},{"@type":"WebPage","@id":"https:\/\/www.isdin.com\/es\/blog\/alimentos-y-nutricion-durante-el-embarazo\/","url":"https:\/\/www.isdin.com\/es\/blog\/alimentos-y-nutricion-durante-el-embarazo\/","name":"Descubre el poder de la nutrici\u00f3n durante el embarazo con Jennifer Marcheix - ISDIN","isPartOf":{"@id":"https:\/\/www.isdin.com\/es\/blog\/#website"},"primaryImageOfPage":{"@id":"https:\/\/www.isdin.com\/es\/blog\/alimentos-y-nutricion-durante-el-embarazo\/#primaryimage"},"image":{"@id":"https:\/\/www.isdin.com\/es\/blog\/alimentos-y-nutricion-durante-el-embarazo\/#primaryimage"},"thumbnailUrl":"https:\/\/www.isdin.com\/es\/blog\/wp-content\/uploads\/2023\/10\/2023_Blog_Pregnancy_Nutricion_IMG04.png","datePublished":"2023-10-24T13:02:47+00:00","dateModified":"2023-11-23T11:22:15+00:00","description":"Descubre con Jennifer Marcheix c\u00f3mo cuidar tu nutrici\u00f3n en cada trimestre del embarazo para vivir una vida plena y saludable.","breadcrumb":{"@id":"https:\/\/www.isdin.com\/es\/blog\/alimentos-y-nutricion-durante-el-embarazo\/#breadcrumb"},"inLanguage":"es-ES","potentialAction":[{"@type":"ReadAction","target":["https:\/\/www.isdin.com\/es\/blog\/alimentos-y-nutricion-durante-el-embarazo\/"]}]},{"@type":"ImageObject","inLanguage":"es-ES","@id":"https:\/\/www.isdin.com\/es\/blog\/alimentos-y-nutricion-durante-el-embarazo\/#primaryimage","url":"https:\/\/www.isdin.com\/es\/blog\/wp-content\/uploads\/2023\/10\/2023_Blog_Pregnancy_Nutricion_IMG04.png","contentUrl":"https:\/\/www.isdin.com\/es\/blog\/wp-content\/uploads\/2023\/10\/2023_Blog_Pregnancy_Nutricion_IMG04.png","width":1200,"height":760,"caption":"nutrici\u00f3n durante el embarazo"},{"@type":"BreadcrumbList","@id":"https:\/\/www.isdin.com\/es\/blog\/alimentos-y-nutricion-durante-el-embarazo\/#breadcrumb","itemListElement":[{"@type":"ListItem","position":1,"name":"Portada","item":"https:\/\/www.isdin.com\/es\/blog\/"},{"@type":"ListItem","position":2,"name":"Descubre el poder de la nutrici\u00f3n durante el embarazo con Jennifer Marcheix"}]},{"@type":"WebSite","@id":"https:\/\/www.isdin.com\/es\/blog\/#website","url":"https:\/\/www.isdin.com\/es\/blog\/","name":"ISDIN","description":"Novedades, lanzamientos de productos y toda la experiencia de ISDIN","publisher":{"@id":"https:\/\/www.isdin.com\/es\/blog\/#organization"},"potentialAction":[{"@type":"SearchAction","target":{"@type":"EntryPoint","urlTemplate":"https:\/\/www.isdin.com\/es\/blog\/?s={search_term_string}"},"query-input":{"@type":"PropertyValueSpecification","valueRequired":true,"valueName":"search_term_string"}}],"inLanguage":"es-ES"},{"@type":"Organization","@id":"https:\/\/www.isdin.com\/es\/blog\/#organization","name":"ISDIN","alternateName":"ISDIN","url":"https:\/\/www.isdin.com\/es\/blog\/","logo":{"@type":"ImageObject","inLanguage":"es-ES","@id":"https:\/\/www.isdin.com\/es\/blog\/#\/schema\/logo\/image\/","url":"https:\/\/www.isdin.com\/es\/blog\/wp-content\/uploads\/2024\/05\/2025_03_GuiaFoto_FWM.png","contentUrl":"https:\/\/www.isdin.com\/es\/blog\/wp-content\/uploads\/2024\/05\/2025_03_GuiaFoto_FWM.png","width":670,"height":683,"caption":"ISDIN"},"image":{"@id":"https:\/\/www.isdin.com\/es\/blog\/#\/schema\/logo\/image\/"},"sameAs":["https:\/\/es-es.facebook.com\/ISDIN.official\/","https:\/\/x.com\/isdin_official","https:\/\/www.instagram.com\/isdinofficial","https:\/\/www.youtube.com\/channel\/UCtoNJMKpDwdFLqgV23_lcqg"],"telephone":"659997812"},{"@type":"Person","@id":"https:\/\/www.isdin.com\/es\/blog\/#\/schema\/person\/684015d7d9e78124cb4aa660f6fe8576","name":"Belinda Mart\u00ednez","image":{"@type":"ImageObject","inLanguage":"es-ES","@id":"https:\/\/www.isdin.com\/es\/blog\/#\/schema\/person\/image\/","url":"https:\/\/www.isdin.com\/es\/blog\/wp-content\/uploads\/2017\/07\/jjjj.jpg","contentUrl":"https:\/\/www.isdin.com\/es\/blog\/wp-content\/uploads\/2017\/07\/jjjj.jpg","caption":"Belinda Mart\u00ednez"},"description":"Belinda es periodista y copywriter creativa. Tras a\u00f1os de experiencia, decidi\u00f3 fusionar sus habilidades de escritura con su amor por el skincare, convirti\u00e9ndose en una especialista en la materia. \u00bfSu imprescindible? Un buen b\u00e1lsamo de labios.","sameAs":["https:\/\/www.linkedin.com\/in\/thisisbel\/"],"url":"https:\/\/www.isdin.com\/es\/blog\/author\/belindamartinez\/"}]}},"_links":{"self":[{"href":"https:\/\/www.isdin.com\/es\/blog\/wp-json\/wp\/v2\/posts\/8882","targetHints":{"allow":["GET"]}}],"collection":[{"href":"https:\/\/www.isdin.com\/es\/blog\/wp-json\/wp\/v2\/posts"}],"about":[{"href":"https:\/\/www.isdin.com\/es\/blog\/wp-json\/wp\/v2\/types\/post"}],"author":[{"embeddable":true,"href":"https:\/\/www.isdin.com\/es\/blog\/wp-json\/wp\/v2\/users\/69"}],"replies":[{"embeddable":true,"href":"https:\/\/www.isdin.com\/es\/blog\/wp-json\/wp\/v2\/comments?post=8882"}],"version-history":[{"count":14,"href":"https:\/\/www.isdin.com\/es\/blog\/wp-json\/wp\/v2\/posts\/8882\/revisions"}],"predecessor-version":[{"id":9114,"href":"https:\/\/www.isdin.com\/es\/blog\/wp-json\/wp\/v2\/posts\/8882\/revisions\/9114"}],"wp:featuredmedia":[{"embeddable":true,"href":"https:\/\/www.isdin.com\/es\/blog\/wp-json\/wp\/v2\/media\/8883"}],"wp:attachment":[{"href":"https:\/\/www.isdin.com\/es\/blog\/wp-json\/wp\/v2\/media?parent=8882"}],"wp:term":[{"taxonomy":"category","embeddable":true,"href":"https:\/\/www.isdin.com\/es\/blog\/wp-json\/wp\/v2\/categories?post=8882"},{"taxonomy":"post_tag","embeddable":true,"href":"https:\/\/www.isdin.com\/es\/blog\/wp-json\/wp\/v2\/tags?post=8882"}],"curies":[{"name":"wp","href":"https:\/\/api.w.org\/{rel}","templated":true}]}}