{"id":8868,"date":"2023-10-24T11:27:58","date_gmt":"2023-10-24T11:27:58","guid":{"rendered":"https:\/\/www.isdin.com\/es\/blog\/?p=8868"},"modified":"2023-11-23T12:17:30","modified_gmt":"2023-11-23T12:17:30","slug":"las-emociones-en-el-embarazo","status":"publish","type":"post","link":"https:\/\/www.isdin.com\/es\/blog\/las-emociones-en-el-embarazo\/","title":{"rendered":"El lado m\u00e1s profundo del embarazo: una monta\u00f1a rusa de emociones que nunca olvidar\u00e1s"},"content":{"rendered":"\n<p>Dicen que cuando eres madre cambias, que le dices adi\u00f3s a una versi\u00f3n antigua de ti misma y das paso a una nueva. Pero esto no es del todo cierto.<\/p>\n\n\n\n<p>S\u00ed, tu cuerpo est\u00e1 en constante transformaci\u00f3n y aprendes a amar de una forma diferente, de una forma incondicional. Pero t\u00fa sigues ah\u00ed, siendo la capitana de un barco que navega en un mar abierto lleno de emociones distintas.<\/p>\n\n\n\n<p>Hoy exploramos el lado m\u00e1s emocional del embarazo con la psic\u00f3loga Paola Roig: ser mujer y ser madre, \u00bfson dos caras distintas de la misma moneda o ambos papeles se fusionan en uno solo?<\/p>\n\n\n\n<p><\/p>\n\n\n\n<h2 class=\"wp-block-heading\" id=\"h-paola-roig-de-la-mano-contigo\">Paola Roig de la mano contigo<\/h2>\n\n\n\n<div class=\"wp-block-media-text alignwide is-stacked-on-mobile\" style=\"grid-template-columns:43% auto\"><figure class=\"wp-block-media-text__media\"><img loading=\"lazy\" decoding=\"async\" width=\"400\" height=\"400\" src=\"data:image\/gif;base64,R0lGODlhAQABAAAAACH5BAEKAAEALAAAAAABAAEAAAICTAEAOw==\" data-src=\"https:\/\/www.isdin.com\/es\/blog\/wp-content\/uploads\/2023\/10\/2023_Blog_Pregnancy_Emotional_IMG07-1.png\" alt=\"Paola Roig\" class=\"wp-image-8870 size-full lazyload\" data-sizes=\"auto\" data-srcset=\"https:\/\/www.isdin.com\/es\/blog\/wp-content\/uploads\/2023\/10\/2023_Blog_Pregnancy_Emotional_IMG07-1.png 400w, https:\/\/www.isdin.com\/es\/blog\/wp-content\/uploads\/2023\/10\/2023_Blog_Pregnancy_Emotional_IMG07-1-300x300.png 300w, https:\/\/www.isdin.com\/es\/blog\/wp-content\/uploads\/2023\/10\/2023_Blog_Pregnancy_Emotional_IMG07-1-150x150.png 150w, https:\/\/www.isdin.com\/es\/blog\/wp-content\/uploads\/2023\/10\/2023_Blog_Pregnancy_Emotional_IMG07-1-70x70.png 70w, https:\/\/www.isdin.com\/es\/blog\/wp-content\/uploads\/2023\/10\/2023_Blog_Pregnancy_Emotional_IMG07-1-180x180.png 180w, https:\/\/www.isdin.com\/es\/blog\/wp-content\/uploads\/2023\/10\/2023_Blog_Pregnancy_Emotional_IMG07-1-90x90.png 90w, https:\/\/www.isdin.com\/es\/blog\/wp-content\/uploads\/2023\/10\/2023_Blog_Pregnancy_Emotional_IMG07-1-270x270.png 270w, https:\/\/www.isdin.com\/es\/blog\/wp-content\/uploads\/2023\/10\/2023_Blog_Pregnancy_Emotional_IMG07-1-20x20.png 20w, https:\/\/www.isdin.com\/es\/blog\/wp-content\/uploads\/2023\/10\/2023_Blog_Pregnancy_Emotional_IMG07-1-225x225.png 225w\" sizes=\"auto, (max-width: 400px) 100vw, 400px\" \/><\/figure><div class=\"wp-block-media-text__content\">\n<p>A Paola, ser madre le revolucion\u00f3 la vida. Esta psic\u00f3loga especializada en el \u00e1mbito perinatal es una apasionada por el bienestar materno-infantil y co-fundadora de Pell a Pell, un proyecto donde empodera a mujeres en su viaje por la maternidad.<\/p>\n<\/div><\/div>\n\n\n\n<p><\/p>\n\n\n\n<h2 class=\"wp-block-heading\">Un t\u00e9rmino para familiarizarse: la matrescencia<\/h2>\n\n\n\n<p>La matrescencia es ese fascinante viaje que emprende una mujer cuando se convierte en madre. Esta aventura puede durar varios a\u00f1os y est\u00e1 marcada por cambios profundos que afectan la forma en que te percibes a ti misma, c\u00f3mo te conectas emocionalmente con tu beb\u00e9 y la relaci\u00f3n que tienes con tu pareja.<\/p>\n\n\n\n<p>Paola nos adentra un poco m\u00e1s en el tema: \u201cClaro que tu vida va a cambiar, pero no lo har\u00e1 tanto. Igual que ser\u00eda absurdo decirle a un adolescente que vuelva a ser el de antes, no va a ser as\u00ed, por suerte. Y lo mismo sucede con la maternidad\u2019\u2019.<\/p>\n\n\n\n<p>Desde el momento en que un \u00f3vulo fertilizado se implanta en tu \u00fatero, la placenta en desarrollo comienza a segregar hormonas esenciales para el crecimiento de tu beb\u00e9. Y estas hormonas, ir\u00f3nicamente, son las que impulsar\u00e1n en mayor medida muchos de los cambios que vas a experimentar.<\/p>\n\n\n\n<p>Este ba\u00f1o hormonal, que es tan beneficioso para el beb\u00e9, a veces puede resultar dif\u00edcil.<strong> Las n\u00e1useas matutinas, la transformaci\u00f3n de tu cuerpo, los cambios de humor\u2026 la clave para sobrellevarlo est\u00e1 en el equilibrio entre mente y cuerpo.<\/strong><\/p>\n\n\n\n<p><\/p>\n\n\n\n<p>\u201cNuestro cuerpo le hace un lugar al beb\u00e9, se prepara para la lactancia, para el posparto, pero nuestra mente tambi\u00e9n lo hace\u201d, dice Paola mientras nos comparte la comparaci\u00f3n perfecta: \u201cA medida que la barriga crece, nuestra mente y nuestra psique tambi\u00e9n le dan espacio al beb\u00e9 que est\u00e1 en camino\u201d. \u00bfAlguna vez te hab\u00edas parado a pensar en ello?  Como bien dice Paola: \u2018\u2019El embarazo, adem\u00e1s de una preparaci\u00f3n f\u00edsica, es una preparaci\u00f3n mental\u2019\u2019. <\/p>\n\n\n\n<blockquote class=\"wp-block-quote is-layout-flow wp-block-quote-is-layout-flow\">\n<p>\u2018\u2019El embarazo, adem\u00e1s de una preparaci\u00f3n f\u00edsica, es una preparaci\u00f3n mental\u2019\u2019. <\/p>\n<cite>@paoroig<\/cite><\/blockquote>\n\n\n\n<p><\/p>\n\n\n\n<figure class=\"wp-block-image size-large\"><img loading=\"lazy\" decoding=\"async\" width=\"1024\" height=\"527\" src=\"data:image\/gif;base64,R0lGODlhAQABAAAAACH5BAEKAAEALAAAAAABAAEAAAICTAEAOw==\" data-src=\"https:\/\/www.isdin.com\/es\/blog\/wp-content\/uploads\/2023\/10\/2023_Blog_Pregnancy_Emotional_IMG04-1-1024x527.png\" alt=\"emociones durante el embarazo\" class=\"wp-image-8872 lazyload\" data-sizes=\"auto\" data-srcset=\"https:\/\/www.isdin.com\/es\/blog\/wp-content\/uploads\/2023\/10\/2023_Blog_Pregnancy_Emotional_IMG04-1-1024x527.png 1024w, https:\/\/www.isdin.com\/es\/blog\/wp-content\/uploads\/2023\/10\/2023_Blog_Pregnancy_Emotional_IMG04-1-300x155.png 300w, https:\/\/www.isdin.com\/es\/blog\/wp-content\/uploads\/2023\/10\/2023_Blog_Pregnancy_Emotional_IMG04-1-150x77.png 150w, https:\/\/www.isdin.com\/es\/blog\/wp-content\/uploads\/2023\/10\/2023_Blog_Pregnancy_Emotional_IMG04-1-768x396.png 768w, https:\/\/www.isdin.com\/es\/blog\/wp-content\/uploads\/2023\/10\/2023_Blog_Pregnancy_Emotional_IMG04-1-585x300.png 585w, https:\/\/www.isdin.com\/es\/blog\/wp-content\/uploads\/2023\/10\/2023_Blog_Pregnancy_Emotional_IMG04-1-450x232.png 450w, https:\/\/www.isdin.com\/es\/blog\/wp-content\/uploads\/2023\/10\/2023_Blog_Pregnancy_Emotional_IMG04-1-20x11.png 20w, https:\/\/www.isdin.com\/es\/blog\/wp-content\/uploads\/2023\/10\/2023_Blog_Pregnancy_Emotional_IMG04-1-225x116.png 225w, https:\/\/www.isdin.com\/es\/blog\/wp-content\/uploads\/2023\/10\/2023_Blog_Pregnancy_Emotional_IMG04-1-900x464.png 900w, https:\/\/www.isdin.com\/es\/blog\/wp-content\/uploads\/2023\/10\/2023_Blog_Pregnancy_Emotional_IMG04-1.png 1200w\" sizes=\"auto, (max-width: 1024px) 100vw, 1024px\" \/><\/figure>\n\n\n\n<p><\/p>\n\n\n\n<h3 class=\"wp-block-heading\">La preparaci\u00f3n<\/h3>\n\n\n\n<p>Durante este proceso, muchas futuras mam\u00e1s se sumergen en la introspecci\u00f3n, recordando su infancia y el modelo de padres que han tenido. Visualizan el futuro que desean para su beb\u00e9 y c\u00f3mo lo educar\u00e1n. Sue\u00f1an con el camino que se avecina y el emocionante d\u00eda del parto. Sin embargo, <strong>la verdadera magia reside en vivir cada uno de estos momentos con gratitud y plenitud, disfrutando del viaje a medida que avanza<\/strong>.<\/p>\n\n\n\n<p>Los altibajos emocionales son parte de ello. Sentir emociones intensas no significa que haya algo &#8221;incorrecto&#8221; contigo o con tu embarazo, \u00a1en absoluto! Cada mujer vive su embarazo de manera \u00fanica, y cada una de estas experiencias es perfecta tal y como es.<\/p>\n\n\n\n<h3 class=\"wp-block-heading\">\u00bfPor qu\u00e9 me siento as\u00ed?<\/h3>\n\n\n\n<p>Encontrar el equilibrio entre la mente y el cuerpo cuando no sabes por qu\u00e9 te sientes de cierta manera puede ser dif\u00edcil. Muchas mujeres embarazadas notan que sus emociones se van equilibrando a medida que avanza el embarazo, pero vuelven a intensificarse antes del parto. Otras simplemente son sensibles durante todo el embarazo, y algunas no lo son. Todas las opciones son correctas y esto es lo que las provoca:<\/p>\n\n\n\n<ul class=\"wp-block-list\">\n<li><strong>Cambios hormonales:<\/strong> \u00bfsientes todo un hurac\u00e1n de emociones? Las hormonas est\u00e1n detr\u00e1s de esto, como veremos m\u00e1s adelante.<\/li>\n<\/ul>\n\n\n\n<p><\/p>\n\n\n\n<ul class=\"wp-block-list\">\n<li><strong>S\u00edntomas del embarazo:<\/strong> si experimentas los efectos secundarios del embarazo, como las n\u00e1useas o la fatiga, puede ser agotador. No es raro que te sientas molesta o irritada cuando vomitas o te sientes muy cansada, \u00bfverdad?<\/li>\n<\/ul>\n\n\n\n<p><\/p>\n\n\n\n<ul class=\"wp-block-list\">\n<li><strong>Preocupaciones:<\/strong> \u00bfte preocupa si ser\u00e1s una buena madre o c\u00f3mo ser\u00e1 el d\u00eda del parto? Es normal pensar en estos futuros, sin embargo, si te agobias m\u00e1s de la cuenta, el estr\u00e9s podr\u00eda afectar tu estado de \u00e1nimo.<\/li>\n<\/ul>\n\n\n\n<p>Conocemos las causas y es hora de desmentir mitos, \u00bfes verdad que el 5.\u00ba mes de embarazo es el m\u00e1s emocional? Paola nos responde: \u2018\u2019Yo al menos no conozco que sea el m\u00e1s emocional. Cada etapa del embarazo tiene lo suyo\u2019\u2019.<\/p>\n\n\n\n<h3 class=\"wp-block-heading\">\u00bfQu\u00e9 hacen las hormonas?<\/h3>\n\n\n\n<p>Est\u00e1s feliz, est\u00e1s triste, te enfadas con facilidad o reaccionas m\u00e1s emocionalmente ante cosas que normalmente no te afectar\u00edan. \u00bfTe suena de algo? Los cambios de humor que experimentas durante el embarazo se parecen mucho a los s\u00edntomas premenstruales.<\/p>\n\n\n\n<p>Tan pronto como quedas embarazada, tu cuerpo comienza a prepararse para proteger y mantener a tu beb\u00e9. Esto aumenta los niveles de las hormonas estr\u00f3geno y progesterona en la sangre, dos nombres que seguro que ya has escuchado.<\/p>\n\n\n\n<p>Que estos niveles de hormonas est\u00e9n altos es clave para un embarazo saludable, pero tambi\u00e9n pueden despertar ciertos sentimientos. Con el tiempo, tu cuerpo se adapta a estos niveles altos. \u00bfQu\u00e9 puedes experimentar mientras? Te lo contamos:<\/p>\n\n\n\n<p><\/p>\n\n\n\n<figure class=\"wp-block-image size-large\"><img loading=\"lazy\" decoding=\"async\" width=\"1024\" height=\"527\" src=\"data:image\/gif;base64,R0lGODlhAQABAAAAACH5BAEKAAEALAAAAAABAAEAAAICTAEAOw==\" data-src=\"https:\/\/www.isdin.com\/es\/blog\/wp-content\/uploads\/2023\/10\/2023_Blog_Pregnancy_Emotional_IMG08-1024x527.png\" alt=\"hormonas y embarazo\" class=\"wp-image-8871 lazyload\" data-sizes=\"auto\" data-srcset=\"https:\/\/www.isdin.com\/es\/blog\/wp-content\/uploads\/2023\/10\/2023_Blog_Pregnancy_Emotional_IMG08-1024x527.png 1024w, https:\/\/www.isdin.com\/es\/blog\/wp-content\/uploads\/2023\/10\/2023_Blog_Pregnancy_Emotional_IMG08-300x155.png 300w, https:\/\/www.isdin.com\/es\/blog\/wp-content\/uploads\/2023\/10\/2023_Blog_Pregnancy_Emotional_IMG08-150x77.png 150w, https:\/\/www.isdin.com\/es\/blog\/wp-content\/uploads\/2023\/10\/2023_Blog_Pregnancy_Emotional_IMG08-768x396.png 768w, https:\/\/www.isdin.com\/es\/blog\/wp-content\/uploads\/2023\/10\/2023_Blog_Pregnancy_Emotional_IMG08-585x300.png 585w, https:\/\/www.isdin.com\/es\/blog\/wp-content\/uploads\/2023\/10\/2023_Blog_Pregnancy_Emotional_IMG08-450x232.png 450w, https:\/\/www.isdin.com\/es\/blog\/wp-content\/uploads\/2023\/10\/2023_Blog_Pregnancy_Emotional_IMG08-20x11.png 20w, https:\/\/www.isdin.com\/es\/blog\/wp-content\/uploads\/2023\/10\/2023_Blog_Pregnancy_Emotional_IMG08-225x116.png 225w, https:\/\/www.isdin.com\/es\/blog\/wp-content\/uploads\/2023\/10\/2023_Blog_Pregnancy_Emotional_IMG08-900x464.png 900w, https:\/\/www.isdin.com\/es\/blog\/wp-content\/uploads\/2023\/10\/2023_Blog_Pregnancy_Emotional_IMG08.png 1200w\" sizes=\"auto, (max-width: 1024px) 100vw, 1024px\" \/><\/figure>\n\n\n\n<p><\/p>\n\n\n\n<h4 class=\"wp-block-heading\" id=\"h-de-repente-estas-muy-feliz\">De repente est\u00e1s muy feliz<\/h4>\n\n\n\n<p><strong>\u00bfPor qu\u00e9 te sientes as\u00ed?<\/strong> El estr\u00f3geno puede generar una sensaci\u00f3n de bienestar. Si lo combinas con la emoci\u00f3n de estar embarazada, ya tienes la respuesta.<\/p>\n\n\n\n<p><strong>\u00bfQu\u00e9 puedes hacer?<\/strong>&nbsp;En una sola palabra: disfruta.<\/p>\n\n\n\n<h4 class=\"wp-block-heading\" id=\"h-tienes-una-sensacion-de-fatiga-constante\">Tienes una sensaci\u00f3n de fatiga constante<\/h4>\n\n\n\n<p><strong>\u00bfPor qu\u00e9 te sientes as\u00ed?:<\/strong>&nbsp;Cuando los niveles altos de progesterona se combinan con el aumento de la hCG (una de las hormonas espec\u00edficas del embarazo), puedes experimentar estos s\u00edntomas. \u00c1nimo, mam\u00e1; esta fase del embarazo pasar\u00e1.<\/p>\n\n\n\n<p><strong>\u00bfQu\u00e9 puedes hacer?<\/strong> Prueba a escribir c\u00f3mo te sientes; una idea genial es comenzar un diario donde puedas anotar tus pensamientos y tareas pendientes.<\/p>\n\n\n\n<h4 class=\"wp-block-heading\" id=\"h-estas-sensible-e-irritable\">Est\u00e1s sensible e irritable<\/h4>\n\n\n\n<p><strong>\u00bfPor qu\u00e9 te sientes as\u00ed?<\/strong> Ya has visto que las hormonas pueden contribuir a generarnos felicidad, pero tambi\u00e9n puede ocurrir lo contrario, y ambas respuestas son normales.<\/p>\n\n\n\n<p><strong>\u00bfQu\u00e9 puedes hacer?<\/strong>&nbsp;Esta sensaci\u00f3n no tiene por qu\u00e9 durar para siempre, tranquila. En primer lugar, cu\u00e9ntale a tu m\u00e9dico o a tus seres queridos c\u00f3mo te sientes. En segundo lugar, cu\u00eddate y m\u00edmate: por ejemplo, hacer ejercicio ayuda a liberar el estr\u00e9s y calmar la mente. <strong>(link blog ejercicio en alguna parte del texto)<\/strong><\/p>\n\n\n\n<h4 class=\"wp-block-heading\" id=\"h-tienes-mucho-apetito-sexual\">Tienes mucho apetito sexual<\/h4>\n\n\n\n<p><strong>\u00bfPor qu\u00e9 te sientes as\u00ed?<\/strong> El aumento del volumen sangu\u00edneo durante el embarazo aumenta el flujo sangu\u00edneo a todas partes, incluida tu zona \u00edntima. Esto puede hacer que tu libido sea alta y que adem\u00e1s las sensaciones sexuales sean m\u00e1s placenteras e intensas. <strong>(link blog sexualidad en alguna parte del texto)<\/strong><\/p>\n\n\n\n<p><strong>\u00bfQu\u00e9 puedes hacer?<\/strong>&nbsp;Mientras tu m\u00e9dico no te haya dicho lo contrario, \u00a1adelante! Disfruta y si\u00e9ntete sexy.<\/p>\n\n\n\n<p><\/p>\n\n\n\n<figure class=\"wp-block-image size-large\"><img loading=\"lazy\" decoding=\"async\" width=\"1024\" height=\"527\" src=\"data:image\/gif;base64,R0lGODlhAQABAAAAACH5BAEKAAEALAAAAAABAAEAAAICTAEAOw==\" data-src=\"https:\/\/www.isdin.com\/es\/blog\/wp-content\/uploads\/2023\/10\/2023_Blog_Pregnancy_Emotional_IMG02-1024x527.png\" alt=\"emociones en el embarazo\" class=\"wp-image-8873 lazyload\" data-sizes=\"auto\" data-srcset=\"https:\/\/www.isdin.com\/es\/blog\/wp-content\/uploads\/2023\/10\/2023_Blog_Pregnancy_Emotional_IMG02-1024x527.png 1024w, https:\/\/www.isdin.com\/es\/blog\/wp-content\/uploads\/2023\/10\/2023_Blog_Pregnancy_Emotional_IMG02-300x155.png 300w, https:\/\/www.isdin.com\/es\/blog\/wp-content\/uploads\/2023\/10\/2023_Blog_Pregnancy_Emotional_IMG02-150x77.png 150w, https:\/\/www.isdin.com\/es\/blog\/wp-content\/uploads\/2023\/10\/2023_Blog_Pregnancy_Emotional_IMG02-768x396.png 768w, https:\/\/www.isdin.com\/es\/blog\/wp-content\/uploads\/2023\/10\/2023_Blog_Pregnancy_Emotional_IMG02-585x300.png 585w, https:\/\/www.isdin.com\/es\/blog\/wp-content\/uploads\/2023\/10\/2023_Blog_Pregnancy_Emotional_IMG02-450x232.png 450w, https:\/\/www.isdin.com\/es\/blog\/wp-content\/uploads\/2023\/10\/2023_Blog_Pregnancy_Emotional_IMG02-20x11.png 20w, https:\/\/www.isdin.com\/es\/blog\/wp-content\/uploads\/2023\/10\/2023_Blog_Pregnancy_Emotional_IMG02-225x116.png 225w, https:\/\/www.isdin.com\/es\/blog\/wp-content\/uploads\/2023\/10\/2023_Blog_Pregnancy_Emotional_IMG02-900x464.png 900w, https:\/\/www.isdin.com\/es\/blog\/wp-content\/uploads\/2023\/10\/2023_Blog_Pregnancy_Emotional_IMG02.png 1200w\" sizes=\"auto, (max-width: 1024px) 100vw, 1024px\" \/><\/figure>\n\n\n\n<p><\/p>\n\n\n\n<h2 class=\"wp-block-heading\">Un proceso paralelo entre el cuerpo y la mente<\/h2>\n\n\n\n<p>No todo es biolog\u00eda. S\u00ed, las hormonas juegan un papel importante, pero el mero hecho de estar embarazada y c\u00f3mo te sientes al respecto cuenta. Paola nos lo explica a trav\u00e9s de un divertido viaje por los trimestres:<\/p>\n\n\n\n<ul class=\"wp-block-list\">\n<li><strong>El primer trimestre:<\/strong> \u201cDigamos que el primer trimestre es para integrar esta noticia. Hoy en d\u00eda, hay pruebas de embarazo y ecograf\u00edas que detectan el embarazo muy temprano, incluso antes de que nuestro cuerpo est\u00e9 enviando alguna se\u00f1al. Esto tambi\u00e9n es un momento complejo, \u00a1es realmente sorprendente!\u2019\u2019 Es decir: \u2018\u2019Me siento como siempre, pero tengo un beb\u00e9 creciendo dentro de m\u00ed\u2019\u2019.<\/li>\n<\/ul>\n\n\n\n<p>El primer trimestre quiz\u00e1s no es para crear un v\u00ednculo ni para sentir cosas superprofundas (que si las sientes perfecto), pero no tiene por qu\u00e9 ser as\u00ed. Como dice Paola, el primer trimestre es ideal para dar la bienvenida a la noticia e irnos haciendo a la idea de que vamos a ser uno m\u00e1s. \u00a1Y cada una gestiona esta informaci\u00f3n como quiere!<\/p>\n\n\n\n<ul class=\"wp-block-list\">\n<li><strong>El segundo trimestre:<\/strong> \u201cEl segundo trimestre suele ser cuando empezamos a notar m\u00e1s al beb\u00e9. La barriguita comienza a aparecer y, si tenemos pareja, puede empezar a sentir al beb\u00e9 desde el exterior\u2019\u2019.<\/li>\n<\/ul>\n\n\n\n<ul class=\"wp-block-list\">\n<li><strong>El tercer trimestre: &#8216;<\/strong>&#8216;Aqu\u00ed la barriga es obvia, todo est\u00e1 muy claro. Por ejemplo, intentamos abrazar a nuestra pareja y la barriga est\u00e1 en medio&#8221;. Dice Paola con una sonrisa. Ya no sois 2, sois 3 y es maravilloso.<\/li>\n<\/ul>\n\n\n\n<blockquote class=\"wp-block-quote is-layout-flow wp-block-quote-is-layout-flow\">\n<p>\u2018\u2019Es un proceso paralelo entre el cuerpo y la mente. El cuerpo va haciendo lugar al beb\u00e9 y nuestra mente tambi\u00e9n\u2019\u2019. <\/p>\n<cite>@paoroig<\/cite><\/blockquote>\n\n\n\n<p>Te preparas f\u00edsicamente para la llegada del beb\u00e9: &#8221;A veces se ve como muy superficial comprar cosas para el beb\u00e9, hacerle la habitaci\u00f3n&#8230; Pero no tiene nada de superficial, es una manera de hacerle un lugar dentro y fuera de ti&#8217;\u2019. Y Paola lo entiende: <strong>adaptas tu casa, tu hogar y tu intimidad para la llegada de este beb\u00e9<\/strong>. \u00a1Es normal sentir una ola de emociones durante el viaje!<\/p>\n\n\n\n<h2 class=\"wp-block-heading\">Abrazando esas emociones<\/h2>\n\n\n\n<figure class=\"wp-block-image size-large\"><img loading=\"lazy\" decoding=\"async\" width=\"1024\" height=\"527\" src=\"data:image\/gif;base64,R0lGODlhAQABAAAAACH5BAEKAAEALAAAAAABAAEAAAICTAEAOw==\" data-src=\"https:\/\/www.isdin.com\/es\/blog\/wp-content\/uploads\/2023\/10\/2023_Blog_Pregnancy_Emotional_IMG01-1024x527.png\" alt=\"embarazo emocional\" class=\"wp-image-8874 lazyload\" data-sizes=\"auto\" data-srcset=\"https:\/\/www.isdin.com\/es\/blog\/wp-content\/uploads\/2023\/10\/2023_Blog_Pregnancy_Emotional_IMG01-1024x527.png 1024w, https:\/\/www.isdin.com\/es\/blog\/wp-content\/uploads\/2023\/10\/2023_Blog_Pregnancy_Emotional_IMG01-300x155.png 300w, https:\/\/www.isdin.com\/es\/blog\/wp-content\/uploads\/2023\/10\/2023_Blog_Pregnancy_Emotional_IMG01-150x77.png 150w, https:\/\/www.isdin.com\/es\/blog\/wp-content\/uploads\/2023\/10\/2023_Blog_Pregnancy_Emotional_IMG01-768x396.png 768w, https:\/\/www.isdin.com\/es\/blog\/wp-content\/uploads\/2023\/10\/2023_Blog_Pregnancy_Emotional_IMG01-585x300.png 585w, https:\/\/www.isdin.com\/es\/blog\/wp-content\/uploads\/2023\/10\/2023_Blog_Pregnancy_Emotional_IMG01-450x232.png 450w, https:\/\/www.isdin.com\/es\/blog\/wp-content\/uploads\/2023\/10\/2023_Blog_Pregnancy_Emotional_IMG01-20x11.png 20w, https:\/\/www.isdin.com\/es\/blog\/wp-content\/uploads\/2023\/10\/2023_Blog_Pregnancy_Emotional_IMG01-225x116.png 225w, https:\/\/www.isdin.com\/es\/blog\/wp-content\/uploads\/2023\/10\/2023_Blog_Pregnancy_Emotional_IMG01-900x464.png 900w, https:\/\/www.isdin.com\/es\/blog\/wp-content\/uploads\/2023\/10\/2023_Blog_Pregnancy_Emotional_IMG01.png 1200w\" sizes=\"auto, (max-width: 1024px) 100vw, 1024px\" \/><\/figure>\n\n\n\n<p><\/p>\n\n\n\n<p>Todos estos cambios son parte de una experiencia tan emocionante como estar embarazada. Pero, \u00bfc\u00f3mo puedes gestionar estos sentimientos de la mejor manera posible?<\/p>\n\n\n\n<p>El consejo m\u00e1s grande es el de poder compartir la experiencia. A Paola le encanta hacer una comparaci\u00f3n con otro momento de la vida que se caracteriza por grandes cambios: \u201dImag\u00ednate pasar la adolescencia sin otros adolescentes. O sea, no puedes. Necesitas a gente que est\u00e9 pasando por lo mismo que t\u00fa para atravesar este cambio\u2019\u2019.<\/p>\n\n\n\n<blockquote class=\"wp-block-quote is-layout-flow wp-block-quote-is-layout-flow\">\n<p>\u2018\u2019Pasar la maternidad sin otras madres es como pasar la adolescencia sin otros adolescentes\u2019\u2019. <\/p>\n<cite>@paoroig<\/cite><\/blockquote>\n\n\n\n<h3 class=\"wp-block-heading\">Habla con tus seres queridos<\/h3>\n\n\n\n<p>La pareja juega un papel fundamental, pero si no tienes pareja, es importante encontrar una red de apoyo o una persona que te respalde. Est\u00e1s haciendo un trabajo incre\u00edble, mam\u00e1, y no es mala idea que alguien tambi\u00e9n cuide de ti.<\/p>\n\n\n\n<p><\/p>\n\n\n\n<p class=\"has-background\" style=\"background-color:#f1dfbf\"><strong>Consejo de psic\u00f3loga:<\/strong> la salud mental de la mam\u00e1, e incluso la salud f\u00edsica a veces, va a depender en gran medida de la red de apoyo que tenga a su lado. Si me siento sostenida, si me siento segura, me soltar\u00e9 porque hay alguien que me est\u00e1 sujetando.<\/p>\n\n\n\n<p><\/p>\n\n\n\n<figure class=\"wp-block-image size-large\"><img loading=\"lazy\" decoding=\"async\" width=\"1024\" height=\"527\" src=\"data:image\/gif;base64,R0lGODlhAQABAAAAACH5BAEKAAEALAAAAAABAAEAAAICTAEAOw==\" data-src=\"https:\/\/www.isdin.com\/es\/blog\/wp-content\/uploads\/2023\/10\/2023_Blog_Pregnancy_Emotional_IMG03-1024x527.png\" alt=\"\" class=\"wp-image-8875 lazyload\" data-sizes=\"auto\" data-srcset=\"https:\/\/www.isdin.com\/es\/blog\/wp-content\/uploads\/2023\/10\/2023_Blog_Pregnancy_Emotional_IMG03-1024x527.png 1024w, https:\/\/www.isdin.com\/es\/blog\/wp-content\/uploads\/2023\/10\/2023_Blog_Pregnancy_Emotional_IMG03-300x155.png 300w, https:\/\/www.isdin.com\/es\/blog\/wp-content\/uploads\/2023\/10\/2023_Blog_Pregnancy_Emotional_IMG03-150x77.png 150w, https:\/\/www.isdin.com\/es\/blog\/wp-content\/uploads\/2023\/10\/2023_Blog_Pregnancy_Emotional_IMG03-768x396.png 768w, https:\/\/www.isdin.com\/es\/blog\/wp-content\/uploads\/2023\/10\/2023_Blog_Pregnancy_Emotional_IMG03-585x300.png 585w, https:\/\/www.isdin.com\/es\/blog\/wp-content\/uploads\/2023\/10\/2023_Blog_Pregnancy_Emotional_IMG03-450x232.png 450w, https:\/\/www.isdin.com\/es\/blog\/wp-content\/uploads\/2023\/10\/2023_Blog_Pregnancy_Emotional_IMG03-20x11.png 20w, https:\/\/www.isdin.com\/es\/blog\/wp-content\/uploads\/2023\/10\/2023_Blog_Pregnancy_Emotional_IMG03-225x116.png 225w, https:\/\/www.isdin.com\/es\/blog\/wp-content\/uploads\/2023\/10\/2023_Blog_Pregnancy_Emotional_IMG03-900x464.png 900w, https:\/\/www.isdin.com\/es\/blog\/wp-content\/uploads\/2023\/10\/2023_Blog_Pregnancy_Emotional_IMG03.png 1200w\" sizes=\"auto, (max-width: 1024px) 100vw, 1024px\" \/><\/figure>\n\n\n\n<p><\/p>\n\n\n\n<p>Comparte y disfruta de cada momento con la gente que tienes alrededor, \u00a1no tienes que pasar por todas estas emociones sola!<\/p>\n\n\n\n<h3 class=\"wp-block-heading\">Habla con otras mam\u00e1s<\/h3>\n\n\n\n<p>Este es uno de los consejos m\u00e1s valiosos que nos ha dado Paola: \u2018\u2019A veces vives todo este proceso en soledad y piensas, \u00bfsoy la \u00fanica que se enfada con su madre estando embarazada? \u00bfSoy la \u00fanica que no soporta a su suegra? \u00bfSoy la \u00fanica que tiene miedo? \u00a1Y nunca eres la \u00fanica!\u2019\u2019 <\/p>\n\n\n\n<p>Es m\u00e1s, Paola profundiza: \u2018\u2019Nos han hecho creer que la maternidad puede ser vivida individualmente y no se puede. Nos han dado como sustituto las redes sociales y tampoco sustituyen. Pueden ayudar, pueden ser una v\u00eda de canalizaci\u00f3n, de entrar en contacto, pero las madres nos necesitamos unas a otras\u2019\u2019.  <\/p>\n\n\n\n<blockquote class=\"wp-block-quote is-layout-flow wp-block-quote-is-layout-flow\">\n<p>\u2018\u2019Nos han hecho creer que la maternidad puede ser vivida individualmente y no se puede. Nos han dado como sustituto las redes sociales y tampoco sustituyen. Pueden ayudar, pueden ser una v\u00eda de canalizaci\u00f3n, de entrar en contacto, pero las madres nos necesitamos unas a otras\u2019\u2019. <\/p>\n<cite>@paoroig<\/cite><\/blockquote>\n\n\n\n<p>La maternidad, con toda su complejidad, no es solo luz; hay momentos dif\u00edciles, y hay que atravesarlos, y no pasa nada. Eso s\u00ed, vive tu propio viaje. Est\u00e1 genial escuchar historias y vivencias de otras mam\u00e1s, pero su parto no ser\u00e1 igual que tu parto, y su embarazo no ser\u00e1 igual que tu embarazo.<\/p>\n\n\n\n<p>Conf\u00eda en esta red de apoyo y comparte experiencias, pero nunca compares tu felicidad o tu embarazo con el de otra mam\u00e1. <strong>Eres \u00fanica<\/strong>.<\/p>\n\n\n\n<p>No te guardes tus emociones solo porque los cambios de humor sean algo &#8221;normal&#8221;. No deber\u00edas sentirte culpable por ello. En realidad, buscar ayuda profesional puede hacer que vivas una experiencia mejor. Recuerda, \u00a1los m\u00e9dicos est\u00e1n aqu\u00ed para ayudarte!<\/p>\n\n\n\n<p>No podemos decirte qu\u00e9 sentimientos deber\u00edas experimentar, ya que no existe lo correcto o incorrecto. Sin embargo, podemos decirte que el embarazo es un acontecimiento que transformar\u00e1 tu vida y que es completamente natural sentir emociones que no hab\u00edas sentido antes.<\/p>\n\n\n\n<p><strong>Paola te invita a vivir el momento:<\/strong> \u2018\u2019Apaga todo el ruido que viene de fuera y escucha lo que t\u00fa necesitas. Muchas veces hacemos cosas por inercia o por complacer, y el embarazo es un grand\u00edsimo momento para entrenar y escuchar a tu cuerpo. \u00bfQu\u00e9 es lo que yo necesito? \u00bfQu\u00e9 es lo que a m\u00ed me va bien?\u201d<\/p>\n\n\n\n<p class=\"has-text-align-center\">S\u00e9 amable contigo misma y vive cada sentimiento como algo positivo.<\/p>\n\n\n\n<p><\/p>\n\n\n\n<h2 class=\"wp-block-heading\">El comienzo de algo especial<\/h2>\n\n\n\n<p>Esto solo acaba de empezar: queremos que disfrutes del viaje y estaremos contigo en cada paso del camino. Ante cualquier duda que te surja relacionada con tu embarazo, por favor, consulta a un profesional de la salud.<\/p>\n","protected":false},"excerpt":{"rendered":"<p>Ser mujer y ser madre, \u00bfson dos caras distintas de la misma moneda o ambos papeles se fusionan en uno solo?<\/p>\n","protected":false},"author":69,"featured_media":8869,"comment_status":"closed","ping_status":"closed","sticky":false,"template":"","format":"image","meta":{"footnotes":""},"categories":[1,104],"tags":[143,410],"class_list":["post-8868","post","type-post","status-publish","format-image","has-post-thumbnail","hentry","category-consejos-cuidados","category-embarazo-bebes","tag-embarazo","tag-emociones","post_format-post-format-image"],"yoast_head":"<!-- This site is optimized with the Yoast SEO Premium plugin v25.4 (Yoast SEO v25.4) - https:\/\/yoast.com\/wordpress\/plugins\/seo\/ -->\n<title>El lado m\u00e1s profundo del embarazo: una monta\u00f1a rusa de emociones que nunca olvidar\u00e1s - ISDIN<\/title>\n<meta name=\"description\" content=\"Recorremos junto a Paola Roig el lado m\u00e1s profundo del embarazo: un mar lleno de emociones entre las que navegar.\" \/>\n<meta name=\"robots\" content=\"index, follow, max-snippet:-1, max-image-preview:large, max-video-preview:-1\" \/>\n<link rel=\"canonical\" href=\"https:\/\/www.isdin.com\/es\/blog\/las-emociones-en-el-embarazo\/\" \/>\n<meta property=\"og:locale\" content=\"es_ES\" \/>\n<meta property=\"og:type\" content=\"article\" \/>\n<meta property=\"og:title\" content=\"El lado m\u00e1s profundo del embarazo: una monta\u00f1a rusa de emociones que nunca olvidar\u00e1s\" \/>\n<meta property=\"og:description\" content=\"Recorremos junto a Paola Roig el lado m\u00e1s profundo del embarazo: un mar lleno de emociones entre las que navegar.\" \/>\n<meta property=\"og:url\" content=\"https:\/\/www.isdin.com\/es\/blog\/las-emociones-en-el-embarazo\/\" \/>\n<meta property=\"og:site_name\" content=\"ISDIN\" \/>\n<meta property=\"article:publisher\" content=\"https:\/\/es-es.facebook.com\/ISDIN.official\/\" \/>\n<meta property=\"article:published_time\" content=\"2023-10-24T11:27:58+00:00\" \/>\n<meta property=\"article:modified_time\" content=\"2023-11-23T12:17:30+00:00\" \/>\n<meta property=\"og:image\" content=\"https:\/\/www.isdin.com\/es\/blog\/wp-content\/uploads\/2023\/10\/2023_Blog_Pregnancy_Emotional_IMG05.png\" \/>\n\t<meta property=\"og:image:width\" content=\"1200\" \/>\n\t<meta property=\"og:image:height\" content=\"760\" \/>\n\t<meta property=\"og:image:type\" content=\"image\/png\" \/>\n<meta name=\"author\" content=\"Belinda Mart\u00ednez\" \/>\n<meta name=\"twitter:card\" content=\"summary_large_image\" \/>\n<meta name=\"twitter:creator\" content=\"@isdin_official\" \/>\n<meta name=\"twitter:site\" content=\"@isdin_official\" \/>\n<meta name=\"twitter:label1\" content=\"Written by\" \/>\n\t<meta name=\"twitter:data1\" content=\"Belinda Mart\u00ednez\" \/>\n\t<meta name=\"twitter:label2\" content=\"Est. reading time\" \/>\n\t<meta name=\"twitter:data2\" content=\"11 minutes\" \/>\n<script type=\"application\/ld+json\" class=\"yoast-schema-graph\">{\"@context\":\"https:\/\/schema.org\",\"@graph\":[{\"@type\":\"Article\",\"@id\":\"https:\/\/www.isdin.com\/es\/blog\/las-emociones-en-el-embarazo\/#article\",\"isPartOf\":{\"@id\":\"https:\/\/www.isdin.com\/es\/blog\/las-emociones-en-el-embarazo\/\"},\"author\":{\"name\":\"Belinda Mart\u00ednez\",\"@id\":\"https:\/\/www.isdin.com\/es\/blog\/#\/schema\/person\/684015d7d9e78124cb4aa660f6fe8576\"},\"headline\":\"El lado m\u00e1s profundo del embarazo: una monta\u00f1a rusa de emociones que nunca olvidar\u00e1s\",\"datePublished\":\"2023-10-24T11:27:58+00:00\",\"dateModified\":\"2023-11-23T12:17:30+00:00\",\"mainEntityOfPage\":{\"@id\":\"https:\/\/www.isdin.com\/es\/blog\/las-emociones-en-el-embarazo\/\"},\"wordCount\":2251,\"publisher\":{\"@id\":\"https:\/\/www.isdin.com\/es\/blog\/#organization\"},\"image\":{\"@id\":\"https:\/\/www.isdin.com\/es\/blog\/las-emociones-en-el-embarazo\/#primaryimage\"},\"thumbnailUrl\":\"https:\/\/www.isdin.com\/es\/blog\/wp-content\/uploads\/2023\/10\/2023_Blog_Pregnancy_Emotional_IMG05.png\",\"keywords\":[\"embarazo\",\"emociones\"],\"articleSection\":[\"Consejos y cuidados\",\"Embarazo y beb\u00e9s\"],\"inLanguage\":\"es-ES\"},{\"@type\":\"WebPage\",\"@id\":\"https:\/\/www.isdin.com\/es\/blog\/las-emociones-en-el-embarazo\/\",\"url\":\"https:\/\/www.isdin.com\/es\/blog\/las-emociones-en-el-embarazo\/\",\"name\":\"El lado m\u00e1s profundo del embarazo: una monta\u00f1a rusa de emociones que nunca olvidar\u00e1s - ISDIN\",\"isPartOf\":{\"@id\":\"https:\/\/www.isdin.com\/es\/blog\/#website\"},\"primaryImageOfPage\":{\"@id\":\"https:\/\/www.isdin.com\/es\/blog\/las-emociones-en-el-embarazo\/#primaryimage\"},\"image\":{\"@id\":\"https:\/\/www.isdin.com\/es\/blog\/las-emociones-en-el-embarazo\/#primaryimage\"},\"thumbnailUrl\":\"https:\/\/www.isdin.com\/es\/blog\/wp-content\/uploads\/2023\/10\/2023_Blog_Pregnancy_Emotional_IMG05.png\",\"datePublished\":\"2023-10-24T11:27:58+00:00\",\"dateModified\":\"2023-11-23T12:17:30+00:00\",\"description\":\"Recorremos junto a Paola Roig el lado m\u00e1s profundo del embarazo: un mar lleno de emociones entre las que navegar.\",\"breadcrumb\":{\"@id\":\"https:\/\/www.isdin.com\/es\/blog\/las-emociones-en-el-embarazo\/#breadcrumb\"},\"inLanguage\":\"es-ES\",\"potentialAction\":[{\"@type\":\"ReadAction\",\"target\":[\"https:\/\/www.isdin.com\/es\/blog\/las-emociones-en-el-embarazo\/\"]}]},{\"@type\":\"ImageObject\",\"inLanguage\":\"es-ES\",\"@id\":\"https:\/\/www.isdin.com\/es\/blog\/las-emociones-en-el-embarazo\/#primaryimage\",\"url\":\"https:\/\/www.isdin.com\/es\/blog\/wp-content\/uploads\/2023\/10\/2023_Blog_Pregnancy_Emotional_IMG05.png\",\"contentUrl\":\"https:\/\/www.isdin.com\/es\/blog\/wp-content\/uploads\/2023\/10\/2023_Blog_Pregnancy_Emotional_IMG05.png\",\"width\":1200,\"height\":760,\"caption\":\"emociones en el embarazo\"},{\"@type\":\"BreadcrumbList\",\"@id\":\"https:\/\/www.isdin.com\/es\/blog\/las-emociones-en-el-embarazo\/#breadcrumb\",\"itemListElement\":[{\"@type\":\"ListItem\",\"position\":1,\"name\":\"Portada\",\"item\":\"https:\/\/www.isdin.com\/es\/blog\/\"},{\"@type\":\"ListItem\",\"position\":2,\"name\":\"El lado m\u00e1s profundo del embarazo: una monta\u00f1a rusa de emociones que nunca olvidar\u00e1s\"}]},{\"@type\":\"WebSite\",\"@id\":\"https:\/\/www.isdin.com\/es\/blog\/#website\",\"url\":\"https:\/\/www.isdin.com\/es\/blog\/\",\"name\":\"ISDIN\",\"description\":\"Novedades, lanzamientos de productos y toda la experiencia de ISDIN\",\"publisher\":{\"@id\":\"https:\/\/www.isdin.com\/es\/blog\/#organization\"},\"potentialAction\":[{\"@type\":\"SearchAction\",\"target\":{\"@type\":\"EntryPoint\",\"urlTemplate\":\"https:\/\/www.isdin.com\/es\/blog\/?s={search_term_string}\"},\"query-input\":{\"@type\":\"PropertyValueSpecification\",\"valueRequired\":true,\"valueName\":\"search_term_string\"}}],\"inLanguage\":\"es-ES\"},{\"@type\":\"Organization\",\"@id\":\"https:\/\/www.isdin.com\/es\/blog\/#organization\",\"name\":\"ISDIN\",\"alternateName\":\"ISDIN\",\"url\":\"https:\/\/www.isdin.com\/es\/blog\/\",\"logo\":{\"@type\":\"ImageObject\",\"inLanguage\":\"es-ES\",\"@id\":\"https:\/\/www.isdin.com\/es\/blog\/#\/schema\/logo\/image\/\",\"url\":\"https:\/\/www.isdin.com\/es\/blog\/wp-content\/uploads\/2024\/05\/2025_03_GuiaFoto_FWM.png\",\"contentUrl\":\"https:\/\/www.isdin.com\/es\/blog\/wp-content\/uploads\/2024\/05\/2025_03_GuiaFoto_FWM.png\",\"width\":670,\"height\":683,\"caption\":\"ISDIN\"},\"image\":{\"@id\":\"https:\/\/www.isdin.com\/es\/blog\/#\/schema\/logo\/image\/\"},\"sameAs\":[\"https:\/\/es-es.facebook.com\/ISDIN.official\/\",\"https:\/\/x.com\/isdin_official\",\"https:\/\/www.instagram.com\/isdinofficial\",\"https:\/\/www.youtube.com\/channel\/UCtoNJMKpDwdFLqgV23_lcqg\"],\"telephone\":\"659997812\"},{\"@type\":\"Person\",\"@id\":\"https:\/\/www.isdin.com\/es\/blog\/#\/schema\/person\/684015d7d9e78124cb4aa660f6fe8576\",\"name\":\"Belinda Mart\u00ednez\",\"image\":{\"@type\":\"ImageObject\",\"inLanguage\":\"es-ES\",\"@id\":\"https:\/\/www.isdin.com\/es\/blog\/#\/schema\/person\/image\/\",\"url\":\"https:\/\/www.isdin.com\/es\/blog\/wp-content\/uploads\/2017\/07\/jjjj.jpg\",\"contentUrl\":\"https:\/\/www.isdin.com\/es\/blog\/wp-content\/uploads\/2017\/07\/jjjj.jpg\",\"caption\":\"Belinda Mart\u00ednez\"},\"description\":\"Belinda es periodista y copywriter creativa. Tras a\u00f1os de experiencia, decidi\u00f3 fusionar sus habilidades de escritura con su amor por el skincare, convirti\u00e9ndose en una especialista en la materia. \u00bfSu imprescindible? Un buen b\u00e1lsamo de labios.\",\"sameAs\":[\"https:\/\/www.linkedin.com\/in\/thisisbel\/\"],\"url\":\"https:\/\/www.isdin.com\/es\/blog\/author\/belindamartinez\/\"}]}<\/script>\n<!-- \/ Yoast SEO Premium plugin. -->","yoast_head_json":{"title":"El lado m\u00e1s profundo del embarazo: una monta\u00f1a rusa de emociones que nunca olvidar\u00e1s - ISDIN","description":"Recorremos junto a Paola Roig el lado m\u00e1s profundo del embarazo: un mar lleno de emociones entre las que navegar.","robots":{"index":"index","follow":"follow","max-snippet":"max-snippet:-1","max-image-preview":"max-image-preview:large","max-video-preview":"max-video-preview:-1"},"canonical":"https:\/\/www.isdin.com\/es\/blog\/las-emociones-en-el-embarazo\/","og_locale":"es_ES","og_type":"article","og_title":"El lado m\u00e1s profundo del embarazo: una monta\u00f1a rusa de emociones que nunca olvidar\u00e1s","og_description":"Recorremos junto a Paola Roig el lado m\u00e1s profundo del embarazo: un mar lleno de emociones entre las que navegar.","og_url":"https:\/\/www.isdin.com\/es\/blog\/las-emociones-en-el-embarazo\/","og_site_name":"ISDIN","article_publisher":"https:\/\/es-es.facebook.com\/ISDIN.official\/","article_published_time":"2023-10-24T11:27:58+00:00","article_modified_time":"2023-11-23T12:17:30+00:00","og_image":[{"width":1200,"height":760,"url":"https:\/\/www.isdin.com\/es\/blog\/wp-content\/uploads\/2023\/10\/2023_Blog_Pregnancy_Emotional_IMG05.png","type":"image\/png"}],"author":"Belinda Mart\u00ednez","twitter_card":"summary_large_image","twitter_creator":"@isdin_official","twitter_site":"@isdin_official","twitter_misc":{"Written by":"Belinda Mart\u00ednez","Est. reading time":"11 minutes"},"schema":{"@context":"https:\/\/schema.org","@graph":[{"@type":"Article","@id":"https:\/\/www.isdin.com\/es\/blog\/las-emociones-en-el-embarazo\/#article","isPartOf":{"@id":"https:\/\/www.isdin.com\/es\/blog\/las-emociones-en-el-embarazo\/"},"author":{"name":"Belinda Mart\u00ednez","@id":"https:\/\/www.isdin.com\/es\/blog\/#\/schema\/person\/684015d7d9e78124cb4aa660f6fe8576"},"headline":"El lado m\u00e1s profundo del embarazo: una monta\u00f1a rusa de emociones que nunca olvidar\u00e1s","datePublished":"2023-10-24T11:27:58+00:00","dateModified":"2023-11-23T12:17:30+00:00","mainEntityOfPage":{"@id":"https:\/\/www.isdin.com\/es\/blog\/las-emociones-en-el-embarazo\/"},"wordCount":2251,"publisher":{"@id":"https:\/\/www.isdin.com\/es\/blog\/#organization"},"image":{"@id":"https:\/\/www.isdin.com\/es\/blog\/las-emociones-en-el-embarazo\/#primaryimage"},"thumbnailUrl":"https:\/\/www.isdin.com\/es\/blog\/wp-content\/uploads\/2023\/10\/2023_Blog_Pregnancy_Emotional_IMG05.png","keywords":["embarazo","emociones"],"articleSection":["Consejos y cuidados","Embarazo y beb\u00e9s"],"inLanguage":"es-ES"},{"@type":"WebPage","@id":"https:\/\/www.isdin.com\/es\/blog\/las-emociones-en-el-embarazo\/","url":"https:\/\/www.isdin.com\/es\/blog\/las-emociones-en-el-embarazo\/","name":"El lado m\u00e1s profundo del embarazo: una monta\u00f1a rusa de emociones que nunca olvidar\u00e1s - ISDIN","isPartOf":{"@id":"https:\/\/www.isdin.com\/es\/blog\/#website"},"primaryImageOfPage":{"@id":"https:\/\/www.isdin.com\/es\/blog\/las-emociones-en-el-embarazo\/#primaryimage"},"image":{"@id":"https:\/\/www.isdin.com\/es\/blog\/las-emociones-en-el-embarazo\/#primaryimage"},"thumbnailUrl":"https:\/\/www.isdin.com\/es\/blog\/wp-content\/uploads\/2023\/10\/2023_Blog_Pregnancy_Emotional_IMG05.png","datePublished":"2023-10-24T11:27:58+00:00","dateModified":"2023-11-23T12:17:30+00:00","description":"Recorremos junto a Paola Roig el lado m\u00e1s profundo del embarazo: un mar lleno de emociones entre las que navegar.","breadcrumb":{"@id":"https:\/\/www.isdin.com\/es\/blog\/las-emociones-en-el-embarazo\/#breadcrumb"},"inLanguage":"es-ES","potentialAction":[{"@type":"ReadAction","target":["https:\/\/www.isdin.com\/es\/blog\/las-emociones-en-el-embarazo\/"]}]},{"@type":"ImageObject","inLanguage":"es-ES","@id":"https:\/\/www.isdin.com\/es\/blog\/las-emociones-en-el-embarazo\/#primaryimage","url":"https:\/\/www.isdin.com\/es\/blog\/wp-content\/uploads\/2023\/10\/2023_Blog_Pregnancy_Emotional_IMG05.png","contentUrl":"https:\/\/www.isdin.com\/es\/blog\/wp-content\/uploads\/2023\/10\/2023_Blog_Pregnancy_Emotional_IMG05.png","width":1200,"height":760,"caption":"emociones en el embarazo"},{"@type":"BreadcrumbList","@id":"https:\/\/www.isdin.com\/es\/blog\/las-emociones-en-el-embarazo\/#breadcrumb","itemListElement":[{"@type":"ListItem","position":1,"name":"Portada","item":"https:\/\/www.isdin.com\/es\/blog\/"},{"@type":"ListItem","position":2,"name":"El lado m\u00e1s profundo del embarazo: una monta\u00f1a rusa de emociones que nunca olvidar\u00e1s"}]},{"@type":"WebSite","@id":"https:\/\/www.isdin.com\/es\/blog\/#website","url":"https:\/\/www.isdin.com\/es\/blog\/","name":"ISDIN","description":"Novedades, lanzamientos de productos y toda la experiencia de ISDIN","publisher":{"@id":"https:\/\/www.isdin.com\/es\/blog\/#organization"},"potentialAction":[{"@type":"SearchAction","target":{"@type":"EntryPoint","urlTemplate":"https:\/\/www.isdin.com\/es\/blog\/?s={search_term_string}"},"query-input":{"@type":"PropertyValueSpecification","valueRequired":true,"valueName":"search_term_string"}}],"inLanguage":"es-ES"},{"@type":"Organization","@id":"https:\/\/www.isdin.com\/es\/blog\/#organization","name":"ISDIN","alternateName":"ISDIN","url":"https:\/\/www.isdin.com\/es\/blog\/","logo":{"@type":"ImageObject","inLanguage":"es-ES","@id":"https:\/\/www.isdin.com\/es\/blog\/#\/schema\/logo\/image\/","url":"https:\/\/www.isdin.com\/es\/blog\/wp-content\/uploads\/2024\/05\/2025_03_GuiaFoto_FWM.png","contentUrl":"https:\/\/www.isdin.com\/es\/blog\/wp-content\/uploads\/2024\/05\/2025_03_GuiaFoto_FWM.png","width":670,"height":683,"caption":"ISDIN"},"image":{"@id":"https:\/\/www.isdin.com\/es\/blog\/#\/schema\/logo\/image\/"},"sameAs":["https:\/\/es-es.facebook.com\/ISDIN.official\/","https:\/\/x.com\/isdin_official","https:\/\/www.instagram.com\/isdinofficial","https:\/\/www.youtube.com\/channel\/UCtoNJMKpDwdFLqgV23_lcqg"],"telephone":"659997812"},{"@type":"Person","@id":"https:\/\/www.isdin.com\/es\/blog\/#\/schema\/person\/684015d7d9e78124cb4aa660f6fe8576","name":"Belinda Mart\u00ednez","image":{"@type":"ImageObject","inLanguage":"es-ES","@id":"https:\/\/www.isdin.com\/es\/blog\/#\/schema\/person\/image\/","url":"https:\/\/www.isdin.com\/es\/blog\/wp-content\/uploads\/2017\/07\/jjjj.jpg","contentUrl":"https:\/\/www.isdin.com\/es\/blog\/wp-content\/uploads\/2017\/07\/jjjj.jpg","caption":"Belinda Mart\u00ednez"},"description":"Belinda es periodista y copywriter creativa. Tras a\u00f1os de experiencia, decidi\u00f3 fusionar sus habilidades de escritura con su amor por el skincare, convirti\u00e9ndose en una especialista en la materia. \u00bfSu imprescindible? Un buen b\u00e1lsamo de labios.","sameAs":["https:\/\/www.linkedin.com\/in\/thisisbel\/"],"url":"https:\/\/www.isdin.com\/es\/blog\/author\/belindamartinez\/"}]}},"_links":{"self":[{"href":"https:\/\/www.isdin.com\/es\/blog\/wp-json\/wp\/v2\/posts\/8868","targetHints":{"allow":["GET"]}}],"collection":[{"href":"https:\/\/www.isdin.com\/es\/blog\/wp-json\/wp\/v2\/posts"}],"about":[{"href":"https:\/\/www.isdin.com\/es\/blog\/wp-json\/wp\/v2\/types\/post"}],"author":[{"embeddable":true,"href":"https:\/\/www.isdin.com\/es\/blog\/wp-json\/wp\/v2\/users\/69"}],"replies":[{"embeddable":true,"href":"https:\/\/www.isdin.com\/es\/blog\/wp-json\/wp\/v2\/comments?post=8868"}],"version-history":[{"count":19,"href":"https:\/\/www.isdin.com\/es\/blog\/wp-json\/wp\/v2\/posts\/8868\/revisions"}],"predecessor-version":[{"id":9121,"href":"https:\/\/www.isdin.com\/es\/blog\/wp-json\/wp\/v2\/posts\/8868\/revisions\/9121"}],"wp:featuredmedia":[{"embeddable":true,"href":"https:\/\/www.isdin.com\/es\/blog\/wp-json\/wp\/v2\/media\/8869"}],"wp:attachment":[{"href":"https:\/\/www.isdin.com\/es\/blog\/wp-json\/wp\/v2\/media?parent=8868"}],"wp:term":[{"taxonomy":"category","embeddable":true,"href":"https:\/\/www.isdin.com\/es\/blog\/wp-json\/wp\/v2\/categories?post=8868"},{"taxonomy":"post_tag","embeddable":true,"href":"https:\/\/www.isdin.com\/es\/blog\/wp-json\/wp\/v2\/tags?post=8868"}],"curies":[{"name":"wp","href":"https:\/\/api.w.org\/{rel}","templated":true}]}}