{"id":8762,"date":"2025-07-01T15:54:30","date_gmt":"2025-07-01T15:54:30","guid":{"rendered":"https:\/\/www.isdin.com\/es\/blog\/?p=8762"},"modified":"2025-08-13T13:45:15","modified_gmt":"2025-08-13T13:45:15","slug":"tipos-de-acne-y-como-tratarlos","status":"publish","type":"post","link":"https:\/\/www.isdin.com\/es\/blog\/tipos-de-acne-y-como-tratarlos\/","title":{"rendered":"El acn\u00e9 en todas sus formas: tipos, causas y mejores ingredientes para tratarlo"},"content":{"rendered":"\n<p>Vivimos rodeados de im\u00e1genes de pieles impecables: en redes sociales, en campa\u00f1as publicitarias, en la pantalla. Pero detr\u00e1s de cada \u00abperfecci\u00f3n\u00bb hay filtros, maquillaje, luces\u2026 y mucha edici\u00f3n. En la vida real, el acn\u00e9 es una experiencia com\u00fan, aunque poco visibilizada.<\/p>\n\n\n\n<p>Granitos, puntos negros, brotes hormonales o lesiones inflamadas: el acn\u00e9 tiene muchas formas, y conocer cada una es clave para entender qu\u00e9 necesita tu piel. Porque tratarlo no es solo una cuesti\u00f3n est\u00e9tica, es una forma de autocuidado. Y lo m\u00e1s importante: <strong>el acn\u00e9 no define tu belleza ni tu valor.<\/strong><\/p>\n\n\n\n<h2 class=\"wp-block-heading\">El acn\u00e9 afecta a cada piel de manera distinta<\/h2>\n\n\n\n<p>Cierra los ojos e imagina a alguien con acn\u00e9. \u00bfQu\u00e9 ves? Quiz\u00e1s una piel grasa o enrojecida, cubierta de granos e imperfecciones, peque\u00f1os bultos blancos o puntos negros. Pero lo cierto es que el acn\u00e9 no tiene una \u00fanica cara. Es una afecci\u00f3n compleja, <a href=\"https:\/\/pubmed.ncbi.nlm.nih.gov\/12053788\/\">causada por diversos factores<\/a>, y puede presentarse de manera diferente en cada persona. Lo que significa que <strong>tus lesiones de acn\u00e9 pueden ser muy distintas a las de tu mejor amiga, hermana o pareja<\/strong>.<\/p>\n\n\n\n<p>Sin embargo, todos aparecen de la misma manera. Tu piel experimenta cambios hormonales que, en muchas ocasiones, provocan un aumento en la producci\u00f3n de sebo. Este exceso de grasa se mezcla con c\u00e9lulas muertas, lo que lleva a la obstrucci\u00f3n de los poros.<\/p>\n\n\n\n<p><\/p>\n\n\n\n<p class=\"has-background\" style=\"background-color:#f1dfbf\">Cuando los poros est\u00e1n bloqueados, las bacterias que normalmente habitan en la piel pueden quedar atrapadas en su interior. Este crecimiento bacteriano puede dar lugar a una infecci\u00f3n, que a su vez provoca inflamaci\u00f3n. Y <em>voil\u00e0<\/em>, <a href=\"https:\/\/salud.nih.gov\/recursos-de-salud\/nih-noticias-de-salud\/todo-acerca-del-acne\">as\u00ed es como aparece un grano<\/a>.<\/p>\n\n\n\n<p><\/p>\n\n\n\n<h2 class=\"wp-block-heading\">\u00bfQu\u00e9 tipos de acn\u00e9 hay?<\/h2>\n\n\n\n<p>El acn\u00e9 <a href=\"https:\/\/www.actasdermo.org\/es-consenso-espanol-establecer-una-clasificacion-articulo-S0001731016303313\">se clasifica<\/a> principalmente en dos tipos: <strong>comedoniano<\/strong> y <strong>no comedoniano<\/strong>. Cada uno puede presentarse en distintos grados de gravedad, desde formas leves hasta lesiones m\u00e1s profundas que pueden dejar cicatrices.<\/p>\n\n\n\n<figure class=\"wp-block-image size-large\"><img loading=\"lazy\" decoding=\"async\" width=\"1024\" height=\"527\" src=\"data:image\/gif;base64,R0lGODlhAQABAAAAACH5BAEKAAEALAAAAAABAAEAAAICTAEAOw==\" data-src=\"https:\/\/www.isdin.com\/es\/blog\/wp-content\/uploads\/2024\/10\/Imagen-en-el-contenido-13-3-1024x527.png\" alt=\"\" class=\"wp-image-12243 lazyload\" data-sizes=\"auto\" data-srcset=\"https:\/\/www.isdin.com\/es\/blog\/wp-content\/uploads\/2024\/10\/Imagen-en-el-contenido-13-3-1024x527.png 1024w, https:\/\/www.isdin.com\/es\/blog\/wp-content\/uploads\/2024\/10\/Imagen-en-el-contenido-13-3-300x155.png 300w, https:\/\/www.isdin.com\/es\/blog\/wp-content\/uploads\/2024\/10\/Imagen-en-el-contenido-13-3-150x77.png 150w, https:\/\/www.isdin.com\/es\/blog\/wp-content\/uploads\/2024\/10\/Imagen-en-el-contenido-13-3-768x396.png 768w, https:\/\/www.isdin.com\/es\/blog\/wp-content\/uploads\/2024\/10\/Imagen-en-el-contenido-13-3-585x300.png 585w, https:\/\/www.isdin.com\/es\/blog\/wp-content\/uploads\/2024\/10\/Imagen-en-el-contenido-13-3-450x232.png 450w, https:\/\/www.isdin.com\/es\/blog\/wp-content\/uploads\/2024\/10\/Imagen-en-el-contenido-13-3-20x11.png 20w, https:\/\/www.isdin.com\/es\/blog\/wp-content\/uploads\/2024\/10\/Imagen-en-el-contenido-13-3-225x116.png 225w, https:\/\/www.isdin.com\/es\/blog\/wp-content\/uploads\/2024\/10\/Imagen-en-el-contenido-13-3-900x464.png 900w, https:\/\/www.isdin.com\/es\/blog\/wp-content\/uploads\/2024\/10\/Imagen-en-el-contenido-13-3.png 1200w\" sizes=\"auto, (max-width: 1024px) 100vw, 1024px\" \/><\/figure>\n\n\n\n<p><\/p>\n\n\n\n<h3 class=\"wp-block-heading\">Acn\u00e9 comedoniano<\/h3>\n\n\n\n<p>Este tipo de acn\u00e9 es leve y lo ver\u00e1s cu\u00e1ndo los poros de tu piel est\u00e9n obstruidos por una acumulaci\u00f3n de sebo y c\u00e9lulas muertas. Es visible, no suele ser doloroso y podemos dividirlo en 2 tipos:<\/p>\n\n\n\n<ul class=\"wp-block-list\">\n<li><strong>Puntos negros:<\/strong>\u00a0se forman cuando los fol\u00edculos pilosos se bloquean por la acumulaci\u00f3n de sebo y c\u00e9lulas muertas. La parte superior del poro permanece abierta, y el sebo oxidado al contacto con el aire adquiere ese caracter\u00edstico color negro.<\/li>\n\n\n\n<li><strong>Puntos blancos:<\/strong>\u00a0se presentan cuando el poro est\u00e1 obstruido de la misma manera, pero permanece cerrado. Como resultado, se forma un peque\u00f1o bulto que sobresale de la piel y es de color blanco, ya que el contenido del poro no ha entrado en contacto con el ox\u00edgeno del aire y no se oxida.<\/li>\n<\/ul>\n\n\n\n<p class=\"has-background\" style=\"background-color:#f1dfbf\">El acn\u00e9 comedoniano es muy tentador de extraer, especialmente porque es muy visible, pero lo mejor es que no lo toques y lo trates con productos adecuados para tu tipo de piel, como <a href=\"https:\/\/www.isdin.com\/es\/p\/limpiador-facial-suave\/2087\">limpiadores suaves<\/a> que mantengan los fol\u00edculos pilosos despejados sin irritar.<\/p>\n\n\n\n<p><\/p>\n\n\n\n<h3 class=\"wp-block-heading\">Acn\u00e9 no comedoniano<\/h3>\n\n\n\n<p>El acn\u00e9 no comedoniano se considera una forma m\u00e1s severa de acn\u00e9. Se caracteriza por la aparici\u00f3n de granos en las <a href=\"https:\/\/www.isdin.com\/es\/blog\/bajo-tu-piel-sus-capas-y-funciones\/\">capas medias o profundas de la piel<\/a>, que suelen ser dolorosos al tacto. Al igual que el acn\u00e9 comedoniano, se origina por la acumulaci\u00f3n de sebo y c\u00e9lulas muertas, pero en este caso, el fol\u00edculo piloso se rompe y las bacterias que contiene se liberan, lo que provoca una infecci\u00f3n.<\/p>\n\n\n\n<p>Este tipo de acn\u00e9 suele aparecer en pieles grasas o mixtas y es importante tratarlo con el enfoque adecuado para evitar complicaciones. Conoce los 4 tipos diferentes:<\/p>\n\n\n\n<p><\/p>\n\n\n\n<div class=\"wp-block-media-text alignwide\" style=\"grid-template-columns:20% auto\"><figure class=\"wp-block-media-text__media\"><img loading=\"lazy\" decoding=\"async\" width=\"1024\" height=\"1024\" src=\"data:image\/gif;base64,R0lGODlhAQABAAAAACH5BAEKAAEALAAAAAABAAEAAAICTAEAOw==\" data-src=\"https:\/\/www.isdin.com\/es\/blog\/wp-content\/uploads\/2024\/10\/ChatGPT-Image-30-jun-2025-15_44_23.png\" alt=\"\" class=\"wp-image-12245 size-full lazyload\" data-sizes=\"auto\" data-srcset=\"https:\/\/www.isdin.com\/es\/blog\/wp-content\/uploads\/2024\/10\/ChatGPT-Image-30-jun-2025-15_44_23.png 1024w, https:\/\/www.isdin.com\/es\/blog\/wp-content\/uploads\/2024\/10\/ChatGPT-Image-30-jun-2025-15_44_23-300x300.png 300w, https:\/\/www.isdin.com\/es\/blog\/wp-content\/uploads\/2024\/10\/ChatGPT-Image-30-jun-2025-15_44_23-150x150.png 150w, https:\/\/www.isdin.com\/es\/blog\/wp-content\/uploads\/2024\/10\/ChatGPT-Image-30-jun-2025-15_44_23-768x768.png 768w, https:\/\/www.isdin.com\/es\/blog\/wp-content\/uploads\/2024\/10\/ChatGPT-Image-30-jun-2025-15_44_23-70x70.png 70w, https:\/\/www.isdin.com\/es\/blog\/wp-content\/uploads\/2024\/10\/ChatGPT-Image-30-jun-2025-15_44_23-180x180.png 180w, https:\/\/www.isdin.com\/es\/blog\/wp-content\/uploads\/2024\/10\/ChatGPT-Image-30-jun-2025-15_44_23-90x90.png 90w, https:\/\/www.isdin.com\/es\/blog\/wp-content\/uploads\/2024\/10\/ChatGPT-Image-30-jun-2025-15_44_23-450x450.png 450w, https:\/\/www.isdin.com\/es\/blog\/wp-content\/uploads\/2024\/10\/ChatGPT-Image-30-jun-2025-15_44_23-270x270.png 270w, https:\/\/www.isdin.com\/es\/blog\/wp-content\/uploads\/2024\/10\/ChatGPT-Image-30-jun-2025-15_44_23-20x20.png 20w, https:\/\/www.isdin.com\/es\/blog\/wp-content\/uploads\/2024\/10\/ChatGPT-Image-30-jun-2025-15_44_23-225x225.png 225w, https:\/\/www.isdin.com\/es\/blog\/wp-content\/uploads\/2024\/10\/ChatGPT-Image-30-jun-2025-15_44_23-900x900.png 900w\" sizes=\"auto, (max-width: 1024px) 100vw, 1024px\" \/><\/figure><div class=\"wp-block-media-text__content\">\n<p><\/p>\n\n\n\n<p><strong>1. P\u00e1pulas<\/strong> los conocemos como granos y son bultos rojos e inflamados. Cuando el poro se obstruye, la presi\u00f3n se acumula y puede hacer que las paredes del poro se rompan, propagando impurezas alrededor. Tu cuerpo responde a esta ruptura con inflamaci\u00f3n, lo que les da la apariencia hinchada y roja.<\/p>\n<\/div><\/div>\n\n\n\n<div class=\"wp-block-media-text alignwide\" style=\"grid-template-columns:20% auto\"><figure class=\"wp-block-media-text__media\"><img loading=\"lazy\" decoding=\"async\" width=\"1024\" height=\"1024\" src=\"data:image\/gif;base64,R0lGODlhAQABAAAAACH5BAEKAAEALAAAAAABAAEAAAICTAEAOw==\" data-src=\"https:\/\/www.isdin.com\/es\/blog\/wp-content\/uploads\/2024\/10\/ChatGPT-Image-30-jun-2025-15_37_21.png\" alt=\"p\u00fastula gr\u00e1fico con dibujo de piel enrojecida sobre fondo lila\" class=\"wp-image-12248 size-full lazyload\" data-sizes=\"auto\" data-srcset=\"https:\/\/www.isdin.com\/es\/blog\/wp-content\/uploads\/2024\/10\/ChatGPT-Image-30-jun-2025-15_37_21.png 1024w, https:\/\/www.isdin.com\/es\/blog\/wp-content\/uploads\/2024\/10\/ChatGPT-Image-30-jun-2025-15_37_21-300x300.png 300w, https:\/\/www.isdin.com\/es\/blog\/wp-content\/uploads\/2024\/10\/ChatGPT-Image-30-jun-2025-15_37_21-150x150.png 150w, https:\/\/www.isdin.com\/es\/blog\/wp-content\/uploads\/2024\/10\/ChatGPT-Image-30-jun-2025-15_37_21-768x768.png 768w, https:\/\/www.isdin.com\/es\/blog\/wp-content\/uploads\/2024\/10\/ChatGPT-Image-30-jun-2025-15_37_21-70x70.png 70w, https:\/\/www.isdin.com\/es\/blog\/wp-content\/uploads\/2024\/10\/ChatGPT-Image-30-jun-2025-15_37_21-180x180.png 180w, https:\/\/www.isdin.com\/es\/blog\/wp-content\/uploads\/2024\/10\/ChatGPT-Image-30-jun-2025-15_37_21-90x90.png 90w, https:\/\/www.isdin.com\/es\/blog\/wp-content\/uploads\/2024\/10\/ChatGPT-Image-30-jun-2025-15_37_21-450x450.png 450w, https:\/\/www.isdin.com\/es\/blog\/wp-content\/uploads\/2024\/10\/ChatGPT-Image-30-jun-2025-15_37_21-270x270.png 270w, https:\/\/www.isdin.com\/es\/blog\/wp-content\/uploads\/2024\/10\/ChatGPT-Image-30-jun-2025-15_37_21-20x20.png 20w, https:\/\/www.isdin.com\/es\/blog\/wp-content\/uploads\/2024\/10\/ChatGPT-Image-30-jun-2025-15_37_21-225x225.png 225w, https:\/\/www.isdin.com\/es\/blog\/wp-content\/uploads\/2024\/10\/ChatGPT-Image-30-jun-2025-15_37_21-900x900.png 900w\" sizes=\"auto, (max-width: 1024px) 100vw, 1024px\" \/><\/figure><div class=\"wp-block-media-text__content\">\n<p><\/p>\n\n\n\n<p><strong>2. P\u00fastulas:<\/strong>&nbsp;las conocemos como espinillas y son cavidades llenas de pus, debido al crecimiento de los g\u00e9rmenes microbianos. Si las ves es porque tu sistema inmunol\u00f3gico ha entrado en acci\u00f3n.<\/p>\n<\/div><\/div>\n\n\n\n<p><\/p>\n\n\n\n<p><\/p>\n\n\n\n<div class=\"wp-block-media-text alignwide\" style=\"grid-template-columns:20% auto\"><figure class=\"wp-block-media-text__media\"><img loading=\"lazy\" decoding=\"async\" width=\"1024\" height=\"1024\" src=\"data:image\/gif;base64,R0lGODlhAQABAAAAACH5BAEKAAEALAAAAAABAAEAAAICTAEAOw==\" data-src=\"https:\/\/www.isdin.com\/es\/blog\/wp-content\/uploads\/2024\/10\/ChatGPT-Image-30-jun-2025-15_48_08.png\" alt=\"n\u00f3dulo gr\u00e1fico con dibujo de piel enrojecida sobre fondo lila\" class=\"wp-image-12246 size-full lazyload\" data-sizes=\"auto\" data-srcset=\"https:\/\/www.isdin.com\/es\/blog\/wp-content\/uploads\/2024\/10\/ChatGPT-Image-30-jun-2025-15_48_08.png 1024w, https:\/\/www.isdin.com\/es\/blog\/wp-content\/uploads\/2024\/10\/ChatGPT-Image-30-jun-2025-15_48_08-300x300.png 300w, https:\/\/www.isdin.com\/es\/blog\/wp-content\/uploads\/2024\/10\/ChatGPT-Image-30-jun-2025-15_48_08-150x150.png 150w, https:\/\/www.isdin.com\/es\/blog\/wp-content\/uploads\/2024\/10\/ChatGPT-Image-30-jun-2025-15_48_08-768x768.png 768w, https:\/\/www.isdin.com\/es\/blog\/wp-content\/uploads\/2024\/10\/ChatGPT-Image-30-jun-2025-15_48_08-70x70.png 70w, https:\/\/www.isdin.com\/es\/blog\/wp-content\/uploads\/2024\/10\/ChatGPT-Image-30-jun-2025-15_48_08-180x180.png 180w, https:\/\/www.isdin.com\/es\/blog\/wp-content\/uploads\/2024\/10\/ChatGPT-Image-30-jun-2025-15_48_08-90x90.png 90w, https:\/\/www.isdin.com\/es\/blog\/wp-content\/uploads\/2024\/10\/ChatGPT-Image-30-jun-2025-15_48_08-450x450.png 450w, https:\/\/www.isdin.com\/es\/blog\/wp-content\/uploads\/2024\/10\/ChatGPT-Image-30-jun-2025-15_48_08-270x270.png 270w, https:\/\/www.isdin.com\/es\/blog\/wp-content\/uploads\/2024\/10\/ChatGPT-Image-30-jun-2025-15_48_08-20x20.png 20w, https:\/\/www.isdin.com\/es\/blog\/wp-content\/uploads\/2024\/10\/ChatGPT-Image-30-jun-2025-15_48_08-225x225.png 225w, https:\/\/www.isdin.com\/es\/blog\/wp-content\/uploads\/2024\/10\/ChatGPT-Image-30-jun-2025-15_48_08-900x900.png 900w\" sizes=\"auto, (max-width: 1024px) 100vw, 1024px\" \/><\/figure><div class=\"wp-block-media-text__content\">\n<p><\/p>\n\n\n\n<p><strong>3. N\u00f3dulos:\u00a0<\/strong>\u00a0los n\u00f3dulos son una forma m\u00e1s severa de acn\u00e9. Se parecen a las p\u00e1pulas, pero se forman en las capas m\u00e1s profundas de la piel y afectan a m\u00e1s de un fol\u00edculo, siendo complicados de tratar. Los n\u00f3dulos nunca tienen una \u201dcabeza\u201d como los puntos blancos o las p\u00e1pulas; tienen un color rojizo y duelen al tocarlos<\/p>\n<\/div><\/div>\n\n\n\n<p><\/p>\n\n\n\n<div class=\"wp-block-media-text alignwide\" style=\"grid-template-columns:20% auto\"><figure class=\"wp-block-media-text__media\"><img loading=\"lazy\" decoding=\"async\" width=\"1024\" height=\"1024\" src=\"data:image\/gif;base64,R0lGODlhAQABAAAAACH5BAEKAAEALAAAAAABAAEAAAICTAEAOw==\" data-src=\"https:\/\/www.isdin.com\/es\/blog\/wp-content\/uploads\/2024\/10\/ChatGPT-Image-30-jun-2025-15_37_24.png\" alt=\"quiste gr\u00e1fico con dibujo de piel enrojecida sobre fondo lila\" class=\"wp-image-12247 size-full lazyload\" data-sizes=\"auto\" data-srcset=\"https:\/\/www.isdin.com\/es\/blog\/wp-content\/uploads\/2024\/10\/ChatGPT-Image-30-jun-2025-15_37_24.png 1024w, https:\/\/www.isdin.com\/es\/blog\/wp-content\/uploads\/2024\/10\/ChatGPT-Image-30-jun-2025-15_37_24-300x300.png 300w, https:\/\/www.isdin.com\/es\/blog\/wp-content\/uploads\/2024\/10\/ChatGPT-Image-30-jun-2025-15_37_24-150x150.png 150w, https:\/\/www.isdin.com\/es\/blog\/wp-content\/uploads\/2024\/10\/ChatGPT-Image-30-jun-2025-15_37_24-768x768.png 768w, https:\/\/www.isdin.com\/es\/blog\/wp-content\/uploads\/2024\/10\/ChatGPT-Image-30-jun-2025-15_37_24-70x70.png 70w, https:\/\/www.isdin.com\/es\/blog\/wp-content\/uploads\/2024\/10\/ChatGPT-Image-30-jun-2025-15_37_24-180x180.png 180w, https:\/\/www.isdin.com\/es\/blog\/wp-content\/uploads\/2024\/10\/ChatGPT-Image-30-jun-2025-15_37_24-90x90.png 90w, https:\/\/www.isdin.com\/es\/blog\/wp-content\/uploads\/2024\/10\/ChatGPT-Image-30-jun-2025-15_37_24-450x450.png 450w, https:\/\/www.isdin.com\/es\/blog\/wp-content\/uploads\/2024\/10\/ChatGPT-Image-30-jun-2025-15_37_24-270x270.png 270w, https:\/\/www.isdin.com\/es\/blog\/wp-content\/uploads\/2024\/10\/ChatGPT-Image-30-jun-2025-15_37_24-20x20.png 20w, https:\/\/www.isdin.com\/es\/blog\/wp-content\/uploads\/2024\/10\/ChatGPT-Image-30-jun-2025-15_37_24-225x225.png 225w, https:\/\/www.isdin.com\/es\/blog\/wp-content\/uploads\/2024\/10\/ChatGPT-Image-30-jun-2025-15_37_24-900x900.png 900w\" sizes=\"auto, (max-width: 1024px) 100vw, 1024px\" \/><\/figure><div class=\"wp-block-media-text__content\">\n<p><\/p>\n\n\n\n<p><strong>4. Quiste:\u00a0<\/strong>al igual que los n\u00f3dulos, se localizan en las capas m\u00e1s profundas de la piel. Independientemente de su tonalidad, son la forma m\u00e1s grande de acn\u00e9 y resultan dolorosos al tacto. Suelen ser lesiones supurativas y pueden dejar cicatrices hipertr\u00f3ficas si no se tratan adecuadamente.<\/p>\n<\/div><\/div>\n\n\n\n<p><\/p>\n\n\n\n<p class=\"has-background\" style=\"background-color:#f1dfbf\"><strong>\u00bfSab\u00edas que de todos los tipos de acn\u00e9, los quistes son los que m\u00e1s probabilidades tienen de dejar una cicatriz?<\/strong> Si intentas reventarlos, puedes propagar la infecci\u00f3n y empeorar el proceso de cicatrizaci\u00f3n.<\/p>\n\n\n\n<h2 class=\"wp-block-heading\" id=\"h-un-solo-grano-es-acne\">\u00bfUn solo grano es acn\u00e9?<\/h2>\n\n\n\n<p>Es una de las dudas m\u00e1s comunes. Despu\u00e9s de conocer los distintos tipos de acn\u00e9, es normal preguntarse: <em>\u00bfy ese grano puntual que aparece justo antes de una cita importante?<\/em> S\u00ed, tambi\u00e9n puede ser una forma de acn\u00e9. Aunque no se presente de manera persistente, suele estar vinculado a procesos internos, como los cambios hormonales, que muchas veces escapan de nuestro control.<\/p>\n\n\n\n<ul class=\"wp-block-list\">\n<li><strong>En mujeres<\/strong>, la <a href=\"https:\/\/pmc.ncbi.nlm.nih.gov\/articles\/PMC2923944\/\">baja de estr\u00f3genos<\/a> (durante el ciclo, el embarazo o la menopausia) deja v\u00eda libre a la testosterona, favoreciendo el acn\u00e9 hormonal.<\/li>\n\n\n\n<li><strong>En hombres<\/strong>, la <a href=\"https:\/\/www.health.com\/oily-skin-8669333\">testosterona<\/a> elevada en la adolescencia estimula la producci\u00f3n de sebo y favorece el acn\u00e9 inflamatorio.<\/li>\n<\/ul>\n\n\n\n<p>Estos brotes ocasionales, aunque molestos, son normales en distintas etapas de la vida. En la adolescencia, pueden afectar la autoestima; en la adultez, frustran justo cuando creemos haber superado esa etapa. Lo importante es saber que, con una rutina adecuada, es posible mantener la piel equilibrada. Como comparte <a href=\"https:\/\/www.youtube.com\/shorts\/ZJgDYehbgFE\">Coco Constans<\/a>, embajadora de ISDIN:<\/p>\n\n\n\n<blockquote class=\"wp-block-quote is-layout-flow wp-block-quote-is-layout-flow\">\n<p>&#8220;He sufrido, pero gracias a productos espec\u00edficos, he notado c\u00f3mo mi piel ha cambiado. Ahora me siento segura en ella. Paso mucho tiempo frente a la c\u00e1mara, y hoy por hoy, puedo decir que me siento realmente c\u00f3moda y confiada en mi propia piel\u201d. <br><\/p>\n<cite>Coco Constans, embajadora ISDIN.<\/cite><\/blockquote>\n\n\n\n<p><\/p>\n\n\n\n<p><\/p>\n\n\n\n<h3 class=\"wp-block-heading\" id=\"h-\"><\/h3>\n\n\n\n<h2 class=\"wp-block-heading\" id=\"h-ingredientes-eficaces-para-tratar-granos-y-espinillas-lo-que-si-funciona\">Ingredientes eficaces para tratar granos y espinillas: lo que s\u00ed funciona<\/h2>\n\n\n\n<figure class=\"wp-block-image size-full\"><img loading=\"lazy\" decoding=\"async\" width=\"1200\" height=\"618\" src=\"data:image\/gif;base64,R0lGODlhAQABAAAAACH5BAEKAAEALAAAAAABAAEAAAICTAEAOw==\" data-src=\"https:\/\/www.isdin.com\/es\/blog\/wp-content\/uploads\/2024\/10\/Imagen-en-el-contenido-52-1.jpg\" alt=\"textura de ingrediente ligero ideal para pieles mixtas o grasas color transparente acuoso\" class=\"wp-image-12249 lazyload\"\/><\/figure>\n\n\n\n<p><\/p>\n\n\n\n<p>La regla de oro para tratar granos y espinillas es tener paciencia (y constancia). Aunque algunos productos espec\u00edficos pueden mostrar resultados r\u00e1pidos, en muchos casos, la mejor\u00eda no se aprecia hasta pasados unos meses.<\/p>\n\n\n\n<p>Lo m\u00e1s importante es elegir bien los productos que aplicas, pensando siempre en el tipo de acn\u00e9 al que te enfrentas. Por eso, vamos a centrarnos en los <strong>ingredientes clave<\/strong>: aquellos que realmente atacan el grano de forma directa y eficaz.<\/p>\n\n\n\n<h3 class=\"wp-block-heading\">Mejores ingredientes para el acn\u00e9 leve o comedoniano<\/h3>\n\n\n\n<p>La clave est\u00e1 en mantener los poros limpios con un equilibrio adecuado entre limpieza y exfoliaci\u00f3n, lo que ayuda a <strong>eliminar los puntos negros<\/strong> y otras imperfecciones t\u00edpicas del acn\u00e9 comedog\u00e9nico.<\/p>\n\n\n\n<ul class=\"wp-block-list\">\n<li><a href=\"https:\/\/www.isdin.com\/es\/blog\/que-es-la-niacinamida-beneficios-usos-en-tu-rutina\/\">Niacinamida<\/a>:\u00a0ayuda a reducir la apariencia de los poros y a equilibrar la producci\u00f3n de sebo. <strong>B\u00fascala en <a href=\"https:\/\/www.isdin.com\/es\/p\/night-concentrate-anti-imperfecciones\/4145\">s\u00e9rums<\/a> o <a href=\"https:\/\/www.isdin.com\/es\/p\/limpiador-purificante\/2761\">limpiadores<\/a><\/strong> que favorezcan el control de grasa y mantengan la piel equilibrada.<\/li>\n\n\n\n<li><a href=\"https:\/\/www.isdin.com\/es\/blog\/acido-salicilico-que-es-beneficios-para-la-piel\/\"><strong>\u00c1cido salic\u00edlico<\/strong><\/a>: exfolia de manera natural la piel, eliminando las c\u00e9lulas muertas que provocan puntos negros y blancos. \u00bfSab\u00edas que es el ingrediente estrella en una de las \u00faltimas innovaciones de ISDIN? <a href=\"https:\/\/www.isdin.com\/es\/p\/salicylic-renewal\/4318\"><strong>Salicylic Renewal<\/strong><\/a>, de la l\u00ednea ISDINCEUTICS, es un s\u00e9rum formulado especialmente para <a href=\"https:\/\/www.isdin.com\/es\/blog\/rutina-piel-grasa-mixta\/\"><strong>pieles mixtas y grasas<\/strong><\/a> con una misi\u00f3n clara: reduce imperfecciones y ayuda a <a href=\"https:\/\/www.isdin.com\/es\/blog\/well-aging-como-prevenir-y-cuidar-nuestras-arrugas\/\">combatir los primeros signos de la edad<\/a>.<\/li>\n<\/ul>\n\n\n\n<figure class=\"wp-block-image size-large\"><img loading=\"lazy\" decoding=\"async\" width=\"1024\" height=\"527\" src=\"data:image\/gif;base64,R0lGODlhAQABAAAAACH5BAEKAAEALAAAAAABAAEAAAICTAEAOw==\" data-src=\"https:\/\/www.isdin.com\/es\/blog\/wp-content\/uploads\/2024\/10\/Imagen-en-el-contenido-54-1-1024x527.png\" alt=\"s\u00e9rum de ISDIN para reducir granos y espinillas con textura ultraligera\" class=\"wp-image-12250 lazyload\" data-sizes=\"auto\" data-srcset=\"https:\/\/www.isdin.com\/es\/blog\/wp-content\/uploads\/2024\/10\/Imagen-en-el-contenido-54-1-1024x527.png 1024w, https:\/\/www.isdin.com\/es\/blog\/wp-content\/uploads\/2024\/10\/Imagen-en-el-contenido-54-1-300x155.png 300w, https:\/\/www.isdin.com\/es\/blog\/wp-content\/uploads\/2024\/10\/Imagen-en-el-contenido-54-1-150x77.png 150w, https:\/\/www.isdin.com\/es\/blog\/wp-content\/uploads\/2024\/10\/Imagen-en-el-contenido-54-1-768x396.png 768w, https:\/\/www.isdin.com\/es\/blog\/wp-content\/uploads\/2024\/10\/Imagen-en-el-contenido-54-1-585x300.png 585w, https:\/\/www.isdin.com\/es\/blog\/wp-content\/uploads\/2024\/10\/Imagen-en-el-contenido-54-1-450x232.png 450w, https:\/\/www.isdin.com\/es\/blog\/wp-content\/uploads\/2024\/10\/Imagen-en-el-contenido-54-1-20x11.png 20w, https:\/\/www.isdin.com\/es\/blog\/wp-content\/uploads\/2024\/10\/Imagen-en-el-contenido-54-1-225x116.png 225w, https:\/\/www.isdin.com\/es\/blog\/wp-content\/uploads\/2024\/10\/Imagen-en-el-contenido-54-1-900x464.png 900w, https:\/\/www.isdin.com\/es\/blog\/wp-content\/uploads\/2024\/10\/Imagen-en-el-contenido-54-1.png 1200w\" sizes=\"auto, (max-width: 1024px) 100vw, 1024px\" \/><\/figure>\n\n\n\n<p><\/p>\n\n\n\n<p class=\"has-background\" style=\"background-color:#f1dfbf\">Tambi\u00e9n podr\u00e1s encontrar \u00e1cido salic\u00edlico en <a href=\"https:\/\/www.isdin.com\/es\/p\/body\/2882\">sprays<\/a> para el <a href=\"https:\/\/www.isdin.com\/es\/blog\/olvidate-de-los-granos-en-la-espalda\/\">acn\u00e9 de la espalda<\/a> y <a href=\"https:\/\/www.isdin.com\/es\/p\/on-the-spot\/3119\">geles secantes<\/a> para esos granos que aparecen cuando menos te lo esperas.<\/p>\n\n\n\n<p><\/p>\n\n\n\n<h3 class=\"wp-block-heading\" id=\"h-mejores-ingredientes-para-el-acne-moderado\">Mejores ingredientes para el acn\u00e9 moderado<\/h3>\n\n\n\n<p>La clave est\u00e1 en seguir una rutina de cuidado de la piel efectiva, combinada con tratamientos espec\u00edficos si es necesario, para combatir las bacterias y reducir la inflamaci\u00f3n.<\/p>\n\n\n\n<ul class=\"wp-block-list\">\n<li><strong>Per\u00f3xido de benzoilo:<\/strong> es uno de los principios activos m\u00e1s recomendados por dermat\u00f3logos para tratar el acn\u00e9 moderado o severo. Ayuda a <strong>eliminar las bacterias causantes del brote<\/strong> y a reducir la inflamaci\u00f3n. Es potente, por eso se aconseja usarlo bajo indicaci\u00f3n profesional, especialmente en pieles sensibles o secas.<\/li>\n\n\n\n<li><a href=\"https:\/\/www.isdin.com\/es\/blog\/el-poder-del-acido-glicolico-que-es-y-como-se-usa\/\"><strong>\u00c1cido glic\u00f3lico<\/strong>:<\/a> exfoliante que ayuda a eliminar las c\u00e9lulas muertas de la piel y destapar los poros. <strong>B\u00fascalo en <a href=\"https:\/\/www.isdin.com\/es\/c\/ingredientes\/acido-glicolico\">productos exfoliantes o t\u00f3nicos<\/a><\/strong> para un cuidado m\u00e1s profundo.<\/li>\n\n\n\n<li><a href=\"https:\/\/www.isdin.com\/blog\/para-que-sirve-acido-hialuronico\/\"><strong>\u00c1cido hialur\u00f3nico:<\/strong><\/a>\u00a0aunque no trata el acn\u00e9 directamente, es fundamental para <strong>mantener la piel hidratada y protegida<\/strong>, especialmente cuando se usan ingredientes m\u00e1s agresivos como el per\u00f3xido de benzoilo o los \u00e1cidos exfoliantes. <strong>Incorp\u00f3ralo a trav\u00e9s de <a href=\"https:\/\/www.isdin.com\/es\/p\/hyaluronic-concentrate\/3805\">s\u00e9rums<\/a><\/strong> o <a href=\"https:\/\/www.isdin.com\/es\/isdinceutics\/hyaluronic-moisture\/\"><strong>cremas hidratantes<\/strong><\/a> para restaurar la barrera cut\u00e1nea y mejorar la elasticidad.<\/li>\n<\/ul>\n\n\n\n<h2 class=\"wp-block-heading\">Siempre puedes prevenir futuros brotes<\/h2>\n\n\n\n<p>Tu piel es tu historia. Y aunque el acn\u00e9 aparezca de vez en cuando, no tiene por qu\u00e9 marcarla. No se trata de esconder imperfecciones, sino de entender lo que tu piel necesita en cada etapa y acompa\u00f1arla con paciencia, constancia y respeto.<\/p>\n\n\n\n<p>Aqu\u00ed te dejamos algunos h\u00e1bitos que pueden ayudarte a mantenerla en equilibrio:<\/p>\n\n\n\n<ul class=\"wp-block-list\">\n<li>Establece una <a href=\"https:\/\/www.isdin.com\/es\/blog\/acniben-la-rutina-que-le-dira-adios-a-los-granos\/\">rutina diaria<\/a> y c\u00famplela. Cuidar tu piel todos los d\u00edas es tu mejor defensa frente a las imperfecciones.<\/li>\n\n\n\n<li>Aprende a gestionar <a href=\"https:\/\/www.isdin.com\/es\/blog\/como-afecta-el-estres-a-nuestra-piel\/\">el estr\u00e9s<\/a> con ejercicio, descanso o meditaci\u00f3n. Tu bienestar interior tambi\u00e9n se refleja por fuera.<\/li>\n\n\n\n<li>Usa <a href=\"https:\/\/www.isdin.com\/producto\/fotoprotector-isdin\/magic-spf-50\">protecci\u00f3n solar<\/a> a diario. El sol puede agravar brotes y dejar marcas m\u00e1s visibles. Protegerte es tambi\u00e9n una forma de quererte.<\/li>\n\n\n\n<li>Conf\u00eda en el poder de una buena limpieza. Dedicarle unos minutos a este <a href=\"https:\/\/www.isdin.com\/blog\/guia-esencial-de-limpiadores-faciales\/\">primer paso<\/a> puede marcar una gran diferencia en c\u00f3mo responde tu piel. <strong>Porque cuidar el acn\u00e9 empieza con una buena base.<\/strong><\/li>\n<\/ul>\n\n\n\n<p>Ahora que conoces los diferentes tipos de acn\u00e9, c\u00f3mo se forma y qu\u00e9 ingredientes pueden ayudarte a tratarlo seg\u00fan tu piel, es momento de dejar de ver cada brote como un enemigo. Tu piel no necesita ser perfecta, solo necesita comprensi\u00f3n, constancia y los cuidados adecuados.<\/p>\n\n\n\n<figure class=\"wp-block-image size-large\"><img loading=\"lazy\" decoding=\"async\" width=\"1024\" height=\"527\" src=\"data:image\/gif;base64,R0lGODlhAQABAAAAACH5BAEKAAEALAAAAAABAAEAAAICTAEAOw==\" data-src=\"https:\/\/www.isdin.com\/es\/blog\/wp-content\/uploads\/2024\/10\/Imagen-en-el-contenido-53-1-1024x527.png\" alt=\"tipos de granos de cerca en piel de chica joven de ojos azules y verdes\" class=\"wp-image-12251 lazyload\" data-sizes=\"auto\" data-srcset=\"https:\/\/www.isdin.com\/es\/blog\/wp-content\/uploads\/2024\/10\/Imagen-en-el-contenido-53-1-1024x527.png 1024w, https:\/\/www.isdin.com\/es\/blog\/wp-content\/uploads\/2024\/10\/Imagen-en-el-contenido-53-1-300x155.png 300w, https:\/\/www.isdin.com\/es\/blog\/wp-content\/uploads\/2024\/10\/Imagen-en-el-contenido-53-1-150x77.png 150w, https:\/\/www.isdin.com\/es\/blog\/wp-content\/uploads\/2024\/10\/Imagen-en-el-contenido-53-1-768x396.png 768w, https:\/\/www.isdin.com\/es\/blog\/wp-content\/uploads\/2024\/10\/Imagen-en-el-contenido-53-1-585x300.png 585w, https:\/\/www.isdin.com\/es\/blog\/wp-content\/uploads\/2024\/10\/Imagen-en-el-contenido-53-1-450x232.png 450w, https:\/\/www.isdin.com\/es\/blog\/wp-content\/uploads\/2024\/10\/Imagen-en-el-contenido-53-1-20x11.png 20w, https:\/\/www.isdin.com\/es\/blog\/wp-content\/uploads\/2024\/10\/Imagen-en-el-contenido-53-1-225x116.png 225w, https:\/\/www.isdin.com\/es\/blog\/wp-content\/uploads\/2024\/10\/Imagen-en-el-contenido-53-1-900x464.png 900w, https:\/\/www.isdin.com\/es\/blog\/wp-content\/uploads\/2024\/10\/Imagen-en-el-contenido-53-1.png 1200w\" sizes=\"auto, (max-width: 1024px) 100vw, 1024px\" \/><\/figure>\n\n\n\n<p><\/p>\n\n\n\n<p><strong>Y si en alg\u00fan momento sientes que el acn\u00e9 te desborda o no sabes por d\u00f3nde seguir, recuerda que un dermat\u00f3logo siempre ser\u00e1 tu mejor aliado<\/strong> para recibir un tratamiento personalizado y acompa\u00f1arte en el proceso.<\/p>\n","protected":false},"excerpt":{"rendered":"<p>Granitos, puntos negros, brotes hormonales o lesiones inflamadas: el acn\u00e9 tiene muchas formas, y conocer cada una es clave para entender qu\u00e9 necesita tu piel.<\/p>\n","protected":false},"author":69,"featured_media":12244,"comment_status":"closed","ping_status":"closed","sticky":false,"template":"","format":"image","meta":{"footnotes":""},"categories":[106,1],"tags":[407,294],"class_list":["post-8762","post","type-post","status-publish","format-image","has-post-thumbnail","hentry","category-afecciones-piel","category-consejos-cuidados","tag-acne-2","tag-cuidado-facial","post_format-post-format-image"],"yoast_head":"<!-- This site is optimized with the Yoast SEO Premium plugin v25.4 (Yoast SEO v25.4) - https:\/\/yoast.com\/wordpress\/plugins\/seo\/ -->\n<title>El acn\u00e9 en todas sus formas: tipos, causas y mejores ingredientes para tratarlo - ISDIN<\/title>\n<meta name=\"description\" content=\"Conoce qu\u00e9 tipo de acn\u00e9 tienes: puntos negros, blancos o granitos inflamados, \u00a1y recupera tu glow con los productos adecuados!\" \/>\n<meta name=\"robots\" content=\"index, follow, max-snippet:-1, max-image-preview:large, max-video-preview:-1\" \/>\n<link rel=\"canonical\" href=\"https:\/\/www.isdin.com\/es\/blog\/tipos-de-acne-y-como-tratarlos\/\" \/>\n<meta property=\"og:locale\" content=\"es_ES\" \/>\n<meta property=\"og:type\" content=\"article\" \/>\n<meta property=\"og:title\" content=\"El acn\u00e9 en todas sus formas: tipos, causas y mejores ingredientes para tratarlo\" \/>\n<meta property=\"og:description\" content=\"Conoce qu\u00e9 tipo de acn\u00e9 tienes: puntos negros, blancos o granitos inflamados, \u00a1y recupera tu glow con los productos adecuados!\" \/>\n<meta property=\"og:url\" content=\"https:\/\/www.isdin.com\/es\/blog\/tipos-de-acne-y-como-tratarlos\/\" \/>\n<meta property=\"og:site_name\" content=\"ISDIN\" \/>\n<meta property=\"article:publisher\" content=\"https:\/\/es-es.facebook.com\/ISDIN.official\/\" \/>\n<meta property=\"article:published_time\" content=\"2025-07-01T15:54:30+00:00\" \/>\n<meta property=\"article:modified_time\" content=\"2025-08-13T13:45:15+00:00\" \/>\n<meta property=\"og:image\" content=\"https:\/\/www.isdin.com\/es\/blog\/wp-content\/uploads\/2024\/10\/Header-8-2.png\" \/>\n\t<meta property=\"og:image:width\" content=\"1200\" \/>\n\t<meta property=\"og:image:height\" content=\"760\" \/>\n\t<meta property=\"og:image:type\" content=\"image\/png\" \/>\n<meta name=\"author\" content=\"Belinda Mart\u00ednez\" \/>\n<meta name=\"twitter:card\" content=\"summary_large_image\" \/>\n<meta name=\"twitter:creator\" content=\"@isdin_official\" \/>\n<meta name=\"twitter:site\" content=\"@isdin_official\" \/>\n<meta name=\"twitter:label1\" content=\"Written by\" \/>\n\t<meta name=\"twitter:data1\" content=\"Belinda Mart\u00ednez\" \/>\n\t<meta name=\"twitter:label2\" content=\"Est. reading time\" \/>\n\t<meta name=\"twitter:data2\" content=\"10 minutes\" \/>\n<script type=\"application\/ld+json\" class=\"yoast-schema-graph\">{\"@context\":\"https:\/\/schema.org\",\"@graph\":[{\"@type\":\"Article\",\"@id\":\"https:\/\/www.isdin.com\/es\/blog\/tipos-de-acne-y-como-tratarlos\/#article\",\"isPartOf\":{\"@id\":\"https:\/\/www.isdin.com\/es\/blog\/tipos-de-acne-y-como-tratarlos\/\"},\"author\":{\"name\":\"Belinda Mart\u00ednez\",\"@id\":\"https:\/\/www.isdin.com\/es\/blog\/#\/schema\/person\/684015d7d9e78124cb4aa660f6fe8576\"},\"headline\":\"El acn\u00e9 en todas sus formas: tipos, causas y mejores ingredientes para tratarlo\",\"datePublished\":\"2025-07-01T15:54:30+00:00\",\"dateModified\":\"2025-08-13T13:45:15+00:00\",\"mainEntityOfPage\":{\"@id\":\"https:\/\/www.isdin.com\/es\/blog\/tipos-de-acne-y-como-tratarlos\/\"},\"wordCount\":1787,\"publisher\":{\"@id\":\"https:\/\/www.isdin.com\/es\/blog\/#organization\"},\"image\":{\"@id\":\"https:\/\/www.isdin.com\/es\/blog\/tipos-de-acne-y-como-tratarlos\/#primaryimage\"},\"thumbnailUrl\":\"https:\/\/www.isdin.com\/es\/blog\/wp-content\/uploads\/2024\/10\/Header-8-2.png\",\"keywords\":[\"acn\u00e9\",\"cuidado facial\"],\"articleSection\":[\"Afecciones de la piel\",\"Consejos y cuidados\"],\"inLanguage\":\"es-ES\"},{\"@type\":\"WebPage\",\"@id\":\"https:\/\/www.isdin.com\/es\/blog\/tipos-de-acne-y-como-tratarlos\/\",\"url\":\"https:\/\/www.isdin.com\/es\/blog\/tipos-de-acne-y-como-tratarlos\/\",\"name\":\"El acn\u00e9 en todas sus formas: tipos, causas y mejores ingredientes para tratarlo - ISDIN\",\"isPartOf\":{\"@id\":\"https:\/\/www.isdin.com\/es\/blog\/#website\"},\"primaryImageOfPage\":{\"@id\":\"https:\/\/www.isdin.com\/es\/blog\/tipos-de-acne-y-como-tratarlos\/#primaryimage\"},\"image\":{\"@id\":\"https:\/\/www.isdin.com\/es\/blog\/tipos-de-acne-y-como-tratarlos\/#primaryimage\"},\"thumbnailUrl\":\"https:\/\/www.isdin.com\/es\/blog\/wp-content\/uploads\/2024\/10\/Header-8-2.png\",\"datePublished\":\"2025-07-01T15:54:30+00:00\",\"dateModified\":\"2025-08-13T13:45:15+00:00\",\"description\":\"Conoce qu\u00e9 tipo de acn\u00e9 tienes: puntos negros, blancos o granitos inflamados, \u00a1y recupera tu glow con los productos adecuados!\",\"breadcrumb\":{\"@id\":\"https:\/\/www.isdin.com\/es\/blog\/tipos-de-acne-y-como-tratarlos\/#breadcrumb\"},\"inLanguage\":\"es-ES\",\"potentialAction\":[{\"@type\":\"ReadAction\",\"target\":[\"https:\/\/www.isdin.com\/es\/blog\/tipos-de-acne-y-como-tratarlos\/\"]}]},{\"@type\":\"ImageObject\",\"inLanguage\":\"es-ES\",\"@id\":\"https:\/\/www.isdin.com\/es\/blog\/tipos-de-acne-y-como-tratarlos\/#primaryimage\",\"url\":\"https:\/\/www.isdin.com\/es\/blog\/wp-content\/uploads\/2024\/10\/Header-8-2.png\",\"contentUrl\":\"https:\/\/www.isdin.com\/es\/blog\/wp-content\/uploads\/2024\/10\/Header-8-2.png\",\"width\":1200,\"height\":760,\"caption\":\"TIPOS DE ACN\u00c9\"},{\"@type\":\"BreadcrumbList\",\"@id\":\"https:\/\/www.isdin.com\/es\/blog\/tipos-de-acne-y-como-tratarlos\/#breadcrumb\",\"itemListElement\":[{\"@type\":\"ListItem\",\"position\":1,\"name\":\"Portada\",\"item\":\"https:\/\/www.isdin.com\/es\/blog\/\"},{\"@type\":\"ListItem\",\"position\":2,\"name\":\"El acn\u00e9 en todas sus formas: tipos, causas y mejores ingredientes para tratarlo\"}]},{\"@type\":\"WebSite\",\"@id\":\"https:\/\/www.isdin.com\/es\/blog\/#website\",\"url\":\"https:\/\/www.isdin.com\/es\/blog\/\",\"name\":\"ISDIN\",\"description\":\"Novedades, lanzamientos de productos y toda la experiencia de ISDIN\",\"publisher\":{\"@id\":\"https:\/\/www.isdin.com\/es\/blog\/#organization\"},\"potentialAction\":[{\"@type\":\"SearchAction\",\"target\":{\"@type\":\"EntryPoint\",\"urlTemplate\":\"https:\/\/www.isdin.com\/es\/blog\/?s={search_term_string}\"},\"query-input\":{\"@type\":\"PropertyValueSpecification\",\"valueRequired\":true,\"valueName\":\"search_term_string\"}}],\"inLanguage\":\"es-ES\"},{\"@type\":\"Organization\",\"@id\":\"https:\/\/www.isdin.com\/es\/blog\/#organization\",\"name\":\"ISDIN\",\"alternateName\":\"ISDIN\",\"url\":\"https:\/\/www.isdin.com\/es\/blog\/\",\"logo\":{\"@type\":\"ImageObject\",\"inLanguage\":\"es-ES\",\"@id\":\"https:\/\/www.isdin.com\/es\/blog\/#\/schema\/logo\/image\/\",\"url\":\"https:\/\/www.isdin.com\/es\/blog\/wp-content\/uploads\/2024\/05\/2025_03_GuiaFoto_FWM.png\",\"contentUrl\":\"https:\/\/www.isdin.com\/es\/blog\/wp-content\/uploads\/2024\/05\/2025_03_GuiaFoto_FWM.png\",\"width\":670,\"height\":683,\"caption\":\"ISDIN\"},\"image\":{\"@id\":\"https:\/\/www.isdin.com\/es\/blog\/#\/schema\/logo\/image\/\"},\"sameAs\":[\"https:\/\/es-es.facebook.com\/ISDIN.official\/\",\"https:\/\/x.com\/isdin_official\",\"https:\/\/www.instagram.com\/isdinofficial\",\"https:\/\/www.youtube.com\/channel\/UCtoNJMKpDwdFLqgV23_lcqg\"],\"telephone\":\"659997812\"},{\"@type\":\"Person\",\"@id\":\"https:\/\/www.isdin.com\/es\/blog\/#\/schema\/person\/684015d7d9e78124cb4aa660f6fe8576\",\"name\":\"Belinda Mart\u00ednez\",\"image\":{\"@type\":\"ImageObject\",\"inLanguage\":\"es-ES\",\"@id\":\"https:\/\/www.isdin.com\/es\/blog\/#\/schema\/person\/image\/\",\"url\":\"https:\/\/www.isdin.com\/es\/blog\/wp-content\/uploads\/2017\/07\/jjjj.jpg\",\"contentUrl\":\"https:\/\/www.isdin.com\/es\/blog\/wp-content\/uploads\/2017\/07\/jjjj.jpg\",\"caption\":\"Belinda Mart\u00ednez\"},\"description\":\"Belinda es periodista y copywriter creativa. Tras a\u00f1os de experiencia, decidi\u00f3 fusionar sus habilidades de escritura con su amor por el skincare, convirti\u00e9ndose en una especialista en la materia. \u00bfSu imprescindible? Un buen b\u00e1lsamo de labios.\",\"sameAs\":[\"https:\/\/www.linkedin.com\/in\/thisisbel\/\"],\"url\":\"https:\/\/www.isdin.com\/es\/blog\/author\/belindamartinez\/\"}]}<\/script>\n<!-- \/ Yoast SEO Premium plugin. -->","yoast_head_json":{"title":"El acn\u00e9 en todas sus formas: tipos, causas y mejores ingredientes para tratarlo - ISDIN","description":"Conoce qu\u00e9 tipo de acn\u00e9 tienes: puntos negros, blancos o granitos inflamados, \u00a1y recupera tu glow con los productos adecuados!","robots":{"index":"index","follow":"follow","max-snippet":"max-snippet:-1","max-image-preview":"max-image-preview:large","max-video-preview":"max-video-preview:-1"},"canonical":"https:\/\/www.isdin.com\/es\/blog\/tipos-de-acne-y-como-tratarlos\/","og_locale":"es_ES","og_type":"article","og_title":"El acn\u00e9 en todas sus formas: tipos, causas y mejores ingredientes para tratarlo","og_description":"Conoce qu\u00e9 tipo de acn\u00e9 tienes: puntos negros, blancos o granitos inflamados, \u00a1y recupera tu glow con los productos adecuados!","og_url":"https:\/\/www.isdin.com\/es\/blog\/tipos-de-acne-y-como-tratarlos\/","og_site_name":"ISDIN","article_publisher":"https:\/\/es-es.facebook.com\/ISDIN.official\/","article_published_time":"2025-07-01T15:54:30+00:00","article_modified_time":"2025-08-13T13:45:15+00:00","og_image":[{"width":1200,"height":760,"url":"https:\/\/www.isdin.com\/es\/blog\/wp-content\/uploads\/2024\/10\/Header-8-2.png","type":"image\/png"}],"author":"Belinda Mart\u00ednez","twitter_card":"summary_large_image","twitter_creator":"@isdin_official","twitter_site":"@isdin_official","twitter_misc":{"Written by":"Belinda Mart\u00ednez","Est. reading time":"10 minutes"},"schema":{"@context":"https:\/\/schema.org","@graph":[{"@type":"Article","@id":"https:\/\/www.isdin.com\/es\/blog\/tipos-de-acne-y-como-tratarlos\/#article","isPartOf":{"@id":"https:\/\/www.isdin.com\/es\/blog\/tipos-de-acne-y-como-tratarlos\/"},"author":{"name":"Belinda Mart\u00ednez","@id":"https:\/\/www.isdin.com\/es\/blog\/#\/schema\/person\/684015d7d9e78124cb4aa660f6fe8576"},"headline":"El acn\u00e9 en todas sus formas: tipos, causas y mejores ingredientes para tratarlo","datePublished":"2025-07-01T15:54:30+00:00","dateModified":"2025-08-13T13:45:15+00:00","mainEntityOfPage":{"@id":"https:\/\/www.isdin.com\/es\/blog\/tipos-de-acne-y-como-tratarlos\/"},"wordCount":1787,"publisher":{"@id":"https:\/\/www.isdin.com\/es\/blog\/#organization"},"image":{"@id":"https:\/\/www.isdin.com\/es\/blog\/tipos-de-acne-y-como-tratarlos\/#primaryimage"},"thumbnailUrl":"https:\/\/www.isdin.com\/es\/blog\/wp-content\/uploads\/2024\/10\/Header-8-2.png","keywords":["acn\u00e9","cuidado facial"],"articleSection":["Afecciones de la piel","Consejos y cuidados"],"inLanguage":"es-ES"},{"@type":"WebPage","@id":"https:\/\/www.isdin.com\/es\/blog\/tipos-de-acne-y-como-tratarlos\/","url":"https:\/\/www.isdin.com\/es\/blog\/tipos-de-acne-y-como-tratarlos\/","name":"El acn\u00e9 en todas sus formas: tipos, causas y mejores ingredientes para tratarlo - ISDIN","isPartOf":{"@id":"https:\/\/www.isdin.com\/es\/blog\/#website"},"primaryImageOfPage":{"@id":"https:\/\/www.isdin.com\/es\/blog\/tipos-de-acne-y-como-tratarlos\/#primaryimage"},"image":{"@id":"https:\/\/www.isdin.com\/es\/blog\/tipos-de-acne-y-como-tratarlos\/#primaryimage"},"thumbnailUrl":"https:\/\/www.isdin.com\/es\/blog\/wp-content\/uploads\/2024\/10\/Header-8-2.png","datePublished":"2025-07-01T15:54:30+00:00","dateModified":"2025-08-13T13:45:15+00:00","description":"Conoce qu\u00e9 tipo de acn\u00e9 tienes: puntos negros, blancos o granitos inflamados, \u00a1y recupera tu glow con los productos adecuados!","breadcrumb":{"@id":"https:\/\/www.isdin.com\/es\/blog\/tipos-de-acne-y-como-tratarlos\/#breadcrumb"},"inLanguage":"es-ES","potentialAction":[{"@type":"ReadAction","target":["https:\/\/www.isdin.com\/es\/blog\/tipos-de-acne-y-como-tratarlos\/"]}]},{"@type":"ImageObject","inLanguage":"es-ES","@id":"https:\/\/www.isdin.com\/es\/blog\/tipos-de-acne-y-como-tratarlos\/#primaryimage","url":"https:\/\/www.isdin.com\/es\/blog\/wp-content\/uploads\/2024\/10\/Header-8-2.png","contentUrl":"https:\/\/www.isdin.com\/es\/blog\/wp-content\/uploads\/2024\/10\/Header-8-2.png","width":1200,"height":760,"caption":"TIPOS DE ACN\u00c9"},{"@type":"BreadcrumbList","@id":"https:\/\/www.isdin.com\/es\/blog\/tipos-de-acne-y-como-tratarlos\/#breadcrumb","itemListElement":[{"@type":"ListItem","position":1,"name":"Portada","item":"https:\/\/www.isdin.com\/es\/blog\/"},{"@type":"ListItem","position":2,"name":"El acn\u00e9 en todas sus formas: tipos, causas y mejores ingredientes para tratarlo"}]},{"@type":"WebSite","@id":"https:\/\/www.isdin.com\/es\/blog\/#website","url":"https:\/\/www.isdin.com\/es\/blog\/","name":"ISDIN","description":"Novedades, lanzamientos de productos y toda la experiencia de ISDIN","publisher":{"@id":"https:\/\/www.isdin.com\/es\/blog\/#organization"},"potentialAction":[{"@type":"SearchAction","target":{"@type":"EntryPoint","urlTemplate":"https:\/\/www.isdin.com\/es\/blog\/?s={search_term_string}"},"query-input":{"@type":"PropertyValueSpecification","valueRequired":true,"valueName":"search_term_string"}}],"inLanguage":"es-ES"},{"@type":"Organization","@id":"https:\/\/www.isdin.com\/es\/blog\/#organization","name":"ISDIN","alternateName":"ISDIN","url":"https:\/\/www.isdin.com\/es\/blog\/","logo":{"@type":"ImageObject","inLanguage":"es-ES","@id":"https:\/\/www.isdin.com\/es\/blog\/#\/schema\/logo\/image\/","url":"https:\/\/www.isdin.com\/es\/blog\/wp-content\/uploads\/2024\/05\/2025_03_GuiaFoto_FWM.png","contentUrl":"https:\/\/www.isdin.com\/es\/blog\/wp-content\/uploads\/2024\/05\/2025_03_GuiaFoto_FWM.png","width":670,"height":683,"caption":"ISDIN"},"image":{"@id":"https:\/\/www.isdin.com\/es\/blog\/#\/schema\/logo\/image\/"},"sameAs":["https:\/\/es-es.facebook.com\/ISDIN.official\/","https:\/\/x.com\/isdin_official","https:\/\/www.instagram.com\/isdinofficial","https:\/\/www.youtube.com\/channel\/UCtoNJMKpDwdFLqgV23_lcqg"],"telephone":"659997812"},{"@type":"Person","@id":"https:\/\/www.isdin.com\/es\/blog\/#\/schema\/person\/684015d7d9e78124cb4aa660f6fe8576","name":"Belinda Mart\u00ednez","image":{"@type":"ImageObject","inLanguage":"es-ES","@id":"https:\/\/www.isdin.com\/es\/blog\/#\/schema\/person\/image\/","url":"https:\/\/www.isdin.com\/es\/blog\/wp-content\/uploads\/2017\/07\/jjjj.jpg","contentUrl":"https:\/\/www.isdin.com\/es\/blog\/wp-content\/uploads\/2017\/07\/jjjj.jpg","caption":"Belinda Mart\u00ednez"},"description":"Belinda es periodista y copywriter creativa. Tras a\u00f1os de experiencia, decidi\u00f3 fusionar sus habilidades de escritura con su amor por el skincare, convirti\u00e9ndose en una especialista en la materia. \u00bfSu imprescindible? Un buen b\u00e1lsamo de labios.","sameAs":["https:\/\/www.linkedin.com\/in\/thisisbel\/"],"url":"https:\/\/www.isdin.com\/es\/blog\/author\/belindamartinez\/"}]}},"_links":{"self":[{"href":"https:\/\/www.isdin.com\/es\/blog\/wp-json\/wp\/v2\/posts\/8762","targetHints":{"allow":["GET"]}}],"collection":[{"href":"https:\/\/www.isdin.com\/es\/blog\/wp-json\/wp\/v2\/posts"}],"about":[{"href":"https:\/\/www.isdin.com\/es\/blog\/wp-json\/wp\/v2\/types\/post"}],"author":[{"embeddable":true,"href":"https:\/\/www.isdin.com\/es\/blog\/wp-json\/wp\/v2\/users\/69"}],"replies":[{"embeddable":true,"href":"https:\/\/www.isdin.com\/es\/blog\/wp-json\/wp\/v2\/comments?post=8762"}],"version-history":[{"count":18,"href":"https:\/\/www.isdin.com\/es\/blog\/wp-json\/wp\/v2\/posts\/8762\/revisions"}],"predecessor-version":[{"id":12254,"href":"https:\/\/www.isdin.com\/es\/blog\/wp-json\/wp\/v2\/posts\/8762\/revisions\/12254"}],"wp:featuredmedia":[{"embeddable":true,"href":"https:\/\/www.isdin.com\/es\/blog\/wp-json\/wp\/v2\/media\/12244"}],"wp:attachment":[{"href":"https:\/\/www.isdin.com\/es\/blog\/wp-json\/wp\/v2\/media?parent=8762"}],"wp:term":[{"taxonomy":"category","embeddable":true,"href":"https:\/\/www.isdin.com\/es\/blog\/wp-json\/wp\/v2\/categories?post=8762"},{"taxonomy":"post_tag","embeddable":true,"href":"https:\/\/www.isdin.com\/es\/blog\/wp-json\/wp\/v2\/tags?post=8762"}],"curies":[{"name":"wp","href":"https:\/\/api.w.org\/{rel}","templated":true}]}}