{"id":8066,"date":"2026-02-24T13:17:14","date_gmt":"2026-02-24T13:17:14","guid":{"rendered":"https:\/\/www.isdin.com\/es\/blog\/?p=8066"},"modified":"2026-02-24T13:17:15","modified_gmt":"2026-02-24T13:17:15","slug":"cuperosis-que-es-y-como-tratarla","status":"publish","type":"post","link":"https:\/\/www.isdin.com\/es\/blog\/cuperosis-que-es-y-como-tratarla\/","title":{"rendered":"Todo sobre la cuperosis: descubre qu\u00e9 es y c\u00f3mo tratarla"},"content":{"rendered":"\n<p>A veces, nuestra piel nos env\u00eda se\u00f1ales de que algo no va del todo bien. Nos miramos al espejo y notamos <strong>tirantez, sensibilidad o rojeces persistentes<\/strong> que pueden desconcertarnos. <strong>\u00bfTe ha pasado alguna vez?<\/strong> Es m\u00e1s com\u00fan de lo que pensamos: se estima que cerca del <strong>50% de la poblaci\u00f3n<\/strong> experimenta alg\u00fan tipo de <strong>enrojecimiento o irritaci\u00f3n cut\u00e1nea<\/strong>\u00b9, especialmente en pieles sensibles.<\/p>\n\n\n\n<p>Una de las afecciones m\u00e1s frecuentes en este tipo de piel es la <strong>cuperosis<\/strong>, relacionada con la <strong>dilataci\u00f3n de los peque\u00f1os vasos sangu\u00edneos<\/strong>, que se manifiesta en forma de rojeces visibles y sensaci\u00f3n de ardor. Muchas personas conviven con ella sin identificarla, por lo que entender sus causas y se\u00f1ales es clave para cuidarse mejor.<\/p>\n\n\n\n<p>Para profundizar en <strong>qu\u00e9 es la cuperosis y c\u00f3mo podemos mimar la piel sensible en el d\u00eda a d\u00eda<\/strong>, hablamos con <strong>Chiyoung Kang Park, Medical Marketing Specialist<\/strong>, quien nos comparte su experiencia y percepci\u00f3n.<\/p>\n\n\n\n<h2 class=\"wp-block-heading\" id=\"h-que-es-la-cuperosis\">\u00bfQu\u00e9 es la cuperosis?<\/h2>\n\n\n\n<figure class=\"wp-block-image size-large\"><img loading=\"lazy\" decoding=\"async\" width=\"1024\" height=\"527\" src=\"data:image\/gif;base64,R0lGODlhAQABAAAAACH5BAEKAAEALAAAAAABAAEAAAICTAEAOw==\" data-src=\"https:\/\/www.isdin.com\/es\/blog\/wp-content\/uploads\/2023\/06\/2023_Blog_Cuperosis_imagen1-1024x527.png\" alt=\"imagen que refleja cuperosis en piel\" class=\"wp-image-8067 lazyload\" data-sizes=\"auto\" data-srcset=\"https:\/\/www.isdin.com\/es\/blog\/wp-content\/uploads\/2023\/06\/2023_Blog_Cuperosis_imagen1-1024x527.png 1024w, https:\/\/www.isdin.com\/es\/blog\/wp-content\/uploads\/2023\/06\/2023_Blog_Cuperosis_imagen1-300x155.png 300w, https:\/\/www.isdin.com\/es\/blog\/wp-content\/uploads\/2023\/06\/2023_Blog_Cuperosis_imagen1-150x77.png 150w, https:\/\/www.isdin.com\/es\/blog\/wp-content\/uploads\/2023\/06\/2023_Blog_Cuperosis_imagen1-768x396.png 768w, https:\/\/www.isdin.com\/es\/blog\/wp-content\/uploads\/2023\/06\/2023_Blog_Cuperosis_imagen1-585x300.png 585w, https:\/\/www.isdin.com\/es\/blog\/wp-content\/uploads\/2023\/06\/2023_Blog_Cuperosis_imagen1-450x232.png 450w, https:\/\/www.isdin.com\/es\/blog\/wp-content\/uploads\/2023\/06\/2023_Blog_Cuperosis_imagen1-20x11.png 20w, https:\/\/www.isdin.com\/es\/blog\/wp-content\/uploads\/2023\/06\/2023_Blog_Cuperosis_imagen1-225x116.png 225w, https:\/\/www.isdin.com\/es\/blog\/wp-content\/uploads\/2023\/06\/2023_Blog_Cuperosis_imagen1-900x464.png 900w, https:\/\/www.isdin.com\/es\/blog\/wp-content\/uploads\/2023\/06\/2023_Blog_Cuperosis_imagen1.png 1200w\" sizes=\"auto, (max-width: 1024px) 100vw, 1024px\" \/><\/figure>\n\n\n\n<p><\/p>\n\n\n\n<p>Seguro que te ha pasado: un d\u00eda te miras al espejo y notas <strong>rojeces que antes no estaban ah\u00ed<\/strong>. Piensas que ser\u00e1 el fr\u00edo, el calor o el estr\u00e9s\u2026 pero vuelven. Y poco a poco te preguntas qu\u00e9 est\u00e1 intentando decirte tu piel.<\/p>\n\n\n\n<p>La <strong>cuperosis<\/strong> es una <strong>afecci\u00f3n dermatol\u00f3gica bastante com\u00fan en pieles sensibles<\/strong> que aparece cuando los <strong>peque\u00f1os vasos sangu\u00edneos del rostro se dilatan<\/strong>, provocando <strong>rojeces que van y vienen<\/strong> y que, con el tiempo, pueden hacerse m\u00e1s visibles. A veces tambi\u00e9n se aprecian <strong>peque\u00f1as venitas en forma de ara\u00f1a<\/strong>, sobre todo en <strong>mejillas, nariz y ment\u00f3n<\/strong>.<\/p>\n\n\n\n<p>Sin embargo, <strong>no siempre debemos alarmarnos<\/strong>. El enrojecimiento facial puede ser <a href=\"https:\/\/www.actasdermo.org\/es-la-piel-sensible-un-sindrome-articulo-S0001731011002730\">una reacci\u00f3n normal en <strong>pieles sensibles<\/strong><\/a>, especialmente ante factores externos como los cambios bruscos de temperatura, la exposici\u00f3n prolongada a los <a href=\"https:\/\/www.isdin.com\/es\/blog\/efectos-radiacion-solar-piel\/\">rayos UV<\/a> o los desequilibrios hormonales.<\/p>\n\n\n\n<p>La diferencia est\u00e1 en la <strong>persistencia<\/strong>. Cuando las rojeces <strong>se quedan m\u00e1s tiempo del que deber\u00edan o vienen acompa\u00f1adas de ardor<\/strong>, merece la pena escucharlas. Como explica Chiyoung, gran parte del cuidado empieza por prestar atenci\u00f3n a estos peque\u00f1os cambios: \u201cMuchas personas normalizan las rojeces hasta que se vuelven inc\u00f3modas. La piel sensible necesita observaci\u00f3n y cuidados espec\u00edficos. Ante cambios persistentes, consultar con un dermat\u00f3logo permite actuar a tiempo y proteger mejor la piel\u201d.<\/p>\n\n\n\n<blockquote class=\"wp-block-quote is-layout-flow wp-block-quote-is-layout-flow\">\n<p>\u201cLa piel sensible necesita observaci\u00f3n y cuidados espec\u00edficos. Ante cambios persistentes, consultar con un dermat\u00f3logo permite actuar a tiempo y proteger mejor la piel\u201d. <\/p>\n<cite>Chiyoung Kang Park, Medical Marketing Specialist<\/cite><\/blockquote>\n\n\n\n<h1 class=\"wp-block-heading\">Causas y s\u00edntomas de la cuperosis<\/h1>\n\n\n\n<figure class=\"wp-block-image size-large\"><img loading=\"lazy\" decoding=\"async\" width=\"1024\" height=\"527\" src=\"data:image\/gif;base64,R0lGODlhAQABAAAAACH5BAEKAAEALAAAAAABAAEAAAICTAEAOw==\" data-src=\"https:\/\/www.isdin.com\/es\/blog\/wp-content\/uploads\/2025\/02\/Imagen-en-el-contenido-30-1024x527.png\" alt=\"Primer plano de mujer con piel uniforme y aspecto calmado, ejemplo de piel protegida y cuidada tras una rutina adecuada para cuperosis.\" class=\"wp-image-13290 lazyload\" data-sizes=\"auto\" data-srcset=\"https:\/\/www.isdin.com\/es\/blog\/wp-content\/uploads\/2025\/02\/Imagen-en-el-contenido-30-1024x527.png 1024w, https:\/\/www.isdin.com\/es\/blog\/wp-content\/uploads\/2025\/02\/Imagen-en-el-contenido-30-300x155.png 300w, https:\/\/www.isdin.com\/es\/blog\/wp-content\/uploads\/2025\/02\/Imagen-en-el-contenido-30-150x77.png 150w, https:\/\/www.isdin.com\/es\/blog\/wp-content\/uploads\/2025\/02\/Imagen-en-el-contenido-30-768x396.png 768w, https:\/\/www.isdin.com\/es\/blog\/wp-content\/uploads\/2025\/02\/Imagen-en-el-contenido-30-585x300.png 585w, https:\/\/www.isdin.com\/es\/blog\/wp-content\/uploads\/2025\/02\/Imagen-en-el-contenido-30-450x232.png 450w, https:\/\/www.isdin.com\/es\/blog\/wp-content\/uploads\/2025\/02\/Imagen-en-el-contenido-30-20x11.png 20w, https:\/\/www.isdin.com\/es\/blog\/wp-content\/uploads\/2025\/02\/Imagen-en-el-contenido-30-225x116.png 225w, https:\/\/www.isdin.com\/es\/blog\/wp-content\/uploads\/2025\/02\/Imagen-en-el-contenido-30-900x464.png 900w, https:\/\/www.isdin.com\/es\/blog\/wp-content\/uploads\/2025\/02\/Imagen-en-el-contenido-30.png 1200w\" sizes=\"auto, (max-width: 1024px) 100vw, 1024px\" \/><\/figure>\n\n\n\n<p><\/p>\n\n\n\n<p>Si notas una <strong>sensaci\u00f3n de ardor o calor en el rostro<\/strong> de forma recurrente, podr\u00eda ser un indicio de cuperosis. Sin embargo, el s\u00edntoma m\u00e1s caracter\u00edstico es la <a href=\"https:\/\/www.fesemi.org\/informacion-pacientes\/conozca-mejor-su-enfermedad\/telangiectasias\"><strong>telangiectasia<\/strong><\/a>, es decir, la aparici\u00f3n de <strong>peque\u00f1as ara\u00f1as vasculares<\/strong> con tonalidades rojizas debido a una <strong>alteraci\u00f3n en la microcirculaci\u00f3n sangu\u00ednea<\/strong> de los capilares.<\/p>\n\n\n\n<h3 class=\"wp-block-heading\">\u00bfQu\u00e9 factores desencadenan la cuperosis?<\/h3>\n\n\n\n<p>Como explica <strong>Chiyoung Kang Park<\/strong>, las causas pueden variar seg\u00fan la <strong>predisposici\u00f3n gen\u00e9tica y el tipo de piel<\/strong>, pero hay ciertos desencadenantes que se repiten con frecuencia en el d\u00eda a d\u00eda:<\/p>\n\n\n\n<ul class=\"wp-block-list\">\n<li><strong>Cambios bruscos de temperatura:<\/strong> la <a href=\"https:\/\/www.isdin.com\/es\/blog\/rutina-piel-sensible\/\">piel sensible<\/a> es m\u00e1s reactiva cuando pasa de ambientes fr\u00edos a c\u00e1lidos o viceversa, afectando la circulaci\u00f3n sangu\u00ednea.<\/li>\n\n\n\n<li><strong>Exposici\u00f3n prolongada a los rayos UV sin protecci\u00f3n:<\/strong> la radiaci\u00f3n solar deteriora la <a href=\"https:\/\/www.isdin.com\/es\/blog\/que-es-la-barrera-cutanea\/\">barrera cut\u00e1nea<\/a> de la piel y favorece la dilataci\u00f3n de los vasos sangu\u00edneos.<\/li>\n\n\n\n<li><strong>Factores hormonales:<\/strong> los cambios hormonales durante la menstruaci\u00f3n, el <a href=\"https:\/\/www.isdin.com\/es\/blog\/tag\/embarazo\/\">embarazo<\/a> o la menopausia tambi\u00e9n pueden influir en la aparici\u00f3n de cuperosis.<\/li>\n\n\n\n<li><strong>Consumo de alcohol y <a href=\"https:\/\/www.isdin.com\/es\/blog\/efectos-tabaco-piel-como-minimizarlos\/\">tabaco<\/a>:<\/strong> ambos afectan la <strong>microcirculaci\u00f3n sangu\u00ednea<\/strong>, debilitando los capilares y aumentando la visibilidad de las venitas.<\/li>\n\n\n\n<li><strong>Estr\u00e9s y ansiedad:<\/strong> las situaciones de <a href=\"https:\/\/www.isdin.com\/es\/blog\/como-afecta-el-estres-a-nuestra-piel\/\">estr\u00e9s<\/a> prolongado pueden aumentar la <strong>inflamaci\u00f3n de la piel<\/strong>, favoreciendo el enrojecimiento y la sensibilidad.<\/li>\n\n\n\n<li><strong>Comidas muy picantes:<\/strong> pueden estimular la microcirculaci\u00f3n facial.<\/li>\n<\/ul>\n\n\n\n<p>Chiyoung nos lo cuenta: \u2018\u2019Si la cuperosis avanza, es posible que las rojeces se vuelvan <strong>m\u00e1s intensas y persistentes<\/strong>, lo que puede generar molestias como <strong>sensaci\u00f3n de ardor o tirantez\u2019\u2019<\/strong>. Para ella, es fundamental identificar estos signos a tiempo y adoptar una <strong><a href=\"https:\/\/www.isdin.com\/es\/blog\/habitos-que-envejecen-la-piel\/\">rutina de cuidado de la piel adecuada<\/a><\/strong>.ar molestias como <strong>sensaci\u00f3n de ardor o tirantez\u2019\u2019<\/strong>. Para \u00e9l, es fundamental identificar estos signos a tiempo y adoptar una rutina de <strong>cuidado de la piel adecuada<\/strong>.<\/p>\n\n\n\n<h2 class=\"wp-block-heading\" id=\"h-diferencias-entre-cuperosis-y-rosacea-son-lo-mismo\">Diferencias entre cuperosis y ros\u00e1cea: \u00bfson lo mismo?<\/h2>\n\n\n\n<figure class=\"wp-block-image size-full\"><img loading=\"lazy\" decoding=\"async\" width=\"768\" height=\"396\" src=\"data:image\/gif;base64,R0lGODlhAQABAAAAACH5BAEKAAEALAAAAAABAAEAAAICTAEAOw==\" data-src=\"https:\/\/www.isdin.com\/es\/blog\/wp-content\/uploads\/2025\/02\/image-3.png\" alt=\"diferentes tonos de piel\" class=\"wp-image-13291 lazyload\" data-sizes=\"auto\" data-srcset=\"https:\/\/www.isdin.com\/es\/blog\/wp-content\/uploads\/2025\/02\/image-3.png 768w, https:\/\/www.isdin.com\/es\/blog\/wp-content\/uploads\/2025\/02\/image-3-300x155.png 300w, https:\/\/www.isdin.com\/es\/blog\/wp-content\/uploads\/2025\/02\/image-3-150x77.png 150w, https:\/\/www.isdin.com\/es\/blog\/wp-content\/uploads\/2025\/02\/image-3-450x232.png 450w, https:\/\/www.isdin.com\/es\/blog\/wp-content\/uploads\/2025\/02\/image-3-20x11.png 20w, https:\/\/www.isdin.com\/es\/blog\/wp-content\/uploads\/2025\/02\/image-3-225x116.png 225w\" sizes=\"auto, (max-width: 768px) 100vw, 768px\" \/><\/figure>\n\n\n\n<p><\/p>\n\n\n\n<p>Si alguna vez has buscado informaci\u00f3n sobre <strong>rojeces faciales<\/strong>, seguro que te has cruzado con dos palabras que parecen primas hermanas: <strong>cuperosis y ros\u00e1cea<\/strong>. Se mencionan juntas constantemente y, a simple vista, pueden parecer lo mismo. Pero aunque comparten escenario \u2014una piel que se enrojece con facilidad\u2014, <strong>juegan en ligas distintas<\/strong>.<\/p>\n\n\n\n<p>Seg\u00fan Chiyoung, esta confusi\u00f3n es muy com\u00fan: \u2018\u2019Muchas personas se preocupan porque han notado rojeces en su piel y piensan que tienen ros\u00e1cea. Pero no siempre es as\u00ed. La cuperosis es una condici\u00f3n vascular que, si se maneja correctamente, no evoluciona a una patolog\u00eda cr\u00f3nica como la ros\u00e1cea\u201d.<\/p>\n\n\n\n<p><strong>La principal diferencia radica en su evoluci\u00f3n y gravedad.<\/strong> Mientras que la <strong>cuperosis<\/strong> es una <strong>afecci\u00f3n vascular<\/strong> causada por la dilataci\u00f3n de los vasos sangu\u00edneos, <strong><a href=\"https:\/\/pubmed.ncbi.nlm.nih.gov\/35104917\/\">la ros\u00e1cea es una afecci\u00f3n inflamatoria cr\u00f3nica<\/a><\/strong> que puede involucrar brotes, sensaci\u00f3n de ardor intensa e incluso afectar los ojos en algunas personas.<\/p>\n\n\n\n<p>Sin embargo, no tratar la cuperosis adecuadamente <strong>puede aumentar el riesgo de desarrollar ros\u00e1cea<\/strong> con el tiempo. Como explica nuestra experta: \u201cEl factor clave es la prevenci\u00f3n y el cuidado de la piel. La cuperosis nos da se\u00f1ales tempranas de que la piel necesita protecci\u00f3n. Si aprendemos a manejarla con los productos y <a href=\"https:\/\/www.isdin.com\/es\/blog\/de-meta-a-habito-la-clave-para-el-exito\/\">h\u00e1bitos<\/a> adecuados, podemos evitar que evolucione a una afecci\u00f3n m\u00e1s compleja\u201d.<\/p>\n\n\n\n<blockquote class=\"wp-block-quote is-layout-flow wp-block-quote-is-layout-flow\">\n<p>\u201cEl factor clave es la prevenci\u00f3n y el cuidado de la piel. La cuperosis nos da se\u00f1ales tempranas de que la piel necesita protecci\u00f3n. Si aprendemos a manejarla con los productos y h\u00e1bitos adecuados, podemos evitar que evolucione a una afecci\u00f3n m\u00e1s compleja\u201d. <\/p>\n<cite>Chiyoung Kang Park, Medical Marketing Specialist<\/cite><\/blockquote>\n\n\n\n<p class=\"has-background\" style=\"background-color:#d6425224\">Recuerda, <strong>consultar a un dermat\u00f3logo<\/strong> es el primer paso para obtener un diagn\u00f3stico preciso y un tratamiento personalizado que se adapte a las necesidades de tu piel.<\/p>\n\n\n\n<p><\/p>\n\n\n\n<h2 class=\"wp-block-heading\" id=\"h-consejos-para-cuidar-la-piel-con-cuperosis\">Consejos para cuidar la piel con cuperosis<\/h2>\n\n\n\n<p>\u2019\u2019El mejor tratamiento para la cuperosis comienza con la prevenci\u00f3n\u2019\u2019, declara Chiyoung. Detectarla a tiempo y seguir una rutina de cuidado espec\u00edfica ayuda a <strong>fortalecer la barrera cut\u00e1nea<\/strong> y minimizar la sensaci\u00f3n de ardor. Para ello, te proponemos 3 pasos esenciales que no pueden faltar en tu rutina.<\/p>\n\n\n\n<h3 class=\"wp-block-heading\" id=\"h-1-escoge-un-limpiador-suave\">1. Escoge un limpiador suave<\/h3>\n\n\n\n<div class=\"wp-block-media-text is-stacked-on-mobile\"><figure class=\"wp-block-media-text__media\"><img loading=\"lazy\" decoding=\"async\" width=\"673\" height=\"984\" src=\"data:image\/gif;base64,R0lGODlhAQABAAAAACH5BAEKAAEALAAAAAABAAEAAAICTAEAOw==\" data-src=\"https:\/\/www.isdin.com\/es\/blog\/wp-content\/uploads\/2025\/02\/Imagen-en-el-contenido-31.png\" alt=\"ISDIN Isdinceutics Essential Purifier, limpiador facial en espuma con extracto de oliva, recomendado para piel sensible con rojeces.\" class=\"wp-image-13288 size-full lazyload\" data-sizes=\"auto\" data-srcset=\"https:\/\/www.isdin.com\/es\/blog\/wp-content\/uploads\/2025\/02\/Imagen-en-el-contenido-31.png 673w, https:\/\/www.isdin.com\/es\/blog\/wp-content\/uploads\/2025\/02\/Imagen-en-el-contenido-31-205x300.png 205w, https:\/\/www.isdin.com\/es\/blog\/wp-content\/uploads\/2025\/02\/Imagen-en-el-contenido-31-103x150.png 103w, https:\/\/www.isdin.com\/es\/blog\/wp-content\/uploads\/2025\/02\/Imagen-en-el-contenido-31-450x658.png 450w, https:\/\/www.isdin.com\/es\/blog\/wp-content\/uploads\/2025\/02\/Imagen-en-el-contenido-31-225x329.png 225w, https:\/\/www.isdin.com\/es\/blog\/wp-content\/uploads\/2025\/02\/Imagen-en-el-contenido-31-20x29.png 20w\" sizes=\"auto, (max-width: 673px) 100vw, 673px\" \/><\/figure><div class=\"wp-block-media-text__content\">\n<p>La clave para una piel equilibrada <a href=\"https:\/\/www.isdin.com\/es\/blog\/guia-esencial-de-limpiadores-faciales\/\">comienza con la limpieza<\/a>. Si tienes piel sensible y propensa a rojeces, necesitas <strong>un limpiador suave que respete el pH natural y proteja la barrera cut\u00e1nea<\/strong>.<\/p>\n\n\n\n<p>Opta por f\u00f3rmulas purificantes, como <a href=\"https:\/\/www.isdin.com\/es\/p\/essential-purifier\/4684\">Essential Purifier<\/a>, con un <strong>86% de ingredientes naturales<\/strong>, permite <strong>eliminar eficazmente impurezas como sebo, sudor o poluci\u00f3n<\/strong> sin resecar la piel. Un gesto tan simple como elegir el limpiador adecuado puede marcar la diferencia en c\u00f3mo se siente y reacciona tu piel cada d\u00eda.<\/p>\n<\/div><\/div>\n\n\n\n<h3 class=\"wp-block-heading\" id=\"h-2-nutre-y-protege-con-ingredientes-calmantes\">2. Nutre y protege con ingredientes calmantes<\/h3>\n\n\n\n<div class=\"wp-block-media-text has-media-on-the-right is-stacked-on-mobile\"><div class=\"wp-block-media-text__content\">\n<p>Otro de los h\u00e1bitos clave es elegir ingredientes que calmen y fortalezcan la piel desde dentro. F\u00f3rmulas con activos como <a href=\"https:\/\/www.isdin.com\/es\/blog\/que-es-la-niacinamida-beneficios-usos-en-tu-rutina\/\">niacinamida<\/a>, Pro-Vitamina B5 y \u00e1cido hialur\u00f3nico ayudan a <strong>reducir la sensaci\u00f3n de ardor y tirantez<\/strong>, mientras refuerzan la barrera cut\u00e1nea para una piel m\u00e1s resistente.<\/p>\n\n\n\n<p>Con un <strong>80% de ingredientes de origen natural<\/strong>, <a href=\"https:\/\/www.isdin.com\/es\/p\/hyaluronic-moisture-sensitive\/4054\">Hyaluronic Moisture Sensitive<\/a> es una opci\u00f3n ideal para hidratar y calmar las irritaciones.<\/p>\n<\/div><figure class=\"wp-block-media-text__media\"><img loading=\"lazy\" decoding=\"async\" width=\"672\" height=\"984\" src=\"data:image\/gif;base64,R0lGODlhAQABAAAAACH5BAEKAAEALAAAAAABAAEAAAICTAEAOw==\" data-src=\"https:\/\/www.isdin.com\/es\/blog\/wp-content\/uploads\/2025\/02\/SH-2204_Hyaluronic_Moisture_Sensitive_skin_JPEG_9_16_007-1.png\" alt=\"Tarros de ISDIN Isdinceutics Hyaluronic Moisture Sensitive abiertos mostrando textura cremosa, crema hidratante para piel sensible con tendencia a cuperosis.\" class=\"wp-image-13287 size-full lazyload\" data-sizes=\"auto\" data-srcset=\"https:\/\/www.isdin.com\/es\/blog\/wp-content\/uploads\/2025\/02\/SH-2204_Hyaluronic_Moisture_Sensitive_skin_JPEG_9_16_007-1.png 672w, https:\/\/www.isdin.com\/es\/blog\/wp-content\/uploads\/2025\/02\/SH-2204_Hyaluronic_Moisture_Sensitive_skin_JPEG_9_16_007-1-205x300.png 205w, https:\/\/www.isdin.com\/es\/blog\/wp-content\/uploads\/2025\/02\/SH-2204_Hyaluronic_Moisture_Sensitive_skin_JPEG_9_16_007-1-102x150.png 102w, https:\/\/www.isdin.com\/es\/blog\/wp-content\/uploads\/2025\/02\/SH-2204_Hyaluronic_Moisture_Sensitive_skin_JPEG_9_16_007-1-450x659.png 450w, https:\/\/www.isdin.com\/es\/blog\/wp-content\/uploads\/2025\/02\/SH-2204_Hyaluronic_Moisture_Sensitive_skin_JPEG_9_16_007-1-225x329.png 225w, https:\/\/www.isdin.com\/es\/blog\/wp-content\/uploads\/2025\/02\/SH-2204_Hyaluronic_Moisture_Sensitive_skin_JPEG_9_16_007-1-20x29.png 20w\" sizes=\"auto, (max-width: 672px) 100vw, 672px\" \/><\/figure><\/div>\n\n\n\n<h3 class=\"wp-block-heading\" id=\"h-3-protege-tu-piel-todos-los-dias\">3. Protege tu piel todos los d\u00edas<\/h3>\n\n\n\n<div class=\"wp-block-media-text is-stacked-on-mobile\"><figure class=\"wp-block-media-text__media\"><img loading=\"lazy\" decoding=\"async\" width=\"673\" height=\"984\" src=\"data:image\/gif;base64,R0lGODlhAQABAAAAACH5BAEKAAEALAAAAAABAAEAAAICTAEAOw==\" data-src=\"https:\/\/www.isdin.com\/es\/blog\/wp-content\/uploads\/2025\/02\/Imagen-en-el-contenido-32.png\" alt=\"Envase de ISDIN Fotoultra Redness SPF 50 sobre fondo rosa, fotoprotector facial indicado para piel sensible con tendencia a rojeces y cuperosis.\" class=\"wp-image-13286 size-full lazyload\" data-sizes=\"auto\" data-srcset=\"https:\/\/www.isdin.com\/es\/blog\/wp-content\/uploads\/2025\/02\/Imagen-en-el-contenido-32.png 673w, https:\/\/www.isdin.com\/es\/blog\/wp-content\/uploads\/2025\/02\/Imagen-en-el-contenido-32-205x300.png 205w, https:\/\/www.isdin.com\/es\/blog\/wp-content\/uploads\/2025\/02\/Imagen-en-el-contenido-32-103x150.png 103w, https:\/\/www.isdin.com\/es\/blog\/wp-content\/uploads\/2025\/02\/Imagen-en-el-contenido-32-450x658.png 450w, https:\/\/www.isdin.com\/es\/blog\/wp-content\/uploads\/2025\/02\/Imagen-en-el-contenido-32-225x329.png 225w, https:\/\/www.isdin.com\/es\/blog\/wp-content\/uploads\/2025\/02\/Imagen-en-el-contenido-32-20x29.png 20w\" sizes=\"auto, (max-width: 673px) 100vw, 673px\" \/><\/figure><div class=\"wp-block-media-text__content\">\n<p>Sabemos que <a href=\"https:\/\/www.isdin.com\/es\/blog\/fotoprotectores-solares-para-la-cara-isdin\/\"><strong>el protector solar es esencial<\/strong><\/a> durante todo el a\u00f1o, pero cuando se trata de piel sensibles o con tendencia a las rojeces, su uso se vuelve a\u00fan m\u00e1s crucial. La <a href=\"https:\/\/climate-adapt.eea.europa.eu\/es\/observatory\/evidence\/health-effects\/uv-radiation\">radiaci\u00f3n UV<\/a> favorece la dilataci\u00f3n de los vasos sangu\u00edneos debilitando su elasticidad.<\/p>\n\n\n\n<p>Por eso, elegir un <strong>fotoprotector espec\u00edfico para pieles sensibles<\/strong> es clave. <a href=\"https:\/\/www.isdin.com\/es\/p\/redness-spf-50\/4186\">Fotoultra Redness<\/a> ofrece una alta protecci\u00f3n contra los rayos UVB\/UVA y la luz visible, ayudando a prevenir el da\u00f1o solar, calmar la irritaci\u00f3n y reducir visiblemente las rojeces en solo 14 d\u00edas\u00b2.<\/p>\n<\/div><\/div>\n\n\n\n<p>Como Chiyoung quiere recalcar antes de despedirse: \u201cMuchas personas creen que el enrojecimiento en su piel es algo inevitable o simplemente parte de su <a href=\"https:\/\/www.isdin.com\/es\/blog\/como-cuidar-piel-rostro\/\">tipo de piel<\/a>. Pero la verdad es que, con una rutina adecuada y protecci\u00f3n constante, podemos mejorar significativamente su estado\u2019\u2019.<\/p>\n\n\n\n<h2 class=\"wp-block-heading\">Escucha tu piel: el primer paso para cuidarla<\/h2>\n\n\n\n<figure class=\"wp-block-image size-large\"><img loading=\"lazy\" decoding=\"async\" width=\"1024\" height=\"527\" src=\"data:image\/gif;base64,R0lGODlhAQABAAAAACH5BAEKAAEALAAAAAABAAEAAAICTAEAOw==\" data-src=\"https:\/\/www.isdin.com\/es\/blog\/wp-content\/uploads\/2025\/02\/Imagen-en-el-contenido-33-1024x527.png\" alt=\"Mujer joven con piel sensible y pecas, ojos cerrados y gesto relajado, apoyando el rostro sobre un jersey de punto beige, imagen que representa el cuidado calmante de la piel con tendencia a rojeces.\" class=\"wp-image-13285 lazyload\" data-sizes=\"auto\" data-srcset=\"https:\/\/www.isdin.com\/es\/blog\/wp-content\/uploads\/2025\/02\/Imagen-en-el-contenido-33-1024x527.png 1024w, https:\/\/www.isdin.com\/es\/blog\/wp-content\/uploads\/2025\/02\/Imagen-en-el-contenido-33-300x155.png 300w, https:\/\/www.isdin.com\/es\/blog\/wp-content\/uploads\/2025\/02\/Imagen-en-el-contenido-33-150x77.png 150w, https:\/\/www.isdin.com\/es\/blog\/wp-content\/uploads\/2025\/02\/Imagen-en-el-contenido-33-768x396.png 768w, https:\/\/www.isdin.com\/es\/blog\/wp-content\/uploads\/2025\/02\/Imagen-en-el-contenido-33-585x300.png 585w, https:\/\/www.isdin.com\/es\/blog\/wp-content\/uploads\/2025\/02\/Imagen-en-el-contenido-33-450x232.png 450w, https:\/\/www.isdin.com\/es\/blog\/wp-content\/uploads\/2025\/02\/Imagen-en-el-contenido-33-20x11.png 20w, https:\/\/www.isdin.com\/es\/blog\/wp-content\/uploads\/2025\/02\/Imagen-en-el-contenido-33-225x116.png 225w, https:\/\/www.isdin.com\/es\/blog\/wp-content\/uploads\/2025\/02\/Imagen-en-el-contenido-33-900x464.png 900w, https:\/\/www.isdin.com\/es\/blog\/wp-content\/uploads\/2025\/02\/Imagen-en-el-contenido-33.png 1200w\" sizes=\"auto, (max-width: 1024px) 100vw, 1024px\" \/><\/figure>\n\n\n\n<p><\/p>\n\n\n\n<p><a href=\"https:\/\/www.isdin.com\/es\/blog\/descubre-la-nueva-app-de-isdin\/\">Nuestra piel nos habla<\/a> todos los d\u00edas. A veces con un ligero enrojecimiento, otras con un <em>glow<\/em> natural, y en ocasiones con una sensaci\u00f3n de ardor o tirantez. La clave est\u00e1 en <strong>escucharla, entender sus necesidades y actuar a tiempo<\/strong>. La cuperosis no tiene por qu\u00e9 definir tu piel, y con los cuidados adecuados, es posible mantenerla sana, protegida y equilibrada.<\/p>\n\n\n\n<p><strong>La ciencia nos ense\u00f1a que prevenir es proteger, y proteger es amar.<\/strong> Escucha tu piel, prot\u00e9gela y dale lo mejor, porque cuando est\u00e1 en equilibrio, t\u00fa te sientes bien, con m\u00e1s confianza y comodidad en tu propia piel.<\/p>\n\n\n\n<p style=\"font-size:9px\"><strong>Referencias<\/strong><\/p>\n\n\n\n<ul class=\"wp-block-list\">\n<li style=\"font-size:8px\">\u00b9Escalas J et al. La Piel sensible. M\u00e1s Dermatol. 2011;13:4-13. (acceso web <a href=\"https:\/\/www.masdermatologia.com\/revista-mas-dermatologia.php?r=13\">https:\/\/www.masdermatologia.com\/revista-mas-dermatologia.php?r=13<\/a>)<\/li>\n\n\n\n<li style=\"font-size:8px\"><em>\u00b2<\/em> Evaluation of the efficacy of Fotoultra Redness SPF 50 in 30 subjects (20-70 years) for 28 days under normal conditions of use. Data on file, 2022.<\/li>\n\n\n\n<li style=\"font-size:8px\">Lemmel, J. Rojeces y cuperosis: consejo farmac\u00e9utico.&nbsp;<em>Elsevier<\/em>&nbsp;[en l\u00ednea]. Consultado en mayo de 2023: <a href=\"https:\/\/www.elsevier.es\/es-revista-offarm-4-pdf-X0212047X09453522\">https:\/\/www.elsevier.es\/es-revista-offarm-4-pdf-X0212047X09453522<\/a><\/li>\n\n\n\n<li style=\"font-size:8px\">Morgado-Carrasco D, Granger C, Trullas C, Piquero-Casals J. Impact of ultraviolet radiation and exposome on rosacea: Key role of photoprotection in optimizing treatment. J Cosmet Dermatol. 2021 Nov;20(11):3415-3421. doi: 10.1111\/jocd.14020. Epub 2021 Mar 4. PMID: 33626227; PMCID: PMC8596706.<\/li>\n<\/ul>\n\n\n\n<p><\/p>\n","protected":false},"excerpt":{"rendered":"<p>Para profundizar en qu\u00e9 es la cuperosis y c\u00f3mo podemos mimar la piel sensible en el d\u00eda a d\u00eda, hablamos con Chiyoung Kang Park, Medical Marketing Specialist, quien nos comparte su experiencia y percepci\u00f3n.<\/p>\n","protected":false},"author":69,"featured_media":13289,"comment_status":"closed","ping_status":"closed","sticky":false,"template":"","format":"image","meta":{"footnotes":""},"categories":[106,1,109,65],"tags":[123,534,535],"class_list":["post-8066","post","type-post","status-publish","format-image","has-post-thumbnail","hentry","category-afecciones-piel","category-consejos-cuidados","category-dermatologia","category-expertos","tag-cuidado-piel","tag-cuperosis","tag-redness","post_format-post-format-image"],"yoast_head":"<!-- This site is optimized with the Yoast SEO Premium plugin v25.4 (Yoast SEO v25.4) - https:\/\/yoast.com\/wordpress\/plugins\/seo\/ -->\n<title>Todo sobre la cuperosis: descubre qu\u00e9 es y c\u00f3mo tratarla - ISDIN<\/title>\n<meta name=\"description\" content=\"Si tienes la piel sensible y alguna vez has notado enrojecimiento o picaz\u00f3n, te interesa conocer qu\u00e9 es la cuperosis y c\u00f3mo aliviar sus s\u00edntomas.\" \/>\n<meta name=\"robots\" content=\"index, follow, max-snippet:-1, max-image-preview:large, max-video-preview:-1\" \/>\n<link rel=\"canonical\" href=\"https:\/\/www.isdin.com\/es\/blog\/cuperosis-que-es-y-como-tratarla\/\" \/>\n<meta property=\"og:locale\" content=\"es_ES\" \/>\n<meta property=\"og:type\" content=\"article\" \/>\n<meta property=\"og:title\" content=\"Todo sobre la cuperosis: descubre qu\u00e9 es y c\u00f3mo tratarla\" \/>\n<meta property=\"og:description\" content=\"Si tienes la piel sensible y alguna vez has notado enrojecimiento o picaz\u00f3n, te interesa conocer qu\u00e9 es la cuperosis y c\u00f3mo aliviar sus s\u00edntomas.\" \/>\n<meta property=\"og:url\" content=\"https:\/\/www.isdin.com\/es\/blog\/cuperosis-que-es-y-como-tratarla\/\" \/>\n<meta property=\"og:site_name\" content=\"ISDIN\" \/>\n<meta property=\"article:publisher\" content=\"https:\/\/es-es.facebook.com\/ISDIN.official\/\" \/>\n<meta property=\"article:published_time\" content=\"2026-02-24T13:17:14+00:00\" \/>\n<meta property=\"article:modified_time\" content=\"2026-02-24T13:17:15+00:00\" \/>\n<meta property=\"og:image\" content=\"https:\/\/www.isdin.com\/es\/blog\/wp-content\/uploads\/2023\/06\/2023_Blog_Cuperosis_Facebook-.png\" \/>\n\t<meta property=\"og:image:width\" content=\"1200\" \/>\n\t<meta property=\"og:image:height\" content=\"630\" \/>\n\t<meta property=\"og:image:type\" content=\"image\/png\" \/>\n<meta name=\"author\" content=\"Belinda Mart\u00ednez&nbsp;y&nbsp;Chiyoung Kang Park\" \/>\n<meta name=\"twitter:card\" content=\"summary_large_image\" \/>\n<meta name=\"twitter:creator\" content=\"@isdin_official\" \/>\n<meta name=\"twitter:site\" content=\"@isdin_official\" \/>\n<meta name=\"twitter:label1\" content=\"Written by\" \/>\n\t<meta name=\"twitter:data1\" content=\"Belinda Mart\u00ednez&nbsp;y&nbsp;Chiyoung Kang Park\" \/>\n\t<meta name=\"twitter:label2\" content=\"Est. reading time\" \/>\n\t<meta name=\"twitter:data2\" content=\"9 minutes\" \/>\n<script type=\"application\/ld+json\" class=\"yoast-schema-graph\">{\"@context\":\"https:\/\/schema.org\",\"@graph\":[{\"@type\":\"Article\",\"@id\":\"https:\/\/www.isdin.com\/es\/blog\/cuperosis-que-es-y-como-tratarla\/#article\",\"isPartOf\":{\"@id\":\"https:\/\/www.isdin.com\/es\/blog\/cuperosis-que-es-y-como-tratarla\/\"},\"author\":{\"name\":\"Belinda Mart\u00ednez&nbsp;y&nbsp;Chiyoung Kang Park\",\"@id\":\"https:\/\/www.isdin.com\/es\/blog\/#\/schema\/person\/684015d7d9e78124cb4aa660f6fe8576\"},\"headline\":\"Todo sobre la cuperosis: descubre qu\u00e9 es y c\u00f3mo tratarla\",\"datePublished\":\"2026-02-24T13:17:14+00:00\",\"dateModified\":\"2026-02-24T13:17:15+00:00\",\"mainEntityOfPage\":{\"@id\":\"https:\/\/www.isdin.com\/es\/blog\/cuperosis-que-es-y-como-tratarla\/\"},\"wordCount\":1698,\"publisher\":{\"@id\":\"https:\/\/www.isdin.com\/es\/blog\/#organization\"},\"image\":{\"@id\":\"https:\/\/www.isdin.com\/es\/blog\/cuperosis-que-es-y-como-tratarla\/#primaryimage\"},\"thumbnailUrl\":\"https:\/\/www.isdin.com\/es\/blog\/wp-content\/uploads\/2025\/02\/Header-9.png\",\"keywords\":[\"cuidado piel\",\"cuperosis\",\"redness\"],\"articleSection\":[\"Afecciones de la piel\",\"Consejos y cuidados\",\"Dermatolog\u00eda\",\"Expertos\"],\"inLanguage\":\"es-ES\"},{\"@type\":\"WebPage\",\"@id\":\"https:\/\/www.isdin.com\/es\/blog\/cuperosis-que-es-y-como-tratarla\/\",\"url\":\"https:\/\/www.isdin.com\/es\/blog\/cuperosis-que-es-y-como-tratarla\/\",\"name\":\"Todo sobre la cuperosis: descubre qu\u00e9 es y c\u00f3mo tratarla - ISDIN\",\"isPartOf\":{\"@id\":\"https:\/\/www.isdin.com\/es\/blog\/#website\"},\"primaryImageOfPage\":{\"@id\":\"https:\/\/www.isdin.com\/es\/blog\/cuperosis-que-es-y-como-tratarla\/#primaryimage\"},\"image\":{\"@id\":\"https:\/\/www.isdin.com\/es\/blog\/cuperosis-que-es-y-como-tratarla\/#primaryimage\"},\"thumbnailUrl\":\"https:\/\/www.isdin.com\/es\/blog\/wp-content\/uploads\/2025\/02\/Header-9.png\",\"datePublished\":\"2026-02-24T13:17:14+00:00\",\"dateModified\":\"2026-02-24T13:17:15+00:00\",\"description\":\"Si tienes la piel sensible y alguna vez has notado enrojecimiento o picaz\u00f3n, te interesa conocer qu\u00e9 es la cuperosis y c\u00f3mo aliviar sus s\u00edntomas.\",\"breadcrumb\":{\"@id\":\"https:\/\/www.isdin.com\/es\/blog\/cuperosis-que-es-y-como-tratarla\/#breadcrumb\"},\"inLanguage\":\"es-ES\",\"potentialAction\":[{\"@type\":\"ReadAction\",\"target\":[\"https:\/\/www.isdin.com\/es\/blog\/cuperosis-que-es-y-como-tratarla\/\"]}]},{\"@type\":\"ImageObject\",\"inLanguage\":\"es-ES\",\"@id\":\"https:\/\/www.isdin.com\/es\/blog\/cuperosis-que-es-y-como-tratarla\/#primaryimage\",\"url\":\"https:\/\/www.isdin.com\/es\/blog\/wp-content\/uploads\/2025\/02\/Header-9.png\",\"contentUrl\":\"https:\/\/www.isdin.com\/es\/blog\/wp-content\/uploads\/2025\/02\/Header-9.png\",\"width\":1200,\"height\":760,\"caption\":\"Mujer joven sosteniendo ISDIN Fotoultra Redness SPF 50, protector solar facial para piel sensible con rojeces, sobre fondo en tonos suaves.\"},{\"@type\":\"BreadcrumbList\",\"@id\":\"https:\/\/www.isdin.com\/es\/blog\/cuperosis-que-es-y-como-tratarla\/#breadcrumb\",\"itemListElement\":[{\"@type\":\"ListItem\",\"position\":1,\"name\":\"Portada\",\"item\":\"https:\/\/www.isdin.com\/es\/blog\/\"},{\"@type\":\"ListItem\",\"position\":2,\"name\":\"Todo sobre la cuperosis: descubre qu\u00e9 es y c\u00f3mo tratarla\"}]},{\"@type\":\"WebSite\",\"@id\":\"https:\/\/www.isdin.com\/es\/blog\/#website\",\"url\":\"https:\/\/www.isdin.com\/es\/blog\/\",\"name\":\"ISDIN\",\"description\":\"Novedades, lanzamientos de productos y toda la experiencia de ISDIN\",\"publisher\":{\"@id\":\"https:\/\/www.isdin.com\/es\/blog\/#organization\"},\"potentialAction\":[{\"@type\":\"SearchAction\",\"target\":{\"@type\":\"EntryPoint\",\"urlTemplate\":\"https:\/\/www.isdin.com\/es\/blog\/?s={search_term_string}\"},\"query-input\":{\"@type\":\"PropertyValueSpecification\",\"valueRequired\":true,\"valueName\":\"search_term_string\"}}],\"inLanguage\":\"es-ES\"},{\"@type\":\"Organization\",\"@id\":\"https:\/\/www.isdin.com\/es\/blog\/#organization\",\"name\":\"ISDIN\",\"alternateName\":\"ISDIN\",\"url\":\"https:\/\/www.isdin.com\/es\/blog\/\",\"logo\":{\"@type\":\"ImageObject\",\"inLanguage\":\"es-ES\",\"@id\":\"https:\/\/www.isdin.com\/es\/blog\/#\/schema\/logo\/image\/\",\"url\":\"https:\/\/www.isdin.com\/es\/blog\/wp-content\/uploads\/2024\/05\/2025_03_GuiaFoto_FWM.png\",\"contentUrl\":\"https:\/\/www.isdin.com\/es\/blog\/wp-content\/uploads\/2024\/05\/2025_03_GuiaFoto_FWM.png\",\"width\":670,\"height\":683,\"caption\":\"ISDIN\"},\"image\":{\"@id\":\"https:\/\/www.isdin.com\/es\/blog\/#\/schema\/logo\/image\/\"},\"sameAs\":[\"https:\/\/es-es.facebook.com\/ISDIN.official\/\",\"https:\/\/x.com\/isdin_official\",\"https:\/\/www.instagram.com\/isdinofficial\",\"https:\/\/www.youtube.com\/channel\/UCtoNJMKpDwdFLqgV23_lcqg\"],\"telephone\":\"659997812\"},[{\"@type\":[\"Person\"],\"@id\":\"https:\/\/www.isdin.com\/es\/blog\/#\/schema\/person\/684015d7d9e78124cb4aa660f6fe8576\",\"name\":\"Belinda Mart\u00ednez\",\"image\":{\"@type\":\"ImageObject\",\"@id\":\"https:\/\/www.isdin.com\/es\/blog\/#\/schema\/person\/image\/\",\"inLanguage\":\"es_ES\",\"url\":\"https:\/\/www.isdin.com\/es\/blog\/wp-content\/uploads\/2017\/07\/jjjj.jpg\",\"caption\":\"Belinda Mart\u00ednez\"}},{\"@type\":[\"Person\"],\"@id\":\"https:\/\/www.isdin.com\/es\/blog\/#\/schema\/person\/684015d7d9e78124cb4aa660f6fe8576\",\"name\":\"Chiyoung Kang Park\",\"image\":{\"@type\":\"ImageObject\",\"@id\":\"https:\/\/www.isdin.com\/es\/blog\/#\/schema\/person\/image\/\",\"inLanguage\":\"es_ES\",\"url\":\"https:\/\/www.isdin.com\/es\/blog\/wp-content\/uploads\/2025\/03\/chiyoung-150x150.png\",\"caption\":\"Chiyoung Kang Park\"}}]]}<\/script>\n<!-- \/ Yoast SEO Premium plugin. -->","yoast_head_json":{"title":"Todo sobre la cuperosis: descubre qu\u00e9 es y c\u00f3mo tratarla - ISDIN","description":"Si tienes la piel sensible y alguna vez has notado enrojecimiento o picaz\u00f3n, te interesa conocer qu\u00e9 es la cuperosis y c\u00f3mo aliviar sus s\u00edntomas.","robots":{"index":"index","follow":"follow","max-snippet":"max-snippet:-1","max-image-preview":"max-image-preview:large","max-video-preview":"max-video-preview:-1"},"canonical":"https:\/\/www.isdin.com\/es\/blog\/cuperosis-que-es-y-como-tratarla\/","og_locale":"es_ES","og_type":"article","og_title":"Todo sobre la cuperosis: descubre qu\u00e9 es y c\u00f3mo tratarla","og_description":"Si tienes la piel sensible y alguna vez has notado enrojecimiento o picaz\u00f3n, te interesa conocer qu\u00e9 es la cuperosis y c\u00f3mo aliviar sus s\u00edntomas.","og_url":"https:\/\/www.isdin.com\/es\/blog\/cuperosis-que-es-y-como-tratarla\/","og_site_name":"ISDIN","article_publisher":"https:\/\/es-es.facebook.com\/ISDIN.official\/","article_published_time":"2026-02-24T13:17:14+00:00","article_modified_time":"2026-02-24T13:17:15+00:00","og_image":[{"width":1200,"height":630,"url":"https:\/\/www.isdin.com\/es\/blog\/wp-content\/uploads\/2023\/06\/2023_Blog_Cuperosis_Facebook-.png","type":"image\/png"}],"author":"Belinda Mart\u00ednez&nbsp;y&nbsp;Chiyoung Kang Park","twitter_card":"summary_large_image","twitter_creator":"@isdin_official","twitter_site":"@isdin_official","twitter_misc":{"Written by":"Belinda Mart\u00ednez&nbsp;y&nbsp;Chiyoung Kang Park","Est. reading time":"9 minutes"},"schema":{"@context":"https:\/\/schema.org","@graph":[{"@type":"Article","@id":"https:\/\/www.isdin.com\/es\/blog\/cuperosis-que-es-y-como-tratarla\/#article","isPartOf":{"@id":"https:\/\/www.isdin.com\/es\/blog\/cuperosis-que-es-y-como-tratarla\/"},"author":{"name":"Belinda Mart\u00ednez&nbsp;y&nbsp;Chiyoung Kang Park","@id":"https:\/\/www.isdin.com\/es\/blog\/#\/schema\/person\/684015d7d9e78124cb4aa660f6fe8576"},"headline":"Todo sobre la cuperosis: descubre qu\u00e9 es y c\u00f3mo tratarla","datePublished":"2026-02-24T13:17:14+00:00","dateModified":"2026-02-24T13:17:15+00:00","mainEntityOfPage":{"@id":"https:\/\/www.isdin.com\/es\/blog\/cuperosis-que-es-y-como-tratarla\/"},"wordCount":1698,"publisher":{"@id":"https:\/\/www.isdin.com\/es\/blog\/#organization"},"image":{"@id":"https:\/\/www.isdin.com\/es\/blog\/cuperosis-que-es-y-como-tratarla\/#primaryimage"},"thumbnailUrl":"https:\/\/www.isdin.com\/es\/blog\/wp-content\/uploads\/2025\/02\/Header-9.png","keywords":["cuidado piel","cuperosis","redness"],"articleSection":["Afecciones de la piel","Consejos y cuidados","Dermatolog\u00eda","Expertos"],"inLanguage":"es-ES"},{"@type":"WebPage","@id":"https:\/\/www.isdin.com\/es\/blog\/cuperosis-que-es-y-como-tratarla\/","url":"https:\/\/www.isdin.com\/es\/blog\/cuperosis-que-es-y-como-tratarla\/","name":"Todo sobre la cuperosis: descubre qu\u00e9 es y c\u00f3mo tratarla - ISDIN","isPartOf":{"@id":"https:\/\/www.isdin.com\/es\/blog\/#website"},"primaryImageOfPage":{"@id":"https:\/\/www.isdin.com\/es\/blog\/cuperosis-que-es-y-como-tratarla\/#primaryimage"},"image":{"@id":"https:\/\/www.isdin.com\/es\/blog\/cuperosis-que-es-y-como-tratarla\/#primaryimage"},"thumbnailUrl":"https:\/\/www.isdin.com\/es\/blog\/wp-content\/uploads\/2025\/02\/Header-9.png","datePublished":"2026-02-24T13:17:14+00:00","dateModified":"2026-02-24T13:17:15+00:00","description":"Si tienes la piel sensible y alguna vez has notado enrojecimiento o picaz\u00f3n, te interesa conocer qu\u00e9 es la cuperosis y c\u00f3mo aliviar sus s\u00edntomas.","breadcrumb":{"@id":"https:\/\/www.isdin.com\/es\/blog\/cuperosis-que-es-y-como-tratarla\/#breadcrumb"},"inLanguage":"es-ES","potentialAction":[{"@type":"ReadAction","target":["https:\/\/www.isdin.com\/es\/blog\/cuperosis-que-es-y-como-tratarla\/"]}]},{"@type":"ImageObject","inLanguage":"es-ES","@id":"https:\/\/www.isdin.com\/es\/blog\/cuperosis-que-es-y-como-tratarla\/#primaryimage","url":"https:\/\/www.isdin.com\/es\/blog\/wp-content\/uploads\/2025\/02\/Header-9.png","contentUrl":"https:\/\/www.isdin.com\/es\/blog\/wp-content\/uploads\/2025\/02\/Header-9.png","width":1200,"height":760,"caption":"Mujer joven sosteniendo ISDIN Fotoultra Redness SPF 50, protector solar facial para piel sensible con rojeces, sobre fondo en tonos suaves."},{"@type":"BreadcrumbList","@id":"https:\/\/www.isdin.com\/es\/blog\/cuperosis-que-es-y-como-tratarla\/#breadcrumb","itemListElement":[{"@type":"ListItem","position":1,"name":"Portada","item":"https:\/\/www.isdin.com\/es\/blog\/"},{"@type":"ListItem","position":2,"name":"Todo sobre la cuperosis: descubre qu\u00e9 es y c\u00f3mo tratarla"}]},{"@type":"WebSite","@id":"https:\/\/www.isdin.com\/es\/blog\/#website","url":"https:\/\/www.isdin.com\/es\/blog\/","name":"ISDIN","description":"Novedades, lanzamientos de productos y toda la experiencia de ISDIN","publisher":{"@id":"https:\/\/www.isdin.com\/es\/blog\/#organization"},"potentialAction":[{"@type":"SearchAction","target":{"@type":"EntryPoint","urlTemplate":"https:\/\/www.isdin.com\/es\/blog\/?s={search_term_string}"},"query-input":{"@type":"PropertyValueSpecification","valueRequired":true,"valueName":"search_term_string"}}],"inLanguage":"es-ES"},{"@type":"Organization","@id":"https:\/\/www.isdin.com\/es\/blog\/#organization","name":"ISDIN","alternateName":"ISDIN","url":"https:\/\/www.isdin.com\/es\/blog\/","logo":{"@type":"ImageObject","inLanguage":"es-ES","@id":"https:\/\/www.isdin.com\/es\/blog\/#\/schema\/logo\/image\/","url":"https:\/\/www.isdin.com\/es\/blog\/wp-content\/uploads\/2024\/05\/2025_03_GuiaFoto_FWM.png","contentUrl":"https:\/\/www.isdin.com\/es\/blog\/wp-content\/uploads\/2024\/05\/2025_03_GuiaFoto_FWM.png","width":670,"height":683,"caption":"ISDIN"},"image":{"@id":"https:\/\/www.isdin.com\/es\/blog\/#\/schema\/logo\/image\/"},"sameAs":["https:\/\/es-es.facebook.com\/ISDIN.official\/","https:\/\/x.com\/isdin_official","https:\/\/www.instagram.com\/isdinofficial","https:\/\/www.youtube.com\/channel\/UCtoNJMKpDwdFLqgV23_lcqg"],"telephone":"659997812"},[{"@type":["Person"],"@id":"https:\/\/www.isdin.com\/es\/blog\/#\/schema\/person\/684015d7d9e78124cb4aa660f6fe8576","name":"Belinda Mart\u00ednez","image":{"@type":"ImageObject","@id":"https:\/\/www.isdin.com\/es\/blog\/#\/schema\/person\/image\/","inLanguage":"es_ES","url":"https:\/\/www.isdin.com\/es\/blog\/wp-content\/uploads\/2017\/07\/jjjj.jpg","caption":"Belinda Mart\u00ednez"}},{"@type":["Person"],"@id":"https:\/\/www.isdin.com\/es\/blog\/#\/schema\/person\/684015d7d9e78124cb4aa660f6fe8576","name":"Chiyoung Kang Park","image":{"@type":"ImageObject","@id":"https:\/\/www.isdin.com\/es\/blog\/#\/schema\/person\/image\/","inLanguage":"es_ES","url":"https:\/\/www.isdin.com\/es\/blog\/wp-content\/uploads\/2025\/03\/chiyoung-150x150.png","caption":"Chiyoung Kang Park"}}]]}},"_links":{"self":[{"href":"https:\/\/www.isdin.com\/es\/blog\/wp-json\/wp\/v2\/posts\/8066","targetHints":{"allow":["GET"]}}],"collection":[{"href":"https:\/\/www.isdin.com\/es\/blog\/wp-json\/wp\/v2\/posts"}],"about":[{"href":"https:\/\/www.isdin.com\/es\/blog\/wp-json\/wp\/v2\/types\/post"}],"author":[{"embeddable":true,"href":"https:\/\/www.isdin.com\/es\/blog\/wp-json\/wp\/v2\/users\/69"}],"replies":[{"embeddable":true,"href":"https:\/\/www.isdin.com\/es\/blog\/wp-json\/wp\/v2\/comments?post=8066"}],"version-history":[{"count":21,"href":"https:\/\/www.isdin.com\/es\/blog\/wp-json\/wp\/v2\/posts\/8066\/revisions"}],"predecessor-version":[{"id":13292,"href":"https:\/\/www.isdin.com\/es\/blog\/wp-json\/wp\/v2\/posts\/8066\/revisions\/13292"}],"wp:featuredmedia":[{"embeddable":true,"href":"https:\/\/www.isdin.com\/es\/blog\/wp-json\/wp\/v2\/media\/13289"}],"wp:attachment":[{"href":"https:\/\/www.isdin.com\/es\/blog\/wp-json\/wp\/v2\/media?parent=8066"}],"wp:term":[{"taxonomy":"category","embeddable":true,"href":"https:\/\/www.isdin.com\/es\/blog\/wp-json\/wp\/v2\/categories?post=8066"},{"taxonomy":"post_tag","embeddable":true,"href":"https:\/\/www.isdin.com\/es\/blog\/wp-json\/wp\/v2\/tags?post=8066"}],"curies":[{"name":"wp","href":"https:\/\/api.w.org\/{rel}","templated":true}]}}