{"id":7750,"date":"2022-12-12T08:22:00","date_gmt":"2022-12-12T08:22:00","guid":{"rendered":"https:\/\/www.isdin.com\/es\/blog\/?p=7750"},"modified":"2023-04-21T07:23:19","modified_gmt":"2023-04-21T07:23:19","slug":"rutina-cuidado-corporal-invierno-ureadin","status":"publish","type":"post","link":"https:\/\/www.isdin.com\/es\/blog\/rutina-cuidado-corporal-invierno-ureadin\/","title":{"rendered":"Rutina de cuidado corporal: tu momento favorito en los meses de invierno"},"content":{"rendered":"\n<p>Las temperaturas bajan, los d\u00edas son m\u00e1s cortos y el cuerpo nos pide bajar el ritmo. Sin quererlo, el invierno se convierte en esa \u00e9poca del a\u00f1o en la que el mimo y el autocuidado se vuelven un plan perfecto.<\/p>\n\n\n\n<p>Como vas a pasar m\u00e1s tiempo en casa, se trata de <strong>una oportunidad de oro para dedicar m\u00e1s tiempo a cuidarte<\/strong>, a desconectar y a valorar esos momentos de tranquilidad. Hoy, hablamos sobre la importancia de mimarse y de c\u00f3mo <strong>el cuidado de la piel tambi\u00e9n es fundamental en invierno<\/strong>, prepar\u00e1ndote para los meses en los que estar\u00e1 m\u00e1s expuesta a los factores externos: primavera y verano.<\/p>\n\n\n\n<figure class=\"wp-block-image size-large\"><img loading=\"lazy\" decoding=\"async\" width=\"1024\" height=\"527\" src=\"data:image\/gif;base64,R0lGODlhAQABAAAAACH5BAEKAAEALAAAAAABAAEAAAICTAEAOw==\" data-src=\"https:\/\/www.isdin.com\/es\/blog\/wp-content\/uploads\/2023\/04\/2023_Blog_Cuidado-corporal_imagen1-1024x527.png\" alt=\"Masajea tu piel con Ureadin tras la ducha.\" class=\"wp-image-7756 lazyload\" data-sizes=\"auto\" data-srcset=\"https:\/\/www.isdin.com\/es\/blog\/wp-content\/uploads\/2023\/04\/2023_Blog_Cuidado-corporal_imagen1-1024x527.png 1024w, https:\/\/www.isdin.com\/es\/blog\/wp-content\/uploads\/2023\/04\/2023_Blog_Cuidado-corporal_imagen1-300x155.png 300w, https:\/\/www.isdin.com\/es\/blog\/wp-content\/uploads\/2023\/04\/2023_Blog_Cuidado-corporal_imagen1-150x77.png 150w, https:\/\/www.isdin.com\/es\/blog\/wp-content\/uploads\/2023\/04\/2023_Blog_Cuidado-corporal_imagen1-768x396.png 768w, https:\/\/www.isdin.com\/es\/blog\/wp-content\/uploads\/2023\/04\/2023_Blog_Cuidado-corporal_imagen1-585x300.png 585w, https:\/\/www.isdin.com\/es\/blog\/wp-content\/uploads\/2023\/04\/2023_Blog_Cuidado-corporal_imagen1-450x232.png 450w, https:\/\/www.isdin.com\/es\/blog\/wp-content\/uploads\/2023\/04\/2023_Blog_Cuidado-corporal_imagen1-20x11.png 20w, https:\/\/www.isdin.com\/es\/blog\/wp-content\/uploads\/2023\/04\/2023_Blog_Cuidado-corporal_imagen1-225x116.png 225w, https:\/\/www.isdin.com\/es\/blog\/wp-content\/uploads\/2023\/04\/2023_Blog_Cuidado-corporal_imagen1-900x464.png 900w, https:\/\/www.isdin.com\/es\/blog\/wp-content\/uploads\/2023\/04\/2023_Blog_Cuidado-corporal_imagen1.png 1200w\" sizes=\"auto, (max-width: 1024px) 100vw, 1024px\" \/><\/figure>\n\n\n\n<h2 class=\"wp-block-heading\" id=\"h-adios-a-la-sequedad-irritacion-y-tirantez\">Adi\u00f3s a la sequedad, irritaci\u00f3n y tirantez<\/h2>\n\n\n\n<p>El <strong>fr\u00edo, el viento, la poca humedad o la calefacci\u00f3n<\/strong> son algunos de los factores que pueden hacer que tu <strong>piel est\u00e9 m\u00e1s seca, irritada y tirante en los meses de invierno. <\/strong>&nbsp;Estos factores externos alteran la funci\u00f3n barrera de la piel y conducen a la p\u00e9rdida transepid\u00e9rmica de agua, haciendo que sea m\u00e1s frecuente tenerla m\u00e1s seca,&nbsp; descamada e incluso m\u00e1s irritada. Por eso, en esta \u00e9poca se vuelve important\u00edsimo seguir una <strong>rutina de cuidado corporal.<\/strong> Adem\u00e1s de aliviar las molestias y preparar a tu piel para cuando vuelva a estar expuesta en primavera y verano, se puede convertir en un momento de conexi\u00f3n contigo mismo y relax.<\/p>\n\n\n\n<h2 class=\"wp-block-heading\" id=\"h-que-rutina-debes-seguir-para-el-cuidado-de-tu-piel-corporal\">\u00bfQu\u00e9 rutina debes seguir para el cuidado de tu piel corporal?&nbsp;<\/h2>\n\n\n\n<p>En estos meses del a\u00f1o es importante elegir<strong> productos con propiedades humectantes y emolientes<\/strong> <strong>en todos los pasos de tu rutina<\/strong> de cuidado corporal. La <a href=\"https:\/\/www.isdin.com\/cuidado-corporal\/urea-isdin-hidratacion-exfoliacion-corporal\/\" target=\"_blank\" rel=\"noreferrer noopener\">Urea ISDIN<\/a><strong><sup>1<\/sup><\/strong> es uno de los ingredientes que har\u00e1 las <em>mil maravillas<\/em> en tu piel. De hecho, la urea se encuentra de forma habitual en piel y tiene muchas funciones. La m\u00e1s importante, entre otras, es la de mejorar su funci\u00f3n barrera y as\u00ed mantener una correcta hidrataci\u00f3n.<\/p>\n\n\n\n<figure class=\"wp-block-image size-large\"><img loading=\"lazy\" decoding=\"async\" width=\"1024\" height=\"527\" src=\"data:image\/gif;base64,R0lGODlhAQABAAAAACH5BAEKAAEALAAAAAABAAEAAAICTAEAOw==\" data-src=\"https:\/\/www.isdin.com\/es\/blog\/wp-content\/uploads\/2023\/04\/2023_Blog_Cuidado-corporal_imagen2-1024x527.png\" alt=\"La ducha es un momento importante en el que empezar a hidratar tu piel con Ureadin.\" class=\"wp-image-7757 lazyload\" data-sizes=\"auto\" data-srcset=\"https:\/\/www.isdin.com\/es\/blog\/wp-content\/uploads\/2023\/04\/2023_Blog_Cuidado-corporal_imagen2-1024x527.png 1024w, https:\/\/www.isdin.com\/es\/blog\/wp-content\/uploads\/2023\/04\/2023_Blog_Cuidado-corporal_imagen2-300x155.png 300w, https:\/\/www.isdin.com\/es\/blog\/wp-content\/uploads\/2023\/04\/2023_Blog_Cuidado-corporal_imagen2-150x77.png 150w, https:\/\/www.isdin.com\/es\/blog\/wp-content\/uploads\/2023\/04\/2023_Blog_Cuidado-corporal_imagen2-768x396.png 768w, https:\/\/www.isdin.com\/es\/blog\/wp-content\/uploads\/2023\/04\/2023_Blog_Cuidado-corporal_imagen2-585x300.png 585w, https:\/\/www.isdin.com\/es\/blog\/wp-content\/uploads\/2023\/04\/2023_Blog_Cuidado-corporal_imagen2-450x232.png 450w, https:\/\/www.isdin.com\/es\/blog\/wp-content\/uploads\/2023\/04\/2023_Blog_Cuidado-corporal_imagen2-20x11.png 20w, https:\/\/www.isdin.com\/es\/blog\/wp-content\/uploads\/2023\/04\/2023_Blog_Cuidado-corporal_imagen2-225x116.png 225w, https:\/\/www.isdin.com\/es\/blog\/wp-content\/uploads\/2023\/04\/2023_Blog_Cuidado-corporal_imagen2-900x464.png 900w, https:\/\/www.isdin.com\/es\/blog\/wp-content\/uploads\/2023\/04\/2023_Blog_Cuidado-corporal_imagen2.png 1200w\" sizes=\"auto, (max-width: 1024px) 100vw, 1024px\" \/><\/figure>\n\n\n\n<p><\/p>\n\n\n\n<h3 class=\"wp-block-heading\" id=\"h-date-una-ducha-que-estimule-y-cuide-tu-piel\">Date una ducha que estimule y cuide tu piel<\/h3>\n\n\n\n<p>Empieza la rutina con una <strong>ducha relajante y no muy larga, evitando usar agua demasiado caliente <sup>2<\/sup><\/strong>. Si te pasas con la temperatura, podr\u00edas obtener los efectos contrarios: \u00a1tu piel se secar\u00e1 m\u00e1s!<br><br>Tu compa\u00f1ero perfecto para este momento es <a href=\"https:\/\/www.isdin.com\/producto\/ureadin\/bath-gel-piel-seca-y-tirante\" target=\"_blank\" rel=\"noreferrer noopener\">Ureadin Bath Gel<\/a>, que limpiar\u00e1 tu piel de manera eficaz y suave. \u00bfLo mejor? Te proporciona <strong>higiene e hidrataci\u00f3n en un \u00fanico paso<\/strong>. \u00a1El complemento ideal para los d\u00edas que vas con m\u00e1s prisa!<\/p>\n\n\n\n<h3 class=\"wp-block-heading\" id=\"h-hidrata-tu-piel-con-un-suave-masaje\">Hidrata tu piel con un suave masaje<\/h3>\n\n\n\n<p>Aprovechando la relajaci\u00f3n tras el momento de la ducha, te recomendamos hidratar tu piel corporal. Al aplicar tu crema hidratante, un paso que puedes <strong>incorporar es un suave masaje que ayude a reactivar la circulaci\u00f3n sangu\u00ednea<\/strong> y a aliviar la tensi\u00f3n en determinadas zonas.<br><br>Disfruta de un masaje con <a href=\"https:\/\/www.isdin.com\/producto\/ureadin\/lotion-10\" target=\"_blank\" rel=\"noreferrer noopener\">Ureadin Lotion 10<\/a>, que adem\u00e1s de proporcionar una hidrataci\u00f3n intensa gracias a su contenido 10% en Urea ISDIN, es de <strong>absorci\u00f3n r\u00e1pida, algo clave para poder volver a vestirte sin esperar demasiado ni pasar fr\u00edo<\/strong>.&nbsp;<\/p>\n\n\n\n<h3 class=\"wp-block-heading\" id=\"h-manos-y-pies-no-te-olvides-de-ellos\">Manos y pies: \u00a1no te olvides de ellos!<\/h3>\n\n\n\n<p>Pese a usar guantes, seguro que has notado<strong> c\u00f3mo se resienten tus manos en invierno<\/strong>. Por eso, no debemos olvidarlas en nuestra rutina de piel corporal. En esta \u00e9poca del a\u00f1o <strong>se acent\u00faa la sequedad e incluso pueden aparecer zonas m\u00e1s engrosadas y grietas<\/strong> si tu piel es especialmente sensible a las bajas temperaturas.&nbsp;<\/p>\n\n\n\n<figure class=\"wp-block-image size-full\"><img loading=\"lazy\" decoding=\"async\" width=\"670\" height=\"754\" src=\"data:image\/gif;base64,R0lGODlhAQABAAAAACH5BAEKAAEALAAAAAABAAEAAAICTAEAOw==\" data-src=\"https:\/\/www.isdin.com\/es\/blog\/wp-content\/uploads\/2023\/04\/2023_Blog_Cuidado-corporal_imagen3.png\" alt=\"Con Ureadin Podos podr\u00e1s mantener tus pies hidratados, sin engrosamientos ni grietas.\" class=\"wp-image-7758 lazyload\" data-sizes=\"auto\" data-srcset=\"https:\/\/www.isdin.com\/es\/blog\/wp-content\/uploads\/2023\/04\/2023_Blog_Cuidado-corporal_imagen3.png 670w, https:\/\/www.isdin.com\/es\/blog\/wp-content\/uploads\/2023\/04\/2023_Blog_Cuidado-corporal_imagen3-267x300.png 267w, https:\/\/www.isdin.com\/es\/blog\/wp-content\/uploads\/2023\/04\/2023_Blog_Cuidado-corporal_imagen3-133x150.png 133w, https:\/\/www.isdin.com\/es\/blog\/wp-content\/uploads\/2023\/04\/2023_Blog_Cuidado-corporal_imagen3-450x506.png 450w, https:\/\/www.isdin.com\/es\/blog\/wp-content\/uploads\/2023\/04\/2023_Blog_Cuidado-corporal_imagen3-225x253.png 225w, https:\/\/www.isdin.com\/es\/blog\/wp-content\/uploads\/2023\/04\/2023_Blog_Cuidado-corporal_imagen3-20x23.png 20w\" sizes=\"auto, (max-width: 670px) 100vw, 670px\" \/><\/figure>\n\n\n\n<p>En este caso, las <strong>cremas de manos de ISDIN Ureadin son una opci\u00f3n estupenda.<\/strong> Adem\u00e1s de tener los beneficios de la Urea ISDIN, nuestra <a href=\"https:\/\/www.isdin.com\/producto\/ureadin\/crema-de-manos-reparadora\" target=\"_blank\" rel=\"noreferrer noopener\">crema de manos reparadora<\/a> contiene coenzima Q10, un poderoso antioxidante que ayuda a reparar y proteger la piel de tus manos; mientras que la <a href=\"https:\/\/www.isdin.com\/producto\/ureadin\/crema-de-manos-protectora\" target=\"_blank\" rel=\"noreferrer noopener\">crema protectora<\/a> est\u00e1 enriquecida con aceite de aguacate, un ingrediente repleto de nutrientes con excelentes propiedades nutritivas e hidratantes que ayudan a regenerar y rejuvenecer la piel.<br><br>No se nos ocurre mejor manera de <strong>terminar tu rutina corporal que con un masaje en los pies<\/strong>. Debido al calzado cerrado, nuestros pies sufren en exceso y muchas veces se convierten en <strong>los grandes olvidados de los cuidados corporales<\/strong>. En esta \u00e9poca sigue siendo muy importante mantenerlos hidratados para evitar la excesiva sequedad en zonas como el empeine o los talones, especialmente aquellos con tendencia a agrietarse.<\/p>\n\n\n\n<p><a href=\"https:\/\/www.isdin.com\/producto\/ureadin\/podos-gel-oil\">Ureadin Podos Gel Oil<\/a> ser\u00e1 el mejor aliado de tus pies: te ayudar\u00e1 a eliminar asperezas, rugosidades y engrosamientos del tal\u00f3n y la planta. Mientras llega el buen tiempo, <strong>prepara tus pies para las sandalias incluyendo este sencillo paso<\/strong> en tu rutina diaria.<br><strong><br><\/strong>El cuidado de tu piel corporal se puede convertir en tu momento favorito, perfecto para prepararte para la primavera y el verano. Una rutina f\u00e1cil de integrar en tu d\u00eda a d\u00eda y que podr\u00e1s disfrutar incluso en los d\u00edas m\u00e1s fr\u00edos. \u00a1Toma nota y sigue cuidando a tu mejor compa\u00f1era de aventuras: tu piel!<\/p>\n\n\n\n<h6 class=\"wp-block-heading\" id=\"h-referencias\"><strong>Referencias<\/strong><\/h6>\n\n\n\n<h6 class=\"wp-block-heading\"><strong><sup>1<\/sup><\/strong> Grether-Beck S, Felsner I, Brenden H, Kohne Z, Majora M, Marini A, Jaenicke T, Rodriguez-Martin M, Trullas C, Hupe M, Elias PM, Krutmann J. Urea uptake enhances barrier function and antimicrobial defense in humans by regulating epidermal gene expression. J Invest Dermatol. 2012 Jun;132(6):1561-72. doi: <a href=\"https:\/\/linkinghub.elsevier.com\/retrieve\/pii\/S0022-202X(15)35789-4\">10.1038\/jid.2012.42<\/a>.<\/h6>\n\n\n\n<h6 class=\"wp-block-heading\"><strong><sup>1 <\/sup><\/strong><a href=\"https:\/\/www.ncbi.nlm.nih.gov\/pmc\/articles\/PMC8611129\/#\">Dermatol Ther (Heidelb).<\/a> 2021 Dec; 11(6): 1905\u20131915. Urea in Dermatology: A Review of its Emollient, Moisturizing, Keratolytic, Skin Barrier Enhancing and Antimicrobial Properties;https:\/\/www.ncbi.nlm.nih.gov\/pmc\/articles\/PMC8611129\/ (consultado el 10 de febrero de 2023).<\/h6>\n\n\n\n<h6 class=\"wp-block-heading\"><strong><sup>2 <\/sup><\/strong><a href=\"https:\/\/www.ncbi.nlm.nih.gov\/pmc\/articles\/PMC8778033\/#\">J Clin Med.<\/a> 2022 Jan; 11(2): 298 Impact of Water Exposure and Temperature Changes on Skin Barrier Function; <a href=\"https:\/\/www.ncbi.nlm.nih.gov\/pmc\/articles\/PMC8778033\/\">https:\/\/www.ncbi.nlm.nih.gov\/pmc\/articles\/PMC8778033\/<\/a> (consultado el 10 de febrero de 2023).<\/h6>\n","protected":false},"excerpt":{"rendered":"<p>Las temperaturas bajan, los d\u00edas son m\u00e1s cortos y el cuerpo nos pide bajar el ritmo. Sin quererlo, el invierno se convierte en esa \u00e9poca del a\u00f1o en la que el mimo y el autocuidado se vuelven un plan perfecto. Como vas a pasar m\u00e1s tiempo en casa, se trata de una oportunidad de oro&hellip;<\/p>\n","protected":false},"author":3,"featured_media":7755,"comment_status":"closed","ping_status":"closed","sticky":false,"template":"","format":"standard","meta":{"footnotes":""},"categories":[1,333],"tags":[389,390,393,394,391,392],"class_list":["post-7750","post","type-post","status-publish","format-standard","has-post-thumbnail","hentry","category-consejos-cuidados","category-cuidado-corporal","tag-cuidado-corporal","tag-piel-corporal","tag-piel-seca","tag-pies-secos","tag-rutina-cuidado-corporal","tag-ureadin"],"yoast_head":"<!-- This site is optimized with the Yoast SEO Premium plugin v25.4 (Yoast SEO v25.4) - https:\/\/yoast.com\/wordpress\/plugins\/seo\/ -->\n<title>Rutina de cuidado corporal ideal para el invierno | ISDIN<\/title>\n<meta name=\"description\" content=\"Descubre una rutina de cuidado corporal de la mano de la gama Ureadin de ISDIN, ideal para cuidar tu piel en los meses m\u00e1s fr\u00edos.\" \/>\n<meta name=\"robots\" content=\"index, follow, max-snippet:-1, max-image-preview:large, max-video-preview:-1\" \/>\n<link rel=\"canonical\" href=\"https:\/\/www.isdin.com\/es\/blog\/rutina-cuidado-corporal-invierno-ureadin\/\" \/>\n<meta property=\"og:locale\" content=\"es_ES\" \/>\n<meta property=\"og:type\" content=\"article\" \/>\n<meta property=\"og:title\" content=\"Rutina de cuidado corporal: tu momento favorito en los meses de invierno\" \/>\n<meta property=\"og:description\" content=\"Descubre una rutina de cuidado corporal de la mano de la gama Ureadin de ISDIN, ideal para cuidar tu piel en los meses m\u00e1s fr\u00edos.\" \/>\n<meta property=\"og:url\" content=\"https:\/\/www.isdin.com\/es\/blog\/rutina-cuidado-corporal-invierno-ureadin\/\" \/>\n<meta property=\"og:site_name\" content=\"ISDIN\" \/>\n<meta property=\"article:publisher\" content=\"https:\/\/es-es.facebook.com\/ISDIN.official\/\" \/>\n<meta property=\"article:published_time\" content=\"2022-12-12T08:22:00+00:00\" \/>\n<meta property=\"article:modified_time\" content=\"2023-04-21T07:23:19+00:00\" \/>\n<meta property=\"og:image\" content=\"https:\/\/www.isdin.com\/es\/blog\/wp-content\/uploads\/2023\/03\/2023_Blog_Cuidado-corporal_Facebook.png\" \/>\n\t<meta property=\"og:image:width\" content=\"1200\" \/>\n\t<meta property=\"og:image:height\" content=\"630\" \/>\n\t<meta property=\"og:image:type\" content=\"image\/png\" \/>\n<meta name=\"author\" content=\"Live Young\" \/>\n<meta name=\"twitter:card\" content=\"summary_large_image\" \/>\n<meta name=\"twitter:creator\" content=\"@isdin_official\" \/>\n<meta name=\"twitter:site\" content=\"@isdin_official\" \/>\n<meta name=\"twitter:label1\" content=\"Written by\" \/>\n\t<meta name=\"twitter:data1\" content=\"Live Young\" \/>\n\t<meta name=\"twitter:label2\" content=\"Est. reading time\" \/>\n\t<meta name=\"twitter:data2\" content=\"5 minutes\" \/>\n<script type=\"application\/ld+json\" class=\"yoast-schema-graph\">{\"@context\":\"https:\/\/schema.org\",\"@graph\":[{\"@type\":\"Article\",\"@id\":\"https:\/\/www.isdin.com\/es\/blog\/rutina-cuidado-corporal-invierno-ureadin\/#article\",\"isPartOf\":{\"@id\":\"https:\/\/www.isdin.com\/es\/blog\/rutina-cuidado-corporal-invierno-ureadin\/\"},\"author\":{\"name\":\"Live Young\",\"@id\":\"https:\/\/www.isdin.com\/es\/blog\/#\/schema\/person\/528848368b26d62008cefcc29a52ade8\"},\"headline\":\"Rutina de cuidado corporal: tu momento favorito en los meses de invierno\",\"datePublished\":\"2022-12-12T08:22:00+00:00\",\"dateModified\":\"2023-04-21T07:23:19+00:00\",\"mainEntityOfPage\":{\"@id\":\"https:\/\/www.isdin.com\/es\/blog\/rutina-cuidado-corporal-invierno-ureadin\/\"},\"wordCount\":965,\"publisher\":{\"@id\":\"https:\/\/www.isdin.com\/es\/blog\/#organization\"},\"image\":{\"@id\":\"https:\/\/www.isdin.com\/es\/blog\/rutina-cuidado-corporal-invierno-ureadin\/#primaryimage\"},\"thumbnailUrl\":\"https:\/\/www.isdin.com\/es\/blog\/wp-content\/uploads\/2023\/04\/2023_Blog_Cuidado-corporal_Header-1.png\",\"keywords\":[\"cuidado corporal\",\"piel corporal\",\"piel seca\",\"pies secos\",\"rutina cuidado corporal\",\"ureadin\"],\"articleSection\":[\"Consejos y cuidados\",\"Cuidado corporal\"],\"inLanguage\":\"es-ES\"},{\"@type\":\"WebPage\",\"@id\":\"https:\/\/www.isdin.com\/es\/blog\/rutina-cuidado-corporal-invierno-ureadin\/\",\"url\":\"https:\/\/www.isdin.com\/es\/blog\/rutina-cuidado-corporal-invierno-ureadin\/\",\"name\":\"Rutina de cuidado corporal ideal para el invierno | ISDIN\",\"isPartOf\":{\"@id\":\"https:\/\/www.isdin.com\/es\/blog\/#website\"},\"primaryImageOfPage\":{\"@id\":\"https:\/\/www.isdin.com\/es\/blog\/rutina-cuidado-corporal-invierno-ureadin\/#primaryimage\"},\"image\":{\"@id\":\"https:\/\/www.isdin.com\/es\/blog\/rutina-cuidado-corporal-invierno-ureadin\/#primaryimage\"},\"thumbnailUrl\":\"https:\/\/www.isdin.com\/es\/blog\/wp-content\/uploads\/2023\/04\/2023_Blog_Cuidado-corporal_Header-1.png\",\"datePublished\":\"2022-12-12T08:22:00+00:00\",\"dateModified\":\"2023-04-21T07:23:19+00:00\",\"description\":\"Descubre una rutina de cuidado corporal de la mano de la gama Ureadin de ISDIN, ideal para cuidar tu piel en los meses m\u00e1s fr\u00edos.\",\"breadcrumb\":{\"@id\":\"https:\/\/www.isdin.com\/es\/blog\/rutina-cuidado-corporal-invierno-ureadin\/#breadcrumb\"},\"inLanguage\":\"es-ES\",\"potentialAction\":[{\"@type\":\"ReadAction\",\"target\":[\"https:\/\/www.isdin.com\/es\/blog\/rutina-cuidado-corporal-invierno-ureadin\/\"]}]},{\"@type\":\"ImageObject\",\"inLanguage\":\"es-ES\",\"@id\":\"https:\/\/www.isdin.com\/es\/blog\/rutina-cuidado-corporal-invierno-ureadin\/#primaryimage\",\"url\":\"https:\/\/www.isdin.com\/es\/blog\/wp-content\/uploads\/2023\/04\/2023_Blog_Cuidado-corporal_Header-1.png\",\"contentUrl\":\"https:\/\/www.isdin.com\/es\/blog\/wp-content\/uploads\/2023\/04\/2023_Blog_Cuidado-corporal_Header-1.png\",\"width\":1200,\"height\":760},{\"@type\":\"BreadcrumbList\",\"@id\":\"https:\/\/www.isdin.com\/es\/blog\/rutina-cuidado-corporal-invierno-ureadin\/#breadcrumb\",\"itemListElement\":[{\"@type\":\"ListItem\",\"position\":1,\"name\":\"Portada\",\"item\":\"https:\/\/www.isdin.com\/es\/blog\/\"},{\"@type\":\"ListItem\",\"position\":2,\"name\":\"Rutina de cuidado corporal: tu momento favorito en los meses de invierno\"}]},{\"@type\":\"WebSite\",\"@id\":\"https:\/\/www.isdin.com\/es\/blog\/#website\",\"url\":\"https:\/\/www.isdin.com\/es\/blog\/\",\"name\":\"ISDIN\",\"description\":\"Novedades, lanzamientos de productos y toda la experiencia de ISDIN\",\"publisher\":{\"@id\":\"https:\/\/www.isdin.com\/es\/blog\/#organization\"},\"potentialAction\":[{\"@type\":\"SearchAction\",\"target\":{\"@type\":\"EntryPoint\",\"urlTemplate\":\"https:\/\/www.isdin.com\/es\/blog\/?s={search_term_string}\"},\"query-input\":{\"@type\":\"PropertyValueSpecification\",\"valueRequired\":true,\"valueName\":\"search_term_string\"}}],\"inLanguage\":\"es-ES\"},{\"@type\":\"Organization\",\"@id\":\"https:\/\/www.isdin.com\/es\/blog\/#organization\",\"name\":\"ISDIN\",\"alternateName\":\"ISDIN\",\"url\":\"https:\/\/www.isdin.com\/es\/blog\/\",\"logo\":{\"@type\":\"ImageObject\",\"inLanguage\":\"es-ES\",\"@id\":\"https:\/\/www.isdin.com\/es\/blog\/#\/schema\/logo\/image\/\",\"url\":\"https:\/\/www.isdin.com\/es\/blog\/wp-content\/uploads\/2024\/05\/2025_03_GuiaFoto_FWM.png\",\"contentUrl\":\"https:\/\/www.isdin.com\/es\/blog\/wp-content\/uploads\/2024\/05\/2025_03_GuiaFoto_FWM.png\",\"width\":670,\"height\":683,\"caption\":\"ISDIN\"},\"image\":{\"@id\":\"https:\/\/www.isdin.com\/es\/blog\/#\/schema\/logo\/image\/\"},\"sameAs\":[\"https:\/\/es-es.facebook.com\/ISDIN.official\/\",\"https:\/\/x.com\/isdin_official\",\"https:\/\/www.instagram.com\/isdinofficial\",\"https:\/\/www.youtube.com\/channel\/UCtoNJMKpDwdFLqgV23_lcqg\"],\"telephone\":\"659997812\"},{\"@type\":\"Person\",\"@id\":\"https:\/\/www.isdin.com\/es\/blog\/#\/schema\/person\/528848368b26d62008cefcc29a52ade8\",\"name\":\"Live Young\",\"image\":{\"@type\":\"ImageObject\",\"inLanguage\":\"es-ES\",\"@id\":\"https:\/\/www.isdin.com\/es\/blog\/#\/schema\/person\/image\/\",\"url\":\"https:\/\/www.isdin.com\/es\/blog\/wp-content\/uploads\/2017\/07\/isdin-live-young-150x150-1.png\",\"contentUrl\":\"https:\/\/www.isdin.com\/es\/blog\/wp-content\/uploads\/2017\/07\/isdin-live-young-150x150-1.png\",\"caption\":\"Live Young\"},\"description\":\"Nuestro hom\u00f3nimo encarna el esp\u00edritu de abrazar la vida y todas sus maravillas. Como periodistas especializaciones en la salud y bienestar de la piel, exploramos temas que vigorizan los sentidos y mantienen viva la curiosidad. Creemos que una piel radiante es el resultado de un cuerpo y una mente saludables. Tejiendo belleza con ciencia, nuestro objetivo es inspirarte a vivir joven en cada edad.\",\"url\":\"https:\/\/www.isdin.com\/es\/blog\/author\/love-your-skin\/\"}]}<\/script>\n<!-- \/ Yoast SEO Premium plugin. -->","yoast_head_json":{"title":"Rutina de cuidado corporal ideal para el invierno | ISDIN","description":"Descubre una rutina de cuidado corporal de la mano de la gama Ureadin de ISDIN, ideal para cuidar tu piel en los meses m\u00e1s fr\u00edos.","robots":{"index":"index","follow":"follow","max-snippet":"max-snippet:-1","max-image-preview":"max-image-preview:large","max-video-preview":"max-video-preview:-1"},"canonical":"https:\/\/www.isdin.com\/es\/blog\/rutina-cuidado-corporal-invierno-ureadin\/","og_locale":"es_ES","og_type":"article","og_title":"Rutina de cuidado corporal: tu momento favorito en los meses de invierno","og_description":"Descubre una rutina de cuidado corporal de la mano de la gama Ureadin de ISDIN, ideal para cuidar tu piel en los meses m\u00e1s fr\u00edos.","og_url":"https:\/\/www.isdin.com\/es\/blog\/rutina-cuidado-corporal-invierno-ureadin\/","og_site_name":"ISDIN","article_publisher":"https:\/\/es-es.facebook.com\/ISDIN.official\/","article_published_time":"2022-12-12T08:22:00+00:00","article_modified_time":"2023-04-21T07:23:19+00:00","og_image":[{"width":1200,"height":630,"url":"https:\/\/www.isdin.com\/es\/blog\/wp-content\/uploads\/2023\/03\/2023_Blog_Cuidado-corporal_Facebook.png","type":"image\/png"}],"author":"Live Young","twitter_card":"summary_large_image","twitter_creator":"@isdin_official","twitter_site":"@isdin_official","twitter_misc":{"Written by":"Live Young","Est. reading time":"5 minutes"},"schema":{"@context":"https:\/\/schema.org","@graph":[{"@type":"Article","@id":"https:\/\/www.isdin.com\/es\/blog\/rutina-cuidado-corporal-invierno-ureadin\/#article","isPartOf":{"@id":"https:\/\/www.isdin.com\/es\/blog\/rutina-cuidado-corporal-invierno-ureadin\/"},"author":{"name":"Live Young","@id":"https:\/\/www.isdin.com\/es\/blog\/#\/schema\/person\/528848368b26d62008cefcc29a52ade8"},"headline":"Rutina de cuidado corporal: tu momento favorito en los meses de invierno","datePublished":"2022-12-12T08:22:00+00:00","dateModified":"2023-04-21T07:23:19+00:00","mainEntityOfPage":{"@id":"https:\/\/www.isdin.com\/es\/blog\/rutina-cuidado-corporal-invierno-ureadin\/"},"wordCount":965,"publisher":{"@id":"https:\/\/www.isdin.com\/es\/blog\/#organization"},"image":{"@id":"https:\/\/www.isdin.com\/es\/blog\/rutina-cuidado-corporal-invierno-ureadin\/#primaryimage"},"thumbnailUrl":"https:\/\/www.isdin.com\/es\/blog\/wp-content\/uploads\/2023\/04\/2023_Blog_Cuidado-corporal_Header-1.png","keywords":["cuidado corporal","piel corporal","piel seca","pies secos","rutina cuidado corporal","ureadin"],"articleSection":["Consejos y cuidados","Cuidado corporal"],"inLanguage":"es-ES"},{"@type":"WebPage","@id":"https:\/\/www.isdin.com\/es\/blog\/rutina-cuidado-corporal-invierno-ureadin\/","url":"https:\/\/www.isdin.com\/es\/blog\/rutina-cuidado-corporal-invierno-ureadin\/","name":"Rutina de cuidado corporal ideal para el invierno | ISDIN","isPartOf":{"@id":"https:\/\/www.isdin.com\/es\/blog\/#website"},"primaryImageOfPage":{"@id":"https:\/\/www.isdin.com\/es\/blog\/rutina-cuidado-corporal-invierno-ureadin\/#primaryimage"},"image":{"@id":"https:\/\/www.isdin.com\/es\/blog\/rutina-cuidado-corporal-invierno-ureadin\/#primaryimage"},"thumbnailUrl":"https:\/\/www.isdin.com\/es\/blog\/wp-content\/uploads\/2023\/04\/2023_Blog_Cuidado-corporal_Header-1.png","datePublished":"2022-12-12T08:22:00+00:00","dateModified":"2023-04-21T07:23:19+00:00","description":"Descubre una rutina de cuidado corporal de la mano de la gama Ureadin de ISDIN, ideal para cuidar tu piel en los meses m\u00e1s fr\u00edos.","breadcrumb":{"@id":"https:\/\/www.isdin.com\/es\/blog\/rutina-cuidado-corporal-invierno-ureadin\/#breadcrumb"},"inLanguage":"es-ES","potentialAction":[{"@type":"ReadAction","target":["https:\/\/www.isdin.com\/es\/blog\/rutina-cuidado-corporal-invierno-ureadin\/"]}]},{"@type":"ImageObject","inLanguage":"es-ES","@id":"https:\/\/www.isdin.com\/es\/blog\/rutina-cuidado-corporal-invierno-ureadin\/#primaryimage","url":"https:\/\/www.isdin.com\/es\/blog\/wp-content\/uploads\/2023\/04\/2023_Blog_Cuidado-corporal_Header-1.png","contentUrl":"https:\/\/www.isdin.com\/es\/blog\/wp-content\/uploads\/2023\/04\/2023_Blog_Cuidado-corporal_Header-1.png","width":1200,"height":760},{"@type":"BreadcrumbList","@id":"https:\/\/www.isdin.com\/es\/blog\/rutina-cuidado-corporal-invierno-ureadin\/#breadcrumb","itemListElement":[{"@type":"ListItem","position":1,"name":"Portada","item":"https:\/\/www.isdin.com\/es\/blog\/"},{"@type":"ListItem","position":2,"name":"Rutina de cuidado corporal: tu momento favorito en los meses de invierno"}]},{"@type":"WebSite","@id":"https:\/\/www.isdin.com\/es\/blog\/#website","url":"https:\/\/www.isdin.com\/es\/blog\/","name":"ISDIN","description":"Novedades, lanzamientos de productos y toda la experiencia de ISDIN","publisher":{"@id":"https:\/\/www.isdin.com\/es\/blog\/#organization"},"potentialAction":[{"@type":"SearchAction","target":{"@type":"EntryPoint","urlTemplate":"https:\/\/www.isdin.com\/es\/blog\/?s={search_term_string}"},"query-input":{"@type":"PropertyValueSpecification","valueRequired":true,"valueName":"search_term_string"}}],"inLanguage":"es-ES"},{"@type":"Organization","@id":"https:\/\/www.isdin.com\/es\/blog\/#organization","name":"ISDIN","alternateName":"ISDIN","url":"https:\/\/www.isdin.com\/es\/blog\/","logo":{"@type":"ImageObject","inLanguage":"es-ES","@id":"https:\/\/www.isdin.com\/es\/blog\/#\/schema\/logo\/image\/","url":"https:\/\/www.isdin.com\/es\/blog\/wp-content\/uploads\/2024\/05\/2025_03_GuiaFoto_FWM.png","contentUrl":"https:\/\/www.isdin.com\/es\/blog\/wp-content\/uploads\/2024\/05\/2025_03_GuiaFoto_FWM.png","width":670,"height":683,"caption":"ISDIN"},"image":{"@id":"https:\/\/www.isdin.com\/es\/blog\/#\/schema\/logo\/image\/"},"sameAs":["https:\/\/es-es.facebook.com\/ISDIN.official\/","https:\/\/x.com\/isdin_official","https:\/\/www.instagram.com\/isdinofficial","https:\/\/www.youtube.com\/channel\/UCtoNJMKpDwdFLqgV23_lcqg"],"telephone":"659997812"},{"@type":"Person","@id":"https:\/\/www.isdin.com\/es\/blog\/#\/schema\/person\/528848368b26d62008cefcc29a52ade8","name":"Live Young","image":{"@type":"ImageObject","inLanguage":"es-ES","@id":"https:\/\/www.isdin.com\/es\/blog\/#\/schema\/person\/image\/","url":"https:\/\/www.isdin.com\/es\/blog\/wp-content\/uploads\/2017\/07\/isdin-live-young-150x150-1.png","contentUrl":"https:\/\/www.isdin.com\/es\/blog\/wp-content\/uploads\/2017\/07\/isdin-live-young-150x150-1.png","caption":"Live Young"},"description":"Nuestro hom\u00f3nimo encarna el esp\u00edritu de abrazar la vida y todas sus maravillas. Como periodistas especializaciones en la salud y bienestar de la piel, exploramos temas que vigorizan los sentidos y mantienen viva la curiosidad. Creemos que una piel radiante es el resultado de un cuerpo y una mente saludables. Tejiendo belleza con ciencia, nuestro objetivo es inspirarte a vivir joven en cada edad.","url":"https:\/\/www.isdin.com\/es\/blog\/author\/love-your-skin\/"}]}},"_links":{"self":[{"href":"https:\/\/www.isdin.com\/es\/blog\/wp-json\/wp\/v2\/posts\/7750","targetHints":{"allow":["GET"]}}],"collection":[{"href":"https:\/\/www.isdin.com\/es\/blog\/wp-json\/wp\/v2\/posts"}],"about":[{"href":"https:\/\/www.isdin.com\/es\/blog\/wp-json\/wp\/v2\/types\/post"}],"author":[{"embeddable":true,"href":"https:\/\/www.isdin.com\/es\/blog\/wp-json\/wp\/v2\/users\/3"}],"replies":[{"embeddable":true,"href":"https:\/\/www.isdin.com\/es\/blog\/wp-json\/wp\/v2\/comments?post=7750"}],"version-history":[{"count":6,"href":"https:\/\/www.isdin.com\/es\/blog\/wp-json\/wp\/v2\/posts\/7750\/revisions"}],"predecessor-version":[{"id":7760,"href":"https:\/\/www.isdin.com\/es\/blog\/wp-json\/wp\/v2\/posts\/7750\/revisions\/7760"}],"wp:featuredmedia":[{"embeddable":true,"href":"https:\/\/www.isdin.com\/es\/blog\/wp-json\/wp\/v2\/media\/7755"}],"wp:attachment":[{"href":"https:\/\/www.isdin.com\/es\/blog\/wp-json\/wp\/v2\/media?parent=7750"}],"wp:term":[{"taxonomy":"category","embeddable":true,"href":"https:\/\/www.isdin.com\/es\/blog\/wp-json\/wp\/v2\/categories?post=7750"},{"taxonomy":"post_tag","embeddable":true,"href":"https:\/\/www.isdin.com\/es\/blog\/wp-json\/wp\/v2\/tags?post=7750"}],"curies":[{"name":"wp","href":"https:\/\/api.w.org\/{rel}","templated":true}]}}