{"id":7698,"date":"2025-09-05T09:31:15","date_gmt":"2025-09-05T09:31:15","guid":{"rendered":"https:\/\/www.isdin.com\/es\/blog\/?p=7698"},"modified":"2025-09-12T08:49:11","modified_gmt":"2025-09-12T08:49:11","slug":"esto-es-lo-que-los-expertos-dicen-sobre-la-caida-capilar","status":"publish","type":"post","link":"https:\/\/www.isdin.com\/es\/blog\/esto-es-lo-que-los-expertos-dicen-sobre-la-caida-capilar\/","title":{"rendered":"Esto es lo que los expertos dicen sobre la ca\u00edda capilar"},"content":{"rendered":"\n<p>\u00bfTe preocupa la <strong>ca\u00edda del cabello<\/strong> y no sabes si es normal o si deber\u00edas hacer algo al respecto? No est\u00e1s solo. La p\u00e9rdida capilar es uno de los problemas est\u00e9ticos m\u00e1s consultados en dermatolog\u00eda y genera muchas dudas: \u00bfpor qu\u00e9 ocurre?, \u00bfcu\u00e1ndo preocuparse?, \u00bfqu\u00e9 tratamientos funcionan de verdad?<\/p>\n\n\n\n<p>Para resolver todas estas preguntas, hemos reunido a varios <strong>dermat\u00f3logos expertos en tricolog\u00eda<\/strong>, que comparten su visi\u00f3n sobre las causas m\u00e1s comunes, los mitos m\u00e1s repetidos y las soluciones m\u00e1s efectivas para frenar la ca\u00edda y devolverle la fuerza a tu melena.<\/p>\n\n\n\n<h2 class=\"wp-block-heading\" id=\"h-cuando-hay-que-preocuparse-por-la-caida-del-cabello\">\u00bfCu\u00e1ndo hay que preocuparse por la ca\u00edda del cabello?<\/h2>\n\n\n\n<p>La ca\u00edda del cabello es algo natural: el pelo se renueva y en ciertas \u00e9pocas del a\u00f1o (como <a href=\"https:\/\/www.isdin.com\/es\/blog\/rutina-piel-primavera\/\">primavera<\/a> u <a href=\"https:\/\/www.isdin.com\/es\/blog\/rutina-de-piel-en-otono\/\">oto\u00f1o<\/a>) puede notarse m\u00e1s. Hasta ah\u00ed, nada raro. Pero\u2026 \u00bfc\u00f3mo saber cu\u00e1ndo pasa de ser normal a convertirse en una se\u00f1al de alerta?<\/p>\n\n\n\n<p>El <a href=\"https:\/\/demaxclinic.com\/equipo-dr-pablo-martin-carrasco\/\"><strong>Dr. Pablo Mart\u00edn<\/strong><\/a>, especialista en salud capilar, lo explica de forma clara en este video. Habla de esos momentos en los que deber\u00edas prestar atenci\u00f3n: desde una p\u00e9rdida de pelo m\u00e1s abundante de lo habitual hasta cambios visibles en la densidad o zonas que comienzan a despoblarse.<\/p>\n\n\n\n<p>Si quieres distinguir entre una ca\u00edda pasajera y un problema capilar que requiere cuidados espec\u00edficos, no te pierdas su explicaci\u00f3n completa aqu\u00ed:<\/p>\n\n\n\n<figure class=\"wp-block-embed is-type-video is-provider-youtube wp-block-embed-youtube wp-embed-aspect-16-9 wp-has-aspect-ratio\"><div class=\"wp-block-embed__wrapper\">\n<div class=\"flex-video widescreen youtube\"><iframe loading=\"lazy\" title=\"\u00bfCu\u00e1ndo hay que preocuparse por la ca\u00edda del cabello? - ISDIN #shorts\" width=\"500\" height=\"281\" src=\"https:\/\/www.youtube.com\/embed\/ouuLG5Im-fg?feature=oembed&#038;showinfo=0&#038;rel=0&#038;modestbranding=1&#038;iv_load_policy=3&#038;playsinline=1&#038;enablejsapi=1\" frameborder=\"0\" allow=\"accelerometer; autoplay; clipboard-write; encrypted-media; gyroscope; picture-in-picture; web-share\" referrerpolicy=\"strict-origin-when-cross-origin\" allowfullscreen><\/iframe><\/div>\n<\/div><\/figure>\n\n\n\n<p><\/p>\n\n\n\n<p class=\"has-background\" style=\"background-color:#dac9df\">Aunque asuste ver pelo en la ducha o en la almohada, lo normal es <a href=\"https:\/\/www.aad.org\/public\/diseases\/hair-loss\/insider\/normal-hair-loss\"><strong>perder entre 50 y 100 cabellos al d\u00eda<\/strong><\/a>. Forma parte del ciclo natural de renovaci\u00f3n capilar y no significa necesariamente un problema.<\/p>\n\n\n\n<p><\/p>\n\n\n\n<h2 class=\"wp-block-heading\" id=\"h-cuales-son-las-causas-mas-comunes-de-la-caida-del-cabello\">\u00bfCu\u00e1les son las causas m\u00e1s comunes de la ca\u00edda del cabello?<\/h2>\n\n\n\n<figure class=\"wp-block-image size-large\"><img loading=\"lazy\" decoding=\"async\" width=\"1024\" height=\"527\" src=\"data:image\/gif;base64,R0lGODlhAQABAAAAACH5BAEKAAEALAAAAAABAAEAAAICTAEAOw==\" data-src=\"https:\/\/www.isdin.com\/es\/blog\/wp-content\/uploads\/2023\/02\/Imagen-en-el-contenido-24-1-1024x527.png\" alt=\"Tres mujeres de diferentes edades con sonrisas radiantes y cabello saludable, representando los beneficios de cuidar la densidad capilar.\" class=\"wp-image-12554 lazyload\" data-sizes=\"auto\" data-srcset=\"https:\/\/www.isdin.com\/es\/blog\/wp-content\/uploads\/2023\/02\/Imagen-en-el-contenido-24-1-1024x527.png 1024w, https:\/\/www.isdin.com\/es\/blog\/wp-content\/uploads\/2023\/02\/Imagen-en-el-contenido-24-1-300x155.png 300w, https:\/\/www.isdin.com\/es\/blog\/wp-content\/uploads\/2023\/02\/Imagen-en-el-contenido-24-1-150x77.png 150w, https:\/\/www.isdin.com\/es\/blog\/wp-content\/uploads\/2023\/02\/Imagen-en-el-contenido-24-1-768x396.png 768w, https:\/\/www.isdin.com\/es\/blog\/wp-content\/uploads\/2023\/02\/Imagen-en-el-contenido-24-1-585x300.png 585w, https:\/\/www.isdin.com\/es\/blog\/wp-content\/uploads\/2023\/02\/Imagen-en-el-contenido-24-1-450x232.png 450w, https:\/\/www.isdin.com\/es\/blog\/wp-content\/uploads\/2023\/02\/Imagen-en-el-contenido-24-1-20x11.png 20w, https:\/\/www.isdin.com\/es\/blog\/wp-content\/uploads\/2023\/02\/Imagen-en-el-contenido-24-1-225x116.png 225w, https:\/\/www.isdin.com\/es\/blog\/wp-content\/uploads\/2023\/02\/Imagen-en-el-contenido-24-1-900x464.png 900w, https:\/\/www.isdin.com\/es\/blog\/wp-content\/uploads\/2023\/02\/Imagen-en-el-contenido-24-1.png 1200w\" sizes=\"auto, (max-width: 1024px) 100vw, 1024px\" \/><\/figure>\n\n\n\n<p><\/p>\n\n\n\n<p>La ca\u00edda del cabello no siempre responde al mismo motivo. Puede deberse a algo tan simple como el <a href=\"https:\/\/www.notion.so\/Esto-es-lo-que-los-expertos-dicen-sobre-la-ca-da-capilar-24dbf2b1435d80fe95c9d98625969d13?pvs=21\">estr\u00e9s<\/a> o una <a href=\"https:\/\/www.isdin.com\/es\/blog\/alimentacion-para-una-piel-sana\/\">alimentaci\u00f3n<\/a> pobre en nutrientes, pero tambi\u00e9n a cambios hormonales o incluso a la gen\u00e9tica.<\/p>\n\n\n\n<p>La <a href=\"https:\/\/institutomedicoricart.com\/nuestro-equipo\/alba-gomez\/\"><strong>Dra. Alba G\u00f3mez<\/strong><\/a>, experta en tricolog\u00eda, lo explica con detalle en este video, donde repasa las causas m\u00e1s frecuentes y c\u00f3mo reconocerlas. Si notas que tu pelo se cae m\u00e1s de lo habitual y quieres entender <strong>qu\u00e9 factor puede estar detr\u00e1s de esa p\u00e9rdida<\/strong>, no te pierdas su explicaci\u00f3n:<\/p>\n\n\n\n<figure class=\"wp-block-embed is-type-video is-provider-youtube wp-block-embed-youtube wp-embed-aspect-16-9 wp-has-aspect-ratio\"><div class=\"wp-block-embed__wrapper\">\n<div class=\"flex-video widescreen youtube\"><iframe loading=\"lazy\" title=\"\u00bfCu\u00e1les son las causas m\u00e1s comunes de la ca\u00edda del cabello? - ISDIN #shorts\" width=\"500\" height=\"281\" src=\"https:\/\/www.youtube.com\/embed\/QaeX3Hrhx_M?feature=oembed&#038;showinfo=0&#038;rel=0&#038;modestbranding=1&#038;iv_load_policy=3&#038;playsinline=1&#038;enablejsapi=1\" frameborder=\"0\" allow=\"accelerometer; autoplay; clipboard-write; encrypted-media; gyroscope; picture-in-picture; web-share\" referrerpolicy=\"strict-origin-when-cross-origin\" allowfullscreen><\/iframe><\/div>\n<\/div><\/figure>\n\n\n\n<p><\/p>\n\n\n\n<p class=\"has-background\" style=\"background-color:#dac9df\"><strong>\u00bfSab\u00edas que la alopecia androg\u00e9nica afecta a la mitad de hombres y mujeres despu\u00e9s de la pubertad?<\/strong> Es <a href=\"https:\/\/pmc.ncbi.nlm.nih.gov\/articles\/PMC9979012\/\">la causa m\u00e1s com\u00fan de ca\u00edda capilar<\/a> y est\u00e1 vinculada a factores gen\u00e9ticos y hormonales.<\/p>\n\n\n\n<p><\/p>\n\n\n\n<h2 class=\"wp-block-heading\" id=\"h-que-mitos-existen-detras-de-la-caida-capilar\">\u00bfQu\u00e9 mitos existen detr\u00e1s de la ca\u00edda capilar?<\/h2>\n\n\n\n<p>Cuando hablamos de ca\u00edda del cabello, circulan un mont\u00f3n de creencias que no siempre son ciertas. Seguro has escuchado frases como: <em>\u201csi te lavas mucho el pelo, se cae m\u00e1s\u201d<\/em> o <em>\u201cel secador lo estropea todo\u201d<\/em>.<\/p>\n\n\n\n<p>La realidad es que muchos de estos mitos generan m\u00e1s preocupaci\u00f3n que soluciones. Por ejemplo, lavarse el cabello con frecuencia <strong>no provoca que se caiga m\u00e1s<\/strong>, lo que s\u00ed puede afectar es el tipo de productos que usas o si tienes alguna condici\u00f3n previa.<\/p>\n\n\n\n<p>El <a href=\"https:\/\/grupopedrojaen.com\/dr-david-saceda\/\"><strong>Dr. David Saceda<\/strong><\/a> aclara en este video cu\u00e1les son esos mitos m\u00e1s repetidos y qu\u00e9 dice la ciencia al respecto.<\/p>\n\n\n\n<figure class=\"wp-block-embed is-type-video is-provider-youtube wp-block-embed-youtube wp-embed-aspect-16-9 wp-has-aspect-ratio\"><div class=\"wp-block-embed__wrapper\">\n<div class=\"flex-video widescreen youtube\"><iframe loading=\"lazy\" title=\"5 mitos sobre la ca\u00edda capilar - ISDIN #shorts\" width=\"500\" height=\"281\" src=\"https:\/\/www.youtube.com\/embed\/JrK_Z9MAUfY?feature=oembed&#038;showinfo=0&#038;rel=0&#038;modestbranding=1&#038;iv_load_policy=3&#038;playsinline=1&#038;enablejsapi=1\" frameborder=\"0\" allow=\"accelerometer; autoplay; clipboard-write; encrypted-media; gyroscope; picture-in-picture; web-share\" referrerpolicy=\"strict-origin-when-cross-origin\" allowfullscreen><\/iframe><\/div>\n<\/div><\/figure>\n\n\n\n<p><\/p>\n\n\n\n<p class=\"has-background\" style=\"background-color:#dac9df\">En <a href=\"https:\/\/www.actasdermo.org\/es-evaluacion-del-pelo-cuero-cabelludo-articulo-S0001731013001580\">consultas dermatol\u00f3gicas<\/a>, alrededor del 17,5 % de los motivos de consulta corresponden a alopecias, lo cual indica que <strong>la p\u00e9rdida de cabello es una queja frecuente en atenci\u00f3n dermatol\u00f3gica general<\/strong>.<\/p>\n\n\n\n<p><\/p>\n\n\n\n<h2 class=\"wp-block-heading\" id=\"h-cual-es-el-mejor-tratamiento-para-la-caida-del-pelo\">\u00bfCu\u00e1l es el mejor tratamiento para la ca\u00edda del pelo?<\/h2>\n\n\n\n<p>No existe un \u00fanico tratamiento \u201cm\u00e1gico\u201d que funcione para todos. La efectividad depende de cada caso: no es lo mismo una ca\u00edda estacional que una alopecia androg\u00e9nica, ni un debilitamiento por estr\u00e9s que una carencia nutricional.<\/p>\n\n\n\n<p>Por eso, lo primero es un <strong>diagn\u00f3stico preciso<\/strong>: saber qu\u00e9 est\u00e1 causando la ca\u00edda. A partir de ah\u00ed, existen distintas opciones que pueden ayudar a recuperar <a href=\"https:\/\/www.isdin.com\/es\/blog\/guia-definitiva-melena-fuerte-y-bonita\/\">fuerza y densidad<\/a>, desde tratamientos t\u00f3picos hasta procedimientos m\u00e9dicos m\u00e1s avanzados.<\/p>\n\n\n\n<p>En este video, la <a href=\"https:\/\/clinicagarnacho.com\/\"><strong>Dra. Gloria Garnacho<\/strong><\/a> comparte las alternativas m\u00e1s efectivas y qu\u00e9 esperar de cada una seg\u00fan el tipo de ca\u00edda capilar.<\/p>\n\n\n\n<figure class=\"wp-block-embed is-type-video is-provider-youtube wp-block-embed-youtube wp-embed-aspect-16-9 wp-has-aspect-ratio\"><div class=\"wp-block-embed__wrapper\">\n<div class=\"flex-video widescreen youtube\"><iframe loading=\"lazy\" title=\"\u00bfCu\u00e1l es el mejor tratamiento para la ca\u00edda del cabello? - ISDIN #shorts\" width=\"500\" height=\"281\" src=\"https:\/\/www.youtube.com\/embed\/QdYfIDjhZYc?feature=oembed&#038;showinfo=0&#038;rel=0&#038;modestbranding=1&#038;iv_load_policy=3&#038;playsinline=1&#038;enablejsapi=1\" frameborder=\"0\" allow=\"accelerometer; autoplay; clipboard-write; encrypted-media; gyroscope; picture-in-picture; web-share\" referrerpolicy=\"strict-origin-when-cross-origin\" allowfullscreen><\/iframe><\/div>\n<\/div><\/figure>\n\n\n\n<p><\/p>\n\n\n\n<p class=\"has-background\" style=\"background-color:#dac9df\">Algunas <a href=\"https:\/\/pubmed.ncbi.nlm.nih.gov\/32258051\/\">dietas<\/a> como la <a href=\"https:\/\/www.isdin.com\/es\/blog\/consejos-estilo-de-vida-mediterraneo\/\">mediterr\u00e1nea<\/a>, alta en prote\u00ednas, pueden ser un buen aliado para frenar la ca\u00edda capilar.<\/p>\n\n\n\n<p><\/p>\n\n\n\n<h2 class=\"wp-block-heading\" id=\"h-el-secreto-de-un-cabello-fuerte-lo-que-comes-y-como-lo-cuidas\">El secreto de un cabello fuerte: lo que comes y c\u00f3mo lo cuidas<\/h2>\n\n\n\n<figure class=\"wp-block-image size-large\"><img loading=\"lazy\" decoding=\"async\" width=\"1024\" height=\"527\" src=\"data:image\/gif;base64,R0lGODlhAQABAAAAACH5BAEKAAEALAAAAAABAAEAAAICTAEAOw==\" data-src=\"https:\/\/www.isdin.com\/es\/blog\/wp-content\/uploads\/2023\/02\/Imagen-en-el-contenido-23-1-1024x527.png\" alt=\"Plato con rodajas de pi\u00f1a, frambuesas y moras, alimentos ricos en nutrientes que apoyan la salud capilar.\" class=\"wp-image-12553 lazyload\" data-sizes=\"auto\" data-srcset=\"https:\/\/www.isdin.com\/es\/blog\/wp-content\/uploads\/2023\/02\/Imagen-en-el-contenido-23-1-1024x527.png 1024w, https:\/\/www.isdin.com\/es\/blog\/wp-content\/uploads\/2023\/02\/Imagen-en-el-contenido-23-1-300x155.png 300w, https:\/\/www.isdin.com\/es\/blog\/wp-content\/uploads\/2023\/02\/Imagen-en-el-contenido-23-1-150x77.png 150w, https:\/\/www.isdin.com\/es\/blog\/wp-content\/uploads\/2023\/02\/Imagen-en-el-contenido-23-1-768x396.png 768w, https:\/\/www.isdin.com\/es\/blog\/wp-content\/uploads\/2023\/02\/Imagen-en-el-contenido-23-1-585x300.png 585w, https:\/\/www.isdin.com\/es\/blog\/wp-content\/uploads\/2023\/02\/Imagen-en-el-contenido-23-1-450x232.png 450w, https:\/\/www.isdin.com\/es\/blog\/wp-content\/uploads\/2023\/02\/Imagen-en-el-contenido-23-1-20x11.png 20w, https:\/\/www.isdin.com\/es\/blog\/wp-content\/uploads\/2023\/02\/Imagen-en-el-contenido-23-1-225x116.png 225w, https:\/\/www.isdin.com\/es\/blog\/wp-content\/uploads\/2023\/02\/Imagen-en-el-contenido-23-1-900x464.png 900w, https:\/\/www.isdin.com\/es\/blog\/wp-content\/uploads\/2023\/02\/Imagen-en-el-contenido-23-1.png 1200w\" sizes=\"auto, (max-width: 1024px) 100vw, 1024px\" \/><\/figure>\n\n\n\n<p><\/p>\n\n\n\n<p>Muchas veces pensamos que tener un pelo bonito depende solo de champ\u00fas o tratamientos externos. Pero lo cierto es que el <strong>cabello refleja lo que pasa dentro del cuerpo<\/strong>: nuestra alimentaci\u00f3n, <a href=\"https:\/\/www.isdin.com\/es\/blog\/efectos-dormir-poco-piel-como-minimizarlos\/\">el descanso<\/a> y hasta el nivel de estr\u00e9s.<\/p>\n\n\n\n<p>Un cuero cabelludo saludable es como la tierra de un jard\u00edn: si est\u00e1 bien nutrido, el pelo crecer\u00e1 con m\u00e1s fuerza. Estos h\u00e1bitos marcan la diferencia:<\/p>\n\n\n\n<ul class=\"wp-block-list\">\n<li><strong>Llena tu dieta de prote\u00ednas, hierro y vitaminas del grupo B<\/strong>: son los \u201cladrillos\u201d con los que el cuerpo fabrica queratina, la prote\u00edna esencial del cabello. Una deficiencia puede traducirse en un pelo m\u00e1s d\u00e9bil y quebradizo.<\/li>\n\n\n\n<li><a href=\"https:\/\/www.isdin.com\/es\/blog\/skinification-tendencia-cuero-cabelludo-cuidar\/\">Cuida tu cuero cabelludo<\/a> como cuidas tu piel: hidratarlo y usar productos adaptados a tu tipo de cabello evita irritaciones y favorece un entorno ideal para el crecimiento.<\/li>\n\n\n\n<li><strong>No olvides lo b\u00e1sico<\/strong>: <a href=\"https:\/\/www.isdin.com\/es\/blog\/consejos-para-dormir-bien\/\">dormir bien<\/a>, reducir el estr\u00e9s y mantenerte activo influye m\u00e1s de lo que imaginamos en la salud capilar. El pelo es un espejo del estilo de vida.<\/li>\n<\/ul>\n\n\n\n<p>Al final, la clave est\u00e1 en entender que la <a href=\"https:\/\/www.isdin.com\/es\/blog\/alimentos-con-vitamina-d-beneficios-piel\/\">alimentaci\u00f3n<\/a> y los <a href=\"https:\/\/www.isdin.com\/es\/blog\/de-meta-a-habito-la-clave-para-el-exito\/\">h\u00e1bitos diarios<\/a> son tan importantes como cualquier tratamiento. Descubre aqu\u00ed la <a href=\"https:\/\/youtu.be\/XKQXmarlDRU\">dieta m\u00e1s adecuada para un cabello saludable<\/a>, de la mano del Dr. David Saceda.<\/p>\n\n\n\n<p><\/p>\n\n\n\n<p class=\"has-background\" style=\"background-color:#dac9df\"><strong>\u00bfQuieres ir un paso m\u00e1s all\u00e1?<\/strong> Tambi\u00e9n puedes aprender <a href=\"https:\/\/youtu.be\/zNnxvhdHmyE\">qu\u00e9 vitaminas son clave cuando se te cae el pelo, con la Dra. Alba G\u00f3mez<\/a>.<\/p>\n\n\n\n<p><\/p>\n\n\n\n<h2 class=\"wp-block-heading\" id=\"h-los-productos-ideales-para-el-cuidado-del-cabello\">Los productos ideales para el cuidado del cabello<\/h2>\n\n\n\n<figure class=\"wp-block-image size-large\"><img loading=\"lazy\" decoding=\"async\" width=\"1024\" height=\"527\" src=\"data:image\/gif;base64,R0lGODlhAQABAAAAACH5BAEKAAEALAAAAAABAAEAAAICTAEAOw==\" data-src=\"https:\/\/www.isdin.com\/es\/blog\/wp-content\/uploads\/2025\/09\/Imagen-en-el-contenido-90-1024x527.png\" alt=\"Productos ISDIN Lambdapil para la densidad capilar, incluyendo shampoo, loci\u00f3n con melatonina y c\u00e1psulas, dise\u00f1ados para fortalecer el cabello y combatir la ca\u00edda.\" class=\"wp-image-12594 lazyload\" data-sizes=\"auto\" data-srcset=\"https:\/\/www.isdin.com\/es\/blog\/wp-content\/uploads\/2025\/09\/Imagen-en-el-contenido-90-1024x527.png 1024w, https:\/\/www.isdin.com\/es\/blog\/wp-content\/uploads\/2025\/09\/Imagen-en-el-contenido-90-300x155.png 300w, https:\/\/www.isdin.com\/es\/blog\/wp-content\/uploads\/2025\/09\/Imagen-en-el-contenido-90-150x77.png 150w, https:\/\/www.isdin.com\/es\/blog\/wp-content\/uploads\/2025\/09\/Imagen-en-el-contenido-90-768x396.png 768w, https:\/\/www.isdin.com\/es\/blog\/wp-content\/uploads\/2025\/09\/Imagen-en-el-contenido-90-585x300.png 585w, https:\/\/www.isdin.com\/es\/blog\/wp-content\/uploads\/2025\/09\/Imagen-en-el-contenido-90-450x232.png 450w, https:\/\/www.isdin.com\/es\/blog\/wp-content\/uploads\/2025\/09\/Imagen-en-el-contenido-90-20x11.png 20w, https:\/\/www.isdin.com\/es\/blog\/wp-content\/uploads\/2025\/09\/Imagen-en-el-contenido-90-225x116.png 225w, https:\/\/www.isdin.com\/es\/blog\/wp-content\/uploads\/2025\/09\/Imagen-en-el-contenido-90-900x464.png 900w, https:\/\/www.isdin.com\/es\/blog\/wp-content\/uploads\/2025\/09\/Imagen-en-el-contenido-90.png 1200w\" sizes=\"auto, (max-width: 1024px) 100vw, 1024px\" \/><\/figure>\n\n\n\n<p><\/p>\n\n\n\n<p>Cuando el cabello empieza a perder densidad o vitalidad, lo mejor es abordarlo desde distintos frentes: cuidarlo por dentro, reforzarlo desde la ra\u00edz y mimarlo cada d\u00eda en la <a href=\"https:\/\/www.isdin.com\/es\/blog\/everything-shower-la-tendencia-de-cuidado-corporal-que-te-enamorara\/\">ducha<\/a>. As\u00ed es como puedes poner en marcha un plan sencillo y eficaz:<\/p>\n\n\n\n<ul class=\"wp-block-list\">\n<li><strong>Desde dentro<\/strong>: <a href=\"https:\/\/www.isdin.com\/es\/p\/lambdapil-anticaida-capsulas-60-unidades\/0904\">Lambdapil C\u00e1psulas Antica\u00edda<\/a> aportan <strong>biotina, zinc, vitaminas B y antioxidantes<\/strong> que ayudan a nutrir el fol\u00edculo desde el interior, favorecen el crecimiento y reducen la ca\u00edda.<\/li>\n\n\n\n<li><strong>En la ra\u00edz<\/strong>: <a href=\"https:\/\/www.isdin.com\/es\/p\/lambdapil-melatonin-concentrate\/4336\">Lambdapil Melatonin Concentrate<\/a> es un concentrado nocturno con <a href=\"https:\/\/www.isdin.com\/es\/blog\/melatonina-topica\/\">melatonina<\/a>, ginkgo biloba y biotina que act\u00faa directamente en el cuero cabelludo, prolongando la fase de crecimiento y reforzando la densidad capilar.<\/li>\n\n\n\n<li><strong>En la ducha<\/strong>: <a href=\"https:\/\/www.isdin.com\/es\/p\/lambdapil-champu-anticaida-200-ml\/0854\">Lambdapil Champ\u00fa Antica\u00edda<\/a> limpia suavemente mientras fortalece la fibra capilar, aporta volumen y ayuda a mantener un cabello con aspecto m\u00e1s saludable.<\/li>\n<\/ul>\n\n\n\n<p>Con este plan de autocuidado, tu cabello recibe lo que necesita en cada etapa: <strong>nutrici\u00f3n, estimulaci\u00f3n y fortaleza<\/strong>.<\/p>\n\n\n\n<blockquote class=\"wp-block-quote is-layout-flow wp-block-quote-is-layout-flow\">\n<p>\u201dMi cabello nunca ha tenido tanto volumen y se ha visto tan saludable como ahora. Es cierto que cuando te sientes bien con tu apariencia, las personas lo notan y eso te hace sentir a\u00fan m\u00e1s feliz. Llevaba a\u00f1os buscando tener el pelo as\u00ed\u201d.<\/p>\n\n\n\n<p><\/p>\n<cite>Carmen, 52 a\u00f1os, fan de Lambdapil 5 Alfa Plus.<\/cite><\/blockquote>\n\n\n\n<h2 class=\"wp-block-heading\" id=\"h-tu-melena-tu-mejor-reflejo\">Tu melena, tu mejor reflejo<\/h2>\n\n\n\n<p>El cabello acompa\u00f1a cada etapa de nuestra vida. A veces se debilita, otras veces brilla con m\u00e1s fuerza, pero siempre habla de nosotros: de c\u00f3mo nos cuidamos, de lo que comemos, de c\u00f3mo descansamos y, sobre todo, de c\u00f3mo nos sentimos.<\/p>\n\n\n\n<p>Por eso, cuidarlo no es un gesto superficial, es una forma de conectar contigo misma. Un ritual que, con peque\u00f1os pasos, transforma no solo tu melena, sino tambi\u00e9n tu seguridad y tu energ\u00eda.<\/p>\n\n\n\n<p>La <strong>Dra. Gloria Garnacho<\/strong> lo resume en cuatro claves sencillas para conseguir un cabello m\u00e1s fuerte, brillante y sano:<\/p>\n\n\n\n<figure class=\"wp-block-embed is-type-video is-provider-youtube wp-block-embed-youtube wp-embed-aspect-16-9 wp-has-aspect-ratio\"><div class=\"wp-block-embed__wrapper\">\n<div class=\"flex-video widescreen youtube\"><iframe loading=\"lazy\" title=\"Tips para un cabello m\u00e1s brillante, fuerte y sano - ISDIN #shorts\" width=\"500\" height=\"281\" src=\"https:\/\/www.youtube.com\/embed\/VE1Rid5lvxM?feature=oembed&#038;showinfo=0&#038;rel=0&#038;modestbranding=1&#038;iv_load_policy=3&#038;playsinline=1&#038;enablejsapi=1\" frameborder=\"0\" allow=\"accelerometer; autoplay; clipboard-write; encrypted-media; gyroscope; picture-in-picture; web-share\" referrerpolicy=\"strict-origin-when-cross-origin\" allowfullscreen><\/iframe><\/div>\n<\/div><\/figure>\n\n\n\n<p><\/p>\n\n\n\n<blockquote class=\"wp-block-quote is-layout-flow wp-block-quote-is-layout-flow\">\n<p>Recuerda: tu cabello es mucho m\u00e1s que est\u00e9tica, es un reflejo de tu bienestar. Cu\u00eddalo con constancia y ver\u00e1s c\u00f3mo, junto a tu melena, tambi\u00e9n florece tu mejor versi\u00f3n<\/p>\n<\/blockquote>\n\n\n\n<p><\/p>\n","protected":false},"excerpt":{"rendered":"<p>Hemos reunido a varios dermat\u00f3logos expertos en tricolog\u00eda, que comparten su visi\u00f3n sobre las causas m\u00e1s comunes, los mitos m\u00e1s repetidos y las soluciones m\u00e1s efectivas para frenar la ca\u00edda y devolverle la fuerza a tu melena.<\/p>\n","protected":false},"author":69,"featured_media":12555,"comment_status":"closed","ping_status":"closed","sticky":false,"template":"","format":"image","meta":{"footnotes":""},"categories":[107,1,109,65],"tags":[441,506],"class_list":["post-7698","post","type-post","status-publish","format-image","has-post-thumbnail","hentry","category-cabello","category-consejos-cuidados","category-dermatologia","category-expertos","tag-caida-capilar","tag-lambdapil","post_format-post-format-image"],"yoast_head":"<!-- This site is optimized with the Yoast SEO Premium plugin v25.4 (Yoast SEO v25.4) - https:\/\/yoast.com\/wordpress\/plugins\/seo\/ -->\n<title>Ca\u00edda capilar: dudas m\u00e1s frecuentes resueltas por dermat\u00f3logos | ISDIN<\/title>\n<meta name=\"description\" content=\"Dermat\u00f3logos expertos en tricolog\u00eda resuelven las dudas m\u00e1s comunes sobre la ca\u00edda del cabello y c\u00f3mo mantenerlo fuerte y sano.\" \/>\n<meta name=\"robots\" content=\"index, follow, max-snippet:-1, max-image-preview:large, max-video-preview:-1\" \/>\n<link rel=\"canonical\" href=\"https:\/\/www.isdin.com\/es\/blog\/esto-es-lo-que-los-expertos-dicen-sobre-la-caida-capilar\/\" \/>\n<meta property=\"og:locale\" content=\"es_ES\" \/>\n<meta property=\"og:type\" content=\"article\" \/>\n<meta property=\"og:title\" content=\"Esto es lo que los expertos dicen sobre la ca\u00edda capilar\" \/>\n<meta property=\"og:description\" content=\"Dermat\u00f3logos expertos en tricolog\u00eda resuelven las dudas m\u00e1s comunes sobre la ca\u00edda del cabello y c\u00f3mo mantenerlo fuerte y sano.\" \/>\n<meta property=\"og:url\" content=\"https:\/\/www.isdin.com\/es\/blog\/esto-es-lo-que-los-expertos-dicen-sobre-la-caida-capilar\/\" \/>\n<meta property=\"og:site_name\" content=\"ISDIN\" \/>\n<meta property=\"article:publisher\" content=\"https:\/\/es-es.facebook.com\/ISDIN.official\/\" \/>\n<meta property=\"article:published_time\" content=\"2025-09-05T09:31:15+00:00\" \/>\n<meta property=\"article:modified_time\" content=\"2025-09-12T08:49:11+00:00\" \/>\n<meta property=\"og:image\" content=\"https:\/\/www.isdin.com\/es\/blog\/wp-content\/uploads\/2023\/02\/2023_Blog_Caida-del-cabello-Facebook.png\" \/>\n\t<meta property=\"og:image:width\" content=\"1200\" \/>\n\t<meta property=\"og:image:height\" content=\"630\" \/>\n\t<meta property=\"og:image:type\" content=\"image\/png\" \/>\n<meta name=\"author\" content=\"Belinda Mart\u00ednez\" \/>\n<meta name=\"twitter:card\" content=\"summary_large_image\" \/>\n<meta name=\"twitter:creator\" content=\"@isdin_official\" \/>\n<meta name=\"twitter:site\" content=\"@isdin_official\" \/>\n<meta name=\"twitter:label1\" content=\"Written by\" \/>\n\t<meta name=\"twitter:data1\" content=\"Belinda Mart\u00ednez\" \/>\n\t<meta name=\"twitter:label2\" content=\"Est. reading time\" \/>\n\t<meta name=\"twitter:data2\" content=\"7 minutes\" \/>\n<script type=\"application\/ld+json\" class=\"yoast-schema-graph\">{\"@context\":\"https:\/\/schema.org\",\"@graph\":[{\"@type\":\"Article\",\"@id\":\"https:\/\/www.isdin.com\/es\/blog\/esto-es-lo-que-los-expertos-dicen-sobre-la-caida-capilar\/#article\",\"isPartOf\":{\"@id\":\"https:\/\/www.isdin.com\/es\/blog\/esto-es-lo-que-los-expertos-dicen-sobre-la-caida-capilar\/\"},\"author\":{\"name\":\"Belinda Mart\u00ednez\",\"@id\":\"https:\/\/www.isdin.com\/es\/blog\/#\/schema\/person\/684015d7d9e78124cb4aa660f6fe8576\"},\"headline\":\"Esto es lo que los expertos dicen sobre la ca\u00edda capilar\",\"datePublished\":\"2025-09-05T09:31:15+00:00\",\"dateModified\":\"2025-09-12T08:49:11+00:00\",\"mainEntityOfPage\":{\"@id\":\"https:\/\/www.isdin.com\/es\/blog\/esto-es-lo-que-los-expertos-dicen-sobre-la-caida-capilar\/\"},\"wordCount\":1386,\"publisher\":{\"@id\":\"https:\/\/www.isdin.com\/es\/blog\/#organization\"},\"image\":{\"@id\":\"https:\/\/www.isdin.com\/es\/blog\/esto-es-lo-que-los-expertos-dicen-sobre-la-caida-capilar\/#primaryimage\"},\"thumbnailUrl\":\"https:\/\/www.isdin.com\/es\/blog\/wp-content\/uploads\/2023\/02\/Header-4-1.png\",\"keywords\":[\"ca\u00edda capilar\",\"lambdapil\"],\"articleSection\":[\"Ca\u00edda del cabello\",\"Consejos y cuidados\",\"Dermatolog\u00eda\",\"Expertos\"],\"inLanguage\":\"es-ES\"},{\"@type\":\"WebPage\",\"@id\":\"https:\/\/www.isdin.com\/es\/blog\/esto-es-lo-que-los-expertos-dicen-sobre-la-caida-capilar\/\",\"url\":\"https:\/\/www.isdin.com\/es\/blog\/esto-es-lo-que-los-expertos-dicen-sobre-la-caida-capilar\/\",\"name\":\"Ca\u00edda capilar: dudas m\u00e1s frecuentes resueltas por dermat\u00f3logos | ISDIN\",\"isPartOf\":{\"@id\":\"https:\/\/www.isdin.com\/es\/blog\/#website\"},\"primaryImageOfPage\":{\"@id\":\"https:\/\/www.isdin.com\/es\/blog\/esto-es-lo-que-los-expertos-dicen-sobre-la-caida-capilar\/#primaryimage\"},\"image\":{\"@id\":\"https:\/\/www.isdin.com\/es\/blog\/esto-es-lo-que-los-expertos-dicen-sobre-la-caida-capilar\/#primaryimage\"},\"thumbnailUrl\":\"https:\/\/www.isdin.com\/es\/blog\/wp-content\/uploads\/2023\/02\/Header-4-1.png\",\"datePublished\":\"2025-09-05T09:31:15+00:00\",\"dateModified\":\"2025-09-12T08:49:11+00:00\",\"description\":\"Dermat\u00f3logos expertos en tricolog\u00eda resuelven las dudas m\u00e1s comunes sobre la ca\u00edda del cabello y c\u00f3mo mantenerlo fuerte y sano.\",\"breadcrumb\":{\"@id\":\"https:\/\/www.isdin.com\/es\/blog\/esto-es-lo-que-los-expertos-dicen-sobre-la-caida-capilar\/#breadcrumb\"},\"inLanguage\":\"es-ES\",\"potentialAction\":[{\"@type\":\"ReadAction\",\"target\":[\"https:\/\/www.isdin.com\/es\/blog\/esto-es-lo-que-los-expertos-dicen-sobre-la-caida-capilar\/\"]}]},{\"@type\":\"ImageObject\",\"inLanguage\":\"es-ES\",\"@id\":\"https:\/\/www.isdin.com\/es\/blog\/esto-es-lo-que-los-expertos-dicen-sobre-la-caida-capilar\/#primaryimage\",\"url\":\"https:\/\/www.isdin.com\/es\/blog\/wp-content\/uploads\/2023\/02\/Header-4-1.png\",\"contentUrl\":\"https:\/\/www.isdin.com\/es\/blog\/wp-content\/uploads\/2023\/02\/Header-4-1.png\",\"width\":1200,\"height\":760,\"caption\":\"Mujer sonriente con cabello corto, brillante y con movimiento, s\u00edmbolo de un cabello fuerte y sin signos de ca\u00edda.\"},{\"@type\":\"BreadcrumbList\",\"@id\":\"https:\/\/www.isdin.com\/es\/blog\/esto-es-lo-que-los-expertos-dicen-sobre-la-caida-capilar\/#breadcrumb\",\"itemListElement\":[{\"@type\":\"ListItem\",\"position\":1,\"name\":\"Portada\",\"item\":\"https:\/\/www.isdin.com\/es\/blog\/\"},{\"@type\":\"ListItem\",\"position\":2,\"name\":\"Esto es lo que los expertos dicen sobre la ca\u00edda capilar\"}]},{\"@type\":\"WebSite\",\"@id\":\"https:\/\/www.isdin.com\/es\/blog\/#website\",\"url\":\"https:\/\/www.isdin.com\/es\/blog\/\",\"name\":\"ISDIN\",\"description\":\"Novedades, lanzamientos de productos y toda la experiencia de ISDIN\",\"publisher\":{\"@id\":\"https:\/\/www.isdin.com\/es\/blog\/#organization\"},\"potentialAction\":[{\"@type\":\"SearchAction\",\"target\":{\"@type\":\"EntryPoint\",\"urlTemplate\":\"https:\/\/www.isdin.com\/es\/blog\/?s={search_term_string}\"},\"query-input\":{\"@type\":\"PropertyValueSpecification\",\"valueRequired\":true,\"valueName\":\"search_term_string\"}}],\"inLanguage\":\"es-ES\"},{\"@type\":\"Organization\",\"@id\":\"https:\/\/www.isdin.com\/es\/blog\/#organization\",\"name\":\"ISDIN\",\"alternateName\":\"ISDIN\",\"url\":\"https:\/\/www.isdin.com\/es\/blog\/\",\"logo\":{\"@type\":\"ImageObject\",\"inLanguage\":\"es-ES\",\"@id\":\"https:\/\/www.isdin.com\/es\/blog\/#\/schema\/logo\/image\/\",\"url\":\"https:\/\/www.isdin.com\/es\/blog\/wp-content\/uploads\/2024\/05\/2025_03_GuiaFoto_FWM.png\",\"contentUrl\":\"https:\/\/www.isdin.com\/es\/blog\/wp-content\/uploads\/2024\/05\/2025_03_GuiaFoto_FWM.png\",\"width\":670,\"height\":683,\"caption\":\"ISDIN\"},\"image\":{\"@id\":\"https:\/\/www.isdin.com\/es\/blog\/#\/schema\/logo\/image\/\"},\"sameAs\":[\"https:\/\/es-es.facebook.com\/ISDIN.official\/\",\"https:\/\/x.com\/isdin_official\",\"https:\/\/www.instagram.com\/isdinofficial\",\"https:\/\/www.youtube.com\/channel\/UCtoNJMKpDwdFLqgV23_lcqg\"],\"telephone\":\"659997812\"},{\"@type\":\"Person\",\"@id\":\"https:\/\/www.isdin.com\/es\/blog\/#\/schema\/person\/684015d7d9e78124cb4aa660f6fe8576\",\"name\":\"Belinda Mart\u00ednez\",\"image\":{\"@type\":\"ImageObject\",\"inLanguage\":\"es-ES\",\"@id\":\"https:\/\/www.isdin.com\/es\/blog\/#\/schema\/person\/image\/\",\"url\":\"https:\/\/www.isdin.com\/es\/blog\/wp-content\/uploads\/2017\/07\/jjjj.jpg\",\"contentUrl\":\"https:\/\/www.isdin.com\/es\/blog\/wp-content\/uploads\/2017\/07\/jjjj.jpg\",\"caption\":\"Belinda Mart\u00ednez\"},\"description\":\"Belinda es periodista y copywriter creativa. Tras a\u00f1os de experiencia, decidi\u00f3 fusionar sus habilidades de escritura con su amor por el skincare, convirti\u00e9ndose en una especialista en la materia. \u00bfSu imprescindible? Un buen b\u00e1lsamo de labios.\",\"sameAs\":[\"https:\/\/www.linkedin.com\/in\/thisisbel\/\"],\"url\":\"https:\/\/www.isdin.com\/es\/blog\/author\/belindamartinez\/\"}]}<\/script>\n<!-- \/ Yoast SEO Premium plugin. -->","yoast_head_json":{"title":"Ca\u00edda capilar: dudas m\u00e1s frecuentes resueltas por dermat\u00f3logos | ISDIN","description":"Dermat\u00f3logos expertos en tricolog\u00eda resuelven las dudas m\u00e1s comunes sobre la ca\u00edda del cabello y c\u00f3mo mantenerlo fuerte y sano.","robots":{"index":"index","follow":"follow","max-snippet":"max-snippet:-1","max-image-preview":"max-image-preview:large","max-video-preview":"max-video-preview:-1"},"canonical":"https:\/\/www.isdin.com\/es\/blog\/esto-es-lo-que-los-expertos-dicen-sobre-la-caida-capilar\/","og_locale":"es_ES","og_type":"article","og_title":"Esto es lo que los expertos dicen sobre la ca\u00edda capilar","og_description":"Dermat\u00f3logos expertos en tricolog\u00eda resuelven las dudas m\u00e1s comunes sobre la ca\u00edda del cabello y c\u00f3mo mantenerlo fuerte y sano.","og_url":"https:\/\/www.isdin.com\/es\/blog\/esto-es-lo-que-los-expertos-dicen-sobre-la-caida-capilar\/","og_site_name":"ISDIN","article_publisher":"https:\/\/es-es.facebook.com\/ISDIN.official\/","article_published_time":"2025-09-05T09:31:15+00:00","article_modified_time":"2025-09-12T08:49:11+00:00","og_image":[{"width":1200,"height":630,"url":"https:\/\/www.isdin.com\/es\/blog\/wp-content\/uploads\/2023\/02\/2023_Blog_Caida-del-cabello-Facebook.png","type":"image\/png"}],"author":"Belinda Mart\u00ednez","twitter_card":"summary_large_image","twitter_creator":"@isdin_official","twitter_site":"@isdin_official","twitter_misc":{"Written by":"Belinda Mart\u00ednez","Est. reading time":"7 minutes"},"schema":{"@context":"https:\/\/schema.org","@graph":[{"@type":"Article","@id":"https:\/\/www.isdin.com\/es\/blog\/esto-es-lo-que-los-expertos-dicen-sobre-la-caida-capilar\/#article","isPartOf":{"@id":"https:\/\/www.isdin.com\/es\/blog\/esto-es-lo-que-los-expertos-dicen-sobre-la-caida-capilar\/"},"author":{"name":"Belinda Mart\u00ednez","@id":"https:\/\/www.isdin.com\/es\/blog\/#\/schema\/person\/684015d7d9e78124cb4aa660f6fe8576"},"headline":"Esto es lo que los expertos dicen sobre la ca\u00edda capilar","datePublished":"2025-09-05T09:31:15+00:00","dateModified":"2025-09-12T08:49:11+00:00","mainEntityOfPage":{"@id":"https:\/\/www.isdin.com\/es\/blog\/esto-es-lo-que-los-expertos-dicen-sobre-la-caida-capilar\/"},"wordCount":1386,"publisher":{"@id":"https:\/\/www.isdin.com\/es\/blog\/#organization"},"image":{"@id":"https:\/\/www.isdin.com\/es\/blog\/esto-es-lo-que-los-expertos-dicen-sobre-la-caida-capilar\/#primaryimage"},"thumbnailUrl":"https:\/\/www.isdin.com\/es\/blog\/wp-content\/uploads\/2023\/02\/Header-4-1.png","keywords":["ca\u00edda capilar","lambdapil"],"articleSection":["Ca\u00edda del cabello","Consejos y cuidados","Dermatolog\u00eda","Expertos"],"inLanguage":"es-ES"},{"@type":"WebPage","@id":"https:\/\/www.isdin.com\/es\/blog\/esto-es-lo-que-los-expertos-dicen-sobre-la-caida-capilar\/","url":"https:\/\/www.isdin.com\/es\/blog\/esto-es-lo-que-los-expertos-dicen-sobre-la-caida-capilar\/","name":"Ca\u00edda capilar: dudas m\u00e1s frecuentes resueltas por dermat\u00f3logos | ISDIN","isPartOf":{"@id":"https:\/\/www.isdin.com\/es\/blog\/#website"},"primaryImageOfPage":{"@id":"https:\/\/www.isdin.com\/es\/blog\/esto-es-lo-que-los-expertos-dicen-sobre-la-caida-capilar\/#primaryimage"},"image":{"@id":"https:\/\/www.isdin.com\/es\/blog\/esto-es-lo-que-los-expertos-dicen-sobre-la-caida-capilar\/#primaryimage"},"thumbnailUrl":"https:\/\/www.isdin.com\/es\/blog\/wp-content\/uploads\/2023\/02\/Header-4-1.png","datePublished":"2025-09-05T09:31:15+00:00","dateModified":"2025-09-12T08:49:11+00:00","description":"Dermat\u00f3logos expertos en tricolog\u00eda resuelven las dudas m\u00e1s comunes sobre la ca\u00edda del cabello y c\u00f3mo mantenerlo fuerte y sano.","breadcrumb":{"@id":"https:\/\/www.isdin.com\/es\/blog\/esto-es-lo-que-los-expertos-dicen-sobre-la-caida-capilar\/#breadcrumb"},"inLanguage":"es-ES","potentialAction":[{"@type":"ReadAction","target":["https:\/\/www.isdin.com\/es\/blog\/esto-es-lo-que-los-expertos-dicen-sobre-la-caida-capilar\/"]}]},{"@type":"ImageObject","inLanguage":"es-ES","@id":"https:\/\/www.isdin.com\/es\/blog\/esto-es-lo-que-los-expertos-dicen-sobre-la-caida-capilar\/#primaryimage","url":"https:\/\/www.isdin.com\/es\/blog\/wp-content\/uploads\/2023\/02\/Header-4-1.png","contentUrl":"https:\/\/www.isdin.com\/es\/blog\/wp-content\/uploads\/2023\/02\/Header-4-1.png","width":1200,"height":760,"caption":"Mujer sonriente con cabello corto, brillante y con movimiento, s\u00edmbolo de un cabello fuerte y sin signos de ca\u00edda."},{"@type":"BreadcrumbList","@id":"https:\/\/www.isdin.com\/es\/blog\/esto-es-lo-que-los-expertos-dicen-sobre-la-caida-capilar\/#breadcrumb","itemListElement":[{"@type":"ListItem","position":1,"name":"Portada","item":"https:\/\/www.isdin.com\/es\/blog\/"},{"@type":"ListItem","position":2,"name":"Esto es lo que los expertos dicen sobre la ca\u00edda capilar"}]},{"@type":"WebSite","@id":"https:\/\/www.isdin.com\/es\/blog\/#website","url":"https:\/\/www.isdin.com\/es\/blog\/","name":"ISDIN","description":"Novedades, lanzamientos de productos y toda la experiencia de ISDIN","publisher":{"@id":"https:\/\/www.isdin.com\/es\/blog\/#organization"},"potentialAction":[{"@type":"SearchAction","target":{"@type":"EntryPoint","urlTemplate":"https:\/\/www.isdin.com\/es\/blog\/?s={search_term_string}"},"query-input":{"@type":"PropertyValueSpecification","valueRequired":true,"valueName":"search_term_string"}}],"inLanguage":"es-ES"},{"@type":"Organization","@id":"https:\/\/www.isdin.com\/es\/blog\/#organization","name":"ISDIN","alternateName":"ISDIN","url":"https:\/\/www.isdin.com\/es\/blog\/","logo":{"@type":"ImageObject","inLanguage":"es-ES","@id":"https:\/\/www.isdin.com\/es\/blog\/#\/schema\/logo\/image\/","url":"https:\/\/www.isdin.com\/es\/blog\/wp-content\/uploads\/2024\/05\/2025_03_GuiaFoto_FWM.png","contentUrl":"https:\/\/www.isdin.com\/es\/blog\/wp-content\/uploads\/2024\/05\/2025_03_GuiaFoto_FWM.png","width":670,"height":683,"caption":"ISDIN"},"image":{"@id":"https:\/\/www.isdin.com\/es\/blog\/#\/schema\/logo\/image\/"},"sameAs":["https:\/\/es-es.facebook.com\/ISDIN.official\/","https:\/\/x.com\/isdin_official","https:\/\/www.instagram.com\/isdinofficial","https:\/\/www.youtube.com\/channel\/UCtoNJMKpDwdFLqgV23_lcqg"],"telephone":"659997812"},{"@type":"Person","@id":"https:\/\/www.isdin.com\/es\/blog\/#\/schema\/person\/684015d7d9e78124cb4aa660f6fe8576","name":"Belinda Mart\u00ednez","image":{"@type":"ImageObject","inLanguage":"es-ES","@id":"https:\/\/www.isdin.com\/es\/blog\/#\/schema\/person\/image\/","url":"https:\/\/www.isdin.com\/es\/blog\/wp-content\/uploads\/2017\/07\/jjjj.jpg","contentUrl":"https:\/\/www.isdin.com\/es\/blog\/wp-content\/uploads\/2017\/07\/jjjj.jpg","caption":"Belinda Mart\u00ednez"},"description":"Belinda es periodista y copywriter creativa. Tras a\u00f1os de experiencia, decidi\u00f3 fusionar sus habilidades de escritura con su amor por el skincare, convirti\u00e9ndose en una especialista en la materia. \u00bfSu imprescindible? Un buen b\u00e1lsamo de labios.","sameAs":["https:\/\/www.linkedin.com\/in\/thisisbel\/"],"url":"https:\/\/www.isdin.com\/es\/blog\/author\/belindamartinez\/"}]}},"_links":{"self":[{"href":"https:\/\/www.isdin.com\/es\/blog\/wp-json\/wp\/v2\/posts\/7698","targetHints":{"allow":["GET"]}}],"collection":[{"href":"https:\/\/www.isdin.com\/es\/blog\/wp-json\/wp\/v2\/posts"}],"about":[{"href":"https:\/\/www.isdin.com\/es\/blog\/wp-json\/wp\/v2\/types\/post"}],"author":[{"embeddable":true,"href":"https:\/\/www.isdin.com\/es\/blog\/wp-json\/wp\/v2\/users\/69"}],"replies":[{"embeddable":true,"href":"https:\/\/www.isdin.com\/es\/blog\/wp-json\/wp\/v2\/comments?post=7698"}],"version-history":[{"count":11,"href":"https:\/\/www.isdin.com\/es\/blog\/wp-json\/wp\/v2\/posts\/7698\/revisions"}],"predecessor-version":[{"id":12595,"href":"https:\/\/www.isdin.com\/es\/blog\/wp-json\/wp\/v2\/posts\/7698\/revisions\/12595"}],"wp:featuredmedia":[{"embeddable":true,"href":"https:\/\/www.isdin.com\/es\/blog\/wp-json\/wp\/v2\/media\/12555"}],"wp:attachment":[{"href":"https:\/\/www.isdin.com\/es\/blog\/wp-json\/wp\/v2\/media?parent=7698"}],"wp:term":[{"taxonomy":"category","embeddable":true,"href":"https:\/\/www.isdin.com\/es\/blog\/wp-json\/wp\/v2\/categories?post=7698"},{"taxonomy":"post_tag","embeddable":true,"href":"https:\/\/www.isdin.com\/es\/blog\/wp-json\/wp\/v2\/tags?post=7698"}],"curies":[{"name":"wp","href":"https:\/\/api.w.org\/{rel}","templated":true}]}}