{"id":7647,"date":"2025-08-26T12:05:11","date_gmt":"2025-08-26T12:05:11","guid":{"rendered":"https:\/\/www.isdin.com\/es\/blog\/?p=7647"},"modified":"2025-08-26T12:05:13","modified_gmt":"2025-08-26T12:05:13","slug":"que-es-la-barrera-cutanea","status":"publish","type":"post","link":"https:\/\/www.isdin.com\/es\/blog\/que-es-la-barrera-cutanea\/","title":{"rendered":"Qu\u00e9 es la barrera cut\u00e1nea (y c\u00f3mo saber si la tuya est\u00e1 sana)"},"content":{"rendered":"\n<p>\u00bfTu piel \u00faltimamente se siente tirante, seca o m\u00e1s sensible que de costumbre? \u00bfHas notado granitos o irritaci\u00f3n despu\u00e9s de probar un producto nuevo?<\/p>\n\n\n\n<p>Si es as\u00ed, puede que tu <strong>barrera cut\u00e1nea<\/strong> est\u00e9 pidiendo auxilio. Y s\u00ed: aunque suene dram\u00e1tico, la buena noticia es que puedes repararla y fortalecerla.<\/p>\n\n\n\n<p>En este art\u00edculo te contamos <strong>qu\u00e9 es exactamente la barrera cut\u00e1nea<\/strong>, c\u00f3mo funciona como un escudo natural contra agresores externos y, lo m\u00e1s importante, c\u00f3mo saber si est\u00e1 da\u00f1ada. Adem\u00e1s, descubrir\u00e1s los pasos clave para recuperar su salud y mantenerla fuerte y radiante todo el a\u00f1o.<\/p>\n\n\n\n<h2 class=\"wp-block-heading\" id=\"h-la-barrera-de-la-piel-tu-escudo-invisible\">La barrera de la piel: tu escudo invisible<\/h2>\n\n\n\n<figure class=\"wp-block-image size-large\"><img loading=\"lazy\" decoding=\"async\" width=\"1024\" height=\"527\" src=\"data:image\/gif;base64,R0lGODlhAQABAAAAACH5BAEKAAEALAAAAAABAAEAAAICTAEAOw==\" data-src=\"https:\/\/www.isdin.com\/es\/blog\/wp-content\/uploads\/2024\/03\/2023_Radiacion_IMG04-1-1-1024x527.png\" alt=\"las capas de la piel\" class=\"wp-image-9659 lazyload\" data-sizes=\"auto\" data-srcset=\"https:\/\/www.isdin.com\/es\/blog\/wp-content\/uploads\/2024\/03\/2023_Radiacion_IMG04-1-1-1024x527.png 1024w, https:\/\/www.isdin.com\/es\/blog\/wp-content\/uploads\/2024\/03\/2023_Radiacion_IMG04-1-1-300x155.png 300w, https:\/\/www.isdin.com\/es\/blog\/wp-content\/uploads\/2024\/03\/2023_Radiacion_IMG04-1-1-150x77.png 150w, https:\/\/www.isdin.com\/es\/blog\/wp-content\/uploads\/2024\/03\/2023_Radiacion_IMG04-1-1-768x396.png 768w, https:\/\/www.isdin.com\/es\/blog\/wp-content\/uploads\/2024\/03\/2023_Radiacion_IMG04-1-1-585x300.png 585w, https:\/\/www.isdin.com\/es\/blog\/wp-content\/uploads\/2024\/03\/2023_Radiacion_IMG04-1-1-450x232.png 450w, https:\/\/www.isdin.com\/es\/blog\/wp-content\/uploads\/2024\/03\/2023_Radiacion_IMG04-1-1-20x11.png 20w, https:\/\/www.isdin.com\/es\/blog\/wp-content\/uploads\/2024\/03\/2023_Radiacion_IMG04-1-1-225x116.png 225w, https:\/\/www.isdin.com\/es\/blog\/wp-content\/uploads\/2024\/03\/2023_Radiacion_IMG04-1-1-900x464.png 900w, https:\/\/www.isdin.com\/es\/blog\/wp-content\/uploads\/2024\/03\/2023_Radiacion_IMG04-1-1.png 1200w\" sizes=\"auto, (max-width: 1024px) 100vw, 1024px\" \/><\/figure>\n\n\n\n<p><\/p>\n\n\n\n<p>Antes de entender por qu\u00e9 es tan importante, hagamos un viaje r\u00e1pido por las capas de tu piel:<\/p>\n\n\n\n<ul class=\"wp-block-list\">\n<li><strong>Hipodermis<\/strong>: la capa m\u00e1s profunda, con tejido graso que te a\u00edsla y mantiene la temperatura corporal.<\/li>\n\n\n\n<li><strong>Dermis<\/strong>: la zona intermedia, rica en col\u00e1geno y elastina, que aporta fuerza y flexibilidad.<\/li>\n\n\n\n<li><strong>Epidermis<\/strong>: la capa m\u00e1s externa, fina e impermeable, donde vive nuestra protagonista: la <strong>barrera cut\u00e1nea<\/strong> (tambi\u00e9n llamada <em>barrera de hidrataci\u00f3n<\/em>).<\/li>\n<\/ul>\n\n\n\n<h3 class=\"wp-block-heading\">\u00bfPor qu\u00e9 es tan importante la barrera cut\u00e1nea?<\/h3>\n\n\n\n<p>Podr\u00eda decirse que es como un muro de ladrillo que act\u00faa como primera l\u00ednea de defensa de la piel contra el mundo exterior. Los ladrillos (las c\u00e9lulas) se unen con el cemento (los l\u00edpidos y prote\u00ednas) para crear un muro (la barrera), cuya funci\u00f3n principal es protegerte de los diferentes pat\u00f3genos, a la vez que equilibra los niveles de humedad de la piel.<\/p>\n\n\n\n<p>B\u00e1sicamente,&nbsp;<strong>la barrera cut\u00e1nea ayuda a evitar que entre lo malo (como elementos irritantes o contaminaci\u00f3n) y a prevenir que salga lo bueno (el agua y los aceites)<\/strong>. Y esto no es tarea f\u00e1cil. Piensa en lo expuesta que est\u00e1 tu piel todos los d\u00edas a factores como los cambios de temperatura, la <a href=\"https:\/\/www.isdin.com\/blog\/efectos-radiacion-solar-piel\/\">radiaci\u00f3n UV<\/a> o la poluci\u00f3n. Todos estos elementos externos afectan a tu barrera protectora y pueden da\u00f1arla.<\/p>\n\n\n\n<h2 class=\"wp-block-heading\" id=\"h-cuales-son-las-caracteristicas-de-una-barrera-cutanea-sana\">\u00bfCu\u00e1les son las caracter\u00edsticas de una\u00a0barrera cut\u00e1nea\u00a0sana?<\/h2>\n\n\n\n<figure class=\"wp-block-image size-large\"><img loading=\"lazy\" decoding=\"async\" width=\"1024\" height=\"527\" src=\"data:image\/gif;base64,R0lGODlhAQABAAAAACH5BAEKAAEALAAAAAABAAEAAAICTAEAOw==\" data-src=\"https:\/\/www.isdin.com\/es\/blog\/wp-content\/uploads\/2024\/03\/Imagen-en-el-contenido-14-1-1024x527.png\" alt=\"\" class=\"wp-image-12511 lazyload\" data-sizes=\"auto\" data-srcset=\"https:\/\/www.isdin.com\/es\/blog\/wp-content\/uploads\/2024\/03\/Imagen-en-el-contenido-14-1-1024x527.png 1024w, https:\/\/www.isdin.com\/es\/blog\/wp-content\/uploads\/2024\/03\/Imagen-en-el-contenido-14-1-300x155.png 300w, https:\/\/www.isdin.com\/es\/blog\/wp-content\/uploads\/2024\/03\/Imagen-en-el-contenido-14-1-150x77.png 150w, https:\/\/www.isdin.com\/es\/blog\/wp-content\/uploads\/2024\/03\/Imagen-en-el-contenido-14-1-768x396.png 768w, https:\/\/www.isdin.com\/es\/blog\/wp-content\/uploads\/2024\/03\/Imagen-en-el-contenido-14-1-585x300.png 585w, https:\/\/www.isdin.com\/es\/blog\/wp-content\/uploads\/2024\/03\/Imagen-en-el-contenido-14-1-450x232.png 450w, https:\/\/www.isdin.com\/es\/blog\/wp-content\/uploads\/2024\/03\/Imagen-en-el-contenido-14-1-20x11.png 20w, https:\/\/www.isdin.com\/es\/blog\/wp-content\/uploads\/2024\/03\/Imagen-en-el-contenido-14-1-225x116.png 225w, https:\/\/www.isdin.com\/es\/blog\/wp-content\/uploads\/2024\/03\/Imagen-en-el-contenido-14-1-900x464.png 900w, https:\/\/www.isdin.com\/es\/blog\/wp-content\/uploads\/2024\/03\/Imagen-en-el-contenido-14-1.png 1200w\" sizes=\"auto, (max-width: 1024px) 100vw, 1024px\" \/><\/figure>\n\n\n\n<p><\/p>\n\n\n\n<p>\u00bfEs posible determinar a simple vista si nuestra barrera cut\u00e1nea est\u00e1 sana? Le hemos planteado esta pregunta a Chiyoung Kang Park, Medical Marketing Specialist en ISDIN. \u201cSi notas que tu piel est\u00e1 suave, flexible y bien hidratada, sin descamaci\u00f3n ni rojeces, probablemente tu barrera cut\u00e1nea est\u00e9 funcionando de maravilla\u2019\u2019, nos contesta.<\/p>\n\n\n\n<p>En otras palabras, una barrera saludable se refleja en una piel que <strong>se siente y se ve equilibrada<\/strong>. No hay tirantez, no hay irritaciones constantes y la hidrataci\u00f3n se mantiene estable incluso en cambios de clima. Algunas se\u00f1ales de que tu <strong>escudo natural<\/strong> est\u00e1 en \u00f3ptimas condiciones son:<\/p>\n\n\n\n<ul class=\"wp-block-list\">\n<li>Textura suave, uniforme y sin descamaci\u00f3n.<\/li>\n\n\n\n<li>Sientes la piel calmada despu\u00e9s de usar limpiadores y productos suaves que no contienen ingredientes irritantes.<\/li>\n\n\n\n<li>No sueles padecer de piel tirante, picaz\u00f3n ni tener reacciones desagradables. Una piel tranquila es se\u00f1al de salud.<\/li>\n<\/ul>\n\n\n\n<blockquote class=\"wp-block-quote is-layout-flow wp-block-quote-is-layout-flow\">\n<p>\u201cSi notas que tu piel est\u00e1 suave, flexible y bien hidratada, sin descamaci\u00f3n ni rojeces, probablemente tu barrera cut\u00e1nea est\u00e9 funcionando de maravilla\u2019\u2019. <\/p>\n<cite>Chiyoung Kang Park, Medical Marketing Specialist en ISDIN<\/cite><\/blockquote>\n\n\n\n<h2 class=\"wp-block-heading\" id=\"h-cuales-son-los-sintomas-de-una-barrera-cutanea-danada\">\u00bfCu\u00e1les son los s\u00edntomas de una barrera cut\u00e1nea da\u00f1ada?<\/h2>\n\n\n\n<figure class=\"wp-block-image size-large\"><img loading=\"lazy\" decoding=\"async\" width=\"1024\" height=\"527\" src=\"data:image\/gif;base64,R0lGODlhAQABAAAAACH5BAEKAAEALAAAAAABAAEAAAICTAEAOw==\" data-src=\"https:\/\/www.isdin.com\/es\/blog\/wp-content\/uploads\/2024\/03\/Imagen-en-el-contenido-13-1-1024x527.png\" alt=\"\" class=\"wp-image-12514 lazyload\" data-sizes=\"auto\" data-srcset=\"https:\/\/www.isdin.com\/es\/blog\/wp-content\/uploads\/2024\/03\/Imagen-en-el-contenido-13-1-1024x527.png 1024w, https:\/\/www.isdin.com\/es\/blog\/wp-content\/uploads\/2024\/03\/Imagen-en-el-contenido-13-1-300x155.png 300w, https:\/\/www.isdin.com\/es\/blog\/wp-content\/uploads\/2024\/03\/Imagen-en-el-contenido-13-1-150x77.png 150w, https:\/\/www.isdin.com\/es\/blog\/wp-content\/uploads\/2024\/03\/Imagen-en-el-contenido-13-1-768x396.png 768w, https:\/\/www.isdin.com\/es\/blog\/wp-content\/uploads\/2024\/03\/Imagen-en-el-contenido-13-1-585x300.png 585w, https:\/\/www.isdin.com\/es\/blog\/wp-content\/uploads\/2024\/03\/Imagen-en-el-contenido-13-1-450x232.png 450w, https:\/\/www.isdin.com\/es\/blog\/wp-content\/uploads\/2024\/03\/Imagen-en-el-contenido-13-1-20x11.png 20w, https:\/\/www.isdin.com\/es\/blog\/wp-content\/uploads\/2024\/03\/Imagen-en-el-contenido-13-1-225x116.png 225w, https:\/\/www.isdin.com\/es\/blog\/wp-content\/uploads\/2024\/03\/Imagen-en-el-contenido-13-1-900x464.png 900w, https:\/\/www.isdin.com\/es\/blog\/wp-content\/uploads\/2024\/03\/Imagen-en-el-contenido-13-1.png 1200w\" sizes=\"auto, (max-width: 1024px) 100vw, 1024px\" \/><\/figure>\n\n\n\n<p><\/p>\n\n\n\n<p>Como dice Chiyoung, \u2018\u2019<strong>cada piel tiene su propia historia, sus desaf\u00edos y sus necesidades \u00fanicas\u2019\u2019.<\/strong> Por eso, no siempre se ve o se siente igual. Hay d\u00edas en los que tu barrera cut\u00e1nea puede estar fuerte y resistente\u2026 y otros en los que muestra se\u00f1ales claras de que necesita ayuda.<\/p>\n\n\n\n<p>Estas son algunas se\u00f1ales que pueden indicar que tu barrera cut\u00e1nea se encuentra en mal estado:<\/p>\n\n\n\n<ul class=\"wp-block-list\">\n<li>Sientes que tu piel est\u00e1 irritada, algo que tambi\u00e9n se percibe en su aspecto, ya que est\u00e1 enrojecida, seca y con descamaci\u00f3n.<\/li>\n\n\n\n<li>De repente, tu piel comienza a reaccionar de manera diferente a tu rutina de cuidado habitual.<\/li>\n\n\n\n<li>Te notas la piel da\u00f1ada, quemada o con picaz\u00f3n incluso cuando usas productos suaves o que siempre hab\u00edas podido usar sin problema.<\/li>\n\n\n\n<li>Sufres de brotes de granos y parece que tu piel se irrita todav\u00eda m\u00e1s despu\u00e9s de usar productos para acabar con ellos.<\/li>\n<\/ul>\n\n\n\n<p><\/p>\n\n\n\n<h2 class=\"wp-block-heading\" id=\"h-factores-que-danan-la-barrera-de-hidratacion-de-la-piel\">Factores que da\u00f1an la barrera de hidrataci\u00f3n de la piel<\/h2>\n\n\n\n<p>Si despu\u00e9s de leer hasta aqu\u00ed ya est\u00e1s pensando que necesitas cuidar tu barrera cut\u00e1nea con m\u00e1s mimo\u2026 vas por buen camino. Pero antes de reforzarla, es importante entender por qu\u00e9 puede haberse debilitado. Estos son algunos de los culpables m\u00e1s habituales.<\/p>\n\n\n\n<h3 class=\"wp-block-heading\" id=\"h-perdida-de-humedad\">P\u00e9rdida de humedad<\/h3>\n\n\n\n<figure class=\"wp-block-image size-full\"><img loading=\"lazy\" decoding=\"async\" width=\"768\" height=\"396\" src=\"data:image\/gif;base64,R0lGODlhAQABAAAAACH5BAEKAAEALAAAAAABAAEAAAICTAEAOw==\" data-src=\"https:\/\/www.isdin.com\/es\/blog\/wp-content\/uploads\/2024\/03\/image-1-2.png\" alt=\"Piel hidratada con gotas de agua, ejemplo de una barrera cut\u00e1nea sana y reforzada frente a la p\u00e9rdida de agua transepid\u00e9rmica.\" class=\"wp-image-12520 lazyload\" data-sizes=\"auto\" data-srcset=\"https:\/\/www.isdin.com\/es\/blog\/wp-content\/uploads\/2024\/03\/image-1-2.png 768w, https:\/\/www.isdin.com\/es\/blog\/wp-content\/uploads\/2024\/03\/image-1-2-300x155.png 300w, https:\/\/www.isdin.com\/es\/blog\/wp-content\/uploads\/2024\/03\/image-1-2-150x77.png 150w, https:\/\/www.isdin.com\/es\/blog\/wp-content\/uploads\/2024\/03\/image-1-2-450x232.png 450w, https:\/\/www.isdin.com\/es\/blog\/wp-content\/uploads\/2024\/03\/image-1-2-20x11.png 20w, https:\/\/www.isdin.com\/es\/blog\/wp-content\/uploads\/2024\/03\/image-1-2-225x116.png 225w\" sizes=\"auto, (max-width: 768px) 100vw, 768px\" \/><\/figure>\n\n\n\n<p><\/p>\n\n\n\n<p>La <a href=\"https:\/\/www.isdin.com\/blog\/perdida-de-agua-transepidermica-que-es\/\">p\u00e9rdida de agua transepid\u00e9rmica<\/a> (o TEWL, por sus siglas en ingl\u00e9s) reduce la capacidad de la piel de almacenar la humedad, lo cual reduce la salud de la barrera protectora. Cuando la piel est\u00e1 deshidratada, normalmente&nbsp;<strong>se<\/strong>&nbsp;<strong>vuelve m\u00e1s sensible o reactiva<\/strong>.<\/p>\n\n\n\n<p>Tambi\u00e9n hemos hablado con Chiyoung sobre ello y recalca su importancia: \u2018\u2019Es muy importante porque las variaciones en TEWL pueden se\u00f1alar problemas en la barrera de la piel, los cuales pueden estar relacionados con enfermedades inflamatorias como la <a href=\"https:\/\/www.isdin.com\/blog\/entendiendo-la-psoriasis-que-es-y-por-que-aparece\/\">psoriasis<\/a> y la <a href=\"https:\/\/www.isdin.com\/blog\/piel-atopica-todo-lo-que-necesitas-saber-para-cuidarla\/\">dermatitis at\u00f3pica<\/a>\u2019\u2019.<\/p>\n\n\n\n<h3 class=\"wp-block-heading\">Usar m\u00e1s productos de la cuenta<\/h3>\n\n\n\n<p>Cuidar la piel es esencial, pero sobrecargarla puede tener el efecto contrario al que buscamos. La <a href=\"https:\/\/www.isdin.com\/blog\/guia-exfoliacion-piel\/\">exfoliaci\u00f3n<\/a> excesiva o el uso de limpiadores con surfactantes fuertes eliminan parte de los aceites naturales que forman la capa protectora. Esto la deja m\u00e1s expuesta a agresiones y reduce su capacidad de reparaci\u00f3n.<\/p>\n\n\n\n<p><\/p>\n\n\n\n<p class=\"has-background\" style=\"background-color:#e0f7ff\">Recetas caseras demasiado abrasivas, exfoliantes f\u00edsicos agresivos o rutinas con demasiados pasos tambi\u00e9n pueden debilitar la barrera cut\u00e1nea. <strong>Aqu\u00ed, la regla de oro es clara: menos, pero mejor<\/strong>.<\/p>\n\n\n\n<p><\/p>\n\n\n\n<h3 class=\"wp-block-heading\" id=\"h-el-estilo-de-vida-tambien-conocido-como-exposoma\">El estilo de vida (tambi\u00e9n conocido como exposoma)<\/h3>\n\n\n\n<figure class=\"wp-block-image size-full\"><img loading=\"lazy\" decoding=\"async\" width=\"768\" height=\"396\" src=\"data:image\/gif;base64,R0lGODlhAQABAAAAACH5BAEKAAEALAAAAAABAAEAAAICTAEAOw==\" data-src=\"https:\/\/www.isdin.com\/es\/blog\/wp-content\/uploads\/2024\/03\/BlogES_2024_10_Exposoma_IMG01-768x396-1.png\" alt=\"Infograf\u00eda sobre el exposoma, mostrando los factores externos que aceleran el envejecimiento: estr\u00e9s, poluci\u00f3n, radiaci\u00f3n solar, tabaco y m\u00e1s.\" class=\"wp-image-12519 lazyload\" data-sizes=\"auto\" data-srcset=\"https:\/\/www.isdin.com\/es\/blog\/wp-content\/uploads\/2024\/03\/BlogES_2024_10_Exposoma_IMG01-768x396-1.png 768w, https:\/\/www.isdin.com\/es\/blog\/wp-content\/uploads\/2024\/03\/BlogES_2024_10_Exposoma_IMG01-768x396-1-300x155.png 300w, https:\/\/www.isdin.com\/es\/blog\/wp-content\/uploads\/2024\/03\/BlogES_2024_10_Exposoma_IMG01-768x396-1-150x77.png 150w, https:\/\/www.isdin.com\/es\/blog\/wp-content\/uploads\/2024\/03\/BlogES_2024_10_Exposoma_IMG01-768x396-1-450x232.png 450w, https:\/\/www.isdin.com\/es\/blog\/wp-content\/uploads\/2024\/03\/BlogES_2024_10_Exposoma_IMG01-768x396-1-20x11.png 20w, https:\/\/www.isdin.com\/es\/blog\/wp-content\/uploads\/2024\/03\/BlogES_2024_10_Exposoma_IMG01-768x396-1-225x116.png 225w\" sizes=\"auto, (max-width: 768px) 100vw, 768px\" \/><\/figure>\n\n\n\n<p><\/p>\n\n\n\n<p>No todo depende de lo que aplicamos en la piel. Factores como la radiaci\u00f3n UV, los cambios bruscos de temperatura, la contaminaci\u00f3n o el estr\u00e9s forman parte de lo que se conoce como <a href=\"https:\/\/www.isdin.com\/blog\/efectos-del-fotoenvejecimiento-en-la-piel\/\">exposoma<\/a>.<\/p>\n\n\n\n<p>Pi\u00e9nsalo as\u00ed: unas vacaciones en la playa bajo un sol intenso, un invierno seco y fr\u00edo, o un mes de trabajo especialmente estresante pueden poner a prueba la resistencia de tu piel. Un ejemplo com\u00fan es esa sensaci\u00f3n de tirantez y sequedad que aparece <a href=\"https:\/\/www.isdin.com\/blog\/cuidar-piel-invierno-frio\/\">cuando bajan las temperaturas<\/a>. Son peque\u00f1as agresiones acumuladas que, con el tiempo, <strong>ponen a prueba la resistencia de la&nbsp;barrera cut\u00e1nea, lo cual puede provocar diferentes reacciones en la piel.<\/strong><\/p>\n\n\n\n<h2 class=\"wp-block-heading\">Las mejores formas de proteger la barrera cut\u00e1nea<\/h2>\n\n\n\n<p>Buenas noticias: incluso si tu barrera cut\u00e1nea est\u00e1 da\u00f1ada, hay soluci\u00f3n. <strong>En la mayor\u00eda de los casos, basta con simplificar tu rutina y prestar atenci\u00f3n a unos cuantos h\u00e1bitos clave<\/strong>. Aqu\u00ed tienes las estrategias m\u00e1s efectivas para recuperar y proteger la barrera protectora de la piel r\u00e1pidamente.<\/p>\n\n\n\n<h3 class=\"wp-block-heading\">Descansar<\/h3>\n\n\n\n<p>Esto es aplicable tanto a tu piel como a tus horarios. Adem\u00e1s de darle a tu cuerpo el descanso que necesita para recuperarse, deja de usar exfoliantes e ingredientes potencialmente irritantes durante un tiempo. \u00a1Ah! Y recuerda que el ciclo de renovaci\u00f3n de la piel es de entre 21 y 28 d\u00edas, as\u00ed que aseg\u00farate de darle a tu barrera cut\u00e1nea&nbsp;<strong>al menos un mes de descanso si quieres que mejore<\/strong>.<\/p>\n\n\n\n<figure class=\"wp-block-image size-large\"><img loading=\"lazy\" decoding=\"async\" width=\"1024\" height=\"527\" src=\"data:image\/gif;base64,R0lGODlhAQABAAAAACH5BAEKAAEALAAAAAABAAEAAAICTAEAOw==\" data-src=\"https:\/\/www.isdin.com\/es\/blog\/wp-content\/uploads\/2024\/03\/Imagen-en-el-contenido-9-1-1024x527.png\" alt=\"Mujer descansando pl\u00e1cidamente, mostrando la relaci\u00f3n entre sue\u00f1o reparador y la regeneraci\u00f3n de la barrera cut\u00e1nea.\" class=\"wp-image-12518 lazyload\" data-sizes=\"auto\" data-srcset=\"https:\/\/www.isdin.com\/es\/blog\/wp-content\/uploads\/2024\/03\/Imagen-en-el-contenido-9-1-1024x527.png 1024w, https:\/\/www.isdin.com\/es\/blog\/wp-content\/uploads\/2024\/03\/Imagen-en-el-contenido-9-1-300x155.png 300w, https:\/\/www.isdin.com\/es\/blog\/wp-content\/uploads\/2024\/03\/Imagen-en-el-contenido-9-1-150x77.png 150w, https:\/\/www.isdin.com\/es\/blog\/wp-content\/uploads\/2024\/03\/Imagen-en-el-contenido-9-1-768x396.png 768w, https:\/\/www.isdin.com\/es\/blog\/wp-content\/uploads\/2024\/03\/Imagen-en-el-contenido-9-1-585x300.png 585w, https:\/\/www.isdin.com\/es\/blog\/wp-content\/uploads\/2024\/03\/Imagen-en-el-contenido-9-1-450x232.png 450w, https:\/\/www.isdin.com\/es\/blog\/wp-content\/uploads\/2024\/03\/Imagen-en-el-contenido-9-1-20x11.png 20w, https:\/\/www.isdin.com\/es\/blog\/wp-content\/uploads\/2024\/03\/Imagen-en-el-contenido-9-1-225x116.png 225w, https:\/\/www.isdin.com\/es\/blog\/wp-content\/uploads\/2024\/03\/Imagen-en-el-contenido-9-1-900x464.png 900w, https:\/\/www.isdin.com\/es\/blog\/wp-content\/uploads\/2024\/03\/Imagen-en-el-contenido-9-1.png 1200w\" sizes=\"auto, (max-width: 1024px) 100vw, 1024px\" \/><\/figure>\n\n\n\n<p><\/p>\n\n\n\n<h3 class=\"wp-block-heading\" id=\"h-limpiar-suavemente\">Limpiar (suavemente)<\/h3>\n\n\n\n<p>Algunos limpiadores que dejan la piel con una gran sensaci\u00f3n de limpieza contienen, en realidad, surfactantes muy agresivos. Aunque pueden ser fant\u00e1sticos para disolver la suciedad y los aceites, tambi\u00e9n pueden da\u00f1ar la barrera cut\u00e1nea.<\/p>\n\n\n\n<p><a href=\"https:\/\/www.isdin.com\/es\/p\/essential-cleansing\/4041?_gl=1*l5pzd*_up*MQ\">Los aceites limpiadores<\/a> son una muy buena opci\u00f3n para limpiar la piel suavemente a diario. Estas f\u00f3rmulas retiran los aceites no deseados y\u00a0<strong>dejan los que s\u00ed necesitas<\/strong>. El resultado es una piel suave, limpia y resplandeciente, sin rastro de la tirantez que provocan los limpiadores m\u00e1s agresivos.<\/p>\n\n\n\n<h3 class=\"wp-block-heading\" id=\"h-hidratar\">Hidratar<\/h3>\n\n\n\n<figure class=\"wp-block-image size-large\"><img loading=\"lazy\" decoding=\"async\" width=\"1024\" height=\"527\" src=\"data:image\/gif;base64,R0lGODlhAQABAAAAACH5BAEKAAEALAAAAAABAAEAAAICTAEAOw==\" data-src=\"https:\/\/www.isdin.com\/es\/blog\/wp-content\/uploads\/2024\/03\/Imagen-en-el-contenido-10-1-1024x527.png\" alt=\"Aplicaci\u00f3n de crema hidratante sobre la piel\" class=\"wp-image-12517 lazyload\" data-sizes=\"auto\" data-srcset=\"https:\/\/www.isdin.com\/es\/blog\/wp-content\/uploads\/2024\/03\/Imagen-en-el-contenido-10-1-1024x527.png 1024w, https:\/\/www.isdin.com\/es\/blog\/wp-content\/uploads\/2024\/03\/Imagen-en-el-contenido-10-1-300x155.png 300w, https:\/\/www.isdin.com\/es\/blog\/wp-content\/uploads\/2024\/03\/Imagen-en-el-contenido-10-1-150x77.png 150w, https:\/\/www.isdin.com\/es\/blog\/wp-content\/uploads\/2024\/03\/Imagen-en-el-contenido-10-1-768x396.png 768w, https:\/\/www.isdin.com\/es\/blog\/wp-content\/uploads\/2024\/03\/Imagen-en-el-contenido-10-1-585x300.png 585w, https:\/\/www.isdin.com\/es\/blog\/wp-content\/uploads\/2024\/03\/Imagen-en-el-contenido-10-1-450x232.png 450w, https:\/\/www.isdin.com\/es\/blog\/wp-content\/uploads\/2024\/03\/Imagen-en-el-contenido-10-1-20x11.png 20w, https:\/\/www.isdin.com\/es\/blog\/wp-content\/uploads\/2024\/03\/Imagen-en-el-contenido-10-1-225x116.png 225w, https:\/\/www.isdin.com\/es\/blog\/wp-content\/uploads\/2024\/03\/Imagen-en-el-contenido-10-1-900x464.png 900w, https:\/\/www.isdin.com\/es\/blog\/wp-content\/uploads\/2024\/03\/Imagen-en-el-contenido-10-1.png 1200w\" sizes=\"auto, (max-width: 1024px) 100vw, 1024px\" \/><\/figure>\n\n\n\n<p><\/p>\n\n\n\n<p>Uno de los pasos m\u00e1s eficaces para regenerar la barrera protectora de la piel es recuperar la hidrataci\u00f3n perdida cuanto antes. Si te notas la piel desequilibrada, pUno de los pasos m\u00e1s eficaces para regenerar la barrera protectora de la piel es recuperar la hidrataci\u00f3n perdida cuanto antes. Si te notas la piel desequilibrada, prueba a a\u00f1adir\u00a0<a href=\"https:\/\/www.isdin.com\/cremas\/tratamiento?_gl=1*isw71*_up*MQ..*_ga*NTkyOTQ5Mzk5LjE2NzMyNjQzMTY.*_ga_B0MK9CBPLN*MTY3MzI2NDMyNC4xLjAuMTY3MzI2NDQyNy4wLjAuMA.https:\/\/www.isdin.com\/blog\/guia-esencial-de-cremas-hidratantes-faciales\/\">cremas hidratantes<\/a> a tu rutina para ayudarte a recuperar el equilibrio. \u2018\u2019La hidrataci\u00f3n regular es como un entrenamiento constante para que tu piel se mantenga en forma\u2019\u2019, nos cuenta Chiyoung.<\/p>\n\n\n\n<blockquote class=\"wp-block-quote is-layout-flow wp-block-quote-is-layout-flow\">\n<p>\u2018\u2019La hidrataci\u00f3n regular es como un entrenamiento constante para que tu piel se mantenga en forma\u2019\u2019. <\/p>\n<cite>Chiyoung Kang Park, Medical Marketing Specialist en ISDIN<\/cite><\/blockquote>\n\n\n\n<h3 class=\"wp-block-heading\">Proteger<\/h3>\n\n\n\n<p>La protecci\u00f3n solar es un <a href=\"https:\/\/www.isdin.com\/es\/blog\/fotoprotectores-solares-para-la-cara-isdin\/\">paso b\u00e1sico en cualquier rutina<\/a>, pero cuando la <strong>barrera cut\u00e1nea<\/strong> est\u00e1 da\u00f1ada, se vuelve absolutamente imprescindible. Esta barrera act\u00faa como un filtro f\u00edsico y bioqu\u00edmico frente a la radiaci\u00f3n ultravioleta. <strong>Cuando est\u00e1 debilitada, pierde parte de su capacidad para dispersar y reflejar la luz UV<\/strong>, y adem\u00e1s sus sistemas antioxidantes naturales \u2014como la vitamina E y las enzimas reparadoras\u2014 funcionan con menor eficiencia.<\/p>\n\n\n\n<p>El resultado es que la radiaci\u00f3n UV penetra con mayor facilidad en las <a href=\"https:\/\/www.isdin.com\/blog\/bajo-tu-piel-sus-capas-y-funciones\/\">capas profundas de la piel<\/a>, da\u00f1ando el ADN de las c\u00e9lulas, degradando fibras de col\u00e1geno y elastina, y generando radicales libres que aceleran el <a href=\"https:\/\/www.isdin.com\/es\/blog\/efectos-del-fotoenvejecimiento-en-la-piel\/\">fotoenvejecimiento<\/a>.<\/p>\n\n\n\n<p>Por eso, un protector solar de amplio espectro (UVA + UVB + luz visible) es tu mejor aliado para evitar da\u00f1os adicionales y permitir que la piel se recupere. <strong>\u00dasalo todos los d\u00edas, aunque est\u00e9 nublado o pases la mayor parte del tiempo en interiores, ya que la radiaci\u00f3n UV y la luz azul pueden atravesar ventanas y seguir afectando tu piel<\/strong>.<\/p>\n\n\n\n<figure class=\"wp-block-image size-large\"><img loading=\"lazy\" decoding=\"async\" width=\"1024\" height=\"527\" src=\"data:image\/gif;base64,R0lGODlhAQABAAAAACH5BAEKAAEALAAAAAABAAEAAAICTAEAOw==\" data-src=\"https:\/\/www.isdin.com\/es\/blog\/wp-content\/uploads\/2024\/03\/Imagen-en-el-contenido-11-1-1024x527.png\" alt=\"Protectores solares ISDIN Fusion Water MAGIC: hidrantes, de textura ultraligera y con alta protecci\u00f3n solar\" class=\"wp-image-12516 lazyload\" data-sizes=\"auto\" data-srcset=\"https:\/\/www.isdin.com\/es\/blog\/wp-content\/uploads\/2024\/03\/Imagen-en-el-contenido-11-1-1024x527.png 1024w, https:\/\/www.isdin.com\/es\/blog\/wp-content\/uploads\/2024\/03\/Imagen-en-el-contenido-11-1-300x155.png 300w, https:\/\/www.isdin.com\/es\/blog\/wp-content\/uploads\/2024\/03\/Imagen-en-el-contenido-11-1-150x77.png 150w, https:\/\/www.isdin.com\/es\/blog\/wp-content\/uploads\/2024\/03\/Imagen-en-el-contenido-11-1-768x396.png 768w, https:\/\/www.isdin.com\/es\/blog\/wp-content\/uploads\/2024\/03\/Imagen-en-el-contenido-11-1-585x300.png 585w, https:\/\/www.isdin.com\/es\/blog\/wp-content\/uploads\/2024\/03\/Imagen-en-el-contenido-11-1-450x232.png 450w, https:\/\/www.isdin.com\/es\/blog\/wp-content\/uploads\/2024\/03\/Imagen-en-el-contenido-11-1-20x11.png 20w, https:\/\/www.isdin.com\/es\/blog\/wp-content\/uploads\/2024\/03\/Imagen-en-el-contenido-11-1-225x116.png 225w, https:\/\/www.isdin.com\/es\/blog\/wp-content\/uploads\/2024\/03\/Imagen-en-el-contenido-11-1-900x464.png 900w, https:\/\/www.isdin.com\/es\/blog\/wp-content\/uploads\/2024\/03\/Imagen-en-el-contenido-11-1.png 1200w\" sizes=\"auto, (max-width: 1024px) 100vw, 1024px\" \/><\/figure>\n\n\n\n<p><\/p>\n\n\n\n<p><\/p>\n\n\n\n<h3 class=\"wp-block-heading\" id=\"h-el-toque-final-para-una-piel-en-equilibrio\">El toque final para una piel en equilibrio<\/h3>\n\n\n\n<p>Cuando notes que tu piel ha recuperado la calma y la fuerza, es el momento de dar el siguiente paso: retomar tu rutina de cuidado de forma consciente. Hazlo poco a poco, incorporando cada nuevo producto de uno en uno y prestando atenci\u00f3n a c\u00f3mo reacciona tu piel.<\/p>\n\n\n\n<p>Algunos activos, como el <a href=\"https:\/\/www.isdin.com\/cuidado-facial\/cremas-faciales\">\u00e1cido hialur\u00f3nico<\/a> o el <a href=\"https:\/\/www.isdin.com\/blog\/que-es-el-bakuchiol-y-sus-beneficios\/\">bakuchiol<\/a>, son aliados vers\u00e1tiles que se integran f\u00e1cilmente en cualquier rutina. Otros, como el <a href=\"https:\/\/www.isdin.com\/blog\/retinal-guia-para-principiantes\/\">retinal<\/a> o los <a href=\"https:\/\/www.isdin.com\/blog\/isdinceutics-glicoisdin-respondemos-a-tus-preguntas\/\">exfoliantes qu\u00edmicos<\/a>, requieren m\u00e1s planificaci\u00f3n y estrategia\u2026 pero con t\u00e9cnicas como el <a href=\"https:\/\/www.isdin.com\/blog\/skin-cycling-la-ultima-tendencia-en-cuidado-de-la-piel\/\"><em>skin cycling<\/em><\/a>, todo es posible.<\/p>\n\n\n\n<p><strong>Piensa en este proceso como un di\u00e1logo constante con tu piel: escuchas, respondes y ajustas<\/strong>. No se trata de perseguir una perfecci\u00f3n inalcanzable, sino de crear un equilibrio duradero que te permita sentirte bien cada vez que te mires al espejo.<\/p>\n\n\n\n<figure class=\"wp-block-image size-large\"><img loading=\"lazy\" decoding=\"async\" width=\"1024\" height=\"527\" src=\"data:image\/gif;base64,R0lGODlhAQABAAAAACH5BAEKAAEALAAAAAABAAEAAAICTAEAOw==\" data-src=\"https:\/\/www.isdin.com\/es\/blog\/wp-content\/uploads\/2024\/03\/Imagen-en-el-contenido-8-1-1024x527.png\" alt=\"Primer plano de piel saludable reflejada en un espejo, simbolizando la importancia de la barrera cut\u00e1nea en la protecci\u00f3n y equilibrio\" class=\"wp-image-12515 lazyload\" data-sizes=\"auto\" data-srcset=\"https:\/\/www.isdin.com\/es\/blog\/wp-content\/uploads\/2024\/03\/Imagen-en-el-contenido-8-1-1024x527.png 1024w, https:\/\/www.isdin.com\/es\/blog\/wp-content\/uploads\/2024\/03\/Imagen-en-el-contenido-8-1-300x155.png 300w, https:\/\/www.isdin.com\/es\/blog\/wp-content\/uploads\/2024\/03\/Imagen-en-el-contenido-8-1-150x77.png 150w, https:\/\/www.isdin.com\/es\/blog\/wp-content\/uploads\/2024\/03\/Imagen-en-el-contenido-8-1-768x396.png 768w, https:\/\/www.isdin.com\/es\/blog\/wp-content\/uploads\/2024\/03\/Imagen-en-el-contenido-8-1-585x300.png 585w, https:\/\/www.isdin.com\/es\/blog\/wp-content\/uploads\/2024\/03\/Imagen-en-el-contenido-8-1-450x232.png 450w, https:\/\/www.isdin.com\/es\/blog\/wp-content\/uploads\/2024\/03\/Imagen-en-el-contenido-8-1-20x11.png 20w, https:\/\/www.isdin.com\/es\/blog\/wp-content\/uploads\/2024\/03\/Imagen-en-el-contenido-8-1-225x116.png 225w, https:\/\/www.isdin.com\/es\/blog\/wp-content\/uploads\/2024\/03\/Imagen-en-el-contenido-8-1-900x464.png 900w, https:\/\/www.isdin.com\/es\/blog\/wp-content\/uploads\/2024\/03\/Imagen-en-el-contenido-8-1.png 1200w\" sizes=\"auto, (max-width: 1024px) 100vw, 1024px\" \/><\/figure>\n\n\n\n<p><\/p>\n\n\n\n<p>La sequedad, la sensibilidad o la irritaci\u00f3n son solo se\u00f1ales temporales que te invitan a parar y cuidar. <strong>Si sigues los pasos que hemos compartido, no solo recuperar\u00e1s tu barrera cut\u00e1nea: aprender\u00e1s a mantenerla fuerte, adaptada a cada estaci\u00f3n y lista para enfrentarse al d\u00eda a d\u00eda.<\/strong><\/p>\n\n\n\n<p><\/p>\n\n\n\n<p class=\"has-background\" style=\"background-color:#e0f7ff\"><strong><em>Importante<\/em>:<\/strong>&nbsp;si bien este art\u00edculo lo ha revisado nuestro equipo m\u00e9dico, quien mejor va a poder evaluar el estado de tu piel es tu dermat\u00f3logo. No dudes en consultar con \u00e9l o ella si tienes molestias cut\u00e1neas.<\/p>\n\n\n\n<p><\/p>\n\n\n\n<p><\/p>\n","protected":false},"excerpt":{"rendered":"<p>\u00bfEs posible determinar a simple vista si nuestra barrera cut\u00e1nea est\u00e1 sana? Le hemos planteado esta pregunta a Chiyoung Kang Park, Medical Marketing Specialist en ISDIN.<\/p>\n","protected":false},"author":69,"featured_media":12512,"comment_status":"closed","ping_status":"closed","sticky":false,"template":"","format":"image","meta":{"footnotes":""},"categories":[1,101],"tags":[440,294,123],"class_list":["post-7647","post","type-post","status-publish","format-image","has-post-thumbnail","hentry","category-consejos-cuidados","category-cuidado-facial","tag-barrera-cutanea","tag-cuidado-facial","tag-cuidado-piel","post_format-post-format-image"],"yoast_head":"<!-- This site is optimized with the Yoast SEO Premium plugin v25.4 (Yoast SEO v25.4) - https:\/\/yoast.com\/wordpress\/plugins\/seo\/ -->\n<title>Qu\u00e9 es la barrera cut\u00e1nea (y c\u00f3mo saber si la tuya est\u00e1 sana) - ISDIN<\/title>\n<meta name=\"description\" content=\"\u00bfSab\u00edas que la barrera cut\u00e1nea protege tu piel del sol, la poluci\u00f3n y el envejecimiento? Descubre c\u00f3mo cuidarla en esta gu\u00eda completa.\" \/>\n<meta name=\"robots\" content=\"index, follow, max-snippet:-1, max-image-preview:large, max-video-preview:-1\" \/>\n<link rel=\"canonical\" href=\"https:\/\/www.isdin.com\/es\/blog\/que-es-la-barrera-cutanea\/\" \/>\n<meta property=\"og:locale\" content=\"es_ES\" \/>\n<meta property=\"og:type\" content=\"article\" \/>\n<meta property=\"og:title\" content=\"Qu\u00e9 es la barrera cut\u00e1nea (y c\u00f3mo saber si la tuya est\u00e1 sana) Qu\u00e9 es la barrera cut\u00e1nea\" \/>\n<meta property=\"og:description\" content=\"\u00bfSab\u00edas que la barrera cut\u00e1nea protege tu piel del sol, la poluci\u00f3n y el envejecimiento? Descubre c\u00f3mo cuidarla en esta gu\u00eda completa.\" \/>\n<meta property=\"og:url\" content=\"https:\/\/www.isdin.com\/es\/blog\/que-es-la-barrera-cutanea\/\" \/>\n<meta property=\"og:site_name\" content=\"ISDIN\" \/>\n<meta property=\"article:publisher\" content=\"https:\/\/es-es.facebook.com\/ISDIN.official\/\" \/>\n<meta property=\"article:published_time\" content=\"2025-08-26T12:05:11+00:00\" \/>\n<meta property=\"article:modified_time\" content=\"2025-08-26T12:05:13+00:00\" \/>\n<meta property=\"og:image\" content=\"https:\/\/www.isdin.com\/es\/blog\/wp-content\/uploads\/2024\/03\/Header-1-1.png\" \/>\n\t<meta property=\"og:image:width\" content=\"1200\" \/>\n\t<meta property=\"og:image:height\" content=\"760\" \/>\n\t<meta property=\"og:image:type\" content=\"image\/png\" \/>\n<meta name=\"author\" content=\"Belinda Mart\u00ednez&nbsp;y&nbsp;Chiyoung Kang Park\" \/>\n<meta name=\"twitter:card\" content=\"summary_large_image\" \/>\n<meta name=\"twitter:title\" content=\"Qu\u00e9 es la barrera cut\u00e1nea (y c\u00f3mo saber si la tuya est\u00e1 sana)\" \/>\n<meta name=\"twitter:creator\" content=\"@isdin_official\" \/>\n<meta name=\"twitter:site\" content=\"@isdin_official\" \/>\n<meta name=\"twitter:label1\" content=\"Written by\" \/>\n\t<meta name=\"twitter:data1\" content=\"Belinda Mart\u00ednez&nbsp;y&nbsp;Chiyoung Kang Park\" \/>\n\t<meta name=\"twitter:label2\" content=\"Est. reading time\" \/>\n\t<meta name=\"twitter:data2\" content=\"10 minutes\" \/>\n<script type=\"application\/ld+json\" class=\"yoast-schema-graph\">{\"@context\":\"https:\/\/schema.org\",\"@graph\":[{\"@type\":\"Article\",\"@id\":\"https:\/\/www.isdin.com\/es\/blog\/que-es-la-barrera-cutanea\/#article\",\"isPartOf\":{\"@id\":\"https:\/\/www.isdin.com\/es\/blog\/que-es-la-barrera-cutanea\/\"},\"author\":{\"name\":\"Belinda Mart\u00ednez&nbsp;y&nbsp;Chiyoung Kang Park\",\"@id\":\"https:\/\/www.isdin.com\/es\/blog\/#\/schema\/person\/684015d7d9e78124cb4aa660f6fe8576\"},\"headline\":\"Qu\u00e9 es la barrera cut\u00e1nea (y c\u00f3mo saber si la tuya est\u00e1 sana)\",\"datePublished\":\"2025-08-26T12:05:11+00:00\",\"dateModified\":\"2025-08-26T12:05:13+00:00\",\"mainEntityOfPage\":{\"@id\":\"https:\/\/www.isdin.com\/es\/blog\/que-es-la-barrera-cutanea\/\"},\"wordCount\":1893,\"publisher\":{\"@id\":\"https:\/\/www.isdin.com\/es\/blog\/#organization\"},\"image\":{\"@id\":\"https:\/\/www.isdin.com\/es\/blog\/que-es-la-barrera-cutanea\/#primaryimage\"},\"thumbnailUrl\":\"https:\/\/www.isdin.com\/es\/blog\/wp-content\/uploads\/2024\/03\/Header-1-1.png\",\"keywords\":[\"barrera cut\u00e1nea\",\"cuidado facial\",\"cuidado piel\"],\"articleSection\":[\"Consejos y cuidados\",\"Cuidado facial\"],\"inLanguage\":\"es-ES\"},{\"@type\":\"WebPage\",\"@id\":\"https:\/\/www.isdin.com\/es\/blog\/que-es-la-barrera-cutanea\/\",\"url\":\"https:\/\/www.isdin.com\/es\/blog\/que-es-la-barrera-cutanea\/\",\"name\":\"Qu\u00e9 es la barrera cut\u00e1nea (y c\u00f3mo saber si la tuya est\u00e1 sana) - ISDIN\",\"isPartOf\":{\"@id\":\"https:\/\/www.isdin.com\/es\/blog\/#website\"},\"primaryImageOfPage\":{\"@id\":\"https:\/\/www.isdin.com\/es\/blog\/que-es-la-barrera-cutanea\/#primaryimage\"},\"image\":{\"@id\":\"https:\/\/www.isdin.com\/es\/blog\/que-es-la-barrera-cutanea\/#primaryimage\"},\"thumbnailUrl\":\"https:\/\/www.isdin.com\/es\/blog\/wp-content\/uploads\/2024\/03\/Header-1-1.png\",\"datePublished\":\"2025-08-26T12:05:11+00:00\",\"dateModified\":\"2025-08-26T12:05:13+00:00\",\"description\":\"\u00bfSab\u00edas que la barrera cut\u00e1nea protege tu piel del sol, la poluci\u00f3n y el envejecimiento? Descubre c\u00f3mo cuidarla en esta gu\u00eda completa.\",\"breadcrumb\":{\"@id\":\"https:\/\/www.isdin.com\/es\/blog\/que-es-la-barrera-cutanea\/#breadcrumb\"},\"inLanguage\":\"es-ES\",\"potentialAction\":[{\"@type\":\"ReadAction\",\"target\":[\"https:\/\/www.isdin.com\/es\/blog\/que-es-la-barrera-cutanea\/\"]}]},{\"@type\":\"ImageObject\",\"inLanguage\":\"es-ES\",\"@id\":\"https:\/\/www.isdin.com\/es\/blog\/que-es-la-barrera-cutanea\/#primaryimage\",\"url\":\"https:\/\/www.isdin.com\/es\/blog\/wp-content\/uploads\/2024\/03\/Header-1-1.png\",\"contentUrl\":\"https:\/\/www.isdin.com\/es\/blog\/wp-content\/uploads\/2024\/03\/Header-1-1.png\",\"width\":1200,\"height\":760,\"caption\":\"Rostro con pecas y piel natural saludable, ejemplo de diversidad cut\u00e1nea y el rol protector de la barrera cut\u00e1nea.\"},{\"@type\":\"BreadcrumbList\",\"@id\":\"https:\/\/www.isdin.com\/es\/blog\/que-es-la-barrera-cutanea\/#breadcrumb\",\"itemListElement\":[{\"@type\":\"ListItem\",\"position\":1,\"name\":\"Portada\",\"item\":\"https:\/\/www.isdin.com\/es\/blog\/\"},{\"@type\":\"ListItem\",\"position\":2,\"name\":\"Qu\u00e9 es la barrera cut\u00e1nea (y c\u00f3mo saber si la tuya est\u00e1 sana)\"}]},{\"@type\":\"WebSite\",\"@id\":\"https:\/\/www.isdin.com\/es\/blog\/#website\",\"url\":\"https:\/\/www.isdin.com\/es\/blog\/\",\"name\":\"ISDIN\",\"description\":\"Novedades, lanzamientos de productos y toda la experiencia de ISDIN\",\"publisher\":{\"@id\":\"https:\/\/www.isdin.com\/es\/blog\/#organization\"},\"potentialAction\":[{\"@type\":\"SearchAction\",\"target\":{\"@type\":\"EntryPoint\",\"urlTemplate\":\"https:\/\/www.isdin.com\/es\/blog\/?s={search_term_string}\"},\"query-input\":{\"@type\":\"PropertyValueSpecification\",\"valueRequired\":true,\"valueName\":\"search_term_string\"}}],\"inLanguage\":\"es-ES\"},{\"@type\":\"Organization\",\"@id\":\"https:\/\/www.isdin.com\/es\/blog\/#organization\",\"name\":\"ISDIN\",\"alternateName\":\"ISDIN\",\"url\":\"https:\/\/www.isdin.com\/es\/blog\/\",\"logo\":{\"@type\":\"ImageObject\",\"inLanguage\":\"es-ES\",\"@id\":\"https:\/\/www.isdin.com\/es\/blog\/#\/schema\/logo\/image\/\",\"url\":\"https:\/\/www.isdin.com\/es\/blog\/wp-content\/uploads\/2024\/05\/2025_03_GuiaFoto_FWM.png\",\"contentUrl\":\"https:\/\/www.isdin.com\/es\/blog\/wp-content\/uploads\/2024\/05\/2025_03_GuiaFoto_FWM.png\",\"width\":670,\"height\":683,\"caption\":\"ISDIN\"},\"image\":{\"@id\":\"https:\/\/www.isdin.com\/es\/blog\/#\/schema\/logo\/image\/\"},\"sameAs\":[\"https:\/\/es-es.facebook.com\/ISDIN.official\/\",\"https:\/\/x.com\/isdin_official\",\"https:\/\/www.instagram.com\/isdinofficial\",\"https:\/\/www.youtube.com\/channel\/UCtoNJMKpDwdFLqgV23_lcqg\"],\"telephone\":\"659997812\"},[{\"@type\":[\"Person\"],\"@id\":\"https:\/\/www.isdin.com\/es\/blog\/#\/schema\/person\/684015d7d9e78124cb4aa660f6fe8576\",\"name\":\"Belinda Mart\u00ednez\",\"image\":{\"@type\":\"ImageObject\",\"@id\":\"https:\/\/www.isdin.com\/es\/blog\/#\/schema\/person\/image\/\",\"inLanguage\":\"es_ES\",\"url\":\"https:\/\/www.isdin.com\/es\/blog\/wp-content\/uploads\/2017\/07\/jjjj.jpg\",\"caption\":\"Belinda Mart\u00ednez\"}},{\"@type\":[\"Person\"],\"@id\":\"https:\/\/www.isdin.com\/es\/blog\/#\/schema\/person\/684015d7d9e78124cb4aa660f6fe8576\",\"name\":\"Chiyoung Kang Park\",\"image\":{\"@type\":\"ImageObject\",\"@id\":\"https:\/\/www.isdin.com\/es\/blog\/#\/schema\/person\/image\/\",\"inLanguage\":\"es_ES\",\"url\":\"https:\/\/www.isdin.com\/es\/blog\/wp-content\/uploads\/2025\/03\/chiyoung-150x150.png\",\"caption\":\"Chiyoung Kang Park\"}}]]}<\/script>\n<!-- \/ Yoast SEO Premium plugin. -->","yoast_head_json":{"title":"Qu\u00e9 es la barrera cut\u00e1nea (y c\u00f3mo saber si la tuya est\u00e1 sana) - ISDIN","description":"\u00bfSab\u00edas que la barrera cut\u00e1nea protege tu piel del sol, la poluci\u00f3n y el envejecimiento? Descubre c\u00f3mo cuidarla en esta gu\u00eda completa.","robots":{"index":"index","follow":"follow","max-snippet":"max-snippet:-1","max-image-preview":"max-image-preview:large","max-video-preview":"max-video-preview:-1"},"canonical":"https:\/\/www.isdin.com\/es\/blog\/que-es-la-barrera-cutanea\/","og_locale":"es_ES","og_type":"article","og_title":"Qu\u00e9 es la barrera cut\u00e1nea (y c\u00f3mo saber si la tuya est\u00e1 sana) Qu\u00e9 es la barrera cut\u00e1nea","og_description":"\u00bfSab\u00edas que la barrera cut\u00e1nea protege tu piel del sol, la poluci\u00f3n y el envejecimiento? Descubre c\u00f3mo cuidarla en esta gu\u00eda completa.","og_url":"https:\/\/www.isdin.com\/es\/blog\/que-es-la-barrera-cutanea\/","og_site_name":"ISDIN","article_publisher":"https:\/\/es-es.facebook.com\/ISDIN.official\/","article_published_time":"2025-08-26T12:05:11+00:00","article_modified_time":"2025-08-26T12:05:13+00:00","og_image":[{"width":1200,"height":760,"url":"https:\/\/www.isdin.com\/es\/blog\/wp-content\/uploads\/2024\/03\/Header-1-1.png","type":"image\/png"}],"author":"Belinda Mart\u00ednez&nbsp;y&nbsp;Chiyoung Kang Park","twitter_card":"summary_large_image","twitter_title":"Qu\u00e9 es la barrera cut\u00e1nea (y c\u00f3mo saber si la tuya est\u00e1 sana)","twitter_creator":"@isdin_official","twitter_site":"@isdin_official","twitter_misc":{"Written by":"Belinda Mart\u00ednez&nbsp;y&nbsp;Chiyoung Kang Park","Est. reading time":"10 minutes"},"schema":{"@context":"https:\/\/schema.org","@graph":[{"@type":"Article","@id":"https:\/\/www.isdin.com\/es\/blog\/que-es-la-barrera-cutanea\/#article","isPartOf":{"@id":"https:\/\/www.isdin.com\/es\/blog\/que-es-la-barrera-cutanea\/"},"author":{"name":"Belinda Mart\u00ednez&nbsp;y&nbsp;Chiyoung Kang Park","@id":"https:\/\/www.isdin.com\/es\/blog\/#\/schema\/person\/684015d7d9e78124cb4aa660f6fe8576"},"headline":"Qu\u00e9 es la barrera cut\u00e1nea (y c\u00f3mo saber si la tuya est\u00e1 sana)","datePublished":"2025-08-26T12:05:11+00:00","dateModified":"2025-08-26T12:05:13+00:00","mainEntityOfPage":{"@id":"https:\/\/www.isdin.com\/es\/blog\/que-es-la-barrera-cutanea\/"},"wordCount":1893,"publisher":{"@id":"https:\/\/www.isdin.com\/es\/blog\/#organization"},"image":{"@id":"https:\/\/www.isdin.com\/es\/blog\/que-es-la-barrera-cutanea\/#primaryimage"},"thumbnailUrl":"https:\/\/www.isdin.com\/es\/blog\/wp-content\/uploads\/2024\/03\/Header-1-1.png","keywords":["barrera cut\u00e1nea","cuidado facial","cuidado piel"],"articleSection":["Consejos y cuidados","Cuidado facial"],"inLanguage":"es-ES"},{"@type":"WebPage","@id":"https:\/\/www.isdin.com\/es\/blog\/que-es-la-barrera-cutanea\/","url":"https:\/\/www.isdin.com\/es\/blog\/que-es-la-barrera-cutanea\/","name":"Qu\u00e9 es la barrera cut\u00e1nea (y c\u00f3mo saber si la tuya est\u00e1 sana) - ISDIN","isPartOf":{"@id":"https:\/\/www.isdin.com\/es\/blog\/#website"},"primaryImageOfPage":{"@id":"https:\/\/www.isdin.com\/es\/blog\/que-es-la-barrera-cutanea\/#primaryimage"},"image":{"@id":"https:\/\/www.isdin.com\/es\/blog\/que-es-la-barrera-cutanea\/#primaryimage"},"thumbnailUrl":"https:\/\/www.isdin.com\/es\/blog\/wp-content\/uploads\/2024\/03\/Header-1-1.png","datePublished":"2025-08-26T12:05:11+00:00","dateModified":"2025-08-26T12:05:13+00:00","description":"\u00bfSab\u00edas que la barrera cut\u00e1nea protege tu piel del sol, la poluci\u00f3n y el envejecimiento? Descubre c\u00f3mo cuidarla en esta gu\u00eda completa.","breadcrumb":{"@id":"https:\/\/www.isdin.com\/es\/blog\/que-es-la-barrera-cutanea\/#breadcrumb"},"inLanguage":"es-ES","potentialAction":[{"@type":"ReadAction","target":["https:\/\/www.isdin.com\/es\/blog\/que-es-la-barrera-cutanea\/"]}]},{"@type":"ImageObject","inLanguage":"es-ES","@id":"https:\/\/www.isdin.com\/es\/blog\/que-es-la-barrera-cutanea\/#primaryimage","url":"https:\/\/www.isdin.com\/es\/blog\/wp-content\/uploads\/2024\/03\/Header-1-1.png","contentUrl":"https:\/\/www.isdin.com\/es\/blog\/wp-content\/uploads\/2024\/03\/Header-1-1.png","width":1200,"height":760,"caption":"Rostro con pecas y piel natural saludable, ejemplo de diversidad cut\u00e1nea y el rol protector de la barrera cut\u00e1nea."},{"@type":"BreadcrumbList","@id":"https:\/\/www.isdin.com\/es\/blog\/que-es-la-barrera-cutanea\/#breadcrumb","itemListElement":[{"@type":"ListItem","position":1,"name":"Portada","item":"https:\/\/www.isdin.com\/es\/blog\/"},{"@type":"ListItem","position":2,"name":"Qu\u00e9 es la barrera cut\u00e1nea (y c\u00f3mo saber si la tuya est\u00e1 sana)"}]},{"@type":"WebSite","@id":"https:\/\/www.isdin.com\/es\/blog\/#website","url":"https:\/\/www.isdin.com\/es\/blog\/","name":"ISDIN","description":"Novedades, lanzamientos de productos y toda la experiencia de ISDIN","publisher":{"@id":"https:\/\/www.isdin.com\/es\/blog\/#organization"},"potentialAction":[{"@type":"SearchAction","target":{"@type":"EntryPoint","urlTemplate":"https:\/\/www.isdin.com\/es\/blog\/?s={search_term_string}"},"query-input":{"@type":"PropertyValueSpecification","valueRequired":true,"valueName":"search_term_string"}}],"inLanguage":"es-ES"},{"@type":"Organization","@id":"https:\/\/www.isdin.com\/es\/blog\/#organization","name":"ISDIN","alternateName":"ISDIN","url":"https:\/\/www.isdin.com\/es\/blog\/","logo":{"@type":"ImageObject","inLanguage":"es-ES","@id":"https:\/\/www.isdin.com\/es\/blog\/#\/schema\/logo\/image\/","url":"https:\/\/www.isdin.com\/es\/blog\/wp-content\/uploads\/2024\/05\/2025_03_GuiaFoto_FWM.png","contentUrl":"https:\/\/www.isdin.com\/es\/blog\/wp-content\/uploads\/2024\/05\/2025_03_GuiaFoto_FWM.png","width":670,"height":683,"caption":"ISDIN"},"image":{"@id":"https:\/\/www.isdin.com\/es\/blog\/#\/schema\/logo\/image\/"},"sameAs":["https:\/\/es-es.facebook.com\/ISDIN.official\/","https:\/\/x.com\/isdin_official","https:\/\/www.instagram.com\/isdinofficial","https:\/\/www.youtube.com\/channel\/UCtoNJMKpDwdFLqgV23_lcqg"],"telephone":"659997812"},[{"@type":["Person"],"@id":"https:\/\/www.isdin.com\/es\/blog\/#\/schema\/person\/684015d7d9e78124cb4aa660f6fe8576","name":"Belinda Mart\u00ednez","image":{"@type":"ImageObject","@id":"https:\/\/www.isdin.com\/es\/blog\/#\/schema\/person\/image\/","inLanguage":"es_ES","url":"https:\/\/www.isdin.com\/es\/blog\/wp-content\/uploads\/2017\/07\/jjjj.jpg","caption":"Belinda Mart\u00ednez"}},{"@type":["Person"],"@id":"https:\/\/www.isdin.com\/es\/blog\/#\/schema\/person\/684015d7d9e78124cb4aa660f6fe8576","name":"Chiyoung Kang Park","image":{"@type":"ImageObject","@id":"https:\/\/www.isdin.com\/es\/blog\/#\/schema\/person\/image\/","inLanguage":"es_ES","url":"https:\/\/www.isdin.com\/es\/blog\/wp-content\/uploads\/2025\/03\/chiyoung-150x150.png","caption":"Chiyoung Kang Park"}}]]}},"_links":{"self":[{"href":"https:\/\/www.isdin.com\/es\/blog\/wp-json\/wp\/v2\/posts\/7647","targetHints":{"allow":["GET"]}}],"collection":[{"href":"https:\/\/www.isdin.com\/es\/blog\/wp-json\/wp\/v2\/posts"}],"about":[{"href":"https:\/\/www.isdin.com\/es\/blog\/wp-json\/wp\/v2\/types\/post"}],"author":[{"embeddable":true,"href":"https:\/\/www.isdin.com\/es\/blog\/wp-json\/wp\/v2\/users\/69"}],"replies":[{"embeddable":true,"href":"https:\/\/www.isdin.com\/es\/blog\/wp-json\/wp\/v2\/comments?post=7647"}],"version-history":[{"count":10,"href":"https:\/\/www.isdin.com\/es\/blog\/wp-json\/wp\/v2\/posts\/7647\/revisions"}],"predecessor-version":[{"id":12521,"href":"https:\/\/www.isdin.com\/es\/blog\/wp-json\/wp\/v2\/posts\/7647\/revisions\/12521"}],"wp:featuredmedia":[{"embeddable":true,"href":"https:\/\/www.isdin.com\/es\/blog\/wp-json\/wp\/v2\/media\/12512"}],"wp:attachment":[{"href":"https:\/\/www.isdin.com\/es\/blog\/wp-json\/wp\/v2\/media?parent=7647"}],"wp:term":[{"taxonomy":"category","embeddable":true,"href":"https:\/\/www.isdin.com\/es\/blog\/wp-json\/wp\/v2\/categories?post=7647"},{"taxonomy":"post_tag","embeddable":true,"href":"https:\/\/www.isdin.com\/es\/blog\/wp-json\/wp\/v2\/tags?post=7647"}],"curies":[{"name":"wp","href":"https:\/\/api.w.org\/{rel}","templated":true}]}}