{"id":7597,"date":"2024-02-26T17:21:59","date_gmt":"2024-02-26T17:21:59","guid":{"rendered":"https:\/\/www.isdin.com\/es\/blog\/?p=7597"},"modified":"2025-03-18T11:46:52","modified_gmt":"2025-03-18T11:46:52","slug":"como-envejece-nuestra-piel","status":"publish","type":"post","link":"https:\/\/www.isdin.com\/es\/blog\/como-envejece-nuestra-piel\/","title":{"rendered":"Well-aging: descubre la belleza de envejecer bien"},"content":{"rendered":"\n<p>Envejecer es vivir, as\u00ed lo transmite el <em>well-aging<\/em>. Que no es otra cosa que la tendencia que anima a valorar el paso del tiempo como algo positivo. Con cada a\u00f1o que pasa, no solo sumamos experiencias y recuerdos, sino que tambi\u00e9n cultivamos una sabidur\u00eda \u00fanica sobre la belleza.<\/p>\n\n\n\n<p>Aunque, seguro que a lo largo del camino te surgen dudas. \u00bfA qu\u00e9 edad empieza a envejecer la piel? \u00bfQu\u00e9 sucede cuando mi piel deja de producir <a href=\"https:\/\/www.isdin.com\/es\/blog\/beneficios-del-colageno-para-la-piel\/\">col\u00e1geno<\/a>? \u00bfNecesito una mayor hidrataci\u00f3n con el paso de los a\u00f1os? Hay muchas preguntas y una respuesta que forma parte de todas: tu piel va a experimentar diferentes per\u00edodos en los que adaptar tu rutina de cuidado de la piel ser\u00e1 clave.<\/p>\n\n\n\n<p>Hoy, hablamos con expertos y conocedores del sector para saber los cambios por los que han pasado y c\u00f3mo t\u00fa puedes conectar con ellos. Porque todos estamos en el mismo camino y no hay nada de malo en envejecer.<\/p>\n\n\n\n<p><\/p>\n\n\n\n<h2 class=\"wp-block-heading\" id=\"h-un-envejecimiento-saludable-bonito-y-natural\">Un envejecimiento saludable, bonito y natural<\/h2>\n\n\n\n<figure class=\"wp-block-image size-large\"><img loading=\"lazy\" decoding=\"async\" width=\"1024\" height=\"527\" src=\"data:image\/gif;base64,R0lGODlhAQABAAAAACH5BAEKAAEALAAAAAABAAEAAAICTAEAOw==\" data-src=\"https:\/\/www.isdin.com\/es\/blog\/wp-content\/uploads\/2024\/02\/2023_wellaging_IMG08-1024x527.png\" alt=\"\" class=\"wp-image-9568 lazyload\" data-sizes=\"auto\" data-srcset=\"https:\/\/www.isdin.com\/es\/blog\/wp-content\/uploads\/2024\/02\/2023_wellaging_IMG08-1024x527.png 1024w, https:\/\/www.isdin.com\/es\/blog\/wp-content\/uploads\/2024\/02\/2023_wellaging_IMG08-300x155.png 300w, https:\/\/www.isdin.com\/es\/blog\/wp-content\/uploads\/2024\/02\/2023_wellaging_IMG08-150x77.png 150w, https:\/\/www.isdin.com\/es\/blog\/wp-content\/uploads\/2024\/02\/2023_wellaging_IMG08-768x396.png 768w, https:\/\/www.isdin.com\/es\/blog\/wp-content\/uploads\/2024\/02\/2023_wellaging_IMG08-585x300.png 585w, https:\/\/www.isdin.com\/es\/blog\/wp-content\/uploads\/2024\/02\/2023_wellaging_IMG08-450x232.png 450w, https:\/\/www.isdin.com\/es\/blog\/wp-content\/uploads\/2024\/02\/2023_wellaging_IMG08-20x11.png 20w, https:\/\/www.isdin.com\/es\/blog\/wp-content\/uploads\/2024\/02\/2023_wellaging_IMG08-225x116.png 225w, https:\/\/www.isdin.com\/es\/blog\/wp-content\/uploads\/2024\/02\/2023_wellaging_IMG08-900x464.png 900w, https:\/\/www.isdin.com\/es\/blog\/wp-content\/uploads\/2024\/02\/2023_wellaging_IMG08.png 1200w\" sizes=\"auto, (max-width: 1024px) 100vw, 1024px\" \/><\/figure>\n\n\n\n<p><\/p>\n\n\n\n<p>Para entender qu\u00e9 pasa en tu piel cuando cumples a\u00f1os, primero tenemos que hablar de su proceso de envejecimiento. \u00bfSab\u00edas que las tres <a href=\"https:\/\/www.isdin.com\/es\/blog\/bajo-tu-piel-sus-capas-y-funciones\/\">capas principales de tu piel<\/a> (epidermis, dermis, hipodermis) est\u00e1n unidas por tejidos conectivos? Lo que sucede con la edad es que este tejido se va viendo afectado por la p\u00e9rdida de elasticidad. Y, con esta p\u00e9rdida, tu piel se vuelve m\u00e1s fina, dando paso a la flacidez y reduciendo la capacidad de su reparaci\u00f3n natural.<\/p>\n\n\n\n<p>Y ojo, porque esta reparaci\u00f3n natural es la clave para combatir los signos del envejecimiento de la piel. Esta sufre oxidaci\u00f3n cada d\u00eda, un proceso natural causado por diferentes&nbsp;<a href=\"https:\/\/www.isdin.com\/es\/blog\/que-es-el-exposoma-y-por-que-es-importante-protegerse-del-sol-cada-dia\/\">factores internos y externos<\/a>&nbsp;que pueden acelerar el proceso de envejecimiento. El well-aging apuesta <strong>por una belleza que irradie autenticidad y naturalidad<\/strong>. Por eso, para mitigar los efectos del exposoma es necesario emprender un viaje que te lleve a conocer tu piel a lo largo de los a\u00f1os.<\/p>\n\n\n\n<h2 class=\"wp-block-heading\">Es hora de embarcar<\/h2>\n\n\n\n<p>Ap\u00fantate este mantra. <strong>Tengas la edad que tengas, tu piel siempre necesitar\u00e1 cuidados b\u00e1sicos<\/strong>: limpieza, hidrataci\u00f3n y, lo m\u00e1s importante, protecci\u00f3n solar. Estos tres pasos te servir\u00e1n para cuidar y reparar tu piel d\u00eda a d\u00eda.<\/p>\n\n\n\n<h3 class=\"wp-block-heading\">\u00bfQu\u00e9 hace la limpieza por tu piel?<\/h3>\n\n\n\n<p>D\u00eda tras d\u00eda, tu piel se enfrenta a numerosos desaf\u00edos como la suciedad, el exceso de sebo, la poluci\u00f3n o el maquillaje, entre otros. La limpieza juega un papel crucial en este escenario diario, actuando como el primer paso defensivo al eliminar eficazmente estas impurezas de la superficie de la piel y de los poros.<\/p>\n\n\n\n<p>Adem\u00e1s, una piel limpia prepara la piel para recibir y maximizar los beneficios de los productos de tu rutina, asegurando que sus ingredientes activos penetren profundamente. Pero sobre todo, <a href=\"https:\/\/www.isdin.com\/es\/blog\/elige-el-mejor-limpiador-facial\/\">una rutina de limpieza regular<\/a> contribuye a preservar el equilibrio del pH de la piel, un balance esencial para que la barrera cut\u00e1nea est\u00e9 saludable y sea capaz de defenderse contra agentes externos nocivos.<\/p>\n\n\n\n<h3 class=\"wp-block-heading\">\u00bfQu\u00e9 hace la hidrataci\u00f3n por tu piel?<\/h3>\n\n\n\n<p>Tu piel no solo lucha contra el mundo exterior, tambi\u00e9n tiene que encargarse de sus propias batallas, como la <a href=\"https:\/\/www.isdin.com\/es\/blog\/perdida-de-agua-transepidermica-que-es\/\">p\u00e9rdida de agua transepid\u00e9rmica<\/a> (TEWL). Este proceso, natural e inevitable, regula la cantidad de agua que la capa c\u00f3rnea de tu piel evapora cada d\u00eda. Cuando tu <a href=\"https:\/\/www.isdin.com\/es\/blog\/que-es-la-barrera-cutanea\/\">barrera cut\u00e1nea<\/a> no est\u00e1 en su mejor estado, puedes perder m\u00e1s agua de lo que deber\u00edas, lo que resulta en una piel deshidratada.<\/p>\n\n\n\n<p>Aqu\u00ed es donde entra en juego la hidrataci\u00f3n, porque no solo es vital para equilibrar la TEWL, sino para mantener tu piel rebosante de juventud, suavidad y flexibilidad. Los productos hidratantes, como los humectantes, trabajan atrapando la humedad en la piel, lo que ayuda a mantener su elasticidad y volumen.<\/p>\n\n\n\n<figure class=\"wp-block-image size-large\"><img loading=\"lazy\" decoding=\"async\" width=\"1024\" height=\"527\" src=\"data:image\/gif;base64,R0lGODlhAQABAAAAACH5BAEKAAEALAAAAAABAAEAAAICTAEAOw==\" data-src=\"https:\/\/www.isdin.com\/es\/blog\/wp-content\/uploads\/2024\/02\/2023_wellaging_IMG04-1024x527.png\" alt=\"productos para envejecer bien\" class=\"wp-image-9569 lazyload\" data-sizes=\"auto\" data-srcset=\"https:\/\/www.isdin.com\/es\/blog\/wp-content\/uploads\/2024\/02\/2023_wellaging_IMG04-1024x527.png 1024w, https:\/\/www.isdin.com\/es\/blog\/wp-content\/uploads\/2024\/02\/2023_wellaging_IMG04-300x155.png 300w, https:\/\/www.isdin.com\/es\/blog\/wp-content\/uploads\/2024\/02\/2023_wellaging_IMG04-150x77.png 150w, https:\/\/www.isdin.com\/es\/blog\/wp-content\/uploads\/2024\/02\/2023_wellaging_IMG04-768x396.png 768w, https:\/\/www.isdin.com\/es\/blog\/wp-content\/uploads\/2024\/02\/2023_wellaging_IMG04-585x300.png 585w, https:\/\/www.isdin.com\/es\/blog\/wp-content\/uploads\/2024\/02\/2023_wellaging_IMG04-450x232.png 450w, https:\/\/www.isdin.com\/es\/blog\/wp-content\/uploads\/2024\/02\/2023_wellaging_IMG04-20x11.png 20w, https:\/\/www.isdin.com\/es\/blog\/wp-content\/uploads\/2024\/02\/2023_wellaging_IMG04-225x116.png 225w, https:\/\/www.isdin.com\/es\/blog\/wp-content\/uploads\/2024\/02\/2023_wellaging_IMG04-900x464.png 900w, https:\/\/www.isdin.com\/es\/blog\/wp-content\/uploads\/2024\/02\/2023_wellaging_IMG04.png 1200w\" sizes=\"auto, (max-width: 1024px) 100vw, 1024px\" \/><\/figure>\n\n\n\n<p><\/p>\n\n\n\n<h3 class=\"wp-block-heading\">\u00bfQu\u00e9 hace la protecci\u00f3n solar por tu piel?<\/h3>\n\n\n\n<p>Vamos a contarte algo muy importante: incluso en d\u00edas nublados o en interiores, los <a href=\"https:\/\/www.isdin.com\/es\/blog\/efectos-radiacion-solar-piel\/\">rayos UV<\/a> pueden penetrar y alcanzar las capas m\u00e1s profundas de la piel. \u00bfLas consecuencias? La exposici\u00f3n prolongada al sol causa da\u00f1os tanto a corto como a largo plazo. A todos nos suenan las quemaduras solares, pero \u00bfqu\u00e9 hay del envejecimiento prematuro o el aumento significativo en el riesgo de desarrollar <a href=\"https:\/\/www.isdin.com\/es\/blog\/melanoma-causas-y-como-prevenirlo\/\">c\u00e1ncer de piel<\/a>? Todos estos riesgos se pueden minimizar usando fotoprotecci\u00f3n a diario.<\/p>\n\n\n\n<p>Estos 3 b\u00e1sicos siguen siendo efectivos a medida que cumples a\u00f1os, pero el proceso de envejecimiento puede introducir nuevas necesidades para tu piel. Adem\u00e1s, ten en cuenta que tu piel tiene memoria: esos excesos que ha sufrido tu piel a los 20 pueden empezar a aparecer a los 40. Por eso, debes cuidar tu piel desde la \u00e9poca m\u00e1s joven. <strong>\u00bfEmpezamos?<\/strong><\/p>\n\n\n\n<h2 class=\"wp-block-heading\">Tu piel a los 20<\/h2>\n\n\n\n<p><\/p>\n\n\n\n<figure class=\"wp-block-image size-large\"><img loading=\"lazy\" decoding=\"async\" width=\"1024\" height=\"527\" src=\"data:image\/gif;base64,R0lGODlhAQABAAAAACH5BAEKAAEALAAAAAABAAEAAAICTAEAOw==\" data-src=\"https:\/\/www.isdin.com\/es\/blog\/wp-content\/uploads\/2024\/02\/2023_wellaging_IMG02-1-1024x527.png\" alt=\"\" class=\"wp-image-9570 lazyload\" data-sizes=\"auto\" data-srcset=\"https:\/\/www.isdin.com\/es\/blog\/wp-content\/uploads\/2024\/02\/2023_wellaging_IMG02-1-1024x527.png 1024w, https:\/\/www.isdin.com\/es\/blog\/wp-content\/uploads\/2024\/02\/2023_wellaging_IMG02-1-300x155.png 300w, https:\/\/www.isdin.com\/es\/blog\/wp-content\/uploads\/2024\/02\/2023_wellaging_IMG02-1-150x77.png 150w, https:\/\/www.isdin.com\/es\/blog\/wp-content\/uploads\/2024\/02\/2023_wellaging_IMG02-1-768x396.png 768w, https:\/\/www.isdin.com\/es\/blog\/wp-content\/uploads\/2024\/02\/2023_wellaging_IMG02-1-585x300.png 585w, https:\/\/www.isdin.com\/es\/blog\/wp-content\/uploads\/2024\/02\/2023_wellaging_IMG02-1-450x232.png 450w, https:\/\/www.isdin.com\/es\/blog\/wp-content\/uploads\/2024\/02\/2023_wellaging_IMG02-1-20x11.png 20w, https:\/\/www.isdin.com\/es\/blog\/wp-content\/uploads\/2024\/02\/2023_wellaging_IMG02-1-225x116.png 225w, https:\/\/www.isdin.com\/es\/blog\/wp-content\/uploads\/2024\/02\/2023_wellaging_IMG02-1-900x464.png 900w, https:\/\/www.isdin.com\/es\/blog\/wp-content\/uploads\/2024\/02\/2023_wellaging_IMG02-1.png 1200w\" sizes=\"auto, (max-width: 1024px) 100vw, 1024px\" \/><\/figure>\n\n\n\n<p><\/p>\n\n\n\n<p>Acabas de terminar tus estudios, encuentras tu primer trabajo y disfrutas de tu tiempo libre viajando con amigos y haciendo alguna que otra locura. En esta d\u00e9cada, tu piel tambi\u00e9n vive su&nbsp;<em>golden time:<\/em> mantiene su elasticidad y firmeza, la producci\u00f3n de col\u00e1geno y elastina es alta, y el&nbsp;<a href=\"https:\/\/www.isdin.com\/es\/blog\/tipos-de-acne-y-como-tratarlos\/\">acn\u00e9<\/a>&nbsp;tiende a disminuir.<\/p>\n\n\n\n<h3 class=\"wp-block-heading\" id=\"h-una-perspectiva-real\">Una perspectiva real<\/h3>\n\n\n\n<p>\u201cLas arrugas se previenen a los 20, porque m\u00e1s tarde pasaremos de la prevenci\u00f3n a la correcci\u00f3n\u201d. Alessandro De Luca, Medical Marketing Specialist, habla alto y claro sobre la importancia de cuidar la piel en este momento vital porque \u201caqu\u00ed empiezan los cambios\u201d. \u00bfY cu\u00e1les son? \u201cLa producci\u00f3n de col\u00e1geno empieza a disminuir \u2014aunque muy poco\u2014, se reduce la hidrataci\u00f3n y el poder de la funci\u00f3n barrera, lo que puede provocar una mayor sequedad de tu piel\u201d.<\/p>\n\n\n\n<p>Justamente este \u00faltimo fue uno de los primeros s\u00edntomas que \u00e9l empez\u00f3 a notar. Por eso, Alessandro nos recomienda la importancia de ser constantes con una buena hidrataci\u00f3n para prevenir la futura deshidrataci\u00f3n que sufrir\u00e1 tu piel. Tu aliado ser\u00e1 el&nbsp;<a href=\"https:\/\/www.isdin.com\/es\/blog\/para-que-sirve-acido-hialuronico\/?_gl=1*ujtnkz*_up*MQ..*_ga*NDE4MDMzNjIzLjE2NjYxNzE0NTI.*_ga_B0MK9CBPLN*MTY2NjE3MTQ1MS4xLjAuMTY2NjE3MTU5NC4wLjAuMA\">\u00e1cido hialur\u00f3nico<\/a>&nbsp;que puedes encontrar tanto en&nbsp;<a href=\"https:\/\/www.isdin.com\/producto\/isdinceutics\/hyaluronic-concentrate\">s\u00e9rum<\/a>&nbsp;o en crema, como en la f\u00f3rmula de tu&nbsp;<a href=\"https:\/\/www.isdin.com\/producto\/fotoprotector-isdin\/fusion-water-spf-50\">fotoprotector<\/a>&nbsp;de uso diario.<\/p>\n\n\n\n<p class=\"has-text-align-center\">Es hora de saberlo todo sobre <a href=\"https:\/\/www.isdin.com\/es\/blog\/como-cuidar-tu-piel-a-los-25-anos\/\">tu piel a los 20<\/a>.<\/p>\n\n\n\n<p><\/p>\n\n\n\n<h2 class=\"wp-block-heading\" id=\"h-tu-piel-a-los-30\">Tu piel a los 30<\/h2>\n\n\n\n<figure class=\"wp-block-image size-large\"><img loading=\"lazy\" decoding=\"async\" width=\"1024\" height=\"527\" src=\"data:image\/gif;base64,R0lGODlhAQABAAAAACH5BAEKAAEALAAAAAABAAEAAAICTAEAOw==\" data-src=\"https:\/\/www.isdin.com\/es\/blog\/wp-content\/uploads\/2024\/02\/2023_wellaging_IMG03-1024x527.png\" alt=\"skincare a los 30\" class=\"wp-image-9571 lazyload\" data-sizes=\"auto\" data-srcset=\"https:\/\/www.isdin.com\/es\/blog\/wp-content\/uploads\/2024\/02\/2023_wellaging_IMG03-1024x527.png 1024w, https:\/\/www.isdin.com\/es\/blog\/wp-content\/uploads\/2024\/02\/2023_wellaging_IMG03-300x155.png 300w, https:\/\/www.isdin.com\/es\/blog\/wp-content\/uploads\/2024\/02\/2023_wellaging_IMG03-150x77.png 150w, https:\/\/www.isdin.com\/es\/blog\/wp-content\/uploads\/2024\/02\/2023_wellaging_IMG03-768x396.png 768w, https:\/\/www.isdin.com\/es\/blog\/wp-content\/uploads\/2024\/02\/2023_wellaging_IMG03-585x300.png 585w, https:\/\/www.isdin.com\/es\/blog\/wp-content\/uploads\/2024\/02\/2023_wellaging_IMG03-450x232.png 450w, https:\/\/www.isdin.com\/es\/blog\/wp-content\/uploads\/2024\/02\/2023_wellaging_IMG03-20x11.png 20w, https:\/\/www.isdin.com\/es\/blog\/wp-content\/uploads\/2024\/02\/2023_wellaging_IMG03-225x116.png 225w, https:\/\/www.isdin.com\/es\/blog\/wp-content\/uploads\/2024\/02\/2023_wellaging_IMG03-900x464.png 900w, https:\/\/www.isdin.com\/es\/blog\/wp-content\/uploads\/2024\/02\/2023_wellaging_IMG03.png 1200w\" sizes=\"auto, (max-width: 1024px) 100vw, 1024px\" \/><\/figure>\n\n\n\n<p><\/p>\n\n\n\n<p>Sigues siendo imparable, pero tu piel ya no lo es tanto. Adem\u00e1s, tu carrera profesional crece y con ella las responsabilidades \u00a1y el <a href=\"https:\/\/www.isdin.com\/es\/blog\/como-afecta-el-estres-a-nuestra-piel\/\">estr\u00e9s<\/a>! Sin quererlo, tu piel empieza a parecer m\u00e1s cansada, menos luminosa y\u2026 Las patas de gallo te dicen hola. \u00bfPor qu\u00e9? Porque a partir de los 30 (tranquila, no ser\u00e1 el mismo d\u00eda de tu cumplea\u00f1os) la capacidad regenerativa de tu piel disminuye dr\u00e1sticamente. Las c\u00e9lulas de tu piel se van almacenando en tu dermis paulatinamente, dej\u00e1ndola m\u00e1s deshidratada y propensa a tener arrugas.<\/p>\n\n\n\n<h3 class=\"wp-block-heading\" id=\"h-una-perspectiva-real-0\">Una perspectiva real<\/h3>\n\n\n\n<p>\u201c\u00bfLo primero que not\u00e9? Las l\u00edneas de expresi\u00f3n m\u00e1s acentuadas\u201d, confiesa Alba Villanueva, Dermalab Manager de ISDIN. Este es el momento: a\u00f1ade a tu rutina diaria productos enfocados en reparar y prevenir los primeros signos del envejecimiento de la piel. Como los contornos de ojos; si no los estabas usando ya, Alba te lo cuenta todo sobre <a href=\"https:\/\/www.isdin.com\/es\/blog\/como-aplicar-el-contorno-de-ojos\/\">c\u00f3mo aplicarlos correctamente<\/a>.<\/p>\n\n\n\n<p>Adem\u00e1s, tambi\u00e9n nos ha contado como el \u00e1cido hialur\u00f3nico nunca ha abandonado su rutina.&nbsp;\u201cLas&nbsp;<a href=\"https:\/\/www.isdin.com\/marcas\/isdinceutics\/hyaluronic-moisture\/\">cremas<\/a>&nbsp;con \u00e1cido hialur\u00f3nico son perfectas para hidratar la piel de manera m\u00e1s profunda. En mi rutina no faltan\u201d, confiesa Alba.<\/p>\n\n\n\n<p><\/p>\n\n\n\n<h2 class=\"wp-block-heading\" id=\"h-tu-piel-a-los-40\">Tu piel a los 40<\/h2>\n\n\n\n<figure class=\"wp-block-image size-large\"><img loading=\"lazy\" decoding=\"async\" width=\"1024\" height=\"527\" src=\"data:image\/gif;base64,R0lGODlhAQABAAAAACH5BAEKAAEALAAAAAABAAEAAAICTAEAOw==\" data-src=\"https:\/\/www.isdin.com\/es\/blog\/wp-content\/uploads\/2024\/02\/2023_wellaging_IMG06-1024x527.png\" alt=\"cuidar tu piel a os 40\" class=\"wp-image-9572 lazyload\" data-sizes=\"auto\" data-srcset=\"https:\/\/www.isdin.com\/es\/blog\/wp-content\/uploads\/2024\/02\/2023_wellaging_IMG06-1024x527.png 1024w, https:\/\/www.isdin.com\/es\/blog\/wp-content\/uploads\/2024\/02\/2023_wellaging_IMG06-300x155.png 300w, https:\/\/www.isdin.com\/es\/blog\/wp-content\/uploads\/2024\/02\/2023_wellaging_IMG06-150x77.png 150w, https:\/\/www.isdin.com\/es\/blog\/wp-content\/uploads\/2024\/02\/2023_wellaging_IMG06-768x396.png 768w, https:\/\/www.isdin.com\/es\/blog\/wp-content\/uploads\/2024\/02\/2023_wellaging_IMG06-585x300.png 585w, https:\/\/www.isdin.com\/es\/blog\/wp-content\/uploads\/2024\/02\/2023_wellaging_IMG06-450x232.png 450w, https:\/\/www.isdin.com\/es\/blog\/wp-content\/uploads\/2024\/02\/2023_wellaging_IMG06-20x11.png 20w, https:\/\/www.isdin.com\/es\/blog\/wp-content\/uploads\/2024\/02\/2023_wellaging_IMG06-225x116.png 225w, https:\/\/www.isdin.com\/es\/blog\/wp-content\/uploads\/2024\/02\/2023_wellaging_IMG06-900x464.png 900w, https:\/\/www.isdin.com\/es\/blog\/wp-content\/uploads\/2024\/02\/2023_wellaging_IMG06.png 1200w\" sizes=\"auto, (max-width: 1024px) 100vw, 1024px\" \/><\/figure>\n\n\n\n<p><\/p>\n\n\n\n<p>Este es el momento en el que te das cuenta de que la juventud no es eterna. Tu carrera profesional se asienta y las noches (o m\u00e1s bien tardes) locas pasan a ser menos locas. Pero, y tu piel, \u00bfc\u00f3mo vive este cambio de decenio? Tu piel empezar\u00e1 a mostrar los primeros signos de flacidez, por la p\u00e9rdida m\u00e1s acentuada de la elastina y el col\u00e1geno.<\/p>\n\n\n\n<h3 class=\"wp-block-heading\" id=\"h-una-perspectiva-real-1\">Una perspectiva real<\/h3>\n\n\n\n<p>\u201cLo primero que empec\u00e9 a notar fue su fragilidad. Antes, <a href=\"https:\/\/www.isdin.com\/es\/blog\/rutina-de-piel-para-cada-estacion\/\">los cambios de estaci\u00f3n<\/a>, por ejemplo, no me afectaban tanto\u201d, explica Greg Cameron, Brand Guardian Manager en ISDIN. \u201cAdem\u00e1s, tambi\u00e9n empec\u00e9 a notar m\u00e1s las l\u00edneas de expresi\u00f3n que aparecen por las risas y los buenos momentos. \u00a1Y todos esos veranos ba\u00f1ados de sol! Porque no se puede olvidar que la piel tiene memoria\u201d, subraya.<\/p>\n\n\n\n<p>Los antioxidantes y el <a href=\"https:\/\/www.isdin.com\/es\/blog\/retinal-guia-para-principiantes\/\">retinal<\/a> son algunos de los ingredientes clave que deber\u00e1s a\u00f1adir a tu rutina. \u201cAhora, tengo que tener m\u00e1s cuidado con el da\u00f1o oxidativo producido por la poluci\u00f3n y otros radicales libres. En mi rutina no puede faltar por las ma\u00f1anas&nbsp;<a href=\"https:\/\/www.isdin.com\/producto\/isdinceutics\/flavo-c-forte\">Flavo-C Forte,<\/a>&nbsp;un s\u00e9rum que revitaliza, ilumina y ayuda a disminuir los signos de fatiga de mi piel. Tambi\u00e9n utilizo&nbsp;<a href=\"https:\/\/www.isdin.com\/producto\/isdinceutics\/retinal-intense\">Retinal Intense<\/a> por las noches: el aliado perfecto para reducir visiblemente las arrugas gracias a su f\u00f3rmula con retinaldeh\u00eddo y <a href=\"https:\/\/www.isdin.com\/es\/blog\/que-es-el-bakuchiol-y-sus-beneficios\/\">bakuchiol<\/a>\u201d.<\/p>\n\n\n\n<p><\/p>\n\n\n\n<p class=\"has-text-align-center\">\u00bfBuscas una rutina paso a paso sobre <a href=\"https:\/\/www.isdin.com\/es\/blog\/como-cuidar-tu-piel-a-los-40\/\">el cuidado de la piel a los 40<\/a>?<\/p>\n\n\n\n<p><\/p>\n\n\n\n<h2 class=\"wp-block-heading\" id=\"h-tu-piel-a-los-50\">Tu piel a los 50<\/h2>\n\n\n\n<figure class=\"wp-block-image size-large\"><img loading=\"lazy\" decoding=\"async\" width=\"1024\" height=\"527\" src=\"data:image\/gif;base64,R0lGODlhAQABAAAAACH5BAEKAAEALAAAAAABAAEAAAICTAEAOw==\" data-src=\"https:\/\/www.isdin.com\/es\/blog\/wp-content\/uploads\/2024\/02\/2023_wellaging_IMG01-1024x527.png\" alt=\"envejecer bien\" class=\"wp-image-9573 lazyload\" data-sizes=\"auto\" data-srcset=\"https:\/\/www.isdin.com\/es\/blog\/wp-content\/uploads\/2024\/02\/2023_wellaging_IMG01-1024x527.png 1024w, https:\/\/www.isdin.com\/es\/blog\/wp-content\/uploads\/2024\/02\/2023_wellaging_IMG01-300x155.png 300w, https:\/\/www.isdin.com\/es\/blog\/wp-content\/uploads\/2024\/02\/2023_wellaging_IMG01-150x77.png 150w, https:\/\/www.isdin.com\/es\/blog\/wp-content\/uploads\/2024\/02\/2023_wellaging_IMG01-768x396.png 768w, https:\/\/www.isdin.com\/es\/blog\/wp-content\/uploads\/2024\/02\/2023_wellaging_IMG01-585x300.png 585w, https:\/\/www.isdin.com\/es\/blog\/wp-content\/uploads\/2024\/02\/2023_wellaging_IMG01-450x232.png 450w, https:\/\/www.isdin.com\/es\/blog\/wp-content\/uploads\/2024\/02\/2023_wellaging_IMG01-20x11.png 20w, https:\/\/www.isdin.com\/es\/blog\/wp-content\/uploads\/2024\/02\/2023_wellaging_IMG01-225x116.png 225w, https:\/\/www.isdin.com\/es\/blog\/wp-content\/uploads\/2024\/02\/2023_wellaging_IMG01-900x464.png 900w, https:\/\/www.isdin.com\/es\/blog\/wp-content\/uploads\/2024\/02\/2023_wellaging_IMG01.png 1200w\" sizes=\"auto, (max-width: 1024px) 100vw, 1024px\" \/><\/figure>\n\n\n\n<p><\/p>\n\n\n\n<p>En tu vida, los recuerdos se acumulan, y en tu piel tambi\u00e9n. Las <a href=\"https:\/\/www.isdin.com\/es\/blog\/well-aging-como-prevenir-y-cuidar-nuestras-arrugas\/\">arrugas din\u00e1micas<\/a> empiezan a formarse desde edades muy tempranas, y ahora en tu rostro se marcan las emociones, las veces que te has re\u00eddo y c\u00f3mo te has expresado a lo largo de los a\u00f1os.<\/p>\n\n\n\n<h3 class=\"wp-block-heading\" id=\"h-una-perspectiva-real-2\">Una perspectiva real<\/h3>\n\n\n\n<p>\u201cPiel seca, deshidratada, p\u00e9rdida de firmeza, arrugas m\u00e1s profundas, cambios en la coloraci\u00f3n de la piel, <a href=\"https:\/\/www.isdin.com\/es\/blog\/manchas-solares-por-que-se-producen-y-como-tratarlas\/\">l\u00e9ntigos solares<\/a>\u2026 Somos m\u00e1s conscientes de la necesidad de llevar un estilo de vida saludable y una rutina del cuidado de la piel a diario\u201d, cuenta Aurora Garre, Medical Marketing Manager.<\/p>\n\n\n\n<p>Adem\u00e1s, en tu rutina es esencial incluir dos pasos clave, tal como nos ha ense\u00f1ado Aurora: \u2018\u2019<a href=\"https:\/\/www.isdin.com\/producto\/isdinceutics\/melaclear\">Dermocosm\u00e9ticos para prevenir y tratar las manchas<\/a>, y fotoprotecci\u00f3n espec\u00edfica con agentes fotoreparadores\u2019\u2019.<\/p>\n\n\n\n<p><\/p>\n\n\n\n<h2 class=\"wp-block-heading\" id=\"h-eterna-juventud\">Eterna juventud<\/h2>\n\n\n\n<figure class=\"wp-block-image size-large\"><img loading=\"lazy\" decoding=\"async\" width=\"1024\" height=\"527\" src=\"data:image\/gif;base64,R0lGODlhAQABAAAAACH5BAEKAAEALAAAAAABAAEAAAICTAEAOw==\" data-src=\"https:\/\/www.isdin.com\/es\/blog\/wp-content\/uploads\/2024\/02\/2023_wellaging_IMG09-1024x527.png\" alt=\"c\u00f3mo envejecer bien\" class=\"wp-image-9574 lazyload\" data-sizes=\"auto\" data-srcset=\"https:\/\/www.isdin.com\/es\/blog\/wp-content\/uploads\/2024\/02\/2023_wellaging_IMG09-1024x527.png 1024w, https:\/\/www.isdin.com\/es\/blog\/wp-content\/uploads\/2024\/02\/2023_wellaging_IMG09-300x155.png 300w, https:\/\/www.isdin.com\/es\/blog\/wp-content\/uploads\/2024\/02\/2023_wellaging_IMG09-150x77.png 150w, https:\/\/www.isdin.com\/es\/blog\/wp-content\/uploads\/2024\/02\/2023_wellaging_IMG09-768x396.png 768w, https:\/\/www.isdin.com\/es\/blog\/wp-content\/uploads\/2024\/02\/2023_wellaging_IMG09-585x300.png 585w, https:\/\/www.isdin.com\/es\/blog\/wp-content\/uploads\/2024\/02\/2023_wellaging_IMG09-450x232.png 450w, https:\/\/www.isdin.com\/es\/blog\/wp-content\/uploads\/2024\/02\/2023_wellaging_IMG09-20x11.png 20w, https:\/\/www.isdin.com\/es\/blog\/wp-content\/uploads\/2024\/02\/2023_wellaging_IMG09-225x116.png 225w, https:\/\/www.isdin.com\/es\/blog\/wp-content\/uploads\/2024\/02\/2023_wellaging_IMG09-900x464.png 900w, https:\/\/www.isdin.com\/es\/blog\/wp-content\/uploads\/2024\/02\/2023_wellaging_IMG09.png 1200w\" sizes=\"auto, (max-width: 1024px) 100vw, 1024px\" \/><\/figure>\n\n\n\n<p><\/p>\n\n\n\n<p>\u00bfQu\u00e9 pasa a partir de ahora? Sentirse bien por fuera y cuidar tu piel es importante, pero sentirse joven es algo que tambi\u00e9n se lleva por dentro.<\/p>\n\n\n\n<p>Es comprensible que nos preocupemos por nuestra apariencia externa, pero la felicidad y la vitalidad se reflejan en nuestra piel de una manera \u00fanica. <strong>El <em>well-aging<\/em> te invita a disfrutar de cada etapa, encontrar felicidad en las peque\u00f1as cosas y alegr\u00eda en cada arruga.<\/strong> Y sinceramente, nos encanta; porque una piel cuidada es una piel bonita, tengas la edad que tengas.<\/p>\n","protected":false},"excerpt":{"rendered":"<p>El well-aging te invita a disfrutar de cada etapa, encontrar felicidad en las peque\u00f1as cosas y alegr\u00eda en cada arruga. Y sinceramente, nos encanta.<\/p>\n","protected":false},"author":69,"featured_media":9567,"comment_status":"closed","ping_status":"closed","sticky":false,"template":"","format":"image","meta":{"footnotes":""},"categories":[103,1,101],"tags":[96,294,123,90],"class_list":["post-7597","post","type-post","status-publish","format-image","has-post-thumbnail","hentry","category-belleza","category-consejos-cuidados","category-cuidado-facial","tag-arrugas","tag-cuidado-facial","tag-cuidado-piel","tag-rutina-facial","post_format-post-format-image"],"yoast_head":"<!-- This site is optimized with the Yoast SEO Premium plugin v25.4 (Yoast SEO v25.4) - https:\/\/yoast.com\/wordpress\/plugins\/seo\/ -->\n<title>Well-aging: descubre la belleza de envejecer bien - ISDIN<\/title>\n<meta name=\"description\" content=\"Comienza el viaje para envejecer bien y descubre con ISDIN c\u00f3mo cuidar tu piel dependiendo de la d\u00e9cada en la que te encuentres.\" \/>\n<meta name=\"robots\" content=\"index, follow, max-snippet:-1, max-image-preview:large, max-video-preview:-1\" \/>\n<link rel=\"canonical\" href=\"https:\/\/www.isdin.com\/es\/blog\/como-envejece-nuestra-piel\/\" \/>\n<meta property=\"og:locale\" content=\"es_ES\" \/>\n<meta property=\"og:type\" content=\"article\" \/>\n<meta property=\"og:title\" content=\"Well-aging: descubre la belleza de envejecer bien\" \/>\n<meta property=\"og:description\" content=\"Comienza el viaje para envejecer bien y descubre con ISDIN c\u00f3mo cuidar tu piel dependiendo de la d\u00e9cada en la que te encuentres.\" \/>\n<meta property=\"og:url\" content=\"https:\/\/www.isdin.com\/es\/blog\/como-envejece-nuestra-piel\/\" \/>\n<meta property=\"og:site_name\" content=\"ISDIN\" \/>\n<meta property=\"article:publisher\" content=\"https:\/\/es-es.facebook.com\/ISDIN.official\/\" \/>\n<meta property=\"article:published_time\" content=\"2024-02-26T17:21:59+00:00\" \/>\n<meta property=\"article:modified_time\" content=\"2025-03-18T11:46:52+00:00\" \/>\n<meta property=\"og:image\" content=\"https:\/\/www.isdin.com\/es\/blog\/wp-content\/uploads\/2022\/12\/2023_wellaging_IMG05.png\" \/>\n\t<meta property=\"og:image:width\" content=\"1200\" \/>\n\t<meta property=\"og:image:height\" content=\"760\" \/>\n\t<meta property=\"og:image:type\" content=\"image\/png\" \/>\n<meta name=\"author\" content=\"Belinda Mart\u00ednez&nbsp;y&nbsp;Alessandro De Luca\" \/>\n<meta name=\"twitter:card\" content=\"summary_large_image\" \/>\n<meta name=\"twitter:creator\" content=\"@isdin_official\" \/>\n<meta name=\"twitter:site\" content=\"@isdin_official\" \/>\n<meta name=\"twitter:label1\" content=\"Written by\" \/>\n\t<meta name=\"twitter:data1\" content=\"Belinda Mart\u00ednez&nbsp;y&nbsp;Alessandro De Luca\" \/>\n\t<meta name=\"twitter:label2\" content=\"Est. reading time\" \/>\n\t<meta name=\"twitter:data2\" content=\"10 minutes\" \/>\n<script type=\"application\/ld+json\" class=\"yoast-schema-graph\">{\"@context\":\"https:\/\/schema.org\",\"@graph\":[{\"@type\":\"Article\",\"@id\":\"https:\/\/www.isdin.com\/es\/blog\/como-envejece-nuestra-piel\/#article\",\"isPartOf\":{\"@id\":\"https:\/\/www.isdin.com\/es\/blog\/como-envejece-nuestra-piel\/\"},\"author\":{\"name\":\"Belinda Mart\u00ednez&nbsp;y&nbsp;Alessandro De Luca\",\"@id\":\"https:\/\/www.isdin.com\/es\/blog\/#\/schema\/person\/684015d7d9e78124cb4aa660f6fe8576\"},\"headline\":\"Well-aging: descubre la belleza de envejecer bien\",\"datePublished\":\"2024-02-26T17:21:59+00:00\",\"dateModified\":\"2025-03-18T11:46:52+00:00\",\"mainEntityOfPage\":{\"@id\":\"https:\/\/www.isdin.com\/es\/blog\/como-envejece-nuestra-piel\/\"},\"wordCount\":1763,\"publisher\":{\"@id\":\"https:\/\/www.isdin.com\/es\/blog\/#organization\"},\"image\":{\"@id\":\"https:\/\/www.isdin.com\/es\/blog\/como-envejece-nuestra-piel\/#primaryimage\"},\"thumbnailUrl\":\"https:\/\/www.isdin.com\/es\/blog\/wp-content\/uploads\/2022\/12\/2023_wellaging_IMG05.png\",\"keywords\":[\"arrugas\",\"cuidado facial\",\"cuidado piel\",\"rutina facial\"],\"articleSection\":[\"Belleza\",\"Consejos y cuidados\",\"Cuidado facial\"],\"inLanguage\":\"es-ES\"},{\"@type\":\"WebPage\",\"@id\":\"https:\/\/www.isdin.com\/es\/blog\/como-envejece-nuestra-piel\/\",\"url\":\"https:\/\/www.isdin.com\/es\/blog\/como-envejece-nuestra-piel\/\",\"name\":\"Well-aging: descubre la belleza de envejecer bien - ISDIN\",\"isPartOf\":{\"@id\":\"https:\/\/www.isdin.com\/es\/blog\/#website\"},\"primaryImageOfPage\":{\"@id\":\"https:\/\/www.isdin.com\/es\/blog\/como-envejece-nuestra-piel\/#primaryimage\"},\"image\":{\"@id\":\"https:\/\/www.isdin.com\/es\/blog\/como-envejece-nuestra-piel\/#primaryimage\"},\"thumbnailUrl\":\"https:\/\/www.isdin.com\/es\/blog\/wp-content\/uploads\/2022\/12\/2023_wellaging_IMG05.png\",\"datePublished\":\"2024-02-26T17:21:59+00:00\",\"dateModified\":\"2025-03-18T11:46:52+00:00\",\"description\":\"Comienza el viaje para envejecer bien y descubre con ISDIN c\u00f3mo cuidar tu piel dependiendo de la d\u00e9cada en la que te encuentres.\",\"breadcrumb\":{\"@id\":\"https:\/\/www.isdin.com\/es\/blog\/como-envejece-nuestra-piel\/#breadcrumb\"},\"inLanguage\":\"es-ES\",\"potentialAction\":[{\"@type\":\"ReadAction\",\"target\":[\"https:\/\/www.isdin.com\/es\/blog\/como-envejece-nuestra-piel\/\"]}]},{\"@type\":\"ImageObject\",\"inLanguage\":\"es-ES\",\"@id\":\"https:\/\/www.isdin.com\/es\/blog\/como-envejece-nuestra-piel\/#primaryimage\",\"url\":\"https:\/\/www.isdin.com\/es\/blog\/wp-content\/uploads\/2022\/12\/2023_wellaging_IMG05.png\",\"contentUrl\":\"https:\/\/www.isdin.com\/es\/blog\/wp-content\/uploads\/2022\/12\/2023_wellaging_IMG05.png\",\"width\":1200,\"height\":760},{\"@type\":\"BreadcrumbList\",\"@id\":\"https:\/\/www.isdin.com\/es\/blog\/como-envejece-nuestra-piel\/#breadcrumb\",\"itemListElement\":[{\"@type\":\"ListItem\",\"position\":1,\"name\":\"Portada\",\"item\":\"https:\/\/www.isdin.com\/es\/blog\/\"},{\"@type\":\"ListItem\",\"position\":2,\"name\":\"Well-aging: descubre la belleza de envejecer bien\"}]},{\"@type\":\"WebSite\",\"@id\":\"https:\/\/www.isdin.com\/es\/blog\/#website\",\"url\":\"https:\/\/www.isdin.com\/es\/blog\/\",\"name\":\"ISDIN\",\"description\":\"Novedades, lanzamientos de productos y toda la experiencia de ISDIN\",\"publisher\":{\"@id\":\"https:\/\/www.isdin.com\/es\/blog\/#organization\"},\"potentialAction\":[{\"@type\":\"SearchAction\",\"target\":{\"@type\":\"EntryPoint\",\"urlTemplate\":\"https:\/\/www.isdin.com\/es\/blog\/?s={search_term_string}\"},\"query-input\":{\"@type\":\"PropertyValueSpecification\",\"valueRequired\":true,\"valueName\":\"search_term_string\"}}],\"inLanguage\":\"es-ES\"},{\"@type\":\"Organization\",\"@id\":\"https:\/\/www.isdin.com\/es\/blog\/#organization\",\"name\":\"ISDIN\",\"alternateName\":\"ISDIN\",\"url\":\"https:\/\/www.isdin.com\/es\/blog\/\",\"logo\":{\"@type\":\"ImageObject\",\"inLanguage\":\"es-ES\",\"@id\":\"https:\/\/www.isdin.com\/es\/blog\/#\/schema\/logo\/image\/\",\"url\":\"https:\/\/www.isdin.com\/es\/blog\/wp-content\/uploads\/2024\/05\/2025_03_GuiaFoto_FWM.png\",\"contentUrl\":\"https:\/\/www.isdin.com\/es\/blog\/wp-content\/uploads\/2024\/05\/2025_03_GuiaFoto_FWM.png\",\"width\":670,\"height\":683,\"caption\":\"ISDIN\"},\"image\":{\"@id\":\"https:\/\/www.isdin.com\/es\/blog\/#\/schema\/logo\/image\/\"},\"sameAs\":[\"https:\/\/es-es.facebook.com\/ISDIN.official\/\",\"https:\/\/x.com\/isdin_official\",\"https:\/\/www.instagram.com\/isdinofficial\",\"https:\/\/www.youtube.com\/channel\/UCtoNJMKpDwdFLqgV23_lcqg\"],\"telephone\":\"659997812\"},[{\"@type\":[\"Person\"],\"@id\":\"https:\/\/www.isdin.com\/es\/blog\/#\/schema\/person\/684015d7d9e78124cb4aa660f6fe8576\",\"name\":\"Belinda Mart\u00ednez\",\"image\":{\"@type\":\"ImageObject\",\"@id\":\"https:\/\/www.isdin.com\/es\/blog\/#\/schema\/person\/image\/\",\"inLanguage\":\"es_ES\",\"url\":\"https:\/\/www.isdin.com\/es\/blog\/wp-content\/uploads\/2017\/07\/jjjj.jpg\",\"caption\":\"Belinda Mart\u00ednez\"}},{\"@type\":[\"Person\"],\"@id\":\"https:\/\/www.isdin.com\/es\/blog\/#\/schema\/person\/684015d7d9e78124cb4aa660f6fe8576\",\"name\":\"Alessandro De Luca\",\"image\":{\"@type\":\"ImageObject\",\"@id\":\"https:\/\/www.isdin.com\/es\/blog\/#\/schema\/person\/image\/\",\"inLanguage\":\"es_ES\",\"url\":\"https:\/\/www.isdin.com\/es\/blog\/wp-content\/uploads\/2017\/07\/ALESSANDRO-DI-LUCA-edited.jpg\",\"caption\":\"Alessandro De Luca\"}}]]}<\/script>\n<!-- \/ Yoast SEO Premium plugin. -->","yoast_head_json":{"title":"Well-aging: descubre la belleza de envejecer bien - ISDIN","description":"Comienza el viaje para envejecer bien y descubre con ISDIN c\u00f3mo cuidar tu piel dependiendo de la d\u00e9cada en la que te encuentres.","robots":{"index":"index","follow":"follow","max-snippet":"max-snippet:-1","max-image-preview":"max-image-preview:large","max-video-preview":"max-video-preview:-1"},"canonical":"https:\/\/www.isdin.com\/es\/blog\/como-envejece-nuestra-piel\/","og_locale":"es_ES","og_type":"article","og_title":"Well-aging: descubre la belleza de envejecer bien","og_description":"Comienza el viaje para envejecer bien y descubre con ISDIN c\u00f3mo cuidar tu piel dependiendo de la d\u00e9cada en la que te encuentres.","og_url":"https:\/\/www.isdin.com\/es\/blog\/como-envejece-nuestra-piel\/","og_site_name":"ISDIN","article_publisher":"https:\/\/es-es.facebook.com\/ISDIN.official\/","article_published_time":"2024-02-26T17:21:59+00:00","article_modified_time":"2025-03-18T11:46:52+00:00","og_image":[{"width":1200,"height":760,"url":"https:\/\/www.isdin.com\/es\/blog\/wp-content\/uploads\/2022\/12\/2023_wellaging_IMG05.png","type":"image\/png"}],"author":"Belinda Mart\u00ednez&nbsp;y&nbsp;Alessandro De Luca","twitter_card":"summary_large_image","twitter_creator":"@isdin_official","twitter_site":"@isdin_official","twitter_misc":{"Written by":"Belinda Mart\u00ednez&nbsp;y&nbsp;Alessandro De Luca","Est. reading time":"10 minutes"},"schema":{"@context":"https:\/\/schema.org","@graph":[{"@type":"Article","@id":"https:\/\/www.isdin.com\/es\/blog\/como-envejece-nuestra-piel\/#article","isPartOf":{"@id":"https:\/\/www.isdin.com\/es\/blog\/como-envejece-nuestra-piel\/"},"author":{"name":"Belinda Mart\u00ednez&nbsp;y&nbsp;Alessandro De Luca","@id":"https:\/\/www.isdin.com\/es\/blog\/#\/schema\/person\/684015d7d9e78124cb4aa660f6fe8576"},"headline":"Well-aging: descubre la belleza de envejecer bien","datePublished":"2024-02-26T17:21:59+00:00","dateModified":"2025-03-18T11:46:52+00:00","mainEntityOfPage":{"@id":"https:\/\/www.isdin.com\/es\/blog\/como-envejece-nuestra-piel\/"},"wordCount":1763,"publisher":{"@id":"https:\/\/www.isdin.com\/es\/blog\/#organization"},"image":{"@id":"https:\/\/www.isdin.com\/es\/blog\/como-envejece-nuestra-piel\/#primaryimage"},"thumbnailUrl":"https:\/\/www.isdin.com\/es\/blog\/wp-content\/uploads\/2022\/12\/2023_wellaging_IMG05.png","keywords":["arrugas","cuidado facial","cuidado piel","rutina facial"],"articleSection":["Belleza","Consejos y cuidados","Cuidado facial"],"inLanguage":"es-ES"},{"@type":"WebPage","@id":"https:\/\/www.isdin.com\/es\/blog\/como-envejece-nuestra-piel\/","url":"https:\/\/www.isdin.com\/es\/blog\/como-envejece-nuestra-piel\/","name":"Well-aging: descubre la belleza de envejecer bien - ISDIN","isPartOf":{"@id":"https:\/\/www.isdin.com\/es\/blog\/#website"},"primaryImageOfPage":{"@id":"https:\/\/www.isdin.com\/es\/blog\/como-envejece-nuestra-piel\/#primaryimage"},"image":{"@id":"https:\/\/www.isdin.com\/es\/blog\/como-envejece-nuestra-piel\/#primaryimage"},"thumbnailUrl":"https:\/\/www.isdin.com\/es\/blog\/wp-content\/uploads\/2022\/12\/2023_wellaging_IMG05.png","datePublished":"2024-02-26T17:21:59+00:00","dateModified":"2025-03-18T11:46:52+00:00","description":"Comienza el viaje para envejecer bien y descubre con ISDIN c\u00f3mo cuidar tu piel dependiendo de la d\u00e9cada en la que te encuentres.","breadcrumb":{"@id":"https:\/\/www.isdin.com\/es\/blog\/como-envejece-nuestra-piel\/#breadcrumb"},"inLanguage":"es-ES","potentialAction":[{"@type":"ReadAction","target":["https:\/\/www.isdin.com\/es\/blog\/como-envejece-nuestra-piel\/"]}]},{"@type":"ImageObject","inLanguage":"es-ES","@id":"https:\/\/www.isdin.com\/es\/blog\/como-envejece-nuestra-piel\/#primaryimage","url":"https:\/\/www.isdin.com\/es\/blog\/wp-content\/uploads\/2022\/12\/2023_wellaging_IMG05.png","contentUrl":"https:\/\/www.isdin.com\/es\/blog\/wp-content\/uploads\/2022\/12\/2023_wellaging_IMG05.png","width":1200,"height":760},{"@type":"BreadcrumbList","@id":"https:\/\/www.isdin.com\/es\/blog\/como-envejece-nuestra-piel\/#breadcrumb","itemListElement":[{"@type":"ListItem","position":1,"name":"Portada","item":"https:\/\/www.isdin.com\/es\/blog\/"},{"@type":"ListItem","position":2,"name":"Well-aging: descubre la belleza de envejecer bien"}]},{"@type":"WebSite","@id":"https:\/\/www.isdin.com\/es\/blog\/#website","url":"https:\/\/www.isdin.com\/es\/blog\/","name":"ISDIN","description":"Novedades, lanzamientos de productos y toda la experiencia de ISDIN","publisher":{"@id":"https:\/\/www.isdin.com\/es\/blog\/#organization"},"potentialAction":[{"@type":"SearchAction","target":{"@type":"EntryPoint","urlTemplate":"https:\/\/www.isdin.com\/es\/blog\/?s={search_term_string}"},"query-input":{"@type":"PropertyValueSpecification","valueRequired":true,"valueName":"search_term_string"}}],"inLanguage":"es-ES"},{"@type":"Organization","@id":"https:\/\/www.isdin.com\/es\/blog\/#organization","name":"ISDIN","alternateName":"ISDIN","url":"https:\/\/www.isdin.com\/es\/blog\/","logo":{"@type":"ImageObject","inLanguage":"es-ES","@id":"https:\/\/www.isdin.com\/es\/blog\/#\/schema\/logo\/image\/","url":"https:\/\/www.isdin.com\/es\/blog\/wp-content\/uploads\/2024\/05\/2025_03_GuiaFoto_FWM.png","contentUrl":"https:\/\/www.isdin.com\/es\/blog\/wp-content\/uploads\/2024\/05\/2025_03_GuiaFoto_FWM.png","width":670,"height":683,"caption":"ISDIN"},"image":{"@id":"https:\/\/www.isdin.com\/es\/blog\/#\/schema\/logo\/image\/"},"sameAs":["https:\/\/es-es.facebook.com\/ISDIN.official\/","https:\/\/x.com\/isdin_official","https:\/\/www.instagram.com\/isdinofficial","https:\/\/www.youtube.com\/channel\/UCtoNJMKpDwdFLqgV23_lcqg"],"telephone":"659997812"},[{"@type":["Person"],"@id":"https:\/\/www.isdin.com\/es\/blog\/#\/schema\/person\/684015d7d9e78124cb4aa660f6fe8576","name":"Belinda Mart\u00ednez","image":{"@type":"ImageObject","@id":"https:\/\/www.isdin.com\/es\/blog\/#\/schema\/person\/image\/","inLanguage":"es_ES","url":"https:\/\/www.isdin.com\/es\/blog\/wp-content\/uploads\/2017\/07\/jjjj.jpg","caption":"Belinda Mart\u00ednez"}},{"@type":["Person"],"@id":"https:\/\/www.isdin.com\/es\/blog\/#\/schema\/person\/684015d7d9e78124cb4aa660f6fe8576","name":"Alessandro De Luca","image":{"@type":"ImageObject","@id":"https:\/\/www.isdin.com\/es\/blog\/#\/schema\/person\/image\/","inLanguage":"es_ES","url":"https:\/\/www.isdin.com\/es\/blog\/wp-content\/uploads\/2017\/07\/ALESSANDRO-DI-LUCA-edited.jpg","caption":"Alessandro De Luca"}}]]}},"_links":{"self":[{"href":"https:\/\/www.isdin.com\/es\/blog\/wp-json\/wp\/v2\/posts\/7597","targetHints":{"allow":["GET"]}}],"collection":[{"href":"https:\/\/www.isdin.com\/es\/blog\/wp-json\/wp\/v2\/posts"}],"about":[{"href":"https:\/\/www.isdin.com\/es\/blog\/wp-json\/wp\/v2\/types\/post"}],"author":[{"embeddable":true,"href":"https:\/\/www.isdin.com\/es\/blog\/wp-json\/wp\/v2\/users\/69"}],"replies":[{"embeddable":true,"href":"https:\/\/www.isdin.com\/es\/blog\/wp-json\/wp\/v2\/comments?post=7597"}],"version-history":[{"count":12,"href":"https:\/\/www.isdin.com\/es\/blog\/wp-json\/wp\/v2\/posts\/7597\/revisions"}],"predecessor-version":[{"id":10573,"href":"https:\/\/www.isdin.com\/es\/blog\/wp-json\/wp\/v2\/posts\/7597\/revisions\/10573"}],"wp:featuredmedia":[{"embeddable":true,"href":"https:\/\/www.isdin.com\/es\/blog\/wp-json\/wp\/v2\/media\/9567"}],"wp:attachment":[{"href":"https:\/\/www.isdin.com\/es\/blog\/wp-json\/wp\/v2\/media?parent=7597"}],"wp:term":[{"taxonomy":"category","embeddable":true,"href":"https:\/\/www.isdin.com\/es\/blog\/wp-json\/wp\/v2\/categories?post=7597"},{"taxonomy":"post_tag","embeddable":true,"href":"https:\/\/www.isdin.com\/es\/blog\/wp-json\/wp\/v2\/tags?post=7597"}],"curies":[{"name":"wp","href":"https:\/\/api.w.org\/{rel}","templated":true}]}}