{"id":7038,"date":"2024-07-29T13:52:28","date_gmt":"2024-07-29T13:52:28","guid":{"rendered":"https:\/\/www.isdin.com\/es\/blog\/?p=7038"},"modified":"2024-07-29T13:52:32","modified_gmt":"2024-07-29T13:52:32","slug":"productos-beauty-preparar-maleta-verano","status":"publish","type":"post","link":"https:\/\/www.isdin.com\/es\/blog\/productos-beauty-preparar-maleta-verano\/","title":{"rendered":"Los imprescindibles beauty que no pueden faltar en tu maleta de verano"},"content":{"rendered":"\n<p>Llev\u00e1bamos meses anticipando el verano: su calor, su cielo lleno de atardeceres m\u00e1gicos, las escapadas y los planes con amigos. En cada rinc\u00f3n, las tardes se alargan y el tiempo se estira, aumentando la expectativa de todo lo planeado.<\/p>\n\n\n\n<p><strong>Pasear sin prisas, disfrutar del sol, explorar nuevas ciudades hasta el amanecer<\/strong>. <a href=\"https:\/\/www.isdin.com\/es\/blog\/test-que-verano-encaja-mas-contigo\/\">Sea cual sea tu plan<\/a>, en ISDIN queremos acompa\u00f1arte en cada una de tus aventuras. Por eso, te contamos qu\u00e9 imprescindibles <em>beauty<\/em> no pueden faltar en tu maleta. Toma nota, que nos vamos.<\/p>\n\n\n\n<h2 class=\"wp-block-heading\" id=\"h-que-llevar-en-la-maleta-de-verano\">Qu\u00e9 llevar en la maleta de verano<\/h2>\n\n\n\n<p>M\u00e1s complicado de lo que a simple vista parece, nuestras maletas se llenan a menudo de m\u00faltiples &nbsp;<em>porsiacasos<\/em>. Por si ese d\u00eda en la piscina me hago fotos, por si salimos a cenar con amigos, por si cambiamos el mar por la monta\u00f1a, por si noto mi piel m\u00e1s seca&#8230; Cuando se trata de productos de <em>skincare<\/em>, la organizaci\u00f3n puede llegar a ser ca\u00f3tica, \u00a1es normal! Adaptar <a href=\"https:\/\/www.isdin.com\/es\/blog\/en-que-orden-se-aplican-las-cremas\/\">tu rutina diaria<\/a> y llevarte lo imprescindible puede parecer una secuela de misi\u00f3n imposible.<\/p>\n\n\n\n<p>Nuestro lema es f\u00e1cil: <strong>en verano, protege, hidrata y repara tu piel<\/strong>. As\u00ed de sencillo. Lo mejor es apostar por rutinas simples e ingredientes estrella que vayan a juego con cada plan.<\/p>\n\n\n\n<h3 class=\"wp-block-heading\" id=\"h-2-fotoprotectores-que-se-adapten-a-tus-planes-y-necesidades\">2 fotoprotectores que se adapten a tus planes y necesidades<\/h3>\n\n\n\n<figure class=\"wp-block-image size-full\"><img loading=\"lazy\" decoding=\"async\" width=\"1200\" height=\"618\" src=\"data:image\/gif;base64,R0lGODlhAQABAAAAACH5BAEKAAEALAAAAAABAAEAAAICTAEAOw==\" data-src=\"https:\/\/www.isdin.com\/es\/blog\/wp-content\/uploads\/2024\/07\/2024_07_Maleta-de-verano_IMG04-1-2.jpg\" alt=\"\" class=\"wp-image-10750 lazyload\"\/><\/figure>\n\n\n\n<p><\/p>\n\n\n\n<p>Da igual si son 15 d\u00edas, una semana o una escapada de horas. \u00a1La fotoprotecci\u00f3n no puede faltar, y m\u00e1s en verano! <strong>En tu maleta de verano te recomendamos llevar 2 fotoprotectores:<\/strong> uno para el rostro y otro para el cuerpo. Cada uno tiene formulaciones espec\u00edficas para cada zona y sus respectivos beneficios.<\/p>\n\n\n\n<ul class=\"wp-block-list\">\n<li><strong>Para el cuerpo:<\/strong> un fotoprotector que haga <em>match<\/em> con tus necesidades o con tus planes. Desde <a href=\"https:\/\/www.isdin.com\/es\/p\/fusion-gel-sport-spf-50\/2914\">f\u00f3rmulas espec\u00edficas para hacer deporte<\/a>, bif\u00e1sicas con doble acci\u00f3n o <a href=\"https:\/\/www.isdin.com\/producto\/fotoprotector-isdin\/transparent-spray-wet-skin-spf-50\">resistentes al agua<\/a>. T\u00fa eliges.<\/li>\n<\/ul>\n\n\n\n<p><\/p>\n\n\n\n<ul class=\"wp-block-list\">\n<li><strong>Para el rostro:<\/strong> no puede faltar un fotoprotector tan m\u00e1gico como los planes de verano. Con SPF 50, <a href=\"https:\/\/www.isdin.com\/es\/p\/fusion-water-magic-spf-50\/1349\">Fusion Water MAGIC<\/a> tiene una textura ultraligera que se absorbe de inmediato, fundi\u00e9ndose con la piel. Adem\u00e1s, incorpora Mediterranean Alga Extract, un ingrediente marino con gran poder antioxidante.<\/li>\n<\/ul>\n\n\n\n<h3 class=\"wp-block-heading\" id=\"h-un-limpiador-todoterreno-para-los-dias-de-no-hacer-nada-y-los-non-stop\">Un limpiador todoterreno: para los d\u00edas de no hacer nada y los <em>non-stop<\/em><\/h3>\n\n\n\n<figure class=\"wp-block-image size-large\"><img loading=\"lazy\" decoding=\"async\" width=\"1024\" height=\"527\" src=\"data:image\/gif;base64,R0lGODlhAQABAAAAACH5BAEKAAEALAAAAAABAAEAAAICTAEAOw==\" data-src=\"https:\/\/www.isdin.com\/es\/blog\/wp-content\/uploads\/2024\/07\/2023_Maleta_imagen02-1024x527.png\" alt=\"\" class=\"wp-image-10749 lazyload\" data-sizes=\"auto\" data-srcset=\"https:\/\/www.isdin.com\/es\/blog\/wp-content\/uploads\/2024\/07\/2023_Maleta_imagen02-1024x527.png 1024w, https:\/\/www.isdin.com\/es\/blog\/wp-content\/uploads\/2024\/07\/2023_Maleta_imagen02-300x155.png 300w, https:\/\/www.isdin.com\/es\/blog\/wp-content\/uploads\/2024\/07\/2023_Maleta_imagen02-150x77.png 150w, https:\/\/www.isdin.com\/es\/blog\/wp-content\/uploads\/2024\/07\/2023_Maleta_imagen02-768x396.png 768w, https:\/\/www.isdin.com\/es\/blog\/wp-content\/uploads\/2024\/07\/2023_Maleta_imagen02-585x300.png 585w, https:\/\/www.isdin.com\/es\/blog\/wp-content\/uploads\/2024\/07\/2023_Maleta_imagen02-450x232.png 450w, https:\/\/www.isdin.com\/es\/blog\/wp-content\/uploads\/2024\/07\/2023_Maleta_imagen02-20x11.png 20w, https:\/\/www.isdin.com\/es\/blog\/wp-content\/uploads\/2024\/07\/2023_Maleta_imagen02-225x116.png 225w, https:\/\/www.isdin.com\/es\/blog\/wp-content\/uploads\/2024\/07\/2023_Maleta_imagen02-900x464.png 900w, https:\/\/www.isdin.com\/es\/blog\/wp-content\/uploads\/2024\/07\/2023_Maleta_imagen02.png 1200w\" sizes=\"auto, (max-width: 1024px) 100vw, 1024px\" \/><\/figure>\n\n\n\n<p><\/p>\n\n\n\n<p>Hacer deporte, pasear por la monta\u00f1a, descubrir una nueva ciudad: todas son situaciones en las que tu piel se expone a diferentes factores del <a href=\"https:\/\/www.isdin.com\/es\/blog\/que-es-el-exposoma-y-por-que-es-importante-protegerse-del-sol-cada-dia\/\">exposoma<\/a>, como la contaminaci\u00f3n y el <a href=\"https:\/\/www.isdin.com\/blog\/que-es-la-oxidacion-de-la-piel\/\">estr\u00e9s oxidativo<\/a>. En cada escenario, el actor principal est\u00e1 claro: un limpiador todoterreno, para empezar y terminar el d\u00eda.<\/p>\n\n\n\n<p>Gracias a su textura <em>oil-to-milk<\/em>, <a href=\"https:\/\/www.isdin.com\/producto\/isdinceutics\/essential-cleansing\">Essential Cleansing<\/a> utiliza el poder del aceite para una limpieza suave y ligera. Desde el maquillaje <em>waterproof<\/em> hasta la protecci\u00f3n solar resistente al agua, tu piel quedar\u00e1 limpia de cualquier impureza.<\/p>\n\n\n\n<h3 class=\"wp-block-heading\" id=\"h-un-serum-con-acido-hialuronico-para-una-hidratacion-siempre-presente\">Un s\u00e9rum con \u00e1cido hialur\u00f3nico para una hidrataci\u00f3n siempre presente<\/h3>\n\n\n\n<figure class=\"wp-block-image size-full\"><img loading=\"lazy\" decoding=\"async\" width=\"1200\" height=\"618\" src=\"data:image\/gif;base64,R0lGODlhAQABAAAAACH5BAEKAAEALAAAAAABAAEAAAICTAEAOw==\" data-src=\"https:\/\/www.isdin.com\/es\/blog\/wp-content\/uploads\/2024\/07\/2024_07_Maleta-de-verano_IMG01.jpg\" alt=\"maleta de verano\" class=\"wp-image-10748 lazyload\"\/><\/figure>\n\n\n\n<p><\/p>\n\n\n\n<p>Otro imprescindible de tu maleta ser\u00e1 un s\u00e9rum, el <a href=\"https:\/\/www.isdin.com\/es\/blog\/guia-esencial-de-serums-dia-noche\/\">tercer paso de tu rutina<\/a> que te ayuda a abordar necesidades espec\u00edficas. Con tantos planes bajo el sol, ir de aqu\u00ed para all\u00e1 y escapadas improvisadas, tu piel puede deshidratarse f\u00e1cilmente. Por eso, el ingrediente que te recomendamos es el <a href=\"https:\/\/www.isdin.com\/es\/blog\/para-que-sirve-acido-hialuronico\/\">\u00e1cido hialur\u00f3nico<\/a>, para que la hidrataci\u00f3n siempre te acompa\u00f1e.<\/p>\n\n\n\n<p><strong>El s\u00e9rum tiene m\u00e1s cosas que ofrecerte, y la hidrataci\u00f3n va de la mano con la luminosidad<\/strong>. <a href=\"https:\/\/www.isdin.com\/producto\/isdinceutics\/hyaluronic-concentrate\">Hyaluronic Concentrate<\/a> es un s\u00e9rum ligero y ultrahidratante con \u00e1cido hialur\u00f3nico que ayuda a prevenir las <a href=\"https:\/\/www.isdin.com\/blog\/well-aging-como-prevenir-y-cuidar-nuestras-arrugas\/\">primeras arrugas<\/a> y l\u00edneas de expresi\u00f3n, disminuyendo la apariencia de los poros y promoviendo una piel radiante durante todas tus vacaciones.<\/p>\n\n\n\n<h3 class=\"wp-block-heading\" id=\"h-por-ultimo-pero-no-menos-importante-una-locion-hidratante-corporal\">Por \u00faltimo (pero no menos importante), una loci\u00f3n hidratante corporal<\/h3>\n\n\n\n<figure class=\"wp-block-image size-full\"><img loading=\"lazy\" decoding=\"async\" width=\"1200\" height=\"618\" src=\"data:image\/gif;base64,R0lGODlhAQABAAAAACH5BAEKAAEALAAAAAABAAEAAAICTAEAOw==\" data-src=\"https:\/\/www.isdin.com\/es\/blog\/wp-content\/uploads\/2024\/07\/2024_07_Maleta-de-verano_IMG03.jpg\" alt=\"maleta de verano\" class=\"wp-image-10747 lazyload\"\/><\/figure>\n\n\n\n<p><\/p>\n\n\n\n<p>\u00bfAlguna vez has notado durante tus vacaciones que tu piel est\u00e1 <a href=\"https:\/\/www.isdin.com\/blog\/piel-seca-o-deshidratada-tenemos-la-rutina-que-buscas\/\">m\u00e1s seca<\/a>, tirante o escamada? <strong>Aunque nos protejamos correctamente del sol, al final del d\u00eda nuestro cuerpo necesita una hidrataci\u00f3n extra<\/strong>. Y siendo sinceros, con este calor, \u00bfqu\u00e9 mejor que una loci\u00f3n de textura ultraligera y de absorci\u00f3n inmediata para una hidrataci\u00f3n con un toque refrescante?<\/p>\n\n\n\n<p class=\"has-text-align-center\">Te presentamos <a href=\"https:\/\/www.isdin.com\/producto\/ureadin\/lotion-10\">Ureadin Lotion10<\/a>, para disfrutar de una piel 10 en cada viaje.<\/p>\n\n\n\n<h2 class=\"wp-block-heading\" id=\"h-como-llevar-cosmeticos-en-la-maleta\">\u00bfC\u00f3mo llevar cosm\u00e9ticos en la maleta?<\/h2>\n\n\n\n<p>Los imprescindibles est\u00e1n claros, la hora de partir se acerca y lo \u00faltimo que nos queda por hacer es, literalmente, la maleta. Compartimos 3 <em>tips<\/em> antes de hacerla:<\/p>\n\n\n\n<ul class=\"wp-block-list\">\n<li>Si el producto est\u00e1 disponible en formato viaje, a\u00f1\u00e1delo a tu <em>wishlist<\/em>. <strong>\u00a1Siempre viene bien tener tus favoritos en tama\u00f1o reducido!<\/strong> Tanto si tienes que viajar en avi\u00f3n (y necesitas una cantidad menor a 100 ml) como si vas en coche (y tienes poco espacio de almacenaje), apostar por un\u00a0<strong><em>packaging<\/em>\u00a0mini<\/strong>\u00a0te facilitar\u00e1 la vida.<\/li>\n<\/ul>\n\n\n\n<p><\/p>\n\n\n\n<ul class=\"wp-block-list\">\n<li>Para calcular mejor el espacio, pon sobre la cama todo lo que tienes pensado meter en la maleta y <strong>ponte como regla llevar solo un neceser<\/strong>. As\u00ed podr\u00e1s descartar productos poco a poco hasta quedarte con lo verdaderamente imprescindible.<\/li>\n<\/ul>\n\n\n\n<p><\/p>\n\n\n\n<ul class=\"wp-block-list\">\n<li>Aseg\u00farate de que todos tus cosm\u00e9ticos est\u00e9n bien cerrados y <strong>aprovecha la ocasi\u00f3n para hacer limpieza<\/strong>. \u00bfTus productos favoritos ya no huelen igual? \u00bfSu fecha de caducidad ya ha pasado? Mejor no arriesgarse.<\/li>\n<\/ul>\n\n\n\n<p><\/p>\n\n\n\n<p class=\"has-background\" style=\"background-color:#f1dfbf\"><strong>\u00bfTus productos<em> beauty<\/em> han pasado a mejor vida?<\/strong> El farmac\u00e9utico y apasionado del<em> skincare <\/em>Eduardo Senante te cuenta m\u00e1s sobre <a href=\"https:\/\/www.isdin.com\/es\/blog\/organizar-cosmeticos-cuando-cambiar-productos-belleza\/\">cu\u00e1ndo hay que cambiar los cosm\u00e9ticos<\/a>.<\/p>\n\n\n\n<p><\/p>\n\n\n\n<h3 class=\"wp-block-heading\">Un verano ISDIN<\/h3>\n\n\n\n<p>Sabemos que no todo el mundo es fan del momento maleta, por eso queremos ahorrarte parte del trabajo con nuestro <a href=\"https:\/\/www.isdin.com\/es\/love-isdin\/experience\/isdin-summer-kit\">ISDIN Summer Kit<\/a>. Con \u00e9l, <strong>podr\u00e1s disfrutar de fotoprotecci\u00f3n e hidrataci\u00f3n en tama\u00f1o viaje<\/strong>, adem\u00e1s de un labial y una toalla ideal para tus d\u00edas de playa o piscina. \u00a1Y recuerda! Tu maleta no es un simple equipaje. Tu maleta de verano representa momentos, olores, sabores y sonidos que est\u00e1s por vivir.<\/p>\n\n\n\n<p><\/p>\n\n\n\n<figure class=\"wp-block-image size-full\"><img loading=\"lazy\" decoding=\"async\" width=\"1200\" height=\"618\" src=\"data:image\/gif;base64,R0lGODlhAQABAAAAACH5BAEKAAEALAAAAAABAAEAAAICTAEAOw==\" data-src=\"https:\/\/www.isdin.com\/es\/blog\/wp-content\/uploads\/2024\/07\/2024_07_Maleta-de-verano_IMG02.jpg\" alt=\"kit mini tallas\" class=\"wp-image-10746 lazyload\"\/><\/figure>\n\n\n\n<p><\/p>\n\n\n\n<p>Cons\u00edguelo con tus puntos <a href=\"https:\/\/love.isdin.com\/con\/es-ES\">LOVE ISDIN<\/a> y <strong>prep\u00e1rate para el verano de tus sue\u00f1os con tus b\u00e1sicos de belleza.<\/strong><\/p>\n","protected":false},"excerpt":{"rendered":"<p>Pasear sin prisas, disfrutar del sol, explorar nuevas ciudades hasta el amanecer. Sea cual sea tu plan, en ISDIN queremos acompa\u00f1arte en cada una de tus aventuras. <\/p>\n","protected":false},"author":69,"featured_media":8093,"comment_status":"closed","ping_status":"closed","sticky":false,"template":"","format":"image","meta":{"footnotes":""},"categories":[1,333,100],"tags":[294,123,122],"class_list":["post-7038","post","type-post","status-publish","format-image","has-post-thumbnail","hentry","category-consejos-cuidados","category-cuidado-corporal","category-sol-y-piel","tag-cuidado-facial","tag-cuidado-piel","tag-verano","post_format-post-format-image"],"yoast_head":"<!-- This site is optimized with the Yoast SEO Premium plugin v25.4 (Yoast SEO v25.4) - https:\/\/yoast.com\/wordpress\/plugins\/seo\/ -->\n<title>Los imprescindibles beauty que no pueden faltar en tu maleta de verano - ISDIN<\/title>\n<meta name=\"description\" content=\"Aventura a la vista, ha llegado el momento de preparar la maleta de verano y te contamos qu\u00e9 productos beauty no pueden faltar.\" \/>\n<meta name=\"robots\" content=\"index, follow, max-snippet:-1, max-image-preview:large, max-video-preview:-1\" \/>\n<link rel=\"canonical\" href=\"https:\/\/www.isdin.com\/es\/blog\/productos-beauty-preparar-maleta-verano\/\" \/>\n<meta property=\"og:locale\" content=\"es_ES\" \/>\n<meta property=\"og:type\" content=\"article\" \/>\n<meta property=\"og:title\" content=\"Los imprescindibles beauty que no pueden faltar en tu maleta de verano\" \/>\n<meta property=\"og:description\" content=\"Aventura a la vista, ha llegado el momento de preparar la maleta de verano y te contamos qu\u00e9 productos beauty no pueden faltar.\" \/>\n<meta property=\"og:url\" content=\"https:\/\/www.isdin.com\/es\/blog\/productos-beauty-preparar-maleta-verano\/\" \/>\n<meta property=\"og:site_name\" content=\"ISDIN\" \/>\n<meta property=\"article:publisher\" content=\"https:\/\/es-es.facebook.com\/ISDIN.official\/\" \/>\n<meta property=\"article:published_time\" content=\"2024-07-29T13:52:28+00:00\" \/>\n<meta property=\"article:modified_time\" content=\"2024-07-29T13:52:32+00:00\" \/>\n<meta property=\"og:image\" content=\"https:\/\/www.isdin.com\/es\/blog\/wp-content\/uploads\/2023\/05\/verano-facebook.png\" \/>\n\t<meta property=\"og:image:width\" content=\"512\" \/>\n\t<meta property=\"og:image:height\" content=\"269\" \/>\n\t<meta property=\"og:image:type\" content=\"image\/png\" \/>\n<meta name=\"author\" content=\"Belinda Mart\u00ednez\" \/>\n<meta name=\"twitter:card\" content=\"summary_large_image\" \/>\n<meta name=\"twitter:creator\" content=\"@isdin_official\" \/>\n<meta name=\"twitter:site\" content=\"@isdin_official\" \/>\n<meta name=\"twitter:label1\" content=\"Written by\" \/>\n\t<meta name=\"twitter:data1\" content=\"Belinda Mart\u00ednez\" \/>\n\t<meta name=\"twitter:label2\" content=\"Est. reading time\" \/>\n\t<meta name=\"twitter:data2\" content=\"6 minutes\" \/>\n<script type=\"application\/ld+json\" class=\"yoast-schema-graph\">{\"@context\":\"https:\/\/schema.org\",\"@graph\":[{\"@type\":\"Article\",\"@id\":\"https:\/\/www.isdin.com\/es\/blog\/productos-beauty-preparar-maleta-verano\/#article\",\"isPartOf\":{\"@id\":\"https:\/\/www.isdin.com\/es\/blog\/productos-beauty-preparar-maleta-verano\/\"},\"author\":{\"name\":\"Belinda Mart\u00ednez\",\"@id\":\"https:\/\/www.isdin.com\/es\/blog\/#\/schema\/person\/684015d7d9e78124cb4aa660f6fe8576\"},\"headline\":\"Los imprescindibles beauty que no pueden faltar en tu maleta de verano\",\"datePublished\":\"2024-07-29T13:52:28+00:00\",\"dateModified\":\"2024-07-29T13:52:32+00:00\",\"mainEntityOfPage\":{\"@id\":\"https:\/\/www.isdin.com\/es\/blog\/productos-beauty-preparar-maleta-verano\/\"},\"wordCount\":1011,\"publisher\":{\"@id\":\"https:\/\/www.isdin.com\/es\/blog\/#organization\"},\"image\":{\"@id\":\"https:\/\/www.isdin.com\/es\/blog\/productos-beauty-preparar-maleta-verano\/#primaryimage\"},\"thumbnailUrl\":\"https:\/\/www.isdin.com\/es\/blog\/wp-content\/uploads\/2023\/05\/verano-header.png\",\"keywords\":[\"cuidado facial\",\"cuidado piel\",\"verano\"],\"articleSection\":[\"Consejos y cuidados\",\"Cuidado corporal\",\"Sol y piel\"],\"inLanguage\":\"es-ES\"},{\"@type\":\"WebPage\",\"@id\":\"https:\/\/www.isdin.com\/es\/blog\/productos-beauty-preparar-maleta-verano\/\",\"url\":\"https:\/\/www.isdin.com\/es\/blog\/productos-beauty-preparar-maleta-verano\/\",\"name\":\"Los imprescindibles beauty que no pueden faltar en tu maleta de verano - ISDIN\",\"isPartOf\":{\"@id\":\"https:\/\/www.isdin.com\/es\/blog\/#website\"},\"primaryImageOfPage\":{\"@id\":\"https:\/\/www.isdin.com\/es\/blog\/productos-beauty-preparar-maleta-verano\/#primaryimage\"},\"image\":{\"@id\":\"https:\/\/www.isdin.com\/es\/blog\/productos-beauty-preparar-maleta-verano\/#primaryimage\"},\"thumbnailUrl\":\"https:\/\/www.isdin.com\/es\/blog\/wp-content\/uploads\/2023\/05\/verano-header.png\",\"datePublished\":\"2024-07-29T13:52:28+00:00\",\"dateModified\":\"2024-07-29T13:52:32+00:00\",\"description\":\"Aventura a la vista, ha llegado el momento de preparar la maleta de verano y te contamos qu\u00e9 productos beauty no pueden faltar.\",\"breadcrumb\":{\"@id\":\"https:\/\/www.isdin.com\/es\/blog\/productos-beauty-preparar-maleta-verano\/#breadcrumb\"},\"inLanguage\":\"es-ES\",\"potentialAction\":[{\"@type\":\"ReadAction\",\"target\":[\"https:\/\/www.isdin.com\/es\/blog\/productos-beauty-preparar-maleta-verano\/\"]}]},{\"@type\":\"ImageObject\",\"inLanguage\":\"es-ES\",\"@id\":\"https:\/\/www.isdin.com\/es\/blog\/productos-beauty-preparar-maleta-verano\/#primaryimage\",\"url\":\"https:\/\/www.isdin.com\/es\/blog\/wp-content\/uploads\/2023\/05\/verano-header.png\",\"contentUrl\":\"https:\/\/www.isdin.com\/es\/blog\/wp-content\/uploads\/2023\/05\/verano-header.png\",\"width\":512,\"height\":324,\"caption\":\"productos beauty vacaciones\"},{\"@type\":\"BreadcrumbList\",\"@id\":\"https:\/\/www.isdin.com\/es\/blog\/productos-beauty-preparar-maleta-verano\/#breadcrumb\",\"itemListElement\":[{\"@type\":\"ListItem\",\"position\":1,\"name\":\"Portada\",\"item\":\"https:\/\/www.isdin.com\/es\/blog\/\"},{\"@type\":\"ListItem\",\"position\":2,\"name\":\"Los imprescindibles beauty que no pueden faltar en tu maleta de verano\"}]},{\"@type\":\"WebSite\",\"@id\":\"https:\/\/www.isdin.com\/es\/blog\/#website\",\"url\":\"https:\/\/www.isdin.com\/es\/blog\/\",\"name\":\"ISDIN\",\"description\":\"Novedades, lanzamientos de productos y toda la experiencia de ISDIN\",\"publisher\":{\"@id\":\"https:\/\/www.isdin.com\/es\/blog\/#organization\"},\"potentialAction\":[{\"@type\":\"SearchAction\",\"target\":{\"@type\":\"EntryPoint\",\"urlTemplate\":\"https:\/\/www.isdin.com\/es\/blog\/?s={search_term_string}\"},\"query-input\":{\"@type\":\"PropertyValueSpecification\",\"valueRequired\":true,\"valueName\":\"search_term_string\"}}],\"inLanguage\":\"es-ES\"},{\"@type\":\"Organization\",\"@id\":\"https:\/\/www.isdin.com\/es\/blog\/#organization\",\"name\":\"ISDIN\",\"alternateName\":\"ISDIN\",\"url\":\"https:\/\/www.isdin.com\/es\/blog\/\",\"logo\":{\"@type\":\"ImageObject\",\"inLanguage\":\"es-ES\",\"@id\":\"https:\/\/www.isdin.com\/es\/blog\/#\/schema\/logo\/image\/\",\"url\":\"https:\/\/www.isdin.com\/es\/blog\/wp-content\/uploads\/2024\/05\/2025_03_GuiaFoto_FWM.png\",\"contentUrl\":\"https:\/\/www.isdin.com\/es\/blog\/wp-content\/uploads\/2024\/05\/2025_03_GuiaFoto_FWM.png\",\"width\":670,\"height\":683,\"caption\":\"ISDIN\"},\"image\":{\"@id\":\"https:\/\/www.isdin.com\/es\/blog\/#\/schema\/logo\/image\/\"},\"sameAs\":[\"https:\/\/es-es.facebook.com\/ISDIN.official\/\",\"https:\/\/x.com\/isdin_official\",\"https:\/\/www.instagram.com\/isdinofficial\",\"https:\/\/www.youtube.com\/channel\/UCtoNJMKpDwdFLqgV23_lcqg\"],\"telephone\":\"659997812\"},{\"@type\":\"Person\",\"@id\":\"https:\/\/www.isdin.com\/es\/blog\/#\/schema\/person\/684015d7d9e78124cb4aa660f6fe8576\",\"name\":\"Belinda Mart\u00ednez\",\"image\":{\"@type\":\"ImageObject\",\"inLanguage\":\"es-ES\",\"@id\":\"https:\/\/www.isdin.com\/es\/blog\/#\/schema\/person\/image\/\",\"url\":\"https:\/\/www.isdin.com\/es\/blog\/wp-content\/uploads\/2017\/07\/jjjj.jpg\",\"contentUrl\":\"https:\/\/www.isdin.com\/es\/blog\/wp-content\/uploads\/2017\/07\/jjjj.jpg\",\"caption\":\"Belinda Mart\u00ednez\"},\"description\":\"Belinda es periodista y copywriter creativa. Tras a\u00f1os de experiencia, decidi\u00f3 fusionar sus habilidades de escritura con su amor por el skincare, convirti\u00e9ndose en una especialista en la materia. \u00bfSu imprescindible? Un buen b\u00e1lsamo de labios.\",\"sameAs\":[\"https:\/\/www.linkedin.com\/in\/thisisbel\/\"],\"url\":\"https:\/\/www.isdin.com\/es\/blog\/author\/belindamartinez\/\"}]}<\/script>\n<!-- \/ Yoast SEO Premium plugin. -->","yoast_head_json":{"title":"Los imprescindibles beauty que no pueden faltar en tu maleta de verano - ISDIN","description":"Aventura a la vista, ha llegado el momento de preparar la maleta de verano y te contamos qu\u00e9 productos beauty no pueden faltar.","robots":{"index":"index","follow":"follow","max-snippet":"max-snippet:-1","max-image-preview":"max-image-preview:large","max-video-preview":"max-video-preview:-1"},"canonical":"https:\/\/www.isdin.com\/es\/blog\/productos-beauty-preparar-maleta-verano\/","og_locale":"es_ES","og_type":"article","og_title":"Los imprescindibles beauty que no pueden faltar en tu maleta de verano","og_description":"Aventura a la vista, ha llegado el momento de preparar la maleta de verano y te contamos qu\u00e9 productos beauty no pueden faltar.","og_url":"https:\/\/www.isdin.com\/es\/blog\/productos-beauty-preparar-maleta-verano\/","og_site_name":"ISDIN","article_publisher":"https:\/\/es-es.facebook.com\/ISDIN.official\/","article_published_time":"2024-07-29T13:52:28+00:00","article_modified_time":"2024-07-29T13:52:32+00:00","og_image":[{"width":512,"height":269,"url":"https:\/\/www.isdin.com\/es\/blog\/wp-content\/uploads\/2023\/05\/verano-facebook.png","type":"image\/png"}],"author":"Belinda Mart\u00ednez","twitter_card":"summary_large_image","twitter_creator":"@isdin_official","twitter_site":"@isdin_official","twitter_misc":{"Written by":"Belinda Mart\u00ednez","Est. reading time":"6 minutes"},"schema":{"@context":"https:\/\/schema.org","@graph":[{"@type":"Article","@id":"https:\/\/www.isdin.com\/es\/blog\/productos-beauty-preparar-maleta-verano\/#article","isPartOf":{"@id":"https:\/\/www.isdin.com\/es\/blog\/productos-beauty-preparar-maleta-verano\/"},"author":{"name":"Belinda Mart\u00ednez","@id":"https:\/\/www.isdin.com\/es\/blog\/#\/schema\/person\/684015d7d9e78124cb4aa660f6fe8576"},"headline":"Los imprescindibles beauty que no pueden faltar en tu maleta de verano","datePublished":"2024-07-29T13:52:28+00:00","dateModified":"2024-07-29T13:52:32+00:00","mainEntityOfPage":{"@id":"https:\/\/www.isdin.com\/es\/blog\/productos-beauty-preparar-maleta-verano\/"},"wordCount":1011,"publisher":{"@id":"https:\/\/www.isdin.com\/es\/blog\/#organization"},"image":{"@id":"https:\/\/www.isdin.com\/es\/blog\/productos-beauty-preparar-maleta-verano\/#primaryimage"},"thumbnailUrl":"https:\/\/www.isdin.com\/es\/blog\/wp-content\/uploads\/2023\/05\/verano-header.png","keywords":["cuidado facial","cuidado piel","verano"],"articleSection":["Consejos y cuidados","Cuidado corporal","Sol y piel"],"inLanguage":"es-ES"},{"@type":"WebPage","@id":"https:\/\/www.isdin.com\/es\/blog\/productos-beauty-preparar-maleta-verano\/","url":"https:\/\/www.isdin.com\/es\/blog\/productos-beauty-preparar-maleta-verano\/","name":"Los imprescindibles beauty que no pueden faltar en tu maleta de verano - ISDIN","isPartOf":{"@id":"https:\/\/www.isdin.com\/es\/blog\/#website"},"primaryImageOfPage":{"@id":"https:\/\/www.isdin.com\/es\/blog\/productos-beauty-preparar-maleta-verano\/#primaryimage"},"image":{"@id":"https:\/\/www.isdin.com\/es\/blog\/productos-beauty-preparar-maleta-verano\/#primaryimage"},"thumbnailUrl":"https:\/\/www.isdin.com\/es\/blog\/wp-content\/uploads\/2023\/05\/verano-header.png","datePublished":"2024-07-29T13:52:28+00:00","dateModified":"2024-07-29T13:52:32+00:00","description":"Aventura a la vista, ha llegado el momento de preparar la maleta de verano y te contamos qu\u00e9 productos beauty no pueden faltar.","breadcrumb":{"@id":"https:\/\/www.isdin.com\/es\/blog\/productos-beauty-preparar-maleta-verano\/#breadcrumb"},"inLanguage":"es-ES","potentialAction":[{"@type":"ReadAction","target":["https:\/\/www.isdin.com\/es\/blog\/productos-beauty-preparar-maleta-verano\/"]}]},{"@type":"ImageObject","inLanguage":"es-ES","@id":"https:\/\/www.isdin.com\/es\/blog\/productos-beauty-preparar-maleta-verano\/#primaryimage","url":"https:\/\/www.isdin.com\/es\/blog\/wp-content\/uploads\/2023\/05\/verano-header.png","contentUrl":"https:\/\/www.isdin.com\/es\/blog\/wp-content\/uploads\/2023\/05\/verano-header.png","width":512,"height":324,"caption":"productos beauty vacaciones"},{"@type":"BreadcrumbList","@id":"https:\/\/www.isdin.com\/es\/blog\/productos-beauty-preparar-maleta-verano\/#breadcrumb","itemListElement":[{"@type":"ListItem","position":1,"name":"Portada","item":"https:\/\/www.isdin.com\/es\/blog\/"},{"@type":"ListItem","position":2,"name":"Los imprescindibles beauty que no pueden faltar en tu maleta de verano"}]},{"@type":"WebSite","@id":"https:\/\/www.isdin.com\/es\/blog\/#website","url":"https:\/\/www.isdin.com\/es\/blog\/","name":"ISDIN","description":"Novedades, lanzamientos de productos y toda la experiencia de ISDIN","publisher":{"@id":"https:\/\/www.isdin.com\/es\/blog\/#organization"},"potentialAction":[{"@type":"SearchAction","target":{"@type":"EntryPoint","urlTemplate":"https:\/\/www.isdin.com\/es\/blog\/?s={search_term_string}"},"query-input":{"@type":"PropertyValueSpecification","valueRequired":true,"valueName":"search_term_string"}}],"inLanguage":"es-ES"},{"@type":"Organization","@id":"https:\/\/www.isdin.com\/es\/blog\/#organization","name":"ISDIN","alternateName":"ISDIN","url":"https:\/\/www.isdin.com\/es\/blog\/","logo":{"@type":"ImageObject","inLanguage":"es-ES","@id":"https:\/\/www.isdin.com\/es\/blog\/#\/schema\/logo\/image\/","url":"https:\/\/www.isdin.com\/es\/blog\/wp-content\/uploads\/2024\/05\/2025_03_GuiaFoto_FWM.png","contentUrl":"https:\/\/www.isdin.com\/es\/blog\/wp-content\/uploads\/2024\/05\/2025_03_GuiaFoto_FWM.png","width":670,"height":683,"caption":"ISDIN"},"image":{"@id":"https:\/\/www.isdin.com\/es\/blog\/#\/schema\/logo\/image\/"},"sameAs":["https:\/\/es-es.facebook.com\/ISDIN.official\/","https:\/\/x.com\/isdin_official","https:\/\/www.instagram.com\/isdinofficial","https:\/\/www.youtube.com\/channel\/UCtoNJMKpDwdFLqgV23_lcqg"],"telephone":"659997812"},{"@type":"Person","@id":"https:\/\/www.isdin.com\/es\/blog\/#\/schema\/person\/684015d7d9e78124cb4aa660f6fe8576","name":"Belinda Mart\u00ednez","image":{"@type":"ImageObject","inLanguage":"es-ES","@id":"https:\/\/www.isdin.com\/es\/blog\/#\/schema\/person\/image\/","url":"https:\/\/www.isdin.com\/es\/blog\/wp-content\/uploads\/2017\/07\/jjjj.jpg","contentUrl":"https:\/\/www.isdin.com\/es\/blog\/wp-content\/uploads\/2017\/07\/jjjj.jpg","caption":"Belinda Mart\u00ednez"},"description":"Belinda es periodista y copywriter creativa. Tras a\u00f1os de experiencia, decidi\u00f3 fusionar sus habilidades de escritura con su amor por el skincare, convirti\u00e9ndose en una especialista en la materia. \u00bfSu imprescindible? Un buen b\u00e1lsamo de labios.","sameAs":["https:\/\/www.linkedin.com\/in\/thisisbel\/"],"url":"https:\/\/www.isdin.com\/es\/blog\/author\/belindamartinez\/"}]}},"_links":{"self":[{"href":"https:\/\/www.isdin.com\/es\/blog\/wp-json\/wp\/v2\/posts\/7038","targetHints":{"allow":["GET"]}}],"collection":[{"href":"https:\/\/www.isdin.com\/es\/blog\/wp-json\/wp\/v2\/posts"}],"about":[{"href":"https:\/\/www.isdin.com\/es\/blog\/wp-json\/wp\/v2\/types\/post"}],"author":[{"embeddable":true,"href":"https:\/\/www.isdin.com\/es\/blog\/wp-json\/wp\/v2\/users\/69"}],"replies":[{"embeddable":true,"href":"https:\/\/www.isdin.com\/es\/blog\/wp-json\/wp\/v2\/comments?post=7038"}],"version-history":[{"count":6,"href":"https:\/\/www.isdin.com\/es\/blog\/wp-json\/wp\/v2\/posts\/7038\/revisions"}],"predecessor-version":[{"id":10751,"href":"https:\/\/www.isdin.com\/es\/blog\/wp-json\/wp\/v2\/posts\/7038\/revisions\/10751"}],"wp:featuredmedia":[{"embeddable":true,"href":"https:\/\/www.isdin.com\/es\/blog\/wp-json\/wp\/v2\/media\/8093"}],"wp:attachment":[{"href":"https:\/\/www.isdin.com\/es\/blog\/wp-json\/wp\/v2\/media?parent=7038"}],"wp:term":[{"taxonomy":"category","embeddable":true,"href":"https:\/\/www.isdin.com\/es\/blog\/wp-json\/wp\/v2\/categories?post=7038"},{"taxonomy":"post_tag","embeddable":true,"href":"https:\/\/www.isdin.com\/es\/blog\/wp-json\/wp\/v2\/tags?post=7038"}],"curies":[{"name":"wp","href":"https:\/\/api.w.org\/{rel}","templated":true}]}}