{"id":6807,"date":"2026-01-09T15:20:03","date_gmt":"2026-01-09T15:20:03","guid":{"rendered":"https:\/\/www.isdin.com\/es\/blog\/?p=6807"},"modified":"2026-01-09T15:20:06","modified_gmt":"2026-01-09T15:20:06","slug":"cuidar-piel-invierno-frio","status":"publish","type":"post","link":"https:\/\/www.isdin.com\/es\/blog\/cuidar-piel-invierno-frio\/","title":{"rendered":"Esta es la rutina facial de invierno perfecta: hidrataci\u00f3n y protecci\u00f3n todo el d\u00eda"},"content":{"rendered":"\n<p>El invierno tiene un encanto dif\u00edcil de imitar: bufandas acogedoras, tardes envueltas en manta y esa primera taza de chocolate caliente que sabe a abrazo. Pero cuando las temperaturas bajan, nuestra piel tambi\u00e9n lo siente. El <em>skincare de invierno<\/em> no es solo un concepto bonito, es una respuesta real a la sequedad, la tirantez y esa picaz\u00f3n que parece no irse jam\u00e1s. En lugar de ignorarlo, es la oportunidad perfecta para <strong>adaptar tu rutina de cuidado al clima fr\u00edo<\/strong> y darle a tu piel justo lo que necesita.<\/p>\n\n\n\n<p>M\u00e1s hidrataci\u00f3n, m\u00e1s nutrici\u00f3n, m\u00e1s protecci\u00f3n, pero tambi\u00e9n m\u00e1s disfrute. Hoy te ense\u00f1amos c\u00f3mo adaptar tu <strong>rutina de cuidado facial para invierno<\/strong> con pasos simples e ingredientes clave para mantener la piel suave, luminosa y profundamente hidratada en invierno. Porque el fr\u00edo no tiene por qu\u00e9 apagar el brillo, solo pedirte que lo cuides mejor.<\/p>\n\n\n\n<p><\/p>\n\n\n\n<h2 class=\"wp-block-heading\" id=\"h-que-le-pasa-a-la-piel-en-invierno\">\u00bfQu\u00e9 le pasa a la piel en invierno?<\/h2>\n\n\n\n<p><\/p>\n\n\n\n<figure class=\"wp-block-image size-large\"><img loading=\"lazy\" decoding=\"async\" width=\"1024\" height=\"527\" src=\"data:image\/gif;base64,R0lGODlhAQABAAAAACH5BAEKAAEALAAAAAABAAEAAAICTAEAOw==\" data-src=\"https:\/\/www.isdin.com\/es\/blog\/wp-content\/uploads\/2023\/12\/2023_Invierno_IMG02-1024x527.png\" alt=\"manos en calefacci\u00f3n en invierno\" class=\"wp-image-9171 lazyload\" data-sizes=\"auto\" data-srcset=\"https:\/\/www.isdin.com\/es\/blog\/wp-content\/uploads\/2023\/12\/2023_Invierno_IMG02-1024x527.png 1024w, https:\/\/www.isdin.com\/es\/blog\/wp-content\/uploads\/2023\/12\/2023_Invierno_IMG02-300x155.png 300w, https:\/\/www.isdin.com\/es\/blog\/wp-content\/uploads\/2023\/12\/2023_Invierno_IMG02-150x77.png 150w, https:\/\/www.isdin.com\/es\/blog\/wp-content\/uploads\/2023\/12\/2023_Invierno_IMG02-768x396.png 768w, https:\/\/www.isdin.com\/es\/blog\/wp-content\/uploads\/2023\/12\/2023_Invierno_IMG02-585x300.png 585w, https:\/\/www.isdin.com\/es\/blog\/wp-content\/uploads\/2023\/12\/2023_Invierno_IMG02-450x232.png 450w, https:\/\/www.isdin.com\/es\/blog\/wp-content\/uploads\/2023\/12\/2023_Invierno_IMG02-20x11.png 20w, https:\/\/www.isdin.com\/es\/blog\/wp-content\/uploads\/2023\/12\/2023_Invierno_IMG02-225x116.png 225w, https:\/\/www.isdin.com\/es\/blog\/wp-content\/uploads\/2023\/12\/2023_Invierno_IMG02-900x464.png 900w, https:\/\/www.isdin.com\/es\/blog\/wp-content\/uploads\/2023\/12\/2023_Invierno_IMG02.png 1200w\" sizes=\"auto, (max-width: 1024px) 100vw, 1024px\" \/><\/figure>\n\n\n\n<p><\/p>\n\n\n\n<p>La respuesta empieza en la <a href=\"https:\/\/www.isdin.com\/blog\/que-es-la-barrera-cutanea\/\">barrera cut\u00e1nea<\/a>, la capa m\u00e1s externa de la piel, tambi\u00e9n llamada <strong>estrato c\u00f3rneo<\/strong>, formada por c\u00e9lulas (corneocitos) y l\u00edpidos que funcionan como un muro protector. La piel se organiza en <a href=\"https:\/\/www.isdin.com\/blog\/bajo-tu-piel-sus-capas-y-funciones\/\"><strong>tres grandes capas<\/strong><\/a>: la <strong>epidermis<\/strong> (protege y evita la p\u00e9rdida de agua), la <strong>dermis<\/strong> (contiene <a href=\"https:\/\/www.isdin.com\/blog\/beneficios-del-colageno-para-la-piel\/\">col\u00e1geno<\/a>, elastina y <a href=\"https:\/\/www.isdin.com\/blog\/para-que-sirve-acido-hialuronico\/\">\u00e1cido hialur\u00f3nico<\/a>, responsables de firmeza y elasticidad) y la <strong>hipodermis<\/strong> (almacena grasa y regula la temperatura).<\/p>\n\n\n\n<p>En invierno, el aire fr\u00edo y seco acelera la <a href=\"https:\/\/www.isdin.com\/blog\/perdida-de-agua-transepidermica-que-es\/\"><strong>p\u00e9rdida de agua transepid\u00e9rmica (TEWL)<\/strong><\/a>, debilitando el equilibrio del estrato c\u00f3rneo. Cuando esta barrera se altera, la piel activa mecanismos de estr\u00e9s que aumentan <strong>prote\u00ednas proinflamatorias, <a href=\"https:\/\/pmc.ncbi.nlm.nih.gov\/articles\/PMC4082169\/\">cortisol<\/a> y se\u00f1ales de sensibilidad<\/strong>, haci\u00e9ndola m\u00e1s reactiva al fr\u00edo, al viento y a los <a href=\"https:\/\/www.isdin.com\/es\/blog\/como-afecta-el-clima-a-tu-piel\/\">cambios bruscos de temperatura<\/a>.<\/p>\n\n\n\n<p>Al mismo tiempo, las bajas temperaturas y la calefacci\u00f3n reducen la <strong>producci\u00f3n y calidad de los l\u00edpidos epid\u00e9rmicos<\/strong>, esas grasas naturales que sellan la hidrataci\u00f3n y mantienen la piel flexible. Si la barrera lip\u00eddica no funciona al 100%, la piel no puede retener la humedad de forma eficiente, lo que deriva en <strong>piel seca en invierno, tirantez, incomodidad e incluso microirritaciones<\/strong>. \u00bfTe suenan estos s\u00edntomas?<\/p>\n\n\n\n<p class=\"has-background\" style=\"background-color:#dbf1fb\">La rutina ideal de invierno debe enfocarse en<strong> reponer l\u00edpidos, reducir la TEWL y fortalecer el estrato c\u00f3rneo con hidratantes <\/strong>humectantes, oclusivos y emolientes.<\/p>\n\n\n\n<h2 class=\"wp-block-heading\" id=\"h-rutina-facial-de-invierno-en-5-pasos-hidrata-protege-y-recupera-tu-glow\">Rutina facial de invierno en 5 pasos: hidrata, protege y recupera tu <em>glow<\/em><\/h2>\n\n\n\n<p>La piel es como tu armario: no le sirven las mismas f\u00f3rmulas todo el a\u00f1o, necesita <a href=\"https:\/\/www.isdin.com\/es\/blog\/rutina-de-piel-para-cada-estacion\/\">ajustes seg\u00fan la temporada<\/a>. Y ahora que sabes lo que realmente pasa en sus capas cuando llega el fr\u00edo, es probable que todo empiece a cobrar sentido.<\/p>\n\n\n\n<p>Si te suenan la sequedad, la tirantez que aparece sin avisar o esa piel m\u00e1s sensible de lo normal, no est\u00e1s haciendo nada mal, solo est\u00e1s en la temporada m\u00e1s exigente para la barrera cut\u00e1nea. A veces basta con cambiar la estrategia y darle lo esencial, pero bien elegido. Y justo de eso va lo que viene: una <strong>rutina de <em>skincare<\/em> de invierno de 5 pasos<\/strong> pensada para hidratar a fondo, proteger tu barrera y devolverle a tu piel esa luz saludable que el fr\u00edo intenta robar, pero nunca deber\u00eda apagar.<\/p>\n\n\n\n<h3 class=\"wp-block-heading\">1. El limpiador<\/h3>\n\n\n\n<figure class=\"wp-block-image size-large\"><img loading=\"lazy\" decoding=\"async\" width=\"1024\" height=\"527\" src=\"data:image\/gif;base64,R0lGODlhAQABAAAAACH5BAEKAAEALAAAAAABAAEAAAICTAEAOw==\" data-src=\"https:\/\/www.isdin.com\/es\/blog\/wp-content\/uploads\/2025\/01\/image-8-1-1024x527.png\" alt=\"essential purifier de isdin limpiador ideal para el invierno\" class=\"wp-image-13103 lazyload\" data-sizes=\"auto\" data-srcset=\"https:\/\/www.isdin.com\/es\/blog\/wp-content\/uploads\/2025\/01\/image-8-1-1024x527.png 1024w, https:\/\/www.isdin.com\/es\/blog\/wp-content\/uploads\/2025\/01\/image-8-1-300x154.png 300w, https:\/\/www.isdin.com\/es\/blog\/wp-content\/uploads\/2025\/01\/image-8-1-150x77.png 150w, https:\/\/www.isdin.com\/es\/blog\/wp-content\/uploads\/2025\/01\/image-8-1-768x395.png 768w, https:\/\/www.isdin.com\/es\/blog\/wp-content\/uploads\/2025\/01\/image-8-1-585x300.png 585w, https:\/\/www.isdin.com\/es\/blog\/wp-content\/uploads\/2025\/01\/image-8-1-450x232.png 450w, https:\/\/www.isdin.com\/es\/blog\/wp-content\/uploads\/2025\/01\/image-8-1-20x11.png 20w, https:\/\/www.isdin.com\/es\/blog\/wp-content\/uploads\/2025\/01\/image-8-1-225x116.png 225w, https:\/\/www.isdin.com\/es\/blog\/wp-content\/uploads\/2025\/01\/image-8-1-900x463.png 900w, https:\/\/www.isdin.com\/es\/blog\/wp-content\/uploads\/2025\/01\/image-8-1.png 1201w\" sizes=\"auto, (max-width: 1024px) 100vw, 1024px\" \/><\/figure>\n\n\n\n<p><\/p>\n\n\n\n<p>Empieza el d\u00eda con <a href=\"https:\/\/www.isdin.com\/es\/p\/essential-purifier\/4684\">Essential Purifier<\/a>, tu aliado invernal para una experiencia de limpieza \u00fanica. Formulado con <strong>extracto de hoja de olivo mediterr\u00e1neo y lavanda<\/strong>, esta espuma con base acuosa combina lo mejor de la naturaleza y la ciencia. \u00a1Hola piel purificada, <a href=\"https:\/\/www.isdin.com\/es\/blog\/piel-grasa-vs-piel-glowy-diferencias-y-rutina-skincare\/\">luminosa<\/a> y visiblemente revitalizada!<\/p>\n\n\n\n<h3 class=\"wp-block-heading\">Por la noche<\/h3>\n\n\n\n<figure class=\"wp-block-image size-large\"><a href=\"https:\/\/www.isdin.com\/es\/p\/essential-cleansing\/4041\" target=\"_blank\" rel=\" noreferrer noopener\"><img loading=\"lazy\" decoding=\"async\" width=\"1024\" height=\"527\" src=\"data:image\/gif;base64,R0lGODlhAQABAAAAACH5BAEKAAEALAAAAAABAAEAAAICTAEAOw==\" data-src=\"https:\/\/www.isdin.com\/es\/blog\/wp-content\/uploads\/2025\/01\/2024_12_WinterSkin_IMG07-1-1024x527.png\" alt=\"aceite limpiador para rutina facial de invierno essential cleansing\" class=\"wp-image-13104 lazyload\" data-sizes=\"auto\" data-srcset=\"https:\/\/www.isdin.com\/es\/blog\/wp-content\/uploads\/2025\/01\/2024_12_WinterSkin_IMG07-1-1024x527.png 1024w, https:\/\/www.isdin.com\/es\/blog\/wp-content\/uploads\/2025\/01\/2024_12_WinterSkin_IMG07-1-300x155.png 300w, https:\/\/www.isdin.com\/es\/blog\/wp-content\/uploads\/2025\/01\/2024_12_WinterSkin_IMG07-1-150x77.png 150w, https:\/\/www.isdin.com\/es\/blog\/wp-content\/uploads\/2025\/01\/2024_12_WinterSkin_IMG07-1-768x396.png 768w, https:\/\/www.isdin.com\/es\/blog\/wp-content\/uploads\/2025\/01\/2024_12_WinterSkin_IMG07-1-1536x791.png 1536w, https:\/\/www.isdin.com\/es\/blog\/wp-content\/uploads\/2025\/01\/2024_12_WinterSkin_IMG07-1-2048x1055.png 2048w, https:\/\/www.isdin.com\/es\/blog\/wp-content\/uploads\/2025\/01\/2024_12_WinterSkin_IMG07-1-585x300.png 585w, https:\/\/www.isdin.com\/es\/blog\/wp-content\/uploads\/2025\/01\/2024_12_WinterSkin_IMG07-1-450x232.png 450w, https:\/\/www.isdin.com\/es\/blog\/wp-content\/uploads\/2025\/01\/2024_12_WinterSkin_IMG07-1-20x11.png 20w, https:\/\/www.isdin.com\/es\/blog\/wp-content\/uploads\/2025\/01\/2024_12_WinterSkin_IMG07-1-225x116.png 225w, https:\/\/www.isdin.com\/es\/blog\/wp-content\/uploads\/2025\/01\/2024_12_WinterSkin_IMG07-1-900x464.png 900w, https:\/\/www.isdin.com\/es\/blog\/wp-content\/uploads\/2025\/01\/2024_12_WinterSkin_IMG07-1-1350x695.png 1350w\" sizes=\"auto, (max-width: 1024px) 100vw, 1024px\" \/><\/a><\/figure>\n\n\n\n<p><\/p>\n\n\n\n<p>Tu mejor apuesta ser\u00e1 un <a href=\"https:\/\/www.isdin.com\/blog\/poder-aceite-desmaquillante-essential-cleansing\/\">aceite limpiador<\/a> para una limpieza profunda que no da\u00f1e la piel. El aceite atrae al aceite, por lo que es ideal para eliminar cualquier residuo graso, como el exceso de sebo de tu piel, el maquillaje o el protector solar resistente al agua.<\/p>\n\n\n\n<p class=\"has-background\" style=\"background-color:#f1dfbf\">Busca f\u00f3rmulas suaves, como el aceite limpiador facial <a href=\"https:\/\/www.isdin.com\/producto\/isdinceutics\/essential-cleansing\">Essential Cleansing<\/a>, que, al entrar en contacto con el agua, se transforma en una agradable emulsi\u00f3n que deja la piel limpia, suave e hidratada.<\/p>\n\n\n\n<h3 class=\"wp-block-heading\">2. El contorno de ojos<\/h3>\n\n\n\n<p>El <a href=\"https:\/\/www.isdin.com\/blog\/guia-esencial-de-limpiadores-faciales\/\">paso m\u00e1s importante<\/a> est\u00e1 hecho: tu piel est\u00e1 limpia y lista, como un lienzo en blanco esperando ser cuidado. Ahora toca prestar atenci\u00f3n a una zona que marca toda la diferencia: <a href=\"https:\/\/www.isdin.com\/blog\/guia-esencial-sobre-contornos-de-ojos\/\">el contorno de ojos<\/a>. La <a href=\"https:\/\/www.jaad.org\/article\/S0190-9622(16)00242-5\/abstract\">piel que rodea los ojos<\/a> es la m\u00e1s fina y delicada de todo el rostro. <\/p>\n\n\n\n<p>Necesita un cuidado especial que combine suavidad e hidrataci\u00f3n, especialmente en invierno, cuando el fr\u00edo y los ambientes secos pueden hacerla m\u00e1s vulnerable.<\/p>\n\n\n\n<p><\/p>\n\n\n\n<figure class=\"wp-block-image size-large\"><a href=\"https:\/\/www.isdin.com\/es\/p\/isdinceutics-k-ox-eyes\/1510\" target=\"_blank\" rel=\" noreferrer noopener\"><img loading=\"lazy\" decoding=\"async\" width=\"1024\" height=\"527\" src=\"data:image\/gif;base64,R0lGODlhAQABAAAAACH5BAEKAAEALAAAAAABAAEAAAICTAEAOw==\" data-src=\"https:\/\/www.isdin.com\/es\/blog\/wp-content\/uploads\/2025\/01\/2024_12_WinterSkin_IMG01-1024x527.png\" alt=\"aplicador cer\u00e1mico efecto fr\u00edo y textura de k-ox eyes contorno\" class=\"wp-image-13105 lazyload\" data-sizes=\"auto\" data-srcset=\"https:\/\/www.isdin.com\/es\/blog\/wp-content\/uploads\/2025\/01\/2024_12_WinterSkin_IMG01-1024x527.png 1024w, https:\/\/www.isdin.com\/es\/blog\/wp-content\/uploads\/2025\/01\/2024_12_WinterSkin_IMG01-300x155.png 300w, https:\/\/www.isdin.com\/es\/blog\/wp-content\/uploads\/2025\/01\/2024_12_WinterSkin_IMG01-150x77.png 150w, https:\/\/www.isdin.com\/es\/blog\/wp-content\/uploads\/2025\/01\/2024_12_WinterSkin_IMG01-768x396.png 768w, https:\/\/www.isdin.com\/es\/blog\/wp-content\/uploads\/2025\/01\/2024_12_WinterSkin_IMG01-1536x791.png 1536w, https:\/\/www.isdin.com\/es\/blog\/wp-content\/uploads\/2025\/01\/2024_12_WinterSkin_IMG01-2048x1055.png 2048w, https:\/\/www.isdin.com\/es\/blog\/wp-content\/uploads\/2025\/01\/2024_12_WinterSkin_IMG01-585x300.png 585w, https:\/\/www.isdin.com\/es\/blog\/wp-content\/uploads\/2025\/01\/2024_12_WinterSkin_IMG01-450x232.png 450w, https:\/\/www.isdin.com\/es\/blog\/wp-content\/uploads\/2025\/01\/2024_12_WinterSkin_IMG01-20x11.png 20w, https:\/\/www.isdin.com\/es\/blog\/wp-content\/uploads\/2025\/01\/2024_12_WinterSkin_IMG01-225x116.png 225w, https:\/\/www.isdin.com\/es\/blog\/wp-content\/uploads\/2025\/01\/2024_12_WinterSkin_IMG01-900x464.png 900w, https:\/\/www.isdin.com\/es\/blog\/wp-content\/uploads\/2025\/01\/2024_12_WinterSkin_IMG01-1350x695.png 1350w\" sizes=\"auto, (max-width: 1024px) 100vw, 1024px\" \/><\/a><\/figure>\n\n\n\n<p><\/p>\n\n\n\n<p class=\"has-background\" style=\"background-color:#dbf1fb\"><strong>Por la ma\u00f1ana:<\/strong>\u00a0empieza el d\u00eda con <a href=\"https:\/\/www.isdin.com\/producto\/isdinceutics\/k-ox-eyes\">K-Ox Eyes<\/a>, tu mejor aliado para ayudar a combatir el tono de las ojeras, reducir las bolsas y revitalizar tu mirada desde el primer momento del d\u00eda.<\/p>\n\n\n\n<figure class=\"wp-block-image size-full\"><a href=\"https:\/\/www.isdin.com\/es\/p\/vital-eyes\/3862\" target=\"_blank\" rel=\" noreferrer noopener\"><img loading=\"lazy\" decoding=\"async\" width=\"2400\" height=\"1236\" src=\"data:image\/gif;base64,R0lGODlhAQABAAAAACH5BAEKAAEALAAAAAABAAEAAAICTAEAOw==\" data-src=\"https:\/\/www.isdin.com\/es\/blog\/wp-content\/uploads\/2025\/01\/2024_12_WinterSkin_IMG06.png\" alt=\"vital eyes contorno de ojos antiarrugas nocturno de isdin invierno\" class=\"wp-image-13106 lazyload\" data-sizes=\"auto\" data-srcset=\"https:\/\/www.isdin.com\/es\/blog\/wp-content\/uploads\/2025\/01\/2024_12_WinterSkin_IMG06.png 2400w, https:\/\/www.isdin.com\/es\/blog\/wp-content\/uploads\/2025\/01\/2024_12_WinterSkin_IMG06-300x155.png 300w, https:\/\/www.isdin.com\/es\/blog\/wp-content\/uploads\/2025\/01\/2024_12_WinterSkin_IMG06-1024x527.png 1024w, https:\/\/www.isdin.com\/es\/blog\/wp-content\/uploads\/2025\/01\/2024_12_WinterSkin_IMG06-150x77.png 150w, https:\/\/www.isdin.com\/es\/blog\/wp-content\/uploads\/2025\/01\/2024_12_WinterSkin_IMG06-768x396.png 768w, https:\/\/www.isdin.com\/es\/blog\/wp-content\/uploads\/2025\/01\/2024_12_WinterSkin_IMG06-1536x791.png 1536w, https:\/\/www.isdin.com\/es\/blog\/wp-content\/uploads\/2025\/01\/2024_12_WinterSkin_IMG06-2048x1055.png 2048w, https:\/\/www.isdin.com\/es\/blog\/wp-content\/uploads\/2025\/01\/2024_12_WinterSkin_IMG06-585x300.png 585w, https:\/\/www.isdin.com\/es\/blog\/wp-content\/uploads\/2025\/01\/2024_12_WinterSkin_IMG06-450x232.png 450w, https:\/\/www.isdin.com\/es\/blog\/wp-content\/uploads\/2025\/01\/2024_12_WinterSkin_IMG06-20x11.png 20w, https:\/\/www.isdin.com\/es\/blog\/wp-content\/uploads\/2025\/01\/2024_12_WinterSkin_IMG06-225x116.png 225w, https:\/\/www.isdin.com\/es\/blog\/wp-content\/uploads\/2025\/01\/2024_12_WinterSkin_IMG06-900x464.png 900w, https:\/\/www.isdin.com\/es\/blog\/wp-content\/uploads\/2025\/01\/2024_12_WinterSkin_IMG06-1350x695.png 1350w\" sizes=\"auto, (max-width: 2400px) 100vw, 2400px\" \/><\/a><\/figure>\n\n\n\n<p><\/p>\n\n\n\n<p class=\"has-background\" style=\"background-color:#dbf1fb\"><strong>Por la noche:<\/strong> Ponle fin a un largo d\u00eda con <a href=\"https:\/\/www.isdin.com\/producto\/isdinceutics\/vital-eyes\">Vital Eyes<\/a>, el contorno de ojos dise\u00f1ado para trabajar mientras duermes. Este producto combate el <a href=\"https:\/\/www.isdin.com\/es\/blog\/que-son-los-radicales-libres-y-la-oxidacion-de-la-piel\/\">estr\u00e9s oxidativo<\/a> acumulado durante la jornada y ayuda a reducir los signos visibles del envejecimiento, como <a href=\"https:\/\/www.isdin.com\/blog\/well-aging-como-prevenir-y-cuidar-nuestras-arrugas\/\">las l\u00edneas de expresi\u00f3n y las arrugas<\/a>.<\/p>\n\n\n\n<p>Su f\u00f3rmula combina <a href=\"https:\/\/www.isdin.com\/es\/blog\/melatonina-topica\/\">melatonina<\/a> y cafe\u00edna para ofrecer una poderosa acci\u00f3n <em>detox<\/em>. La melatonina act\u00faa como antioxidante, protegiendo y reparando la piel del da\u00f1o oxidativo causado durante el d\u00eda, mientras que la cafe\u00edna estimula la microcirculaci\u00f3n.<\/p>\n\n\n\n<p><\/p>\n\n\n\n<h3 class=\"wp-block-heading\">3. El s\u00e9rum<\/h3>\n\n\n\n<p>El s\u00e9rum es el coraz\u00f3n de cualquier rutina facial bien pensada, sin importar la <a href=\"https:\/\/www.isdin.com\/blog\/rutina-de-piel-para-cada-estacion\/\">estaci\u00f3n<\/a>. Menos es m\u00e1s, y eso tambi\u00e9n aplica aqu\u00ed: elegir un producto con pocos pero potentes ingredientes marcar\u00e1 la diferencia. \u00bfAlgunas ideas? El conocido <a href=\"https:\/\/www.isdin.com\/es\/blog\/para-que-sirve-acido-hialuronico\/\">\u00e1cido hialur\u00f3nico<\/a> o el famoso <a href=\"https:\/\/www.isdin.com\/blog\/retinal-guia-para-principiantes\/\">retinal<\/a>.<\/p>\n\n\n\n<p class=\"has-background\" style=\"background-color:#dbf1fb\"><strong>\u00bfLo sab\u00edas? <\/strong>El \u00e1cido hialur\u00f3nico se encuentra de forma natural en nuestras articulaciones, tejidos conectivos y piel. <a href=\"https:\/\/pubmed.ncbi.nlm.nih.gov\/37373443\/\">Es una mol\u00e9cula clave<\/a> gracias a su capacidad para retener agua, lo que la convierte en un ingrediente esencial durante el invierno.<\/p>\n\n\n\n<p>Por la ma\u00f1ana, dale a tu piel la hidrataci\u00f3n que necesita para afrontar el d\u00eda. <a href=\"https:\/\/www.isdin.com\/producto\/isdinceutics\/hyaluronic-concentrate\">Hyaluronic Concentrate<\/a> es el s\u00e9rum perfecto para las ma\u00f1anas de invierno: <a href=\"https:\/\/www.isdin.com\/es\/blog\/perdida-de-agua-transepidermica-que-es\/\">hidrata intensamente<\/a>, suaviza las l\u00edneas de expresi\u00f3n y aporta luminosidad a la piel. Un imprescindible para combatir el fr\u00edo y mantener tu rostro radiante desde el primer momento.<\/p>\n\n\n\n<figure class=\"wp-block-image size-large\"><img loading=\"lazy\" decoding=\"async\" width=\"1024\" height=\"527\" src=\"data:image\/gif;base64,R0lGODlhAQABAAAAACH5BAEKAAEALAAAAAABAAEAAAICTAEAOw==\" data-src=\"https:\/\/www.isdin.com\/es\/blog\/wp-content\/uploads\/2025\/01\/2024_12_WinterSkin_IMG02-1024x527.png\" alt=\"s\u00e9rum hidratante para rutina facial de invierno de isdin\" class=\"wp-image-13107 lazyload\" data-sizes=\"auto\" data-srcset=\"https:\/\/www.isdin.com\/es\/blog\/wp-content\/uploads\/2025\/01\/2024_12_WinterSkin_IMG02-1024x527.png 1024w, https:\/\/www.isdin.com\/es\/blog\/wp-content\/uploads\/2025\/01\/2024_12_WinterSkin_IMG02-300x155.png 300w, https:\/\/www.isdin.com\/es\/blog\/wp-content\/uploads\/2025\/01\/2024_12_WinterSkin_IMG02-150x77.png 150w, https:\/\/www.isdin.com\/es\/blog\/wp-content\/uploads\/2025\/01\/2024_12_WinterSkin_IMG02-768x396.png 768w, https:\/\/www.isdin.com\/es\/blog\/wp-content\/uploads\/2025\/01\/2024_12_WinterSkin_IMG02-1536x791.png 1536w, https:\/\/www.isdin.com\/es\/blog\/wp-content\/uploads\/2025\/01\/2024_12_WinterSkin_IMG02-2048x1055.png 2048w, https:\/\/www.isdin.com\/es\/blog\/wp-content\/uploads\/2025\/01\/2024_12_WinterSkin_IMG02-585x300.png 585w, https:\/\/www.isdin.com\/es\/blog\/wp-content\/uploads\/2025\/01\/2024_12_WinterSkin_IMG02-450x232.png 450w, https:\/\/www.isdin.com\/es\/blog\/wp-content\/uploads\/2025\/01\/2024_12_WinterSkin_IMG02-20x11.png 20w, https:\/\/www.isdin.com\/es\/blog\/wp-content\/uploads\/2025\/01\/2024_12_WinterSkin_IMG02-225x116.png 225w, https:\/\/www.isdin.com\/es\/blog\/wp-content\/uploads\/2025\/01\/2024_12_WinterSkin_IMG02-900x464.png 900w, https:\/\/www.isdin.com\/es\/blog\/wp-content\/uploads\/2025\/01\/2024_12_WinterSkin_IMG02-1350x695.png 1350w\" sizes=\"auto, (max-width: 1024px) 100vw, 1024px\" \/><\/figure>\n\n\n\n<p><\/p>\n\n\n\n<p><strong>Por la noche<\/strong>, tu piel merece un momento de reparaci\u00f3n profunda, y <a href=\"https:\/\/www.isdin.com\/producto\/isdinceutics\/retinal-intense\">Retinal Intense<\/a> es el compa\u00f1ero perfecto para este proceso. Este s\u00e9rum bif\u00e1sico act\u00faa mientras duermes, combinando el poder del retinaldeh\u00eddo, la <a href=\"https:\/\/www.isdin.com\/blog\/rutina-noche-ideal-rostro-melatonina\/\">melatonina<\/a> y el <a href=\"https:\/\/www.isdin.com\/blog\/que-es-el-bakuchiol-y-sus-beneficios\/\">bakuchiol<\/a> para ayudar a regenerar la piel, reducir los signos de la edad y calmarla tras un largo d\u00eda.<\/p>\n\n\n\n<figure class=\"wp-block-image size-large\"><img loading=\"lazy\" decoding=\"async\" width=\"2308\" height=\"1188\" src=\"data:image\/gif;base64,R0lGODlhAQABAAAAACH5BAEKAAEALAAAAAABAAEAAAICTAEAOw==\" data-src=\"https:\/\/www.isdin.com\/es\/blog\/wp-content\/uploads\/2026\/01\/2024_12_WinterSkin_IMG03-edited.png\" alt=\"s\u00e9rum con retinal para pieles maduras eficacia rutina de invierno\" class=\"wp-image-13110 lazyload\" data-sizes=\"auto\" data-srcset=\"https:\/\/www.isdin.com\/es\/blog\/wp-content\/uploads\/2026\/01\/2024_12_WinterSkin_IMG03-edited.png 2308w, https:\/\/www.isdin.com\/es\/blog\/wp-content\/uploads\/2026\/01\/2024_12_WinterSkin_IMG03-edited-300x154.png 300w, https:\/\/www.isdin.com\/es\/blog\/wp-content\/uploads\/2026\/01\/2024_12_WinterSkin_IMG03-edited-1024x527.png 1024w, https:\/\/www.isdin.com\/es\/blog\/wp-content\/uploads\/2026\/01\/2024_12_WinterSkin_IMG03-edited-150x77.png 150w, https:\/\/www.isdin.com\/es\/blog\/wp-content\/uploads\/2026\/01\/2024_12_WinterSkin_IMG03-edited-768x395.png 768w, https:\/\/www.isdin.com\/es\/blog\/wp-content\/uploads\/2026\/01\/2024_12_WinterSkin_IMG03-edited-1536x791.png 1536w, https:\/\/www.isdin.com\/es\/blog\/wp-content\/uploads\/2026\/01\/2024_12_WinterSkin_IMG03-edited-2048x1054.png 2048w, https:\/\/www.isdin.com\/es\/blog\/wp-content\/uploads\/2026\/01\/2024_12_WinterSkin_IMG03-edited-585x300.png 585w, https:\/\/www.isdin.com\/es\/blog\/wp-content\/uploads\/2026\/01\/2024_12_WinterSkin_IMG03-edited-450x232.png 450w, https:\/\/www.isdin.com\/es\/blog\/wp-content\/uploads\/2026\/01\/2024_12_WinterSkin_IMG03-edited-20x11.png 20w, https:\/\/www.isdin.com\/es\/blog\/wp-content\/uploads\/2026\/01\/2024_12_WinterSkin_IMG03-edited-225x116.png 225w, https:\/\/www.isdin.com\/es\/blog\/wp-content\/uploads\/2026\/01\/2024_12_WinterSkin_IMG03-edited-900x463.png 900w, https:\/\/www.isdin.com\/es\/blog\/wp-content\/uploads\/2026\/01\/2024_12_WinterSkin_IMG03-edited-1350x695.png 1350w\" sizes=\"auto, (max-width: 2308px) 100vw, 2308px\" \/><\/figure>\n\n\n\n<p><\/p>\n\n\n\n<p>Si es tu primera vez usando retinal, no te preocupes. Este s\u00e9rum est\u00e1 formulado para todo tipo de pieles, incluidas las m\u00e1s <a href=\"https:\/\/www.isdin.com\/es\/blog\/rutina-piel-sensible\/\">sensibles<\/a>. Gracias al bakuchiol, un ingrediente natural conocido por sus propiedades <em>retinol-like<\/em>, Retinal Intense logra acelerar la renovaci\u00f3n celular sin causar irritaci\u00f3n, convirti\u00e9ndose en una excelente opci\u00f3n para quienes quieran <a href=\"https:\/\/www.isdin.com\/es\/blog\/como-envejece-nuestra-piel\/\">descubrir la belleza de envejecer bien<\/a>.<\/p>\n\n\n\n<h4 class=\"wp-block-heading\" id=\"h-que-pasa-si-tu-piel-aun-no-muestra-signos-evidentes-de-envejecimiento-y-buscas-potenciar-tu-luminosidad-o-prevenir-esos-primeros-cambios\">\u00bfQu\u00e9 pasa si tu piel a\u00fan no muestra signos evidentes de envejecimiento y buscas potenciar tu luminosidad o prevenir esos primeros cambios?<\/h4>\n\n\n\n<p>Aqu\u00ed es donde entra <a href=\"https:\/\/www.isdin.com\/es\/p\/retinal-smooth\/4565\">Retinal Smooth<\/a>, tu primer retinal. Dise\u00f1ado especialmente para pieles j\u00f3venes, este s\u00e9rum no solo mejora la hidrataci\u00f3n y la luminosidad hasta en un 40% en tan solo 4 semanas*, sino que tambi\u00e9n previene los primeros signos de la edad.<\/p>\n\n\n\n<figure class=\"wp-block-image size-large\"><img loading=\"lazy\" decoding=\"async\" width=\"1024\" height=\"527\" src=\"data:image\/gif;base64,R0lGODlhAQABAAAAACH5BAEKAAEALAAAAAABAAEAAAICTAEAOw==\" data-src=\"https:\/\/www.isdin.com\/es\/blog\/wp-content\/uploads\/2025\/01\/2024_12_WinterSkin_IMG05-1024x527.png\" alt=\"mi primer s\u00e9rum con retinal pieles jovenes de ISDIN\" class=\"wp-image-13108 lazyload\" data-sizes=\"auto\" data-srcset=\"https:\/\/www.isdin.com\/es\/blog\/wp-content\/uploads\/2025\/01\/2024_12_WinterSkin_IMG05-1024x527.png 1024w, https:\/\/www.isdin.com\/es\/blog\/wp-content\/uploads\/2025\/01\/2024_12_WinterSkin_IMG05-300x155.png 300w, https:\/\/www.isdin.com\/es\/blog\/wp-content\/uploads\/2025\/01\/2024_12_WinterSkin_IMG05-150x77.png 150w, https:\/\/www.isdin.com\/es\/blog\/wp-content\/uploads\/2025\/01\/2024_12_WinterSkin_IMG05-768x396.png 768w, https:\/\/www.isdin.com\/es\/blog\/wp-content\/uploads\/2025\/01\/2024_12_WinterSkin_IMG05-1536x791.png 1536w, https:\/\/www.isdin.com\/es\/blog\/wp-content\/uploads\/2025\/01\/2024_12_WinterSkin_IMG05-2048x1055.png 2048w, https:\/\/www.isdin.com\/es\/blog\/wp-content\/uploads\/2025\/01\/2024_12_WinterSkin_IMG05-585x300.png 585w, https:\/\/www.isdin.com\/es\/blog\/wp-content\/uploads\/2025\/01\/2024_12_WinterSkin_IMG05-450x232.png 450w, https:\/\/www.isdin.com\/es\/blog\/wp-content\/uploads\/2025\/01\/2024_12_WinterSkin_IMG05-20x11.png 20w, https:\/\/www.isdin.com\/es\/blog\/wp-content\/uploads\/2025\/01\/2024_12_WinterSkin_IMG05-225x116.png 225w, https:\/\/www.isdin.com\/es\/blog\/wp-content\/uploads\/2025\/01\/2024_12_WinterSkin_IMG05-900x464.png 900w, https:\/\/www.isdin.com\/es\/blog\/wp-content\/uploads\/2025\/01\/2024_12_WinterSkin_IMG05-1350x695.png 1350w\" sizes=\"auto, (max-width: 1024px) 100vw, 1024px\" \/><\/figure>\n\n\n\n<p><\/p>\n\n\n\n<p>Combina matrikinas para mejorar la luminosidad, melatonina para proteger frente a los radicales libres y <a href=\"https:\/\/www.isdin.com\/es\/blog\/que-es-la-niacinamida-beneficios-usos-en-tu-rutina\/\">niacinamida<\/a> para calmar e hidratar. Una opci\u00f3n suave y efectiva para prevenir los primeros signos de la edad sin necesidad de un periodo de adaptaci\u00f3n.<\/p>\n\n\n\n<p class=\"has-background\" style=\"background-color:#dbf1fb\"><strong>\u00bfQuieres saber m\u00e1s sobre la diferencia entre ambos?<\/strong> Descubre nuestra gu\u00eda y elige<a href=\"https:\/\/www.isdin.com\/es\/blog\/diferencias-retinal-smooth-o-retinal-intense\/\"> entre Retinal Intense para combatir o Retinal Smooth para prevenir<\/a>.<\/p>\n\n\n\n<h3 class=\"wp-block-heading\" id=\"h-4-la-crema-hidratante\">4. La crema hidratante<\/h3>\n\n\n\n<figure class=\"wp-block-image size-full\"><img loading=\"lazy\" decoding=\"async\" width=\"1200\" height=\"618\" src=\"data:image\/gif;base64,R0lGODlhAQABAAAAACH5BAEKAAEALAAAAAABAAEAAAICTAEAOw==\" data-src=\"https:\/\/www.isdin.com\/es\/blog\/wp-content\/uploads\/2025\/01\/2024_12_WinterSkin_IMG08.png\" alt=\"\" class=\"wp-image-13111 lazyload\" data-sizes=\"auto\" data-srcset=\"https:\/\/www.isdin.com\/es\/blog\/wp-content\/uploads\/2025\/01\/2024_12_WinterSkin_IMG08.png 1200w, https:\/\/www.isdin.com\/es\/blog\/wp-content\/uploads\/2025\/01\/2024_12_WinterSkin_IMG08-300x155.png 300w, https:\/\/www.isdin.com\/es\/blog\/wp-content\/uploads\/2025\/01\/2024_12_WinterSkin_IMG08-1024x527.png 1024w, https:\/\/www.isdin.com\/es\/blog\/wp-content\/uploads\/2025\/01\/2024_12_WinterSkin_IMG08-150x77.png 150w, https:\/\/www.isdin.com\/es\/blog\/wp-content\/uploads\/2025\/01\/2024_12_WinterSkin_IMG08-768x396.png 768w, https:\/\/www.isdin.com\/es\/blog\/wp-content\/uploads\/2025\/01\/2024_12_WinterSkin_IMG08-585x300.png 585w, https:\/\/www.isdin.com\/es\/blog\/wp-content\/uploads\/2025\/01\/2024_12_WinterSkin_IMG08-450x232.png 450w, https:\/\/www.isdin.com\/es\/blog\/wp-content\/uploads\/2025\/01\/2024_12_WinterSkin_IMG08-20x11.png 20w, https:\/\/www.isdin.com\/es\/blog\/wp-content\/uploads\/2025\/01\/2024_12_WinterSkin_IMG08-225x116.png 225w, https:\/\/www.isdin.com\/es\/blog\/wp-content\/uploads\/2025\/01\/2024_12_WinterSkin_IMG08-900x464.png 900w\" sizes=\"auto, (max-width: 1200px) 100vw, 1200px\" \/><\/figure>\n\n\n\n<p><\/p>\n\n\n\n<p>En esta estaci\u00f3n, la piel no necesita discursos, necesita agua donde la pierde: en la <a href=\"https:\/\/www.ncbi.nlm.nih.gov\/books\/NBK470464\/\">epidermis<\/a>. Cuando la hidrataci\u00f3n baja, la piel se vuelve menos flexible y la luz se dispersa distinto, por eso la notamos m\u00e1s seca y sin brillo. Usar una crema hidratante no es un gesto extra, es la forma m\u00e1s directa de sostener la funci\u00f3n de la piel cuando el clima la empuja a deshidratarse m\u00e1s r\u00e1pido.<\/p>\n\n\n\n<p>Y si una hidratante adem\u00e1s ayuda a que la piel envejezca mejor, se convierte en una decisi\u00f3n a\u00fan m\u00e1s inteligente. <a href=\"https:\/\/www.isdin.com\/producto\/isdinceutics\/age-reverse-day\">A.G.E. Reverse Day &amp; Night<\/a>, es un d\u00fao perfectamente dise\u00f1ado para hidratar profundamente tu piel y combatir los signos visibles del envejecimiento.<\/p>\n\n\n\n<div class=\"wp-block-media-text is-stacked-on-mobile\"><figure class=\"wp-block-media-text__media\"><a href=\"https:\/\/www.isdin.com\/es\/p\/age-reverse-day\/2862\" target=\"_blank\" rel=\" noreferrer noopener\"><img loading=\"lazy\" decoding=\"async\" width=\"895\" height=\"1024\" src=\"data:image\/gif;base64,R0lGODlhAQABAAAAACH5BAEKAAEALAAAAAABAAEAAAICTAEAOw==\" data-src=\"https:\/\/www.isdin.com\/es\/blog\/wp-content\/uploads\/2025\/01\/2024_12_WinterSkin_IMG11-895x1024.png\" alt=\"crema de d\u00eda de isdin para rutina facial de invierno\" class=\"wp-image-13113 size-full lazyload\" data-sizes=\"auto\" data-srcset=\"https:\/\/www.isdin.com\/es\/blog\/wp-content\/uploads\/2025\/01\/2024_12_WinterSkin_IMG11-895x1024.png 895w, https:\/\/www.isdin.com\/es\/blog\/wp-content\/uploads\/2025\/01\/2024_12_WinterSkin_IMG11-262x300.png 262w, https:\/\/www.isdin.com\/es\/blog\/wp-content\/uploads\/2025\/01\/2024_12_WinterSkin_IMG11-131x150.png 131w, https:\/\/www.isdin.com\/es\/blog\/wp-content\/uploads\/2025\/01\/2024_12_WinterSkin_IMG11-768x879.png 768w, https:\/\/www.isdin.com\/es\/blog\/wp-content\/uploads\/2025\/01\/2024_12_WinterSkin_IMG11-450x515.png 450w, https:\/\/www.isdin.com\/es\/blog\/wp-content\/uploads\/2025\/01\/2024_12_WinterSkin_IMG11-225x257.png 225w, https:\/\/www.isdin.com\/es\/blog\/wp-content\/uploads\/2025\/01\/2024_12_WinterSkin_IMG11-900x1030.png 900w, https:\/\/www.isdin.com\/es\/blog\/wp-content\/uploads\/2025\/01\/2024_12_WinterSkin_IMG11-20x23.png 20w, https:\/\/www.isdin.com\/es\/blog\/wp-content\/uploads\/2025\/01\/2024_12_WinterSkin_IMG11.png 1000w\" sizes=\"auto, (max-width: 895px) 100vw, 895px\" \/><\/a><\/figure><div class=\"wp-block-media-text__content\">\n<p><strong>Por la ma\u00f1ana<\/strong>: empieza el d\u00eda con <a href=\"https:\/\/www.isdin.com\/producto\/isdinceutics\/age-reverse-day\">A.G.E. Reverse Day<\/a>, una crema que va m\u00e1s all\u00e1 de la hidrataci\u00f3n. Su f\u00f3rmula <em>antiaging <\/em>de triple acci\u00f3n protege contra la <a href=\"https:\/\/www.isdin.com\/es\/blog\/efectos-polucion-piel-como-protegerla\/\">poluci\u00f3n diaria<\/a> y ayuda a remodelar el \u00f3valo facial, recuperando la elasticidad y firmeza de la piel.<\/p>\n<\/div><\/div>\n\n\n\n<div class=\"wp-block-media-text has-media-on-the-right is-stacked-on-mobile\"><div class=\"wp-block-media-text__content\">\n<p><strong>Por la noche:<\/strong> mima tu piel con<a href=\"https:\/\/www.isdin.com\/producto\/isdinceutics\/age-reverse-night-crema-reparadora-noche\"> A.G.E. Reverse Night<\/a>. En las fr\u00edas noches de invierno, <a href=\"https:\/\/www.isdin.com\/es\/blog\/consejos-para-dormir-bien\/\">mientras t\u00fa descansas<\/a>, esta crema hace su magia. Con melatonina y p\u00e9ptidos regeneradores, repara los da\u00f1os del d\u00eda e hidrata profundamente.<\/p>\n<\/div><figure class=\"wp-block-media-text__media\"><a href=\"https:\/\/www.isdin.com\/es\/p\/age-reverse-night\/3378\" target=\"_blank\" rel=\" noreferrer noopener\"><img loading=\"lazy\" decoding=\"async\" width=\"895\" height=\"1024\" src=\"data:image\/gif;base64,R0lGODlhAQABAAAAACH5BAEKAAEALAAAAAABAAEAAAICTAEAOw==\" data-src=\"https:\/\/www.isdin.com\/es\/blog\/wp-content\/uploads\/2025\/01\/2024_12_WinterSkin_IMG10-1-895x1024.png\" alt=\"crema de noche para rutina facial de invierno\" class=\"wp-image-13112 size-full lazyload\" data-sizes=\"auto\" data-srcset=\"https:\/\/www.isdin.com\/es\/blog\/wp-content\/uploads\/2025\/01\/2024_12_WinterSkin_IMG10-1-895x1024.png 895w, https:\/\/www.isdin.com\/es\/blog\/wp-content\/uploads\/2025\/01\/2024_12_WinterSkin_IMG10-1-262x300.png 262w, https:\/\/www.isdin.com\/es\/blog\/wp-content\/uploads\/2025\/01\/2024_12_WinterSkin_IMG10-1-131x150.png 131w, https:\/\/www.isdin.com\/es\/blog\/wp-content\/uploads\/2025\/01\/2024_12_WinterSkin_IMG10-1-768x879.png 768w, https:\/\/www.isdin.com\/es\/blog\/wp-content\/uploads\/2025\/01\/2024_12_WinterSkin_IMG10-1-450x515.png 450w, https:\/\/www.isdin.com\/es\/blog\/wp-content\/uploads\/2025\/01\/2024_12_WinterSkin_IMG10-1-225x257.png 225w, https:\/\/www.isdin.com\/es\/blog\/wp-content\/uploads\/2025\/01\/2024_12_WinterSkin_IMG10-1-900x1030.png 900w, https:\/\/www.isdin.com\/es\/blog\/wp-content\/uploads\/2025\/01\/2024_12_WinterSkin_IMG10-1-20x23.png 20w, https:\/\/www.isdin.com\/es\/blog\/wp-content\/uploads\/2025\/01\/2024_12_WinterSkin_IMG10-1.png 1000w\" sizes=\"auto, (max-width: 895px) 100vw, 895px\" \/><\/a><\/figure><\/div>\n\n\n\n<h3 class=\"wp-block-heading\">5. El fotoprotector<\/h3>\n\n\n\n<p>El invierno tiene esa est\u00e9tica de luz difusa y cielos lavados, como si el sol se hubiera ido de vacaciones. Pero <a href=\"https:\/\/www.isdin.com\/es\/blog\/por-que-debes-protegerte-del-sol\/\">la radiaci\u00f3n no descansa<\/a>. Los <a href=\"https:\/\/www.isdin.com\/es\/blog\/efectos-radiacion-solar-piel\/\">rayos UVA, UVB y la luz azul<\/a> siguen ah\u00ed, atravesando nubes y ventanas, llegando a la piel sin hacer ruido, sumando microimpactos que cuentan con el tiempo. Pensar que <a href=\"https:\/\/www.isdin.com\/es\/blog\/5-excusas-para-no-utilizar-proteccion-solar\/\">\u201ccomo no hay sol, no hace falta SPF\u201d<\/a> es el error de temporada que casi todas hemos cometido alguna vez, hasta que la piel te ense\u00f1a que el da\u00f1o acumulado no entiende de estaciones.<\/p>\n\n\n\n<figure class=\"wp-block-image size-large\"><img loading=\"lazy\" decoding=\"async\" width=\"1024\" height=\"527\" src=\"data:image\/gif;base64,R0lGODlhAQABAAAAACH5BAEKAAEALAAAAAABAAEAAAICTAEAOw==\" data-src=\"https:\/\/www.isdin.com\/es\/blog\/wp-content\/uploads\/2025\/01\/2024_12_WinterSkin_IMG10-1024x527.png\" alt=\"mejor fotoprotector ligero y antiedad para rtuina facial de invierno\" class=\"wp-image-13114 lazyload\" data-sizes=\"auto\" data-srcset=\"https:\/\/www.isdin.com\/es\/blog\/wp-content\/uploads\/2025\/01\/2024_12_WinterSkin_IMG10-1024x527.png 1024w, https:\/\/www.isdin.com\/es\/blog\/wp-content\/uploads\/2025\/01\/2024_12_WinterSkin_IMG10-300x155.png 300w, https:\/\/www.isdin.com\/es\/blog\/wp-content\/uploads\/2025\/01\/2024_12_WinterSkin_IMG10-150x77.png 150w, https:\/\/www.isdin.com\/es\/blog\/wp-content\/uploads\/2025\/01\/2024_12_WinterSkin_IMG10-768x396.png 768w, https:\/\/www.isdin.com\/es\/blog\/wp-content\/uploads\/2025\/01\/2024_12_WinterSkin_IMG10-1536x791.png 1536w, https:\/\/www.isdin.com\/es\/blog\/wp-content\/uploads\/2025\/01\/2024_12_WinterSkin_IMG10-2048x1055.png 2048w, https:\/\/www.isdin.com\/es\/blog\/wp-content\/uploads\/2025\/01\/2024_12_WinterSkin_IMG10-585x300.png 585w, https:\/\/www.isdin.com\/es\/blog\/wp-content\/uploads\/2025\/01\/2024_12_WinterSkin_IMG10-450x232.png 450w, https:\/\/www.isdin.com\/es\/blog\/wp-content\/uploads\/2025\/01\/2024_12_WinterSkin_IMG10-20x11.png 20w, https:\/\/www.isdin.com\/es\/blog\/wp-content\/uploads\/2025\/01\/2024_12_WinterSkin_IMG10-225x116.png 225w, https:\/\/www.isdin.com\/es\/blog\/wp-content\/uploads\/2025\/01\/2024_12_WinterSkin_IMG10-900x464.png 900w, https:\/\/www.isdin.com\/es\/blog\/wp-content\/uploads\/2025\/01\/2024_12_WinterSkin_IMG10-1350x695.png 1350w\" sizes=\"auto, (max-width: 1024px) 100vw, 1024px\" \/><\/figure>\n\n\n\n<p><\/p>\n\n\n\n<p><strong>Por la ma\u00f1ana:<\/strong> <a href=\"https:\/\/www.isdin.com\/es\/p\/fusion-water-magic-repair-spf-50\/4345\">Fusion Water MAGIC Repair<\/a> es un protector solar ultraligero con <a href=\"\/e02f4b9c53f74749ad1c50fe83488c10?pvs=25\">SPF<\/a> 50, de r\u00e1pida absorci\u00f3n y sin residuo graso. Ideal para todo tipo de piel, se integra f\u00e1cilmente en tu rutina diaria, incluso en los d\u00edas m\u00e1s ajetreados. Adem\u00e1s, su potente f\u00f3rmula con Day Repairsomes\u00ae trabaja mientras disfrutas del d\u00eda, reparando el da\u00f1o solar acumulado y ayudando a prevenir el <a href=\"https:\/\/www.isdin.com\/es\/blog\/efectos-del-fotoenvejecimiento-en-la-piel\/\">fotoenvejecimiento<\/a>.<\/p>\n\n\n\n<p class=\"has-background\" style=\"background-color:#dbf1fb\">Est\u00e1 disponible <a href=\"https:\/\/www.isdin.com\/es\/p\/fusion-water-magic-repair-color-spf-50\/4346\">con<\/a> o sin color, adapt\u00e1ndose a lo que m\u00e1s te guste: un acabado natural o un toque de luminosidad para tu rostro.<\/p>\n\n\n\n<p><\/p>\n\n\n\n<p>Ya lo has visto: cinco pasos pueden ser la diferencia entre una piel que resiste el invierno y una piel que lo vive. Este es el momento del a\u00f1o en que el cuidado deja de ser reacci\u00f3n y se convierte en gesto diario, en esa decisi\u00f3n m\u00ednima que la piel devuelve en textura, luz y calma. As\u00ed que si el invierno va a contarte una historia, que sea la de una piel que se siente bien, que se ve sana y que, por fin, <strong>ama la temporada en la que antes solo sobreviv\u00eda<\/strong>.<\/p>\n\n\n\n<p>\u00a1Nos vemos en el pr\u00f3ximo post!<\/p>\n\n\n\n<p style=\"font-size:9px\"><strong>Referencias:<\/strong><\/p>\n\n\n\n<p style=\"font-size:10px\">\u00b9Evaluaci\u00f3n de la hidrataci\u00f3n y funci\u00f3n barrera en 24 mujeres con piel seca. ISDIN, data on file 2019.<\/p>\n\n\n\n<p style=\"font-size:10px\"><strong><sup>2<\/sup><\/strong>Evaluaci\u00f3n de la eficacia de Retinal Smooth en 30 sujetos (30-50 a\u00f1os) con todo tipo de piel durante 84 d\u00edas en condiciones normales de uso. Data on file, 202<\/p>\n\n\n\n<p style=\"font-size:10px\">Draelos ZD, Gunt H, Zeichner J, Levy S. Clinical Evaluation of a Nature-Based Bakuchiol Anti-Aging Moisturizer for Sensitive Skin. J Drugs Dermatol. 2020 Dec 1;19(12):1181-1183. doi: 10.36849\/JDD.2020.5522. PMID: 33346506.<\/p>\n\n\n\n<p style=\"font-size:10px\">Engebretsen, K., Johansen, J., Kezic, S., Linneberg, A. and Thyssen, J. (2016), The effect of environmental humidity and temperature on skin barrier function and dermatitis. J Eur Acad Dermatol Venereol, 30: 223-249. <a href=\"https:\/\/doi.org\/10.1111\/jdv.13301\">https:\/\/doi.org\/10.1111\/jdv.13301<\/a><\/p>\n\n\n\n<p style=\"font-size:10px\">Meyer K, Pappas A, Dunn K, et al. Evaluation of Seasonal Changes in Facial Skin With and Without Acne. Journal of Drugs in Dermatology: JDD. 2015 Jun;14(6):593-601. PMID: 26091385.<\/p>\n","protected":false},"excerpt":{"rendered":"<p>Si te suenan la sequedad, la tirantez que aparece sin avisar o esa piel m\u00e1s sensible de lo normal, no est\u00e1s haciendo nada mal, solo est\u00e1s en la temporada m\u00e1s exigente para la barrera cut\u00e1nea. <\/p>\n","protected":false},"author":69,"featured_media":11473,"comment_status":"closed","ping_status":"closed","sticky":false,"template":"","format":"image","meta":{"footnotes":""},"categories":[1,101],"tags":[294,416,90],"class_list":["post-6807","post","type-post","status-publish","format-image","has-post-thumbnail","hentry","category-consejos-cuidados","category-cuidado-facial","tag-cuidado-facial","tag-rutina-de-invierno","tag-rutina-facial","post_format-post-format-image"],"yoast_head":"<!-- This site is optimized with the Yoast SEO Premium plugin v25.4 (Yoast SEO v25.4) - https:\/\/yoast.com\/wordpress\/plugins\/seo\/ -->\n<title>Esta es la rutina facial de invierno perfecta: hidrataci\u00f3n y protecci\u00f3n todo el d\u00eda<\/title>\n<meta name=\"description\" content=\"Te mostramos la rutina facial de invierno ideal para que tu piel est\u00e9 siempre hidratada, nutrida y protegida frente al clima.\" \/>\n<meta name=\"robots\" content=\"index, follow, max-snippet:-1, max-image-preview:large, max-video-preview:-1\" \/>\n<link rel=\"canonical\" href=\"https:\/\/www.isdin.com\/es\/blog\/cuidar-piel-invierno-frio\/\" \/>\n<meta property=\"og:locale\" content=\"es_ES\" \/>\n<meta property=\"og:type\" content=\"article\" \/>\n<meta property=\"og:title\" content=\"Esta es la rutina facial de invierno perfecta: hidrataci\u00f3n y protecci\u00f3n todo el d\u00eda\" \/>\n<meta property=\"og:description\" content=\"Te mostramos la rutina facial de invierno ideal para que tu piel est\u00e9 siempre hidratada, nutrida y protegida frente al clima.\" \/>\n<meta property=\"og:url\" content=\"https:\/\/www.isdin.com\/es\/blog\/cuidar-piel-invierno-frio\/\" \/>\n<meta property=\"og:site_name\" content=\"ISDIN\" \/>\n<meta property=\"article:publisher\" content=\"https:\/\/es-es.facebook.com\/ISDIN.official\/\" \/>\n<meta property=\"article:published_time\" content=\"2026-01-09T15:20:03+00:00\" \/>\n<meta property=\"article:modified_time\" content=\"2026-01-09T15:20:06+00:00\" \/>\n<meta property=\"og:image\" content=\"https:\/\/www.isdin.com\/es\/blog\/wp-content\/uploads\/2023\/12\/2024_12_WinterSkin_Header-1.jpg\" \/>\n\t<meta property=\"og:image:width\" content=\"1200\" \/>\n\t<meta property=\"og:image:height\" content=\"760\" \/>\n\t<meta property=\"og:image:type\" content=\"image\/jpeg\" \/>\n<meta name=\"author\" content=\"Belinda Mart\u00ednez\" \/>\n<meta name=\"twitter:card\" content=\"summary_large_image\" \/>\n<meta name=\"twitter:creator\" content=\"@isdin_official\" \/>\n<meta name=\"twitter:site\" content=\"@isdin_official\" \/>\n<meta name=\"twitter:label1\" content=\"Written by\" \/>\n\t<meta name=\"twitter:data1\" content=\"Belinda Mart\u00ednez\" \/>\n\t<meta name=\"twitter:label2\" content=\"Est. reading time\" \/>\n\t<meta name=\"twitter:data2\" content=\"12 minutes\" \/>\n<script type=\"application\/ld+json\" class=\"yoast-schema-graph\">{\"@context\":\"https:\/\/schema.org\",\"@graph\":[{\"@type\":\"Article\",\"@id\":\"https:\/\/www.isdin.com\/es\/blog\/cuidar-piel-invierno-frio\/#article\",\"isPartOf\":{\"@id\":\"https:\/\/www.isdin.com\/es\/blog\/cuidar-piel-invierno-frio\/\"},\"author\":{\"name\":\"Belinda Mart\u00ednez\",\"@id\":\"https:\/\/www.isdin.com\/es\/blog\/#\/schema\/person\/684015d7d9e78124cb4aa660f6fe8576\"},\"headline\":\"Esta es la rutina facial de invierno perfecta: hidrataci\u00f3n y protecci\u00f3n todo el d\u00eda\",\"datePublished\":\"2026-01-09T15:20:03+00:00\",\"dateModified\":\"2026-01-09T15:20:06+00:00\",\"mainEntityOfPage\":{\"@id\":\"https:\/\/www.isdin.com\/es\/blog\/cuidar-piel-invierno-frio\/\"},\"wordCount\":2018,\"publisher\":{\"@id\":\"https:\/\/www.isdin.com\/es\/blog\/#organization\"},\"image\":{\"@id\":\"https:\/\/www.isdin.com\/es\/blog\/cuidar-piel-invierno-frio\/#primaryimage\"},\"thumbnailUrl\":\"https:\/\/www.isdin.com\/es\/blog\/wp-content\/uploads\/2023\/12\/2024_12_WinterSkin_Header-1.jpg\",\"keywords\":[\"cuidado facial\",\"rutina de invierno\",\"rutina facial\"],\"articleSection\":[\"Consejos y cuidados\",\"Cuidado facial\"],\"inLanguage\":\"es-ES\"},{\"@type\":\"WebPage\",\"@id\":\"https:\/\/www.isdin.com\/es\/blog\/cuidar-piel-invierno-frio\/\",\"url\":\"https:\/\/www.isdin.com\/es\/blog\/cuidar-piel-invierno-frio\/\",\"name\":\"Esta es la rutina facial de invierno perfecta: hidrataci\u00f3n y protecci\u00f3n todo el d\u00eda\",\"isPartOf\":{\"@id\":\"https:\/\/www.isdin.com\/es\/blog\/#website\"},\"primaryImageOfPage\":{\"@id\":\"https:\/\/www.isdin.com\/es\/blog\/cuidar-piel-invierno-frio\/#primaryimage\"},\"image\":{\"@id\":\"https:\/\/www.isdin.com\/es\/blog\/cuidar-piel-invierno-frio\/#primaryimage\"},\"thumbnailUrl\":\"https:\/\/www.isdin.com\/es\/blog\/wp-content\/uploads\/2023\/12\/2024_12_WinterSkin_Header-1.jpg\",\"datePublished\":\"2026-01-09T15:20:03+00:00\",\"dateModified\":\"2026-01-09T15:20:06+00:00\",\"description\":\"Te mostramos la rutina facial de invierno ideal para que tu piel est\u00e9 siempre hidratada, nutrida y protegida frente al clima.\",\"breadcrumb\":{\"@id\":\"https:\/\/www.isdin.com\/es\/blog\/cuidar-piel-invierno-frio\/#breadcrumb\"},\"inLanguage\":\"es-ES\",\"potentialAction\":[{\"@type\":\"ReadAction\",\"target\":[\"https:\/\/www.isdin.com\/es\/blog\/cuidar-piel-invierno-frio\/\"]}]},{\"@type\":\"ImageObject\",\"inLanguage\":\"es-ES\",\"@id\":\"https:\/\/www.isdin.com\/es\/blog\/cuidar-piel-invierno-frio\/#primaryimage\",\"url\":\"https:\/\/www.isdin.com\/es\/blog\/wp-content\/uploads\/2023\/12\/2024_12_WinterSkin_Header-1.jpg\",\"contentUrl\":\"https:\/\/www.isdin.com\/es\/blog\/wp-content\/uploads\/2023\/12\/2024_12_WinterSkin_Header-1.jpg\",\"width\":1200,\"height\":760,\"caption\":\"skincare en invierno chica\"},{\"@type\":\"BreadcrumbList\",\"@id\":\"https:\/\/www.isdin.com\/es\/blog\/cuidar-piel-invierno-frio\/#breadcrumb\",\"itemListElement\":[{\"@type\":\"ListItem\",\"position\":1,\"name\":\"Portada\",\"item\":\"https:\/\/www.isdin.com\/es\/blog\/\"},{\"@type\":\"ListItem\",\"position\":2,\"name\":\"Esta es la rutina facial de invierno perfecta: hidrataci\u00f3n y protecci\u00f3n todo el d\u00eda\"}]},{\"@type\":\"WebSite\",\"@id\":\"https:\/\/www.isdin.com\/es\/blog\/#website\",\"url\":\"https:\/\/www.isdin.com\/es\/blog\/\",\"name\":\"ISDIN\",\"description\":\"Novedades, lanzamientos de productos y toda la experiencia de ISDIN\",\"publisher\":{\"@id\":\"https:\/\/www.isdin.com\/es\/blog\/#organization\"},\"potentialAction\":[{\"@type\":\"SearchAction\",\"target\":{\"@type\":\"EntryPoint\",\"urlTemplate\":\"https:\/\/www.isdin.com\/es\/blog\/?s={search_term_string}\"},\"query-input\":{\"@type\":\"PropertyValueSpecification\",\"valueRequired\":true,\"valueName\":\"search_term_string\"}}],\"inLanguage\":\"es-ES\"},{\"@type\":\"Organization\",\"@id\":\"https:\/\/www.isdin.com\/es\/blog\/#organization\",\"name\":\"ISDIN\",\"alternateName\":\"ISDIN\",\"url\":\"https:\/\/www.isdin.com\/es\/blog\/\",\"logo\":{\"@type\":\"ImageObject\",\"inLanguage\":\"es-ES\",\"@id\":\"https:\/\/www.isdin.com\/es\/blog\/#\/schema\/logo\/image\/\",\"url\":\"https:\/\/www.isdin.com\/es\/blog\/wp-content\/uploads\/2024\/05\/2025_03_GuiaFoto_FWM.png\",\"contentUrl\":\"https:\/\/www.isdin.com\/es\/blog\/wp-content\/uploads\/2024\/05\/2025_03_GuiaFoto_FWM.png\",\"width\":670,\"height\":683,\"caption\":\"ISDIN\"},\"image\":{\"@id\":\"https:\/\/www.isdin.com\/es\/blog\/#\/schema\/logo\/image\/\"},\"sameAs\":[\"https:\/\/es-es.facebook.com\/ISDIN.official\/\",\"https:\/\/x.com\/isdin_official\",\"https:\/\/www.instagram.com\/isdinofficial\",\"https:\/\/www.youtube.com\/channel\/UCtoNJMKpDwdFLqgV23_lcqg\"],\"telephone\":\"659997812\"},{\"@type\":\"Person\",\"@id\":\"https:\/\/www.isdin.com\/es\/blog\/#\/schema\/person\/684015d7d9e78124cb4aa660f6fe8576\",\"name\":\"Belinda Mart\u00ednez\",\"image\":{\"@type\":\"ImageObject\",\"inLanguage\":\"es-ES\",\"@id\":\"https:\/\/www.isdin.com\/es\/blog\/#\/schema\/person\/image\/\",\"url\":\"https:\/\/www.isdin.com\/es\/blog\/wp-content\/uploads\/2017\/07\/jjjj.jpg\",\"contentUrl\":\"https:\/\/www.isdin.com\/es\/blog\/wp-content\/uploads\/2017\/07\/jjjj.jpg\",\"caption\":\"Belinda Mart\u00ednez\"},\"description\":\"Belinda es periodista y copywriter creativa. Tras a\u00f1os de experiencia, decidi\u00f3 fusionar sus habilidades de escritura con su amor por el skincare, convirti\u00e9ndose en una especialista en la materia. \u00bfSu imprescindible? Un buen b\u00e1lsamo de labios.\",\"sameAs\":[\"https:\/\/www.linkedin.com\/in\/thisisbel\/\"],\"url\":\"https:\/\/www.isdin.com\/es\/blog\/author\/belindamartinez\/\"}]}<\/script>\n<!-- \/ Yoast SEO Premium plugin. -->","yoast_head_json":{"title":"Esta es la rutina facial de invierno perfecta: hidrataci\u00f3n y protecci\u00f3n todo el d\u00eda","description":"Te mostramos la rutina facial de invierno ideal para que tu piel est\u00e9 siempre hidratada, nutrida y protegida frente al clima.","robots":{"index":"index","follow":"follow","max-snippet":"max-snippet:-1","max-image-preview":"max-image-preview:large","max-video-preview":"max-video-preview:-1"},"canonical":"https:\/\/www.isdin.com\/es\/blog\/cuidar-piel-invierno-frio\/","og_locale":"es_ES","og_type":"article","og_title":"Esta es la rutina facial de invierno perfecta: hidrataci\u00f3n y protecci\u00f3n todo el d\u00eda","og_description":"Te mostramos la rutina facial de invierno ideal para que tu piel est\u00e9 siempre hidratada, nutrida y protegida frente al clima.","og_url":"https:\/\/www.isdin.com\/es\/blog\/cuidar-piel-invierno-frio\/","og_site_name":"ISDIN","article_publisher":"https:\/\/es-es.facebook.com\/ISDIN.official\/","article_published_time":"2026-01-09T15:20:03+00:00","article_modified_time":"2026-01-09T15:20:06+00:00","og_image":[{"width":1200,"height":760,"url":"https:\/\/www.isdin.com\/es\/blog\/wp-content\/uploads\/2023\/12\/2024_12_WinterSkin_Header-1.jpg","type":"image\/jpeg"}],"author":"Belinda Mart\u00ednez","twitter_card":"summary_large_image","twitter_creator":"@isdin_official","twitter_site":"@isdin_official","twitter_misc":{"Written by":"Belinda Mart\u00ednez","Est. reading time":"12 minutes"},"schema":{"@context":"https:\/\/schema.org","@graph":[{"@type":"Article","@id":"https:\/\/www.isdin.com\/es\/blog\/cuidar-piel-invierno-frio\/#article","isPartOf":{"@id":"https:\/\/www.isdin.com\/es\/blog\/cuidar-piel-invierno-frio\/"},"author":{"name":"Belinda Mart\u00ednez","@id":"https:\/\/www.isdin.com\/es\/blog\/#\/schema\/person\/684015d7d9e78124cb4aa660f6fe8576"},"headline":"Esta es la rutina facial de invierno perfecta: hidrataci\u00f3n y protecci\u00f3n todo el d\u00eda","datePublished":"2026-01-09T15:20:03+00:00","dateModified":"2026-01-09T15:20:06+00:00","mainEntityOfPage":{"@id":"https:\/\/www.isdin.com\/es\/blog\/cuidar-piel-invierno-frio\/"},"wordCount":2018,"publisher":{"@id":"https:\/\/www.isdin.com\/es\/blog\/#organization"},"image":{"@id":"https:\/\/www.isdin.com\/es\/blog\/cuidar-piel-invierno-frio\/#primaryimage"},"thumbnailUrl":"https:\/\/www.isdin.com\/es\/blog\/wp-content\/uploads\/2023\/12\/2024_12_WinterSkin_Header-1.jpg","keywords":["cuidado facial","rutina de invierno","rutina facial"],"articleSection":["Consejos y cuidados","Cuidado facial"],"inLanguage":"es-ES"},{"@type":"WebPage","@id":"https:\/\/www.isdin.com\/es\/blog\/cuidar-piel-invierno-frio\/","url":"https:\/\/www.isdin.com\/es\/blog\/cuidar-piel-invierno-frio\/","name":"Esta es la rutina facial de invierno perfecta: hidrataci\u00f3n y protecci\u00f3n todo el d\u00eda","isPartOf":{"@id":"https:\/\/www.isdin.com\/es\/blog\/#website"},"primaryImageOfPage":{"@id":"https:\/\/www.isdin.com\/es\/blog\/cuidar-piel-invierno-frio\/#primaryimage"},"image":{"@id":"https:\/\/www.isdin.com\/es\/blog\/cuidar-piel-invierno-frio\/#primaryimage"},"thumbnailUrl":"https:\/\/www.isdin.com\/es\/blog\/wp-content\/uploads\/2023\/12\/2024_12_WinterSkin_Header-1.jpg","datePublished":"2026-01-09T15:20:03+00:00","dateModified":"2026-01-09T15:20:06+00:00","description":"Te mostramos la rutina facial de invierno ideal para que tu piel est\u00e9 siempre hidratada, nutrida y protegida frente al clima.","breadcrumb":{"@id":"https:\/\/www.isdin.com\/es\/blog\/cuidar-piel-invierno-frio\/#breadcrumb"},"inLanguage":"es-ES","potentialAction":[{"@type":"ReadAction","target":["https:\/\/www.isdin.com\/es\/blog\/cuidar-piel-invierno-frio\/"]}]},{"@type":"ImageObject","inLanguage":"es-ES","@id":"https:\/\/www.isdin.com\/es\/blog\/cuidar-piel-invierno-frio\/#primaryimage","url":"https:\/\/www.isdin.com\/es\/blog\/wp-content\/uploads\/2023\/12\/2024_12_WinterSkin_Header-1.jpg","contentUrl":"https:\/\/www.isdin.com\/es\/blog\/wp-content\/uploads\/2023\/12\/2024_12_WinterSkin_Header-1.jpg","width":1200,"height":760,"caption":"skincare en invierno chica"},{"@type":"BreadcrumbList","@id":"https:\/\/www.isdin.com\/es\/blog\/cuidar-piel-invierno-frio\/#breadcrumb","itemListElement":[{"@type":"ListItem","position":1,"name":"Portada","item":"https:\/\/www.isdin.com\/es\/blog\/"},{"@type":"ListItem","position":2,"name":"Esta es la rutina facial de invierno perfecta: hidrataci\u00f3n y protecci\u00f3n todo el d\u00eda"}]},{"@type":"WebSite","@id":"https:\/\/www.isdin.com\/es\/blog\/#website","url":"https:\/\/www.isdin.com\/es\/blog\/","name":"ISDIN","description":"Novedades, lanzamientos de productos y toda la experiencia de ISDIN","publisher":{"@id":"https:\/\/www.isdin.com\/es\/blog\/#organization"},"potentialAction":[{"@type":"SearchAction","target":{"@type":"EntryPoint","urlTemplate":"https:\/\/www.isdin.com\/es\/blog\/?s={search_term_string}"},"query-input":{"@type":"PropertyValueSpecification","valueRequired":true,"valueName":"search_term_string"}}],"inLanguage":"es-ES"},{"@type":"Organization","@id":"https:\/\/www.isdin.com\/es\/blog\/#organization","name":"ISDIN","alternateName":"ISDIN","url":"https:\/\/www.isdin.com\/es\/blog\/","logo":{"@type":"ImageObject","inLanguage":"es-ES","@id":"https:\/\/www.isdin.com\/es\/blog\/#\/schema\/logo\/image\/","url":"https:\/\/www.isdin.com\/es\/blog\/wp-content\/uploads\/2024\/05\/2025_03_GuiaFoto_FWM.png","contentUrl":"https:\/\/www.isdin.com\/es\/blog\/wp-content\/uploads\/2024\/05\/2025_03_GuiaFoto_FWM.png","width":670,"height":683,"caption":"ISDIN"},"image":{"@id":"https:\/\/www.isdin.com\/es\/blog\/#\/schema\/logo\/image\/"},"sameAs":["https:\/\/es-es.facebook.com\/ISDIN.official\/","https:\/\/x.com\/isdin_official","https:\/\/www.instagram.com\/isdinofficial","https:\/\/www.youtube.com\/channel\/UCtoNJMKpDwdFLqgV23_lcqg"],"telephone":"659997812"},{"@type":"Person","@id":"https:\/\/www.isdin.com\/es\/blog\/#\/schema\/person\/684015d7d9e78124cb4aa660f6fe8576","name":"Belinda Mart\u00ednez","image":{"@type":"ImageObject","inLanguage":"es-ES","@id":"https:\/\/www.isdin.com\/es\/blog\/#\/schema\/person\/image\/","url":"https:\/\/www.isdin.com\/es\/blog\/wp-content\/uploads\/2017\/07\/jjjj.jpg","contentUrl":"https:\/\/www.isdin.com\/es\/blog\/wp-content\/uploads\/2017\/07\/jjjj.jpg","caption":"Belinda Mart\u00ednez"},"description":"Belinda es periodista y copywriter creativa. Tras a\u00f1os de experiencia, decidi\u00f3 fusionar sus habilidades de escritura con su amor por el skincare, convirti\u00e9ndose en una especialista en la materia. \u00bfSu imprescindible? Un buen b\u00e1lsamo de labios.","sameAs":["https:\/\/www.linkedin.com\/in\/thisisbel\/"],"url":"https:\/\/www.isdin.com\/es\/blog\/author\/belindamartinez\/"}]}},"_links":{"self":[{"href":"https:\/\/www.isdin.com\/es\/blog\/wp-json\/wp\/v2\/posts\/6807","targetHints":{"allow":["GET"]}}],"collection":[{"href":"https:\/\/www.isdin.com\/es\/blog\/wp-json\/wp\/v2\/posts"}],"about":[{"href":"https:\/\/www.isdin.com\/es\/blog\/wp-json\/wp\/v2\/types\/post"}],"author":[{"embeddable":true,"href":"https:\/\/www.isdin.com\/es\/blog\/wp-json\/wp\/v2\/users\/69"}],"replies":[{"embeddable":true,"href":"https:\/\/www.isdin.com\/es\/blog\/wp-json\/wp\/v2\/comments?post=6807"}],"version-history":[{"count":15,"href":"https:\/\/www.isdin.com\/es\/blog\/wp-json\/wp\/v2\/posts\/6807\/revisions"}],"predecessor-version":[{"id":13115,"href":"https:\/\/www.isdin.com\/es\/blog\/wp-json\/wp\/v2\/posts\/6807\/revisions\/13115"}],"wp:featuredmedia":[{"embeddable":true,"href":"https:\/\/www.isdin.com\/es\/blog\/wp-json\/wp\/v2\/media\/11473"}],"wp:attachment":[{"href":"https:\/\/www.isdin.com\/es\/blog\/wp-json\/wp\/v2\/media?parent=6807"}],"wp:term":[{"taxonomy":"category","embeddable":true,"href":"https:\/\/www.isdin.com\/es\/blog\/wp-json\/wp\/v2\/categories?post=6807"},{"taxonomy":"post_tag","embeddable":true,"href":"https:\/\/www.isdin.com\/es\/blog\/wp-json\/wp\/v2\/tags?post=6807"}],"curies":[{"name":"wp","href":"https:\/\/api.w.org\/{rel}","templated":true}]}}