{"id":6649,"date":"2025-09-17T16:05:50","date_gmt":"2025-09-17T16:05:50","guid":{"rendered":"https:\/\/www.isdin.com\/es\/blog\/?p=6649"},"modified":"2025-09-17T16:05:52","modified_gmt":"2025-09-17T16:05:52","slug":"rutina-de-piel-en-otono","status":"publish","type":"post","link":"https:\/\/www.isdin.com\/es\/blog\/rutina-de-piel-en-otono\/","title":{"rendered":"Tu piel en oto\u00f1o: consejos y productos imprescindibles para mimarla"},"content":{"rendered":"\n<p>El oto\u00f1o tiene algo m\u00e1gico: el crujir de las hojas bajo los pies, los atardeceres dorados que llegan un poquito antes y esa brisa fresca que invita a sacar bufandas y abrigos suaves. Es la temporada en la que nos reencontramos con lo acogedor, con las capas, con lo c\u00e1lido. Y tu piel tambi\u00e9n pide exactamente eso: un cambio de vestuario.<\/p>\n\n\n\n<p>Al igual que dejamos atr\u00e1s los vestidos ligeros del verano, nuestra rutina de cuidado necesita un giro hacia f\u00f3rmulas m\u00e1s nutritivas, protectoras y pensadas para el clima que viene. El oto\u00f1o es ese puente entre el calor y el fr\u00edo, y tu piel lo siente. La pregunta es: \u00bfest\u00e1 lista para la transici\u00f3n?<\/p>\n\n\n\n<p>Prep\u00e1rate para descubrir qu\u00e9 productos se convierten en tus aliados en estos meses (spoiler: la hidrataci\u00f3n ser\u00e1 tu mejor amiga), y cu\u00e1les es mejor guardar hasta la pr\u00f3xima temporada.<\/p>\n\n\n\n<h2 class=\"wp-block-heading\">La piel en oto\u00f1o: cambios clave que debes conocer<\/h2>\n\n\n\n<p>Es justo en esta estaci\u00f3n es cuando la piel empieza a levantar la mano y pedir <strong>un extra de hidrataci\u00f3n, nutrici\u00f3n y cuidado<\/strong>. Piensa en esta etapa como un entrenamiento para lo que viene: el <a href=\"https:\/\/www.isdin.com\/es\/blog\/cuidar-piel-invierno-frio\/\">invierno<\/a>.<\/p>\n\n\n\n<p>Despu\u00e9s del verano, adem\u00e1s, la piel suele mostrar las huellas de la exposici\u00f3n solar acumulada: <a href=\"https:\/\/www.isdin.com\/blog\/manchas-solares-por-que-se-producen-y-como-tratarlas\/\"><strong>manchas solares<\/strong><\/a>, tono irregular o una ligera falta de luminosidad. A esto se suman factores ambientales como <a href=\"https:\/\/www.isdin.com\/es\/blog\/?p=11981&amp;preview=true&amp;_thumbnail_id=11982\">el viento y las variaciones en la humedad<\/a>, que pueden favorecer la sequedad o el enrojecimiento, especialmente en <a href=\"https:\/\/www.isdin.com\/es\/blog\/rutina-piel-sensible\/\">pieles sensibles<\/a> o <a href=\"https:\/\/www.isdin.com\/es\/blog\/piel-atopica-todo-lo-que-necesitas-saber-para-cuidarla\/\">at\u00f3picas<\/a>.<\/p>\n\n\n\n<p>Lo curioso es que estos cambios no se sienten igual para todos. El <a href=\"https:\/\/www.isdin.com\/es\/blog\/como-cuidar-piel-rostro\/\">tipo de piel<\/a>, el clima donde vives e incluso <a href=\"https:\/\/www.isdin.com\/es\/blog\/que-es-el-exposoma-factores-externos-piel\/\">tu estilo de vida<\/a> influyen en c\u00f3mo tu rostro enfrenta esta transici\u00f3n. Y aqu\u00ed est\u00e1 la clave: <strong>personalizar tu rutina de cuidado en oto\u00f1o<\/strong> es lo que marcar\u00e1 la diferencia entre una piel apagada y una piel protegida, hidratada y <a href=\"https:\/\/www.isdin.com\/es\/blog\/piel-grasa-vs-piel-glowy-diferencias-y-rutina-skincare\/\">lista para brillar<\/a> en los \u00faltimos meses del a\u00f1o.<\/p>\n\n\n\n<p><\/p>\n\n\n\n<figure class=\"wp-block-image size-large\"><img loading=\"lazy\" decoding=\"async\" width=\"1024\" height=\"527\" src=\"data:image\/gif;base64,R0lGODlhAQABAAAAACH5BAEKAAEALAAAAAABAAEAAAICTAEAOw==\" data-src=\"https:\/\/www.isdin.com\/es\/blog\/wp-content\/uploads\/2024\/10\/Imagen-en-el-contenido-60-1-1024x527.png\" alt=\"Primer plano de mujer pelirroja con su\u00e9ter de lana beige, ojos cerrados y reflejo de arco\u00edris en el p\u00e1rpado, evocando calidez y luz oto\u00f1al.\" class=\"wp-image-12617 lazyload\" data-sizes=\"auto\" data-srcset=\"https:\/\/www.isdin.com\/es\/blog\/wp-content\/uploads\/2024\/10\/Imagen-en-el-contenido-60-1-1024x527.png 1024w, https:\/\/www.isdin.com\/es\/blog\/wp-content\/uploads\/2024\/10\/Imagen-en-el-contenido-60-1-300x155.png 300w, https:\/\/www.isdin.com\/es\/blog\/wp-content\/uploads\/2024\/10\/Imagen-en-el-contenido-60-1-150x77.png 150w, https:\/\/www.isdin.com\/es\/blog\/wp-content\/uploads\/2024\/10\/Imagen-en-el-contenido-60-1-768x396.png 768w, https:\/\/www.isdin.com\/es\/blog\/wp-content\/uploads\/2024\/10\/Imagen-en-el-contenido-60-1-585x300.png 585w, https:\/\/www.isdin.com\/es\/blog\/wp-content\/uploads\/2024\/10\/Imagen-en-el-contenido-60-1-450x232.png 450w, https:\/\/www.isdin.com\/es\/blog\/wp-content\/uploads\/2024\/10\/Imagen-en-el-contenido-60-1-20x11.png 20w, https:\/\/www.isdin.com\/es\/blog\/wp-content\/uploads\/2024\/10\/Imagen-en-el-contenido-60-1-225x116.png 225w, https:\/\/www.isdin.com\/es\/blog\/wp-content\/uploads\/2024\/10\/Imagen-en-el-contenido-60-1-900x464.png 900w, https:\/\/www.isdin.com\/es\/blog\/wp-content\/uploads\/2024\/10\/Imagen-en-el-contenido-60-1.png 1200w\" sizes=\"auto, (max-width: 1024px) 100vw, 1024px\" \/><\/figure>\n\n\n\n<p><\/p>\n\n\n\n<h2 class=\"wp-block-heading\">Rutina de cuidado de la piel en oto\u00f1o para hidratar y reparar<\/h2>\n\n\n\n<p>Hemos preparado la rutina ideal para cuidar tu piel en oto\u00f1o, asegur\u00e1ndonos de que no le falte nada: vamos a contrarrestar los da\u00f1os causados por la <a href=\"https:\/\/www.isdin.com\/es\/blog\/efectos-radiacion-solar-piel\/\">radiaci\u00f3n solar<\/a> y <a href=\"https:\/\/www.isdin.com\/blog\/perdida-de-agua-transepidermica-que-es\/\">mantener la hidrataci\u00f3n<\/a> en su m\u00e1ximo nivel.<\/p>\n\n\n\n<h2 class=\"wp-block-heading\">1. El limpiador<\/h2>\n\n\n\n<p>\u00a1Empecemos por lo b\u00e1sico! La limpieza es <a href=\"https:\/\/www.isdin.com\/es\/blog\/guia-esencial-de-limpiadores-faciales\/\">el primer paso de cualquier rutina<\/a>, y en oto\u00f1o cobra un papel clave: prepara la piel para recibir los siguientes <a href=\"https:\/\/www.isdin.com\/es\/blog\/como-combinar-ingredientes-activos-en-una-rutina\/\">ingredientes activos<\/a> y mantenerla equilibrada frente a los cambios inesperados de clima.<\/p>\n\n\n\n<ul class=\"wp-block-list\">\n<li><strong>Por la ma\u00f1ana:<\/strong> prepara tu caf\u00e9, disfruta de tu desayuno oto\u00f1al y reg\u00e1lale a tu piel un despertar fresco. Apuesta por un limpiador <strong>purificante y ligero<\/strong> como <a href=\"https:\/\/www.isdin.com\/es\/p\/essential-purifier\/4684\"><strong>Essential Purifier<\/strong><\/a>, ideal para eliminar impurezas y dejar el rostro listo para afrontar el d\u00eda.<\/li>\n\n\n\n<li><strong>Por la noche:<\/strong> despu\u00e9s de un d\u00eda caminando por la ciudad, disfrutando de una cena con amigas o simplemente enfrentando el ritmo diario, tu piel acumula maquillaje, restos de fotoprotector y <a href=\"https:\/\/www.isdin.com\/es\/blog\/efectos-polucion-piel-como-protegerla\/\">poluci\u00f3n<\/a>. Reg\u00e1lale un momento de <em>reset<\/em> con un aceite limpiador como <a href=\"https:\/\/www.isdin.com\/producto\/isdinceutics\/essential-cleansing\"><strong>Essential Cleansing<\/strong><\/a>.<\/li>\n<\/ul>\n\n\n\n<p><\/p>\n\n\n\n<figure class=\"wp-block-image size-full\"><a href=\"https:\/\/www.isdin.com\/es\/p\/essential-cleansing\/4041\"><img loading=\"lazy\" decoding=\"async\" width=\"1200\" height=\"618\" src=\"data:image\/gif;base64,R0lGODlhAQABAAAAACH5BAEKAAEALAAAAAABAAEAAAICTAEAOw==\" data-src=\"https:\/\/www.isdin.com\/es\/blog\/wp-content\/uploads\/2024\/10\/Imagen-en-el-contenido-59-1.png\" alt=\"Judti Masco sonriendo sostiene limpiador facial ISDINCEUTICS Essential Cleansing, un aceite limpiador que aporta frescura e hidrataci\u00f3n a la piel en oto\u00f1o.\" class=\"wp-image-12616 lazyload\" data-sizes=\"auto\" data-srcset=\"https:\/\/www.isdin.com\/es\/blog\/wp-content\/uploads\/2024\/10\/Imagen-en-el-contenido-59-1.png 1200w, https:\/\/www.isdin.com\/es\/blog\/wp-content\/uploads\/2024\/10\/Imagen-en-el-contenido-59-1-300x155.png 300w, https:\/\/www.isdin.com\/es\/blog\/wp-content\/uploads\/2024\/10\/Imagen-en-el-contenido-59-1-1024x527.png 1024w, https:\/\/www.isdin.com\/es\/blog\/wp-content\/uploads\/2024\/10\/Imagen-en-el-contenido-59-1-150x77.png 150w, https:\/\/www.isdin.com\/es\/blog\/wp-content\/uploads\/2024\/10\/Imagen-en-el-contenido-59-1-768x396.png 768w, https:\/\/www.isdin.com\/es\/blog\/wp-content\/uploads\/2024\/10\/Imagen-en-el-contenido-59-1-585x300.png 585w, https:\/\/www.isdin.com\/es\/blog\/wp-content\/uploads\/2024\/10\/Imagen-en-el-contenido-59-1-450x232.png 450w, https:\/\/www.isdin.com\/es\/blog\/wp-content\/uploads\/2024\/10\/Imagen-en-el-contenido-59-1-20x11.png 20w, https:\/\/www.isdin.com\/es\/blog\/wp-content\/uploads\/2024\/10\/Imagen-en-el-contenido-59-1-225x116.png 225w, https:\/\/www.isdin.com\/es\/blog\/wp-content\/uploads\/2024\/10\/Imagen-en-el-contenido-59-1-900x464.png 900w\" sizes=\"auto, (max-width: 1200px) 100vw, 1200px\" \/><\/a><\/figure>\n\n\n\n<p class=\"has-background\" style=\"background-color:#f1dfbf\">En esas ma\u00f1anas y noches m\u00e1s fr\u00edas, evita la tentaci\u00f3n de usar agua caliente al limpiar tu rostro. <a href=\"https:\/\/pmc.ncbi.nlm.nih.gov\/articles\/PMC8778033\/\">Usar agua excesivamente caliente<\/a> puede irritar y enrojecer tu piel (justo lo que no necesitas en este momento).<\/p>\n\n\n\n<p><\/p>\n\n\n\n<h2 class=\"wp-block-heading\">2. El contorno de ojos<\/h2>\n\n\n\n<p>Querida mirada, te cuidamos en todas las estaciones, y el oto\u00f1o no iba a ser la excepci\u00f3n. Despu\u00e9s del verano, tu piel necesita un extra de hidrataci\u00f3n y reparaci\u00f3n, y eso incluye la zona m\u00e1s delicada de tu rostro: <a href=\"https:\/\/www.isdin.com\/blog\/guia-esencial-sobre-contornos-de-ojos\/\"><strong>el contorno de los ojos<\/strong><\/a>, donde la piel es hasta 5 veces m\u00e1s fina que la del resto de la cara.<\/p>\n\n\n\n<ul class=\"wp-block-list\">\n<li><strong>Por la ma\u00f1ana:<\/strong> saluda a <a href=\"https:\/\/www.isdin.com\/producto\/isdinceutics\/k-ox-eyes\"><strong>K-Ox Eyes<\/strong><\/a>, un imprescindible para reducir la apariencia de <a href=\"https:\/\/www.isdin.com\/es\/blog\/como-reducir-las-ojeras\/\">bolsas y ojeras<\/a>. Su aplicador cer\u00e1mico efecto fr\u00edo descongestiona al instante, refrescando tu mirada y dej\u00e1ndola lista para un nuevo d\u00eda.<\/li>\n<\/ul>\n\n\n\n<p><\/p>\n\n\n\n<figure class=\"wp-block-image size-full\"><a href=\"https:\/\/www.isdin.com\/es\/p\/k-ox-eyes\/1510\"><img loading=\"lazy\" decoding=\"async\" width=\"2400\" height=\"1236\" src=\"data:image\/gif;base64,R0lGODlhAQABAAAAACH5BAEKAAEALAAAAAABAAEAAAICTAEAOw==\" data-src=\"https:\/\/www.isdin.com\/es\/blog\/wp-content\/uploads\/2024\/10\/Producto-Textura-15-1.png\" alt=\"Tubo blanco y dorado de ISDINCEUTICS K-Ox Eyes con aplicador, tratamiento para bolsas y ojeras, perfecto para revitalizar la mirada en oto\u00f1o.\" class=\"wp-image-12615 lazyload\" data-sizes=\"auto\" data-srcset=\"https:\/\/www.isdin.com\/es\/blog\/wp-content\/uploads\/2024\/10\/Producto-Textura-15-1.png 2400w, https:\/\/www.isdin.com\/es\/blog\/wp-content\/uploads\/2024\/10\/Producto-Textura-15-1-300x155.png 300w, https:\/\/www.isdin.com\/es\/blog\/wp-content\/uploads\/2024\/10\/Producto-Textura-15-1-1024x527.png 1024w, https:\/\/www.isdin.com\/es\/blog\/wp-content\/uploads\/2024\/10\/Producto-Textura-15-1-150x77.png 150w, https:\/\/www.isdin.com\/es\/blog\/wp-content\/uploads\/2024\/10\/Producto-Textura-15-1-768x396.png 768w, https:\/\/www.isdin.com\/es\/blog\/wp-content\/uploads\/2024\/10\/Producto-Textura-15-1-1536x791.png 1536w, https:\/\/www.isdin.com\/es\/blog\/wp-content\/uploads\/2024\/10\/Producto-Textura-15-1-2048x1055.png 2048w, https:\/\/www.isdin.com\/es\/blog\/wp-content\/uploads\/2024\/10\/Producto-Textura-15-1-585x300.png 585w, https:\/\/www.isdin.com\/es\/blog\/wp-content\/uploads\/2024\/10\/Producto-Textura-15-1-450x232.png 450w, https:\/\/www.isdin.com\/es\/blog\/wp-content\/uploads\/2024\/10\/Producto-Textura-15-1-20x11.png 20w, https:\/\/www.isdin.com\/es\/blog\/wp-content\/uploads\/2024\/10\/Producto-Textura-15-1-225x116.png 225w, https:\/\/www.isdin.com\/es\/blog\/wp-content\/uploads\/2024\/10\/Producto-Textura-15-1-900x464.png 900w, https:\/\/www.isdin.com\/es\/blog\/wp-content\/uploads\/2024\/10\/Producto-Textura-15-1-1350x695.png 1350w\" sizes=\"auto, (max-width: 2400px) 100vw, 2400px\" \/><\/a><\/figure>\n\n\n\n<p><\/p>\n\n\n\n<ul class=\"wp-block-list\">\n<li><strong>Por la noche:<\/strong> es momento de darle a tu mirada un tratamiento 360. <a href=\"https:\/\/www.isdin.com\/es\/p\/isdinceutics-retinal-eyes-20ml\/4321\"><strong>Retinal Eyes<\/strong><\/a> es un contorno de ojos cuya <strong>f\u00f3rmula avanzada con retinal<\/strong> act\u00faa frente a los <strong>5 signos visibles del envejecimiento<\/strong>: arrugas, bolsas y ojeras, p\u00e9rdida de firmeza, fatiga y falta de luminosidad.<\/li>\n<\/ul>\n\n\n\n<figure class=\"wp-block-image size-large\"><a href=\"https:\/\/www.isdin.com\/es\/p\/isdinceutics-retinal-eyes-20ml\/4321\"><img loading=\"lazy\" decoding=\"async\" width=\"1024\" height=\"527\" src=\"data:image\/gif;base64,R0lGODlhAQABAAAAACH5BAEKAAEALAAAAAABAAEAAAICTAEAOw==\" data-src=\"https:\/\/www.isdin.com\/es\/blog\/wp-content\/uploads\/2024\/10\/Imagen-en-el-contenido-65-1-1024x527.png\" alt=\"S\u00e9rum dorado ISDINCEUTICS Retinal Eyes en envase negro y dorado, pensado para rejuvenecer la zona del contorno de ojos en climas fr\u00edos.\" class=\"wp-image-12614 lazyload\" data-sizes=\"auto\" data-srcset=\"https:\/\/www.isdin.com\/es\/blog\/wp-content\/uploads\/2024\/10\/Imagen-en-el-contenido-65-1-1024x527.png 1024w, https:\/\/www.isdin.com\/es\/blog\/wp-content\/uploads\/2024\/10\/Imagen-en-el-contenido-65-1-300x155.png 300w, https:\/\/www.isdin.com\/es\/blog\/wp-content\/uploads\/2024\/10\/Imagen-en-el-contenido-65-1-150x77.png 150w, https:\/\/www.isdin.com\/es\/blog\/wp-content\/uploads\/2024\/10\/Imagen-en-el-contenido-65-1-768x396.png 768w, https:\/\/www.isdin.com\/es\/blog\/wp-content\/uploads\/2024\/10\/Imagen-en-el-contenido-65-1-585x300.png 585w, https:\/\/www.isdin.com\/es\/blog\/wp-content\/uploads\/2024\/10\/Imagen-en-el-contenido-65-1-450x232.png 450w, https:\/\/www.isdin.com\/es\/blog\/wp-content\/uploads\/2024\/10\/Imagen-en-el-contenido-65-1-20x11.png 20w, https:\/\/www.isdin.com\/es\/blog\/wp-content\/uploads\/2024\/10\/Imagen-en-el-contenido-65-1-225x116.png 225w, https:\/\/www.isdin.com\/es\/blog\/wp-content\/uploads\/2024\/10\/Imagen-en-el-contenido-65-1-900x464.png 900w, https:\/\/www.isdin.com\/es\/blog\/wp-content\/uploads\/2024\/10\/Imagen-en-el-contenido-65-1.png 1200w\" sizes=\"auto, (max-width: 1024px) 100vw, 1024px\" \/><\/a><\/figure>\n\n\n\n<p><\/p>\n\n\n\n<p class=\"has-background\" style=\"background-color:#f1dfbf\">Conoce m\u00e1s sobre este ingrediente que no podr\u00e1 faltar en tu neceser los pr\u00f3ximos meses en <a href=\"https:\/\/www.notion.so\/Rutina-de-piel-en-oto-o-6-consejos-para-adaptarla-a4f55c514ec5436b90b1ddb128318aac#\">nuestra gu\u00eda completa sobre retinal<\/a>.<\/p>\n\n\n\n<h2 class=\"wp-block-heading\" id=\"h-3-el-serum-despigmentante-clave-para-recuperar-la-luminosidad-en-otono\">3. El s\u00e9rum despigmentante: clave para recuperar la luminosidad en oto\u00f1o<\/h2>\n\n\n\n<p>\u00bfHas notado alguna mancha en tu rostro despu\u00e9s del verano? Es completamente normal: la exposici\u00f3n solar acumulada deja su huella en forma de hiperpigmentaci\u00f3n y un tono m\u00e1s apagado. Entre las diversas causas de la aparici\u00f3n de <a href=\"https:\/\/www.isdin.com\/es\/blog\/manchas-en-la-piel-respondemos-a-tus-preguntas\/\"><strong>manchas en la piel<\/strong><\/a>, el sol sin la protecci\u00f3n adecuada es la principal. Y aqu\u00ed es donde entra en acci\u00f3n tu mejor aliado: <strong>un s\u00e9rum con <a href=\"https:\/\/www.isdin.com\/es\/blog\/ingredientes-antimanchas-rutina\/\">ingredientes antimanchas<\/a><\/strong>.<\/p>\n\n\n\n<p>Este paso es clave en oto\u00f1o, porque no solo ayuda a <strong>atenuar las manchas existentes<\/strong>, sino tambi\u00e9n a <strong>devolverle luminosidad a tu piel<\/strong> y <strong>prevenir la aparici\u00f3n de nuevas<\/strong>.<\/p>\n\n\n\n<ul class=\"wp-block-list\">\n<li><strong>Por la ma\u00f1ana y por la noche:<\/strong> en estos d\u00edas de oto\u00f1o en los que la piel pide un extra de mimo, <a href=\"https:\/\/www.isdin.com\/producto\/isdinceutics\/melaclear\">Melaclear<\/a> tiene todo lo que buscas. La sinergia del <a href=\"https:\/\/www.isdin.com\/es\/blog\/acido-tranexamico-ingrediente-estrella-manchas\/\">\u00e1cido tranex\u00e1mico<\/a>, la <a href=\"https:\/\/www.isdin.com\/es\/blog\/que-es-la-niacinamida-beneficios-usos-en-tu-rutina\/\">niacinamida<\/a> y el 4-N-Butylresorcinol** trabaja de manera conjunta para reducir la pigmentaci\u00f3n cut\u00e1nea y atenuar las manchas provocadas por el <a href=\"https:\/\/www.isdin.com\/es\/blog\/beneficios-sol-cuerpo-mente-piel\/\">sol<\/a>, la edad o el acn\u00e9.<\/li>\n<\/ul>\n\n\n\n<p>Su f\u00f3rmula va m\u00e1s all\u00e1 y act\u00faa en varios frentes:<\/p>\n\n\n\n<ul class=\"wp-block-list\">\n<li>Y su acci\u00f3n exfoliante suave (con <a href=\"https:\/\/www.isdin.com\/es\/blog\/acido-salicilico-que-es-beneficios-para-la-piel\/\">\u00e1cido salic\u00edlico<\/a>, mand\u00e9lico, f\u00edtico y gluconolactona) favorece la renovaci\u00f3n celular para que tu piel luzca m\u00e1s uniforme, fresca y radiante.<\/li>\n\n\n\n<li>La <strong>niacinamida<\/strong> ayuda a iluminar, igualar el tono y reducir la decoloraci\u00f3n visible.<\/li>\n\n\n\n<li>El <strong>\u00e1cido tranex\u00e1mico<\/strong> ayuda a frenar la producci\u00f3n irregular de melanina, previniendo futuras manchas.<\/li>\n<\/ul>\n\n\n\n<p><\/p>\n\n\n\n<figure class=\"wp-block-image size-full\"><a href=\"https:\/\/www.isdin.com\/es\/p\/isdinceutics-melaclear\/3371\"><img loading=\"lazy\" decoding=\"async\" width=\"1200\" height=\"618\" src=\"data:image\/gif;base64,R0lGODlhAQABAAAAACH5BAEKAAEALAAAAAABAAEAAAICTAEAOw==\" data-src=\"https:\/\/www.isdin.com\/es\/blog\/wp-content\/uploads\/2024\/10\/Imagen-en-el-contenido-64-2.png\" alt=\"s\u00e9rum ISDINCEUTICS Melaclear sobre fondo claro, ideal para tratar manchas en la piel en la rutina de oto\u00f1o.\" class=\"wp-image-12611 lazyload\" data-sizes=\"auto\" data-srcset=\"https:\/\/www.isdin.com\/es\/blog\/wp-content\/uploads\/2024\/10\/Imagen-en-el-contenido-64-2.png 1200w, https:\/\/www.isdin.com\/es\/blog\/wp-content\/uploads\/2024\/10\/Imagen-en-el-contenido-64-2-300x155.png 300w, https:\/\/www.isdin.com\/es\/blog\/wp-content\/uploads\/2024\/10\/Imagen-en-el-contenido-64-2-1024x527.png 1024w, https:\/\/www.isdin.com\/es\/blog\/wp-content\/uploads\/2024\/10\/Imagen-en-el-contenido-64-2-150x77.png 150w, https:\/\/www.isdin.com\/es\/blog\/wp-content\/uploads\/2024\/10\/Imagen-en-el-contenido-64-2-768x396.png 768w, https:\/\/www.isdin.com\/es\/blog\/wp-content\/uploads\/2024\/10\/Imagen-en-el-contenido-64-2-585x300.png 585w, https:\/\/www.isdin.com\/es\/blog\/wp-content\/uploads\/2024\/10\/Imagen-en-el-contenido-64-2-450x232.png 450w, https:\/\/www.isdin.com\/es\/blog\/wp-content\/uploads\/2024\/10\/Imagen-en-el-contenido-64-2-20x11.png 20w, https:\/\/www.isdin.com\/es\/blog\/wp-content\/uploads\/2024\/10\/Imagen-en-el-contenido-64-2-225x116.png 225w, https:\/\/www.isdin.com\/es\/blog\/wp-content\/uploads\/2024\/10\/Imagen-en-el-contenido-64-2-900x464.png 900w\" sizes=\"auto, (max-width: 1200px) 100vw, 1200px\" \/><\/a><\/figure>\n\n\n\n<p><\/p>\n\n\n\n<h2 class=\"wp-block-heading\" id=\"h-4-la-crema-hidratante\">4. La crema hidratante<\/h2>\n\n\n\n<p>Al igual que en oto\u00f1o sumamos capas de ropa para protegernos del fr\u00edo, tu piel tambi\u00e9n necesita esa \u00faltima capa que lo selle todo. La <a href=\"https:\/\/www.isdin.com\/blog\/guia-esencial-de-cremas-hidratantes-faciales\/\">crema hidratante<\/a> funciona como un abrigo invisible: <strong>retiene la humedad, refuerza la <a href=\"https:\/\/www.isdin.com\/blog\/que-es-la-barrera-cutanea\/\">barrera cut\u00e1nea<\/a> y potencia los beneficios de toda <a href=\"https:\/\/www.isdin.com\/blog\/en-que-orden-se-aplican-las-cremas\/\">tu rutina<\/a><\/strong>.<\/p>\n\n\n\n<p class=\"has-background\" style=\"background-color:#f1dfbf\">As\u00ed como disfrutamos de los dulces de temporada (manzanas caramelizadas, tarta de calabaza\u2026), recuerda que el exceso de az\u00facar puede acelerar la flacidez de la piel por la <a href=\"https:\/\/www.isdin.com\/blog\/la-glicacion-y-tu-piel-que-es-y-como-combatirla\/\">glicaci\u00f3n<\/a>.<\/p>\n\n\n\n<ul class=\"wp-block-list\">\n<li>Por la ma\u00f1ana: apuesta por <a href=\"https:\/\/www.isdin.com\/producto\/isdinceutics\/age-reverse-day\">A.G.E. Reverse Day<\/a>. Su f\u00f3rmula con triple acci\u00f3n <em>antiaging<\/em> hidrata, protege y combate la glicaci\u00f3n gracias a la <a href=\"https:\/\/www.isdin.com\/es\/blog\/que-es-la-carnosina-ingrediente-antiedad-piel-firme\/\">carnosina<\/a>, mejorando la firmeza y remodelando el \u00f3valo facial.<\/li>\n<\/ul>\n\n\n\n<figure class=\"wp-block-image size-full\"><a href=\"https:\/\/www.isdin.com\/es\/p\/age-reverse-day\/2862\"><img loading=\"lazy\" decoding=\"async\" width=\"2400\" height=\"1236\" src=\"data:image\/gif;base64,R0lGODlhAQABAAAAACH5BAEKAAEALAAAAAABAAEAAAICTAEAOw==\" data-src=\"https:\/\/www.isdin.com\/es\/blog\/wp-content\/uploads\/2024\/10\/Producto-Textura-16-1.png\" alt=\"Crema facial ISDINCEUTICS A.G.E. Reverse Day en envase blanco con tapa dorada, textura cremosa para hidratar y proteger la piel en oto\u00f1o.\" class=\"wp-image-12612 lazyload\" data-sizes=\"auto\" data-srcset=\"https:\/\/www.isdin.com\/es\/blog\/wp-content\/uploads\/2024\/10\/Producto-Textura-16-1.png 2400w, https:\/\/www.isdin.com\/es\/blog\/wp-content\/uploads\/2024\/10\/Producto-Textura-16-1-300x155.png 300w, https:\/\/www.isdin.com\/es\/blog\/wp-content\/uploads\/2024\/10\/Producto-Textura-16-1-1024x527.png 1024w, https:\/\/www.isdin.com\/es\/blog\/wp-content\/uploads\/2024\/10\/Producto-Textura-16-1-150x77.png 150w, https:\/\/www.isdin.com\/es\/blog\/wp-content\/uploads\/2024\/10\/Producto-Textura-16-1-768x396.png 768w, https:\/\/www.isdin.com\/es\/blog\/wp-content\/uploads\/2024\/10\/Producto-Textura-16-1-1536x791.png 1536w, https:\/\/www.isdin.com\/es\/blog\/wp-content\/uploads\/2024\/10\/Producto-Textura-16-1-2048x1055.png 2048w, https:\/\/www.isdin.com\/es\/blog\/wp-content\/uploads\/2024\/10\/Producto-Textura-16-1-585x300.png 585w, https:\/\/www.isdin.com\/es\/blog\/wp-content\/uploads\/2024\/10\/Producto-Textura-16-1-450x232.png 450w, https:\/\/www.isdin.com\/es\/blog\/wp-content\/uploads\/2024\/10\/Producto-Textura-16-1-20x11.png 20w, https:\/\/www.isdin.com\/es\/blog\/wp-content\/uploads\/2024\/10\/Producto-Textura-16-1-225x116.png 225w, https:\/\/www.isdin.com\/es\/blog\/wp-content\/uploads\/2024\/10\/Producto-Textura-16-1-900x464.png 900w, https:\/\/www.isdin.com\/es\/blog\/wp-content\/uploads\/2024\/10\/Producto-Textura-16-1-1350x695.png 1350w\" sizes=\"auto, (max-width: 2400px) 100vw, 2400px\" \/><\/a><\/figure>\n\n\n\n<p><\/p>\n\n\n\n<ul class=\"wp-block-list\">\n<li><strong>Por la noche:<\/strong> dale a tu piel un descanso reparador con <a href=\"https:\/\/www.isdin.com\/producto\/isdinceutics\/age-reverse-night-crema-reparadora-noche\"><strong>A.G.E. Reverse Night<\/strong><\/a>. Enriquecida con <a href=\"https:\/\/www.isdin.com\/blog\/rutina-noche-ideal-rostro-melatonina\/\">melatonina<\/a> y antioxidantes, ayuda a reparar los da\u00f1os del d\u00eda y a minimizar los <a href=\"https:\/\/www.isdin.com\/blog\/well-aging-como-prevenir-y-cuidar-nuestras-arrugas\/\">signos visibles del envejecimiento<\/a>.<\/li>\n<\/ul>\n\n\n\n<p>Recuerda: <a href=\"https:\/\/www.isdin.com\/es\/blog\/piel-seca-o-deshidratada-tenemos-la-rutina-que-buscas\/\">piel seca<\/a>, <a href=\"https:\/\/www.isdin.com\/es\/blog\/rutina-piel-grasa-mixta\/\">grasa o mixta<\/a>, todas necesitan hidrataci\u00f3n. La clave est\u00e1 en <strong>elegir la crema hidratante adecuada<\/strong> para tu tipo de piel.<\/p>\n\n\n\n<h2 class=\"wp-block-heading\">5. El fotoprotector<\/h2>\n\n\n\n<p>El sol no se va de vacaciones cuando llega el fr\u00edo. Aunque los d\u00edas sean m\u00e1s cortos y las nubes m\u00e1s frecuentes, la radiaci\u00f3n ultravioleta sigue presente e impacta en tu piel <a href=\"https:\/\/www.isdin.com\/es\/blog\/por-que-debes-protegerte-del-sol\/\"><strong>los 365 d\u00edas del a\u00f1o<\/strong><\/a>. Los rayos UVA atraviesan ventanas y penetran incluso en interiores, acelerando la aparici\u00f3n de arrugas, manchas y otros <a href=\"https:\/\/www.isdin.com\/es\/blog\/efectos-del-fotoenvejecimiento-en-la-piel\/\">signos de envejecimiento prematuro<\/a>.<\/p>\n\n\n\n<p>Por eso, el <a href=\"https:\/\/www.isdin.com\/es\/blog\/fotoprotectores-solares-para-la-cara-isdin\/\">\u00faltimo paso de tu rutina de cuidado facial<\/a> de cada ma\u00f1ana debe ser siempre un <strong>fotoprotector de amplio espectro<\/strong> que te defienda de los rayos UVB y UVA.<\/p>\n\n\n\n<figure class=\"wp-block-image size-full\"><a href=\"https:\/\/www.isdin.com\/es\/p\/fotoultra-active-unify-spf-50\/1160\"><img loading=\"lazy\" decoding=\"async\" width=\"1200\" height=\"618\" src=\"data:image\/gif;base64,R0lGODlhAQABAAAAACH5BAEKAAEALAAAAAABAAEAAAICTAEAOw==\" data-src=\"https:\/\/www.isdin.com\/es\/blog\/wp-content\/uploads\/2024\/10\/Imagen-en-el-contenido-61-1.png\" alt=\"Mano sosteniendo protector solar ISDIN FotoUltra 100 Active Unify frente a fondo de agua, clave para proteger la piel de manchas tambi\u00e9n en oto\u00f1o.\" class=\"wp-image-12613 lazyload\" data-sizes=\"auto\" data-srcset=\"https:\/\/www.isdin.com\/es\/blog\/wp-content\/uploads\/2024\/10\/Imagen-en-el-contenido-61-1.png 1200w, https:\/\/www.isdin.com\/es\/blog\/wp-content\/uploads\/2024\/10\/Imagen-en-el-contenido-61-1-300x155.png 300w, https:\/\/www.isdin.com\/es\/blog\/wp-content\/uploads\/2024\/10\/Imagen-en-el-contenido-61-1-1024x527.png 1024w, https:\/\/www.isdin.com\/es\/blog\/wp-content\/uploads\/2024\/10\/Imagen-en-el-contenido-61-1-150x77.png 150w, https:\/\/www.isdin.com\/es\/blog\/wp-content\/uploads\/2024\/10\/Imagen-en-el-contenido-61-1-768x396.png 768w, https:\/\/www.isdin.com\/es\/blog\/wp-content\/uploads\/2024\/10\/Imagen-en-el-contenido-61-1-585x300.png 585w, https:\/\/www.isdin.com\/es\/blog\/wp-content\/uploads\/2024\/10\/Imagen-en-el-contenido-61-1-450x232.png 450w, https:\/\/www.isdin.com\/es\/blog\/wp-content\/uploads\/2024\/10\/Imagen-en-el-contenido-61-1-20x11.png 20w, https:\/\/www.isdin.com\/es\/blog\/wp-content\/uploads\/2024\/10\/Imagen-en-el-contenido-61-1-225x116.png 225w, https:\/\/www.isdin.com\/es\/blog\/wp-content\/uploads\/2024\/10\/Imagen-en-el-contenido-61-1-900x464.png 900w\" sizes=\"auto, (max-width: 1200px) 100vw, 1200px\" \/><\/a><\/figure>\n\n\n\n<p><\/p>\n\n\n\n<p>Apuesta por <a href=\"https:\/\/www.isdin.com\/producto\/foto-ultra-isdin\/active-unify-fusion-fluid-spf-50\">Active Unify<\/a>, un protector solar de uso diario (<a href=\"https:\/\/www.isdin.com\/es\/p\/active-unify-color-spf-50\/0131\">con color<\/a> o sin) que ofrece<strong> triple acci\u00f3n despigmentante<\/strong> y ayuda a unificar el tono de la piel. Su textura ligera y de r\u00e1pida absorci\u00f3n se funde con tu rostro, sellando tu rutina con un acabado luminoso y saludable.<\/p>\n\n\n\n<p><\/p>\n\n\n\n<h2 class=\"wp-block-heading\">Bienvenido oto\u00f1o<\/h2>\n\n\n\n<p>Despu\u00e9s de seguir los <strong>6 pasos de nuestra rutina de cuidado de la piel de oto\u00f1o<\/strong>, tu piel estar\u00e1 lista para aplicar maquillaje o salir de casa completamente protegida. Pero recuerda, \u00a1no solo debes cuidar tu rostro!<\/p>\n\n\n\n<p><\/p>\n\n\n\n<figure class=\"wp-block-image size-full\"><img loading=\"lazy\" decoding=\"async\" width=\"1200\" height=\"618\" src=\"data:image\/gif;base64,R0lGODlhAQABAAAAACH5BAEKAAEALAAAAAABAAEAAAICTAEAOw==\" data-src=\"https:\/\/www.isdin.com\/es\/blog\/wp-content\/uploads\/2024\/10\/Imagen-en-el-contenido-62-1.png\" alt=\"chica sonriendo en banco frente a piasaje oto\u00f1al\" class=\"wp-image-12619 lazyload\" data-sizes=\"auto\" data-srcset=\"https:\/\/www.isdin.com\/es\/blog\/wp-content\/uploads\/2024\/10\/Imagen-en-el-contenido-62-1.png 1200w, https:\/\/www.isdin.com\/es\/blog\/wp-content\/uploads\/2024\/10\/Imagen-en-el-contenido-62-1-300x155.png 300w, https:\/\/www.isdin.com\/es\/blog\/wp-content\/uploads\/2024\/10\/Imagen-en-el-contenido-62-1-1024x527.png 1024w, https:\/\/www.isdin.com\/es\/blog\/wp-content\/uploads\/2024\/10\/Imagen-en-el-contenido-62-1-150x77.png 150w, https:\/\/www.isdin.com\/es\/blog\/wp-content\/uploads\/2024\/10\/Imagen-en-el-contenido-62-1-768x396.png 768w, https:\/\/www.isdin.com\/es\/blog\/wp-content\/uploads\/2024\/10\/Imagen-en-el-contenido-62-1-585x300.png 585w, https:\/\/www.isdin.com\/es\/blog\/wp-content\/uploads\/2024\/10\/Imagen-en-el-contenido-62-1-450x232.png 450w, https:\/\/www.isdin.com\/es\/blog\/wp-content\/uploads\/2024\/10\/Imagen-en-el-contenido-62-1-20x11.png 20w, https:\/\/www.isdin.com\/es\/blog\/wp-content\/uploads\/2024\/10\/Imagen-en-el-contenido-62-1-225x116.png 225w, https:\/\/www.isdin.com\/es\/blog\/wp-content\/uploads\/2024\/10\/Imagen-en-el-contenido-62-1-900x464.png 900w\" sizes=\"auto, (max-width: 1200px) 100vw, 1200px\" \/><\/figure>\n\n\n\n<p><\/p>\n\n\n\n<p>El cuerpo tambi\u00e9n pide atenci\u00f3n. Despu\u00e9s de la ducha, dedica unos minutos a aplicar una loci\u00f3n <a href=\"https:\/\/www.isdin.com\/es\/p\/lotion10\/3092\">hidratante ligera<\/a> que se absorba r\u00e1pido. Notar\u00e1s tu piel m\u00e1s suave y, de paso, evitar\u00e1s la resequedad que provocan las duchas demasiado calientes. S\u00ed, lo sabemos: cuesta resistirse, pero tu piel te lo agradecer\u00e1 si mantienes el agua tibia.<\/p>\n\n\n\n<p>El cabello tampoco se queda atr\u00e1s. Con la llegada del oto\u00f1o, la <a href=\"https:\/\/www.isdin.com\/es\/blog\/esto-es-lo-que-los-expertos-dicen-sobre-la-caida-capilar\/\">ca\u00edda estacional<\/a> es m\u00e1s evidente. A\u00f1adir a tu rutina un <a href=\"https:\/\/www.isdin.com\/es\/p\/lambdapil-melatonin-concentrate\/4336\">spray con melatonina<\/a> puede marcar la diferencia: fortalece, aumenta la densidad y devuelve vitalidad a tu melena.<\/p>\n\n\n\n<p>Y por \u00faltimo, un gesto peque\u00f1o pero esencial: <a href=\"https:\/\/www.isdin.com\/es\/blog\/como-cuidar-y-reparar-los-labios-agrietados\/\">los labios<\/a>. Entre bebidas calientes, viento fresco y calefacci\u00f3n, se resecan con facilidad. Un buen <a href=\"https:\/\/www.isdin.com\/es\/c\/facial\/labiales\">b\u00e1lsamo labial<\/a> ser\u00e1 tu mejor aliado para mantenerlos suaves e hidratados.<\/p>\n\n\n\n<p class=\"has-text-align-left\"><strong>Ama y cuida tu piel cada d\u00eda, nos vemos en la pr\u00f3xima estaci\u00f3n.<\/strong><\/p>\n","protected":false},"excerpt":{"rendered":"<p>Al igual que dejamos atr\u00e1s los vestidos ligeros del verano, nuestra rutina de cuidado necesita un giro hacia f\u00f3rmulas m\u00e1s nutritivas, protectoras y pensadas para el clima que viene. El oto\u00f1o es ese puente entre el calor y el fr\u00edo, y tu piel lo siente. La pregunta es: \u00bfest\u00e1 lista para la transici\u00f3n?<\/p>\n","protected":false},"author":69,"featured_media":12618,"comment_status":"closed","ping_status":"closed","sticky":false,"template":"","format":"image","meta":{"footnotes":""},"categories":[1,101],"tags":[294,170,90],"class_list":["post-6649","post","type-post","status-publish","format-image","has-post-thumbnail","hentry","category-consejos-cuidados","category-cuidado-facial","tag-cuidado-facial","tag-otono","tag-rutina-facial","post_format-post-format-image"],"yoast_head":"<!-- This site is optimized with the Yoast SEO Premium plugin v25.4 (Yoast SEO v25.4) - https:\/\/yoast.com\/wordpress\/plugins\/seo\/ -->\n<title>Tu piel en oto\u00f1o: consejos y productos imprescindibles para mimarla - ISDIN<\/title>\n<meta name=\"description\" content=\"\u00a1Es hora de renovar tu rutina! Combate todos los efectos del verano con nuestra rutina personalizada para el cuidado de la piel en oto\u00f1o.\" \/>\n<meta name=\"robots\" content=\"index, follow, max-snippet:-1, max-image-preview:large, max-video-preview:-1\" \/>\n<link rel=\"canonical\" href=\"https:\/\/www.isdin.com\/es\/blog\/rutina-de-piel-en-otono\/\" \/>\n<meta property=\"og:locale\" content=\"es_ES\" \/>\n<meta property=\"og:type\" content=\"article\" \/>\n<meta property=\"og:title\" content=\"Tu piel en oto\u00f1o: consejos y productos imprescindibles para mimarla\" \/>\n<meta property=\"og:description\" content=\"\u00a1Es hora de renovar tu rutina! Combate todos los efectos del verano con nuestra rutina personalizada para el cuidado de la piel en oto\u00f1o.\" \/>\n<meta property=\"og:url\" content=\"https:\/\/www.isdin.com\/es\/blog\/rutina-de-piel-en-otono\/\" \/>\n<meta property=\"og:site_name\" content=\"ISDIN\" \/>\n<meta property=\"article:publisher\" content=\"https:\/\/es-es.facebook.com\/ISDIN.official\/\" \/>\n<meta property=\"article:published_time\" content=\"2025-09-17T16:05:50+00:00\" \/>\n<meta property=\"article:modified_time\" content=\"2025-09-17T16:05:52+00:00\" \/>\n<meta property=\"og:image\" content=\"https:\/\/www.isdin.com\/es\/blog\/wp-content\/uploads\/2021\/10\/2021_10_Blog_Imatge_Facebook.jpg\" \/>\n\t<meta property=\"og:image:width\" content=\"1200\" \/>\n\t<meta property=\"og:image:height\" content=\"630\" \/>\n\t<meta property=\"og:image:type\" content=\"image\/jpeg\" \/>\n<meta name=\"author\" content=\"Belinda Mart\u00ednez\" \/>\n<meta name=\"twitter:card\" content=\"summary_large_image\" \/>\n<meta name=\"twitter:creator\" content=\"@isdin_official\" \/>\n<meta name=\"twitter:site\" content=\"@isdin_official\" \/>\n<meta name=\"twitter:label1\" content=\"Written by\" \/>\n\t<meta name=\"twitter:data1\" content=\"Belinda Mart\u00ednez\" \/>\n\t<meta name=\"twitter:label2\" content=\"Est. reading time\" \/>\n\t<meta name=\"twitter:data2\" content=\"9 minutes\" \/>\n<script type=\"application\/ld+json\" class=\"yoast-schema-graph\">{\"@context\":\"https:\/\/schema.org\",\"@graph\":[{\"@type\":\"Article\",\"@id\":\"https:\/\/www.isdin.com\/es\/blog\/rutina-de-piel-en-otono\/#article\",\"isPartOf\":{\"@id\":\"https:\/\/www.isdin.com\/es\/blog\/rutina-de-piel-en-otono\/\"},\"author\":{\"name\":\"Belinda Mart\u00ednez\",\"@id\":\"https:\/\/www.isdin.com\/es\/blog\/#\/schema\/person\/684015d7d9e78124cb4aa660f6fe8576\"},\"headline\":\"Tu piel en oto\u00f1o: consejos y productos imprescindibles para mimarla\",\"datePublished\":\"2025-09-17T16:05:50+00:00\",\"dateModified\":\"2025-09-17T16:05:52+00:00\",\"mainEntityOfPage\":{\"@id\":\"https:\/\/www.isdin.com\/es\/blog\/rutina-de-piel-en-otono\/\"},\"wordCount\":1559,\"publisher\":{\"@id\":\"https:\/\/www.isdin.com\/es\/blog\/#organization\"},\"image\":{\"@id\":\"https:\/\/www.isdin.com\/es\/blog\/rutina-de-piel-en-otono\/#primaryimage\"},\"thumbnailUrl\":\"https:\/\/www.isdin.com\/es\/blog\/wp-content\/uploads\/2024\/10\/Header-13-1.png\",\"keywords\":[\"cuidado facial\",\"oto\u00f1o\",\"rutina facial\"],\"articleSection\":[\"Consejos y cuidados\",\"Cuidado facial\"],\"inLanguage\":\"es-ES\"},{\"@type\":\"WebPage\",\"@id\":\"https:\/\/www.isdin.com\/es\/blog\/rutina-de-piel-en-otono\/\",\"url\":\"https:\/\/www.isdin.com\/es\/blog\/rutina-de-piel-en-otono\/\",\"name\":\"Tu piel en oto\u00f1o: consejos y productos imprescindibles para mimarla - ISDIN\",\"isPartOf\":{\"@id\":\"https:\/\/www.isdin.com\/es\/blog\/#website\"},\"primaryImageOfPage\":{\"@id\":\"https:\/\/www.isdin.com\/es\/blog\/rutina-de-piel-en-otono\/#primaryimage\"},\"image\":{\"@id\":\"https:\/\/www.isdin.com\/es\/blog\/rutina-de-piel-en-otono\/#primaryimage\"},\"thumbnailUrl\":\"https:\/\/www.isdin.com\/es\/blog\/wp-content\/uploads\/2024\/10\/Header-13-1.png\",\"datePublished\":\"2025-09-17T16:05:50+00:00\",\"dateModified\":\"2025-09-17T16:05:52+00:00\",\"description\":\"\u00a1Es hora de renovar tu rutina! Combate todos los efectos del verano con nuestra rutina personalizada para el cuidado de la piel en oto\u00f1o.\",\"breadcrumb\":{\"@id\":\"https:\/\/www.isdin.com\/es\/blog\/rutina-de-piel-en-otono\/#breadcrumb\"},\"inLanguage\":\"es-ES\",\"potentialAction\":[{\"@type\":\"ReadAction\",\"target\":[\"https:\/\/www.isdin.com\/es\/blog\/rutina-de-piel-en-otono\/\"]}]},{\"@type\":\"ImageObject\",\"inLanguage\":\"es-ES\",\"@id\":\"https:\/\/www.isdin.com\/es\/blog\/rutina-de-piel-en-otono\/#primaryimage\",\"url\":\"https:\/\/www.isdin.com\/es\/blog\/wp-content\/uploads\/2024\/10\/Header-13-1.png\",\"contentUrl\":\"https:\/\/www.isdin.com\/es\/blog\/wp-content\/uploads\/2024\/10\/Header-13-1.png\",\"width\":1200,\"height\":760,\"caption\":\"Mujer de piel con pecas y su\u00e9ter rosa disfruta relajada con los ojos cerrados, transmitiendo bienestar y cuidado de la piel en oto\u00f1o.\"},{\"@type\":\"BreadcrumbList\",\"@id\":\"https:\/\/www.isdin.com\/es\/blog\/rutina-de-piel-en-otono\/#breadcrumb\",\"itemListElement\":[{\"@type\":\"ListItem\",\"position\":1,\"name\":\"Portada\",\"item\":\"https:\/\/www.isdin.com\/es\/blog\/\"},{\"@type\":\"ListItem\",\"position\":2,\"name\":\"Tu piel en oto\u00f1o: consejos y productos imprescindibles para mimarla\"}]},{\"@type\":\"WebSite\",\"@id\":\"https:\/\/www.isdin.com\/es\/blog\/#website\",\"url\":\"https:\/\/www.isdin.com\/es\/blog\/\",\"name\":\"ISDIN\",\"description\":\"Novedades, lanzamientos de productos y toda la experiencia de ISDIN\",\"publisher\":{\"@id\":\"https:\/\/www.isdin.com\/es\/blog\/#organization\"},\"potentialAction\":[{\"@type\":\"SearchAction\",\"target\":{\"@type\":\"EntryPoint\",\"urlTemplate\":\"https:\/\/www.isdin.com\/es\/blog\/?s={search_term_string}\"},\"query-input\":{\"@type\":\"PropertyValueSpecification\",\"valueRequired\":true,\"valueName\":\"search_term_string\"}}],\"inLanguage\":\"es-ES\"},{\"@type\":\"Organization\",\"@id\":\"https:\/\/www.isdin.com\/es\/blog\/#organization\",\"name\":\"ISDIN\",\"alternateName\":\"ISDIN\",\"url\":\"https:\/\/www.isdin.com\/es\/blog\/\",\"logo\":{\"@type\":\"ImageObject\",\"inLanguage\":\"es-ES\",\"@id\":\"https:\/\/www.isdin.com\/es\/blog\/#\/schema\/logo\/image\/\",\"url\":\"https:\/\/www.isdin.com\/es\/blog\/wp-content\/uploads\/2024\/05\/2025_03_GuiaFoto_FWM.png\",\"contentUrl\":\"https:\/\/www.isdin.com\/es\/blog\/wp-content\/uploads\/2024\/05\/2025_03_GuiaFoto_FWM.png\",\"width\":670,\"height\":683,\"caption\":\"ISDIN\"},\"image\":{\"@id\":\"https:\/\/www.isdin.com\/es\/blog\/#\/schema\/logo\/image\/\"},\"sameAs\":[\"https:\/\/es-es.facebook.com\/ISDIN.official\/\",\"https:\/\/x.com\/isdin_official\",\"https:\/\/www.instagram.com\/isdinofficial\",\"https:\/\/www.youtube.com\/channel\/UCtoNJMKpDwdFLqgV23_lcqg\"],\"telephone\":\"659997812\"},{\"@type\":\"Person\",\"@id\":\"https:\/\/www.isdin.com\/es\/blog\/#\/schema\/person\/684015d7d9e78124cb4aa660f6fe8576\",\"name\":\"Belinda Mart\u00ednez\",\"image\":{\"@type\":\"ImageObject\",\"inLanguage\":\"es-ES\",\"@id\":\"https:\/\/www.isdin.com\/es\/blog\/#\/schema\/person\/image\/\",\"url\":\"https:\/\/www.isdin.com\/es\/blog\/wp-content\/uploads\/2017\/07\/jjjj.jpg\",\"contentUrl\":\"https:\/\/www.isdin.com\/es\/blog\/wp-content\/uploads\/2017\/07\/jjjj.jpg\",\"caption\":\"Belinda Mart\u00ednez\"},\"description\":\"Belinda es periodista y copywriter creativa. Tras a\u00f1os de experiencia, decidi\u00f3 fusionar sus habilidades de escritura con su amor por el skincare, convirti\u00e9ndose en una especialista en la materia. \u00bfSu imprescindible? Un buen b\u00e1lsamo de labios.\",\"sameAs\":[\"https:\/\/www.linkedin.com\/in\/thisisbel\/\"],\"url\":\"https:\/\/www.isdin.com\/es\/blog\/author\/belindamartinez\/\"}]}<\/script>\n<!-- \/ Yoast SEO Premium plugin. -->","yoast_head_json":{"title":"Tu piel en oto\u00f1o: consejos y productos imprescindibles para mimarla - ISDIN","description":"\u00a1Es hora de renovar tu rutina! Combate todos los efectos del verano con nuestra rutina personalizada para el cuidado de la piel en oto\u00f1o.","robots":{"index":"index","follow":"follow","max-snippet":"max-snippet:-1","max-image-preview":"max-image-preview:large","max-video-preview":"max-video-preview:-1"},"canonical":"https:\/\/www.isdin.com\/es\/blog\/rutina-de-piel-en-otono\/","og_locale":"es_ES","og_type":"article","og_title":"Tu piel en oto\u00f1o: consejos y productos imprescindibles para mimarla","og_description":"\u00a1Es hora de renovar tu rutina! Combate todos los efectos del verano con nuestra rutina personalizada para el cuidado de la piel en oto\u00f1o.","og_url":"https:\/\/www.isdin.com\/es\/blog\/rutina-de-piel-en-otono\/","og_site_name":"ISDIN","article_publisher":"https:\/\/es-es.facebook.com\/ISDIN.official\/","article_published_time":"2025-09-17T16:05:50+00:00","article_modified_time":"2025-09-17T16:05:52+00:00","og_image":[{"width":1200,"height":630,"url":"https:\/\/www.isdin.com\/es\/blog\/wp-content\/uploads\/2021\/10\/2021_10_Blog_Imatge_Facebook.jpg","type":"image\/jpeg"}],"author":"Belinda Mart\u00ednez","twitter_card":"summary_large_image","twitter_creator":"@isdin_official","twitter_site":"@isdin_official","twitter_misc":{"Written by":"Belinda Mart\u00ednez","Est. reading time":"9 minutes"},"schema":{"@context":"https:\/\/schema.org","@graph":[{"@type":"Article","@id":"https:\/\/www.isdin.com\/es\/blog\/rutina-de-piel-en-otono\/#article","isPartOf":{"@id":"https:\/\/www.isdin.com\/es\/blog\/rutina-de-piel-en-otono\/"},"author":{"name":"Belinda Mart\u00ednez","@id":"https:\/\/www.isdin.com\/es\/blog\/#\/schema\/person\/684015d7d9e78124cb4aa660f6fe8576"},"headline":"Tu piel en oto\u00f1o: consejos y productos imprescindibles para mimarla","datePublished":"2025-09-17T16:05:50+00:00","dateModified":"2025-09-17T16:05:52+00:00","mainEntityOfPage":{"@id":"https:\/\/www.isdin.com\/es\/blog\/rutina-de-piel-en-otono\/"},"wordCount":1559,"publisher":{"@id":"https:\/\/www.isdin.com\/es\/blog\/#organization"},"image":{"@id":"https:\/\/www.isdin.com\/es\/blog\/rutina-de-piel-en-otono\/#primaryimage"},"thumbnailUrl":"https:\/\/www.isdin.com\/es\/blog\/wp-content\/uploads\/2024\/10\/Header-13-1.png","keywords":["cuidado facial","oto\u00f1o","rutina facial"],"articleSection":["Consejos y cuidados","Cuidado facial"],"inLanguage":"es-ES"},{"@type":"WebPage","@id":"https:\/\/www.isdin.com\/es\/blog\/rutina-de-piel-en-otono\/","url":"https:\/\/www.isdin.com\/es\/blog\/rutina-de-piel-en-otono\/","name":"Tu piel en oto\u00f1o: consejos y productos imprescindibles para mimarla - ISDIN","isPartOf":{"@id":"https:\/\/www.isdin.com\/es\/blog\/#website"},"primaryImageOfPage":{"@id":"https:\/\/www.isdin.com\/es\/blog\/rutina-de-piel-en-otono\/#primaryimage"},"image":{"@id":"https:\/\/www.isdin.com\/es\/blog\/rutina-de-piel-en-otono\/#primaryimage"},"thumbnailUrl":"https:\/\/www.isdin.com\/es\/blog\/wp-content\/uploads\/2024\/10\/Header-13-1.png","datePublished":"2025-09-17T16:05:50+00:00","dateModified":"2025-09-17T16:05:52+00:00","description":"\u00a1Es hora de renovar tu rutina! Combate todos los efectos del verano con nuestra rutina personalizada para el cuidado de la piel en oto\u00f1o.","breadcrumb":{"@id":"https:\/\/www.isdin.com\/es\/blog\/rutina-de-piel-en-otono\/#breadcrumb"},"inLanguage":"es-ES","potentialAction":[{"@type":"ReadAction","target":["https:\/\/www.isdin.com\/es\/blog\/rutina-de-piel-en-otono\/"]}]},{"@type":"ImageObject","inLanguage":"es-ES","@id":"https:\/\/www.isdin.com\/es\/blog\/rutina-de-piel-en-otono\/#primaryimage","url":"https:\/\/www.isdin.com\/es\/blog\/wp-content\/uploads\/2024\/10\/Header-13-1.png","contentUrl":"https:\/\/www.isdin.com\/es\/blog\/wp-content\/uploads\/2024\/10\/Header-13-1.png","width":1200,"height":760,"caption":"Mujer de piel con pecas y su\u00e9ter rosa disfruta relajada con los ojos cerrados, transmitiendo bienestar y cuidado de la piel en oto\u00f1o."},{"@type":"BreadcrumbList","@id":"https:\/\/www.isdin.com\/es\/blog\/rutina-de-piel-en-otono\/#breadcrumb","itemListElement":[{"@type":"ListItem","position":1,"name":"Portada","item":"https:\/\/www.isdin.com\/es\/blog\/"},{"@type":"ListItem","position":2,"name":"Tu piel en oto\u00f1o: consejos y productos imprescindibles para mimarla"}]},{"@type":"WebSite","@id":"https:\/\/www.isdin.com\/es\/blog\/#website","url":"https:\/\/www.isdin.com\/es\/blog\/","name":"ISDIN","description":"Novedades, lanzamientos de productos y toda la experiencia de ISDIN","publisher":{"@id":"https:\/\/www.isdin.com\/es\/blog\/#organization"},"potentialAction":[{"@type":"SearchAction","target":{"@type":"EntryPoint","urlTemplate":"https:\/\/www.isdin.com\/es\/blog\/?s={search_term_string}"},"query-input":{"@type":"PropertyValueSpecification","valueRequired":true,"valueName":"search_term_string"}}],"inLanguage":"es-ES"},{"@type":"Organization","@id":"https:\/\/www.isdin.com\/es\/blog\/#organization","name":"ISDIN","alternateName":"ISDIN","url":"https:\/\/www.isdin.com\/es\/blog\/","logo":{"@type":"ImageObject","inLanguage":"es-ES","@id":"https:\/\/www.isdin.com\/es\/blog\/#\/schema\/logo\/image\/","url":"https:\/\/www.isdin.com\/es\/blog\/wp-content\/uploads\/2024\/05\/2025_03_GuiaFoto_FWM.png","contentUrl":"https:\/\/www.isdin.com\/es\/blog\/wp-content\/uploads\/2024\/05\/2025_03_GuiaFoto_FWM.png","width":670,"height":683,"caption":"ISDIN"},"image":{"@id":"https:\/\/www.isdin.com\/es\/blog\/#\/schema\/logo\/image\/"},"sameAs":["https:\/\/es-es.facebook.com\/ISDIN.official\/","https:\/\/x.com\/isdin_official","https:\/\/www.instagram.com\/isdinofficial","https:\/\/www.youtube.com\/channel\/UCtoNJMKpDwdFLqgV23_lcqg"],"telephone":"659997812"},{"@type":"Person","@id":"https:\/\/www.isdin.com\/es\/blog\/#\/schema\/person\/684015d7d9e78124cb4aa660f6fe8576","name":"Belinda Mart\u00ednez","image":{"@type":"ImageObject","inLanguage":"es-ES","@id":"https:\/\/www.isdin.com\/es\/blog\/#\/schema\/person\/image\/","url":"https:\/\/www.isdin.com\/es\/blog\/wp-content\/uploads\/2017\/07\/jjjj.jpg","contentUrl":"https:\/\/www.isdin.com\/es\/blog\/wp-content\/uploads\/2017\/07\/jjjj.jpg","caption":"Belinda Mart\u00ednez"},"description":"Belinda es periodista y copywriter creativa. Tras a\u00f1os de experiencia, decidi\u00f3 fusionar sus habilidades de escritura con su amor por el skincare, convirti\u00e9ndose en una especialista en la materia. \u00bfSu imprescindible? Un buen b\u00e1lsamo de labios.","sameAs":["https:\/\/www.linkedin.com\/in\/thisisbel\/"],"url":"https:\/\/www.isdin.com\/es\/blog\/author\/belindamartinez\/"}]}},"_links":{"self":[{"href":"https:\/\/www.isdin.com\/es\/blog\/wp-json\/wp\/v2\/posts\/6649","targetHints":{"allow":["GET"]}}],"collection":[{"href":"https:\/\/www.isdin.com\/es\/blog\/wp-json\/wp\/v2\/posts"}],"about":[{"href":"https:\/\/www.isdin.com\/es\/blog\/wp-json\/wp\/v2\/types\/post"}],"author":[{"embeddable":true,"href":"https:\/\/www.isdin.com\/es\/blog\/wp-json\/wp\/v2\/users\/69"}],"replies":[{"embeddable":true,"href":"https:\/\/www.isdin.com\/es\/blog\/wp-json\/wp\/v2\/comments?post=6649"}],"version-history":[{"count":7,"href":"https:\/\/www.isdin.com\/es\/blog\/wp-json\/wp\/v2\/posts\/6649\/revisions"}],"predecessor-version":[{"id":12620,"href":"https:\/\/www.isdin.com\/es\/blog\/wp-json\/wp\/v2\/posts\/6649\/revisions\/12620"}],"wp:featuredmedia":[{"embeddable":true,"href":"https:\/\/www.isdin.com\/es\/blog\/wp-json\/wp\/v2\/media\/12618"}],"wp:attachment":[{"href":"https:\/\/www.isdin.com\/es\/blog\/wp-json\/wp\/v2\/media?parent=6649"}],"wp:term":[{"taxonomy":"category","embeddable":true,"href":"https:\/\/www.isdin.com\/es\/blog\/wp-json\/wp\/v2\/categories?post=6649"},{"taxonomy":"post_tag","embeddable":true,"href":"https:\/\/www.isdin.com\/es\/blog\/wp-json\/wp\/v2\/tags?post=6649"}],"curies":[{"name":"wp","href":"https:\/\/api.w.org\/{rel}","templated":true}]}}