{"id":6562,"date":"2025-04-14T14:07:59","date_gmt":"2025-04-14T14:07:59","guid":{"rendered":"https:\/\/www.isdin.com\/es\/blog\/?p=6562"},"modified":"2025-04-22T13:31:36","modified_gmt":"2025-04-22T13:31:36","slug":"errores-de-fotoproteccion-deporte","status":"publish","type":"post","link":"https:\/\/www.isdin.com\/es\/blog\/errores-de-fotoproteccion-deporte\/","title":{"rendered":"5 errores de fotoprotecci\u00f3n que cometes al hacer deporte (y c\u00f3mo evitarlos)"},"content":{"rendered":"\n<p>\u00bfTe suena alguna de estas situaciones? Sales a correr pensando que el cielo est\u00e1 nublado y no te vas a quemar. Te dejas llevar por las vistas incre\u00edbles desde la cima de la monta\u00f1a y olvidas que, a mayor altura, el sol pega m\u00e1s fuerte. Est\u00e1s en la playa, jugando con amigos, riendo, disfrutando, y el tiempo simplemente vuela.<\/p>\n\n\n\n<p>Practicar deporte al aire libre es una maravilla, una forma de conectar contigo, con el entorno, con el momento. Pero si no cuidas tu piel, puede pasarte factura. Y no hablamos solo de una quemadura pasajera, sino de ese da\u00f1o invisible que se acumula. Porque el da\u00f1o solar no siempre se ve al instante, pero deja huella.<\/p>\n\n\n\n<p>Hoy te contamos los 5 errores de fotoprotecci\u00f3n m\u00e1s comunes entre quienes amamos el deporte (y tambi\u00e9n entre quienes lo est\u00e1n empezando a amar). Porque el deporte deber\u00eda hacernos bien en todos los sentidos, tambi\u00e9n en la piel.<\/p>\n\n\n\n<h2 class=\"wp-block-heading\">Error n\u00ba1: solo utilizar protecci\u00f3n solar cuando hace sol<\/h2>\n\n\n\n<figure class=\"wp-block-image size-full\"><img loading=\"lazy\" decoding=\"async\" width=\"1200\" height=\"618\" src=\"data:image\/gif;base64,R0lGODlhAQABAAAAACH5BAEKAAEALAAAAAABAAEAAAICTAEAOw==\" data-src=\"https:\/\/www.isdin.com\/es\/blog\/wp-content\/uploads\/2021\/07\/2025_04_Sports_IMG02.jpg\" alt=\"\" class=\"wp-image-11968 lazyload\"\/><\/figure>\n\n\n\n<p><\/p>\n\n\n\n<p>Seg\u00fan <a href=\"https:\/\/www.sportlife.es\/vida-sana\/el-45-de-los-deportistas-solo-se-protege-del-sol-en-verano_207585_102.html\">un estudio de <em>Sport Life<\/em><\/a>, realizado con m\u00e1s de 1.500 deportistas en Espa\u00f1a, <strong>el 45% solo usa protector solar en verano<\/strong>. Pero la realidad es que tu piel no funciona por estaciones ni por sensaciones t\u00e9rmicas.<\/p>\n\n\n\n<p><strong>La <a href=\"https:\/\/www.isdin.com\/es\/blog\/efectos-radiacion-solar-piel\/\">radiaci\u00f3n UV<\/a> est\u00e1 presente todo el a\u00f1o<\/strong>, incluso en d\u00edas nublados, fr\u00edos o en esas ma\u00f1anas en las que sales a correr temprano. De hecho, <a href=\"http:\/\/(http:\/\/cancer-code-europe.iarc.fr\/index.php\/es\/doce-formas\/exposicion-al-sol-o-a-los-rayos-ultravioleta\/523-corro-peligro-en-un-dia-nublado-o-bajo-una-sombrilla#:~:text=Tambi\u00e9n en un d\u00eda nublado,o reflejado en la arena.)\">hasta el 80<\/a>% de los rayos UV atraviesan las nubes, lo que significa que puedes estar da\u00f1ando tu piel sin darte cuenta, incluso cuando el sol \u2018a\u00fan no ha salido\u2019.<\/p>\n\n\n\n<p><strong>No lo notas al momento, pero con el tiempo el sol va <a href=\"https:\/\/www.isdin.com\/es\/blog\/isdin-y-africa-directo-en-mozambique\/\">dejando huella<\/a> en tu piel.<\/strong> <a href=\"https:\/\/www.isdin.com\/es\/blog\/manchas-solares-por-que-se-producen-y-como-tratarlas\/\">Manchas<\/a> que no se van, <a href=\"https:\/\/www.isdin.com\/es\/blog\/como-envejece-nuestra-piel\/\">arrugas que aparecen antes de lo esperado<\/a>, p\u00e9rdida de firmeza, textura \u00e1spera\u2026 todo eso forma parte del <a href=\"https:\/\/www.isdin.com\/es\/blog\/photoaging-rutina-para-pieles-maduras-te-interesa\/\"><em>photoaging<\/em><\/a>, un proceso causado por la exposici\u00f3n repetida a la radiaci\u00f3n ultravioleta. Y lo m\u00e1s preocupante es que ese da\u00f1o tambi\u00e9n puede ir m\u00e1s all\u00e1 de lo est\u00e9tico: <strong>con los a\u00f1os, aumenta el riesgo de desarrollar lesiones precancerosas o <a href=\"https:\/\/www.isdin.com\/es\/blog\/dia-del-melanoma-prevencion-y-deteccion\/\">c\u00e1ncer de piel<\/a><\/strong>.<\/p>\n\n\n\n<p class=\"has-background\" style=\"background-color:#f1dfbf\"><strong>La soluci\u00f3n es f\u00e1cil:<\/strong> ponerte protector solar debe ser parte de <a href=\"https:\/\/www.isdin.com\/es\/blog\/en-que-orden-se-aplican-las-cremas\/\">tu rutina<\/a>, igual que atarte las zapatillas, calentar o beber agua antes de salir.<\/p>\n\n\n\n<h2 class=\"wp-block-heading\" id=\"h-error-n\u00ba2-no-reaplicar-la-fotoproteccion\">Error n\u00ba2: no reaplicar la fotoprotecci\u00f3n<\/h2>\n\n\n\n<figure class=\"wp-block-image size-full\"><img loading=\"lazy\" decoding=\"async\" width=\"1200\" height=\"618\" src=\"data:image\/gif;base64,R0lGODlhAQABAAAAACH5BAEKAAEALAAAAAABAAEAAAICTAEAOw==\" data-src=\"https:\/\/www.isdin.com\/es\/blog\/wp-content\/uploads\/2021\/07\/2025_04_Sports_IMG05.jpg\" alt=\"\" class=\"wp-image-11970 lazyload\"\/><\/figure>\n\n\n\n<p><\/p>\n\n\n\n<p>Una de las muchas razones por las que los deportistas necesitan cuidar especialmente su piel es por <strong>c\u00f3mo reacciona el cuerpo al entrenar<\/strong>: sudor, calor, roce, exposici\u00f3n prolongada\u2026 todo eso afecta directamente a la eficacia del protector solar.<\/p>\n\n\n\n<p>Cuando haces deporte al aire libre, <strong>la sudoraci\u00f3n y la temperatura corporal <a href=\"https:\/\/sebbm.es\/rincon-del-aula\/ejercicio-fisico-y-estres-oxidativo-una-espada-de-doble-filo\/\">aumentan<\/a><\/strong>, lo que puede arrastrar el producto, reducir su protecci\u00f3n e incluso favorecer el da\u00f1o celular por <a href=\"https:\/\/www.isdin.com\/blog\/que-es-la-oxidacion-de-la-piel\/\"><strong>estr\u00e9s oxidativo<\/strong><\/a>. Adem\u00e1s, al estar en movimiento y bajo el sol directo, tu piel sufre m\u00e1s que en condiciones normales.<\/p>\n\n\n\n<p>Por eso, <strong>no vale cualquier protector solar<\/strong>. Necesitas f\u00f3rmulas dise\u00f1adas para el deporte: <strong>resistentes al sudor, ligeras, no pegajosas y que no irriten los ojos<\/strong> si se escurren con el sudor.<\/p>\n\n\n\n<h3 class=\"wp-block-heading\">El d\u00fao que gana el partido contra el sol<\/h3>\n\n\n\n<p><a href=\"https:\/\/www.isdin.com\/es\/p\/fusion-water-magic-by-alcaraz-spf-50\/4397\"><strong>Fusion Water MAGIC by Alcaraz<\/strong><\/a> naci\u00f3 en la pista, <a href=\"https:\/\/www.isdin.com\/es\/blog\/carlos-alcaraz-te-invita-a-crear-momentos-magicos-con-fusion-water-magic\/\">creado junto al propio Alcaraz<\/a>, que sabe lo que significa pasar horas al sol entrenando, sudando, compitiendo. El resultado: un fotoprotector facial con textura ultraligera, nada pegajosa, que se absorbe al instante, no irrita los ojos y, lo m\u00e1s importante, <strong>resiste al sudor sin rendirse<\/strong>. Su f\u00f3rmula incorpora <em>Thermal Aging Protection<\/em>, un antioxidante vegetal que protege la piel del <strong>da\u00f1o oxidativo<\/strong> provocado por el calor.<\/p>\n\n\n\n<p>\u00c9l mismo nos lo resume: \u201cMe encanta su textura, es s\u00faper ligero, no es nada pegajoso y se absorbe enseguida. Que sea resistente al sudor es clave\u201d. <strong>Ciencia y deporte, jugando del mismo lado.<\/strong><\/p>\n\n\n\n<blockquote class=\"wp-block-quote is-layout-flow wp-block-quote-is-layout-flow\">\n<p>\u201cMe encanta su textura, es s\u00faper ligero, no es nada pegajoso y se absorbe enseguida. Que sea resistente al sudor es clave\u201d. <\/p>\n<cite>Carlos Alcaraz<\/cite><\/blockquote>\n\n\n\n<p>\u00bfY el cuerpo? Tambi\u00e9n juega. Tambi\u00e9n suda. Tambi\u00e9n se quema. Para eso, tu mejor compa\u00f1ero de equipo es <a href=\"https:\/\/www.isdin.com\/es\/p\/fusion-gel-sport-spf-50\/2914\"><strong>Fusion Gel Sport<\/strong><\/a>, un fotoprotector corporal en textura gel, fresco, ligero y pensado para moverse contigo. Se extiende f\u00e1cil, no deja residuo, y aguanta bien el roce, el sudor y el ritmo de cualquier entrenamiento.<\/p>\n\n\n\n<figure class=\"wp-block-image size-full\"><img loading=\"lazy\" decoding=\"async\" width=\"1200\" height=\"618\" src=\"data:image\/gif;base64,R0lGODlhAQABAAAAACH5BAEKAAEALAAAAAABAAEAAAICTAEAOw==\" data-src=\"https:\/\/www.isdin.com\/es\/blog\/wp-content\/uploads\/2021\/07\/2025_04_Sports_IMG07.jpg\" alt=\"\" class=\"wp-image-11969 lazyload\"\/><\/figure>\n\n\n\n<p><\/p>\n\n\n\n<h2 class=\"wp-block-heading\">Error n\u00ba3: aplicarte menos cantidad de la que tu piel necesita<\/h2>\n\n\n\n<figure class=\"wp-block-image size-full\"><img loading=\"lazy\" decoding=\"async\" width=\"1200\" height=\"618\" src=\"data:image\/gif;base64,R0lGODlhAQABAAAAACH5BAEKAAEALAAAAAABAAEAAAICTAEAOw==\" data-src=\"https:\/\/www.isdin.com\/es\/blog\/wp-content\/uploads\/2021\/07\/2025_04_Sports_IMG03.jpg\" alt=\"\" class=\"wp-image-11971 lazyload\"\/><\/figure>\n\n\n\n<p><\/p>\n\n\n\n<p>Puede que uses fotoprotector, pero si no te pones la cantidad adecuada, es como si no llevaras nada. La mayor\u00eda de la gente se queda muy corta al aplicarlo, especialmente cuando hace deporte. \u00bfTe suena? Un poco en la cara, un toque en los hombros\u2026 y ya est\u00e1. Pero entre el sudor, el roce con la ropa y el propio movimiento, esa capa fina desaparece antes de que termines el entrenamiento.<\/p>\n\n\n\n<p>Lo que mucha gente no sabe es que <strong>la protecci\u00f3n que aparece en el envase (FPS 50, por ejemplo) solo se alcanza si <a href=\"https:\/\/www.isdin.com\/es\/blog\/como-aplicar-correctamente-el-fotoprotector-solar\/\">aplicas la dosis correcta<\/a><\/strong>. Si te echas la mitad, est\u00e1s recibiendo mucho menos de la protecci\u00f3n prometida. Y eso, en plena exposici\u00f3n solar, puede marcar la diferencia entre una piel cuidada y una piel da\u00f1ada.<\/p>\n\n\n\n<p><\/p>\n\n\n\n<p class=\"has-background\" style=\"background-color:#f1dfbf\"><strong>La regla es f\u00e1cil<\/strong>: para el rostro, dos l\u00edneas de producto en los dedos \u00edndice y coraz\u00f3n; para el cuerpo, el equivalente a tres cucharadas soperas.<\/p>\n\n\n\n<p><\/p>\n\n\n\n<h2 class=\"wp-block-heading\">Error n\u00ba4: no reaplicar el fotoprotector cada dos horas<\/h2>\n\n\n\n<figure class=\"wp-block-image size-full\"><img loading=\"lazy\" decoding=\"async\" width=\"1200\" height=\"618\" src=\"data:image\/gif;base64,R0lGODlhAQABAAAAACH5BAEKAAEALAAAAAABAAEAAAICTAEAOw==\" data-src=\"https:\/\/www.isdin.com\/es\/blog\/wp-content\/uploads\/2021\/07\/2025_04_Sports_IMG08.jpg\" alt=\"\" class=\"wp-image-11974 lazyload\"\/><\/figure>\n\n\n\n<p><\/p>\n\n\n\n<p>El estudio de <em>Sport Life<\/em>, tambi\u00e9n <strong>revel\u00f3 que el 70% de los deportistas solo se aplica protector solar antes de empezar la actividad<\/strong>, y ah\u00ed se queda la cosa. El problema es que con el sudor, el roce y el paso del tiempo, esa protecci\u00f3n se va degradando. Y r\u00e1pido.<\/p>\n\n\n\n<p>Pero no es solo un tema deportivo. El \u00faltimo <a href=\"https:\/\/www.isdin.com\/es\/blog\/te-proteges-bien-del-sol\/\">estudio de h\u00e1bitos de fotoprotecci\u00f3n de ISDIN<\/a> tambi\u00e9n lo deja claro: <strong>solo el 18,5% de los espa\u00f1oles se reaplica el protector cada dos horas en un d\u00eda normal<\/strong>, y aunque en verano ese porcentaje sube al 72,2%, a\u00fan hay casi un 28% que no lo hace ni entonces. Ahora imagina en primavera, en invierno, o en esas rutas largas en bici o monta\u00f1a donde se te olvida.<\/p>\n\n\n\n<p>El consejo de los dermat\u00f3logos es claro: <strong>el fotoprotector hay que reaplicarlo cada dos horas, haga fr\u00edo o calor, y sin importar la estaci\u00f3n<\/strong>. Una buena idea es aprovechar los descansos para hidratarte, beber agua o <a href=\"https:\/\/www.isdin.com\/es\/blog\/alimentacion-para-una-piel-sana\/\">comer algo<\/a>. Ah\u00ed, en ese mismo momento, reaplica.<\/p>\n\n\n\n<h2 class=\"wp-block-heading\">Error n\u00ba5: olvidar zonas clave del cuerpo<\/h2>\n\n\n\n<figure class=\"wp-block-image size-full\"><img loading=\"lazy\" decoding=\"async\" width=\"1200\" height=\"618\" src=\"data:image\/gif;base64,R0lGODlhAQABAAAAACH5BAEKAAEALAAAAAABAAEAAAICTAEAOw==\" data-src=\"https:\/\/www.isdin.com\/es\/blog\/wp-content\/uploads\/2021\/07\/2025_04_Sports_IMG06.jpg\" alt=\"\" class=\"wp-image-11972 lazyload\"\/><\/figure>\n\n\n\n<p><\/p>\n\n\n\n<p>Te pones tu fotoprotector favorito en el rostro, los brazos y quiz\u00e1 los hombros\u2026 y ya. A correr. Pero luego, al final del d\u00eda, te pica el cuello, notas las orejas ardiendo o descubres que tus labios est\u00e1n m\u00e1s secos de lo habitual.<\/p>\n\n\n\n<p>Es uno de los errores m\u00e1s comunes (y m\u00e1s traicioneros): olvidarse de esas zonas que no parecen importantes\u2026 hasta que lo son. Las orejas, la nuca, el dorso de las <a href=\"https:\/\/www.isdin.com\/es\/blog\/hidratacion-manos-secas-en-3-pasos\/\">manos<\/a>, los empeines si vas en sandalias, <a href=\"https:\/\/www.isdin.com\/es\/blog\/como-cuidar-y-reparar-los-labios-agrietados\/\">los labios<\/a>, e incluso el <a href=\"https:\/\/www.isdin.com\/es\/blog\/skinification-tendencia-cuero-cabelludo-cuidar\/\">cuero cabelludo<\/a> si tienes el pelo fino o llevas raya. Todas ellas reciben radiaci\u00f3n igual o incluso m\u00e1s directa, y suelen ser las primeras en quemarse.<\/p>\n\n\n\n<p>Adem\u00e1s, en deportes como ciclismo o senderismo, donde pasas horas bajo el sol, estas zonas est\u00e1n mucho m\u00e1s expuestas de lo que crees. \u00bfLa soluci\u00f3n? <strong>Hacer un repaso mental r\u00e1pido antes de salir, como si revisaras el equipo<\/strong>. Apl\u00edcate protector tambi\u00e9n en esas zonas olvidadas y, si est\u00e1s mucho tiempo al aire libre, lleva contigo un <a href=\"https:\/\/www.isdin.com\/es\/p\/invisible-stick-spf-50\/4347\"><em>stick<\/em> facial<\/a> y un b\u00e1lsamo <a href=\"https:\/\/www.isdin.com\/es\/p\/protector-labial-spf-50\/3228\">labial con SPF<\/a> para reaplicar f\u00e1cilmente en puntos clave.<\/p>\n\n\n\n<h2 class=\"wp-block-heading\">Tu piel tambi\u00e9n juega este partido<\/h2>\n\n\n\n<figure class=\"wp-block-image size-full\"><img loading=\"lazy\" decoding=\"async\" width=\"1200\" height=\"618\" src=\"data:image\/gif;base64,R0lGODlhAQABAAAAACH5BAEKAAEALAAAAAABAAEAAAICTAEAOw==\" data-src=\"https:\/\/www.isdin.com\/es\/blog\/wp-content\/uploads\/2021\/07\/2025_04_Sports_IMG04.jpg\" alt=\"\" class=\"wp-image-11973 lazyload\"\/><\/figure>\n\n\n\n<p><\/p>\n\n\n\n<p>Siempre lo decimos, protegerte del sol no deber\u00eda ser algo que haces solo <a href=\"https:\/\/www.isdin.com\/es\/blog\/como-cuidar-la-piel-en-verano\/\">en verano<\/a> o cuando te acuerdas. Si haces deporte al aire libre, tu piel forma parte del equipo. <strong>Corre contigo, suda contigo, se supera contigo<\/strong>. Pero tambi\u00e9n recibe cada rayo, cada descuido, cada reaplicaci\u00f3n que no hiciste a tiempo.<\/p>\n\n\n\n<p>Evitar estos errores no es complicado. Solo necesitas <a href=\"https:\/\/www.isdin.com\/es\/blog\/de-meta-a-habito-la-clave-para-el-exito\/\">buenos h\u00e1bitos<\/a>, un fotoprotector que se adapte a tu ritmo y el compromiso de cuidar tu piel como cuidas tu rendimiento. Porque no se trata solo de verte bien hoy, sino de estar bien ma\u00f1ana.<\/p>\n\n\n\n<p>La pr\u00f3xima vez que salgas a entrenar, recuerda esto: zapatillas, agua, ganas\u2026 y fotoprotecci\u00f3n.<\/p>\n\n\n\n<p><strong>Siempre.<\/strong><\/p>\n\n\n\n<p><\/p>\n\n\n\n<h6 class=\"wp-block-heading\" id=\"h-referencias\"><strong>Referencias<\/strong>:<\/h6>\n\n\n\n<ol class=\"wp-block-list\">\n<li style=\"font-size:8px\">*Motorpress Iberica. Encuesta uso de cremas solares. Sport Life. 2020<\/li>\n\n\n\n<li style=\"font-size:8px\">3er\u00a0estudio ISDIN sobre h\u00e1bitos de protecci\u00f3n solar en Espa\u00f1a<\/li>\n<\/ol>\n\n\n\n<p><\/p>\n","protected":false},"excerpt":{"rendered":"<p>Seg\u00fan un estudio de Sport Life, realizado con m\u00e1s de 1.500 deportistas en Espa\u00f1a, el 45% solo usa protector solar en verano. Pero la realidad es que tu piel no funciona por estaciones ni por sensaciones t\u00e9rmicas.<\/p>\n","protected":false},"author":69,"featured_media":11975,"comment_status":"closed","ping_status":"closed","sticky":false,"template":"","format":"image","meta":{"footnotes":""},"categories":[1,100],"tags":[354,119,122],"class_list":["post-6562","post","type-post","status-publish","format-image","has-post-thumbnail","hentry","category-consejos-cuidados","category-sol-y-piel","tag-deporte","tag-fotoproteccion","tag-verano","post_format-post-format-image"],"yoast_head":"<!-- This site is optimized with the Yoast SEO Premium plugin v25.4 (Yoast SEO v25.4) - https:\/\/yoast.com\/wordpress\/plugins\/seo\/ -->\n<title>5 errores de fotoprotecci\u00f3n que cometes al hacer deporte (y c\u00f3mo evitarlos) - ISDIN<\/title>\n<meta name=\"description\" content=\"\u00bfEres deportista? No dejes que el sol te pase factura. Conoce los errores m\u00e1s comunes en fotoprotecci\u00f3n al hacer deporte y c\u00f3mo evitarlos.\" \/>\n<meta name=\"robots\" content=\"index, follow, max-snippet:-1, max-image-preview:large, max-video-preview:-1\" \/>\n<link rel=\"canonical\" href=\"https:\/\/www.isdin.com\/es\/blog\/errores-de-fotoproteccion-deporte\/\" \/>\n<meta property=\"og:locale\" content=\"es_ES\" \/>\n<meta property=\"og:type\" content=\"article\" \/>\n<meta property=\"og:title\" content=\"5 errores de fotoprotecci\u00f3n que cometes al hacer deporte (y c\u00f3mo evitarlos)\" \/>\n<meta property=\"og:description\" content=\"\u00bfEres deportista? No dejes que el sol te pase factura. Conoce los errores m\u00e1s comunes en fotoprotecci\u00f3n al hacer deporte y c\u00f3mo evitarlos.\" \/>\n<meta property=\"og:url\" content=\"https:\/\/www.isdin.com\/es\/blog\/errores-de-fotoproteccion-deporte\/\" \/>\n<meta property=\"og:site_name\" content=\"ISDIN\" \/>\n<meta property=\"article:publisher\" content=\"https:\/\/es-es.facebook.com\/ISDIN.official\/\" \/>\n<meta property=\"article:published_time\" content=\"2025-04-14T14:07:59+00:00\" \/>\n<meta property=\"article:modified_time\" content=\"2025-04-22T13:31:36+00:00\" \/>\n<meta property=\"og:image\" content=\"https:\/\/www.isdin.com\/es\/blog\/wp-content\/uploads\/2021\/07\/2021_07_Blog_Imatge_Facebook-6.jpg\" \/>\n\t<meta property=\"og:image:width\" content=\"1200\" \/>\n\t<meta property=\"og:image:height\" content=\"630\" \/>\n\t<meta property=\"og:image:type\" content=\"image\/jpeg\" \/>\n<meta name=\"author\" content=\"Belinda Mart\u00ednez\" \/>\n<meta name=\"twitter:card\" content=\"summary_large_image\" \/>\n<meta name=\"twitter:creator\" content=\"@isdin_official\" \/>\n<meta name=\"twitter:site\" content=\"@isdin_official\" \/>\n<meta name=\"twitter:label1\" content=\"Written by\" \/>\n\t<meta name=\"twitter:data1\" content=\"Belinda Mart\u00ednez\" \/>\n\t<meta name=\"twitter:label2\" content=\"Est. reading time\" \/>\n\t<meta name=\"twitter:data2\" content=\"8 minutes\" \/>\n<script type=\"application\/ld+json\" class=\"yoast-schema-graph\">{\"@context\":\"https:\/\/schema.org\",\"@graph\":[{\"@type\":\"Article\",\"@id\":\"https:\/\/www.isdin.com\/es\/blog\/errores-de-fotoproteccion-deporte\/#article\",\"isPartOf\":{\"@id\":\"https:\/\/www.isdin.com\/es\/blog\/errores-de-fotoproteccion-deporte\/\"},\"author\":{\"name\":\"Belinda Mart\u00ednez\",\"@id\":\"https:\/\/www.isdin.com\/es\/blog\/#\/schema\/person\/684015d7d9e78124cb4aa660f6fe8576\"},\"headline\":\"5 errores de fotoprotecci\u00f3n que cometes al hacer deporte (y c\u00f3mo evitarlos)\",\"datePublished\":\"2025-04-14T14:07:59+00:00\",\"dateModified\":\"2025-04-22T13:31:36+00:00\",\"mainEntityOfPage\":{\"@id\":\"https:\/\/www.isdin.com\/es\/blog\/errores-de-fotoproteccion-deporte\/\"},\"wordCount\":1461,\"publisher\":{\"@id\":\"https:\/\/www.isdin.com\/es\/blog\/#organization\"},\"image\":{\"@id\":\"https:\/\/www.isdin.com\/es\/blog\/errores-de-fotoproteccion-deporte\/#primaryimage\"},\"thumbnailUrl\":\"https:\/\/www.isdin.com\/es\/blog\/wp-content\/uploads\/2021\/07\/2025_04_Sports_IMG01-1.jpg\",\"keywords\":[\"deporte\",\"fotoprotecci\u00f3n\",\"verano\"],\"articleSection\":[\"Consejos y cuidados\",\"Sol y piel\"],\"inLanguage\":\"es-ES\"},{\"@type\":\"WebPage\",\"@id\":\"https:\/\/www.isdin.com\/es\/blog\/errores-de-fotoproteccion-deporte\/\",\"url\":\"https:\/\/www.isdin.com\/es\/blog\/errores-de-fotoproteccion-deporte\/\",\"name\":\"5 errores de fotoprotecci\u00f3n que cometes al hacer deporte (y c\u00f3mo evitarlos) - ISDIN\",\"isPartOf\":{\"@id\":\"https:\/\/www.isdin.com\/es\/blog\/#website\"},\"primaryImageOfPage\":{\"@id\":\"https:\/\/www.isdin.com\/es\/blog\/errores-de-fotoproteccion-deporte\/#primaryimage\"},\"image\":{\"@id\":\"https:\/\/www.isdin.com\/es\/blog\/errores-de-fotoproteccion-deporte\/#primaryimage\"},\"thumbnailUrl\":\"https:\/\/www.isdin.com\/es\/blog\/wp-content\/uploads\/2021\/07\/2025_04_Sports_IMG01-1.jpg\",\"datePublished\":\"2025-04-14T14:07:59+00:00\",\"dateModified\":\"2025-04-22T13:31:36+00:00\",\"description\":\"\u00bfEres deportista? No dejes que el sol te pase factura. Conoce los errores m\u00e1s comunes en fotoprotecci\u00f3n al hacer deporte y c\u00f3mo evitarlos.\",\"breadcrumb\":{\"@id\":\"https:\/\/www.isdin.com\/es\/blog\/errores-de-fotoproteccion-deporte\/#breadcrumb\"},\"inLanguage\":\"es-ES\",\"potentialAction\":[{\"@type\":\"ReadAction\",\"target\":[\"https:\/\/www.isdin.com\/es\/blog\/errores-de-fotoproteccion-deporte\/\"]}]},{\"@type\":\"ImageObject\",\"inLanguage\":\"es-ES\",\"@id\":\"https:\/\/www.isdin.com\/es\/blog\/errores-de-fotoproteccion-deporte\/#primaryimage\",\"url\":\"https:\/\/www.isdin.com\/es\/blog\/wp-content\/uploads\/2021\/07\/2025_04_Sports_IMG01-1.jpg\",\"contentUrl\":\"https:\/\/www.isdin.com\/es\/blog\/wp-content\/uploads\/2021\/07\/2025_04_Sports_IMG01-1.jpg\",\"width\":1200,\"height\":760,\"caption\":\"fotoprotecci\u00f3n y deporte\"},{\"@type\":\"BreadcrumbList\",\"@id\":\"https:\/\/www.isdin.com\/es\/blog\/errores-de-fotoproteccion-deporte\/#breadcrumb\",\"itemListElement\":[{\"@type\":\"ListItem\",\"position\":1,\"name\":\"Portada\",\"item\":\"https:\/\/www.isdin.com\/es\/blog\/\"},{\"@type\":\"ListItem\",\"position\":2,\"name\":\"5 errores de fotoprotecci\u00f3n que cometes al hacer deporte (y c\u00f3mo evitarlos)\"}]},{\"@type\":\"WebSite\",\"@id\":\"https:\/\/www.isdin.com\/es\/blog\/#website\",\"url\":\"https:\/\/www.isdin.com\/es\/blog\/\",\"name\":\"ISDIN\",\"description\":\"Novedades, lanzamientos de productos y toda la experiencia de ISDIN\",\"publisher\":{\"@id\":\"https:\/\/www.isdin.com\/es\/blog\/#organization\"},\"potentialAction\":[{\"@type\":\"SearchAction\",\"target\":{\"@type\":\"EntryPoint\",\"urlTemplate\":\"https:\/\/www.isdin.com\/es\/blog\/?s={search_term_string}\"},\"query-input\":{\"@type\":\"PropertyValueSpecification\",\"valueRequired\":true,\"valueName\":\"search_term_string\"}}],\"inLanguage\":\"es-ES\"},{\"@type\":\"Organization\",\"@id\":\"https:\/\/www.isdin.com\/es\/blog\/#organization\",\"name\":\"ISDIN\",\"alternateName\":\"ISDIN\",\"url\":\"https:\/\/www.isdin.com\/es\/blog\/\",\"logo\":{\"@type\":\"ImageObject\",\"inLanguage\":\"es-ES\",\"@id\":\"https:\/\/www.isdin.com\/es\/blog\/#\/schema\/logo\/image\/\",\"url\":\"https:\/\/www.isdin.com\/es\/blog\/wp-content\/uploads\/2024\/05\/2025_03_GuiaFoto_FWM.png\",\"contentUrl\":\"https:\/\/www.isdin.com\/es\/blog\/wp-content\/uploads\/2024\/05\/2025_03_GuiaFoto_FWM.png\",\"width\":670,\"height\":683,\"caption\":\"ISDIN\"},\"image\":{\"@id\":\"https:\/\/www.isdin.com\/es\/blog\/#\/schema\/logo\/image\/\"},\"sameAs\":[\"https:\/\/es-es.facebook.com\/ISDIN.official\/\",\"https:\/\/x.com\/isdin_official\",\"https:\/\/www.instagram.com\/isdinofficial\",\"https:\/\/www.youtube.com\/channel\/UCtoNJMKpDwdFLqgV23_lcqg\"],\"telephone\":\"659997812\"},{\"@type\":\"Person\",\"@id\":\"https:\/\/www.isdin.com\/es\/blog\/#\/schema\/person\/684015d7d9e78124cb4aa660f6fe8576\",\"name\":\"Belinda Mart\u00ednez\",\"image\":{\"@type\":\"ImageObject\",\"inLanguage\":\"es-ES\",\"@id\":\"https:\/\/www.isdin.com\/es\/blog\/#\/schema\/person\/image\/\",\"url\":\"https:\/\/www.isdin.com\/es\/blog\/wp-content\/uploads\/2017\/07\/jjjj.jpg\",\"contentUrl\":\"https:\/\/www.isdin.com\/es\/blog\/wp-content\/uploads\/2017\/07\/jjjj.jpg\",\"caption\":\"Belinda Mart\u00ednez\"},\"description\":\"Belinda es periodista y copywriter creativa. Tras a\u00f1os de experiencia, decidi\u00f3 fusionar sus habilidades de escritura con su amor por el skincare, convirti\u00e9ndose en una especialista en la materia. \u00bfSu imprescindible? Un buen b\u00e1lsamo de labios.\",\"sameAs\":[\"https:\/\/www.linkedin.com\/in\/thisisbel\/\"],\"url\":\"https:\/\/www.isdin.com\/es\/blog\/author\/belindamartinez\/\"}]}<\/script>\n<!-- \/ Yoast SEO Premium plugin. -->","yoast_head_json":{"title":"5 errores de fotoprotecci\u00f3n que cometes al hacer deporte (y c\u00f3mo evitarlos) - ISDIN","description":"\u00bfEres deportista? No dejes que el sol te pase factura. Conoce los errores m\u00e1s comunes en fotoprotecci\u00f3n al hacer deporte y c\u00f3mo evitarlos.","robots":{"index":"index","follow":"follow","max-snippet":"max-snippet:-1","max-image-preview":"max-image-preview:large","max-video-preview":"max-video-preview:-1"},"canonical":"https:\/\/www.isdin.com\/es\/blog\/errores-de-fotoproteccion-deporte\/","og_locale":"es_ES","og_type":"article","og_title":"5 errores de fotoprotecci\u00f3n que cometes al hacer deporte (y c\u00f3mo evitarlos)","og_description":"\u00bfEres deportista? No dejes que el sol te pase factura. Conoce los errores m\u00e1s comunes en fotoprotecci\u00f3n al hacer deporte y c\u00f3mo evitarlos.","og_url":"https:\/\/www.isdin.com\/es\/blog\/errores-de-fotoproteccion-deporte\/","og_site_name":"ISDIN","article_publisher":"https:\/\/es-es.facebook.com\/ISDIN.official\/","article_published_time":"2025-04-14T14:07:59+00:00","article_modified_time":"2025-04-22T13:31:36+00:00","og_image":[{"width":1200,"height":630,"url":"https:\/\/www.isdin.com\/es\/blog\/wp-content\/uploads\/2021\/07\/2021_07_Blog_Imatge_Facebook-6.jpg","type":"image\/jpeg"}],"author":"Belinda Mart\u00ednez","twitter_card":"summary_large_image","twitter_creator":"@isdin_official","twitter_site":"@isdin_official","twitter_misc":{"Written by":"Belinda Mart\u00ednez","Est. reading time":"8 minutes"},"schema":{"@context":"https:\/\/schema.org","@graph":[{"@type":"Article","@id":"https:\/\/www.isdin.com\/es\/blog\/errores-de-fotoproteccion-deporte\/#article","isPartOf":{"@id":"https:\/\/www.isdin.com\/es\/blog\/errores-de-fotoproteccion-deporte\/"},"author":{"name":"Belinda Mart\u00ednez","@id":"https:\/\/www.isdin.com\/es\/blog\/#\/schema\/person\/684015d7d9e78124cb4aa660f6fe8576"},"headline":"5 errores de fotoprotecci\u00f3n que cometes al hacer deporte (y c\u00f3mo evitarlos)","datePublished":"2025-04-14T14:07:59+00:00","dateModified":"2025-04-22T13:31:36+00:00","mainEntityOfPage":{"@id":"https:\/\/www.isdin.com\/es\/blog\/errores-de-fotoproteccion-deporte\/"},"wordCount":1461,"publisher":{"@id":"https:\/\/www.isdin.com\/es\/blog\/#organization"},"image":{"@id":"https:\/\/www.isdin.com\/es\/blog\/errores-de-fotoproteccion-deporte\/#primaryimage"},"thumbnailUrl":"https:\/\/www.isdin.com\/es\/blog\/wp-content\/uploads\/2021\/07\/2025_04_Sports_IMG01-1.jpg","keywords":["deporte","fotoprotecci\u00f3n","verano"],"articleSection":["Consejos y cuidados","Sol y piel"],"inLanguage":"es-ES"},{"@type":"WebPage","@id":"https:\/\/www.isdin.com\/es\/blog\/errores-de-fotoproteccion-deporte\/","url":"https:\/\/www.isdin.com\/es\/blog\/errores-de-fotoproteccion-deporte\/","name":"5 errores de fotoprotecci\u00f3n que cometes al hacer deporte (y c\u00f3mo evitarlos) - ISDIN","isPartOf":{"@id":"https:\/\/www.isdin.com\/es\/blog\/#website"},"primaryImageOfPage":{"@id":"https:\/\/www.isdin.com\/es\/blog\/errores-de-fotoproteccion-deporte\/#primaryimage"},"image":{"@id":"https:\/\/www.isdin.com\/es\/blog\/errores-de-fotoproteccion-deporte\/#primaryimage"},"thumbnailUrl":"https:\/\/www.isdin.com\/es\/blog\/wp-content\/uploads\/2021\/07\/2025_04_Sports_IMG01-1.jpg","datePublished":"2025-04-14T14:07:59+00:00","dateModified":"2025-04-22T13:31:36+00:00","description":"\u00bfEres deportista? No dejes que el sol te pase factura. Conoce los errores m\u00e1s comunes en fotoprotecci\u00f3n al hacer deporte y c\u00f3mo evitarlos.","breadcrumb":{"@id":"https:\/\/www.isdin.com\/es\/blog\/errores-de-fotoproteccion-deporte\/#breadcrumb"},"inLanguage":"es-ES","potentialAction":[{"@type":"ReadAction","target":["https:\/\/www.isdin.com\/es\/blog\/errores-de-fotoproteccion-deporte\/"]}]},{"@type":"ImageObject","inLanguage":"es-ES","@id":"https:\/\/www.isdin.com\/es\/blog\/errores-de-fotoproteccion-deporte\/#primaryimage","url":"https:\/\/www.isdin.com\/es\/blog\/wp-content\/uploads\/2021\/07\/2025_04_Sports_IMG01-1.jpg","contentUrl":"https:\/\/www.isdin.com\/es\/blog\/wp-content\/uploads\/2021\/07\/2025_04_Sports_IMG01-1.jpg","width":1200,"height":760,"caption":"fotoprotecci\u00f3n y deporte"},{"@type":"BreadcrumbList","@id":"https:\/\/www.isdin.com\/es\/blog\/errores-de-fotoproteccion-deporte\/#breadcrumb","itemListElement":[{"@type":"ListItem","position":1,"name":"Portada","item":"https:\/\/www.isdin.com\/es\/blog\/"},{"@type":"ListItem","position":2,"name":"5 errores de fotoprotecci\u00f3n que cometes al hacer deporte (y c\u00f3mo evitarlos)"}]},{"@type":"WebSite","@id":"https:\/\/www.isdin.com\/es\/blog\/#website","url":"https:\/\/www.isdin.com\/es\/blog\/","name":"ISDIN","description":"Novedades, lanzamientos de productos y toda la experiencia de ISDIN","publisher":{"@id":"https:\/\/www.isdin.com\/es\/blog\/#organization"},"potentialAction":[{"@type":"SearchAction","target":{"@type":"EntryPoint","urlTemplate":"https:\/\/www.isdin.com\/es\/blog\/?s={search_term_string}"},"query-input":{"@type":"PropertyValueSpecification","valueRequired":true,"valueName":"search_term_string"}}],"inLanguage":"es-ES"},{"@type":"Organization","@id":"https:\/\/www.isdin.com\/es\/blog\/#organization","name":"ISDIN","alternateName":"ISDIN","url":"https:\/\/www.isdin.com\/es\/blog\/","logo":{"@type":"ImageObject","inLanguage":"es-ES","@id":"https:\/\/www.isdin.com\/es\/blog\/#\/schema\/logo\/image\/","url":"https:\/\/www.isdin.com\/es\/blog\/wp-content\/uploads\/2024\/05\/2025_03_GuiaFoto_FWM.png","contentUrl":"https:\/\/www.isdin.com\/es\/blog\/wp-content\/uploads\/2024\/05\/2025_03_GuiaFoto_FWM.png","width":670,"height":683,"caption":"ISDIN"},"image":{"@id":"https:\/\/www.isdin.com\/es\/blog\/#\/schema\/logo\/image\/"},"sameAs":["https:\/\/es-es.facebook.com\/ISDIN.official\/","https:\/\/x.com\/isdin_official","https:\/\/www.instagram.com\/isdinofficial","https:\/\/www.youtube.com\/channel\/UCtoNJMKpDwdFLqgV23_lcqg"],"telephone":"659997812"},{"@type":"Person","@id":"https:\/\/www.isdin.com\/es\/blog\/#\/schema\/person\/684015d7d9e78124cb4aa660f6fe8576","name":"Belinda Mart\u00ednez","image":{"@type":"ImageObject","inLanguage":"es-ES","@id":"https:\/\/www.isdin.com\/es\/blog\/#\/schema\/person\/image\/","url":"https:\/\/www.isdin.com\/es\/blog\/wp-content\/uploads\/2017\/07\/jjjj.jpg","contentUrl":"https:\/\/www.isdin.com\/es\/blog\/wp-content\/uploads\/2017\/07\/jjjj.jpg","caption":"Belinda Mart\u00ednez"},"description":"Belinda es periodista y copywriter creativa. Tras a\u00f1os de experiencia, decidi\u00f3 fusionar sus habilidades de escritura con su amor por el skincare, convirti\u00e9ndose en una especialista en la materia. \u00bfSu imprescindible? Un buen b\u00e1lsamo de labios.","sameAs":["https:\/\/www.linkedin.com\/in\/thisisbel\/"],"url":"https:\/\/www.isdin.com\/es\/blog\/author\/belindamartinez\/"}]}},"_links":{"self":[{"href":"https:\/\/www.isdin.com\/es\/blog\/wp-json\/wp\/v2\/posts\/6562","targetHints":{"allow":["GET"]}}],"collection":[{"href":"https:\/\/www.isdin.com\/es\/blog\/wp-json\/wp\/v2\/posts"}],"about":[{"href":"https:\/\/www.isdin.com\/es\/blog\/wp-json\/wp\/v2\/types\/post"}],"author":[{"embeddable":true,"href":"https:\/\/www.isdin.com\/es\/blog\/wp-json\/wp\/v2\/users\/69"}],"replies":[{"embeddable":true,"href":"https:\/\/www.isdin.com\/es\/blog\/wp-json\/wp\/v2\/comments?post=6562"}],"version-history":[{"count":6,"href":"https:\/\/www.isdin.com\/es\/blog\/wp-json\/wp\/v2\/posts\/6562\/revisions"}],"predecessor-version":[{"id":11980,"href":"https:\/\/www.isdin.com\/es\/blog\/wp-json\/wp\/v2\/posts\/6562\/revisions\/11980"}],"wp:featuredmedia":[{"embeddable":true,"href":"https:\/\/www.isdin.com\/es\/blog\/wp-json\/wp\/v2\/media\/11975"}],"wp:attachment":[{"href":"https:\/\/www.isdin.com\/es\/blog\/wp-json\/wp\/v2\/media?parent=6562"}],"wp:term":[{"taxonomy":"category","embeddable":true,"href":"https:\/\/www.isdin.com\/es\/blog\/wp-json\/wp\/v2\/categories?post=6562"},{"taxonomy":"post_tag","embeddable":true,"href":"https:\/\/www.isdin.com\/es\/blog\/wp-json\/wp\/v2\/tags?post=6562"}],"curies":[{"name":"wp","href":"https:\/\/api.w.org\/{rel}","templated":true}]}}