{"id":6424,"date":"2025-06-20T13:42:00","date_gmt":"2025-06-20T13:42:00","guid":{"rendered":"https:\/\/www.isdin.com\/es\/blog\/?p=6424"},"modified":"2025-06-20T13:43:42","modified_gmt":"2025-06-20T13:43:42","slug":"como-cuidar-la-piel-en-verano","status":"publish","type":"post","link":"https:\/\/www.isdin.com\/es\/blog\/como-cuidar-la-piel-en-verano\/","title":{"rendered":"Tu nueva rutina facial de verano: limpia, hidrata, protege, disfruta"},"content":{"rendered":"\n<p><strong>Tu rutina de <em>skincare<\/em> de verano es mucho m\u00e1s que un paso a paso: es tu aliada silenciosa<\/strong>, esa c\u00f3mplice que trabaja contigo (y para ti) mientras el sol aprieta, el calor sube y la piel pide un respiro. Porque s\u00ed, en verano cambian tus planes, tu energ\u00eda&#8230; y tambi\u00e9n las necesidades de tu piel.<\/p>\n\n\n\n<p>El sol, la humedad y las altas temperaturas pueden alterar su equilibrio, pero tambi\u00e9n son una oportunidad perfecta para <strong>reinventar tu rutina con texturas frescas y f\u00f3rmulas ligeras.<\/strong><\/p>\n\n\n\n<p>Con la ayuda de <strong>Chiyoung Kang Park \u2014Medical Marketing Specialist en ISDIN\u2014<\/strong>, te contamos c\u00f3mo afectan el calor y la radiaci\u00f3n solar a tu piel, y cu\u00e1les son los productos imprescindibles para mantenerla hidratada, protegida y con ese <em>glow<\/em> saludable durante toda la temporada.<\/p>\n\n\n\n<h2 class=\"wp-block-heading\" id=\"h-que-le-pasa-a-la-piel-en-verano\">\u00bfQu\u00e9 le pasa a la piel en verano?<\/h2>\n\n\n\n<p><\/p>\n\n\n\n<figure class=\"wp-block-image size-large\"><img loading=\"lazy\" decoding=\"async\" width=\"1024\" height=\"527\" src=\"data:image\/gif;base64,R0lGODlhAQABAAAAACH5BAEKAAEALAAAAAABAAEAAAICTAEAOw==\" data-src=\"https:\/\/www.isdin.com\/es\/blog\/wp-content\/uploads\/2023\/06\/Imagen-en-el-contenido-45-1-1024x527.png\" alt=\"\" class=\"wp-image-12202 lazyload\" data-sizes=\"auto\" data-srcset=\"https:\/\/www.isdin.com\/es\/blog\/wp-content\/uploads\/2023\/06\/Imagen-en-el-contenido-45-1-1024x527.png 1024w, https:\/\/www.isdin.com\/es\/blog\/wp-content\/uploads\/2023\/06\/Imagen-en-el-contenido-45-1-300x155.png 300w, https:\/\/www.isdin.com\/es\/blog\/wp-content\/uploads\/2023\/06\/Imagen-en-el-contenido-45-1-150x77.png 150w, https:\/\/www.isdin.com\/es\/blog\/wp-content\/uploads\/2023\/06\/Imagen-en-el-contenido-45-1-768x396.png 768w, https:\/\/www.isdin.com\/es\/blog\/wp-content\/uploads\/2023\/06\/Imagen-en-el-contenido-45-1-585x300.png 585w, https:\/\/www.isdin.com\/es\/blog\/wp-content\/uploads\/2023\/06\/Imagen-en-el-contenido-45-1-450x232.png 450w, https:\/\/www.isdin.com\/es\/blog\/wp-content\/uploads\/2023\/06\/Imagen-en-el-contenido-45-1-20x11.png 20w, https:\/\/www.isdin.com\/es\/blog\/wp-content\/uploads\/2023\/06\/Imagen-en-el-contenido-45-1-225x116.png 225w, https:\/\/www.isdin.com\/es\/blog\/wp-content\/uploads\/2023\/06\/Imagen-en-el-contenido-45-1-900x464.png 900w, https:\/\/www.isdin.com\/es\/blog\/wp-content\/uploads\/2023\/06\/Imagen-en-el-contenido-45-1.png 1200w\" sizes=\"auto, (max-width: 1024px) 100vw, 1024px\" \/><\/figure>\n\n\n\n<p><\/p>\n\n\n\n<p>Llega el sol, el calor, los d\u00edas m\u00e1s largos\u2026 y con ellos, una necesidad clave: no descuidar la <a href=\"https:\/\/www.isdin.com\/es\/blog\/fotoprotectores-solares-para-la-cara-isdin\/\">protecci\u00f3n de tu piel<\/a>. Aunque la <a href=\"https:\/\/www.isdin.com\/blog\/efectos-radiacion-solar-piel\/\"><strong>radiaci\u00f3n solar<\/strong><\/a> est\u00e1 presente todo el a\u00f1o, en verano <strong>los rayos UVB \u2014los responsables de las quemaduras solares\u2014 alcanzan su m\u00e1xima intensidad<\/strong>.<\/p>\n\n\n\n<p>Pero m\u00e1s all\u00e1 del <a href=\"https:\/\/www.isdin.com\/es\/blog\/cuperosis-que-es-y-como-tratarla\/\">enrojecimiento<\/a> o las molestias inmediatas, el sol puede dejar huellas m\u00e1s profundas. La exposici\u00f3n excesiva puede aumentar el riesgo de <a href=\"https:\/\/www.isdin.com\/blog\/melanoma-causas-y-como-prevenirlo\/\"><strong>c\u00e1ncer de piel<\/strong><\/a>, provocar <a href=\"https:\/\/www.isdin.com\/es\/blog\/hiperpigmentacion-de-la-piel-que-tienes-que-saber\/\">manchas<\/a>, acelerar la <a href=\"https:\/\/www.isdin.com\/blog\/well-aging-como-prevenir-y-cuidar-nuestras-arrugas\/\">aparici\u00f3n de arrugas<\/a> y activar un proceso silencioso pero potente: el <a href=\"https:\/\/www.isdin.com\/blog\/que-es-la-oxidacion-de-la-piel\/\"><strong>estr\u00e9s oxidativo<\/strong><\/a>.<\/p>\n\n\n\n<p><strong>Chiyoung, lo explica as\u00ed<\/strong>: \u201cCuando la piel recibe demasiada <strong>radiaci\u00f3n UV<\/strong>, su sistema antioxidante puede saturarse. Esto genera un exceso de radicales libres, mol\u00e9culas inestables que alteran las c\u00e9lulas de la piel y desencadenan el <strong>estr\u00e9s oxidativo<\/strong>\u201d.<\/p>\n\n\n\n<p>Este desequilibrio es el origen del <a href=\"https:\/\/www.isdin.com\/es\/blog\/efectos-del-fotoenvejecimiento-en-la-piel\/\"><strong>fotoenvejecimiento<\/strong><\/a>, es decir, del envejecimiento prematuro causado por el sol. \u201cEl fotoenvejecimiento se manifiesta con signos visibles como arrugas, l\u00edneas finas y manchas oscuras, y es mucho m\u00e1s intenso que el provocado por otros factores del entorno, como la contaminaci\u00f3n o el estr\u00e9s\u201d, a\u00f1ade Chiyoung.<\/p>\n\n\n\n<p>La buena noticia es que puedes prevenirlo. \u00bfC\u00f3mo? Con protecci\u00f3n diaria y una <strong>rutina de <em>skincare<\/em> espec\u00edfica para el verano<\/strong>, que ayude a tu piel a defenderse, repararse y seguir brillando sin comprometer su salud.<\/p>\n\n\n\n<h2 class=\"wp-block-heading\">\u00bfQu\u00e9 se necesita para establecer una rutina de belleza de verano para la piel?<\/h2>\n\n\n\n<p>No importa si tu piel es <a href=\"https:\/\/www.isdin.com\/es\/blog\/piel-seca-o-deshidratada-tenemos-la-rutina-que-buscas\/\">seca<\/a>, <a href=\"https:\/\/www.isdin.com\/es\/blog\/rutina-piel-sensible\/\">sensible<\/a>, <a href=\"https:\/\/www.isdin.com\/es\/blog\/rutina-piel-grasa-mixta\/\"><strong>grasa o mixta<\/strong><\/a>: en verano, las reglas del cuidado facial cambian. El calor, la humedad, el sudor y la exposici\u00f3n al sol exigen una atenci\u00f3n especial. Por eso, una buena rutina de <em>skincare<\/em> para esta temporada debe enfocarse en dos pilares esenciales: <a href=\"https:\/\/www.isdin.com\/blog\/guia-esencial-de-limpiadores-faciales\/\"><strong>limpiar profundamente<\/strong><\/a> y <a href=\"https:\/\/www.isdin.com\/blog\/guia-esencial-de-cremas-hidratantes-faciales\/\"><strong>mantener la hidrataci\u00f3n<\/strong><\/a>.<\/p>\n\n\n\n<p>Y por supuesto, sin olvidar el mantra del verano: <strong>proteger de d\u00eda, reparar de noche<\/strong>. Con esto en mente, aqu\u00ed tienes una gu\u00eda paso a paso para construir una rutina de belleza veraniega que funcione para ti y tu tipo de piel.<\/p>\n\n\n\n<h3 class=\"wp-block-heading\">1. Una limpieza que se siente como un respiro<\/h3>\n\n\n\n<p>En verano, tu piel tambi\u00e9n necesita un descanso. T\u00fa puedes estar en modo \u2018vacaciones\u2019, pero ella est\u00e1 en constante modo batalla: sudor, protector solar, <a href=\"https:\/\/www.isdin.com\/es\/blog\/efectos-polucion-piel-como-protegerla\/\">contaminaci\u00f3n<\/a>, sebo&#8230; sin mencionar que te tocas la cara sin querer, \u00bfte suena? Todo eso se acumula y, si no lo limpias bien, puede dejarte una piel cargada, opaca o con imperfecciones.<\/p>\n\n\n\n<div class=\"wp-block-media-text has-media-on-the-right is-stacked-on-mobile\"><div class=\"wp-block-media-text__content\">\n<p><strong>Por la ma\u00f1ana<\/strong>, despierta tu piel con una limpieza suave pero eficaz. <a href=\"https:\/\/www.isdin.com\/es\/p\/essential-purifier\/4684\">Essential Purifier<\/a> es una espuma limpiadora extra densa enriquecida con extractos de hoja de olivo mediterr\u00e1nea y lavanda. Dejar\u00e1 tu piel fresca, equilibrada y lista para enfrentarse al d\u00eda con ese <a href=\"https:\/\/www.isdin.com\/es\/blog\/piel-grasa-vs-piel-glowy-diferencias-y-rutina-skincare\/\">glow natural<\/a> que tanto nos gusta.<\/p>\n<\/div><figure class=\"wp-block-media-text__media\"><img loading=\"lazy\" decoding=\"async\" width=\"895\" height=\"1024\" src=\"data:image\/gif;base64,R0lGODlhAQABAAAAACH5BAEKAAEALAAAAAABAAEAAAICTAEAOw==\" data-src=\"https:\/\/www.isdin.com\/es\/blog\/wp-content\/uploads\/2023\/06\/2025_03_Glow_IMG04-12-1-1-895x1024.png\" alt=\"\" class=\"wp-image-12203 size-full lazyload\" data-sizes=\"auto\" data-srcset=\"https:\/\/www.isdin.com\/es\/blog\/wp-content\/uploads\/2023\/06\/2025_03_Glow_IMG04-12-1-1-895x1024.png 895w, https:\/\/www.isdin.com\/es\/blog\/wp-content\/uploads\/2023\/06\/2025_03_Glow_IMG04-12-1-1-262x300.png 262w, https:\/\/www.isdin.com\/es\/blog\/wp-content\/uploads\/2023\/06\/2025_03_Glow_IMG04-12-1-1-131x150.png 131w, https:\/\/www.isdin.com\/es\/blog\/wp-content\/uploads\/2023\/06\/2025_03_Glow_IMG04-12-1-1-768x879.png 768w, https:\/\/www.isdin.com\/es\/blog\/wp-content\/uploads\/2023\/06\/2025_03_Glow_IMG04-12-1-1-450x515.png 450w, https:\/\/www.isdin.com\/es\/blog\/wp-content\/uploads\/2023\/06\/2025_03_Glow_IMG04-12-1-1-225x257.png 225w, https:\/\/www.isdin.com\/es\/blog\/wp-content\/uploads\/2023\/06\/2025_03_Glow_IMG04-12-1-1-900x1030.png 900w, https:\/\/www.isdin.com\/es\/blog\/wp-content\/uploads\/2023\/06\/2025_03_Glow_IMG04-12-1-1-20x23.png 20w, https:\/\/www.isdin.com\/es\/blog\/wp-content\/uploads\/2023\/06\/2025_03_Glow_IMG04-12-1-1.png 1000w\" sizes=\"auto, (max-width: 895px) 100vw, 895px\" \/><\/figure><\/div>\n\n\n\n<p><\/p>\n\n\n\n<div class=\"wp-block-media-text is-stacked-on-mobile\"><figure class=\"wp-block-media-text__media\"><img loading=\"lazy\" decoding=\"async\" width=\"895\" height=\"1024\" src=\"data:image\/gif;base64,R0lGODlhAQABAAAAACH5BAEKAAEALAAAAAABAAEAAAICTAEAOw==\" data-src=\"https:\/\/www.isdin.com\/es\/blog\/wp-content\/uploads\/2023\/06\/2025_03_Glow_IMG04-13-1-895x1024.png\" alt=\"\" class=\"wp-image-12204 size-full lazyload\" data-sizes=\"auto\" data-srcset=\"https:\/\/www.isdin.com\/es\/blog\/wp-content\/uploads\/2023\/06\/2025_03_Glow_IMG04-13-1-895x1024.png 895w, https:\/\/www.isdin.com\/es\/blog\/wp-content\/uploads\/2023\/06\/2025_03_Glow_IMG04-13-1-262x300.png 262w, https:\/\/www.isdin.com\/es\/blog\/wp-content\/uploads\/2023\/06\/2025_03_Glow_IMG04-13-1-131x150.png 131w, https:\/\/www.isdin.com\/es\/blog\/wp-content\/uploads\/2023\/06\/2025_03_Glow_IMG04-13-1-768x879.png 768w, https:\/\/www.isdin.com\/es\/blog\/wp-content\/uploads\/2023\/06\/2025_03_Glow_IMG04-13-1-450x515.png 450w, https:\/\/www.isdin.com\/es\/blog\/wp-content\/uploads\/2023\/06\/2025_03_Glow_IMG04-13-1-225x257.png 225w, https:\/\/www.isdin.com\/es\/blog\/wp-content\/uploads\/2023\/06\/2025_03_Glow_IMG04-13-1-900x1030.png 900w, https:\/\/www.isdin.com\/es\/blog\/wp-content\/uploads\/2023\/06\/2025_03_Glow_IMG04-13-1-20x23.png 20w, https:\/\/www.isdin.com\/es\/blog\/wp-content\/uploads\/2023\/06\/2025_03_Glow_IMG04-13-1.png 1000w\" sizes=\"auto, (max-width: 895px) 100vw, 895px\" \/><\/figure><div class=\"wp-block-media-text__content\">\n<p><strong>Por la noche<\/strong>, dale a tu piel el descanso que merece con <a href=\"https:\/\/www.isdin.com\/es\/p\/essential-cleansing\/4041\"><strong>Essential Cleansing<\/strong><\/a>, tu mejor aliado para cerrar el d\u00eda. Su textura en aceite se funde con el maquillaje, el protector solar y todas las impurezas que se acumulan a lo largo del d\u00eda\u2026 y al contacto con el agua, <strong>se transforma en una leche<\/strong> que limpia con suavidad y sin dejar sensaci\u00f3n grasa.<\/p>\n\n\n\n<p>El resultado: una piel limpia, nutrida y luminosa, perfecta para entrar en modo reparaci\u00f3n nocturna.<\/p>\n<\/div><\/div>\n\n\n\n<h3 class=\"wp-block-heading\">2. Cuidar el contorno de los ojos como se merece<\/h3>\n\n\n\n<p>El verano est\u00e1 lleno de esos peque\u00f1os grandes momentos: carcajadas con amigas, mirar el atardecer desde la playa, cerrar los ojos mientras sientes la brisa, o trasnochar bailando hasta que amanece. <strong>Tu mirada lo vive todo<\/strong>, y eso significa que <a href=\"https:\/\/www.isdin.com\/blog\/guia-esencial-sobre-contornos-de-ojos\/\">el contorno de tus ojos<\/a> \u2014una de las zonas m\u00e1s finas y delicadas del rostro\u2014 tambi\u00e9n lo siente.<\/p>\n\n\n\n<p><strong>\u00bfNuestro imprescindible para este verano?<\/strong> <a href=\"https:\/\/www.isdin.com\/es\/p\/hyaluronic-eyes\/4319\">Hyaluronic Eyes<\/a>, un contorno de ojos con <a href=\"https:\/\/www.isdin.com\/blog\/para-que-sirve-acido-hialuronico\/\">\u00e1cido hialur\u00f3nico<\/a> que hidrata en profundidad, descongestiona y refresca la mirada al instante. Su textura ligera lo hace perfecto tanto por la <strong>ma\u00f1ana<\/strong> como por la <strong>noche<\/strong>, y su <strong>aplicador con efecto fr\u00edo<\/strong> ayuda a revitalizar la zona en cuesti\u00f3n de segundos.<\/p>\n\n\n\n<figure class=\"wp-block-image size-large\"><img loading=\"lazy\" decoding=\"async\" width=\"1024\" height=\"527\" src=\"data:image\/gif;base64,R0lGODlhAQABAAAAACH5BAEKAAEALAAAAAABAAEAAAICTAEAOw==\" data-src=\"https:\/\/www.isdin.com\/es\/blog\/wp-content\/uploads\/2023\/06\/Producto-Textura-9-1024x527.png\" alt=\"\" class=\"wp-image-12205 lazyload\" data-sizes=\"auto\" data-srcset=\"https:\/\/www.isdin.com\/es\/blog\/wp-content\/uploads\/2023\/06\/Producto-Textura-9-1024x527.png 1024w, https:\/\/www.isdin.com\/es\/blog\/wp-content\/uploads\/2023\/06\/Producto-Textura-9-300x155.png 300w, https:\/\/www.isdin.com\/es\/blog\/wp-content\/uploads\/2023\/06\/Producto-Textura-9-150x77.png 150w, https:\/\/www.isdin.com\/es\/blog\/wp-content\/uploads\/2023\/06\/Producto-Textura-9-768x396.png 768w, https:\/\/www.isdin.com\/es\/blog\/wp-content\/uploads\/2023\/06\/Producto-Textura-9-1536x791.png 1536w, https:\/\/www.isdin.com\/es\/blog\/wp-content\/uploads\/2023\/06\/Producto-Textura-9-2048x1055.png 2048w, https:\/\/www.isdin.com\/es\/blog\/wp-content\/uploads\/2023\/06\/Producto-Textura-9-585x300.png 585w, https:\/\/www.isdin.com\/es\/blog\/wp-content\/uploads\/2023\/06\/Producto-Textura-9-450x232.png 450w, https:\/\/www.isdin.com\/es\/blog\/wp-content\/uploads\/2023\/06\/Producto-Textura-9-20x11.png 20w, https:\/\/www.isdin.com\/es\/blog\/wp-content\/uploads\/2023\/06\/Producto-Textura-9-225x116.png 225w, https:\/\/www.isdin.com\/es\/blog\/wp-content\/uploads\/2023\/06\/Producto-Textura-9-900x464.png 900w, https:\/\/www.isdin.com\/es\/blog\/wp-content\/uploads\/2023\/06\/Producto-Textura-9-1350x695.png 1350w\" sizes=\"auto, (max-width: 1024px) 100vw, 1024px\" \/><\/figure>\n\n\n\n<p><\/p>\n\n\n\n<p><\/p>\n\n\n\n<p><\/p>\n\n\n\n<p class=\"has-background\" style=\"background-color:#f1dfbf\">\u00bfSab\u00edas que esta \u00e1rea tiene menos gl\u00e1ndulas seb\u00e1ceas y <a href=\"https:\/\/www.isdin.com\/es\/blog\/beneficios-del-colageno-para-la-piel\/\">col\u00e1geno<\/a>? Por eso tiende a deshidratarse y mostrar los signos de cansancio antes que cualquier otra. Mimarla a diario no es un lujo, es una necesidad.<\/p>\n\n\n\n<p><\/p>\n\n\n\n<h3 class=\"wp-block-heading\" id=\"h-3-anadir-un-super-serum-para-el-verano\">3. A\u00f1adir un s\u00faper s\u00e9rum para el verano<\/h3>\n\n\n\n<p>El verano pide minimalismo. Es el momento de descubrir que menos puede ser m\u00e1s cuando se trata de cuidar nuestra piel (\u00a1pero sin sacrificar los resultados!). La clave est\u00e1 en <a href=\"https:\/\/www.isdin.com\/es\/blog\/guia-esencial-de-serums-dia-noche\/\">elegir un s\u00e9rum<\/a> todo en uno con texturas ligeras que maximicen resultados sin sobrecargar.<\/p>\n\n\n\n<div class=\"wp-block-media-text has-media-on-the-right is-stacked-on-mobile\"><div class=\"wp-block-media-text__content\">\n<p><strong>Por la ma\u00f1ana<\/strong>, empieza el d\u00eda con una buena dosis de hidrataci\u00f3n. Si notas la piel tirante, apagada o con finas l\u00edneas, tu mejor aliado es <a href=\"https:\/\/www.isdin.com\/es\/p\/hyaluronic-concentrate\/3805\">Hyaluronic Concentrate<\/a>: una textura fresca y acuosa que se absorbe en segundos y deja la piel jugosa, firme y visiblemente m\u00e1s saludable.<\/p>\n<\/div><figure class=\"wp-block-media-text__media\"><img loading=\"lazy\" decoding=\"async\" width=\"895\" height=\"1024\" src=\"data:image\/gif;base64,R0lGODlhAQABAAAAACH5BAEKAAEALAAAAAABAAEAAAICTAEAOw==\" data-src=\"https:\/\/www.isdin.com\/es\/blog\/wp-content\/uploads\/2023\/06\/2025_03_Glow_IMG04-17-895x1024.png\" alt=\"\" class=\"wp-image-12209 size-full lazyload\" data-sizes=\"auto\" data-srcset=\"https:\/\/www.isdin.com\/es\/blog\/wp-content\/uploads\/2023\/06\/2025_03_Glow_IMG04-17-895x1024.png 895w, https:\/\/www.isdin.com\/es\/blog\/wp-content\/uploads\/2023\/06\/2025_03_Glow_IMG04-17-262x300.png 262w, https:\/\/www.isdin.com\/es\/blog\/wp-content\/uploads\/2023\/06\/2025_03_Glow_IMG04-17-131x150.png 131w, https:\/\/www.isdin.com\/es\/blog\/wp-content\/uploads\/2023\/06\/2025_03_Glow_IMG04-17-768x879.png 768w, https:\/\/www.isdin.com\/es\/blog\/wp-content\/uploads\/2023\/06\/2025_03_Glow_IMG04-17-450x515.png 450w, https:\/\/www.isdin.com\/es\/blog\/wp-content\/uploads\/2023\/06\/2025_03_Glow_IMG04-17-225x257.png 225w, https:\/\/www.isdin.com\/es\/blog\/wp-content\/uploads\/2023\/06\/2025_03_Glow_IMG04-17-900x1030.png 900w, https:\/\/www.isdin.com\/es\/blog\/wp-content\/uploads\/2023\/06\/2025_03_Glow_IMG04-17-20x23.png 20w, https:\/\/www.isdin.com\/es\/blog\/wp-content\/uploads\/2023\/06\/2025_03_Glow_IMG04-17.png 1000w\" sizes=\"auto, (max-width: 895px) 100vw, 895px\" \/><\/figure><\/div>\n\n\n\n<p><\/p>\n\n\n\n<div class=\"wp-block-media-text is-stacked-on-mobile\"><figure class=\"wp-block-media-text__media\"><img loading=\"lazy\" decoding=\"async\" width=\"895\" height=\"1024\" src=\"data:image\/gif;base64,R0lGODlhAQABAAAAACH5BAEKAAEALAAAAAABAAEAAAICTAEAOw==\" data-src=\"https:\/\/www.isdin.com\/es\/blog\/wp-content\/uploads\/2023\/06\/2025_03_Glow_IMG04-895x1024.png\" alt=\"\" class=\"wp-image-12208 size-full lazyload\" data-sizes=\"auto\" data-srcset=\"https:\/\/www.isdin.com\/es\/blog\/wp-content\/uploads\/2023\/06\/2025_03_Glow_IMG04-895x1024.png 895w, https:\/\/www.isdin.com\/es\/blog\/wp-content\/uploads\/2023\/06\/2025_03_Glow_IMG04-262x300.png 262w, https:\/\/www.isdin.com\/es\/blog\/wp-content\/uploads\/2023\/06\/2025_03_Glow_IMG04-131x150.png 131w, https:\/\/www.isdin.com\/es\/blog\/wp-content\/uploads\/2023\/06\/2025_03_Glow_IMG04-768x879.png 768w, https:\/\/www.isdin.com\/es\/blog\/wp-content\/uploads\/2023\/06\/2025_03_Glow_IMG04-450x515.png 450w, https:\/\/www.isdin.com\/es\/blog\/wp-content\/uploads\/2023\/06\/2025_03_Glow_IMG04-225x257.png 225w, https:\/\/www.isdin.com\/es\/blog\/wp-content\/uploads\/2023\/06\/2025_03_Glow_IMG04-900x1030.png 900w, https:\/\/www.isdin.com\/es\/blog\/wp-content\/uploads\/2023\/06\/2025_03_Glow_IMG04-20x23.png 20w, https:\/\/www.isdin.com\/es\/blog\/wp-content\/uploads\/2023\/06\/2025_03_Glow_IMG04.png 1000w\" sizes=\"auto, (max-width: 895px) 100vw, 895px\" \/><\/figure><div class=\"wp-block-media-text__content\">\n<p><strong>Por la noche<\/strong>, , toca cambiar el ritmo. Mientras duermes, tu piel activa su modo reparaci\u00f3n. Potencia ese proceso con <a href=\"https:\/\/www.isdin.com\/es\/p\/retinal-smooth\/4565\">Retinal Smooth<\/a>, un s\u00e9rum con <a href=\"https:\/\/www.isdin.com\/blog\/retinal-guia-para-principiantes\/\">retinaldeh\u00eddo<\/a> (un derivado de la vitamina A m\u00e1s potente que el retinol) que ayuda a acelerar la renovaci\u00f3n celular, mejorar la textura de la piel y prevenir los signos de la edad, sin irritaciones. Perfecto incluso si es tu primer contacto con los retinoides.<\/p>\n<\/div><\/div>\n\n\n\n<h3 class=\"wp-block-heading\" id=\"h-\"><\/h3>\n\n\n\n<p class=\"has-background\" style=\"background-color:#f1dfbf\">El ciclo de regeneraci\u00f3n de la piel tarda entre 21 y 28 d\u00edas. Si vas a probar un s\u00e9rum nuevo este verano y esperas resultados, ten en mente un plazo realista. Los efectos de la hidrataci\u00f3n pueden notarse en unos d\u00edas, pero los efectos rejuvenecedores suelen tardan al menos 30 en ser visibles. Como la mayor\u00eda de los <a href=\"https:\/\/www.isdin.com\/es\/blog\/de-meta-a-habito-la-clave-para-el-exito\/\">buenos h\u00e1bitos<\/a>, \u00a1la constancia es clave!<\/p>\n\n\n\n<p><\/p>\n\n\n\n<p><\/p>\n\n\n\n<h3 class=\"wp-block-heading\" id=\"h-4-la-hidratante-que-tu-piel-agradecera-cada-dia-y-cada-noche\">4. La hidratante que tu piel agradecer\u00e1 cada d\u00eda (y cada noche)<\/h3>\n\n\n\n<p>Todos sabemos que el <a href=\"https:\/\/www.isdin.com\/es\/blog\/cuidar-piel-invierno-frio\/\">invierno<\/a> tiene fama de resecar la piel, pero lo que a veces olvidamos es que <strong>el verano tambi\u00e9n puede <a href=\"https:\/\/www.isdin.com\/blog\/perdida-de-agua-transepidermica-que-es\/\">deshidratarla<\/a> en silencio<\/strong>. Entre el sol, el calor, el cloro y el aire acondicionado, la <a href=\"https:\/\/www.isdin.com\/es\/blog\/que-es-la-barrera-cutanea\/\">barrera cut\u00e1nea<\/a> se resiente\u2026 y es justo ah\u00ed donde una buena hidrataci\u00f3n marca la diferencia. Como dice Chiyoung: \u2018\u2019Durante los meses de m\u00e1s calor, mantener una rutina constante de hidrataci\u00f3n es clave para evitar que los efectos da\u00f1inos del sol y otros factores ambientales se intensifiquen\u201d.<\/p>\n\n\n\n<blockquote class=\"wp-block-quote is-layout-flow wp-block-quote-is-layout-flow\">\n<p>\u2018\u2019Durante los meses de m\u00e1s calor, mantener una rutina constante de hidrataci\u00f3n es clave para evitar que los efectos da\u00f1inos del sol y otros factores ambientales se intensifiquen\u201d. <\/p>\n<cite>Chiyoung Kang Park, Medical Marketing Specialist en ISDIN<\/cite><\/blockquote>\n\n\n\n<p><strong>Ma\u00f1ana y noche<\/strong>, apuesta por una f\u00f3rmula con <strong>\u00e1cido hialur\u00f3nico puro<\/strong> que no solo hidrate en profundidad, sino que tambi\u00e9n ayude a proteger tu piel de la contaminaci\u00f3n y el da\u00f1o provocado por los radicales libres. <strong>\u00bfNuestra recomendaci\u00f3n?<\/strong> <a href=\"https:\/\/www.isdin.com\/es-PE\/isdinceutics\/hyaluronic-moisture\/\"><strong>Hyaluronic Moisture<\/strong><\/a>: una gama de cremas adaptadas a cada <a href=\"https:\/\/www.isdin.com\/es\/blog\/como-cuidar-piel-rostro\/\">tipo de piel<\/a>, perfecta para <strong>sellar la hidrataci\u00f3n despu\u00e9s del s\u00e9rum por la ma\u00f1ana<\/strong> y convertirse en ese <strong>\u00faltimo gesto calmante y reparador antes de <a href=\"https:\/\/www.isdin.com\/es\/blog\/efectos-dormir-poco-piel-como-minimizarlos\/\">dormir<\/a><\/strong>.<\/p>\n\n\n\n<figure class=\"wp-block-image size-large\"><img loading=\"lazy\" decoding=\"async\" width=\"1024\" height=\"527\" src=\"data:image\/gif;base64,R0lGODlhAQABAAAAACH5BAEKAAEALAAAAAABAAEAAAICTAEAOw==\" data-src=\"https:\/\/www.isdin.com\/es\/blog\/wp-content\/uploads\/2023\/06\/Producto-Textura-1-1-1024x527.png\" alt=\"\" class=\"wp-image-12206 lazyload\" data-sizes=\"auto\" data-srcset=\"https:\/\/www.isdin.com\/es\/blog\/wp-content\/uploads\/2023\/06\/Producto-Textura-1-1-1024x527.png 1024w, https:\/\/www.isdin.com\/es\/blog\/wp-content\/uploads\/2023\/06\/Producto-Textura-1-1-300x155.png 300w, https:\/\/www.isdin.com\/es\/blog\/wp-content\/uploads\/2023\/06\/Producto-Textura-1-1-150x77.png 150w, https:\/\/www.isdin.com\/es\/blog\/wp-content\/uploads\/2023\/06\/Producto-Textura-1-1-768x396.png 768w, https:\/\/www.isdin.com\/es\/blog\/wp-content\/uploads\/2023\/06\/Producto-Textura-1-1-1536x791.png 1536w, https:\/\/www.isdin.com\/es\/blog\/wp-content\/uploads\/2023\/06\/Producto-Textura-1-1-2048x1055.png 2048w, https:\/\/www.isdin.com\/es\/blog\/wp-content\/uploads\/2023\/06\/Producto-Textura-1-1-585x300.png 585w, https:\/\/www.isdin.com\/es\/blog\/wp-content\/uploads\/2023\/06\/Producto-Textura-1-1-450x232.png 450w, https:\/\/www.isdin.com\/es\/blog\/wp-content\/uploads\/2023\/06\/Producto-Textura-1-1-20x11.png 20w, https:\/\/www.isdin.com\/es\/blog\/wp-content\/uploads\/2023\/06\/Producto-Textura-1-1-225x116.png 225w, https:\/\/www.isdin.com\/es\/blog\/wp-content\/uploads\/2023\/06\/Producto-Textura-1-1-900x464.png 900w, https:\/\/www.isdin.com\/es\/blog\/wp-content\/uploads\/2023\/06\/Producto-Textura-1-1-1350x695.png 1350w\" sizes=\"auto, (max-width: 1024px) 100vw, 1024px\" \/><\/figure>\n\n\n\n<p><\/p>\n\n\n\n<p><\/p>\n\n\n\n<p><\/p>\n\n\n\n<h3 class=\"wp-block-heading\" id=\"h-5-la-magia-real-de-usar-fotoprotector\">5. La magia (real) de usar fotoprotector<\/h3>\n\n\n\n<p>Puede que ya lo sepas, pero no est\u00e1 de m\u00e1s recordarlo: <strong>el fotoprotector no es opcional<\/strong>. Ni en invierno, ni con nubes, ni si \u2018solo vas a estar un rato\u2019. Pero en verano, con m\u00e1s horas al sol, m\u00e1s planes al aire libre, y m\u00e1s exposiciones espont\u00e1neas, <strong>la <a href=\"https:\/\/www.isdin.com\/es\/blog\/tendencias-fotoproteccion\/\">protecci\u00f3n solar<\/a> se convierte en el paso m\u00e1s importante de <a href=\"https:\/\/www.isdin.com\/es\/blog\/en-que-orden-se-aplican-las-cremas\/\">tu rutina<\/a><\/strong>.<\/p>\n\n\n\n<p><strong>Por la ma\u00f1ana<\/strong>, apl\u00edcalo como \u00faltimo paso tras la hidratante \u2014o justo antes del <a href=\"https:\/\/www.isdin.com\/es\/blog\/reaplicar-protector-solar-sobre-maquillaje\/\">maquillaje<\/a> si lo usas\u2014. Lo importante es que no te saltes ese gesto clave. Busca una f\u00f3rmula de <strong>amplio espectro<\/strong>, con <strong>textura ultraligera<\/strong>, que te apetezca reaplicar sin pensarlo dos veces.<\/p>\n\n\n\n<p><strong>\u00bfNuestra recomendaci\u00f3n?<\/strong> <a href=\"https:\/\/www.isdin.com\/producto\/fotoprotector-isdin\/magic-spf-50\">Fusion Water MAGIC<\/a>: se absorbe al instante, deja un acabado invisible y sedoso, y tiene una f\u00f3rmula tan c\u00f3moda que parece que no llevas nada\u2026 hasta que recuerdas que est\u00e1s protegida.<\/p>\n\n\n\n<figure class=\"wp-block-image size-full\"><img loading=\"lazy\" decoding=\"async\" width=\"2400\" height=\"1236\" src=\"data:image\/gif;base64,R0lGODlhAQABAAAAACH5BAEKAAEALAAAAAABAAEAAAICTAEAOw==\" data-src=\"https:\/\/www.isdin.com\/es\/blog\/wp-content\/uploads\/2023\/06\/Producto-Textura-3-3.png\" alt=\"\" class=\"wp-image-12207 lazyload\" data-sizes=\"auto\" data-srcset=\"https:\/\/www.isdin.com\/es\/blog\/wp-content\/uploads\/2023\/06\/Producto-Textura-3-3.png 2400w, https:\/\/www.isdin.com\/es\/blog\/wp-content\/uploads\/2023\/06\/Producto-Textura-3-3-300x155.png 300w, https:\/\/www.isdin.com\/es\/blog\/wp-content\/uploads\/2023\/06\/Producto-Textura-3-3-1024x527.png 1024w, https:\/\/www.isdin.com\/es\/blog\/wp-content\/uploads\/2023\/06\/Producto-Textura-3-3-150x77.png 150w, https:\/\/www.isdin.com\/es\/blog\/wp-content\/uploads\/2023\/06\/Producto-Textura-3-3-768x396.png 768w, https:\/\/www.isdin.com\/es\/blog\/wp-content\/uploads\/2023\/06\/Producto-Textura-3-3-1536x791.png 1536w, https:\/\/www.isdin.com\/es\/blog\/wp-content\/uploads\/2023\/06\/Producto-Textura-3-3-2048x1055.png 2048w, https:\/\/www.isdin.com\/es\/blog\/wp-content\/uploads\/2023\/06\/Producto-Textura-3-3-585x300.png 585w, https:\/\/www.isdin.com\/es\/blog\/wp-content\/uploads\/2023\/06\/Producto-Textura-3-3-450x232.png 450w, https:\/\/www.isdin.com\/es\/blog\/wp-content\/uploads\/2023\/06\/Producto-Textura-3-3-20x11.png 20w, https:\/\/www.isdin.com\/es\/blog\/wp-content\/uploads\/2023\/06\/Producto-Textura-3-3-225x116.png 225w, https:\/\/www.isdin.com\/es\/blog\/wp-content\/uploads\/2023\/06\/Producto-Textura-3-3-900x464.png 900w, https:\/\/www.isdin.com\/es\/blog\/wp-content\/uploads\/2023\/06\/Producto-Textura-3-3-1350x695.png 1350w\" sizes=\"auto, (max-width: 2400px) 100vw, 2400px\" \/><\/figure>\n\n\n\n<p><\/p>\n\n\n\n<p class=\"has-background\" style=\"background-color:#f1dfbf\">Para <a href=\"https:\/\/www.isdin.com\/blog\/como-aplicar-correctamente-el-fotoprotector-solar\/\">proteger correctamente el rostro<\/a>, aplica dos l\u00edneas de producto a lo largo de los dedos \u00edndice y coraz\u00f3n. Es m\u00e1s de lo que crees\u2026 pero justo lo que tu piel necesita.<\/p>\n\n\n\n<p><\/p>\n\n\n\n<p><\/p>\n\n\n\n<p><\/p>\n\n\n\n<h2 class=\"wp-block-heading\" id=\"h-el-ultimo-imprescindible-para-tu-piel-y-para-ti-este-verano\">El \u00faltimo imprescindible para tu piel (y para ti) este verano<\/h2>\n\n\n\n<figure class=\"wp-block-image size-large\"><img loading=\"lazy\" decoding=\"async\" width=\"1024\" height=\"527\" src=\"data:image\/gif;base64,R0lGODlhAQABAAAAACH5BAEKAAEALAAAAAABAAEAAAICTAEAOw==\" data-src=\"https:\/\/www.isdin.com\/es\/blog\/wp-content\/uploads\/2023\/06\/Imagen-en-el-contenido-44-1024x527.png\" alt=\"\" class=\"wp-image-12210 lazyload\" data-sizes=\"auto\" data-srcset=\"https:\/\/www.isdin.com\/es\/blog\/wp-content\/uploads\/2023\/06\/Imagen-en-el-contenido-44-1024x527.png 1024w, https:\/\/www.isdin.com\/es\/blog\/wp-content\/uploads\/2023\/06\/Imagen-en-el-contenido-44-300x155.png 300w, https:\/\/www.isdin.com\/es\/blog\/wp-content\/uploads\/2023\/06\/Imagen-en-el-contenido-44-150x77.png 150w, https:\/\/www.isdin.com\/es\/blog\/wp-content\/uploads\/2023\/06\/Imagen-en-el-contenido-44-768x396.png 768w, https:\/\/www.isdin.com\/es\/blog\/wp-content\/uploads\/2023\/06\/Imagen-en-el-contenido-44-585x300.png 585w, https:\/\/www.isdin.com\/es\/blog\/wp-content\/uploads\/2023\/06\/Imagen-en-el-contenido-44-450x232.png 450w, https:\/\/www.isdin.com\/es\/blog\/wp-content\/uploads\/2023\/06\/Imagen-en-el-contenido-44-20x11.png 20w, https:\/\/www.isdin.com\/es\/blog\/wp-content\/uploads\/2023\/06\/Imagen-en-el-contenido-44-225x116.png 225w, https:\/\/www.isdin.com\/es\/blog\/wp-content\/uploads\/2023\/06\/Imagen-en-el-contenido-44-900x464.png 900w, https:\/\/www.isdin.com\/es\/blog\/wp-content\/uploads\/2023\/06\/Imagen-en-el-contenido-44.png 1200w\" sizes=\"auto, (max-width: 1024px) 100vw, 1024px\" \/><\/figure>\n\n\n\n<p><\/p>\n\n\n\n<p>A veces pensamos que cuidar la piel es solo cuesti\u00f3n de productos. Pero tambi\u00e9n tiene que ver con c\u00f3mo te cuidas t\u00fa. <strong>Una piel radiante empieza por dentro<\/strong>: por c\u00f3mo vives, c\u00f3mo respiras, c\u00f3mo disfrutas de lo que te rodea.<\/p>\n\n\n\n<p>Este verano, haz de tu rutina un momento bonito del d\u00eda. Elige texturas que te gusten, ingredientes que respeten tu piel, y h\u00e1bitos que puedas mantener con gusto. Pero tambi\u00e9n t\u00fambate con tu libro favorito, escucha esa <em>playlist<\/em> o <a href=\"https:\/\/www.youtube.com\/playlist?list=PL239ZRAzg1tsApmCTE3dmqpPKSSJyQY9q\"><em>podcast<\/em><\/a> que siempre te alegra el d\u00eda o prepara algo fresco solo porque te apetece. <strong>Cu\u00eddate por fuera. Cu\u00eddate por dentro. Y deja que tu piel hable por ti.<\/strong><\/p>\n\n\n\n<p><\/p>\n","protected":false},"excerpt":{"rendered":"<p>No importa si tu piel es seca,  sensible, grasa o mixta: en verano, las reglas del cuidado facial cambian. El calor, la humedad, el sudor y la exposici\u00f3n al sol exigen una atenci\u00f3n especial.<\/p>\n","protected":false},"author":69,"featured_media":12199,"comment_status":"closed","ping_status":"closed","sticky":false,"template":"","format":"image","meta":{"footnotes":""},"categories":[103,1,101],"tags":[386,294,385,90,122],"class_list":["post-6424","post","type-post","status-publish","format-image","has-post-thumbnail","hentry","category-belleza","category-consejos-cuidados","category-cuidado-facial","tag-como-cuidar-la-piel-en-verano","tag-cuidado-facial","tag-rutina-de-belleza-verano","tag-rutina-facial","tag-verano","post_format-post-format-image"],"yoast_head":"<!-- This site is optimized with the Yoast SEO Premium plugin v25.4 (Yoast SEO v25.4) - https:\/\/yoast.com\/wordpress\/plugins\/seo\/ -->\n<title>Tu nueva rutina facial de verano: limpia, hidrata, protege, disfruta - ISDIN<\/title>\n<meta name=\"description\" content=\"Tenemos el mantra para el cuidado de la piel de verano: proteger y reparar. Renovar tu rutina skincare es un excelente punto de partida.\" \/>\n<meta name=\"robots\" content=\"index, follow, max-snippet:-1, max-image-preview:large, max-video-preview:-1\" \/>\n<link rel=\"canonical\" href=\"https:\/\/www.isdin.com\/es\/blog\/como-cuidar-la-piel-en-verano\/\" \/>\n<meta property=\"og:locale\" content=\"es_ES\" \/>\n<meta property=\"og:type\" content=\"article\" \/>\n<meta property=\"og:title\" content=\"Tu nueva rutina facial de verano: limpia, hidrata, protege, disfruta\" \/>\n<meta property=\"og:description\" content=\"Tenemos el mantra para el cuidado de la piel de verano: proteger y reparar. Renovar tu rutina skincare es un excelente punto de partida.\" \/>\n<meta property=\"og:url\" content=\"https:\/\/www.isdin.com\/es\/blog\/como-cuidar-la-piel-en-verano\/\" \/>\n<meta property=\"og:site_name\" content=\"ISDIN\" \/>\n<meta property=\"article:publisher\" content=\"https:\/\/es-es.facebook.com\/ISDIN.official\/\" \/>\n<meta property=\"article:published_time\" content=\"2025-06-20T13:42:00+00:00\" \/>\n<meta property=\"article:modified_time\" content=\"2025-06-20T13:43:42+00:00\" \/>\n<meta property=\"og:image\" content=\"https:\/\/www.isdin.com\/es\/blog\/wp-content\/uploads\/2021\/07\/2021_07_Blog_Imatge_Facebook.jpg\" \/>\n\t<meta property=\"og:image:width\" content=\"1200\" \/>\n\t<meta property=\"og:image:height\" content=\"630\" \/>\n\t<meta property=\"og:image:type\" content=\"image\/jpeg\" \/>\n<meta name=\"author\" content=\"Belinda Mart\u00ednez&nbsp;y&nbsp;Chiyoung Kang Park\" \/>\n<meta name=\"twitter:card\" content=\"summary_large_image\" \/>\n<meta name=\"twitter:creator\" content=\"@isdin_official\" \/>\n<meta name=\"twitter:site\" content=\"@isdin_official\" \/>\n<meta name=\"twitter:label1\" content=\"Written by\" \/>\n\t<meta name=\"twitter:data1\" content=\"Belinda Mart\u00ednez&nbsp;y&nbsp;Chiyoung Kang Park\" \/>\n\t<meta name=\"twitter:label2\" content=\"Est. reading time\" \/>\n\t<meta name=\"twitter:data2\" content=\"9 minutes\" \/>\n<script type=\"application\/ld+json\" class=\"yoast-schema-graph\">{\"@context\":\"https:\/\/schema.org\",\"@graph\":[{\"@type\":\"Article\",\"@id\":\"https:\/\/www.isdin.com\/es\/blog\/como-cuidar-la-piel-en-verano\/#article\",\"isPartOf\":{\"@id\":\"https:\/\/www.isdin.com\/es\/blog\/como-cuidar-la-piel-en-verano\/\"},\"author\":{\"name\":\"Belinda Mart\u00ednez&nbsp;y&nbsp;Chiyoung Kang Park\",\"@id\":\"https:\/\/www.isdin.com\/es\/blog\/#\/schema\/person\/684015d7d9e78124cb4aa660f6fe8576\"},\"headline\":\"Tu nueva rutina facial de verano: limpia, hidrata, protege, disfruta\",\"datePublished\":\"2025-06-20T13:42:00+00:00\",\"dateModified\":\"2025-06-20T13:43:42+00:00\",\"mainEntityOfPage\":{\"@id\":\"https:\/\/www.isdin.com\/es\/blog\/como-cuidar-la-piel-en-verano\/\"},\"wordCount\":1677,\"publisher\":{\"@id\":\"https:\/\/www.isdin.com\/es\/blog\/#organization\"},\"image\":{\"@id\":\"https:\/\/www.isdin.com\/es\/blog\/como-cuidar-la-piel-en-verano\/#primaryimage\"},\"thumbnailUrl\":\"https:\/\/www.isdin.com\/es\/blog\/wp-content\/uploads\/2023\/06\/medium-shot-smiley-woman-posing-with-tangerine-1-1.png\",\"keywords\":[\"como cuidar la piel en verano\",\"cuidado facial\",\"rutina de belleza verano\",\"rutina facial\",\"verano\"],\"articleSection\":[\"Belleza\",\"Consejos y cuidados\",\"Cuidado facial\"],\"inLanguage\":\"es-ES\"},{\"@type\":\"WebPage\",\"@id\":\"https:\/\/www.isdin.com\/es\/blog\/como-cuidar-la-piel-en-verano\/\",\"url\":\"https:\/\/www.isdin.com\/es\/blog\/como-cuidar-la-piel-en-verano\/\",\"name\":\"Tu nueva rutina facial de verano: limpia, hidrata, protege, disfruta - ISDIN\",\"isPartOf\":{\"@id\":\"https:\/\/www.isdin.com\/es\/blog\/#website\"},\"primaryImageOfPage\":{\"@id\":\"https:\/\/www.isdin.com\/es\/blog\/como-cuidar-la-piel-en-verano\/#primaryimage\"},\"image\":{\"@id\":\"https:\/\/www.isdin.com\/es\/blog\/como-cuidar-la-piel-en-verano\/#primaryimage\"},\"thumbnailUrl\":\"https:\/\/www.isdin.com\/es\/blog\/wp-content\/uploads\/2023\/06\/medium-shot-smiley-woman-posing-with-tangerine-1-1.png\",\"datePublished\":\"2025-06-20T13:42:00+00:00\",\"dateModified\":\"2025-06-20T13:43:42+00:00\",\"description\":\"Tenemos el mantra para el cuidado de la piel de verano: proteger y reparar. Renovar tu rutina skincare es un excelente punto de partida.\",\"breadcrumb\":{\"@id\":\"https:\/\/www.isdin.com\/es\/blog\/como-cuidar-la-piel-en-verano\/#breadcrumb\"},\"inLanguage\":\"es-ES\",\"potentialAction\":[{\"@type\":\"ReadAction\",\"target\":[\"https:\/\/www.isdin.com\/es\/blog\/como-cuidar-la-piel-en-verano\/\"]}]},{\"@type\":\"ImageObject\",\"inLanguage\":\"es-ES\",\"@id\":\"https:\/\/www.isdin.com\/es\/blog\/como-cuidar-la-piel-en-verano\/#primaryimage\",\"url\":\"https:\/\/www.isdin.com\/es\/blog\/wp-content\/uploads\/2023\/06\/medium-shot-smiley-woman-posing-with-tangerine-1-1.png\",\"contentUrl\":\"https:\/\/www.isdin.com\/es\/blog\/wp-content\/uploads\/2023\/06\/medium-shot-smiley-woman-posing-with-tangerine-1-1.png\",\"width\":1200,\"height\":760,\"caption\":\"rutina de verano de skincare antioxidantes chica sonriendo\"},{\"@type\":\"BreadcrumbList\",\"@id\":\"https:\/\/www.isdin.com\/es\/blog\/como-cuidar-la-piel-en-verano\/#breadcrumb\",\"itemListElement\":[{\"@type\":\"ListItem\",\"position\":1,\"name\":\"Portada\",\"item\":\"https:\/\/www.isdin.com\/es\/blog\/\"},{\"@type\":\"ListItem\",\"position\":2,\"name\":\"Tu nueva rutina facial de verano: limpia, hidrata, protege, disfruta\"}]},{\"@type\":\"WebSite\",\"@id\":\"https:\/\/www.isdin.com\/es\/blog\/#website\",\"url\":\"https:\/\/www.isdin.com\/es\/blog\/\",\"name\":\"ISDIN\",\"description\":\"Novedades, lanzamientos de productos y toda la experiencia de ISDIN\",\"publisher\":{\"@id\":\"https:\/\/www.isdin.com\/es\/blog\/#organization\"},\"potentialAction\":[{\"@type\":\"SearchAction\",\"target\":{\"@type\":\"EntryPoint\",\"urlTemplate\":\"https:\/\/www.isdin.com\/es\/blog\/?s={search_term_string}\"},\"query-input\":{\"@type\":\"PropertyValueSpecification\",\"valueRequired\":true,\"valueName\":\"search_term_string\"}}],\"inLanguage\":\"es-ES\"},{\"@type\":\"Organization\",\"@id\":\"https:\/\/www.isdin.com\/es\/blog\/#organization\",\"name\":\"ISDIN\",\"alternateName\":\"ISDIN\",\"url\":\"https:\/\/www.isdin.com\/es\/blog\/\",\"logo\":{\"@type\":\"ImageObject\",\"inLanguage\":\"es-ES\",\"@id\":\"https:\/\/www.isdin.com\/es\/blog\/#\/schema\/logo\/image\/\",\"url\":\"https:\/\/www.isdin.com\/es\/blog\/wp-content\/uploads\/2024\/05\/2025_03_GuiaFoto_FWM.png\",\"contentUrl\":\"https:\/\/www.isdin.com\/es\/blog\/wp-content\/uploads\/2024\/05\/2025_03_GuiaFoto_FWM.png\",\"width\":670,\"height\":683,\"caption\":\"ISDIN\"},\"image\":{\"@id\":\"https:\/\/www.isdin.com\/es\/blog\/#\/schema\/logo\/image\/\"},\"sameAs\":[\"https:\/\/es-es.facebook.com\/ISDIN.official\/\",\"https:\/\/x.com\/isdin_official\",\"https:\/\/www.instagram.com\/isdinofficial\",\"https:\/\/www.youtube.com\/channel\/UCtoNJMKpDwdFLqgV23_lcqg\"],\"telephone\":\"659997812\"},[{\"@type\":[\"Person\"],\"@id\":\"https:\/\/www.isdin.com\/es\/blog\/#\/schema\/person\/684015d7d9e78124cb4aa660f6fe8576\",\"name\":\"Belinda Mart\u00ednez\",\"image\":{\"@type\":\"ImageObject\",\"@id\":\"https:\/\/www.isdin.com\/es\/blog\/#\/schema\/person\/image\/\",\"inLanguage\":\"es_ES\",\"url\":\"https:\/\/www.isdin.com\/es\/blog\/wp-content\/uploads\/2017\/07\/jjjj.jpg\",\"caption\":\"Belinda Mart\u00ednez\"}},{\"@type\":[\"Person\"],\"@id\":\"https:\/\/www.isdin.com\/es\/blog\/#\/schema\/person\/684015d7d9e78124cb4aa660f6fe8576\",\"name\":\"Chiyoung Kang Park\",\"image\":{\"@type\":\"ImageObject\",\"@id\":\"https:\/\/www.isdin.com\/es\/blog\/#\/schema\/person\/image\/\",\"inLanguage\":\"es_ES\",\"url\":\"https:\/\/www.isdin.com\/es\/blog\/wp-content\/uploads\/2025\/03\/chiyoung-150x150.png\",\"caption\":\"Chiyoung Kang Park\"}}]]}<\/script>\n<!-- \/ Yoast SEO Premium plugin. -->","yoast_head_json":{"title":"Tu nueva rutina facial de verano: limpia, hidrata, protege, disfruta - ISDIN","description":"Tenemos el mantra para el cuidado de la piel de verano: proteger y reparar. Renovar tu rutina skincare es un excelente punto de partida.","robots":{"index":"index","follow":"follow","max-snippet":"max-snippet:-1","max-image-preview":"max-image-preview:large","max-video-preview":"max-video-preview:-1"},"canonical":"https:\/\/www.isdin.com\/es\/blog\/como-cuidar-la-piel-en-verano\/","og_locale":"es_ES","og_type":"article","og_title":"Tu nueva rutina facial de verano: limpia, hidrata, protege, disfruta","og_description":"Tenemos el mantra para el cuidado de la piel de verano: proteger y reparar. Renovar tu rutina skincare es un excelente punto de partida.","og_url":"https:\/\/www.isdin.com\/es\/blog\/como-cuidar-la-piel-en-verano\/","og_site_name":"ISDIN","article_publisher":"https:\/\/es-es.facebook.com\/ISDIN.official\/","article_published_time":"2025-06-20T13:42:00+00:00","article_modified_time":"2025-06-20T13:43:42+00:00","og_image":[{"width":1200,"height":630,"url":"https:\/\/www.isdin.com\/es\/blog\/wp-content\/uploads\/2021\/07\/2021_07_Blog_Imatge_Facebook.jpg","type":"image\/jpeg"}],"author":"Belinda Mart\u00ednez&nbsp;y&nbsp;Chiyoung Kang Park","twitter_card":"summary_large_image","twitter_creator":"@isdin_official","twitter_site":"@isdin_official","twitter_misc":{"Written by":"Belinda Mart\u00ednez&nbsp;y&nbsp;Chiyoung Kang Park","Est. reading time":"9 minutes"},"schema":{"@context":"https:\/\/schema.org","@graph":[{"@type":"Article","@id":"https:\/\/www.isdin.com\/es\/blog\/como-cuidar-la-piel-en-verano\/#article","isPartOf":{"@id":"https:\/\/www.isdin.com\/es\/blog\/como-cuidar-la-piel-en-verano\/"},"author":{"name":"Belinda Mart\u00ednez&nbsp;y&nbsp;Chiyoung Kang Park","@id":"https:\/\/www.isdin.com\/es\/blog\/#\/schema\/person\/684015d7d9e78124cb4aa660f6fe8576"},"headline":"Tu nueva rutina facial de verano: limpia, hidrata, protege, disfruta","datePublished":"2025-06-20T13:42:00+00:00","dateModified":"2025-06-20T13:43:42+00:00","mainEntityOfPage":{"@id":"https:\/\/www.isdin.com\/es\/blog\/como-cuidar-la-piel-en-verano\/"},"wordCount":1677,"publisher":{"@id":"https:\/\/www.isdin.com\/es\/blog\/#organization"},"image":{"@id":"https:\/\/www.isdin.com\/es\/blog\/como-cuidar-la-piel-en-verano\/#primaryimage"},"thumbnailUrl":"https:\/\/www.isdin.com\/es\/blog\/wp-content\/uploads\/2023\/06\/medium-shot-smiley-woman-posing-with-tangerine-1-1.png","keywords":["como cuidar la piel en verano","cuidado facial","rutina de belleza verano","rutina facial","verano"],"articleSection":["Belleza","Consejos y cuidados","Cuidado facial"],"inLanguage":"es-ES"},{"@type":"WebPage","@id":"https:\/\/www.isdin.com\/es\/blog\/como-cuidar-la-piel-en-verano\/","url":"https:\/\/www.isdin.com\/es\/blog\/como-cuidar-la-piel-en-verano\/","name":"Tu nueva rutina facial de verano: limpia, hidrata, protege, disfruta - ISDIN","isPartOf":{"@id":"https:\/\/www.isdin.com\/es\/blog\/#website"},"primaryImageOfPage":{"@id":"https:\/\/www.isdin.com\/es\/blog\/como-cuidar-la-piel-en-verano\/#primaryimage"},"image":{"@id":"https:\/\/www.isdin.com\/es\/blog\/como-cuidar-la-piel-en-verano\/#primaryimage"},"thumbnailUrl":"https:\/\/www.isdin.com\/es\/blog\/wp-content\/uploads\/2023\/06\/medium-shot-smiley-woman-posing-with-tangerine-1-1.png","datePublished":"2025-06-20T13:42:00+00:00","dateModified":"2025-06-20T13:43:42+00:00","description":"Tenemos el mantra para el cuidado de la piel de verano: proteger y reparar. Renovar tu rutina skincare es un excelente punto de partida.","breadcrumb":{"@id":"https:\/\/www.isdin.com\/es\/blog\/como-cuidar-la-piel-en-verano\/#breadcrumb"},"inLanguage":"es-ES","potentialAction":[{"@type":"ReadAction","target":["https:\/\/www.isdin.com\/es\/blog\/como-cuidar-la-piel-en-verano\/"]}]},{"@type":"ImageObject","inLanguage":"es-ES","@id":"https:\/\/www.isdin.com\/es\/blog\/como-cuidar-la-piel-en-verano\/#primaryimage","url":"https:\/\/www.isdin.com\/es\/blog\/wp-content\/uploads\/2023\/06\/medium-shot-smiley-woman-posing-with-tangerine-1-1.png","contentUrl":"https:\/\/www.isdin.com\/es\/blog\/wp-content\/uploads\/2023\/06\/medium-shot-smiley-woman-posing-with-tangerine-1-1.png","width":1200,"height":760,"caption":"rutina de verano de skincare antioxidantes chica sonriendo"},{"@type":"BreadcrumbList","@id":"https:\/\/www.isdin.com\/es\/blog\/como-cuidar-la-piel-en-verano\/#breadcrumb","itemListElement":[{"@type":"ListItem","position":1,"name":"Portada","item":"https:\/\/www.isdin.com\/es\/blog\/"},{"@type":"ListItem","position":2,"name":"Tu nueva rutina facial de verano: limpia, hidrata, protege, disfruta"}]},{"@type":"WebSite","@id":"https:\/\/www.isdin.com\/es\/blog\/#website","url":"https:\/\/www.isdin.com\/es\/blog\/","name":"ISDIN","description":"Novedades, lanzamientos de productos y toda la experiencia de ISDIN","publisher":{"@id":"https:\/\/www.isdin.com\/es\/blog\/#organization"},"potentialAction":[{"@type":"SearchAction","target":{"@type":"EntryPoint","urlTemplate":"https:\/\/www.isdin.com\/es\/blog\/?s={search_term_string}"},"query-input":{"@type":"PropertyValueSpecification","valueRequired":true,"valueName":"search_term_string"}}],"inLanguage":"es-ES"},{"@type":"Organization","@id":"https:\/\/www.isdin.com\/es\/blog\/#organization","name":"ISDIN","alternateName":"ISDIN","url":"https:\/\/www.isdin.com\/es\/blog\/","logo":{"@type":"ImageObject","inLanguage":"es-ES","@id":"https:\/\/www.isdin.com\/es\/blog\/#\/schema\/logo\/image\/","url":"https:\/\/www.isdin.com\/es\/blog\/wp-content\/uploads\/2024\/05\/2025_03_GuiaFoto_FWM.png","contentUrl":"https:\/\/www.isdin.com\/es\/blog\/wp-content\/uploads\/2024\/05\/2025_03_GuiaFoto_FWM.png","width":670,"height":683,"caption":"ISDIN"},"image":{"@id":"https:\/\/www.isdin.com\/es\/blog\/#\/schema\/logo\/image\/"},"sameAs":["https:\/\/es-es.facebook.com\/ISDIN.official\/","https:\/\/x.com\/isdin_official","https:\/\/www.instagram.com\/isdinofficial","https:\/\/www.youtube.com\/channel\/UCtoNJMKpDwdFLqgV23_lcqg"],"telephone":"659997812"},[{"@type":["Person"],"@id":"https:\/\/www.isdin.com\/es\/blog\/#\/schema\/person\/684015d7d9e78124cb4aa660f6fe8576","name":"Belinda Mart\u00ednez","image":{"@type":"ImageObject","@id":"https:\/\/www.isdin.com\/es\/blog\/#\/schema\/person\/image\/","inLanguage":"es_ES","url":"https:\/\/www.isdin.com\/es\/blog\/wp-content\/uploads\/2017\/07\/jjjj.jpg","caption":"Belinda Mart\u00ednez"}},{"@type":["Person"],"@id":"https:\/\/www.isdin.com\/es\/blog\/#\/schema\/person\/684015d7d9e78124cb4aa660f6fe8576","name":"Chiyoung Kang Park","image":{"@type":"ImageObject","@id":"https:\/\/www.isdin.com\/es\/blog\/#\/schema\/person\/image\/","inLanguage":"es_ES","url":"https:\/\/www.isdin.com\/es\/blog\/wp-content\/uploads\/2025\/03\/chiyoung-150x150.png","caption":"Chiyoung Kang Park"}}]]}},"_links":{"self":[{"href":"https:\/\/www.isdin.com\/es\/blog\/wp-json\/wp\/v2\/posts\/6424","targetHints":{"allow":["GET"]}}],"collection":[{"href":"https:\/\/www.isdin.com\/es\/blog\/wp-json\/wp\/v2\/posts"}],"about":[{"href":"https:\/\/www.isdin.com\/es\/blog\/wp-json\/wp\/v2\/types\/post"}],"author":[{"embeddable":true,"href":"https:\/\/www.isdin.com\/es\/blog\/wp-json\/wp\/v2\/users\/69"}],"replies":[{"embeddable":true,"href":"https:\/\/www.isdin.com\/es\/blog\/wp-json\/wp\/v2\/comments?post=6424"}],"version-history":[{"count":10,"href":"https:\/\/www.isdin.com\/es\/blog\/wp-json\/wp\/v2\/posts\/6424\/revisions"}],"predecessor-version":[{"id":12213,"href":"https:\/\/www.isdin.com\/es\/blog\/wp-json\/wp\/v2\/posts\/6424\/revisions\/12213"}],"wp:featuredmedia":[{"embeddable":true,"href":"https:\/\/www.isdin.com\/es\/blog\/wp-json\/wp\/v2\/media\/12199"}],"wp:attachment":[{"href":"https:\/\/www.isdin.com\/es\/blog\/wp-json\/wp\/v2\/media?parent=6424"}],"wp:term":[{"taxonomy":"category","embeddable":true,"href":"https:\/\/www.isdin.com\/es\/blog\/wp-json\/wp\/v2\/categories?post=6424"},{"taxonomy":"post_tag","embeddable":true,"href":"https:\/\/www.isdin.com\/es\/blog\/wp-json\/wp\/v2\/tags?post=6424"}],"curies":[{"name":"wp","href":"https:\/\/api.w.org\/{rel}","templated":true}]}}