{"id":6405,"date":"2025-06-25T16:23:31","date_gmt":"2025-06-25T16:23:31","guid":{"rendered":"https:\/\/www.isdin.com\/es\/blog\/?p=6405"},"modified":"2025-06-26T15:38:39","modified_gmt":"2025-06-26T15:38:39","slug":"como-leer-etiqueta-protector-solar","status":"publish","type":"post","link":"https:\/\/www.isdin.com\/es\/blog\/como-leer-etiqueta-protector-solar\/","title":{"rendered":"SPF, UVA y m\u00e1s: c\u00f3mo leer la etiqueta de tu protector solar"},"content":{"rendered":"\n<p>Echarse crema solar es f\u00e1cil. Entender lo que pone en la etiqueta\u2026 no tanto. Entre s\u00edmbolos, n\u00fameros, siglas como el <strong>SPF<\/strong>, promesas de amplio espectro y tecnolog\u00edas que suenan a laboratorio, leer la etiqueta de un protector solar puede parecer un examen sorpresa.<\/p>\n\n\n\n<p>Y sin embargo, saber <strong>interpretar bien esa etiqueta<\/strong> es clave: ah\u00ed est\u00e1 toda la info que te dice si ese producto realmente protege tu piel del sol, si es resistente al agua, qu\u00e9 tipo de filtros lleva o si te conviene seg\u00fan tu tipo de piel.<\/p>\n\n\n\n<p>\u00bfNo sabes por d\u00f3nde empezar? No te preocupes. Hemos preparado esta gu\u00eda para ayudarte a <strong>entender cada t\u00e9rmino<\/strong> y hacer de este verano un momento de <strong>sol, protecci\u00f3n y tranquilidad<\/strong>. Porque cuando sabes lo que te est\u00e1s poniendo, solo queda disfrutar.<\/p>\n\n\n\n<h2 class=\"wp-block-heading\" id=\"h-que-significa-spf\">\u00bfQu\u00e9 significa SPF?<\/h2>\n\n\n\n<p><\/p>\n\n\n\n<p>Coge tu protector solar favorito, porque vamos a ir punto por punto. Y el primero, como no pod\u00eda ser de otra forma, es el famoso <a href=\"https:\/\/www.isdin.com\/blog\/spf-significado-y-recomendaciones-segun-tu-piel\/\"><strong>SPF<\/strong><\/a>. Significa <em>Sun Protection Factor<\/em> (factor de protecci\u00f3n solar), y nos da una idea de <strong>cu\u00e1nto tiempo m\u00e1s puedes estar al sol sin que tu piel se queme<\/strong> al usar fotoprotector, en comparaci\u00f3n con no llevar nada.<\/p>\n\n\n\n<p>Por ejemplo, si tu piel sin protecci\u00f3n empieza a enrojecerse a los 5 minutos, con un fotoprotector SPF 30 ese tiempo se multiplica por 30: es decir, podr\u00edas tardar unos 150 minutos en quemarte (siempre que te apliques la cantidad adecuada, claro).<\/p>\n\n\n\n<p>Eso s\u00ed, en la pr\u00e1ctica solemos usar mucho menos producto del recomendado, as\u00ed que la protecci\u00f3n real suele ser bastante menor. Por eso, adem\u00e1s de elegir un SPF alto, es esencial <strong>aplicarlo bien y reaplicarlo con frecuencia<\/strong>.<\/p>\n\n\n\n<p class=\"has-background\" style=\"background-color:#f1dfbf\"><strong>Un dato curioso<\/strong>: un SPF 30 deja pasar solo un 3,3\u202f% de la radiaci\u00f3n UVB, mientras que un SPF 50 deja pasar un 2\u202f% y un SPF 50+ apenas un 1\u202f%. \u00a1Cada n\u00famero cuenta!<\/p>\n\n\n\n<h3 class=\"wp-block-heading\" id=\"h-que-es-un-spf-50-y-que-otras-categorias-existen-en-europa\">\u00bfQu\u00e9 es un SPF 50 y qu\u00e9 otras categor\u00edas existen en Europa?<\/h3>\n\n\n\n<figure class=\"wp-block-image size-large\"><img loading=\"lazy\" decoding=\"async\" width=\"1024\" height=\"386\" src=\"data:image\/gif;base64,R0lGODlhAQABAAAAACH5BAEKAAEALAAAAAABAAEAAAICTAEAOw==\" data-src=\"https:\/\/www.isdin.com\/es\/blog\/wp-content\/uploads\/2024\/05\/2024_04_FotoprotectorEtiqueta_IMG02-2-1024x386.png\" alt=\"c\u00f3mo leer etiqueta protector solar\" class=\"wp-image-10125 lazyload\" data-sizes=\"auto\" data-srcset=\"https:\/\/www.isdin.com\/es\/blog\/wp-content\/uploads\/2024\/05\/2024_04_FotoprotectorEtiqueta_IMG02-2-1024x386.png 1024w, https:\/\/www.isdin.com\/es\/blog\/wp-content\/uploads\/2024\/05\/2024_04_FotoprotectorEtiqueta_IMG02-2-300x113.png 300w, https:\/\/www.isdin.com\/es\/blog\/wp-content\/uploads\/2024\/05\/2024_04_FotoprotectorEtiqueta_IMG02-2-150x57.png 150w, https:\/\/www.isdin.com\/es\/blog\/wp-content\/uploads\/2024\/05\/2024_04_FotoprotectorEtiqueta_IMG02-2-768x289.png 768w, https:\/\/www.isdin.com\/es\/blog\/wp-content\/uploads\/2024\/05\/2024_04_FotoprotectorEtiqueta_IMG02-2-1536x579.png 1536w, https:\/\/www.isdin.com\/es\/blog\/wp-content\/uploads\/2024\/05\/2024_04_FotoprotectorEtiqueta_IMG02-2-2048x771.png 2048w, https:\/\/www.isdin.com\/es\/blog\/wp-content\/uploads\/2024\/05\/2024_04_FotoprotectorEtiqueta_IMG02-2-450x170.png 450w, https:\/\/www.isdin.com\/es\/blog\/wp-content\/uploads\/2024\/05\/2024_04_FotoprotectorEtiqueta_IMG02-2-225x85.png 225w, https:\/\/www.isdin.com\/es\/blog\/wp-content\/uploads\/2024\/05\/2024_04_FotoprotectorEtiqueta_IMG02-2-900x339.png 900w, https:\/\/www.isdin.com\/es\/blog\/wp-content\/uploads\/2024\/05\/2024_04_FotoprotectorEtiqueta_IMG02-2-1350x509.png 1350w, https:\/\/www.isdin.com\/es\/blog\/wp-content\/uploads\/2024\/05\/2024_04_FotoprotectorEtiqueta_IMG02-2-20x8.png 20w\" sizes=\"auto, (max-width: 1024px) 100vw, 1024px\" \/><\/figure>\n\n\n\n<p><\/p>\n\n\n\n<p>15, 20, 30, 50\u2026 \u00a1Seguro que m\u00e1s de una vez lo has visto! En <a href=\"https:\/\/taobe.consulting\/european-regulations-sunscreen-products\/\">Europa<\/a>, los protectores solares se clasifican en funci\u00f3n de su nivel de protecci\u00f3n SPF. Esta escala ayuda a elegir con m\u00e1s criterio seg\u00fan tu tipo de piel, el clima o el tiempo que vayas a pasar al sol. Las categor\u00edas son:<\/p>\n\n\n\n<ul class=\"wp-block-list\">\n<li><strong>Protecci\u00f3n baja<\/strong>: SPF 6\u201314<\/li>\n\n\n\n<li><strong>Protecci\u00f3n media<\/strong>: SPF 15\u201329<\/li>\n\n\n\n<li><strong>Protecci\u00f3n alta<\/strong>: SPF 30\u201350<\/li>\n\n\n\n<li><strong>Protecci\u00f3n muy alta<\/strong>: SPF 50+<\/li>\n<\/ul>\n\n\n\n<p>Cuando ves un <strong>SPF 50<\/strong>, est\u00e1s ante un fotoprotector de <strong>alta protecci\u00f3n<\/strong>, muy eficaz frente a las quemaduras solares. Y si pone <strong>50+<\/strong>, significa que va un paso m\u00e1s all\u00e1, en la categor\u00eda de <strong>protecci\u00f3n muy alta<\/strong>.<\/p>\n\n\n\n<p class=\"has-background\" style=\"background-color:#f2e0bf6e\"><strong>Recuerda:<\/strong> por mucho que el SPF sea alto, si no aplicas la cantidad correcta, reaplicas cada 2\u202fh o usas <a href=\"https:\/\/www.isdin.com\/es\/blog\/10-consejos-para-tomar-el-sol-en-verano\/\">protecci\u00f3n complementaria<\/a> (ropa, sombra\u2026), la eficacia no ser\u00e1 la misma. \u00a1Al final, eres t\u00fa quien marca el nivel real de protecci\u00f3n!<\/p>\n\n\n\n<p><\/p>\n\n\n\n<h2 class=\"wp-block-heading\" id=\"h-uva-vs-uvb-por-que-el-spf-no-lo-es-todo\">UVA vs. UVB: por qu\u00e9 el SPF no lo es todo<\/h2>\n\n\n\n<p>Ya hemos visto que el <strong>SPF<\/strong> mide la protecci\u00f3n frente a la radiaci\u00f3n ultravioleta B (<strong>UVB<\/strong>), que es la principal responsable de las quemaduras solares. Pero\u2026 <strong>\u00bfy la radiaci\u00f3n UVA?<\/strong><\/p>\n\n\n\n<p>Este tipo de radiaci\u00f3n <strong>penetra m\u00e1s profundamente en la piel<\/strong>, y aunque no quema, <strong>s\u00ed da\u00f1a a largo plazo<\/strong>: <a href=\"https:\/\/www.isdin.com\/es\/blog\/efectos-del-fotoenvejecimiento-en-la-piel\/\">acelera el envejecimiento<\/a>, favorece la aparici\u00f3n de <a href=\"https:\/\/www.isdin.com\/es\/blog\/manchas-solares-por-que-se-producen-y-como-tratarlas\/\">manchas<\/a> y puede contribuir al <a href=\"https:\/\/www.isdin.com\/es\/blog\/dia-del-melanoma-prevencion-y-deteccion\/\">desarrollo de c\u00e1ncer de piel<\/a>. Por eso es clave asegurarse de que tu protector solar tambi\u00e9n <strong>protege frente a los UVA<\/strong>.<\/p>\n\n\n\n<p>F\u00edjate en el envase: al lado del n\u00famero de SPF, muchos protectores incluyen un <strong>c\u00edrculo con las siglas<\/strong> \u00ab<strong>UVA<\/strong>\u00bb dentro.<\/p>\n\n\n\n<div class=\"wp-block-media-text has-media-on-the-right is-stacked-on-mobile\"><div class=\"wp-block-media-text__content\">\n<p><\/p>\n\n\n\n<p>Ese s\u00edmbolo indica que el producto cumple con la normativa europea de amplio espectro, es decir, que su nivel de protecci\u00f3n frente a los rayos UVA es al menos 1\/3 del valor del SPF. Por ejemplo, si un protector tiene SPF 50, debe ofrecer al menos un 17 en protecci\u00f3n UVA para llevar ese sello.<\/p>\n<\/div><figure class=\"wp-block-media-text__media\"><img loading=\"lazy\" decoding=\"async\" width=\"1000\" height=\"1144\" src=\"data:image\/gif;base64,R0lGODlhAQABAAAAACH5BAEKAAEALAAAAAABAAEAAAICTAEAOw==\" data-src=\"https:\/\/www.isdin.com\/es\/blog\/wp-content\/uploads\/2024\/05\/Imagen-al-costado-21.jpg\" alt=\"UVA vs. UVB: por qu\u00e9 el SPF no lo es todo\" class=\"wp-image-12228 size-full lazyload\"\/><\/figure><\/div>\n\n\n\n<h2 class=\"wp-block-heading\" id=\"h-\"><\/h2>\n\n\n\n<h3 class=\"wp-block-heading\">PA++++: otra forma de medir los UVA<\/h3>\n\n\n\n<p>En algunos productos, sobre todo de origen asi\u00e1tico, ver\u00e1s letras como <a href=\"https:\/\/innderma.es\/desciframos-la-etiqueta-de-tu-fotoprotector\/\"><strong>PA+, PA++, PA+++ o PA++++<\/strong><\/a>. Esta es otra forma de indicar la protecci\u00f3n frente a la radiaci\u00f3n UVA, muy popular y cada vez m\u00e1s usada en Europa tambi\u00e9n. La escala es la siguiente:<\/p>\n\n\n\n<ul class=\"wp-block-list\">\n<li><strong>PA+<\/strong>: protecci\u00f3n baja frente a UVA<\/li>\n\n\n\n<li><strong>PA++<\/strong>: protecci\u00f3n media<\/li>\n\n\n\n<li><strong>PA+++<\/strong>: protecci\u00f3n alta<\/li>\n\n\n\n<li><strong>PA++++<\/strong>: <strong>protecci\u00f3n muy alta frente a UVA<\/strong> (la que m\u00e1s buscan quienes quieren protegerse del <a href=\"https:\/\/www.isdin.com\/es\/blog\/photoaging-rutina-para-pieles-maduras-te-interesa\/\">fotoenvejecimiento<\/a>)<\/li>\n<\/ul>\n\n\n\n<p><\/p>\n\n\n\n<p class=\"has-background\" style=\"background-color:#f2e0bf6e\">Ya sabes: <strong>el SPF es solo la mitad de la historia<\/strong>. Para una protecci\u00f3n completa, busca siempre <strong>SPF 30 o superior<\/strong> y <strong>protecci\u00f3n UVA garantizada<\/strong>, ya sea con el s\u00edmbolo en c\u00edrculo o con el <strong>PA++++<\/strong>.<\/p>\n\n\n\n<p><\/p>\n\n\n\n<h3 class=\"wp-block-heading\">\u00bfQu\u00e9 significa protecci\u00f3n de amplio espectro?<\/h3>\n\n\n\n<p>Si ves en la etiqueta que tu protector solar tiene <strong>protecci\u00f3n de amplio espectro<\/strong>, \u00a1buenas noticias! Eso significa que est\u00e1 dise\u00f1ado para protegerte tanto de los <strong>rayos UVA como de los UVB<\/strong>. Y esto es muy importante: si un fotoprotector no lo indica claramente, es probable que <strong>solo te est\u00e9 protegiendo de forma parcial<\/strong>.<\/p>\n\n\n\n<p>De hecho, la <a href=\"https:\/\/www.aad.org\/public\/everyday-care\/sun-protection\/shade-clothing-sunscreen\/how-to-select-sunscreen\">Academia Americana de Dermatolog\u00eda (AAD)<\/a> solo recomienda el uso de <strong>protectores de amplio espectro<\/strong>, ya que ofrecen una protecci\u00f3n m\u00e1s completa frente a los da\u00f1os solares a corto y largo plazo. Este tipo de protecci\u00f3n es la que encontrar\u00e1s en <a href=\"https:\/\/www.isdin.com\/es\/c\/proteccion-solar\"><strong>todos los protectores solares ISDIN<\/strong><\/a>, formulados para cubrir tanto UVA como UVB seg\u00fan la normativa europea.<\/p>\n\n\n\n<h2 class=\"wp-block-heading\"><em>Waterproof<\/em> vs. resistente al agua: no son lo mismo<\/h2>\n\n\n\n<figure class=\"wp-block-image size-full\"><img loading=\"lazy\" decoding=\"async\" width=\"1200\" height=\"618\" src=\"data:image\/gif;base64,R0lGODlhAQABAAAAACH5BAEKAAEALAAAAAABAAEAAAICTAEAOw==\" data-src=\"https:\/\/www.isdin.com\/es\/blog\/wp-content\/uploads\/2024\/05\/SPF-Glossary-woman-with-sunscreen.jpg\" alt=\"Waterproof vs. resistente al agua: no son lo mismo\" class=\"wp-image-12233 lazyload\"\/><\/figure>\n\n\n\n<p><\/p>\n\n\n\n<p>Si alguna vez has buscado un protector solar <em><strong>waterproof<\/strong><\/em>, te adelantamos algo: <strong>no existe<\/strong>. Por normativa, <strong>ning\u00fan protector solar puede considerarse impermeable<\/strong>, ya que <strong>el agua siempre reduce su eficacia<\/strong>. Lo que s\u00ed encontrar\u00e1s en el envase es la indicaci\u00f3n de \u00ab<strong>resistente al agua<\/strong>\u00bb o \u00ab<strong>muy resistente al agua<\/strong>\u00bb. \u00bfQu\u00e9 significan?<\/p>\n\n\n\n<ul class=\"wp-block-list\">\n<li><strong>Resistente al agua<\/strong>: mantiene su protecci\u00f3n tras <strong>2 ba\u00f1os de 20 minutos<\/strong><\/li>\n\n\n\n<li><strong>Muy resistente al agua<\/strong>: mantiene la protecci\u00f3n tras <strong>4 ba\u00f1os de 20 minutos<\/strong><\/li>\n<\/ul>\n\n\n\n<p><\/p>\n\n\n\n<p class=\"has-background\" style=\"background-color:#f2e0bf6e\">Aun as\u00ed, <strong>no te conf\u00edes<\/strong>: desde ISDIN, siempre recomendamos <a href=\"https:\/\/www.nhs.uk\/live-well\/seasonal-health\/sunscreen-and-sun-safety\/\"><strong>reaplicar el fotoprotector cada 2 horas<\/strong><\/a>, y tambi\u00e9n despu\u00e9s de ba\u00f1arte, sudar o secarte con la toalla. Puedes ver todos los detalles en nuestra <a href=\"https:\/\/www.isdin.com\/blog\/como-aplicar-correctamente-el-fotoprotector-solar\/\">gu\u00eda sobre c\u00f3mo aplicar correctamente el fotoprotector<\/a>.<\/p>\n\n\n\n<p><\/p>\n\n\n\n<h2 class=\"wp-block-heading\">Un glosario de la A al Zinc<\/h2>\n\n\n\n<p>Como ya hemos visto, el SPF, la protecci\u00f3n UVA y los <em>claims<\/em> m\u00e1s visibles suelen llevarse todo el protagonismo en la etiqueta. Pero si te fijas bien, hay <strong>mucho m\u00e1s all\u00e1 del n\u00famero grande en el frontal<\/strong>.<\/p>\n\n\n\n<p>As\u00ed que, para ir un paso m\u00e1s all\u00e1, te dejamos un <strong>glosario expr\u00e9s<\/strong> con algunos de los t\u00e9rminos que probablemente ya est\u00e9n en el envase de tu fotoprotector&#8230; aunque nunca te hayas parado a mirarlos. <strong>\u00bfCu\u00e1ntos de estos reconoces en el tuyo?<\/strong><\/p>\n\n\n\n<h3 class=\"wp-block-heading\">A &#8211; Alga mediterr\u00e1nea<\/h3>\n\n\n\n<p>Ingrediente antioxidante natural que ayuda a proteger la piel frente al estr\u00e9s oxidativo, refuerza la barrera cut\u00e1nea y mejora su resistencia frente a agresores como la poluci\u00f3n o la radiaci\u00f3n solar.<\/p>\n\n\n\n<figure class=\"wp-block-image size-full\"><img loading=\"lazy\" decoding=\"async\" width=\"768\" height=\"396\" src=\"data:image\/gif;base64,R0lGODlhAQABAAAAACH5BAEKAAEALAAAAAABAAEAAAICTAEAOw==\" data-src=\"https:\/\/www.isdin.com\/es\/blog\/wp-content\/uploads\/2024\/05\/image-57.png\" alt=\"A - Alga mediterr\u00e1nea\" class=\"wp-image-12230 lazyload\" data-sizes=\"auto\" data-srcset=\"https:\/\/www.isdin.com\/es\/blog\/wp-content\/uploads\/2024\/05\/image-57.png 768w, https:\/\/www.isdin.com\/es\/blog\/wp-content\/uploads\/2024\/05\/image-57-300x155.png 300w, https:\/\/www.isdin.com\/es\/blog\/wp-content\/uploads\/2024\/05\/image-57-150x77.png 150w, https:\/\/www.isdin.com\/es\/blog\/wp-content\/uploads\/2024\/05\/image-57-450x232.png 450w, https:\/\/www.isdin.com\/es\/blog\/wp-content\/uploads\/2024\/05\/image-57-20x11.png 20w, https:\/\/www.isdin.com\/es\/blog\/wp-content\/uploads\/2024\/05\/image-57-225x116.png 225w\" sizes=\"auto, (max-width: 768px) 100vw, 768px\" \/><\/figure>\n\n\n\n<p><\/p>\n\n\n\n<p>En ISDIN <a href=\"https:\/\/www.isdin.com\/es\/blog\/ingredientes-fusion-water-magic\/\"><strong>cultivamos nuestra propia alga mediterr\u00e1nea<\/strong><\/a> mediante t\u00e9cnicas sostenibles de \u00faltima generaci\u00f3n y procesos de biotecnolog\u00eda que reproducen sus condiciones naturales de vida. Un proceso desarrollado con mimo en nuestros laboratorios, con el <a href=\"https:\/\/www.isdin.com\/es\/blog\/isdin-2030-piel-planeta-objetivo\/\">doble compromiso<\/a> de cuidar tu piel y <a href=\"https:\/\/www.isdin.com\/es\/blog\/el-mediterraneo-fuente-de-vida-e-inspiracion\/\"><strong>contribuir a la regeneraci\u00f3n de mares y oc\u00e9anos<\/strong><\/a>.<\/p>\n\n\n\n<h3 class=\"wp-block-heading\">A &#8211; \u00c1cido hialur\u00f3nico<\/h3>\n\n\n\n<p><a href=\"https:\/\/www.isdin.com\/es\/blog\/para-que-sirve-acido-hialuronico\/\">Ingrediente hidratante<\/a> estrella que <a href=\"https:\/\/www.isdin.com\/es\/blog\/perdida-de-agua-transepidermica-que-es\/\"><strong>retiene el agua en la piel<\/strong><\/a> y mejora su elasticidad. Se lleva muy bien con otros activos, incluidos los filtros solares, y aporta confort sin aportar grasa. Ideal para todo tipo de pieles.<\/p>\n\n\n\n<h3 class=\"wp-block-heading\">C &#8211; Comedog\u00e9nico \/ No comedog\u00e9nico<\/h3>\n\n\n\n<p>Un producto <strong>no comedog\u00e9nico<\/strong> no obstruye los poros. Es ideal para <a href=\"https:\/\/www.isdin.com\/es\/blog\/rutina-piel-grasa-mixta\/\">pieles mixtas, grasas o con tendencia acneica<\/a>.<\/p>\n\n\n\n<h3 class=\"wp-block-heading\">D &#8211; Da\u00f1o act\u00ednico<\/h3>\n\n\n\n<p>Alteraciones cut\u00e1neas causadas por a\u00f1os de exposici\u00f3n solar sin protecci\u00f3n. Incluye manchas, arrugas o lesiones como la <a href=\"https:\/\/www.isdin.com\/es\/blog\/queratosis-actinica-que-es-y-como-prevenirla\/\">queratosis act\u00ednica<\/a>.<\/p>\n\n\n\n<h3 class=\"wp-block-heading\">D &#8211; DNA Repairsomes\u00ae<\/h3>\n\n\n\n<p>Tecnolog\u00eda exclusiva de ISDIN que combina <strong>enzimas reparadoras del ADN encapsuladas en liposomas<\/strong>. Estas enzimas penetran en la piel y ayudan a localizar y reparar el <strong>da\u00f1o solar acumulado en el ADN celular<\/strong>, causado principalmente por la radiaci\u00f3n UV.<\/p>\n\n\n\n<h3 class=\"wp-block-heading\">F &#8211; Fotoenvejecimiento<\/h3>\n\n\n\n<p>Envejecimiento prematuro causado por la exposici\u00f3n solar cr\u00f3nica. Se manifiesta en arrugas, flacidez, <a href=\"https:\/\/www.isdin.com\/es\/blog\/piel-grasa-vs-piel-glowy-diferencias-y-rutina-skincare\/\">tono desigual<\/a>, manchas\u2026 \u00a1El <a href=\"https:\/\/www.isdin.com\/es\/blog\/fotoprotectores-solares-para-la-cara-isdin\/\">protector solar<\/a> es el mejor aliado para combatirlo!<\/p>\n\n\n\n<h3 class=\"wp-block-heading\">F &#8211; F\u00f3rmula 5 Star Daily Protection<\/h3>\n\n\n\n<p>Etiqueta exclusiva de ISDIN en protectores faciales como <a href=\"https:\/\/www.isdin.com\/es\/p\/fusion-water-magic-spf-50\/1349\">Fusion Water MAGIC<\/a>. Combina cinco beneficios clave:<\/p>\n\n\n\n<p><\/p>\n\n\n\n<div class=\"wp-block-media-text has-media-on-the-right is-stacked-on-mobile\"><div class=\"wp-block-media-text__content\">\n<p><\/p>\n\n\n\n<p>\u2606&nbsp;<strong>Alta protecci\u00f3n UV<\/strong>: protecci\u00f3n testada en condiciones reales de alta radiaci\u00f3n solar.<\/p>\n\n\n\n<p>\u2606&nbsp;<strong>No irrita los ojos<\/strong>: evaluado bajo control oftalmol\u00f3gico.<\/p>\n\n\n\n<p>\u2606&nbsp;<strong>Oil Control<\/strong>: no deja residuo graso.<\/p>\n\n\n\n<p>\u2606&nbsp;<strong>Alta tolerabilidad<\/strong>: apto para todo tipo de pieles.<\/p>\n\n\n\n<p>\u2606&nbsp;<em><strong>We Care for Seas &amp; Oceans<\/strong>:<\/em>&nbsp;en compromiso con&nbsp;<a href=\"https:\/\/bluewavealliance.org\/en\/isdin\">nuestros proyectos para la regeneraci\u00f3n de mares y oc\u00e9anos<\/a>.<\/p>\n<\/div><figure class=\"wp-block-media-text__media\"><img loading=\"lazy\" decoding=\"async\" width=\"1000\" height=\"1144\" src=\"data:image\/gif;base64,R0lGODlhAQABAAAAACH5BAEKAAEALAAAAAABAAEAAAICTAEAOw==\" data-src=\"https:\/\/www.isdin.com\/es\/blog\/wp-content\/uploads\/2024\/05\/Imagen-al-costado-20.jpg\" alt=\"F\u00f3rmula 5 Star Daily Protection\" class=\"wp-image-12229 size-full lazyload\"\/><\/figure><\/div>\n\n\n\n<h3 class=\"wp-block-heading\">I &#8211; Ingrediente activo<\/h3>\n\n\n\n<p>Componente responsable de la protecci\u00f3n solar. Puede ser un filtro qu\u00edmico (como avobenzona) o f\u00edsico (como \u00f3xido de zinc). En Europa, aparece en la <a href=\"https:\/\/cosmileeurope.eu\/es\/inci\/\">lista INCI<\/a>.<\/p>\n\n\n\n<h3 class=\"wp-block-heading\">M &#8211; Mineral<\/h3>\n\n\n\n<p>Contiene filtros como <strong>\u00f3xido de zinc<\/strong> o <strong>di\u00f3xido de titanio<\/strong>, ue protegen la piel frente a la radiaci\u00f3n solar. Muy recomendable para <a href=\"https:\/\/www.isdin.com\/es\/blog\/rutina-piel-sensible\/\">pieles sensibles<\/a>, reactivas o con <a href=\"https:\/\/www.isdin.com\/es\/blog\/cuperosis-que-es-y-como-tratarla\/\">cuperosis<\/a>.<\/p>\n\n\n\n<h3 class=\"wp-block-heading\">P &#8211; PAO<\/h3>\n\n\n\n<p>S\u00edmbolo del tarrito abierto con un n\u00famero (ej. 12M). Indica <a href=\"https:\/\/www.isdin.com\/es\/blog\/organizar-cosmeticos-cuando-cambiar-productos-belleza\/\"><strong>cu\u00e1ntos meses dura el producto tras abrirse<\/strong><\/a>. S\u00ed, los solares caducan.<\/p>\n\n\n\n<figure class=\"wp-block-image size-large\"><img loading=\"lazy\" decoding=\"async\" width=\"1024\" height=\"386\" src=\"data:image\/gif;base64,R0lGODlhAQABAAAAACH5BAEKAAEALAAAAAABAAEAAAICTAEAOw==\" data-src=\"https:\/\/www.isdin.com\/es\/blog\/wp-content\/uploads\/2024\/05\/2024_04_FotoprotectorEtiqueta_IMG01-1024x386.png\" alt=\"s\u00edmbolo PAO en cosm\u00e9ticos\" class=\"wp-image-10127 lazyload\" data-sizes=\"auto\" data-srcset=\"https:\/\/www.isdin.com\/es\/blog\/wp-content\/uploads\/2024\/05\/2024_04_FotoprotectorEtiqueta_IMG01-1024x386.png 1024w, https:\/\/www.isdin.com\/es\/blog\/wp-content\/uploads\/2024\/05\/2024_04_FotoprotectorEtiqueta_IMG01-300x113.png 300w, https:\/\/www.isdin.com\/es\/blog\/wp-content\/uploads\/2024\/05\/2024_04_FotoprotectorEtiqueta_IMG01-150x57.png 150w, https:\/\/www.isdin.com\/es\/blog\/wp-content\/uploads\/2024\/05\/2024_04_FotoprotectorEtiqueta_IMG01-768x289.png 768w, https:\/\/www.isdin.com\/es\/blog\/wp-content\/uploads\/2024\/05\/2024_04_FotoprotectorEtiqueta_IMG01-1536x579.png 1536w, https:\/\/www.isdin.com\/es\/blog\/wp-content\/uploads\/2024\/05\/2024_04_FotoprotectorEtiqueta_IMG01-2048x771.png 2048w, https:\/\/www.isdin.com\/es\/blog\/wp-content\/uploads\/2024\/05\/2024_04_FotoprotectorEtiqueta_IMG01-450x170.png 450w, https:\/\/www.isdin.com\/es\/blog\/wp-content\/uploads\/2024\/05\/2024_04_FotoprotectorEtiqueta_IMG01-225x85.png 225w, https:\/\/www.isdin.com\/es\/blog\/wp-content\/uploads\/2024\/05\/2024_04_FotoprotectorEtiqueta_IMG01-900x339.png 900w, https:\/\/www.isdin.com\/es\/blog\/wp-content\/uploads\/2024\/05\/2024_04_FotoprotectorEtiqueta_IMG01-1350x509.png 1350w, https:\/\/www.isdin.com\/es\/blog\/wp-content\/uploads\/2024\/05\/2024_04_FotoprotectorEtiqueta_IMG01-20x8.png 20w\" sizes=\"auto, (max-width: 1024px) 100vw, 1024px\" \/><\/figure>\n\n\n\n<p><\/p>\n\n\n\n<h3 class=\"wp-block-heading\">P &#8211; P\u00e9ptidos<\/h3>\n\n\n\n<p>Mol\u00e9culas formadas por amino\u00e1cidos que ayudan a reforzar la piel, mejorar la firmeza y combatir el fotoenvejecimiento. Se suelen incluir en <a href=\"https:\/\/www.isdin.com\/es\/p\/fusion-water-magic-repair-spf-50\/4345\">fotoprotectores antiedad<\/a>.<\/p>\n\n\n\n<h3 class=\"wp-block-heading\">V &#8211; Vitamina E<\/h3>\n\n\n\n<p><a href=\"https:\/\/www.isdin.com\/es\/blog\/vitamina-e-beneficios-para-la-piel-uso-y-cuidados\/\">Antioxidante<\/a> que ayuda a <strong>neutralizar los radicales libres generados por la exposici\u00f3n solar<\/strong>. Refuerza la funci\u00f3n <a href=\"https:\/\/www.isdin.com\/blog\/que-es-la-barrera-cutanea\/\">barrera de la piel<\/a> y se combina muy bien con otros ingredientes como el \u00e1cido hialur\u00f3nico o los filtros solares.<\/p>\n\n\n\n<h3 class=\"wp-block-heading\">Z &#8211; Zinc<\/h3>\n\n\n\n<p>Filtro <strong>mineral de amplio espectro<\/strong> que protege tanto frente a los rayos UVA como UVB. Muy tolerado por pieles sensibles, incluso con <a href=\"https:\/\/www.isdin.com\/es\/blog\/tipos-de-acne-y-como-tratarlos\/\">acn\u00e9<\/a> o ros\u00e1cea.<\/p>\n\n\n\n<h2 class=\"wp-block-heading\">\u00bfC\u00f3mo saber si un protector solar ISDIN es original?<\/h2>\n\n\n\n<figure class=\"wp-block-image size-full\"><img loading=\"lazy\" decoding=\"async\" width=\"1200\" height=\"618\" src=\"data:image\/gif;base64,R0lGODlhAQABAAAAACH5BAEKAAEALAAAAAABAAEAAAICTAEAOw==\" data-src=\"https:\/\/www.isdin.com\/es\/blog\/wp-content\/uploads\/2024\/05\/Imagen-en-el-contenido-47.jpg\" alt=\"\u00bfC\u00f3mo saber si un protector solar ISDIN es original?\" class=\"wp-image-12232 lazyload\"\/><\/figure>\n\n\n\n<p><\/p>\n\n\n\n<p>Antes de terminar, un apunte importante: <strong>proteger tu piel empieza por elegir un producto aut\u00e9ntico<\/strong>. Para asegurarte de que est\u00e1s comprando un protector solar ISDIN original, f\u00edjate en lo siguiente:<\/p>\n\n\n\n<ul class=\"wp-block-list\">\n<li><strong>Compra en <a href=\"https:\/\/www.isdin.com\/es\">canales oficiales<\/a> o puntos de venta autorizados<\/strong> (farmacias, parafarmacias, web oficial, distribuidores certificados).<\/li>\n\n\n\n<li><strong>Revisa el envase<\/strong>: debe venir en una caja con <a href=\"https:\/\/www.isdin.com\/es\/blog\/descubre-la-nueva-app-de-isdin\/\">QR de entrada al universo ISDIN<\/a>, etiquetado claro en espa\u00f1ol, n\u00famero de lote y s\u00edmbolo PAO.<\/li>\n\n\n\n<li><strong>Comprueba la textura y el olor<\/strong>: si algo te resulta raro, desconf\u00eda.<\/li>\n<\/ul>\n\n\n\n<p>En ISDIN trabajamos con los <strong>m\u00e1s altos est\u00e1ndares de calidad<\/strong>, tanto en el desarrollo de f\u00f3rmulas como en la seguridad del envasado y distribuci\u00f3n. Cada producto est\u00e1 pensado para cuidar tu piel&#8230; y tambi\u00e9n tu confianza.<\/p>\n\n\n\n<h3 class=\"wp-block-heading\">Solo queda encontrar la fotoprotecci\u00f3n perfecta para ti<\/h3>\n\n\n\n<p>Has aprendido a descifrar s\u00edmbolos, filtros, claims y categor\u00edas. Ahora entiendes lo que tu piel necesita y c\u00f3mo buscarlo. A partir de aqu\u00ed, <strong>la elecci\u00f3n es tuya<\/strong>: \u00bfCon <a href=\"https:\/\/www.isdin.com\/es\/p\/fusion-water-magic-light-spf-50\/3976\">color<\/a> o sin color? \u00bfAcabado <a href=\"https:\/\/www.isdin.com\/es\/p\/fusion-water-magic-glow-spf-50\/4653\">efecto <em>glow<\/em><\/a>? \u00bfEnfocada al d\u00eda a d\u00eda o <a href=\"https:\/\/www.isdin.com\/es\/p\/fusion-water-magic-by-alcaraz-spf-50\/4397\">especial para deportistas<\/a>?<\/p>\n\n\n\n<p>La buena noticia es que hay un protector ideal para cada tipo de piel, estilo de vida y momento. Y ahora que sabes c\u00f3mo leerlo, <strong>lo vas a reconocer en cuanto lo tengas delante<\/strong>.<\/p>\n\n\n\n<p><\/p>\n\n\n\n<p><\/p>\n","protected":false},"excerpt":{"rendered":"<p>Hemos preparado esta gu\u00eda para ayudarte a entender cada t\u00e9rmino y hacer de este verano un momento de sol, protecci\u00f3n y tranquilidad. Porque cuando sabes lo que te est\u00e1s poniendo, solo queda disfrutar.<\/p>\n","protected":false},"author":69,"featured_media":12227,"comment_status":"closed","ping_status":"closed","sticky":false,"template":"","format":"image","meta":{"footnotes":""},"categories":[1,100],"tags":[294,119,293],"class_list":["post-6405","post","type-post","status-publish","format-image","has-post-thumbnail","hentry","category-consejos-cuidados","category-sol-y-piel","tag-cuidado-facial","tag-fotoproteccion","tag-fotoprotector-facial","post_format-post-format-image"],"yoast_head":"<!-- This site is optimized with the Yoast SEO Premium plugin v25.4 (Yoast SEO v25.4) - https:\/\/yoast.com\/wordpress\/plugins\/seo\/ -->\n<title>\u00bfC\u00f3mo leer la etiqueta de los protectores solares?<\/title>\n<meta name=\"description\" content=\"Aprendre a leer la etiqueta de los protectores solares: descubre qu\u00e9 significa SPF, PA, amplio espectro y otros datos clave para tu piel.\" \/>\n<meta name=\"robots\" content=\"index, follow, max-snippet:-1, max-image-preview:large, max-video-preview:-1\" \/>\n<link rel=\"canonical\" href=\"https:\/\/www.isdin.com\/es\/blog\/como-leer-etiqueta-protector-solar\/\" \/>\n<meta property=\"og:locale\" content=\"es_ES\" \/>\n<meta property=\"og:type\" content=\"article\" \/>\n<meta property=\"og:title\" content=\"SPF, UVA y m\u00e1s: c\u00f3mo leer la etiqueta de tu protector solar\" \/>\n<meta property=\"og:description\" content=\"Aprendre a leer la etiqueta de los protectores solares: descubre qu\u00e9 significa SPF, PA, amplio espectro y otros datos clave para tu piel.\" \/>\n<meta property=\"og:url\" content=\"https:\/\/www.isdin.com\/es\/blog\/como-leer-etiqueta-protector-solar\/\" \/>\n<meta property=\"og:site_name\" content=\"ISDIN\" \/>\n<meta property=\"article:publisher\" content=\"https:\/\/es-es.facebook.com\/ISDIN.official\/\" \/>\n<meta property=\"article:published_time\" content=\"2025-06-25T16:23:31+00:00\" \/>\n<meta property=\"article:modified_time\" content=\"2025-06-26T15:38:39+00:00\" \/>\n<meta property=\"og:image\" content=\"https:\/\/www.isdin.com\/es\/blog\/wp-content\/uploads\/2021\/06\/2021_06_Blog_Imatge_Facebook-4.jpg\" \/>\n\t<meta property=\"og:image:width\" content=\"1200\" \/>\n\t<meta property=\"og:image:height\" content=\"630\" \/>\n\t<meta property=\"og:image:type\" content=\"image\/jpeg\" \/>\n<meta name=\"author\" content=\"Belinda Mart\u00ednez\" \/>\n<meta name=\"twitter:card\" content=\"summary_large_image\" \/>\n<meta name=\"twitter:creator\" content=\"@isdin_official\" \/>\n<meta name=\"twitter:site\" content=\"@isdin_official\" \/>\n<meta name=\"twitter:label1\" content=\"Written by\" \/>\n\t<meta name=\"twitter:data1\" content=\"Belinda Mart\u00ednez\" \/>\n\t<meta name=\"twitter:label2\" content=\"Est. reading time\" \/>\n\t<meta name=\"twitter:data2\" content=\"10 minutes\" \/>\n<script type=\"application\/ld+json\" class=\"yoast-schema-graph\">{\"@context\":\"https:\/\/schema.org\",\"@graph\":[{\"@type\":\"Article\",\"@id\":\"https:\/\/www.isdin.com\/es\/blog\/como-leer-etiqueta-protector-solar\/#article\",\"isPartOf\":{\"@id\":\"https:\/\/www.isdin.com\/es\/blog\/como-leer-etiqueta-protector-solar\/\"},\"author\":{\"name\":\"Belinda Mart\u00ednez\",\"@id\":\"https:\/\/www.isdin.com\/es\/blog\/#\/schema\/person\/684015d7d9e78124cb4aa660f6fe8576\"},\"headline\":\"SPF, UVA y m\u00e1s: c\u00f3mo leer la etiqueta de tu protector solar\",\"datePublished\":\"2025-06-25T16:23:31+00:00\",\"dateModified\":\"2025-06-26T15:38:39+00:00\",\"mainEntityOfPage\":{\"@id\":\"https:\/\/www.isdin.com\/es\/blog\/como-leer-etiqueta-protector-solar\/\"},\"wordCount\":1952,\"publisher\":{\"@id\":\"https:\/\/www.isdin.com\/es\/blog\/#organization\"},\"image\":{\"@id\":\"https:\/\/www.isdin.com\/es\/blog\/como-leer-etiqueta-protector-solar\/#primaryimage\"},\"thumbnailUrl\":\"https:\/\/www.isdin.com\/es\/blog\/wp-content\/uploads\/2024\/05\/The-Ultimate-SPF-Glossary_-Understanding-Your-Sunscreen-Label.jpg\",\"keywords\":[\"cuidado facial\",\"fotoprotecci\u00f3n\",\"fotoprotector facial\"],\"articleSection\":[\"Consejos y cuidados\",\"Sol y piel\"],\"inLanguage\":\"es-ES\"},{\"@type\":\"WebPage\",\"@id\":\"https:\/\/www.isdin.com\/es\/blog\/como-leer-etiqueta-protector-solar\/\",\"url\":\"https:\/\/www.isdin.com\/es\/blog\/como-leer-etiqueta-protector-solar\/\",\"name\":\"\u00bfC\u00f3mo leer la etiqueta de los protectores solares?\",\"isPartOf\":{\"@id\":\"https:\/\/www.isdin.com\/es\/blog\/#website\"},\"primaryImageOfPage\":{\"@id\":\"https:\/\/www.isdin.com\/es\/blog\/como-leer-etiqueta-protector-solar\/#primaryimage\"},\"image\":{\"@id\":\"https:\/\/www.isdin.com\/es\/blog\/como-leer-etiqueta-protector-solar\/#primaryimage\"},\"thumbnailUrl\":\"https:\/\/www.isdin.com\/es\/blog\/wp-content\/uploads\/2024\/05\/The-Ultimate-SPF-Glossary_-Understanding-Your-Sunscreen-Label.jpg\",\"datePublished\":\"2025-06-25T16:23:31+00:00\",\"dateModified\":\"2025-06-26T15:38:39+00:00\",\"description\":\"Aprendre a leer la etiqueta de los protectores solares: descubre qu\u00e9 significa SPF, PA, amplio espectro y otros datos clave para tu piel.\",\"breadcrumb\":{\"@id\":\"https:\/\/www.isdin.com\/es\/blog\/como-leer-etiqueta-protector-solar\/#breadcrumb\"},\"inLanguage\":\"es-ES\",\"potentialAction\":[{\"@type\":\"ReadAction\",\"target\":[\"https:\/\/www.isdin.com\/es\/blog\/como-leer-etiqueta-protector-solar\/\"]}]},{\"@type\":\"ImageObject\",\"inLanguage\":\"es-ES\",\"@id\":\"https:\/\/www.isdin.com\/es\/blog\/como-leer-etiqueta-protector-solar\/#primaryimage\",\"url\":\"https:\/\/www.isdin.com\/es\/blog\/wp-content\/uploads\/2024\/05\/The-Ultimate-SPF-Glossary_-Understanding-Your-Sunscreen-Label.jpg\",\"contentUrl\":\"https:\/\/www.isdin.com\/es\/blog\/wp-content\/uploads\/2024\/05\/The-Ultimate-SPF-Glossary_-Understanding-Your-Sunscreen-Label.jpg\",\"width\":1200,\"height\":760,\"caption\":\"The Ultimate SPF Glossary_ Understanding Your Sunscreen Label\"},{\"@type\":\"BreadcrumbList\",\"@id\":\"https:\/\/www.isdin.com\/es\/blog\/como-leer-etiqueta-protector-solar\/#breadcrumb\",\"itemListElement\":[{\"@type\":\"ListItem\",\"position\":1,\"name\":\"Portada\",\"item\":\"https:\/\/www.isdin.com\/es\/blog\/\"},{\"@type\":\"ListItem\",\"position\":2,\"name\":\"SPF, UVA y m\u00e1s: c\u00f3mo leer la etiqueta de tu protector solar\"}]},{\"@type\":\"WebSite\",\"@id\":\"https:\/\/www.isdin.com\/es\/blog\/#website\",\"url\":\"https:\/\/www.isdin.com\/es\/blog\/\",\"name\":\"ISDIN\",\"description\":\"Novedades, lanzamientos de productos y toda la experiencia de ISDIN\",\"publisher\":{\"@id\":\"https:\/\/www.isdin.com\/es\/blog\/#organization\"},\"potentialAction\":[{\"@type\":\"SearchAction\",\"target\":{\"@type\":\"EntryPoint\",\"urlTemplate\":\"https:\/\/www.isdin.com\/es\/blog\/?s={search_term_string}\"},\"query-input\":{\"@type\":\"PropertyValueSpecification\",\"valueRequired\":true,\"valueName\":\"search_term_string\"}}],\"inLanguage\":\"es-ES\"},{\"@type\":\"Organization\",\"@id\":\"https:\/\/www.isdin.com\/es\/blog\/#organization\",\"name\":\"ISDIN\",\"alternateName\":\"ISDIN\",\"url\":\"https:\/\/www.isdin.com\/es\/blog\/\",\"logo\":{\"@type\":\"ImageObject\",\"inLanguage\":\"es-ES\",\"@id\":\"https:\/\/www.isdin.com\/es\/blog\/#\/schema\/logo\/image\/\",\"url\":\"https:\/\/www.isdin.com\/es\/blog\/wp-content\/uploads\/2024\/05\/2025_03_GuiaFoto_FWM.png\",\"contentUrl\":\"https:\/\/www.isdin.com\/es\/blog\/wp-content\/uploads\/2024\/05\/2025_03_GuiaFoto_FWM.png\",\"width\":670,\"height\":683,\"caption\":\"ISDIN\"},\"image\":{\"@id\":\"https:\/\/www.isdin.com\/es\/blog\/#\/schema\/logo\/image\/\"},\"sameAs\":[\"https:\/\/es-es.facebook.com\/ISDIN.official\/\",\"https:\/\/x.com\/isdin_official\",\"https:\/\/www.instagram.com\/isdinofficial\",\"https:\/\/www.youtube.com\/channel\/UCtoNJMKpDwdFLqgV23_lcqg\"],\"telephone\":\"659997812\"},{\"@type\":\"Person\",\"@id\":\"https:\/\/www.isdin.com\/es\/blog\/#\/schema\/person\/684015d7d9e78124cb4aa660f6fe8576\",\"name\":\"Belinda Mart\u00ednez\",\"image\":{\"@type\":\"ImageObject\",\"inLanguage\":\"es-ES\",\"@id\":\"https:\/\/www.isdin.com\/es\/blog\/#\/schema\/person\/image\/\",\"url\":\"https:\/\/www.isdin.com\/es\/blog\/wp-content\/uploads\/2017\/07\/jjjj.jpg\",\"contentUrl\":\"https:\/\/www.isdin.com\/es\/blog\/wp-content\/uploads\/2017\/07\/jjjj.jpg\",\"caption\":\"Belinda Mart\u00ednez\"},\"description\":\"Belinda es periodista y copywriter creativa. Tras a\u00f1os de experiencia, decidi\u00f3 fusionar sus habilidades de escritura con su amor por el skincare, convirti\u00e9ndose en una especialista en la materia. \u00bfSu imprescindible? Un buen b\u00e1lsamo de labios.\",\"sameAs\":[\"https:\/\/www.linkedin.com\/in\/thisisbel\/\"],\"url\":\"https:\/\/www.isdin.com\/es\/blog\/author\/belindamartinez\/\"}]}<\/script>\n<!-- \/ Yoast SEO Premium plugin. -->","yoast_head_json":{"title":"\u00bfC\u00f3mo leer la etiqueta de los protectores solares?","description":"Aprendre a leer la etiqueta de los protectores solares: descubre qu\u00e9 significa SPF, PA, amplio espectro y otros datos clave para tu piel.","robots":{"index":"index","follow":"follow","max-snippet":"max-snippet:-1","max-image-preview":"max-image-preview:large","max-video-preview":"max-video-preview:-1"},"canonical":"https:\/\/www.isdin.com\/es\/blog\/como-leer-etiqueta-protector-solar\/","og_locale":"es_ES","og_type":"article","og_title":"SPF, UVA y m\u00e1s: c\u00f3mo leer la etiqueta de tu protector solar","og_description":"Aprendre a leer la etiqueta de los protectores solares: descubre qu\u00e9 significa SPF, PA, amplio espectro y otros datos clave para tu piel.","og_url":"https:\/\/www.isdin.com\/es\/blog\/como-leer-etiqueta-protector-solar\/","og_site_name":"ISDIN","article_publisher":"https:\/\/es-es.facebook.com\/ISDIN.official\/","article_published_time":"2025-06-25T16:23:31+00:00","article_modified_time":"2025-06-26T15:38:39+00:00","og_image":[{"width":1200,"height":630,"url":"https:\/\/www.isdin.com\/es\/blog\/wp-content\/uploads\/2021\/06\/2021_06_Blog_Imatge_Facebook-4.jpg","type":"image\/jpeg"}],"author":"Belinda Mart\u00ednez","twitter_card":"summary_large_image","twitter_creator":"@isdin_official","twitter_site":"@isdin_official","twitter_misc":{"Written by":"Belinda Mart\u00ednez","Est. reading time":"10 minutes"},"schema":{"@context":"https:\/\/schema.org","@graph":[{"@type":"Article","@id":"https:\/\/www.isdin.com\/es\/blog\/como-leer-etiqueta-protector-solar\/#article","isPartOf":{"@id":"https:\/\/www.isdin.com\/es\/blog\/como-leer-etiqueta-protector-solar\/"},"author":{"name":"Belinda Mart\u00ednez","@id":"https:\/\/www.isdin.com\/es\/blog\/#\/schema\/person\/684015d7d9e78124cb4aa660f6fe8576"},"headline":"SPF, UVA y m\u00e1s: c\u00f3mo leer la etiqueta de tu protector solar","datePublished":"2025-06-25T16:23:31+00:00","dateModified":"2025-06-26T15:38:39+00:00","mainEntityOfPage":{"@id":"https:\/\/www.isdin.com\/es\/blog\/como-leer-etiqueta-protector-solar\/"},"wordCount":1952,"publisher":{"@id":"https:\/\/www.isdin.com\/es\/blog\/#organization"},"image":{"@id":"https:\/\/www.isdin.com\/es\/blog\/como-leer-etiqueta-protector-solar\/#primaryimage"},"thumbnailUrl":"https:\/\/www.isdin.com\/es\/blog\/wp-content\/uploads\/2024\/05\/The-Ultimate-SPF-Glossary_-Understanding-Your-Sunscreen-Label.jpg","keywords":["cuidado facial","fotoprotecci\u00f3n","fotoprotector facial"],"articleSection":["Consejos y cuidados","Sol y piel"],"inLanguage":"es-ES"},{"@type":"WebPage","@id":"https:\/\/www.isdin.com\/es\/blog\/como-leer-etiqueta-protector-solar\/","url":"https:\/\/www.isdin.com\/es\/blog\/como-leer-etiqueta-protector-solar\/","name":"\u00bfC\u00f3mo leer la etiqueta de los protectores solares?","isPartOf":{"@id":"https:\/\/www.isdin.com\/es\/blog\/#website"},"primaryImageOfPage":{"@id":"https:\/\/www.isdin.com\/es\/blog\/como-leer-etiqueta-protector-solar\/#primaryimage"},"image":{"@id":"https:\/\/www.isdin.com\/es\/blog\/como-leer-etiqueta-protector-solar\/#primaryimage"},"thumbnailUrl":"https:\/\/www.isdin.com\/es\/blog\/wp-content\/uploads\/2024\/05\/The-Ultimate-SPF-Glossary_-Understanding-Your-Sunscreen-Label.jpg","datePublished":"2025-06-25T16:23:31+00:00","dateModified":"2025-06-26T15:38:39+00:00","description":"Aprendre a leer la etiqueta de los protectores solares: descubre qu\u00e9 significa SPF, PA, amplio espectro y otros datos clave para tu piel.","breadcrumb":{"@id":"https:\/\/www.isdin.com\/es\/blog\/como-leer-etiqueta-protector-solar\/#breadcrumb"},"inLanguage":"es-ES","potentialAction":[{"@type":"ReadAction","target":["https:\/\/www.isdin.com\/es\/blog\/como-leer-etiqueta-protector-solar\/"]}]},{"@type":"ImageObject","inLanguage":"es-ES","@id":"https:\/\/www.isdin.com\/es\/blog\/como-leer-etiqueta-protector-solar\/#primaryimage","url":"https:\/\/www.isdin.com\/es\/blog\/wp-content\/uploads\/2024\/05\/The-Ultimate-SPF-Glossary_-Understanding-Your-Sunscreen-Label.jpg","contentUrl":"https:\/\/www.isdin.com\/es\/blog\/wp-content\/uploads\/2024\/05\/The-Ultimate-SPF-Glossary_-Understanding-Your-Sunscreen-Label.jpg","width":1200,"height":760,"caption":"The Ultimate SPF Glossary_ Understanding Your Sunscreen Label"},{"@type":"BreadcrumbList","@id":"https:\/\/www.isdin.com\/es\/blog\/como-leer-etiqueta-protector-solar\/#breadcrumb","itemListElement":[{"@type":"ListItem","position":1,"name":"Portada","item":"https:\/\/www.isdin.com\/es\/blog\/"},{"@type":"ListItem","position":2,"name":"SPF, UVA y m\u00e1s: c\u00f3mo leer la etiqueta de tu protector solar"}]},{"@type":"WebSite","@id":"https:\/\/www.isdin.com\/es\/blog\/#website","url":"https:\/\/www.isdin.com\/es\/blog\/","name":"ISDIN","description":"Novedades, lanzamientos de productos y toda la experiencia de ISDIN","publisher":{"@id":"https:\/\/www.isdin.com\/es\/blog\/#organization"},"potentialAction":[{"@type":"SearchAction","target":{"@type":"EntryPoint","urlTemplate":"https:\/\/www.isdin.com\/es\/blog\/?s={search_term_string}"},"query-input":{"@type":"PropertyValueSpecification","valueRequired":true,"valueName":"search_term_string"}}],"inLanguage":"es-ES"},{"@type":"Organization","@id":"https:\/\/www.isdin.com\/es\/blog\/#organization","name":"ISDIN","alternateName":"ISDIN","url":"https:\/\/www.isdin.com\/es\/blog\/","logo":{"@type":"ImageObject","inLanguage":"es-ES","@id":"https:\/\/www.isdin.com\/es\/blog\/#\/schema\/logo\/image\/","url":"https:\/\/www.isdin.com\/es\/blog\/wp-content\/uploads\/2024\/05\/2025_03_GuiaFoto_FWM.png","contentUrl":"https:\/\/www.isdin.com\/es\/blog\/wp-content\/uploads\/2024\/05\/2025_03_GuiaFoto_FWM.png","width":670,"height":683,"caption":"ISDIN"},"image":{"@id":"https:\/\/www.isdin.com\/es\/blog\/#\/schema\/logo\/image\/"},"sameAs":["https:\/\/es-es.facebook.com\/ISDIN.official\/","https:\/\/x.com\/isdin_official","https:\/\/www.instagram.com\/isdinofficial","https:\/\/www.youtube.com\/channel\/UCtoNJMKpDwdFLqgV23_lcqg"],"telephone":"659997812"},{"@type":"Person","@id":"https:\/\/www.isdin.com\/es\/blog\/#\/schema\/person\/684015d7d9e78124cb4aa660f6fe8576","name":"Belinda Mart\u00ednez","image":{"@type":"ImageObject","inLanguage":"es-ES","@id":"https:\/\/www.isdin.com\/es\/blog\/#\/schema\/person\/image\/","url":"https:\/\/www.isdin.com\/es\/blog\/wp-content\/uploads\/2017\/07\/jjjj.jpg","contentUrl":"https:\/\/www.isdin.com\/es\/blog\/wp-content\/uploads\/2017\/07\/jjjj.jpg","caption":"Belinda Mart\u00ednez"},"description":"Belinda es periodista y copywriter creativa. Tras a\u00f1os de experiencia, decidi\u00f3 fusionar sus habilidades de escritura con su amor por el skincare, convirti\u00e9ndose en una especialista en la materia. \u00bfSu imprescindible? Un buen b\u00e1lsamo de labios.","sameAs":["https:\/\/www.linkedin.com\/in\/thisisbel\/"],"url":"https:\/\/www.isdin.com\/es\/blog\/author\/belindamartinez\/"}]}},"_links":{"self":[{"href":"https:\/\/www.isdin.com\/es\/blog\/wp-json\/wp\/v2\/posts\/6405","targetHints":{"allow":["GET"]}}],"collection":[{"href":"https:\/\/www.isdin.com\/es\/blog\/wp-json\/wp\/v2\/posts"}],"about":[{"href":"https:\/\/www.isdin.com\/es\/blog\/wp-json\/wp\/v2\/types\/post"}],"author":[{"embeddable":true,"href":"https:\/\/www.isdin.com\/es\/blog\/wp-json\/wp\/v2\/users\/69"}],"replies":[{"embeddable":true,"href":"https:\/\/www.isdin.com\/es\/blog\/wp-json\/wp\/v2\/comments?post=6405"}],"version-history":[{"count":11,"href":"https:\/\/www.isdin.com\/es\/blog\/wp-json\/wp\/v2\/posts\/6405\/revisions"}],"predecessor-version":[{"id":12239,"href":"https:\/\/www.isdin.com\/es\/blog\/wp-json\/wp\/v2\/posts\/6405\/revisions\/12239"}],"wp:featuredmedia":[{"embeddable":true,"href":"https:\/\/www.isdin.com\/es\/blog\/wp-json\/wp\/v2\/media\/12227"}],"wp:attachment":[{"href":"https:\/\/www.isdin.com\/es\/blog\/wp-json\/wp\/v2\/media?parent=6405"}],"wp:term":[{"taxonomy":"category","embeddable":true,"href":"https:\/\/www.isdin.com\/es\/blog\/wp-json\/wp\/v2\/categories?post=6405"},{"taxonomy":"post_tag","embeddable":true,"href":"https:\/\/www.isdin.com\/es\/blog\/wp-json\/wp\/v2\/tags?post=6405"}],"curies":[{"name":"wp","href":"https:\/\/api.w.org\/{rel}","templated":true}]}}