{"id":6079,"date":"2024-07-15T16:33:44","date_gmt":"2024-07-15T16:33:44","guid":{"rendered":"https:\/\/www.isdin.com\/es\/blog\/?p=6079"},"modified":"2024-07-25T10:40:35","modified_gmt":"2024-07-25T10:40:35","slug":"5-excusas-para-no-utilizar-proteccion-solar","status":"publish","type":"post","link":"https:\/\/www.isdin.com\/es\/blog\/5-excusas-para-no-utilizar-proteccion-solar\/","title":{"rendered":"Desmontamos las 5 excusas m\u00e1s comunes para no utilizar protecci\u00f3n solar"},"content":{"rendered":"\n<p><em>&#8220;\u00a1Pero si no hace sol, \u00bfpara qu\u00e9 me voy a echar crema?!&#8221;<\/em> Seguro que has escuchado esta frase m\u00e1s de una (y m\u00e1s de dos) veces. A veces, resulta dif\u00edcil encontrar la manera de argumentar y convencer a tus amigos y familiares sobre la importancia de utilizar protecci\u00f3n solar a diario.<\/p>\n\n\n\n<p>\u00bfY si supieran que la radiaci\u00f3n solar puede alcanzar la piel incluso a trav\u00e9s de las ventanas? \u00bfO que prevenir nuestras arrugas est\u00e1 directamente relacionado con el uso de protector solar? No pondr\u00edan ni una sola pega.<\/p>\n\n\n\n<p>Hoy, compartimos contigo algunas de las excusas m\u00e1s comunes para que la pr\u00f3xima vez que tu t\u00edo\/prima\/hermano\/amiga se queje de lo \u201cinc\u00f3modo\u201d que le resulta usar protecci\u00f3n solar, tengas argumentos para responder:<\/p>\n\n\n\n<h2 class=\"wp-block-heading\" id=\"h-1-estoy-todo-el-dia-en-casa-o-en-la-oficina-no-me-da-el-sol-en-todo-el-dia\">1. \u201cEstoy todo el d\u00eda en casa o en la oficina, \u00a1no me da el sol en todo el d\u00eda!\u201d<\/h2>\n\n\n\n<figure class=\"wp-block-image size-large\"><img loading=\"lazy\" decoding=\"async\" width=\"1024\" height=\"527\" src=\"data:image\/gif;base64,R0lGODlhAQABAAAAACH5BAEKAAEALAAAAAABAAEAAAICTAEAOw==\" data-src=\"https:\/\/www.isdin.com\/es\/blog\/wp-content\/uploads\/2021\/05\/2023_5Razones_IMG04-1024x527.png\" alt=\"oficina con amigas\" class=\"wp-image-8493 lazyload\" data-sizes=\"auto\" data-srcset=\"https:\/\/www.isdin.com\/es\/blog\/wp-content\/uploads\/2021\/05\/2023_5Razones_IMG04-1024x527.png 1024w, https:\/\/www.isdin.com\/es\/blog\/wp-content\/uploads\/2021\/05\/2023_5Razones_IMG04-300x155.png 300w, https:\/\/www.isdin.com\/es\/blog\/wp-content\/uploads\/2021\/05\/2023_5Razones_IMG04-150x77.png 150w, https:\/\/www.isdin.com\/es\/blog\/wp-content\/uploads\/2021\/05\/2023_5Razones_IMG04-768x396.png 768w, https:\/\/www.isdin.com\/es\/blog\/wp-content\/uploads\/2021\/05\/2023_5Razones_IMG04-585x300.png 585w, https:\/\/www.isdin.com\/es\/blog\/wp-content\/uploads\/2021\/05\/2023_5Razones_IMG04-450x232.png 450w, https:\/\/www.isdin.com\/es\/blog\/wp-content\/uploads\/2021\/05\/2023_5Razones_IMG04-20x11.png 20w, https:\/\/www.isdin.com\/es\/blog\/wp-content\/uploads\/2021\/05\/2023_5Razones_IMG04-225x116.png 225w, https:\/\/www.isdin.com\/es\/blog\/wp-content\/uploads\/2021\/05\/2023_5Razones_IMG04-900x464.png 900w, https:\/\/www.isdin.com\/es\/blog\/wp-content\/uploads\/2021\/05\/2023_5Razones_IMG04.png 1200w\" sizes=\"auto, (max-width: 1024px) 100vw, 1024px\" \/><\/figure>\n\n\n\n<p><\/p>\n\n\n\n<p>Para esta tenemos un argumento irrefutable: \u00bfsab\u00edas que <strong>los rayos UVA pueden traspasar los cristales<\/strong>? Los UVA, responsables del envejecimiento prematuro, las manchas y enfermedades graves como el <a href=\"https:\/\/www.isdin.com\/blog\/melanoma-causas-y-como-prevenirlo\/\">c\u00e1ncer de piel<\/a>, tienen una longitud de onda m\u00e1s larga que les permite atravesar las ventanas con facilidad.<\/p>\n\n\n\n<p>A diferencia de los rayos UVB, los UVA tienen mucha facilidad para atravesar superficies transparentes. <strong>\u00bfQu\u00e9 significa esto?<\/strong> Que incluso dentro de edificios o en el coche, tu piel est\u00e1 expuesta a la <a href=\"https:\/\/www.isdin.com\/es\/blog\/efectos-radiacion-solar-piel\/\">radiaci\u00f3n solar<\/a>.<\/p>\n\n\n\n<p><strong>No hay excusa:<\/strong> si puedes leer sin encender la luz, ya est\u00e1s tardando en aplicarte protecci\u00f3n solar. Si no sabes cu\u00e1l es el mejor protector para tu piel, <a href=\"https:\/\/www.isdin.com\/es-CL\/blog\/test-mejor-protector-solar-facial\/\">\u00a1sal de dudas con nuestro test!<\/a><\/p>\n\n\n\n<p><\/p>\n\n\n\n<h2 class=\"wp-block-heading\" id=\"h-2-arrugas-yo-todavia-soy-muy-joven-para-eso\">2. \u201c\u00bfArrugas? \u00a1Yo todav\u00eda soy muy joven para eso!\u201d<\/h2>\n\n\n\n<p><\/p>\n\n\n\n<figure class=\"wp-block-image size-large\"><img loading=\"lazy\" decoding=\"async\" width=\"1024\" height=\"527\" src=\"data:image\/gif;base64,R0lGODlhAQABAAAAACH5BAEKAAEALAAAAAABAAEAAAICTAEAOw==\" data-src=\"https:\/\/www.isdin.com\/es\/blog\/wp-content\/uploads\/2021\/05\/2023_5Razones_IMG01-1024x527.png\" alt=\"arrugas en piel j\u00f3ven\" class=\"wp-image-8492 lazyload\" data-sizes=\"auto\" data-srcset=\"https:\/\/www.isdin.com\/es\/blog\/wp-content\/uploads\/2021\/05\/2023_5Razones_IMG01-1024x527.png 1024w, https:\/\/www.isdin.com\/es\/blog\/wp-content\/uploads\/2021\/05\/2023_5Razones_IMG01-300x155.png 300w, https:\/\/www.isdin.com\/es\/blog\/wp-content\/uploads\/2021\/05\/2023_5Razones_IMG01-150x77.png 150w, https:\/\/www.isdin.com\/es\/blog\/wp-content\/uploads\/2021\/05\/2023_5Razones_IMG01-768x396.png 768w, https:\/\/www.isdin.com\/es\/blog\/wp-content\/uploads\/2021\/05\/2023_5Razones_IMG01-585x300.png 585w, https:\/\/www.isdin.com\/es\/blog\/wp-content\/uploads\/2021\/05\/2023_5Razones_IMG01-450x232.png 450w, https:\/\/www.isdin.com\/es\/blog\/wp-content\/uploads\/2021\/05\/2023_5Razones_IMG01-20x11.png 20w, https:\/\/www.isdin.com\/es\/blog\/wp-content\/uploads\/2021\/05\/2023_5Razones_IMG01-225x116.png 225w, https:\/\/www.isdin.com\/es\/blog\/wp-content\/uploads\/2021\/05\/2023_5Razones_IMG01-900x464.png 900w, https:\/\/www.isdin.com\/es\/blog\/wp-content\/uploads\/2021\/05\/2023_5Razones_IMG01.png 1200w\" sizes=\"auto, (max-width: 1024px) 100vw, 1024px\" \/><\/figure>\n\n\n\n<p><\/p>\n\n\n\n<p>No nos malinterpretes, <a href=\"https:\/\/www.isdin.com\/blog\/well-aging-como-prevenir-y-cuidar-nuestras-arrugas\/\">las arrugas no tienen nada de malo<\/a>. Somos unos aut\u00e9nticos enamorados del <a href=\"https:\/\/www.isdin.com\/blog\/como-envejece-nuestra-piel\/\"><em>well-aging<\/em><\/a> y creemos que debes verlas como marcas de recuerdos, experiencias y cumplea\u00f1os. Sin embargo, el cuidado de la piel va m\u00e1s all\u00e1 de las arrugas visibles.<\/p>\n\n\n\n<p>De tomar el sol sin protecci\u00f3n, nadie se libra y puede tener consecuencias negativas a largo plazo, sea cual sea tu edad. La exposici\u00f3n solar acumulada da\u00f1a el col\u00e1geno y la elastina de tu piel, favoreciendo la <a href=\"https:\/\/www.isdin.com\/blog\/efectos-del-fotoenvejecimiento-en-la-piel\/\">aparici\u00f3n de arrugas y manchas<\/a> y disminuyendo su elasticidad. Tambi\u00e9n aumenta el riesgo de desarrollar <strong>c\u00e1ncer de piel<\/strong>. Y aunque la melanina es una de las protecciones naturales que tiene nuestra piel, <strong>no es suficiente.<\/strong><\/p>\n\n\n\n<p>Proteger tu piel ahora te ayudar\u00e1 a mantenerla sana y radiante en el futuro. Adem\u00e1s, establecer buenos h\u00e1bitos de protecci\u00f3n solar desde temprana edad es una inversi\u00f3n a largo plazo en la salud y apariencia de la piel.<\/p>\n\n\n\n<p><\/p>\n\n\n\n<p class=\"has-background\" style=\"background-color:#f1dfbf\"><strong>Todo est\u00e1 en tus manos: <\/strong>aplicar protecci\u00f3n solar diariamente desde los <a href=\"https:\/\/www.isdin.com\/blog\/como-cuidar-tu-piel-a-los-25-anos\/\">20 a\u00f1os<\/a> puede tener un impacto significativo en la prevenci\u00f3n del envejecimiento prematuro de la piel.<\/p>\n\n\n\n<p><\/p>\n\n\n\n<h2 class=\"wp-block-heading\" id=\"h-3-yo-nunca-me-quemo\">3. \u201cYo nunca me quemo&#8221;<\/h2>\n\n\n\n<p><\/p>\n\n\n\n<figure class=\"wp-block-image size-large\"><img loading=\"lazy\" decoding=\"async\" width=\"1024\" height=\"527\" src=\"data:image\/gif;base64,R0lGODlhAQABAAAAACH5BAEKAAEALAAAAAABAAEAAAICTAEAOw==\" data-src=\"https:\/\/www.isdin.com\/es\/blog\/wp-content\/uploads\/2021\/05\/2023_5Razones_IMG06-1024x527.png\" alt=\"piel bronceada \" class=\"wp-image-8491 lazyload\" data-sizes=\"auto\" data-srcset=\"https:\/\/www.isdin.com\/es\/blog\/wp-content\/uploads\/2021\/05\/2023_5Razones_IMG06-1024x527.png 1024w, https:\/\/www.isdin.com\/es\/blog\/wp-content\/uploads\/2021\/05\/2023_5Razones_IMG06-300x155.png 300w, https:\/\/www.isdin.com\/es\/blog\/wp-content\/uploads\/2021\/05\/2023_5Razones_IMG06-150x77.png 150w, https:\/\/www.isdin.com\/es\/blog\/wp-content\/uploads\/2021\/05\/2023_5Razones_IMG06-768x396.png 768w, https:\/\/www.isdin.com\/es\/blog\/wp-content\/uploads\/2021\/05\/2023_5Razones_IMG06-585x300.png 585w, https:\/\/www.isdin.com\/es\/blog\/wp-content\/uploads\/2021\/05\/2023_5Razones_IMG06-450x232.png 450w, https:\/\/www.isdin.com\/es\/blog\/wp-content\/uploads\/2021\/05\/2023_5Razones_IMG06-20x11.png 20w, https:\/\/www.isdin.com\/es\/blog\/wp-content\/uploads\/2021\/05\/2023_5Razones_IMG06-225x116.png 225w, https:\/\/www.isdin.com\/es\/blog\/wp-content\/uploads\/2021\/05\/2023_5Razones_IMG06-900x464.png 900w, https:\/\/www.isdin.com\/es\/blog\/wp-content\/uploads\/2021\/05\/2023_5Razones_IMG06.png 1200w\" sizes=\"auto, (max-width: 1024px) 100vw, 1024px\" \/><\/figure>\n\n\n\n<p><\/p>\n\n\n\n<p>El cl\u00e1sico por excelencia. Pero, \u00bfmerece la pena presumir de ello? Cuando te expones a los rayos UV del sol, las c\u00e9lulas de la piel producen un pigmento llamado melanina. Su funci\u00f3n principal es proteger tu piel y absorber la radiaci\u00f3n solar. Este proceso es una medida de defensa, independientemente de tu tono de piel; <strong>cuanto m\u00e1s te expones, m\u00e1s melanina se produce<\/strong>.<\/p>\n\n\n\n<blockquote class=\"wp-block-quote is-layout-flow wp-block-quote-is-layout-flow\">\n<p>Sea cual sea tu tono, puedes desarrollar c\u00e1ncer de piel.<\/p>\n<\/blockquote>\n\n\n\n<p>Lo mismo ocurre para los que presumen de \u2018\u2019ponerse siempre morenos\u2019\u2019, estar bronceado es la respuesta natural del cuerpo ante la exposici\u00f3n a los rayos UV del sol (aumento de melanina). Si bien puede ser tentador buscar ese bronceado natural bajo el sol, debemos ser conscientes de los da\u00f1os que esto puede causar a nuestra piel. La radiaci\u00f3n solar, incluso sin producir una quemadura visible, puede tener efectos devastadores <a href=\"https:\/\/www.isdin.com\/es\/blog\/dia-del-melanoma-prevencion-y-deteccion\/\">a largo plazo<\/a>.<\/p>\n\n\n\n<p><\/p>\n\n\n\n<h3 class=\"wp-block-heading\">\u00bfBuscas un toque de color? Que sea en tu fotoprotector<\/h3>\n\n\n\n<p>Si lo que buscas es darle a tu rostro ese \u2018efecto buena cara\u2019 tan deseado, solo necesitar\u00e1s fotoprotecci\u00f3n con color. De esta manera, no solo obtendr\u00e1s la protecci\u00f3n solar diaria que necesitas, sino que tambi\u00e9n incorporas pigmentos que agregan un tono sutil y radiante a tu piel.<\/p>\n\n\n\n<div class=\"wp-block-media-text has-media-on-the-right is-stacked-on-mobile\"><div class=\"wp-block-media-text__content\">\n<p><a href=\"https:\/\/www.isdin.com\/producto\/fotoprotector-isdin\/fusion-water-magic-light-spf-50\">Fusion Water MAGIC Light,<\/a> <a href=\"https:\/\/www.isdin.com\/producto\/fotoprotector-isdin\/fusion-water-magic-medium-spf-50\">Medium<\/a> o <a href=\"https:\/\/www.isdin.com\/es\/p\/fusion-water-color-bronze-spf-50\/3977\">Bronze<\/a>. La opci\u00f3n perfecta para el d\u00eda a d\u00eda, con una textura ultraligera que se absorbe al instante. Adem\u00e1s, protege tu piel contra el da\u00f1o producido por los <a href=\"https:\/\/www.isdin.com\/blog\/que-son-los-radicales-libres-y-la-oxidacion-de-la-piel\/\">radicales libres<\/a>.<\/p>\n<\/div><figure class=\"wp-block-media-text__media\"><img loading=\"lazy\" decoding=\"async\" width=\"670\" height=\"754\" src=\"data:image\/gif;base64,R0lGODlhAQABAAAAACH5BAEKAAEALAAAAAABAAEAAAICTAEAOw==\" data-src=\"https:\/\/www.isdin.com\/es\/blog\/wp-content\/uploads\/2024\/07\/2024_04_5razones_IMG07.jpg\" alt=\"\" class=\"wp-image-10595 size-full lazyload\"\/><\/figure><\/div>\n\n\n\n<p><\/p>\n\n\n\n<div class=\"wp-block-media-text is-stacked-on-mobile\"><figure class=\"wp-block-media-text__media\"><img loading=\"lazy\" decoding=\"async\" width=\"670\" height=\"754\" src=\"data:image\/gif;base64,R0lGODlhAQABAAAAACH5BAEKAAEALAAAAAABAAEAAAICTAEAOw==\" data-src=\"https:\/\/www.isdin.com\/es\/blog\/wp-content\/uploads\/2024\/07\/2024_04_5razones_IMG08-1.jpg\" alt=\"\" class=\"wp-image-10596 size-full lazyload\"\/><\/figure><div class=\"wp-block-media-text__content\">\n<p>Si tambi\u00e9n buscas reducir los signos visibles del envejecimiento, entonces prueba <a href=\"https:\/\/www.isdin.com\/producto\/fotoprotector-isdin\/fusion-water-magic-repair-color-spf-50\">Fusion Water MAGIC Repair Color<\/a>, con ingredientes que te ayudan a combatir la p\u00e9rdida natural de col\u00e1geno. \u00a1Hola f\u00f3rmula que proporciona hidrataci\u00f3n intensa, disimula imperfecciones y ayuda a unificar el tono de tu piel!<\/p>\n<\/div><\/div>\n\n\n\n<p><\/p>\n\n\n\n<p><\/p>\n\n\n\n<h2 class=\"wp-block-heading\" id=\"h-4-esta-lloviendo-no-necesito-usar-fotoprotector\">4. \u2018\u2019Est\u00e1 lloviendo, no necesito usar fotoprotector\u2019\u2019<\/h2>\n\n\n\n<figure class=\"wp-block-image size-large\"><img loading=\"lazy\" decoding=\"async\" width=\"1024\" height=\"527\" src=\"data:image\/gif;base64,R0lGODlhAQABAAAAACH5BAEKAAEALAAAAAABAAEAAAICTAEAOw==\" data-src=\"https:\/\/www.isdin.com\/es\/blog\/wp-content\/uploads\/2024\/07\/2024_04_5razones_IMG03-1-1024x527.png\" alt=\"\" class=\"wp-image-10597 lazyload\" data-sizes=\"auto\" data-srcset=\"https:\/\/www.isdin.com\/es\/blog\/wp-content\/uploads\/2024\/07\/2024_04_5razones_IMG03-1-1024x527.png 1024w, https:\/\/www.isdin.com\/es\/blog\/wp-content\/uploads\/2024\/07\/2024_04_5razones_IMG03-1-300x155.png 300w, https:\/\/www.isdin.com\/es\/blog\/wp-content\/uploads\/2024\/07\/2024_04_5razones_IMG03-1-150x77.png 150w, https:\/\/www.isdin.com\/es\/blog\/wp-content\/uploads\/2024\/07\/2024_04_5razones_IMG03-1-768x396.png 768w, https:\/\/www.isdin.com\/es\/blog\/wp-content\/uploads\/2024\/07\/2024_04_5razones_IMG03-1-585x300.png 585w, https:\/\/www.isdin.com\/es\/blog\/wp-content\/uploads\/2024\/07\/2024_04_5razones_IMG03-1-450x232.png 450w, https:\/\/www.isdin.com\/es\/blog\/wp-content\/uploads\/2024\/07\/2024_04_5razones_IMG03-1-20x11.png 20w, https:\/\/www.isdin.com\/es\/blog\/wp-content\/uploads\/2024\/07\/2024_04_5razones_IMG03-1-225x116.png 225w, https:\/\/www.isdin.com\/es\/blog\/wp-content\/uploads\/2024\/07\/2024_04_5razones_IMG03-1-900x464.png 900w, https:\/\/www.isdin.com\/es\/blog\/wp-content\/uploads\/2024\/07\/2024_04_5razones_IMG03-1.png 1200w\" sizes=\"auto, (max-width: 1024px) 100vw, 1024px\" \/><\/figure>\n\n\n\n<p><\/p>\n\n\n\n<p>El sol podr\u00e1 esconderse detr\u00e1s de las nubes, pero los rayos UV contin\u00faan da\u00f1ando la piel. Incluso en d\u00edas lluviosos o nublados, es crucial protegerse. Y no olvidemos que la nieve y la niebla act\u00faan como espejos naturales, reflejando los rayos solares y aumentando la exposici\u00f3n a la radiaci\u00f3n UV.<\/p>\n\n\n\n<p class=\"has-text-align-center\"><strong>Esta excusa ya no sirve<\/strong>, independientemente del clima.<\/p>\n\n\n\n<p><\/p>\n\n\n\n<h2 class=\"wp-block-heading\" id=\"h-5-los-fotoprotectores-son-muy-pegajosos-me-dejan-la-cara-blanca\">5. \u201cLos fotoprotectores son muy pegajosos, me dejan la cara blanca\u201d<\/h2>\n\n\n\n<figure class=\"wp-block-image size-large\"><img loading=\"lazy\" decoding=\"async\" width=\"1024\" height=\"527\" src=\"data:image\/gif;base64,R0lGODlhAQABAAAAACH5BAEKAAEALAAAAAABAAEAAAICTAEAOw==\" data-src=\"https:\/\/www.isdin.com\/es\/blog\/wp-content\/uploads\/2021\/05\/2023_5Razones_IMG02-1024x527.png\" alt=\"excusas para no usar fotoprotector solar\" class=\"wp-image-8489 lazyload\" data-sizes=\"auto\" data-srcset=\"https:\/\/www.isdin.com\/es\/blog\/wp-content\/uploads\/2021\/05\/2023_5Razones_IMG02-1024x527.png 1024w, https:\/\/www.isdin.com\/es\/blog\/wp-content\/uploads\/2021\/05\/2023_5Razones_IMG02-300x155.png 300w, https:\/\/www.isdin.com\/es\/blog\/wp-content\/uploads\/2021\/05\/2023_5Razones_IMG02-150x77.png 150w, https:\/\/www.isdin.com\/es\/blog\/wp-content\/uploads\/2021\/05\/2023_5Razones_IMG02-768x396.png 768w, https:\/\/www.isdin.com\/es\/blog\/wp-content\/uploads\/2021\/05\/2023_5Razones_IMG02-585x300.png 585w, https:\/\/www.isdin.com\/es\/blog\/wp-content\/uploads\/2021\/05\/2023_5Razones_IMG02-450x232.png 450w, https:\/\/www.isdin.com\/es\/blog\/wp-content\/uploads\/2021\/05\/2023_5Razones_IMG02-20x11.png 20w, https:\/\/www.isdin.com\/es\/blog\/wp-content\/uploads\/2021\/05\/2023_5Razones_IMG02-225x116.png 225w, https:\/\/www.isdin.com\/es\/blog\/wp-content\/uploads\/2021\/05\/2023_5Razones_IMG02-900x464.png 900w, https:\/\/www.isdin.com\/es\/blog\/wp-content\/uploads\/2021\/05\/2023_5Razones_IMG02.png 1200w\" sizes=\"auto, (max-width: 1024px) 100vw, 1024px\" \/><\/figure>\n\n\n\n<p><\/p>\n\n\n\n<p>Estamos en 2024, esta excusa ya no deber\u00eda de ser v\u00e1lida (aunque sea la m\u00e1s frecuente). Con la cantidad de f\u00f3rmulas, formatos y texturas que existen, encontrar un fotoprotector solar que sea c\u00f3modo para utilizar a diario no es complicado. Por ejemplo, si el mayor obst\u00e1culo que tu entorno se encuentra al usar protecci\u00f3n solar es que les resulta \u201cpegajosa\u201d o que les deja \u201cresiduo\u201d, una excelente soluci\u00f3n ser\u00e1 optar por f\u00f3rmulas ultraligeras y <em>mineral oil free<\/em>, como las que ofrecen los productos de la gama <a href=\"https:\/\/www.isdin.com\/marcas\/fotoprotector-isdin\/\">Fusion Water MAGIC<\/a>.<\/p>\n\n\n\n<p><\/p>\n\n\n\n<figure class=\"wp-block-image size-full\"><img loading=\"lazy\" decoding=\"async\" width=\"2400\" height=\"1236\" src=\"data:image\/gif;base64,R0lGODlhAQABAAAAACH5BAEKAAEALAAAAAABAAEAAAICTAEAOw==\" data-src=\"https:\/\/www.isdin.com\/es\/blog\/wp-content\/uploads\/2024\/07\/2024_04_5razones_IMG09.jpg\" alt=\"qu\u00e9 protector solar usar\" class=\"wp-image-10598 lazyload\"\/><\/figure>\n\n\n\n<p><\/p>\n\n\n\n<p class=\"has-text-align-center\">\u00bfQuieres descubrir cu\u00e1l es el mejor<a href=\"https:\/\/www.isdin.com\/es\/blog\/test-mejor-protector-solar-facial\/\"> fotoprotector facial<\/a> para tu piel?<\/p>\n\n\n\n<p><\/p>\n\n\n\n<h2 class=\"wp-block-heading\">\u00bfCu\u00e1nto protector solar hay que echarse?<\/h2>\n\n\n\n<p>Tras desmentir los 5 mitos m\u00e1s comunes sobre fotoprotecci\u00f3n, seguro que hay m\u00e1s de una persona que te lo pregunta. <em>&#8220;Vale, pero, \u00bfcu\u00e1nto fotoprotector me tengo que echar?\u201d.<\/em><\/p>\n\n\n\n<p>Te dejamos con 2 trucos que nunca fallan:<\/p>\n\n\n\n<ul class=\"wp-block-list\">\n<li><strong>Para el rostro:<\/strong> con la medida de dos dedos extendidos, es suficiente.<\/li>\n\n\n\n<li><strong>Para el cuerpo:<\/strong> necesitar\u00e1s el equivalente a dos cucharadas de protecci\u00f3n solar.<\/li>\n<\/ul>\n\n\n\n<p>En resumen, no deber\u00edan existir excusas a la hora de cuidar y proteger nuestra piel. Protegernos del sol es m\u00e1s que una simple rutina, es un estilo de vida. <a href=\"https:\/\/www.isdin.com\/es\/blog\/te-proteges-bien-del-sol\/\">\u00bfTe est\u00e1s protegiendo como deber\u00edas?<\/a> Detecta todo lo que haces bien (y en qu\u00e9 podr\u00edas mejorar) para protegerte a ti y a los tuyos, \u00a1y comparte los tips con tus amigos y familia!<\/p>\n\n\n\n<p class=\"has-text-align-center\">Juntos, podremos concienciar sobre la importancia de proteger nuestra piel.<\/p>\n\n\n\n<p><\/p>\n\n\n\n<hr class=\"wp-block-separator has-css-opacity is-style-wide\"\/>\n\n\n\n<p style=\"font-size:8px\">Referencias<\/p>\n\n\n\n<p style=\"font-size:8px\">Jean Krutmann, Anne Bouloc, Gabrielle Sore, Bruno A. Bernard, Thierry Passeron, <em>The skin aging exposome,<\/em> Journal of Dermatological Science, Volume 85, Issue 3, 2017,Pages 152-161<br>Brenner, M. and Hearing, V.J. (2008), The Protective Role of Melanin Against UV Damage in Human Skin\u2020. Photochemistry and Photobiology, 84: 539-549. <a href=\"https:\/\/doi.org\/10.1111\/j.1751-1097.2007.00226.x\">https:\/\/doi.org\/10.1111\/j.1751-1097.2007.00226.x<\/a><\/p>\n\n\n\n<p><\/p>\n","protected":false},"excerpt":{"rendered":"<p>Compartimos contigo algunas de las excusas m\u00e1s comunes para que la pr\u00f3xima vez que tu t\u00edo, prima, hermano o amiga se queje de lo &#8220;inc\u00f3modo&#8221; que le resulta usar protecci\u00f3n solar, tengas argumentos para responder:<\/p>\n","protected":false},"author":69,"featured_media":8487,"comment_status":"closed","ping_status":"closed","sticky":false,"template":"","format":"image","meta":{"footnotes":""},"categories":[1,100],"tags":[123,119],"class_list":["post-6079","post","type-post","status-publish","format-image","has-post-thumbnail","hentry","category-consejos-cuidados","category-sol-y-piel","tag-cuidado-piel","tag-fotoproteccion","post_format-post-format-image"],"yoast_head":"<!-- This site is optimized with the Yoast SEO Premium plugin v25.4 (Yoast SEO v25.4) - https:\/\/yoast.com\/wordpress\/plugins\/seo\/ -->\n<title>Desmontamos las 5 excusas m\u00e1s comunes para no utilizar protecci\u00f3n solar<\/title>\n<meta name=\"description\" content=\"Es que no hace sol, es que est\u00e1 lloviendo, es que me deja la cara pegajosa,... adi\u00f3s excusas, hola protecci\u00f3n solar.\" \/>\n<meta name=\"robots\" content=\"index, follow, max-snippet:-1, max-image-preview:large, max-video-preview:-1\" \/>\n<link rel=\"canonical\" href=\"https:\/\/www.isdin.com\/es\/blog\/5-excusas-para-no-utilizar-proteccion-solar\/\" \/>\n<meta property=\"og:locale\" content=\"es_ES\" \/>\n<meta property=\"og:type\" content=\"article\" \/>\n<meta property=\"og:title\" content=\"Desmontamos las 5 excusas m\u00e1s comunes para no utilizar protecci\u00f3n solar\" \/>\n<meta property=\"og:description\" content=\"Es que no hace sol, es que est\u00e1 lloviendo, es que me deja la cara pegajosa,... adi\u00f3s excusas, hola protecci\u00f3n solar.\" \/>\n<meta property=\"og:url\" content=\"https:\/\/www.isdin.com\/es\/blog\/5-excusas-para-no-utilizar-proteccion-solar\/\" \/>\n<meta property=\"og:site_name\" content=\"ISDIN\" \/>\n<meta property=\"article:publisher\" content=\"https:\/\/es-es.facebook.com\/ISDIN.official\/\" \/>\n<meta property=\"article:published_time\" content=\"2024-07-15T16:33:44+00:00\" \/>\n<meta property=\"article:modified_time\" content=\"2024-07-25T10:40:35+00:00\" \/>\n<meta property=\"og:image\" content=\"https:\/\/www.isdin.com\/es\/blog\/wp-content\/uploads\/2021\/05\/2021_04_Blog_Imatge_Facebook.jpg\" \/>\n\t<meta property=\"og:image:width\" content=\"1200\" \/>\n\t<meta property=\"og:image:height\" content=\"630\" \/>\n\t<meta property=\"og:image:type\" content=\"image\/jpeg\" \/>\n<meta name=\"author\" content=\"Belinda Mart\u00ednez\" \/>\n<meta name=\"twitter:card\" content=\"summary_large_image\" \/>\n<meta name=\"twitter:creator\" content=\"@isdin_official\" \/>\n<meta name=\"twitter:site\" content=\"@isdin_official\" \/>\n<meta name=\"twitter:label1\" content=\"Written by\" \/>\n\t<meta name=\"twitter:data1\" content=\"Belinda Mart\u00ednez\" \/>\n\t<meta name=\"twitter:label2\" content=\"Est. reading time\" \/>\n\t<meta name=\"twitter:data2\" content=\"7 minutes\" \/>\n<script type=\"application\/ld+json\" class=\"yoast-schema-graph\">{\"@context\":\"https:\/\/schema.org\",\"@graph\":[{\"@type\":\"Article\",\"@id\":\"https:\/\/www.isdin.com\/es\/blog\/5-excusas-para-no-utilizar-proteccion-solar\/#article\",\"isPartOf\":{\"@id\":\"https:\/\/www.isdin.com\/es\/blog\/5-excusas-para-no-utilizar-proteccion-solar\/\"},\"author\":{\"name\":\"Belinda Mart\u00ednez\",\"@id\":\"https:\/\/www.isdin.com\/es\/blog\/#\/schema\/person\/684015d7d9e78124cb4aa660f6fe8576\"},\"headline\":\"Desmontamos las 5 excusas m\u00e1s comunes para no utilizar protecci\u00f3n solar\",\"datePublished\":\"2024-07-15T16:33:44+00:00\",\"dateModified\":\"2024-07-25T10:40:35+00:00\",\"mainEntityOfPage\":{\"@id\":\"https:\/\/www.isdin.com\/es\/blog\/5-excusas-para-no-utilizar-proteccion-solar\/\"},\"wordCount\":1195,\"publisher\":{\"@id\":\"https:\/\/www.isdin.com\/es\/blog\/#organization\"},\"image\":{\"@id\":\"https:\/\/www.isdin.com\/es\/blog\/5-excusas-para-no-utilizar-proteccion-solar\/#primaryimage\"},\"thumbnailUrl\":\"https:\/\/www.isdin.com\/es\/blog\/wp-content\/uploads\/2021\/05\/2023_5Razones_Header.png\",\"keywords\":[\"cuidado piel\",\"fotoprotecci\u00f3n\"],\"articleSection\":[\"Consejos y cuidados\",\"Sol y piel\"],\"inLanguage\":\"es-ES\"},{\"@type\":\"WebPage\",\"@id\":\"https:\/\/www.isdin.com\/es\/blog\/5-excusas-para-no-utilizar-proteccion-solar\/\",\"url\":\"https:\/\/www.isdin.com\/es\/blog\/5-excusas-para-no-utilizar-proteccion-solar\/\",\"name\":\"Desmontamos las 5 excusas m\u00e1s comunes para no utilizar protecci\u00f3n solar\",\"isPartOf\":{\"@id\":\"https:\/\/www.isdin.com\/es\/blog\/#website\"},\"primaryImageOfPage\":{\"@id\":\"https:\/\/www.isdin.com\/es\/blog\/5-excusas-para-no-utilizar-proteccion-solar\/#primaryimage\"},\"image\":{\"@id\":\"https:\/\/www.isdin.com\/es\/blog\/5-excusas-para-no-utilizar-proteccion-solar\/#primaryimage\"},\"thumbnailUrl\":\"https:\/\/www.isdin.com\/es\/blog\/wp-content\/uploads\/2021\/05\/2023_5Razones_Header.png\",\"datePublished\":\"2024-07-15T16:33:44+00:00\",\"dateModified\":\"2024-07-25T10:40:35+00:00\",\"description\":\"Es que no hace sol, es que est\u00e1 lloviendo, es que me deja la cara pegajosa,... adi\u00f3s excusas, hola protecci\u00f3n solar.\",\"breadcrumb\":{\"@id\":\"https:\/\/www.isdin.com\/es\/blog\/5-excusas-para-no-utilizar-proteccion-solar\/#breadcrumb\"},\"inLanguage\":\"es-ES\",\"potentialAction\":[{\"@type\":\"ReadAction\",\"target\":[\"https:\/\/www.isdin.com\/es\/blog\/5-excusas-para-no-utilizar-proteccion-solar\/\"]}]},{\"@type\":\"ImageObject\",\"inLanguage\":\"es-ES\",\"@id\":\"https:\/\/www.isdin.com\/es\/blog\/5-excusas-para-no-utilizar-proteccion-solar\/#primaryimage\",\"url\":\"https:\/\/www.isdin.com\/es\/blog\/wp-content\/uploads\/2021\/05\/2023_5Razones_Header.png\",\"contentUrl\":\"https:\/\/www.isdin.com\/es\/blog\/wp-content\/uploads\/2021\/05\/2023_5Razones_Header.png\",\"width\":1200,\"height\":760,\"caption\":\"fotoprotecci\u00f3n solar\"},{\"@type\":\"BreadcrumbList\",\"@id\":\"https:\/\/www.isdin.com\/es\/blog\/5-excusas-para-no-utilizar-proteccion-solar\/#breadcrumb\",\"itemListElement\":[{\"@type\":\"ListItem\",\"position\":1,\"name\":\"Portada\",\"item\":\"https:\/\/www.isdin.com\/es\/blog\/\"},{\"@type\":\"ListItem\",\"position\":2,\"name\":\"Desmontamos las 5 excusas m\u00e1s comunes para no utilizar protecci\u00f3n solar\"}]},{\"@type\":\"WebSite\",\"@id\":\"https:\/\/www.isdin.com\/es\/blog\/#website\",\"url\":\"https:\/\/www.isdin.com\/es\/blog\/\",\"name\":\"ISDIN\",\"description\":\"Novedades, lanzamientos de productos y toda la experiencia de ISDIN\",\"publisher\":{\"@id\":\"https:\/\/www.isdin.com\/es\/blog\/#organization\"},\"potentialAction\":[{\"@type\":\"SearchAction\",\"target\":{\"@type\":\"EntryPoint\",\"urlTemplate\":\"https:\/\/www.isdin.com\/es\/blog\/?s={search_term_string}\"},\"query-input\":{\"@type\":\"PropertyValueSpecification\",\"valueRequired\":true,\"valueName\":\"search_term_string\"}}],\"inLanguage\":\"es-ES\"},{\"@type\":\"Organization\",\"@id\":\"https:\/\/www.isdin.com\/es\/blog\/#organization\",\"name\":\"ISDIN\",\"alternateName\":\"ISDIN\",\"url\":\"https:\/\/www.isdin.com\/es\/blog\/\",\"logo\":{\"@type\":\"ImageObject\",\"inLanguage\":\"es-ES\",\"@id\":\"https:\/\/www.isdin.com\/es\/blog\/#\/schema\/logo\/image\/\",\"url\":\"https:\/\/www.isdin.com\/es\/blog\/wp-content\/uploads\/2024\/05\/2025_03_GuiaFoto_FWM.png\",\"contentUrl\":\"https:\/\/www.isdin.com\/es\/blog\/wp-content\/uploads\/2024\/05\/2025_03_GuiaFoto_FWM.png\",\"width\":670,\"height\":683,\"caption\":\"ISDIN\"},\"image\":{\"@id\":\"https:\/\/www.isdin.com\/es\/blog\/#\/schema\/logo\/image\/\"},\"sameAs\":[\"https:\/\/es-es.facebook.com\/ISDIN.official\/\",\"https:\/\/x.com\/isdin_official\",\"https:\/\/www.instagram.com\/isdinofficial\",\"https:\/\/www.youtube.com\/channel\/UCtoNJMKpDwdFLqgV23_lcqg\"],\"telephone\":\"659997812\"},{\"@type\":\"Person\",\"@id\":\"https:\/\/www.isdin.com\/es\/blog\/#\/schema\/person\/684015d7d9e78124cb4aa660f6fe8576\",\"name\":\"Belinda Mart\u00ednez\",\"image\":{\"@type\":\"ImageObject\",\"inLanguage\":\"es-ES\",\"@id\":\"https:\/\/www.isdin.com\/es\/blog\/#\/schema\/person\/image\/\",\"url\":\"https:\/\/www.isdin.com\/es\/blog\/wp-content\/uploads\/2017\/07\/jjjj.jpg\",\"contentUrl\":\"https:\/\/www.isdin.com\/es\/blog\/wp-content\/uploads\/2017\/07\/jjjj.jpg\",\"caption\":\"Belinda Mart\u00ednez\"},\"description\":\"Belinda es periodista y copywriter creativa. Tras a\u00f1os de experiencia, decidi\u00f3 fusionar sus habilidades de escritura con su amor por el skincare, convirti\u00e9ndose en una especialista en la materia. \u00bfSu imprescindible? Un buen b\u00e1lsamo de labios.\",\"sameAs\":[\"https:\/\/www.linkedin.com\/in\/thisisbel\/\"],\"url\":\"https:\/\/www.isdin.com\/es\/blog\/author\/belindamartinez\/\"}]}<\/script>\n<!-- \/ Yoast SEO Premium plugin. -->","yoast_head_json":{"title":"Desmontamos las 5 excusas m\u00e1s comunes para no utilizar protecci\u00f3n solar","description":"Es que no hace sol, es que est\u00e1 lloviendo, es que me deja la cara pegajosa,... adi\u00f3s excusas, hola protecci\u00f3n solar.","robots":{"index":"index","follow":"follow","max-snippet":"max-snippet:-1","max-image-preview":"max-image-preview:large","max-video-preview":"max-video-preview:-1"},"canonical":"https:\/\/www.isdin.com\/es\/blog\/5-excusas-para-no-utilizar-proteccion-solar\/","og_locale":"es_ES","og_type":"article","og_title":"Desmontamos las 5 excusas m\u00e1s comunes para no utilizar protecci\u00f3n solar","og_description":"Es que no hace sol, es que est\u00e1 lloviendo, es que me deja la cara pegajosa,... adi\u00f3s excusas, hola protecci\u00f3n solar.","og_url":"https:\/\/www.isdin.com\/es\/blog\/5-excusas-para-no-utilizar-proteccion-solar\/","og_site_name":"ISDIN","article_publisher":"https:\/\/es-es.facebook.com\/ISDIN.official\/","article_published_time":"2024-07-15T16:33:44+00:00","article_modified_time":"2024-07-25T10:40:35+00:00","og_image":[{"width":1200,"height":630,"url":"https:\/\/www.isdin.com\/es\/blog\/wp-content\/uploads\/2021\/05\/2021_04_Blog_Imatge_Facebook.jpg","type":"image\/jpeg"}],"author":"Belinda Mart\u00ednez","twitter_card":"summary_large_image","twitter_creator":"@isdin_official","twitter_site":"@isdin_official","twitter_misc":{"Written by":"Belinda Mart\u00ednez","Est. reading time":"7 minutes"},"schema":{"@context":"https:\/\/schema.org","@graph":[{"@type":"Article","@id":"https:\/\/www.isdin.com\/es\/blog\/5-excusas-para-no-utilizar-proteccion-solar\/#article","isPartOf":{"@id":"https:\/\/www.isdin.com\/es\/blog\/5-excusas-para-no-utilizar-proteccion-solar\/"},"author":{"name":"Belinda Mart\u00ednez","@id":"https:\/\/www.isdin.com\/es\/blog\/#\/schema\/person\/684015d7d9e78124cb4aa660f6fe8576"},"headline":"Desmontamos las 5 excusas m\u00e1s comunes para no utilizar protecci\u00f3n solar","datePublished":"2024-07-15T16:33:44+00:00","dateModified":"2024-07-25T10:40:35+00:00","mainEntityOfPage":{"@id":"https:\/\/www.isdin.com\/es\/blog\/5-excusas-para-no-utilizar-proteccion-solar\/"},"wordCount":1195,"publisher":{"@id":"https:\/\/www.isdin.com\/es\/blog\/#organization"},"image":{"@id":"https:\/\/www.isdin.com\/es\/blog\/5-excusas-para-no-utilizar-proteccion-solar\/#primaryimage"},"thumbnailUrl":"https:\/\/www.isdin.com\/es\/blog\/wp-content\/uploads\/2021\/05\/2023_5Razones_Header.png","keywords":["cuidado piel","fotoprotecci\u00f3n"],"articleSection":["Consejos y cuidados","Sol y piel"],"inLanguage":"es-ES"},{"@type":"WebPage","@id":"https:\/\/www.isdin.com\/es\/blog\/5-excusas-para-no-utilizar-proteccion-solar\/","url":"https:\/\/www.isdin.com\/es\/blog\/5-excusas-para-no-utilizar-proteccion-solar\/","name":"Desmontamos las 5 excusas m\u00e1s comunes para no utilizar protecci\u00f3n solar","isPartOf":{"@id":"https:\/\/www.isdin.com\/es\/blog\/#website"},"primaryImageOfPage":{"@id":"https:\/\/www.isdin.com\/es\/blog\/5-excusas-para-no-utilizar-proteccion-solar\/#primaryimage"},"image":{"@id":"https:\/\/www.isdin.com\/es\/blog\/5-excusas-para-no-utilizar-proteccion-solar\/#primaryimage"},"thumbnailUrl":"https:\/\/www.isdin.com\/es\/blog\/wp-content\/uploads\/2021\/05\/2023_5Razones_Header.png","datePublished":"2024-07-15T16:33:44+00:00","dateModified":"2024-07-25T10:40:35+00:00","description":"Es que no hace sol, es que est\u00e1 lloviendo, es que me deja la cara pegajosa,... adi\u00f3s excusas, hola protecci\u00f3n solar.","breadcrumb":{"@id":"https:\/\/www.isdin.com\/es\/blog\/5-excusas-para-no-utilizar-proteccion-solar\/#breadcrumb"},"inLanguage":"es-ES","potentialAction":[{"@type":"ReadAction","target":["https:\/\/www.isdin.com\/es\/blog\/5-excusas-para-no-utilizar-proteccion-solar\/"]}]},{"@type":"ImageObject","inLanguage":"es-ES","@id":"https:\/\/www.isdin.com\/es\/blog\/5-excusas-para-no-utilizar-proteccion-solar\/#primaryimage","url":"https:\/\/www.isdin.com\/es\/blog\/wp-content\/uploads\/2021\/05\/2023_5Razones_Header.png","contentUrl":"https:\/\/www.isdin.com\/es\/blog\/wp-content\/uploads\/2021\/05\/2023_5Razones_Header.png","width":1200,"height":760,"caption":"fotoprotecci\u00f3n solar"},{"@type":"BreadcrumbList","@id":"https:\/\/www.isdin.com\/es\/blog\/5-excusas-para-no-utilizar-proteccion-solar\/#breadcrumb","itemListElement":[{"@type":"ListItem","position":1,"name":"Portada","item":"https:\/\/www.isdin.com\/es\/blog\/"},{"@type":"ListItem","position":2,"name":"Desmontamos las 5 excusas m\u00e1s comunes para no utilizar protecci\u00f3n solar"}]},{"@type":"WebSite","@id":"https:\/\/www.isdin.com\/es\/blog\/#website","url":"https:\/\/www.isdin.com\/es\/blog\/","name":"ISDIN","description":"Novedades, lanzamientos de productos y toda la experiencia de ISDIN","publisher":{"@id":"https:\/\/www.isdin.com\/es\/blog\/#organization"},"potentialAction":[{"@type":"SearchAction","target":{"@type":"EntryPoint","urlTemplate":"https:\/\/www.isdin.com\/es\/blog\/?s={search_term_string}"},"query-input":{"@type":"PropertyValueSpecification","valueRequired":true,"valueName":"search_term_string"}}],"inLanguage":"es-ES"},{"@type":"Organization","@id":"https:\/\/www.isdin.com\/es\/blog\/#organization","name":"ISDIN","alternateName":"ISDIN","url":"https:\/\/www.isdin.com\/es\/blog\/","logo":{"@type":"ImageObject","inLanguage":"es-ES","@id":"https:\/\/www.isdin.com\/es\/blog\/#\/schema\/logo\/image\/","url":"https:\/\/www.isdin.com\/es\/blog\/wp-content\/uploads\/2024\/05\/2025_03_GuiaFoto_FWM.png","contentUrl":"https:\/\/www.isdin.com\/es\/blog\/wp-content\/uploads\/2024\/05\/2025_03_GuiaFoto_FWM.png","width":670,"height":683,"caption":"ISDIN"},"image":{"@id":"https:\/\/www.isdin.com\/es\/blog\/#\/schema\/logo\/image\/"},"sameAs":["https:\/\/es-es.facebook.com\/ISDIN.official\/","https:\/\/x.com\/isdin_official","https:\/\/www.instagram.com\/isdinofficial","https:\/\/www.youtube.com\/channel\/UCtoNJMKpDwdFLqgV23_lcqg"],"telephone":"659997812"},{"@type":"Person","@id":"https:\/\/www.isdin.com\/es\/blog\/#\/schema\/person\/684015d7d9e78124cb4aa660f6fe8576","name":"Belinda Mart\u00ednez","image":{"@type":"ImageObject","inLanguage":"es-ES","@id":"https:\/\/www.isdin.com\/es\/blog\/#\/schema\/person\/image\/","url":"https:\/\/www.isdin.com\/es\/blog\/wp-content\/uploads\/2017\/07\/jjjj.jpg","contentUrl":"https:\/\/www.isdin.com\/es\/blog\/wp-content\/uploads\/2017\/07\/jjjj.jpg","caption":"Belinda Mart\u00ednez"},"description":"Belinda es periodista y copywriter creativa. Tras a\u00f1os de experiencia, decidi\u00f3 fusionar sus habilidades de escritura con su amor por el skincare, convirti\u00e9ndose en una especialista en la materia. \u00bfSu imprescindible? Un buen b\u00e1lsamo de labios.","sameAs":["https:\/\/www.linkedin.com\/in\/thisisbel\/"],"url":"https:\/\/www.isdin.com\/es\/blog\/author\/belindamartinez\/"}]}},"_links":{"self":[{"href":"https:\/\/www.isdin.com\/es\/blog\/wp-json\/wp\/v2\/posts\/6079","targetHints":{"allow":["GET"]}}],"collection":[{"href":"https:\/\/www.isdin.com\/es\/blog\/wp-json\/wp\/v2\/posts"}],"about":[{"href":"https:\/\/www.isdin.com\/es\/blog\/wp-json\/wp\/v2\/types\/post"}],"author":[{"embeddable":true,"href":"https:\/\/www.isdin.com\/es\/blog\/wp-json\/wp\/v2\/users\/69"}],"replies":[{"embeddable":true,"href":"https:\/\/www.isdin.com\/es\/blog\/wp-json\/wp\/v2\/comments?post=6079"}],"version-history":[{"count":19,"href":"https:\/\/www.isdin.com\/es\/blog\/wp-json\/wp\/v2\/posts\/6079\/revisions"}],"predecessor-version":[{"id":10732,"href":"https:\/\/www.isdin.com\/es\/blog\/wp-json\/wp\/v2\/posts\/6079\/revisions\/10732"}],"wp:featuredmedia":[{"embeddable":true,"href":"https:\/\/www.isdin.com\/es\/blog\/wp-json\/wp\/v2\/media\/8487"}],"wp:attachment":[{"href":"https:\/\/www.isdin.com\/es\/blog\/wp-json\/wp\/v2\/media?parent=6079"}],"wp:term":[{"taxonomy":"category","embeddable":true,"href":"https:\/\/www.isdin.com\/es\/blog\/wp-json\/wp\/v2\/categories?post=6079"},{"taxonomy":"post_tag","embeddable":true,"href":"https:\/\/www.isdin.com\/es\/blog\/wp-json\/wp\/v2\/tags?post=6079"}],"curies":[{"name":"wp","href":"https:\/\/api.w.org\/{rel}","templated":true}]}}