{"id":6020,"date":"2025-05-09T13:30:29","date_gmt":"2025-05-09T13:30:29","guid":{"rendered":"https:\/\/www.isdin.com\/es\/blog\/?p=6020"},"modified":"2025-05-09T13:35:31","modified_gmt":"2025-05-09T13:35:31","slug":"habitos-para-disfrutar-del-sol","status":"publish","type":"post","link":"https:\/\/www.isdin.com\/es\/blog\/habitos-para-disfrutar-del-sol\/","title":{"rendered":"Verano a la vista: 3 claves para preparar y proteger tu piel del sol"},"content":{"rendered":"\n<p>El calor ya se deja sentir y, con \u00e9l, las horas de sol se alargan. Apetece m\u00e1s que nunca una sobremesa al aire libre, un picnic con amigos o una escapada a la monta\u00f1a. Y es que el sol no solo nos pone de buen humor: tambi\u00e9n ayuda a nuestro cuerpo a producir vitamina D y mejora ciertas afecciones de la piel.<\/p>\n\n\n\n<p>Pero ojo: para disfrutarlo al m\u00e1ximo, hay que hacerlo con cabeza. Cuidar la piel no va solo de aplicarse fotoprotector (aunque es fundamental), sino de seguir una rutina completa que la prepare.<\/p>\n\n\n\n<h2 class=\"wp-block-heading\">Preparar la piel para el abrazo del verano<\/h2>\n\n\n\n<p><a href=\"https:\/\/www.isdin.com\/es\/blog\/cuidar-piel-invierno-frio\/\">Tras los meses de fr\u00edo<\/a>, <strong>la piel est\u00e1 m\u00e1s sensible y menos acostumbrada al sol.<\/strong> L\u00f3gico: ha pasado un buen tiempo en modo \u201coff\u201d, protegida de la <a href=\"https:\/\/www.isdin.com\/es\/blog\/efectos-radiacion-solar-piel\/\">radiaci\u00f3n solar<\/a>, y cuando vuelve a exponerse de golpe, puede reaccionar con <a href=\"https:\/\/www.isdin.com\/es\/blog\/cuperosis-que-es-y-como-tratarla\/\">rojeces<\/a>, quemaduras o sensaci\u00f3n de tirantez. Todo completamente normal\u2026 pero evitable.<\/p>\n\n\n\n<p>Cuando comenzamos a tomar el sol, <strong>la piel activa su mecanismo natural de defensa: <a href=\"https:\/\/pubmed.ncbi.nlm.nih.gov\/9451820\/\">la producci\u00f3n de melanina<\/a><\/strong>, el pigmento responsable del bronceado. Pero este proceso no es inmediato, y mientras se pone en marcha, <strong>nuestra piel est\u00e1 m\u00e1s expuesta al da\u00f1o solar<\/strong>, especialmente si tenemos un <a href=\"https:\/\/www.isdin.com\/es\/blog\/que-son-los-fototipos-de-piel-y-su-importancia\/\">fototipo claro<\/a>.<\/p>\n\n\n\n<p>Por eso, <strong>es clave preparar la piel con antelaci\u00f3n<\/strong>: <a href=\"https:\/\/www.isdin.com\/es\/blog\/que-es-la-barrera-cutanea\/\">reforzar su barrera<\/a>, <a href=\"https:\/\/www.isdin.com\/es\/blog\/perdida-de-agua-transepidermica-que-es\/\">hidratarla en profundidad<\/a>, aportar <a href=\"https:\/\/www.isdin.com\/es\/blog\/alimentos-antioxidantes-piel-luminosa\/\">antioxidantes<\/a> desde dentro (v\u00eda dieta o suplementos) y, por supuesto, aplicar <a href=\"https:\/\/www.isdin.com\/es\/blog\/10-consejos-para-tomar-el-sol-en-verano\/\">fotoprotecci\u00f3n todos los d\u00edas<\/a>.<\/p>\n\n\n\n<h2 class=\"wp-block-heading\" id=\"h-1-tu-mejor-glow-empieza-con-un-vaso-de-agua\">1. Tu mejor <em>glow<\/em> empieza con un vaso de agua<\/h2>\n\n\n\n<figure class=\"wp-block-image size-large\"><img loading=\"lazy\" decoding=\"async\" width=\"1024\" height=\"527\" src=\"data:image\/gif;base64,R0lGODlhAQABAAAAACH5BAEKAAEALAAAAAABAAEAAAICTAEAOw==\" data-src=\"https:\/\/www.isdin.com\/es\/blog\/wp-content\/uploads\/2022\/03\/2023_HabitosSol_imagen01-1024x527.png\" alt=\"preparar la piel para el verano\" class=\"wp-image-8040 lazyload\" data-sizes=\"auto\" data-srcset=\"https:\/\/www.isdin.com\/es\/blog\/wp-content\/uploads\/2022\/03\/2023_HabitosSol_imagen01-1024x527.png 1024w, https:\/\/www.isdin.com\/es\/blog\/wp-content\/uploads\/2022\/03\/2023_HabitosSol_imagen01-300x155.png 300w, https:\/\/www.isdin.com\/es\/blog\/wp-content\/uploads\/2022\/03\/2023_HabitosSol_imagen01-150x77.png 150w, https:\/\/www.isdin.com\/es\/blog\/wp-content\/uploads\/2022\/03\/2023_HabitosSol_imagen01-768x396.png 768w, https:\/\/www.isdin.com\/es\/blog\/wp-content\/uploads\/2022\/03\/2023_HabitosSol_imagen01-585x300.png 585w, https:\/\/www.isdin.com\/es\/blog\/wp-content\/uploads\/2022\/03\/2023_HabitosSol_imagen01-450x232.png 450w, https:\/\/www.isdin.com\/es\/blog\/wp-content\/uploads\/2022\/03\/2023_HabitosSol_imagen01-20x11.png 20w, https:\/\/www.isdin.com\/es\/blog\/wp-content\/uploads\/2022\/03\/2023_HabitosSol_imagen01-225x116.png 225w, https:\/\/www.isdin.com\/es\/blog\/wp-content\/uploads\/2022\/03\/2023_HabitosSol_imagen01-900x464.png 900w, https:\/\/www.isdin.com\/es\/blog\/wp-content\/uploads\/2022\/03\/2023_HabitosSol_imagen01.png 1200w\" sizes=\"auto, (max-width: 1024px) 100vw, 1024px\" \/><\/figure>\n\n\n\n<p><\/p>\n\n\n\n<p>Tras un d\u00eda de playa, <a href=\"https:\/\/www.isdin.com\/es\/blog\/piel-seca-o-deshidratada-tenemos-la-rutina-que-buscas\/\">\u00bfsientes tu piel m\u00e1s seca de lo habitual?<\/a> No es casualidad. El sol deshidrata, y no solo a nivel superficial. La exposici\u00f3n a los rayos UV altera el equilibrio natural de agua y l\u00edpidos en la piel, lo que se traduce en tirantez, descamaci\u00f3n y p\u00e9rdida de elasticidad.<\/p>\n\n\n\n<p>Usar cremas hidratantes es fundamental, s\u00ed. Pero no basta. Para que la piel reciba la hidrataci\u00f3n que realmente necesita, hay que empezar desde dentro. <strong>Beber suficiente agua es el primer paso<\/strong> \u2014y el m\u00e1s sencillo\u2014 hacia una piel sana, el\u00e1stica y luminosa.<\/p>\n\n\n\n<p>Aqu\u00ed van algunos trucos que funcionan:<\/p>\n\n\n\n<ul class=\"wp-block-list\">\n<li>A\u00f1ade rodajas de fruta o menta si te cuesta beber agua sola.<\/li>\n\n\n\n<li><a href=\"https:\/\/www.isdin.com\/es\/blog\/deporte-en-verano-bolsa\/\">Lleva tu botella contigo<\/a> como si fuera tu m\u00f3vil.<\/li>\n\n\n\n<li><a href=\"https:\/\/www.isdin.com\/es\/blog\/de-meta-a-habito-la-clave-para-el-exito\/\">Hazlo un h\u00e1bito<\/a>: un par de sorbos cada hora, sin pensarlo.<\/li>\n<\/ul>\n\n\n\n<p class=\"has-background\" style=\"background-color:#f1dfbf\"><strong>Se ha demostrado cient\u00edficamente que una buena hidrataci\u00f3n tiene efectos reales sobre la piel<\/strong>. Un <a href=\"https:\/\/pmc.ncbi.nlm.nih.gov\/articles\/PMC11148315\/\">estudio cl\u00ednico publicado en Nutrients <\/a>revel\u00f3 que beber dos litros de agua al d\u00eda durante un mes puede mejorar la hidrataci\u00f3n cut\u00e1nea, fortaleciendo la <a href=\"https:\/\/www.isdin.com\/es\/blog\/bajo-tu-piel-sus-capas-y-funciones\/\">barrera lip\u00eddica<\/a> natural de la piel.<\/p>\n\n\n\n<h2 class=\"wp-block-heading\" id=\"h-2-refuerza-tu-piel-con-antioxidantes\">2. Refuerza tu piel con antioxidantes<\/h2>\n\n\n\n<figure class=\"wp-block-image size-large\"><img loading=\"lazy\" decoding=\"async\" width=\"1024\" height=\"527\" src=\"data:image\/gif;base64,R0lGODlhAQABAAAAACH5BAEKAAEALAAAAAABAAEAAAICTAEAOw==\" data-src=\"https:\/\/www.isdin.com\/es\/blog\/wp-content\/uploads\/2024\/04\/2024_04_SummerReady_IMG01-2-1024x527.jpg\" alt=\"alimentos buenos para la piel\" class=\"wp-image-10051 lazyload\" data-sizes=\"auto\" data-srcset=\"https:\/\/www.isdin.com\/es\/blog\/wp-content\/uploads\/2024\/04\/2024_04_SummerReady_IMG01-2-1024x527.jpg 1024w, https:\/\/www.isdin.com\/es\/blog\/wp-content\/uploads\/2024\/04\/2024_04_SummerReady_IMG01-2-300x155.jpg 300w, https:\/\/www.isdin.com\/es\/blog\/wp-content\/uploads\/2024\/04\/2024_04_SummerReady_IMG01-2-150x77.jpg 150w, https:\/\/www.isdin.com\/es\/blog\/wp-content\/uploads\/2024\/04\/2024_04_SummerReady_IMG01-2-768x396.jpg 768w, https:\/\/www.isdin.com\/es\/blog\/wp-content\/uploads\/2024\/04\/2024_04_SummerReady_IMG01-2-585x300.jpg 585w, https:\/\/www.isdin.com\/es\/blog\/wp-content\/uploads\/2024\/04\/2024_04_SummerReady_IMG01-2-450x232.jpg 450w, https:\/\/www.isdin.com\/es\/blog\/wp-content\/uploads\/2024\/04\/2024_04_SummerReady_IMG01-2-20x11.jpg 20w, https:\/\/www.isdin.com\/es\/blog\/wp-content\/uploads\/2024\/04\/2024_04_SummerReady_IMG01-2-225x116.jpg 225w, https:\/\/www.isdin.com\/es\/blog\/wp-content\/uploads\/2024\/04\/2024_04_SummerReady_IMG01-2-900x464.jpg 900w, https:\/\/www.isdin.com\/es\/blog\/wp-content\/uploads\/2024\/04\/2024_04_SummerReady_IMG01-2.jpg 1200w\" sizes=\"auto, (max-width: 1024px) 100vw, 1024px\" \/><\/figure>\n\n\n\n<p><\/p>\n\n\n\n<p>\u00bfSab\u00edas que <a href=\"https:\/\/www.isdin.com\/es\/blog\/alimentacion-para-una-piel-sana\/\">lo que comes influye directamente<\/a> en la salud y apariencia de tu piel? Una dieta rica en antioxidantes puede ayudar a combatir el da\u00f1o oxidativo causado por <a href=\"https:\/\/www.isdin.com\/es\/blog\/que-es-el-exposoma-factores-externos-piel\/\">factores externos<\/a> como la radiaci\u00f3n solar, especialmente durante el verano.<\/p>\n\n\n\n<p>Incorporar <a href=\"https:\/\/www.isdin.com\/es\/blog\/alimentos-buenos-para-la-piel\/\">alimentos<\/a> como naranjas, zanahorias, kiwis, br\u00f3coli, cerezas o pimientos, ricos en vitamina C y betacarotenos, es una excelente manera de aportar antioxidantes a tu organismo. Estos nutrientes ayudan a proteger las c\u00e9lulas de la piel y a mantenerla luminosa y saludable.<\/p>\n\n\n\n<p>Para un cuidado m\u00e1s completo, puedes complementar tu dieta con suplementos espec\u00edficos, como <a href=\"https:\/\/www.isdin.com\/es\/p\/sunisdin-capsulas-30-capsulas\/2948\"><strong>SUNISDIN C\u00e1psulas<\/strong><\/a>. Su f\u00f3rmula combina antioxidantes como las <a href=\"https:\/\/www.isdin.com\/es\/blog\/7-cosas-sobre-la-vitamina-c\/\">vitaminas C<\/a> y E, selenio y extractos de origen natural como el t\u00e9 verde y la <em>Vitis vinifera<\/em>, que ayudan a proteger las c\u00e9lulas frente al <a href=\"https:\/\/www.isdin.com\/blog\/que-es-la-oxidacion-de-la-piel\/\">da\u00f1o oxidativo<\/a> y preparan la piel para la exposici\u00f3n solar. <strong>Se recomienda empezar a tomarlas en <a href=\"https:\/\/www.isdin.com\/es\/blog\/alergia-al-sol-que-es-tratamientos\/\">primavera<\/a>, al menos un mes antes de una exposici\u00f3n intensa al sol, y mantener su uso durante todo el verano.<\/strong><\/p>\n\n\n\n<p><\/p>\n\n\n\n<p class=\"has-background\" style=\"background-color:#f1dfbf\">Recuerda que, aunque los suplementos pueden ser un apoyo, no sustituyen una alimentaci\u00f3n equilibrada y el uso adecuado de protecci\u00f3n solar.<\/p>\n\n\n\n<h2 class=\"wp-block-heading\" id=\"h-3-toma-el-sol-pero-hazlo-bien\">3. Toma el sol, pero hazlo bien<\/h2>\n\n\n\n<figure class=\"wp-block-image size-large\"><img loading=\"lazy\" decoding=\"async\" width=\"1024\" height=\"527\" src=\"data:image\/gif;base64,R0lGODlhAQABAAAAACH5BAEKAAEALAAAAAABAAEAAAICTAEAOw==\" data-src=\"https:\/\/www.isdin.com\/es\/blog\/wp-content\/uploads\/2024\/04\/image-6-1-1-1024x527.png\" alt=\"preparar la piel para el verano\" class=\"wp-image-10055 lazyload\" data-sizes=\"auto\" data-srcset=\"https:\/\/www.isdin.com\/es\/blog\/wp-content\/uploads\/2024\/04\/image-6-1-1-1024x527.png 1024w, https:\/\/www.isdin.com\/es\/blog\/wp-content\/uploads\/2024\/04\/image-6-1-1-300x154.png 300w, https:\/\/www.isdin.com\/es\/blog\/wp-content\/uploads\/2024\/04\/image-6-1-1-150x77.png 150w, https:\/\/www.isdin.com\/es\/blog\/wp-content\/uploads\/2024\/04\/image-6-1-1-768x395.png 768w, https:\/\/www.isdin.com\/es\/blog\/wp-content\/uploads\/2024\/04\/image-6-1-1-1536x790.png 1536w, https:\/\/www.isdin.com\/es\/blog\/wp-content\/uploads\/2024\/04\/image-6-1-1-585x300.png 585w, https:\/\/www.isdin.com\/es\/blog\/wp-content\/uploads\/2024\/04\/image-6-1-1-450x232.png 450w, https:\/\/www.isdin.com\/es\/blog\/wp-content\/uploads\/2024\/04\/image-6-1-1-20x10.png 20w, https:\/\/www.isdin.com\/es\/blog\/wp-content\/uploads\/2024\/04\/image-6-1-1-225x116.png 225w, https:\/\/www.isdin.com\/es\/blog\/wp-content\/uploads\/2024\/04\/image-6-1-1-900x463.png 900w, https:\/\/www.isdin.com\/es\/blog\/wp-content\/uploads\/2024\/04\/image-6-1-1-1350x695.png 1350w, https:\/\/www.isdin.com\/es\/blog\/wp-content\/uploads\/2024\/04\/image-6-1-1.png 2000w\" sizes=\"auto, (max-width: 1024px) 100vw, 1024px\" \/><\/figure>\n\n\n\n<p><\/p>\n\n\n\n<p><a href=\"https:\/\/www.isdin.com\/es\/blog\/rutina-de-piel-para-cada-estacion\/\">Despu\u00e9s del invierno<\/a>, lo entendemos: lo \u00fanico que apetece es salir a empaparse de sol. Ese primer caf\u00e9 en la terraza, el paseo sin abrigo, la escapada improvisada al mar\u2026 Todo sabe mejor con calor. Pero antes de lanzarte a disfrutarlo sin filtro, ten esto claro: <strong>tu piel a\u00fan no est\u00e1 preparada para tanto<\/strong>.<\/p>\n\n\n\n<p>Lo notar\u00e1s sobre todo en zonas como los hombros, el escote o la nuca \u2014las primeras en enrojecerse, las que m\u00e1s sufren. Y si adem\u00e1s eres propensa a alergias solares, todav\u00eda m\u00e1s motivo para tener precauci\u00f3n.<\/p>\n\n\n\n<p>El sol es maravilloso, s\u00ed, pero tambi\u00e9n muy potente. Y aunque ya est\u00e9s algo bronceada, eso no te protege del todo. <strong>El fotoprotector es tu mejor aliado para <a href=\"https:\/\/www.isdin.com\/es\/blog\/beneficios-sol-cuerpo-mente-piel\/\">disfrutar del sol<\/a> sin consecuencias<\/strong>.<\/p>\n\n\n\n<p>As\u00ed que, antes de salir ah\u00ed fuera, ten esto en mente:<\/p>\n\n\n\n<ul class=\"wp-block-list\">\n<li><strong>Ve poco a poco<\/strong>. Aumenta el tiempo de exposici\u00f3n gradualmente y dale tiempo a tu piel para adaptarse.<\/li>\n\n\n\n<li><a href=\"https:\/\/www.isdin.com\/es\/blog\/como-aplicar-correctamente-el-fotoprotector-solar\/\"><strong>Aplica protecci\u00f3n solar cada ma\u00f1ana<\/strong><\/a>, incluso si solo vas a por el pan.<\/li>\n\n\n\n<li><strong>Evita el sol en las horas centrales del d\u00eda<\/strong>. Si tu sombra es m\u00e1s corta que t\u00fa, es mejor buscar la sombra.<\/li>\n<\/ul>\n\n\n\n<p>Con esto claro, \u00a1es hora de <a href=\"https:\/\/www.isdin.com\/es\/blog\/fotoprotectores-solares-para-la-cara-isdin\/\">escoger un aliado<\/a>!<\/p>\n\n\n\n<h3 class=\"wp-block-heading\">Fusion Water MAGIC: el aliado de siempre<\/h3>\n\n\n\n<p><a href=\"https:\/\/www.isdin.com\/es\/p\/fusion-water-magic-spf-50\/1349\">Fusion Water MAGIC<\/a> es de esos productos que te hacen preguntarte c\u00f3mo viv\u00edas sin \u00e9l. Una protecci\u00f3n solar de alto nivel con una textura tan ligera que ni la notas, pero que lo protege todo.<\/p>\n\n\n\n<div class=\"wp-block-media-text has-media-on-the-right is-stacked-on-mobile\"><div class=\"wp-block-media-text__content\">\n<p>Su <a href=\"https:\/\/www.isdin.com\/es\/blog\/imcas-paris-tendencias-skincare-mundo-beauty\/\">f\u00f3rmula innovadora<\/a> no solo ofrece una fotoprotecci\u00f3n Full Spectrum, sino que ofrece una <a href=\"https:\/\/www.isdin.com\/es\/blog\/proteccion-solar-con-antioxidantes-beneficios\/\">acci\u00f3n antioxidante<\/a> gracias al <strong>Mediterranean Alga Extract<\/strong>, mientras que el <a href=\"https:\/\/www.isdin.com\/es\/blog\/para-que-sirve-acido-hialuronico\/\"><strong>\u00e1cido hialur\u00f3nico<\/strong><\/a> aporta un extra de hidrataci\u00f3n.<\/p>\n\n\n\n<p>Perfecto para todo <a href=\"https:\/\/www.isdin.com\/es\/blog\/como-cuidar-piel-rostro\/\">tipo de pieles<\/a> \u2014s\u00ed, tambi\u00e9n las grasas\u2014 y con un acabado sedoso que se funde en segundos. Literalmente, desaparece al aplicarlo.<\/p>\n<\/div><figure class=\"wp-block-media-text__media\"><a href=\"https:\/\/www.isdin.com\/es\/p\/fusion-water-magic-spf-50\/1349\" target=\"_blank\" rel=\" noreferrer noopener\"><img loading=\"lazy\" decoding=\"async\" width=\"1000\" height=\"1144\" src=\"data:image\/gif;base64,R0lGODlhAQABAAAAACH5BAEKAAEALAAAAAABAAEAAAICTAEAOw==\" data-src=\"https:\/\/www.isdin.com\/es\/blog\/wp-content\/uploads\/2024\/04\/2025_04_Spring_IMG01-1-1.jpg\" alt=\"\" class=\"wp-image-12065 size-full lazyload\"\/><\/a><\/figure><\/div>\n\n\n\n<p class=\"has-background\" style=\"background-color:#f1dfbf\"><strong>Va genial con<\/strong>: <a href=\"https:\/\/www.isdin.com\/es\/p\/hydro-lotion-spf-50\/2916\">Hydro Lotion<\/a>, el <a href=\"https:\/\/www.isdin.com\/es\/blog\/cual-es-la-diferencia-entre-hydrolotion-e-hydrooil\/\">fotoprotector corporal bif\u00e1sico<\/a> que no solo protege, sino que revitaliza y detoxifica la piel gracias a su acci\u00f3n antioxidante. Ideal para esos primeros d\u00edas de sol en los que tu piel necesita un extra de defensa\u2026 y de mimo.<\/p>\n\n\n\n<h3 class=\"wp-block-heading\">Fusion Water MAGIC GLOW: el efecto luminoso que tanto nos gusta<\/h3>\n\n\n\n<p>Con la llegada del buen tiempo, todo nos recuerda al <a href=\"https:\/\/www.isdin.com\/es\/blog\/como-cuidar-la-piel-en-verano\/\">verano<\/a>. La ropa m\u00e1s ligera, los planes al aire libre\u2026 y s\u00ed, tambi\u00e9n <strong>esa luz especial que queremos ver reflejada en la piel<\/strong>.<\/p>\n\n\n\n<div class=\"wp-block-media-text is-stacked-on-mobile\"><figure class=\"wp-block-media-text__media\"><a href=\"https:\/\/www.isdin.com\/es\/p\/fusion-water-magic-glow-spf-50\/4653\" target=\"_blank\" rel=\" noreferrer noopener\"><img loading=\"lazy\" decoding=\"async\" width=\"500\" height=\"572\" src=\"data:image\/gif;base64,R0lGODlhAQABAAAAACH5BAEKAAEALAAAAAABAAEAAAICTAEAOw==\" data-src=\"https:\/\/www.isdin.com\/es\/blog\/wp-content\/uploads\/2024\/04\/2025_03_Oily-vs-Glow_IMG04-1-1.jpg\" alt=\"\" class=\"wp-image-12064 size-full lazyload\"\/><\/a><\/figure><div class=\"wp-block-media-text__content\">\n<p><a href=\"https:\/\/www.isdin.com\/es\/p\/fusion-water-magic-glow-spf-30\/4341\">Fusion Water MAGIC GLOW<\/a> es la versi\u00f3n luminosa de un cl\u00e1sico que ya adoramos. Mantiene todos los beneficios de Fusion Water MAGIC \u2014<strong>SPF 50, textura ultraligera, hidrataci\u00f3n y absorci\u00f3n inmediata<\/strong>\u2014 pero le suma algo que marca la diferencia: un acabado <a href=\"https:\/\/www.isdin.com\/es\/blog\/piel-grasa-vs-piel-glowy-diferencias-y-rutina-skincare\/\">glow<\/a> que realza la luz natural de tu rostro sin brillos ni sensaci\u00f3n grasa. <\/p>\n\n\n\n<p>Perfecto para quienes quieren protegerse del sol sin renunciar a un toque de buena cara instant\u00e1neo.<\/p>\n<\/div><\/div>\n\n\n\n<p><\/p>\n\n\n\n<p class=\"has-background\" style=\"background-color:#f1dfbf\"><strong>Va genial con<\/strong>: <a href=\"https:\/\/www.isdin.com\/es\/p\/body-glow-spf-30\/4677\">Body GLOW<\/a>, el fotoprotector corporal que aporta ese toque de luminosidad sutil y favorecedora que tanto buscamos en primavera. Su textura ligera y acabado satinado realzan el tono natural de tu piel, mientras la protegen.<\/p>\n\n\n\n<h2 class=\"wp-block-heading\" id=\"h-en-resumen-tu-piel-tambien-quiere-verano\">En resumen: tu piel tambi\u00e9n quiere verano<\/h2>\n\n\n\n<figure class=\"wp-block-image size-full is-resized\"><img loading=\"lazy\" decoding=\"async\" width=\"585\" height=\"300\" src=\"data:image\/gif;base64,R0lGODlhAQABAAAAACH5BAEKAAEALAAAAAABAAEAAAICTAEAOw==\" data-src=\"https:\/\/www.isdin.com\/es\/blog\/wp-content\/uploads\/2024\/04\/2024_04_Reaplicacion_IMG02-585x300-2-1.jpg\" alt=\"cantidad fotoprotector\" class=\"wp-image-12063 lazyload\" style=\"width:670px;height:auto\"\/><\/figure>\n\n\n\n<p><\/p>\n\n\n\n<p><a href=\"https:\/\/www.isdin.com\/es\/blog\/tendencias-fotoproteccion\/\">El verano<\/a> se empieza a saborear mucho antes de poner los pies en la arena. Est\u00e1 en los d\u00edas que se alargan, en las terrazas llenas, en el primer vestido sin mangas. Y tambi\u00e9n en c\u00f3mo preparamos nuestra piel para todo eso.<\/p>\n\n\n\n<p>Hidratar desde dentro, nutrir con antioxidantes y proteger con cabeza no son solo consejos: son peque\u00f1os rituales que marcan la diferencia entre una piel que sobrevive al verano y una que lo disfruta al m\u00e1ximo.<\/p>\n\n\n\n<p>\u00bfUn \u00faltimo <em>tip<\/em>? <strong>Despu\u00e9s de la ducha \u2014especialmente si has estado al sol\u2014, aplica una <a href=\"https:\/\/www.isdin.com\/es\/p\/lotion10-400-ml\/2784\">loci\u00f3n hidratante<\/a> mientras la piel a\u00fan est\u00e1 h\u00fameda.<\/strong> Esto ayuda a retener mejor la humedad y deja la piel m\u00e1s el\u00e1stica y luminosa. Porque cuidar la piel no es renunciar al sol, es hacerlo tu aliado. Y con estos tres pasos, lo tienes m\u00e1s f\u00e1cil que nunca.<\/p>\n\n\n\n<p class=\"has-text-align-center\"><strong>Tu verano empieza en tu piel. Prep\u00e1rala para brillar.<\/strong><\/p>\n\n\n\n<p style=\"font-size:9px\">Referencias:<\/p>\n\n\n\n<ol class=\"wp-block-list\">\n<li style=\"font-size:9px\">Purba, Martalena &amp; Kouris-Blazos, Antigone &amp; Wattanapenpaiboon, Naiyana &amp; Lukito, Widjaja &amp; Rothenberg, Elisabet &amp; Steen, Bertil &amp; Wahlqvist, Mark. (2001). Skin Wrinkling: Can Food Make a Difference?. Journal of the American College of Nutrition. 20. 71-80. 10.1080\/07315724.2001.10719017.<\/li>\n\n\n\n<li style=\"font-size:9px\">Jean Krutmann, Anne Bouloc, Gabrielle Sore, Bruno A. Bernard, Thierry Passeron,&nbsp;<em>The skin aging exposome,<\/em>&nbsp;Journal of Dermatological Science, Volume 85, Issue 3, 2017,Pages 152-161<\/li>\n\n\n\n<li style=\"font-size:9px\">Granger, C., Aladren, S., Delgado, J. et al. Prospective Evaluation of the Efficacy of a Food Supplement in Increasing Photoprotection and Improving Selective Markers Related to Skin Photo-Ageing. Dermatol Ther (Heidelb) 10, 163\u2013178 (2020).<\/li>\n<\/ol>\n","protected":false},"excerpt":{"rendered":"<p>Con la llegada del buen tiempo, todo nos recuerda al verano. La ropa m\u00e1s ligera, los planes al aire libre\u2026 y s\u00ed, tambi\u00e9n esa luz especial que queremos ver reflejada en la piel.<\/p>\n","protected":false},"author":69,"featured_media":8039,"comment_status":"closed","ping_status":"closed","sticky":false,"template":"","format":"image","meta":{"footnotes":""},"categories":[1,100],"tags":[123,122],"class_list":["post-6020","post","type-post","status-publish","format-image","has-post-thumbnail","hentry","category-consejos-cuidados","category-sol-y-piel","tag-cuidado-piel","tag-verano","post_format-post-format-image"],"yoast_head":"<!-- This site is optimized with the Yoast SEO Premium plugin v25.4 (Yoast SEO v25.4) - https:\/\/yoast.com\/wordpress\/plugins\/seo\/ -->\n<title>Verano a la vista: 3 claves para preparar y proteger tu piel del sol<\/title>\n<meta name=\"description\" content=\"\u00a1El verano est\u00e1 a la vuelta de la esquina! No te pierdas los 3 consejos esenciales de nuestros expertos para preparar la piel.\" \/>\n<meta name=\"robots\" content=\"index, follow, max-snippet:-1, max-image-preview:large, max-video-preview:-1\" \/>\n<link rel=\"canonical\" href=\"https:\/\/www.isdin.com\/es\/blog\/habitos-para-disfrutar-del-sol\/\" \/>\n<meta property=\"og:locale\" content=\"es_ES\" \/>\n<meta property=\"og:type\" content=\"article\" \/>\n<meta property=\"og:title\" content=\"\u00a1Prepara tu piel! Los 4 h\u00e1bitos que debes seguir antes de disfrutar del sol\" \/>\n<meta property=\"og:description\" content=\"Tras los meses de fr\u00edo, nuestra piel est\u00e1 m\u00e1s sensible al da\u00f1o solar de lo habitual. \u00a1Sigue estos 4 sencillos consejos y prepara tu piel!\" \/>\n<meta property=\"og:url\" content=\"https:\/\/www.isdin.com\/es\/blog\/habitos-para-disfrutar-del-sol\/\" \/>\n<meta property=\"og:site_name\" content=\"ISDIN\" \/>\n<meta property=\"article:publisher\" content=\"https:\/\/es-es.facebook.com\/ISDIN.official\/\" \/>\n<meta property=\"article:published_time\" content=\"2025-05-09T13:30:29+00:00\" \/>\n<meta property=\"article:modified_time\" content=\"2025-05-09T13:35:31+00:00\" \/>\n<meta property=\"og:image\" content=\"https:\/\/www.isdin.com\/es\/blog\/wp-content\/uploads\/2022\/03\/2023_habitossol_Facebook.png\" \/>\n\t<meta property=\"og:image:width\" content=\"512\" \/>\n\t<meta property=\"og:image:height\" content=\"269\" \/>\n\t<meta property=\"og:image:type\" content=\"image\/png\" \/>\n<meta name=\"author\" content=\"Belinda Mart\u00ednez\" \/>\n<meta name=\"twitter:card\" content=\"summary_large_image\" \/>\n<meta name=\"twitter:title\" content=\"Verano a la vista: 3 claves para preparar y proteger tu piel del sol\" \/>\n<meta name=\"twitter:creator\" content=\"@isdin_official\" \/>\n<meta name=\"twitter:site\" content=\"@isdin_official\" \/>\n<meta name=\"twitter:label1\" content=\"Written by\" \/>\n\t<meta name=\"twitter:data1\" content=\"Belinda Mart\u00ednez\" \/>\n\t<meta name=\"twitter:label2\" content=\"Est. reading time\" \/>\n\t<meta name=\"twitter:data2\" content=\"8 minutes\" \/>\n<script type=\"application\/ld+json\" class=\"yoast-schema-graph\">{\"@context\":\"https:\/\/schema.org\",\"@graph\":[{\"@type\":\"Article\",\"@id\":\"https:\/\/www.isdin.com\/es\/blog\/habitos-para-disfrutar-del-sol\/#article\",\"isPartOf\":{\"@id\":\"https:\/\/www.isdin.com\/es\/blog\/habitos-para-disfrutar-del-sol\/\"},\"author\":{\"name\":\"Belinda Mart\u00ednez\",\"@id\":\"https:\/\/www.isdin.com\/es\/blog\/#\/schema\/person\/684015d7d9e78124cb4aa660f6fe8576\"},\"headline\":\"Verano a la vista: 3 claves para preparar y proteger tu piel del sol\",\"datePublished\":\"2025-05-09T13:30:29+00:00\",\"dateModified\":\"2025-05-09T13:35:31+00:00\",\"mainEntityOfPage\":{\"@id\":\"https:\/\/www.isdin.com\/es\/blog\/habitos-para-disfrutar-del-sol\/\"},\"wordCount\":1464,\"publisher\":{\"@id\":\"https:\/\/www.isdin.com\/es\/blog\/#organization\"},\"image\":{\"@id\":\"https:\/\/www.isdin.com\/es\/blog\/habitos-para-disfrutar-del-sol\/#primaryimage\"},\"thumbnailUrl\":\"https:\/\/www.isdin.com\/es\/blog\/wp-content\/uploads\/2022\/03\/2023_habitossol_Header.png\",\"keywords\":[\"cuidado piel\",\"verano\"],\"articleSection\":[\"Consejos y cuidados\",\"Sol y piel\"],\"inLanguage\":\"es-ES\"},{\"@type\":\"WebPage\",\"@id\":\"https:\/\/www.isdin.com\/es\/blog\/habitos-para-disfrutar-del-sol\/\",\"url\":\"https:\/\/www.isdin.com\/es\/blog\/habitos-para-disfrutar-del-sol\/\",\"name\":\"Verano a la vista: 3 claves para preparar y proteger tu piel del sol\",\"isPartOf\":{\"@id\":\"https:\/\/www.isdin.com\/es\/blog\/#website\"},\"primaryImageOfPage\":{\"@id\":\"https:\/\/www.isdin.com\/es\/blog\/habitos-para-disfrutar-del-sol\/#primaryimage\"},\"image\":{\"@id\":\"https:\/\/www.isdin.com\/es\/blog\/habitos-para-disfrutar-del-sol\/#primaryimage\"},\"thumbnailUrl\":\"https:\/\/www.isdin.com\/es\/blog\/wp-content\/uploads\/2022\/03\/2023_habitossol_Header.png\",\"datePublished\":\"2025-05-09T13:30:29+00:00\",\"dateModified\":\"2025-05-09T13:35:31+00:00\",\"description\":\"\u00a1El verano est\u00e1 a la vuelta de la esquina! No te pierdas los 3 consejos esenciales de nuestros expertos para preparar la piel.\",\"breadcrumb\":{\"@id\":\"https:\/\/www.isdin.com\/es\/blog\/habitos-para-disfrutar-del-sol\/#breadcrumb\"},\"inLanguage\":\"es-ES\",\"potentialAction\":[{\"@type\":\"ReadAction\",\"target\":[\"https:\/\/www.isdin.com\/es\/blog\/habitos-para-disfrutar-del-sol\/\"]}]},{\"@type\":\"ImageObject\",\"inLanguage\":\"es-ES\",\"@id\":\"https:\/\/www.isdin.com\/es\/blog\/habitos-para-disfrutar-del-sol\/#primaryimage\",\"url\":\"https:\/\/www.isdin.com\/es\/blog\/wp-content\/uploads\/2022\/03\/2023_habitossol_Header.png\",\"contentUrl\":\"https:\/\/www.isdin.com\/es\/blog\/wp-content\/uploads\/2022\/03\/2023_habitossol_Header.png\",\"width\":1200,\"height\":760},{\"@type\":\"BreadcrumbList\",\"@id\":\"https:\/\/www.isdin.com\/es\/blog\/habitos-para-disfrutar-del-sol\/#breadcrumb\",\"itemListElement\":[{\"@type\":\"ListItem\",\"position\":1,\"name\":\"Portada\",\"item\":\"https:\/\/www.isdin.com\/es\/blog\/\"},{\"@type\":\"ListItem\",\"position\":2,\"name\":\"Verano a la vista: 3 claves para preparar y proteger tu piel del sol\"}]},{\"@type\":\"WebSite\",\"@id\":\"https:\/\/www.isdin.com\/es\/blog\/#website\",\"url\":\"https:\/\/www.isdin.com\/es\/blog\/\",\"name\":\"ISDIN\",\"description\":\"Novedades, lanzamientos de productos y toda la experiencia de ISDIN\",\"publisher\":{\"@id\":\"https:\/\/www.isdin.com\/es\/blog\/#organization\"},\"potentialAction\":[{\"@type\":\"SearchAction\",\"target\":{\"@type\":\"EntryPoint\",\"urlTemplate\":\"https:\/\/www.isdin.com\/es\/blog\/?s={search_term_string}\"},\"query-input\":{\"@type\":\"PropertyValueSpecification\",\"valueRequired\":true,\"valueName\":\"search_term_string\"}}],\"inLanguage\":\"es-ES\"},{\"@type\":\"Organization\",\"@id\":\"https:\/\/www.isdin.com\/es\/blog\/#organization\",\"name\":\"ISDIN\",\"alternateName\":\"ISDIN\",\"url\":\"https:\/\/www.isdin.com\/es\/blog\/\",\"logo\":{\"@type\":\"ImageObject\",\"inLanguage\":\"es-ES\",\"@id\":\"https:\/\/www.isdin.com\/es\/blog\/#\/schema\/logo\/image\/\",\"url\":\"https:\/\/www.isdin.com\/es\/blog\/wp-content\/uploads\/2024\/05\/2025_03_GuiaFoto_FWM.png\",\"contentUrl\":\"https:\/\/www.isdin.com\/es\/blog\/wp-content\/uploads\/2024\/05\/2025_03_GuiaFoto_FWM.png\",\"width\":670,\"height\":683,\"caption\":\"ISDIN\"},\"image\":{\"@id\":\"https:\/\/www.isdin.com\/es\/blog\/#\/schema\/logo\/image\/\"},\"sameAs\":[\"https:\/\/es-es.facebook.com\/ISDIN.official\/\",\"https:\/\/x.com\/isdin_official\",\"https:\/\/www.instagram.com\/isdinofficial\",\"https:\/\/www.youtube.com\/channel\/UCtoNJMKpDwdFLqgV23_lcqg\"],\"telephone\":\"659997812\"},{\"@type\":\"Person\",\"@id\":\"https:\/\/www.isdin.com\/es\/blog\/#\/schema\/person\/684015d7d9e78124cb4aa660f6fe8576\",\"name\":\"Belinda Mart\u00ednez\",\"image\":{\"@type\":\"ImageObject\",\"inLanguage\":\"es-ES\",\"@id\":\"https:\/\/www.isdin.com\/es\/blog\/#\/schema\/person\/image\/\",\"url\":\"https:\/\/www.isdin.com\/es\/blog\/wp-content\/uploads\/2017\/07\/jjjj.jpg\",\"contentUrl\":\"https:\/\/www.isdin.com\/es\/blog\/wp-content\/uploads\/2017\/07\/jjjj.jpg\",\"caption\":\"Belinda Mart\u00ednez\"},\"description\":\"Belinda es periodista y copywriter creativa. Tras a\u00f1os de experiencia, decidi\u00f3 fusionar sus habilidades de escritura con su amor por el skincare, convirti\u00e9ndose en una especialista en la materia. \u00bfSu imprescindible? Un buen b\u00e1lsamo de labios.\",\"sameAs\":[\"https:\/\/www.linkedin.com\/in\/thisisbel\/\"],\"url\":\"https:\/\/www.isdin.com\/es\/blog\/author\/belindamartinez\/\"}]}<\/script>\n<!-- \/ Yoast SEO Premium plugin. -->","yoast_head_json":{"title":"Verano a la vista: 3 claves para preparar y proteger tu piel del sol","description":"\u00a1El verano est\u00e1 a la vuelta de la esquina! No te pierdas los 3 consejos esenciales de nuestros expertos para preparar la piel.","robots":{"index":"index","follow":"follow","max-snippet":"max-snippet:-1","max-image-preview":"max-image-preview:large","max-video-preview":"max-video-preview:-1"},"canonical":"https:\/\/www.isdin.com\/es\/blog\/habitos-para-disfrutar-del-sol\/","og_locale":"es_ES","og_type":"article","og_title":"\u00a1Prepara tu piel! Los 4 h\u00e1bitos que debes seguir antes de disfrutar del sol","og_description":"Tras los meses de fr\u00edo, nuestra piel est\u00e1 m\u00e1s sensible al da\u00f1o solar de lo habitual. \u00a1Sigue estos 4 sencillos consejos y prepara tu piel!","og_url":"https:\/\/www.isdin.com\/es\/blog\/habitos-para-disfrutar-del-sol\/","og_site_name":"ISDIN","article_publisher":"https:\/\/es-es.facebook.com\/ISDIN.official\/","article_published_time":"2025-05-09T13:30:29+00:00","article_modified_time":"2025-05-09T13:35:31+00:00","og_image":[{"width":512,"height":269,"url":"https:\/\/www.isdin.com\/es\/blog\/wp-content\/uploads\/2022\/03\/2023_habitossol_Facebook.png","type":"image\/png"}],"author":"Belinda Mart\u00ednez","twitter_card":"summary_large_image","twitter_title":"Verano a la vista: 3 claves para preparar y proteger tu piel del sol","twitter_creator":"@isdin_official","twitter_site":"@isdin_official","twitter_misc":{"Written by":"Belinda Mart\u00ednez","Est. reading time":"8 minutes"},"schema":{"@context":"https:\/\/schema.org","@graph":[{"@type":"Article","@id":"https:\/\/www.isdin.com\/es\/blog\/habitos-para-disfrutar-del-sol\/#article","isPartOf":{"@id":"https:\/\/www.isdin.com\/es\/blog\/habitos-para-disfrutar-del-sol\/"},"author":{"name":"Belinda Mart\u00ednez","@id":"https:\/\/www.isdin.com\/es\/blog\/#\/schema\/person\/684015d7d9e78124cb4aa660f6fe8576"},"headline":"Verano a la vista: 3 claves para preparar y proteger tu piel del sol","datePublished":"2025-05-09T13:30:29+00:00","dateModified":"2025-05-09T13:35:31+00:00","mainEntityOfPage":{"@id":"https:\/\/www.isdin.com\/es\/blog\/habitos-para-disfrutar-del-sol\/"},"wordCount":1464,"publisher":{"@id":"https:\/\/www.isdin.com\/es\/blog\/#organization"},"image":{"@id":"https:\/\/www.isdin.com\/es\/blog\/habitos-para-disfrutar-del-sol\/#primaryimage"},"thumbnailUrl":"https:\/\/www.isdin.com\/es\/blog\/wp-content\/uploads\/2022\/03\/2023_habitossol_Header.png","keywords":["cuidado piel","verano"],"articleSection":["Consejos y cuidados","Sol y piel"],"inLanguage":"es-ES"},{"@type":"WebPage","@id":"https:\/\/www.isdin.com\/es\/blog\/habitos-para-disfrutar-del-sol\/","url":"https:\/\/www.isdin.com\/es\/blog\/habitos-para-disfrutar-del-sol\/","name":"Verano a la vista: 3 claves para preparar y proteger tu piel del sol","isPartOf":{"@id":"https:\/\/www.isdin.com\/es\/blog\/#website"},"primaryImageOfPage":{"@id":"https:\/\/www.isdin.com\/es\/blog\/habitos-para-disfrutar-del-sol\/#primaryimage"},"image":{"@id":"https:\/\/www.isdin.com\/es\/blog\/habitos-para-disfrutar-del-sol\/#primaryimage"},"thumbnailUrl":"https:\/\/www.isdin.com\/es\/blog\/wp-content\/uploads\/2022\/03\/2023_habitossol_Header.png","datePublished":"2025-05-09T13:30:29+00:00","dateModified":"2025-05-09T13:35:31+00:00","description":"\u00a1El verano est\u00e1 a la vuelta de la esquina! No te pierdas los 3 consejos esenciales de nuestros expertos para preparar la piel.","breadcrumb":{"@id":"https:\/\/www.isdin.com\/es\/blog\/habitos-para-disfrutar-del-sol\/#breadcrumb"},"inLanguage":"es-ES","potentialAction":[{"@type":"ReadAction","target":["https:\/\/www.isdin.com\/es\/blog\/habitos-para-disfrutar-del-sol\/"]}]},{"@type":"ImageObject","inLanguage":"es-ES","@id":"https:\/\/www.isdin.com\/es\/blog\/habitos-para-disfrutar-del-sol\/#primaryimage","url":"https:\/\/www.isdin.com\/es\/blog\/wp-content\/uploads\/2022\/03\/2023_habitossol_Header.png","contentUrl":"https:\/\/www.isdin.com\/es\/blog\/wp-content\/uploads\/2022\/03\/2023_habitossol_Header.png","width":1200,"height":760},{"@type":"BreadcrumbList","@id":"https:\/\/www.isdin.com\/es\/blog\/habitos-para-disfrutar-del-sol\/#breadcrumb","itemListElement":[{"@type":"ListItem","position":1,"name":"Portada","item":"https:\/\/www.isdin.com\/es\/blog\/"},{"@type":"ListItem","position":2,"name":"Verano a la vista: 3 claves para preparar y proteger tu piel del sol"}]},{"@type":"WebSite","@id":"https:\/\/www.isdin.com\/es\/blog\/#website","url":"https:\/\/www.isdin.com\/es\/blog\/","name":"ISDIN","description":"Novedades, lanzamientos de productos y toda la experiencia de ISDIN","publisher":{"@id":"https:\/\/www.isdin.com\/es\/blog\/#organization"},"potentialAction":[{"@type":"SearchAction","target":{"@type":"EntryPoint","urlTemplate":"https:\/\/www.isdin.com\/es\/blog\/?s={search_term_string}"},"query-input":{"@type":"PropertyValueSpecification","valueRequired":true,"valueName":"search_term_string"}}],"inLanguage":"es-ES"},{"@type":"Organization","@id":"https:\/\/www.isdin.com\/es\/blog\/#organization","name":"ISDIN","alternateName":"ISDIN","url":"https:\/\/www.isdin.com\/es\/blog\/","logo":{"@type":"ImageObject","inLanguage":"es-ES","@id":"https:\/\/www.isdin.com\/es\/blog\/#\/schema\/logo\/image\/","url":"https:\/\/www.isdin.com\/es\/blog\/wp-content\/uploads\/2024\/05\/2025_03_GuiaFoto_FWM.png","contentUrl":"https:\/\/www.isdin.com\/es\/blog\/wp-content\/uploads\/2024\/05\/2025_03_GuiaFoto_FWM.png","width":670,"height":683,"caption":"ISDIN"},"image":{"@id":"https:\/\/www.isdin.com\/es\/blog\/#\/schema\/logo\/image\/"},"sameAs":["https:\/\/es-es.facebook.com\/ISDIN.official\/","https:\/\/x.com\/isdin_official","https:\/\/www.instagram.com\/isdinofficial","https:\/\/www.youtube.com\/channel\/UCtoNJMKpDwdFLqgV23_lcqg"],"telephone":"659997812"},{"@type":"Person","@id":"https:\/\/www.isdin.com\/es\/blog\/#\/schema\/person\/684015d7d9e78124cb4aa660f6fe8576","name":"Belinda Mart\u00ednez","image":{"@type":"ImageObject","inLanguage":"es-ES","@id":"https:\/\/www.isdin.com\/es\/blog\/#\/schema\/person\/image\/","url":"https:\/\/www.isdin.com\/es\/blog\/wp-content\/uploads\/2017\/07\/jjjj.jpg","contentUrl":"https:\/\/www.isdin.com\/es\/blog\/wp-content\/uploads\/2017\/07\/jjjj.jpg","caption":"Belinda Mart\u00ednez"},"description":"Belinda es periodista y copywriter creativa. Tras a\u00f1os de experiencia, decidi\u00f3 fusionar sus habilidades de escritura con su amor por el skincare, convirti\u00e9ndose en una especialista en la materia. \u00bfSu imprescindible? Un buen b\u00e1lsamo de labios.","sameAs":["https:\/\/www.linkedin.com\/in\/thisisbel\/"],"url":"https:\/\/www.isdin.com\/es\/blog\/author\/belindamartinez\/"}]}},"_links":{"self":[{"href":"https:\/\/www.isdin.com\/es\/blog\/wp-json\/wp\/v2\/posts\/6020","targetHints":{"allow":["GET"]}}],"collection":[{"href":"https:\/\/www.isdin.com\/es\/blog\/wp-json\/wp\/v2\/posts"}],"about":[{"href":"https:\/\/www.isdin.com\/es\/blog\/wp-json\/wp\/v2\/types\/post"}],"author":[{"embeddable":true,"href":"https:\/\/www.isdin.com\/es\/blog\/wp-json\/wp\/v2\/users\/69"}],"replies":[{"embeddable":true,"href":"https:\/\/www.isdin.com\/es\/blog\/wp-json\/wp\/v2\/comments?post=6020"}],"version-history":[{"count":25,"href":"https:\/\/www.isdin.com\/es\/blog\/wp-json\/wp\/v2\/posts\/6020\/revisions"}],"predecessor-version":[{"id":12068,"href":"https:\/\/www.isdin.com\/es\/blog\/wp-json\/wp\/v2\/posts\/6020\/revisions\/12068"}],"wp:featuredmedia":[{"embeddable":true,"href":"https:\/\/www.isdin.com\/es\/blog\/wp-json\/wp\/v2\/media\/8039"}],"wp:attachment":[{"href":"https:\/\/www.isdin.com\/es\/blog\/wp-json\/wp\/v2\/media?parent=6020"}],"wp:term":[{"taxonomy":"category","embeddable":true,"href":"https:\/\/www.isdin.com\/es\/blog\/wp-json\/wp\/v2\/categories?post=6020"},{"taxonomy":"post_tag","embeddable":true,"href":"https:\/\/www.isdin.com\/es\/blog\/wp-json\/wp\/v2\/tags?post=6020"}],"curies":[{"name":"wp","href":"https:\/\/api.w.org\/{rel}","templated":true}]}}