{"id":5995,"date":"2026-04-22T09:45:45","date_gmt":"2026-04-22T09:45:45","guid":{"rendered":"https:\/\/www.isdin.com\/es\/blog\/?p=5995"},"modified":"2026-04-22T09:45:48","modified_gmt":"2026-04-22T09:45:48","slug":"photoaging-rutina-para-pieles-maduras-te-interesa","status":"publish","type":"post","link":"https:\/\/www.isdin.com\/es\/blog\/photoaging-rutina-para-pieles-maduras-te-interesa\/","title":{"rendered":"5 curiosidades sobre el photoaging que debes conocer"},"content":{"rendered":"\n<p>\u00bfHas o\u00eddo hablar del <em>photoaging<\/em>? Este t\u00e9rmino, tambi\u00e9n conocido como <a href=\"https:\/\/www.isdin.com\/blog\/efectos-del-fotoenvejecimiento-en-la-piel\/\">fotoenvejecimiento cut\u00e1neo<\/a>, se refiere al <strong>proceso de envejecimiento de la piel causado por la exposici\u00f3n solar<\/strong>. Entre sus principales consecuencias se encuentran las arrugas, las manchas en la piel y la p\u00e9rdida de luminosidad, compa\u00f1eros que quiz\u00e1s ya conozcas o quieras prevenir.<\/p>\n\n\n\n<p>Para ello, te revelamos 5 curiosidades sobre el <em>photoaging<\/em> que no te puedes perder. Adem\u00e1s, te explicaremos c\u00f3mo prevenirlo y disfrutar del sol de la mejor manera posible: \u00a1sin da\u00f1os ni corto a largo plazo!<\/p>\n\n\n\n<h2 class=\"wp-block-heading\" id=\"h-1-el-fotoenvejecimiento-facial-puede-comenzar-a-cualquier-edad\">1. El fotoenvejecimiento facial puede comenzar a cualquier edad<\/h2>\n\n\n\n<figure class=\"wp-block-image size-full\"><img loading=\"lazy\" decoding=\"async\" width=\"1200\" height=\"618\" src=\"data:image\/gif;base64,R0lGODlhAQABAAAAACH5BAEKAAEALAAAAAABAAEAAAICTAEAOw==\" data-src=\"https:\/\/www.isdin.com\/es\/blog\/wp-content\/uploads\/2024\/07\/Imagen-en-el-contenido-95.png\" alt=\"textura de limpiador facial exfoliante para combatir signos photoaging\" class=\"wp-image-13474 lazyload\" data-sizes=\"auto\" data-srcset=\"https:\/\/www.isdin.com\/es\/blog\/wp-content\/uploads\/2024\/07\/Imagen-en-el-contenido-95.png 1200w, https:\/\/www.isdin.com\/es\/blog\/wp-content\/uploads\/2024\/07\/Imagen-en-el-contenido-95-300x155.png 300w, https:\/\/www.isdin.com\/es\/blog\/wp-content\/uploads\/2024\/07\/Imagen-en-el-contenido-95-1024x527.png 1024w, https:\/\/www.isdin.com\/es\/blog\/wp-content\/uploads\/2024\/07\/Imagen-en-el-contenido-95-150x77.png 150w, https:\/\/www.isdin.com\/es\/blog\/wp-content\/uploads\/2024\/07\/Imagen-en-el-contenido-95-768x396.png 768w, https:\/\/www.isdin.com\/es\/blog\/wp-content\/uploads\/2024\/07\/Imagen-en-el-contenido-95-585x300.png 585w, https:\/\/www.isdin.com\/es\/blog\/wp-content\/uploads\/2024\/07\/Imagen-en-el-contenido-95-450x232.png 450w, https:\/\/www.isdin.com\/es\/blog\/wp-content\/uploads\/2024\/07\/Imagen-en-el-contenido-95-20x11.png 20w, https:\/\/www.isdin.com\/es\/blog\/wp-content\/uploads\/2024\/07\/Imagen-en-el-contenido-95-225x116.png 225w, https:\/\/www.isdin.com\/es\/blog\/wp-content\/uploads\/2024\/07\/Imagen-en-el-contenido-95-900x464.png 900w\" sizes=\"auto, (max-width: 1200px) 100vw, 1200px\" \/><\/figure>\n\n\n\n<p><\/p>\n\n\n\n<p>S\u00ed, a cualquiera. Aunque generalmente los primeros signos visibles del <em><a href=\"https:\/\/pubmed.ncbi.nlm.nih.gov\/19140280\/\">photoaging<\/a><\/em> comienzan a aparecer <a href=\"https:\/\/www.isdin.com\/es\/blog\/como-cuidar-tu-piel-a-los-30-anos\/\">a los 30<\/a>, el da\u00f1o acumulado por la exposici\u00f3n solar empieza desde que somos <a href=\"https:\/\/www.isdin.com\/es\/blog\/guia-para-elegir-el-mejor-protector-solar-para-ninos\/\">ni\u00f1os<\/a>. Sin la protecci\u00f3n solar adecuada, puedes experimentar el <em>photoaging<\/em> y sus primeros signos en cualquier <a href=\"https:\/\/www.isdin.com\/es\/blog\/mitos-de-skincare-que-dejamos-atras\/\">momento de la vida<\/a>.<\/p>\n\n\n\n<p>Cada momento al <a href=\"https:\/\/www.isdin.com\/es\/blog\/alergia-al-sol-que-es-tratamientos\/\">sol<\/a> sin la protecci\u00f3n adecuada deja una peque\u00f1a huella invisible que, con el tiempo, se traduce en manchas, p\u00e9rdida de elasticidad o arrugas prematuras. Por eso, el <a href=\"https:\/\/www.isdin.com\/es\/blog\/efectos-del-fotoenvejecimiento-en-la-piel\/\">fotoenvejecimiento<\/a> no es cuesti\u00f3n de edad, sino de <a href=\"isdin.com\/es\/blog\/tag\/habitos-2\/\">h\u00e1bitos<\/a>.<\/p>\n\n\n\n<p><a href=\"https:\/\/www.isdin.com\/blog\/como-envejece-nuestra-piel\/\">Envejecer no tiene nada de malo<\/a>; de hecho, es la manera de acumular buenas experiencias y sus bonitos recuerdos. Sin embargo, no deber\u00edamos dejarque pase el tiempo para cuidarnos. Cuidar tu piel es el primer paso, y como en toda buena rutina, es fundamental <a href=\"https:\/\/www.isdin.com\/es\/blog\/en-que-orden-se-aplican-las-cremas\/\">comenzar por el principio<\/a>: el <a href=\"https:\/\/www.isdin.com\/es\/c\/anti-aging\/limpiadores\">limpiador<\/a>.<\/p>\n\n\n\n<div class=\"wp-block-media-text is-stacked-on-mobile\" style=\"grid-template-columns:17% auto\"><figure class=\"wp-block-media-text__media\"><img loading=\"lazy\" decoding=\"async\" width=\"400\" height=\"400\" src=\"data:image\/gif;base64,R0lGODlhAQABAAAAACH5BAEKAAEALAAAAAABAAEAAAICTAEAOw==\" data-src=\"https:\/\/www.isdin.com\/es\/blog\/wp-content\/uploads\/2024\/07\/2024_07_TipsFotoenvejecimiento_IMG1310-2.png\" alt=\"\" class=\"wp-image-10707 size-full lazyload\" data-sizes=\"auto\" data-srcset=\"https:\/\/www.isdin.com\/es\/blog\/wp-content\/uploads\/2024\/07\/2024_07_TipsFotoenvejecimiento_IMG1310-2.png 400w, https:\/\/www.isdin.com\/es\/blog\/wp-content\/uploads\/2024\/07\/2024_07_TipsFotoenvejecimiento_IMG1310-2-300x300.png 300w, https:\/\/www.isdin.com\/es\/blog\/wp-content\/uploads\/2024\/07\/2024_07_TipsFotoenvejecimiento_IMG1310-2-150x150.png 150w, https:\/\/www.isdin.com\/es\/blog\/wp-content\/uploads\/2024\/07\/2024_07_TipsFotoenvejecimiento_IMG1310-2-70x70.png 70w, https:\/\/www.isdin.com\/es\/blog\/wp-content\/uploads\/2024\/07\/2024_07_TipsFotoenvejecimiento_IMG1310-2-180x180.png 180w, https:\/\/www.isdin.com\/es\/blog\/wp-content\/uploads\/2024\/07\/2024_07_TipsFotoenvejecimiento_IMG1310-2-90x90.png 90w, https:\/\/www.isdin.com\/es\/blog\/wp-content\/uploads\/2024\/07\/2024_07_TipsFotoenvejecimiento_IMG1310-2-270x270.png 270w, https:\/\/www.isdin.com\/es\/blog\/wp-content\/uploads\/2024\/07\/2024_07_TipsFotoenvejecimiento_IMG1310-2-20x20.png 20w, https:\/\/www.isdin.com\/es\/blog\/wp-content\/uploads\/2024\/07\/2024_07_TipsFotoenvejecimiento_IMG1310-2-225x225.png 225w\" sizes=\"auto, (max-width: 400px) 100vw, 400px\" \/><\/figure><div class=\"wp-block-media-text__content\">\n<p class=\"has-background\" style=\"background-color:#f1dfbf\"><a href=\"https:\/\/www.isdin.com\/blog\/guia-esencial-de-limpiadores-faciales\/\">El paso 1 de tu rutina<\/a> sirve para dejar tu piel limpia, nutrida y lista para absorber ingredientes, manteni\u00e9ndola saludable y radiante.<\/p>\n<\/div><\/div>\n\n\n\n<h2 class=\"wp-block-heading\" id=\"h-2-el-photoaging-es-un-proceso-progresivo\">2. El <em>photoaging<\/em> es un proceso progresivo<\/h2>\n\n\n\n<figure class=\"wp-block-image size-large\"><img loading=\"lazy\" decoding=\"async\" width=\"1024\" height=\"527\" src=\"data:image\/gif;base64,R0lGODlhAQABAAAAACH5BAEKAAEALAAAAAABAAEAAAICTAEAOw==\" data-src=\"https:\/\/www.isdin.com\/es\/blog\/wp-content\/uploads\/2024\/07\/Imagen-en-el-contenido-91-1024x527.png\" alt=\"rostro de mujer con signos de fotoenvejecimiento\" class=\"wp-image-13475 lazyload\" data-sizes=\"auto\" data-srcset=\"https:\/\/www.isdin.com\/es\/blog\/wp-content\/uploads\/2024\/07\/Imagen-en-el-contenido-91-1024x527.png 1024w, https:\/\/www.isdin.com\/es\/blog\/wp-content\/uploads\/2024\/07\/Imagen-en-el-contenido-91-300x155.png 300w, https:\/\/www.isdin.com\/es\/blog\/wp-content\/uploads\/2024\/07\/Imagen-en-el-contenido-91-150x77.png 150w, https:\/\/www.isdin.com\/es\/blog\/wp-content\/uploads\/2024\/07\/Imagen-en-el-contenido-91-768x396.png 768w, https:\/\/www.isdin.com\/es\/blog\/wp-content\/uploads\/2024\/07\/Imagen-en-el-contenido-91-585x300.png 585w, https:\/\/www.isdin.com\/es\/blog\/wp-content\/uploads\/2024\/07\/Imagen-en-el-contenido-91-450x232.png 450w, https:\/\/www.isdin.com\/es\/blog\/wp-content\/uploads\/2024\/07\/Imagen-en-el-contenido-91-20x11.png 20w, https:\/\/www.isdin.com\/es\/blog\/wp-content\/uploads\/2024\/07\/Imagen-en-el-contenido-91-225x116.png 225w, https:\/\/www.isdin.com\/es\/blog\/wp-content\/uploads\/2024\/07\/Imagen-en-el-contenido-91-900x464.png 900w, https:\/\/www.isdin.com\/es\/blog\/wp-content\/uploads\/2024\/07\/Imagen-en-el-contenido-91.png 1200w\" sizes=\"auto, (max-width: 1024px) 100vw, 1024px\" \/><\/figure>\n\n\n\n<p><\/p>\n\n\n\n<p>Las arrugas, la p\u00e9rdida de humedad, la falta de firmeza, esas l\u00edneas de expresi\u00f3n que comienzan a marcarse&#8230; todo forma parte de vivir. <strong>El paso del tiempo dejar\u00e1 sus huellas en <a href=\"https:\/\/www.isdin.com\/es\/blog\/que-es-ph-piel-cuidados\/\">nuestro rostro<\/a> y cuerpo, pero no tiene por qu\u00e9 ser un proceso que dejemos al azar<\/strong>.<\/p>\n\n\n\n<p>El <em>photoaging<\/em> no ocurre de repente. Es un proceso progresivo, casi silencioso, en el que influyen nuestros h\u00e1bitos diarios mucho m\u00e1s de lo que imaginamos.<\/p>\n\n\n\n<h3 class=\"wp-block-heading\">Cu\u00e1nto antes empieces, mejor para tu piel<\/h3>\n\n\n\n<p>Cuando hablamos de prevenir el fotoenvejecimiento, hay una idea clave: <strong>empezar pronto ayuda, pero empezar en cualquier momento ya es un paso en la direcci\u00f3n correcta<\/strong>. Cuidar <a href=\"https:\/\/www.isdin.com\/es\/blog\/renovacion-celular-piel-que-es\/\">la piel<\/a> no consiste en hacerlo perfecto, sino en ser constante y prestar atenci\u00f3n a los peque\u00f1os detalles. Esos que, con el tiempo, marcan una gran diferencia.<\/p>\n\n\n\n<p>Y aqu\u00ed es donde entran ciertos productos que se convierten en b\u00e1sicos casi sin darte cuenta. Uno de ellos es el <a href=\"https:\/\/www.isdin.com\/blog\/como-aplicar-el-contorno-de-ojos\/\">contorno de ojos<\/a>.<\/p>\n\n\n\n<div class=\"wp-block-media-text is-stacked-on-mobile\" style=\"grid-template-columns:15% auto\"><figure class=\"wp-block-media-text__media\"><img loading=\"lazy\" decoding=\"async\" width=\"400\" height=\"400\" src=\"data:image\/gif;base64,R0lGODlhAQABAAAAACH5BAEKAAEALAAAAAABAAEAAAICTAEAOw==\" data-src=\"https:\/\/www.isdin.com\/es\/blog\/wp-content\/uploads\/2024\/07\/2024_07_TipsFotoenvejecimiento_IMG1211-2.png\" alt=\"\" class=\"wp-image-10711 size-full lazyload\" data-sizes=\"auto\" data-srcset=\"https:\/\/www.isdin.com\/es\/blog\/wp-content\/uploads\/2024\/07\/2024_07_TipsFotoenvejecimiento_IMG1211-2.png 400w, https:\/\/www.isdin.com\/es\/blog\/wp-content\/uploads\/2024\/07\/2024_07_TipsFotoenvejecimiento_IMG1211-2-300x300.png 300w, https:\/\/www.isdin.com\/es\/blog\/wp-content\/uploads\/2024\/07\/2024_07_TipsFotoenvejecimiento_IMG1211-2-150x150.png 150w, https:\/\/www.isdin.com\/es\/blog\/wp-content\/uploads\/2024\/07\/2024_07_TipsFotoenvejecimiento_IMG1211-2-70x70.png 70w, https:\/\/www.isdin.com\/es\/blog\/wp-content\/uploads\/2024\/07\/2024_07_TipsFotoenvejecimiento_IMG1211-2-180x180.png 180w, https:\/\/www.isdin.com\/es\/blog\/wp-content\/uploads\/2024\/07\/2024_07_TipsFotoenvejecimiento_IMG1211-2-90x90.png 90w, https:\/\/www.isdin.com\/es\/blog\/wp-content\/uploads\/2024\/07\/2024_07_TipsFotoenvejecimiento_IMG1211-2-270x270.png 270w, https:\/\/www.isdin.com\/es\/blog\/wp-content\/uploads\/2024\/07\/2024_07_TipsFotoenvejecimiento_IMG1211-2-20x20.png 20w, https:\/\/www.isdin.com\/es\/blog\/wp-content\/uploads\/2024\/07\/2024_07_TipsFotoenvejecimiento_IMG1211-2-225x225.png 225w\" sizes=\"auto, (max-width: 400px) 100vw, 400px\" \/><\/figure><div class=\"wp-block-media-text__content\">\n<p class=\"has-background\" style=\"background-color:#f1dfbf\"><a href=\"https:\/\/www.isdin.com\/blog\/guia-esencial-sobre-contornos-de-ojos\/\">El paso 2 de tu rutina<\/a> es un aut\u00e9ntico <em>multitasker: <\/em>servir\u00e1 para proteger la piel de la zona, \u00a1la m\u00e1s delicada de tu rostro! Pero tambi\u00e9n tendr\u00e1 beneficios adicionales, como ayudar a <a href=\"https:\/\/www.isdin.com\/blog\/como-reducir-las-ojeras\/\">reducir bolsas y ojeras<\/a>, tratar l\u00edneas de expresi\u00f3n e hidratar.<\/p>\n<\/div><\/div>\n\n\n\n<p><\/p>\n\n\n\n<blockquote class=\"wp-block-quote is-layout-flow wp-block-quote-is-layout-flow\">\n<p>No se trata de detener el tiempo, sino de acompa\u00f1arlo mejor.<\/p>\n<\/blockquote>\n\n\n\n<h2 class=\"wp-block-heading\">3. La piel tiene memoria<\/h2>\n\n\n\n<figure class=\"wp-block-image size-large\"><img loading=\"lazy\" decoding=\"async\" width=\"1024\" height=\"527\" src=\"data:image\/gif;base64,R0lGODlhAQABAAAAACH5BAEKAAEALAAAAAABAAEAAAICTAEAOw==\" data-src=\"https:\/\/www.isdin.com\/es\/blog\/wp-content\/uploads\/2024\/07\/Imagen-en-el-contenido-92-1024x527.png\" alt=\"rayos de luz a trav\u00e9s de ventana\" class=\"wp-image-13476 lazyload\" data-sizes=\"auto\" data-srcset=\"https:\/\/www.isdin.com\/es\/blog\/wp-content\/uploads\/2024\/07\/Imagen-en-el-contenido-92-1024x527.png 1024w, https:\/\/www.isdin.com\/es\/blog\/wp-content\/uploads\/2024\/07\/Imagen-en-el-contenido-92-300x155.png 300w, https:\/\/www.isdin.com\/es\/blog\/wp-content\/uploads\/2024\/07\/Imagen-en-el-contenido-92-150x77.png 150w, https:\/\/www.isdin.com\/es\/blog\/wp-content\/uploads\/2024\/07\/Imagen-en-el-contenido-92-768x396.png 768w, https:\/\/www.isdin.com\/es\/blog\/wp-content\/uploads\/2024\/07\/Imagen-en-el-contenido-92-585x300.png 585w, https:\/\/www.isdin.com\/es\/blog\/wp-content\/uploads\/2024\/07\/Imagen-en-el-contenido-92-450x232.png 450w, https:\/\/www.isdin.com\/es\/blog\/wp-content\/uploads\/2024\/07\/Imagen-en-el-contenido-92-20x11.png 20w, https:\/\/www.isdin.com\/es\/blog\/wp-content\/uploads\/2024\/07\/Imagen-en-el-contenido-92-225x116.png 225w, https:\/\/www.isdin.com\/es\/blog\/wp-content\/uploads\/2024\/07\/Imagen-en-el-contenido-92-900x464.png 900w, https:\/\/www.isdin.com\/es\/blog\/wp-content\/uploads\/2024\/07\/Imagen-en-el-contenido-92.png 1200w\" sizes=\"auto, (max-width: 1024px) 100vw, 1024px\" \/><\/figure>\n\n\n\n<p><\/p>\n\n\n\n<p>Cu\u00e1ntas veces habremos o\u00eddo esa frase y qu\u00e9 pocas nos hemos parado a pensar qu\u00e9 significa. <strong>Decimos que la piel tiene memoria debido a la acumulaci\u00f3n de da\u00f1os causados por la repetida exposici\u00f3n a la radiaci\u00f3n UV.<\/strong> Si no nos protegemos, los rayos UV causan mutaciones en el ADN de las <a href=\"https:\/\/salud.nih.gov\/recursos-de-salud\/nih-noticias-de-salud\/el-sol-y-la-piel\">c\u00e9lulas cut\u00e1neas<\/a>. Aunque nuestras c\u00e9lulas tienen la capacidad natural de <a href=\"https:\/\/www.ncbi.nlm.nih.gov\/pmc\/articles\/PMC6936251\/\">reparar<\/a> estas mutaciones, a veces no lo consiguen por completo, dejando c\u00e9lulas alteradas para siempre. As\u00ed es como la piel \u2018recuerda\u2019 y acumula estos da\u00f1os a lo largo del tiempo.<\/p>\n\n\n\n<h3 class=\"wp-block-heading\">No dejes que tu piel haga todo el trabajo<\/h3>\n\n\n\n<p>A medida que pasan los a\u00f1os, la capacidad de nuestra piel para reparar estos da\u00f1os disminuye, lo que puede aumentar la acumulaci\u00f3n de lesiones y mutaciones. Para prevenir esto, <strong>introduce en tu rutina <a href=\"https:\/\/www.isdin.com\/es\/ingredientes\">ingredientes beneficiosos<\/a> que ayuden a la regeneraci\u00f3n de la piel<\/strong>. \u00bfLa mejor forma de hacerlo? Con un s\u00e9rum.<\/p>\n\n\n\n<p><\/p>\n\n\n\n<div class=\"wp-block-media-text is-stacked-on-mobile\" style=\"grid-template-columns:15% auto\"><figure class=\"wp-block-media-text__media\"><img loading=\"lazy\" decoding=\"async\" width=\"400\" height=\"400\" src=\"data:image\/gif;base64,R0lGODlhAQABAAAAACH5BAEKAAEALAAAAAABAAEAAAICTAEAOw==\" data-src=\"https:\/\/www.isdin.com\/es\/blog\/wp-content\/uploads\/2024\/07\/2024_07_TipsFotoenvejecimiento_IMG1112-1.png\" alt=\"\" class=\"wp-image-10713 size-full lazyload\" data-sizes=\"auto\" data-srcset=\"https:\/\/www.isdin.com\/es\/blog\/wp-content\/uploads\/2024\/07\/2024_07_TipsFotoenvejecimiento_IMG1112-1.png 400w, https:\/\/www.isdin.com\/es\/blog\/wp-content\/uploads\/2024\/07\/2024_07_TipsFotoenvejecimiento_IMG1112-1-300x300.png 300w, https:\/\/www.isdin.com\/es\/blog\/wp-content\/uploads\/2024\/07\/2024_07_TipsFotoenvejecimiento_IMG1112-1-150x150.png 150w, https:\/\/www.isdin.com\/es\/blog\/wp-content\/uploads\/2024\/07\/2024_07_TipsFotoenvejecimiento_IMG1112-1-70x70.png 70w, https:\/\/www.isdin.com\/es\/blog\/wp-content\/uploads\/2024\/07\/2024_07_TipsFotoenvejecimiento_IMG1112-1-180x180.png 180w, https:\/\/www.isdin.com\/es\/blog\/wp-content\/uploads\/2024\/07\/2024_07_TipsFotoenvejecimiento_IMG1112-1-90x90.png 90w, https:\/\/www.isdin.com\/es\/blog\/wp-content\/uploads\/2024\/07\/2024_07_TipsFotoenvejecimiento_IMG1112-1-270x270.png 270w, https:\/\/www.isdin.com\/es\/blog\/wp-content\/uploads\/2024\/07\/2024_07_TipsFotoenvejecimiento_IMG1112-1-20x20.png 20w, https:\/\/www.isdin.com\/es\/blog\/wp-content\/uploads\/2024\/07\/2024_07_TipsFotoenvejecimiento_IMG1112-1-225x225.png 225w\" sizes=\"auto, (max-width: 400px) 100vw, 400px\" \/><\/figure><div class=\"wp-block-media-text__content\">\n<p class=\"has-background\" style=\"background-color:#f1dfbf\"><a href=\"https:\/\/www.isdin.com\/blog\/guia-esencial-de-serums-dia-noche\/\">El paso 3 de tu rutina<\/a> se caracteriza por aportar un <em>boost<\/em> de ingredientes activos ideales para abordar afecciones espec\u00edficas de la piel. Si hablamos de <em>photoaging<\/em>, tus aliados ser\u00e1n los antioxidantes.<\/p>\n<\/div><\/div>\n\n\n\n<p><\/p>\n\n\n\n<h2 class=\"wp-block-heading\">4. No est\u00e1s protegida en interiores<\/h2>\n\n\n\n<figure class=\"wp-block-image size-full\"><img loading=\"lazy\" decoding=\"async\" width=\"1200\" height=\"618\" src=\"data:image\/gif;base64,R0lGODlhAQABAAAAACH5BAEKAAEALAAAAAABAAEAAAICTAEAOw==\" data-src=\"https:\/\/www.isdin.com\/es\/blog\/wp-content\/uploads\/2024\/07\/Imagen-en-el-contenido-93.png\" alt=\"radiaci\u00f3n solar llegando a trav\u00e9s de ventana photoaging\" class=\"wp-image-13477 lazyload\" data-sizes=\"auto\" data-srcset=\"https:\/\/www.isdin.com\/es\/blog\/wp-content\/uploads\/2024\/07\/Imagen-en-el-contenido-93.png 1200w, https:\/\/www.isdin.com\/es\/blog\/wp-content\/uploads\/2024\/07\/Imagen-en-el-contenido-93-300x155.png 300w, https:\/\/www.isdin.com\/es\/blog\/wp-content\/uploads\/2024\/07\/Imagen-en-el-contenido-93-1024x527.png 1024w, https:\/\/www.isdin.com\/es\/blog\/wp-content\/uploads\/2024\/07\/Imagen-en-el-contenido-93-150x77.png 150w, https:\/\/www.isdin.com\/es\/blog\/wp-content\/uploads\/2024\/07\/Imagen-en-el-contenido-93-768x396.png 768w, https:\/\/www.isdin.com\/es\/blog\/wp-content\/uploads\/2024\/07\/Imagen-en-el-contenido-93-585x300.png 585w, https:\/\/www.isdin.com\/es\/blog\/wp-content\/uploads\/2024\/07\/Imagen-en-el-contenido-93-450x232.png 450w, https:\/\/www.isdin.com\/es\/blog\/wp-content\/uploads\/2024\/07\/Imagen-en-el-contenido-93-20x11.png 20w, https:\/\/www.isdin.com\/es\/blog\/wp-content\/uploads\/2024\/07\/Imagen-en-el-contenido-93-225x116.png 225w, https:\/\/www.isdin.com\/es\/blog\/wp-content\/uploads\/2024\/07\/Imagen-en-el-contenido-93-900x464.png 900w\" sizes=\"auto, (max-width: 1200px) 100vw, 1200px\" \/><\/figure>\n\n\n\n<p><\/p>\n\n\n\n<p>Existe una idea muy extendida: que en interiores estamos a salvo. Que los d\u00edas nublados no cuentan. Que en la oficina o en casa no hace falta proteger la piel. Pero no es as\u00ed.<\/p>\n\n\n\n<p><strong>Los rayos UVA \u2014<a href=\"https:\/\/pmc.ncbi.nlm.nih.gov\/articles\/PMC12018068\/\">principales responsables del fotoenvejecimiento<\/a>\u2014 est\u00e1n presentes todos los d\u00edas del a\u00f1o<\/strong>. Penetran profundamente en la piel, da\u00f1an el col\u00e1geno y contribuyen, poco a poco, a la aparici\u00f3n de l\u00edneas de expresi\u00f3n, manchas y p\u00e9rdida de firmeza.<\/p>\n\n\n\n<p>Y aqu\u00ed viene lo importante: no se quedan fuera. <strong>La <a href=\"https:\/\/pmc.ncbi.nlm.nih.gov\/articles\/PMC10983087\/\">radiaci\u00f3n UVA<\/a> atraviesa las ventanas<\/strong>, lo que significa que tu piel sigue expuesta incluso cuando est\u00e1s en casa, en la oficina o conduciendo.<\/p>\n\n\n\n<p class=\"has-background\" style=\"background-color:#fbd7b2\">Estos rayos constituyen aproximadamente el 95% de la radiaci\u00f3n UV que llega a la superficie terrestre, por lo que<a href=\"https:\/\/www.isdin.com\/blog\/5-excusas-para-no-utilizar-proteccion-solar\/\"> no hay excusa<\/a>. <strong>Fotoprotegerse es necesario todos los d\u00edas de tu vida.<\/strong><\/p>\n\n\n\n<h3 class=\"wp-block-heading\">Tu piel te lo agradecer\u00e1 a largo plazo<\/h3>\n\n\n\n<p>Estamos a punto de llegar al \u00faltimo paso, pero no podr\u00edamos hacerlo sin el cuarto. Tambi\u00e9n existe otra tendencia a pensar que usar solo una crema hidratante es suficiente, o que solo el fotoprotector es necesario. Sin embargo, <strong>el fotoenvejecimiento y la <a href=\"https:\/\/www.isdin.com\/blog\/perdida-de-agua-transepidermica-que-es\/\">p\u00e9rdida de humedad<\/a> van de la mano, de la misma manera que deben ir una crema hidratante y un fotoprotector en tu rutina diaria<\/strong>. Ambos son esenciales para ayudar a mantener una piel saludable y protegida.<\/p>\n\n\n\n<p><\/p>\n\n\n\n<div class=\"wp-block-media-text is-stacked-on-mobile\" style=\"grid-template-columns:15% auto\"><figure class=\"wp-block-media-text__media\"><img loading=\"lazy\" decoding=\"async\" width=\"400\" height=\"400\" src=\"data:image\/gif;base64,R0lGODlhAQABAAAAACH5BAEKAAEALAAAAAABAAEAAAICTAEAOw==\" data-src=\"https:\/\/www.isdin.com\/es\/blog\/wp-content\/uploads\/2024\/07\/2024_07_TipsFotoenvejecimiento_IMG1311.png\" alt=\"\" class=\"wp-image-10715 size-full lazyload\" data-sizes=\"auto\" data-srcset=\"https:\/\/www.isdin.com\/es\/blog\/wp-content\/uploads\/2024\/07\/2024_07_TipsFotoenvejecimiento_IMG1311.png 400w, https:\/\/www.isdin.com\/es\/blog\/wp-content\/uploads\/2024\/07\/2024_07_TipsFotoenvejecimiento_IMG1311-300x300.png 300w, https:\/\/www.isdin.com\/es\/blog\/wp-content\/uploads\/2024\/07\/2024_07_TipsFotoenvejecimiento_IMG1311-150x150.png 150w, https:\/\/www.isdin.com\/es\/blog\/wp-content\/uploads\/2024\/07\/2024_07_TipsFotoenvejecimiento_IMG1311-70x70.png 70w, https:\/\/www.isdin.com\/es\/blog\/wp-content\/uploads\/2024\/07\/2024_07_TipsFotoenvejecimiento_IMG1311-180x180.png 180w, https:\/\/www.isdin.com\/es\/blog\/wp-content\/uploads\/2024\/07\/2024_07_TipsFotoenvejecimiento_IMG1311-90x90.png 90w, https:\/\/www.isdin.com\/es\/blog\/wp-content\/uploads\/2024\/07\/2024_07_TipsFotoenvejecimiento_IMG1311-270x270.png 270w, https:\/\/www.isdin.com\/es\/blog\/wp-content\/uploads\/2024\/07\/2024_07_TipsFotoenvejecimiento_IMG1311-20x20.png 20w, https:\/\/www.isdin.com\/es\/blog\/wp-content\/uploads\/2024\/07\/2024_07_TipsFotoenvejecimiento_IMG1311-225x225.png 225w\" sizes=\"auto, (max-width: 400px) 100vw, 400px\" \/><\/figure><div class=\"wp-block-media-text__content\">\n<p class=\"has-background\" style=\"background-color:#f1dfbf\"><a href=\"https:\/\/www.isdin.com\/blog\/guia-esencial-de-cremas-hidratantes-faciales\/\">El paso 4 de tu rutina<\/a> no solo sella y potencia, tambi\u00e9n hidrata y protege, preparando tu piel para el \u00faltimo paso de tu rutina. \u00bfSabes de qu\u00e9 hablamos? \u00a1De tu crema hidrante!<\/p>\n<\/div><\/div>\n\n\n\n<h2 class=\"wp-block-heading\" id=\"h-5-el-80-del-envejecimiento-de-la-piel-es-causado-por-la-exposicion-solar\">5. El 80% del envejecimiento de la piel es causado por la exposici\u00f3n solar<\/h2>\n\n\n\n<figure class=\"wp-block-image size-full\"><img loading=\"lazy\" decoding=\"async\" width=\"1200\" height=\"618\" src=\"data:image\/gif;base64,R0lGODlhAQABAAAAACH5BAEKAAEALAAAAAABAAEAAAICTAEAOw==\" data-src=\"https:\/\/www.isdin.com\/es\/blog\/wp-content\/uploads\/2024\/07\/Imagen-en-el-contenido-96.png\" alt=\"mujer con rostro saludable sin signos de fotoenvejecimiento\" class=\"wp-image-13478 lazyload\" data-sizes=\"auto\" data-srcset=\"https:\/\/www.isdin.com\/es\/blog\/wp-content\/uploads\/2024\/07\/Imagen-en-el-contenido-96.png 1200w, https:\/\/www.isdin.com\/es\/blog\/wp-content\/uploads\/2024\/07\/Imagen-en-el-contenido-96-300x155.png 300w, https:\/\/www.isdin.com\/es\/blog\/wp-content\/uploads\/2024\/07\/Imagen-en-el-contenido-96-1024x527.png 1024w, https:\/\/www.isdin.com\/es\/blog\/wp-content\/uploads\/2024\/07\/Imagen-en-el-contenido-96-150x77.png 150w, https:\/\/www.isdin.com\/es\/blog\/wp-content\/uploads\/2024\/07\/Imagen-en-el-contenido-96-768x396.png 768w, https:\/\/www.isdin.com\/es\/blog\/wp-content\/uploads\/2024\/07\/Imagen-en-el-contenido-96-585x300.png 585w, https:\/\/www.isdin.com\/es\/blog\/wp-content\/uploads\/2024\/07\/Imagen-en-el-contenido-96-450x232.png 450w, https:\/\/www.isdin.com\/es\/blog\/wp-content\/uploads\/2024\/07\/Imagen-en-el-contenido-96-20x11.png 20w, https:\/\/www.isdin.com\/es\/blog\/wp-content\/uploads\/2024\/07\/Imagen-en-el-contenido-96-225x116.png 225w, https:\/\/www.isdin.com\/es\/blog\/wp-content\/uploads\/2024\/07\/Imagen-en-el-contenido-96-900x464.png 900w\" sizes=\"auto, (max-width: 1200px) 100vw, 1200px\" \/><\/figure>\n\n\n\n<p><\/p>\n\n\n\n<p>\u00bfLo sab\u00edas? La exposici\u00f3n solar es el <a href=\"https:\/\/www.isdin.com\/blog\/que-es-el-exposoma-y-por-que-es-importante-protegerse-del-sol-cada-dia\/\">principal factor externo<\/a> que contribuye al eDespu\u00e9s de todo lo anterior, hay una idea que lo resume todo. El <em>photoaging<\/em> \u2014ese envejecimiento de la piel causado por la exposici\u00f3n solar\u2014 no es algo puntual ni aislado. Es el resultado de algo mucho m\u00e1s simple: la repetici\u00f3n.<\/p>\n\n\n\n<p><strong>Se estima que hasta el 80% de ese envejecimiento visible est\u00e1 directamente relacionado con el sol<\/strong>.<\/p>\n\n\n\n<p>No con momentos concretos, sino con la suma de todos ellos. Porque no hablamos solo de d\u00edas de playa o de verano. Hablamos del d\u00eda a d\u00eda. De la luz que entra por la ventana, de los trayectos cortos, de esos momentos en los que no pensamos que haga falta proteger la piel.<\/p>\n\n\n\n<h3 class=\"wp-block-heading\">Encuentra el equilibrio<\/h3>\n\n\n\n<p>Un <a href=\"https:\/\/pubmed.ncbi.nlm.nih.gov\/24101874\/\">80%<\/a> es un n\u00famero bastante alto y est\u00e1 formado por los factores mencionados anteriormente (entre otros). En mayor o menor medida, todos aportan algo. No ocurre de la noche a la ma\u00f1ana y tampoco es igual para todos. Por eso, <strong>la mejor manera de protegerse y reducir este n\u00famero es usando <a href=\"https:\/\/www.isdin.com\/es\/blog\/carlos-alcaraz-te-invita-a-crear-momentos-magicos-con-fusion-water-magic\/\">protecci\u00f3n solar<\/a>.<\/strong><\/p>\n\n\n\n<p>Para hacerlo, es bueno recordar que la exposici\u00f3n solar controlada y <a href=\"https:\/\/www.isdin.com\/es\/blog\/como-aplicar-correctamente-el-fotoprotector-solar\/\">con la protecci\u00f3n adecuada<\/a> puede tener grandes beneficios. Puede estimular la s\u00edntesis de vitamina D, mejorar el estado de \u00e1nimo y promover la producci\u00f3n de <a href=\"https:\/\/www.cancer.gov\/espanol\/publicaciones\/diccionarios\/diccionario-cancer\/def\/endorfina\">endorfinas<\/a>. Quiz\u00e1s por eso <a href=\"https:\/\/www.isdin.com\/es\/blog\/rutina-cuidado-corporal-verano\/\">el verano<\/a> nos gusta tanto.<\/p>\n\n\n\n<div class=\"wp-block-media-text is-stacked-on-mobile\" style=\"grid-template-columns:15% auto\"><figure class=\"wp-block-media-text__media\"><img loading=\"lazy\" decoding=\"async\" width=\"400\" height=\"400\" src=\"data:image\/gif;base64,R0lGODlhAQABAAAAACH5BAEKAAEALAAAAAABAAEAAAICTAEAOw==\" data-src=\"https:\/\/www.isdin.com\/es\/blog\/wp-content\/uploads\/2024\/07\/2024_07_TipsFotoenvejecimiento_IMG1013-1.png\" alt=\"\" class=\"wp-image-10717 size-full lazyload\" data-sizes=\"auto\" data-srcset=\"https:\/\/www.isdin.com\/es\/blog\/wp-content\/uploads\/2024\/07\/2024_07_TipsFotoenvejecimiento_IMG1013-1.png 400w, https:\/\/www.isdin.com\/es\/blog\/wp-content\/uploads\/2024\/07\/2024_07_TipsFotoenvejecimiento_IMG1013-1-300x300.png 300w, https:\/\/www.isdin.com\/es\/blog\/wp-content\/uploads\/2024\/07\/2024_07_TipsFotoenvejecimiento_IMG1013-1-150x150.png 150w, https:\/\/www.isdin.com\/es\/blog\/wp-content\/uploads\/2024\/07\/2024_07_TipsFotoenvejecimiento_IMG1013-1-70x70.png 70w, https:\/\/www.isdin.com\/es\/blog\/wp-content\/uploads\/2024\/07\/2024_07_TipsFotoenvejecimiento_IMG1013-1-180x180.png 180w, https:\/\/www.isdin.com\/es\/blog\/wp-content\/uploads\/2024\/07\/2024_07_TipsFotoenvejecimiento_IMG1013-1-90x90.png 90w, https:\/\/www.isdin.com\/es\/blog\/wp-content\/uploads\/2024\/07\/2024_07_TipsFotoenvejecimiento_IMG1013-1-270x270.png 270w, https:\/\/www.isdin.com\/es\/blog\/wp-content\/uploads\/2024\/07\/2024_07_TipsFotoenvejecimiento_IMG1013-1-20x20.png 20w, https:\/\/www.isdin.com\/es\/blog\/wp-content\/uploads\/2024\/07\/2024_07_TipsFotoenvejecimiento_IMG1013-1-225x225.png 225w\" sizes=\"auto, (max-width: 400px) 100vw, 400px\" \/><\/figure><div class=\"wp-block-media-text__content\">\n<p class=\"has-background\" style=\"background-color:#f1dfbf\">Has llegado al final de las curiosidades y tambi\u00e9n al toque final para proteger tu piel de los da\u00f1os del sol y mantenerla radiante y saludable. Te presentamos <a href=\"https:\/\/www.isdin.com\/blog\/fotoprotectores-solares-para-la-cara-isdin\/\">el paso 5 de tu rutina<\/a>: el fotoprotector.<\/p>\n<\/div><\/div>\n\n\n\n<p><\/p>\n\n\n\n<p class=\"has-background\" style=\"background-color:#fbd7b2\">Has llegado al final de las curiosidades y tambi\u00e9n al toque final para <a href=\"https:\/\/www.isdin.com\/es\/blog\/por-que-debes-protegerte-del-sol\/\">proteger tu piel de los da\u00f1os del sol<\/a> y mantenerla radiante y saludable. Te presentamos <a href=\"https:\/\/www.isdin.com\/blog\/fotoprotectores-solares-para-la-cara-isdin\/\">el paso 5 de tu rutina<\/a>: el fotoprotector.<\/p>\n\n\n\n<figure class=\"wp-block-image size-full\"><img loading=\"lazy\" decoding=\"async\" width=\"1200\" height=\"618\" src=\"data:image\/gif;base64,R0lGODlhAQABAAAAACH5BAEKAAEALAAAAAABAAEAAAICTAEAOw==\" data-src=\"https:\/\/www.isdin.com\/es\/blog\/wp-content\/uploads\/2024\/07\/Imagen-en-el-contenido-94.png\" alt=\"fotoprotectores isdin gama antifotoenvejecimiento\" class=\"wp-image-13479 lazyload\" data-sizes=\"auto\" data-srcset=\"https:\/\/www.isdin.com\/es\/blog\/wp-content\/uploads\/2024\/07\/Imagen-en-el-contenido-94.png 1200w, https:\/\/www.isdin.com\/es\/blog\/wp-content\/uploads\/2024\/07\/Imagen-en-el-contenido-94-300x155.png 300w, https:\/\/www.isdin.com\/es\/blog\/wp-content\/uploads\/2024\/07\/Imagen-en-el-contenido-94-1024x527.png 1024w, https:\/\/www.isdin.com\/es\/blog\/wp-content\/uploads\/2024\/07\/Imagen-en-el-contenido-94-150x77.png 150w, https:\/\/www.isdin.com\/es\/blog\/wp-content\/uploads\/2024\/07\/Imagen-en-el-contenido-94-768x396.png 768w, https:\/\/www.isdin.com\/es\/blog\/wp-content\/uploads\/2024\/07\/Imagen-en-el-contenido-94-585x300.png 585w, https:\/\/www.isdin.com\/es\/blog\/wp-content\/uploads\/2024\/07\/Imagen-en-el-contenido-94-450x232.png 450w, https:\/\/www.isdin.com\/es\/blog\/wp-content\/uploads\/2024\/07\/Imagen-en-el-contenido-94-20x11.png 20w, https:\/\/www.isdin.com\/es\/blog\/wp-content\/uploads\/2024\/07\/Imagen-en-el-contenido-94-225x116.png 225w, https:\/\/www.isdin.com\/es\/blog\/wp-content\/uploads\/2024\/07\/Imagen-en-el-contenido-94-900x464.png 900w\" sizes=\"auto, (max-width: 1200px) 100vw, 1200px\" \/><\/figure>\n\n\n\n<p><\/p>\n\n\n\n<p>La clave para controlar el <em>photoaging<\/em> est\u00e1 en <a href=\"https:\/\/www.isdin.com\/blog\/10-consejos-para-tomar-el-sol-en-verano\/\">disfrutar del sol<\/a>, pero siempre con la piel protegida. Es un viaje diario donde cada decisi\u00f3n cuenta. <strong>Queremos que te quedes con este mensaje:<\/strong> cuidarse va m\u00e1s all\u00e1 de rutinas y productos; se trata de disfrutar cada experiencia en nuestra mejor piel.<\/p>\n","protected":false},"excerpt":{"rendered":"<p>Entre sus principales consecuencias se encuentran las arrugas, las manchas en la piel y la p\u00e9rdida de luminosidad, compa\u00f1eros que quiz\u00e1s ya conozcas o quieras prevenir.<\/p>\n","protected":false},"author":69,"featured_media":10699,"comment_status":"closed","ping_status":"closed","sticky":false,"template":"","format":"image","meta":{"footnotes":""},"categories":[1,101],"tags":[96,294],"class_list":["post-5995","post","type-post","status-publish","format-image","has-post-thumbnail","hentry","category-consejos-cuidados","category-cuidado-facial","tag-arrugas","tag-cuidado-facial","post_format-post-format-image"],"yoast_head":"<!-- This site is optimized with the Yoast SEO Premium plugin v25.4 (Yoast SEO v25.4) - https:\/\/yoast.com\/wordpress\/plugins\/seo\/ -->\n<title>\u00bfSabes qu\u00e9 es el photoaging? Esta rutina para pieles maduras te interesa:5 curiosidades sobre el photoaging que debes conocer<\/title>\n<meta name=\"description\" content=\"\u00bfSabes lo que es el photoaging o fotoenvejecimiento? Hoy te contamos 5 curiosidades sobre ello y la mejor rutina para afrontarlo.\" \/>\n<meta name=\"robots\" content=\"index, follow, max-snippet:-1, max-image-preview:large, max-video-preview:-1\" \/>\n<link rel=\"canonical\" href=\"https:\/\/www.isdin.com\/es\/blog\/photoaging-rutina-para-pieles-maduras-te-interesa\/\" \/>\n<meta property=\"og:locale\" content=\"es_ES\" \/>\n<meta property=\"og:type\" content=\"article\" \/>\n<meta property=\"og:title\" content=\"5 curiosidades sobre el photoaging que debes conocer\" \/>\n<meta property=\"og:description\" content=\"\u00bfSabes lo que es el photoaging o fotoenvejecimiento? Hoy te contamos 5 curiosidades sobre ello y la mejor rutina para afrontarlo.\" \/>\n<meta property=\"og:url\" content=\"https:\/\/www.isdin.com\/es\/blog\/photoaging-rutina-para-pieles-maduras-te-interesa\/\" \/>\n<meta property=\"og:site_name\" content=\"ISDIN\" \/>\n<meta property=\"article:publisher\" content=\"https:\/\/es-es.facebook.com\/ISDIN.official\/\" \/>\n<meta property=\"article:published_time\" content=\"2026-04-22T09:45:45+00:00\" \/>\n<meta property=\"article:modified_time\" content=\"2026-04-22T09:45:48+00:00\" \/>\n<meta property=\"og:image\" content=\"https:\/\/www.isdin.com\/es\/blog\/wp-content\/uploads\/2021\/04\/2021_04_Blog_Imatge_Facebook.jpg\" \/>\n\t<meta property=\"og:image:width\" content=\"1200\" \/>\n\t<meta property=\"og:image:height\" content=\"630\" \/>\n\t<meta property=\"og:image:type\" content=\"image\/jpeg\" \/>\n<meta name=\"author\" content=\"Belinda Mart\u00ednez\" \/>\n<meta name=\"twitter:card\" content=\"summary_large_image\" \/>\n<meta name=\"twitter:creator\" content=\"@isdin_official\" \/>\n<meta name=\"twitter:site\" content=\"@isdin_official\" \/>\n<meta name=\"twitter:label1\" content=\"Written by\" \/>\n\t<meta name=\"twitter:data1\" content=\"Belinda Mart\u00ednez\" \/>\n\t<meta name=\"twitter:label2\" content=\"Est. reading time\" \/>\n\t<meta name=\"twitter:data2\" content=\"9 minutes\" \/>\n<script type=\"application\/ld+json\" class=\"yoast-schema-graph\">{\"@context\":\"https:\/\/schema.org\",\"@graph\":[{\"@type\":\"Article\",\"@id\":\"https:\/\/www.isdin.com\/es\/blog\/photoaging-rutina-para-pieles-maduras-te-interesa\/#article\",\"isPartOf\":{\"@id\":\"https:\/\/www.isdin.com\/es\/blog\/photoaging-rutina-para-pieles-maduras-te-interesa\/\"},\"author\":{\"name\":\"Belinda Mart\u00ednez\",\"@id\":\"https:\/\/www.isdin.com\/es\/blog\/#\/schema\/person\/684015d7d9e78124cb4aa660f6fe8576\"},\"headline\":\"5 curiosidades sobre el photoaging que debes conocer\",\"datePublished\":\"2026-04-22T09:45:45+00:00\",\"dateModified\":\"2026-04-22T09:45:48+00:00\",\"mainEntityOfPage\":{\"@id\":\"https:\/\/www.isdin.com\/es\/blog\/photoaging-rutina-para-pieles-maduras-te-interesa\/\"},\"wordCount\":1372,\"publisher\":{\"@id\":\"https:\/\/www.isdin.com\/es\/blog\/#organization\"},\"image\":{\"@id\":\"https:\/\/www.isdin.com\/es\/blog\/photoaging-rutina-para-pieles-maduras-te-interesa\/#primaryimage\"},\"thumbnailUrl\":\"https:\/\/www.isdin.com\/es\/blog\/wp-content\/uploads\/2022\/04\/2024_07_TipsFotoenvejecimiento_IMG01.jpg\",\"keywords\":[\"arrugas\",\"cuidado facial\"],\"articleSection\":[\"Consejos y cuidados\",\"Cuidado facial\"],\"inLanguage\":\"es-ES\"},{\"@type\":\"WebPage\",\"@id\":\"https:\/\/www.isdin.com\/es\/blog\/photoaging-rutina-para-pieles-maduras-te-interesa\/\",\"url\":\"https:\/\/www.isdin.com\/es\/blog\/photoaging-rutina-para-pieles-maduras-te-interesa\/\",\"name\":\"\u00bfSabes qu\u00e9 es el photoaging? Esta rutina para pieles maduras te interesa:5 curiosidades sobre el photoaging que debes conocer\",\"isPartOf\":{\"@id\":\"https:\/\/www.isdin.com\/es\/blog\/#website\"},\"primaryImageOfPage\":{\"@id\":\"https:\/\/www.isdin.com\/es\/blog\/photoaging-rutina-para-pieles-maduras-te-interesa\/#primaryimage\"},\"image\":{\"@id\":\"https:\/\/www.isdin.com\/es\/blog\/photoaging-rutina-para-pieles-maduras-te-interesa\/#primaryimage\"},\"thumbnailUrl\":\"https:\/\/www.isdin.com\/es\/blog\/wp-content\/uploads\/2022\/04\/2024_07_TipsFotoenvejecimiento_IMG01.jpg\",\"datePublished\":\"2026-04-22T09:45:45+00:00\",\"dateModified\":\"2026-04-22T09:45:48+00:00\",\"description\":\"\u00bfSabes lo que es el photoaging o fotoenvejecimiento? Hoy te contamos 5 curiosidades sobre ello y la mejor rutina para afrontarlo.\",\"breadcrumb\":{\"@id\":\"https:\/\/www.isdin.com\/es\/blog\/photoaging-rutina-para-pieles-maduras-te-interesa\/#breadcrumb\"},\"inLanguage\":\"es-ES\",\"potentialAction\":[{\"@type\":\"ReadAction\",\"target\":[\"https:\/\/www.isdin.com\/es\/blog\/photoaging-rutina-para-pieles-maduras-te-interesa\/\"]}]},{\"@type\":\"ImageObject\",\"inLanguage\":\"es-ES\",\"@id\":\"https:\/\/www.isdin.com\/es\/blog\/photoaging-rutina-para-pieles-maduras-te-interesa\/#primaryimage\",\"url\":\"https:\/\/www.isdin.com\/es\/blog\/wp-content\/uploads\/2022\/04\/2024_07_TipsFotoenvejecimiento_IMG01.jpg\",\"contentUrl\":\"https:\/\/www.isdin.com\/es\/blog\/wp-content\/uploads\/2022\/04\/2024_07_TipsFotoenvejecimiento_IMG01.jpg\",\"width\":1200,\"height\":760,\"caption\":\"qu\u00e9 es el photoaging\"},{\"@type\":\"BreadcrumbList\",\"@id\":\"https:\/\/www.isdin.com\/es\/blog\/photoaging-rutina-para-pieles-maduras-te-interesa\/#breadcrumb\",\"itemListElement\":[{\"@type\":\"ListItem\",\"position\":1,\"name\":\"Portada\",\"item\":\"https:\/\/www.isdin.com\/es\/blog\/\"},{\"@type\":\"ListItem\",\"position\":2,\"name\":\"5 curiosidades sobre el photoaging que debes conocer\"}]},{\"@type\":\"WebSite\",\"@id\":\"https:\/\/www.isdin.com\/es\/blog\/#website\",\"url\":\"https:\/\/www.isdin.com\/es\/blog\/\",\"name\":\"ISDIN\",\"description\":\"Novedades, lanzamientos de productos y toda la experiencia de ISDIN\",\"publisher\":{\"@id\":\"https:\/\/www.isdin.com\/es\/blog\/#organization\"},\"potentialAction\":[{\"@type\":\"SearchAction\",\"target\":{\"@type\":\"EntryPoint\",\"urlTemplate\":\"https:\/\/www.isdin.com\/es\/blog\/?s={search_term_string}\"},\"query-input\":{\"@type\":\"PropertyValueSpecification\",\"valueRequired\":true,\"valueName\":\"search_term_string\"}}],\"inLanguage\":\"es-ES\"},{\"@type\":\"Organization\",\"@id\":\"https:\/\/www.isdin.com\/es\/blog\/#organization\",\"name\":\"ISDIN\",\"alternateName\":\"ISDIN\",\"url\":\"https:\/\/www.isdin.com\/es\/blog\/\",\"logo\":{\"@type\":\"ImageObject\",\"inLanguage\":\"es-ES\",\"@id\":\"https:\/\/www.isdin.com\/es\/blog\/#\/schema\/logo\/image\/\",\"url\":\"https:\/\/www.isdin.com\/es\/blog\/wp-content\/uploads\/2024\/05\/2025_03_GuiaFoto_FWM.png\",\"contentUrl\":\"https:\/\/www.isdin.com\/es\/blog\/wp-content\/uploads\/2024\/05\/2025_03_GuiaFoto_FWM.png\",\"width\":670,\"height\":683,\"caption\":\"ISDIN\"},\"image\":{\"@id\":\"https:\/\/www.isdin.com\/es\/blog\/#\/schema\/logo\/image\/\"},\"sameAs\":[\"https:\/\/es-es.facebook.com\/ISDIN.official\/\",\"https:\/\/x.com\/isdin_official\",\"https:\/\/www.instagram.com\/isdinofficial\",\"https:\/\/www.youtube.com\/channel\/UCtoNJMKpDwdFLqgV23_lcqg\"],\"telephone\":\"659997812\"},{\"@type\":\"Person\",\"@id\":\"https:\/\/www.isdin.com\/es\/blog\/#\/schema\/person\/684015d7d9e78124cb4aa660f6fe8576\",\"name\":\"Belinda Mart\u00ednez\",\"image\":{\"@type\":\"ImageObject\",\"inLanguage\":\"es-ES\",\"@id\":\"https:\/\/www.isdin.com\/es\/blog\/#\/schema\/person\/image\/\",\"url\":\"https:\/\/www.isdin.com\/es\/blog\/wp-content\/uploads\/2017\/07\/jjjj.jpg\",\"contentUrl\":\"https:\/\/www.isdin.com\/es\/blog\/wp-content\/uploads\/2017\/07\/jjjj.jpg\",\"caption\":\"Belinda Mart\u00ednez\"},\"description\":\"Belinda es periodista y copywriter creativa. Tras a\u00f1os de experiencia, decidi\u00f3 fusionar sus habilidades de escritura con su amor por el skincare, convirti\u00e9ndose en una especialista en la materia. \u00bfSu imprescindible? Un buen b\u00e1lsamo de labios.\",\"sameAs\":[\"https:\/\/www.linkedin.com\/in\/thisisbel\/\"],\"url\":\"https:\/\/www.isdin.com\/es\/blog\/author\/belindamartinez\/\"}]}<\/script>\n<!-- \/ Yoast SEO Premium plugin. -->","yoast_head_json":{"title":"\u00bfSabes qu\u00e9 es el photoaging? Esta rutina para pieles maduras te interesa:5 curiosidades sobre el photoaging que debes conocer","description":"\u00bfSabes lo que es el photoaging o fotoenvejecimiento? Hoy te contamos 5 curiosidades sobre ello y la mejor rutina para afrontarlo.","robots":{"index":"index","follow":"follow","max-snippet":"max-snippet:-1","max-image-preview":"max-image-preview:large","max-video-preview":"max-video-preview:-1"},"canonical":"https:\/\/www.isdin.com\/es\/blog\/photoaging-rutina-para-pieles-maduras-te-interesa\/","og_locale":"es_ES","og_type":"article","og_title":"5 curiosidades sobre el photoaging que debes conocer","og_description":"\u00bfSabes lo que es el photoaging o fotoenvejecimiento? Hoy te contamos 5 curiosidades sobre ello y la mejor rutina para afrontarlo.","og_url":"https:\/\/www.isdin.com\/es\/blog\/photoaging-rutina-para-pieles-maduras-te-interesa\/","og_site_name":"ISDIN","article_publisher":"https:\/\/es-es.facebook.com\/ISDIN.official\/","article_published_time":"2026-04-22T09:45:45+00:00","article_modified_time":"2026-04-22T09:45:48+00:00","og_image":[{"width":1200,"height":630,"url":"https:\/\/www.isdin.com\/es\/blog\/wp-content\/uploads\/2021\/04\/2021_04_Blog_Imatge_Facebook.jpg","type":"image\/jpeg"}],"author":"Belinda Mart\u00ednez","twitter_card":"summary_large_image","twitter_creator":"@isdin_official","twitter_site":"@isdin_official","twitter_misc":{"Written by":"Belinda Mart\u00ednez","Est. reading time":"9 minutes"},"schema":{"@context":"https:\/\/schema.org","@graph":[{"@type":"Article","@id":"https:\/\/www.isdin.com\/es\/blog\/photoaging-rutina-para-pieles-maduras-te-interesa\/#article","isPartOf":{"@id":"https:\/\/www.isdin.com\/es\/blog\/photoaging-rutina-para-pieles-maduras-te-interesa\/"},"author":{"name":"Belinda Mart\u00ednez","@id":"https:\/\/www.isdin.com\/es\/blog\/#\/schema\/person\/684015d7d9e78124cb4aa660f6fe8576"},"headline":"5 curiosidades sobre el photoaging que debes conocer","datePublished":"2026-04-22T09:45:45+00:00","dateModified":"2026-04-22T09:45:48+00:00","mainEntityOfPage":{"@id":"https:\/\/www.isdin.com\/es\/blog\/photoaging-rutina-para-pieles-maduras-te-interesa\/"},"wordCount":1372,"publisher":{"@id":"https:\/\/www.isdin.com\/es\/blog\/#organization"},"image":{"@id":"https:\/\/www.isdin.com\/es\/blog\/photoaging-rutina-para-pieles-maduras-te-interesa\/#primaryimage"},"thumbnailUrl":"https:\/\/www.isdin.com\/es\/blog\/wp-content\/uploads\/2022\/04\/2024_07_TipsFotoenvejecimiento_IMG01.jpg","keywords":["arrugas","cuidado facial"],"articleSection":["Consejos y cuidados","Cuidado facial"],"inLanguage":"es-ES"},{"@type":"WebPage","@id":"https:\/\/www.isdin.com\/es\/blog\/photoaging-rutina-para-pieles-maduras-te-interesa\/","url":"https:\/\/www.isdin.com\/es\/blog\/photoaging-rutina-para-pieles-maduras-te-interesa\/","name":"\u00bfSabes qu\u00e9 es el photoaging? Esta rutina para pieles maduras te interesa:5 curiosidades sobre el photoaging que debes conocer","isPartOf":{"@id":"https:\/\/www.isdin.com\/es\/blog\/#website"},"primaryImageOfPage":{"@id":"https:\/\/www.isdin.com\/es\/blog\/photoaging-rutina-para-pieles-maduras-te-interesa\/#primaryimage"},"image":{"@id":"https:\/\/www.isdin.com\/es\/blog\/photoaging-rutina-para-pieles-maduras-te-interesa\/#primaryimage"},"thumbnailUrl":"https:\/\/www.isdin.com\/es\/blog\/wp-content\/uploads\/2022\/04\/2024_07_TipsFotoenvejecimiento_IMG01.jpg","datePublished":"2026-04-22T09:45:45+00:00","dateModified":"2026-04-22T09:45:48+00:00","description":"\u00bfSabes lo que es el photoaging o fotoenvejecimiento? Hoy te contamos 5 curiosidades sobre ello y la mejor rutina para afrontarlo.","breadcrumb":{"@id":"https:\/\/www.isdin.com\/es\/blog\/photoaging-rutina-para-pieles-maduras-te-interesa\/#breadcrumb"},"inLanguage":"es-ES","potentialAction":[{"@type":"ReadAction","target":["https:\/\/www.isdin.com\/es\/blog\/photoaging-rutina-para-pieles-maduras-te-interesa\/"]}]},{"@type":"ImageObject","inLanguage":"es-ES","@id":"https:\/\/www.isdin.com\/es\/blog\/photoaging-rutina-para-pieles-maduras-te-interesa\/#primaryimage","url":"https:\/\/www.isdin.com\/es\/blog\/wp-content\/uploads\/2022\/04\/2024_07_TipsFotoenvejecimiento_IMG01.jpg","contentUrl":"https:\/\/www.isdin.com\/es\/blog\/wp-content\/uploads\/2022\/04\/2024_07_TipsFotoenvejecimiento_IMG01.jpg","width":1200,"height":760,"caption":"qu\u00e9 es el photoaging"},{"@type":"BreadcrumbList","@id":"https:\/\/www.isdin.com\/es\/blog\/photoaging-rutina-para-pieles-maduras-te-interesa\/#breadcrumb","itemListElement":[{"@type":"ListItem","position":1,"name":"Portada","item":"https:\/\/www.isdin.com\/es\/blog\/"},{"@type":"ListItem","position":2,"name":"5 curiosidades sobre el photoaging que debes conocer"}]},{"@type":"WebSite","@id":"https:\/\/www.isdin.com\/es\/blog\/#website","url":"https:\/\/www.isdin.com\/es\/blog\/","name":"ISDIN","description":"Novedades, lanzamientos de productos y toda la experiencia de ISDIN","publisher":{"@id":"https:\/\/www.isdin.com\/es\/blog\/#organization"},"potentialAction":[{"@type":"SearchAction","target":{"@type":"EntryPoint","urlTemplate":"https:\/\/www.isdin.com\/es\/blog\/?s={search_term_string}"},"query-input":{"@type":"PropertyValueSpecification","valueRequired":true,"valueName":"search_term_string"}}],"inLanguage":"es-ES"},{"@type":"Organization","@id":"https:\/\/www.isdin.com\/es\/blog\/#organization","name":"ISDIN","alternateName":"ISDIN","url":"https:\/\/www.isdin.com\/es\/blog\/","logo":{"@type":"ImageObject","inLanguage":"es-ES","@id":"https:\/\/www.isdin.com\/es\/blog\/#\/schema\/logo\/image\/","url":"https:\/\/www.isdin.com\/es\/blog\/wp-content\/uploads\/2024\/05\/2025_03_GuiaFoto_FWM.png","contentUrl":"https:\/\/www.isdin.com\/es\/blog\/wp-content\/uploads\/2024\/05\/2025_03_GuiaFoto_FWM.png","width":670,"height":683,"caption":"ISDIN"},"image":{"@id":"https:\/\/www.isdin.com\/es\/blog\/#\/schema\/logo\/image\/"},"sameAs":["https:\/\/es-es.facebook.com\/ISDIN.official\/","https:\/\/x.com\/isdin_official","https:\/\/www.instagram.com\/isdinofficial","https:\/\/www.youtube.com\/channel\/UCtoNJMKpDwdFLqgV23_lcqg"],"telephone":"659997812"},{"@type":"Person","@id":"https:\/\/www.isdin.com\/es\/blog\/#\/schema\/person\/684015d7d9e78124cb4aa660f6fe8576","name":"Belinda Mart\u00ednez","image":{"@type":"ImageObject","inLanguage":"es-ES","@id":"https:\/\/www.isdin.com\/es\/blog\/#\/schema\/person\/image\/","url":"https:\/\/www.isdin.com\/es\/blog\/wp-content\/uploads\/2017\/07\/jjjj.jpg","contentUrl":"https:\/\/www.isdin.com\/es\/blog\/wp-content\/uploads\/2017\/07\/jjjj.jpg","caption":"Belinda Mart\u00ednez"},"description":"Belinda es periodista y copywriter creativa. Tras a\u00f1os de experiencia, decidi\u00f3 fusionar sus habilidades de escritura con su amor por el skincare, convirti\u00e9ndose en una especialista en la materia. \u00bfSu imprescindible? Un buen b\u00e1lsamo de labios.","sameAs":["https:\/\/www.linkedin.com\/in\/thisisbel\/"],"url":"https:\/\/www.isdin.com\/es\/blog\/author\/belindamartinez\/"}]}},"_links":{"self":[{"href":"https:\/\/www.isdin.com\/es\/blog\/wp-json\/wp\/v2\/posts\/5995","targetHints":{"allow":["GET"]}}],"collection":[{"href":"https:\/\/www.isdin.com\/es\/blog\/wp-json\/wp\/v2\/posts"}],"about":[{"href":"https:\/\/www.isdin.com\/es\/blog\/wp-json\/wp\/v2\/types\/post"}],"author":[{"embeddable":true,"href":"https:\/\/www.isdin.com\/es\/blog\/wp-json\/wp\/v2\/users\/69"}],"replies":[{"embeddable":true,"href":"https:\/\/www.isdin.com\/es\/blog\/wp-json\/wp\/v2\/comments?post=5995"}],"version-history":[{"count":20,"href":"https:\/\/www.isdin.com\/es\/blog\/wp-json\/wp\/v2\/posts\/5995\/revisions"}],"predecessor-version":[{"id":13480,"href":"https:\/\/www.isdin.com\/es\/blog\/wp-json\/wp\/v2\/posts\/5995\/revisions\/13480"}],"wp:featuredmedia":[{"embeddable":true,"href":"https:\/\/www.isdin.com\/es\/blog\/wp-json\/wp\/v2\/media\/10699"}],"wp:attachment":[{"href":"https:\/\/www.isdin.com\/es\/blog\/wp-json\/wp\/v2\/media?parent=5995"}],"wp:term":[{"taxonomy":"category","embeddable":true,"href":"https:\/\/www.isdin.com\/es\/blog\/wp-json\/wp\/v2\/categories?post=5995"},{"taxonomy":"post_tag","embeddable":true,"href":"https:\/\/www.isdin.com\/es\/blog\/wp-json\/wp\/v2\/tags?post=5995"}],"curies":[{"name":"wp","href":"https:\/\/api.w.org\/{rel}","templated":true}]}}