{"id":5958,"date":"2025-02-25T18:58:19","date_gmt":"2025-02-25T18:58:19","guid":{"rendered":"https:\/\/www.isdin.com\/es\/blog\/?p=5958"},"modified":"2025-02-25T18:58:20","modified_gmt":"2025-02-25T18:58:20","slug":"como-cuidar-y-reparar-los-labios-agrietados","status":"publish","type":"post","link":"https:\/\/www.isdin.com\/es\/blog\/como-cuidar-y-reparar-los-labios-agrietados\/","title":{"rendered":"Di adi\u00f3s a los labios agrietados: c\u00f3mo repararlos y cuidarlos en cualquier \u00e9poca del a\u00f1o"},"content":{"rendered":"\n<p>Est\u00e1s en la calle, hace fr\u00edo y de repente sientes esa tirantez inc\u00f3moda en los labios. Pasas la lengua para hidratarlos un poco, pero solo empeora. Miras de reojo en un espejo y ah\u00ed est\u00e1n: peque\u00f1as grietas, escamas y esa sensaci\u00f3n de sequedad que no te deja en paz.<\/p>\n\n\n\n<p>Pintarlos parece misi\u00f3n imposible, disimularlos todo un reto y dar con el producto adecuado para darles un <em>boost<\/em> de hidrataci\u00f3n a veces se nos olvida. Y es que, <strong>aunque el invierno es la \u00e9poca en la que m\u00e1s se resienten, muchas personas conviven con labios agrietados todo el a\u00f1o<\/strong>.<\/p>\n\n\n\n<p>Pero no te preocupes, hay soluci\u00f3n. Descubre por qu\u00e9 ocurre, qu\u00e9 lo empeora y c\u00f3mo devolverles la suavidad y el confort que se merecen.<\/p>\n\n\n\n<h3 class=\"wp-block-heading\" id=\"h-por-que-se-agrietan-los-labios\">\u00bfPor qu\u00e9 se agrietan los labios?<\/h3>\n\n\n\n<p><\/p>\n\n\n\n<figure class=\"wp-block-image size-large\"><img loading=\"lazy\" decoding=\"async\" width=\"1024\" height=\"527\" src=\"data:image\/gif;base64,R0lGODlhAQABAAAAACH5BAEKAAEALAAAAAABAAEAAAICTAEAOw==\" data-src=\"https:\/\/www.isdin.com\/es\/blog\/wp-content\/uploads\/2023\/12\/2023_DryLips_IMG07-1024x527.png\" alt=\"c\u00f3mo curar labios agrietados\" class=\"wp-image-9204 lazyload\" data-sizes=\"auto\" data-srcset=\"https:\/\/www.isdin.com\/es\/blog\/wp-content\/uploads\/2023\/12\/2023_DryLips_IMG07-1024x527.png 1024w, https:\/\/www.isdin.com\/es\/blog\/wp-content\/uploads\/2023\/12\/2023_DryLips_IMG07-300x155.png 300w, https:\/\/www.isdin.com\/es\/blog\/wp-content\/uploads\/2023\/12\/2023_DryLips_IMG07-150x77.png 150w, https:\/\/www.isdin.com\/es\/blog\/wp-content\/uploads\/2023\/12\/2023_DryLips_IMG07-768x396.png 768w, https:\/\/www.isdin.com\/es\/blog\/wp-content\/uploads\/2023\/12\/2023_DryLips_IMG07-585x300.png 585w, https:\/\/www.isdin.com\/es\/blog\/wp-content\/uploads\/2023\/12\/2023_DryLips_IMG07-450x232.png 450w, https:\/\/www.isdin.com\/es\/blog\/wp-content\/uploads\/2023\/12\/2023_DryLips_IMG07-20x11.png 20w, https:\/\/www.isdin.com\/es\/blog\/wp-content\/uploads\/2023\/12\/2023_DryLips_IMG07-225x116.png 225w, https:\/\/www.isdin.com\/es\/blog\/wp-content\/uploads\/2023\/12\/2023_DryLips_IMG07-900x464.png 900w, https:\/\/www.isdin.com\/es\/blog\/wp-content\/uploads\/2023\/12\/2023_DryLips_IMG07.png 1200w\" sizes=\"auto, (max-width: 1024px) 100vw, 1024px\" \/><\/figure>\n\n\n\n<p><\/p>\n\n\n\n<p>Tus labios est\u00e1n siempre expuestos a las agresiones externas del ambiente y en constante movimiento. \u00bfAlguna vez hab\u00edas pensado en ello? <strong>Son una de las zonas m\u00e1s sensibles y vulnerables<\/strong> de tu cuerpo, por eso pueden resecarse con facilidad, no solo en invierno, sino en <a href=\"https:\/\/www.isdin.com\/es\/blog\/rutina-de-piel-para-cada-estacion\/\">cualquier \u00e9poca del a\u00f1o<\/a>.<\/p>\n\n\n\n<p>De hecho, <strong>los labios secos o agrietados <a href=\"https:\/\/pmc.ncbi.nlm.nih.gov\/articles\/PMC8251770\/\">son una molestia com\u00fan<\/a><\/strong>, y no, el fr\u00edo no es el \u00fanico culpable. A diferencia de otras zonas del <a href=\"https:\/\/www.isdin.com\/es\/blog\/rutina-cuidado-corporal-invierno-ureadin\/\">cuerpo<\/a>, no cuentan con gl\u00e1ndulas seb\u00e1ceas ni sudor\u00edparas, por lo que no generan su propia hidrataci\u00f3n natural.<\/p>\n\n\n\n<p>Factores como el clima seco, los cambios bruscos de temperatura o incluso ciertos <a href=\"https:\/\/www.isdin.com\/es\/blog\/de-meta-a-habito-la-clave-para-el-exito\/\">h\u00e1bitos<\/a> pueden hacer que se resequen con facilidad. Aunque el fr\u00edo suele ser un desencadenante frecuente, no es la \u00fanica causa.<\/p>\n\n\n\n<h3 class=\"wp-block-heading\">Un error com\u00fan que empeora la sequedad<\/h3>\n\n\n\n<p>El fr\u00edo y el viento pueden resecar los labios, pero muchas veces somos nosotros mismos quienes agravamos el problema sin darnos cuenta. Un ejemplo cl\u00e1sico es humedecerlos con saliva cuando los sentimos secos, \u00a1gran error! Aunque puede parecer un alivio inmediato, en realidad provoca el efecto contrario.<\/p>\n\n\n\n<p>Cuando se aplica saliva en los labios y luego esta se evapora, puede llevarse consigo la humedad natural de la piel. Adem\u00e1s, la saliva puede alterar el equilibrio del pH en la piel de los labios, afectando su capacidad para retener la humedad y protegerse.<\/p>\n\n\n\n<p>Algo similar ocurre con ciertos cosm\u00e9ticos que contienen ingredientes irritantes, como sulfatos de sodio o mentol, que pueden sensibilizar a\u00fan m\u00e1s la zona. La buena noticia es que evitar estos errores y adoptar una rutina de cuidado adecuada puede marcar la diferencia. <strong>Hidratar, proteger y elegir bien los <a href=\"https:\/\/www.isdin.com\/es\/c\/proteccion-solar\/labiales-solar\">productos que aplicamos en los labios<\/a> es clave para mantenerlos sanos en cualquier \u00e9poca del a\u00f1o.<\/strong><\/p>\n\n\n\n<h2 class=\"wp-block-heading\">C\u00f3mo reparar los labios secos y agrietados<\/h2>\n\n\n\n<p><strong>Recuperar la suavidad e hidrataci\u00f3n de tus labios es m\u00e1s f\u00e1cil de lo que crees.<\/strong> Con solo <strong>dos pasos sencillos<\/strong>, puedes decir adi\u00f3s a la sequedad y lucir unos labios sanos y suaves en cualquier momento del a\u00f1o.<\/p>\n\n\n\n<h3 class=\"wp-block-heading\" id=\"h-1-exfoliar-los-labios\">1. Exfoliar los labios<\/h3>\n\n\n\n<p>El primer paso ser\u00e1 exfoliar los labios agrietados para eliminar las c\u00e9lulas muertas y suavizar la piel. Hacer esto una o dos veces por semana es suficiente para mantener unos labios suaves y preparados para la hidrataci\u00f3n.<\/p>\n\n\n\n<p>De todas formas, te recomendamos que uses exfoliantes labiales y los apliques con movimientos muy suaves y circulares. Enju\u00e1galos con agua tibia y tr\u00e1talos con cari\u00f1o. Recuerda, no por exfoliarlos con m\u00e1s frecuencia ver\u00e1s m\u00e1s resultados, podr\u00edas empeorar la situaci\u00f3n.<\/p>\n\n\n\n<figure class=\"wp-block-image size-large\"><img loading=\"lazy\" decoding=\"async\" width=\"1024\" height=\"527\" src=\"data:image\/gif;base64,R0lGODlhAQABAAAAACH5BAEKAAEALAAAAAABAAEAAAICTAEAOw==\" data-src=\"https:\/\/www.isdin.com\/es\/blog\/wp-content\/uploads\/2023\/12\/2023_DryLips_IMG03-1024x527.png\" alt=\"exfoliar los labios\" class=\"wp-image-9205 lazyload\" data-sizes=\"auto\" data-srcset=\"https:\/\/www.isdin.com\/es\/blog\/wp-content\/uploads\/2023\/12\/2023_DryLips_IMG03-1024x527.png 1024w, https:\/\/www.isdin.com\/es\/blog\/wp-content\/uploads\/2023\/12\/2023_DryLips_IMG03-300x155.png 300w, https:\/\/www.isdin.com\/es\/blog\/wp-content\/uploads\/2023\/12\/2023_DryLips_IMG03-150x77.png 150w, https:\/\/www.isdin.com\/es\/blog\/wp-content\/uploads\/2023\/12\/2023_DryLips_IMG03-768x396.png 768w, https:\/\/www.isdin.com\/es\/blog\/wp-content\/uploads\/2023\/12\/2023_DryLips_IMG03-585x300.png 585w, https:\/\/www.isdin.com\/es\/blog\/wp-content\/uploads\/2023\/12\/2023_DryLips_IMG03-450x232.png 450w, https:\/\/www.isdin.com\/es\/blog\/wp-content\/uploads\/2023\/12\/2023_DryLips_IMG03-20x11.png 20w, https:\/\/www.isdin.com\/es\/blog\/wp-content\/uploads\/2023\/12\/2023_DryLips_IMG03-225x116.png 225w, https:\/\/www.isdin.com\/es\/blog\/wp-content\/uploads\/2023\/12\/2023_DryLips_IMG03-900x464.png 900w, https:\/\/www.isdin.com\/es\/blog\/wp-content\/uploads\/2023\/12\/2023_DryLips_IMG03.png 1200w\" sizes=\"auto, (max-width: 1024px) 100vw, 1024px\" \/><\/figure>\n\n\n\n<p><\/p>\n\n\n\n<h3 class=\"wp-block-heading\" id=\"h-2-hidratarlos-y-protegerlos\">2. Hidratarlos y protegerlos<\/h3>\n\n\n\n<p>Despu\u00e9s de la <a href=\"https:\/\/www.isdin.com\/blog\/guia-exfoliacion-piel\/\">exfoliaci\u00f3n<\/a>, el siguiente paso es el m\u00e1s importante (y el que m\u00e1s agradecer\u00e1s): hidratarlos y protegerlos. Aplica un b\u00e1lsamo labial con ingredientes reparadores como el <a href=\"https:\/\/www.isdin.com\/es\/blog\/para-que-sirve-acido-hialuronico\/\">\u00e1cido hialur\u00f3nico<\/a>, las ceramidas o la manteca de shorea, especialmente antes de salir de casa o de usar maquillaje. Pero la hidrataci\u00f3n no es suficiente por s\u00ed sola, <strong>proteger los labios es clave para evitar que se resequen de nuevo.<\/strong><\/p>\n\n\n\n<p>Por la noche, <strong>usa una mascarilla labial<\/strong> para reparar los da\u00f1os del d\u00eda y aportar un extra de nutrici\u00f3n. Durante el d\u00eda, elige un <strong>b\u00e1lsamo con SPF<\/strong> para protegerlos del sol, el viento y otros factores ambientales que pueden debilitarlos. Si practicas deportes al aire libre, como senderismo o esqu\u00ed, esta protecci\u00f3n es a\u00fan m\u00e1s importante.<\/p>\n\n\n\n<p><\/p>\n\n\n\n<figure class=\"wp-block-image size-large\"><img loading=\"lazy\" decoding=\"async\" width=\"1024\" height=\"527\" src=\"data:image\/gif;base64,R0lGODlhAQABAAAAACH5BAEKAAEALAAAAAABAAEAAAICTAEAOw==\" data-src=\"https:\/\/www.isdin.com\/es\/blog\/wp-content\/uploads\/2023\/12\/2023_DryLips_IMG02-1024x527.png\" alt=\"labial con fotoprotecci\u00f3n\" class=\"wp-image-9206 lazyload\" data-sizes=\"auto\" data-srcset=\"https:\/\/www.isdin.com\/es\/blog\/wp-content\/uploads\/2023\/12\/2023_DryLips_IMG02-1024x527.png 1024w, https:\/\/www.isdin.com\/es\/blog\/wp-content\/uploads\/2023\/12\/2023_DryLips_IMG02-300x155.png 300w, https:\/\/www.isdin.com\/es\/blog\/wp-content\/uploads\/2023\/12\/2023_DryLips_IMG02-150x77.png 150w, https:\/\/www.isdin.com\/es\/blog\/wp-content\/uploads\/2023\/12\/2023_DryLips_IMG02-768x396.png 768w, https:\/\/www.isdin.com\/es\/blog\/wp-content\/uploads\/2023\/12\/2023_DryLips_IMG02-585x300.png 585w, https:\/\/www.isdin.com\/es\/blog\/wp-content\/uploads\/2023\/12\/2023_DryLips_IMG02-450x232.png 450w, https:\/\/www.isdin.com\/es\/blog\/wp-content\/uploads\/2023\/12\/2023_DryLips_IMG02-20x11.png 20w, https:\/\/www.isdin.com\/es\/blog\/wp-content\/uploads\/2023\/12\/2023_DryLips_IMG02-225x116.png 225w, https:\/\/www.isdin.com\/es\/blog\/wp-content\/uploads\/2023\/12\/2023_DryLips_IMG02-900x464.png 900w, https:\/\/www.isdin.com\/es\/blog\/wp-content\/uploads\/2023\/12\/2023_DryLips_IMG02.png 1200w\" sizes=\"auto, (max-width: 1024px) 100vw, 1024px\" \/><\/figure>\n\n\n\n<p><\/p>\n\n\n\n<h2 class=\"wp-block-heading\" id=\"h-sabias-que-algunos-pintalabios-pueden-resecar-tus-labios\">\u00bfSab\u00edas que algunos pintalabios pueden resecar tus labios?<\/h2>\n\n\n\n<p>Algunas barras de labios tradicionales contienen ingredientes que pueden <strong>deshidratar los labios con el uso continuo<\/strong>, dej\u00e1ndolos apagados y con sensaci\u00f3n de incomodidad. Si esto te suena familiar, quiz\u00e1s sea el momento de <strong>cambiar tu barra de labios habitual por una opci\u00f3n que no solo aporte color, sino que tambi\u00e9n los nutra y repare<\/strong>.<\/p>\n\n\n\n<p>Hoy en d\u00eda, las tendencias en belleza apuestan por productos que <strong>simplifican la rutina sin renunciar a resultados visibles<\/strong>, combinando cuidado y eficacia en un solo paso. <strong>\u00bfY si pudieras tener el color que te gusta sin sacrificar la hidrataci\u00f3n?<\/strong><\/p>\n\n\n\n<p><strong>Te encantar\u00e1 nuestra \u00faltima innovaci\u00f3n<\/strong>: <em>stick<\/em> labiales con color que realzan la belleza natural de tus labios mientras los hidratan y protegen durante todo el d\u00eda.<\/p>\n\n\n\n<h3 class=\"wp-block-heading\" id=\"h-dale-vida-a-tus-labios\">Dale vida a tus labios<\/h3>\n\n\n\n<figure class=\"wp-block-image size-full\"><img loading=\"lazy\" decoding=\"async\" width=\"1200\" height=\"618\" src=\"data:image\/gif;base64,R0lGODlhAQABAAAAACH5BAEKAAEALAAAAAABAAEAAAICTAEAOw==\" data-src=\"https:\/\/www.isdin.com\/es\/blog\/wp-content\/uploads\/2023\/12\/2025_02_ES_LanzamientoApp_IMG02-4.jpg\" alt=\"reparador de labios con color\" class=\"wp-image-11687 lazyload\"\/><\/figure>\n\n\n\n<p><\/p>\n\n\n\n<p>Los nuevos <a href=\"https:\/\/www.isdin.com\/es\/search?q=stick+labial+con+color\"><strong>b\u00e1lsamos reparadores con color de ISDIN<\/strong><\/a> no solo hidratan y reparan en profundidad, sino que tambi\u00e9n potencian el tono natural de tus labios, dej\u00e1ndolos suaves, nutridos y con un acabado radiante. Un <strong>2 en 1<\/strong> que te permite disfrutar de <strong>labios suaves, nutridos y con un acabado radiante, sin renunciar al color<\/strong>.<\/p>\n\n\n\n<ul class=\"wp-block-list\">\n<li><a href=\"https:\/\/www.isdin.com\/es\/p\/reparador-labial-rosa\/4747\">Rosa<\/a>: perfecto para un look natural y luminoso. Ideal para quienes buscan un <a href=\"https:\/\/www.isdin.com\/es\/p\/reparador-labial-rosa\/4747\">toque de color discreto<\/a> que resalte la belleza natural de los labios sin exagerar.<\/li>\n\n\n\n<li><a href=\"https:\/\/www.isdin.com\/es\/p\/reparador-labial-granate\/4749\">Granate<\/a>: sofisticado y elegante, aporta intensidad sin perder la suavidad de un b\u00e1lsamo hidratante. Es el tono ideal para quienes quieren un toque m\u00e1s marcado pero sin la pesadez de un labial convencional.<\/li>\n\n\n\n<li><a href=\"https:\/\/www.isdin.com\/es\/p\/reparador-labial-rojo\/4748\">Rojo<\/a>: cl\u00e1sico e irresistible, el color que nunca falla. Si quieres un look m\u00e1s vibrante y llamativo sin renunciar al confort de un b\u00e1lsamo reparador, este tono es para ti.<\/li>\n<\/ul>\n\n\n\n<h2 class=\"wp-block-heading\">\u00bfTienes alguna pregunta sobre los labiales ISDIN?<\/h2>\n\n\n\n<p>Si te queda alguna pregunta sobre nuestra gama de labiales, hemos seleccionado las <strong>tres dudas m\u00e1s comunes de nuestros isdinlovers<\/strong> y te las respondemos aqu\u00ed. Descubre cu\u00e1l es el labial perfecto para ti y c\u00f3mo sacarle el m\u00e1ximo partido. <strong>\u00a1Echa un vistazo antes de despedirte!<\/strong><\/p>\n\n\n\n<figure class=\"wp-block-image size-large\"><img loading=\"lazy\" decoding=\"async\" width=\"1024\" height=\"527\" src=\"data:image\/gif;base64,R0lGODlhAQABAAAAACH5BAEKAAEALAAAAAABAAEAAAICTAEAOw==\" data-src=\"https:\/\/www.isdin.com\/es\/blog\/wp-content\/uploads\/2023\/12\/2023_DryLips_IMG06-1024x527.png\" alt=\"reparador labial con \u00e1cido hialur\u00f3nico\" class=\"wp-image-9207 lazyload\" data-sizes=\"auto\" data-srcset=\"https:\/\/www.isdin.com\/es\/blog\/wp-content\/uploads\/2023\/12\/2023_DryLips_IMG06-1024x527.png 1024w, https:\/\/www.isdin.com\/es\/blog\/wp-content\/uploads\/2023\/12\/2023_DryLips_IMG06-300x155.png 300w, https:\/\/www.isdin.com\/es\/blog\/wp-content\/uploads\/2023\/12\/2023_DryLips_IMG06-150x77.png 150w, https:\/\/www.isdin.com\/es\/blog\/wp-content\/uploads\/2023\/12\/2023_DryLips_IMG06-768x396.png 768w, https:\/\/www.isdin.com\/es\/blog\/wp-content\/uploads\/2023\/12\/2023_DryLips_IMG06-585x300.png 585w, https:\/\/www.isdin.com\/es\/blog\/wp-content\/uploads\/2023\/12\/2023_DryLips_IMG06-450x232.png 450w, https:\/\/www.isdin.com\/es\/blog\/wp-content\/uploads\/2023\/12\/2023_DryLips_IMG06-20x11.png 20w, https:\/\/www.isdin.com\/es\/blog\/wp-content\/uploads\/2023\/12\/2023_DryLips_IMG06-225x116.png 225w, https:\/\/www.isdin.com\/es\/blog\/wp-content\/uploads\/2023\/12\/2023_DryLips_IMG06-900x464.png 900w, https:\/\/www.isdin.com\/es\/blog\/wp-content\/uploads\/2023\/12\/2023_DryLips_IMG06.png 1200w\" sizes=\"auto, (max-width: 1024px) 100vw, 1024px\" \/><\/figure>\n\n\n\n<p><\/p>\n\n\n\n<h3 class=\"wp-block-heading\">1. \u00bfQu\u00e9 diferencia hay entre los labiales ISDIN?<\/h3>\n\n\n\n<p>Por un lado, tenemos los&nbsp;<strong>labiales reparadores con&nbsp;<a href=\"https:\/\/www.isdin.com\/producto\/labiales-isdin\/stick\">\u00e1cido hialur\u00f3nico<\/a><\/strong>, que se encargan de devolver la elasticidad y la hidrataci\u00f3n a la zona.&nbsp;Los tienes disponibles en distintos formatos:&nbsp;<strong>en barra con o sin color,&nbsp;<a href=\"https:\/\/www.isdin.com\/producto\/labiales-isdin\/balsamo\">b\u00e1lsamo para labios agrietados<\/a>&nbsp;o fluido<\/strong>&nbsp;(estos dos \u00faltimos, adem\u00e1s, tambi\u00e9n puedes utilizarlos en la nariz y alrededor de la boca).<\/p>\n\n\n\n<p>Por otro, nuestros&nbsp;<a href=\"https:\/\/www.isdin.com\/protector-solar\/labial\/\"><strong>labiales con fotoprotecci\u00f3n<\/strong><\/a>&nbsp;ser\u00e1n tus mejores aliados para cuidarlos todo el a\u00f1o, protegi\u00e9ndolos, hidrat\u00e1ndolos y nutri\u00e9ndolos intensamente. Adem\u00e1s,&nbsp;<strong>son el escudo perfecto para proteger tus labios de las agresiones externas,<\/strong>&nbsp;como <a href=\"https:\/\/www.isdin.com\/blog\/efectos-radiacion-solar-piel\/\">la radiaci\u00f3n solar<\/a> o la contaminaci\u00f3n.<\/p>\n\n\n\n<h3 class=\"wp-block-heading\">2. \u00bfProtegen contra la radiaci\u00f3n UVA o solo UVB?<\/h3>\n\n\n\n<p>Algunos de nuestros labiales protegen tanto contra la radiaci\u00f3n UVB, causante de las quemaduras solares, como contra la radiaci\u00f3n UVA, <a href=\"https:\/\/www.isdin.com\/blog\/efectos-del-fotoenvejecimiento-en-la-piel\/\">principal causante del fotoenvejecimiento<\/a>. Adem\u00e1s, est\u00e1n enriquecidos con vitamina E y manteca de <em>shorea<\/em>, para reparar la delicada piel de los labios en profundidad.<\/p>\n\n\n\n<p>Elige el que mejor se adapte a tu estilo de vida:&nbsp;<a href=\"https:\/\/www.isdin.com\/producto\/labiales-isdin\/spf-30-0\"><\/a><\/p>\n\n\n\n<ul class=\"wp-block-list\">\n<li><a href=\"https:\/\/www.isdin.com\/producto\/labiales-isdin\/spf-30-0\">SPF 30 (naranja):<\/a> ideal para el uso diario.<\/li>\n\n\n\n<li><a href=\"https:\/\/www.isdin.com\/producto\/labiales-isdin\/spf-50\">SPF 50+ (blanco):<\/a> perfecto para deportistas y condiciones extremas.<\/li>\n\n\n\n<li><a href=\"https:\/\/www.isdin.com\/producto\/labiales-isdin\/spf-30\">HV con SPF 30:<\/a> dise\u00f1ado para labios hipersensibles al sol, con una f\u00f3rmula ultra protectora e hidratante.<\/li>\n<\/ul>\n\n\n\n<h3 class=\"wp-block-heading\" id=\"h-3-puedo-utilizarlos-con-maquillaje\">3. \u00bfPuedo utilizarlos con maquillaje?<\/h3>\n\n\n\n<p>\u00a1Claro!&nbsp;<strong>Los&nbsp;<a href=\"https:\/\/www.isdin.com\/protector-solar\/labial\/\">labiales ISDIN<\/a>&nbsp;alisan la superficie del labio<\/strong>&nbsp;para que tus labiales con color favoritos queden totalmente homog\u00e9neos y sean m\u00e1s c\u00f3modos de llevar. Adem\u00e1s, <strong>no dejan residuo blanco<\/strong>, por lo que no alterar\u00e1n el tono de tu labial favorito.<\/p>\n\n\n\n<p>Si quieres aplicar un labial mate, te recomendamos aplicar primero un b\u00e1lsamo hidratante y retirar el exceso con un algod\u00f3n antes de maquillarte. Y si prefieres un acabado m\u00e1s natural, prueba los <strong>ISDIN Reparador Labial Color<\/strong>, que combinan hidrataci\u00f3n y color en un solo gesto.<\/p>\n\n\n\n<p><\/p>\n\n\n\n<figure class=\"wp-block-image size-large\"><img loading=\"lazy\" decoding=\"async\" width=\"1024\" height=\"527\" src=\"data:image\/gif;base64,R0lGODlhAQABAAAAACH5BAEKAAEALAAAAAABAAEAAAICTAEAOw==\" data-src=\"https:\/\/www.isdin.com\/es\/blog\/wp-content\/uploads\/2023\/12\/2023_DryLips_IMG04-1024x527.png\" alt=\"hidratar labios agrietados\" class=\"wp-image-9208 lazyload\" data-sizes=\"auto\" data-srcset=\"https:\/\/www.isdin.com\/es\/blog\/wp-content\/uploads\/2023\/12\/2023_DryLips_IMG04-1024x527.png 1024w, https:\/\/www.isdin.com\/es\/blog\/wp-content\/uploads\/2023\/12\/2023_DryLips_IMG04-300x155.png 300w, https:\/\/www.isdin.com\/es\/blog\/wp-content\/uploads\/2023\/12\/2023_DryLips_IMG04-150x77.png 150w, https:\/\/www.isdin.com\/es\/blog\/wp-content\/uploads\/2023\/12\/2023_DryLips_IMG04-768x396.png 768w, https:\/\/www.isdin.com\/es\/blog\/wp-content\/uploads\/2023\/12\/2023_DryLips_IMG04-585x300.png 585w, https:\/\/www.isdin.com\/es\/blog\/wp-content\/uploads\/2023\/12\/2023_DryLips_IMG04-450x232.png 450w, https:\/\/www.isdin.com\/es\/blog\/wp-content\/uploads\/2023\/12\/2023_DryLips_IMG04-20x11.png 20w, https:\/\/www.isdin.com\/es\/blog\/wp-content\/uploads\/2023\/12\/2023_DryLips_IMG04-225x116.png 225w, https:\/\/www.isdin.com\/es\/blog\/wp-content\/uploads\/2023\/12\/2023_DryLips_IMG04-900x464.png 900w, https:\/\/www.isdin.com\/es\/blog\/wp-content\/uploads\/2023\/12\/2023_DryLips_IMG04.png 1200w\" sizes=\"auto, (max-width: 1024px) 100vw, 1024px\" \/><\/figure>\n\n\n\n<p><\/p>\n\n\n\n<p>Ya lo has visto, la clave para unos labios saludables y bonitos es la constancia. Dale a tu piel el cuidado que se merece y haz de estos peque\u00f1os h\u00e1bitos un gesto de amor diario.<\/p>\n","protected":false},"excerpt":{"rendered":"<p>El fr\u00edo y el viento pueden resecar los labios, pero muchas veces somos nosotros mismos quienes agravamos el problema sin darnos cuenta. <\/p>\n","protected":false},"author":69,"featured_media":9203,"comment_status":"closed","ping_status":"closed","sticky":false,"template":"","format":"image","meta":{"footnotes":""},"categories":[103,1],"tags":[294,477],"class_list":["post-5958","post","type-post","status-publish","format-image","has-post-thumbnail","hentry","category-belleza","category-consejos-cuidados","tag-cuidado-facial","tag-labios","post_format-post-format-image"],"yoast_head":"<!-- This site is optimized with the Yoast SEO Premium plugin v25.4 (Yoast SEO v25.4) - https:\/\/yoast.com\/wordpress\/plugins\/seo\/ -->\n<title>Di adi\u00f3s a los labios agrietados: c\u00f3mo repararlos y cuidarlos en cualquier \u00e9poca del a\u00f1o<\/title>\n<meta name=\"description\" content=\"\u00bfLabios agrietados y secos? Te dejamos aqu\u00ed nuestros consejos para repararlos y cuidarlos en cualquier \u00e9poca del a\u00f1o.\" \/>\n<meta name=\"robots\" content=\"index, follow, max-snippet:-1, max-image-preview:large, max-video-preview:-1\" \/>\n<link rel=\"canonical\" href=\"https:\/\/www.isdin.com\/es\/blog\/como-cuidar-y-reparar-los-labios-agrietados\/\" \/>\n<meta property=\"og:locale\" content=\"es_ES\" \/>\n<meta property=\"og:type\" content=\"article\" \/>\n<meta property=\"og:title\" content=\"Di adi\u00f3s a los labios agrietados: c\u00f3mo repararlos y cuidarlos en cualquier \u00e9poca del a\u00f1o\" \/>\n<meta property=\"og:description\" content=\"\u00bfLabios agrietados y secos? Te dejamos aqu\u00ed nuestros consejos para repararlos y cuidarlos en cualquier \u00e9poca del a\u00f1o.\" \/>\n<meta property=\"og:url\" content=\"https:\/\/www.isdin.com\/es\/blog\/como-cuidar-y-reparar-los-labios-agrietados\/\" \/>\n<meta property=\"og:site_name\" content=\"ISDIN\" \/>\n<meta property=\"article:publisher\" content=\"https:\/\/es-es.facebook.com\/ISDIN.official\/\" \/>\n<meta property=\"article:published_time\" content=\"2025-02-25T18:58:19+00:00\" \/>\n<meta property=\"article:modified_time\" content=\"2025-02-25T18:58:20+00:00\" \/>\n<meta property=\"og:image\" content=\"https:\/\/www.isdin.com\/es\/blog\/wp-content\/uploads\/2021\/04\/2021_03_Blog_Imatge_Facebook.jpg\" \/>\n\t<meta property=\"og:image:width\" content=\"1200\" \/>\n\t<meta property=\"og:image:height\" content=\"630\" \/>\n\t<meta property=\"og:image:type\" content=\"image\/jpeg\" \/>\n<meta name=\"author\" content=\"Belinda Mart\u00ednez\" \/>\n<meta name=\"twitter:card\" content=\"summary_large_image\" \/>\n<meta name=\"twitter:creator\" content=\"@isdin_official\" \/>\n<meta name=\"twitter:site\" content=\"@isdin_official\" \/>\n<meta name=\"twitter:label1\" content=\"Written by\" \/>\n\t<meta name=\"twitter:data1\" content=\"Belinda Mart\u00ednez\" \/>\n\t<meta name=\"twitter:label2\" content=\"Est. reading time\" \/>\n\t<meta name=\"twitter:data2\" content=\"8 minutes\" \/>\n<script type=\"application\/ld+json\" class=\"yoast-schema-graph\">{\"@context\":\"https:\/\/schema.org\",\"@graph\":[{\"@type\":\"Article\",\"@id\":\"https:\/\/www.isdin.com\/es\/blog\/como-cuidar-y-reparar-los-labios-agrietados\/#article\",\"isPartOf\":{\"@id\":\"https:\/\/www.isdin.com\/es\/blog\/como-cuidar-y-reparar-los-labios-agrietados\/\"},\"author\":{\"name\":\"Belinda Mart\u00ednez\",\"@id\":\"https:\/\/www.isdin.com\/es\/blog\/#\/schema\/person\/684015d7d9e78124cb4aa660f6fe8576\"},\"headline\":\"Di adi\u00f3s a los labios agrietados: c\u00f3mo repararlos y cuidarlos en cualquier \u00e9poca del a\u00f1o\",\"datePublished\":\"2025-02-25T18:58:19+00:00\",\"dateModified\":\"2025-02-25T18:58:20+00:00\",\"mainEntityOfPage\":{\"@id\":\"https:\/\/www.isdin.com\/es\/blog\/como-cuidar-y-reparar-los-labios-agrietados\/\"},\"wordCount\":1470,\"publisher\":{\"@id\":\"https:\/\/www.isdin.com\/es\/blog\/#organization\"},\"image\":{\"@id\":\"https:\/\/www.isdin.com\/es\/blog\/como-cuidar-y-reparar-los-labios-agrietados\/#primaryimage\"},\"thumbnailUrl\":\"https:\/\/www.isdin.com\/es\/blog\/wp-content\/uploads\/2021\/02\/2023_DryLips_IMG01.png\",\"keywords\":[\"cuidado facial\",\"labios\"],\"articleSection\":[\"Belleza\",\"Consejos y cuidados\"],\"inLanguage\":\"es-ES\"},{\"@type\":\"WebPage\",\"@id\":\"https:\/\/www.isdin.com\/es\/blog\/como-cuidar-y-reparar-los-labios-agrietados\/\",\"url\":\"https:\/\/www.isdin.com\/es\/blog\/como-cuidar-y-reparar-los-labios-agrietados\/\",\"name\":\"Di adi\u00f3s a los labios agrietados: c\u00f3mo repararlos y cuidarlos en cualquier \u00e9poca del a\u00f1o\",\"isPartOf\":{\"@id\":\"https:\/\/www.isdin.com\/es\/blog\/#website\"},\"primaryImageOfPage\":{\"@id\":\"https:\/\/www.isdin.com\/es\/blog\/como-cuidar-y-reparar-los-labios-agrietados\/#primaryimage\"},\"image\":{\"@id\":\"https:\/\/www.isdin.com\/es\/blog\/como-cuidar-y-reparar-los-labios-agrietados\/#primaryimage\"},\"thumbnailUrl\":\"https:\/\/www.isdin.com\/es\/blog\/wp-content\/uploads\/2021\/02\/2023_DryLips_IMG01.png\",\"datePublished\":\"2025-02-25T18:58:19+00:00\",\"dateModified\":\"2025-02-25T18:58:20+00:00\",\"description\":\"\u00bfLabios agrietados y secos? Te dejamos aqu\u00ed nuestros consejos para repararlos y cuidarlos en cualquier \u00e9poca del a\u00f1o.\",\"breadcrumb\":{\"@id\":\"https:\/\/www.isdin.com\/es\/blog\/como-cuidar-y-reparar-los-labios-agrietados\/#breadcrumb\"},\"inLanguage\":\"es-ES\",\"potentialAction\":[{\"@type\":\"ReadAction\",\"target\":[\"https:\/\/www.isdin.com\/es\/blog\/como-cuidar-y-reparar-los-labios-agrietados\/\"]}]},{\"@type\":\"ImageObject\",\"inLanguage\":\"es-ES\",\"@id\":\"https:\/\/www.isdin.com\/es\/blog\/como-cuidar-y-reparar-los-labios-agrietados\/#primaryimage\",\"url\":\"https:\/\/www.isdin.com\/es\/blog\/wp-content\/uploads\/2021\/02\/2023_DryLips_IMG01.png\",\"contentUrl\":\"https:\/\/www.isdin.com\/es\/blog\/wp-content\/uploads\/2021\/02\/2023_DryLips_IMG01.png\",\"width\":1200,\"height\":760,\"caption\":\"labios agrietados curar\"},{\"@type\":\"BreadcrumbList\",\"@id\":\"https:\/\/www.isdin.com\/es\/blog\/como-cuidar-y-reparar-los-labios-agrietados\/#breadcrumb\",\"itemListElement\":[{\"@type\":\"ListItem\",\"position\":1,\"name\":\"Portada\",\"item\":\"https:\/\/www.isdin.com\/es\/blog\/\"},{\"@type\":\"ListItem\",\"position\":2,\"name\":\"Di adi\u00f3s a los labios agrietados: c\u00f3mo repararlos y cuidarlos en cualquier \u00e9poca del a\u00f1o\"}]},{\"@type\":\"WebSite\",\"@id\":\"https:\/\/www.isdin.com\/es\/blog\/#website\",\"url\":\"https:\/\/www.isdin.com\/es\/blog\/\",\"name\":\"ISDIN\",\"description\":\"Novedades, lanzamientos de productos y toda la experiencia de ISDIN\",\"publisher\":{\"@id\":\"https:\/\/www.isdin.com\/es\/blog\/#organization\"},\"potentialAction\":[{\"@type\":\"SearchAction\",\"target\":{\"@type\":\"EntryPoint\",\"urlTemplate\":\"https:\/\/www.isdin.com\/es\/blog\/?s={search_term_string}\"},\"query-input\":{\"@type\":\"PropertyValueSpecification\",\"valueRequired\":true,\"valueName\":\"search_term_string\"}}],\"inLanguage\":\"es-ES\"},{\"@type\":\"Organization\",\"@id\":\"https:\/\/www.isdin.com\/es\/blog\/#organization\",\"name\":\"ISDIN\",\"alternateName\":\"ISDIN\",\"url\":\"https:\/\/www.isdin.com\/es\/blog\/\",\"logo\":{\"@type\":\"ImageObject\",\"inLanguage\":\"es-ES\",\"@id\":\"https:\/\/www.isdin.com\/es\/blog\/#\/schema\/logo\/image\/\",\"url\":\"https:\/\/www.isdin.com\/es\/blog\/wp-content\/uploads\/2024\/05\/2025_03_GuiaFoto_FWM.png\",\"contentUrl\":\"https:\/\/www.isdin.com\/es\/blog\/wp-content\/uploads\/2024\/05\/2025_03_GuiaFoto_FWM.png\",\"width\":670,\"height\":683,\"caption\":\"ISDIN\"},\"image\":{\"@id\":\"https:\/\/www.isdin.com\/es\/blog\/#\/schema\/logo\/image\/\"},\"sameAs\":[\"https:\/\/es-es.facebook.com\/ISDIN.official\/\",\"https:\/\/x.com\/isdin_official\",\"https:\/\/www.instagram.com\/isdinofficial\",\"https:\/\/www.youtube.com\/channel\/UCtoNJMKpDwdFLqgV23_lcqg\"],\"telephone\":\"659997812\"},{\"@type\":\"Person\",\"@id\":\"https:\/\/www.isdin.com\/es\/blog\/#\/schema\/person\/684015d7d9e78124cb4aa660f6fe8576\",\"name\":\"Belinda Mart\u00ednez\",\"image\":{\"@type\":\"ImageObject\",\"inLanguage\":\"es-ES\",\"@id\":\"https:\/\/www.isdin.com\/es\/blog\/#\/schema\/person\/image\/\",\"url\":\"https:\/\/www.isdin.com\/es\/blog\/wp-content\/uploads\/2017\/07\/jjjj.jpg\",\"contentUrl\":\"https:\/\/www.isdin.com\/es\/blog\/wp-content\/uploads\/2017\/07\/jjjj.jpg\",\"caption\":\"Belinda Mart\u00ednez\"},\"description\":\"Belinda es periodista y copywriter creativa. Tras a\u00f1os de experiencia, decidi\u00f3 fusionar sus habilidades de escritura con su amor por el skincare, convirti\u00e9ndose en una especialista en la materia. \u00bfSu imprescindible? Un buen b\u00e1lsamo de labios.\",\"sameAs\":[\"https:\/\/www.linkedin.com\/in\/thisisbel\/\"],\"url\":\"https:\/\/www.isdin.com\/es\/blog\/author\/belindamartinez\/\"}]}<\/script>\n<!-- \/ Yoast SEO Premium plugin. -->","yoast_head_json":{"title":"Di adi\u00f3s a los labios agrietados: c\u00f3mo repararlos y cuidarlos en cualquier \u00e9poca del a\u00f1o","description":"\u00bfLabios agrietados y secos? Te dejamos aqu\u00ed nuestros consejos para repararlos y cuidarlos en cualquier \u00e9poca del a\u00f1o.","robots":{"index":"index","follow":"follow","max-snippet":"max-snippet:-1","max-image-preview":"max-image-preview:large","max-video-preview":"max-video-preview:-1"},"canonical":"https:\/\/www.isdin.com\/es\/blog\/como-cuidar-y-reparar-los-labios-agrietados\/","og_locale":"es_ES","og_type":"article","og_title":"Di adi\u00f3s a los labios agrietados: c\u00f3mo repararlos y cuidarlos en cualquier \u00e9poca del a\u00f1o","og_description":"\u00bfLabios agrietados y secos? Te dejamos aqu\u00ed nuestros consejos para repararlos y cuidarlos en cualquier \u00e9poca del a\u00f1o.","og_url":"https:\/\/www.isdin.com\/es\/blog\/como-cuidar-y-reparar-los-labios-agrietados\/","og_site_name":"ISDIN","article_publisher":"https:\/\/es-es.facebook.com\/ISDIN.official\/","article_published_time":"2025-02-25T18:58:19+00:00","article_modified_time":"2025-02-25T18:58:20+00:00","og_image":[{"width":1200,"height":630,"url":"https:\/\/www.isdin.com\/es\/blog\/wp-content\/uploads\/2021\/04\/2021_03_Blog_Imatge_Facebook.jpg","type":"image\/jpeg"}],"author":"Belinda Mart\u00ednez","twitter_card":"summary_large_image","twitter_creator":"@isdin_official","twitter_site":"@isdin_official","twitter_misc":{"Written by":"Belinda Mart\u00ednez","Est. reading time":"8 minutes"},"schema":{"@context":"https:\/\/schema.org","@graph":[{"@type":"Article","@id":"https:\/\/www.isdin.com\/es\/blog\/como-cuidar-y-reparar-los-labios-agrietados\/#article","isPartOf":{"@id":"https:\/\/www.isdin.com\/es\/blog\/como-cuidar-y-reparar-los-labios-agrietados\/"},"author":{"name":"Belinda Mart\u00ednez","@id":"https:\/\/www.isdin.com\/es\/blog\/#\/schema\/person\/684015d7d9e78124cb4aa660f6fe8576"},"headline":"Di adi\u00f3s a los labios agrietados: c\u00f3mo repararlos y cuidarlos en cualquier \u00e9poca del a\u00f1o","datePublished":"2025-02-25T18:58:19+00:00","dateModified":"2025-02-25T18:58:20+00:00","mainEntityOfPage":{"@id":"https:\/\/www.isdin.com\/es\/blog\/como-cuidar-y-reparar-los-labios-agrietados\/"},"wordCount":1470,"publisher":{"@id":"https:\/\/www.isdin.com\/es\/blog\/#organization"},"image":{"@id":"https:\/\/www.isdin.com\/es\/blog\/como-cuidar-y-reparar-los-labios-agrietados\/#primaryimage"},"thumbnailUrl":"https:\/\/www.isdin.com\/es\/blog\/wp-content\/uploads\/2021\/02\/2023_DryLips_IMG01.png","keywords":["cuidado facial","labios"],"articleSection":["Belleza","Consejos y cuidados"],"inLanguage":"es-ES"},{"@type":"WebPage","@id":"https:\/\/www.isdin.com\/es\/blog\/como-cuidar-y-reparar-los-labios-agrietados\/","url":"https:\/\/www.isdin.com\/es\/blog\/como-cuidar-y-reparar-los-labios-agrietados\/","name":"Di adi\u00f3s a los labios agrietados: c\u00f3mo repararlos y cuidarlos en cualquier \u00e9poca del a\u00f1o","isPartOf":{"@id":"https:\/\/www.isdin.com\/es\/blog\/#website"},"primaryImageOfPage":{"@id":"https:\/\/www.isdin.com\/es\/blog\/como-cuidar-y-reparar-los-labios-agrietados\/#primaryimage"},"image":{"@id":"https:\/\/www.isdin.com\/es\/blog\/como-cuidar-y-reparar-los-labios-agrietados\/#primaryimage"},"thumbnailUrl":"https:\/\/www.isdin.com\/es\/blog\/wp-content\/uploads\/2021\/02\/2023_DryLips_IMG01.png","datePublished":"2025-02-25T18:58:19+00:00","dateModified":"2025-02-25T18:58:20+00:00","description":"\u00bfLabios agrietados y secos? Te dejamos aqu\u00ed nuestros consejos para repararlos y cuidarlos en cualquier \u00e9poca del a\u00f1o.","breadcrumb":{"@id":"https:\/\/www.isdin.com\/es\/blog\/como-cuidar-y-reparar-los-labios-agrietados\/#breadcrumb"},"inLanguage":"es-ES","potentialAction":[{"@type":"ReadAction","target":["https:\/\/www.isdin.com\/es\/blog\/como-cuidar-y-reparar-los-labios-agrietados\/"]}]},{"@type":"ImageObject","inLanguage":"es-ES","@id":"https:\/\/www.isdin.com\/es\/blog\/como-cuidar-y-reparar-los-labios-agrietados\/#primaryimage","url":"https:\/\/www.isdin.com\/es\/blog\/wp-content\/uploads\/2021\/02\/2023_DryLips_IMG01.png","contentUrl":"https:\/\/www.isdin.com\/es\/blog\/wp-content\/uploads\/2021\/02\/2023_DryLips_IMG01.png","width":1200,"height":760,"caption":"labios agrietados curar"},{"@type":"BreadcrumbList","@id":"https:\/\/www.isdin.com\/es\/blog\/como-cuidar-y-reparar-los-labios-agrietados\/#breadcrumb","itemListElement":[{"@type":"ListItem","position":1,"name":"Portada","item":"https:\/\/www.isdin.com\/es\/blog\/"},{"@type":"ListItem","position":2,"name":"Di adi\u00f3s a los labios agrietados: c\u00f3mo repararlos y cuidarlos en cualquier \u00e9poca del a\u00f1o"}]},{"@type":"WebSite","@id":"https:\/\/www.isdin.com\/es\/blog\/#website","url":"https:\/\/www.isdin.com\/es\/blog\/","name":"ISDIN","description":"Novedades, lanzamientos de productos y toda la experiencia de ISDIN","publisher":{"@id":"https:\/\/www.isdin.com\/es\/blog\/#organization"},"potentialAction":[{"@type":"SearchAction","target":{"@type":"EntryPoint","urlTemplate":"https:\/\/www.isdin.com\/es\/blog\/?s={search_term_string}"},"query-input":{"@type":"PropertyValueSpecification","valueRequired":true,"valueName":"search_term_string"}}],"inLanguage":"es-ES"},{"@type":"Organization","@id":"https:\/\/www.isdin.com\/es\/blog\/#organization","name":"ISDIN","alternateName":"ISDIN","url":"https:\/\/www.isdin.com\/es\/blog\/","logo":{"@type":"ImageObject","inLanguage":"es-ES","@id":"https:\/\/www.isdin.com\/es\/blog\/#\/schema\/logo\/image\/","url":"https:\/\/www.isdin.com\/es\/blog\/wp-content\/uploads\/2024\/05\/2025_03_GuiaFoto_FWM.png","contentUrl":"https:\/\/www.isdin.com\/es\/blog\/wp-content\/uploads\/2024\/05\/2025_03_GuiaFoto_FWM.png","width":670,"height":683,"caption":"ISDIN"},"image":{"@id":"https:\/\/www.isdin.com\/es\/blog\/#\/schema\/logo\/image\/"},"sameAs":["https:\/\/es-es.facebook.com\/ISDIN.official\/","https:\/\/x.com\/isdin_official","https:\/\/www.instagram.com\/isdinofficial","https:\/\/www.youtube.com\/channel\/UCtoNJMKpDwdFLqgV23_lcqg"],"telephone":"659997812"},{"@type":"Person","@id":"https:\/\/www.isdin.com\/es\/blog\/#\/schema\/person\/684015d7d9e78124cb4aa660f6fe8576","name":"Belinda Mart\u00ednez","image":{"@type":"ImageObject","inLanguage":"es-ES","@id":"https:\/\/www.isdin.com\/es\/blog\/#\/schema\/person\/image\/","url":"https:\/\/www.isdin.com\/es\/blog\/wp-content\/uploads\/2017\/07\/jjjj.jpg","contentUrl":"https:\/\/www.isdin.com\/es\/blog\/wp-content\/uploads\/2017\/07\/jjjj.jpg","caption":"Belinda Mart\u00ednez"},"description":"Belinda es periodista y copywriter creativa. Tras a\u00f1os de experiencia, decidi\u00f3 fusionar sus habilidades de escritura con su amor por el skincare, convirti\u00e9ndose en una especialista en la materia. \u00bfSu imprescindible? Un buen b\u00e1lsamo de labios.","sameAs":["https:\/\/www.linkedin.com\/in\/thisisbel\/"],"url":"https:\/\/www.isdin.com\/es\/blog\/author\/belindamartinez\/"}]}},"_links":{"self":[{"href":"https:\/\/www.isdin.com\/es\/blog\/wp-json\/wp\/v2\/posts\/5958","targetHints":{"allow":["GET"]}}],"collection":[{"href":"https:\/\/www.isdin.com\/es\/blog\/wp-json\/wp\/v2\/posts"}],"about":[{"href":"https:\/\/www.isdin.com\/es\/blog\/wp-json\/wp\/v2\/types\/post"}],"author":[{"embeddable":true,"href":"https:\/\/www.isdin.com\/es\/blog\/wp-json\/wp\/v2\/users\/69"}],"replies":[{"embeddable":true,"href":"https:\/\/www.isdin.com\/es\/blog\/wp-json\/wp\/v2\/comments?post=5958"}],"version-history":[{"count":10,"href":"https:\/\/www.isdin.com\/es\/blog\/wp-json\/wp\/v2\/posts\/5958\/revisions"}],"predecessor-version":[{"id":11688,"href":"https:\/\/www.isdin.com\/es\/blog\/wp-json\/wp\/v2\/posts\/5958\/revisions\/11688"}],"wp:featuredmedia":[{"embeddable":true,"href":"https:\/\/www.isdin.com\/es\/blog\/wp-json\/wp\/v2\/media\/9203"}],"wp:attachment":[{"href":"https:\/\/www.isdin.com\/es\/blog\/wp-json\/wp\/v2\/media?parent=5958"}],"wp:term":[{"taxonomy":"category","embeddable":true,"href":"https:\/\/www.isdin.com\/es\/blog\/wp-json\/wp\/v2\/categories?post=5958"},{"taxonomy":"post_tag","embeddable":true,"href":"https:\/\/www.isdin.com\/es\/blog\/wp-json\/wp\/v2\/tags?post=5958"}],"curies":[{"name":"wp","href":"https:\/\/api.w.org\/{rel}","templated":true}]}}