{"id":5940,"date":"2021-03-26T12:48:40","date_gmt":"2021-03-26T12:48:40","guid":{"rendered":"https:\/\/www.isdin.com\/es\/blog\/?p=5940"},"modified":"2024-07-30T14:57:04","modified_gmt":"2024-07-30T14:57:04","slug":"fotoprotector-con-color-palabra-de-make-up-artist","status":"publish","type":"post","link":"https:\/\/www.isdin.com\/es\/blog\/fotoprotector-con-color-palabra-de-make-up-artist\/","title":{"rendered":"El NUEVO Fusion Water MAGIC Repair Color que desear\u00e1s incluir en tu rutina beauty (palabra de make up artist)"},"content":{"rendered":"<p><span style=\"font-weight: 400;\">Llega la primavera, el d\u00eda se alarga, y empezamos a notar el buen tiempo, las ganas de sol. Este a\u00f1o el buen tiempo llega acompa\u00f1ado de una novedad que nos hace much\u00edsima ilusi\u00f3n presentar. Un producto que nos hab\u00e9is pedido durante a\u00f1os. El fotoprotector de triple acci\u00f3n ahora con color\u2026 \u00a1Fusion Water <strong>MAGIC<\/strong><\/span><strong>\u00a0Repair Color<\/strong><span style=\"font-weight: 400;\">!\u00a0<\/span><\/p>\n<p><span style=\"font-weight: 400;\">Para cont\u00e1rtelo todo sobre este \u00faltimo lanzamiento, nos hemos colado entre bastidores para entrevistar a 3 de las personas detr\u00e1s de esta novedad: Jordi Conesa, <\/span><i><span style=\"font-weight: 400;\">BU Manager <\/span><\/i><span style=\"font-weight: 400;\">Fotoprotecci\u00f3n ISDIN; Alba Villanueva, ISDIN <\/span><i><span style=\"font-weight: 400;\">Dermalab Manager<\/span><\/i><span style=\"font-weight: 400;\">; y Emma Tutusaus, <\/span><i><span style=\"font-weight: 400;\">Make up Artist<\/span><\/i><span style=\"font-weight: 400;\">.\u00a0<\/span><\/p>\n<h2><span style=\"font-weight: 400;\">\u00a1Pres\u00e9ntanos la novedad! Age Repair Color ahora es Fusion Water Magic Repair Color<\/span><\/h2>\n<p><i><span style=\"font-weight: 400;\">Jordi Conesa: <\/span><\/i><span style=\"font-weight: 400;\">\u00a1Por fin ya podemos desvelarlo! El nuevo <\/span><span style=\"font-weight: 400;\">fotoprotector con color <a target=\"_blank\" href=\"https:\/\/www.isdin.com\/es\/p\/fusion-water-magic-repair-color-spf-50\/4346\" rel=\"noopener\">MAGIC<\/a><\/span><a target=\"_blank\" href=\"https:\/\/www.isdin.com\/es\/p\/fusion-water-magic-repair-color-spf-50\/4346\" rel=\"noopener\"><span style=\"font-weight: 400;\">\u00a0Repair Color<\/span><\/a><span style=\"font-weight: 400;\"> tiene todos los beneficios del Age Repair original, una triple acci\u00f3n antifotoenvejecimiento, y adem\u00e1s, una cobertura ligera y natural.<\/span><\/p>\n<p><span style=\"font-weight: 400;\"><img loading=\"lazy\" decoding=\"async\" class=\"aligncenter size-full wp-image-5948 lazyload\" src=\"data:image\/gif;base64,R0lGODlhAQABAAAAACH5BAEKAAEALAAAAAABAAEAAAICTAEAOw==\" data-src=\"https:\/\/www.isdin.com\/es\/blog\/wp-content\/uploads\/2021\/03\/2021_03_Blog_Imatge_Text_01.jpg\" alt=\"\" width=\"670\" height=\"754\" data-sizes=\"auto\" data-srcset=\"https:\/\/www.isdin.com\/es\/blog\/wp-content\/uploads\/2021\/03\/2021_03_Blog_Imatge_Text_01.jpg 670w, https:\/\/www.isdin.com\/es\/blog\/wp-content\/uploads\/2021\/03\/2021_03_Blog_Imatge_Text_01-133x150.jpg 133w, https:\/\/www.isdin.com\/es\/blog\/wp-content\/uploads\/2021\/03\/2021_03_Blog_Imatge_Text_01-267x300.jpg 267w\" sizes=\"auto, (max-width: 670px) 100vw, 670px\" \/><\/span><\/p>\n<h2><span style=\"font-weight: 400;\">\u00bfC\u00f3mo es su color? \u00bfSe adapta a todos los tonos?<\/span><\/h2>\n<p><i><span style=\"font-weight: 400;\">Alba Villanueva<\/span><\/i><span style=\"font-weight: 400;\">: hicimos muchas pruebas junto a I+D y tambi\u00e9n con Emma, maquilladora<\/span><i><span style=\"font-weight: 400;\">, <\/span><\/i><span style=\"font-weight: 400;\">para encontrar el tono exacto que quer\u00edamos. Busc\u00e1bamos una cobertura ligera, que se adaptar\u00e1 perfectamente a tu tono de piel.\u00a0<\/span><\/p>\n<p><i><span style=\"font-weight: 400;\">Emma Tutusaus:<\/span><\/i><span style=\"font-weight: 400;\"> Exacto, \u00a1y lo hemos conseguido! Su cobertura es tan ligera, que hemos conseguido que el tono se adapte a los diferentes tonos de piel. Su color es universal, perfecto para conseguir un efecto \u201cbuena cara\u201d cada ma\u00f1ana.<\/span><\/p>\n<p><i><span style=\"font-weight: 400;\">Jordi Conesa:<\/span><\/i><span style=\"font-weight: 400;\"> \u00a1S\u00ed! Una cobertura ligera que unifica el tono de la piel y corrige imperfecciones, pero sin enmascarar la piel, dejando ver su belleza natural.\u00a0<\/span><\/p>\n<p><span style=\"font-weight: 400;\"><img loading=\"lazy\" decoding=\"async\" class=\"aligncenter size-full wp-image-5949 lazyload\" src=\"data:image\/gif;base64,R0lGODlhAQABAAAAACH5BAEKAAEALAAAAAABAAEAAAICTAEAOw==\" data-src=\"https:\/\/www.isdin.com\/es\/blog\/wp-content\/uploads\/2021\/03\/2021_03_Blog_Imatge_Text_02.jpg\" alt=\"\" width=\"670\" height=\"754\" data-sizes=\"auto\" data-srcset=\"https:\/\/www.isdin.com\/es\/blog\/wp-content\/uploads\/2021\/03\/2021_03_Blog_Imatge_Text_02.jpg 670w, https:\/\/www.isdin.com\/es\/blog\/wp-content\/uploads\/2021\/03\/2021_03_Blog_Imatge_Text_02-133x150.jpg 133w, https:\/\/www.isdin.com\/es\/blog\/wp-content\/uploads\/2021\/03\/2021_03_Blog_Imatge_Text_02-267x300.jpg 267w\" sizes=\"auto, (max-width: 670px) 100vw, 670px\" \/><\/span><\/p>\n<h2><span style=\"font-weight: 400;\">\u00bfCu\u00e1les son los beneficios principales de MAGIC Repair Color?<\/span><\/h2>\n<p><i><span style=\"font-weight: 400;\">Jordi Conesa<\/span><\/i><span style=\"font-weight: 400;\">: Al igual que MAGIC Repair, <\/span><a target=\"_blank\" href=\"https:\/\/www.isdin.com\/es\/p\/fusion-water-magic-repair-color-spf-50\/4346\" rel=\"noopener\"><span style=\"font-weight: 400;\">MAGIC Repair Color<\/span><\/a><span style=\"font-weight: 400;\"> ofrece una triple acci\u00f3n antifotoenvejecimiento:<\/span><\/p>\n<p style=\"text-align: center;\"><b>\u2713 Protege.<\/b><span style=\"font-weight: 400;\"> Ofrece una muy alta protecci\u00f3n SPF 50 que ayuda a prevenir el da\u00f1o solar. Adem\u00e1s, protege la piel del da\u00f1o oxidativo inducido por la poluci\u00f3n urbana.<\/span><\/p>\n<p style=\"text-align: center;\"><b>\u2713 Repara.<\/b><span style=\"font-weight: 400;\"> Contribuye a la reparaci\u00f3n del da\u00f1o solar acumulado a nivel celular gracias a sus ADN Repairsomes<strong>\u00ae<\/strong>.<\/span><\/p>\n<p style=\"text-align: center;\"><b>\u2713 Revierte.<\/b><span style=\"font-weight: 400;\"> Mejora la luminosidad de la piel y promueve la producci\u00f3n de col\u00e1geno y la reducci\u00f3n de las arrugas.<\/span><\/p>\n<p><span style=\"font-weight: 400;\">Como os he comentado antes, adem\u00e1s de esta triple acci\u00f3n, su f\u00f3rmula con color ofrece una <\/span><b>cobertura natural<\/b><span style=\"font-weight: 400;\"> que unifica el tono y disimula imperfecciones, aportando un <\/span><b>efecto buena cara<\/b><span style=\"font-weight: 400;\">.<\/span><\/p>\n<blockquote><p><span style=\"font-weight: 400;\">\u201cMAGIC Repair Color ofrece una triple acci\u00f3n antifotoenvejecimiento. [&#8230;] Su f\u00f3rmula con color ofrece una cobertura natural que unifica el tono y disimula imperfecciones.\u201d<\/span><\/p>\n<p><span style=\"font-weight: 400;\">Jordi Conesa, BU Manager Fotoprotecci\u00f3n ISDIN<\/span><\/p><\/blockquote>\n<h2><span style=\"font-weight: 400;\">\u00bfQu\u00e9 os ha inspirado para crearlo?<\/span><\/h2>\n<p><i><span style=\"font-weight: 400;\">Alba Villanueva:<\/span><\/i><span style=\"font-weight: 400;\"> Los dermat\u00f3logos recomiendan usar un protector solar en la rutina de belleza diaria como mejor estrategia de prevenci\u00f3n del envejecimiento prematuro de la piel. MAGIC Repair Color est\u00e1 pensado para que lo incluyas en tu rutina de belleza diaria y, adem\u00e1s, cuenta con una triple acci\u00f3n antifotoenvejecimiento.<\/span><\/p>\n<blockquote><p><span style=\"font-weight: 400;\">\u201cLos dermat\u00f3logos recomiendan usar un protector solar en la rutina de belleza diaria como mejor estrategia de prevenci\u00f3n del envejecimiento prematuro de la piel.\u201d<\/span><\/p>\n<p><span style=\"font-weight: 400;\">Alba Villanueva, Dermalab Manager ISDIN<\/span><\/p><\/blockquote>\n<p><i><span style=\"font-weight: 400;\">Jordi Conesa: <\/span><\/i><span style=\"font-weight: 400;\">MAGIC Repair es uno de los fotoprotectores m\u00e1s queridos y su<strong> versi\u00f3n con color<\/strong> ha sido una de las innovaciones m\u00e1s pedidas y esperadas.\u00a0<\/span><\/p>\n<p><span style=\"font-weight: 400;\">Quer\u00edamos hacerlo realidad y hemos estado trabajando durante mucho tiempo para dar con la mejor versi\u00f3n con color. \u00a1Finalmente la tenemos!\u00a0<\/span><\/p>\n<p><i><span style=\"font-weight: 400;\">Emma Tutusaus:<\/span><\/i><span style=\"font-weight: 400;\"> Ahora hay mucho inter\u00e9s en conseguir un maquillaje natural para todos los d\u00edas, para vernos bien pero sin llevar much\u00edsimo maquillaje. Tanto para cuidar la piel debajo de la mascarilla cuando salimos a la calle como para lucir perfecta en <\/span><i><span style=\"font-weight: 400;\">zooms<\/span><\/i><span style=\"font-weight: 400;\"> y videoconferencias. El tono de MAGIC Repair Color es muy natural. Una tendencia que lo ha inspirado son las pieles <\/span><i><span style=\"font-weight: 400;\">nude<\/span><\/i><span style=\"font-weight: 400;\">, desnudas. Es estupendo, porque parece que no lleves nada, pero tienes ese toque de color.\u00a0<\/span><\/p>\n<p><span style=\"font-weight: 400;\"><img loading=\"lazy\" decoding=\"async\" class=\"aligncenter wp-image-5950 size-full lazyload\" src=\"data:image\/gif;base64,R0lGODlhAQABAAAAACH5BAEKAAEALAAAAAABAAEAAAICTAEAOw==\" data-src=\"https:\/\/www.isdin.com\/es\/blog\/wp-content\/uploads\/2021\/03\/2021_03_Blog_Imatge_Text_03.jpg\" alt=\"\" width=\"670\" height=\"1019\" data-sizes=\"auto\" data-srcset=\"https:\/\/www.isdin.com\/es\/blog\/wp-content\/uploads\/2021\/03\/2021_03_Blog_Imatge_Text_03.jpg 670w, https:\/\/www.isdin.com\/es\/blog\/wp-content\/uploads\/2021\/03\/2021_03_Blog_Imatge_Text_03-99x150.jpg 99w, https:\/\/www.isdin.com\/es\/blog\/wp-content\/uploads\/2021\/03\/2021_03_Blog_Imatge_Text_03-197x300.jpg 197w\" sizes=\"auto, (max-width: 670px) 100vw, 670px\" \/><\/span><\/p>\n<h2><span style=\"font-weight: 400;\">\u00bfPara qui\u00e9n est\u00e1 pensado MAGIC Repair Color?<\/span><\/h2>\n<p><i><span style=\"font-weight: 400;\">Jordi Conesa:<\/span><\/i><span style=\"font-weight: 400;\"> Lo hemos ideado pensando en todas aquellas personas que quieren un <\/span><a target=\"_blank\" href=\"https:\/\/www.isdin.com\/es\/p\/fusion-water-magic-repair-color-spf-50\/4346\" rel=\"noopener\"><span style=\"font-weight: 400;\">protector solar facial con color<\/span><\/a> <span style=\"font-weight: 400;\">que aporte un efecto buena cara y, adem\u00e1s, todos los beneficios antifotoenvejecimiento de la fotoprotecci\u00f3n m\u00e1s avanzada.\u00a0<\/span><\/p>\n<p><span style=\"font-weight: 400;\">Alba Villanueva: Para todos aquellos a los que, como yo, ya nos encantaba MAGIC Repair y ahora queremos probar la versi\u00f3n con color.<\/span><\/p>\n<h2><span style=\"font-weight: 400;\">\u00bfEs para todo tipo de piel? \u00bfC\u00f3mo lo puedo incluir en mi rutina diaria?<\/span><\/h2>\n<p><i><span style=\"font-weight: 400;\">Alba Villanueva:<\/span><\/i> <a target=\"_blank\" href=\"https:\/\/www.isdin.com\/es\/p\/fusion-water-magic-repair-color-spf-50\/4346\" rel=\"noopener\"><span style=\"font-weight: 400;\">MAGIC Repair Color<\/span><\/a><span style=\"font-weight: 400;\"> est\u00e1 formulado para todo tipo de piel, incluida piel sensible y at\u00f3pica. Es no comedog\u00e9nico y <\/span><i><span style=\"font-weight: 400;\">oil free<\/span><\/i><span style=\"font-weight: 400;\">, por lo que tambi\u00e9n puedes utilizarlo si tienes la piel grasa y\/o con tendencia acneica.<\/span><\/p>\n<p><i><span style=\"font-weight: 400;\">Emma Tutusaus:<\/span><\/i><span style=\"font-weight: 400;\"> Es ideal para aplicarlo a diario como \u00faltimo paso de tu rutina de cuidado de la piel y est\u00e1 especialmente dise\u00f1ado para integrarse en la rutina de belleza diaria.<\/span><\/p>\n<ol>\n<li><span style=\"font-weight: 400;\">Limpia la piel como primer paso, cada ma\u00f1ana.<\/span><\/li>\n<li><span style=\"font-weight: 400;\">Aplica el contorno de ojos.<\/span><\/li>\n<li><span style=\"font-weight: 400;\">Aplica un serum antioxidante y\/o una crema antiaging.<\/span><\/li>\n<li><span style=\"font-weight: 400;\">C\u00f3mo \u00faltimo paso, aplica tu protecci\u00f3n solar con color \u00a1y listo!<\/span><\/li>\n<\/ol>\n<div class=\"flex-video widescreen youtube\"><iframe loading=\"lazy\" title=\"ISDIN - Innovation Summit - Age Repair COLOR\" width=\"500\" height=\"281\" src=\"https:\/\/www.youtube.com\/embed\/eYV82-vKyPI?feature=oembed&#038;showinfo=0&#038;rel=0&#038;modestbranding=1&#038;iv_load_policy=3&#038;playsinline=1&#038;enablejsapi=1\" frameborder=\"0\" allow=\"accelerometer; autoplay; clipboard-write; encrypted-media; gyroscope; picture-in-picture; web-share\" referrerpolicy=\"strict-origin-when-cross-origin\" allowfullscreen><\/iframe><\/div>\n<blockquote><p><span style=\"font-weight: 400;\">\u201cEs ideal para aplicarlo a diario como \u00faltimo paso de tu rutina de cuidado de la piel y est\u00e1 especialmente dise\u00f1ado para integrarse en la rutina de belleza diaria.\u201d<\/span><span style=\"font-weight: 400;\"><br \/>\n<\/span><\/p>\n<p><span style=\"font-weight: 400;\">Emma Tutusaus, <\/span><i><span style=\"font-weight: 400;\">Make up Artist<\/span><\/i><\/p><\/blockquote>\n<h2><span style=\"font-weight: 400;\">Por \u00faltimo, define MAGIC Repair Color en una sola frase<\/span><\/h2>\n<p><i><span style=\"font-weight: 400;\">Jordi Conesa: <\/span><\/i><span style=\"font-weight: 400;\">MAGIC Repair Color es un <\/span><span style=\"font-weight: 400;\">fotoprotector con color<\/span><span style=\"font-weight: 400;\"> ultraligero con <strong>triple acci\u00f3n antienvejecimiento<\/strong> que gracias a su color, aporta un efecto buena cara.<\/span><\/p>\n<p><i><span style=\"font-weight: 400;\">Alba Villanueva:<\/span><\/i><span style=\"font-weight: 400;\"> Es el fotoprotector facial m\u00e1s completo, ideal para su uso a diario, incluso como base ideal de maquillaje.<\/span><\/p>\n<p><i><span style=\"font-weight: 400;\">Emma Tutusaus:<\/span><\/i><span style=\"font-weight: 400;\"> El <\/span><span style=\"font-weight: 400;\">fotoprotector con color<\/span><span style=\"font-weight: 400;\"> y efecto piel desnuda que desear\u00e1s utilizar\u00e1s todo el a\u00f1o.<\/span><\/p>\n<p style=\"text-align: center;\"><a target=\"_blank\" href=\"https:\/\/www.isdin.com\/es\/p\/fusion-water-magic-repair-color-spf-50\/4346\" rel=\"noopener\"><span style=\"font-weight: 400;\">Descubre m\u00e1s sobre MAGIC Repair Color<\/span><\/a><\/p>\n","protected":false},"excerpt":{"rendered":"<p>Llega la primavera, el d\u00eda se alarga, y empezamos a notar el buen tiempo, las ganas de sol. Este a\u00f1o el buen tiempo llega acompa\u00f1ado de una novedad que nos hace much\u00edsima ilusi\u00f3n presentar. Un producto que nos hab\u00e9is pedido durante a\u00f1os. El fotoprotector de triple acci\u00f3n ahora con color\u2026 \u00a1Fusion Water MAGIC\u00a0Repair Color!\u00a0 Para&hellip;<\/p>\n","protected":false},"author":3,"featured_media":5947,"comment_status":"closed","ping_status":"closed","sticky":false,"template":"","format":"image","meta":{"footnotes":""},"categories":[1],"tags":[],"class_list":["post-5940","post","type-post","status-publish","format-image","has-post-thumbnail","hentry","category-consejos-cuidados","post_format-post-format-image"],"yoast_head":"<!-- This site is optimized with the Yoast SEO Premium plugin v25.4 (Yoast SEO v25.4) - https:\/\/yoast.com\/wordpress\/plugins\/seo\/ -->\n<title>NUEVO Fusion Water MAGIC Repair Color que desear\u00e1s incluir en tu rutina<\/title>\n<meta name=\"description\" content=\"El fotoprotector de triple acci\u00f3n ahora con color\u2026 \u00a1Age Repair Color!\u00a0Al fin ha llegado el producto que nos hab\u00e9is pedido durante a\u00f1os. \u00a1No te lo pierdas!\" \/>\n<meta name=\"robots\" content=\"index, follow, max-snippet:-1, max-image-preview:large, max-video-preview:-1\" \/>\n<link rel=\"canonical\" href=\"https:\/\/www.isdin.com\/es\/blog\/fotoprotector-con-color-palabra-de-make-up-artist\/\" \/>\n<meta property=\"og:locale\" content=\"es_ES\" \/>\n<meta property=\"og:type\" content=\"article\" \/>\n<meta property=\"og:title\" content=\"El NUEVO Fusion Water MAGIC Repair Color que desear\u00e1s incluir en tu rutina beauty (palabra de make up artist)\" \/>\n<meta property=\"og:description\" content=\"El fotoprotector de triple acci\u00f3n ahora con color\u2026 \u00a1Age Repair Color!\u00a0Al fin ha llegado el producto que nos hab\u00e9is pedido durante a\u00f1os. \u00a1No te lo pierdas!\" \/>\n<meta property=\"og:url\" content=\"https:\/\/www.isdin.com\/es\/blog\/fotoprotector-con-color-palabra-de-make-up-artist\/\" \/>\n<meta property=\"og:site_name\" content=\"ISDIN\" \/>\n<meta property=\"article:publisher\" content=\"https:\/\/es-es.facebook.com\/ISDIN.official\/\" \/>\n<meta property=\"article:published_time\" content=\"2021-03-26T12:48:40+00:00\" \/>\n<meta property=\"article:modified_time\" content=\"2024-07-30T14:57:04+00:00\" \/>\n<meta property=\"og:image\" content=\"https:\/\/www.isdin.com\/es\/blog\/wp-content\/uploads\/2021\/03\/2021_03_Blog_Imatge_Facebook-1.jpg\" \/>\n\t<meta property=\"og:image:width\" content=\"1200\" \/>\n\t<meta property=\"og:image:height\" content=\"630\" \/>\n\t<meta property=\"og:image:type\" content=\"image\/jpeg\" \/>\n<meta name=\"author\" content=\"Live Young\" \/>\n<meta name=\"twitter:card\" content=\"summary_large_image\" \/>\n<meta name=\"twitter:creator\" content=\"@isdin_official\" \/>\n<meta name=\"twitter:site\" content=\"@isdin_official\" \/>\n<meta name=\"twitter:label1\" content=\"Written by\" \/>\n\t<meta name=\"twitter:data1\" content=\"Live Young\" \/>\n\t<meta name=\"twitter:label2\" content=\"Est. reading time\" \/>\n\t<meta name=\"twitter:data2\" content=\"5 minutes\" \/>\n<script type=\"application\/ld+json\" class=\"yoast-schema-graph\">{\"@context\":\"https:\/\/schema.org\",\"@graph\":[{\"@type\":\"Article\",\"@id\":\"https:\/\/www.isdin.com\/es\/blog\/fotoprotector-con-color-palabra-de-make-up-artist\/#article\",\"isPartOf\":{\"@id\":\"https:\/\/www.isdin.com\/es\/blog\/fotoprotector-con-color-palabra-de-make-up-artist\/\"},\"author\":{\"name\":\"Live Young\",\"@id\":\"https:\/\/www.isdin.com\/es\/blog\/#\/schema\/person\/528848368b26d62008cefcc29a52ade8\"},\"headline\":\"El NUEVO Fusion Water MAGIC Repair Color que desear\u00e1s incluir en tu rutina beauty (palabra de make up artist)\",\"datePublished\":\"2021-03-26T12:48:40+00:00\",\"dateModified\":\"2024-07-30T14:57:04+00:00\",\"mainEntityOfPage\":{\"@id\":\"https:\/\/www.isdin.com\/es\/blog\/fotoprotector-con-color-palabra-de-make-up-artist\/\"},\"wordCount\":994,\"publisher\":{\"@id\":\"https:\/\/www.isdin.com\/es\/blog\/#organization\"},\"image\":{\"@id\":\"https:\/\/www.isdin.com\/es\/blog\/fotoprotector-con-color-palabra-de-make-up-artist\/#primaryimage\"},\"thumbnailUrl\":\"https:\/\/www.isdin.com\/es\/blog\/wp-content\/uploads\/2021\/03\/2021_03_Blog_Imatge_Header-1.jpg\",\"articleSection\":[\"Consejos y cuidados\"],\"inLanguage\":\"es-ES\"},{\"@type\":\"WebPage\",\"@id\":\"https:\/\/www.isdin.com\/es\/blog\/fotoprotector-con-color-palabra-de-make-up-artist\/\",\"url\":\"https:\/\/www.isdin.com\/es\/blog\/fotoprotector-con-color-palabra-de-make-up-artist\/\",\"name\":\"NUEVO Fusion Water MAGIC Repair Color que desear\u00e1s incluir en tu rutina\",\"isPartOf\":{\"@id\":\"https:\/\/www.isdin.com\/es\/blog\/#website\"},\"primaryImageOfPage\":{\"@id\":\"https:\/\/www.isdin.com\/es\/blog\/fotoprotector-con-color-palabra-de-make-up-artist\/#primaryimage\"},\"image\":{\"@id\":\"https:\/\/www.isdin.com\/es\/blog\/fotoprotector-con-color-palabra-de-make-up-artist\/#primaryimage\"},\"thumbnailUrl\":\"https:\/\/www.isdin.com\/es\/blog\/wp-content\/uploads\/2021\/03\/2021_03_Blog_Imatge_Header-1.jpg\",\"datePublished\":\"2021-03-26T12:48:40+00:00\",\"dateModified\":\"2024-07-30T14:57:04+00:00\",\"description\":\"El fotoprotector de triple acci\u00f3n ahora con color\u2026 \u00a1Age Repair Color!\u00a0Al fin ha llegado el producto que nos hab\u00e9is pedido durante a\u00f1os. \u00a1No te lo pierdas!\",\"breadcrumb\":{\"@id\":\"https:\/\/www.isdin.com\/es\/blog\/fotoprotector-con-color-palabra-de-make-up-artist\/#breadcrumb\"},\"inLanguage\":\"es-ES\",\"potentialAction\":[{\"@type\":\"ReadAction\",\"target\":[\"https:\/\/www.isdin.com\/es\/blog\/fotoprotector-con-color-palabra-de-make-up-artist\/\"]}]},{\"@type\":\"ImageObject\",\"inLanguage\":\"es-ES\",\"@id\":\"https:\/\/www.isdin.com\/es\/blog\/fotoprotector-con-color-palabra-de-make-up-artist\/#primaryimage\",\"url\":\"https:\/\/www.isdin.com\/es\/blog\/wp-content\/uploads\/2021\/03\/2021_03_Blog_Imatge_Header-1.jpg\",\"contentUrl\":\"https:\/\/www.isdin.com\/es\/blog\/wp-content\/uploads\/2021\/03\/2021_03_Blog_Imatge_Header-1.jpg\",\"width\":1200,\"height\":760},{\"@type\":\"BreadcrumbList\",\"@id\":\"https:\/\/www.isdin.com\/es\/blog\/fotoprotector-con-color-palabra-de-make-up-artist\/#breadcrumb\",\"itemListElement\":[{\"@type\":\"ListItem\",\"position\":1,\"name\":\"Portada\",\"item\":\"https:\/\/www.isdin.com\/es\/blog\/\"},{\"@type\":\"ListItem\",\"position\":2,\"name\":\"El NUEVO Fusion Water MAGIC Repair Color que desear\u00e1s incluir en tu rutina beauty (palabra de make up artist)\"}]},{\"@type\":\"WebSite\",\"@id\":\"https:\/\/www.isdin.com\/es\/blog\/#website\",\"url\":\"https:\/\/www.isdin.com\/es\/blog\/\",\"name\":\"ISDIN\",\"description\":\"Novedades, lanzamientos de productos y toda la experiencia de ISDIN\",\"publisher\":{\"@id\":\"https:\/\/www.isdin.com\/es\/blog\/#organization\"},\"potentialAction\":[{\"@type\":\"SearchAction\",\"target\":{\"@type\":\"EntryPoint\",\"urlTemplate\":\"https:\/\/www.isdin.com\/es\/blog\/?s={search_term_string}\"},\"query-input\":{\"@type\":\"PropertyValueSpecification\",\"valueRequired\":true,\"valueName\":\"search_term_string\"}}],\"inLanguage\":\"es-ES\"},{\"@type\":\"Organization\",\"@id\":\"https:\/\/www.isdin.com\/es\/blog\/#organization\",\"name\":\"ISDIN\",\"alternateName\":\"ISDIN\",\"url\":\"https:\/\/www.isdin.com\/es\/blog\/\",\"logo\":{\"@type\":\"ImageObject\",\"inLanguage\":\"es-ES\",\"@id\":\"https:\/\/www.isdin.com\/es\/blog\/#\/schema\/logo\/image\/\",\"url\":\"https:\/\/www.isdin.com\/es\/blog\/wp-content\/uploads\/2024\/05\/2025_03_GuiaFoto_FWM.png\",\"contentUrl\":\"https:\/\/www.isdin.com\/es\/blog\/wp-content\/uploads\/2024\/05\/2025_03_GuiaFoto_FWM.png\",\"width\":670,\"height\":683,\"caption\":\"ISDIN\"},\"image\":{\"@id\":\"https:\/\/www.isdin.com\/es\/blog\/#\/schema\/logo\/image\/\"},\"sameAs\":[\"https:\/\/es-es.facebook.com\/ISDIN.official\/\",\"https:\/\/x.com\/isdin_official\",\"https:\/\/www.instagram.com\/isdinofficial\",\"https:\/\/www.youtube.com\/channel\/UCtoNJMKpDwdFLqgV23_lcqg\"],\"telephone\":\"659997812\"},{\"@type\":\"Person\",\"@id\":\"https:\/\/www.isdin.com\/es\/blog\/#\/schema\/person\/528848368b26d62008cefcc29a52ade8\",\"name\":\"Live Young\",\"image\":{\"@type\":\"ImageObject\",\"inLanguage\":\"es-ES\",\"@id\":\"https:\/\/www.isdin.com\/es\/blog\/#\/schema\/person\/image\/\",\"url\":\"https:\/\/www.isdin.com\/es\/blog\/wp-content\/uploads\/2017\/07\/isdin-live-young-150x150-1.png\",\"contentUrl\":\"https:\/\/www.isdin.com\/es\/blog\/wp-content\/uploads\/2017\/07\/isdin-live-young-150x150-1.png\",\"caption\":\"Live Young\"},\"description\":\"Nuestro hom\u00f3nimo encarna el esp\u00edritu de abrazar la vida y todas sus maravillas. Como periodistas especializaciones en la salud y bienestar de la piel, exploramos temas que vigorizan los sentidos y mantienen viva la curiosidad. Creemos que una piel radiante es el resultado de un cuerpo y una mente saludables. Tejiendo belleza con ciencia, nuestro objetivo es inspirarte a vivir joven en cada edad.\",\"url\":\"https:\/\/www.isdin.com\/es\/blog\/author\/love-your-skin\/\"}]}<\/script>\n<!-- \/ Yoast SEO Premium plugin. -->","yoast_head_json":{"title":"NUEVO Fusion Water MAGIC Repair Color que desear\u00e1s incluir en tu rutina","description":"El fotoprotector de triple acci\u00f3n ahora con color\u2026 \u00a1Age Repair Color!\u00a0Al fin ha llegado el producto que nos hab\u00e9is pedido durante a\u00f1os. \u00a1No te lo pierdas!","robots":{"index":"index","follow":"follow","max-snippet":"max-snippet:-1","max-image-preview":"max-image-preview:large","max-video-preview":"max-video-preview:-1"},"canonical":"https:\/\/www.isdin.com\/es\/blog\/fotoprotector-con-color-palabra-de-make-up-artist\/","og_locale":"es_ES","og_type":"article","og_title":"El NUEVO Fusion Water MAGIC Repair Color que desear\u00e1s incluir en tu rutina beauty (palabra de make up artist)","og_description":"El fotoprotector de triple acci\u00f3n ahora con color\u2026 \u00a1Age Repair Color!\u00a0Al fin ha llegado el producto que nos hab\u00e9is pedido durante a\u00f1os. \u00a1No te lo pierdas!","og_url":"https:\/\/www.isdin.com\/es\/blog\/fotoprotector-con-color-palabra-de-make-up-artist\/","og_site_name":"ISDIN","article_publisher":"https:\/\/es-es.facebook.com\/ISDIN.official\/","article_published_time":"2021-03-26T12:48:40+00:00","article_modified_time":"2024-07-30T14:57:04+00:00","og_image":[{"width":1200,"height":630,"url":"https:\/\/www.isdin.com\/es\/blog\/wp-content\/uploads\/2021\/03\/2021_03_Blog_Imatge_Facebook-1.jpg","type":"image\/jpeg"}],"author":"Live Young","twitter_card":"summary_large_image","twitter_creator":"@isdin_official","twitter_site":"@isdin_official","twitter_misc":{"Written by":"Live Young","Est. reading time":"5 minutes"},"schema":{"@context":"https:\/\/schema.org","@graph":[{"@type":"Article","@id":"https:\/\/www.isdin.com\/es\/blog\/fotoprotector-con-color-palabra-de-make-up-artist\/#article","isPartOf":{"@id":"https:\/\/www.isdin.com\/es\/blog\/fotoprotector-con-color-palabra-de-make-up-artist\/"},"author":{"name":"Live Young","@id":"https:\/\/www.isdin.com\/es\/blog\/#\/schema\/person\/528848368b26d62008cefcc29a52ade8"},"headline":"El NUEVO Fusion Water MAGIC Repair Color que desear\u00e1s incluir en tu rutina beauty (palabra de make up artist)","datePublished":"2021-03-26T12:48:40+00:00","dateModified":"2024-07-30T14:57:04+00:00","mainEntityOfPage":{"@id":"https:\/\/www.isdin.com\/es\/blog\/fotoprotector-con-color-palabra-de-make-up-artist\/"},"wordCount":994,"publisher":{"@id":"https:\/\/www.isdin.com\/es\/blog\/#organization"},"image":{"@id":"https:\/\/www.isdin.com\/es\/blog\/fotoprotector-con-color-palabra-de-make-up-artist\/#primaryimage"},"thumbnailUrl":"https:\/\/www.isdin.com\/es\/blog\/wp-content\/uploads\/2021\/03\/2021_03_Blog_Imatge_Header-1.jpg","articleSection":["Consejos y cuidados"],"inLanguage":"es-ES"},{"@type":"WebPage","@id":"https:\/\/www.isdin.com\/es\/blog\/fotoprotector-con-color-palabra-de-make-up-artist\/","url":"https:\/\/www.isdin.com\/es\/blog\/fotoprotector-con-color-palabra-de-make-up-artist\/","name":"NUEVO Fusion Water MAGIC Repair Color que desear\u00e1s incluir en tu rutina","isPartOf":{"@id":"https:\/\/www.isdin.com\/es\/blog\/#website"},"primaryImageOfPage":{"@id":"https:\/\/www.isdin.com\/es\/blog\/fotoprotector-con-color-palabra-de-make-up-artist\/#primaryimage"},"image":{"@id":"https:\/\/www.isdin.com\/es\/blog\/fotoprotector-con-color-palabra-de-make-up-artist\/#primaryimage"},"thumbnailUrl":"https:\/\/www.isdin.com\/es\/blog\/wp-content\/uploads\/2021\/03\/2021_03_Blog_Imatge_Header-1.jpg","datePublished":"2021-03-26T12:48:40+00:00","dateModified":"2024-07-30T14:57:04+00:00","description":"El fotoprotector de triple acci\u00f3n ahora con color\u2026 \u00a1Age Repair Color!\u00a0Al fin ha llegado el producto que nos hab\u00e9is pedido durante a\u00f1os. \u00a1No te lo pierdas!","breadcrumb":{"@id":"https:\/\/www.isdin.com\/es\/blog\/fotoprotector-con-color-palabra-de-make-up-artist\/#breadcrumb"},"inLanguage":"es-ES","potentialAction":[{"@type":"ReadAction","target":["https:\/\/www.isdin.com\/es\/blog\/fotoprotector-con-color-palabra-de-make-up-artist\/"]}]},{"@type":"ImageObject","inLanguage":"es-ES","@id":"https:\/\/www.isdin.com\/es\/blog\/fotoprotector-con-color-palabra-de-make-up-artist\/#primaryimage","url":"https:\/\/www.isdin.com\/es\/blog\/wp-content\/uploads\/2021\/03\/2021_03_Blog_Imatge_Header-1.jpg","contentUrl":"https:\/\/www.isdin.com\/es\/blog\/wp-content\/uploads\/2021\/03\/2021_03_Blog_Imatge_Header-1.jpg","width":1200,"height":760},{"@type":"BreadcrumbList","@id":"https:\/\/www.isdin.com\/es\/blog\/fotoprotector-con-color-palabra-de-make-up-artist\/#breadcrumb","itemListElement":[{"@type":"ListItem","position":1,"name":"Portada","item":"https:\/\/www.isdin.com\/es\/blog\/"},{"@type":"ListItem","position":2,"name":"El NUEVO Fusion Water MAGIC Repair Color que desear\u00e1s incluir en tu rutina beauty (palabra de make up artist)"}]},{"@type":"WebSite","@id":"https:\/\/www.isdin.com\/es\/blog\/#website","url":"https:\/\/www.isdin.com\/es\/blog\/","name":"ISDIN","description":"Novedades, lanzamientos de productos y toda la experiencia de ISDIN","publisher":{"@id":"https:\/\/www.isdin.com\/es\/blog\/#organization"},"potentialAction":[{"@type":"SearchAction","target":{"@type":"EntryPoint","urlTemplate":"https:\/\/www.isdin.com\/es\/blog\/?s={search_term_string}"},"query-input":{"@type":"PropertyValueSpecification","valueRequired":true,"valueName":"search_term_string"}}],"inLanguage":"es-ES"},{"@type":"Organization","@id":"https:\/\/www.isdin.com\/es\/blog\/#organization","name":"ISDIN","alternateName":"ISDIN","url":"https:\/\/www.isdin.com\/es\/blog\/","logo":{"@type":"ImageObject","inLanguage":"es-ES","@id":"https:\/\/www.isdin.com\/es\/blog\/#\/schema\/logo\/image\/","url":"https:\/\/www.isdin.com\/es\/blog\/wp-content\/uploads\/2024\/05\/2025_03_GuiaFoto_FWM.png","contentUrl":"https:\/\/www.isdin.com\/es\/blog\/wp-content\/uploads\/2024\/05\/2025_03_GuiaFoto_FWM.png","width":670,"height":683,"caption":"ISDIN"},"image":{"@id":"https:\/\/www.isdin.com\/es\/blog\/#\/schema\/logo\/image\/"},"sameAs":["https:\/\/es-es.facebook.com\/ISDIN.official\/","https:\/\/x.com\/isdin_official","https:\/\/www.instagram.com\/isdinofficial","https:\/\/www.youtube.com\/channel\/UCtoNJMKpDwdFLqgV23_lcqg"],"telephone":"659997812"},{"@type":"Person","@id":"https:\/\/www.isdin.com\/es\/blog\/#\/schema\/person\/528848368b26d62008cefcc29a52ade8","name":"Live Young","image":{"@type":"ImageObject","inLanguage":"es-ES","@id":"https:\/\/www.isdin.com\/es\/blog\/#\/schema\/person\/image\/","url":"https:\/\/www.isdin.com\/es\/blog\/wp-content\/uploads\/2017\/07\/isdin-live-young-150x150-1.png","contentUrl":"https:\/\/www.isdin.com\/es\/blog\/wp-content\/uploads\/2017\/07\/isdin-live-young-150x150-1.png","caption":"Live Young"},"description":"Nuestro hom\u00f3nimo encarna el esp\u00edritu de abrazar la vida y todas sus maravillas. Como periodistas especializaciones en la salud y bienestar de la piel, exploramos temas que vigorizan los sentidos y mantienen viva la curiosidad. Creemos que una piel radiante es el resultado de un cuerpo y una mente saludables. Tejiendo belleza con ciencia, nuestro objetivo es inspirarte a vivir joven en cada edad.","url":"https:\/\/www.isdin.com\/es\/blog\/author\/love-your-skin\/"}]}},"_links":{"self":[{"href":"https:\/\/www.isdin.com\/es\/blog\/wp-json\/wp\/v2\/posts\/5940","targetHints":{"allow":["GET"]}}],"collection":[{"href":"https:\/\/www.isdin.com\/es\/blog\/wp-json\/wp\/v2\/posts"}],"about":[{"href":"https:\/\/www.isdin.com\/es\/blog\/wp-json\/wp\/v2\/types\/post"}],"author":[{"embeddable":true,"href":"https:\/\/www.isdin.com\/es\/blog\/wp-json\/wp\/v2\/users\/3"}],"replies":[{"embeddable":true,"href":"https:\/\/www.isdin.com\/es\/blog\/wp-json\/wp\/v2\/comments?post=5940"}],"version-history":[{"count":16,"href":"https:\/\/www.isdin.com\/es\/blog\/wp-json\/wp\/v2\/posts\/5940\/revisions"}],"predecessor-version":[{"id":10763,"href":"https:\/\/www.isdin.com\/es\/blog\/wp-json\/wp\/v2\/posts\/5940\/revisions\/10763"}],"wp:featuredmedia":[{"embeddable":true,"href":"https:\/\/www.isdin.com\/es\/blog\/wp-json\/wp\/v2\/media\/5947"}],"wp:attachment":[{"href":"https:\/\/www.isdin.com\/es\/blog\/wp-json\/wp\/v2\/media?parent=5940"}],"wp:term":[{"taxonomy":"category","embeddable":true,"href":"https:\/\/www.isdin.com\/es\/blog\/wp-json\/wp\/v2\/categories?post=5940"},{"taxonomy":"post_tag","embeddable":true,"href":"https:\/\/www.isdin.com\/es\/blog\/wp-json\/wp\/v2\/tags?post=5940"}],"curies":[{"name":"wp","href":"https:\/\/api.w.org\/{rel}","templated":true}]}}