{"id":5884,"date":"2026-04-20T15:00:39","date_gmt":"2026-04-20T15:00:39","guid":{"rendered":"https:\/\/www.isdin.com\/es\/blog\/?p=5884"},"modified":"2026-04-20T15:00:42","modified_gmt":"2026-04-20T15:00:42","slug":"como-blanquear-los-dientes","status":"publish","type":"post","link":"https:\/\/www.isdin.com\/es\/blog\/como-blanquear-los-dientes\/","title":{"rendered":"\u00bfC\u00f3mo blanquear los dientes? Descubre c\u00f3mo lucir una sonrisa saludable y atractiva"},"content":{"rendered":"\n<p>No hay nada que ilumine m\u00e1s el rostro que una sonrisa saludable y atractiva. Adem\u00e1s de ser una excelente carta de presentaci\u00f3n, una boca sana influye directamente en la autoestima.<\/p>\n\n\n\n<p>El color de los dientes juega un papel clave en esa percepci\u00f3n. Un tono m\u00e1s blanco suele asociarse con salud, juventud y cuidado personal. Sin embargo, con el paso del tiempo es completamente normal que los dientes se oscurezcan debido a la alimentaci\u00f3n, ciertos h\u00e1bitos diarios o el propio envejecimiento.<\/p>\n\n\n\n<p>Y es justo ah\u00ed cuando empieza la duda: <strong>\u00bfqu\u00e9 funciona de verdad para blanquear los dientes\u2026 y qu\u00e9 no?<\/strong> Aunque hay miles de consejos en internet, no todos son seguros ni eficaces. De hecho, algunos de los m\u00e1s populares pueden da\u00f1ar el esmalte y empeorar el aspecto de tu sonrisa a largo plazo.<\/p>\n\n\n\n<p>Hoy te contamos por qu\u00e9 tus dientes pueden verse amarillos y c\u00f3mo puedes blanquearlos de forma segura, eficaz y sin poner en riesgo tu salud dental.<\/p>\n\n\n\n<h2 class=\"wp-block-heading\" id=\"h-que-causa-que-los-dientes-se-vean-amarillos\">\u00bfQu\u00e9 causa que los dientes se vean amarillos?<\/h2>\n\n\n\n<p>Aunque el color de los dientes tiene un componente gen\u00e9tico, <strong>el tono que ves hoy es, en gran parte, el resultado de tu estilo de vida<\/strong>. Lo que comes, lo que bebes, c\u00f3mo cuidas tu boca\u2026 todo va dejando huella poco a poco sobre el esmalte.<\/p>\n\n\n\n<p>Con el tiempo, esas peque\u00f1as acciones se acumulan y hacen que los dientes pierdan luminosidad o adquieran un tono m\u00e1s amarillento. A continuaci\u00f3n, te mostramos las causas m\u00e1s habituales (y es muy probable que te identifiques con alguna de ellas).<\/p>\n\n\n\n<h3 class=\"wp-block-heading\">El tabaco<\/h3>\n\n\n\n<p>El <a href=\"https:\/\/www.isdin.com\/es\/blog\/efectos-tabaco-piel-como-minimizarlos\/\">tabaco<\/a> produce una coloraci\u00f3n superficial en los dientes que oscurece progresivamente el esmalte y apaga su brillo natural. Con el tiempo, estos pigmentos se adhieren con facilidad, haciendo que la sonrisa pierda luminosidad.<\/p>\n\n\n\n<div class=\"wp-block-media-text has-media-on-the-right is-stacked-on-mobile\"><div class=\"wp-block-media-text__content\">\n<p>Adem\u00e1s, la nicotina favorece la acumulaci\u00f3n de sarro y el desarrollo de problemas en las enc\u00edas, lo que puede derivar en complicaciones m\u00e1s serias para la <a href=\"https:\/\/www.isdin.com\/es\/blog\/que-son-las-aftas-bucales-y-como-curarlas\/\">salud bucodental<\/a>. A esto se suma el impacto en el aliento y en la propia percepci\u00f3n al sonre\u00edr.<\/p>\n<\/div><figure class=\"wp-block-media-text__media\"><img loading=\"lazy\" decoding=\"async\" width=\"670\" height=\"683\" src=\"data:image\/gif;base64,R0lGODlhAQABAAAAACH5BAEKAAEALAAAAAABAAEAAAICTAEAOw==\" data-src=\"https:\/\/www.isdin.com\/es\/blog\/wp-content\/uploads\/2022\/12\/Textura-4.png\" alt=\"cenicero blanco ent erraza\" class=\"wp-image-13470 size-full lazyload\" data-sizes=\"auto\" data-srcset=\"https:\/\/www.isdin.com\/es\/blog\/wp-content\/uploads\/2022\/12\/Textura-4.png 670w, https:\/\/www.isdin.com\/es\/blog\/wp-content\/uploads\/2022\/12\/Textura-4-294x300.png 294w, https:\/\/www.isdin.com\/es\/blog\/wp-content\/uploads\/2022\/12\/Textura-4-147x150.png 147w, https:\/\/www.isdin.com\/es\/blog\/wp-content\/uploads\/2022\/12\/Textura-4-70x70.png 70w, https:\/\/www.isdin.com\/es\/blog\/wp-content\/uploads\/2022\/12\/Textura-4-450x459.png 450w, https:\/\/www.isdin.com\/es\/blog\/wp-content\/uploads\/2022\/12\/Textura-4-20x20.png 20w, https:\/\/www.isdin.com\/es\/blog\/wp-content\/uploads\/2022\/12\/Textura-4-225x229.png 225w\" sizes=\"auto, (max-width: 670px) 100vw, 670px\" \/><\/figure><\/div>\n\n\n\n<p><\/p>\n\n\n\n<p><\/p>\n\n\n\n<p class=\"has-background\" style=\"background-color:#daf4ff\">No somos nadie para decirte lo que tienes que hacer, pero si buscas mejorar el aspecto de tu sonrisa (<a href=\"https:\/\/www.isdin.com\/es\/blog\/que-es-el-exposoma-factores-externos-piel\/\">y tu salud en general<\/a>), <strong>dejarlo siempre ser\u00e1 una buena decisi\u00f3n<\/strong>.<\/p>\n\n\n\n<p><\/p>\n\n\n\n<h3 class=\"wp-block-heading\">Una higiene bucal deficiente<\/h3>\n\n\n\n<p>No se trata solo de cepillarse, sino de la t\u00e9cnica, el tiempo y la constancia. Un cepillado r\u00e1pido, olvidar el hilo dental o no alcanzar bien algunas zonas favorece la acumulaci\u00f3n de placa bacteriana. Con el tiempo, esa placa se va depositando sobre el esmalte y puede hacer que los dientes se vean m\u00e1s apagados o amarillentos.<\/p>\n\n\n\n<div class=\"wp-block-media-text has-media-on-the-right is-stacked-on-mobile\"><div class=\"wp-block-media-text__content\">\n<p>\u00bfLo ideal? Mantener una rutina sencilla pero bien hecha: <strong><a href=\"https:\/\/www.isdin.com\/es\/blog\/encias-inflamadas-y-sangrantes-causas-soluciones\/\">cepillado al menos dos veces al d\u00eda<\/a> y durante 2 minutos<\/strong>, uso de hilo dental y revisiones peri\u00f3dicas. Al <a href=\"https:\/\/www.isdin.com\/es\/blog\/consejos-para-buena-higiene-bucal\/\">seguir estas pautas sencillas<\/a> de manera constante, no solo tendr\u00e1s los dientes m\u00e1s blancos y una sonrisa m\u00e1s bonita, sino que estar\u00e1s cuidando tu dentadura a largo plazo.<\/p>\n<\/div><figure class=\"wp-block-media-text__media\"><img loading=\"lazy\" decoding=\"async\" width=\"670\" height=\"683\" src=\"data:image\/gif;base64,R0lGODlhAQABAAAAACH5BAEKAAEALAAAAAABAAEAAAICTAEAOw==\" data-src=\"https:\/\/www.isdin.com\/es\/blog\/wp-content\/uploads\/2022\/12\/Textura-3.png\" alt=\"chica cepillando los dientes en ba\u00f1o\" class=\"wp-image-13469 size-full lazyload\" data-sizes=\"auto\" data-srcset=\"https:\/\/www.isdin.com\/es\/blog\/wp-content\/uploads\/2022\/12\/Textura-3.png 670w, https:\/\/www.isdin.com\/es\/blog\/wp-content\/uploads\/2022\/12\/Textura-3-294x300.png 294w, https:\/\/www.isdin.com\/es\/blog\/wp-content\/uploads\/2022\/12\/Textura-3-147x150.png 147w, https:\/\/www.isdin.com\/es\/blog\/wp-content\/uploads\/2022\/12\/Textura-3-70x70.png 70w, https:\/\/www.isdin.com\/es\/blog\/wp-content\/uploads\/2022\/12\/Textura-3-450x459.png 450w, https:\/\/www.isdin.com\/es\/blog\/wp-content\/uploads\/2022\/12\/Textura-3-20x20.png 20w, https:\/\/www.isdin.com\/es\/blog\/wp-content\/uploads\/2022\/12\/Textura-3-225x229.png 225w\" sizes=\"auto, (max-width: 670px) 100vw, 670px\" \/><\/figure><\/div>\n\n\n\n<p><\/p>\n\n\n\n<h3 class=\"wp-block-heading\">La ingesta de algunos alimentos<\/h3>\n\n\n\n<p>A todos nos gusta ese caf\u00e9 de primera hora, ese t\u00e9 a media tarde o una copa de vino de vez en cuando. Son peque\u00f1os placeres del d\u00eda a d\u00eda\u2026 pero tambi\u00e9n dejan huella en la sonrisa.<\/p>\n\n\n\n<div class=\"wp-block-media-text has-media-on-the-right is-stacked-on-mobile\"><div class=\"wp-block-media-text__content\">\n<p>Este tipo de bebidas y alimentos <a href=\"https:\/\/pubmed.ncbi.nlm.nih.gov\/39186595\/\">van depositando pigmentos sobre el esmalte<\/a>. Los m\u00e1s oscuros, como el caf\u00e9, el t\u00e9 o el vino tinto, <strong>contienen sustancias que se adhieren con facilidad y pueden hacer que los dientes se vean m\u00e1s amarillentos<\/strong> o apagados.<\/p>\n<\/div><figure class=\"wp-block-media-text__media\"><img loading=\"lazy\" decoding=\"async\" width=\"670\" height=\"683\" src=\"data:image\/gif;base64,R0lGODlhAQABAAAAACH5BAEKAAEALAAAAAABAAEAAAICTAEAOw==\" data-src=\"https:\/\/www.isdin.com\/es\/blog\/wp-content\/uploads\/2022\/12\/Textura-5.png\" alt=\"t\u00e9 negro que puede manchar los dientes\" class=\"wp-image-13471 size-full lazyload\" data-sizes=\"auto\" data-srcset=\"https:\/\/www.isdin.com\/es\/blog\/wp-content\/uploads\/2022\/12\/Textura-5.png 670w, https:\/\/www.isdin.com\/es\/blog\/wp-content\/uploads\/2022\/12\/Textura-5-294x300.png 294w, https:\/\/www.isdin.com\/es\/blog\/wp-content\/uploads\/2022\/12\/Textura-5-147x150.png 147w, https:\/\/www.isdin.com\/es\/blog\/wp-content\/uploads\/2022\/12\/Textura-5-70x70.png 70w, https:\/\/www.isdin.com\/es\/blog\/wp-content\/uploads\/2022\/12\/Textura-5-450x459.png 450w, https:\/\/www.isdin.com\/es\/blog\/wp-content\/uploads\/2022\/12\/Textura-5-20x20.png 20w, https:\/\/www.isdin.com\/es\/blog\/wp-content\/uploads\/2022\/12\/Textura-5-225x229.png 225w\" sizes=\"auto, (max-width: 670px) 100vw, 670px\" \/><\/figure><\/div>\n\n\n\n<p><\/p>\n\n\n\n<h4 class=\"wp-block-heading\" id=\"h-pero-por-que-hay-algunos-alimentos-que-manchan-mas-los-dientes\"><strong>Pero, \u00bfpor qu\u00e9 hay algunos alimentos que manchan m\u00e1s los dientes?<\/strong> <\/h4>\n\n\n\n<p>Los <a href=\"https:\/\/www.isdin.com\/es\/blog\/alimentos-buenos-para-la-piel\/\">alimentos<\/a> de color oscuro&nbsp;<strong>contienen taninos y una alta concentraci\u00f3n de agentes crom\u00f3genos<\/strong>&nbsp;que se adhieren f\u00e1cilmente al esmalte, sobre todo si no se tiene una higiene dental adecuada. Por otro lado, el consumo de&nbsp;<strong>alimentos muy \u00e1cidos<\/strong>, adem\u00e1s, da\u00f1a el esmalte y lo hace m\u00e1s susceptible a la acumulaci\u00f3n de sustancias que acabar\u00e1n provocando la alteraci\u00f3n del color dental.<\/p>\n\n\n\n<p><\/p>\n\n\n\n<p class=\"has-background\" style=\"background-color:#daf4ff\">Peque\u00f1os gestos como <strong>aclararse la boca con agua despu\u00e9s, usar pajita en algunas bebidas o no retrasar el cepillado demasiado<\/strong> pueden ayudar a mantener el color m\u00e1s uniforme.<\/p>\n\n\n\n<p><\/p>\n\n\n\n<h3 class=\"wp-block-heading\">Los genes y la edad<\/h3>\n\n\n\n<p>Este \u00faltimo motivo es muy importante; ya que no todas las sonrisas parten del mismo punto, y eso tambi\u00e9n influye en el color. Por un lado, est\u00e1 la <a href=\"https:\/\/pmc.ncbi.nlm.nih.gov\/articles\/PMC6300124\/\">gen\u00e9tica<\/a>. <strong>Hay personas con un esmalte naturalmente m\u00e1s claro y otras con un tono m\u00e1s amarillento o con mayor facilidad para que aparezcan manchas con el tiempo<\/strong>. Es algo completamente normal y forma parte de la propia biolog\u00eda de cada uno.<\/p>\n\n\n\n<div class=\"wp-block-media-text has-media-on-the-right is-stacked-on-mobile\"><div class=\"wp-block-media-text__content\">\n<p>Adem\u00e1s, conviene entender algo que muchas veces se pasa por alto: <strong>los dientes no son completamente blancos de forma natural<\/strong>. El color real del diente tiene un ligero tono amarillento porque debajo del esmalte (que es transl\u00facido) se encuentra la dentina, que es m\u00e1s amarilla. Por eso, esa \u201cblancura perfecta\u201d que vemos en redes o pel\u00edculas no siempre es realista.<\/p>\n<\/div><figure class=\"wp-block-media-text__media\"><img loading=\"lazy\" decoding=\"async\" width=\"670\" height=\"683\" src=\"data:image\/gif;base64,R0lGODlhAQABAAAAACH5BAEKAAEALAAAAAABAAEAAAICTAEAOw==\" data-src=\"https:\/\/www.isdin.com\/es\/blog\/wp-content\/uploads\/2022\/12\/Textura-2.png\" alt=\"chico sonriendo con dientes rectos y pecas\" class=\"wp-image-13468 size-full lazyload\" data-sizes=\"auto\" data-srcset=\"https:\/\/www.isdin.com\/es\/blog\/wp-content\/uploads\/2022\/12\/Textura-2.png 670w, https:\/\/www.isdin.com\/es\/blog\/wp-content\/uploads\/2022\/12\/Textura-2-294x300.png 294w, https:\/\/www.isdin.com\/es\/blog\/wp-content\/uploads\/2022\/12\/Textura-2-147x150.png 147w, https:\/\/www.isdin.com\/es\/blog\/wp-content\/uploads\/2022\/12\/Textura-2-70x70.png 70w, https:\/\/www.isdin.com\/es\/blog\/wp-content\/uploads\/2022\/12\/Textura-2-450x459.png 450w, https:\/\/www.isdin.com\/es\/blog\/wp-content\/uploads\/2022\/12\/Textura-2-20x20.png 20w, https:\/\/www.isdin.com\/es\/blog\/wp-content\/uploads\/2022\/12\/Textura-2-225x229.png 225w\" sizes=\"auto, (max-width: 670px) 100vw, 670px\" \/><\/figure><\/div>\n\n\n\n<p><\/p>\n\n\n\n<p>A esto se suma el paso del tiempo. Con los a\u00f1os, el esmalte se va desgastando y deja ver m\u00e1s la dentina, lo que hace que los dientes se vean progresivamente m\u00e1s oscuros o amarillentos.<\/p>\n\n\n\n<p><\/p>\n\n\n\n<p class=\"has-background\" style=\"background-color:#daf4ff\">Todo esto forma parte del proceso natural, aunque hoy en d\u00eda existen formas de mejorar su aspecto si as\u00ed lo deseas.<\/p>\n\n\n\n<p><\/p>\n\n\n\n<h2 class=\"wp-block-heading\" id=\"h-como-blanquear-los-dientes-sin-danarlos\">C\u00f3mo blanquear los dientes sin da\u00f1arlos<\/h2>\n\n\n\n<figure class=\"wp-block-image size-large\"><img loading=\"lazy\" decoding=\"async\" width=\"1024\" height=\"527\" src=\"data:image\/gif;base64,R0lGODlhAQABAAAAACH5BAEKAAEALAAAAAABAAEAAAICTAEAOw==\" data-src=\"https:\/\/www.isdin.com\/es\/blog\/wp-content\/uploads\/2022\/12\/Imagen-en-el-contenido-1024x527.png\" alt=\"chica sonriendo con dientes blancos y sanos\" class=\"wp-image-13463 lazyload\" data-sizes=\"auto\" data-srcset=\"https:\/\/www.isdin.com\/es\/blog\/wp-content\/uploads\/2022\/12\/Imagen-en-el-contenido-1024x527.png 1024w, https:\/\/www.isdin.com\/es\/blog\/wp-content\/uploads\/2022\/12\/Imagen-en-el-contenido-300x155.png 300w, https:\/\/www.isdin.com\/es\/blog\/wp-content\/uploads\/2022\/12\/Imagen-en-el-contenido-150x77.png 150w, https:\/\/www.isdin.com\/es\/blog\/wp-content\/uploads\/2022\/12\/Imagen-en-el-contenido-768x396.png 768w, https:\/\/www.isdin.com\/es\/blog\/wp-content\/uploads\/2022\/12\/Imagen-en-el-contenido-585x300.png 585w, https:\/\/www.isdin.com\/es\/blog\/wp-content\/uploads\/2022\/12\/Imagen-en-el-contenido-450x232.png 450w, https:\/\/www.isdin.com\/es\/blog\/wp-content\/uploads\/2022\/12\/Imagen-en-el-contenido-20x11.png 20w, https:\/\/www.isdin.com\/es\/blog\/wp-content\/uploads\/2022\/12\/Imagen-en-el-contenido-225x116.png 225w, https:\/\/www.isdin.com\/es\/blog\/wp-content\/uploads\/2022\/12\/Imagen-en-el-contenido-900x464.png 900w, https:\/\/www.isdin.com\/es\/blog\/wp-content\/uploads\/2022\/12\/Imagen-en-el-contenido.png 1200w\" sizes=\"auto, (max-width: 1024px) 100vw, 1024px\" \/><\/figure>\n\n\n\n<p><\/p>\n\n\n\n<p>Si hay un punto de partida claro, es este: <strong>el cepillado diario<\/strong>. <a href=\"https:\/\/www.isdin.com\/es\/bexident\">Mantener una rutina constante<\/a> \u2014idealmente despu\u00e9s de cada comida o, al menos, dos veces al d\u00eda durante unos dos minutos\u2014 ayuda a eliminar la placa y evitar que las manchas se acumulen sobre el esmalte.<\/p>\n\n\n\n<p>A partir de ah\u00ed, puedes dar un paso m\u00e1s incorporando un dent\u00edfrico blanqueante que acompa\u00f1e esa rutina.<\/p>\n\n\n\n<h3 class=\"wp-block-heading\">Descubre la gama Bexident Blanqueante<\/h3>\n\n\n\n<div class=\"wp-block-media-text is-stacked-on-mobile\"><figure class=\"wp-block-media-text__media\"><img loading=\"lazy\" decoding=\"async\" width=\"670\" height=\"683\" src=\"data:image\/gif;base64,R0lGODlhAQABAAAAACH5BAEKAAEALAAAAAABAAEAAAICTAEAOw==\" data-src=\"https:\/\/www.isdin.com\/es\/blog\/wp-content\/uploads\/2022\/12\/Textura-1.png\" alt=\"buena pasta de dientes blanqueante de isdin\" class=\"wp-image-13467 size-full lazyload\" data-sizes=\"auto\" data-srcset=\"https:\/\/www.isdin.com\/es\/blog\/wp-content\/uploads\/2022\/12\/Textura-1.png 670w, https:\/\/www.isdin.com\/es\/blog\/wp-content\/uploads\/2022\/12\/Textura-1-294x300.png 294w, https:\/\/www.isdin.com\/es\/blog\/wp-content\/uploads\/2022\/12\/Textura-1-147x150.png 147w, https:\/\/www.isdin.com\/es\/blog\/wp-content\/uploads\/2022\/12\/Textura-1-70x70.png 70w, https:\/\/www.isdin.com\/es\/blog\/wp-content\/uploads\/2022\/12\/Textura-1-450x459.png 450w, https:\/\/www.isdin.com\/es\/blog\/wp-content\/uploads\/2022\/12\/Textura-1-20x20.png 20w, https:\/\/www.isdin.com\/es\/blog\/wp-content\/uploads\/2022\/12\/Textura-1-225x229.png 225w\" sizes=\"auto, (max-width: 670px) 100vw, 670px\" \/><\/figure><div class=\"wp-block-media-text__content\">\n<p><a href=\"https:\/\/www.isdin.com\/es\/p\/bexident-blanqueante-pasta-dentifrica\/1436\"><strong>Bexident\u00ae Blanqueante Pasta Dent\u00edfrica<\/strong><\/a>, gracias a su tecnolog\u00eda Pro-Whitening Tech\u00ae, ayuda a eliminar manchas, proteger el esmalte y favorecer su remineralizaci\u00f3n, algo clave para mantener los dientes fuertes y evitar la <a href=\"https:\/\/www.isdin.com\/es\/blog\/sensibilidad-dental-causas-y-como-tratarla\/\">sensibilidad<\/a>.<\/p>\n<\/div><\/div>\n\n\n\n<div class=\"wp-block-media-text has-media-on-the-right is-stacked-on-mobile\"><div class=\"wp-block-media-text__content\">\n<p>Para completar la rutina, puedes a\u00f1adir un colutorio que refuerce ese efecto tras el cepillado, como <a href=\"https:\/\/www.isdin.com\/es\/p\/bexident-blanqueante-colutorio\/1437\"><strong>Bexident\u00ae Blanqueante Colutorio<\/strong><\/a>. \u00a1Su acci\u00f3n antiplaca prolongada ayuda a evitar la acumulaci\u00f3n de biofilm, uno de los factores que influyen en la p\u00e9rdida de blancura!<\/p>\n<\/div><figure class=\"wp-block-media-text__media\"><img loading=\"lazy\" decoding=\"async\" width=\"670\" height=\"683\" src=\"data:image\/gif;base64,R0lGODlhAQABAAAAACH5BAEKAAEALAAAAAABAAEAAAICTAEAOw==\" data-src=\"https:\/\/www.isdin.com\/es\/blog\/wp-content\/uploads\/2022\/12\/Textura.png\" alt=\"colutorio para blanquear dientes bexident\" class=\"wp-image-13466 size-full lazyload\" data-sizes=\"auto\" data-srcset=\"https:\/\/www.isdin.com\/es\/blog\/wp-content\/uploads\/2022\/12\/Textura.png 670w, https:\/\/www.isdin.com\/es\/blog\/wp-content\/uploads\/2022\/12\/Textura-294x300.png 294w, https:\/\/www.isdin.com\/es\/blog\/wp-content\/uploads\/2022\/12\/Textura-147x150.png 147w, https:\/\/www.isdin.com\/es\/blog\/wp-content\/uploads\/2022\/12\/Textura-70x70.png 70w, https:\/\/www.isdin.com\/es\/blog\/wp-content\/uploads\/2022\/12\/Textura-450x459.png 450w, https:\/\/www.isdin.com\/es\/blog\/wp-content\/uploads\/2022\/12\/Textura-20x20.png 20w, https:\/\/www.isdin.com\/es\/blog\/wp-content\/uploads\/2022\/12\/Textura-225x229.png 225w\" sizes=\"auto, (max-width: 670px) 100vw, 670px\" \/><\/figure><\/div>\n\n\n\n<p><\/p>\n\n\n\n<p class=\"has-background\" style=\"background-color:#daf4ff\">Este d\u00fao permite mantener una higiene m\u00e1s completa y actuar de forma continuada sobre las manchas superficiales. En personas que consumen caf\u00e9, t\u00e9 o tabaco con frecuencia, este tipo de rutina ayuda a controlar la acumulaci\u00f3n de pigmentos y a preservar un tono m\u00e1s uniforme en los dientes.<\/p>\n\n\n\n<p><\/p>\n\n\n\n<h2 class=\"wp-block-heading\">\u00bfQu\u00e9 m\u00e1s puedes hacer para blanquear tus dientes?<\/h2>\n\n\n\n<p>Una buena rutina de higiene dental es lo primero. Pero si quieres ir un paso m\u00e1s all\u00e1, piensa en esos peque\u00f1os detalles del d\u00eda a d\u00eda que muchas veces pasamos por alto.<\/p>\n\n\n\n<ol class=\"wp-block-list\">\n<li><strong>Usa m\u00e1s hilo dental.<\/strong> Sabemos que a veces es lo \u00faltimo que apetece al final del d\u00eda\u2026 pero es clave para llegar a esas zonas donde el cepillo no alcanza.<\/li>\n\n\n\n<li><strong>Ve al dentista al menos 1 vez al a\u00f1o<\/strong>. No solo por si hay alg\u00fan problema, tambi\u00e9n por la limpieza. Sales con esa sensaci\u00f3n de \u201cboca nueva\u201d que se nota incluso al sonre\u00edr.<\/li>\n\n\n\n<li><strong>Reduce (o equilibra) alimentos que ti\u00f1en.<\/strong> Si eres de caf\u00e9 diario o te gusta el vino, no hace falta dejarlo. Pero quiz\u00e1 alternarlo con agua o no alargar demasiado el tiempo antes de cepillarte.<\/li>\n<\/ol>\n\n\n\n<figure class=\"wp-block-image size-large\"><img loading=\"lazy\" decoding=\"async\" width=\"1024\" height=\"527\" src=\"data:image\/gif;base64,R0lGODlhAQABAAAAACH5BAEKAAEALAAAAAABAAEAAAICTAEAOw==\" data-src=\"https:\/\/www.isdin.com\/es\/blog\/wp-content\/uploads\/2022\/12\/Imagen-en-el-contenido-2-1024x527.png\" alt=\"pareja sonriendo con dientes blancos y sanos\" class=\"wp-image-13465 lazyload\" data-sizes=\"auto\" data-srcset=\"https:\/\/www.isdin.com\/es\/blog\/wp-content\/uploads\/2022\/12\/Imagen-en-el-contenido-2-1024x527.png 1024w, https:\/\/www.isdin.com\/es\/blog\/wp-content\/uploads\/2022\/12\/Imagen-en-el-contenido-2-300x155.png 300w, https:\/\/www.isdin.com\/es\/blog\/wp-content\/uploads\/2022\/12\/Imagen-en-el-contenido-2-150x77.png 150w, https:\/\/www.isdin.com\/es\/blog\/wp-content\/uploads\/2022\/12\/Imagen-en-el-contenido-2-768x396.png 768w, https:\/\/www.isdin.com\/es\/blog\/wp-content\/uploads\/2022\/12\/Imagen-en-el-contenido-2-585x300.png 585w, https:\/\/www.isdin.com\/es\/blog\/wp-content\/uploads\/2022\/12\/Imagen-en-el-contenido-2-450x232.png 450w, https:\/\/www.isdin.com\/es\/blog\/wp-content\/uploads\/2022\/12\/Imagen-en-el-contenido-2-20x11.png 20w, https:\/\/www.isdin.com\/es\/blog\/wp-content\/uploads\/2022\/12\/Imagen-en-el-contenido-2-225x116.png 225w, https:\/\/www.isdin.com\/es\/blog\/wp-content\/uploads\/2022\/12\/Imagen-en-el-contenido-2-900x464.png 900w, https:\/\/www.isdin.com\/es\/blog\/wp-content\/uploads\/2022\/12\/Imagen-en-el-contenido-2.png 1200w\" sizes=\"auto, (max-width: 1024px) 100vw, 1024px\" \/><\/figure>\n\n\n\n<p><\/p>\n\n\n\n<p>\u00bfNuestro \u00faltimo consejo? Una sonrisa sana, cuidada y natural siempre transmite m\u00e1s que cualquier est\u00e1ndar de blancura. El color es solo una parte; el equilibrio entre salud, h\u00e1bitos y constancia es lo que realmente se percibe.<\/p>\n","protected":false},"excerpt":{"rendered":"<p>\u00bfQu\u00e9 funciona de verdad para blanquear los dientes\u2026 y qu\u00e9 no? Aunque hay miles de consejos en internet, no todos son seguros ni eficaces. De hecho, algunos de los m\u00e1s populares pueden da\u00f1ar el esmalte y empeorar el aspecto de tu sonrisa a largo plazo.<\/p>\n","protected":false},"author":69,"featured_media":13462,"comment_status":"closed","ping_status":"closed","sticky":false,"template":"","format":"image","meta":{"footnotes":""},"categories":[1,330],"tags":[325,538],"class_list":["post-5884","post","type-post","status-publish","format-image","has-post-thumbnail","hentry","category-consejos-cuidados","category-cuidado-bucodental","tag-bexident","tag-sonrisa","post_format-post-format-image"],"yoast_head":"<!-- This site is optimized with the Yoast SEO Premium plugin v25.4 (Yoast SEO v25.4) - https:\/\/yoast.com\/wordpress\/plugins\/seo\/ -->\n<title>\u00bfC\u00f3mo blanquear los dientes? Descubre c\u00f3mo lucir una sonrisa saludable y atractiva - ISDIN<\/title>\n<meta name=\"description\" content=\"Nuestros expertos te cuentan c\u00f3mo blanquear los dientes sin poner en riesgo tu salud dental. \u00a1Descubre ahora los mejores trucos y consejos!\" \/>\n<meta name=\"robots\" content=\"index, follow, max-snippet:-1, max-image-preview:large, max-video-preview:-1\" \/>\n<link rel=\"canonical\" href=\"https:\/\/www.isdin.com\/es\/blog\/como-blanquear-los-dientes\/\" \/>\n<meta property=\"og:locale\" content=\"es_ES\" \/>\n<meta property=\"og:type\" content=\"article\" \/>\n<meta property=\"og:title\" content=\"\u00bfC\u00f3mo blanquear los dientes? Descubre c\u00f3mo lucir una sonrisa saludable y atractiva\" \/>\n<meta property=\"og:description\" content=\"Nuestros expertos te cuentan c\u00f3mo blanquear los dientes sin poner en riesgo tu salud dental. \u00a1Descubre ahora los mejores trucos y consejos!\" \/>\n<meta property=\"og:url\" content=\"https:\/\/www.isdin.com\/es\/blog\/como-blanquear-los-dientes\/\" \/>\n<meta property=\"og:site_name\" content=\"ISDIN\" \/>\n<meta property=\"article:publisher\" content=\"https:\/\/es-es.facebook.com\/ISDIN.official\/\" \/>\n<meta property=\"article:published_time\" content=\"2026-04-20T15:00:39+00:00\" \/>\n<meta property=\"article:modified_time\" content=\"2026-04-20T15:00:42+00:00\" \/>\n<meta property=\"og:image\" content=\"https:\/\/www.isdin.com\/es\/blog\/wp-content\/uploads\/2021\/03\/2022_Blog_HigieneBucal_imagen_Facebook.jpg\" \/>\n\t<meta property=\"og:image:width\" content=\"2400\" \/>\n\t<meta property=\"og:image:height\" content=\"1260\" \/>\n\t<meta property=\"og:image:type\" content=\"image\/jpeg\" \/>\n<meta name=\"author\" content=\"Belinda Mart\u00ednez\" \/>\n<meta name=\"twitter:card\" content=\"summary_large_image\" \/>\n<meta name=\"twitter:creator\" content=\"@isdin_official\" \/>\n<meta name=\"twitter:site\" content=\"@isdin_official\" \/>\n<meta name=\"twitter:label1\" content=\"Written by\" \/>\n\t<meta name=\"twitter:data1\" content=\"Belinda Mart\u00ednez\" \/>\n\t<meta name=\"twitter:label2\" content=\"Est. reading time\" \/>\n\t<meta name=\"twitter:data2\" content=\"8 minutes\" \/>\n<script type=\"application\/ld+json\" class=\"yoast-schema-graph\">{\"@context\":\"https:\/\/schema.org\",\"@graph\":[{\"@type\":\"Article\",\"@id\":\"https:\/\/www.isdin.com\/es\/blog\/como-blanquear-los-dientes\/#article\",\"isPartOf\":{\"@id\":\"https:\/\/www.isdin.com\/es\/blog\/como-blanquear-los-dientes\/\"},\"author\":{\"name\":\"Belinda Mart\u00ednez\",\"@id\":\"https:\/\/www.isdin.com\/es\/blog\/#\/schema\/person\/684015d7d9e78124cb4aa660f6fe8576\"},\"headline\":\"\u00bfC\u00f3mo blanquear los dientes? Descubre c\u00f3mo lucir una sonrisa saludable y atractiva\",\"datePublished\":\"2026-04-20T15:00:39+00:00\",\"dateModified\":\"2026-04-20T15:00:42+00:00\",\"mainEntityOfPage\":{\"@id\":\"https:\/\/www.isdin.com\/es\/blog\/como-blanquear-los-dientes\/\"},\"wordCount\":1339,\"publisher\":{\"@id\":\"https:\/\/www.isdin.com\/es\/blog\/#organization\"},\"image\":{\"@id\":\"https:\/\/www.isdin.com\/es\/blog\/como-blanquear-los-dientes\/#primaryimage\"},\"thumbnailUrl\":\"https:\/\/www.isdin.com\/es\/blog\/wp-content\/uploads\/2022\/12\/Header.png\",\"keywords\":[\"bexident\",\"sonrisa\"],\"articleSection\":[\"Consejos y cuidados\",\"Cuidado bucodental\"],\"inLanguage\":\"es-ES\"},{\"@type\":\"WebPage\",\"@id\":\"https:\/\/www.isdin.com\/es\/blog\/como-blanquear-los-dientes\/\",\"url\":\"https:\/\/www.isdin.com\/es\/blog\/como-blanquear-los-dientes\/\",\"name\":\"\u00bfC\u00f3mo blanquear los dientes? Descubre c\u00f3mo lucir una sonrisa saludable y atractiva - ISDIN\",\"isPartOf\":{\"@id\":\"https:\/\/www.isdin.com\/es\/blog\/#website\"},\"primaryImageOfPage\":{\"@id\":\"https:\/\/www.isdin.com\/es\/blog\/como-blanquear-los-dientes\/#primaryimage\"},\"image\":{\"@id\":\"https:\/\/www.isdin.com\/es\/blog\/como-blanquear-los-dientes\/#primaryimage\"},\"thumbnailUrl\":\"https:\/\/www.isdin.com\/es\/blog\/wp-content\/uploads\/2022\/12\/Header.png\",\"datePublished\":\"2026-04-20T15:00:39+00:00\",\"dateModified\":\"2026-04-20T15:00:42+00:00\",\"description\":\"Nuestros expertos te cuentan c\u00f3mo blanquear los dientes sin poner en riesgo tu salud dental. \u00a1Descubre ahora los mejores trucos y consejos!\",\"breadcrumb\":{\"@id\":\"https:\/\/www.isdin.com\/es\/blog\/como-blanquear-los-dientes\/#breadcrumb\"},\"inLanguage\":\"es-ES\",\"potentialAction\":[{\"@type\":\"ReadAction\",\"target\":[\"https:\/\/www.isdin.com\/es\/blog\/como-blanquear-los-dientes\/\"]}]},{\"@type\":\"ImageObject\",\"inLanguage\":\"es-ES\",\"@id\":\"https:\/\/www.isdin.com\/es\/blog\/como-blanquear-los-dientes\/#primaryimage\",\"url\":\"https:\/\/www.isdin.com\/es\/blog\/wp-content\/uploads\/2022\/12\/Header.png\",\"contentUrl\":\"https:\/\/www.isdin.com\/es\/blog\/wp-content\/uploads\/2022\/12\/Header.png\",\"width\":1200,\"height\":760,\"caption\":\"chica sonriendo con pasta dentrifica bexident blanqueante\"},{\"@type\":\"BreadcrumbList\",\"@id\":\"https:\/\/www.isdin.com\/es\/blog\/como-blanquear-los-dientes\/#breadcrumb\",\"itemListElement\":[{\"@type\":\"ListItem\",\"position\":1,\"name\":\"Portada\",\"item\":\"https:\/\/www.isdin.com\/es\/blog\/\"},{\"@type\":\"ListItem\",\"position\":2,\"name\":\"\u00bfC\u00f3mo blanquear los dientes? Descubre c\u00f3mo lucir una sonrisa saludable y atractiva\"}]},{\"@type\":\"WebSite\",\"@id\":\"https:\/\/www.isdin.com\/es\/blog\/#website\",\"url\":\"https:\/\/www.isdin.com\/es\/blog\/\",\"name\":\"ISDIN\",\"description\":\"Novedades, lanzamientos de productos y toda la experiencia de ISDIN\",\"publisher\":{\"@id\":\"https:\/\/www.isdin.com\/es\/blog\/#organization\"},\"potentialAction\":[{\"@type\":\"SearchAction\",\"target\":{\"@type\":\"EntryPoint\",\"urlTemplate\":\"https:\/\/www.isdin.com\/es\/blog\/?s={search_term_string}\"},\"query-input\":{\"@type\":\"PropertyValueSpecification\",\"valueRequired\":true,\"valueName\":\"search_term_string\"}}],\"inLanguage\":\"es-ES\"},{\"@type\":\"Organization\",\"@id\":\"https:\/\/www.isdin.com\/es\/blog\/#organization\",\"name\":\"ISDIN\",\"alternateName\":\"ISDIN\",\"url\":\"https:\/\/www.isdin.com\/es\/blog\/\",\"logo\":{\"@type\":\"ImageObject\",\"inLanguage\":\"es-ES\",\"@id\":\"https:\/\/www.isdin.com\/es\/blog\/#\/schema\/logo\/image\/\",\"url\":\"https:\/\/www.isdin.com\/es\/blog\/wp-content\/uploads\/2024\/05\/2025_03_GuiaFoto_FWM.png\",\"contentUrl\":\"https:\/\/www.isdin.com\/es\/blog\/wp-content\/uploads\/2024\/05\/2025_03_GuiaFoto_FWM.png\",\"width\":670,\"height\":683,\"caption\":\"ISDIN\"},\"image\":{\"@id\":\"https:\/\/www.isdin.com\/es\/blog\/#\/schema\/logo\/image\/\"},\"sameAs\":[\"https:\/\/es-es.facebook.com\/ISDIN.official\/\",\"https:\/\/x.com\/isdin_official\",\"https:\/\/www.instagram.com\/isdinofficial\",\"https:\/\/www.youtube.com\/channel\/UCtoNJMKpDwdFLqgV23_lcqg\"],\"telephone\":\"659997812\"},{\"@type\":\"Person\",\"@id\":\"https:\/\/www.isdin.com\/es\/blog\/#\/schema\/person\/684015d7d9e78124cb4aa660f6fe8576\",\"name\":\"Belinda Mart\u00ednez\",\"image\":{\"@type\":\"ImageObject\",\"inLanguage\":\"es-ES\",\"@id\":\"https:\/\/www.isdin.com\/es\/blog\/#\/schema\/person\/image\/\",\"url\":\"https:\/\/www.isdin.com\/es\/blog\/wp-content\/uploads\/2017\/07\/jjjj.jpg\",\"contentUrl\":\"https:\/\/www.isdin.com\/es\/blog\/wp-content\/uploads\/2017\/07\/jjjj.jpg\",\"caption\":\"Belinda Mart\u00ednez\"},\"description\":\"Belinda es periodista y copywriter creativa. Tras a\u00f1os de experiencia, decidi\u00f3 fusionar sus habilidades de escritura con su amor por el skincare, convirti\u00e9ndose en una especialista en la materia. \u00bfSu imprescindible? Un buen b\u00e1lsamo de labios.\",\"sameAs\":[\"https:\/\/www.linkedin.com\/in\/thisisbel\/\"],\"url\":\"https:\/\/www.isdin.com\/es\/blog\/author\/belindamartinez\/\"}]}<\/script>\n<!-- \/ Yoast SEO Premium plugin. -->","yoast_head_json":{"title":"\u00bfC\u00f3mo blanquear los dientes? Descubre c\u00f3mo lucir una sonrisa saludable y atractiva - ISDIN","description":"Nuestros expertos te cuentan c\u00f3mo blanquear los dientes sin poner en riesgo tu salud dental. \u00a1Descubre ahora los mejores trucos y consejos!","robots":{"index":"index","follow":"follow","max-snippet":"max-snippet:-1","max-image-preview":"max-image-preview:large","max-video-preview":"max-video-preview:-1"},"canonical":"https:\/\/www.isdin.com\/es\/blog\/como-blanquear-los-dientes\/","og_locale":"es_ES","og_type":"article","og_title":"\u00bfC\u00f3mo blanquear los dientes? Descubre c\u00f3mo lucir una sonrisa saludable y atractiva","og_description":"Nuestros expertos te cuentan c\u00f3mo blanquear los dientes sin poner en riesgo tu salud dental. \u00a1Descubre ahora los mejores trucos y consejos!","og_url":"https:\/\/www.isdin.com\/es\/blog\/como-blanquear-los-dientes\/","og_site_name":"ISDIN","article_publisher":"https:\/\/es-es.facebook.com\/ISDIN.official\/","article_published_time":"2026-04-20T15:00:39+00:00","article_modified_time":"2026-04-20T15:00:42+00:00","og_image":[{"width":2400,"height":1260,"url":"https:\/\/www.isdin.com\/es\/blog\/wp-content\/uploads\/2021\/03\/2022_Blog_HigieneBucal_imagen_Facebook.jpg","type":"image\/jpeg"}],"author":"Belinda Mart\u00ednez","twitter_card":"summary_large_image","twitter_creator":"@isdin_official","twitter_site":"@isdin_official","twitter_misc":{"Written by":"Belinda Mart\u00ednez","Est. reading time":"8 minutes"},"schema":{"@context":"https:\/\/schema.org","@graph":[{"@type":"Article","@id":"https:\/\/www.isdin.com\/es\/blog\/como-blanquear-los-dientes\/#article","isPartOf":{"@id":"https:\/\/www.isdin.com\/es\/blog\/como-blanquear-los-dientes\/"},"author":{"name":"Belinda Mart\u00ednez","@id":"https:\/\/www.isdin.com\/es\/blog\/#\/schema\/person\/684015d7d9e78124cb4aa660f6fe8576"},"headline":"\u00bfC\u00f3mo blanquear los dientes? Descubre c\u00f3mo lucir una sonrisa saludable y atractiva","datePublished":"2026-04-20T15:00:39+00:00","dateModified":"2026-04-20T15:00:42+00:00","mainEntityOfPage":{"@id":"https:\/\/www.isdin.com\/es\/blog\/como-blanquear-los-dientes\/"},"wordCount":1339,"publisher":{"@id":"https:\/\/www.isdin.com\/es\/blog\/#organization"},"image":{"@id":"https:\/\/www.isdin.com\/es\/blog\/como-blanquear-los-dientes\/#primaryimage"},"thumbnailUrl":"https:\/\/www.isdin.com\/es\/blog\/wp-content\/uploads\/2022\/12\/Header.png","keywords":["bexident","sonrisa"],"articleSection":["Consejos y cuidados","Cuidado bucodental"],"inLanguage":"es-ES"},{"@type":"WebPage","@id":"https:\/\/www.isdin.com\/es\/blog\/como-blanquear-los-dientes\/","url":"https:\/\/www.isdin.com\/es\/blog\/como-blanquear-los-dientes\/","name":"\u00bfC\u00f3mo blanquear los dientes? Descubre c\u00f3mo lucir una sonrisa saludable y atractiva - ISDIN","isPartOf":{"@id":"https:\/\/www.isdin.com\/es\/blog\/#website"},"primaryImageOfPage":{"@id":"https:\/\/www.isdin.com\/es\/blog\/como-blanquear-los-dientes\/#primaryimage"},"image":{"@id":"https:\/\/www.isdin.com\/es\/blog\/como-blanquear-los-dientes\/#primaryimage"},"thumbnailUrl":"https:\/\/www.isdin.com\/es\/blog\/wp-content\/uploads\/2022\/12\/Header.png","datePublished":"2026-04-20T15:00:39+00:00","dateModified":"2026-04-20T15:00:42+00:00","description":"Nuestros expertos te cuentan c\u00f3mo blanquear los dientes sin poner en riesgo tu salud dental. \u00a1Descubre ahora los mejores trucos y consejos!","breadcrumb":{"@id":"https:\/\/www.isdin.com\/es\/blog\/como-blanquear-los-dientes\/#breadcrumb"},"inLanguage":"es-ES","potentialAction":[{"@type":"ReadAction","target":["https:\/\/www.isdin.com\/es\/blog\/como-blanquear-los-dientes\/"]}]},{"@type":"ImageObject","inLanguage":"es-ES","@id":"https:\/\/www.isdin.com\/es\/blog\/como-blanquear-los-dientes\/#primaryimage","url":"https:\/\/www.isdin.com\/es\/blog\/wp-content\/uploads\/2022\/12\/Header.png","contentUrl":"https:\/\/www.isdin.com\/es\/blog\/wp-content\/uploads\/2022\/12\/Header.png","width":1200,"height":760,"caption":"chica sonriendo con pasta dentrifica bexident blanqueante"},{"@type":"BreadcrumbList","@id":"https:\/\/www.isdin.com\/es\/blog\/como-blanquear-los-dientes\/#breadcrumb","itemListElement":[{"@type":"ListItem","position":1,"name":"Portada","item":"https:\/\/www.isdin.com\/es\/blog\/"},{"@type":"ListItem","position":2,"name":"\u00bfC\u00f3mo blanquear los dientes? Descubre c\u00f3mo lucir una sonrisa saludable y atractiva"}]},{"@type":"WebSite","@id":"https:\/\/www.isdin.com\/es\/blog\/#website","url":"https:\/\/www.isdin.com\/es\/blog\/","name":"ISDIN","description":"Novedades, lanzamientos de productos y toda la experiencia de ISDIN","publisher":{"@id":"https:\/\/www.isdin.com\/es\/blog\/#organization"},"potentialAction":[{"@type":"SearchAction","target":{"@type":"EntryPoint","urlTemplate":"https:\/\/www.isdin.com\/es\/blog\/?s={search_term_string}"},"query-input":{"@type":"PropertyValueSpecification","valueRequired":true,"valueName":"search_term_string"}}],"inLanguage":"es-ES"},{"@type":"Organization","@id":"https:\/\/www.isdin.com\/es\/blog\/#organization","name":"ISDIN","alternateName":"ISDIN","url":"https:\/\/www.isdin.com\/es\/blog\/","logo":{"@type":"ImageObject","inLanguage":"es-ES","@id":"https:\/\/www.isdin.com\/es\/blog\/#\/schema\/logo\/image\/","url":"https:\/\/www.isdin.com\/es\/blog\/wp-content\/uploads\/2024\/05\/2025_03_GuiaFoto_FWM.png","contentUrl":"https:\/\/www.isdin.com\/es\/blog\/wp-content\/uploads\/2024\/05\/2025_03_GuiaFoto_FWM.png","width":670,"height":683,"caption":"ISDIN"},"image":{"@id":"https:\/\/www.isdin.com\/es\/blog\/#\/schema\/logo\/image\/"},"sameAs":["https:\/\/es-es.facebook.com\/ISDIN.official\/","https:\/\/x.com\/isdin_official","https:\/\/www.instagram.com\/isdinofficial","https:\/\/www.youtube.com\/channel\/UCtoNJMKpDwdFLqgV23_lcqg"],"telephone":"659997812"},{"@type":"Person","@id":"https:\/\/www.isdin.com\/es\/blog\/#\/schema\/person\/684015d7d9e78124cb4aa660f6fe8576","name":"Belinda Mart\u00ednez","image":{"@type":"ImageObject","inLanguage":"es-ES","@id":"https:\/\/www.isdin.com\/es\/blog\/#\/schema\/person\/image\/","url":"https:\/\/www.isdin.com\/es\/blog\/wp-content\/uploads\/2017\/07\/jjjj.jpg","contentUrl":"https:\/\/www.isdin.com\/es\/blog\/wp-content\/uploads\/2017\/07\/jjjj.jpg","caption":"Belinda Mart\u00ednez"},"description":"Belinda es periodista y copywriter creativa. Tras a\u00f1os de experiencia, decidi\u00f3 fusionar sus habilidades de escritura con su amor por el skincare, convirti\u00e9ndose en una especialista en la materia. \u00bfSu imprescindible? Un buen b\u00e1lsamo de labios.","sameAs":["https:\/\/www.linkedin.com\/in\/thisisbel\/"],"url":"https:\/\/www.isdin.com\/es\/blog\/author\/belindamartinez\/"}]}},"_links":{"self":[{"href":"https:\/\/www.isdin.com\/es\/blog\/wp-json\/wp\/v2\/posts\/5884","targetHints":{"allow":["GET"]}}],"collection":[{"href":"https:\/\/www.isdin.com\/es\/blog\/wp-json\/wp\/v2\/posts"}],"about":[{"href":"https:\/\/www.isdin.com\/es\/blog\/wp-json\/wp\/v2\/types\/post"}],"author":[{"embeddable":true,"href":"https:\/\/www.isdin.com\/es\/blog\/wp-json\/wp\/v2\/users\/69"}],"replies":[{"embeddable":true,"href":"https:\/\/www.isdin.com\/es\/blog\/wp-json\/wp\/v2\/comments?post=5884"}],"version-history":[{"count":7,"href":"https:\/\/www.isdin.com\/es\/blog\/wp-json\/wp\/v2\/posts\/5884\/revisions"}],"predecessor-version":[{"id":13472,"href":"https:\/\/www.isdin.com\/es\/blog\/wp-json\/wp\/v2\/posts\/5884\/revisions\/13472"}],"wp:featuredmedia":[{"embeddable":true,"href":"https:\/\/www.isdin.com\/es\/blog\/wp-json\/wp\/v2\/media\/13462"}],"wp:attachment":[{"href":"https:\/\/www.isdin.com\/es\/blog\/wp-json\/wp\/v2\/media?parent=5884"}],"wp:term":[{"taxonomy":"category","embeddable":true,"href":"https:\/\/www.isdin.com\/es\/blog\/wp-json\/wp\/v2\/categories?post=5884"},{"taxonomy":"post_tag","embeddable":true,"href":"https:\/\/www.isdin.com\/es\/blog\/wp-json\/wp\/v2\/tags?post=5884"}],"curies":[{"name":"wp","href":"https:\/\/api.w.org\/{rel}","templated":true}]}}