{"id":5605,"date":"2025-10-03T09:46:59","date_gmt":"2025-10-03T09:46:59","guid":{"rendered":"https:\/\/www.isdin.com\/es\/blog\/?p=5605"},"modified":"2025-10-03T09:50:22","modified_gmt":"2025-10-03T09:50:22","slug":"como-aplicar-el-contorno-de-ojos","status":"publish","type":"post","link":"https:\/\/www.isdin.com\/es\/blog\/como-aplicar-el-contorno-de-ojos\/","title":{"rendered":"\u00bfC\u00f3mo aplicar el contorno de ojos? Te lo explica Alba Villanueva, ISDIN Dermalab Manager"},"content":{"rendered":"\n<p>Has encontrado por fin tu contorno de ojos ideal, ese producto que promete convertirse en tu mejor aliado para despertar la mirada. Lo tienes en tus manos, est\u00e1s deseando incorporarlo a tu rutina, pero surge la gran pregunta: <strong>\u00bfc\u00f3mo se aplica correctamente el contorno de ojos para que realmente funcione?<\/strong><\/p>\n\n\n\n<p>Cuando se utiliza bien, este peque\u00f1o gesto marca la diferencia: hidrata la piel m\u00e1s delicada del rostro, previene arrugas prematuras y ayuda a reducir bolsas y ojeras, devolviendo frescura y luminosidad a la zona.<\/p>\n\n\n\n<p>Y aqu\u00ed est\u00e1 la clave: no se trata solo de aplicarlo, sino de <strong>saber aplicarlo<\/strong>. Para despejar dudas y descubrir c\u00f3mo aplicar el contorno de ojos paso a paso, <strong>hablamos con Alba Villanueva, ISDIN Dermalab Manager, quien nos revela adem\u00e1s los 4 errores m\u00e1s comunes que solemos cometer sin darnos cuenta<\/strong>.<\/p>\n\n\n\n<h2 class=\"wp-block-heading\" id=\"h-como-elegir-un-contorno-de-ojos\">\u00bfC\u00f3mo elegir un contorno de ojos?<\/h2>\n\n\n\n<p>\u00bfSab\u00edas que la piel del contorno <a href=\"https:\/\/pubmed.ncbi.nlm.nih.gov\/17374058\/\" target=\"_blank\" rel=\"noreferrer noopener\">es una de las m\u00e1s finas del rostro<\/a>? Es una de las zonas m\u00e1s delicadas, menos resistente y, por lo tanto, m\u00e1s vulnerable al paso del tiempo y a los efectos de nuestro estilo de vida. Por eso, cuidarla con un producto espec\u00edfico es esencial si queremos mantener una mirada fresca y luminosa.<\/p>\n\n\n\n<figure class=\"wp-block-image size-full\"><img loading=\"lazy\" decoding=\"async\" width=\"2400\" height=\"1236\" src=\"data:image\/gif;base64,R0lGODlhAQABAAAAACH5BAEKAAEALAAAAAABAAEAAAICTAEAOw==\" data-src=\"https:\/\/www.isdin.com\/es\/blog\/wp-content\/uploads\/2024\/06\/Producto-Textura-19.png\" alt=\"\u00bfC\u00f3mo elegir un contorno de ojos?\" class=\"wp-image-12748 lazyload\" data-sizes=\"auto\" data-srcset=\"https:\/\/www.isdin.com\/es\/blog\/wp-content\/uploads\/2024\/06\/Producto-Textura-19.png 2400w, https:\/\/www.isdin.com\/es\/blog\/wp-content\/uploads\/2024\/06\/Producto-Textura-19-300x155.png 300w, https:\/\/www.isdin.com\/es\/blog\/wp-content\/uploads\/2024\/06\/Producto-Textura-19-1024x527.png 1024w, https:\/\/www.isdin.com\/es\/blog\/wp-content\/uploads\/2024\/06\/Producto-Textura-19-150x77.png 150w, https:\/\/www.isdin.com\/es\/blog\/wp-content\/uploads\/2024\/06\/Producto-Textura-19-768x396.png 768w, https:\/\/www.isdin.com\/es\/blog\/wp-content\/uploads\/2024\/06\/Producto-Textura-19-1536x791.png 1536w, https:\/\/www.isdin.com\/es\/blog\/wp-content\/uploads\/2024\/06\/Producto-Textura-19-2048x1055.png 2048w, https:\/\/www.isdin.com\/es\/blog\/wp-content\/uploads\/2024\/06\/Producto-Textura-19-585x300.png 585w, https:\/\/www.isdin.com\/es\/blog\/wp-content\/uploads\/2024\/06\/Producto-Textura-19-450x232.png 450w, https:\/\/www.isdin.com\/es\/blog\/wp-content\/uploads\/2024\/06\/Producto-Textura-19-20x11.png 20w, https:\/\/www.isdin.com\/es\/blog\/wp-content\/uploads\/2024\/06\/Producto-Textura-19-225x116.png 225w, https:\/\/www.isdin.com\/es\/blog\/wp-content\/uploads\/2024\/06\/Producto-Textura-19-900x464.png 900w, https:\/\/www.isdin.com\/es\/blog\/wp-content\/uploads\/2024\/06\/Producto-Textura-19-1350x695.png 1350w\" sizes=\"auto, (max-width: 2400px) 100vw, 2400px\" \/><\/figure>\n\n\n\n<p><\/p>\n\n\n\n<p>A la hora de elegirlo, tienes que tener en cuenta tus necesidades espec\u00edficas. <strong>No todos los contornos de ojos son iguales<\/strong>, as\u00ed que c\u00e9ntrate en los ingredientes y aseg\u00farate de que sean adecuados para tu <a href=\"https:\/\/www.isdin.com\/es\/blog\/como-cuidar-piel-rostro\/\">tipo de piel<\/a>. Para Alba, esto marcar\u00e1 la diferencia. As\u00ed nos lo explica:<\/p>\n\n\n\n<ul class=\"wp-block-list\">\n<li>\u2018\u2019Si tienes bolsas y ojeras, recomendamos utilizar un <a href=\"https:\/\/www.isdin.com\/producto\/isdinceutics\/k-ox-eyes\">contorno de ojos con vitamina K \u00f3xido<\/a>\u2019\u2019. Este ingrediente te ayudar\u00e1 a iluminar tu mirada, adem\u00e1s de restaurar la elasticidad de tu piel.<\/li>\n\n\n\n<li>\u2018\u2019Si, por lo contrario, te preocupa el envejecimiento de la zona con arrugas y l\u00edneas de expresi\u00f3n, un <a href=\"https:\/\/www.isdin.com\/producto\/isdinceutics\/vital-eyes\">contorno de ojos con melatonina y cafe\u00edna<\/a> es ideal\u2019\u2019. Estos ingredientes actuar\u00e1n mientras duermes para combatir el <a href=\"https:\/\/www.isdin.com\/blog\/que-es-la-oxidacion-de-la-piel\/\">estr\u00e9s oxidativo<\/a> causado a lo largo del d\u00eda y mejorar los signos del envejecimiento de la piel.<\/li>\n\n\n\n<li>\u2018\u2019Si buscas hidratar y refrescar tu mirada, lo mejor ser\u00e1 un contorno de ojos con <a href=\"https:\/\/www.isdin.com\/blog\/para-que-sirve-acido-hialuronico\/\">\u00e1cido hialur\u00f3nico<\/a>\u201d. Los beneficios de este ingrediente son m\u00faltiples, ya que potencia la suavidad de la zona a la vez que ayuda a combatir las l\u00edneas de expresi\u00f3n asociadas a la deshidrataci\u00f3n.<\/li>\n\n\n\n<li>\u201cCuando hablamos de arrugas m\u00e1s profundas o p\u00e9rdida de firmeza, el <a href=\"https:\/\/www.isdin.com\/blog\/retinal-guia-para-principiantes\/\">retinal<\/a> se convierte en el mejor aliado\u201d. Este activo estimula la renovaci\u00f3n celular, potencia la producci\u00f3n natural de <a href=\"https:\/\/www.isdin.com\/blog\/beneficios-del-colageno-para-la-piel\/\">col\u00e1geno<\/a> y ayuda a suavizar visiblemente las <a href=\"https:\/\/www.isdin.com\/es\/blog\/como-envejece-nuestra-piel\/\">l\u00edneas de expresi\u00f3n<\/a>.<\/li>\n<\/ul>\n\n\n\n<p><\/p>\n\n\n\n<p class=\"has-background\" style=\"background-color:#f2e0bf7d\">Algunas f\u00f3rmulas como la de <a href=\"https:\/\/www.isdin.com\/es\/p\/hyaluronic-eyes\/4319\">Hyaluronic Eyes<\/a> sirven como mascarilla hidratante o base para preparar la piel antes del <a href=\"http:\/\/www.isdin.com\/es\/blog\/maquillaje-skincare-spf50-isdin-coverage\">maquillaje<\/a>. Adem\u00e1s, puedes guardarlo en la nevera o en el congelador para un efecto extra fr\u00edo, y as\u00ed presumir de una mirada energizada cada d\u00eda.<\/p>\n\n\n\n<p><\/p>\n\n\n\n<h2 class=\"wp-block-heading\">Los 3 pasos clave para aplicar el contorno de ojos<\/h2>\n\n\n\n<p>Hoy Alba nos explica c\u00f3mo debemos aplicar correctamente el contorno de ojos, en especial aquellos que incorporan un aplicador para facilitar su uso.<\/p>\n\n\n\n<p><\/p>\n\n\n\n<h3 class=\"wp-block-heading\">Paso 1<\/h3>\n\n\n\n<div class=\"wp-block-media-text alignwide is-stacked-on-mobile\"><figure class=\"wp-block-media-text__media\"><img loading=\"lazy\" decoding=\"async\" width=\"670\" height=\"683\" src=\"data:image\/gif;base64,R0lGODlhAQABAAAAACH5BAEKAAEALAAAAAABAAEAAAICTAEAOw==\" data-src=\"https:\/\/www.isdin.com\/es\/blog\/wp-content\/uploads\/2024\/06\/Textura-10.png\" alt=\"Paso 1\" class=\"wp-image-12749 size-full lazyload\" data-sizes=\"auto\" data-srcset=\"https:\/\/www.isdin.com\/es\/blog\/wp-content\/uploads\/2024\/06\/Textura-10.png 670w, https:\/\/www.isdin.com\/es\/blog\/wp-content\/uploads\/2024\/06\/Textura-10-294x300.png 294w, https:\/\/www.isdin.com\/es\/blog\/wp-content\/uploads\/2024\/06\/Textura-10-147x150.png 147w, https:\/\/www.isdin.com\/es\/blog\/wp-content\/uploads\/2024\/06\/Textura-10-70x70.png 70w, https:\/\/www.isdin.com\/es\/blog\/wp-content\/uploads\/2024\/06\/Textura-10-450x459.png 450w, https:\/\/www.isdin.com\/es\/blog\/wp-content\/uploads\/2024\/06\/Textura-10-20x20.png 20w, https:\/\/www.isdin.com\/es\/blog\/wp-content\/uploads\/2024\/06\/Textura-10-225x229.png 225w\" sizes=\"auto, (max-width: 670px) 100vw, 670px\" \/><\/figure><div class=\"wp-block-media-text__content\">\n<p><\/p>\n\n\n\n<p>\u00a1Coge el producto y aplica en la yema del dedo <strong>una cantidad aproximada al tama\u00f1o de un grano de arroz<\/strong>. Despu\u00e9s, distribuye el contorno en la zona del contorno de los ojos, llegando tambi\u00e9n a las patas de gallo.<\/p>\n\n\n\n<p>Algunos contornos permiten aplicarse tambi\u00e9n en los p\u00e1rpados superiores. Si es tu caso, extiende el producto con suavidad por todo el ojo, evitando siempre el lagrimal.<\/p>\n<\/div><\/div>\n\n\n\n<p><\/p>\n\n\n\n<h4 class=\"wp-block-heading\" id=\"h-atencion-si-tu-contorno-contiene-retinal\"><strong>Atenci\u00f3n si tu contorno contiene retinal<\/strong><\/h4>\n\n\n\n<p>Estos activos necesitan un periodo de adaptaci\u00f3n (<em>retinizaci\u00f3n<\/em>). Empieza aplic\u00e1ndolo solo unas pocas noches a la semana y aumenta progresivamente la frecuencia seg\u00fan la tolerancia de tu piel.<\/p>\n\n\n\n<p><\/p>\n\n\n\n<p><span style=\"font-weight: 400;\"><\/span><\/p>\n\n\n\n<h3 class=\"wp-block-heading\">Paso 2<\/h3>\n\n\n\n<div class=\"wp-block-media-text alignwide has-media-on-the-right is-stacked-on-mobile\"><div class=\"wp-block-media-text__content\">\n<p><\/p>\n\n\n\n<p>Masajea el producto con tus dedos o con ayuda del aplicador si tu contorno lo incluye. <strong>El masaje debe ser suave y siempre desde el interior hacia el exterior<\/strong>, desde el lagrimal hacia la zona de las patas de gallo.<\/p>\n\n\n\n<p>Este movimiento favorece el drenaje linf\u00e1tico y la microcirculaci\u00f3n, ayudando a que el producto se absorba mejor y la piel quede m\u00e1s relajada.<\/p>\n<\/div><figure class=\"wp-block-media-text__media\"><img loading=\"lazy\" decoding=\"async\" width=\"670\" height=\"683\" src=\"data:image\/gif;base64,R0lGODlhAQABAAAAACH5BAEKAAEALAAAAAABAAEAAAICTAEAOw==\" data-src=\"https:\/\/www.isdin.com\/es\/blog\/wp-content\/uploads\/2024\/06\/Textura-15.png\" alt=\"Paso 2\" class=\"wp-image-12750 size-full lazyload\" data-sizes=\"auto\" data-srcset=\"https:\/\/www.isdin.com\/es\/blog\/wp-content\/uploads\/2024\/06\/Textura-15.png 670w, https:\/\/www.isdin.com\/es\/blog\/wp-content\/uploads\/2024\/06\/Textura-15-294x300.png 294w, https:\/\/www.isdin.com\/es\/blog\/wp-content\/uploads\/2024\/06\/Textura-15-147x150.png 147w, https:\/\/www.isdin.com\/es\/blog\/wp-content\/uploads\/2024\/06\/Textura-15-70x70.png 70w, https:\/\/www.isdin.com\/es\/blog\/wp-content\/uploads\/2024\/06\/Textura-15-450x459.png 450w, https:\/\/www.isdin.com\/es\/blog\/wp-content\/uploads\/2024\/06\/Textura-15-20x20.png 20w, https:\/\/www.isdin.com\/es\/blog\/wp-content\/uploads\/2024\/06\/Textura-15-225x229.png 225w\" sizes=\"auto, (max-width: 670px) 100vw, 670px\" \/><\/figure><\/div>\n\n\n\n<p><\/p>\n\n\n\n<p><\/p>\n\n\n\n<p><\/p>\n\n\n\n<h3 class=\"wp-block-heading\">Paso 3<\/h3>\n\n\n\n<div class=\"wp-block-media-text alignwide is-stacked-on-mobile\"><figure class=\"wp-block-media-text__media\"><img loading=\"lazy\" decoding=\"async\" width=\"670\" height=\"683\" src=\"data:image\/gif;base64,R0lGODlhAQABAAAAACH5BAEKAAEALAAAAAABAAEAAAICTAEAOw==\" data-src=\"https:\/\/www.isdin.com\/es\/blog\/wp-content\/uploads\/2024\/06\/Textura-14.png\" alt=\"\" class=\"wp-image-12751 size-full lazyload\" data-sizes=\"auto\" data-srcset=\"https:\/\/www.isdin.com\/es\/blog\/wp-content\/uploads\/2024\/06\/Textura-14.png 670w, https:\/\/www.isdin.com\/es\/blog\/wp-content\/uploads\/2024\/06\/Textura-14-294x300.png 294w, https:\/\/www.isdin.com\/es\/blog\/wp-content\/uploads\/2024\/06\/Textura-14-147x150.png 147w, https:\/\/www.isdin.com\/es\/blog\/wp-content\/uploads\/2024\/06\/Textura-14-70x70.png 70w, https:\/\/www.isdin.com\/es\/blog\/wp-content\/uploads\/2024\/06\/Textura-14-450x459.png 450w, https:\/\/www.isdin.com\/es\/blog\/wp-content\/uploads\/2024\/06\/Textura-14-20x20.png 20w, https:\/\/www.isdin.com\/es\/blog\/wp-content\/uploads\/2024\/06\/Textura-14-225x229.png 225w\" sizes=\"auto, (max-width: 670px) 100vw, 670px\" \/><\/figure><div class=\"wp-block-media-text__content\">\n<p><\/p>\n\n\n\n<p>Finaliza dando <strong>ligeros toques con las yemas de los dedos<\/strong> hasta que el contorno se absorba por completo.<\/p>\n\n\n\n<p>Recuerda: <strong>el fotoprotector es un <a href=\"https:\/\/www.isdin.com\/es\/blog\/fotoprotectores-solares-para-la-cara-isdin\/\">paso obligatorio cada ma\u00f1ana<\/a> tras aplicar cualquier contorno de ojos<\/strong>. Y si tu contorno incluye retinal (que debes de usar en tu rutina de noche), esta protecci\u00f3n solar al d\u00eda siguiente no solo es importante: es absolutamente imprescindible, ya que tu piel podr\u00eda estar m\u00e1s sensible a los da\u00f1os de la <a href=\"https:\/\/www.isdin.com\/es\/blog\/efectos-radiacion-solar-piel\/\">radiaci\u00f3n solar<\/a>.<\/p>\n<\/div><\/div>\n\n\n\n<p><\/p>\n\n\n\n<blockquote class=\"wp-block-quote is-layout-flow wp-block-quote-is-layout-flow\">\n<p>\u201cEl masaje debe ser suave y delicado, y siempre desde el interior hasta el exterior. Desde la zona del lagrimal hasta la zona de las patas de gallo\u201d.<\/p>\n<cite>Alba Villanueva,  ISDIN Dermalab Manager<\/cite><\/blockquote>\n\n\n\n<p><\/p>\n\n\n\n<h2 class=\"wp-block-heading\" id=\"h-los-5-errores-mas-comunes-al-aplicar-el-contorno-de-ojos\">Los 5 errores m\u00e1s comunes al aplicar el contorno de ojos<\/h2>\n\n\n\n<figure class=\"wp-block-image size-large\"><img loading=\"lazy\" decoding=\"async\" width=\"1024\" height=\"527\" src=\"data:image\/gif;base64,R0lGODlhAQABAAAAACH5BAEKAAEALAAAAAABAAEAAAICTAEAOw==\" data-src=\"https:\/\/www.isdin.com\/es\/blog\/wp-content\/uploads\/2024\/06\/Imagen-en-el-contenido-94-1024x527.png\" alt=\"Los 5 errores m\u00e1s comunes al aplicar el contorno de ojos\" class=\"wp-image-12752 lazyload\" data-sizes=\"auto\" data-srcset=\"https:\/\/www.isdin.com\/es\/blog\/wp-content\/uploads\/2024\/06\/Imagen-en-el-contenido-94-1024x527.png 1024w, https:\/\/www.isdin.com\/es\/blog\/wp-content\/uploads\/2024\/06\/Imagen-en-el-contenido-94-300x155.png 300w, https:\/\/www.isdin.com\/es\/blog\/wp-content\/uploads\/2024\/06\/Imagen-en-el-contenido-94-150x77.png 150w, https:\/\/www.isdin.com\/es\/blog\/wp-content\/uploads\/2024\/06\/Imagen-en-el-contenido-94-768x396.png 768w, https:\/\/www.isdin.com\/es\/blog\/wp-content\/uploads\/2024\/06\/Imagen-en-el-contenido-94-585x300.png 585w, https:\/\/www.isdin.com\/es\/blog\/wp-content\/uploads\/2024\/06\/Imagen-en-el-contenido-94-450x232.png 450w, https:\/\/www.isdin.com\/es\/blog\/wp-content\/uploads\/2024\/06\/Imagen-en-el-contenido-94-20x11.png 20w, https:\/\/www.isdin.com\/es\/blog\/wp-content\/uploads\/2024\/06\/Imagen-en-el-contenido-94-225x116.png 225w, https:\/\/www.isdin.com\/es\/blog\/wp-content\/uploads\/2024\/06\/Imagen-en-el-contenido-94-900x464.png 900w, https:\/\/www.isdin.com\/es\/blog\/wp-content\/uploads\/2024\/06\/Imagen-en-el-contenido-94.png 1200w\" sizes=\"auto, (max-width: 1024px) 100vw, 1024px\" \/><\/figure>\n\n\n\n<p><\/p>\n\n\n\n<p>Cuando le preguntamos a Alba cu\u00e1les son los errores que cometemos m\u00e1s a menudo al aplicar el contorno de ojos, lo tiene claro:<\/p>\n\n\n\n<p><strong>1. Aplicar demasiado producto.<\/strong> Por aplicar m\u00e1s producto, no obtendr\u00e1s mejores beneficios. Hay que aplicar el tama\u00f1o de un grano de arroz. \u00a1Ni m\u00e1s, ni menos! Es suficiente para ambos ojos y al final, ahorrar\u00e1s producto.<\/p>\n\n\n\n<p><strong>2. No seguir el orden de aplicaci\u00f3n.<\/strong> El contorno de los ojos es <a href=\"https:\/\/www.isdin.com\/blog\/guia-esencial-sobre-contornos-de-ojos\/\">el segundo paso en tu rutina de <em>skincare<\/em><\/a>. Se aplica despu\u00e9s de la <a href=\"https:\/\/www.isdin.com\/blog\/elige-el-mejor-limpiador-facial\/\">limpieza<\/a>, sobre la piel seca, y a continuaci\u00f3n se sigue con el s\u00e9rum y\/o la crema hidratante y el protector solar.<\/p>\n\n\n\n<p><strong>3. No aplicarlo en la zona correcta.<\/strong> Es un error muy com\u00fan aplicar el contorno de ojos solamente en la zona de la ojera. \u00a1Hay que llegar hasta la parte de las arrugas! Donde aparecen las patas de gallo.<\/p>\n\n\n\n<p><strong>4. Frotar y no dedicarle tiempo suficiente.<\/strong> La rutina no termina con aplicar el producto deprisa y sin mimo. Requiere tiempo y tranquilidad. Aplica el contorno de ojos a toques, sin frotar, y ded\u00edcale tiempo al momento del masaje.<\/p>\n\n\n\n<p><strong>5. No respetar el per\u00edodo de retinizaci\u00f3n.<\/strong> Cuando se utiliza un contorno de ojos con retinal o retinol por primera vez, es fundamental introducirlo poco a poco para evitar irritaciones. Lo ideal es empezar con 3 noches alternas la primera semana, continuar con noches alternas la segunda y, si la piel lo tolera, aumentar despu\u00e9s la frecuencia.<\/p>\n\n\n\n<p><\/p>\n\n\n\n<h2 class=\"wp-block-heading\" id=\"h-preguntas-frecuentes-sobre-la-aplicacion-del-contorno-de-ojos\">Preguntas frecuentes sobre la aplicaci\u00f3n del contorno de ojos<\/h2>\n\n\n\n<figure class=\"wp-block-image size-full\"><img loading=\"lazy\" decoding=\"async\" width=\"1200\" height=\"618\" src=\"data:image\/gif;base64,R0lGODlhAQABAAAAACH5BAEKAAEALAAAAAABAAEAAAICTAEAOw==\" data-src=\"https:\/\/www.isdin.com\/es\/blog\/wp-content\/uploads\/2024\/06\/2024_05_ContornoComoAplicar_IMG03.jpg\" alt=\"contorno de ojos con aplicador\" class=\"wp-image-10499 lazyload\"\/><\/figure>\n\n\n\n<p><\/p>\n\n\n\n<p>Sabemos que el tema del contorno de ojos despierta mucha curiosidad, por eso antes de despedirnos os respondemos a las 4 preguntas sobre contorno de ojos m\u00e1s buscadas por los usuarios:<\/p>\n\n\n\n<h3 class=\"wp-block-heading\" id=\"h-1-como-cuidar-la-piel-de-los-parpados\">1. \u00bfC\u00f3mo cuidar la piel de los p\u00e1rpados?<\/h3>\n\n\n\n<p>Con los a\u00f1os, esta piel pierde firmeza debido a la disminuci\u00f3n del tejido graso y muscular. Adem\u00e1s, la retenci\u00f3n de l\u00edquidos o la mala circulaci\u00f3n favorecen la aparici\u00f3n de bolsas. Para cuidarla, <strong>es fundamental hidratar la zona con un contorno de ojos adecuado, <a href=\"https:\/\/www.isdin.com\/es\/blog\/alimentacion-para-una-piel-sana\/\">mantener una dieta equilibrada<\/a> y <a href=\"http:\/\/www.isdin.com\/es\/blog\/como-cuidar-tu-piel-sin-productos\">beber suficiente agua<\/a><\/strong>. Estos h\u00e1bitos ayudan a reducir la inflamaci\u00f3n y mejorar el aspecto de la mirada.<\/p>\n\n\n\n<h3 class=\"wp-block-heading\">2. \u00bfPor qu\u00e9 aparecen las ojeras debajo de los ojos?<\/h3>\n\n\n\n<p>Las <strong>ojeras<\/strong> pueden aparecer por distintos motivos: el cansancio y la falta de sue\u00f1o, que intensifican la coloraci\u00f3n; el <strong>envejecimiento<\/strong>, ya que con el paso del tiempo la piel se vuelve m\u00e1s fina y deja ver mejor los vasos sangu\u00edneos; la <strong>gen\u00e9tica<\/strong>, cuando existe predisposici\u00f3n heredada; o la <a href=\"https:\/\/www.isdin.com\/es\/blog\/manchas-solares-por-que-se-producen-y-como-tratarlas\/\"><strong>pigmentaci\u00f3n provocada por el sol<\/strong><\/a>, que oscurece la zona progresivamente.<\/p>\n\n\n\n<p>En realidad, <strong>ese tono morado tan caracter\u00edstico no es m\u00e1s que la sangre que se transparenta bajo la piel fina del contorno de los ojos<\/strong>, lo que refuerza la importancia de cuidarla de forma espec\u00edfica y constante.<\/p>\n\n\n\n<h3 class=\"wp-block-heading\">3. \u00bfC\u00f3mo puedo prevenir las arrugas en el contorno de ojos?<\/h3>\n\n\n\n<p>Las <strong>arrugas en el contorno de ojos<\/strong> aparecen por el paso del tiempo, la p\u00e9rdida de col\u00e1geno y elastina, la acci\u00f3n de los radicales libres y, sobre todo, por la exposici\u00f3n solar. Para prevenirlas, lo mejor es apostar por una rutina de cuidado constante que incluya <a href=\"https:\/\/www.isdin.com\/es\/c\/facial\/contorno-de-ojos\"><strong>hidrataci\u00f3n diaria con un contorno de ojos espec\u00edfico<\/strong><\/a>, el <strong>uso obligatorio de <a href=\"https:\/\/www.isdin.com\/blog\/como-aplicar-correctamente-el-fotoprotector-solar\/\">fotoprotector<\/a> tambi\u00e9n en esta zona delicada<\/strong> y la incorporaci\u00f3n de <strong>h\u00e1bitos saludables<\/strong> que ayuden a retrasar el envejecimiento prematuro de la piel.<\/p>\n\n\n\n<h3 class=\"wp-block-heading\">4. \u00bfEs seguro utilizar retinal en el contorno de ojos?<\/h3>\n\n\n\n<p>S\u00ed, pero siempre con precauci\u00f3n. Los retinoides son grandes aliados contra arrugas y l\u00edneas de expresi\u00f3n, ya que estimulan la renovaci\u00f3n celular y la producci\u00f3n de col\u00e1geno. Sin embargo, la piel necesita un <strong>periodo de adaptaci\u00f3n (retinizaci\u00f3n)<\/strong>: empieza aplic\u00e1ndolo solo unas noches alternas y aumenta la frecuencia progresivamente seg\u00fan la tolerancia.<\/p>\n\n\n\n<p>Y recuerda: <strong>el uso de fotoprotector al d\u00eda siguiente es obligatorio.<\/strong><\/p>\n\n\n\n<h2 class=\"wp-block-heading\" id=\"h-un-ultimo-mensaje-para-tu-mirada\">Un \u00faltimo mensaje para tu mirada<\/h2>\n\n\n\n<figure class=\"wp-block-image size-large\"><img loading=\"lazy\" decoding=\"async\" width=\"1024\" height=\"527\" src=\"data:image\/gif;base64,R0lGODlhAQABAAAAACH5BAEKAAEALAAAAAABAAEAAAICTAEAOw==\" data-src=\"https:\/\/www.isdin.com\/es\/blog\/wp-content\/uploads\/2024\/06\/Imagen-en-el-contenido-93-1024x527.png\" alt=\"Un \u00faltimo mensaje para tu mirada\" class=\"wp-image-12754 lazyload\" data-sizes=\"auto\" data-srcset=\"https:\/\/www.isdin.com\/es\/blog\/wp-content\/uploads\/2024\/06\/Imagen-en-el-contenido-93-1024x527.png 1024w, https:\/\/www.isdin.com\/es\/blog\/wp-content\/uploads\/2024\/06\/Imagen-en-el-contenido-93-300x155.png 300w, https:\/\/www.isdin.com\/es\/blog\/wp-content\/uploads\/2024\/06\/Imagen-en-el-contenido-93-150x77.png 150w, https:\/\/www.isdin.com\/es\/blog\/wp-content\/uploads\/2024\/06\/Imagen-en-el-contenido-93-768x396.png 768w, https:\/\/www.isdin.com\/es\/blog\/wp-content\/uploads\/2024\/06\/Imagen-en-el-contenido-93-585x300.png 585w, https:\/\/www.isdin.com\/es\/blog\/wp-content\/uploads\/2024\/06\/Imagen-en-el-contenido-93-450x232.png 450w, https:\/\/www.isdin.com\/es\/blog\/wp-content\/uploads\/2024\/06\/Imagen-en-el-contenido-93-20x11.png 20w, https:\/\/www.isdin.com\/es\/blog\/wp-content\/uploads\/2024\/06\/Imagen-en-el-contenido-93-225x116.png 225w, https:\/\/www.isdin.com\/es\/blog\/wp-content\/uploads\/2024\/06\/Imagen-en-el-contenido-93-900x464.png 900w, https:\/\/www.isdin.com\/es\/blog\/wp-content\/uploads\/2024\/06\/Imagen-en-el-contenido-93.png 1200w\" sizes=\"auto, (max-width: 1024px) 100vw, 1024px\" \/><\/figure>\n\n\n\n<p><\/p>\n\n\n\n<p>Ya ves, aplicar correctamente el contorno de ojos no requiere grandes esfuerzos: basta con tres pasos sencillos y la constancia de convertirlos en <a href=\"https:\/\/www.isdin.com\/es\/blog\/en-que-orden-se-aplican-las-cremas\/\">parte de tu rutina<\/a>. Pero si algo hemos aprendido, es que la belleza de la mirada no depende solo de un producto, sino tambi\u00e9n de esos peque\u00f1os <a href=\"https:\/\/www.isdin.com\/es\/blog\/de-meta-a-habito-la-clave-para-el-exito\/\">h\u00e1bitos diarios<\/a> que marcan la diferencia: dormir lo suficiente, llevar una dieta equilibrada, proteger la piel del sol y, sobre todo, <a href=\"https:\/\/www.isdin.com\/es\/blog\/consejos-estilo-de-vida-mediterraneo\/\">dedicarte unos minutos al d\u00eda<\/a> para cuidarte con calma.<\/p>\n\n\n\n<p><\/p>\n\n\n\n<p class=\"has-text-align-center\">\u00a1Tener una mirada radiante cada d\u00eda es posible!<\/p>\n","protected":false},"excerpt":{"rendered":"<p>Hoy Alba nos explica c\u00f3mo debemos aplicar los contornos de ojos m\u00e1s innovadores, los que incorporan un aplicador.<\/p>\n","protected":false},"author":69,"featured_media":12746,"comment_status":"closed","ping_status":"closed","sticky":false,"template":"","format":"image","meta":{"footnotes":""},"categories":[1,101],"tags":[96,97,367,98],"class_list":["post-5605","post","type-post","status-publish","format-image","has-post-thumbnail","hentry","category-consejos-cuidados","category-cuidado-facial","tag-arrugas","tag-bolsas","tag-contorno-de-ojos","tag-ojeras","post_format-post-format-image"],"yoast_head":"<!-- This site is optimized with the Yoast SEO Premium plugin v25.4 (Yoast SEO v25.4) - https:\/\/yoast.com\/wordpress\/plugins\/seo\/ -->\n<title>\u00bfC\u00f3mo aplicar el contorno de ojos? Te lo explica Alba Villanueva, ISDIN Dermalab Manager<\/title>\n<meta name=\"description\" content=\"\u00bfDudas sobre c\u00f3mo aplicar el contorno de ojos? Descubre los 3 pasos para hacerlo como una experta y los 4 errores m\u00e1s comunes a evitar.\" \/>\n<meta name=\"robots\" content=\"index, follow, max-snippet:-1, max-image-preview:large, max-video-preview:-1\" \/>\n<link rel=\"canonical\" href=\"https:\/\/www.isdin.com\/es\/blog\/como-aplicar-el-contorno-de-ojos\/\" \/>\n<meta property=\"og:locale\" content=\"es_ES\" \/>\n<meta property=\"og:type\" content=\"article\" \/>\n<meta property=\"og:title\" content=\"\u00bfC\u00f3mo aplicar el contorno de ojos? Te lo explica Alba Villanueva, ISDIN Dermalab Manager\" \/>\n<meta property=\"og:description\" content=\"\u00bfDudas sobre c\u00f3mo aplicar el contorno de ojos? Descubre los 3 pasos para hacerlo como una experta y los 4 errores m\u00e1s comunes a evitar.\" \/>\n<meta property=\"og:url\" content=\"https:\/\/www.isdin.com\/es\/blog\/como-aplicar-el-contorno-de-ojos\/\" \/>\n<meta property=\"og:site_name\" content=\"ISDIN\" \/>\n<meta property=\"article:publisher\" content=\"https:\/\/es-es.facebook.com\/ISDIN.official\/\" \/>\n<meta property=\"article:published_time\" content=\"2025-10-03T09:46:59+00:00\" \/>\n<meta property=\"article:modified_time\" content=\"2025-10-03T09:50:22+00:00\" \/>\n<meta property=\"og:image\" content=\"https:\/\/www.isdin.com\/es\/blog\/wp-content\/uploads\/2020\/11\/2020_11_Blog_Imatge_Facebook-1.jpg\" \/>\n\t<meta property=\"og:image:width\" content=\"1200\" \/>\n\t<meta property=\"og:image:height\" content=\"630\" \/>\n\t<meta property=\"og:image:type\" content=\"image\/jpeg\" \/>\n<meta name=\"author\" content=\"Belinda Mart\u00ednez&nbsp;y&nbsp;Alba Villanueva\" \/>\n<meta name=\"twitter:card\" content=\"summary_large_image\" \/>\n<meta name=\"twitter:creator\" content=\"@isdin_official\" \/>\n<meta name=\"twitter:site\" content=\"@isdin_official\" \/>\n<meta name=\"twitter:label1\" content=\"Written by\" \/>\n\t<meta name=\"twitter:data1\" content=\"Belinda Mart\u00ednez&nbsp;y&nbsp;Alba Villanueva\" \/>\n\t<meta name=\"twitter:label2\" content=\"Est. reading time\" \/>\n\t<meta name=\"twitter:data2\" content=\"9 minutes\" \/>\n<script type=\"application\/ld+json\" class=\"yoast-schema-graph\">{\"@context\":\"https:\/\/schema.org\",\"@graph\":[{\"@type\":\"Article\",\"@id\":\"https:\/\/www.isdin.com\/es\/blog\/como-aplicar-el-contorno-de-ojos\/#article\",\"isPartOf\":{\"@id\":\"https:\/\/www.isdin.com\/es\/blog\/como-aplicar-el-contorno-de-ojos\/\"},\"author\":{\"name\":\"Belinda Mart\u00ednez&nbsp;y&nbsp;Alba Villanueva\",\"@id\":\"https:\/\/www.isdin.com\/es\/blog\/#\/schema\/person\/684015d7d9e78124cb4aa660f6fe8576\"},\"headline\":\"\u00bfC\u00f3mo aplicar el contorno de ojos? Te lo explica Alba Villanueva, ISDIN Dermalab Manager\",\"datePublished\":\"2025-10-03T09:46:59+00:00\",\"dateModified\":\"2025-10-03T09:50:22+00:00\",\"mainEntityOfPage\":{\"@id\":\"https:\/\/www.isdin.com\/es\/blog\/como-aplicar-el-contorno-de-ojos\/\"},\"wordCount\":1623,\"publisher\":{\"@id\":\"https:\/\/www.isdin.com\/es\/blog\/#organization\"},\"image\":{\"@id\":\"https:\/\/www.isdin.com\/es\/blog\/como-aplicar-el-contorno-de-ojos\/#primaryimage\"},\"thumbnailUrl\":\"https:\/\/www.isdin.com\/es\/blog\/wp-content\/uploads\/2024\/06\/Header-18.png\",\"keywords\":[\"arrugas\",\"bolsas\",\"contorno de ojos\",\"ojeras\"],\"articleSection\":[\"Consejos y cuidados\",\"Cuidado facial\"],\"inLanguage\":\"es-ES\"},{\"@type\":\"WebPage\",\"@id\":\"https:\/\/www.isdin.com\/es\/blog\/como-aplicar-el-contorno-de-ojos\/\",\"url\":\"https:\/\/www.isdin.com\/es\/blog\/como-aplicar-el-contorno-de-ojos\/\",\"name\":\"\u00bfC\u00f3mo aplicar el contorno de ojos? Te lo explica Alba Villanueva, ISDIN Dermalab Manager\",\"isPartOf\":{\"@id\":\"https:\/\/www.isdin.com\/es\/blog\/#website\"},\"primaryImageOfPage\":{\"@id\":\"https:\/\/www.isdin.com\/es\/blog\/como-aplicar-el-contorno-de-ojos\/#primaryimage\"},\"image\":{\"@id\":\"https:\/\/www.isdin.com\/es\/blog\/como-aplicar-el-contorno-de-ojos\/#primaryimage\"},\"thumbnailUrl\":\"https:\/\/www.isdin.com\/es\/blog\/wp-content\/uploads\/2024\/06\/Header-18.png\",\"datePublished\":\"2025-10-03T09:46:59+00:00\",\"dateModified\":\"2025-10-03T09:50:22+00:00\",\"description\":\"\u00bfDudas sobre c\u00f3mo aplicar el contorno de ojos? Descubre los 3 pasos para hacerlo como una experta y los 4 errores m\u00e1s comunes a evitar.\",\"breadcrumb\":{\"@id\":\"https:\/\/www.isdin.com\/es\/blog\/como-aplicar-el-contorno-de-ojos\/#breadcrumb\"},\"inLanguage\":\"es-ES\",\"potentialAction\":[{\"@type\":\"ReadAction\",\"target\":[\"https:\/\/www.isdin.com\/es\/blog\/como-aplicar-el-contorno-de-ojos\/\"]}]},{\"@type\":\"ImageObject\",\"inLanguage\":\"es-ES\",\"@id\":\"https:\/\/www.isdin.com\/es\/blog\/como-aplicar-el-contorno-de-ojos\/#primaryimage\",\"url\":\"https:\/\/www.isdin.com\/es\/blog\/wp-content\/uploads\/2024\/06\/Header-18.png\",\"contentUrl\":\"https:\/\/www.isdin.com\/es\/blog\/wp-content\/uploads\/2024\/06\/Header-18.png\",\"width\":1200,\"height\":760,\"caption\":\"\u00bfC\u00f3mo aplicar el contorno de ojos?\"},{\"@type\":\"BreadcrumbList\",\"@id\":\"https:\/\/www.isdin.com\/es\/blog\/como-aplicar-el-contorno-de-ojos\/#breadcrumb\",\"itemListElement\":[{\"@type\":\"ListItem\",\"position\":1,\"name\":\"Portada\",\"item\":\"https:\/\/www.isdin.com\/es\/blog\/\"},{\"@type\":\"ListItem\",\"position\":2,\"name\":\"\u00bfC\u00f3mo aplicar el contorno de ojos? Te lo explica Alba Villanueva, ISDIN Dermalab Manager\"}]},{\"@type\":\"WebSite\",\"@id\":\"https:\/\/www.isdin.com\/es\/blog\/#website\",\"url\":\"https:\/\/www.isdin.com\/es\/blog\/\",\"name\":\"ISDIN\",\"description\":\"Novedades, lanzamientos de productos y toda la experiencia de ISDIN\",\"publisher\":{\"@id\":\"https:\/\/www.isdin.com\/es\/blog\/#organization\"},\"potentialAction\":[{\"@type\":\"SearchAction\",\"target\":{\"@type\":\"EntryPoint\",\"urlTemplate\":\"https:\/\/www.isdin.com\/es\/blog\/?s={search_term_string}\"},\"query-input\":{\"@type\":\"PropertyValueSpecification\",\"valueRequired\":true,\"valueName\":\"search_term_string\"}}],\"inLanguage\":\"es-ES\"},{\"@type\":\"Organization\",\"@id\":\"https:\/\/www.isdin.com\/es\/blog\/#organization\",\"name\":\"ISDIN\",\"alternateName\":\"ISDIN\",\"url\":\"https:\/\/www.isdin.com\/es\/blog\/\",\"logo\":{\"@type\":\"ImageObject\",\"inLanguage\":\"es-ES\",\"@id\":\"https:\/\/www.isdin.com\/es\/blog\/#\/schema\/logo\/image\/\",\"url\":\"https:\/\/www.isdin.com\/es\/blog\/wp-content\/uploads\/2024\/05\/2025_03_GuiaFoto_FWM.png\",\"contentUrl\":\"https:\/\/www.isdin.com\/es\/blog\/wp-content\/uploads\/2024\/05\/2025_03_GuiaFoto_FWM.png\",\"width\":670,\"height\":683,\"caption\":\"ISDIN\"},\"image\":{\"@id\":\"https:\/\/www.isdin.com\/es\/blog\/#\/schema\/logo\/image\/\"},\"sameAs\":[\"https:\/\/es-es.facebook.com\/ISDIN.official\/\",\"https:\/\/x.com\/isdin_official\",\"https:\/\/www.instagram.com\/isdinofficial\",\"https:\/\/www.youtube.com\/channel\/UCtoNJMKpDwdFLqgV23_lcqg\"],\"telephone\":\"659997812\"},[{\"@type\":[\"Person\"],\"@id\":\"https:\/\/www.isdin.com\/es\/blog\/#\/schema\/person\/684015d7d9e78124cb4aa660f6fe8576\",\"name\":\"Belinda Mart\u00ednez\",\"image\":{\"@type\":\"ImageObject\",\"@id\":\"https:\/\/www.isdin.com\/es\/blog\/#\/schema\/person\/image\/\",\"inLanguage\":\"es_ES\",\"url\":\"https:\/\/www.isdin.com\/es\/blog\/wp-content\/uploads\/2017\/07\/jjjj.jpg\",\"caption\":\"Belinda Mart\u00ednez\"}},{\"@type\":[\"Person\"],\"@id\":\"https:\/\/www.isdin.com\/es\/blog\/#\/schema\/person\/684015d7d9e78124cb4aa660f6fe8576\",\"name\":\"Alba Villanueva\",\"image\":{\"@type\":\"ImageObject\",\"@id\":\"https:\/\/www.isdin.com\/es\/blog\/#\/schema\/person\/image\/\",\"inLanguage\":\"es_ES\",\"url\":\"https:\/\/www.isdin.com\/es\/blog\/wp-content\/uploads\/2025\/03\/bertaochoa-1-150x150.png\",\"caption\":\"Alba Villanueva\"}}]]}<\/script>\n<!-- \/ Yoast SEO Premium plugin. -->","yoast_head_json":{"title":"\u00bfC\u00f3mo aplicar el contorno de ojos? Te lo explica Alba Villanueva, ISDIN Dermalab Manager","description":"\u00bfDudas sobre c\u00f3mo aplicar el contorno de ojos? Descubre los 3 pasos para hacerlo como una experta y los 4 errores m\u00e1s comunes a evitar.","robots":{"index":"index","follow":"follow","max-snippet":"max-snippet:-1","max-image-preview":"max-image-preview:large","max-video-preview":"max-video-preview:-1"},"canonical":"https:\/\/www.isdin.com\/es\/blog\/como-aplicar-el-contorno-de-ojos\/","og_locale":"es_ES","og_type":"article","og_title":"\u00bfC\u00f3mo aplicar el contorno de ojos? Te lo explica Alba Villanueva, ISDIN Dermalab Manager","og_description":"\u00bfDudas sobre c\u00f3mo aplicar el contorno de ojos? Descubre los 3 pasos para hacerlo como una experta y los 4 errores m\u00e1s comunes a evitar.","og_url":"https:\/\/www.isdin.com\/es\/blog\/como-aplicar-el-contorno-de-ojos\/","og_site_name":"ISDIN","article_publisher":"https:\/\/es-es.facebook.com\/ISDIN.official\/","article_published_time":"2025-10-03T09:46:59+00:00","article_modified_time":"2025-10-03T09:50:22+00:00","og_image":[{"width":1200,"height":630,"url":"https:\/\/www.isdin.com\/es\/blog\/wp-content\/uploads\/2020\/11\/2020_11_Blog_Imatge_Facebook-1.jpg","type":"image\/jpeg"}],"author":"Belinda Mart\u00ednez&nbsp;y&nbsp;Alba Villanueva","twitter_card":"summary_large_image","twitter_creator":"@isdin_official","twitter_site":"@isdin_official","twitter_misc":{"Written by":"Belinda Mart\u00ednez&nbsp;y&nbsp;Alba Villanueva","Est. reading time":"9 minutes"},"schema":{"@context":"https:\/\/schema.org","@graph":[{"@type":"Article","@id":"https:\/\/www.isdin.com\/es\/blog\/como-aplicar-el-contorno-de-ojos\/#article","isPartOf":{"@id":"https:\/\/www.isdin.com\/es\/blog\/como-aplicar-el-contorno-de-ojos\/"},"author":{"name":"Belinda Mart\u00ednez&nbsp;y&nbsp;Alba Villanueva","@id":"https:\/\/www.isdin.com\/es\/blog\/#\/schema\/person\/684015d7d9e78124cb4aa660f6fe8576"},"headline":"\u00bfC\u00f3mo aplicar el contorno de ojos? Te lo explica Alba Villanueva, ISDIN Dermalab Manager","datePublished":"2025-10-03T09:46:59+00:00","dateModified":"2025-10-03T09:50:22+00:00","mainEntityOfPage":{"@id":"https:\/\/www.isdin.com\/es\/blog\/como-aplicar-el-contorno-de-ojos\/"},"wordCount":1623,"publisher":{"@id":"https:\/\/www.isdin.com\/es\/blog\/#organization"},"image":{"@id":"https:\/\/www.isdin.com\/es\/blog\/como-aplicar-el-contorno-de-ojos\/#primaryimage"},"thumbnailUrl":"https:\/\/www.isdin.com\/es\/blog\/wp-content\/uploads\/2024\/06\/Header-18.png","keywords":["arrugas","bolsas","contorno de ojos","ojeras"],"articleSection":["Consejos y cuidados","Cuidado facial"],"inLanguage":"es-ES"},{"@type":"WebPage","@id":"https:\/\/www.isdin.com\/es\/blog\/como-aplicar-el-contorno-de-ojos\/","url":"https:\/\/www.isdin.com\/es\/blog\/como-aplicar-el-contorno-de-ojos\/","name":"\u00bfC\u00f3mo aplicar el contorno de ojos? Te lo explica Alba Villanueva, ISDIN Dermalab Manager","isPartOf":{"@id":"https:\/\/www.isdin.com\/es\/blog\/#website"},"primaryImageOfPage":{"@id":"https:\/\/www.isdin.com\/es\/blog\/como-aplicar-el-contorno-de-ojos\/#primaryimage"},"image":{"@id":"https:\/\/www.isdin.com\/es\/blog\/como-aplicar-el-contorno-de-ojos\/#primaryimage"},"thumbnailUrl":"https:\/\/www.isdin.com\/es\/blog\/wp-content\/uploads\/2024\/06\/Header-18.png","datePublished":"2025-10-03T09:46:59+00:00","dateModified":"2025-10-03T09:50:22+00:00","description":"\u00bfDudas sobre c\u00f3mo aplicar el contorno de ojos? Descubre los 3 pasos para hacerlo como una experta y los 4 errores m\u00e1s comunes a evitar.","breadcrumb":{"@id":"https:\/\/www.isdin.com\/es\/blog\/como-aplicar-el-contorno-de-ojos\/#breadcrumb"},"inLanguage":"es-ES","potentialAction":[{"@type":"ReadAction","target":["https:\/\/www.isdin.com\/es\/blog\/como-aplicar-el-contorno-de-ojos\/"]}]},{"@type":"ImageObject","inLanguage":"es-ES","@id":"https:\/\/www.isdin.com\/es\/blog\/como-aplicar-el-contorno-de-ojos\/#primaryimage","url":"https:\/\/www.isdin.com\/es\/blog\/wp-content\/uploads\/2024\/06\/Header-18.png","contentUrl":"https:\/\/www.isdin.com\/es\/blog\/wp-content\/uploads\/2024\/06\/Header-18.png","width":1200,"height":760,"caption":"\u00bfC\u00f3mo aplicar el contorno de ojos?"},{"@type":"BreadcrumbList","@id":"https:\/\/www.isdin.com\/es\/blog\/como-aplicar-el-contorno-de-ojos\/#breadcrumb","itemListElement":[{"@type":"ListItem","position":1,"name":"Portada","item":"https:\/\/www.isdin.com\/es\/blog\/"},{"@type":"ListItem","position":2,"name":"\u00bfC\u00f3mo aplicar el contorno de ojos? Te lo explica Alba Villanueva, ISDIN Dermalab Manager"}]},{"@type":"WebSite","@id":"https:\/\/www.isdin.com\/es\/blog\/#website","url":"https:\/\/www.isdin.com\/es\/blog\/","name":"ISDIN","description":"Novedades, lanzamientos de productos y toda la experiencia de ISDIN","publisher":{"@id":"https:\/\/www.isdin.com\/es\/blog\/#organization"},"potentialAction":[{"@type":"SearchAction","target":{"@type":"EntryPoint","urlTemplate":"https:\/\/www.isdin.com\/es\/blog\/?s={search_term_string}"},"query-input":{"@type":"PropertyValueSpecification","valueRequired":true,"valueName":"search_term_string"}}],"inLanguage":"es-ES"},{"@type":"Organization","@id":"https:\/\/www.isdin.com\/es\/blog\/#organization","name":"ISDIN","alternateName":"ISDIN","url":"https:\/\/www.isdin.com\/es\/blog\/","logo":{"@type":"ImageObject","inLanguage":"es-ES","@id":"https:\/\/www.isdin.com\/es\/blog\/#\/schema\/logo\/image\/","url":"https:\/\/www.isdin.com\/es\/blog\/wp-content\/uploads\/2024\/05\/2025_03_GuiaFoto_FWM.png","contentUrl":"https:\/\/www.isdin.com\/es\/blog\/wp-content\/uploads\/2024\/05\/2025_03_GuiaFoto_FWM.png","width":670,"height":683,"caption":"ISDIN"},"image":{"@id":"https:\/\/www.isdin.com\/es\/blog\/#\/schema\/logo\/image\/"},"sameAs":["https:\/\/es-es.facebook.com\/ISDIN.official\/","https:\/\/x.com\/isdin_official","https:\/\/www.instagram.com\/isdinofficial","https:\/\/www.youtube.com\/channel\/UCtoNJMKpDwdFLqgV23_lcqg"],"telephone":"659997812"},[{"@type":["Person"],"@id":"https:\/\/www.isdin.com\/es\/blog\/#\/schema\/person\/684015d7d9e78124cb4aa660f6fe8576","name":"Belinda Mart\u00ednez","image":{"@type":"ImageObject","@id":"https:\/\/www.isdin.com\/es\/blog\/#\/schema\/person\/image\/","inLanguage":"es_ES","url":"https:\/\/www.isdin.com\/es\/blog\/wp-content\/uploads\/2017\/07\/jjjj.jpg","caption":"Belinda Mart\u00ednez"}},{"@type":["Person"],"@id":"https:\/\/www.isdin.com\/es\/blog\/#\/schema\/person\/684015d7d9e78124cb4aa660f6fe8576","name":"Alba Villanueva","image":{"@type":"ImageObject","@id":"https:\/\/www.isdin.com\/es\/blog\/#\/schema\/person\/image\/","inLanguage":"es_ES","url":"https:\/\/www.isdin.com\/es\/blog\/wp-content\/uploads\/2025\/03\/bertaochoa-1-150x150.png","caption":"Alba Villanueva"}}]]}},"_links":{"self":[{"href":"https:\/\/www.isdin.com\/es\/blog\/wp-json\/wp\/v2\/posts\/5605","targetHints":{"allow":["GET"]}}],"collection":[{"href":"https:\/\/www.isdin.com\/es\/blog\/wp-json\/wp\/v2\/posts"}],"about":[{"href":"https:\/\/www.isdin.com\/es\/blog\/wp-json\/wp\/v2\/types\/post"}],"author":[{"embeddable":true,"href":"https:\/\/www.isdin.com\/es\/blog\/wp-json\/wp\/v2\/users\/69"}],"replies":[{"embeddable":true,"href":"https:\/\/www.isdin.com\/es\/blog\/wp-json\/wp\/v2\/comments?post=5605"}],"version-history":[{"count":18,"href":"https:\/\/www.isdin.com\/es\/blog\/wp-json\/wp\/v2\/posts\/5605\/revisions"}],"predecessor-version":[{"id":12757,"href":"https:\/\/www.isdin.com\/es\/blog\/wp-json\/wp\/v2\/posts\/5605\/revisions\/12757"}],"wp:featuredmedia":[{"embeddable":true,"href":"https:\/\/www.isdin.com\/es\/blog\/wp-json\/wp\/v2\/media\/12746"}],"wp:attachment":[{"href":"https:\/\/www.isdin.com\/es\/blog\/wp-json\/wp\/v2\/media?parent=5605"}],"wp:term":[{"taxonomy":"category","embeddable":true,"href":"https:\/\/www.isdin.com\/es\/blog\/wp-json\/wp\/v2\/categories?post=5605"},{"taxonomy":"post_tag","embeddable":true,"href":"https:\/\/www.isdin.com\/es\/blog\/wp-json\/wp\/v2\/tags?post=5605"}],"curies":[{"name":"wp","href":"https:\/\/api.w.org\/{rel}","templated":true}]}}