{"id":5380,"date":"2023-08-11T12:31:55","date_gmt":"2023-08-11T12:31:55","guid":{"rendered":"https:\/\/www.isdin.com\/es\/blog\/?p=5380"},"modified":"2024-07-23T11:01:20","modified_gmt":"2024-07-23T11:01:20","slug":"te-proteges-bien-del-sol","status":"publish","type":"post","link":"https:\/\/www.isdin.com\/es\/blog\/te-proteges-bien-del-sol\/","title":{"rendered":"El sol y t\u00fa: \u00bfte proteges c\u00f3mo deber\u00edas?"},"content":{"rendered":"\n<p>Como compa\u00f1\u00eda l\u00edder en protecci\u00f3n solar y dermatolog\u00eda, siempre ha sido nuestra responsabilidad concienciar sobre los da\u00f1os del sol y la importancia de proteger y cuidar nuestra piel a diario. El pasado verano lanzamos el 3.<sup>er<\/sup> estudio ISDIN sobre h\u00e1bitos de protecci\u00f3n solar en Espa\u00f1a, \u00a1y los datos han hablado!<\/p>\n\n\n\n<p>M\u00e1s de 8.000 personas respondieron el cuestionario de esta \u00faltima edici\u00f3n, dejando unos resultados muy interesantes. \u00bfTe proteges bien del sol? \u00a1Vamos a descubrirlo!<\/p>\n\n\n\n<h2 class=\"wp-block-heading\" id=\"h-la-historia-detras-del-estudio\">La historia detr\u00e1s del estudio<\/h2>\n\n\n\n<p>ISDIN lleva m\u00e1s de 45 a\u00f1os concienciando, junto a farmac\u00e9uticos y dermat\u00f3logos, sobre los efectos de la radiaci\u00f3n solar. En 2020 y con motivo del 25 aniversario de nuestra campa\u00f1a de concienciaci\u00f3n solar en Espa\u00f1a, se hizo el primer estudio ISDIN sobre h\u00e1bitos de fotoprotecci\u00f3n.<\/p>\n\n\n\n<blockquote class=\"wp-block-quote is-layout-flow wp-block-quote-is-layout-flow\">\n<p>M\u00e1s de 86.000 personas participaron en la primera edici\u00f3n del estudio ISDIN sobre h\u00e1bitos de fotoprotecci\u00f3n en Espa\u00f1a, convirti\u00e9ndolo en el estudio sobre protecci\u00f3n solar m\u00e1s amplio que se ha hecho en nuestro pa\u00eds hasta la fecha.<\/p>\n<\/blockquote>\n\n\n\n<figure class=\"wp-block-embed is-type-video is-provider-youtube wp-block-embed-youtube wp-embed-aspect-16-9 wp-has-aspect-ratio\"><div class=\"wp-block-embed__wrapper\">\n<div class=\"flex-video widescreen youtube\"><iframe loading=\"lazy\" title=\"Primer Estudio ISDIN sobre h\u00e1bitos de Fotoprotecci\u00f3n en Espa\u00f1a - ISDIN\" width=\"500\" height=\"281\" src=\"https:\/\/www.youtube.com\/embed\/R8goN6dJYiM?feature=oembed&#038;showinfo=0&#038;rel=0&#038;modestbranding=1&#038;iv_load_policy=3&#038;playsinline=1&#038;enablejsapi=1\" frameborder=\"0\" allow=\"accelerometer; autoplay; clipboard-write; encrypted-media; gyroscope; picture-in-picture; web-share\" referrerpolicy=\"strict-origin-when-cross-origin\" allowfullscreen><\/iframe><\/div>\n<\/div><\/figure>\n\n\n\n<p><\/p>\n\n\n\n<p>Ahora ya vamos por el tercero, y es hora de contaros todo lo que hemos descubierto:<\/p>\n\n\n\n<h2 class=\"wp-block-heading\" id=\"h-poco-mas-de-la-mitad-de-los-espanoles-se-protege-del-sol-a-diario\">Poco m\u00e1s de la mitad de los espa\u00f1oles se protege del sol a diario<\/h2>\n\n\n\n<p><\/p>\n\n\n\n<figure class=\"wp-block-image size-large\"><img loading=\"lazy\" decoding=\"async\" width=\"1024\" height=\"527\" src=\"data:image\/gif;base64,R0lGODlhAQABAAAAACH5BAEKAAEALAAAAAABAAEAAAICTAEAOw==\" data-src=\"https:\/\/www.isdin.com\/es\/blog\/wp-content\/uploads\/2023\/08\/2023_Blog_SolyTu_IMG04-1024x527.png\" alt=\"los espa\u00f1oles se protegen del sol a diario\" class=\"wp-image-8550 lazyload\" data-sizes=\"auto\" data-srcset=\"https:\/\/www.isdin.com\/es\/blog\/wp-content\/uploads\/2023\/08\/2023_Blog_SolyTu_IMG04-1024x527.png 1024w, https:\/\/www.isdin.com\/es\/blog\/wp-content\/uploads\/2023\/08\/2023_Blog_SolyTu_IMG04-300x155.png 300w, https:\/\/www.isdin.com\/es\/blog\/wp-content\/uploads\/2023\/08\/2023_Blog_SolyTu_IMG04-150x77.png 150w, https:\/\/www.isdin.com\/es\/blog\/wp-content\/uploads\/2023\/08\/2023_Blog_SolyTu_IMG04-768x396.png 768w, https:\/\/www.isdin.com\/es\/blog\/wp-content\/uploads\/2023\/08\/2023_Blog_SolyTu_IMG04-585x300.png 585w, https:\/\/www.isdin.com\/es\/blog\/wp-content\/uploads\/2023\/08\/2023_Blog_SolyTu_IMG04-450x232.png 450w, https:\/\/www.isdin.com\/es\/blog\/wp-content\/uploads\/2023\/08\/2023_Blog_SolyTu_IMG04-20x11.png 20w, https:\/\/www.isdin.com\/es\/blog\/wp-content\/uploads\/2023\/08\/2023_Blog_SolyTu_IMG04-225x116.png 225w, https:\/\/www.isdin.com\/es\/blog\/wp-content\/uploads\/2023\/08\/2023_Blog_SolyTu_IMG04-900x464.png 900w, https:\/\/www.isdin.com\/es\/blog\/wp-content\/uploads\/2023\/08\/2023_Blog_SolyTu_IMG04.png 1200w\" sizes=\"auto, (max-width: 1024px) 100vw, 1024px\" \/><\/figure>\n\n\n\n<p><\/p>\n\n\n\n<p><\/p>\n\n\n\n<p>Aunque la mayor\u00eda de la poblaci\u00f3n, un 72.2%, se protege cuando est\u00e1 expuesta al sol, como por ejemplo ahora en verano, <strong>la gran asignatura pendiente es la protecci\u00f3n solar a diario durante todo el a\u00f1o<\/strong>, que solo realizan la mitad de los espa\u00f1oles. A pesar de las recomendaciones de los expertos, solo un 58% se protege del sol cada d\u00eda, un dato que ha crecido respecto a los informes anteriores, pero que todav\u00eda no es el ideal.<\/p>\n\n\n\n<blockquote class=\"wp-block-quote is-layout-flow wp-block-quote-is-layout-flow\">\n<p>El porcentaje baja hasta el 30.8% en el caso de los hombres.<\/p>\n<\/blockquote>\n\n\n\n<figure class=\"wp-block-image size-large\"><img loading=\"lazy\" decoding=\"async\" width=\"1024\" height=\"527\" src=\"data:image\/gif;base64,R0lGODlhAQABAAAAACH5BAEKAAEALAAAAAABAAEAAAICTAEAOw==\" data-src=\"https:\/\/www.isdin.com\/es\/blog\/wp-content\/uploads\/2023\/08\/2023_Blog_SolyTu_IMG01-1024x527.png\" alt=\"fotoprotecci\u00f3n solar en Espa\u00f1a datos\" class=\"wp-image-8554 lazyload\" data-sizes=\"auto\" data-srcset=\"https:\/\/www.isdin.com\/es\/blog\/wp-content\/uploads\/2023\/08\/2023_Blog_SolyTu_IMG01-1024x527.png 1024w, https:\/\/www.isdin.com\/es\/blog\/wp-content\/uploads\/2023\/08\/2023_Blog_SolyTu_IMG01-300x155.png 300w, https:\/\/www.isdin.com\/es\/blog\/wp-content\/uploads\/2023\/08\/2023_Blog_SolyTu_IMG01-150x77.png 150w, https:\/\/www.isdin.com\/es\/blog\/wp-content\/uploads\/2023\/08\/2023_Blog_SolyTu_IMG01-768x396.png 768w, https:\/\/www.isdin.com\/es\/blog\/wp-content\/uploads\/2023\/08\/2023_Blog_SolyTu_IMG01-585x300.png 585w, https:\/\/www.isdin.com\/es\/blog\/wp-content\/uploads\/2023\/08\/2023_Blog_SolyTu_IMG01-450x232.png 450w, https:\/\/www.isdin.com\/es\/blog\/wp-content\/uploads\/2023\/08\/2023_Blog_SolyTu_IMG01-20x11.png 20w, https:\/\/www.isdin.com\/es\/blog\/wp-content\/uploads\/2023\/08\/2023_Blog_SolyTu_IMG01-225x116.png 225w, https:\/\/www.isdin.com\/es\/blog\/wp-content\/uploads\/2023\/08\/2023_Blog_SolyTu_IMG01-900x464.png 900w, https:\/\/www.isdin.com\/es\/blog\/wp-content\/uploads\/2023\/08\/2023_Blog_SolyTu_IMG01.png 1200w\" sizes=\"auto, (max-width: 1024px) 100vw, 1024px\" \/><\/figure>\n\n\n\n<p><\/p>\n\n\n\n<h2 class=\"wp-block-heading\" id=\"h-mujeres-y-ninos-datos-prometedores-pero-mejorables\">Mujeres y ni\u00f1os: datos prometedores pero mejorables<\/h2>\n\n\n\n<div class=\"wp-block-media-text alignwide has-media-on-the-right is-stacked-on-mobile\"><div class=\"wp-block-media-text__content\">\n<p>Las mujeres son las ganadoras por goleada de la protecci\u00f3n diaria, \u00a1el 60.4% de ellas lo hace a diario! Y aunque observamos que la gente est\u00e1 m\u00e1s concienciada sobre el da\u00f1o solar que unos a\u00f1os atr\u00e1s, los datos de la poblaci\u00f3n joven siguen siendo preocupantes: tan solo la mitad de los menores de 18 a\u00f1os se protege a diario de la radiaci\u00f3n solar.<\/p>\n<\/div><figure class=\"wp-block-media-text__media\"><img loading=\"lazy\" decoding=\"async\" width=\"670\" height=\"607\" src=\"data:image\/gif;base64,R0lGODlhAQABAAAAACH5BAEKAAEALAAAAAABAAEAAAICTAEAOw==\" data-src=\"https:\/\/www.isdin.com\/es\/blog\/wp-content\/uploads\/2023\/08\/2023_Blog_SolyTu_IMG07.png\" alt=\"h\u00e1bitos de protecci\u00f3n solar diarios en Espa\u00f1a\" class=\"wp-image-8556 size-full lazyload\" data-sizes=\"auto\" data-srcset=\"https:\/\/www.isdin.com\/es\/blog\/wp-content\/uploads\/2023\/08\/2023_Blog_SolyTu_IMG07.png 670w, https:\/\/www.isdin.com\/es\/blog\/wp-content\/uploads\/2023\/08\/2023_Blog_SolyTu_IMG07-300x272.png 300w, https:\/\/www.isdin.com\/es\/blog\/wp-content\/uploads\/2023\/08\/2023_Blog_SolyTu_IMG07-150x136.png 150w, https:\/\/www.isdin.com\/es\/blog\/wp-content\/uploads\/2023\/08\/2023_Blog_SolyTu_IMG07-450x408.png 450w, https:\/\/www.isdin.com\/es\/blog\/wp-content\/uploads\/2023\/08\/2023_Blog_SolyTu_IMG07-225x204.png 225w, https:\/\/www.isdin.com\/es\/blog\/wp-content\/uploads\/2023\/08\/2023_Blog_SolyTu_IMG07-20x18.png 20w\" sizes=\"auto, (max-width: 670px) 100vw, 670px\" \/><\/figure><\/div>\n\n\n\n<p><\/p>\n\n\n\n<p><\/p>\n\n\n\n<p><strong>Sufrir una quemadura solar en edad infantil duplica el riesgo de padecer c\u00e1ncer de piel en edad adulta<\/strong> y el 80% del <a href=\"https:\/\/www.isdin.com\/es\/blog\/efectos-del-fotoenvejecimiento-en-la-piel\/\">envejecimiento de la piel<\/a> se produce por el da\u00f1o solar acumulado. Debemos insistir en la protecci\u00f3n solar diaria, sobre todo en los j\u00f3venes.<\/p>\n\n\n\n<blockquote class=\"wp-block-quote is-layout-flow wp-block-quote-is-layout-flow\">\n<p>\u201cTenemos que insistir mucho en la protecci\u00f3n diaria y sobre todo en los j\u00f3venes. En verano, la radiaci\u00f3n predominante es la UVB, responsable de las quemaduras solares, pero la radiaci\u00f3n UVA, presente todo el a\u00f1o, causa envejecimiento de la piel, manchas y patolog\u00edas m\u00e1s graves como c\u00e1ncer de piel\u201d. <\/p>\n<cite> Aurora Garre, responsable de comunicaci\u00f3n m\u00e9dica de ISDIN<\/cite><\/blockquote>\n\n\n\n<h2 class=\"wp-block-heading\" id=\"h-reaplicarse-el-fotoprotector-el-descuido-mas-comun\">Reaplicarse el fotoprotector: el descuido m\u00e1s com\u00fan<\/h2>\n\n\n\n<p>En nuestro pa\u00eds, no existe el h\u00e1bito mayoritario de reaplicarse el fotoprotector salvo en la temporada de verano. Pero nosotros nunca nos cansaremos de repetir el consejo de los expertos: el fotoprotector debe de reaplicarse cada 2 horas, sea la <a href=\"https:\/\/www.isdin.com\/es\/blog\/rutina-de-piel-para-cada-estacion\/\">estaci\u00f3n del a\u00f1o que sea<\/a>.<\/p>\n\n\n\n<p><\/p>\n\n\n\n<figure class=\"wp-block-image size-large\"><img loading=\"lazy\" decoding=\"async\" width=\"1024\" height=\"527\" src=\"data:image\/gif;base64,R0lGODlhAQABAAAAACH5BAEKAAEALAAAAAABAAEAAAICTAEAOw==\" data-src=\"https:\/\/www.isdin.com\/es\/blog\/wp-content\/uploads\/2023\/08\/2023_Blog_SolyTu_IMG03-1024x527.png\" alt=\"aplicaci\u00f3n de protector solar\" class=\"wp-image-8558 lazyload\" data-sizes=\"auto\" data-srcset=\"https:\/\/www.isdin.com\/es\/blog\/wp-content\/uploads\/2023\/08\/2023_Blog_SolyTu_IMG03-1024x527.png 1024w, https:\/\/www.isdin.com\/es\/blog\/wp-content\/uploads\/2023\/08\/2023_Blog_SolyTu_IMG03-300x155.png 300w, https:\/\/www.isdin.com\/es\/blog\/wp-content\/uploads\/2023\/08\/2023_Blog_SolyTu_IMG03-150x77.png 150w, https:\/\/www.isdin.com\/es\/blog\/wp-content\/uploads\/2023\/08\/2023_Blog_SolyTu_IMG03-768x396.png 768w, https:\/\/www.isdin.com\/es\/blog\/wp-content\/uploads\/2023\/08\/2023_Blog_SolyTu_IMG03-585x300.png 585w, https:\/\/www.isdin.com\/es\/blog\/wp-content\/uploads\/2023\/08\/2023_Blog_SolyTu_IMG03-450x232.png 450w, https:\/\/www.isdin.com\/es\/blog\/wp-content\/uploads\/2023\/08\/2023_Blog_SolyTu_IMG03-20x11.png 20w, https:\/\/www.isdin.com\/es\/blog\/wp-content\/uploads\/2023\/08\/2023_Blog_SolyTu_IMG03-225x116.png 225w, https:\/\/www.isdin.com\/es\/blog\/wp-content\/uploads\/2023\/08\/2023_Blog_SolyTu_IMG03-900x464.png 900w, https:\/\/www.isdin.com\/es\/blog\/wp-content\/uploads\/2023\/08\/2023_Blog_SolyTu_IMG03.png 1200w\" sizes=\"auto, (max-width: 1024px) 100vw, 1024px\" \/><\/figure>\n\n\n\n<p><\/p>\n\n\n\n<p>Los datos mejoran en comparaci\u00f3n con las 2 ediciones anteriores: en un d\u00eda normal, un 18.5% de espa\u00f1oles se reaplican el protector cada 2 horas; durante los d\u00edas de fin de semana, esta proporci\u00f3n crece al 33.4%; y durante el verano al 72.2%. Se trata de una proporci\u00f3n elevada durante el verano, pero esto quiere decir que hay un 27.8% de personas que no se reaplican el protector solar como es debido. \u00bfT\u00fa de que bando eres?<\/p>\n\n\n\n<p><\/p>\n\n\n\n<p class=\"has-background\" style=\"background-color:#f1dfbf\"><strong>Consejo de experto<\/strong>: si te preocupa el maquillaje, te desvelamos <a href=\"https:\/\/www.isdin.com\/es\/blog\/reaplicar-fotoprotector-solar-sobre-maquillaje\/\">los mejores secretos para reaplicar el fotoprotector <\/a>sin estropearlo.<\/p>\n\n\n\n<p><\/p>\n\n\n\n<h2 class=\"wp-block-heading\" id=\"h-una-proteccion-solar-desigual\">Una protecci\u00f3n solar desigual<\/h2>\n\n\n\n<p>Protegerse del sol no siempre significa hacerlo correctamente, ya que existen muchos factores a tener en cuenta, y uno de ellos es la proporci\u00f3n. En el estudio hay un claro resultado: el rostro suele estar protegido y el cuerpo expuesto.<\/p>\n\n\n\n<p>En Espa\u00f1a, en un d\u00eda cualquiera, el 52.1% de los encuestados solo utiliza fotoprotector solar en el rostro. Y si bien es cierto que el 44.8% restante indica que cuando usa protecci\u00f3n, lo hace en todas las zonas expuestas, el resultado se aleja de lo ideal.<\/p>\n\n\n\n<p><\/p>\n\n\n\n<p class=\"has-background\" style=\"background-color:#f1dfbf\"><strong>Consejo de experto<\/strong>: \u00bfquieres encontrar el fotoprotector solar corporal perfecto para ti, pero no sabes por donde empezar? Da <a href=\"https:\/\/www.isdin.com\/es\/blog\/test-mejor-fotoprotector-solar-corporal\/\">el primer paso con nosotros<\/a>.<\/p>\n\n\n\n<p><\/p>\n\n\n\n<h2 class=\"wp-block-heading\" id=\"h-estetica-vs-salud\">Est\u00e9tica vs. Salud<\/h2>\n\n\n\n<p>Por \u00faltimo, pero no menos importante, otro de los factores que ISDIN buscaba investigar eran los motivos. \u00bfQu\u00e9 impulsa a los espa\u00f1oles a fotoprotegerse? Los resultados est\u00e1n repartidos entre la salud y la est\u00e9tica.<\/p>\n\n\n\n<p><\/p>\n\n\n\n<figure class=\"wp-block-image size-large\"><img loading=\"lazy\" decoding=\"async\" width=\"1024\" height=\"527\" src=\"data:image\/gif;base64,R0lGODlhAQABAAAAACH5BAEKAAEALAAAAAABAAEAAAICTAEAOw==\" data-src=\"https:\/\/www.isdin.com\/es\/blog\/wp-content\/uploads\/2020\/08\/2023_Blog_SolyTu_IMG06-1-1-1024x527.png\" alt=\"por qu\u00e9 se fotoprotegen los espa\u00f1oles\" class=\"wp-image-8559 lazyload\" data-sizes=\"auto\" data-srcset=\"https:\/\/www.isdin.com\/es\/blog\/wp-content\/uploads\/2020\/08\/2023_Blog_SolyTu_IMG06-1-1-1024x527.png 1024w, https:\/\/www.isdin.com\/es\/blog\/wp-content\/uploads\/2020\/08\/2023_Blog_SolyTu_IMG06-1-1-300x155.png 300w, https:\/\/www.isdin.com\/es\/blog\/wp-content\/uploads\/2020\/08\/2023_Blog_SolyTu_IMG06-1-1-150x77.png 150w, https:\/\/www.isdin.com\/es\/blog\/wp-content\/uploads\/2020\/08\/2023_Blog_SolyTu_IMG06-1-1-768x396.png 768w, https:\/\/www.isdin.com\/es\/blog\/wp-content\/uploads\/2020\/08\/2023_Blog_SolyTu_IMG06-1-1-585x300.png 585w, https:\/\/www.isdin.com\/es\/blog\/wp-content\/uploads\/2020\/08\/2023_Blog_SolyTu_IMG06-1-1-450x232.png 450w, https:\/\/www.isdin.com\/es\/blog\/wp-content\/uploads\/2020\/08\/2023_Blog_SolyTu_IMG06-1-1-20x11.png 20w, https:\/\/www.isdin.com\/es\/blog\/wp-content\/uploads\/2020\/08\/2023_Blog_SolyTu_IMG06-1-1-225x116.png 225w, https:\/\/www.isdin.com\/es\/blog\/wp-content\/uploads\/2020\/08\/2023_Blog_SolyTu_IMG06-1-1-900x464.png 900w, https:\/\/www.isdin.com\/es\/blog\/wp-content\/uploads\/2020\/08\/2023_Blog_SolyTu_IMG06-1-1.png 1200w\" sizes=\"auto, (max-width: 1024px) 100vw, 1024px\" \/><\/figure>\n\n\n\n<p><\/p>\n\n\n\n<p>Entre las mujeres, el principal motivo es la prevenci\u00f3n de manchas y arrugas 72.8% y la prevenci\u00f3n del c\u00e1ncer de piel 67.7%. Entre los hombres se utiliza el protector solar principalmente para prevenir el c\u00e1ncer de piel 69.2%, y en un claro segundo lugar para evitar quemarse con el sol 62.6%.<\/p>\n\n\n\n<p><\/p>\n\n\n\n<figure class=\"wp-block-image size-large\"><img loading=\"lazy\" decoding=\"async\" width=\"1024\" height=\"527\" src=\"data:image\/gif;base64,R0lGODlhAQABAAAAACH5BAEKAAEALAAAAAABAAEAAAICTAEAOw==\" data-src=\"https:\/\/www.isdin.com\/es\/blog\/wp-content\/uploads\/2023\/08\/2023_Blog_SolyTu_IMG05-1-1024x527.png\" alt=\"fotoprotector que no deje residuo\" class=\"wp-image-8560 lazyload\" data-sizes=\"auto\" data-srcset=\"https:\/\/www.isdin.com\/es\/blog\/wp-content\/uploads\/2023\/08\/2023_Blog_SolyTu_IMG05-1-1024x527.png 1024w, https:\/\/www.isdin.com\/es\/blog\/wp-content\/uploads\/2023\/08\/2023_Blog_SolyTu_IMG05-1-300x155.png 300w, https:\/\/www.isdin.com\/es\/blog\/wp-content\/uploads\/2023\/08\/2023_Blog_SolyTu_IMG05-1-150x77.png 150w, https:\/\/www.isdin.com\/es\/blog\/wp-content\/uploads\/2023\/08\/2023_Blog_SolyTu_IMG05-1-768x396.png 768w, https:\/\/www.isdin.com\/es\/blog\/wp-content\/uploads\/2023\/08\/2023_Blog_SolyTu_IMG05-1-585x300.png 585w, https:\/\/www.isdin.com\/es\/blog\/wp-content\/uploads\/2023\/08\/2023_Blog_SolyTu_IMG05-1-450x232.png 450w, https:\/\/www.isdin.com\/es\/blog\/wp-content\/uploads\/2023\/08\/2023_Blog_SolyTu_IMG05-1-20x11.png 20w, https:\/\/www.isdin.com\/es\/blog\/wp-content\/uploads\/2023\/08\/2023_Blog_SolyTu_IMG05-1-225x116.png 225w, https:\/\/www.isdin.com\/es\/blog\/wp-content\/uploads\/2023\/08\/2023_Blog_SolyTu_IMG05-1-900x464.png 900w, https:\/\/www.isdin.com\/es\/blog\/wp-content\/uploads\/2023\/08\/2023_Blog_SolyTu_IMG05-1.png 1200w\" sizes=\"auto, (max-width: 1024px) 100vw, 1024px\" \/><\/figure>\n\n\n\n<p><\/p>\n\n\n\n<p>En lo que s\u00ed coinciden ambos sexos es que lo ideal en un fotoprotector es que no deje residuos 69.4% y que no deje la piel pegajosa 63.6%.<\/p>\n\n\n\n<p><\/p>\n\n\n\n<p class=\"has-background\" style=\"background-color:#f1dfbf\"><strong>Consejo de experto<\/strong>: a nosotros nos encantan los fotoprotectores de absorci\u00f3n inmediata y textura ultraligera como los que forman la gama <a href=\"https:\/\/www.isdin.com\/marcas\/fotoprotector-isdin\/\">5 Star Daily Protection<\/a>. Encontrar un fotoprotector que, adem\u00e1s de esto, se adapte a tu piel y a tu estilo de vida, no te llevar\u00e1 m\u00e1s de 5 minutos. <a href=\"https:\/\/www.isdin.com\/recomendador-fotoprotector-facial\/\">Haz nuestro test<\/a> y desc\u00fabrelo.<\/p>\n\n\n\n<p><\/p>\n\n\n\n<figure class=\"wp-block-image size-large\"><img loading=\"lazy\" decoding=\"async\" width=\"1024\" height=\"527\" src=\"data:image\/gif;base64,R0lGODlhAQABAAAAACH5BAEKAAEALAAAAAABAAEAAAICTAEAOw==\" data-src=\"https:\/\/www.isdin.com\/es\/blog\/wp-content\/uploads\/2023\/08\/2023_Blog_SolyTu_IMG02-1-1024x527.png\" alt=\"cantidad de fotoprotector necesaria\" class=\"wp-image-8561 lazyload\" data-sizes=\"auto\" data-srcset=\"https:\/\/www.isdin.com\/es\/blog\/wp-content\/uploads\/2023\/08\/2023_Blog_SolyTu_IMG02-1-1024x527.png 1024w, https:\/\/www.isdin.com\/es\/blog\/wp-content\/uploads\/2023\/08\/2023_Blog_SolyTu_IMG02-1-300x155.png 300w, https:\/\/www.isdin.com\/es\/blog\/wp-content\/uploads\/2023\/08\/2023_Blog_SolyTu_IMG02-1-150x77.png 150w, https:\/\/www.isdin.com\/es\/blog\/wp-content\/uploads\/2023\/08\/2023_Blog_SolyTu_IMG02-1-768x396.png 768w, https:\/\/www.isdin.com\/es\/blog\/wp-content\/uploads\/2023\/08\/2023_Blog_SolyTu_IMG02-1-585x300.png 585w, https:\/\/www.isdin.com\/es\/blog\/wp-content\/uploads\/2023\/08\/2023_Blog_SolyTu_IMG02-1-450x232.png 450w, https:\/\/www.isdin.com\/es\/blog\/wp-content\/uploads\/2023\/08\/2023_Blog_SolyTu_IMG02-1-20x11.png 20w, https:\/\/www.isdin.com\/es\/blog\/wp-content\/uploads\/2023\/08\/2023_Blog_SolyTu_IMG02-1-225x116.png 225w, https:\/\/www.isdin.com\/es\/blog\/wp-content\/uploads\/2023\/08\/2023_Blog_SolyTu_IMG02-1-900x464.png 900w, https:\/\/www.isdin.com\/es\/blog\/wp-content\/uploads\/2023\/08\/2023_Blog_SolyTu_IMG02-1.png 1200w\" sizes=\"auto, (max-width: 1024px) 100vw, 1024px\" \/><\/figure>\n\n\n\n<p><\/p>\n\n\n\n<h2 class=\"wp-block-heading\" id=\"h-una-piel-protegida-es-una-piel-saludable\"><strong>Una piel protegida es una piel saludable<\/strong><\/h2>\n\n\n\n<p><strong>Y una piel saludable es una piel bonita.<\/strong> Tener unos buenos h\u00e1bitos de protecci\u00f3n solar durante todo el a\u00f1o ayuda a reducir las probabilidades de sufrir c\u00e1ncer de piel y a prevenir los signos del fotoenvejecimiento, como manchas y arrugas en la piel.<\/p>\n\n\n\n<h3 class=\"wp-block-heading\" id=\"h-el-protector-solar-un-basico-en-tu-rutina-diaria\">El protector solar, un b\u00e1sico en tu rutina diaria<\/h3>\n\n\n\n<p>Usar un protector solar a diario es el mejor tratamiento <em>antiaging<\/em>.<\/p>\n\n\n\n<h3 class=\"wp-block-heading\" id=\"h-el-habito-de-la-fotoproteccion-empieza-desde-jovenes\">El h\u00e1bito de la fotoprotecci\u00f3n empieza desde j\u00f3venes<\/h3>\n\n\n\n<p>Es un solo gesto, 1 minuto, y t\u00fa yo de 50 a\u00f1os lo agradecer\u00e1 a t\u00fa yo de 16 a\u00f1os.<\/p>\n\n\n\n<h3 class=\"wp-block-heading\" id=\"h-la-sociedad-espanola-de-oncologia-medica-estima-que-se-diagnosticaran-279-260-nuevos-casos-de-cancer-de-piel-en-2023\">La Sociedad Espa\u00f1ola de Oncolog\u00eda M\u00e9dica estima que se diagnosticar\u00e1n 279.260 nuevos casos de c\u00e1ncer de piel en 2023<\/h3>\n\n\n\n<p>\u00a1No bajes la guardia! Cuida tu piel y prot\u00e9gela del sol a diario.<\/p>\n\n\n\n<p><\/p>\n\n\n\n<p class=\"has-text-align-center\">Y t\u00fa, \u00bfte proteges durante todo el a\u00f1o? \u00bfQu\u00e9 te parecen los resultados de la tercera edici\u00f3n? \u00bfHas mejorado tus h\u00e1bitos de protecci\u00f3n solar? \u00a1Cu\u00e9ntanoslo en los comentarios!<\/p>\n","protected":false},"excerpt":{"rendered":"<p>El pasado verano lanzamos el 3\u00ba estudio ISDIN sobre h\u00e1bitos de protecci\u00f3n solar en Espa\u00f1a, \u00a1y los datos han hablado!<\/p>\n","protected":false},"author":3,"featured_media":8551,"comment_status":"closed","ping_status":"closed","sticky":false,"template":"","format":"image","meta":{"footnotes":""},"categories":[1,100],"tags":[],"class_list":["post-5380","post","type-post","status-publish","format-image","has-post-thumbnail","hentry","category-consejos-cuidados","category-sol-y-piel","post_format-post-format-image"],"yoast_head":"<!-- This site is optimized with the Yoast SEO Premium plugin v25.4 (Yoast SEO v25.4) - https:\/\/yoast.com\/wordpress\/plugins\/seo\/ -->\n<title>El sol y t\u00fa: \u00bfte proteges c\u00f3mo deber\u00edas? - ISDIN<\/title>\n<meta name=\"description\" content=\"Hemos repasado toda la info del 3\u00ba estudio ISDIN sobre h\u00e1bitos de protecci\u00f3n solar en Espa\u00f1a, \u00a1y los datos han hablado!\" \/>\n<meta name=\"robots\" content=\"index, follow, max-snippet:-1, max-image-preview:large, max-video-preview:-1\" \/>\n<link rel=\"canonical\" href=\"https:\/\/www.isdin.com\/es\/blog\/te-proteges-bien-del-sol\/\" \/>\n<meta property=\"og:locale\" content=\"es_ES\" \/>\n<meta property=\"og:type\" content=\"article\" \/>\n<meta property=\"og:title\" content=\"El sol y t\u00fa: \u00bfte proteges c\u00f3mo deber\u00edas?\" \/>\n<meta property=\"og:description\" content=\"Hemos realizado el primer estudio ISDIN sobre h\u00e1bitos de protecci\u00f3n solar, el m\u00e1s importante llevado a cabo hasta ahora en nuestro pa\u00eds.\" \/>\n<meta property=\"og:url\" content=\"https:\/\/www.isdin.com\/es\/blog\/te-proteges-bien-del-sol\/\" \/>\n<meta property=\"og:site_name\" content=\"ISDIN\" \/>\n<meta property=\"article:publisher\" content=\"https:\/\/es-es.facebook.com\/ISDIN.official\/\" \/>\n<meta property=\"article:published_time\" content=\"2023-08-11T12:31:55+00:00\" \/>\n<meta property=\"article:modified_time\" content=\"2024-07-23T11:01:20+00:00\" \/>\n<meta property=\"og:image\" content=\"https:\/\/www.isdin.com\/es\/blog\/wp-content\/uploads\/2020\/08\/2020_07_Blog_Imatge_Facebook-3.jpg\" \/>\n\t<meta property=\"og:image:width\" content=\"1200\" \/>\n\t<meta property=\"og:image:height\" content=\"630\" \/>\n\t<meta property=\"og:image:type\" content=\"image\/jpeg\" \/>\n<meta name=\"author\" content=\"Live Young,&nbsp;Belinda Mart\u00ednez&nbsp;y&nbsp;Aurora Garre Contreras\" \/>\n<meta name=\"twitter:card\" content=\"summary_large_image\" \/>\n<meta name=\"twitter:creator\" content=\"@isdin_official\" \/>\n<meta name=\"twitter:site\" content=\"@isdin_official\" \/>\n<meta name=\"twitter:label1\" content=\"Written by\" \/>\n\t<meta name=\"twitter:data1\" content=\"Live Young,&nbsp;Belinda Mart\u00ednez&nbsp;y&nbsp;Aurora Garre Contreras\" \/>\n\t<meta name=\"twitter:label2\" content=\"Est. reading time\" \/>\n\t<meta name=\"twitter:data2\" content=\"6 minutes\" \/>\n<script type=\"application\/ld+json\" class=\"yoast-schema-graph\">{\"@context\":\"https:\/\/schema.org\",\"@graph\":[{\"@type\":\"Article\",\"@id\":\"https:\/\/www.isdin.com\/es\/blog\/te-proteges-bien-del-sol\/#article\",\"isPartOf\":{\"@id\":\"https:\/\/www.isdin.com\/es\/blog\/te-proteges-bien-del-sol\/\"},\"author\":{\"name\":\"Live Young,&nbsp;Belinda Mart\u00ednez&nbsp;y&nbsp;Aurora Garre Contreras\",\"@id\":\"https:\/\/www.isdin.com\/es\/blog\/#\/schema\/person\/528848368b26d62008cefcc29a52ade8\"},\"headline\":\"El sol y t\u00fa: \u00bfte proteges c\u00f3mo deber\u00edas?\",\"datePublished\":\"2023-08-11T12:31:55+00:00\",\"dateModified\":\"2024-07-23T11:01:20+00:00\",\"mainEntityOfPage\":{\"@id\":\"https:\/\/www.isdin.com\/es\/blog\/te-proteges-bien-del-sol\/\"},\"wordCount\":1138,\"publisher\":{\"@id\":\"https:\/\/www.isdin.com\/es\/blog\/#organization\"},\"image\":{\"@id\":\"https:\/\/www.isdin.com\/es\/blog\/te-proteges-bien-del-sol\/#primaryimage\"},\"thumbnailUrl\":\"https:\/\/www.isdin.com\/es\/blog\/wp-content\/uploads\/2020\/08\/2023_Blog_SolyTu_Header.png\",\"articleSection\":[\"Consejos y cuidados\",\"Sol y piel\"],\"inLanguage\":\"es-ES\"},{\"@type\":\"WebPage\",\"@id\":\"https:\/\/www.isdin.com\/es\/blog\/te-proteges-bien-del-sol\/\",\"url\":\"https:\/\/www.isdin.com\/es\/blog\/te-proteges-bien-del-sol\/\",\"name\":\"El sol y t\u00fa: \u00bfte proteges c\u00f3mo deber\u00edas? - ISDIN\",\"isPartOf\":{\"@id\":\"https:\/\/www.isdin.com\/es\/blog\/#website\"},\"primaryImageOfPage\":{\"@id\":\"https:\/\/www.isdin.com\/es\/blog\/te-proteges-bien-del-sol\/#primaryimage\"},\"image\":{\"@id\":\"https:\/\/www.isdin.com\/es\/blog\/te-proteges-bien-del-sol\/#primaryimage\"},\"thumbnailUrl\":\"https:\/\/www.isdin.com\/es\/blog\/wp-content\/uploads\/2020\/08\/2023_Blog_SolyTu_Header.png\",\"datePublished\":\"2023-08-11T12:31:55+00:00\",\"dateModified\":\"2024-07-23T11:01:20+00:00\",\"description\":\"Hemos repasado toda la info del 3\u00ba estudio ISDIN sobre h\u00e1bitos de protecci\u00f3n solar en Espa\u00f1a, \u00a1y los datos han hablado!\",\"breadcrumb\":{\"@id\":\"https:\/\/www.isdin.com\/es\/blog\/te-proteges-bien-del-sol\/#breadcrumb\"},\"inLanguage\":\"es-ES\",\"potentialAction\":[{\"@type\":\"ReadAction\",\"target\":[\"https:\/\/www.isdin.com\/es\/blog\/te-proteges-bien-del-sol\/\"]}]},{\"@type\":\"ImageObject\",\"inLanguage\":\"es-ES\",\"@id\":\"https:\/\/www.isdin.com\/es\/blog\/te-proteges-bien-del-sol\/#primaryimage\",\"url\":\"https:\/\/www.isdin.com\/es\/blog\/wp-content\/uploads\/2020\/08\/2023_Blog_SolyTu_Header.png\",\"contentUrl\":\"https:\/\/www.isdin.com\/es\/blog\/wp-content\/uploads\/2020\/08\/2023_Blog_SolyTu_Header.png\",\"width\":1200,\"height\":760,\"caption\":\"h\u00e1bitos de fotoprotecci\u00f3n solar en Espa\u00f1a\"},{\"@type\":\"BreadcrumbList\",\"@id\":\"https:\/\/www.isdin.com\/es\/blog\/te-proteges-bien-del-sol\/#breadcrumb\",\"itemListElement\":[{\"@type\":\"ListItem\",\"position\":1,\"name\":\"Portada\",\"item\":\"https:\/\/www.isdin.com\/es\/blog\/\"},{\"@type\":\"ListItem\",\"position\":2,\"name\":\"El sol y t\u00fa: \u00bfte proteges c\u00f3mo deber\u00edas?\"}]},{\"@type\":\"WebSite\",\"@id\":\"https:\/\/www.isdin.com\/es\/blog\/#website\",\"url\":\"https:\/\/www.isdin.com\/es\/blog\/\",\"name\":\"ISDIN\",\"description\":\"Novedades, lanzamientos de productos y toda la experiencia de ISDIN\",\"publisher\":{\"@id\":\"https:\/\/www.isdin.com\/es\/blog\/#organization\"},\"potentialAction\":[{\"@type\":\"SearchAction\",\"target\":{\"@type\":\"EntryPoint\",\"urlTemplate\":\"https:\/\/www.isdin.com\/es\/blog\/?s={search_term_string}\"},\"query-input\":{\"@type\":\"PropertyValueSpecification\",\"valueRequired\":true,\"valueName\":\"search_term_string\"}}],\"inLanguage\":\"es-ES\"},{\"@type\":\"Organization\",\"@id\":\"https:\/\/www.isdin.com\/es\/blog\/#organization\",\"name\":\"ISDIN\",\"alternateName\":\"ISDIN\",\"url\":\"https:\/\/www.isdin.com\/es\/blog\/\",\"logo\":{\"@type\":\"ImageObject\",\"inLanguage\":\"es-ES\",\"@id\":\"https:\/\/www.isdin.com\/es\/blog\/#\/schema\/logo\/image\/\",\"url\":\"https:\/\/www.isdin.com\/es\/blog\/wp-content\/uploads\/2024\/05\/2025_03_GuiaFoto_FWM.png\",\"contentUrl\":\"https:\/\/www.isdin.com\/es\/blog\/wp-content\/uploads\/2024\/05\/2025_03_GuiaFoto_FWM.png\",\"width\":670,\"height\":683,\"caption\":\"ISDIN\"},\"image\":{\"@id\":\"https:\/\/www.isdin.com\/es\/blog\/#\/schema\/logo\/image\/\"},\"sameAs\":[\"https:\/\/es-es.facebook.com\/ISDIN.official\/\",\"https:\/\/x.com\/isdin_official\",\"https:\/\/www.instagram.com\/isdinofficial\",\"https:\/\/www.youtube.com\/channel\/UCtoNJMKpDwdFLqgV23_lcqg\"],\"telephone\":\"659997812\"},[{\"@type\":[\"Person\"],\"@id\":\"https:\/\/www.isdin.com\/es\/blog\/#\/schema\/person\/528848368b26d62008cefcc29a52ade8\",\"name\":\"Live Young\",\"image\":{\"@type\":\"ImageObject\",\"@id\":\"https:\/\/www.isdin.com\/es\/blog\/#\/schema\/person\/image\/\",\"inLanguage\":\"es_ES\",\"url\":\"https:\/\/www.isdin.com\/es\/blog\/wp-content\/uploads\/2017\/07\/isdin-live-young-150x150-1.png\",\"caption\":\"Live Young\"}},{\"@type\":[\"Person\"],\"@id\":\"https:\/\/www.isdin.com\/es\/blog\/#\/schema\/person\/528848368b26d62008cefcc29a52ade8\",\"name\":\"Belinda Mart\u00ednez\",\"image\":{\"@type\":\"ImageObject\",\"@id\":\"https:\/\/www.isdin.com\/es\/blog\/#\/schema\/person\/image\/\",\"inLanguage\":\"es_ES\",\"url\":\"https:\/\/www.isdin.com\/es\/blog\/wp-content\/uploads\/2017\/07\/jjjj.jpg\",\"caption\":\"Belinda Mart\u00ednez\"}},{\"@type\":[\"Person\"],\"@id\":\"https:\/\/www.isdin.com\/es\/blog\/#\/schema\/person\/528848368b26d62008cefcc29a52ade8\",\"name\":\"Aurora Garre Contreras\",\"image\":{\"@type\":\"ImageObject\",\"@id\":\"https:\/\/www.isdin.com\/es\/blog\/#\/schema\/person\/image\/\",\"inLanguage\":\"es_ES\",\"url\":\"https:\/\/www.isdin.com\/es\/blog\/wp-content\/uploads\/2017\/07\/aurora-garre-contreras-edited-300x300-1.jpg\",\"caption\":\"Aurora Garre Contreras\"}}]]}<\/script>\n<!-- \/ Yoast SEO Premium plugin. -->","yoast_head_json":{"title":"El sol y t\u00fa: \u00bfte proteges c\u00f3mo deber\u00edas? - ISDIN","description":"Hemos repasado toda la info del 3\u00ba estudio ISDIN sobre h\u00e1bitos de protecci\u00f3n solar en Espa\u00f1a, \u00a1y los datos han hablado!","robots":{"index":"index","follow":"follow","max-snippet":"max-snippet:-1","max-image-preview":"max-image-preview:large","max-video-preview":"max-video-preview:-1"},"canonical":"https:\/\/www.isdin.com\/es\/blog\/te-proteges-bien-del-sol\/","og_locale":"es_ES","og_type":"article","og_title":"El sol y t\u00fa: \u00bfte proteges c\u00f3mo deber\u00edas?","og_description":"Hemos realizado el primer estudio ISDIN sobre h\u00e1bitos de protecci\u00f3n solar, el m\u00e1s importante llevado a cabo hasta ahora en nuestro pa\u00eds.","og_url":"https:\/\/www.isdin.com\/es\/blog\/te-proteges-bien-del-sol\/","og_site_name":"ISDIN","article_publisher":"https:\/\/es-es.facebook.com\/ISDIN.official\/","article_published_time":"2023-08-11T12:31:55+00:00","article_modified_time":"2024-07-23T11:01:20+00:00","og_image":[{"width":1200,"height":630,"url":"https:\/\/www.isdin.com\/es\/blog\/wp-content\/uploads\/2020\/08\/2020_07_Blog_Imatge_Facebook-3.jpg","type":"image\/jpeg"}],"author":"Live Young,&nbsp;Belinda Mart\u00ednez&nbsp;y&nbsp;Aurora Garre Contreras","twitter_card":"summary_large_image","twitter_creator":"@isdin_official","twitter_site":"@isdin_official","twitter_misc":{"Written by":"Live Young,&nbsp;Belinda Mart\u00ednez&nbsp;y&nbsp;Aurora Garre Contreras","Est. reading time":"6 minutes"},"schema":{"@context":"https:\/\/schema.org","@graph":[{"@type":"Article","@id":"https:\/\/www.isdin.com\/es\/blog\/te-proteges-bien-del-sol\/#article","isPartOf":{"@id":"https:\/\/www.isdin.com\/es\/blog\/te-proteges-bien-del-sol\/"},"author":{"name":"Live Young,&nbsp;Belinda Mart\u00ednez&nbsp;y&nbsp;Aurora Garre Contreras","@id":"https:\/\/www.isdin.com\/es\/blog\/#\/schema\/person\/528848368b26d62008cefcc29a52ade8"},"headline":"El sol y t\u00fa: \u00bfte proteges c\u00f3mo deber\u00edas?","datePublished":"2023-08-11T12:31:55+00:00","dateModified":"2024-07-23T11:01:20+00:00","mainEntityOfPage":{"@id":"https:\/\/www.isdin.com\/es\/blog\/te-proteges-bien-del-sol\/"},"wordCount":1138,"publisher":{"@id":"https:\/\/www.isdin.com\/es\/blog\/#organization"},"image":{"@id":"https:\/\/www.isdin.com\/es\/blog\/te-proteges-bien-del-sol\/#primaryimage"},"thumbnailUrl":"https:\/\/www.isdin.com\/es\/blog\/wp-content\/uploads\/2020\/08\/2023_Blog_SolyTu_Header.png","articleSection":["Consejos y cuidados","Sol y piel"],"inLanguage":"es-ES"},{"@type":"WebPage","@id":"https:\/\/www.isdin.com\/es\/blog\/te-proteges-bien-del-sol\/","url":"https:\/\/www.isdin.com\/es\/blog\/te-proteges-bien-del-sol\/","name":"El sol y t\u00fa: \u00bfte proteges c\u00f3mo deber\u00edas? - ISDIN","isPartOf":{"@id":"https:\/\/www.isdin.com\/es\/blog\/#website"},"primaryImageOfPage":{"@id":"https:\/\/www.isdin.com\/es\/blog\/te-proteges-bien-del-sol\/#primaryimage"},"image":{"@id":"https:\/\/www.isdin.com\/es\/blog\/te-proteges-bien-del-sol\/#primaryimage"},"thumbnailUrl":"https:\/\/www.isdin.com\/es\/blog\/wp-content\/uploads\/2020\/08\/2023_Blog_SolyTu_Header.png","datePublished":"2023-08-11T12:31:55+00:00","dateModified":"2024-07-23T11:01:20+00:00","description":"Hemos repasado toda la info del 3\u00ba estudio ISDIN sobre h\u00e1bitos de protecci\u00f3n solar en Espa\u00f1a, \u00a1y los datos han hablado!","breadcrumb":{"@id":"https:\/\/www.isdin.com\/es\/blog\/te-proteges-bien-del-sol\/#breadcrumb"},"inLanguage":"es-ES","potentialAction":[{"@type":"ReadAction","target":["https:\/\/www.isdin.com\/es\/blog\/te-proteges-bien-del-sol\/"]}]},{"@type":"ImageObject","inLanguage":"es-ES","@id":"https:\/\/www.isdin.com\/es\/blog\/te-proteges-bien-del-sol\/#primaryimage","url":"https:\/\/www.isdin.com\/es\/blog\/wp-content\/uploads\/2020\/08\/2023_Blog_SolyTu_Header.png","contentUrl":"https:\/\/www.isdin.com\/es\/blog\/wp-content\/uploads\/2020\/08\/2023_Blog_SolyTu_Header.png","width":1200,"height":760,"caption":"h\u00e1bitos de fotoprotecci\u00f3n solar en Espa\u00f1a"},{"@type":"BreadcrumbList","@id":"https:\/\/www.isdin.com\/es\/blog\/te-proteges-bien-del-sol\/#breadcrumb","itemListElement":[{"@type":"ListItem","position":1,"name":"Portada","item":"https:\/\/www.isdin.com\/es\/blog\/"},{"@type":"ListItem","position":2,"name":"El sol y t\u00fa: \u00bfte proteges c\u00f3mo deber\u00edas?"}]},{"@type":"WebSite","@id":"https:\/\/www.isdin.com\/es\/blog\/#website","url":"https:\/\/www.isdin.com\/es\/blog\/","name":"ISDIN","description":"Novedades, lanzamientos de productos y toda la experiencia de ISDIN","publisher":{"@id":"https:\/\/www.isdin.com\/es\/blog\/#organization"},"potentialAction":[{"@type":"SearchAction","target":{"@type":"EntryPoint","urlTemplate":"https:\/\/www.isdin.com\/es\/blog\/?s={search_term_string}"},"query-input":{"@type":"PropertyValueSpecification","valueRequired":true,"valueName":"search_term_string"}}],"inLanguage":"es-ES"},{"@type":"Organization","@id":"https:\/\/www.isdin.com\/es\/blog\/#organization","name":"ISDIN","alternateName":"ISDIN","url":"https:\/\/www.isdin.com\/es\/blog\/","logo":{"@type":"ImageObject","inLanguage":"es-ES","@id":"https:\/\/www.isdin.com\/es\/blog\/#\/schema\/logo\/image\/","url":"https:\/\/www.isdin.com\/es\/blog\/wp-content\/uploads\/2024\/05\/2025_03_GuiaFoto_FWM.png","contentUrl":"https:\/\/www.isdin.com\/es\/blog\/wp-content\/uploads\/2024\/05\/2025_03_GuiaFoto_FWM.png","width":670,"height":683,"caption":"ISDIN"},"image":{"@id":"https:\/\/www.isdin.com\/es\/blog\/#\/schema\/logo\/image\/"},"sameAs":["https:\/\/es-es.facebook.com\/ISDIN.official\/","https:\/\/x.com\/isdin_official","https:\/\/www.instagram.com\/isdinofficial","https:\/\/www.youtube.com\/channel\/UCtoNJMKpDwdFLqgV23_lcqg"],"telephone":"659997812"},[{"@type":["Person"],"@id":"https:\/\/www.isdin.com\/es\/blog\/#\/schema\/person\/528848368b26d62008cefcc29a52ade8","name":"Live Young","image":{"@type":"ImageObject","@id":"https:\/\/www.isdin.com\/es\/blog\/#\/schema\/person\/image\/","inLanguage":"es_ES","url":"https:\/\/www.isdin.com\/es\/blog\/wp-content\/uploads\/2017\/07\/isdin-live-young-150x150-1.png","caption":"Live Young"}},{"@type":["Person"],"@id":"https:\/\/www.isdin.com\/es\/blog\/#\/schema\/person\/528848368b26d62008cefcc29a52ade8","name":"Belinda Mart\u00ednez","image":{"@type":"ImageObject","@id":"https:\/\/www.isdin.com\/es\/blog\/#\/schema\/person\/image\/","inLanguage":"es_ES","url":"https:\/\/www.isdin.com\/es\/blog\/wp-content\/uploads\/2017\/07\/jjjj.jpg","caption":"Belinda Mart\u00ednez"}},{"@type":["Person"],"@id":"https:\/\/www.isdin.com\/es\/blog\/#\/schema\/person\/528848368b26d62008cefcc29a52ade8","name":"Aurora Garre Contreras","image":{"@type":"ImageObject","@id":"https:\/\/www.isdin.com\/es\/blog\/#\/schema\/person\/image\/","inLanguage":"es_ES","url":"https:\/\/www.isdin.com\/es\/blog\/wp-content\/uploads\/2017\/07\/aurora-garre-contreras-edited-300x300-1.jpg","caption":"Aurora Garre Contreras"}}]]}},"_links":{"self":[{"href":"https:\/\/www.isdin.com\/es\/blog\/wp-json\/wp\/v2\/posts\/5380","targetHints":{"allow":["GET"]}}],"collection":[{"href":"https:\/\/www.isdin.com\/es\/blog\/wp-json\/wp\/v2\/posts"}],"about":[{"href":"https:\/\/www.isdin.com\/es\/blog\/wp-json\/wp\/v2\/types\/post"}],"author":[{"embeddable":true,"href":"https:\/\/www.isdin.com\/es\/blog\/wp-json\/wp\/v2\/users\/3"}],"replies":[{"embeddable":true,"href":"https:\/\/www.isdin.com\/es\/blog\/wp-json\/wp\/v2\/comments?post=5380"}],"version-history":[{"count":13,"href":"https:\/\/www.isdin.com\/es\/blog\/wp-json\/wp\/v2\/posts\/5380\/revisions"}],"predecessor-version":[{"id":10692,"href":"https:\/\/www.isdin.com\/es\/blog\/wp-json\/wp\/v2\/posts\/5380\/revisions\/10692"}],"wp:featuredmedia":[{"embeddable":true,"href":"https:\/\/www.isdin.com\/es\/blog\/wp-json\/wp\/v2\/media\/8551"}],"wp:attachment":[{"href":"https:\/\/www.isdin.com\/es\/blog\/wp-json\/wp\/v2\/media?parent=5380"}],"wp:term":[{"taxonomy":"category","embeddable":true,"href":"https:\/\/www.isdin.com\/es\/blog\/wp-json\/wp\/v2\/categories?post=5380"},{"taxonomy":"post_tag","embeddable":true,"href":"https:\/\/www.isdin.com\/es\/blog\/wp-json\/wp\/v2\/tags?post=5380"}],"curies":[{"name":"wp","href":"https:\/\/api.w.org\/{rel}","templated":true}]}}