{"id":5365,"date":"2024-10-16T10:25:17","date_gmt":"2024-10-16T10:25:17","guid":{"rendered":"https:\/\/www.isdin.com\/es\/blog\/?p=5365"},"modified":"2024-10-16T16:11:26","modified_gmt":"2024-10-16T16:11:26","slug":"unas-cuidadas-y-sin-pintar-la-nueva-tendencia","status":"publish","type":"post","link":"https:\/\/www.isdin.com\/es\/blog\/unas-cuidadas-y-sin-pintar-la-nueva-tendencia\/","title":{"rendered":"Por qu\u00e9 es importante darle un descanso a tus u\u00f1as acr\u00edlicas de vez en cuando"},"content":{"rendered":"\n<p>Hoy en d\u00eda, parece tan necesario estar al tanto de las \u00faltimas tendencias en manicura como de darles un respiro a las u\u00f1as entre cita y cita. Y si bien es cierto que es posible lucir unas u\u00f1as saludables con acr\u00edlico, semipermanente o gel, el uso excesivo de estos tratamientos puede pasar factura con el tiempo.<\/p>\n\n\n\n<p>Acomp\u00e1\u00f1anos y descubre por qu\u00e9 es importante darle un descanso a tus u\u00f1as acr\u00edlicas de vez en cuando, y c\u00f3mo devolverles su brillo natural con un fortalecedor.<\/p>\n\n\n\n<h2 class=\"wp-block-heading\" id=\"h-la-razon-por-la-que-tus-unas-necesitan-un-respiro\">La raz\u00f3n por la que tus u\u00f1as necesitan un respiro<\/h2>\n\n\n\n<p>Nuestro uso de la palabra &#8220;respiro&#8221; es puramente metaf\u00f3rico; es decir, tus u\u00f1as no absorben ox\u00edgeno del aire y no necesitan estar libres de una manicura para mantenerse saludables. Sin embargo, s\u00ed requieren los cuidados adecuados (te las pintes o no).<\/p>\n\n\n\n<p>En primer lugar, tus u\u00f1as pueden perder su color natural debido a los pigmentos de los esmaltes. Si alguna vez has notado parches blancos en tus u\u00f1as despu\u00e9s de quitar incorrectamente el esmalte, esa es la raz\u00f3n. <strong>Un descanso entre manicuras no solo es bueno para prevenir el amarilleo y la descamaci\u00f3n, sino tambi\u00e9n para restaurar tus u\u00f1as y darles una nueva oportunidad para brillar.<\/strong><\/p>\n\n\n\n<p>Aunque es cierto que no hay un tiempo establecido, cada persona es diferente y tendr\u00e1s que ajustar tu descanso de acuerdo a las necesidades de tus u\u00f1as. <strong>La raz\u00f3n es simple: no es una buena idea dejar que el da\u00f1o se acumule<\/strong>. Por ejemplo, si no est\u00e1s segura de si es mejor descansar cada pocas semanas o meses, un truco es fijarte en cu\u00e1ndo tu u\u00f1a natural ya no est\u00e1 brillante y suave. Si eso ocurre\u2026 \u00a1Es hora de descansar!<\/p>\n\n\n\n<p><\/p>\n\n\n\n<figure class=\"wp-block-image size-full\"><img loading=\"lazy\" decoding=\"async\" width=\"4000\" height=\"6000\" src=\"data:image\/gif;base64,R0lGODlhAQABAAAAACH5BAEKAAEALAAAAAABAAEAAAICTAEAOw==\" data-src=\"https:\/\/www.isdin.com\/es\/blog\/wp-content\/uploads\/2020\/07\/pexels-angela-roma-7479968-1-1.jpg\" alt=\"u\u00f1as de cerca\" class=\"wp-image-11129 lazyload\"\/><\/figure>\n\n\n\n<p><\/p>\n\n\n\n<h2 class=\"wp-block-heading\">Espera\u2026 \u00bflas u\u00f1as de acr\u00edlico son malas?<\/h2>\n\n\n\n<p>Ni las u\u00f1as acr\u00edlicas (ni las de gel o los esmaltes permanentes) lo son, pero ya sabes lo que dicen: todo en exceso es malo. Si te haces la manicura con mucha frecuencia y tus u\u00f1as est\u00e1n da\u00f1adas, no darles un respiro puede volverlas m\u00e1s quebradizas, adem\u00e1s de causar un adelgazamiento en la placa ungueal, <a href=\"https:\/\/www.isdin.com\/es\/blog\/unas-fragiles-y-quebradizas-descubre-si-nails\/\" target=\"_blank\" rel=\"noreferrer noopener\">la parte dura de tu u\u00f1a<\/a> compuesta por queratina.<\/p>\n\n\n\n<p>Por ejemplo, con las u\u00f1as de gel puede ocurrir deshidrataci\u00f3n si se usan en exceso, debido a las bases. Con las acr\u00edlicas, el da\u00f1o puede ser a largo plazo, ya que la superficie de tus u\u00f1as naturales se lima para la aplicaci\u00f3n, lo que las debilita.<\/p>\n\n\n\n<p>Adem\u00e1s, otro aspecto en cualquier manicura es la <a href=\"https:\/\/www.isdin.com\/marcas\/isdin-si-nails\/\" target=\"_blank\" rel=\"noreferrer noopener\">radiaci\u00f3n<\/a>. La mayor\u00eda de los dise\u00f1os necesitan luz ultravioleta (UV) para endurecerse, por lo que esmalte + radiaci\u00f3n es igual a unas u\u00f1as potencialmente m\u00e1s fr\u00e1giles. Pero m\u00e1s all\u00e1 de las u\u00f1as, <strong>\u00bfexisten riesgos para tu piel al usar l\u00e1mparas de secado UV?<\/strong><\/p>\n\n\n\n<p><a href=\"https:\/\/aedv.es\/wp-content\/uploads\/2023\/02\/NP_2023_02_07_Los-dermatologos-lanzan-un-mensaje-de-calma-en-cuanto-a-los-peligros-de-las-lamparas-de-manicura.pdf\" target=\"_blank\" rel=\"noreferrer noopener\">Los dermat\u00f3logos lanzan un mensaje de calma<\/a>: el tiempo de secado es inferior a 2 minutos y en muchos centros de belleza se han reemplazado las luces fluorescentes anteriores por luces LED UV. <strong>Siempre y cuando se utilicen de forma adecuada, el riesgo es bajo. A\u00fan menor si se acompa\u00f1a de <a href=\"https:\/\/www.isdin.com\/es\/blog\/fotoprotectores-solares-para-la-cara-isdin\/\" target=\"_blank\" rel=\"noreferrer noopener\">fotoprotecci\u00f3n<\/a><\/strong>.<\/p>\n\n\n\n<p><\/p>\n\n\n\n<p class=\"has-background\" style=\"background-color:#f1dfbf\"><strong>Consejo de experto: <\/strong>utiliza un protector solar todos los d\u00edas, con <a href=\"https:\/\/www.isdin.com\/es\/blog\/spf-significado-y-recomendaciones-segun-tu-piel\/\" target=\"_blank\" rel=\"noreferrer noopener\">SPF<\/a> de al menos 50 y que cuente con la garant\u00eda de protecci\u00f3n UVA. Si tienes una cita de manicura, acu\u00e9rdate de reaplicarlo en las manos antes del procedimiento, cubriendo toda la piel excepto la zona de las u\u00f1as.<\/p>\n\n\n\n<p><\/p>\n\n\n\n<figure class=\"wp-block-image size-full\"><img loading=\"lazy\" decoding=\"async\" width=\"900\" height=\"464\" src=\"data:image\/gif;base64,R0lGODlhAQABAAAAACH5BAEKAAEALAAAAAABAAEAAAICTAEAOw==\" data-src=\"https:\/\/www.isdin.com\/es\/blog\/wp-content\/uploads\/2020\/07\/2024_05_AcrylicNails_IMG01-900x464-2.png\" alt=\"descanso u\u00f1as sin pintar\" class=\"wp-image-11130 lazyload\" data-sizes=\"auto\" data-srcset=\"https:\/\/www.isdin.com\/es\/blog\/wp-content\/uploads\/2020\/07\/2024_05_AcrylicNails_IMG01-900x464-2.png 900w, https:\/\/www.isdin.com\/es\/blog\/wp-content\/uploads\/2020\/07\/2024_05_AcrylicNails_IMG01-900x464-2-300x155.png 300w, https:\/\/www.isdin.com\/es\/blog\/wp-content\/uploads\/2020\/07\/2024_05_AcrylicNails_IMG01-900x464-2-150x77.png 150w, https:\/\/www.isdin.com\/es\/blog\/wp-content\/uploads\/2020\/07\/2024_05_AcrylicNails_IMG01-900x464-2-768x396.png 768w, https:\/\/www.isdin.com\/es\/blog\/wp-content\/uploads\/2020\/07\/2024_05_AcrylicNails_IMG01-900x464-2-450x232.png 450w, https:\/\/www.isdin.com\/es\/blog\/wp-content\/uploads\/2020\/07\/2024_05_AcrylicNails_IMG01-900x464-2-20x11.png 20w, https:\/\/www.isdin.com\/es\/blog\/wp-content\/uploads\/2020\/07\/2024_05_AcrylicNails_IMG01-900x464-2-225x116.png 225w\" sizes=\"auto, (max-width: 900px) 100vw, 900px\" \/><\/figure>\n\n\n\n<p><\/p>\n\n\n\n<h2 class=\"wp-block-heading\">\u00bfPuedes quitarte las u\u00f1as acr\u00edlicas en casa?<\/h2>\n\n\n\n<p>Antes de comenzar tu descanso, por supuesto, tendr\u00e1s que quitar tu semipermanente, gel o acr\u00edlico. Y aunque lo mejor es dejar esto en manos de un buen profesional, puede que haya ocasiones en las que no te d\u00e9 tiempo a ir al sal\u00f3n.<\/p>\n\n\n\n<p>Si el dise\u00f1o de tus u\u00f1as comienza a caerse o deteriorarse, es importante que no las manipules. Si decides quit\u00e1rtelas, es importante hacerlo de una manera segura, que cause el menor da\u00f1o posible a tus u\u00f1as. <strong>Para quitar tu manicura necesitas: quitaesmalte, algod\u00f3n, corta\u00fa\u00f1as, lima de u\u00f1as y papel de aluminio<\/strong>. Te lo explicamos.<\/p>\n\n\n\n<h3 class=\"wp-block-heading\">Paso 1<\/h3>\n\n\n\n<p>\u00a1Corta tus u\u00f1as! Seguro que desde que te hiciste la manicura han crecido alg\u00fan que otro cent\u00edmetro. Por supuesto, querr\u00e1s mantener tus u\u00f1as largas, pero cuanto m\u00e1s cortas est\u00e9n, m\u00e1s f\u00e1cil ser\u00e1 quitarlas.<\/p>\n\n\n\n<p><em><strong>Tip:<\/strong><\/em> otra forma de dar un descanso es ir cortando tus u\u00f1as a medida que crecen y el dise\u00f1o desaparece. Ser\u00e1 una forma ideal de evitar usar productos y darles un descanso prolongado.<\/p>\n\n\n\n<h3 class=\"wp-block-heading\">Paso 2<\/h3>\n\n\n\n<p>Ahora es el turno de la lima, coge una que no sea muy dura y alisa suavemente la parte superior de tus u\u00f1as, tratando de dejar la capa de acr\u00edlico, gel o semipermanente lo m\u00e1s delgada posible.<\/p>\n\n\n\n<h3 class=\"wp-block-heading\">Paso 3<\/h3>\n\n\n\n<p>Bien, ahora viene el paso m\u00e1s importante (y cuidadoso). <strong>Si bien podr\u00edas pensar que lo que necesitas es poner a remojo tus u\u00f1as en quitaesmalte, \u00a1no es necesario!<\/strong> Moja algod\u00f3n en quitaesmalte, ponlo en tus u\u00f1as y envu\u00e9lvelas con peque\u00f1os trozos de papel aluminio, asegurando que la bolita de algod\u00f3n quede en la parte superior de la u\u00f1a. Puedes hacer esto mientras ves tu serie favorita, ya que tendr\u00e1s que estar as\u00ed durante 30-40 minutos.<\/p>\n\n\n\n<h3 class=\"wp-block-heading\">Paso 4<\/h3>\n\n\n\n<p>\u00a1Muy bien! Ahora levanta uno de los papeles de tus dedos para verificar que el esmalte se ha ablandado. Una vez quitados todos, lima tus u\u00f1as para eliminar cualquier resto. \u00a1Hazlo suavemente!<\/p>\n\n\n\n<h3 class=\"wp-block-heading\">Paso 5<\/h3>\n\n\n\n<p>Lava tus manos y u\u00f1as, s\u00e9calas suavemente y a hidratarlas se ha dicho. Ahora es el momento perfecto para mimarlas y terminar este peque\u00f1o paso a paso con un fortalecedor de u\u00f1as hidratante, como <a href=\"https:\/\/www.isdin.com\/marcas\/isdin-si-nails\/\" target=\"_blank\" rel=\"noreferrer noopener\">ISDIN SI-NAILS<\/a>.<\/p>\n\n\n\n<p><\/p>\n\n\n\n<figure class=\"wp-block-image size-full is-resized\"><img loading=\"lazy\" decoding=\"async\" width=\"900\" height=\"464\" src=\"data:image\/gif;base64,R0lGODlhAQABAAAAACH5BAEKAAEALAAAAAABAAEAAAICTAEAOw==\" data-src=\"https:\/\/www.isdin.com\/es\/blog\/wp-content\/uploads\/2020\/07\/2024_05_AcrylicNails_IMG03-900x464-1.png\" alt=\"fortalecedor de u\u00f1as\" class=\"wp-image-11131 lazyload\" style=\"width:670px;height:auto\" data-sizes=\"auto\" data-srcset=\"https:\/\/www.isdin.com\/es\/blog\/wp-content\/uploads\/2020\/07\/2024_05_AcrylicNails_IMG03-900x464-1.png 900w, https:\/\/www.isdin.com\/es\/blog\/wp-content\/uploads\/2020\/07\/2024_05_AcrylicNails_IMG03-900x464-1-300x155.png 300w, https:\/\/www.isdin.com\/es\/blog\/wp-content\/uploads\/2020\/07\/2024_05_AcrylicNails_IMG03-900x464-1-150x77.png 150w, https:\/\/www.isdin.com\/es\/blog\/wp-content\/uploads\/2020\/07\/2024_05_AcrylicNails_IMG03-900x464-1-768x396.png 768w, https:\/\/www.isdin.com\/es\/blog\/wp-content\/uploads\/2020\/07\/2024_05_AcrylicNails_IMG03-900x464-1-450x232.png 450w, https:\/\/www.isdin.com\/es\/blog\/wp-content\/uploads\/2020\/07\/2024_05_AcrylicNails_IMG03-900x464-1-20x11.png 20w, https:\/\/www.isdin.com\/es\/blog\/wp-content\/uploads\/2020\/07\/2024_05_AcrylicNails_IMG03-900x464-1-225x116.png 225w\" sizes=\"auto, (max-width: 900px) 100vw, 900px\" \/><\/figure>\n\n\n\n<p><\/p>\n\n\n\n<h2 class=\"wp-block-heading\">\u00bfC\u00f3mo puedes fortalecer tus u\u00f1as despu\u00e9s de retirar el acr\u00edlico o gel?<\/h2>\n\n\n\n<p>Tan pronto como hayas retirado tus u\u00f1as de acr\u00edlico, gel o semi, puedes comenzar a cuidarlas utilizando un producto que fortalezca e hidrate la estructura de la u\u00f1a, proporcion\u00e1ndole los nutrientes que necesita para lucir y sentirse saludable nuevamente. <strong>Estos son los mejores aliados:<\/strong><\/p>\n\n\n\n<h3 class=\"wp-block-heading\">Aceite de lentisco<\/h3>\n\n\n\n<p>Presente en nuestro fortalecedor, este ingrediente aumenta la s\u00edntesis de queratina, la prote\u00edna que ayuda a proporcionar fuerza y rigidez en la estructura de las u\u00f1as, fortaleci\u00e9ndolas y aumentando su grosor.<\/p>\n\n\n\n<h3 class=\"wp-block-heading\">Silicio org\u00e1nico<\/h3>\n\n\n\n<p>El silicio es un mineral presente de forma natural en tus u\u00f1as, esencial para el crecimiento saludable. Al integrarlo en la f\u00f3rmula, este compuesto ayuda a que crezcan libres de imperfecciones.<\/p>\n\n\n\n<h3 class=\"wp-block-heading\">\u00c1cido hialur\u00f3nico<\/h3>\n\n\n\n<p>Con \u00e1cido hialur\u00f3nico cati\u00f3nico (se absorbe 17 veces mejor que el <a href=\"https:\/\/www.isdin.com\/blog\/para-que-sirve-acido-hialuronico\/\" target=\"_blank\" rel=\"noreferrer noopener\">\u00e1cido hialur\u00f3nico<\/a> com\u00fan), SI-NAILS promueve la hidrataci\u00f3n de tus u\u00f1as y cut\u00edculas, ayudando a mejorar su flexibilidad y aspecto.<\/p>\n\n\n\n<p><\/p>\n\n\n\n<figure class=\"wp-block-embed is-type-video is-provider-youtube wp-block-embed-youtube wp-embed-aspect-16-9 wp-has-aspect-ratio\"><div class=\"wp-block-embed__wrapper\">\n<div class=\"flex-video widescreen youtube\"><iframe loading=\"lazy\" title=\"ISDIN SI-NAILS, u\u00f1as perfectas en un click - ISDIN\" width=\"500\" height=\"281\" src=\"https:\/\/www.youtube.com\/embed\/cocVSoHAJO8?feature=oembed&#038;showinfo=0&#038;rel=0&#038;modestbranding=1&#038;iv_load_policy=3&#038;playsinline=1&#038;enablejsapi=1\" frameborder=\"0\" allow=\"accelerometer; autoplay; clipboard-write; encrypted-media; gyroscope; picture-in-picture; web-share\" referrerpolicy=\"strict-origin-when-cross-origin\" allowfullscreen><\/iframe><\/div>\n<\/div><\/figure>\n\n\n\n<p><\/p>\n\n\n\n<h2 class=\"wp-block-heading\">\u00a1La capa final!<\/h2>\n\n\n\n<p>Cuando decidas que es hora de volver a tu sal\u00f3n favorito y hacerte ese dise\u00f1o de u\u00f1as que has visto en redes sociales y tanto te ha gustado, aseg\u00farate de seguir cuid\u00e1ndolas: <a href=\"https:\/\/www.isdin.com\/blog\/alimentos-antioxidantes-piel-luminosa\/\" target=\"_blank\" rel=\"noreferrer noopener\">lleva una dieta sana y equilibrada<\/a>, evita el uso de productos agresivos y mant\u00e9n tu fortalecedor siempre a mano (nunca mejor dicho).<\/p>\n\n\n\n<p>Te damos el \u00faltimo consejo: <strong>\u00a1potencia tus u\u00f1as aplic\u00e1ndolo sobre el esmalte y sus alrededores!<\/strong> As\u00ed te asegurar\u00e1s de que siempre est\u00e9n fuertes y saludables.<\/p>\n\n\n\n<p style=\"font-size:10px\"><strong>Referencias:<\/strong><\/p>\n\n\n\n<p style=\"font-size:10px\">Data on file, ISDIN Corp.; Morristown. NJ: 2022<\/p>\n\n\n\n<p><\/p>\n","protected":false},"excerpt":{"rendered":"<p>Hoy en d\u00eda, parece tan necesario estar al tanto de las \u00faltimas tendencias en manicura como de darles un respiro a las u\u00f1as entre cita y cita. Acomp\u00e1\u00f1anos y descubre por qu\u00e9 es tan importante.<\/p>\n","protected":false},"author":69,"featured_media":11127,"comment_status":"closed","ping_status":"closed","sticky":false,"template":"","format":"image","meta":{"footnotes":""},"categories":[1],"tags":[425,358],"class_list":["post-5365","post","type-post","status-publish","format-image","has-post-thumbnail","hentry","category-consejos-cuidados","tag-cuidado-unas","tag-si-nails","post_format-post-format-image"],"yoast_head":"<!-- This site is optimized with the Yoast SEO Premium plugin v25.4 (Yoast SEO v25.4) - https:\/\/yoast.com\/wordpress\/plugins\/seo\/ -->\n<title>Por qu\u00e9 es importante darle un descanso a tus u\u00f1as acr\u00edlicas de vez en cuando - ISDIN<\/title>\n<meta name=\"description\" content=\"Entre manicura y manicura, es esencial darle un descanso a tus u\u00f1as. Descubre por qu\u00e9 es tan importante permitir que se recuperen.\" \/>\n<meta name=\"robots\" content=\"index, follow, max-snippet:-1, max-image-preview:large, max-video-preview:-1\" \/>\n<link rel=\"canonical\" href=\"https:\/\/www.isdin.com\/es\/blog\/unas-cuidadas-y-sin-pintar-la-nueva-tendencia\/\" \/>\n<meta property=\"og:locale\" content=\"es_ES\" \/>\n<meta property=\"og:type\" content=\"article\" \/>\n<meta property=\"og:title\" content=\"Por qu\u00e9 es importante darle un descanso a tus u\u00f1as acr\u00edlicas de vez en cuando\" \/>\n<meta property=\"og:description\" content=\"Entre manicura y manicura, es esencial darle un descanso a tus u\u00f1as. Descubre por qu\u00e9 es tan importante permitir que se recuperen.\" \/>\n<meta property=\"og:url\" content=\"https:\/\/www.isdin.com\/es\/blog\/unas-cuidadas-y-sin-pintar-la-nueva-tendencia\/\" \/>\n<meta property=\"og:site_name\" content=\"ISDIN\" \/>\n<meta property=\"article:publisher\" content=\"https:\/\/es-es.facebook.com\/ISDIN.official\/\" \/>\n<meta property=\"article:published_time\" content=\"2024-10-16T10:25:17+00:00\" \/>\n<meta property=\"article:modified_time\" content=\"2024-10-16T16:11:26+00:00\" \/>\n<meta property=\"og:image\" content=\"https:\/\/www.isdin.com\/es\/blog\/wp-content\/uploads\/2020\/07\/2020_07_Blog_Imatge_Facebook-2.jpg\" \/>\n\t<meta property=\"og:image:width\" content=\"1200\" \/>\n\t<meta property=\"og:image:height\" content=\"630\" \/>\n\t<meta property=\"og:image:type\" content=\"image\/jpeg\" \/>\n<meta name=\"author\" content=\"Belinda Mart\u00ednez\" \/>\n<meta name=\"twitter:card\" content=\"summary_large_image\" \/>\n<meta name=\"twitter:creator\" content=\"@isdin_official\" \/>\n<meta name=\"twitter:site\" content=\"@isdin_official\" \/>\n<meta name=\"twitter:label1\" content=\"Written by\" \/>\n\t<meta name=\"twitter:data1\" content=\"Belinda Mart\u00ednez\" \/>\n\t<meta name=\"twitter:label2\" content=\"Est. reading time\" \/>\n\t<meta name=\"twitter:data2\" content=\"7 minutes\" \/>\n<script type=\"application\/ld+json\" class=\"yoast-schema-graph\">{\"@context\":\"https:\/\/schema.org\",\"@graph\":[{\"@type\":\"Article\",\"@id\":\"https:\/\/www.isdin.com\/es\/blog\/unas-cuidadas-y-sin-pintar-la-nueva-tendencia\/#article\",\"isPartOf\":{\"@id\":\"https:\/\/www.isdin.com\/es\/blog\/unas-cuidadas-y-sin-pintar-la-nueva-tendencia\/\"},\"author\":{\"name\":\"Belinda Mart\u00ednez\",\"@id\":\"https:\/\/www.isdin.com\/es\/blog\/#\/schema\/person\/684015d7d9e78124cb4aa660f6fe8576\"},\"headline\":\"Por qu\u00e9 es importante darle un descanso a tus u\u00f1as acr\u00edlicas de vez en cuando\",\"datePublished\":\"2024-10-16T10:25:17+00:00\",\"dateModified\":\"2024-10-16T16:11:26+00:00\",\"mainEntityOfPage\":{\"@id\":\"https:\/\/www.isdin.com\/es\/blog\/unas-cuidadas-y-sin-pintar-la-nueva-tendencia\/\"},\"wordCount\":1307,\"publisher\":{\"@id\":\"https:\/\/www.isdin.com\/es\/blog\/#organization\"},\"image\":{\"@id\":\"https:\/\/www.isdin.com\/es\/blog\/unas-cuidadas-y-sin-pintar-la-nueva-tendencia\/#primaryimage\"},\"thumbnailUrl\":\"https:\/\/www.isdin.com\/es\/blog\/wp-content\/uploads\/2020\/07\/2024_05_AcrylicNails_IMG05-1170x600-1.png\",\"keywords\":[\"cuidado u\u00f1as\",\"si-nails\"],\"articleSection\":[\"Consejos y cuidados\"],\"inLanguage\":\"es-ES\"},{\"@type\":\"WebPage\",\"@id\":\"https:\/\/www.isdin.com\/es\/blog\/unas-cuidadas-y-sin-pintar-la-nueva-tendencia\/\",\"url\":\"https:\/\/www.isdin.com\/es\/blog\/unas-cuidadas-y-sin-pintar-la-nueva-tendencia\/\",\"name\":\"Por qu\u00e9 es importante darle un descanso a tus u\u00f1as acr\u00edlicas de vez en cuando - ISDIN\",\"isPartOf\":{\"@id\":\"https:\/\/www.isdin.com\/es\/blog\/#website\"},\"primaryImageOfPage\":{\"@id\":\"https:\/\/www.isdin.com\/es\/blog\/unas-cuidadas-y-sin-pintar-la-nueva-tendencia\/#primaryimage\"},\"image\":{\"@id\":\"https:\/\/www.isdin.com\/es\/blog\/unas-cuidadas-y-sin-pintar-la-nueva-tendencia\/#primaryimage\"},\"thumbnailUrl\":\"https:\/\/www.isdin.com\/es\/blog\/wp-content\/uploads\/2020\/07\/2024_05_AcrylicNails_IMG05-1170x600-1.png\",\"datePublished\":\"2024-10-16T10:25:17+00:00\",\"dateModified\":\"2024-10-16T16:11:26+00:00\",\"description\":\"Entre manicura y manicura, es esencial darle un descanso a tus u\u00f1as. Descubre por qu\u00e9 es tan importante permitir que se recuperen.\",\"breadcrumb\":{\"@id\":\"https:\/\/www.isdin.com\/es\/blog\/unas-cuidadas-y-sin-pintar-la-nueva-tendencia\/#breadcrumb\"},\"inLanguage\":\"es-ES\",\"potentialAction\":[{\"@type\":\"ReadAction\",\"target\":[\"https:\/\/www.isdin.com\/es\/blog\/unas-cuidadas-y-sin-pintar-la-nueva-tendencia\/\"]}]},{\"@type\":\"ImageObject\",\"inLanguage\":\"es-ES\",\"@id\":\"https:\/\/www.isdin.com\/es\/blog\/unas-cuidadas-y-sin-pintar-la-nueva-tendencia\/#primaryimage\",\"url\":\"https:\/\/www.isdin.com\/es\/blog\/wp-content\/uploads\/2020\/07\/2024_05_AcrylicNails_IMG05-1170x600-1.png\",\"contentUrl\":\"https:\/\/www.isdin.com\/es\/blog\/wp-content\/uploads\/2020\/07\/2024_05_AcrylicNails_IMG05-1170x600-1.png\",\"width\":1170,\"height\":600,\"caption\":\"u\u00f1as sin pintar tendencia\"},{\"@type\":\"BreadcrumbList\",\"@id\":\"https:\/\/www.isdin.com\/es\/blog\/unas-cuidadas-y-sin-pintar-la-nueva-tendencia\/#breadcrumb\",\"itemListElement\":[{\"@type\":\"ListItem\",\"position\":1,\"name\":\"Portada\",\"item\":\"https:\/\/www.isdin.com\/es\/blog\/\"},{\"@type\":\"ListItem\",\"position\":2,\"name\":\"Por qu\u00e9 es importante darle un descanso a tus u\u00f1as acr\u00edlicas de vez en cuando\"}]},{\"@type\":\"WebSite\",\"@id\":\"https:\/\/www.isdin.com\/es\/blog\/#website\",\"url\":\"https:\/\/www.isdin.com\/es\/blog\/\",\"name\":\"ISDIN\",\"description\":\"Novedades, lanzamientos de productos y toda la experiencia de ISDIN\",\"publisher\":{\"@id\":\"https:\/\/www.isdin.com\/es\/blog\/#organization\"},\"potentialAction\":[{\"@type\":\"SearchAction\",\"target\":{\"@type\":\"EntryPoint\",\"urlTemplate\":\"https:\/\/www.isdin.com\/es\/blog\/?s={search_term_string}\"},\"query-input\":{\"@type\":\"PropertyValueSpecification\",\"valueRequired\":true,\"valueName\":\"search_term_string\"}}],\"inLanguage\":\"es-ES\"},{\"@type\":\"Organization\",\"@id\":\"https:\/\/www.isdin.com\/es\/blog\/#organization\",\"name\":\"ISDIN\",\"alternateName\":\"ISDIN\",\"url\":\"https:\/\/www.isdin.com\/es\/blog\/\",\"logo\":{\"@type\":\"ImageObject\",\"inLanguage\":\"es-ES\",\"@id\":\"https:\/\/www.isdin.com\/es\/blog\/#\/schema\/logo\/image\/\",\"url\":\"https:\/\/www.isdin.com\/es\/blog\/wp-content\/uploads\/2024\/05\/2025_03_GuiaFoto_FWM.png\",\"contentUrl\":\"https:\/\/www.isdin.com\/es\/blog\/wp-content\/uploads\/2024\/05\/2025_03_GuiaFoto_FWM.png\",\"width\":670,\"height\":683,\"caption\":\"ISDIN\"},\"image\":{\"@id\":\"https:\/\/www.isdin.com\/es\/blog\/#\/schema\/logo\/image\/\"},\"sameAs\":[\"https:\/\/es-es.facebook.com\/ISDIN.official\/\",\"https:\/\/x.com\/isdin_official\",\"https:\/\/www.instagram.com\/isdinofficial\",\"https:\/\/www.youtube.com\/channel\/UCtoNJMKpDwdFLqgV23_lcqg\"],\"telephone\":\"659997812\"},{\"@type\":\"Person\",\"@id\":\"https:\/\/www.isdin.com\/es\/blog\/#\/schema\/person\/684015d7d9e78124cb4aa660f6fe8576\",\"name\":\"Belinda Mart\u00ednez\",\"image\":{\"@type\":\"ImageObject\",\"inLanguage\":\"es-ES\",\"@id\":\"https:\/\/www.isdin.com\/es\/blog\/#\/schema\/person\/image\/\",\"url\":\"https:\/\/www.isdin.com\/es\/blog\/wp-content\/uploads\/2017\/07\/jjjj.jpg\",\"contentUrl\":\"https:\/\/www.isdin.com\/es\/blog\/wp-content\/uploads\/2017\/07\/jjjj.jpg\",\"caption\":\"Belinda Mart\u00ednez\"},\"description\":\"Belinda es periodista y copywriter creativa. Tras a\u00f1os de experiencia, decidi\u00f3 fusionar sus habilidades de escritura con su amor por el skincare, convirti\u00e9ndose en una especialista en la materia. \u00bfSu imprescindible? Un buen b\u00e1lsamo de labios.\",\"sameAs\":[\"https:\/\/www.linkedin.com\/in\/thisisbel\/\"],\"url\":\"https:\/\/www.isdin.com\/es\/blog\/author\/belindamartinez\/\"}]}<\/script>\n<!-- \/ Yoast SEO Premium plugin. -->","yoast_head_json":{"title":"Por qu\u00e9 es importante darle un descanso a tus u\u00f1as acr\u00edlicas de vez en cuando - ISDIN","description":"Entre manicura y manicura, es esencial darle un descanso a tus u\u00f1as. Descubre por qu\u00e9 es tan importante permitir que se recuperen.","robots":{"index":"index","follow":"follow","max-snippet":"max-snippet:-1","max-image-preview":"max-image-preview:large","max-video-preview":"max-video-preview:-1"},"canonical":"https:\/\/www.isdin.com\/es\/blog\/unas-cuidadas-y-sin-pintar-la-nueva-tendencia\/","og_locale":"es_ES","og_type":"article","og_title":"Por qu\u00e9 es importante darle un descanso a tus u\u00f1as acr\u00edlicas de vez en cuando","og_description":"Entre manicura y manicura, es esencial darle un descanso a tus u\u00f1as. Descubre por qu\u00e9 es tan importante permitir que se recuperen.","og_url":"https:\/\/www.isdin.com\/es\/blog\/unas-cuidadas-y-sin-pintar-la-nueva-tendencia\/","og_site_name":"ISDIN","article_publisher":"https:\/\/es-es.facebook.com\/ISDIN.official\/","article_published_time":"2024-10-16T10:25:17+00:00","article_modified_time":"2024-10-16T16:11:26+00:00","og_image":[{"width":1200,"height":630,"url":"https:\/\/www.isdin.com\/es\/blog\/wp-content\/uploads\/2020\/07\/2020_07_Blog_Imatge_Facebook-2.jpg","type":"image\/jpeg"}],"author":"Belinda Mart\u00ednez","twitter_card":"summary_large_image","twitter_creator":"@isdin_official","twitter_site":"@isdin_official","twitter_misc":{"Written by":"Belinda Mart\u00ednez","Est. reading time":"7 minutes"},"schema":{"@context":"https:\/\/schema.org","@graph":[{"@type":"Article","@id":"https:\/\/www.isdin.com\/es\/blog\/unas-cuidadas-y-sin-pintar-la-nueva-tendencia\/#article","isPartOf":{"@id":"https:\/\/www.isdin.com\/es\/blog\/unas-cuidadas-y-sin-pintar-la-nueva-tendencia\/"},"author":{"name":"Belinda Mart\u00ednez","@id":"https:\/\/www.isdin.com\/es\/blog\/#\/schema\/person\/684015d7d9e78124cb4aa660f6fe8576"},"headline":"Por qu\u00e9 es importante darle un descanso a tus u\u00f1as acr\u00edlicas de vez en cuando","datePublished":"2024-10-16T10:25:17+00:00","dateModified":"2024-10-16T16:11:26+00:00","mainEntityOfPage":{"@id":"https:\/\/www.isdin.com\/es\/blog\/unas-cuidadas-y-sin-pintar-la-nueva-tendencia\/"},"wordCount":1307,"publisher":{"@id":"https:\/\/www.isdin.com\/es\/blog\/#organization"},"image":{"@id":"https:\/\/www.isdin.com\/es\/blog\/unas-cuidadas-y-sin-pintar-la-nueva-tendencia\/#primaryimage"},"thumbnailUrl":"https:\/\/www.isdin.com\/es\/blog\/wp-content\/uploads\/2020\/07\/2024_05_AcrylicNails_IMG05-1170x600-1.png","keywords":["cuidado u\u00f1as","si-nails"],"articleSection":["Consejos y cuidados"],"inLanguage":"es-ES"},{"@type":"WebPage","@id":"https:\/\/www.isdin.com\/es\/blog\/unas-cuidadas-y-sin-pintar-la-nueva-tendencia\/","url":"https:\/\/www.isdin.com\/es\/blog\/unas-cuidadas-y-sin-pintar-la-nueva-tendencia\/","name":"Por qu\u00e9 es importante darle un descanso a tus u\u00f1as acr\u00edlicas de vez en cuando - ISDIN","isPartOf":{"@id":"https:\/\/www.isdin.com\/es\/blog\/#website"},"primaryImageOfPage":{"@id":"https:\/\/www.isdin.com\/es\/blog\/unas-cuidadas-y-sin-pintar-la-nueva-tendencia\/#primaryimage"},"image":{"@id":"https:\/\/www.isdin.com\/es\/blog\/unas-cuidadas-y-sin-pintar-la-nueva-tendencia\/#primaryimage"},"thumbnailUrl":"https:\/\/www.isdin.com\/es\/blog\/wp-content\/uploads\/2020\/07\/2024_05_AcrylicNails_IMG05-1170x600-1.png","datePublished":"2024-10-16T10:25:17+00:00","dateModified":"2024-10-16T16:11:26+00:00","description":"Entre manicura y manicura, es esencial darle un descanso a tus u\u00f1as. Descubre por qu\u00e9 es tan importante permitir que se recuperen.","breadcrumb":{"@id":"https:\/\/www.isdin.com\/es\/blog\/unas-cuidadas-y-sin-pintar-la-nueva-tendencia\/#breadcrumb"},"inLanguage":"es-ES","potentialAction":[{"@type":"ReadAction","target":["https:\/\/www.isdin.com\/es\/blog\/unas-cuidadas-y-sin-pintar-la-nueva-tendencia\/"]}]},{"@type":"ImageObject","inLanguage":"es-ES","@id":"https:\/\/www.isdin.com\/es\/blog\/unas-cuidadas-y-sin-pintar-la-nueva-tendencia\/#primaryimage","url":"https:\/\/www.isdin.com\/es\/blog\/wp-content\/uploads\/2020\/07\/2024_05_AcrylicNails_IMG05-1170x600-1.png","contentUrl":"https:\/\/www.isdin.com\/es\/blog\/wp-content\/uploads\/2020\/07\/2024_05_AcrylicNails_IMG05-1170x600-1.png","width":1170,"height":600,"caption":"u\u00f1as sin pintar tendencia"},{"@type":"BreadcrumbList","@id":"https:\/\/www.isdin.com\/es\/blog\/unas-cuidadas-y-sin-pintar-la-nueva-tendencia\/#breadcrumb","itemListElement":[{"@type":"ListItem","position":1,"name":"Portada","item":"https:\/\/www.isdin.com\/es\/blog\/"},{"@type":"ListItem","position":2,"name":"Por qu\u00e9 es importante darle un descanso a tus u\u00f1as acr\u00edlicas de vez en cuando"}]},{"@type":"WebSite","@id":"https:\/\/www.isdin.com\/es\/blog\/#website","url":"https:\/\/www.isdin.com\/es\/blog\/","name":"ISDIN","description":"Novedades, lanzamientos de productos y toda la experiencia de ISDIN","publisher":{"@id":"https:\/\/www.isdin.com\/es\/blog\/#organization"},"potentialAction":[{"@type":"SearchAction","target":{"@type":"EntryPoint","urlTemplate":"https:\/\/www.isdin.com\/es\/blog\/?s={search_term_string}"},"query-input":{"@type":"PropertyValueSpecification","valueRequired":true,"valueName":"search_term_string"}}],"inLanguage":"es-ES"},{"@type":"Organization","@id":"https:\/\/www.isdin.com\/es\/blog\/#organization","name":"ISDIN","alternateName":"ISDIN","url":"https:\/\/www.isdin.com\/es\/blog\/","logo":{"@type":"ImageObject","inLanguage":"es-ES","@id":"https:\/\/www.isdin.com\/es\/blog\/#\/schema\/logo\/image\/","url":"https:\/\/www.isdin.com\/es\/blog\/wp-content\/uploads\/2024\/05\/2025_03_GuiaFoto_FWM.png","contentUrl":"https:\/\/www.isdin.com\/es\/blog\/wp-content\/uploads\/2024\/05\/2025_03_GuiaFoto_FWM.png","width":670,"height":683,"caption":"ISDIN"},"image":{"@id":"https:\/\/www.isdin.com\/es\/blog\/#\/schema\/logo\/image\/"},"sameAs":["https:\/\/es-es.facebook.com\/ISDIN.official\/","https:\/\/x.com\/isdin_official","https:\/\/www.instagram.com\/isdinofficial","https:\/\/www.youtube.com\/channel\/UCtoNJMKpDwdFLqgV23_lcqg"],"telephone":"659997812"},{"@type":"Person","@id":"https:\/\/www.isdin.com\/es\/blog\/#\/schema\/person\/684015d7d9e78124cb4aa660f6fe8576","name":"Belinda Mart\u00ednez","image":{"@type":"ImageObject","inLanguage":"es-ES","@id":"https:\/\/www.isdin.com\/es\/blog\/#\/schema\/person\/image\/","url":"https:\/\/www.isdin.com\/es\/blog\/wp-content\/uploads\/2017\/07\/jjjj.jpg","contentUrl":"https:\/\/www.isdin.com\/es\/blog\/wp-content\/uploads\/2017\/07\/jjjj.jpg","caption":"Belinda Mart\u00ednez"},"description":"Belinda es periodista y copywriter creativa. Tras a\u00f1os de experiencia, decidi\u00f3 fusionar sus habilidades de escritura con su amor por el skincare, convirti\u00e9ndose en una especialista en la materia. \u00bfSu imprescindible? Un buen b\u00e1lsamo de labios.","sameAs":["https:\/\/www.linkedin.com\/in\/thisisbel\/"],"url":"https:\/\/www.isdin.com\/es\/blog\/author\/belindamartinez\/"}]}},"_links":{"self":[{"href":"https:\/\/www.isdin.com\/es\/blog\/wp-json\/wp\/v2\/posts\/5365","targetHints":{"allow":["GET"]}}],"collection":[{"href":"https:\/\/www.isdin.com\/es\/blog\/wp-json\/wp\/v2\/posts"}],"about":[{"href":"https:\/\/www.isdin.com\/es\/blog\/wp-json\/wp\/v2\/types\/post"}],"author":[{"embeddable":true,"href":"https:\/\/www.isdin.com\/es\/blog\/wp-json\/wp\/v2\/users\/69"}],"replies":[{"embeddable":true,"href":"https:\/\/www.isdin.com\/es\/blog\/wp-json\/wp\/v2\/comments?post=5365"}],"version-history":[{"count":10,"href":"https:\/\/www.isdin.com\/es\/blog\/wp-json\/wp\/v2\/posts\/5365\/revisions"}],"predecessor-version":[{"id":11148,"href":"https:\/\/www.isdin.com\/es\/blog\/wp-json\/wp\/v2\/posts\/5365\/revisions\/11148"}],"wp:featuredmedia":[{"embeddable":true,"href":"https:\/\/www.isdin.com\/es\/blog\/wp-json\/wp\/v2\/media\/11127"}],"wp:attachment":[{"href":"https:\/\/www.isdin.com\/es\/blog\/wp-json\/wp\/v2\/media?parent=5365"}],"wp:term":[{"taxonomy":"category","embeddable":true,"href":"https:\/\/www.isdin.com\/es\/blog\/wp-json\/wp\/v2\/categories?post=5365"},{"taxonomy":"post_tag","embeddable":true,"href":"https:\/\/www.isdin.com\/es\/blog\/wp-json\/wp\/v2\/tags?post=5365"}],"curies":[{"name":"wp","href":"https:\/\/api.w.org\/{rel}","templated":true}]}}