{"id":5313,"date":"2025-09-22T11:33:05","date_gmt":"2025-09-22T11:33:05","guid":{"rendered":"https:\/\/www.isdin.com\/es\/blog\/?p=5313"},"modified":"2025-09-22T12:39:30","modified_gmt":"2025-09-22T12:39:30","slug":"isdin-la-marca-de-proteccion-solar-favorita-de-los-deportistas","status":"publish","type":"post","link":"https:\/\/www.isdin.com\/es\/blog\/isdin-la-marca-de-proteccion-solar-favorita-de-los-deportistas\/","title":{"rendered":"Deporte y sol: la fotoprotecci\u00f3n de ISDIN en cada reto"},"content":{"rendered":"\n<p>El deporte al aire libre es mucho m\u00e1s que movimiento: es energ\u00eda, concentraci\u00f3n y pasi\u00f3n bajo el sol. Nuestros embajadores lo saben bien. Desde las pistas de tenis del US Open hasta el mar, referentes como Ona Carbonell o Carlos Alcaraz una misma realidad: entrenar y competir siempre bajo la exposici\u00f3n solar.<\/p>\n\n\n\n<p>Ese sol que impulsa cada reto tambi\u00e9n exige respeto. Proteger la piel no es solo un gesto de cuidado personal, es parte del entrenamiento, igual que la hidrataci\u00f3n o el descanso. Y aunque cada vez hay m\u00e1s conciencia, un reciente estudio de Sport Life sobre h\u00e1bitos de fotoprotecci\u00f3n en el deporte nos recuerda que a\u00fan queda camino por recorrer.<\/p>\n\n\n\n<p>Por eso, en ISDIN acompa\u00f1amos a nuestros deportistas en cada reto, inspirando a la comunidad deportiva a integrar la fotoprotecci\u00f3n en su d\u00eda a d\u00eda, de la mano de quienes la viven en primera persona.<\/p>\n\n\n\n<h2 class=\"wp-block-heading\" id=\"h-como-nos-protegemos-del-sol-cuando-hacemos-deporte\">\u00bfC\u00f3mo nos protegemos del sol cuando hacemos deporte?<\/h2>\n\n\n\n<figure class=\"wp-block-image size-large\"><img loading=\"lazy\" decoding=\"async\" width=\"1024\" height=\"527\" src=\"data:image\/gif;base64,R0lGODlhAQABAAAAACH5BAEKAAEALAAAAAABAAEAAAICTAEAOw==\" data-src=\"https:\/\/www.isdin.com\/es\/blog\/wp-content\/uploads\/2022\/03\/Imagen-en-el-contenido-2025-09-17T163653.464-1024x527.png\" alt=\"gente haciendo deporte bajo el sol\" class=\"wp-image-12632 lazyload\" data-sizes=\"auto\" data-srcset=\"https:\/\/www.isdin.com\/es\/blog\/wp-content\/uploads\/2022\/03\/Imagen-en-el-contenido-2025-09-17T163653.464-1024x527.png 1024w, https:\/\/www.isdin.com\/es\/blog\/wp-content\/uploads\/2022\/03\/Imagen-en-el-contenido-2025-09-17T163653.464-300x155.png 300w, https:\/\/www.isdin.com\/es\/blog\/wp-content\/uploads\/2022\/03\/Imagen-en-el-contenido-2025-09-17T163653.464-150x77.png 150w, https:\/\/www.isdin.com\/es\/blog\/wp-content\/uploads\/2022\/03\/Imagen-en-el-contenido-2025-09-17T163653.464-768x396.png 768w, https:\/\/www.isdin.com\/es\/blog\/wp-content\/uploads\/2022\/03\/Imagen-en-el-contenido-2025-09-17T163653.464-585x300.png 585w, https:\/\/www.isdin.com\/es\/blog\/wp-content\/uploads\/2022\/03\/Imagen-en-el-contenido-2025-09-17T163653.464-450x232.png 450w, https:\/\/www.isdin.com\/es\/blog\/wp-content\/uploads\/2022\/03\/Imagen-en-el-contenido-2025-09-17T163653.464-20x11.png 20w, https:\/\/www.isdin.com\/es\/blog\/wp-content\/uploads\/2022\/03\/Imagen-en-el-contenido-2025-09-17T163653.464-225x116.png 225w, https:\/\/www.isdin.com\/es\/blog\/wp-content\/uploads\/2022\/03\/Imagen-en-el-contenido-2025-09-17T163653.464-900x464.png 900w, https:\/\/www.isdin.com\/es\/blog\/wp-content\/uploads\/2022\/03\/Imagen-en-el-contenido-2025-09-17T163653.464.png 1200w\" sizes=\"auto, (max-width: 1024px) 100vw, 1024px\" \/><\/figure>\n\n\n\n<p><\/p>\n\n\n\n<p><strong>En Espa\u00f1a, el deporte al aire libre <a href=\"https:\/\/www.isdin.com\/es\/blog\/el-mediterraneo-fuente-de-vida-e-inspiracion\/\">forma parte de nuestra vida diaria<\/a><\/strong>: salimos a correr, pedaleamos en carretera o en monta\u00f1a, recorremos senderos y disfrutamos del mar o la piscina. As\u00ed lo confirma un estudio de <em>Sport Life<\/em>, en el que m\u00e1s de 1.500 deportistas se\u00f1alaron el running (75%), el ciclismo (54%) y el senderismo (53%) como sus disciplinas favoritas, seguidos de la nataci\u00f3n (22%) como deporte acu\u00e1tico m\u00e1s practicado.<\/p>\n\n\n\n<p>Sin embargo, esos mismos datos ponen de relieve una realidad que nuestros embajadores conocen muy bien: todav\u00eda no nos protegemos lo suficiente. <strong>El 45% de los encuestados afirma que solo usa <a href=\"https:\/\/www.isdin.com\/es\/blog\/como-aplicar-correctamente-el-fotoprotector-solar\/\">protector solar en verano<\/a>, y un 70% lo aplica una sola vez antes de empezar la actividad, sin reaplicarlo durante el esfuerzo<\/strong>. Una rutina incompleta que deja la piel desprotegida justo cuando m\u00e1s lo necesita.<\/p>\n\n\n\n<p>Seg\u00fan el estudio de <em>Sport Life<\/em>, los deportistas lo tienen claro: <strong>ISDIN es la marca favorita<\/strong>, elegida por 1 de cada 4 participantes, casi el doble que la segunda m\u00e1s votada. Una elecci\u00f3n que nos impulsa a seguir innovando con fotoprotectores pensados para el deporte, como <a href=\"https:\/\/www.isdin.com\/es\/p\/fusion-water-magic-by-alcaraz-spf-50\/4397\"><em>Fusion Water MAGIC by Alcaraz<\/em><\/a>. Porque <strong>son esas conexiones \u2014entre la ciencia, el sol y el esfuerzo de nuestros embajadores\u2014 las que nos mueven a llevar la fotoprotecci\u00f3n cada vez m\u00e1s lejos<\/strong>.<\/p>\n\n\n\n<blockquote class=\"wp-block-quote is-layout-flow wp-block-quote-is-layout-flow\">\n<p>\u201cISDIN es la marca que m\u00e1s encuestados seleccionan como favorita. 1 de cada 4, casi el doble de personas que eligen la segunda marca m\u00e1s votada\u201d. <em>Estudio de Sport Life<\/em><\/p>\n<\/blockquote>\n\n\n\n<h2 class=\"wp-block-heading\" id=\"h-nuestros-embajadores-deporte-sol-y-proteccion\">Nuestros embajadores: deporte, sol y protecci\u00f3n<\/h2>\n\n\n\n<p>Los datos hablan claro, pero detr\u00e1s de cada n\u00famero hay una historia real. Historias como las de nuestros embajadores, que viven el deporte con intensidad y saben lo que significa entrenar y competir bajo el sol.<\/p>\n\n\n\n<h3 class=\"wp-block-heading\" id=\"h-carlos-alcaraz-con-amor-desde-nueva-york\">Carlos Alcaraz: con amor desde Nueva York<\/h3>\n\n\n\n<figure class=\"wp-block-image size-full\"><img loading=\"lazy\" decoding=\"async\" width=\"1200\" height=\"618\" src=\"data:image\/gif;base64,R0lGODlhAQABAAAAACH5BAEKAAEALAAAAAABAAEAAAICTAEAOw==\" data-src=\"https:\/\/www.isdin.com\/es\/blog\/wp-content\/uploads\/2022\/03\/Carlos-win-US-Open-2025.jpg\" alt=\"Carlos Alcaraz celebra su victoria en el US Open 2025 levantando el trofeo de campe\u00f3n\" class=\"wp-image-12633 lazyload\"\/><\/figure>\n\n\n\n<p><\/p>\n\n\n\n<p>Hablar de deporte en Espa\u00f1a hoy es hablar de <a href=\"https:\/\/www.isdin.com\/es\/blog\/carlos-alcaraz-te-invita-a-crear-momentos-magicos-con-fusion-water-magic\/\"><strong>Carlos Alcaraz<\/strong><\/a>. Con solo 22 a\u00f1os, ha logrado lo que parec\u00eda imposible: levantar su <a href=\"https:\/\/www.notion.so\/Retinal-con-A-728e35e3ff634aa9bb58eef89c894613?pvs=21\"><strong>sexto Grand Slam en el US Open 2025<\/strong><\/a> y consolidarse como el n\u00famero 1 del mundo. Un triunfo que fue mucho m\u00e1s que tenis: pura emoci\u00f3n, electricidad en el estadio y la sensaci\u00f3n de estar presenciando historia.<\/p>\n\n\n\n<p><\/p>\n\n\n\n<figure class=\"wp-block-embed alignleft is-type-rich is-provider-instagram wp-block-embed-instagram\"><div class=\"wp-block-embed__wrapper\">\n<div class=\"sbi-embed-wrap\"><blockquote class=\"instagram-media sbi-embed\" data-instgrm-captioned data-instgrm-permalink=\"https:\/\/www.instagram.com\/p\/DN3FHHeUHKc\/?utm_source=ig_embed&amp;utm_campaign=loading\" data-instgrm-version=\"14\" style=\" background:#FFF; border:0; border-radius:3px; box-shadow:0 0 1px 0 rgba(0,0,0,0.5),0 1px 10px 0 rgba(0,0,0,0.15); margin: 1px; max-width:500px; min-width:326px; padding:0; width:99.375%; width:-webkit-calc(100% - 2px); width:calc(100% - 2px);\"><div style=\"padding:16px;\"> <a href=\"https:\/\/www.instagram.com\/p\/DN3FHHeUHKc\/?utm_source=ig_embed&amp;utm_campaign=loading\" style=\" background:#FFFFFF; line-height:0; padding:0 0; text-align:center; text-decoration:none; width:100%;\" target=\"_blank\"> <div style=\" display: flex; flex-direction: row; align-items: center;\"> <div style=\"background-color: #F4F4F4; border-radius: 50%; flex-grow: 0; height: 40px; margin-right: 14px; width: 40px;\"><\/div> <div style=\"display: flex; flex-direction: column; flex-grow: 1; justify-content: center;\"> <div style=\" background-color: #F4F4F4; border-radius: 4px; flex-grow: 0; height: 14px; margin-bottom: 6px; width: 100px;\"><\/div> <div style=\" background-color: #F4F4F4; border-radius: 4px; flex-grow: 0; height: 14px; width: 60px;\"><\/div><\/div><\/div><div style=\"padding: 19% 0;\"><\/div> <div style=\"display:block; height:50px; margin:0 auto 12px; width:50px;\"><svg width=\"50px\" height=\"50px\" viewBox=\"0 0 60 60\" version=\"1.1\" xmlns=\"https:\/\/www.w3.org\/2000\/svg\" xmlns:xlink=\"https:\/\/www.w3.org\/1999\/xlink\"><g stroke=\"none\" stroke-width=\"1\" fill=\"none\" fill-rule=\"evenodd\"><g transform=\"translate(-511.000000, -20.000000)\" fill=\"#000000\"><g><path d=\"M556.869,30.41 C554.814,30.41 553.148,32.076 553.148,34.131 C553.148,36.186 554.814,37.852 556.869,37.852 C558.924,37.852 560.59,36.186 560.59,34.131 C560.59,32.076 558.924,30.41 556.869,30.41 M541,60.657 C535.114,60.657 530.342,55.887 530.342,50 C530.342,44.114 535.114,39.342 541,39.342 C546.887,39.342 551.658,44.114 551.658,50 C551.658,55.887 546.887,60.657 541,60.657 M541,33.886 C532.1,33.886 524.886,41.1 524.886,50 C524.886,58.899 532.1,66.113 541,66.113 C549.9,66.113 557.115,58.899 557.115,50 C557.115,41.1 549.9,33.886 541,33.886 M565.378,62.101 C565.244,65.022 564.756,66.606 564.346,67.663 C563.803,69.06 563.154,70.057 562.106,71.106 C561.058,72.155 560.06,72.803 558.662,73.347 C557.607,73.757 556.021,74.244 553.102,74.378 C549.944,74.521 548.997,74.552 541,74.552 C533.003,74.552 532.056,74.521 528.898,74.378 C525.979,74.244 524.393,73.757 523.338,73.347 C521.94,72.803 520.942,72.155 519.894,71.106 C518.846,70.057 518.197,69.06 517.654,67.663 C517.244,66.606 516.755,65.022 516.623,62.101 C516.479,58.943 516.448,57.996 516.448,50 C516.448,42.003 516.479,41.056 516.623,37.899 C516.755,34.978 517.244,33.391 517.654,32.338 C518.197,30.938 518.846,29.942 519.894,28.894 C520.942,27.846 521.94,27.196 523.338,26.654 C524.393,26.244 525.979,25.756 528.898,25.623 C532.057,25.479 533.004,25.448 541,25.448 C548.997,25.448 549.943,25.479 553.102,25.623 C556.021,25.756 557.607,26.244 558.662,26.654 C560.06,27.196 561.058,27.846 562.106,28.894 C563.154,29.942 563.803,30.938 564.346,32.338 C564.756,33.391 565.244,34.978 565.378,37.899 C565.522,41.056 565.552,42.003 565.552,50 C565.552,57.996 565.522,58.943 565.378,62.101 M570.82,37.631 C570.674,34.438 570.167,32.258 569.425,30.349 C568.659,28.377 567.633,26.702 565.965,25.035 C564.297,23.368 562.623,22.342 560.652,21.575 C558.743,20.834 556.562,20.326 553.369,20.18 C550.169,20.033 549.148,20 541,20 C532.853,20 531.831,20.033 528.631,20.18 C525.438,20.326 523.257,20.834 521.349,21.575 C519.376,22.342 517.703,23.368 516.035,25.035 C514.368,26.702 513.342,28.377 512.574,30.349 C511.834,32.258 511.326,34.438 511.181,37.631 C511.035,40.831 511,41.851 511,50 C511,58.147 511.035,59.17 511.181,62.369 C511.326,65.562 511.834,67.743 512.574,69.651 C513.342,71.625 514.368,73.296 516.035,74.965 C517.703,76.634 519.376,77.658 521.349,78.425 C523.257,79.167 525.438,79.673 528.631,79.82 C531.831,79.965 532.853,80.001 541,80.001 C549.148,80.001 550.169,79.965 553.369,79.82 C556.562,79.673 558.743,79.167 560.652,78.425 C562.623,77.658 564.297,76.634 565.965,74.965 C567.633,73.296 568.659,71.625 569.425,69.651 C570.167,67.743 570.674,65.562 570.82,62.369 C570.966,59.17 571,58.147 571,50 C571,41.851 570.966,40.831 570.82,37.631\"><\/path><\/g><\/g><\/g><\/svg><\/div><div style=\"padding-top: 8px;\"> <div style=\" color:#3897f0; font-family:Arial,sans-serif; font-size:14px; font-style:normal; font-weight:550; line-height:18px;\">View this post on Instagram<\/div><\/div><div style=\"padding: 12.5% 0;\"><\/div> <div style=\"display: flex; flex-direction: row; margin-bottom: 14px; align-items: center;\"><div> <div style=\"background-color: #F4F4F4; border-radius: 50%; height: 12.5px; width: 12.5px; transform: translateX(0px) translateY(7px);\"><\/div> <div style=\"background-color: #F4F4F4; height: 12.5px; transform: rotate(-45deg) translateX(3px) translateY(1px); width: 12.5px; flex-grow: 0; margin-right: 14px; margin-left: 2px;\"><\/div> <div style=\"background-color: #F4F4F4; border-radius: 50%; height: 12.5px; width: 12.5px; transform: translateX(9px) translateY(-18px);\"><\/div><\/div><div style=\"margin-left: 8px;\"> <div style=\" background-color: #F4F4F4; border-radius: 50%; flex-grow: 0; height: 20px; width: 20px;\"><\/div> <div style=\" width: 0; height: 0; border-top: 2px solid transparent; border-left: 6px solid #f4f4f4; border-bottom: 2px solid transparent; transform: translateX(16px) translateY(-4px) rotate(30deg)\"><\/div><\/div><div style=\"margin-left: auto;\"> <div style=\" width: 0px; border-top: 8px solid #F4F4F4; border-right: 8px solid transparent; transform: translateY(16px);\"><\/div> <div style=\" background-color: #F4F4F4; flex-grow: 0; height: 12px; width: 16px; transform: translateY(-4px);\"><\/div> <div style=\" width: 0; height: 0; border-top: 8px solid #F4F4F4; border-left: 8px solid transparent; transform: translateY(-4px) translateX(8px);\"><\/div><\/div><\/div> <div style=\"display: flex; flex-direction: column; flex-grow: 1; justify-content: center; margin-bottom: 24px;\"> <div style=\" background-color: #F4F4F4; border-radius: 4px; flex-grow: 0; height: 14px; margin-bottom: 6px; width: 224px;\"><\/div> <div style=\" background-color: #F4F4F4; border-radius: 4px; flex-grow: 0; height: 14px; width: 144px;\"><\/div><\/div><\/a><p style=\" color:#c9c8cd; font-family:Arial,sans-serif; font-size:14px; line-height:17px; margin-bottom:0; margin-top:8px; overflow:hidden; padding:8px 0 7px; text-align:center; text-overflow:ellipsis; white-space:nowrap;\"><a href=\"https:\/\/www.instagram.com\/p\/DN3FHHeUHKc\/?utm_source=ig_embed&amp;utm_campaign=loading\" style=\" color:#c9c8cd; font-family:Arial,sans-serif; font-size:14px; font-style:normal; font-weight:normal; line-height:17px; text-decoration:none;\" target=\"_blank\">A post shared by ISDIN (@isdin)<\/a><\/p><\/div><\/blockquote><script async src=\"\/\/platform.instagram.com\/en_US\/embeds.js\"><\/script><\/div>\n<\/div><\/figure>\n\n\n\n<p>En la pista, Carlos es disciplina en estado puro. Cada golpe, cada <em>break<\/em>, cada decisi\u00f3n forma parte de un plan donde los detalles importan tanto como el resultado. Y entre esos detalles est\u00e1 su cuidado personal: entrenamiento, nutrici\u00f3n, recuperaci\u00f3n\u2026 y tambi\u00e9n <strong>fotoprotecci\u00f3n<\/strong>. Porque en partidos que duran horas, proteger la piel se convierte en parte del rendimiento.<\/p>\n\n\n\n<p>Carlos lo sabe, y lo refleja incluso en su estilo. En el US Open sorprendi\u00f3 con un <strong>nuevo corte de pelo<\/strong> que encendi\u00f3 titulares y redes sociales: una muestra de que la confianza y la imagen tambi\u00e9n juegan en la cancha. Del mismo modo, su fotoprotector de referencia, <strong>Fusion Water MAGIC by Alcaraz<\/strong>, le acompa\u00f1a dentro y fuera de la pista, ligero y resistente al ritmo de un campe\u00f3n.<\/p>\n\n\n\n<p><\/p>\n\n\n\n<p><\/p>\n\n\n\n<p>Pero la magia no solo se vivi\u00f3 en la cancha. Tambi\u00e9n estuvo en la grada, con la <a href=\"https:\/\/www.isdin.com\/love-isdin\/\">comunidad LOVE ISDIN<\/a> compartiendo cada punto. Como dijo <strong>Ramya, isdinlover y ganadora de la experiencia US Open<\/strong>:<\/p>\n\n\n\n<blockquote class=\"wp-block-quote is-layout-flow wp-block-quote-is-layout-flow\">\n<p>\u201cFue mi primera vez en el US Open, siempre hab\u00eda so\u00f1ado con la energ\u00eda del Arthur Ashe. Aunque llov\u00eda en Nueva York, no olvid\u00e9 mi protector solar: empec\u00e9 con Eryfotona y reapliqu\u00e9 con Fusion Water MAGIC\u201d. <\/p>\n<cite><strong>Ramya, isdinlover y ganadora de la experiencia US Open<\/strong><\/cite><\/blockquote>\n\n\n\n<h3 class=\"wp-block-heading\" id=\"h-mirra-andreeva-cuando-el-futuro-del-tenis-ya-esta-aqui\">Mirra Andreeva: cuando el futuro del tenis ya est\u00e1 aqu\u00ed<\/h3>\n\n\n\n<figure class=\"wp-block-image size-large\"><img loading=\"lazy\" decoding=\"async\" width=\"1024\" height=\"527\" src=\"data:image\/gif;base64,R0lGODlhAQABAAAAACH5BAEKAAEALAAAAAABAAEAAAICTAEAOw==\" data-src=\"https:\/\/www.isdin.com\/es\/blog\/wp-content\/uploads\/2022\/03\/Imagen-en-el-contenido-2025-09-17T160949.357-1024x527.png\" alt=\"La tenista Mirra Andreeva comparte un momento con los ball kids de Roland-Garros 2025 junto a ISDIN fotoprotecci\u00f3n\" class=\"wp-image-12636 lazyload\" data-sizes=\"auto\" data-srcset=\"https:\/\/www.isdin.com\/es\/blog\/wp-content\/uploads\/2022\/03\/Imagen-en-el-contenido-2025-09-17T160949.357-1024x527.png 1024w, https:\/\/www.isdin.com\/es\/blog\/wp-content\/uploads\/2022\/03\/Imagen-en-el-contenido-2025-09-17T160949.357-300x155.png 300w, https:\/\/www.isdin.com\/es\/blog\/wp-content\/uploads\/2022\/03\/Imagen-en-el-contenido-2025-09-17T160949.357-150x77.png 150w, https:\/\/www.isdin.com\/es\/blog\/wp-content\/uploads\/2022\/03\/Imagen-en-el-contenido-2025-09-17T160949.357-768x396.png 768w, https:\/\/www.isdin.com\/es\/blog\/wp-content\/uploads\/2022\/03\/Imagen-en-el-contenido-2025-09-17T160949.357-585x300.png 585w, https:\/\/www.isdin.com\/es\/blog\/wp-content\/uploads\/2022\/03\/Imagen-en-el-contenido-2025-09-17T160949.357-450x232.png 450w, https:\/\/www.isdin.com\/es\/blog\/wp-content\/uploads\/2022\/03\/Imagen-en-el-contenido-2025-09-17T160949.357-20x11.png 20w, https:\/\/www.isdin.com\/es\/blog\/wp-content\/uploads\/2022\/03\/Imagen-en-el-contenido-2025-09-17T160949.357-225x116.png 225w, https:\/\/www.isdin.com\/es\/blog\/wp-content\/uploads\/2022\/03\/Imagen-en-el-contenido-2025-09-17T160949.357-900x464.png 900w, https:\/\/www.isdin.com\/es\/blog\/wp-content\/uploads\/2022\/03\/Imagen-en-el-contenido-2025-09-17T160949.357.png 1200w\" sizes=\"auto, (max-width: 1024px) 100vw, 1024px\" \/><\/figure>\n\n\n\n<p><\/p>\n\n\n\n<p>Cada gran torneo tiene sus revelaciones, y en <strong>Roland-Garros 2025<\/strong> una de las m\u00e1s emocionantes fue ella: <a href=\"https:\/\/www.industriadeltenis.com\/mirra-andreeva-la-joven-promesa-del-tenis-mundial-nueva-embajadora-de-isdin\/\"><strong>Mirra Andreeva<\/strong><\/a>. Con apenas 17 a\u00f1os, nuestra embajadora brill\u00f3 en la tierra batida parisina, alcanzando los cuartos de final y midi\u00e9ndose sin complejos con algunas de las jugadoras m\u00e1s consolidadas del circuito. Su tenis, valiente, inteligente y lleno de car\u00e1cter, dej\u00f3 claro que el futuro ya ha llegado.<\/p>\n\n\n\n<p>Pero m\u00e1s all\u00e1 de los puntos ganados, lo que realmente define a Mirra es su actitud. Con entrega y pasi\u00f3n, demuestra que el talento no se mide en a\u00f1os, sino en la capacidad de so\u00f1ar en grande y trabajar con disciplina para alcanzarlo.<\/p>\n\n\n\n<p>Su mejor jugada, sin embargo, ocurri\u00f3 fuera de la pista. En un gesto sencillo y lleno de ternura, comparti\u00f3 un momento con los <a href=\"https:\/\/www.isdin.com\/es\/love-your-skin\"><strong>Ball Kids del torneo<\/strong><\/a>, record\u00e1ndoles \u2014y record\u00e1ndonos\u2014 la importancia de cuidar la piel desde peque\u00f1os. Porque <a href=\"https:\/\/www.isdin.com\/es\/blog\/errores-de-fotoproteccion-deporte\/\">el deporte<\/a> no solo se juega con la raqueta, tambi\u00e9n con la conciencia de que la salud y el cuidado personal son parte del camino.<\/p>\n\n\n\n<p><\/p>\n\n\n\n<p class=\"has-background\" style=\"background-color:#ffd3a4\">Mirra nos inspira a creer que protegerse desde hoy es tambi\u00e9n una forma de prepararse para el futuro. Y con embajadoras como ella, ese futuro se ve m\u00e1s brillante que nunca.<\/p>\n\n\n\n<p><\/p>\n\n\n\n<h3 class=\"wp-block-heading\" id=\"h-ona-carbonell-pasion-por-el-agua-compromiso-con-el-planeta\">Ona Carbonell: pasi\u00f3n por el agua, compromiso con el planeta<\/h3>\n\n\n\n<figure class=\"wp-block-image size-large\"><img loading=\"lazy\" decoding=\"async\" width=\"1024\" height=\"527\" src=\"data:image\/gif;base64,R0lGODlhAQABAAAAACH5BAEKAAEALAAAAAABAAEAAAICTAEAOw==\" data-src=\"https:\/\/www.isdin.com\/es\/blog\/wp-content\/uploads\/2022\/03\/Imagen-en-el-contenido-2025-09-17T163438.609-1024x527.png\" alt=\"Ona Carbonell, embajadora de ISDIN, durante una entrevista hablando sobre deporte y sostenibilidad\" class=\"wp-image-12634 lazyload\" data-sizes=\"auto\" data-srcset=\"https:\/\/www.isdin.com\/es\/blog\/wp-content\/uploads\/2022\/03\/Imagen-en-el-contenido-2025-09-17T163438.609-1024x527.png 1024w, https:\/\/www.isdin.com\/es\/blog\/wp-content\/uploads\/2022\/03\/Imagen-en-el-contenido-2025-09-17T163438.609-300x155.png 300w, https:\/\/www.isdin.com\/es\/blog\/wp-content\/uploads\/2022\/03\/Imagen-en-el-contenido-2025-09-17T163438.609-150x77.png 150w, https:\/\/www.isdin.com\/es\/blog\/wp-content\/uploads\/2022\/03\/Imagen-en-el-contenido-2025-09-17T163438.609-768x396.png 768w, https:\/\/www.isdin.com\/es\/blog\/wp-content\/uploads\/2022\/03\/Imagen-en-el-contenido-2025-09-17T163438.609-585x300.png 585w, https:\/\/www.isdin.com\/es\/blog\/wp-content\/uploads\/2022\/03\/Imagen-en-el-contenido-2025-09-17T163438.609-450x232.png 450w, https:\/\/www.isdin.com\/es\/blog\/wp-content\/uploads\/2022\/03\/Imagen-en-el-contenido-2025-09-17T163438.609-20x11.png 20w, https:\/\/www.isdin.com\/es\/blog\/wp-content\/uploads\/2022\/03\/Imagen-en-el-contenido-2025-09-17T163438.609-225x116.png 225w, https:\/\/www.isdin.com\/es\/blog\/wp-content\/uploads\/2022\/03\/Imagen-en-el-contenido-2025-09-17T163438.609-900x464.png 900w, https:\/\/www.isdin.com\/es\/blog\/wp-content\/uploads\/2022\/03\/Imagen-en-el-contenido-2025-09-17T163438.609.png 1200w\" sizes=\"auto, (max-width: 1024px) 100vw, 1024px\" \/><\/figure>\n\n\n\n<p><\/p>\n\n\n\n<p>Si hay alguien que representa la uni\u00f3n entre deporte, agua y conciencia, esa es <a href=\"https:\/\/www.isdin.com\/es\/blog\/el-arte-del-equilibrio-una-conversacion-con-ona-carbonell\/\"><strong>Ona Carbonell<\/strong><\/a>. Nuestra embajadora ha dedicado su vida al mar y a la piscina, convirti\u00e9ndose en una de las grandes referentes de la nataci\u00f3n sincronizada y en una voz apasionada a favor del cuidado del medioambiente.<\/p>\n\n\n\n<p>Su conexi\u00f3n con el agua va m\u00e1s all\u00e1 del deporte: es un v\u00ednculo emocional y vital. Y por eso, Ona comparte con ISDIN una misma visi\u00f3n \u2014cuidar de la piel y del planeta al mismo tiempo. <a href=\"https:\/\/www.isdin.com\/es\/blog\/ona-carbonell-es-un-verano-diferente-pero-mis-ganas-de-sol-son-las-mismas\/\">Bajo el sol<\/a> o dentro del agua, Ona sabe que protegerse significa tambi\u00e9n proteger lo que ama.<\/p>\n\n\n\n<p>Esa filosof\u00eda conecta con la <a href=\"https:\/\/www.isdin.com\/es\/blog\/isdin-2030-piel-planeta-objetivo\/\"><strong>Agenda ISDIN 2030: tu piel es el inicio, el planeta es el objetivo<\/strong><\/a>, un plan con metas claras y medibles para crear un impacto positivo y duradero.<\/p>\n\n\n\n<figure class=\"wp-block-embed aligncenter is-type-rich is-provider-instagram wp-block-embed-instagram\"><div class=\"wp-block-embed__wrapper\">\n<div class=\"sbi-embed-wrap\"><blockquote class=\"instagram-media sbi-embed\" data-instgrm-captioned data-instgrm-permalink=\"https:\/\/www.instagram.com\/reel\/DKZYvwmN4ff\/?utm_source=ig_embed&amp;utm_campaign=loading\" data-instgrm-version=\"14\" style=\" background:#FFF; border:0; border-radius:3px; box-shadow:0 0 1px 0 rgba(0,0,0,0.5),0 1px 10px 0 rgba(0,0,0,0.15); margin: 1px; max-width:500px; min-width:326px; padding:0; width:99.375%; width:-webkit-calc(100% - 2px); width:calc(100% - 2px);\"><div style=\"padding:16px;\"> <a href=\"https:\/\/www.instagram.com\/reel\/DKZYvwmN4ff\/?utm_source=ig_embed&amp;utm_campaign=loading\" style=\" background:#FFFFFF; line-height:0; padding:0 0; text-align:center; text-decoration:none; width:100%;\" target=\"_blank\"> <div style=\" display: flex; flex-direction: row; align-items: center;\"> <div style=\"background-color: #F4F4F4; border-radius: 50%; flex-grow: 0; height: 40px; margin-right: 14px; width: 40px;\"><\/div> <div style=\"display: flex; flex-direction: column; flex-grow: 1; justify-content: center;\"> <div style=\" background-color: #F4F4F4; border-radius: 4px; flex-grow: 0; height: 14px; margin-bottom: 6px; width: 100px;\"><\/div> <div style=\" background-color: #F4F4F4; border-radius: 4px; flex-grow: 0; height: 14px; width: 60px;\"><\/div><\/div><\/div><div style=\"padding: 19% 0;\"><\/div> <div style=\"display:block; height:50px; margin:0 auto 12px; width:50px;\"><svg width=\"50px\" height=\"50px\" viewBox=\"0 0 60 60\" version=\"1.1\" xmlns=\"https:\/\/www.w3.org\/2000\/svg\" xmlns:xlink=\"https:\/\/www.w3.org\/1999\/xlink\"><g stroke=\"none\" stroke-width=\"1\" fill=\"none\" fill-rule=\"evenodd\"><g transform=\"translate(-511.000000, -20.000000)\" fill=\"#000000\"><g><path d=\"M556.869,30.41 C554.814,30.41 553.148,32.076 553.148,34.131 C553.148,36.186 554.814,37.852 556.869,37.852 C558.924,37.852 560.59,36.186 560.59,34.131 C560.59,32.076 558.924,30.41 556.869,30.41 M541,60.657 C535.114,60.657 530.342,55.887 530.342,50 C530.342,44.114 535.114,39.342 541,39.342 C546.887,39.342 551.658,44.114 551.658,50 C551.658,55.887 546.887,60.657 541,60.657 M541,33.886 C532.1,33.886 524.886,41.1 524.886,50 C524.886,58.899 532.1,66.113 541,66.113 C549.9,66.113 557.115,58.899 557.115,50 C557.115,41.1 549.9,33.886 541,33.886 M565.378,62.101 C565.244,65.022 564.756,66.606 564.346,67.663 C563.803,69.06 563.154,70.057 562.106,71.106 C561.058,72.155 560.06,72.803 558.662,73.347 C557.607,73.757 556.021,74.244 553.102,74.378 C549.944,74.521 548.997,74.552 541,74.552 C533.003,74.552 532.056,74.521 528.898,74.378 C525.979,74.244 524.393,73.757 523.338,73.347 C521.94,72.803 520.942,72.155 519.894,71.106 C518.846,70.057 518.197,69.06 517.654,67.663 C517.244,66.606 516.755,65.022 516.623,62.101 C516.479,58.943 516.448,57.996 516.448,50 C516.448,42.003 516.479,41.056 516.623,37.899 C516.755,34.978 517.244,33.391 517.654,32.338 C518.197,30.938 518.846,29.942 519.894,28.894 C520.942,27.846 521.94,27.196 523.338,26.654 C524.393,26.244 525.979,25.756 528.898,25.623 C532.057,25.479 533.004,25.448 541,25.448 C548.997,25.448 549.943,25.479 553.102,25.623 C556.021,25.756 557.607,26.244 558.662,26.654 C560.06,27.196 561.058,27.846 562.106,28.894 C563.154,29.942 563.803,30.938 564.346,32.338 C564.756,33.391 565.244,34.978 565.378,37.899 C565.522,41.056 565.552,42.003 565.552,50 C565.552,57.996 565.522,58.943 565.378,62.101 M570.82,37.631 C570.674,34.438 570.167,32.258 569.425,30.349 C568.659,28.377 567.633,26.702 565.965,25.035 C564.297,23.368 562.623,22.342 560.652,21.575 C558.743,20.834 556.562,20.326 553.369,20.18 C550.169,20.033 549.148,20 541,20 C532.853,20 531.831,20.033 528.631,20.18 C525.438,20.326 523.257,20.834 521.349,21.575 C519.376,22.342 517.703,23.368 516.035,25.035 C514.368,26.702 513.342,28.377 512.574,30.349 C511.834,32.258 511.326,34.438 511.181,37.631 C511.035,40.831 511,41.851 511,50 C511,58.147 511.035,59.17 511.181,62.369 C511.326,65.562 511.834,67.743 512.574,69.651 C513.342,71.625 514.368,73.296 516.035,74.965 C517.703,76.634 519.376,77.658 521.349,78.425 C523.257,79.167 525.438,79.673 528.631,79.82 C531.831,79.965 532.853,80.001 541,80.001 C549.148,80.001 550.169,79.965 553.369,79.82 C556.562,79.673 558.743,79.167 560.652,78.425 C562.623,77.658 564.297,76.634 565.965,74.965 C567.633,73.296 568.659,71.625 569.425,69.651 C570.167,67.743 570.674,65.562 570.82,62.369 C570.966,59.17 571,58.147 571,50 C571,41.851 570.966,40.831 570.82,37.631\"><\/path><\/g><\/g><\/g><\/svg><\/div><div style=\"padding-top: 8px;\"> <div style=\" color:#3897f0; font-family:Arial,sans-serif; font-size:14px; font-style:normal; font-weight:550; line-height:18px;\">View this post on Instagram<\/div><\/div><div style=\"padding: 12.5% 0;\"><\/div> <div style=\"display: flex; flex-direction: row; margin-bottom: 14px; align-items: center;\"><div> <div style=\"background-color: #F4F4F4; border-radius: 50%; height: 12.5px; width: 12.5px; transform: translateX(0px) translateY(7px);\"><\/div> <div style=\"background-color: #F4F4F4; height: 12.5px; transform: rotate(-45deg) translateX(3px) translateY(1px); width: 12.5px; flex-grow: 0; margin-right: 14px; margin-left: 2px;\"><\/div> <div style=\"background-color: #F4F4F4; border-radius: 50%; height: 12.5px; width: 12.5px; transform: translateX(9px) translateY(-18px);\"><\/div><\/div><div style=\"margin-left: 8px;\"> <div style=\" background-color: #F4F4F4; border-radius: 50%; flex-grow: 0; height: 20px; width: 20px;\"><\/div> <div style=\" width: 0; height: 0; border-top: 2px solid transparent; border-left: 6px solid #f4f4f4; border-bottom: 2px solid transparent; transform: translateX(16px) translateY(-4px) rotate(30deg)\"><\/div><\/div><div style=\"margin-left: auto;\"> <div style=\" width: 0px; border-top: 8px solid #F4F4F4; border-right: 8px solid transparent; transform: translateY(16px);\"><\/div> <div style=\" background-color: #F4F4F4; flex-grow: 0; height: 12px; width: 16px; transform: translateY(-4px);\"><\/div> <div style=\" width: 0; height: 0; border-top: 8px solid #F4F4F4; border-left: 8px solid transparent; transform: translateY(-4px) translateX(8px);\"><\/div><\/div><\/div> <div style=\"display: flex; flex-direction: column; flex-grow: 1; justify-content: center; margin-bottom: 24px;\"> <div style=\" background-color: #F4F4F4; border-radius: 4px; flex-grow: 0; height: 14px; margin-bottom: 6px; width: 224px;\"><\/div> <div style=\" background-color: #F4F4F4; border-radius: 4px; flex-grow: 0; height: 14px; width: 144px;\"><\/div><\/div><\/a><p style=\" color:#c9c8cd; font-family:Arial,sans-serif; font-size:14px; line-height:17px; margin-bottom:0; margin-top:8px; overflow:hidden; padding:8px 0 7px; text-align:center; text-overflow:ellipsis; white-space:nowrap;\"><a href=\"https:\/\/www.instagram.com\/reel\/DKZYvwmN4ff\/?utm_source=ig_embed&amp;utm_campaign=loading\" style=\" color:#c9c8cd; font-family:Arial,sans-serif; font-size:14px; font-style:normal; font-weight:normal; line-height:17px; text-decoration:none;\" target=\"_blank\">A post shared by ISDIN (@isdin)<\/a><\/p><\/div><\/blockquote><script async src=\"\/\/platform.instagram.com\/en_US\/embeds.js\"><\/script><\/div>\n<\/div><\/figure>\n\n\n\n<p><\/p>\n\n\n\n<p><\/p>\n\n\n\n<p class=\"has-background\" style=\"background-color:#ffd3a4\">Descubre m\u00e1s contenido como este y los <a href=\"https:\/\/www.isdin.com\/es\/blog\/tag\/podcast\/\"><strong>episodios del podcast<\/strong><\/a> con nuestros embajadores en <a href=\"https:\/\/www.isdin.com\/es\/blog\/descubre-la-nueva-app-de-isdin\/\">la app de ISDIN<\/a>. \u00a1Desc\u00e1rgala ya!<\/p>\n\n\n\n<p><\/p>\n\n\n\n<p><\/p>\n\n\n\n<h2 class=\"wp-block-heading\" id=\"h-fotoproteccion-en-el-deporte-como-elegir-y-aplicar-tu-protector-solar\">Fotoprotecci\u00f3n en el deporte: c\u00f3mo elegir y aplicar tu protector solar<\/h2>\n\n\n\n<p>La inspiraci\u00f3n de nuestros embajadores es clave, pero tambi\u00e9n lo son los gestos cotidianos. Aqu\u00ed tienes algunos consejos <a href=\"https:\/\/www.isdin.com\/es\/blog\/deporte-en-verano-bolsa\/\">para que la fotoprotecci\u00f3n forme parte natural de tu rutina deportiva<\/a>:<\/p>\n\n\n\n<ul class=\"wp-block-list\">\n<li><strong>Elige tus momentos al sol con cabeza.<\/strong> Todos sabemos lo bien que sienta entrenar con luz natural, pero hacerlo en las horas centrales (12\u202fh\u201316\u202fh) no es lo mejor. Nuestros embajadores lo tienen claro: una gorra, unas gafas de sol o una camiseta ligera con protecci\u00f3n pueden marcar la diferencia en un entrenamiento largo.<\/li>\n\n\n\n<li><strong>No te dejes enga\u00f1ar por las nubes.<\/strong> Aunque el d\u00eda est\u00e9 gris, los <a href=\"https:\/\/www.isdin.com\/es\/blog\/efectos-radiacion-solar-piel\/\">rayos UVA atraviesan las nubes y siguen da\u00f1ando la piel<\/a>. \u00a1Protege tu piel cada d\u00eda, haga sol o est\u00e9 nublado!<\/li>\n\n\n\n<li><strong>Un paso que lo cambia todo.<\/strong> Antes de un partido o de salir a correr, no hace falta complicarse con rutinas largas. El \u00fanico paso imprescindible es el protector solar. No lleva m\u00e1s de dos minutos aplicarlo y, a cambio, est\u00e1s cuidando tu piel tanto como tus m\u00fasculos o tu respiraci\u00f3n.<\/li>\n\n\n\n<li><strong>Protecci\u00f3n que acompa\u00f1a tu ritmo.<\/strong> Lo que m\u00e1s valoran los deportistas es que su fotoprotector sea eficaz, ligero y f\u00e1cil de aplicar. <strong>En ISDIN lo cuidamos al detalle<\/strong>: f\u00f3rmulas ultraligeras que se funden con la piel, resistentes al agua y al sudor, con ingredientes respetuosos con el planeta y alta tolerancia incluso en piel sensible. Porque tu piel merece la misma disciplina que tu entrenamiento.<\/li>\n<\/ul>\n\n\n\n<figure class=\"wp-block-image size-large\"><img loading=\"lazy\" decoding=\"async\" width=\"1024\" height=\"527\" src=\"data:image\/gif;base64,R0lGODlhAQABAAAAACH5BAEKAAEALAAAAAABAAEAAAICTAEAOw==\" data-src=\"https:\/\/www.isdin.com\/es\/blog\/wp-content\/uploads\/2022\/03\/Imagen-en-el-contenido-2025-09-17T163650.604-1-1024x527.png\" alt=\"sudor en la espalda tras hacer deporte\" class=\"wp-image-12631 lazyload\" data-sizes=\"auto\" data-srcset=\"https:\/\/www.isdin.com\/es\/blog\/wp-content\/uploads\/2022\/03\/Imagen-en-el-contenido-2025-09-17T163650.604-1-1024x527.png 1024w, https:\/\/www.isdin.com\/es\/blog\/wp-content\/uploads\/2022\/03\/Imagen-en-el-contenido-2025-09-17T163650.604-1-300x155.png 300w, https:\/\/www.isdin.com\/es\/blog\/wp-content\/uploads\/2022\/03\/Imagen-en-el-contenido-2025-09-17T163650.604-1-150x77.png 150w, https:\/\/www.isdin.com\/es\/blog\/wp-content\/uploads\/2022\/03\/Imagen-en-el-contenido-2025-09-17T163650.604-1-768x396.png 768w, https:\/\/www.isdin.com\/es\/blog\/wp-content\/uploads\/2022\/03\/Imagen-en-el-contenido-2025-09-17T163650.604-1-585x300.png 585w, https:\/\/www.isdin.com\/es\/blog\/wp-content\/uploads\/2022\/03\/Imagen-en-el-contenido-2025-09-17T163650.604-1-450x232.png 450w, https:\/\/www.isdin.com\/es\/blog\/wp-content\/uploads\/2022\/03\/Imagen-en-el-contenido-2025-09-17T163650.604-1-20x11.png 20w, https:\/\/www.isdin.com\/es\/blog\/wp-content\/uploads\/2022\/03\/Imagen-en-el-contenido-2025-09-17T163650.604-1-225x116.png 225w, https:\/\/www.isdin.com\/es\/blog\/wp-content\/uploads\/2022\/03\/Imagen-en-el-contenido-2025-09-17T163650.604-1-900x464.png 900w, https:\/\/www.isdin.com\/es\/blog\/wp-content\/uploads\/2022\/03\/Imagen-en-el-contenido-2025-09-17T163650.604-1.png 1200w\" sizes=\"auto, (max-width: 1024px) 100vw, 1024px\" \/><\/figure>\n\n\n\n<p><\/p>\n\n\n\n<h2 class=\"wp-block-heading\" id=\"h-cuidar-tu-piel-es-cuidar-lo-que-amas\">Cuidar tu piel es cuidar lo que amas<\/h2>\n\n\n\n<p>De los datos del estudio a la pasi\u00f3n de nuestros embajadores, el mensaje es claro: la fotoprotecci\u00f3n no es un gesto aislado, sino una forma de vivir el deporte con plenitud.<\/p>\n\n\n\n<p><strong>Carlos Alcaraz<\/strong> nos recuerda que la disciplina y la constancia llevan a lo m\u00e1s alto. <strong>Mirra Andreeva<\/strong> nos inspira a creer en el futuro y a cuidarnos desde j\u00f3venes. <strong>Ona Carbonell<\/strong> nos ense\u00f1a que protegerse es tambi\u00e9n proteger el mar y el planeta que amamos.<\/p>\n\n\n\n<p>En ISDIN creemos que cada rutina de cuidado personal es un paso hacia algo m\u00e1s grande: la salud, el rendimiento, el bienestar y un futuro m\u00e1s sostenible. <strong>Porque cuando proteges tu piel, tambi\u00e9n est\u00e1s protegiendo tus sue\u00f1os, tus pasiones y las historias que a\u00fan quedan por escribir bajo el sol.<\/strong><\/p>\n","protected":false},"excerpt":{"rendered":"<p>Seg\u00fan el estudio de Sport Life, los deportistas lo tienen claro: ISDIN es la marca favorita, elegida por 1 de cada 4 participantes, casi el doble que la segunda m\u00e1s votada. Una elecci\u00f3n que nos impulsa a seguir innovando con fotoprotectores pensados para el deporte.<\/p>\n","protected":false},"author":69,"featured_media":12635,"comment_status":"closed","ping_status":"closed","sticky":false,"template":"","format":"image","meta":{"footnotes":""},"categories":[113,64,100],"tags":[494,354,510,509],"class_list":["post-5313","post","type-post","status-publish","format-image","has-post-thumbnail","hentry","category-embajadores-isdin","category-productos-innovacion-isdin","category-sol-y-piel","tag-alcaraz","tag-deporte","tag-mirra","tag-ona-carbonell","post_format-post-format-image"],"yoast_head":"<!-- This site is optimized with the Yoast SEO Premium plugin v25.4 (Yoast SEO v25.4) - https:\/\/yoast.com\/wordpress\/plugins\/seo\/ -->\n<title>Deporte y sol: la fotoprotecci\u00f3n de ISDIN en cada reto - ISDIN<\/title>\n<meta name=\"description\" content=\"Fotoprotecci\u00f3n en el deporte con ISDIN: Alcaraz, Andreeva y Ona Carbonell inspiran a cuidar la piel bajo el sol en cada entrenamiento.\" \/>\n<meta name=\"robots\" content=\"index, follow, max-snippet:-1, max-image-preview:large, max-video-preview:-1\" \/>\n<link rel=\"canonical\" href=\"https:\/\/www.isdin.com\/es\/blog\/isdin-la-marca-de-proteccion-solar-favorita-de-los-deportistas\/\" \/>\n<meta property=\"og:locale\" content=\"es_ES\" \/>\n<meta property=\"og:type\" content=\"article\" \/>\n<meta property=\"og:title\" content=\"ISDIN, la marca de protecci\u00f3n solar favorita de los deportistas\" \/>\n<meta property=\"og:description\" content=\"Fotoprotecci\u00f3n en el deporte con ISDIN: Alcaraz, Andreeva y Ona Carbonell inspiran a cuidar la piel bajo el sol en cada entrenamiento.\" \/>\n<meta property=\"og:url\" content=\"https:\/\/www.isdin.com\/es\/blog\/isdin-la-marca-de-proteccion-solar-favorita-de-los-deportistas\/\" \/>\n<meta property=\"og:site_name\" content=\"ISDIN\" \/>\n<meta property=\"article:publisher\" content=\"https:\/\/es-es.facebook.com\/ISDIN.official\/\" \/>\n<meta property=\"article:published_time\" content=\"2025-09-22T11:33:05+00:00\" \/>\n<meta property=\"article:modified_time\" content=\"2025-09-22T12:39:30+00:00\" \/>\n<meta property=\"og:image\" content=\"https:\/\/www.isdin.com\/es\/blog\/wp-content\/uploads\/2020\/07\/2020_07_Blog_Imatge_Facebook-1.jpg\" \/>\n\t<meta property=\"og:image:width\" content=\"1200\" \/>\n\t<meta property=\"og:image:height\" content=\"630\" \/>\n\t<meta property=\"og:image:type\" content=\"image\/jpeg\" \/>\n<meta name=\"author\" content=\"Belinda Mart\u00ednez\" \/>\n<meta name=\"twitter:card\" content=\"summary_large_image\" \/>\n<meta name=\"twitter:title\" content=\"ISDIN, la marca de protecci\u00f3n solar favorita de los deportistas\" \/>\n<meta name=\"twitter:creator\" content=\"@isdin_official\" \/>\n<meta name=\"twitter:site\" content=\"@isdin_official\" \/>\n<meta name=\"twitter:label1\" content=\"Written by\" \/>\n\t<meta name=\"twitter:data1\" content=\"Belinda Mart\u00ednez\" \/>\n\t<meta name=\"twitter:label2\" content=\"Est. reading time\" \/>\n\t<meta name=\"twitter:data2\" content=\"7 minutes\" \/>\n<script type=\"application\/ld+json\" class=\"yoast-schema-graph\">{\"@context\":\"https:\/\/schema.org\",\"@graph\":[{\"@type\":\"Article\",\"@id\":\"https:\/\/www.isdin.com\/es\/blog\/isdin-la-marca-de-proteccion-solar-favorita-de-los-deportistas\/#article\",\"isPartOf\":{\"@id\":\"https:\/\/www.isdin.com\/es\/blog\/isdin-la-marca-de-proteccion-solar-favorita-de-los-deportistas\/\"},\"author\":{\"name\":\"Belinda Mart\u00ednez\",\"@id\":\"https:\/\/www.isdin.com\/es\/blog\/#\/schema\/person\/684015d7d9e78124cb4aa660f6fe8576\"},\"headline\":\"Deporte y sol: la fotoprotecci\u00f3n de ISDIN en cada reto\",\"datePublished\":\"2025-09-22T11:33:05+00:00\",\"dateModified\":\"2025-09-22T12:39:30+00:00\",\"mainEntityOfPage\":{\"@id\":\"https:\/\/www.isdin.com\/es\/blog\/isdin-la-marca-de-proteccion-solar-favorita-de-los-deportistas\/\"},\"wordCount\":1598,\"publisher\":{\"@id\":\"https:\/\/www.isdin.com\/es\/blog\/#organization\"},\"image\":{\"@id\":\"https:\/\/www.isdin.com\/es\/blog\/isdin-la-marca-de-proteccion-solar-favorita-de-los-deportistas\/#primaryimage\"},\"thumbnailUrl\":\"https:\/\/www.isdin.com\/es\/blog\/wp-content\/uploads\/2022\/03\/From-NYC-With-Love_-Our-Favorite-Courtside-Moments-From-The-US-Open.jpg\",\"keywords\":[\"alcaraz\",\"deporte\",\"mirra\",\"ona carbonell\"],\"articleSection\":[\"Embajadores ISDIN\",\"Productos e innovaci\u00f3n\",\"Sol y piel\"],\"inLanguage\":\"es-ES\"},{\"@type\":\"WebPage\",\"@id\":\"https:\/\/www.isdin.com\/es\/blog\/isdin-la-marca-de-proteccion-solar-favorita-de-los-deportistas\/\",\"url\":\"https:\/\/www.isdin.com\/es\/blog\/isdin-la-marca-de-proteccion-solar-favorita-de-los-deportistas\/\",\"name\":\"Deporte y sol: la fotoprotecci\u00f3n de ISDIN en cada reto - ISDIN\",\"isPartOf\":{\"@id\":\"https:\/\/www.isdin.com\/es\/blog\/#website\"},\"primaryImageOfPage\":{\"@id\":\"https:\/\/www.isdin.com\/es\/blog\/isdin-la-marca-de-proteccion-solar-favorita-de-los-deportistas\/#primaryimage\"},\"image\":{\"@id\":\"https:\/\/www.isdin.com\/es\/blog\/isdin-la-marca-de-proteccion-solar-favorita-de-los-deportistas\/#primaryimage\"},\"thumbnailUrl\":\"https:\/\/www.isdin.com\/es\/blog\/wp-content\/uploads\/2022\/03\/From-NYC-With-Love_-Our-Favorite-Courtside-Moments-From-The-US-Open.jpg\",\"datePublished\":\"2025-09-22T11:33:05+00:00\",\"dateModified\":\"2025-09-22T12:39:30+00:00\",\"description\":\"Fotoprotecci\u00f3n en el deporte con ISDIN: Alcaraz, Andreeva y Ona Carbonell inspiran a cuidar la piel bajo el sol en cada entrenamiento.\",\"breadcrumb\":{\"@id\":\"https:\/\/www.isdin.com\/es\/blog\/isdin-la-marca-de-proteccion-solar-favorita-de-los-deportistas\/#breadcrumb\"},\"inLanguage\":\"es-ES\",\"potentialAction\":[{\"@type\":\"ReadAction\",\"target\":[\"https:\/\/www.isdin.com\/es\/blog\/isdin-la-marca-de-proteccion-solar-favorita-de-los-deportistas\/\"]}]},{\"@type\":\"ImageObject\",\"inLanguage\":\"es-ES\",\"@id\":\"https:\/\/www.isdin.com\/es\/blog\/isdin-la-marca-de-proteccion-solar-favorita-de-los-deportistas\/#primaryimage\",\"url\":\"https:\/\/www.isdin.com\/es\/blog\/wp-content\/uploads\/2022\/03\/From-NYC-With-Love_-Our-Favorite-Courtside-Moments-From-The-US-Open.jpg\",\"contentUrl\":\"https:\/\/www.isdin.com\/es\/blog\/wp-content\/uploads\/2022\/03\/From-NYC-With-Love_-Our-Favorite-Courtside-Moments-From-The-US-Open.jpg\",\"width\":1200,\"height\":760,\"caption\":\"Carlos Alcaraz durante un partido en el US Open 2025, golpeando la pelota bajo el sol\"},{\"@type\":\"BreadcrumbList\",\"@id\":\"https:\/\/www.isdin.com\/es\/blog\/isdin-la-marca-de-proteccion-solar-favorita-de-los-deportistas\/#breadcrumb\",\"itemListElement\":[{\"@type\":\"ListItem\",\"position\":1,\"name\":\"Portada\",\"item\":\"https:\/\/www.isdin.com\/es\/blog\/\"},{\"@type\":\"ListItem\",\"position\":2,\"name\":\"Deporte y sol: la fotoprotecci\u00f3n de ISDIN en cada reto\"}]},{\"@type\":\"WebSite\",\"@id\":\"https:\/\/www.isdin.com\/es\/blog\/#website\",\"url\":\"https:\/\/www.isdin.com\/es\/blog\/\",\"name\":\"ISDIN\",\"description\":\"Novedades, lanzamientos de productos y toda la experiencia de ISDIN\",\"publisher\":{\"@id\":\"https:\/\/www.isdin.com\/es\/blog\/#organization\"},\"potentialAction\":[{\"@type\":\"SearchAction\",\"target\":{\"@type\":\"EntryPoint\",\"urlTemplate\":\"https:\/\/www.isdin.com\/es\/blog\/?s={search_term_string}\"},\"query-input\":{\"@type\":\"PropertyValueSpecification\",\"valueRequired\":true,\"valueName\":\"search_term_string\"}}],\"inLanguage\":\"es-ES\"},{\"@type\":\"Organization\",\"@id\":\"https:\/\/www.isdin.com\/es\/blog\/#organization\",\"name\":\"ISDIN\",\"alternateName\":\"ISDIN\",\"url\":\"https:\/\/www.isdin.com\/es\/blog\/\",\"logo\":{\"@type\":\"ImageObject\",\"inLanguage\":\"es-ES\",\"@id\":\"https:\/\/www.isdin.com\/es\/blog\/#\/schema\/logo\/image\/\",\"url\":\"https:\/\/www.isdin.com\/es\/blog\/wp-content\/uploads\/2024\/05\/2025_03_GuiaFoto_FWM.png\",\"contentUrl\":\"https:\/\/www.isdin.com\/es\/blog\/wp-content\/uploads\/2024\/05\/2025_03_GuiaFoto_FWM.png\",\"width\":670,\"height\":683,\"caption\":\"ISDIN\"},\"image\":{\"@id\":\"https:\/\/www.isdin.com\/es\/blog\/#\/schema\/logo\/image\/\"},\"sameAs\":[\"https:\/\/es-es.facebook.com\/ISDIN.official\/\",\"https:\/\/x.com\/isdin_official\",\"https:\/\/www.instagram.com\/isdinofficial\",\"https:\/\/www.youtube.com\/channel\/UCtoNJMKpDwdFLqgV23_lcqg\"],\"telephone\":\"659997812\"},{\"@type\":\"Person\",\"@id\":\"https:\/\/www.isdin.com\/es\/blog\/#\/schema\/person\/684015d7d9e78124cb4aa660f6fe8576\",\"name\":\"Belinda Mart\u00ednez\",\"image\":{\"@type\":\"ImageObject\",\"inLanguage\":\"es-ES\",\"@id\":\"https:\/\/www.isdin.com\/es\/blog\/#\/schema\/person\/image\/\",\"url\":\"https:\/\/www.isdin.com\/es\/blog\/wp-content\/uploads\/2017\/07\/jjjj.jpg\",\"contentUrl\":\"https:\/\/www.isdin.com\/es\/blog\/wp-content\/uploads\/2017\/07\/jjjj.jpg\",\"caption\":\"Belinda Mart\u00ednez\"},\"description\":\"Belinda es periodista y copywriter creativa. Tras a\u00f1os de experiencia, decidi\u00f3 fusionar sus habilidades de escritura con su amor por el skincare, convirti\u00e9ndose en una especialista en la materia. \u00bfSu imprescindible? Un buen b\u00e1lsamo de labios.\",\"sameAs\":[\"https:\/\/www.linkedin.com\/in\/thisisbel\/\"],\"url\":\"https:\/\/www.isdin.com\/es\/blog\/author\/belindamartinez\/\"}]}<\/script>\n<!-- \/ Yoast SEO Premium plugin. -->","yoast_head_json":{"title":"Deporte y sol: la fotoprotecci\u00f3n de ISDIN en cada reto - ISDIN","description":"Fotoprotecci\u00f3n en el deporte con ISDIN: Alcaraz, Andreeva y Ona Carbonell inspiran a cuidar la piel bajo el sol en cada entrenamiento.","robots":{"index":"index","follow":"follow","max-snippet":"max-snippet:-1","max-image-preview":"max-image-preview:large","max-video-preview":"max-video-preview:-1"},"canonical":"https:\/\/www.isdin.com\/es\/blog\/isdin-la-marca-de-proteccion-solar-favorita-de-los-deportistas\/","og_locale":"es_ES","og_type":"article","og_title":"ISDIN, la marca de protecci\u00f3n solar favorita de los deportistas","og_description":"Fotoprotecci\u00f3n en el deporte con ISDIN: Alcaraz, Andreeva y Ona Carbonell inspiran a cuidar la piel bajo el sol en cada entrenamiento.","og_url":"https:\/\/www.isdin.com\/es\/blog\/isdin-la-marca-de-proteccion-solar-favorita-de-los-deportistas\/","og_site_name":"ISDIN","article_publisher":"https:\/\/es-es.facebook.com\/ISDIN.official\/","article_published_time":"2025-09-22T11:33:05+00:00","article_modified_time":"2025-09-22T12:39:30+00:00","og_image":[{"width":1200,"height":630,"url":"https:\/\/www.isdin.com\/es\/blog\/wp-content\/uploads\/2020\/07\/2020_07_Blog_Imatge_Facebook-1.jpg","type":"image\/jpeg"}],"author":"Belinda Mart\u00ednez","twitter_card":"summary_large_image","twitter_title":"ISDIN, la marca de protecci\u00f3n solar favorita de los deportistas","twitter_creator":"@isdin_official","twitter_site":"@isdin_official","twitter_misc":{"Written by":"Belinda Mart\u00ednez","Est. reading time":"7 minutes"},"schema":{"@context":"https:\/\/schema.org","@graph":[{"@type":"Article","@id":"https:\/\/www.isdin.com\/es\/blog\/isdin-la-marca-de-proteccion-solar-favorita-de-los-deportistas\/#article","isPartOf":{"@id":"https:\/\/www.isdin.com\/es\/blog\/isdin-la-marca-de-proteccion-solar-favorita-de-los-deportistas\/"},"author":{"name":"Belinda Mart\u00ednez","@id":"https:\/\/www.isdin.com\/es\/blog\/#\/schema\/person\/684015d7d9e78124cb4aa660f6fe8576"},"headline":"Deporte y sol: la fotoprotecci\u00f3n de ISDIN en cada reto","datePublished":"2025-09-22T11:33:05+00:00","dateModified":"2025-09-22T12:39:30+00:00","mainEntityOfPage":{"@id":"https:\/\/www.isdin.com\/es\/blog\/isdin-la-marca-de-proteccion-solar-favorita-de-los-deportistas\/"},"wordCount":1598,"publisher":{"@id":"https:\/\/www.isdin.com\/es\/blog\/#organization"},"image":{"@id":"https:\/\/www.isdin.com\/es\/blog\/isdin-la-marca-de-proteccion-solar-favorita-de-los-deportistas\/#primaryimage"},"thumbnailUrl":"https:\/\/www.isdin.com\/es\/blog\/wp-content\/uploads\/2022\/03\/From-NYC-With-Love_-Our-Favorite-Courtside-Moments-From-The-US-Open.jpg","keywords":["alcaraz","deporte","mirra","ona carbonell"],"articleSection":["Embajadores ISDIN","Productos e innovaci\u00f3n","Sol y piel"],"inLanguage":"es-ES"},{"@type":"WebPage","@id":"https:\/\/www.isdin.com\/es\/blog\/isdin-la-marca-de-proteccion-solar-favorita-de-los-deportistas\/","url":"https:\/\/www.isdin.com\/es\/blog\/isdin-la-marca-de-proteccion-solar-favorita-de-los-deportistas\/","name":"Deporte y sol: la fotoprotecci\u00f3n de ISDIN en cada reto - ISDIN","isPartOf":{"@id":"https:\/\/www.isdin.com\/es\/blog\/#website"},"primaryImageOfPage":{"@id":"https:\/\/www.isdin.com\/es\/blog\/isdin-la-marca-de-proteccion-solar-favorita-de-los-deportistas\/#primaryimage"},"image":{"@id":"https:\/\/www.isdin.com\/es\/blog\/isdin-la-marca-de-proteccion-solar-favorita-de-los-deportistas\/#primaryimage"},"thumbnailUrl":"https:\/\/www.isdin.com\/es\/blog\/wp-content\/uploads\/2022\/03\/From-NYC-With-Love_-Our-Favorite-Courtside-Moments-From-The-US-Open.jpg","datePublished":"2025-09-22T11:33:05+00:00","dateModified":"2025-09-22T12:39:30+00:00","description":"Fotoprotecci\u00f3n en el deporte con ISDIN: Alcaraz, Andreeva y Ona Carbonell inspiran a cuidar la piel bajo el sol en cada entrenamiento.","breadcrumb":{"@id":"https:\/\/www.isdin.com\/es\/blog\/isdin-la-marca-de-proteccion-solar-favorita-de-los-deportistas\/#breadcrumb"},"inLanguage":"es-ES","potentialAction":[{"@type":"ReadAction","target":["https:\/\/www.isdin.com\/es\/blog\/isdin-la-marca-de-proteccion-solar-favorita-de-los-deportistas\/"]}]},{"@type":"ImageObject","inLanguage":"es-ES","@id":"https:\/\/www.isdin.com\/es\/blog\/isdin-la-marca-de-proteccion-solar-favorita-de-los-deportistas\/#primaryimage","url":"https:\/\/www.isdin.com\/es\/blog\/wp-content\/uploads\/2022\/03\/From-NYC-With-Love_-Our-Favorite-Courtside-Moments-From-The-US-Open.jpg","contentUrl":"https:\/\/www.isdin.com\/es\/blog\/wp-content\/uploads\/2022\/03\/From-NYC-With-Love_-Our-Favorite-Courtside-Moments-From-The-US-Open.jpg","width":1200,"height":760,"caption":"Carlos Alcaraz durante un partido en el US Open 2025, golpeando la pelota bajo el sol"},{"@type":"BreadcrumbList","@id":"https:\/\/www.isdin.com\/es\/blog\/isdin-la-marca-de-proteccion-solar-favorita-de-los-deportistas\/#breadcrumb","itemListElement":[{"@type":"ListItem","position":1,"name":"Portada","item":"https:\/\/www.isdin.com\/es\/blog\/"},{"@type":"ListItem","position":2,"name":"Deporte y sol: la fotoprotecci\u00f3n de ISDIN en cada reto"}]},{"@type":"WebSite","@id":"https:\/\/www.isdin.com\/es\/blog\/#website","url":"https:\/\/www.isdin.com\/es\/blog\/","name":"ISDIN","description":"Novedades, lanzamientos de productos y toda la experiencia de ISDIN","publisher":{"@id":"https:\/\/www.isdin.com\/es\/blog\/#organization"},"potentialAction":[{"@type":"SearchAction","target":{"@type":"EntryPoint","urlTemplate":"https:\/\/www.isdin.com\/es\/blog\/?s={search_term_string}"},"query-input":{"@type":"PropertyValueSpecification","valueRequired":true,"valueName":"search_term_string"}}],"inLanguage":"es-ES"},{"@type":"Organization","@id":"https:\/\/www.isdin.com\/es\/blog\/#organization","name":"ISDIN","alternateName":"ISDIN","url":"https:\/\/www.isdin.com\/es\/blog\/","logo":{"@type":"ImageObject","inLanguage":"es-ES","@id":"https:\/\/www.isdin.com\/es\/blog\/#\/schema\/logo\/image\/","url":"https:\/\/www.isdin.com\/es\/blog\/wp-content\/uploads\/2024\/05\/2025_03_GuiaFoto_FWM.png","contentUrl":"https:\/\/www.isdin.com\/es\/blog\/wp-content\/uploads\/2024\/05\/2025_03_GuiaFoto_FWM.png","width":670,"height":683,"caption":"ISDIN"},"image":{"@id":"https:\/\/www.isdin.com\/es\/blog\/#\/schema\/logo\/image\/"},"sameAs":["https:\/\/es-es.facebook.com\/ISDIN.official\/","https:\/\/x.com\/isdin_official","https:\/\/www.instagram.com\/isdinofficial","https:\/\/www.youtube.com\/channel\/UCtoNJMKpDwdFLqgV23_lcqg"],"telephone":"659997812"},{"@type":"Person","@id":"https:\/\/www.isdin.com\/es\/blog\/#\/schema\/person\/684015d7d9e78124cb4aa660f6fe8576","name":"Belinda Mart\u00ednez","image":{"@type":"ImageObject","inLanguage":"es-ES","@id":"https:\/\/www.isdin.com\/es\/blog\/#\/schema\/person\/image\/","url":"https:\/\/www.isdin.com\/es\/blog\/wp-content\/uploads\/2017\/07\/jjjj.jpg","contentUrl":"https:\/\/www.isdin.com\/es\/blog\/wp-content\/uploads\/2017\/07\/jjjj.jpg","caption":"Belinda Mart\u00ednez"},"description":"Belinda es periodista y copywriter creativa. Tras a\u00f1os de experiencia, decidi\u00f3 fusionar sus habilidades de escritura con su amor por el skincare, convirti\u00e9ndose en una especialista en la materia. \u00bfSu imprescindible? Un buen b\u00e1lsamo de labios.","sameAs":["https:\/\/www.linkedin.com\/in\/thisisbel\/"],"url":"https:\/\/www.isdin.com\/es\/blog\/author\/belindamartinez\/"}]}},"_links":{"self":[{"href":"https:\/\/www.isdin.com\/es\/blog\/wp-json\/wp\/v2\/posts\/5313","targetHints":{"allow":["GET"]}}],"collection":[{"href":"https:\/\/www.isdin.com\/es\/blog\/wp-json\/wp\/v2\/posts"}],"about":[{"href":"https:\/\/www.isdin.com\/es\/blog\/wp-json\/wp\/v2\/types\/post"}],"author":[{"embeddable":true,"href":"https:\/\/www.isdin.com\/es\/blog\/wp-json\/wp\/v2\/users\/69"}],"replies":[{"embeddable":true,"href":"https:\/\/www.isdin.com\/es\/blog\/wp-json\/wp\/v2\/comments?post=5313"}],"version-history":[{"count":16,"href":"https:\/\/www.isdin.com\/es\/blog\/wp-json\/wp\/v2\/posts\/5313\/revisions"}],"predecessor-version":[{"id":12652,"href":"https:\/\/www.isdin.com\/es\/blog\/wp-json\/wp\/v2\/posts\/5313\/revisions\/12652"}],"wp:featuredmedia":[{"embeddable":true,"href":"https:\/\/www.isdin.com\/es\/blog\/wp-json\/wp\/v2\/media\/12635"}],"wp:attachment":[{"href":"https:\/\/www.isdin.com\/es\/blog\/wp-json\/wp\/v2\/media?parent=5313"}],"wp:term":[{"taxonomy":"category","embeddable":true,"href":"https:\/\/www.isdin.com\/es\/blog\/wp-json\/wp\/v2\/categories?post=5313"},{"taxonomy":"post_tag","embeddable":true,"href":"https:\/\/www.isdin.com\/es\/blog\/wp-json\/wp\/v2\/tags?post=5313"}],"curies":[{"name":"wp","href":"https:\/\/api.w.org\/{rel}","templated":true}]}}