{"id":5069,"date":"2025-02-12T17:42:24","date_gmt":"2025-02-12T17:42:24","guid":{"rendered":"https:\/\/www.isdin.com\/es\/blog\/?p=5069"},"modified":"2025-02-17T17:57:50","modified_gmt":"2025-02-17T17:57:50","slug":"como-afecta-el-estres-a-nuestra-piel","status":"publish","type":"post","link":"https:\/\/www.isdin.com\/es\/blog\/como-afecta-el-estres-a-nuestra-piel\/","title":{"rendered":"Estos son los efectos del estr\u00e9s en tu piel y c\u00f3mo puedes minimizarlos"},"content":{"rendered":"\n<p>Tu piel es un reflejo de ti: cambia, se adapta y siempre encuentra la manera de seguir adelante. Cada d\u00eda enfrenta desaf\u00edos\u2014el ritmo acelerado de la vida, el entorno, las emociones\u2014pero dentro de ella existe una incre\u00edble capacidad de renovaci\u00f3n.<\/p>\n\n\n\n<p>Uno de los factores clave que influye en su bienestar es el <strong>exposoma<\/strong>, esa combinaci\u00f3n de elementos internos y externos que moldean su estado con el tiempo. <strong>El estr\u00e9s es parte de esta historia, pero no es el final. Porque aqu\u00ed es donde entras t\u00fa.<\/strong><\/p>\n\n\n\n<p><strong>Tus h\u00e1bitos, tu cuidado y tu atenci\u00f3n marcan la diferencia<\/strong>. Con peque\u00f1os gestos llenos de intenci\u00f3n, puedes ayudar a tu piel a encontrar su equilibrio y recuperar su luz, sin importar lo que ocurra a tu alrededor.<\/p>\n\n\n\n<p>Hoy, descubre c\u00f3mo el estr\u00e9s impacta en tu piel y qu\u00e9 peque\u00f1os cambios pueden marcar la diferencia.<\/p>\n\n\n\n<h2 class=\"wp-block-heading\" id=\"h-lo-primero-de-todo-que-es-el-exposoma\">Lo primero de todo, \u00bfqu\u00e9 es el exposoma?<\/h2>\n\n\n\n<p>Piensa en todas esas peque\u00f1as decisiones que tomas cada d\u00eda: <a href=\"https:\/\/www.isdin.com\/es\/blog\/alimentos-buenos-para-la-piel\/\">qu\u00e9 comes<\/a>, <a href=\"https:\/\/www.isdin.com\/es\/blog\/consejos-para-dormir-bien\/\">cu\u00e1nto duermes<\/a>, si pasas tiempo al aire libre o <a href=\"https:\/\/www.isdin.com\/es\/blog\/te-proteges-bien-del-sol\/\">cu\u00e1nto te expones al sol<\/a>, a la contaminaci\u00f3n o al humo del tabaco y el vapeo. <strong>Todo suma, lo bueno y lo no tan bueno, y con el tiempo tu piel lo refleja.<\/strong><\/p>\n\n\n\n<p>El exposoma engloba todo eso: desde tus h\u00e1bitos diarios hasta los factores ambientales que no siempre puedes controlar. Y aqu\u00ed viene el dato importante: <a href=\"https:\/\/www.hospitalrosario.es\/noticias\/el-exposoma-determina-el-80-del-envejecimiento-de-la-piel\/\">hasta el 80% del envejecimiento visible<\/a> de la piel no depende de la gen\u00e9tica, sino del exposoma. Es decir, lo que haces hoy puede marcar la diferencia en c\u00f3mo se ver\u00e1 tu piel ma\u00f1ana.<\/p>\n\n\n\n<figure class=\"wp-block-image size-large\"><img loading=\"lazy\" decoding=\"async\" width=\"1024\" height=\"527\" src=\"data:image\/gif;base64,R0lGODlhAQABAAAAACH5BAEKAAEALAAAAAABAAEAAAICTAEAOw==\" data-src=\"https:\/\/www.isdin.com\/es\/blog\/wp-content\/uploads\/2020\/03\/2025_01_Tabaco_IMG05-4-1-1024x527.png\" alt=\"qu\u00e9 es el exposoma\" class=\"wp-image-11602 lazyload\" data-sizes=\"auto\" data-srcset=\"https:\/\/www.isdin.com\/es\/blog\/wp-content\/uploads\/2020\/03\/2025_01_Tabaco_IMG05-4-1-1024x527.png 1024w, https:\/\/www.isdin.com\/es\/blog\/wp-content\/uploads\/2020\/03\/2025_01_Tabaco_IMG05-4-1-300x155.png 300w, https:\/\/www.isdin.com\/es\/blog\/wp-content\/uploads\/2020\/03\/2025_01_Tabaco_IMG05-4-1-150x77.png 150w, https:\/\/www.isdin.com\/es\/blog\/wp-content\/uploads\/2020\/03\/2025_01_Tabaco_IMG05-4-1-768x396.png 768w, https:\/\/www.isdin.com\/es\/blog\/wp-content\/uploads\/2020\/03\/2025_01_Tabaco_IMG05-4-1-1536x791.png 1536w, https:\/\/www.isdin.com\/es\/blog\/wp-content\/uploads\/2020\/03\/2025_01_Tabaco_IMG05-4-1-2048x1055.png 2048w, https:\/\/www.isdin.com\/es\/blog\/wp-content\/uploads\/2020\/03\/2025_01_Tabaco_IMG05-4-1-585x300.png 585w, https:\/\/www.isdin.com\/es\/blog\/wp-content\/uploads\/2020\/03\/2025_01_Tabaco_IMG05-4-1-450x232.png 450w, https:\/\/www.isdin.com\/es\/blog\/wp-content\/uploads\/2020\/03\/2025_01_Tabaco_IMG05-4-1-20x11.png 20w, https:\/\/www.isdin.com\/es\/blog\/wp-content\/uploads\/2020\/03\/2025_01_Tabaco_IMG05-4-1-225x116.png 225w, https:\/\/www.isdin.com\/es\/blog\/wp-content\/uploads\/2020\/03\/2025_01_Tabaco_IMG05-4-1-900x464.png 900w, https:\/\/www.isdin.com\/es\/blog\/wp-content\/uploads\/2020\/03\/2025_01_Tabaco_IMG05-4-1-1350x695.png 1350w\" sizes=\"auto, (max-width: 1024px) 100vw, 1024px\" \/><\/figure>\n\n\n\n<p><\/p>\n\n\n\n<p>El estr\u00e9s es uno de los factores de estilo de vida m\u00e1s impactantes para tu piel. Tanto el estr\u00e9s puntual como el cr\u00f3nico pueden dejar su huella en forma de sequedad, sensibilidad o alteraciones en su <a href=\"https:\/\/www.isdin.com\/es\/blog\/que-es-la-barrera-cutanea\/\">barrera natural<\/a>. Por eso, adoptar un enfoque integral del cuidado de la piel\u2014uno que tenga en cuenta tanto tu estilo de vida como el entorno\u2014<strong>es la mejor forma de mantener una piel saludable a largo plazo.<\/strong><\/p>\n\n\n\n<h2 class=\"wp-block-heading\">Tu piel habla: \u00bfqu\u00e9 te dice sobre el estr\u00e9s?<\/h2>\n\n\n\n<p>Tu piel es como un espejo de tus emociones. \u00bfAlguna vez te ha salido un brote justo antes de una presentaci\u00f3n importante? \u00bfO has notado irritaci\u00f3n mientras esperabas noticias de una entrevista de trabajo? Alegr\u00eda, nervios, enfado\u2026 todas estas emociones pueden reflejarse en tu piel.<\/p>\n\n\n\n<p>Cuando te sientes estresado o ansioso, tu cuerpo libera m\u00e1s <a href=\"https:\/\/www.mayoclinic.org\/es\/healthy-lifestyle\/stress-management\/in-depth\/stress\/art-20046037\">cortisol<\/a>, la hormona del estr\u00e9s. <strong>Un aumento de cortisol puede desencadenar inflamaci\u00f3n<\/strong>, afectar la respuesta inmunitaria de la piel y ralentizar sus procesos naturales de reparaci\u00f3n.<\/p>\n\n\n\n<p>A corto plazo, esto puede traducirse en imperfecciones, enrojecimiento o picaz\u00f3n. A largo plazo, los <a href=\"https:\/\/www.notion.so\/Our-women-in-science-Meet-the-DermaLab-Team-17ebf2b1435d801dba6ffce7e44046b7?pvs=21\">estudios sugieren<\/a> que el estr\u00e9s cr\u00f3nico puede <strong>acelerar el proceso de <a href=\"https:\/\/www.isdin.com\/es\/blog\/well-aging-como-prevenir-y-cuidar-nuestras-arrugas\/\">envejecimiento cut\u00e1neo<\/a><\/strong>.<\/p>\n\n\n\n<p>Pero aqu\u00ed viene la mejor parte: <strong>lo contrario tambi\u00e9n es cierto<\/strong>. Cuando te sientes bien, tu piel lo nota. Los niveles de oxitocina aumentan, el cortisol disminuye y tu rostro recupera ese brillo saludable.<\/p>\n\n\n\n<figure class=\"wp-block-image size-full\"><img loading=\"lazy\" decoding=\"async\" width=\"1200\" height=\"618\" src=\"data:image\/gif;base64,R0lGODlhAQABAAAAACH5BAEKAAEALAAAAAABAAEAAAICTAEAOw==\" data-src=\"https:\/\/www.isdin.com\/es\/blog\/wp-content\/uploads\/2025\/02\/2025_02_Stress_IMG04-1.jpg\" alt=\"piel y estr\u00e9s\" class=\"wp-image-11641 lazyload\"\/><\/figure>\n\n\n\n<p><\/p>\n\n\n\n<h3 class=\"wp-block-heading\">\u00bfPuede el estr\u00e9s cambiar tu tipo de piel?<\/h3>\n\n\n\n<p>No exactamente, pero s\u00ed puede intensificar sus caracter\u00edsticas naturales y hacer que ciertas preocupaciones se acent\u00faen. Te lo explicamos:<\/p>\n\n\n\n<ul class=\"wp-block-list\">\n<li>Si tienes la <strong>piel seca<\/strong>, es posible que notes m\u00e1s tirantez, descamaci\u00f3n y una <a href=\"https:\/\/www.isdin.com\/es\/blog\/perdida-de-agua-transepidermica-que-es\/\">barrera de hidrataci\u00f3n debilitada<\/a>.<\/li>\n\n\n\n<li>Si tu <strong>piel es sensible<\/strong>, puede reaccionar con m\u00e1s facilidad, mostrando rojeces o irritaci\u00f3n debido a la inflamaci\u00f3n.<\/li>\n\n\n\n<li>Si tienes <strong>piel grasa<\/strong>, podr\u00edas notar un aumento en la producci\u00f3n de sebo, lo que puede derivar en m\u00e1s <a href=\"https:\/\/www.isdin.com\/es\/blog\/por-que-tienes-acne-en-la-edad-adulta-y-como-combatirlo\/\">brotes o imperfecciones<\/a>.<\/li>\n\n\n\n<li>Si ya convives con una condici\u00f3n como <strong>eccema o <a href=\"https:\/\/www.isdin.com\/es\/blog\/entendiendo-la-psoriasis-que-es-y-por-que-aparece\/\">psoriasis<\/a><\/strong>, es posible que experimentes m\u00e1s sensibilidad o episodios de irritaci\u00f3n bajo estr\u00e9s.<\/li>\n<\/ul>\n\n\n\n<p class=\"has-background\" style=\"background-color:#f1dfbf\">Recuerda, aunque nuestros expertos han contribuido y verificado la informaci\u00f3n de este art\u00edculo, <strong>nadie conoce tu piel mejor que tu dermat\u00f3logo<\/strong>.<\/p>\n\n\n\n<p><\/p>\n\n\n\n<h2 class=\"wp-block-heading\">C\u00f3mo cuidar tu piel en per\u00edodos de estr\u00e9s<\/h2>\n\n\n\n<p>Los productos de <em>skincare<\/em> pueden ser grandes aliados, pero manejar el estr\u00e9s va m\u00e1s all\u00e1 de un s\u00e9rum o una crema hidratante. Tu piel florece cuando equilibras h\u00e1bitos conscientes con una rutina de cuidado efectiva. Tomarte un respiro, <strong>nutrir tu cuerpo con vitaminas y minerales esenciales<\/strong> y <strong>moverte un poco cada d\u00eda<\/strong> puede beneficiar tanto tu mente como tu piel.<\/p>\n\n\n\n<p>Te dejamos algunas ideas para combinar lo mejor de los dos mundos:<\/p>\n\n\n\n<h3 class=\"wp-block-heading\">1. Convierte la limpieza en un momento de calma<\/h3>\n\n\n\n<p>El primer paso de cualquier rutina de cuidado es la limpieza. Lavarte el rostro con regularidad no solo elimina impurezas, sino que tambi\u00e9n <strong>refuerza la barrera natural de la piel<\/strong>, esa primera l\u00ednea de defensa contra las agresiones externas. Encuentra tranquilidad en este gesto diario y deja que el agua se lleve las impurezas y el estr\u00e9s, sin importar c\u00f3mo te sientas.<\/p>\n\n\n\n<figure class=\"wp-block-image size-full\"><img loading=\"lazy\" decoding=\"async\" width=\"1200\" height=\"618\" src=\"data:image\/gif;base64,R0lGODlhAQABAAAAACH5BAEKAAEALAAAAAABAAEAAAICTAEAOw==\" data-src=\"https:\/\/www.isdin.com\/es\/blog\/wp-content\/uploads\/2025\/02\/2025_02_Stress_IMG06.jpg\" alt=\"chica limpiando su piel\" class=\"wp-image-11642 lazyload\"\/><\/figure>\n\n\n\n<p><\/p>\n\n\n\n<p class=\"has-background\" style=\"background-color:#f1dfbf\"><a href=\"https:\/\/www.isdin.com\/producto\/isdinceutics\/essential-cleansing\">Lavar tu rostro<\/a> por la ma\u00f1ana y por la noche no solo elimina suciedad y toxinas, sino que tambi\u00e9n puede convertirse en un ritual: una oportunidad liberar las tensiones.<\/p>\n\n\n\n<p><\/p>\n\n\n\n<h3 class=\"wp-block-heading\">2. Ilumina tu mirada (y tu d\u00eda)<\/h3>\n\n\n\n<p>Todo en tu piel est\u00e1 conectado: los factores del exposoma interact\u00faan entre s\u00ed, potenci\u00e1ndose o afect\u00e1ndose mutuamente. Y si hay una combinaci\u00f3n que solemos notar al instante, es el estr\u00e9s y la <a href=\"https:\/\/www.isdin.com\/es\/blog\/efectos-dormir-poco-piel-como-minimizarlos\/\">falta de sue\u00f1o<\/a>. Ambos pueden acentuar <a href=\"https:\/\/www.isdin.com\/es\/blog\/como-reducir-las-ojeras\/\">la hinchaz\u00f3n y las ojeras<\/a>, haciendo que tu mirada luzca m\u00e1s cansada.<\/p>\n\n\n\n<p>Dale un impulso con un <a href=\"https:\/\/www.isdin.com\/es\/blog\/guia-esencial-sobre-contornos-de-ojos\/\">contorno de ojos<\/a> que contenga ingredientes restauradores. El n\u00famero uno en la lista: <a href=\"https:\/\/www.isdin.com\/es\/p\/k-ox-eyes\/1510\"><strong>vitamina K \u00f3xido<\/strong><\/a>, que ayuda a reducir la pigmentaci\u00f3n de las ojeras e iluminar la piel. <a href=\"https:\/\/www.isdin.com\/es\/blog\/para-que-sirve-acido-hialuronico\/\"><strong>\u00c1cido hialur\u00f3nico<\/strong><\/a> tambi\u00e9n es clave, ya que hidrata, rellena y, seg\u00fan la f\u00f3rmula, puede revitalizar la zona del contorno.<\/p>\n\n\n\n<figure class=\"wp-block-image size-full\"><img loading=\"lazy\" decoding=\"async\" width=\"1200\" height=\"618\" src=\"data:image\/gif;base64,R0lGODlhAQABAAAAACH5BAEKAAEALAAAAAABAAEAAAICTAEAOw==\" data-src=\"https:\/\/www.isdin.com\/es\/blog\/wp-content\/uploads\/2020\/03\/2025_02_Stress_IMG05.jpg\" alt=\"contorno de ojos de ISDIN\" class=\"wp-image-11605 lazyload\"\/><\/figure>\n\n\n\n<p><\/p>\n\n\n\n<p><\/p>\n\n\n\n<p class=\"has-background\" style=\"background-color:#f1dfbf\">Cada d\u00eda te da <a href=\"https:\/\/www.isdin.com\/es\/blog\/de-meta-a-habito-la-clave-para-el-exito\/\">la oportunidad de empezar de nuevo<\/a>. Prueba un contorno con aplicador efecto fr\u00edo o guarda tus parches en la nevera para un efecto refrescante al instante. Tu piel lo agradecer\u00e1\u2026 y tu energ\u00eda tambi\u00e9n.<\/p>\n\n\n\n<p><\/p>\n\n\n\n<h3 class=\"wp-block-heading\">3. Dale a tu piel el descanso que necesita<\/h3>\n\n\n\n<p>Por la noche, tu piel activa su proceso de reparaci\u00f3n. Es su momento de regenerarse y renovarse, y puedes potenciarlo con f\u00f3rmulas ricas en antioxidantes o <a href=\"https:\/\/www.isdin.com\/es\/blog\/que-es-el-bakuchiol-y-sus-beneficios\/\">bakuchiol<\/a>, que ayudan a calmar y restaurar los efectos del estr\u00e9s diario.<\/p>\n\n\n\n<p>El estr\u00e9s tambi\u00e9n puede alterar los niveles de hidrataci\u00f3n, debilitando la barrera de la piel. Por eso, mantenerla <a href=\"https:\/\/www.isdin.com\/es\/blog\/guia-esencial-de-cremas-hidratantes-faciales\/\">bien nutrida<\/a> es esencial para todos los tipos de piel, incluso la grasa. Cuando la piel se deshidrata, puede reaccionar produciendo m\u00e1s sebo para compensar. <strong>Dale lo que necesita y deja que el descanso haga el resto.<\/strong><\/p>\n\n\n\n<figure class=\"wp-block-image size-full\"><img loading=\"lazy\" decoding=\"async\" width=\"1200\" height=\"618\" src=\"data:image\/gif;base64,R0lGODlhAQABAAAAACH5BAEKAAEALAAAAAABAAEAAAICTAEAOw==\" data-src=\"https:\/\/www.isdin.com\/es\/blog\/wp-content\/uploads\/2020\/03\/2025_02_Stress_IMG03.jpg\" alt=\"mujer durmiendo\" class=\"wp-image-11606 lazyload\"\/><\/figure>\n\n\n\n<p><\/p>\n\n\n\n<p><\/p>\n\n\n\n<p class=\"has-background\" style=\"background-color:#f1dfbf\">Convierte <a href=\"https:\/\/www.isdin.com\/es\/blog\/rutina-facial-noche-paso-a-paso\/\">tu rutina de noche<\/a> en un momento solo para ti.<\/p>\n\n\n\n<h2 class=\"wp-block-heading\">Tu piel es parte de tu historia<\/h2>\n\n\n\n<p>Si est\u00e1s pasando por un momento de estr\u00e9s, no te obsesiones con cada imperfecci\u00f3n o l\u00ednea de expresi\u00f3n. <strong>La piel cambia, evoluciona y se adapta, al igual que t\u00fa.<\/strong><\/p>\n\n\n\n<p>Recuerda: la mejor rutina es la que se adapta a ti y a tus necesidades del momento. A veces, eso significa simplificar los pasos y enfocarte en lo esencial (<strong>como no saltarte <a href=\"https:\/\/www.isdin.com\/es\/blog\/fotoprotectores-solares-para-la-cara-isdin\/\">el protector solar<\/a><\/strong>).<\/p>\n\n\n\n<p><strong>Escucha a tu piel, respeta su ritmo y dale lo que necesita.<\/strong> Conf\u00eda en su capacidad de adaptarse y en la tuya. Todo se ir\u00e1 acomodando poco a poco.<\/p>\n","protected":false},"excerpt":{"rendered":"<p>Si est\u00e1s pasando por un momento de estr\u00e9s, no te obsesiones con cada imperfecci\u00f3n o l\u00ednea de expresi\u00f3n. La piel cambia, evoluciona y se adapta, al igual que t\u00fa.<\/p>\n","protected":false},"author":69,"featured_media":11640,"comment_status":"closed","ping_status":"closed","sticky":false,"template":"","format":"image","meta":{"footnotes":""},"categories":[109,65],"tags":[123,475,454],"class_list":["post-5069","post","type-post","status-publish","format-image","has-post-thumbnail","hentry","category-dermatologia","category-expertos","tag-cuidado-piel","tag-estres","tag-exposoma","post_format-post-format-image"],"yoast_head":"<!-- This site is optimized with the Yoast SEO Premium plugin v25.4 (Yoast SEO v25.4) - https:\/\/yoast.com\/wordpress\/plugins\/seo\/ -->\n<title>Estos son los efectos del estr\u00e9s en tu piel y c\u00f3mo puedes minimizarlos - ISDIN<\/title>\n<meta name=\"description\" content=\"El estr\u00e9s es uno de los factores que m\u00e1s afectan a tu piel. Descubre c\u00f3mo influye y qu\u00e9 puedes hacer para protegerla.\" \/>\n<meta name=\"robots\" content=\"index, follow, max-snippet:-1, max-image-preview:large, max-video-preview:-1\" \/>\n<link rel=\"canonical\" href=\"https:\/\/www.isdin.com\/es\/blog\/como-afecta-el-estres-a-nuestra-piel\/\" \/>\n<meta property=\"og:locale\" content=\"es_ES\" \/>\n<meta property=\"og:type\" content=\"article\" \/>\n<meta property=\"og:title\" content=\"Estos son los efectos del estr\u00e9s en tu piel y c\u00f3mo puedes minimizarlos\" \/>\n<meta property=\"og:description\" content=\"El estr\u00e9s es uno de los factores que m\u00e1s afectan a tu piel. Descubre c\u00f3mo influye y qu\u00e9 puedes hacer para protegerla.\" \/>\n<meta property=\"og:url\" content=\"https:\/\/www.isdin.com\/es\/blog\/como-afecta-el-estres-a-nuestra-piel\/\" \/>\n<meta property=\"og:site_name\" content=\"ISDIN\" \/>\n<meta property=\"article:publisher\" content=\"https:\/\/es-es.facebook.com\/ISDIN.official\/\" \/>\n<meta property=\"article:published_time\" content=\"2025-02-12T17:42:24+00:00\" \/>\n<meta property=\"article:modified_time\" content=\"2025-02-17T17:57:50+00:00\" \/>\n<meta property=\"og:image\" content=\"https:\/\/www.isdin.com\/es\/blog\/wp-content\/uploads\/2020\/03\/Estres_piel_Blog_Portada_fb.jpg\" \/>\n\t<meta property=\"og:image:width\" content=\"1200\" \/>\n\t<meta property=\"og:image:height\" content=\"628\" \/>\n\t<meta property=\"og:image:type\" content=\"image\/jpeg\" \/>\n<meta name=\"author\" content=\"Belinda Mart\u00ednez\" \/>\n<meta name=\"twitter:card\" content=\"summary_large_image\" \/>\n<meta name=\"twitter:creator\" content=\"@isdin_official\" \/>\n<meta name=\"twitter:site\" content=\"@isdin_official\" \/>\n<meta name=\"twitter:label1\" content=\"Written by\" \/>\n\t<meta name=\"twitter:data1\" content=\"Belinda Mart\u00ednez\" \/>\n\t<meta name=\"twitter:label2\" content=\"Est. reading time\" \/>\n\t<meta name=\"twitter:data2\" content=\"7 minutes\" \/>\n<script type=\"application\/ld+json\" class=\"yoast-schema-graph\">{\"@context\":\"https:\/\/schema.org\",\"@graph\":[{\"@type\":\"Article\",\"@id\":\"https:\/\/www.isdin.com\/es\/blog\/como-afecta-el-estres-a-nuestra-piel\/#article\",\"isPartOf\":{\"@id\":\"https:\/\/www.isdin.com\/es\/blog\/como-afecta-el-estres-a-nuestra-piel\/\"},\"author\":{\"name\":\"Belinda Mart\u00ednez\",\"@id\":\"https:\/\/www.isdin.com\/es\/blog\/#\/schema\/person\/684015d7d9e78124cb4aa660f6fe8576\"},\"headline\":\"Estos son los efectos del estr\u00e9s en tu piel y c\u00f3mo puedes minimizarlos\",\"datePublished\":\"2025-02-12T17:42:24+00:00\",\"dateModified\":\"2025-02-17T17:57:50+00:00\",\"mainEntityOfPage\":{\"@id\":\"https:\/\/www.isdin.com\/es\/blog\/como-afecta-el-estres-a-nuestra-piel\/\"},\"wordCount\":1271,\"publisher\":{\"@id\":\"https:\/\/www.isdin.com\/es\/blog\/#organization\"},\"image\":{\"@id\":\"https:\/\/www.isdin.com\/es\/blog\/como-afecta-el-estres-a-nuestra-piel\/#primaryimage\"},\"thumbnailUrl\":\"https:\/\/www.isdin.com\/es\/blog\/wp-content\/uploads\/2025\/02\/2025_02_Stress_IMG01-1.jpg\",\"keywords\":[\"cuidado piel\",\"estr\u00e9s\",\"exposoma\"],\"articleSection\":[\"Dermatolog\u00eda\",\"Expertos\"],\"inLanguage\":\"es-ES\"},{\"@type\":\"WebPage\",\"@id\":\"https:\/\/www.isdin.com\/es\/blog\/como-afecta-el-estres-a-nuestra-piel\/\",\"url\":\"https:\/\/www.isdin.com\/es\/blog\/como-afecta-el-estres-a-nuestra-piel\/\",\"name\":\"Estos son los efectos del estr\u00e9s en tu piel y c\u00f3mo puedes minimizarlos - ISDIN\",\"isPartOf\":{\"@id\":\"https:\/\/www.isdin.com\/es\/blog\/#website\"},\"primaryImageOfPage\":{\"@id\":\"https:\/\/www.isdin.com\/es\/blog\/como-afecta-el-estres-a-nuestra-piel\/#primaryimage\"},\"image\":{\"@id\":\"https:\/\/www.isdin.com\/es\/blog\/como-afecta-el-estres-a-nuestra-piel\/#primaryimage\"},\"thumbnailUrl\":\"https:\/\/www.isdin.com\/es\/blog\/wp-content\/uploads\/2025\/02\/2025_02_Stress_IMG01-1.jpg\",\"datePublished\":\"2025-02-12T17:42:24+00:00\",\"dateModified\":\"2025-02-17T17:57:50+00:00\",\"description\":\"El estr\u00e9s es uno de los factores que m\u00e1s afectan a tu piel. Descubre c\u00f3mo influye y qu\u00e9 puedes hacer para protegerla.\",\"breadcrumb\":{\"@id\":\"https:\/\/www.isdin.com\/es\/blog\/como-afecta-el-estres-a-nuestra-piel\/#breadcrumb\"},\"inLanguage\":\"es-ES\",\"potentialAction\":[{\"@type\":\"ReadAction\",\"target\":[\"https:\/\/www.isdin.com\/es\/blog\/como-afecta-el-estres-a-nuestra-piel\/\"]}]},{\"@type\":\"ImageObject\",\"inLanguage\":\"es-ES\",\"@id\":\"https:\/\/www.isdin.com\/es\/blog\/como-afecta-el-estres-a-nuestra-piel\/#primaryimage\",\"url\":\"https:\/\/www.isdin.com\/es\/blog\/wp-content\/uploads\/2025\/02\/2025_02_Stress_IMG01-1.jpg\",\"contentUrl\":\"https:\/\/www.isdin.com\/es\/blog\/wp-content\/uploads\/2025\/02\/2025_02_Stress_IMG01-1.jpg\",\"width\":1200,\"height\":760,\"caption\":\"piel calmada e hidratada\"},{\"@type\":\"BreadcrumbList\",\"@id\":\"https:\/\/www.isdin.com\/es\/blog\/como-afecta-el-estres-a-nuestra-piel\/#breadcrumb\",\"itemListElement\":[{\"@type\":\"ListItem\",\"position\":1,\"name\":\"Portada\",\"item\":\"https:\/\/www.isdin.com\/es\/blog\/\"},{\"@type\":\"ListItem\",\"position\":2,\"name\":\"Estos son los efectos del estr\u00e9s en tu piel y c\u00f3mo puedes minimizarlos\"}]},{\"@type\":\"WebSite\",\"@id\":\"https:\/\/www.isdin.com\/es\/blog\/#website\",\"url\":\"https:\/\/www.isdin.com\/es\/blog\/\",\"name\":\"ISDIN\",\"description\":\"Novedades, lanzamientos de productos y toda la experiencia de ISDIN\",\"publisher\":{\"@id\":\"https:\/\/www.isdin.com\/es\/blog\/#organization\"},\"potentialAction\":[{\"@type\":\"SearchAction\",\"target\":{\"@type\":\"EntryPoint\",\"urlTemplate\":\"https:\/\/www.isdin.com\/es\/blog\/?s={search_term_string}\"},\"query-input\":{\"@type\":\"PropertyValueSpecification\",\"valueRequired\":true,\"valueName\":\"search_term_string\"}}],\"inLanguage\":\"es-ES\"},{\"@type\":\"Organization\",\"@id\":\"https:\/\/www.isdin.com\/es\/blog\/#organization\",\"name\":\"ISDIN\",\"alternateName\":\"ISDIN\",\"url\":\"https:\/\/www.isdin.com\/es\/blog\/\",\"logo\":{\"@type\":\"ImageObject\",\"inLanguage\":\"es-ES\",\"@id\":\"https:\/\/www.isdin.com\/es\/blog\/#\/schema\/logo\/image\/\",\"url\":\"https:\/\/www.isdin.com\/es\/blog\/wp-content\/uploads\/2024\/05\/2025_03_GuiaFoto_FWM.png\",\"contentUrl\":\"https:\/\/www.isdin.com\/es\/blog\/wp-content\/uploads\/2024\/05\/2025_03_GuiaFoto_FWM.png\",\"width\":670,\"height\":683,\"caption\":\"ISDIN\"},\"image\":{\"@id\":\"https:\/\/www.isdin.com\/es\/blog\/#\/schema\/logo\/image\/\"},\"sameAs\":[\"https:\/\/es-es.facebook.com\/ISDIN.official\/\",\"https:\/\/x.com\/isdin_official\",\"https:\/\/www.instagram.com\/isdinofficial\",\"https:\/\/www.youtube.com\/channel\/UCtoNJMKpDwdFLqgV23_lcqg\"],\"telephone\":\"659997812\"},{\"@type\":\"Person\",\"@id\":\"https:\/\/www.isdin.com\/es\/blog\/#\/schema\/person\/684015d7d9e78124cb4aa660f6fe8576\",\"name\":\"Belinda Mart\u00ednez\",\"image\":{\"@type\":\"ImageObject\",\"inLanguage\":\"es-ES\",\"@id\":\"https:\/\/www.isdin.com\/es\/blog\/#\/schema\/person\/image\/\",\"url\":\"https:\/\/www.isdin.com\/es\/blog\/wp-content\/uploads\/2017\/07\/jjjj.jpg\",\"contentUrl\":\"https:\/\/www.isdin.com\/es\/blog\/wp-content\/uploads\/2017\/07\/jjjj.jpg\",\"caption\":\"Belinda Mart\u00ednez\"},\"description\":\"Belinda es periodista y copywriter creativa. Tras a\u00f1os de experiencia, decidi\u00f3 fusionar sus habilidades de escritura con su amor por el skincare, convirti\u00e9ndose en una especialista en la materia. \u00bfSu imprescindible? Un buen b\u00e1lsamo de labios.\",\"sameAs\":[\"https:\/\/www.linkedin.com\/in\/thisisbel\/\"],\"url\":\"https:\/\/www.isdin.com\/es\/blog\/author\/belindamartinez\/\"}]}<\/script>\n<!-- \/ Yoast SEO Premium plugin. -->","yoast_head_json":{"title":"Estos son los efectos del estr\u00e9s en tu piel y c\u00f3mo puedes minimizarlos - ISDIN","description":"El estr\u00e9s es uno de los factores que m\u00e1s afectan a tu piel. Descubre c\u00f3mo influye y qu\u00e9 puedes hacer para protegerla.","robots":{"index":"index","follow":"follow","max-snippet":"max-snippet:-1","max-image-preview":"max-image-preview:large","max-video-preview":"max-video-preview:-1"},"canonical":"https:\/\/www.isdin.com\/es\/blog\/como-afecta-el-estres-a-nuestra-piel\/","og_locale":"es_ES","og_type":"article","og_title":"Estos son los efectos del estr\u00e9s en tu piel y c\u00f3mo puedes minimizarlos","og_description":"El estr\u00e9s es uno de los factores que m\u00e1s afectan a tu piel. Descubre c\u00f3mo influye y qu\u00e9 puedes hacer para protegerla.","og_url":"https:\/\/www.isdin.com\/es\/blog\/como-afecta-el-estres-a-nuestra-piel\/","og_site_name":"ISDIN","article_publisher":"https:\/\/es-es.facebook.com\/ISDIN.official\/","article_published_time":"2025-02-12T17:42:24+00:00","article_modified_time":"2025-02-17T17:57:50+00:00","og_image":[{"width":1200,"height":628,"url":"https:\/\/www.isdin.com\/es\/blog\/wp-content\/uploads\/2020\/03\/Estres_piel_Blog_Portada_fb.jpg","type":"image\/jpeg"}],"author":"Belinda Mart\u00ednez","twitter_card":"summary_large_image","twitter_creator":"@isdin_official","twitter_site":"@isdin_official","twitter_misc":{"Written by":"Belinda Mart\u00ednez","Est. reading time":"7 minutes"},"schema":{"@context":"https:\/\/schema.org","@graph":[{"@type":"Article","@id":"https:\/\/www.isdin.com\/es\/blog\/como-afecta-el-estres-a-nuestra-piel\/#article","isPartOf":{"@id":"https:\/\/www.isdin.com\/es\/blog\/como-afecta-el-estres-a-nuestra-piel\/"},"author":{"name":"Belinda Mart\u00ednez","@id":"https:\/\/www.isdin.com\/es\/blog\/#\/schema\/person\/684015d7d9e78124cb4aa660f6fe8576"},"headline":"Estos son los efectos del estr\u00e9s en tu piel y c\u00f3mo puedes minimizarlos","datePublished":"2025-02-12T17:42:24+00:00","dateModified":"2025-02-17T17:57:50+00:00","mainEntityOfPage":{"@id":"https:\/\/www.isdin.com\/es\/blog\/como-afecta-el-estres-a-nuestra-piel\/"},"wordCount":1271,"publisher":{"@id":"https:\/\/www.isdin.com\/es\/blog\/#organization"},"image":{"@id":"https:\/\/www.isdin.com\/es\/blog\/como-afecta-el-estres-a-nuestra-piel\/#primaryimage"},"thumbnailUrl":"https:\/\/www.isdin.com\/es\/blog\/wp-content\/uploads\/2025\/02\/2025_02_Stress_IMG01-1.jpg","keywords":["cuidado piel","estr\u00e9s","exposoma"],"articleSection":["Dermatolog\u00eda","Expertos"],"inLanguage":"es-ES"},{"@type":"WebPage","@id":"https:\/\/www.isdin.com\/es\/blog\/como-afecta-el-estres-a-nuestra-piel\/","url":"https:\/\/www.isdin.com\/es\/blog\/como-afecta-el-estres-a-nuestra-piel\/","name":"Estos son los efectos del estr\u00e9s en tu piel y c\u00f3mo puedes minimizarlos - ISDIN","isPartOf":{"@id":"https:\/\/www.isdin.com\/es\/blog\/#website"},"primaryImageOfPage":{"@id":"https:\/\/www.isdin.com\/es\/blog\/como-afecta-el-estres-a-nuestra-piel\/#primaryimage"},"image":{"@id":"https:\/\/www.isdin.com\/es\/blog\/como-afecta-el-estres-a-nuestra-piel\/#primaryimage"},"thumbnailUrl":"https:\/\/www.isdin.com\/es\/blog\/wp-content\/uploads\/2025\/02\/2025_02_Stress_IMG01-1.jpg","datePublished":"2025-02-12T17:42:24+00:00","dateModified":"2025-02-17T17:57:50+00:00","description":"El estr\u00e9s es uno de los factores que m\u00e1s afectan a tu piel. Descubre c\u00f3mo influye y qu\u00e9 puedes hacer para protegerla.","breadcrumb":{"@id":"https:\/\/www.isdin.com\/es\/blog\/como-afecta-el-estres-a-nuestra-piel\/#breadcrumb"},"inLanguage":"es-ES","potentialAction":[{"@type":"ReadAction","target":["https:\/\/www.isdin.com\/es\/blog\/como-afecta-el-estres-a-nuestra-piel\/"]}]},{"@type":"ImageObject","inLanguage":"es-ES","@id":"https:\/\/www.isdin.com\/es\/blog\/como-afecta-el-estres-a-nuestra-piel\/#primaryimage","url":"https:\/\/www.isdin.com\/es\/blog\/wp-content\/uploads\/2025\/02\/2025_02_Stress_IMG01-1.jpg","contentUrl":"https:\/\/www.isdin.com\/es\/blog\/wp-content\/uploads\/2025\/02\/2025_02_Stress_IMG01-1.jpg","width":1200,"height":760,"caption":"piel calmada e hidratada"},{"@type":"BreadcrumbList","@id":"https:\/\/www.isdin.com\/es\/blog\/como-afecta-el-estres-a-nuestra-piel\/#breadcrumb","itemListElement":[{"@type":"ListItem","position":1,"name":"Portada","item":"https:\/\/www.isdin.com\/es\/blog\/"},{"@type":"ListItem","position":2,"name":"Estos son los efectos del estr\u00e9s en tu piel y c\u00f3mo puedes minimizarlos"}]},{"@type":"WebSite","@id":"https:\/\/www.isdin.com\/es\/blog\/#website","url":"https:\/\/www.isdin.com\/es\/blog\/","name":"ISDIN","description":"Novedades, lanzamientos de productos y toda la experiencia de ISDIN","publisher":{"@id":"https:\/\/www.isdin.com\/es\/blog\/#organization"},"potentialAction":[{"@type":"SearchAction","target":{"@type":"EntryPoint","urlTemplate":"https:\/\/www.isdin.com\/es\/blog\/?s={search_term_string}"},"query-input":{"@type":"PropertyValueSpecification","valueRequired":true,"valueName":"search_term_string"}}],"inLanguage":"es-ES"},{"@type":"Organization","@id":"https:\/\/www.isdin.com\/es\/blog\/#organization","name":"ISDIN","alternateName":"ISDIN","url":"https:\/\/www.isdin.com\/es\/blog\/","logo":{"@type":"ImageObject","inLanguage":"es-ES","@id":"https:\/\/www.isdin.com\/es\/blog\/#\/schema\/logo\/image\/","url":"https:\/\/www.isdin.com\/es\/blog\/wp-content\/uploads\/2024\/05\/2025_03_GuiaFoto_FWM.png","contentUrl":"https:\/\/www.isdin.com\/es\/blog\/wp-content\/uploads\/2024\/05\/2025_03_GuiaFoto_FWM.png","width":670,"height":683,"caption":"ISDIN"},"image":{"@id":"https:\/\/www.isdin.com\/es\/blog\/#\/schema\/logo\/image\/"},"sameAs":["https:\/\/es-es.facebook.com\/ISDIN.official\/","https:\/\/x.com\/isdin_official","https:\/\/www.instagram.com\/isdinofficial","https:\/\/www.youtube.com\/channel\/UCtoNJMKpDwdFLqgV23_lcqg"],"telephone":"659997812"},{"@type":"Person","@id":"https:\/\/www.isdin.com\/es\/blog\/#\/schema\/person\/684015d7d9e78124cb4aa660f6fe8576","name":"Belinda Mart\u00ednez","image":{"@type":"ImageObject","inLanguage":"es-ES","@id":"https:\/\/www.isdin.com\/es\/blog\/#\/schema\/person\/image\/","url":"https:\/\/www.isdin.com\/es\/blog\/wp-content\/uploads\/2017\/07\/jjjj.jpg","contentUrl":"https:\/\/www.isdin.com\/es\/blog\/wp-content\/uploads\/2017\/07\/jjjj.jpg","caption":"Belinda Mart\u00ednez"},"description":"Belinda es periodista y copywriter creativa. Tras a\u00f1os de experiencia, decidi\u00f3 fusionar sus habilidades de escritura con su amor por el skincare, convirti\u00e9ndose en una especialista en la materia. \u00bfSu imprescindible? Un buen b\u00e1lsamo de labios.","sameAs":["https:\/\/www.linkedin.com\/in\/thisisbel\/"],"url":"https:\/\/www.isdin.com\/es\/blog\/author\/belindamartinez\/"}]}},"_links":{"self":[{"href":"https:\/\/www.isdin.com\/es\/blog\/wp-json\/wp\/v2\/posts\/5069","targetHints":{"allow":["GET"]}}],"collection":[{"href":"https:\/\/www.isdin.com\/es\/blog\/wp-json\/wp\/v2\/posts"}],"about":[{"href":"https:\/\/www.isdin.com\/es\/blog\/wp-json\/wp\/v2\/types\/post"}],"author":[{"embeddable":true,"href":"https:\/\/www.isdin.com\/es\/blog\/wp-json\/wp\/v2\/users\/69"}],"replies":[{"embeddable":true,"href":"https:\/\/www.isdin.com\/es\/blog\/wp-json\/wp\/v2\/comments?post=5069"}],"version-history":[{"count":22,"href":"https:\/\/www.isdin.com\/es\/blog\/wp-json\/wp\/v2\/posts\/5069\/revisions"}],"predecessor-version":[{"id":11644,"href":"https:\/\/www.isdin.com\/es\/blog\/wp-json\/wp\/v2\/posts\/5069\/revisions\/11644"}],"wp:featuredmedia":[{"embeddable":true,"href":"https:\/\/www.isdin.com\/es\/blog\/wp-json\/wp\/v2\/media\/11640"}],"wp:attachment":[{"href":"https:\/\/www.isdin.com\/es\/blog\/wp-json\/wp\/v2\/media?parent=5069"}],"wp:term":[{"taxonomy":"category","embeddable":true,"href":"https:\/\/www.isdin.com\/es\/blog\/wp-json\/wp\/v2\/categories?post=5069"},{"taxonomy":"post_tag","embeddable":true,"href":"https:\/\/www.isdin.com\/es\/blog\/wp-json\/wp\/v2\/tags?post=5069"}],"curies":[{"name":"wp","href":"https:\/\/api.w.org\/{rel}","templated":true}]}}