{"id":4848,"date":"2024-08-09T13:34:02","date_gmt":"2024-08-09T13:34:02","guid":{"rendered":"https:\/\/www.isdin.com\/es\/blog\/?p=4848"},"modified":"2025-03-21T13:02:08","modified_gmt":"2025-03-21T13:02:08","slug":"tendencias-fotoproteccion","status":"publish","type":"post","link":"https:\/\/www.isdin.com\/es\/blog\/tendencias-fotoproteccion\/","title":{"rendered":"Las 4 tendencias en fotoprotecci\u00f3n de este verano"},"content":{"rendered":"\n<p>Fotoprotecci\u00f3n: una palabra simple con <a href=\"https:\/\/www.isdin.com\/es\/blog\/spf-significado-y-recomendaciones-segun-tu-piel\/\">un poder<\/a> extraordinario. Y aunque dentro de ella existe todo un mundo de preferencias, hay algo en com\u00fan: es vital para nuestra piel.<\/p>\n\n\n\n<p>Todos tenemos nuestros favoritos y, a veces, resulta dif\u00edcil probar nuevas texturas o formatos, pero si todo el mundo habla de ellos, \u00bfalgo tendr\u00e1n, no? Hoy te descubrimos las 4 tendencias en fotoprotecci\u00f3n de este verano. Qui\u00e9n sabe, tu nuevo favorito puede estar a la vuelta de la esquina.<\/p>\n\n\n\n<h2 class=\"wp-block-heading\" id=\"h-protegerse-del-sol-nunca-pasa-de-moda\">Protegerse del sol nunca pasa de moda<\/h2>\n\n\n\n<figure class=\"wp-block-image size-full is-resized\"><img loading=\"lazy\" decoding=\"async\" width=\"585\" height=\"300\" src=\"data:image\/gif;base64,R0lGODlhAQABAAAAACH5BAEKAAEALAAAAAABAAEAAAICTAEAOw==\" data-src=\"https:\/\/www.isdin.com\/es\/blog\/wp-content\/uploads\/2024\/08\/2024_04_Reaplicacion_IMG02-585x300-2.jpg\" alt=\"\" class=\"wp-image-10799 lazyload\" style=\"width:724px;height:auto\"\/><\/figure>\n\n\n\n<p><\/p>\n\n\n\n<p>De nuestras madres a nuestros hijos, el legado de usar crema solar traspasa generaciones y nunca, nunca pasa de moda. Y si bien puedes estar al tanto de la mayor\u00eda de las <a href=\"https:\/\/www.isdin.com\/es\/blog\/5-excusas-para-no-utilizar-proteccion-solar\/\">razones<\/a> por las que protegerse del sol es clave cada d\u00eda, nunca est\u00e1 de m\u00e1s recordarlas:<\/p>\n\n\n\n<ul class=\"wp-block-list\">\n<li><strong>La <a href=\"https:\/\/www.isdin.com\/es\/blog\/rutina-de-piel-para-cada-estacion\/\">estaci\u00f3n<\/a> no importa:<\/strong> queremos recordarte que la fotoprotecci\u00f3n va m\u00e1s all\u00e1 de los meses de verano. Los <a href=\"https:\/\/www.isdin.com\/es\/blog\/efectos-radiacion-solar-piel\/\">rayos solares<\/a> no descansan y penetran en tu piel incluso en d\u00edas lluviosos o nublados.<\/li>\n<\/ul>\n\n\n\n<p><\/p>\n\n\n\n<ul class=\"wp-block-list\">\n<li><strong>Hace algo m\u00e1s:<\/strong> hoy en d\u00eda, los fotoprotectores son muy innovadores, ampliando sus posibilidades y ofreci\u00e9ndote algo m\u00e1s que protecci\u00f3n. \u00bfHidrataci\u00f3n, efecto antioxidante, antimanchas? <a href=\"https:\/\/www.isdin.com\/es\/c\/proteccion-solar\">T\u00fa eliges<\/a> en base a tus necesidades.<\/li>\n<\/ul>\n\n\n\n<p><\/p>\n\n\n\n<ul class=\"wp-block-list\">\n<li><strong>Previene el da\u00f1o a corto y largo plazo<\/strong>: desde quemaduras solares y deshidrataci\u00f3n hasta afecciones m\u00e1s graves como el <a href=\"https:\/\/www.isdin.com\/es\/blog\/melanoma-causas-y-como-prevenirlo\/\">c\u00e1ncer de piel<\/a>, el fotoprotector reduce significativamente el riesgo.<\/li>\n<\/ul>\n\n\n\n<p><\/p>\n\n\n\n<ul class=\"wp-block-list\">\n<li><strong>Mantiene los radicales libres a raya<\/strong>: adem\u00e1s de proteger el ADN de las c\u00e9lulas de la piel, muchos fotoprotectores contienen componentes que neutralizan los <a href=\"https:\/\/www.isdin.com\/es\/blog\/que-son-los-radicales-libres-y-la-oxidacion-de-la-piel\/\">radicales libres<\/a>, causantes del da\u00f1o celular, el <a href=\"https:\/\/www.isdin.com\/es\/blog\/efectos-del-fotoenvejecimiento-en-la-piel\/\">envejecimiento prematuro<\/a> y <a href=\"https:\/\/www.isdin.com\/es\/blog\/dia-del-melanoma-prevencion-y-deteccion\/\">el desarrollo de c\u00e1ncer<\/a>.<\/li>\n<\/ul>\n\n\n\n<p><\/p>\n\n\n\n<ul class=\"wp-block-list\">\n<li><strong>Es un potente aliado <em>antiaging<\/em><\/strong>: esas <a href=\"https:\/\/www.isdin.com\/blog\/well-aging-como-prevenir-y-cuidar-nuestras-arrugas\/\">primeras arrugas<\/a> y l\u00edneas de expresi\u00f3n son un recordatorio de los buenos momentos de tu vida, pero pueden prevenirse y minimizarse si usas un fotoprotector a diario.<\/li>\n<\/ul>\n\n\n\n<p><\/p>\n\n\n\n<p class=\"has-background\" style=\"background-color:#f1dfbf\"><strong>\u00bfSab\u00edas que la radiaci\u00f3n solar causa <a href=\"https:\/\/pubmed.ncbi.nlm.nih.gov\/24101874\/\">hasta el 80%<\/a> del envejecimiento cut\u00e1neo?<\/strong> Otra de las razones por las que es esencial proteger tu piel todos los d\u00edas.<\/p>\n\n\n\n<p><\/p>\n\n\n\n<h2 class=\"wp-block-heading\">1. Un <em>glow<\/em> natural, para estar radiante sin esfuerzo<\/h2>\n\n\n\n<figure class=\"wp-block-image size-full\"><img loading=\"lazy\" decoding=\"async\" width=\"1200\" height=\"618\" src=\"data:image\/gif;base64,R0lGODlhAQABAAAAACH5BAEKAAEALAAAAAABAAEAAAICTAEAOw==\" data-src=\"https:\/\/www.isdin.com\/es\/blog\/wp-content\/uploads\/2024\/08\/2024_07_Tendencias-Fotoproteccion_IMG04.jpg\" alt=\"\" class=\"wp-image-10801 lazyload\"\/><\/figure>\n\n\n\n<p><\/p>\n\n\n\n<p>Efecto <em>glow<\/em> o <em>glowy<\/em>, el t\u00e9rmino est\u00e1 por todas partes y la tendencia parece que se quedar\u00e1 con nosotros bastante tiempo. <a href=\"https:\/\/www.isdin.com\/es\/blog\/glow-a-primera-vista-3-productos-esenciales-para-primavera\/\">Con <em>glow<\/em><\/a>, nos referimos a una piel hidratada, tersa, suave y luminosa. <strong>Una piel fresca y radiante que demuestra sin palabras lo bien que te sientes.<\/strong><\/p>\n\n\n\n<p>Si bien las claves para conseguirla tambi\u00e9n est\u00e1n en <a href=\"https:\/\/www.isdin.com\/es\/blog\/en-que-orden-se-aplican-las-cremas\/\">tu rutina<\/a> (ser constante, usar los productos adecuados para <a href=\"https:\/\/www.isdin.com\/es\/test-rutina-belleza\/\">tu tipo de piel<\/a> y <a href=\"https:\/\/www.isdin.com\/blog\/guia-esencial-de-limpiadores-faciales\/\">limpiarla a diario<\/a>), el fotoprotector es crucial. Esos d\u00edas en los que no quieres maquillarte, cuando deseas <strong>abrazar la naturalidad de tu piel y dejar que brille por s\u00ed misma<\/strong>, ir a la piscina radiante\u2026<\/p>\n\n\n\n<p><\/p>\n\n\n\n<div class=\"wp-block-media-text has-media-on-the-right is-stacked-on-mobile\"><div class=\"wp-block-media-text__content\">\n<h3 class=\"wp-block-heading\">Fusion Water MAGIC GLOW<\/h3>\n\n\n\n<p>Con SPF 50 y Golden Glow Active, <a href=\"https:\/\/www.isdin.com\/es\/p\/fusion-water-magic-glow-spf-30\/4341\">Fusion Water MAGIC GLOW<\/a> protege contra la radiaci\u00f3n solar y le da un aspecto m\u00e1s luminoso a tu piel, aportando suavidad y elasticidad. Si te gusta maquillarte, es adem\u00e1s un excelente primer.<\/p>\n<\/div><figure class=\"wp-block-media-text__media\"><img loading=\"lazy\" decoding=\"async\" width=\"1024\" height=\"1024\" src=\"data:image\/gif;base64,R0lGODlhAQABAAAAACH5BAEKAAEALAAAAAABAAEAAAICTAEAOw==\" data-src=\"https:\/\/www.isdin.com\/es\/blog\/wp-content\/uploads\/2024\/08\/ES_4653_PDP_FUSIONWATERMAGICGLOWSPF50_INGREDIENTS_LIST_SECTIONIMAGE_1.webp-1024x1024.png\" alt=\"\" class=\"wp-image-11863 size-full lazyload\" data-sizes=\"auto\" data-srcset=\"https:\/\/www.isdin.com\/es\/blog\/wp-content\/uploads\/2024\/08\/ES_4653_PDP_FUSIONWATERMAGICGLOWSPF50_INGREDIENTS_LIST_SECTIONIMAGE_1.webp-1024x1024.png 1024w, https:\/\/www.isdin.com\/es\/blog\/wp-content\/uploads\/2024\/08\/ES_4653_PDP_FUSIONWATERMAGICGLOWSPF50_INGREDIENTS_LIST_SECTIONIMAGE_1.webp-300x300.png 300w, https:\/\/www.isdin.com\/es\/blog\/wp-content\/uploads\/2024\/08\/ES_4653_PDP_FUSIONWATERMAGICGLOWSPF50_INGREDIENTS_LIST_SECTIONIMAGE_1.webp-150x150.png 150w, https:\/\/www.isdin.com\/es\/blog\/wp-content\/uploads\/2024\/08\/ES_4653_PDP_FUSIONWATERMAGICGLOWSPF50_INGREDIENTS_LIST_SECTIONIMAGE_1.webp-768x768.png 768w, https:\/\/www.isdin.com\/es\/blog\/wp-content\/uploads\/2024\/08\/ES_4653_PDP_FUSIONWATERMAGICGLOWSPF50_INGREDIENTS_LIST_SECTIONIMAGE_1.webp-70x70.png 70w, https:\/\/www.isdin.com\/es\/blog\/wp-content\/uploads\/2024\/08\/ES_4653_PDP_FUSIONWATERMAGICGLOWSPF50_INGREDIENTS_LIST_SECTIONIMAGE_1.webp-180x180.png 180w, https:\/\/www.isdin.com\/es\/blog\/wp-content\/uploads\/2024\/08\/ES_4653_PDP_FUSIONWATERMAGICGLOWSPF50_INGREDIENTS_LIST_SECTIONIMAGE_1.webp-90x90.png 90w, https:\/\/www.isdin.com\/es\/blog\/wp-content\/uploads\/2024\/08\/ES_4653_PDP_FUSIONWATERMAGICGLOWSPF50_INGREDIENTS_LIST_SECTIONIMAGE_1.webp-450x450.png 450w, https:\/\/www.isdin.com\/es\/blog\/wp-content\/uploads\/2024\/08\/ES_4653_PDP_FUSIONWATERMAGICGLOWSPF50_INGREDIENTS_LIST_SECTIONIMAGE_1.webp-270x270.png 270w, https:\/\/www.isdin.com\/es\/blog\/wp-content\/uploads\/2024\/08\/ES_4653_PDP_FUSIONWATERMAGICGLOWSPF50_INGREDIENTS_LIST_SECTIONIMAGE_1.webp-20x20.png 20w, https:\/\/www.isdin.com\/es\/blog\/wp-content\/uploads\/2024\/08\/ES_4653_PDP_FUSIONWATERMAGICGLOWSPF50_INGREDIENTS_LIST_SECTIONIMAGE_1.webp-225x225.png 225w, https:\/\/www.isdin.com\/es\/blog\/wp-content\/uploads\/2024\/08\/ES_4653_PDP_FUSIONWATERMAGICGLOWSPF50_INGREDIENTS_LIST_SECTIONIMAGE_1.webp-900x900.png 900w, https:\/\/www.isdin.com\/es\/blog\/wp-content\/uploads\/2024\/08\/ES_4653_PDP_FUSIONWATERMAGICGLOWSPF50_INGREDIENTS_LIST_SECTIONIMAGE_1.webp.png 1080w\" sizes=\"auto, (max-width: 1024px) 100vw, 1024px\" \/><\/figure><\/div>\n\n\n\n<p><\/p>\n\n\n\n<h2 class=\"wp-block-heading\">2. Protecci\u00f3n solar en movimiento: formatos <em>on the go<\/em><\/h2>\n\n\n\n<figure class=\"wp-block-image size-full\"><img loading=\"lazy\" decoding=\"async\" width=\"1200\" height=\"618\" src=\"data:image\/gif;base64,R0lGODlhAQABAAAAACH5BAEKAAEALAAAAAABAAEAAAICTAEAOw==\" data-src=\"https:\/\/www.isdin.com\/es\/blog\/wp-content\/uploads\/2024\/08\/2024_07_Tendencias-Fotoproteccion_IMG01.jpg\" alt=\"\" class=\"wp-image-10802 lazyload\"\/><\/figure>\n\n\n\n<p><\/p>\n\n\n\n<p>Ir de aqu\u00ed para all\u00e1, trasnochar, viajes por carretera con amigos&#8230; <strong>La \u00faltima tendencia de este verano es la comodidad<\/strong>. Queremos <a href=\"https:\/\/www.isdin.com\/es\/blog\/kit-dia-playa\/\">llevar nuestros favoritos<\/a> con nosotros, usarlos en cualquier momento y no cargar con una maleta llena de porsiacasos.<\/p>\n\n\n\n<p><\/p>\n\n\n\n<p>Para ello, los fotoprotectores en formato <em>on the go<\/em> llegan para quedarse, \u00a1porque no solo van con los planes de verano! La libertad de que entren en cualquier sitio, poder <a href=\"https:\/\/www.isdin.com\/blog\/como-aplicar-correctamente-el-fotoprotector-solar\/\">reaplicarlos cada 2 horas<\/a> como bien recomiendan los dermat\u00f3logos, y solo preocuparte de disfrutar. <strong>Un dise\u00f1o compacto para una vida en movimiento<\/strong>.<\/p>\n\n\n\n<div class=\"wp-block-media-text has-media-on-the-right is-stacked-on-mobile\"><div class=\"wp-block-media-text__content\">\n<h3 class=\"wp-block-heading\">Invisible Stick<\/h3>\n\n\n\n<p>Con SPF 50 y resistencia al agua y al sudor, <a href=\"https:\/\/www.isdin.com\/es\/p\/invisible-stick-spf-50\/4347\">Invisible Stick<\/a> pone la protecci\u00f3n solar siempre a tu alcance. Adem\u00e1s, contiene ingredientes que contribuyen a calmar y fortalecer la <a href=\"https:\/\/www.isdin.com\/blog\/que-es-la-barrera-cutanea\/\">barrera cut\u00e1nea<\/a>, proporcionando hidrataci\u00f3n.<\/p>\n<\/div><figure class=\"wp-block-media-text__media\"><img loading=\"lazy\" decoding=\"async\" width=\"670\" height=\"683\" src=\"data:image\/gif;base64,R0lGODlhAQABAAAAACH5BAEKAAEALAAAAAABAAEAAAICTAEAOw==\" data-src=\"https:\/\/www.isdin.com\/es\/blog\/wp-content\/uploads\/2024\/08\/Textura-2.png\" alt=\"\" class=\"wp-image-10803 size-full lazyload\" data-sizes=\"auto\" data-srcset=\"https:\/\/www.isdin.com\/es\/blog\/wp-content\/uploads\/2024\/08\/Textura-2.png 670w, https:\/\/www.isdin.com\/es\/blog\/wp-content\/uploads\/2024\/08\/Textura-2-294x300.png 294w, https:\/\/www.isdin.com\/es\/blog\/wp-content\/uploads\/2024\/08\/Textura-2-147x150.png 147w, https:\/\/www.isdin.com\/es\/blog\/wp-content\/uploads\/2024\/08\/Textura-2-70x70.png 70w, https:\/\/www.isdin.com\/es\/blog\/wp-content\/uploads\/2024\/08\/Textura-2-450x459.png 450w, https:\/\/www.isdin.com\/es\/blog\/wp-content\/uploads\/2024\/08\/Textura-2-20x20.png 20w, https:\/\/www.isdin.com\/es\/blog\/wp-content\/uploads\/2024\/08\/Textura-2-225x229.png 225w\" sizes=\"auto, (max-width: 670px) 100vw, 670px\" \/><\/figure><\/div>\n\n\n\n<p class=\"has-background\" style=\"background-color:#f1dfbf\"><strong>\u00bfNuestro mejor consejo?<\/strong> Util\u00edzalo como complemento a tu <a href=\"https:\/\/www.isdin.com\/es\/c\/marcas\/fotoprotector-isdin\">fotoprotector habitual<\/a>.<\/p>\n\n\n\n<h2 class=\"wp-block-heading\">3. El todo en uno: protecci\u00f3n solar con maquillaje<\/h2>\n\n\n\n<figure class=\"wp-block-image size-full\"><img loading=\"lazy\" decoding=\"async\" width=\"1200\" height=\"618\" src=\"data:image\/gif;base64,R0lGODlhAQABAAAAACH5BAEKAAEALAAAAAABAAEAAAICTAEAOw==\" data-src=\"https:\/\/www.isdin.com\/es\/blog\/wp-content\/uploads\/2024\/08\/2024_07_Tendencias-Fotoproteccion_IMG02-1-1.jpg\" alt=\"\" class=\"wp-image-10804 lazyload\"\/><\/figure>\n\n\n\n<p><\/p>\n\n\n\n<p>S\u00ed, cuando se trata de simplificar pasos o prepararnos m\u00e1s r\u00e1pido, todos nos apuntamos. Pero unir maquillaje y fotoprotecci\u00f3n en un solo producto, ofrece beneficios m\u00e1s all\u00e1 del tiempo.<\/p>\n\n\n\n<p>Los fotoprotectores con color no solo mantienen todas sus propiedades, sino que aportan a tu rostro un efecto buena cara con el que poco m\u00e1s se necesita. No es de extra\u00f1ar que, a\u00f1o tras a\u00f1o, est\u00e9n en todas las listas de <em>beauty trends<\/em>. <strong>Una quedada con amigas, una merienda viendo el atardecer, una cita importante&#8230;<\/strong> son escenarios en los que necesitamos <a href=\"https:\/\/www.isdin.com\/blog\/10-consejos-para-tomar-el-sol-en-verano\/\">protegernos<\/a> pero tambi\u00e9n disfrutar del momento.<\/p>\n\n\n\n<div class=\"wp-block-media-text has-media-on-the-right is-stacked-on-mobile\"><div class=\"wp-block-media-text__content\">\n<h3 class=\"wp-block-heading\">Fusion Water MAGIC Light, Medium o Bronze<\/h3>\n\n\n\n<p>Con SPF 50 y cargadas de acci\u00f3n antioxidante para proteger tu piel contra los radicales libres, las 3 versiones disponibles de Fusion Water MAGIC (<a href=\"https:\/\/www.isdin.com\/producto\/fotoprotector-isdin\/fusion-water-magic-light-spf-50\">Light,<\/a>&nbsp;<a href=\"https:\/\/www.isdin.com\/producto\/fotoprotector-isdin\/fusion-water-magic-medium-spf-50\">Medium<\/a>&nbsp;o&nbsp;<a href=\"https:\/\/www.isdin.com\/es\/p\/fusion-water-color-bronze-spf-50\/3977\">Bronze<\/a>) unen protecci\u00f3n y color en una f\u00f3rmula solar que te ayuda a unificar el tono y disimular imperfecciones.<\/p>\n<\/div><figure class=\"wp-block-media-text__media\"><img loading=\"lazy\" decoding=\"async\" width=\"670\" height=\"683\" src=\"data:image\/gif;base64,R0lGODlhAQABAAAAACH5BAEKAAEALAAAAAABAAEAAAICTAEAOw==\" data-src=\"https:\/\/www.isdin.com\/es\/blog\/wp-content\/uploads\/2024\/08\/Textura-1-1.png\" alt=\"\" class=\"wp-image-10805 size-full lazyload\" data-sizes=\"auto\" data-srcset=\"https:\/\/www.isdin.com\/es\/blog\/wp-content\/uploads\/2024\/08\/Textura-1-1.png 670w, https:\/\/www.isdin.com\/es\/blog\/wp-content\/uploads\/2024\/08\/Textura-1-1-294x300.png 294w, https:\/\/www.isdin.com\/es\/blog\/wp-content\/uploads\/2024\/08\/Textura-1-1-147x150.png 147w, https:\/\/www.isdin.com\/es\/blog\/wp-content\/uploads\/2024\/08\/Textura-1-1-70x70.png 70w, https:\/\/www.isdin.com\/es\/blog\/wp-content\/uploads\/2024\/08\/Textura-1-1-450x459.png 450w, https:\/\/www.isdin.com\/es\/blog\/wp-content\/uploads\/2024\/08\/Textura-1-1-20x20.png 20w, https:\/\/www.isdin.com\/es\/blog\/wp-content\/uploads\/2024\/08\/Textura-1-1-225x229.png 225w\" sizes=\"auto, (max-width: 670px) 100vw, 670px\" \/><\/figure><\/div>\n\n\n\n<h2 class=\"wp-block-heading\">4. Tecnolog\u00eda y deporte: m\u00e1s all\u00e1 del SPF<\/h2>\n\n\n\n<figure class=\"wp-block-image size-full\"><img loading=\"lazy\" decoding=\"async\" width=\"1200\" height=\"618\" src=\"data:image\/gif;base64,R0lGODlhAQABAAAAACH5BAEKAAEALAAAAAABAAEAAAICTAEAOw==\" data-src=\"https:\/\/www.isdin.com\/es\/blog\/wp-content\/uploads\/2024\/08\/2024_07_Tendencias-Fotoproteccion_IMG05-1.jpg\" alt=\"\" class=\"wp-image-10808 lazyload\"\/><\/figure>\n\n\n\n<p><\/p>\n\n\n\n<p>Otra tendencia que viene pisando fuerte este verano es hacer del fotoprotector un aliado en todos los planes, incluso aquellos que incluyen mucho movimiento o <a href=\"https:\/\/www.isdin.com\/es\/blog\/deporte-en-verano-bolsa\/\">deporte<\/a>. No es de extra\u00f1ar que la b\u00fasqueda de <strong>ingredientes innovadores<\/strong> sea un <em>must<\/em> para los amantes de las actividades al aire libre.<\/p>\n\n\n\n<p><strong>Un partido de tenis con amigos, una escapada a la monta\u00f1a, un torneo de palas en la playa.<\/strong>.. son planes en los que necesitamos protegernos adecuadamente del sol, \u00a1y qu\u00e9 bien vendr\u00eda adem\u00e1s resistencia al sudor! Pero, para que ese tipo de magia ocurra, se necesita <a href=\"https:\/\/www.isdin.com\/es\/blog\/carlos-alcaraz-te-invita-a-crear-momentos-magicos-con-fusion-water-magic\/\">la ayuda de un campe\u00f3n<\/a>.<\/p>\n\n\n\n<p><\/p>\n\n\n\n<div class=\"wp-block-media-text has-media-on-the-right is-stacked-on-mobile\"><div class=\"wp-block-media-text__content\">\n<h3 class=\"wp-block-heading\">Fusion Water MAGIC by Alcaraz<\/h3>\n\n\n\n<p>Con SPF 50, nace de una pregunta: <strong>\u00bfqu\u00e9 necesitan los amantes de las actividades al aire libre?<\/strong> Alta protecci\u00f3n UV, efecto refrescante, acci\u00f3n antioxidante, resistencia al sudor, adem\u00e1s de hidrataci\u00f3n y <em>oil control<\/em>. Parecen muchas cualidades, pero todas se encuentran en nuestra \u00faltima innovaci\u00f3n: <a href=\"https:\/\/www.isdin.com\/producto\/fotoprotector-isdin\/magic-alcaraz-spf-50\">Fusion Water MAGIC by Alcaraz<\/a>.<\/p>\n<\/div><figure class=\"wp-block-media-text__media\"><img loading=\"lazy\" decoding=\"async\" width=\"670\" height=\"683\" src=\"data:image\/gif;base64,R0lGODlhAQABAAAAACH5BAEKAAEALAAAAAABAAEAAAICTAEAOw==\" data-src=\"https:\/\/www.isdin.com\/es\/blog\/wp-content\/uploads\/2024\/08\/Textura-3.png\" alt=\"\" class=\"wp-image-10806 size-full lazyload\" data-sizes=\"auto\" data-srcset=\"https:\/\/www.isdin.com\/es\/blog\/wp-content\/uploads\/2024\/08\/Textura-3.png 670w, https:\/\/www.isdin.com\/es\/blog\/wp-content\/uploads\/2024\/08\/Textura-3-294x300.png 294w, https:\/\/www.isdin.com\/es\/blog\/wp-content\/uploads\/2024\/08\/Textura-3-147x150.png 147w, https:\/\/www.isdin.com\/es\/blog\/wp-content\/uploads\/2024\/08\/Textura-3-70x70.png 70w, https:\/\/www.isdin.com\/es\/blog\/wp-content\/uploads\/2024\/08\/Textura-3-450x459.png 450w, https:\/\/www.isdin.com\/es\/blog\/wp-content\/uploads\/2024\/08\/Textura-3-20x20.png 20w, https:\/\/www.isdin.com\/es\/blog\/wp-content\/uploads\/2024\/08\/Textura-3-225x229.png 225w\" sizes=\"auto, (max-width: 670px) 100vw, 670px\" \/><\/figure><\/div>\n\n\n\n<p>Ya lo has visto, sea cual sea tu estilo y tu tipo de verano, existe un <a href=\"https:\/\/www.isdin.com\/es\/recomendador-fotoprotector-facial\/\">fotoprotector solar facial<\/a> ideal para ti y una tendencia a la que sumarte. \u00bfYa has elegido la tuya?<\/p>\n\n\n\n<p><\/p>\n","protected":false},"excerpt":{"rendered":"<p>Todos tenemos nuestros favoritos y, a veces, resulta dif\u00edcil probar nuevas texturas o formatos, pero si todo el mundo habla de ellos, \u00bfalgo tendr\u00e1n, no? <\/p>\n","protected":false},"author":69,"featured_media":10809,"comment_status":"closed","ping_status":"closed","sticky":false,"template":"","format":"image","meta":{"footnotes":""},"categories":[1,100],"tags":[119,125],"class_list":["post-4848","post","type-post","status-publish","format-image","has-post-thumbnail","hentry","category-consejos-cuidados","category-sol-y-piel","tag-fotoproteccion","tag-tendencias","post_format-post-format-image"],"yoast_head":"<!-- This site is optimized with the Yoast SEO Premium plugin v25.4 (Yoast SEO v25.4) - https:\/\/yoast.com\/wordpress\/plugins\/seo\/ -->\n<title>Las 4 tendencias en fotoprotecci\u00f3n de este verano - ISDIN<\/title>\n<meta name=\"description\" content=\"Buscamos texturas ligeras, un toque de maquillaje, c\u00f3modas de aplicar\u2026 \u00a1Descubre todas las tendencias en fotoprotecci\u00f3n de este verano!\" \/>\n<meta name=\"robots\" content=\"index, follow, max-snippet:-1, max-image-preview:large, max-video-preview:-1\" \/>\n<link rel=\"canonical\" href=\"https:\/\/www.isdin.com\/es\/blog\/tendencias-fotoproteccion\/\" \/>\n<meta property=\"og:locale\" content=\"es_ES\" \/>\n<meta property=\"og:type\" content=\"article\" \/>\n<meta property=\"og:title\" content=\"Las 4 tendencias en fotoprotecci\u00f3n de este verano\" \/>\n<meta property=\"og:description\" content=\"Buscamos texturas ligeras, un toque de maquillaje, c\u00f3modas de aplicar\u2026 \u00a1Descubre todas las tendencias en fotoprotecci\u00f3n de este verano!\" \/>\n<meta property=\"og:url\" content=\"https:\/\/www.isdin.com\/es\/blog\/tendencias-fotoproteccion\/\" \/>\n<meta property=\"og:site_name\" content=\"ISDIN\" \/>\n<meta property=\"article:publisher\" content=\"https:\/\/es-es.facebook.com\/ISDIN.official\/\" \/>\n<meta property=\"article:published_time\" content=\"2024-08-09T13:34:02+00:00\" \/>\n<meta property=\"article:modified_time\" content=\"2025-03-21T13:02:08+00:00\" \/>\n<meta property=\"og:image\" content=\"https:\/\/www.isdin.com\/es\/blog\/wp-content\/uploads\/2019\/07\/5_tendencias_fotoproteccion_portada_fb.jpg\" \/>\n\t<meta property=\"og:image:width\" content=\"1200\" \/>\n\t<meta property=\"og:image:height\" content=\"628\" \/>\n\t<meta property=\"og:image:type\" content=\"image\/jpeg\" \/>\n<meta name=\"author\" content=\"Belinda Mart\u00ednez\" \/>\n<meta name=\"twitter:card\" content=\"summary_large_image\" \/>\n<meta name=\"twitter:creator\" content=\"@isdin_official\" \/>\n<meta name=\"twitter:site\" content=\"@isdin_official\" \/>\n<meta name=\"twitter:label1\" content=\"Written by\" \/>\n\t<meta name=\"twitter:data1\" content=\"Belinda Mart\u00ednez\" \/>\n\t<meta name=\"twitter:label2\" content=\"Est. reading time\" \/>\n\t<meta name=\"twitter:data2\" content=\"7 minutes\" \/>\n<script type=\"application\/ld+json\" class=\"yoast-schema-graph\">{\"@context\":\"https:\/\/schema.org\",\"@graph\":[{\"@type\":\"Article\",\"@id\":\"https:\/\/www.isdin.com\/es\/blog\/tendencias-fotoproteccion\/#article\",\"isPartOf\":{\"@id\":\"https:\/\/www.isdin.com\/es\/blog\/tendencias-fotoproteccion\/\"},\"author\":{\"name\":\"Belinda Mart\u00ednez\",\"@id\":\"https:\/\/www.isdin.com\/es\/blog\/#\/schema\/person\/684015d7d9e78124cb4aa660f6fe8576\"},\"headline\":\"Las 4 tendencias en fotoprotecci\u00f3n de este verano\",\"datePublished\":\"2024-08-09T13:34:02+00:00\",\"dateModified\":\"2025-03-21T13:02:08+00:00\",\"mainEntityOfPage\":{\"@id\":\"https:\/\/www.isdin.com\/es\/blog\/tendencias-fotoproteccion\/\"},\"wordCount\":1052,\"publisher\":{\"@id\":\"https:\/\/www.isdin.com\/es\/blog\/#organization\"},\"image\":{\"@id\":\"https:\/\/www.isdin.com\/es\/blog\/tendencias-fotoproteccion\/#primaryimage\"},\"thumbnailUrl\":\"https:\/\/www.isdin.com\/es\/blog\/wp-content\/uploads\/2024\/08\/2024_07_Tendencias-Fotoproteccion_IMG07-1.jpg\",\"keywords\":[\"fotoprotecci\u00f3n\",\"tendencias\"],\"articleSection\":[\"Consejos y cuidados\",\"Sol y piel\"],\"inLanguage\":\"es-ES\"},{\"@type\":\"WebPage\",\"@id\":\"https:\/\/www.isdin.com\/es\/blog\/tendencias-fotoproteccion\/\",\"url\":\"https:\/\/www.isdin.com\/es\/blog\/tendencias-fotoproteccion\/\",\"name\":\"Las 4 tendencias en fotoprotecci\u00f3n de este verano - ISDIN\",\"isPartOf\":{\"@id\":\"https:\/\/www.isdin.com\/es\/blog\/#website\"},\"primaryImageOfPage\":{\"@id\":\"https:\/\/www.isdin.com\/es\/blog\/tendencias-fotoproteccion\/#primaryimage\"},\"image\":{\"@id\":\"https:\/\/www.isdin.com\/es\/blog\/tendencias-fotoproteccion\/#primaryimage\"},\"thumbnailUrl\":\"https:\/\/www.isdin.com\/es\/blog\/wp-content\/uploads\/2024\/08\/2024_07_Tendencias-Fotoproteccion_IMG07-1.jpg\",\"datePublished\":\"2024-08-09T13:34:02+00:00\",\"dateModified\":\"2025-03-21T13:02:08+00:00\",\"description\":\"Buscamos texturas ligeras, un toque de maquillaje, c\u00f3modas de aplicar\u2026 \u00a1Descubre todas las tendencias en fotoprotecci\u00f3n de este verano!\",\"breadcrumb\":{\"@id\":\"https:\/\/www.isdin.com\/es\/blog\/tendencias-fotoproteccion\/#breadcrumb\"},\"inLanguage\":\"es-ES\",\"potentialAction\":[{\"@type\":\"ReadAction\",\"target\":[\"https:\/\/www.isdin.com\/es\/blog\/tendencias-fotoproteccion\/\"]}]},{\"@type\":\"ImageObject\",\"inLanguage\":\"es-ES\",\"@id\":\"https:\/\/www.isdin.com\/es\/blog\/tendencias-fotoproteccion\/#primaryimage\",\"url\":\"https:\/\/www.isdin.com\/es\/blog\/wp-content\/uploads\/2024\/08\/2024_07_Tendencias-Fotoproteccion_IMG07-1.jpg\",\"contentUrl\":\"https:\/\/www.isdin.com\/es\/blog\/wp-content\/uploads\/2024\/08\/2024_07_Tendencias-Fotoproteccion_IMG07-1.jpg\",\"width\":1200,\"height\":760,\"caption\":\"tendencias beauty fotoprotecci\u00f3n\"},{\"@type\":\"BreadcrumbList\",\"@id\":\"https:\/\/www.isdin.com\/es\/blog\/tendencias-fotoproteccion\/#breadcrumb\",\"itemListElement\":[{\"@type\":\"ListItem\",\"position\":1,\"name\":\"Portada\",\"item\":\"https:\/\/www.isdin.com\/es\/blog\/\"},{\"@type\":\"ListItem\",\"position\":2,\"name\":\"Las 4 tendencias en fotoprotecci\u00f3n de este verano\"}]},{\"@type\":\"WebSite\",\"@id\":\"https:\/\/www.isdin.com\/es\/blog\/#website\",\"url\":\"https:\/\/www.isdin.com\/es\/blog\/\",\"name\":\"ISDIN\",\"description\":\"Novedades, lanzamientos de productos y toda la experiencia de ISDIN\",\"publisher\":{\"@id\":\"https:\/\/www.isdin.com\/es\/blog\/#organization\"},\"potentialAction\":[{\"@type\":\"SearchAction\",\"target\":{\"@type\":\"EntryPoint\",\"urlTemplate\":\"https:\/\/www.isdin.com\/es\/blog\/?s={search_term_string}\"},\"query-input\":{\"@type\":\"PropertyValueSpecification\",\"valueRequired\":true,\"valueName\":\"search_term_string\"}}],\"inLanguage\":\"es-ES\"},{\"@type\":\"Organization\",\"@id\":\"https:\/\/www.isdin.com\/es\/blog\/#organization\",\"name\":\"ISDIN\",\"alternateName\":\"ISDIN\",\"url\":\"https:\/\/www.isdin.com\/es\/blog\/\",\"logo\":{\"@type\":\"ImageObject\",\"inLanguage\":\"es-ES\",\"@id\":\"https:\/\/www.isdin.com\/es\/blog\/#\/schema\/logo\/image\/\",\"url\":\"https:\/\/www.isdin.com\/es\/blog\/wp-content\/uploads\/2024\/05\/2025_03_GuiaFoto_FWM.png\",\"contentUrl\":\"https:\/\/www.isdin.com\/es\/blog\/wp-content\/uploads\/2024\/05\/2025_03_GuiaFoto_FWM.png\",\"width\":670,\"height\":683,\"caption\":\"ISDIN\"},\"image\":{\"@id\":\"https:\/\/www.isdin.com\/es\/blog\/#\/schema\/logo\/image\/\"},\"sameAs\":[\"https:\/\/es-es.facebook.com\/ISDIN.official\/\",\"https:\/\/x.com\/isdin_official\",\"https:\/\/www.instagram.com\/isdinofficial\",\"https:\/\/www.youtube.com\/channel\/UCtoNJMKpDwdFLqgV23_lcqg\"],\"telephone\":\"659997812\"},{\"@type\":\"Person\",\"@id\":\"https:\/\/www.isdin.com\/es\/blog\/#\/schema\/person\/684015d7d9e78124cb4aa660f6fe8576\",\"name\":\"Belinda Mart\u00ednez\",\"image\":{\"@type\":\"ImageObject\",\"inLanguage\":\"es-ES\",\"@id\":\"https:\/\/www.isdin.com\/es\/blog\/#\/schema\/person\/image\/\",\"url\":\"https:\/\/www.isdin.com\/es\/blog\/wp-content\/uploads\/2017\/07\/jjjj.jpg\",\"contentUrl\":\"https:\/\/www.isdin.com\/es\/blog\/wp-content\/uploads\/2017\/07\/jjjj.jpg\",\"caption\":\"Belinda Mart\u00ednez\"},\"description\":\"Belinda es periodista y copywriter creativa. Tras a\u00f1os de experiencia, decidi\u00f3 fusionar sus habilidades de escritura con su amor por el skincare, convirti\u00e9ndose en una especialista en la materia. \u00bfSu imprescindible? Un buen b\u00e1lsamo de labios.\",\"sameAs\":[\"https:\/\/www.linkedin.com\/in\/thisisbel\/\"],\"url\":\"https:\/\/www.isdin.com\/es\/blog\/author\/belindamartinez\/\"}]}<\/script>\n<!-- \/ Yoast SEO Premium plugin. -->","yoast_head_json":{"title":"Las 4 tendencias en fotoprotecci\u00f3n de este verano - ISDIN","description":"Buscamos texturas ligeras, un toque de maquillaje, c\u00f3modas de aplicar\u2026 \u00a1Descubre todas las tendencias en fotoprotecci\u00f3n de este verano!","robots":{"index":"index","follow":"follow","max-snippet":"max-snippet:-1","max-image-preview":"max-image-preview:large","max-video-preview":"max-video-preview:-1"},"canonical":"https:\/\/www.isdin.com\/es\/blog\/tendencias-fotoproteccion\/","og_locale":"es_ES","og_type":"article","og_title":"Las 4 tendencias en fotoprotecci\u00f3n de este verano","og_description":"Buscamos texturas ligeras, un toque de maquillaje, c\u00f3modas de aplicar\u2026 \u00a1Descubre todas las tendencias en fotoprotecci\u00f3n de este verano!","og_url":"https:\/\/www.isdin.com\/es\/blog\/tendencias-fotoproteccion\/","og_site_name":"ISDIN","article_publisher":"https:\/\/es-es.facebook.com\/ISDIN.official\/","article_published_time":"2024-08-09T13:34:02+00:00","article_modified_time":"2025-03-21T13:02:08+00:00","og_image":[{"width":1200,"height":628,"url":"https:\/\/www.isdin.com\/es\/blog\/wp-content\/uploads\/2019\/07\/5_tendencias_fotoproteccion_portada_fb.jpg","type":"image\/jpeg"}],"author":"Belinda Mart\u00ednez","twitter_card":"summary_large_image","twitter_creator":"@isdin_official","twitter_site":"@isdin_official","twitter_misc":{"Written by":"Belinda Mart\u00ednez","Est. reading time":"7 minutes"},"schema":{"@context":"https:\/\/schema.org","@graph":[{"@type":"Article","@id":"https:\/\/www.isdin.com\/es\/blog\/tendencias-fotoproteccion\/#article","isPartOf":{"@id":"https:\/\/www.isdin.com\/es\/blog\/tendencias-fotoproteccion\/"},"author":{"name":"Belinda Mart\u00ednez","@id":"https:\/\/www.isdin.com\/es\/blog\/#\/schema\/person\/684015d7d9e78124cb4aa660f6fe8576"},"headline":"Las 4 tendencias en fotoprotecci\u00f3n de este verano","datePublished":"2024-08-09T13:34:02+00:00","dateModified":"2025-03-21T13:02:08+00:00","mainEntityOfPage":{"@id":"https:\/\/www.isdin.com\/es\/blog\/tendencias-fotoproteccion\/"},"wordCount":1052,"publisher":{"@id":"https:\/\/www.isdin.com\/es\/blog\/#organization"},"image":{"@id":"https:\/\/www.isdin.com\/es\/blog\/tendencias-fotoproteccion\/#primaryimage"},"thumbnailUrl":"https:\/\/www.isdin.com\/es\/blog\/wp-content\/uploads\/2024\/08\/2024_07_Tendencias-Fotoproteccion_IMG07-1.jpg","keywords":["fotoprotecci\u00f3n","tendencias"],"articleSection":["Consejos y cuidados","Sol y piel"],"inLanguage":"es-ES"},{"@type":"WebPage","@id":"https:\/\/www.isdin.com\/es\/blog\/tendencias-fotoproteccion\/","url":"https:\/\/www.isdin.com\/es\/blog\/tendencias-fotoproteccion\/","name":"Las 4 tendencias en fotoprotecci\u00f3n de este verano - ISDIN","isPartOf":{"@id":"https:\/\/www.isdin.com\/es\/blog\/#website"},"primaryImageOfPage":{"@id":"https:\/\/www.isdin.com\/es\/blog\/tendencias-fotoproteccion\/#primaryimage"},"image":{"@id":"https:\/\/www.isdin.com\/es\/blog\/tendencias-fotoproteccion\/#primaryimage"},"thumbnailUrl":"https:\/\/www.isdin.com\/es\/blog\/wp-content\/uploads\/2024\/08\/2024_07_Tendencias-Fotoproteccion_IMG07-1.jpg","datePublished":"2024-08-09T13:34:02+00:00","dateModified":"2025-03-21T13:02:08+00:00","description":"Buscamos texturas ligeras, un toque de maquillaje, c\u00f3modas de aplicar\u2026 \u00a1Descubre todas las tendencias en fotoprotecci\u00f3n de este verano!","breadcrumb":{"@id":"https:\/\/www.isdin.com\/es\/blog\/tendencias-fotoproteccion\/#breadcrumb"},"inLanguage":"es-ES","potentialAction":[{"@type":"ReadAction","target":["https:\/\/www.isdin.com\/es\/blog\/tendencias-fotoproteccion\/"]}]},{"@type":"ImageObject","inLanguage":"es-ES","@id":"https:\/\/www.isdin.com\/es\/blog\/tendencias-fotoproteccion\/#primaryimage","url":"https:\/\/www.isdin.com\/es\/blog\/wp-content\/uploads\/2024\/08\/2024_07_Tendencias-Fotoproteccion_IMG07-1.jpg","contentUrl":"https:\/\/www.isdin.com\/es\/blog\/wp-content\/uploads\/2024\/08\/2024_07_Tendencias-Fotoproteccion_IMG07-1.jpg","width":1200,"height":760,"caption":"tendencias beauty fotoprotecci\u00f3n"},{"@type":"BreadcrumbList","@id":"https:\/\/www.isdin.com\/es\/blog\/tendencias-fotoproteccion\/#breadcrumb","itemListElement":[{"@type":"ListItem","position":1,"name":"Portada","item":"https:\/\/www.isdin.com\/es\/blog\/"},{"@type":"ListItem","position":2,"name":"Las 4 tendencias en fotoprotecci\u00f3n de este verano"}]},{"@type":"WebSite","@id":"https:\/\/www.isdin.com\/es\/blog\/#website","url":"https:\/\/www.isdin.com\/es\/blog\/","name":"ISDIN","description":"Novedades, lanzamientos de productos y toda la experiencia de ISDIN","publisher":{"@id":"https:\/\/www.isdin.com\/es\/blog\/#organization"},"potentialAction":[{"@type":"SearchAction","target":{"@type":"EntryPoint","urlTemplate":"https:\/\/www.isdin.com\/es\/blog\/?s={search_term_string}"},"query-input":{"@type":"PropertyValueSpecification","valueRequired":true,"valueName":"search_term_string"}}],"inLanguage":"es-ES"},{"@type":"Organization","@id":"https:\/\/www.isdin.com\/es\/blog\/#organization","name":"ISDIN","alternateName":"ISDIN","url":"https:\/\/www.isdin.com\/es\/blog\/","logo":{"@type":"ImageObject","inLanguage":"es-ES","@id":"https:\/\/www.isdin.com\/es\/blog\/#\/schema\/logo\/image\/","url":"https:\/\/www.isdin.com\/es\/blog\/wp-content\/uploads\/2024\/05\/2025_03_GuiaFoto_FWM.png","contentUrl":"https:\/\/www.isdin.com\/es\/blog\/wp-content\/uploads\/2024\/05\/2025_03_GuiaFoto_FWM.png","width":670,"height":683,"caption":"ISDIN"},"image":{"@id":"https:\/\/www.isdin.com\/es\/blog\/#\/schema\/logo\/image\/"},"sameAs":["https:\/\/es-es.facebook.com\/ISDIN.official\/","https:\/\/x.com\/isdin_official","https:\/\/www.instagram.com\/isdinofficial","https:\/\/www.youtube.com\/channel\/UCtoNJMKpDwdFLqgV23_lcqg"],"telephone":"659997812"},{"@type":"Person","@id":"https:\/\/www.isdin.com\/es\/blog\/#\/schema\/person\/684015d7d9e78124cb4aa660f6fe8576","name":"Belinda Mart\u00ednez","image":{"@type":"ImageObject","inLanguage":"es-ES","@id":"https:\/\/www.isdin.com\/es\/blog\/#\/schema\/person\/image\/","url":"https:\/\/www.isdin.com\/es\/blog\/wp-content\/uploads\/2017\/07\/jjjj.jpg","contentUrl":"https:\/\/www.isdin.com\/es\/blog\/wp-content\/uploads\/2017\/07\/jjjj.jpg","caption":"Belinda Mart\u00ednez"},"description":"Belinda es periodista y copywriter creativa. Tras a\u00f1os de experiencia, decidi\u00f3 fusionar sus habilidades de escritura con su amor por el skincare, convirti\u00e9ndose en una especialista en la materia. \u00bfSu imprescindible? Un buen b\u00e1lsamo de labios.","sameAs":["https:\/\/www.linkedin.com\/in\/thisisbel\/"],"url":"https:\/\/www.isdin.com\/es\/blog\/author\/belindamartinez\/"}]}},"_links":{"self":[{"href":"https:\/\/www.isdin.com\/es\/blog\/wp-json\/wp\/v2\/posts\/4848","targetHints":{"allow":["GET"]}}],"collection":[{"href":"https:\/\/www.isdin.com\/es\/blog\/wp-json\/wp\/v2\/posts"}],"about":[{"href":"https:\/\/www.isdin.com\/es\/blog\/wp-json\/wp\/v2\/types\/post"}],"author":[{"embeddable":true,"href":"https:\/\/www.isdin.com\/es\/blog\/wp-json\/wp\/v2\/users\/69"}],"replies":[{"embeddable":true,"href":"https:\/\/www.isdin.com\/es\/blog\/wp-json\/wp\/v2\/comments?post=4848"}],"version-history":[{"count":16,"href":"https:\/\/www.isdin.com\/es\/blog\/wp-json\/wp\/v2\/posts\/4848\/revisions"}],"predecessor-version":[{"id":11864,"href":"https:\/\/www.isdin.com\/es\/blog\/wp-json\/wp\/v2\/posts\/4848\/revisions\/11864"}],"wp:featuredmedia":[{"embeddable":true,"href":"https:\/\/www.isdin.com\/es\/blog\/wp-json\/wp\/v2\/media\/10809"}],"wp:attachment":[{"href":"https:\/\/www.isdin.com\/es\/blog\/wp-json\/wp\/v2\/media?parent=4848"}],"wp:term":[{"taxonomy":"category","embeddable":true,"href":"https:\/\/www.isdin.com\/es\/blog\/wp-json\/wp\/v2\/categories?post=4848"},{"taxonomy":"post_tag","embeddable":true,"href":"https:\/\/www.isdin.com\/es\/blog\/wp-json\/wp\/v2\/tags?post=4848"}],"curies":[{"name":"wp","href":"https:\/\/api.w.org\/{rel}","templated":true}]}}