{"id":4820,"date":"2025-07-17T14:03:35","date_gmt":"2025-07-17T14:03:35","guid":{"rendered":"https:\/\/www.isdin.com\/es\/blog\/?p=4820"},"modified":"2025-07-17T14:42:35","modified_gmt":"2025-07-17T14:42:35","slug":"protector-solar-ideal-vacaciones","status":"publish","type":"post","link":"https:\/\/www.isdin.com\/es\/blog\/protector-solar-ideal-vacaciones\/","title":{"rendered":"El protector solar ideal para tus vacaciones"},"content":{"rendered":"\n<p>El verano est\u00e1 a la vuelta de la esquina y con \u00e9l llegan las ansiadas vacaciones: disfrutar de soleados Julio ya est\u00e1 en modo <em>verano total<\/em> y tu piel lo sabe. Empiezan las ansiadas vacaciones: d\u00edas interminables en la costa, escapadas ex\u00f3ticas, rutas por megaciudades o aventuras entre monta\u00f1as. Cada plan tiene su encanto\u2026 y su propio nivel de exposici\u00f3n al sol.<\/p>\n\n\n\n<p>Y ah\u00ed es donde entra la gran pregunta: \u00bfcu\u00e1l es el fotoprotector ideal para acompa\u00f1arte? Porque no todos los destinos exponen tu piel de la misma forma, y tu protector solar deber\u00eda estar tan bien elegido como tu pr\u00f3ximo vuelo.<\/p>\n\n\n\n<p>Vamos a ayudarte a encontrar el que va con tu verano.<\/p>\n\n\n\n<h2 class=\"wp-block-heading\">La conexi\u00f3n entre tu destino de vacaciones y la elecci\u00f3n del fotoprotector solar<\/h2>\n\n\n\n<p>\u00bfSab\u00edas que la intensidad de la <a href=\"https:\/\/www.isdin.com\/es\/blog\/efectos-radiacion-solar-piel\/\">radiaci\u00f3n solar<\/a> puede cambiar dr\u00e1sticamente seg\u00fan el lugar al que viajes? Factores como la latitud, la altitud o incluso la cercan\u00eda al agua \u2014como el brillante <a href=\"https:\/\/www.isdin.com\/es\/blog\/el-mediterraneo-fuente-de-vida-e-inspiracion\/\">mar Mediterr\u00e1neo<\/a>\u2014 influyen directamente en el nivel de exposici\u00f3n a los rayos UV. Te lo explicamos:<\/p>\n\n\n\n<ul class=\"wp-block-list\">\n<li><strong>Cuanto m\u00e1s cerca est\u00e9s del ecuador<\/strong>, <a href=\"https:\/\/www.epa.gov\/radtown\/ultraviolet-uv-radiation-and-sun-exposure\">mayor es la radiaci\u00f3n UV<\/a>. Un viaje al Caribe no es lo mismo que uno por Espa\u00f1a.<\/li>\n\n\n\n<li><strong>La altitud importa<\/strong>: por cada 1.000 metros que subes, la radiaci\u00f3n UV aumenta alrededor de un <a href=\"https:\/\/www.cancercouncil.com.au\/cancer-prevention\/sun-protection\/understanding-uv-radiation\/factors-that-affect-uv-radiation-levels\/\"><strong>10-12%<\/strong><\/a>. As\u00ed que si vas a los Alpes o a los Andes, tu piel estar\u00e1 m\u00e1s expuesta de lo que imaginas.<\/li>\n\n\n\n<li><strong>El entorno influye<\/strong>: superficies como el <strong>agua<\/strong>, la <strong>arena<\/strong> o la <strong>nieve<\/strong> reflejan los rayos solares y pueden <strong>intensificar la exposici\u00f3n <a href=\"https:\/\/www.who.int\/news-room\/questions-and-answers\/item\/radiation-ultraviolet-\">hasta en un 80%<\/a><\/strong>. S\u00ed, incluso bajo la sombrilla.<\/li>\n<\/ul>\n\n\n\n<p>Todos estos factores aumentan la exposici\u00f3n solar sobre la piel, lo que puede favorecer la <a href=\"https:\/\/www.isdin.com\/blog\/perdida-de-agua-transepidermica-que-es\/\">deshidrataci\u00f3n<\/a>, la aparici\u00f3n de <a href=\"https:\/\/www.isdin.com\/es\/blog\/manchas-solares-por-que-se-producen-y-como-tratarlas\/\">manchas<\/a> o <a href=\"https:\/\/www.isdin.com\/es\/blog\/efectos-del-fotoenvejecimiento-en-la-piel\/\">acelerar el envejecimiento cut\u00e1neo<\/a>. Y, en casos donde no se utiliza la protecci\u00f3n adecuada, incluso pueden aparecer quemaduras solares que arruinen parte del plan.<\/p>\n\n\n\n<blockquote class=\"wp-block-quote is-layout-flow wp-block-quote-is-layout-flow\">\n<p>Recuerda, no se trata solo de elegir el destino ideal para tus vacaciones, sino tambi\u00e9n de garantizar la adecuada protecci\u00f3n de tu piel durante cada momento de disfrute bajo el sol.<\/p>\n<\/blockquote>\n\n\n\n<h2 class=\"wp-block-heading\" id=\"h-un-verano-en-la-ciudad\">Un verano en la ciudad<\/h2>\n\n\n\n<p><\/p>\n\n\n\n<figure class=\"wp-block-image size-large\"><img loading=\"lazy\" decoding=\"async\" width=\"1024\" height=\"527\" src=\"data:image\/gif;base64,R0lGODlhAQABAAAAACH5BAEKAAEALAAAAAABAAEAAAICTAEAOw==\" data-src=\"https:\/\/www.isdin.com\/es\/blog\/wp-content\/uploads\/2023\/06\/Imagen-en-el-contenido-14-1-1024x527.png\" alt=\"\" class=\"wp-image-12302 lazyload\" data-sizes=\"auto\" data-srcset=\"https:\/\/www.isdin.com\/es\/blog\/wp-content\/uploads\/2023\/06\/Imagen-en-el-contenido-14-1-1024x527.png 1024w, https:\/\/www.isdin.com\/es\/blog\/wp-content\/uploads\/2023\/06\/Imagen-en-el-contenido-14-1-300x155.png 300w, https:\/\/www.isdin.com\/es\/blog\/wp-content\/uploads\/2023\/06\/Imagen-en-el-contenido-14-1-150x77.png 150w, https:\/\/www.isdin.com\/es\/blog\/wp-content\/uploads\/2023\/06\/Imagen-en-el-contenido-14-1-768x396.png 768w, https:\/\/www.isdin.com\/es\/blog\/wp-content\/uploads\/2023\/06\/Imagen-en-el-contenido-14-1-585x300.png 585w, https:\/\/www.isdin.com\/es\/blog\/wp-content\/uploads\/2023\/06\/Imagen-en-el-contenido-14-1-450x232.png 450w, https:\/\/www.isdin.com\/es\/blog\/wp-content\/uploads\/2023\/06\/Imagen-en-el-contenido-14-1-20x11.png 20w, https:\/\/www.isdin.com\/es\/blog\/wp-content\/uploads\/2023\/06\/Imagen-en-el-contenido-14-1-225x116.png 225w, https:\/\/www.isdin.com\/es\/blog\/wp-content\/uploads\/2023\/06\/Imagen-en-el-contenido-14-1-900x464.png 900w, https:\/\/www.isdin.com\/es\/blog\/wp-content\/uploads\/2023\/06\/Imagen-en-el-contenido-14-1.png 1200w\" sizes=\"auto, (max-width: 1024px) 100vw, 1024px\" \/><\/figure>\n\n\n\n<p><\/p>\n\n\n\n<p>Si este verano tu destino es una megaciudad (o simplemente redescubrir la tuya), prep\u00e1rate para recorrer avenidas infinitas, museos, terrazas y esos rincones con encanto que solo se revelan caminando. Lo que quiz\u00e1 no notes tan f\u00e1cilmente es la exposici\u00f3n continua al sol urbano, ese que se refleja en edificios, asfalto y <a href=\"https:\/\/www.isdin.com\/es\/blog\/5-excusas-para-no-utilizar-proteccion-solar\/\">cristales<\/a>, junto con los efectos invisibles de la <a href=\"https:\/\/www.isdin.com\/es\/blog\/efectos-polucion-piel-como-protegerla\/\">contaminaci\u00f3n ambiental<\/a> sobre tu piel.<\/p>\n\n\n\n<h3 class=\"wp-block-heading\">Tu aliado urbano: Fusion Water MAGIC Repair<\/h3>\n\n\n\n<figure class=\"wp-block-image size-large\"><img loading=\"lazy\" decoding=\"async\" width=\"1024\" height=\"527\" src=\"data:image\/gif;base64,R0lGODlhAQABAAAAACH5BAEKAAEALAAAAAABAAEAAAICTAEAOw==\" data-src=\"https:\/\/www.isdin.com\/es\/blog\/wp-content\/uploads\/2023\/06\/Imagen-en-el-contenido-15-2-1024x527.png\" alt=\"fotoprotector vaaciones fusion water magic repair\" class=\"wp-image-12304 lazyload\" data-sizes=\"auto\" data-srcset=\"https:\/\/www.isdin.com\/es\/blog\/wp-content\/uploads\/2023\/06\/Imagen-en-el-contenido-15-2-1024x527.png 1024w, https:\/\/www.isdin.com\/es\/blog\/wp-content\/uploads\/2023\/06\/Imagen-en-el-contenido-15-2-300x155.png 300w, https:\/\/www.isdin.com\/es\/blog\/wp-content\/uploads\/2023\/06\/Imagen-en-el-contenido-15-2-150x77.png 150w, https:\/\/www.isdin.com\/es\/blog\/wp-content\/uploads\/2023\/06\/Imagen-en-el-contenido-15-2-768x396.png 768w, https:\/\/www.isdin.com\/es\/blog\/wp-content\/uploads\/2023\/06\/Imagen-en-el-contenido-15-2-585x300.png 585w, https:\/\/www.isdin.com\/es\/blog\/wp-content\/uploads\/2023\/06\/Imagen-en-el-contenido-15-2-450x232.png 450w, https:\/\/www.isdin.com\/es\/blog\/wp-content\/uploads\/2023\/06\/Imagen-en-el-contenido-15-2-20x11.png 20w, https:\/\/www.isdin.com\/es\/blog\/wp-content\/uploads\/2023\/06\/Imagen-en-el-contenido-15-2-225x116.png 225w, https:\/\/www.isdin.com\/es\/blog\/wp-content\/uploads\/2023\/06\/Imagen-en-el-contenido-15-2-900x464.png 900w, https:\/\/www.isdin.com\/es\/blog\/wp-content\/uploads\/2023\/06\/Imagen-en-el-contenido-15-2.png 1200w\" sizes=\"auto, (max-width: 1024px) 100vw, 1024px\" \/><\/figure>\n\n\n\n<p><\/p>\n\n\n\n<p>Con <strong>SPF 50<\/strong> y <strong>triple acci\u00f3n antifotoenvejecimiento<\/strong>, <a href=\"https:\/\/www.isdin.com\/es\/p\/fusion-water-magic-repair-spf-50\/4345\">Fusion Water MAGIC Repair<\/a> no solo protege frente a los rayos UVA y UVB, sino que tambi\u00e9n ayuda a reparar el da\u00f1o solar acumulado y combate los efectos de la poluci\u00f3n en la piel. Todo ello con una <strong>textura ultraligera<\/strong>, de r\u00e1pida absorci\u00f3n y acabado sedoso. Perfecto para d\u00edas activos y para llevarlo contigo en cada aventura urbana.<\/p>\n\n\n\n<p><\/p>\n\n\n\n<p class=\"has-background\" style=\"background-color:#b8f0ed\">\u00bfVas a llenar tu galer\u00eda con fotos bajo el sol? Entonces prueba <a href=\"https:\/\/www.isdin.com\/es\/p\/fusion-water-magic-repair-color-spf-50\/4346\">Fusion Water MAGIC Repair Color<\/a>. Aporta todos los beneficios del original, con un sutil toque de color que unifica el tono y deja un efecto <em>buena cara<\/em> inmediato. Piel protegida, luminosa y lista para cualquier <em>selfie<\/em>.<\/p>\n\n\n\n<p><\/p>\n\n\n\n<h2 class=\"wp-block-heading\" id=\"h-un-verano-en-la-playa\">Un verano en la playa<\/h2>\n\n\n\n<p><\/p>\n\n\n\n<figure class=\"wp-block-image size-large\"><img loading=\"lazy\" decoding=\"async\" width=\"1024\" height=\"527\" src=\"data:image\/gif;base64,R0lGODlhAQABAAAAACH5BAEKAAEALAAAAAABAAEAAAICTAEAOw==\" data-src=\"https:\/\/www.isdin.com\/es\/blog\/wp-content\/uploads\/2023\/06\/Imagen-en-el-contenido-16-2-1024x527.png\" alt=\"cala con agua cristalina y peque\u00f1a playa de arena\" class=\"wp-image-12303 lazyload\" data-sizes=\"auto\" data-srcset=\"https:\/\/www.isdin.com\/es\/blog\/wp-content\/uploads\/2023\/06\/Imagen-en-el-contenido-16-2-1024x527.png 1024w, https:\/\/www.isdin.com\/es\/blog\/wp-content\/uploads\/2023\/06\/Imagen-en-el-contenido-16-2-300x155.png 300w, https:\/\/www.isdin.com\/es\/blog\/wp-content\/uploads\/2023\/06\/Imagen-en-el-contenido-16-2-150x77.png 150w, https:\/\/www.isdin.com\/es\/blog\/wp-content\/uploads\/2023\/06\/Imagen-en-el-contenido-16-2-768x396.png 768w, https:\/\/www.isdin.com\/es\/blog\/wp-content\/uploads\/2023\/06\/Imagen-en-el-contenido-16-2-585x300.png 585w, https:\/\/www.isdin.com\/es\/blog\/wp-content\/uploads\/2023\/06\/Imagen-en-el-contenido-16-2-450x232.png 450w, https:\/\/www.isdin.com\/es\/blog\/wp-content\/uploads\/2023\/06\/Imagen-en-el-contenido-16-2-20x11.png 20w, https:\/\/www.isdin.com\/es\/blog\/wp-content\/uploads\/2023\/06\/Imagen-en-el-contenido-16-2-225x116.png 225w, https:\/\/www.isdin.com\/es\/blog\/wp-content\/uploads\/2023\/06\/Imagen-en-el-contenido-16-2-900x464.png 900w, https:\/\/www.isdin.com\/es\/blog\/wp-content\/uploads\/2023\/06\/Imagen-en-el-contenido-16-2.png 1200w\" sizes=\"auto, (max-width: 1024px) 100vw, 1024px\" \/><\/figure>\n\n\n\n<p><\/p>\n\n\n\n<p>Si has elegido pasar el verano entre aguas cristalinas, arena c\u00e1lida y brisa salada, est\u00e1s a punto de darle a tu cuerpo lo que m\u00e1s necesita: desconexi\u00f3n. Pero mientras t\u00fa <a href=\"https:\/\/www.isdin.com\/es\/blog\/10-consejos-para-tomar-el-sol-en-verano\/\">te relajas frente al mar<\/a>, tu piel est\u00e1 en modo alerta m\u00e1xima.<\/p>\n\n\n\n<p>En este entorno, la <strong>exposici\u00f3n solar es intensa y constante<\/strong>, y la piel necesita mucho m\u00e1s que solo protecci\u00f3n. El <strong>agua salada<\/strong>, el <strong>viento marino<\/strong> y los <strong>ba\u00f1os frecuentes<\/strong> tienden a resecar y debilitar la <a href=\"https:\/\/www.isdin.com\/blog\/que-es-la-barrera-cutanea\/\">barrera cut\u00e1nea<\/a>, dejando la piel m\u00e1s vulnerable.<\/p>\n\n\n\n<p>Por eso, en la playa no basta con aplicar un simple SPF. Se necesita una <strong>protecci\u00f3n integral<\/strong> que act\u00fae como un escudo frente a los efectos de la radiaci\u00f3n solar, pero que tambi\u00e9n <strong>revitalice y fortalezca la piel desde el interior<\/strong>.<\/p>\n\n\n\n<h3 class=\"wp-block-heading\">Tu aliado revitalizante: Hydro Lotion<\/h3>\n\n\n\n<figure class=\"wp-block-image size-large\"><img loading=\"lazy\" decoding=\"async\" width=\"1024\" height=\"527\" src=\"data:image\/gif;base64,R0lGODlhAQABAAAAACH5BAEKAAEALAAAAAABAAEAAAICTAEAOw==\" data-src=\"https:\/\/www.isdin.com\/es\/blog\/wp-content\/uploads\/2023\/06\/Producto-Textura-20-2-1024x527.png\" alt=\"fotoprotector vacaciones de cuerpo bif\u00e1sico en spray\" class=\"wp-image-12308 lazyload\" data-sizes=\"auto\" data-srcset=\"https:\/\/www.isdin.com\/es\/blog\/wp-content\/uploads\/2023\/06\/Producto-Textura-20-2-1024x527.png 1024w, https:\/\/www.isdin.com\/es\/blog\/wp-content\/uploads\/2023\/06\/Producto-Textura-20-2-300x155.png 300w, https:\/\/www.isdin.com\/es\/blog\/wp-content\/uploads\/2023\/06\/Producto-Textura-20-2-150x77.png 150w, https:\/\/www.isdin.com\/es\/blog\/wp-content\/uploads\/2023\/06\/Producto-Textura-20-2-768x396.png 768w, https:\/\/www.isdin.com\/es\/blog\/wp-content\/uploads\/2023\/06\/Producto-Textura-20-2-1536x791.png 1536w, https:\/\/www.isdin.com\/es\/blog\/wp-content\/uploads\/2023\/06\/Producto-Textura-20-2-2048x1055.png 2048w, https:\/\/www.isdin.com\/es\/blog\/wp-content\/uploads\/2023\/06\/Producto-Textura-20-2-585x300.png 585w, https:\/\/www.isdin.com\/es\/blog\/wp-content\/uploads\/2023\/06\/Producto-Textura-20-2-450x232.png 450w, https:\/\/www.isdin.com\/es\/blog\/wp-content\/uploads\/2023\/06\/Producto-Textura-20-2-20x11.png 20w, https:\/\/www.isdin.com\/es\/blog\/wp-content\/uploads\/2023\/06\/Producto-Textura-20-2-225x116.png 225w, https:\/\/www.isdin.com\/es\/blog\/wp-content\/uploads\/2023\/06\/Producto-Textura-20-2-900x464.png 900w, https:\/\/www.isdin.com\/es\/blog\/wp-content\/uploads\/2023\/06\/Producto-Textura-20-2-1350x695.png 1350w\" sizes=\"auto, (max-width: 1024px) 100vw, 1024px\" \/><\/figure>\n\n\n\n<p><\/p>\n\n\n\n<p>Este <a href=\"https:\/\/www.isdin.com\/es\/p\/hydro-lotion-spf-50\/2916\">fotoprotector corporal bif\u00e1sico<\/a> es ideal para largas jornadas al sol. No solo ofrece una <strong>alta protecci\u00f3n SPF 50 frente a los rayos UVB y UVA<\/strong>, sino que adem\u00e1s cuida tu piel desde dentro: su f\u00f3rmula con <strong>Chlorella Maris<\/strong> ayuda a proteger las <a href=\"https:\/\/www.isdin.com\/blog\/beneficios-del-colageno-para-la-piel\/\">fibras de col\u00e1geno y elastina<\/a>, clave para prevenir el fotoenvejecimiento y mantener la piel firme y <a href=\"https:\/\/www.isdin.com\/es\/blog\/piel-grasa-vs-piel-glowy-diferencias-y-rutina-skincare\/\">luminosa<\/a>.<\/p>\n\n\n\n<p>Adem\u00e1s, su textura fresca y ligera deja un acabado sedoso y nada graso, perfecto para seguir disfrutando de cada chapuz\u00f3n.<\/p>\n\n\n\n<p><\/p>\n\n\n\n<p class=\"has-background\" style=\"background-color:#b8f0ed\">Es ideal para destinos como las Islas Baleares, donde el sol, la brisa marina y la sal hacen que la piel necesite un extra de mimo.<\/p>\n\n\n\n<p><\/p>\n\n\n\n<h2 class=\"wp-block-heading\">Un verano de aqu\u00ed para all\u00e1<\/h2>\n\n\n\n<h2 class=\"wp-block-heading\" id=\"h-\"><\/h2>\n\n\n\n<p><\/p>\n\n\n\n<figure class=\"wp-block-image size-large\"><img loading=\"lazy\" decoding=\"async\" width=\"1024\" height=\"527\" src=\"data:image\/gif;base64,R0lGODlhAQABAAAAACH5BAEKAAEALAAAAAABAAEAAAICTAEAOw==\" data-src=\"https:\/\/www.isdin.com\/es\/blog\/wp-content\/uploads\/2023\/06\/Imagen-en-el-contenido-17-1-1024x527.png\" alt=\"chica preparando maletas para vacaciones de verano\" class=\"wp-image-12310 lazyload\" data-sizes=\"auto\" data-srcset=\"https:\/\/www.isdin.com\/es\/blog\/wp-content\/uploads\/2023\/06\/Imagen-en-el-contenido-17-1-1024x527.png 1024w, https:\/\/www.isdin.com\/es\/blog\/wp-content\/uploads\/2023\/06\/Imagen-en-el-contenido-17-1-300x155.png 300w, https:\/\/www.isdin.com\/es\/blog\/wp-content\/uploads\/2023\/06\/Imagen-en-el-contenido-17-1-150x77.png 150w, https:\/\/www.isdin.com\/es\/blog\/wp-content\/uploads\/2023\/06\/Imagen-en-el-contenido-17-1-768x396.png 768w, https:\/\/www.isdin.com\/es\/blog\/wp-content\/uploads\/2023\/06\/Imagen-en-el-contenido-17-1-585x300.png 585w, https:\/\/www.isdin.com\/es\/blog\/wp-content\/uploads\/2023\/06\/Imagen-en-el-contenido-17-1-450x232.png 450w, https:\/\/www.isdin.com\/es\/blog\/wp-content\/uploads\/2023\/06\/Imagen-en-el-contenido-17-1-20x11.png 20w, https:\/\/www.isdin.com\/es\/blog\/wp-content\/uploads\/2023\/06\/Imagen-en-el-contenido-17-1-225x116.png 225w, https:\/\/www.isdin.com\/es\/blog\/wp-content\/uploads\/2023\/06\/Imagen-en-el-contenido-17-1-900x464.png 900w, https:\/\/www.isdin.com\/es\/blog\/wp-content\/uploads\/2023\/06\/Imagen-en-el-contenido-17-1.png 1200w\" sizes=\"auto, (max-width: 1024px) 100vw, 1024px\" \/><\/figure>\n\n\n\n<p><\/p>\n\n\n\n<p>Hay veranos que no tienen una sola postal, sino mil. Esos en los que saltas <a href=\"https:\/\/www.isdin.com\/es\/blog\/rutina-skincare-viaje-avion\/\">de un destino a otro<\/a>, donde cada d\u00eda es diferente y la maleta siempre est\u00e1 a medio hacer. Un desayuno en la ciudad, una tarde en la costa, una escapada expr\u00e9s con amigos o una ruta por rincones que ni sab\u00edas que exist\u00edan.<\/p>\n\n\n\n<p>Y claro, <strong>con tanto movimiento, no siempre hay tiempo para rutinas largas o productos que ocupen medio neceser<\/strong>. Pero la piel no entiende de prisas: necesita estar protegida y cuidada desde el primer rayo de sol hasta el \u00faltimo plan improvisado.<\/p>\n\n\n\n<h3 class=\"wp-block-heading\" id=\"h-el-combo-que-lo-hace-todo-facil-fusion-water-magic-y-gel-cream\">El combo que lo hace todo f\u00e1cil: Fusion Water MAGIC y Gel Cream<\/h3>\n\n\n\n<p><\/p>\n\n\n\n<figure class=\"wp-block-image size-large\"><img loading=\"lazy\" decoding=\"async\" width=\"1024\" height=\"527\" src=\"data:image\/gif;base64,R0lGODlhAQABAAAAACH5BAEKAAEALAAAAAABAAEAAAICTAEAOw==\" data-src=\"https:\/\/www.isdin.com\/es\/blog\/wp-content\/uploads\/2023\/06\/Producto-Textura-22-1-1024x527.png\" alt=\"d\u00fao de fotoprotectores para vacaciones fusion water magic y gel cream\" class=\"wp-image-12309 lazyload\" data-sizes=\"auto\" data-srcset=\"https:\/\/www.isdin.com\/es\/blog\/wp-content\/uploads\/2023\/06\/Producto-Textura-22-1-1024x527.png 1024w, https:\/\/www.isdin.com\/es\/blog\/wp-content\/uploads\/2023\/06\/Producto-Textura-22-1-300x155.png 300w, https:\/\/www.isdin.com\/es\/blog\/wp-content\/uploads\/2023\/06\/Producto-Textura-22-1-150x77.png 150w, https:\/\/www.isdin.com\/es\/blog\/wp-content\/uploads\/2023\/06\/Producto-Textura-22-1-768x396.png 768w, https:\/\/www.isdin.com\/es\/blog\/wp-content\/uploads\/2023\/06\/Producto-Textura-22-1-1536x791.png 1536w, https:\/\/www.isdin.com\/es\/blog\/wp-content\/uploads\/2023\/06\/Producto-Textura-22-1-2048x1055.png 2048w, https:\/\/www.isdin.com\/es\/blog\/wp-content\/uploads\/2023\/06\/Producto-Textura-22-1-585x300.png 585w, https:\/\/www.isdin.com\/es\/blog\/wp-content\/uploads\/2023\/06\/Producto-Textura-22-1-450x232.png 450w, https:\/\/www.isdin.com\/es\/blog\/wp-content\/uploads\/2023\/06\/Producto-Textura-22-1-20x11.png 20w, https:\/\/www.isdin.com\/es\/blog\/wp-content\/uploads\/2023\/06\/Producto-Textura-22-1-225x116.png 225w, https:\/\/www.isdin.com\/es\/blog\/wp-content\/uploads\/2023\/06\/Producto-Textura-22-1-900x464.png 900w, https:\/\/www.isdin.com\/es\/blog\/wp-content\/uploads\/2023\/06\/Producto-Textura-22-1-1350x695.png 1350w\" sizes=\"auto, (max-width: 1024px) 100vw, 1024px\" \/><\/figure>\n\n\n\n<p><\/p>\n\n\n\n<p>Juntos, forman la pareja perfecta para quienes no paran quietos.<\/p>\n\n\n\n<ul class=\"wp-block-list\">\n<li><a href=\"https:\/\/www.isdin.com\/es\/p\/fusion-water-magic-spf-50\/1349\"><strong>Fusion Water MAGIC SPF 50<\/strong><\/a> es tu aliado facial diario: ultraligero, sin residuos, con acabado invisible y sedoso. Proporciona hidrataci\u00f3n inmediata y tiene <a href=\"https:\/\/www.isdin.com\/es\/blog\/proteccion-solar-con-antioxidantes-beneficios\/\">acci\u00f3n antioxidante<\/a> gracias a ingredientes como la <a href=\"https:\/\/www.isdin.com\/es\/blog\/vitamina-e-beneficios-para-la-piel-uso-y-cuidados\/\">vitamina E<\/a> y el <strong><a href=\"https:\/\/www.isdin.com\/es\/blog\/ingredientes-fusion-water-magic\/\">extracto de alga mediterr\u00e1nea<\/a><\/strong>. \u00bfQu\u00e9 m\u00e1s se puede pedir para proteger tu piel mientras disfrutas del d\u00eda?<\/li>\n\n\n\n<li><a href=\"https:\/\/www.isdin.com\/es\/p\/gel-cream-spf-50-250-ml\/3226\"><strong>Gel Cream SPF 50<\/strong><\/a> ofrece fotoprotecci\u00f3n corporal de amplio espectro, que adem\u00e1s puede aplicarse sobre piel h\u00fameda. Su textura c\u00f3moda y de r\u00e1pida absorci\u00f3n hidrata, protege y se funde con la piel sin dejar residuos ni sensaci\u00f3n grasa. Contiene <strong>Ginger Cell Protect<\/strong>, un <a href=\"https:\/\/bsi.international\/39-surprising-benefits-of-ginger-for-skin-and-health\/\">extracto de jengibre<\/a> con alto poder antioxidante que ayuda a proteger tu piel del <a href=\"https:\/\/www.isdin.com\/blog\/que-es-la-oxidacion-de-la-piel\/\">estr\u00e9s oxidativo<\/a>.<\/li>\n<\/ul>\n\n\n\n<p><\/p>\n\n\n\n<p class=\"has-background\" style=\"background-color:#b8f0ed\">Ambos est\u00e1n disponibles en <a href=\"https:\/\/www.isdin.com\/es\/c\/mini-icons\"><strong>formato viaje<\/strong><\/a>, as\u00ed que caben en cualquier bolso, mochila o equipaje de mano. <strong>Porque tu piel no deber\u00eda quedarse atr\u00e1s, aunque t\u00fa no pares ni un segundo.<\/strong><\/p>\n\n\n\n<p><\/p>\n\n\n\n<h2 class=\"wp-block-heading\">Un verano en la monta\u00f1a<\/h2>\n\n\n\n<p><\/p>\n\n\n\n<h2 class=\"wp-block-heading\" id=\"h-\"><\/h2>\n\n\n\n<p><\/p>\n\n\n\n<figure class=\"wp-block-image size-large\"><img loading=\"lazy\" decoding=\"async\" width=\"1024\" height=\"527\" src=\"data:image\/gif;base64,R0lGODlhAQABAAAAACH5BAEKAAEALAAAAAABAAEAAAICTAEAOw==\" data-src=\"https:\/\/www.isdin.com\/es\/blog\/wp-content\/uploads\/2023\/06\/Imagen-en-el-contenido-18-1-1024x527.png\" alt=\"ruta vertical en parque nacional de yosemite\" class=\"wp-image-12311 lazyload\" data-sizes=\"auto\" data-srcset=\"https:\/\/www.isdin.com\/es\/blog\/wp-content\/uploads\/2023\/06\/Imagen-en-el-contenido-18-1-1024x527.png 1024w, https:\/\/www.isdin.com\/es\/blog\/wp-content\/uploads\/2023\/06\/Imagen-en-el-contenido-18-1-300x155.png 300w, https:\/\/www.isdin.com\/es\/blog\/wp-content\/uploads\/2023\/06\/Imagen-en-el-contenido-18-1-150x77.png 150w, https:\/\/www.isdin.com\/es\/blog\/wp-content\/uploads\/2023\/06\/Imagen-en-el-contenido-18-1-768x396.png 768w, https:\/\/www.isdin.com\/es\/blog\/wp-content\/uploads\/2023\/06\/Imagen-en-el-contenido-18-1-585x300.png 585w, https:\/\/www.isdin.com\/es\/blog\/wp-content\/uploads\/2023\/06\/Imagen-en-el-contenido-18-1-450x232.png 450w, https:\/\/www.isdin.com\/es\/blog\/wp-content\/uploads\/2023\/06\/Imagen-en-el-contenido-18-1-20x11.png 20w, https:\/\/www.isdin.com\/es\/blog\/wp-content\/uploads\/2023\/06\/Imagen-en-el-contenido-18-1-225x116.png 225w, https:\/\/www.isdin.com\/es\/blog\/wp-content\/uploads\/2023\/06\/Imagen-en-el-contenido-18-1-900x464.png 900w, https:\/\/www.isdin.com\/es\/blog\/wp-content\/uploads\/2023\/06\/Imagen-en-el-contenido-18-1.png 1200w\" sizes=\"auto, (max-width: 1024px) 100vw, 1024px\" \/><\/figure>\n\n\n\n<p><\/p>\n\n\n\n<p>Si tu verano se vive entre cumbres, senderos y aire puro, tu piel merece una protecci\u00f3n a la altura. Aunque la brisa sea fresca y el sol no parezca tan intenso, recuerda lo que te hemos contado al principio: <strong>la radiaci\u00f3n UV aumenta con la altitud.<\/strong> Y si adem\u00e1s haces actividad f\u00edsica, la piel pierde hidrataci\u00f3n m\u00e1s r\u00e1pido y necesita cuidados espec\u00edficos.<\/p>\n\n\n\n<p>Entre el esfuerzo, el sudor y la exposici\u00f3n directa, la fotoprotecci\u00f3n no es negociable.<\/p>\n\n\n\n<h3 class=\"wp-block-heading\">El combo perfecto para proteger tu piel mientras t\u00fa conquistas la monta\u00f1a<\/h3>\n\n\n\n<figure class=\"wp-block-image size-large\"><img loading=\"lazy\" decoding=\"async\" width=\"1024\" height=\"527\" src=\"data:image\/gif;base64,R0lGODlhAQABAAAAACH5BAEKAAEALAAAAAABAAEAAAICTAEAOw==\" data-src=\"https:\/\/www.isdin.com\/es\/blog\/wp-content\/uploads\/2023\/06\/Imagen-en-el-contenido-19-2-1024x527.png\" alt=\"fotoprotector vacaciones gel sport con mosqueton para colgar de mochila\" class=\"wp-image-12306 lazyload\" data-sizes=\"auto\" data-srcset=\"https:\/\/www.isdin.com\/es\/blog\/wp-content\/uploads\/2023\/06\/Imagen-en-el-contenido-19-2-1024x527.png 1024w, https:\/\/www.isdin.com\/es\/blog\/wp-content\/uploads\/2023\/06\/Imagen-en-el-contenido-19-2-300x155.png 300w, https:\/\/www.isdin.com\/es\/blog\/wp-content\/uploads\/2023\/06\/Imagen-en-el-contenido-19-2-150x77.png 150w, https:\/\/www.isdin.com\/es\/blog\/wp-content\/uploads\/2023\/06\/Imagen-en-el-contenido-19-2-768x396.png 768w, https:\/\/www.isdin.com\/es\/blog\/wp-content\/uploads\/2023\/06\/Imagen-en-el-contenido-19-2-585x300.png 585w, https:\/\/www.isdin.com\/es\/blog\/wp-content\/uploads\/2023\/06\/Imagen-en-el-contenido-19-2-450x232.png 450w, https:\/\/www.isdin.com\/es\/blog\/wp-content\/uploads\/2023\/06\/Imagen-en-el-contenido-19-2-20x11.png 20w, https:\/\/www.isdin.com\/es\/blog\/wp-content\/uploads\/2023\/06\/Imagen-en-el-contenido-19-2-225x116.png 225w, https:\/\/www.isdin.com\/es\/blog\/wp-content\/uploads\/2023\/06\/Imagen-en-el-contenido-19-2-900x464.png 900w, https:\/\/www.isdin.com\/es\/blog\/wp-content\/uploads\/2023\/06\/Imagen-en-el-contenido-19-2.png 1200w\" sizes=\"auto, (max-width: 1024px) 100vw, 1024px\" \/><\/figure>\n\n\n\n<p><\/p>\n\n\n\n<p><a href=\"https:\/\/www.isdin.com\/es\/p\/fusion-water-magic-by-alcaraz-spf-50\/4397\"><strong>Fusion Water MAGIC by Alcaraz<\/strong><\/a> nace de la colaboraci\u00f3n entre <a href=\"https:\/\/www.isdin.com\/es\/blog\/carlos-alcaraz-te-invita-a-crear-momentos-magicos-con-fusion-water-magic\/\">el n\u00famero 1 del tenis<\/a> y el n\u00famero 1 en fotoprotecci\u00f3n. Dise\u00f1ado para amantes del deporte al aire libre, ofrece <strong>protecci\u00f3n Full Spectrum<\/strong> (UVA, UVB, infrarrojo, luz azul y contaminaci\u00f3n), resiste al sudor y aporta un efecto refrescante gracias a su <strong>Thermal Aging Protection<\/strong>, que combate el estr\u00e9s oxidativo generado por el calor y el esfuerzo.<\/p>\n\n\n\n<p>Se complementa con <a href=\"https:\/\/www.isdin.com\/es\/p\/fusion-gel-sport-spf-50\/2914\"><strong>Fusion Gel Sport SPF\u202f50<\/strong><\/a>, para cuidar el cuerpo sin detener el ritmo: resistente al sudor, de r\u00e1pida absorci\u00f3n, textura fresca y formato pr\u00e1ctico con mosquet\u00f3n para llevarlo siempre contigo.<\/p>\n\n\n\n<h2 class=\"wp-block-heading\">Un verano en todas partes\u2026 y tu piel en el centro<\/h2>\n\n\n\n<figure class=\"wp-block-image size-full\"><img loading=\"lazy\" decoding=\"async\" width=\"1200\" height=\"618\" src=\"data:image\/gif;base64,R0lGODlhAQABAAAAACH5BAEKAAEALAAAAAABAAEAAAICTAEAOw==\" data-src=\"https:\/\/www.isdin.com\/es\/blog\/wp-content\/uploads\/2023\/06\/Imagen-en-el-contenido-70-1.jpg\" alt=\"foto de piel de cerca con lunares y pesta\u00f1as largas\" class=\"wp-image-12307 lazyload\"\/><\/figure>\n\n\n\n<p><\/p>\n\n\n\n<p>Cada verano es distinto. A veces se vive en una ciudad vibrante, entre caf\u00e9s y calles infinitas. Otras veces se camina monta\u00f1a arriba, con el cielo despejado como \u00fanica gu\u00eda. Tambi\u00e9n puede que te encuentres nadando en aguas cristalinas, desafiando olas, o simplemente viviendo sin planes fijos, de aqu\u00ed para all\u00e1.<\/p>\n\n\n\n<p>Pero hay algo que no cambia, vayas donde vayas: <a href=\"https:\/\/www.isdin.com\/es\/blog\/10-pasos-para-descubrir-el-amor-por-tu-piel\/\"><strong>tu piel viaja contigo<\/strong><\/a>. Te acompa\u00f1a en cada paso, se adapta al <a href=\"https:\/\/www.isdin.com\/es\/blog\/como-afecta-el-clima-a-tu-piel\/\">clima<\/a>, al ritmo, al <a href=\"https:\/\/www.isdin.com\/es\/blog\/que-es-el-exposoma-factores-externos-piel\/\">entorno<\/a>\u2026 y tambi\u00e9n se expone. A m\u00e1s sol, m\u00e1s viento, m\u00e1s reflejos, m\u00e1s calor. Por eso, <strong>protegerla no es opcional, es esencial<\/strong>.<\/p>\n\n\n\n<p>Elegir el fotoprotector adecuado no es solo una parte m\u00e1s del neceser: es una forma de cuidarte, de conectar con tu cuerpo y de asegurarte de que, al volver a casa, no solo traigas recuerdos incre\u00edbles, sino tambi\u00e9n una piel sana, fuerte y luminosa.<\/p>\n\n\n\n<p>Descubre <a href=\"https:\/\/www.isdin.com\/es\/c\/proteccion-solar\">nuestra gama completa de fotoprotectores<\/a> pensados para cada piel, cada ritmo y cada destino.<\/p>\n\n\n\n<blockquote class=\"wp-block-quote is-layout-flow wp-block-quote-is-layout-flow\">\n<p>Porque da igual d\u00f3nde te lleve el verano, tu piel merece ser prioridad.<\/p>\n<\/blockquote>\n\n\n\n<p><\/p>\n\n\n\n<p><\/p>\n\n\n\n<p><\/p>\n\n\n\n<p><\/p>\n\n\n\n<p><\/p>\n","protected":false},"excerpt":{"rendered":"<p>Empiezan las ansiadas vacaciones: d\u00edas interminables en la costa, escapadas ex\u00f3ticas, rutas por megaciudades o aventuras entre monta\u00f1as. Cada plan tiene su encanto\u2026 y su propio nivel de exposici\u00f3n al sol.<\/p>\n","protected":false},"author":69,"featured_media":12312,"comment_status":"open","ping_status":"open","sticky":false,"template":"","format":"image","meta":{"footnotes":""},"categories":[1,100],"tags":[119,350,122],"class_list":["post-4820","post","type-post","status-publish","format-image","has-post-thumbnail","hentry","category-consejos-cuidados","category-sol-y-piel","tag-fotoproteccion","tag-vacaciones","tag-verano","post_format-post-format-image"],"yoast_head":"<!-- This site is optimized with the Yoast SEO Premium plugin v25.4 (Yoast SEO v25.4) - https:\/\/yoast.com\/wordpress\/plugins\/seo\/ -->\n<title>El protector solar ideal para tus vacaciones - ISDIN<\/title>\n<meta name=\"description\" content=\"\u00bfQuieres saber cu\u00e1l es el fotoprotector ideal para tus vacaciones? No te pierdas nuestros consejos para escogerlo seg\u00fan tus planes.\" \/>\n<meta name=\"robots\" content=\"index, follow, max-snippet:-1, max-image-preview:large, max-video-preview:-1\" \/>\n<link rel=\"canonical\" href=\"https:\/\/www.isdin.com\/es\/blog\/protector-solar-ideal-vacaciones\/\" \/>\n<meta property=\"og:locale\" content=\"es_ES\" \/>\n<meta property=\"og:type\" content=\"article\" \/>\n<meta property=\"og:title\" content=\"El protector solar ideal para tus vacaciones\" \/>\n<meta property=\"og:description\" content=\"\u00bfQuieres saber cu\u00e1l es el fotoprotector ideal para tus vacaciones? No te pierdas nuestros consejos para escogerlo seg\u00fan tus planes.\" \/>\n<meta property=\"og:url\" content=\"https:\/\/www.isdin.com\/es\/blog\/protector-solar-ideal-vacaciones\/\" \/>\n<meta property=\"og:site_name\" content=\"ISDIN\" \/>\n<meta property=\"article:publisher\" content=\"https:\/\/es-es.facebook.com\/ISDIN.official\/\" \/>\n<meta property=\"article:published_time\" content=\"2025-07-17T14:03:35+00:00\" \/>\n<meta property=\"article:modified_time\" content=\"2025-07-17T14:42:35+00:00\" \/>\n<meta property=\"og:image\" content=\"https:\/\/www.isdin.com\/es\/blog\/wp-content\/uploads\/2019\/07\/2021_06_Blog_Imatge_Facebook-1.jpg\" \/>\n\t<meta property=\"og:image:width\" content=\"1200\" \/>\n\t<meta property=\"og:image:height\" content=\"630\" \/>\n\t<meta property=\"og:image:type\" content=\"image\/jpeg\" \/>\n<meta name=\"author\" content=\"Belinda Mart\u00ednez\" \/>\n<meta name=\"twitter:card\" content=\"summary_large_image\" \/>\n<meta name=\"twitter:creator\" content=\"@isdin_official\" \/>\n<meta name=\"twitter:site\" content=\"@isdin_official\" \/>\n<meta name=\"twitter:label1\" content=\"Written by\" \/>\n\t<meta name=\"twitter:data1\" content=\"Belinda Mart\u00ednez\" \/>\n\t<meta name=\"twitter:label2\" content=\"Est. reading time\" \/>\n\t<meta name=\"twitter:data2\" content=\"9 minutes\" \/>\n<script type=\"application\/ld+json\" class=\"yoast-schema-graph\">{\"@context\":\"https:\/\/schema.org\",\"@graph\":[{\"@type\":\"Article\",\"@id\":\"https:\/\/www.isdin.com\/es\/blog\/protector-solar-ideal-vacaciones\/#article\",\"isPartOf\":{\"@id\":\"https:\/\/www.isdin.com\/es\/blog\/protector-solar-ideal-vacaciones\/\"},\"author\":{\"name\":\"Belinda Mart\u00ednez\",\"@id\":\"https:\/\/www.isdin.com\/es\/blog\/#\/schema\/person\/684015d7d9e78124cb4aa660f6fe8576\"},\"headline\":\"El protector solar ideal para tus vacaciones\",\"datePublished\":\"2025-07-17T14:03:35+00:00\",\"dateModified\":\"2025-07-17T14:42:35+00:00\",\"mainEntityOfPage\":{\"@id\":\"https:\/\/www.isdin.com\/es\/blog\/protector-solar-ideal-vacaciones\/\"},\"wordCount\":1535,\"commentCount\":0,\"publisher\":{\"@id\":\"https:\/\/www.isdin.com\/es\/blog\/#organization\"},\"image\":{\"@id\":\"https:\/\/www.isdin.com\/es\/blog\/protector-solar-ideal-vacaciones\/#primaryimage\"},\"thumbnailUrl\":\"https:\/\/www.isdin.com\/es\/blog\/wp-content\/uploads\/2023\/06\/Header-3-1.png\",\"keywords\":[\"fotoprotecci\u00f3n\",\"vacaciones\",\"verano\"],\"articleSection\":[\"Consejos y cuidados\",\"Sol y piel\"],\"inLanguage\":\"es-ES\"},{\"@type\":\"WebPage\",\"@id\":\"https:\/\/www.isdin.com\/es\/blog\/protector-solar-ideal-vacaciones\/\",\"url\":\"https:\/\/www.isdin.com\/es\/blog\/protector-solar-ideal-vacaciones\/\",\"name\":\"El protector solar ideal para tus vacaciones - ISDIN\",\"isPartOf\":{\"@id\":\"https:\/\/www.isdin.com\/es\/blog\/#website\"},\"primaryImageOfPage\":{\"@id\":\"https:\/\/www.isdin.com\/es\/blog\/protector-solar-ideal-vacaciones\/#primaryimage\"},\"image\":{\"@id\":\"https:\/\/www.isdin.com\/es\/blog\/protector-solar-ideal-vacaciones\/#primaryimage\"},\"thumbnailUrl\":\"https:\/\/www.isdin.com\/es\/blog\/wp-content\/uploads\/2023\/06\/Header-3-1.png\",\"datePublished\":\"2025-07-17T14:03:35+00:00\",\"dateModified\":\"2025-07-17T14:42:35+00:00\",\"description\":\"\u00bfQuieres saber cu\u00e1l es el fotoprotector ideal para tus vacaciones? No te pierdas nuestros consejos para escogerlo seg\u00fan tus planes.\",\"breadcrumb\":{\"@id\":\"https:\/\/www.isdin.com\/es\/blog\/protector-solar-ideal-vacaciones\/#breadcrumb\"},\"inLanguage\":\"es-ES\",\"potentialAction\":[{\"@type\":\"ReadAction\",\"target\":[\"https:\/\/www.isdin.com\/es\/blog\/protector-solar-ideal-vacaciones\/\"]}]},{\"@type\":\"ImageObject\",\"inLanguage\":\"es-ES\",\"@id\":\"https:\/\/www.isdin.com\/es\/blog\/protector-solar-ideal-vacaciones\/#primaryimage\",\"url\":\"https:\/\/www.isdin.com\/es\/blog\/wp-content\/uploads\/2023\/06\/Header-3-1.png\",\"contentUrl\":\"https:\/\/www.isdin.com\/es\/blog\/wp-content\/uploads\/2023\/06\/Header-3-1.png\",\"width\":1200,\"height\":760,\"caption\":\"chicas disfrutando vacaciones de verano\"},{\"@type\":\"BreadcrumbList\",\"@id\":\"https:\/\/www.isdin.com\/es\/blog\/protector-solar-ideal-vacaciones\/#breadcrumb\",\"itemListElement\":[{\"@type\":\"ListItem\",\"position\":1,\"name\":\"Portada\",\"item\":\"https:\/\/www.isdin.com\/es\/blog\/\"},{\"@type\":\"ListItem\",\"position\":2,\"name\":\"El protector solar ideal para tus vacaciones\"}]},{\"@type\":\"WebSite\",\"@id\":\"https:\/\/www.isdin.com\/es\/blog\/#website\",\"url\":\"https:\/\/www.isdin.com\/es\/blog\/\",\"name\":\"ISDIN\",\"description\":\"Novedades, lanzamientos de productos y toda la experiencia de ISDIN\",\"publisher\":{\"@id\":\"https:\/\/www.isdin.com\/es\/blog\/#organization\"},\"potentialAction\":[{\"@type\":\"SearchAction\",\"target\":{\"@type\":\"EntryPoint\",\"urlTemplate\":\"https:\/\/www.isdin.com\/es\/blog\/?s={search_term_string}\"},\"query-input\":{\"@type\":\"PropertyValueSpecification\",\"valueRequired\":true,\"valueName\":\"search_term_string\"}}],\"inLanguage\":\"es-ES\"},{\"@type\":\"Organization\",\"@id\":\"https:\/\/www.isdin.com\/es\/blog\/#organization\",\"name\":\"ISDIN\",\"alternateName\":\"ISDIN\",\"url\":\"https:\/\/www.isdin.com\/es\/blog\/\",\"logo\":{\"@type\":\"ImageObject\",\"inLanguage\":\"es-ES\",\"@id\":\"https:\/\/www.isdin.com\/es\/blog\/#\/schema\/logo\/image\/\",\"url\":\"https:\/\/www.isdin.com\/es\/blog\/wp-content\/uploads\/2024\/05\/2025_03_GuiaFoto_FWM.png\",\"contentUrl\":\"https:\/\/www.isdin.com\/es\/blog\/wp-content\/uploads\/2024\/05\/2025_03_GuiaFoto_FWM.png\",\"width\":670,\"height\":683,\"caption\":\"ISDIN\"},\"image\":{\"@id\":\"https:\/\/www.isdin.com\/es\/blog\/#\/schema\/logo\/image\/\"},\"sameAs\":[\"https:\/\/es-es.facebook.com\/ISDIN.official\/\",\"https:\/\/x.com\/isdin_official\",\"https:\/\/www.instagram.com\/isdinofficial\",\"https:\/\/www.youtube.com\/channel\/UCtoNJMKpDwdFLqgV23_lcqg\"],\"telephone\":\"659997812\"},{\"@type\":\"Person\",\"@id\":\"https:\/\/www.isdin.com\/es\/blog\/#\/schema\/person\/684015d7d9e78124cb4aa660f6fe8576\",\"name\":\"Belinda Mart\u00ednez\",\"image\":{\"@type\":\"ImageObject\",\"inLanguage\":\"es-ES\",\"@id\":\"https:\/\/www.isdin.com\/es\/blog\/#\/schema\/person\/image\/\",\"url\":\"https:\/\/www.isdin.com\/es\/blog\/wp-content\/uploads\/2017\/07\/jjjj.jpg\",\"contentUrl\":\"https:\/\/www.isdin.com\/es\/blog\/wp-content\/uploads\/2017\/07\/jjjj.jpg\",\"caption\":\"Belinda Mart\u00ednez\"},\"description\":\"Belinda es periodista y copywriter creativa. Tras a\u00f1os de experiencia, decidi\u00f3 fusionar sus habilidades de escritura con su amor por el skincare, convirti\u00e9ndose en una especialista en la materia. \u00bfSu imprescindible? Un buen b\u00e1lsamo de labios.\",\"sameAs\":[\"https:\/\/www.linkedin.com\/in\/thisisbel\/\"],\"url\":\"https:\/\/www.isdin.com\/es\/blog\/author\/belindamartinez\/\"}]}<\/script>\n<!-- \/ Yoast SEO Premium plugin. -->","yoast_head_json":{"title":"El protector solar ideal para tus vacaciones - ISDIN","description":"\u00bfQuieres saber cu\u00e1l es el fotoprotector ideal para tus vacaciones? No te pierdas nuestros consejos para escogerlo seg\u00fan tus planes.","robots":{"index":"index","follow":"follow","max-snippet":"max-snippet:-1","max-image-preview":"max-image-preview:large","max-video-preview":"max-video-preview:-1"},"canonical":"https:\/\/www.isdin.com\/es\/blog\/protector-solar-ideal-vacaciones\/","og_locale":"es_ES","og_type":"article","og_title":"El protector solar ideal para tus vacaciones","og_description":"\u00bfQuieres saber cu\u00e1l es el fotoprotector ideal para tus vacaciones? No te pierdas nuestros consejos para escogerlo seg\u00fan tus planes.","og_url":"https:\/\/www.isdin.com\/es\/blog\/protector-solar-ideal-vacaciones\/","og_site_name":"ISDIN","article_publisher":"https:\/\/es-es.facebook.com\/ISDIN.official\/","article_published_time":"2025-07-17T14:03:35+00:00","article_modified_time":"2025-07-17T14:42:35+00:00","og_image":[{"width":1200,"height":630,"url":"https:\/\/www.isdin.com\/es\/blog\/wp-content\/uploads\/2019\/07\/2021_06_Blog_Imatge_Facebook-1.jpg","type":"image\/jpeg"}],"author":"Belinda Mart\u00ednez","twitter_card":"summary_large_image","twitter_creator":"@isdin_official","twitter_site":"@isdin_official","twitter_misc":{"Written by":"Belinda Mart\u00ednez","Est. reading time":"9 minutes"},"schema":{"@context":"https:\/\/schema.org","@graph":[{"@type":"Article","@id":"https:\/\/www.isdin.com\/es\/blog\/protector-solar-ideal-vacaciones\/#article","isPartOf":{"@id":"https:\/\/www.isdin.com\/es\/blog\/protector-solar-ideal-vacaciones\/"},"author":{"name":"Belinda Mart\u00ednez","@id":"https:\/\/www.isdin.com\/es\/blog\/#\/schema\/person\/684015d7d9e78124cb4aa660f6fe8576"},"headline":"El protector solar ideal para tus vacaciones","datePublished":"2025-07-17T14:03:35+00:00","dateModified":"2025-07-17T14:42:35+00:00","mainEntityOfPage":{"@id":"https:\/\/www.isdin.com\/es\/blog\/protector-solar-ideal-vacaciones\/"},"wordCount":1535,"commentCount":0,"publisher":{"@id":"https:\/\/www.isdin.com\/es\/blog\/#organization"},"image":{"@id":"https:\/\/www.isdin.com\/es\/blog\/protector-solar-ideal-vacaciones\/#primaryimage"},"thumbnailUrl":"https:\/\/www.isdin.com\/es\/blog\/wp-content\/uploads\/2023\/06\/Header-3-1.png","keywords":["fotoprotecci\u00f3n","vacaciones","verano"],"articleSection":["Consejos y cuidados","Sol y piel"],"inLanguage":"es-ES"},{"@type":"WebPage","@id":"https:\/\/www.isdin.com\/es\/blog\/protector-solar-ideal-vacaciones\/","url":"https:\/\/www.isdin.com\/es\/blog\/protector-solar-ideal-vacaciones\/","name":"El protector solar ideal para tus vacaciones - ISDIN","isPartOf":{"@id":"https:\/\/www.isdin.com\/es\/blog\/#website"},"primaryImageOfPage":{"@id":"https:\/\/www.isdin.com\/es\/blog\/protector-solar-ideal-vacaciones\/#primaryimage"},"image":{"@id":"https:\/\/www.isdin.com\/es\/blog\/protector-solar-ideal-vacaciones\/#primaryimage"},"thumbnailUrl":"https:\/\/www.isdin.com\/es\/blog\/wp-content\/uploads\/2023\/06\/Header-3-1.png","datePublished":"2025-07-17T14:03:35+00:00","dateModified":"2025-07-17T14:42:35+00:00","description":"\u00bfQuieres saber cu\u00e1l es el fotoprotector ideal para tus vacaciones? No te pierdas nuestros consejos para escogerlo seg\u00fan tus planes.","breadcrumb":{"@id":"https:\/\/www.isdin.com\/es\/blog\/protector-solar-ideal-vacaciones\/#breadcrumb"},"inLanguage":"es-ES","potentialAction":[{"@type":"ReadAction","target":["https:\/\/www.isdin.com\/es\/blog\/protector-solar-ideal-vacaciones\/"]}]},{"@type":"ImageObject","inLanguage":"es-ES","@id":"https:\/\/www.isdin.com\/es\/blog\/protector-solar-ideal-vacaciones\/#primaryimage","url":"https:\/\/www.isdin.com\/es\/blog\/wp-content\/uploads\/2023\/06\/Header-3-1.png","contentUrl":"https:\/\/www.isdin.com\/es\/blog\/wp-content\/uploads\/2023\/06\/Header-3-1.png","width":1200,"height":760,"caption":"chicas disfrutando vacaciones de verano"},{"@type":"BreadcrumbList","@id":"https:\/\/www.isdin.com\/es\/blog\/protector-solar-ideal-vacaciones\/#breadcrumb","itemListElement":[{"@type":"ListItem","position":1,"name":"Portada","item":"https:\/\/www.isdin.com\/es\/blog\/"},{"@type":"ListItem","position":2,"name":"El protector solar ideal para tus vacaciones"}]},{"@type":"WebSite","@id":"https:\/\/www.isdin.com\/es\/blog\/#website","url":"https:\/\/www.isdin.com\/es\/blog\/","name":"ISDIN","description":"Novedades, lanzamientos de productos y toda la experiencia de ISDIN","publisher":{"@id":"https:\/\/www.isdin.com\/es\/blog\/#organization"},"potentialAction":[{"@type":"SearchAction","target":{"@type":"EntryPoint","urlTemplate":"https:\/\/www.isdin.com\/es\/blog\/?s={search_term_string}"},"query-input":{"@type":"PropertyValueSpecification","valueRequired":true,"valueName":"search_term_string"}}],"inLanguage":"es-ES"},{"@type":"Organization","@id":"https:\/\/www.isdin.com\/es\/blog\/#organization","name":"ISDIN","alternateName":"ISDIN","url":"https:\/\/www.isdin.com\/es\/blog\/","logo":{"@type":"ImageObject","inLanguage":"es-ES","@id":"https:\/\/www.isdin.com\/es\/blog\/#\/schema\/logo\/image\/","url":"https:\/\/www.isdin.com\/es\/blog\/wp-content\/uploads\/2024\/05\/2025_03_GuiaFoto_FWM.png","contentUrl":"https:\/\/www.isdin.com\/es\/blog\/wp-content\/uploads\/2024\/05\/2025_03_GuiaFoto_FWM.png","width":670,"height":683,"caption":"ISDIN"},"image":{"@id":"https:\/\/www.isdin.com\/es\/blog\/#\/schema\/logo\/image\/"},"sameAs":["https:\/\/es-es.facebook.com\/ISDIN.official\/","https:\/\/x.com\/isdin_official","https:\/\/www.instagram.com\/isdinofficial","https:\/\/www.youtube.com\/channel\/UCtoNJMKpDwdFLqgV23_lcqg"],"telephone":"659997812"},{"@type":"Person","@id":"https:\/\/www.isdin.com\/es\/blog\/#\/schema\/person\/684015d7d9e78124cb4aa660f6fe8576","name":"Belinda Mart\u00ednez","image":{"@type":"ImageObject","inLanguage":"es-ES","@id":"https:\/\/www.isdin.com\/es\/blog\/#\/schema\/person\/image\/","url":"https:\/\/www.isdin.com\/es\/blog\/wp-content\/uploads\/2017\/07\/jjjj.jpg","contentUrl":"https:\/\/www.isdin.com\/es\/blog\/wp-content\/uploads\/2017\/07\/jjjj.jpg","caption":"Belinda Mart\u00ednez"},"description":"Belinda es periodista y copywriter creativa. Tras a\u00f1os de experiencia, decidi\u00f3 fusionar sus habilidades de escritura con su amor por el skincare, convirti\u00e9ndose en una especialista en la materia. \u00bfSu imprescindible? Un buen b\u00e1lsamo de labios.","sameAs":["https:\/\/www.linkedin.com\/in\/thisisbel\/"],"url":"https:\/\/www.isdin.com\/es\/blog\/author\/belindamartinez\/"}]}},"_links":{"self":[{"href":"https:\/\/www.isdin.com\/es\/blog\/wp-json\/wp\/v2\/posts\/4820","targetHints":{"allow":["GET"]}}],"collection":[{"href":"https:\/\/www.isdin.com\/es\/blog\/wp-json\/wp\/v2\/posts"}],"about":[{"href":"https:\/\/www.isdin.com\/es\/blog\/wp-json\/wp\/v2\/types\/post"}],"author":[{"embeddable":true,"href":"https:\/\/www.isdin.com\/es\/blog\/wp-json\/wp\/v2\/users\/69"}],"replies":[{"embeddable":true,"href":"https:\/\/www.isdin.com\/es\/blog\/wp-json\/wp\/v2\/comments?post=4820"}],"version-history":[{"count":13,"href":"https:\/\/www.isdin.com\/es\/blog\/wp-json\/wp\/v2\/posts\/4820\/revisions"}],"predecessor-version":[{"id":12313,"href":"https:\/\/www.isdin.com\/es\/blog\/wp-json\/wp\/v2\/posts\/4820\/revisions\/12313"}],"wp:featuredmedia":[{"embeddable":true,"href":"https:\/\/www.isdin.com\/es\/blog\/wp-json\/wp\/v2\/media\/12312"}],"wp:attachment":[{"href":"https:\/\/www.isdin.com\/es\/blog\/wp-json\/wp\/v2\/media?parent=4820"}],"wp:term":[{"taxonomy":"category","embeddable":true,"href":"https:\/\/www.isdin.com\/es\/blog\/wp-json\/wp\/v2\/categories?post=4820"},{"taxonomy":"post_tag","embeddable":true,"href":"https:\/\/www.isdin.com\/es\/blog\/wp-json\/wp\/v2\/tags?post=4820"}],"curies":[{"name":"wp","href":"https:\/\/api.w.org\/{rel}","templated":true}]}}