{"id":4740,"date":"2025-12-28T08:00:00","date_gmt":"2025-12-28T08:00:00","guid":{"rendered":"https:\/\/www.isdin.com\/es\/blog\/?p=4740"},"modified":"2025-12-24T11:53:47","modified_gmt":"2025-12-24T11:53:47","slug":"piel-perfecta-y-radiante-eventos","status":"publish","type":"post","link":"https:\/\/www.isdin.com\/es\/blog\/piel-perfecta-y-radiante-eventos\/","title":{"rendered":"Piel perfecta en fiestas y eventos: cu\u00e1ndo y c\u00f3mo usar ampollas faciales"},"content":{"rendered":"\n<p>Si eres de las personas que disfrutan probando las \u00faltimas novedades en belleza y siguiendo las tendencia<em>s skincare<\/em> del momento, es muy probable que las <strong>ampollas faciales<\/strong> ya hayan llamado tu atenci\u00f3n. Y si todav\u00eda no est\u00e1n en tu radar, est\u00e1s a punto de descubrir por qu\u00e9 se han convertido en uno de los gestos favoritos para conseguir una piel espectacular en tiempo r\u00e9cord.<\/p>\n\n\n\n<p>Con la llegada de las fiestas, los eventos especiales y una agenda que se llena de comidas, cenas y celebraciones, nuestra piel suele ser la primera en notar el cansancio: menos luminosidad, signos de estr\u00e9s o deshidrataci\u00f3n. Precisamente por eso, cada vez m\u00e1s <em>skinlovers<\/em> recurren a las ampollas como el <strong>aliado imprescindible para preparar la piel antes de un gran evento<\/strong>.<\/p>\n\n\n\n<p>En este art\u00edculo te contamos <strong>cu\u00e1ndo, por qu\u00e9 y c\u00f3mo incorporarlas en tu rutina de cuidado facial<\/strong>, para que tu piel luzca fresca, uniforme y radiante justo cuando m\u00e1s lo necesitas.<\/p>\n\n\n\n<h2 class=\"wp-block-heading\" id=\"h-que-es-una-ampolla-facial\">\u00bfQu\u00e9 es una ampolla facial?<\/h2>\n\n\n\n<p>Al incorporar una ampolla a tu rutina de cuidado de la piel, hay algo importante que debes saber: el t\u00e9rmino <em>ampolla<\/em> hace referencia al <strong>envase de vidrio sellado<\/strong>, mientras que su contenido es, en realidad, un <a href=\"https:\/\/www.isdin.com\/es\/blog\/guia-esencial-de-serums-dia-noche\/\"><strong>s\u00e9rum<\/strong><\/a>. Es decir, el tratamiento es el s\u00e9rum y la ampolla es el formato que lo protege y conserva.<\/p>\n\n\n\n<p>Tal como explica Berta Ochoa, Brand Manager de ISDINCEUTICS, las ampollas faciales tambi\u00e9n pueden definirse como <strong>\u201cs\u00e9rums en ampolla\u201d<\/strong>. Se caracterizan por f\u00f3rmulas concentradas y minimalistas, dise\u00f1adas para <a href=\"https:\/\/www.isdin.com\/es\/blog\/como-combinar-ingredientes-activos-en-una-rutina\/\">combinar ingredientes<\/a> clave de forma precisa y ofrecer un <strong>cuidado espec\u00edfico y eficaz<\/strong> seg\u00fan las necesidades de la piel.<\/p>\n\n\n\n<figure class=\"wp-block-image size-large\"><img loading=\"lazy\" decoding=\"async\" width=\"1024\" height=\"527\" src=\"data:image\/gif;base64,R0lGODlhAQABAAAAACH5BAEKAAEALAAAAAABAAEAAAICTAEAOw==\" data-src=\"https:\/\/www.isdin.com\/es\/blog\/wp-content\/uploads\/2019\/06\/Imagen-en-el-contenido-2025-12-18T174819.249-1-1024x527.png\" alt=\"Ampollas de vidrio \u00e1mbar flotando sobre agua con reflejos suaves. Producto ISDIN Hyaluronic Booster, s\u00e9rum concentrado para aplicar en el rostro y preparar la piel antes de celebraciones\" class=\"wp-image-13071 lazyload\" data-sizes=\"auto\" data-srcset=\"https:\/\/www.isdin.com\/es\/blog\/wp-content\/uploads\/2019\/06\/Imagen-en-el-contenido-2025-12-18T174819.249-1-1024x527.png 1024w, https:\/\/www.isdin.com\/es\/blog\/wp-content\/uploads\/2019\/06\/Imagen-en-el-contenido-2025-12-18T174819.249-1-300x155.png 300w, https:\/\/www.isdin.com\/es\/blog\/wp-content\/uploads\/2019\/06\/Imagen-en-el-contenido-2025-12-18T174819.249-1-150x77.png 150w, https:\/\/www.isdin.com\/es\/blog\/wp-content\/uploads\/2019\/06\/Imagen-en-el-contenido-2025-12-18T174819.249-1-768x396.png 768w, https:\/\/www.isdin.com\/es\/blog\/wp-content\/uploads\/2019\/06\/Imagen-en-el-contenido-2025-12-18T174819.249-1-585x300.png 585w, https:\/\/www.isdin.com\/es\/blog\/wp-content\/uploads\/2019\/06\/Imagen-en-el-contenido-2025-12-18T174819.249-1-450x232.png 450w, https:\/\/www.isdin.com\/es\/blog\/wp-content\/uploads\/2019\/06\/Imagen-en-el-contenido-2025-12-18T174819.249-1-20x11.png 20w, https:\/\/www.isdin.com\/es\/blog\/wp-content\/uploads\/2019\/06\/Imagen-en-el-contenido-2025-12-18T174819.249-1-225x116.png 225w, https:\/\/www.isdin.com\/es\/blog\/wp-content\/uploads\/2019\/06\/Imagen-en-el-contenido-2025-12-18T174819.249-1-900x464.png 900w, https:\/\/www.isdin.com\/es\/blog\/wp-content\/uploads\/2019\/06\/Imagen-en-el-contenido-2025-12-18T174819.249-1.png 1200w\" sizes=\"auto, (max-width: 1024px) 100vw, 1024px\" \/><\/figure>\n\n\n\n<p><\/p>\n\n\n\n<h2 class=\"wp-block-heading\" id=\"h-por-que-las-ampollas-son-un-formato-tan-eficaz\">\u00bfPor qu\u00e9 las ampollas son un formato tan eficaz?<\/h2>\n\n\n\n<p>El formato de las ampollas es una de sus grandes fortalezas. Al estar dise\u00f1adas para abrirse una sola vez, el producto permanece protegido hasta el momento de aplicaci\u00f3n, sin exponerse de forma continua al aire ni a factores externos.<\/p>\n\n\n\n<p>Tal como explica Berta, este sistema permite mantener la estabilidad de la f\u00f3rmula y prescindir de <a href=\"https:\/\/www.isdin.com\/es\/blog\/peptidos-cosmetica-que-son-beneficios-como-usarlos\/\">ingredientes<\/a> adicionales, dando lugar a tratamientos m\u00e1s directos y eficaces. \u201cLas ampollas son como peque\u00f1os <em>shots<\/em> de ingredientes concentrados que se aplican f\u00e1cilmente cuando la piel lo necesita\u201d, se\u00f1ala.<\/p>\n\n\n\n<blockquote class=\"wp-block-quote is-layout-flow wp-block-quote-is-layout-flow\">\n<p>\u201cLas ampollas son como peque\u00f1os <em>shots<\/em> de ingredientes concentrados que se aplican f\u00e1cilmente cuando la piel lo necesita\u201d. <\/p>\n<cite>Berta Ochoa, ISDINCEUTICS Brand Manager<\/cite><\/blockquote>\n\n\n\n<figure class=\"wp-block-image size-large\"><img loading=\"lazy\" decoding=\"async\" width=\"1024\" height=\"527\" src=\"data:image\/gif;base64,R0lGODlhAQABAAAAACH5BAEKAAEALAAAAAABAAEAAAICTAEAOw==\" data-src=\"https:\/\/www.isdin.com\/es\/blog\/wp-content\/uploads\/2019\/06\/Producto-Textura-46-1-1024x527.png\" alt=\"Perfil de rostro de Judith Masco con s\u00e9rum aplicado en la mejilla y manos tocando suavemente la piel. Producto ISDIN Flavo-C Ultraglican, textura hidratante que deja la piel radiante para bodas, cenas y eventos.\" class=\"wp-image-13070 lazyload\" data-sizes=\"auto\" data-srcset=\"https:\/\/www.isdin.com\/es\/blog\/wp-content\/uploads\/2019\/06\/Producto-Textura-46-1-1024x527.png 1024w, https:\/\/www.isdin.com\/es\/blog\/wp-content\/uploads\/2019\/06\/Producto-Textura-46-1-300x155.png 300w, https:\/\/www.isdin.com\/es\/blog\/wp-content\/uploads\/2019\/06\/Producto-Textura-46-1-150x77.png 150w, https:\/\/www.isdin.com\/es\/blog\/wp-content\/uploads\/2019\/06\/Producto-Textura-46-1-768x396.png 768w, https:\/\/www.isdin.com\/es\/blog\/wp-content\/uploads\/2019\/06\/Producto-Textura-46-1-1536x791.png 1536w, https:\/\/www.isdin.com\/es\/blog\/wp-content\/uploads\/2019\/06\/Producto-Textura-46-1-2048x1055.png 2048w, https:\/\/www.isdin.com\/es\/blog\/wp-content\/uploads\/2019\/06\/Producto-Textura-46-1-585x300.png 585w, https:\/\/www.isdin.com\/es\/blog\/wp-content\/uploads\/2019\/06\/Producto-Textura-46-1-450x232.png 450w, https:\/\/www.isdin.com\/es\/blog\/wp-content\/uploads\/2019\/06\/Producto-Textura-46-1-20x11.png 20w, https:\/\/www.isdin.com\/es\/blog\/wp-content\/uploads\/2019\/06\/Producto-Textura-46-1-225x116.png 225w, https:\/\/www.isdin.com\/es\/blog\/wp-content\/uploads\/2019\/06\/Producto-Textura-46-1-900x464.png 900w, https:\/\/www.isdin.com\/es\/blog\/wp-content\/uploads\/2019\/06\/Producto-Textura-46-1-1350x695.png 1350w\" sizes=\"auto, (max-width: 1024px) 100vw, 1024px\" \/><\/figure>\n\n\n\n<p><\/p>\n\n\n\n<p class=\"has-text-color has-background has-link-color wp-elements-7f530bfa530766075a5997a884254ccf\" style=\"color:#ffffff;background-color:#dcb367\">Este aspecto es especialmente relevante en ingredientes como la <a href=\"https:\/\/www.isdin.com\/es\/blog\/vitamina-c-que-es-para-que-sirve-y-como-usarla\/\"><strong>vitamina C<\/strong><\/a>, que ofrece su m\u00e1ximo rendimiento cuando se mantiene estable y protegida del contacto con el aire, evitando la oxidaci\u00f3n.<\/p>\n\n\n\n<p><\/p>\n\n\n\n<h2 class=\"wp-block-heading\" id=\"h-cuando-usar-las-ampollas-en-tu-rutina-de-cuidado-facial\">\u00bfCu\u00e1ndo usar las ampollas en tu rutina de cuidado facial?<\/h2>\n\n\n\n<p>Las ampollas faciales son ideales cuando la piel necesita un <strong>tratamiento intensivo puntual<\/strong>. Tal como explica Berta, son la opci\u00f3n perfecta para una aut\u00e9ntica <em>skintervention<\/em>: un gesto r\u00e1pido y eficaz para aportar <a href=\"https:\/\/www.isdin.com\/es\/blog\/piel-grasa-vs-piel-glowy-diferencias-y-rutina-skincare\/\">luminosidad<\/a>, hidrataci\u00f3n o vitalidad extra antes de un momento importante.<\/p>\n\n\n\n<p>\u00bf<strong>Cu\u00e1ndo usar ampollas faciales<\/strong>? Son especialmente recomendables en los d\u00edas previos a un gran evento \u2014como una boda, una cena especial o una jornada intensa de celebraciones\u2014, pero tambi\u00e9n pueden aplicarse <a href=\"https:\/\/www.isdin.com\/es\/blog\/ideas-de-regalo-para-las-fiestas\/\"><strong>el mismo d\u00eda del evento<\/strong><\/a> para preparar la piel y potenciar su aspecto. Su formato en monodosis permite adaptar su uso a las necesidades del momento y utilizarlas solo cuando la piel lo pide.<\/p>\n\n\n\n<p>\u201cPara m\u00ed son s\u00faper pr\u00e1cticas. Si tengo un plan importante o un viaje corto, llevo solo las ampollas que s\u00e9 que voy a usar\u201d, explica Berta. En cuanto a <strong>c\u00f3mo incorporarlas en la rutina facial<\/strong>, lo ideal es aplicarlas despu\u00e9s de <a href=\"https:\/\/www.isdin.com\/blog\/guia-esencial-de-limpiadores-faciales\/\">la limpieza<\/a> y del <a href=\"https:\/\/www.isdin.com\/blog\/guia-esencial-sobre-contornos-de-ojos\/\">contorno de ojos<\/a>, y antes de la <a href=\"https:\/\/www.isdin.com\/blog\/guia-esencial-de-cremas-hidratantes-faciales\/\">crema hidratante<\/a>. De este modo, el s\u00e9rum concentrado act\u00faa directamente sobre la piel, ayudando a que se vea m\u00e1s uniforme, luminosa y preparada para que el maquillaje se mantenga impecable durante m\u00e1s tiempo.<\/p>\n\n\n\n<figure class=\"wp-block-image size-large\"><img loading=\"lazy\" decoding=\"async\" width=\"1024\" height=\"527\" src=\"data:image\/gif;base64,R0lGODlhAQABAAAAACH5BAEKAAEALAAAAAABAAEAAAICTAEAOw==\" data-src=\"https:\/\/www.isdin.com\/es\/blog\/wp-content\/uploads\/2019\/06\/Imagen-en-el-contenido-2025-12-18T174811.349-1-1024x527.png\" alt=\"Instant Flash de isdin de ampollas con s\u00e9rum concentrado para aplicar en el rostro y preparar la piel antes de fiestas y celebraciones.\" class=\"wp-image-13073 lazyload\" data-sizes=\"auto\" data-srcset=\"https:\/\/www.isdin.com\/es\/blog\/wp-content\/uploads\/2019\/06\/Imagen-en-el-contenido-2025-12-18T174811.349-1-1024x527.png 1024w, https:\/\/www.isdin.com\/es\/blog\/wp-content\/uploads\/2019\/06\/Imagen-en-el-contenido-2025-12-18T174811.349-1-300x155.png 300w, https:\/\/www.isdin.com\/es\/blog\/wp-content\/uploads\/2019\/06\/Imagen-en-el-contenido-2025-12-18T174811.349-1-150x77.png 150w, https:\/\/www.isdin.com\/es\/blog\/wp-content\/uploads\/2019\/06\/Imagen-en-el-contenido-2025-12-18T174811.349-1-768x396.png 768w, https:\/\/www.isdin.com\/es\/blog\/wp-content\/uploads\/2019\/06\/Imagen-en-el-contenido-2025-12-18T174811.349-1-585x300.png 585w, https:\/\/www.isdin.com\/es\/blog\/wp-content\/uploads\/2019\/06\/Imagen-en-el-contenido-2025-12-18T174811.349-1-450x232.png 450w, https:\/\/www.isdin.com\/es\/blog\/wp-content\/uploads\/2019\/06\/Imagen-en-el-contenido-2025-12-18T174811.349-1-20x11.png 20w, https:\/\/www.isdin.com\/es\/blog\/wp-content\/uploads\/2019\/06\/Imagen-en-el-contenido-2025-12-18T174811.349-1-225x116.png 225w, https:\/\/www.isdin.com\/es\/blog\/wp-content\/uploads\/2019\/06\/Imagen-en-el-contenido-2025-12-18T174811.349-1-900x464.png 900w, https:\/\/www.isdin.com\/es\/blog\/wp-content\/uploads\/2019\/06\/Imagen-en-el-contenido-2025-12-18T174811.349-1.png 1200w\" sizes=\"auto, (max-width: 1024px) 100vw, 1024px\" \/><\/figure>\n\n\n\n<p><\/p>\n\n\n\n<h2 class=\"wp-block-heading\" id=\"h-como-usar-una-ampolla\">\u00bfC\u00f3mo usar una ampolla?<\/h2>\n\n\n\n<p>La mayor\u00eda de las ampollas incluyen instrucciones en su envase, por lo que conviene revisarlas antes de abrirlas. En el caso de las ampollas de ISDINCEUTICS, estos son los pasos recomendados para integrarlas de forma segura y eficaz en <a href=\"https:\/\/www.isdin.com\/es\/blog\/en-que-orden-se-aplican-las-cremas\/\">tu rutina facial<\/a>.<\/p>\n\n\n\n<h3 class=\"wp-block-heading\" id=\"h-1-agita-la-ampolla\">1. Agita la ampolla<\/h3>\n\n\n\n<div class=\"wp-block-media-text is-stacked-on-mobile\" style=\"grid-template-columns:40% auto\"><figure class=\"wp-block-media-text__media\"><img loading=\"lazy\" decoding=\"async\" width=\"670\" height=\"683\" src=\"data:image\/gif;base64,R0lGODlhAQABAAAAACH5BAEKAAEALAAAAAABAAEAAAICTAEAOw==\" data-src=\"https:\/\/www.isdin.com\/es\/blog\/wp-content\/uploads\/2019\/06\/Textura-66-1.png\" alt=\"Primer plano de piel del rostro y mano sosteniendo una ampolla de vidrio \u00e1mbar de \u00e1cido hialur\u00f3nico isdin\" class=\"wp-image-13068 size-full lazyload\" data-sizes=\"auto\" data-srcset=\"https:\/\/www.isdin.com\/es\/blog\/wp-content\/uploads\/2019\/06\/Textura-66-1.png 670w, https:\/\/www.isdin.com\/es\/blog\/wp-content\/uploads\/2019\/06\/Textura-66-1-294x300.png 294w, https:\/\/www.isdin.com\/es\/blog\/wp-content\/uploads\/2019\/06\/Textura-66-1-147x150.png 147w, https:\/\/www.isdin.com\/es\/blog\/wp-content\/uploads\/2019\/06\/Textura-66-1-70x70.png 70w, https:\/\/www.isdin.com\/es\/blog\/wp-content\/uploads\/2019\/06\/Textura-66-1-450x459.png 450w, https:\/\/www.isdin.com\/es\/blog\/wp-content\/uploads\/2019\/06\/Textura-66-1-20x20.png 20w, https:\/\/www.isdin.com\/es\/blog\/wp-content\/uploads\/2019\/06\/Textura-66-1-225x229.png 225w\" sizes=\"auto, (max-width: 670px) 100vw, 670px\" \/><\/figure><div class=\"wp-block-media-text__content\">\n<p>Agita suavemente la ampolla para que la f\u00f3rmula se mezcle correctamente, especialmente si contiene aceites. Da unos peque\u00f1os golpecitos en el cuello para que el s\u00e9rum baje al fondo y evitar desperdiciarlo al abrirla.<\/p>\n<\/div><\/div>\n\n\n\n<p><\/p>\n\n\n\n<h3 class=\"wp-block-heading\" id=\"h-2-abrela-con-cuidado\">2. \u00c1brela con cuidado<\/h3>\n\n\n\n<div class=\"wp-block-media-text is-stacked-on-mobile\" style=\"grid-template-columns:39% auto\"><figure class=\"wp-block-media-text__media\"><img loading=\"lazy\" decoding=\"async\" width=\"670\" height=\"683\" src=\"data:image\/gif;base64,R0lGODlhAQABAAAAACH5BAEKAAEALAAAAAABAAEAAAICTAEAOw==\" data-src=\"https:\/\/www.isdin.com\/es\/blog\/wp-content\/uploads\/2019\/06\/Textura-68-1.png\" alt=\"Ampollas de vidrio \u00e1mbar sobre fondo claro con luz direccional y sombras suaves. Producto ISDIN Hyaluronic Booster, s\u00e9rum en ampollas para hidratar el rostro antes de eventos.\" class=\"wp-image-13066 size-full lazyload\" data-sizes=\"auto\" data-srcset=\"https:\/\/www.isdin.com\/es\/blog\/wp-content\/uploads\/2019\/06\/Textura-68-1.png 670w, https:\/\/www.isdin.com\/es\/blog\/wp-content\/uploads\/2019\/06\/Textura-68-1-294x300.png 294w, https:\/\/www.isdin.com\/es\/blog\/wp-content\/uploads\/2019\/06\/Textura-68-1-147x150.png 147w, https:\/\/www.isdin.com\/es\/blog\/wp-content\/uploads\/2019\/06\/Textura-68-1-70x70.png 70w, https:\/\/www.isdin.com\/es\/blog\/wp-content\/uploads\/2019\/06\/Textura-68-1-450x459.png 450w, https:\/\/www.isdin.com\/es\/blog\/wp-content\/uploads\/2019\/06\/Textura-68-1-20x20.png 20w, https:\/\/www.isdin.com\/es\/blog\/wp-content\/uploads\/2019\/06\/Textura-68-1-225x229.png 225w\" sizes=\"auto, (max-width: 670px) 100vw, 670px\" \/><\/figure><div class=\"wp-block-media-text__content\">\n<p>Introduce la ampolla en el tubo protector y rompe el vidrio ejerciendo presi\u00f3n hacia abajo, siempre alej\u00e1ndola del rostro. Este paso garantiza una apertura segura y limpia.<\/p>\n<\/div><\/div>\n\n\n\n<p><\/p>\n\n\n\n<h3 class=\"wp-block-heading\" id=\"h-3-prepara-el-aplicador\">3. Prepara el aplicador<\/h3>\n\n\n\n<div class=\"wp-block-media-text is-stacked-on-mobile\" style=\"grid-template-columns:37% auto\"><figure class=\"wp-block-media-text__media\"><img loading=\"lazy\" decoding=\"async\" width=\"670\" height=\"683\" src=\"data:image\/gif;base64,R0lGODlhAQABAAAAACH5BAEKAAEALAAAAAABAAEAAAICTAEAOw==\" data-src=\"https:\/\/www.isdin.com\/es\/blog\/wp-content\/uploads\/2019\/06\/Textura-69-1.png\" alt=\"Mano aplicando s\u00e9rum transparente con cuentagotas sobre la yema de los dedos, fondo claro. Producto ISDIN Hyaluronic Booster, textura ligera para hidratar y dar brillo natural antes de fiestas y eventos.\" class=\"wp-image-13065 size-full lazyload\" data-sizes=\"auto\" data-srcset=\"https:\/\/www.isdin.com\/es\/blog\/wp-content\/uploads\/2019\/06\/Textura-69-1.png 670w, https:\/\/www.isdin.com\/es\/blog\/wp-content\/uploads\/2019\/06\/Textura-69-1-294x300.png 294w, https:\/\/www.isdin.com\/es\/blog\/wp-content\/uploads\/2019\/06\/Textura-69-1-147x150.png 147w, https:\/\/www.isdin.com\/es\/blog\/wp-content\/uploads\/2019\/06\/Textura-69-1-70x70.png 70w, https:\/\/www.isdin.com\/es\/blog\/wp-content\/uploads\/2019\/06\/Textura-69-1-450x459.png 450w, https:\/\/www.isdin.com\/es\/blog\/wp-content\/uploads\/2019\/06\/Textura-69-1-20x20.png 20w, https:\/\/www.isdin.com\/es\/blog\/wp-content\/uploads\/2019\/06\/Textura-69-1-225x229.png 225w\" sizes=\"auto, (max-width: 670px) 100vw, 670px\" \/><\/figure><div class=\"wp-block-media-text__content\">\n<p>Coloca el aplicador especial en la ampolla ya abierta. Retira el tap\u00f3n y dispensa el s\u00e9rum en la palma de la mano o directamente sobre el rostro, seg\u00fan prefieras.<\/p>\n<\/div><\/div>\n\n\n\n<p><\/p>\n\n\n\n<h3 class=\"wp-block-heading\" id=\"h-4-aplica-el-serum\">4. Aplica el s\u00e9rum<\/h3>\n\n\n\n<div class=\"wp-block-media-text is-stacked-on-mobile\" style=\"grid-template-columns:37% auto\"><figure class=\"wp-block-media-text__media\"><img loading=\"lazy\" decoding=\"async\" width=\"670\" height=\"683\" src=\"data:image\/gif;base64,R0lGODlhAQABAAAAACH5BAEKAAEALAAAAAABAAEAAAICTAEAOw==\" data-src=\"https:\/\/www.isdin.com\/es\/blog\/wp-content\/uploads\/2019\/06\/Textura-67-1.png\" alt=\"Primer plano de piel del rostro con s\u00e9rum brillante aplicado en la mejilla\" class=\"wp-image-13067 size-full lazyload\" data-sizes=\"auto\" data-srcset=\"https:\/\/www.isdin.com\/es\/blog\/wp-content\/uploads\/2019\/06\/Textura-67-1.png 670w, https:\/\/www.isdin.com\/es\/blog\/wp-content\/uploads\/2019\/06\/Textura-67-1-294x300.png 294w, https:\/\/www.isdin.com\/es\/blog\/wp-content\/uploads\/2019\/06\/Textura-67-1-147x150.png 147w, https:\/\/www.isdin.com\/es\/blog\/wp-content\/uploads\/2019\/06\/Textura-67-1-70x70.png 70w, https:\/\/www.isdin.com\/es\/blog\/wp-content\/uploads\/2019\/06\/Textura-67-1-450x459.png 450w, https:\/\/www.isdin.com\/es\/blog\/wp-content\/uploads\/2019\/06\/Textura-67-1-20x20.png 20w, https:\/\/www.isdin.com\/es\/blog\/wp-content\/uploads\/2019\/06\/Textura-67-1-225x229.png 225w\" sizes=\"auto, (max-width: 670px) 100vw, 670px\" \/><\/figure><div class=\"wp-block-media-text__content\">\n<p>Masajea suavemente <strong>la mitad del contenido<\/strong> sobre la piel, con movimientos delicados y ascendentes, hasta su completa absorci\u00f3n. La otra mitad puede reservarse para la siguiente aplicaci\u00f3n, manteniendo la ampolla bien protegida.<\/p>\n<\/div><\/div>\n\n\n\n<p><\/p>\n\n\n\n<h2 class=\"wp-block-heading\" id=\"h-como-conservar-una-ampolla-correctamente\">\u00bfC\u00f3mo conservar una ampolla correctamente?<\/h2>\n\n\n\n<figure class=\"wp-block-image size-large\"><img loading=\"lazy\" decoding=\"async\" width=\"1024\" height=\"527\" src=\"data:image\/gif;base64,R0lGODlhAQABAAAAACH5BAEKAAEALAAAAAABAAEAAAICTAEAOw==\" data-src=\"https:\/\/www.isdin.com\/es\/blog\/wp-content\/uploads\/2019\/06\/Imagen-en-el-contenido-2025-12-18T174828.996-1-1024x527.png\" alt=\"Varias ampollas de vidrio \u00e1mbar sobre fondo dorado con luz c\u00e1lida. Producto ISDIN Flavo-C Melatonin, formato de ampollas con s\u00e9rum para preparar la piel antes de bodas y fiestas\" class=\"wp-image-13069 lazyload\" data-sizes=\"auto\" data-srcset=\"https:\/\/www.isdin.com\/es\/blog\/wp-content\/uploads\/2019\/06\/Imagen-en-el-contenido-2025-12-18T174828.996-1-1024x527.png 1024w, https:\/\/www.isdin.com\/es\/blog\/wp-content\/uploads\/2019\/06\/Imagen-en-el-contenido-2025-12-18T174828.996-1-300x155.png 300w, https:\/\/www.isdin.com\/es\/blog\/wp-content\/uploads\/2019\/06\/Imagen-en-el-contenido-2025-12-18T174828.996-1-150x77.png 150w, https:\/\/www.isdin.com\/es\/blog\/wp-content\/uploads\/2019\/06\/Imagen-en-el-contenido-2025-12-18T174828.996-1-768x396.png 768w, https:\/\/www.isdin.com\/es\/blog\/wp-content\/uploads\/2019\/06\/Imagen-en-el-contenido-2025-12-18T174828.996-1-585x300.png 585w, https:\/\/www.isdin.com\/es\/blog\/wp-content\/uploads\/2019\/06\/Imagen-en-el-contenido-2025-12-18T174828.996-1-450x232.png 450w, https:\/\/www.isdin.com\/es\/blog\/wp-content\/uploads\/2019\/06\/Imagen-en-el-contenido-2025-12-18T174828.996-1-20x11.png 20w, https:\/\/www.isdin.com\/es\/blog\/wp-content\/uploads\/2019\/06\/Imagen-en-el-contenido-2025-12-18T174828.996-1-225x116.png 225w, https:\/\/www.isdin.com\/es\/blog\/wp-content\/uploads\/2019\/06\/Imagen-en-el-contenido-2025-12-18T174828.996-1-900x464.png 900w, https:\/\/www.isdin.com\/es\/blog\/wp-content\/uploads\/2019\/06\/Imagen-en-el-contenido-2025-12-18T174828.996-1.png 1200w\" sizes=\"auto, (max-width: 1024px) 100vw, 1024px\" \/><\/figure>\n\n\n\n<p><\/p>\n\n\n\n<p>Una vez abierta y preparada la ampolla, aplica el s\u00e9rum sobre la piel limpia del <strong>rostro y el cuello<\/strong>, evitando el contorno de los ojos. Extiende el producto con un masaje suave y delicado hasta su completa absorci\u00f3n, favoreciendo que los activos penetren y act\u00faen de forma eficaz.<\/p>\n\n\n\n<p>Despu\u00e9s de la aplicaci\u00f3n, vuelve a colocar el tap\u00f3n en el aplicador y guarda la ampolla en un lugar seco, a temperatura ambiente, hasta el siguiente uso. Este gesto sencillo permite mantener la f\u00f3rmula en buenas condiciones entre aplicaciones.<\/p>\n\n\n\n<p><\/p>\n\n\n\n<p class=\"has-text-color has-background has-link-color wp-elements-2c3cf3f84ba904c22ecc02b34bc66008\" style=\"color:#ffffff;background-color:#dcb367\">Eso s\u00ed, te recomendamos utilizarlas <strong>dentro de las 48 horas posteriores a su apertura<\/strong>. Esto permite aprovechar el mismo producto en la rutina de la ma\u00f1ana o de la noche siguiente, seg\u00fan el tipo de s\u00e9rum y las necesidades de la piel.<\/p>\n\n\n\n<p><\/p>\n\n\n\n<h2 class=\"wp-block-heading\" id=\"h-como-elegir-la-ampolla-facial-perfecta-para-tu-piel-y-tu-proximo-evento\">C\u00f3mo elegir la ampolla facial perfecta para tu piel y tu pr\u00f3ximo evento<\/h2>\n\n\n\n<figure class=\"wp-block-image size-large\"><img loading=\"lazy\" decoding=\"async\" width=\"1024\" height=\"527\" src=\"data:image\/gif;base64,R0lGODlhAQABAAAAACH5BAEKAAEALAAAAAABAAEAAAICTAEAOw==\" data-src=\"https:\/\/www.isdin.com\/es\/blog\/wp-content\/uploads\/2019\/06\/Imagen-en-el-contenido-2025-12-18T174815.401-1-1024x527.png\" alt=\"Mujer mirando su perfil en un espejo con luz suave, gesto de autocuidado. Preparaci\u00f3n de la piel para un acabado luminoso en bodas y eventos\" class=\"wp-image-13072 lazyload\" data-sizes=\"auto\" data-srcset=\"https:\/\/www.isdin.com\/es\/blog\/wp-content\/uploads\/2019\/06\/Imagen-en-el-contenido-2025-12-18T174815.401-1-1024x527.png 1024w, https:\/\/www.isdin.com\/es\/blog\/wp-content\/uploads\/2019\/06\/Imagen-en-el-contenido-2025-12-18T174815.401-1-300x155.png 300w, https:\/\/www.isdin.com\/es\/blog\/wp-content\/uploads\/2019\/06\/Imagen-en-el-contenido-2025-12-18T174815.401-1-150x77.png 150w, https:\/\/www.isdin.com\/es\/blog\/wp-content\/uploads\/2019\/06\/Imagen-en-el-contenido-2025-12-18T174815.401-1-768x396.png 768w, https:\/\/www.isdin.com\/es\/blog\/wp-content\/uploads\/2019\/06\/Imagen-en-el-contenido-2025-12-18T174815.401-1-585x300.png 585w, https:\/\/www.isdin.com\/es\/blog\/wp-content\/uploads\/2019\/06\/Imagen-en-el-contenido-2025-12-18T174815.401-1-450x232.png 450w, https:\/\/www.isdin.com\/es\/blog\/wp-content\/uploads\/2019\/06\/Imagen-en-el-contenido-2025-12-18T174815.401-1-20x11.png 20w, https:\/\/www.isdin.com\/es\/blog\/wp-content\/uploads\/2019\/06\/Imagen-en-el-contenido-2025-12-18T174815.401-1-225x116.png 225w, https:\/\/www.isdin.com\/es\/blog\/wp-content\/uploads\/2019\/06\/Imagen-en-el-contenido-2025-12-18T174815.401-1-900x464.png 900w, https:\/\/www.isdin.com\/es\/blog\/wp-content\/uploads\/2019\/06\/Imagen-en-el-contenido-2025-12-18T174815.401-1.png 1200w\" sizes=\"auto, (max-width: 1024px) 100vw, 1024px\" \/><\/figure>\n\n\n\n<p><\/p>\n\n\n\n<p>Ahora que ya sabes lo f\u00e1cil que es incorporar las ampollas en tu rutina de cuidado facial, llega el momento clave: <a href=\"https:\/\/www.isdin.com\/es\/search?q=ampollas\"><strong>elegir la f\u00f3rmula que mejor responda a las necesidades de tu piel<\/strong><\/a> y al tipo de evento que tienes en la agenda. Luminosidad, efecto buena cara inmediato o un extra de hidrataci\u00f3n: hay una ampolla para cada objetivo.<\/p>\n\n\n\n<p>Para Berta, hay una elecci\u00f3n clara cuando se trata de ocasiones especiales: \u201cInstant Flash. Siempre la uso antes de grandes eventos, cuando quiero verme y sentirme especialmente bien\u201d. Un gesto puntual que aporta un <strong>efecto <em>glow<\/em> visible<\/strong>, ayuda a que la piel se vea m\u00e1s fresca y uniforme, y potencia el resultado del maquillaje.<\/p>\n\n\n\n<p>Porque al final, el cuidado de la piel tambi\u00e9n va de eso: de encontrar esos peque\u00f1os aliados que te ayudan a sentirte segura, radiante y lista para cualquier plan. Elegir la ampolla adecuada puede marcar la diferencia en <a href=\"https:\/\/www.isdin.com\/es\/blog\/factores-naturales-hidratacion-nmf\/\">c\u00f3mo luce tu piel<\/a>\u2026 y en c\u00f3mo te ves t\u00fa.<\/p>\n","protected":false},"excerpt":{"rendered":"<p>Si todav\u00eda no est\u00e1n en tu radar, est\u00e1s a punto de descubrir por qu\u00e9 se han convertido en uno de los gestos favoritos para conseguir una piel espectacular en tiempo r\u00e9cord.<\/p>\n","protected":false},"author":69,"featured_media":13074,"comment_status":"open","ping_status":"open","sticky":false,"template":"","format":"image","meta":{"footnotes":""},"categories":[103,1,101,65,64],"tags":[282,345,346],"class_list":["post-4740","post","type-post","status-publish","format-image","has-post-thumbnail","hentry","category-belleza","category-consejos-cuidados","category-cuidado-facial","category-expertos","category-productos-innovacion-isdin","tag-agua-micelar","tag-ampollas","tag-instant-flash","post_format-post-format-image"],"yoast_head":"<!-- This site is optimized with the Yoast SEO Premium plugin v25.4 (Yoast SEO v25.4) - https:\/\/yoast.com\/wordpress\/plugins\/seo\/ -->\n<title>Piel perfecta en fiestas y eventos: cu\u00e1ndo y c\u00f3mo usar ampollas faciales - ISDIN<\/title>\n<meta name=\"description\" content=\"Tu mejor piel en segundos: radiante, hidratada y lista para brillar en fiestas y eventos. \u00a1Aprende sobre ampollas faciales y c\u00f3mo usarlas!\" \/>\n<meta name=\"robots\" content=\"index, follow, max-snippet:-1, max-image-preview:large, max-video-preview:-1\" \/>\n<link rel=\"canonical\" href=\"https:\/\/www.isdin.com\/es\/blog\/piel-perfecta-y-radiante-eventos\/\" \/>\n<meta property=\"og:locale\" content=\"es_ES\" \/>\n<meta property=\"og:type\" content=\"article\" \/>\n<meta property=\"og:title\" content=\"Piel perfecta en fiestas y eventos: cu\u00e1ndo y c\u00f3mo usar ampollas faciales\" \/>\n<meta property=\"og:description\" content=\"Tu mejor piel en segundos: radiante, hidratada y lista para brillar en fiestas y eventos. \u00a1Aprende sobre ampollas faciales y c\u00f3mo usarlas!\" \/>\n<meta property=\"og:url\" content=\"https:\/\/www.isdin.com\/es\/blog\/piel-perfecta-y-radiante-eventos\/\" \/>\n<meta property=\"og:site_name\" content=\"ISDIN\" \/>\n<meta property=\"article:publisher\" content=\"https:\/\/es-es.facebook.com\/ISDIN.official\/\" \/>\n<meta property=\"article:published_time\" content=\"2025-12-28T08:00:00+00:00\" \/>\n<meta property=\"og:image\" content=\"https:\/\/www.isdin.com\/es\/blog\/wp-content\/uploads\/2019\/06\/instant_flash__portada_fb.jpg\" \/>\n\t<meta property=\"og:image:width\" content=\"1200\" \/>\n\t<meta property=\"og:image:height\" content=\"628\" \/>\n\t<meta property=\"og:image:type\" content=\"image\/jpeg\" \/>\n<meta name=\"author\" content=\"Belinda Mart\u00ednez\" \/>\n<meta name=\"twitter:card\" content=\"summary_large_image\" \/>\n<meta name=\"twitter:creator\" content=\"@isdin_official\" \/>\n<meta name=\"twitter:site\" content=\"@isdin_official\" \/>\n<meta name=\"twitter:label1\" content=\"Written by\" \/>\n\t<meta name=\"twitter:data1\" content=\"Belinda Mart\u00ednez\" \/>\n\t<meta name=\"twitter:label2\" content=\"Est. reading time\" \/>\n\t<meta name=\"twitter:data2\" content=\"7 minutes\" \/>\n<script type=\"application\/ld+json\" class=\"yoast-schema-graph\">{\"@context\":\"https:\/\/schema.org\",\"@graph\":[{\"@type\":\"Article\",\"@id\":\"https:\/\/www.isdin.com\/es\/blog\/piel-perfecta-y-radiante-eventos\/#article\",\"isPartOf\":{\"@id\":\"https:\/\/www.isdin.com\/es\/blog\/piel-perfecta-y-radiante-eventos\/\"},\"author\":{\"name\":\"Belinda Mart\u00ednez\",\"@id\":\"https:\/\/www.isdin.com\/es\/blog\/#\/schema\/person\/684015d7d9e78124cb4aa660f6fe8576\"},\"headline\":\"Piel perfecta en fiestas y eventos: cu\u00e1ndo y c\u00f3mo usar ampollas faciales\",\"datePublished\":\"2025-12-28T08:00:00+00:00\",\"mainEntityOfPage\":{\"@id\":\"https:\/\/www.isdin.com\/es\/blog\/piel-perfecta-y-radiante-eventos\/\"},\"wordCount\":1196,\"commentCount\":0,\"publisher\":{\"@id\":\"https:\/\/www.isdin.com\/es\/blog\/#organization\"},\"image\":{\"@id\":\"https:\/\/www.isdin.com\/es\/blog\/piel-perfecta-y-radiante-eventos\/#primaryimage\"},\"thumbnailUrl\":\"https:\/\/www.isdin.com\/es\/blog\/wp-content\/uploads\/2019\/06\/Header-58-1.png\",\"keywords\":[\"agua micelar\",\"ampollas\",\"instant flash\"],\"articleSection\":[\"Belleza\",\"Consejos y cuidados\",\"Cuidado facial\",\"Expertos\",\"Productos e innovaci\u00f3n\"],\"inLanguage\":\"es-ES\"},{\"@type\":\"WebPage\",\"@id\":\"https:\/\/www.isdin.com\/es\/blog\/piel-perfecta-y-radiante-eventos\/\",\"url\":\"https:\/\/www.isdin.com\/es\/blog\/piel-perfecta-y-radiante-eventos\/\",\"name\":\"Piel perfecta en fiestas y eventos: cu\u00e1ndo y c\u00f3mo usar ampollas faciales - ISDIN\",\"isPartOf\":{\"@id\":\"https:\/\/www.isdin.com\/es\/blog\/#website\"},\"primaryImageOfPage\":{\"@id\":\"https:\/\/www.isdin.com\/es\/blog\/piel-perfecta-y-radiante-eventos\/#primaryimage\"},\"image\":{\"@id\":\"https:\/\/www.isdin.com\/es\/blog\/piel-perfecta-y-radiante-eventos\/#primaryimage\"},\"thumbnailUrl\":\"https:\/\/www.isdin.com\/es\/blog\/wp-content\/uploads\/2019\/06\/Header-58-1.png\",\"datePublished\":\"2025-12-28T08:00:00+00:00\",\"description\":\"Tu mejor piel en segundos: radiante, hidratada y lista para brillar en fiestas y eventos. \u00a1Aprende sobre ampollas faciales y c\u00f3mo usarlas!\",\"breadcrumb\":{\"@id\":\"https:\/\/www.isdin.com\/es\/blog\/piel-perfecta-y-radiante-eventos\/#breadcrumb\"},\"inLanguage\":\"es-ES\",\"potentialAction\":[{\"@type\":\"ReadAction\",\"target\":[\"https:\/\/www.isdin.com\/es\/blog\/piel-perfecta-y-radiante-eventos\/\"]}]},{\"@type\":\"ImageObject\",\"inLanguage\":\"es-ES\",\"@id\":\"https:\/\/www.isdin.com\/es\/blog\/piel-perfecta-y-radiante-eventos\/#primaryimage\",\"url\":\"https:\/\/www.isdin.com\/es\/blog\/wp-content\/uploads\/2019\/06\/Header-58-1.png\",\"contentUrl\":\"https:\/\/www.isdin.com\/es\/blog\/wp-content\/uploads\/2019\/06\/Header-58-1.png\",\"width\":1200,\"height\":760,\"caption\":\"primer plano de mujer con piel madura tersa y radiante gracias a ampollas para eventos Instant Flash reafirmante ISDIN\"},{\"@type\":\"BreadcrumbList\",\"@id\":\"https:\/\/www.isdin.com\/es\/blog\/piel-perfecta-y-radiante-eventos\/#breadcrumb\",\"itemListElement\":[{\"@type\":\"ListItem\",\"position\":1,\"name\":\"Portada\",\"item\":\"https:\/\/www.isdin.com\/es\/blog\/\"},{\"@type\":\"ListItem\",\"position\":2,\"name\":\"Piel perfecta en fiestas y eventos: cu\u00e1ndo y c\u00f3mo usar ampollas faciales\"}]},{\"@type\":\"WebSite\",\"@id\":\"https:\/\/www.isdin.com\/es\/blog\/#website\",\"url\":\"https:\/\/www.isdin.com\/es\/blog\/\",\"name\":\"ISDIN\",\"description\":\"Novedades, lanzamientos de productos y toda la experiencia de ISDIN\",\"publisher\":{\"@id\":\"https:\/\/www.isdin.com\/es\/blog\/#organization\"},\"potentialAction\":[{\"@type\":\"SearchAction\",\"target\":{\"@type\":\"EntryPoint\",\"urlTemplate\":\"https:\/\/www.isdin.com\/es\/blog\/?s={search_term_string}\"},\"query-input\":{\"@type\":\"PropertyValueSpecification\",\"valueRequired\":true,\"valueName\":\"search_term_string\"}}],\"inLanguage\":\"es-ES\"},{\"@type\":\"Organization\",\"@id\":\"https:\/\/www.isdin.com\/es\/blog\/#organization\",\"name\":\"ISDIN\",\"alternateName\":\"ISDIN\",\"url\":\"https:\/\/www.isdin.com\/es\/blog\/\",\"logo\":{\"@type\":\"ImageObject\",\"inLanguage\":\"es-ES\",\"@id\":\"https:\/\/www.isdin.com\/es\/blog\/#\/schema\/logo\/image\/\",\"url\":\"https:\/\/www.isdin.com\/es\/blog\/wp-content\/uploads\/2024\/05\/2025_03_GuiaFoto_FWM.png\",\"contentUrl\":\"https:\/\/www.isdin.com\/es\/blog\/wp-content\/uploads\/2024\/05\/2025_03_GuiaFoto_FWM.png\",\"width\":670,\"height\":683,\"caption\":\"ISDIN\"},\"image\":{\"@id\":\"https:\/\/www.isdin.com\/es\/blog\/#\/schema\/logo\/image\/\"},\"sameAs\":[\"https:\/\/es-es.facebook.com\/ISDIN.official\/\",\"https:\/\/x.com\/isdin_official\",\"https:\/\/www.instagram.com\/isdinofficial\",\"https:\/\/www.youtube.com\/channel\/UCtoNJMKpDwdFLqgV23_lcqg\"],\"telephone\":\"659997812\"},{\"@type\":\"Person\",\"@id\":\"https:\/\/www.isdin.com\/es\/blog\/#\/schema\/person\/684015d7d9e78124cb4aa660f6fe8576\",\"name\":\"Belinda Mart\u00ednez\",\"image\":{\"@type\":\"ImageObject\",\"inLanguage\":\"es-ES\",\"@id\":\"https:\/\/www.isdin.com\/es\/blog\/#\/schema\/person\/image\/\",\"url\":\"https:\/\/www.isdin.com\/es\/blog\/wp-content\/uploads\/2017\/07\/jjjj.jpg\",\"contentUrl\":\"https:\/\/www.isdin.com\/es\/blog\/wp-content\/uploads\/2017\/07\/jjjj.jpg\",\"caption\":\"Belinda Mart\u00ednez\"},\"description\":\"Belinda es periodista y copywriter creativa. Tras a\u00f1os de experiencia, decidi\u00f3 fusionar sus habilidades de escritura con su amor por el skincare, convirti\u00e9ndose en una especialista en la materia. \u00bfSu imprescindible? Un buen b\u00e1lsamo de labios.\",\"sameAs\":[\"https:\/\/www.linkedin.com\/in\/thisisbel\/\"],\"url\":\"https:\/\/www.isdin.com\/es\/blog\/author\/belindamartinez\/\"}]}<\/script>\n<!-- \/ Yoast SEO Premium plugin. -->","yoast_head_json":{"title":"Piel perfecta en fiestas y eventos: cu\u00e1ndo y c\u00f3mo usar ampollas faciales - ISDIN","description":"Tu mejor piel en segundos: radiante, hidratada y lista para brillar en fiestas y eventos. \u00a1Aprende sobre ampollas faciales y c\u00f3mo usarlas!","robots":{"index":"index","follow":"follow","max-snippet":"max-snippet:-1","max-image-preview":"max-image-preview:large","max-video-preview":"max-video-preview:-1"},"canonical":"https:\/\/www.isdin.com\/es\/blog\/piel-perfecta-y-radiante-eventos\/","og_locale":"es_ES","og_type":"article","og_title":"Piel perfecta en fiestas y eventos: cu\u00e1ndo y c\u00f3mo usar ampollas faciales","og_description":"Tu mejor piel en segundos: radiante, hidratada y lista para brillar en fiestas y eventos. \u00a1Aprende sobre ampollas faciales y c\u00f3mo usarlas!","og_url":"https:\/\/www.isdin.com\/es\/blog\/piel-perfecta-y-radiante-eventos\/","og_site_name":"ISDIN","article_publisher":"https:\/\/es-es.facebook.com\/ISDIN.official\/","article_published_time":"2025-12-28T08:00:00+00:00","og_image":[{"width":1200,"height":628,"url":"https:\/\/www.isdin.com\/es\/blog\/wp-content\/uploads\/2019\/06\/instant_flash__portada_fb.jpg","type":"image\/jpeg"}],"author":"Belinda Mart\u00ednez","twitter_card":"summary_large_image","twitter_creator":"@isdin_official","twitter_site":"@isdin_official","twitter_misc":{"Written by":"Belinda Mart\u00ednez","Est. reading time":"7 minutes"},"schema":{"@context":"https:\/\/schema.org","@graph":[{"@type":"Article","@id":"https:\/\/www.isdin.com\/es\/blog\/piel-perfecta-y-radiante-eventos\/#article","isPartOf":{"@id":"https:\/\/www.isdin.com\/es\/blog\/piel-perfecta-y-radiante-eventos\/"},"author":{"name":"Belinda Mart\u00ednez","@id":"https:\/\/www.isdin.com\/es\/blog\/#\/schema\/person\/684015d7d9e78124cb4aa660f6fe8576"},"headline":"Piel perfecta en fiestas y eventos: cu\u00e1ndo y c\u00f3mo usar ampollas faciales","datePublished":"2025-12-28T08:00:00+00:00","mainEntityOfPage":{"@id":"https:\/\/www.isdin.com\/es\/blog\/piel-perfecta-y-radiante-eventos\/"},"wordCount":1196,"commentCount":0,"publisher":{"@id":"https:\/\/www.isdin.com\/es\/blog\/#organization"},"image":{"@id":"https:\/\/www.isdin.com\/es\/blog\/piel-perfecta-y-radiante-eventos\/#primaryimage"},"thumbnailUrl":"https:\/\/www.isdin.com\/es\/blog\/wp-content\/uploads\/2019\/06\/Header-58-1.png","keywords":["agua micelar","ampollas","instant flash"],"articleSection":["Belleza","Consejos y cuidados","Cuidado facial","Expertos","Productos e innovaci\u00f3n"],"inLanguage":"es-ES"},{"@type":"WebPage","@id":"https:\/\/www.isdin.com\/es\/blog\/piel-perfecta-y-radiante-eventos\/","url":"https:\/\/www.isdin.com\/es\/blog\/piel-perfecta-y-radiante-eventos\/","name":"Piel perfecta en fiestas y eventos: cu\u00e1ndo y c\u00f3mo usar ampollas faciales - ISDIN","isPartOf":{"@id":"https:\/\/www.isdin.com\/es\/blog\/#website"},"primaryImageOfPage":{"@id":"https:\/\/www.isdin.com\/es\/blog\/piel-perfecta-y-radiante-eventos\/#primaryimage"},"image":{"@id":"https:\/\/www.isdin.com\/es\/blog\/piel-perfecta-y-radiante-eventos\/#primaryimage"},"thumbnailUrl":"https:\/\/www.isdin.com\/es\/blog\/wp-content\/uploads\/2019\/06\/Header-58-1.png","datePublished":"2025-12-28T08:00:00+00:00","description":"Tu mejor piel en segundos: radiante, hidratada y lista para brillar en fiestas y eventos. \u00a1Aprende sobre ampollas faciales y c\u00f3mo usarlas!","breadcrumb":{"@id":"https:\/\/www.isdin.com\/es\/blog\/piel-perfecta-y-radiante-eventos\/#breadcrumb"},"inLanguage":"es-ES","potentialAction":[{"@type":"ReadAction","target":["https:\/\/www.isdin.com\/es\/blog\/piel-perfecta-y-radiante-eventos\/"]}]},{"@type":"ImageObject","inLanguage":"es-ES","@id":"https:\/\/www.isdin.com\/es\/blog\/piel-perfecta-y-radiante-eventos\/#primaryimage","url":"https:\/\/www.isdin.com\/es\/blog\/wp-content\/uploads\/2019\/06\/Header-58-1.png","contentUrl":"https:\/\/www.isdin.com\/es\/blog\/wp-content\/uploads\/2019\/06\/Header-58-1.png","width":1200,"height":760,"caption":"primer plano de mujer con piel madura tersa y radiante gracias a ampollas para eventos Instant Flash reafirmante ISDIN"},{"@type":"BreadcrumbList","@id":"https:\/\/www.isdin.com\/es\/blog\/piel-perfecta-y-radiante-eventos\/#breadcrumb","itemListElement":[{"@type":"ListItem","position":1,"name":"Portada","item":"https:\/\/www.isdin.com\/es\/blog\/"},{"@type":"ListItem","position":2,"name":"Piel perfecta en fiestas y eventos: cu\u00e1ndo y c\u00f3mo usar ampollas faciales"}]},{"@type":"WebSite","@id":"https:\/\/www.isdin.com\/es\/blog\/#website","url":"https:\/\/www.isdin.com\/es\/blog\/","name":"ISDIN","description":"Novedades, lanzamientos de productos y toda la experiencia de ISDIN","publisher":{"@id":"https:\/\/www.isdin.com\/es\/blog\/#organization"},"potentialAction":[{"@type":"SearchAction","target":{"@type":"EntryPoint","urlTemplate":"https:\/\/www.isdin.com\/es\/blog\/?s={search_term_string}"},"query-input":{"@type":"PropertyValueSpecification","valueRequired":true,"valueName":"search_term_string"}}],"inLanguage":"es-ES"},{"@type":"Organization","@id":"https:\/\/www.isdin.com\/es\/blog\/#organization","name":"ISDIN","alternateName":"ISDIN","url":"https:\/\/www.isdin.com\/es\/blog\/","logo":{"@type":"ImageObject","inLanguage":"es-ES","@id":"https:\/\/www.isdin.com\/es\/blog\/#\/schema\/logo\/image\/","url":"https:\/\/www.isdin.com\/es\/blog\/wp-content\/uploads\/2024\/05\/2025_03_GuiaFoto_FWM.png","contentUrl":"https:\/\/www.isdin.com\/es\/blog\/wp-content\/uploads\/2024\/05\/2025_03_GuiaFoto_FWM.png","width":670,"height":683,"caption":"ISDIN"},"image":{"@id":"https:\/\/www.isdin.com\/es\/blog\/#\/schema\/logo\/image\/"},"sameAs":["https:\/\/es-es.facebook.com\/ISDIN.official\/","https:\/\/x.com\/isdin_official","https:\/\/www.instagram.com\/isdinofficial","https:\/\/www.youtube.com\/channel\/UCtoNJMKpDwdFLqgV23_lcqg"],"telephone":"659997812"},{"@type":"Person","@id":"https:\/\/www.isdin.com\/es\/blog\/#\/schema\/person\/684015d7d9e78124cb4aa660f6fe8576","name":"Belinda Mart\u00ednez","image":{"@type":"ImageObject","inLanguage":"es-ES","@id":"https:\/\/www.isdin.com\/es\/blog\/#\/schema\/person\/image\/","url":"https:\/\/www.isdin.com\/es\/blog\/wp-content\/uploads\/2017\/07\/jjjj.jpg","contentUrl":"https:\/\/www.isdin.com\/es\/blog\/wp-content\/uploads\/2017\/07\/jjjj.jpg","caption":"Belinda Mart\u00ednez"},"description":"Belinda es periodista y copywriter creativa. Tras a\u00f1os de experiencia, decidi\u00f3 fusionar sus habilidades de escritura con su amor por el skincare, convirti\u00e9ndose en una especialista en la materia. \u00bfSu imprescindible? Un buen b\u00e1lsamo de labios.","sameAs":["https:\/\/www.linkedin.com\/in\/thisisbel\/"],"url":"https:\/\/www.isdin.com\/es\/blog\/author\/belindamartinez\/"}]}},"_links":{"self":[{"href":"https:\/\/www.isdin.com\/es\/blog\/wp-json\/wp\/v2\/posts\/4740","targetHints":{"allow":["GET"]}}],"collection":[{"href":"https:\/\/www.isdin.com\/es\/blog\/wp-json\/wp\/v2\/posts"}],"about":[{"href":"https:\/\/www.isdin.com\/es\/blog\/wp-json\/wp\/v2\/types\/post"}],"author":[{"embeddable":true,"href":"https:\/\/www.isdin.com\/es\/blog\/wp-json\/wp\/v2\/users\/69"}],"replies":[{"embeddable":true,"href":"https:\/\/www.isdin.com\/es\/blog\/wp-json\/wp\/v2\/comments?post=4740"}],"version-history":[{"count":6,"href":"https:\/\/www.isdin.com\/es\/blog\/wp-json\/wp\/v2\/posts\/4740\/revisions"}],"predecessor-version":[{"id":13075,"href":"https:\/\/www.isdin.com\/es\/blog\/wp-json\/wp\/v2\/posts\/4740\/revisions\/13075"}],"wp:featuredmedia":[{"embeddable":true,"href":"https:\/\/www.isdin.com\/es\/blog\/wp-json\/wp\/v2\/media\/13074"}],"wp:attachment":[{"href":"https:\/\/www.isdin.com\/es\/blog\/wp-json\/wp\/v2\/media?parent=4740"}],"wp:term":[{"taxonomy":"category","embeddable":true,"href":"https:\/\/www.isdin.com\/es\/blog\/wp-json\/wp\/v2\/categories?post=4740"},{"taxonomy":"post_tag","embeddable":true,"href":"https:\/\/www.isdin.com\/es\/blog\/wp-json\/wp\/v2\/tags?post=4740"}],"curies":[{"name":"wp","href":"https:\/\/api.w.org\/{rel}","templated":true}]}}