{"id":4675,"date":"2025-05-23T11:04:44","date_gmt":"2025-05-23T11:04:44","guid":{"rendered":"https:\/\/www.isdin.com\/es\/blog\/?p=4675"},"modified":"2025-05-23T11:04:57","modified_gmt":"2025-05-23T11:04:57","slug":"melanoma-causas-y-como-prevenirlo","status":"publish","type":"post","link":"https:\/\/www.isdin.com\/es\/blog\/melanoma-causas-y-como-prevenirlo\/","title":{"rendered":"Melanoma: qu\u00e9 es, c\u00f3mo detectarlo a tiempo y prevenir el c\u00e1ncer de piel"},"content":{"rendered":"\n<p><strong>En 2025<\/strong>, la Sociedad Espa\u00f1ola de Oncolog\u00eda M\u00e9dica (SEOM) y la Red Espa\u00f1ola de Registros de C\u00e1ncer (REDECAN) estiman que <strong>se diagnosticar\u00e1n 9.408 nuevos casos de melanoma maligno cut\u00e1neo en Espa\u00f1a<\/strong>. Unas cifras altas, pero que en muchos casos pueden prevenirse mediante el conocimiento y la detecci\u00f3n temprana.<\/p>\n\n\n\n<p>En ISDIN, como l\u00edderes en fotoprotecci\u00f3n, asumimos con firmeza nuestro compromiso social de concienciar sobre las causas y los primeros signos del melanoma. Por eso, hoy hablamos con la Dra. Susana Puig para explicarte qu\u00e9 es un melanoma, cu\u00e1ndo deber\u00edas acudir al dermat\u00f3logo para una revisi\u00f3n y c\u00f3mo puedes reducir tu riesgo de desarrollar c\u00e1ncer de piel.<\/p>\n\n\n\n<div class=\"wp-block-media-text is-stacked-on-mobile\" style=\"grid-template-columns:30% auto\"><figure class=\"wp-block-media-text__media\"><img loading=\"lazy\" decoding=\"async\" width=\"670\" height=\"754\" src=\"data:image\/gif;base64,R0lGODlhAQABAAAAACH5BAEKAAEALAAAAAABAAEAAAICTAEAOw==\" data-src=\"https:\/\/www.isdin.com\/es\/blog\/wp-content\/uploads\/2024\/05\/2024_05_DraPuig.jpg\" alt=\"Dra. Susana Puig\" class=\"wp-image-10200 size-full lazyload\" data-sizes=\"auto\" data-srcset=\"https:\/\/www.isdin.com\/es\/blog\/wp-content\/uploads\/2024\/05\/2024_05_DraPuig.jpg 670w, https:\/\/www.isdin.com\/es\/blog\/wp-content\/uploads\/2024\/05\/2024_05_DraPuig-267x300.jpg 267w, https:\/\/www.isdin.com\/es\/blog\/wp-content\/uploads\/2024\/05\/2024_05_DraPuig-133x150.jpg 133w, https:\/\/www.isdin.com\/es\/blog\/wp-content\/uploads\/2024\/05\/2024_05_DraPuig-450x506.jpg 450w, https:\/\/www.isdin.com\/es\/blog\/wp-content\/uploads\/2024\/05\/2024_05_DraPuig-225x253.jpg 225w, https:\/\/www.isdin.com\/es\/blog\/wp-content\/uploads\/2024\/05\/2024_05_DraPuig-20x23.jpg 20w\" sizes=\"auto, (max-width: 670px) 100vw, 670px\" \/><\/figure><div class=\"wp-block-media-text__content\">\n<p><strong>Dra. Susana Puig<\/strong><\/p>\n\n\n\n<p>Jefa Servicio de Dermatolog\u00eda del Hospital Cl\u00ednic y Directora Acad\u00e9mica de la International School of Derma.<\/p>\n<\/div><\/div>\n\n\n\n<h2 class=\"wp-block-heading\">\u00bfQu\u00e9 es un melanoma?<\/h2>\n\n\n\n<p>Las pistas est\u00e1n en el nombre, \u00bfte suenan los&nbsp;<strong>melanocitos<\/strong>? Son las c\u00e9lulas en tu piel que le dan su color. Y el&nbsp;<strong>melanoma es un tipo de c\u00e1ncer de piel<\/strong>&nbsp;que ocurre cuando los melanocitos comienzan a reproducirse de manera descontrolada.<\/p>\n\n\n\n<p>Aunque el&nbsp;<strong>melanoma<\/strong>&nbsp;es menos com\u00fan que otros tipos de&nbsp;<strong>c\u00e1ncer de piel<\/strong>, es el m\u00e1s&nbsp;<strong>peligroso y agresivo<\/strong>, ya que puede propagarse r\u00e1pidamente a otras partes del cuerpo. Una vez que el&nbsp;<strong>melanoma<\/strong>&nbsp;se propaga, se considera invasivo y potencialmente mortal. Por eso, educarse sobre el c\u00e1ncer de piel (justo como est\u00e1s haciendo ahora) es tan importante.<\/p>\n\n\n\n<h3 class=\"wp-block-heading\">\u00bfQu\u00e9 aspecto tiene un melanoma?<\/h3>\n\n\n\n<figure class=\"wp-block-image size-large is-resized\"><img loading=\"lazy\" decoding=\"async\" width=\"1024\" height=\"527\" src=\"data:image\/gif;base64,R0lGODlhAQABAAAAACH5BAEKAAEALAAAAAABAAEAAAICTAEAOw==\" data-src=\"https:\/\/www.isdin.com\/es\/blog\/wp-content\/uploads\/2024\/05\/image-4-1-1-1024x527.png\" alt=\"aspecto de melanoma\" class=\"wp-image-10211 lazyload\" style=\"width:670px;height:auto\" data-sizes=\"auto\" data-srcset=\"https:\/\/www.isdin.com\/es\/blog\/wp-content\/uploads\/2024\/05\/image-4-1-1-1024x527.png 1024w, https:\/\/www.isdin.com\/es\/blog\/wp-content\/uploads\/2024\/05\/image-4-1-1-300x154.png 300w, https:\/\/www.isdin.com\/es\/blog\/wp-content\/uploads\/2024\/05\/image-4-1-1-150x77.png 150w, https:\/\/www.isdin.com\/es\/blog\/wp-content\/uploads\/2024\/05\/image-4-1-1-768x395.png 768w, https:\/\/www.isdin.com\/es\/blog\/wp-content\/uploads\/2024\/05\/image-4-1-1-1536x790.png 1536w, https:\/\/www.isdin.com\/es\/blog\/wp-content\/uploads\/2024\/05\/image-4-1-1-585x300.png 585w, https:\/\/www.isdin.com\/es\/blog\/wp-content\/uploads\/2024\/05\/image-4-1-1-450x232.png 450w, https:\/\/www.isdin.com\/es\/blog\/wp-content\/uploads\/2024\/05\/image-4-1-1-20x11.png 20w, https:\/\/www.isdin.com\/es\/blog\/wp-content\/uploads\/2024\/05\/image-4-1-1-225x116.png 225w, https:\/\/www.isdin.com\/es\/blog\/wp-content\/uploads\/2024\/05\/image-4-1-1-900x463.png 900w, https:\/\/www.isdin.com\/es\/blog\/wp-content\/uploads\/2024\/05\/image-4-1-1-1350x695.png 1350w, https:\/\/www.isdin.com\/es\/blog\/wp-content\/uploads\/2024\/05\/image-4-1-1.png 2000w\" sizes=\"auto, (max-width: 1024px) 100vw, 1024px\" \/><\/figure>\n\n\n\n<p><\/p>\n\n\n\n<p>Para la Dra. Susana Puig, el melanoma es &#8220;un tumor con mil caras&#8221;. <strong>El tipo m\u00e1s com\u00fan suele presentarse como un lunar distinto a los dem\u00e1s, que cambia con el tiempo en tama\u00f1o, forma, color o textura.<\/strong> Aunque profundizaremos m\u00e1s adelante, ya nos adelanta algunas se\u00f1ales clave, recordando que pueden variar en cada persona: &#8220;El melanoma tambi\u00e9n puede manifestarse como una lesi\u00f3n rosada que no desaparece, una l\u00ednea de pigmento en una u\u00f1a que se ensancha, o una nueva lesi\u00f3n, ya sea oscura o rojiza, que crece y resulta diferente al resto. A esto lo llamamos el signo del patito feo&#8221;, explica.<\/p>\n\n\n\n<p class=\"has-background\" style=\"background-color:#f1dfbf\"><strong>Muchos melanomas presentan una zona de tonalidad azulada o negra<\/strong>.&nbsp;Asimismo, un melanoma puede manifestarse como un&nbsp;lunar nuevo, que puede lucir anormal en comparaci\u00f3n con los lunares habituales.<\/p>\n\n\n\n<h2 class=\"wp-block-heading\">Causas del melanoma<\/h2>\n\n\n\n<p>La principal causa del melanoma es <strong>la exposici\u00f3n excesiva e inadecuada al sol desde la infancia, junto con factores gen\u00e9ticos<\/strong>. La exposici\u00f3n repetida a la radiaci\u00f3n ultravioleta (rayos UV) no solo es responsable del <a href=\"https:\/\/www.notion.so\/ISDIN-2030-tu-piel-es-el-inicio-el-planeta-es-el-objetivo-184bf2b1435d80259d38c7dca6e4c809?pvs=21\">80 %<\/a> del envejecimiento visible de la piel, sino que tambi\u00e9n incrementa el riesgo de padecer lesiones cancerosas, incluyendo el melanoma.<\/p>\n\n\n\n<p>La Dra. Puig nos lo recuerda: <strong>cualquier persona puede desarrollar c\u00e1ncer de piel,<\/strong> sin embargo, <strong>el uso adecuado de fotoprotecci\u00f3n antes de los 18 a\u00f1os puede <a href=\"https:\/\/www.aepap.org\/sites\/default\/files\/noticia\/archivos-adjuntos\/final_verano_y_cuidados.pdf\">reducir un 78% el riesgo de padecerlo<\/a><\/strong>. Nos quedamos con su mensaje: \u2018\u2019Protegerse del sol a diario es la mejor estrategia para prevenir el envejecimiento de la piel, las <a href=\"https:\/\/www.isdin.com\/blog\/queratosis-actinica-que-es-y-como-prevenirla\/\">queratosis act\u00ednicas<\/a> y, especialmente, el melanoma y otros tipos de c\u00e1ncer de piel\u2019\u2019.<\/p>\n\n\n\n<p><\/p>\n\n\n\n<blockquote class=\"wp-block-quote is-layout-flow wp-block-quote-is-layout-flow\">\n<p>\u2018\u2019Protegerse del sol a diario es la mejor estrategia para prevenir el envejecimiento de la piel, las queratosis act\u00ednicas y, especialmente, el melanoma y otros tipos de c\u00e1ncer de piel\u2019\u2019.<\/p>\n<cite>DRA. SUSANA PUIG<\/cite><\/blockquote>\n\n\n\n<h3 class=\"wp-block-heading\" id=\"h-factores-de-riesgo-del-melanoma\">Factores de riesgo del melanoma<\/h3>\n\n\n\n<p>El melanoma puede afectar a cualquiera, pero ciertos factores aumentan el riesgo. Es m\u00e1s probable desarrollarlo si:<\/p>\n\n\n\n<ul class=\"wp-block-list\">\n<li>Tienes la piel clara.<\/li>\n\n\n\n<li>Sufriste quemaduras solares durante la infancia.<\/li>\n\n\n\n<li>Pasas muchas horas al sol, ya sea por ocio o por trabajo.<\/li>\n\n\n\n<li>Te expones de forma intensa al sol en periodos cortos, como durante las vacaciones.<\/li>\n\n\n\n<li>Has utilizado cabinas de bronceado.<\/li>\n\n\n\n<li>Tienes m\u00e1s de 50 lunares.<\/li>\n\n\n\n<li>Hay antecedentes de c\u00e1ncer de piel en tu familia.<\/li>\n\n\n\n<li>Tienes m\u00e1s de 50 a\u00f1os.<\/li>\n\n\n\n<li>Has recibido un trasplante de \u00f3rgano.<\/li>\n<\/ul>\n\n\n\n<p>Por eso, protegernos del sol no deber\u00eda ser algo puntual, sino parte de nuestra rutina diaria. Como nos recuerda la Dra. Puig: <strong>la prevenci\u00f3n empieza con peque\u00f1os gestos cotidianos que, a la larga, pueden marcar una gran diferencia en nuestra salud.<\/strong><\/p>\n\n\n\n<h2 class=\"wp-block-heading\">\u00bfC\u00f3mo puedes protegerte del melanoma?<\/h2>\n\n\n\n<p>Seg\u00fan la Dra. Puig, hay <strong>tres pasos clave<\/strong> para reducir el riesgo de melanoma y otros tipos de c\u00e1ncer de piel: <strong>usar protecci\u00f3n solar, autoexplorarse con regularidad y acudir al dermat\u00f3logo para una revisi\u00f3n profesional<\/strong>.<\/p>\n\n\n\n<h3 class=\"wp-block-heading\">Paso 1: prot\u00e9gete hoy para asegurar un ma\u00f1ana m\u00e1s saludable<\/h3>\n\n\n\n<figure class=\"wp-block-image size-large\"><img loading=\"lazy\" decoding=\"async\" width=\"1024\" height=\"527\" src=\"data:image\/gif;base64,R0lGODlhAQABAAAAACH5BAEKAAEALAAAAAABAAEAAAICTAEAOw==\" data-src=\"https:\/\/www.isdin.com\/es\/blog\/wp-content\/uploads\/2023\/05\/2023_Melanoma_imagen003-1024x527.png\" alt=\"Protegerse del sol en verano\" class=\"wp-image-8005 lazyload\" data-sizes=\"auto\" data-srcset=\"https:\/\/www.isdin.com\/es\/blog\/wp-content\/uploads\/2023\/05\/2023_Melanoma_imagen003-1024x527.png 1024w, https:\/\/www.isdin.com\/es\/blog\/wp-content\/uploads\/2023\/05\/2023_Melanoma_imagen003-300x155.png 300w, https:\/\/www.isdin.com\/es\/blog\/wp-content\/uploads\/2023\/05\/2023_Melanoma_imagen003-150x77.png 150w, https:\/\/www.isdin.com\/es\/blog\/wp-content\/uploads\/2023\/05\/2023_Melanoma_imagen003-768x396.png 768w, https:\/\/www.isdin.com\/es\/blog\/wp-content\/uploads\/2023\/05\/2023_Melanoma_imagen003-585x300.png 585w, https:\/\/www.isdin.com\/es\/blog\/wp-content\/uploads\/2023\/05\/2023_Melanoma_imagen003-450x232.png 450w, https:\/\/www.isdin.com\/es\/blog\/wp-content\/uploads\/2023\/05\/2023_Melanoma_imagen003-20x11.png 20w, https:\/\/www.isdin.com\/es\/blog\/wp-content\/uploads\/2023\/05\/2023_Melanoma_imagen003-225x116.png 225w, https:\/\/www.isdin.com\/es\/blog\/wp-content\/uploads\/2023\/05\/2023_Melanoma_imagen003-900x464.png 900w, https:\/\/www.isdin.com\/es\/blog\/wp-content\/uploads\/2023\/05\/2023_Melanoma_imagen003.png 1200w\" sizes=\"auto, (max-width: 1024px) 100vw, 1024px\" \/><\/figure>\n\n\n\n<p><\/p>\n\n\n\n<p>Aunque <strong>no todos los melanomas pueden prevenirse<\/strong>, especialmente aquellos relacionados con factores gen\u00e9ticos, existen medidas que puedes tomar para disminuir el riesgo de melanoma y otros tipos de c\u00e1ncer de piel. De hecho, &#8220;<strong>el 90% de los casos de c\u00e1ncer de piel pueden curarse si se detectan a tiempo<\/strong>&#8220;, afirma con optimismo la Dra. Puig.<\/p>\n\n\n\n<blockquote class=\"wp-block-quote is-layout-flow wp-block-quote-is-layout-flow\">\n<p>\u201cEl 90% de los casos de c\u00e1ncer de piel pueden curarse si se detectan a tiempo\u201d.<\/p>\n<cite>DRA. SUSANA PUIG<\/cite><\/blockquote>\n\n\n\n<p>El primer paso para prevenir el melanoma es <a href=\"https:\/\/www.isdin.com\/es\/blog\/10-consejos-para-tomar-el-sol-en-verano\/\">protegerse del sol<\/a>. La Dra. Puig lo tiene claro: empieza poco a poco, <a href=\"https:\/\/www.isdin.com\/es\/blog\/te-proteges-bien-del-sol\/\">evita las horas de m\u00e1xima radiaci\u00f3n<\/a> y, sobre todo, no te quemes. Usa sombrero, gafas, ropa ligera y, siempre, un <a href=\"https:\/\/www.isdin.com\/es\/blog\/fotoprotectores-solares-para-la-cara-isdin\/\">fotoprotector con SPF 50<\/a> o m\u00e1s. <strong>Son gestos simples que tu piel agradecer\u00e1 toda la vida<\/strong>.<\/p>\n\n\n\n<p><\/p>\n\n\n\n<div class=\"wp-block-media-text has-media-on-the-right is-stacked-on-mobile\" style=\"grid-template-columns:auto 47%\"><div class=\"wp-block-media-text__content\">\n<p>\u00bfTienes dudas sobre <a href=\"https:\/\/www.isdin.com\/blog\/como-aplicar-correctamente-el-fotoprotector-solar\/\">cu\u00e1nta cantidad de protector solar aplicar<\/a>?\u00a0La Dra. Puig te aconseja: \u201dDebemos\u00a0aplicar una cantidad suficiente de producto, distribuirlo de una forma muy correcta en toda nuestra superficie y reaplicarlo cada 2 horas si estamos mucho tiempo expuestos\u201d, especialmente despu\u00e9s de nadar y sudar significativamente.<\/p>\n<\/div><figure class=\"wp-block-media-text__media\"><img loading=\"lazy\" decoding=\"async\" width=\"1024\" height=\"1024\" src=\"data:image\/gif;base64,R0lGODlhAQABAAAAACH5BAEKAAEALAAAAAABAAEAAAICTAEAOw==\" data-src=\"https:\/\/www.isdin.com\/es\/blog\/wp-content\/uploads\/2024\/05\/zonas_sensibles_1-1-1024x1024.gif\" alt=\"\" class=\"wp-image-10215 size-full lazyload\" data-sizes=\"auto\" data-srcset=\"https:\/\/www.isdin.com\/es\/blog\/wp-content\/uploads\/2024\/05\/zonas_sensibles_1-1-1024x1024.gif 1024w, https:\/\/www.isdin.com\/es\/blog\/wp-content\/uploads\/2024\/05\/zonas_sensibles_1-1-300x300.gif 300w, https:\/\/www.isdin.com\/es\/blog\/wp-content\/uploads\/2024\/05\/zonas_sensibles_1-1-150x150.gif 150w, https:\/\/www.isdin.com\/es\/blog\/wp-content\/uploads\/2024\/05\/zonas_sensibles_1-1-768x768.gif 768w, https:\/\/www.isdin.com\/es\/blog\/wp-content\/uploads\/2024\/05\/zonas_sensibles_1-1-70x70.gif 70w, https:\/\/www.isdin.com\/es\/blog\/wp-content\/uploads\/2024\/05\/zonas_sensibles_1-1-180x180.gif 180w, https:\/\/www.isdin.com\/es\/blog\/wp-content\/uploads\/2024\/05\/zonas_sensibles_1-1-90x90.gif 90w, https:\/\/www.isdin.com\/es\/blog\/wp-content\/uploads\/2024\/05\/zonas_sensibles_1-1-450x450.gif 450w, https:\/\/www.isdin.com\/es\/blog\/wp-content\/uploads\/2024\/05\/zonas_sensibles_1-1-270x270.gif 270w, https:\/\/www.isdin.com\/es\/blog\/wp-content\/uploads\/2024\/05\/zonas_sensibles_1-1-20x20.gif 20w, https:\/\/www.isdin.com\/es\/blog\/wp-content\/uploads\/2024\/05\/zonas_sensibles_1-1-225x225.gif 225w, https:\/\/www.isdin.com\/es\/blog\/wp-content\/uploads\/2024\/05\/zonas_sensibles_1-1-900x900.gif 900w\" sizes=\"auto, (max-width: 1024px) 100vw, 1024px\" \/><\/figure><\/div>\n\n\n\n<h3 class=\"wp-block-heading\" id=\"h-paso-2-identifica-los-signos-del-melanoma\">Paso 2: identifica los signos del melanoma<\/h3>\n\n\n\n<figure class=\"wp-block-image size-large\"><img loading=\"lazy\" decoding=\"async\" width=\"1024\" height=\"525\" src=\"data:image\/gif;base64,R0lGODlhAQABAAAAACH5BAEKAAEALAAAAAABAAEAAAICTAEAOw==\" data-src=\"https:\/\/www.isdin.com\/es\/blog\/wp-content\/uploads\/2024\/05\/2023_Melanoma_Header-1170x600-1-1024x525.png\" alt=\"melanoma o lunares\" class=\"wp-image-10205 lazyload\" data-sizes=\"auto\" data-srcset=\"https:\/\/www.isdin.com\/es\/blog\/wp-content\/uploads\/2024\/05\/2023_Melanoma_Header-1170x600-1-1024x525.png 1024w, https:\/\/www.isdin.com\/es\/blog\/wp-content\/uploads\/2024\/05\/2023_Melanoma_Header-1170x600-1-300x154.png 300w, https:\/\/www.isdin.com\/es\/blog\/wp-content\/uploads\/2024\/05\/2023_Melanoma_Header-1170x600-1-150x77.png 150w, https:\/\/www.isdin.com\/es\/blog\/wp-content\/uploads\/2024\/05\/2023_Melanoma_Header-1170x600-1-768x394.png 768w, https:\/\/www.isdin.com\/es\/blog\/wp-content\/uploads\/2024\/05\/2023_Melanoma_Header-1170x600-1-585x300.png 585w, https:\/\/www.isdin.com\/es\/blog\/wp-content\/uploads\/2024\/05\/2023_Melanoma_Header-1170x600-1-450x231.png 450w, https:\/\/www.isdin.com\/es\/blog\/wp-content\/uploads\/2024\/05\/2023_Melanoma_Header-1170x600-1-20x11.png 20w, https:\/\/www.isdin.com\/es\/blog\/wp-content\/uploads\/2024\/05\/2023_Melanoma_Header-1170x600-1-225x115.png 225w, https:\/\/www.isdin.com\/es\/blog\/wp-content\/uploads\/2024\/05\/2023_Melanoma_Header-1170x600-1-900x462.png 900w, https:\/\/www.isdin.com\/es\/blog\/wp-content\/uploads\/2024\/05\/2023_Melanoma_Header-1170x600-1.png 1170w\" sizes=\"auto, (max-width: 1024px) 100vw, 1024px\" \/><\/figure>\n\n\n\n<p><\/p>\n\n\n\n<p>Es important<strong>e examinar la piel de todo el cuerpo de manera regular para identificar cualquier lunar o mancha anormal<\/strong>. Para ello, la Dra. Puig nos comparte un m\u00e9todo experto: &#8220;Debemos observar nuestra piel y utilizar lo que se conoce como <strong>t\u00e9cnica ABCDE del melanoma<\/strong>. Es un acr\u00f3nimo que nos permite recordar de forma f\u00e1cil las caracter\u00edsticas m\u00e1s frecuentes del melanoma para reconocerlo&#8221;.<\/p>\n\n\n\n<div class=\"wp-block-media-text is-stacked-on-mobile\" style=\"grid-template-columns:39% auto\"><figure class=\"wp-block-media-text__media\"><img loading=\"lazy\" decoding=\"async\" width=\"670\" height=\"670\" src=\"data:image\/gif;base64,R0lGODlhAQABAAAAACH5BAEKAAEALAAAAAABAAEAAAICTAEAOw==\" data-src=\"https:\/\/www.isdin.com\/es\/blog\/wp-content\/uploads\/2024\/05\/ABCDE_Blog-1.gif\" alt=\"t\u00e9cnica ABCDE\" class=\"wp-image-10206 size-full lazyload\"\/><\/figure><div class=\"wp-block-media-text__content\">\n<ul class=\"wp-block-list\">\n<li><strong>A de Asimetr\u00eda<\/strong>: el contorno de una mitad del lunar no es igual al otro.<\/li>\n\n\n\n<li><strong>B de Bordes<\/strong>: los bordes son desiguales, borrosos o irregulares.<\/li>\n\n\n\n<li><strong>C de Color<\/strong>: el color es disparejo y puede incluir tonalidades negras, caf\u00e9s y canela.<\/li>\n\n\n\n<li><strong>D de Di\u00e1metro<\/strong>: hay cambios en el tama\u00f1o, generalmente se vuelven m\u00e1s grandes.<\/li>\n\n\n\n<li><strong>E de Evoluci\u00f3n<\/strong>: cualquier cambio en el lunar en las \u00faltimas semanas o meses.<\/li>\n<\/ul>\n<\/div><\/div>\n\n\n\n<p>Otros signos del melanoma pueden ser los siguientes:<\/p>\n\n\n\n<ul class=\"wp-block-list\">\n<li>Una <strong>llaga que no cicatriza<\/strong>.<\/li>\n\n\n\n<li>Propagaci\u00f3n del <strong>pigmento del borde de una mancha<\/strong> hasta la piel circundante.<\/li>\n\n\n\n<li><strong>Enrojecimiento o una nueva inflamaci\u00f3n<\/strong> m\u00e1s all\u00e1 del borde.<\/li>\n\n\n\n<li>Cambio en la <strong>sensaci\u00f3n<\/strong> (comez\u00f3n, sensibilidad o dolor).<\/li>\n\n\n\n<li>Cambio en la <strong>superficie de un lunar<\/strong> (descamaci\u00f3n, exudaci\u00f3n, sangrado, o la apariencia de una protuberancia o n\u00f3dulo).<\/li>\n<\/ul>\n\n\n\n<p>Aseg\u00farate de estar pendiente de cualquier lunar nuevo o \u00e1reas con&nbsp;<a href=\"https:\/\/www.isdin.com\/es\/blog\/manchas-en-la-piel-respondemos-a-tus-preguntas\/\">cambio de color en la piel<\/a>, y toma nota de cualquier variaci\u00f3n en el tama\u00f1o o forma. En el caso de que esto suceda, deber\u00e1s acudir al dermat\u00f3logo para que haga una&nbsp;exploraci\u00f3n dermatol\u00f3gica. <\/p>\n\n\n\n<p><strong>Para la Dra. Puig tiene mucha importancia<\/strong>: \u2018\u2019La detecci\u00f3n temprana del melanoma es fundamental porque es una enfermedad tratable y potencialmente curable si se detecta temprano. Adem\u00e1s, el diagn\u00f3stico precoz permite tratamientos efectivos y muy poco agresivos\u2019\u2019.<\/p>\n\n\n\n<p><\/p>\n\n\n\n<p class=\"has-background\" style=\"background-color:#f1dfbf\"><strong>Consejo de experto:<\/strong> a medida que realizas un seguimiento de los cambios en tu piel, saca fotos con tu tel\u00e9fono y toma notas. De esta manera, ir\u00e1s mejor preparado para preguntar cualquier duda a tu dermat\u00f3logo de confianza.<\/p>\n\n\n\n<p><\/p>\n\n\n\n<h3 class=\"wp-block-heading\">Paso 3: programa una cita anual con tu dermat\u00f3logo<\/h3>\n\n\n\n<figure class=\"wp-block-image size-large\"><img loading=\"lazy\" decoding=\"async\" width=\"1024\" height=\"527\" src=\"data:image\/gif;base64,R0lGODlhAQABAAAAACH5BAEKAAEALAAAAAABAAEAAAICTAEAOw==\" data-src=\"https:\/\/www.isdin.com\/es\/blog\/wp-content\/uploads\/2024\/05\/2024_05_Dermoscope-1024x527.jpg\" alt=\"cita dermat\u00f3logo\" class=\"wp-image-10207 lazyload\" data-sizes=\"auto\" data-srcset=\"https:\/\/www.isdin.com\/es\/blog\/wp-content\/uploads\/2024\/05\/2024_05_Dermoscope-1024x527.jpg 1024w, https:\/\/www.isdin.com\/es\/blog\/wp-content\/uploads\/2024\/05\/2024_05_Dermoscope-300x155.jpg 300w, https:\/\/www.isdin.com\/es\/blog\/wp-content\/uploads\/2024\/05\/2024_05_Dermoscope-150x77.jpg 150w, https:\/\/www.isdin.com\/es\/blog\/wp-content\/uploads\/2024\/05\/2024_05_Dermoscope-768x396.jpg 768w, https:\/\/www.isdin.com\/es\/blog\/wp-content\/uploads\/2024\/05\/2024_05_Dermoscope-585x300.jpg 585w, https:\/\/www.isdin.com\/es\/blog\/wp-content\/uploads\/2024\/05\/2024_05_Dermoscope-450x232.jpg 450w, https:\/\/www.isdin.com\/es\/blog\/wp-content\/uploads\/2024\/05\/2024_05_Dermoscope-20x11.jpg 20w, https:\/\/www.isdin.com\/es\/blog\/wp-content\/uploads\/2024\/05\/2024_05_Dermoscope-225x116.jpg 225w, https:\/\/www.isdin.com\/es\/blog\/wp-content\/uploads\/2024\/05\/2024_05_Dermoscope-900x464.jpg 900w, https:\/\/www.isdin.com\/es\/blog\/wp-content\/uploads\/2024\/05\/2024_05_Dermoscope.jpg 1200w\" sizes=\"auto, (max-width: 1024px) 100vw, 1024px\" \/><\/figure>\n\n\n\n<p><\/p>\n\n\n\n<p>Acudir al dermat\u00f3logo&nbsp;<strong>cada a\u00f1o<\/strong>&nbsp;es una de las mejores cosas que puedes hacer por tu piel. De hecho, las personas con&nbsp;<strong>factores de riesgo de melanoma<\/strong>&nbsp;deber\u00edan hacerse un examen de piel como m\u00ednimo una vez al a\u00f1o. As\u00ed nos lo dice la Dra. Puig: \u2018\u2019Aquellas personas que tengan muchos lunares, antecedentes personales o familiares de melanoma o c\u00e1ncer cut\u00e1neo, deber\u00edan hacerse una exploraci\u00f3n dermatol\u00f3gica completa con dermatoscopia cada a\u00f1o\u201d.<\/p>\n\n\n\n<p class=\"has-background\" style=\"background-color:#f1dfbf\">Aseg\u00farate de estar pendiente de cualquier lunar nuevo o \u00e1reas con\u00a0<a href=\"https:\/\/www.isdin.com\/blog\/manchas-en-la-piel-respondemos-a-tus-preguntas\/\">cambio de color en la piel<\/a>, y toma nota de cualquier variaci\u00f3n en el tama\u00f1o o forma. En el caso de que esto suceda, deber\u00e1s acudir al dermat\u00f3logo para que haga una\u00a0exploraci\u00f3n dermatol\u00f3gica.<\/p>\n\n\n\n<p><strong>Para la Dra. Puig tiene mucha importancia<\/strong>: \u2018\u2019La detecci\u00f3n temprana del melanoma es fundamental porque es una enfermedad tratable y potencialmente curable si se detecta temprano. Adem\u00e1s, el diagn\u00f3stico precoz permite tratamientos efectivos y muy poco agresivos\u2019\u2019.<\/p>\n\n\n\n<p><\/p>\n\n\n\n<h4 class=\"wp-block-heading\" id=\"h-como-realizara-tu-dermatologo-una-exploracion-de-la-piel\"><strong>\u00bfC\u00f3mo realizar\u00e1 tu dermat\u00f3logo una exploraci\u00f3n de la piel?<\/strong><\/h4>\n\n\n\n<p>En consulta, los dermat\u00f3logos pueden combinar&nbsp;<strong>dos t\u00e9cnicas<\/strong>&nbsp;de diagn\u00f3stico por imagen para realizar la exploraci\u00f3n dermatol\u00f3gica: la&nbsp;<strong>dermatoscopia digital<\/strong>&nbsp;y el&nbsp;<strong>dermatoscopio de mano<\/strong>. Con ellas, analizar\u00e1n todos los lunares del cuerpo, rostro y cuello.<\/p>\n\n\n\n<p><\/p>\n\n\n\n<div class=\"wp-block-media-text has-media-on-the-right is-stacked-on-mobile\"><div class=\"wp-block-media-text__content\">\n<p>Es importante la exploraci\u00f3n completa de todo el cuerpo, ya que en ocasiones&nbsp;<strong>el melanoma se puede localizar en lugares que no son evidentes a simple vista<\/strong>.<\/p>\n\n\n\n<p>La Dra. Puig nos explica c\u00f3mo en&nbsp;<strong>analizar unos 100 lunares puede tardar tan solo 90 segundos:<\/strong> \u201cLa dermatoscopia nos permite ver estructuras que no son visibles a simple vista. Con esto mejoramos un 25 % la precisi\u00f3n diagn\u00f3stica\u201d.<\/p>\n<\/div><figure class=\"wp-block-media-text__media\"><img loading=\"lazy\" decoding=\"async\" width=\"450\" height=\"506\" src=\"data:image\/gif;base64,R0lGODlhAQABAAAAACH5BAEKAAEALAAAAAABAAEAAAICTAEAOw==\" data-src=\"https:\/\/www.isdin.com\/es\/blog\/wp-content\/uploads\/2024\/05\/2023_Melanoma_imagen004-450x506-1.png\" alt=\"exploraci\u00f3n de lunares\" class=\"wp-image-10208 size-full lazyload\" data-sizes=\"auto\" data-srcset=\"https:\/\/www.isdin.com\/es\/blog\/wp-content\/uploads\/2024\/05\/2023_Melanoma_imagen004-450x506-1.png 450w, https:\/\/www.isdin.com\/es\/blog\/wp-content\/uploads\/2024\/05\/2023_Melanoma_imagen004-450x506-1-267x300.png 267w, https:\/\/www.isdin.com\/es\/blog\/wp-content\/uploads\/2024\/05\/2023_Melanoma_imagen004-450x506-1-133x150.png 133w, https:\/\/www.isdin.com\/es\/blog\/wp-content\/uploads\/2024\/05\/2023_Melanoma_imagen004-450x506-1-225x253.png 225w, https:\/\/www.isdin.com\/es\/blog\/wp-content\/uploads\/2024\/05\/2023_Melanoma_imagen004-450x506-1-20x22.png 20w\" sizes=\"auto, (max-width: 450px) 100vw, 450px\" \/><\/figure><\/div>\n\n\n\n<p><\/p>\n\n\n\n<h2 class=\"wp-block-heading\" id=\"h-no-mas-melanomas\">No m\u00e1s melanomas<\/h2>\n\n\n\n<p>Desde ISDIN, te invitamos a <a href=\"https:\/\/www.isdin.com\/es\/login?step=1&amp;redirect=%2Flove-isdin%2Fexperience%2Fcolaboracion-aedv-no-mas-melanomas%3Futm_source%3Dinstagram%26utm_medium%3Dorganic%26utm_campaign%3DCOM_ES_SocOr_Fbi_CM_ISD_ES24CON_TRAF_Donaci%25C3%25B3nMelanomaAEDV_NA_NA%26fbclid%3DPAZXh0bgNhZW0CMTEAAaegQVaEVKjEFYpizzMYvcI6C-4U6P3q9J1fpVUIuZGNmbYDLoccPkdOJGrLQg_aem_VqH1xsLCZgk4BqbGQk1jKA\">formar parte de <em><strong>No m\u00e1s melanomas<\/strong><\/em><\/a>, una campa\u00f1a que impulsamos junto a la <a href=\"https:\/\/aedv.es\/\">Academia Espa\u00f1ola de Dermatolog\u00eda y Venereolog\u00eda (AEDV)<\/a>. Nuestro objetivo es claro: que cada vez m\u00e1s personas conozcan, se protejan y act\u00faen a tiempo. <strong>Porque prevenir el c\u00e1ncer de piel es posible, y empieza con peque\u00f1os gestos cotidianos<\/strong>.<\/p>\n\n\n\n<p class=\"has-background\" style=\"background-color:#f9d8eb\"><strong>Colabora con la AEDV y pide tu <em>skin check<\/em><\/strong>: por cada 150 puntos, ISDIN donar\u00e1 1\u20ac a la AEDV. Adem\u00e1s, podr\u00e1s solicitar un <em>skin check<\/em> a trav\u00e9s de su <a href=\"https:\/\/www.euromelanoma.eu\/es-es\/\">campa\u00f1a Euromelanoma<\/a>.<\/p>\n\n\n\n<p>Seguro que alguno de estos descuidos te suena. Cuando las consecuencias de nuestros actos parecen lejanas, es f\u00e1cil dejar ganar a la pereza. Sin embargo, cada exposici\u00f3n al sol cuenta.<\/p>\n\n\n\n<p>\u2013 No m\u00e1s \u2018si me quemo, luego me pongo moreno\u2019.<\/p>\n\n\n\n<p>\u2013 No m\u00e1s \u2018solo es vitamina D\u2019.<\/p>\n\n\n\n<p>\u2013 No m\u00e1s \u2018ya me puse crema esta ma\u00f1ana\u2019.<\/p>\n\n\n\n<p>\u2013 No m\u00e1s \u2018mi piel aguanta\u2019.<\/p>\n\n\n\n<p>\u2013 No m\u00e1s descuidos.<\/p>\n\n\n\n<p><strong>Hoy es un buen d\u00eda para empezar. Di s\u00ed a la prevenci\u00f3n, s\u00ed al autocuidado y s\u00ed a una piel sana. Porque tu piel es \u00fanica, irrepetible\u2026 y merece que la cuides todos los d\u00edas.<\/strong><\/p>\n\n\n\n<p><\/p>\n\n\n\n<figure class=\"wp-block-image size-full\"><img loading=\"lazy\" decoding=\"async\" width=\"768\" height=\"396\" src=\"data:image\/gif;base64,R0lGODlhAQABAAAAACH5BAEKAAEALAAAAAABAAEAAAICTAEAOw==\" data-src=\"https:\/\/www.isdin.com\/es\/blog\/wp-content\/uploads\/2024\/05\/2023_Melanoma_imagen006-768x396-1.png\" alt=\"cantidad de protector necesaria\" class=\"wp-image-10209 lazyload\" data-sizes=\"auto\" data-srcset=\"https:\/\/www.isdin.com\/es\/blog\/wp-content\/uploads\/2024\/05\/2023_Melanoma_imagen006-768x396-1.png 768w, https:\/\/www.isdin.com\/es\/blog\/wp-content\/uploads\/2024\/05\/2023_Melanoma_imagen006-768x396-1-300x155.png 300w, https:\/\/www.isdin.com\/es\/blog\/wp-content\/uploads\/2024\/05\/2023_Melanoma_imagen006-768x396-1-150x77.png 150w, https:\/\/www.isdin.com\/es\/blog\/wp-content\/uploads\/2024\/05\/2023_Melanoma_imagen006-768x396-1-450x232.png 450w, https:\/\/www.isdin.com\/es\/blog\/wp-content\/uploads\/2024\/05\/2023_Melanoma_imagen006-768x396-1-20x11.png 20w, https:\/\/www.isdin.com\/es\/blog\/wp-content\/uploads\/2024\/05\/2023_Melanoma_imagen006-768x396-1-225x116.png 225w\" sizes=\"auto, (max-width: 768px) 100vw, 768px\" \/><\/figure>\n\n\n\n<p><\/p>\n","protected":false},"excerpt":{"rendered":"<p>En 2025, la Sociedad Espa\u00f1ola de Oncolog\u00eda M\u00e9dica (SEOM) y la Red Espa\u00f1ola de Registros de C\u00e1ncer (REDECAN) estiman que se diagnosticar\u00e1n 9.408 nuevos casos de melanoma maligno cut\u00e1neo en Espa\u00f1a.<\/p>\n","protected":false},"author":69,"featured_media":10202,"comment_status":"closed","ping_status":"closed","sticky":false,"template":"","format":"image","meta":{"footnotes":""},"categories":[109,65],"tags":[123,119,400],"class_list":["post-4675","post","type-post","status-publish","format-image","has-post-thumbnail","hentry","category-dermatologia","category-expertos","tag-cuidado-piel","tag-fotoproteccion","tag-melanoma","post_format-post-format-image"],"yoast_head":"<!-- This site is optimized with the Yoast SEO Premium plugin v25.4 (Yoast SEO v25.4) - https:\/\/yoast.com\/wordpress\/plugins\/seo\/ -->\n<title>Melanoma: qu\u00e9 es, c\u00f3mo detectarlo a tiempo y prevenir el c\u00e1ncer de piel - ISDIN<\/title>\n<meta name=\"description\" content=\"\u00bfQu\u00e9 es el melanoma y c\u00f3mo detectarlo a tiempo? Conoce sus causas, s\u00edntomas y m\u00e9todos de prevenci\u00f3n con el respaldo de la Dra. Puig.\" \/>\n<meta name=\"robots\" content=\"index, follow, max-snippet:-1, max-image-preview:large, max-video-preview:-1\" \/>\n<link rel=\"canonical\" href=\"https:\/\/www.isdin.com\/es\/blog\/melanoma-causas-y-como-prevenirlo\/\" \/>\n<meta property=\"og:locale\" content=\"es_ES\" \/>\n<meta property=\"og:type\" content=\"article\" \/>\n<meta property=\"og:title\" content=\"ISDIN lanza la campa\u00f1a solidaria: \u201cEl c\u00e1ncer de piel se puede prevenir\u201d\" \/>\n<meta property=\"og:description\" content=\"ISDIN pone en marcha una campa\u00f1a solidaria de fotoprotecci\u00f3n: \u201cEl c\u00e1ncer de piel se puede prevenir\u201d, que tiene el doble objetivo de ayudar a concienciar a la sociedad sobre este tipo de c\u00e1ncer y colaborar en su prevenci\u00f3n.\" \/>\n<meta property=\"og:url\" content=\"https:\/\/www.isdin.com\/es\/blog\/melanoma-causas-y-como-prevenirlo\/\" \/>\n<meta property=\"og:site_name\" content=\"ISDIN\" \/>\n<meta property=\"article:publisher\" content=\"https:\/\/es-es.facebook.com\/ISDIN.official\/\" \/>\n<meta property=\"article:published_time\" content=\"2025-05-23T11:04:44+00:00\" \/>\n<meta property=\"article:modified_time\" content=\"2025-05-23T11:04:57+00:00\" \/>\n<meta property=\"og:image\" content=\"https:\/\/www.isdin.com\/es\/blog\/wp-content\/uploads\/2021\/05\/2021_06_Blog_Imatge_Facebook.jpg\" \/>\n\t<meta property=\"og:image:width\" content=\"1200\" \/>\n\t<meta property=\"og:image:height\" content=\"630\" \/>\n\t<meta property=\"og:image:type\" content=\"image\/jpeg\" \/>\n<meta name=\"author\" content=\"Belinda Mart\u00ednez\" \/>\n<meta name=\"twitter:card\" content=\"summary_large_image\" \/>\n<meta name=\"twitter:title\" content=\"Melanoma: qu\u00e9 es, c\u00f3mo detectarlo a tiempo y prevenir el c\u00e1ncer de piel\" \/>\n<meta name=\"twitter:creator\" content=\"@isdin_official\" \/>\n<meta name=\"twitter:site\" content=\"@isdin_official\" \/>\n<meta name=\"twitter:label1\" content=\"Written by\" \/>\n\t<meta name=\"twitter:data1\" content=\"Belinda Mart\u00ednez\" \/>\n\t<meta name=\"twitter:label2\" content=\"Est. reading time\" \/>\n\t<meta name=\"twitter:data2\" content=\"10 minutes\" \/>\n<script type=\"application\/ld+json\" class=\"yoast-schema-graph\">{\"@context\":\"https:\/\/schema.org\",\"@graph\":[{\"@type\":\"Article\",\"@id\":\"https:\/\/www.isdin.com\/es\/blog\/melanoma-causas-y-como-prevenirlo\/#article\",\"isPartOf\":{\"@id\":\"https:\/\/www.isdin.com\/es\/blog\/melanoma-causas-y-como-prevenirlo\/\"},\"author\":{\"name\":\"Belinda Mart\u00ednez\",\"@id\":\"https:\/\/www.isdin.com\/es\/blog\/#\/schema\/person\/684015d7d9e78124cb4aa660f6fe8576\"},\"headline\":\"Melanoma: qu\u00e9 es, c\u00f3mo detectarlo a tiempo y prevenir el c\u00e1ncer de piel\",\"datePublished\":\"2025-05-23T11:04:44+00:00\",\"dateModified\":\"2025-05-23T11:04:57+00:00\",\"mainEntityOfPage\":{\"@id\":\"https:\/\/www.isdin.com\/es\/blog\/melanoma-causas-y-como-prevenirlo\/\"},\"wordCount\":1845,\"publisher\":{\"@id\":\"https:\/\/www.isdin.com\/es\/blog\/#organization\"},\"image\":{\"@id\":\"https:\/\/www.isdin.com\/es\/blog\/melanoma-causas-y-como-prevenirlo\/#primaryimage\"},\"thumbnailUrl\":\"https:\/\/www.isdin.com\/es\/blog\/wp-content\/uploads\/2023\/05\/2024_05_Main.jpg\",\"keywords\":[\"cuidado piel\",\"fotoprotecci\u00f3n\",\"Melanoma\"],\"articleSection\":[\"Dermatolog\u00eda\",\"Expertos\"],\"inLanguage\":\"es-ES\"},{\"@type\":\"WebPage\",\"@id\":\"https:\/\/www.isdin.com\/es\/blog\/melanoma-causas-y-como-prevenirlo\/\",\"url\":\"https:\/\/www.isdin.com\/es\/blog\/melanoma-causas-y-como-prevenirlo\/\",\"name\":\"Melanoma: qu\u00e9 es, c\u00f3mo detectarlo a tiempo y prevenir el c\u00e1ncer de piel - ISDIN\",\"isPartOf\":{\"@id\":\"https:\/\/www.isdin.com\/es\/blog\/#website\"},\"primaryImageOfPage\":{\"@id\":\"https:\/\/www.isdin.com\/es\/blog\/melanoma-causas-y-como-prevenirlo\/#primaryimage\"},\"image\":{\"@id\":\"https:\/\/www.isdin.com\/es\/blog\/melanoma-causas-y-como-prevenirlo\/#primaryimage\"},\"thumbnailUrl\":\"https:\/\/www.isdin.com\/es\/blog\/wp-content\/uploads\/2023\/05\/2024_05_Main.jpg\",\"datePublished\":\"2025-05-23T11:04:44+00:00\",\"dateModified\":\"2025-05-23T11:04:57+00:00\",\"description\":\"\u00bfQu\u00e9 es el melanoma y c\u00f3mo detectarlo a tiempo? Conoce sus causas, s\u00edntomas y m\u00e9todos de prevenci\u00f3n con el respaldo de la Dra. Puig.\",\"breadcrumb\":{\"@id\":\"https:\/\/www.isdin.com\/es\/blog\/melanoma-causas-y-como-prevenirlo\/#breadcrumb\"},\"inLanguage\":\"es-ES\",\"potentialAction\":[{\"@type\":\"ReadAction\",\"target\":[\"https:\/\/www.isdin.com\/es\/blog\/melanoma-causas-y-como-prevenirlo\/\"]}]},{\"@type\":\"ImageObject\",\"inLanguage\":\"es-ES\",\"@id\":\"https:\/\/www.isdin.com\/es\/blog\/melanoma-causas-y-como-prevenirlo\/#primaryimage\",\"url\":\"https:\/\/www.isdin.com\/es\/blog\/wp-content\/uploads\/2023\/05\/2024_05_Main.jpg\",\"contentUrl\":\"https:\/\/www.isdin.com\/es\/blog\/wp-content\/uploads\/2023\/05\/2024_05_Main.jpg\",\"width\":1200,\"height\":760},{\"@type\":\"BreadcrumbList\",\"@id\":\"https:\/\/www.isdin.com\/es\/blog\/melanoma-causas-y-como-prevenirlo\/#breadcrumb\",\"itemListElement\":[{\"@type\":\"ListItem\",\"position\":1,\"name\":\"Portada\",\"item\":\"https:\/\/www.isdin.com\/es\/blog\/\"},{\"@type\":\"ListItem\",\"position\":2,\"name\":\"Melanoma: qu\u00e9 es, c\u00f3mo detectarlo a tiempo y prevenir el c\u00e1ncer de piel\"}]},{\"@type\":\"WebSite\",\"@id\":\"https:\/\/www.isdin.com\/es\/blog\/#website\",\"url\":\"https:\/\/www.isdin.com\/es\/blog\/\",\"name\":\"ISDIN\",\"description\":\"Novedades, lanzamientos de productos y toda la experiencia de ISDIN\",\"publisher\":{\"@id\":\"https:\/\/www.isdin.com\/es\/blog\/#organization\"},\"potentialAction\":[{\"@type\":\"SearchAction\",\"target\":{\"@type\":\"EntryPoint\",\"urlTemplate\":\"https:\/\/www.isdin.com\/es\/blog\/?s={search_term_string}\"},\"query-input\":{\"@type\":\"PropertyValueSpecification\",\"valueRequired\":true,\"valueName\":\"search_term_string\"}}],\"inLanguage\":\"es-ES\"},{\"@type\":\"Organization\",\"@id\":\"https:\/\/www.isdin.com\/es\/blog\/#organization\",\"name\":\"ISDIN\",\"alternateName\":\"ISDIN\",\"url\":\"https:\/\/www.isdin.com\/es\/blog\/\",\"logo\":{\"@type\":\"ImageObject\",\"inLanguage\":\"es-ES\",\"@id\":\"https:\/\/www.isdin.com\/es\/blog\/#\/schema\/logo\/image\/\",\"url\":\"https:\/\/www.isdin.com\/es\/blog\/wp-content\/uploads\/2024\/05\/2025_03_GuiaFoto_FWM.png\",\"contentUrl\":\"https:\/\/www.isdin.com\/es\/blog\/wp-content\/uploads\/2024\/05\/2025_03_GuiaFoto_FWM.png\",\"width\":670,\"height\":683,\"caption\":\"ISDIN\"},\"image\":{\"@id\":\"https:\/\/www.isdin.com\/es\/blog\/#\/schema\/logo\/image\/\"},\"sameAs\":[\"https:\/\/es-es.facebook.com\/ISDIN.official\/\",\"https:\/\/x.com\/isdin_official\",\"https:\/\/www.instagram.com\/isdinofficial\",\"https:\/\/www.youtube.com\/channel\/UCtoNJMKpDwdFLqgV23_lcqg\"],\"telephone\":\"659997812\"},{\"@type\":\"Person\",\"@id\":\"https:\/\/www.isdin.com\/es\/blog\/#\/schema\/person\/684015d7d9e78124cb4aa660f6fe8576\",\"name\":\"Belinda Mart\u00ednez\",\"image\":{\"@type\":\"ImageObject\",\"inLanguage\":\"es-ES\",\"@id\":\"https:\/\/www.isdin.com\/es\/blog\/#\/schema\/person\/image\/\",\"url\":\"https:\/\/www.isdin.com\/es\/blog\/wp-content\/uploads\/2017\/07\/jjjj.jpg\",\"contentUrl\":\"https:\/\/www.isdin.com\/es\/blog\/wp-content\/uploads\/2017\/07\/jjjj.jpg\",\"caption\":\"Belinda Mart\u00ednez\"},\"description\":\"Belinda es periodista y copywriter creativa. Tras a\u00f1os de experiencia, decidi\u00f3 fusionar sus habilidades de escritura con su amor por el skincare, convirti\u00e9ndose en una especialista en la materia. \u00bfSu imprescindible? Un buen b\u00e1lsamo de labios.\",\"sameAs\":[\"https:\/\/www.linkedin.com\/in\/thisisbel\/\"],\"url\":\"https:\/\/www.isdin.com\/es\/blog\/author\/belindamartinez\/\"}]}<\/script>\n<!-- \/ Yoast SEO Premium plugin. -->","yoast_head_json":{"title":"Melanoma: qu\u00e9 es, c\u00f3mo detectarlo a tiempo y prevenir el c\u00e1ncer de piel - ISDIN","description":"\u00bfQu\u00e9 es el melanoma y c\u00f3mo detectarlo a tiempo? Conoce sus causas, s\u00edntomas y m\u00e9todos de prevenci\u00f3n con el respaldo de la Dra. Puig.","robots":{"index":"index","follow":"follow","max-snippet":"max-snippet:-1","max-image-preview":"max-image-preview:large","max-video-preview":"max-video-preview:-1"},"canonical":"https:\/\/www.isdin.com\/es\/blog\/melanoma-causas-y-como-prevenirlo\/","og_locale":"es_ES","og_type":"article","og_title":"ISDIN lanza la campa\u00f1a solidaria: \u201cEl c\u00e1ncer de piel se puede prevenir\u201d","og_description":"ISDIN pone en marcha una campa\u00f1a solidaria de fotoprotecci\u00f3n: \u201cEl c\u00e1ncer de piel se puede prevenir\u201d, que tiene el doble objetivo de ayudar a concienciar a la sociedad sobre este tipo de c\u00e1ncer y colaborar en su prevenci\u00f3n.","og_url":"https:\/\/www.isdin.com\/es\/blog\/melanoma-causas-y-como-prevenirlo\/","og_site_name":"ISDIN","article_publisher":"https:\/\/es-es.facebook.com\/ISDIN.official\/","article_published_time":"2025-05-23T11:04:44+00:00","article_modified_time":"2025-05-23T11:04:57+00:00","og_image":[{"width":1200,"height":630,"url":"https:\/\/www.isdin.com\/es\/blog\/wp-content\/uploads\/2021\/05\/2021_06_Blog_Imatge_Facebook.jpg","type":"image\/jpeg"}],"author":"Belinda Mart\u00ednez","twitter_card":"summary_large_image","twitter_title":"Melanoma: qu\u00e9 es, c\u00f3mo detectarlo a tiempo y prevenir el c\u00e1ncer de piel","twitter_creator":"@isdin_official","twitter_site":"@isdin_official","twitter_misc":{"Written by":"Belinda Mart\u00ednez","Est. reading time":"10 minutes"},"schema":{"@context":"https:\/\/schema.org","@graph":[{"@type":"Article","@id":"https:\/\/www.isdin.com\/es\/blog\/melanoma-causas-y-como-prevenirlo\/#article","isPartOf":{"@id":"https:\/\/www.isdin.com\/es\/blog\/melanoma-causas-y-como-prevenirlo\/"},"author":{"name":"Belinda Mart\u00ednez","@id":"https:\/\/www.isdin.com\/es\/blog\/#\/schema\/person\/684015d7d9e78124cb4aa660f6fe8576"},"headline":"Melanoma: qu\u00e9 es, c\u00f3mo detectarlo a tiempo y prevenir el c\u00e1ncer de piel","datePublished":"2025-05-23T11:04:44+00:00","dateModified":"2025-05-23T11:04:57+00:00","mainEntityOfPage":{"@id":"https:\/\/www.isdin.com\/es\/blog\/melanoma-causas-y-como-prevenirlo\/"},"wordCount":1845,"publisher":{"@id":"https:\/\/www.isdin.com\/es\/blog\/#organization"},"image":{"@id":"https:\/\/www.isdin.com\/es\/blog\/melanoma-causas-y-como-prevenirlo\/#primaryimage"},"thumbnailUrl":"https:\/\/www.isdin.com\/es\/blog\/wp-content\/uploads\/2023\/05\/2024_05_Main.jpg","keywords":["cuidado piel","fotoprotecci\u00f3n","Melanoma"],"articleSection":["Dermatolog\u00eda","Expertos"],"inLanguage":"es-ES"},{"@type":"WebPage","@id":"https:\/\/www.isdin.com\/es\/blog\/melanoma-causas-y-como-prevenirlo\/","url":"https:\/\/www.isdin.com\/es\/blog\/melanoma-causas-y-como-prevenirlo\/","name":"Melanoma: qu\u00e9 es, c\u00f3mo detectarlo a tiempo y prevenir el c\u00e1ncer de piel - ISDIN","isPartOf":{"@id":"https:\/\/www.isdin.com\/es\/blog\/#website"},"primaryImageOfPage":{"@id":"https:\/\/www.isdin.com\/es\/blog\/melanoma-causas-y-como-prevenirlo\/#primaryimage"},"image":{"@id":"https:\/\/www.isdin.com\/es\/blog\/melanoma-causas-y-como-prevenirlo\/#primaryimage"},"thumbnailUrl":"https:\/\/www.isdin.com\/es\/blog\/wp-content\/uploads\/2023\/05\/2024_05_Main.jpg","datePublished":"2025-05-23T11:04:44+00:00","dateModified":"2025-05-23T11:04:57+00:00","description":"\u00bfQu\u00e9 es el melanoma y c\u00f3mo detectarlo a tiempo? Conoce sus causas, s\u00edntomas y m\u00e9todos de prevenci\u00f3n con el respaldo de la Dra. Puig.","breadcrumb":{"@id":"https:\/\/www.isdin.com\/es\/blog\/melanoma-causas-y-como-prevenirlo\/#breadcrumb"},"inLanguage":"es-ES","potentialAction":[{"@type":"ReadAction","target":["https:\/\/www.isdin.com\/es\/blog\/melanoma-causas-y-como-prevenirlo\/"]}]},{"@type":"ImageObject","inLanguage":"es-ES","@id":"https:\/\/www.isdin.com\/es\/blog\/melanoma-causas-y-como-prevenirlo\/#primaryimage","url":"https:\/\/www.isdin.com\/es\/blog\/wp-content\/uploads\/2023\/05\/2024_05_Main.jpg","contentUrl":"https:\/\/www.isdin.com\/es\/blog\/wp-content\/uploads\/2023\/05\/2024_05_Main.jpg","width":1200,"height":760},{"@type":"BreadcrumbList","@id":"https:\/\/www.isdin.com\/es\/blog\/melanoma-causas-y-como-prevenirlo\/#breadcrumb","itemListElement":[{"@type":"ListItem","position":1,"name":"Portada","item":"https:\/\/www.isdin.com\/es\/blog\/"},{"@type":"ListItem","position":2,"name":"Melanoma: qu\u00e9 es, c\u00f3mo detectarlo a tiempo y prevenir el c\u00e1ncer de piel"}]},{"@type":"WebSite","@id":"https:\/\/www.isdin.com\/es\/blog\/#website","url":"https:\/\/www.isdin.com\/es\/blog\/","name":"ISDIN","description":"Novedades, lanzamientos de productos y toda la experiencia de ISDIN","publisher":{"@id":"https:\/\/www.isdin.com\/es\/blog\/#organization"},"potentialAction":[{"@type":"SearchAction","target":{"@type":"EntryPoint","urlTemplate":"https:\/\/www.isdin.com\/es\/blog\/?s={search_term_string}"},"query-input":{"@type":"PropertyValueSpecification","valueRequired":true,"valueName":"search_term_string"}}],"inLanguage":"es-ES"},{"@type":"Organization","@id":"https:\/\/www.isdin.com\/es\/blog\/#organization","name":"ISDIN","alternateName":"ISDIN","url":"https:\/\/www.isdin.com\/es\/blog\/","logo":{"@type":"ImageObject","inLanguage":"es-ES","@id":"https:\/\/www.isdin.com\/es\/blog\/#\/schema\/logo\/image\/","url":"https:\/\/www.isdin.com\/es\/blog\/wp-content\/uploads\/2024\/05\/2025_03_GuiaFoto_FWM.png","contentUrl":"https:\/\/www.isdin.com\/es\/blog\/wp-content\/uploads\/2024\/05\/2025_03_GuiaFoto_FWM.png","width":670,"height":683,"caption":"ISDIN"},"image":{"@id":"https:\/\/www.isdin.com\/es\/blog\/#\/schema\/logo\/image\/"},"sameAs":["https:\/\/es-es.facebook.com\/ISDIN.official\/","https:\/\/x.com\/isdin_official","https:\/\/www.instagram.com\/isdinofficial","https:\/\/www.youtube.com\/channel\/UCtoNJMKpDwdFLqgV23_lcqg"],"telephone":"659997812"},{"@type":"Person","@id":"https:\/\/www.isdin.com\/es\/blog\/#\/schema\/person\/684015d7d9e78124cb4aa660f6fe8576","name":"Belinda Mart\u00ednez","image":{"@type":"ImageObject","inLanguage":"es-ES","@id":"https:\/\/www.isdin.com\/es\/blog\/#\/schema\/person\/image\/","url":"https:\/\/www.isdin.com\/es\/blog\/wp-content\/uploads\/2017\/07\/jjjj.jpg","contentUrl":"https:\/\/www.isdin.com\/es\/blog\/wp-content\/uploads\/2017\/07\/jjjj.jpg","caption":"Belinda Mart\u00ednez"},"description":"Belinda es periodista y copywriter creativa. Tras a\u00f1os de experiencia, decidi\u00f3 fusionar sus habilidades de escritura con su amor por el skincare, convirti\u00e9ndose en una especialista en la materia. \u00bfSu imprescindible? Un buen b\u00e1lsamo de labios.","sameAs":["https:\/\/www.linkedin.com\/in\/thisisbel\/"],"url":"https:\/\/www.isdin.com\/es\/blog\/author\/belindamartinez\/"}]}},"_links":{"self":[{"href":"https:\/\/www.isdin.com\/es\/blog\/wp-json\/wp\/v2\/posts\/4675","targetHints":{"allow":["GET"]}}],"collection":[{"href":"https:\/\/www.isdin.com\/es\/blog\/wp-json\/wp\/v2\/posts"}],"about":[{"href":"https:\/\/www.isdin.com\/es\/blog\/wp-json\/wp\/v2\/types\/post"}],"author":[{"embeddable":true,"href":"https:\/\/www.isdin.com\/es\/blog\/wp-json\/wp\/v2\/users\/69"}],"replies":[{"embeddable":true,"href":"https:\/\/www.isdin.com\/es\/blog\/wp-json\/wp\/v2\/comments?post=4675"}],"version-history":[{"count":30,"href":"https:\/\/www.isdin.com\/es\/blog\/wp-json\/wp\/v2\/posts\/4675\/revisions"}],"predecessor-version":[{"id":12117,"href":"https:\/\/www.isdin.com\/es\/blog\/wp-json\/wp\/v2\/posts\/4675\/revisions\/12117"}],"wp:featuredmedia":[{"embeddable":true,"href":"https:\/\/www.isdin.com\/es\/blog\/wp-json\/wp\/v2\/media\/10202"}],"wp:attachment":[{"href":"https:\/\/www.isdin.com\/es\/blog\/wp-json\/wp\/v2\/media?parent=4675"}],"wp:term":[{"taxonomy":"category","embeddable":true,"href":"https:\/\/www.isdin.com\/es\/blog\/wp-json\/wp\/v2\/categories?post=4675"},{"taxonomy":"post_tag","embeddable":true,"href":"https:\/\/www.isdin.com\/es\/blog\/wp-json\/wp\/v2\/tags?post=4675"}],"curies":[{"name":"wp","href":"https:\/\/api.w.org\/{rel}","templated":true}]}}