{"id":4539,"date":"2019-02-19T10:29:56","date_gmt":"2019-02-19T10:29:56","guid":{"rendered":"https:\/\/www.isdin.com\/es\/blog\/?p=4539"},"modified":"2023-04-20T11:55:26","modified_gmt":"2023-04-20T11:55:26","slug":"verdadero-o-falso-6-mitos-sobre-el-cuidado-de-la-piel","status":"publish","type":"post","link":"https:\/\/www.isdin.com\/es\/blog\/verdadero-o-falso-6-mitos-sobre-el-cuidado-de-la-piel\/","title":{"rendered":"\u00bfVerdadero o Falso? 6 mitos sobre el cuidado de la piel"},"content":{"rendered":"<div class=\"wpb-content-wrapper\">[vc_row][vc_column][vc_column_text]<span style=\"font-weight: 400;\">\u00bfCu\u00e1ntas veces has escuchado que el factor que influye m\u00e1s en el envejecimiento de la piel es la radiaci\u00f3n solar?, \u00bf\u2026y que el protector solar evita que te pongas moreno? <\/span><b>Gema Herrer\u00edas<\/b><span style=\"font-weight: 400;\">, farmac\u00e9utica experta en dermofarmacia, habl\u00f3 de estas y otras creencias en torno al cuidado de la piel durante un directo de Instagram, organizado por ISDIN, en el que tambi\u00e9n participaron Martina Klein y Mar\u00eda G\u00f3mez.<\/span><\/p>\n<p><span style=\"font-weight: 400;\">\u00bfTe lo perdiste? Hoy te contamos lo que nos explic\u00f3. \u00a1Sigue leyendo si quieres saber <\/span>qu\u00e9 hay de verdadero o falso detr\u00e1s de estos<b> mitos sobre el cuidado de la piel<\/b><span style=\"font-weight: 400;\">!<\/span><\/p>\n<p>&nbsp;<\/p>\n<h2>1. El 80% del envejecimiento de la piel es producido por la radiaci\u00f3n solar<\/h2>\n<p><b>Verdadero. <\/b><span style=\"font-weight: 400;\">La radiaci\u00f3n solar es el factor que m\u00e1s acelera los procesos de envejecimiento de la piel. Adem\u00e1s tambi\u00e9n encontramos otros 5 factores que favorecen su envejecimiento:<\/span><\/p>\n<span class=\"inline-icon icon-smallsize no-link\"><i class=\"fa fa-check icon-smallsize\"><\/i><\/span> la contaminaci\u00f3n ambiental<br \/>\n<span class=\"inline-icon icon-smallsize no-link\"><i class=\"fa fa-check icon-smallsize\"><\/i><\/span> el tabaco<br \/>\n<span class=\"inline-icon icon-smallsize no-link\"><i class=\"fa fa-check icon-smallsize\"><\/i><\/span> las altas temperaturas<br \/>\n<span class=\"inline-icon icon-smallsize no-link\"><i class=\"fa fa-check icon-smallsize\"><\/i><\/span> una mala nutrici\u00f3n<br \/>\n<span style=\"font-weight: 400;\"><span class=\"inline-icon icon-smallsize no-link\"><i class=\"fa fa-check icon-smallsize\"><\/i><\/span> la falta de sue\u00f1o y\/o el estr\u00e9s<\/span><\/p>\n<p><span style=\"font-weight: 400;\">Estos 6 factores que afectan a la piel son el llamado: <\/span><b>exposoma<\/b><span style=\"font-weight: 400;\">.<\/span><\/p>\n<blockquote class=\"\"><p>\u201cSin duda esto es as\u00ed. La radiaci\u00f3n solar es el primer agente que nos envejece. Adem\u00e1s est\u00e1 rodeado de lo que se llama el exposoma, un conjunto de factores que favorecen nuestro envejecimiento\u201d.<cite>Gema Herrer\u00edas.<\/cite><\/p><\/blockquote>\n<p>&nbsp;<\/p>\n<h2><span style=\"font-weight: 400;\">2. El mejor producto para frenar el envejecimiento de la piel es un buen fotoprotector<\/span><\/h2>\n<p><b>Verdadero. <\/b><span style=\"font-weight: 400;\">El uso de un fotoprotector solar a diario ayuda a frenar y a prevenir la aparici\u00f3n de signos de envejecimiento. Y no solamente estamos hablando de prevenir el envejecimiento de la piel, <\/span><b>tambi\u00e9n hay que minimizar los riesgos de sufrir un c\u00e1ncer de piel<\/b><span style=\"font-weight: 400;\">.<\/span><\/p>\n<blockquote class=\"\"><p>\u201cSi tuviera que dar un solo consejo para envejecer mejor ser\u00eda protegernos del sol\u201d.<cite>Gema Herrer\u00edas.<\/cite><\/p><\/blockquote>\n<p><img loading=\"lazy\" decoding=\"async\" class=\"aligncenter wp-image-4541 size-full lazyload\" src=\"data:image\/gif;base64,R0lGODlhAQABAAAAACH5BAEKAAEALAAAAAABAAEAAAICTAEAOw==\" data-src=\"https:\/\/www.isdin.com\/es\/blog\/wp-content\/uploads\/2019\/02\/Isdin_AgeRepair_Gema_Herrerias_Blog.jpg\" alt=\"Crema solar mitos sobre el cuidado de la piel\" width=\"670\" height=\"670\" data-sizes=\"auto\" data-srcset=\"https:\/\/www.isdin.com\/es\/blog\/wp-content\/uploads\/2019\/02\/Isdin_AgeRepair_Gema_Herrerias_Blog.jpg 670w, https:\/\/www.isdin.com\/es\/blog\/wp-content\/uploads\/2019\/02\/Isdin_AgeRepair_Gema_Herrerias_Blog-150x150.jpg 150w, https:\/\/www.isdin.com\/es\/blog\/wp-content\/uploads\/2019\/02\/Isdin_AgeRepair_Gema_Herrerias_Blog-300x300.jpg 300w, https:\/\/www.isdin.com\/es\/blog\/wp-content\/uploads\/2019\/02\/Isdin_AgeRepair_Gema_Herrerias_Blog-180x180.jpg 180w\" sizes=\"auto, (max-width: 670px) 100vw, 670px\" \/><\/p>\n<p><span style=\"font-weight: 400;\">Adem\u00e1s, actualmente encontramos f\u00f3rmulas en el mercado que no solamente protegen la piel del sol, tambi\u00e9n ofrecen otros beneficios <\/span><i><span style=\"font-weight: 400;\">anti-aging<\/span><\/i><span style=\"font-weight: 400;\">. Gema nos confes\u00f3 que uno de sus fotoprotectores favoritos es <\/span><a href=\"https:\/\/www.isdin.com\/producto\/foto-ultra-isdin\/age-repair-textura-water-ultraligera-spf-50\"><span style=\"font-weight: 400;\">ISDIN Age Repair<\/span><\/a><span style=\"font-weight: 400;\"> que, aparte de <\/span><b>proteger<\/b><span style=\"font-weight: 400;\">, <\/span><b>repara<\/b><span style=\"font-weight: 400;\"> el da\u00f1o acumulado del sol gracias a los <\/span><span style=\"font-weight: 400;\">DNA Repairsomes\u00ae y <\/span><b>r<\/b><b>evierte<\/b><span style=\"font-weight: 400;\"> los signos del fotoenvejecimiento por su contenido en Li-Q10, CollagenBooster Peptide y \u00e1cido hialur\u00f3nico.<\/span><\/p>\n<div class=\"flex-video widescreen youtube\"><iframe loading=\"lazy\" title=\"ISDIN y Gema Herrer\u00edas: consejos - ISDIN\" width=\"500\" height=\"281\" src=\"https:\/\/www.youtube.com\/embed\/kxDt2dQUmx4?feature=oembed&#038;showinfo=0&#038;rel=0&#038;modestbranding=1&#038;iv_load_policy=3&#038;playsinline=1&#038;enablejsapi=1\" frameborder=\"0\" allow=\"accelerometer; autoplay; clipboard-write; encrypted-media; gyroscope; picture-in-picture; web-share\" referrerpolicy=\"strict-origin-when-cross-origin\" allowfullscreen><\/iframe><\/div>\n<p>&nbsp;<\/p>\n<p><span style=\"font-weight: 400;\">Tambi\u00e9n nos coment\u00f3 que es importante mantener una buena alimentaci\u00f3n, practicar deporte, evitar el estr\u00e9s, dormir bien\u2026 y complementar la fotoprotecci\u00f3n con una rutina de cuidado adecuada a nuestro tipo de piel y necesidades, incluyendo componentes antioxidantes como la vitamina C, presente en el s\u00e9rum antioxidante de d\u00eda <\/span><a href=\"https:\/\/www.isdin.com\/producto\/isdinceutics\/flavo-c-ultraglican\"><span style=\"font-weight: 400;\">ISDINCEUTICS Flavo-C Ultraglican<\/span><\/a>,<span style=\"font-weight: 400;\"> que nos ayudar\u00e1n a combatir el estr\u00e9s oxidativo de la piel.<\/span><\/p>\n<p><img loading=\"lazy\" decoding=\"async\" class=\"aligncenter wp-image-4542 size-full lazyload\" src=\"data:image\/gif;base64,R0lGODlhAQABAAAAACH5BAEKAAEALAAAAAABAAEAAAICTAEAOw==\" data-src=\"https:\/\/www.isdin.com\/es\/blog\/wp-content\/uploads\/2019\/02\/Isdin_Flavo-C_Ultraglican_Gema_Herrerias_Blog.jpg\" alt=\"vitamina c mitos sobre el cuidado de la piel\" width=\"670\" height=\"670\" data-sizes=\"auto\" data-srcset=\"https:\/\/www.isdin.com\/es\/blog\/wp-content\/uploads\/2019\/02\/Isdin_Flavo-C_Ultraglican_Gema_Herrerias_Blog.jpg 670w, https:\/\/www.isdin.com\/es\/blog\/wp-content\/uploads\/2019\/02\/Isdin_Flavo-C_Ultraglican_Gema_Herrerias_Blog-150x150.jpg 150w, https:\/\/www.isdin.com\/es\/blog\/wp-content\/uploads\/2019\/02\/Isdin_Flavo-C_Ultraglican_Gema_Herrerias_Blog-300x300.jpg 300w, https:\/\/www.isdin.com\/es\/blog\/wp-content\/uploads\/2019\/02\/Isdin_Flavo-C_Ultraglican_Gema_Herrerias_Blog-180x180.jpg 180w\" sizes=\"auto, (max-width: 670px) 100vw, 670px\" \/><\/p>\n<p>&nbsp;<\/p>\n<h2><span style=\"font-weight: 400;\">3. El protector solar evita que te pongas moreno<\/span><\/h2>\n<p><b>Falso. <\/b><span style=\"font-weight: 400;\">El protector solar evita la aparici\u00f3n de c\u00e1ncer de piel. Con la aplicaci\u00f3n de un fotoprotector no evitamos ponernos morenos, evitamos la aparici\u00f3n de la quemadura solar. La protecci\u00f3n total, \u201cpantalla total\u201d,\u00a0no existe: implicar\u00eda una Fotoprotecci\u00f3n 100% frente a la radiaci\u00f3n solar, y aunque el fotoprotector tenga un FPS muy alto, siempre hay una parte de la radiaci\u00f3n solar que llega a la piel. Adem\u00e1s, es importante aplicar la cantidad suficiente, ya que si no lo hacemos la protecci\u00f3n acaba siendo menor, y si a esto le sumamos que a lo largo de la jornada no lo reaplicamos, su FPS a\u00fan disminuye m\u00e1s.<\/span><\/p>\n<blockquote class=\"\"><p>\u201cLa protecci\u00f3n solar total no existe. Aplicando fotoprotector se evita la quemadura y el c\u00e1ncer de piel, no el bronceado\u201d.<cite>Gema Herrer\u00edas.<\/cite><\/p><\/blockquote>\n<p><span style=\"font-weight: 400;\">Es importante<\/span><b> protegernos todos los d\u00edas<\/b><span style=\"font-weight: 400;\">, de esta manera evitaremos la quemadura solar, reduciremos las probabilidades de padecer c\u00e1ncer de piel y obtendremos un bronceado progresivo.<\/span><\/p>\n<h2><span style=\"font-weight: 400;\">4. El tipo piel es el mismo durante toda la vida<\/span><\/h2>\n<p><b>Verdadero. <\/b><span style=\"font-weight: 400;\">Nuestro tipo de piel nos acompa\u00f1a a lo largo de nuestra vida. Pero su estado va cambiando a lo largo del tiempo y hay que adaptarse a cada momento.<\/span><\/p>\n<p><span style=\"font-weight: 400;\">Conocer el <\/span><b>tipo de piel<\/b><span style=\"font-weight: 400;\"> que tenemos es muy \u00fatil a la hora de elegir un cosm\u00e9tico: si nuestra piel es grasa usaremos texturas m\u00e1s ligeras, si por el contrario tenemos la piel seca utilizaremos texturas m\u00e1s densas.<\/span><\/p>\n<div class=\"flex-video widescreen youtube\"><iframe loading=\"lazy\" title=\"ISDIN y Gema Herrer\u00edas: tipos de piel - ISDIN\" width=\"500\" height=\"281\" src=\"https:\/\/www.youtube.com\/embed\/TKSQ5KzkzUc?feature=oembed&#038;showinfo=0&#038;rel=0&#038;modestbranding=1&#038;iv_load_policy=3&#038;playsinline=1&#038;enablejsapi=1\" frameborder=\"0\" allow=\"accelerometer; autoplay; clipboard-write; encrypted-media; gyroscope; picture-in-picture; web-share\" referrerpolicy=\"strict-origin-when-cross-origin\" allowfullscreen><\/iframe><\/div>\n<p>&nbsp;<\/p>\n<p><span style=\"font-weight: 400;\">Una vez determinado el tipo de piel que tenemos nos fijaremos en su <\/span><b>estado<\/b><span style=\"font-weight: 400;\">.<\/span><\/p>\n<p><span style=\"font-weight: 400;\">Martina Klein nos coment\u00f3 que notaba su piel deshidratada despu\u00e9s de coger un vuelo muy largo desde Australia. En estos casos, la textura y los beneficios de un s\u00e9rum reparador de noche como <\/span><a href=\"https:\/\/www.isdin.com\/producto\/isdinceutics\/flavo-c-melatonin\"><span style=\"font-weight: 400;\">ISDINCEUTICS Flavo-C Melatonin<\/span><\/a><span style=\"font-weight: 400;\"> son muy \u00fatiles para recuperarla.<\/span><\/p>\n<blockquote class=\"\"><p>\u201cPara volver a recuperar la normalidad de la piel despu\u00e9s de un viaje largo, unas ampollas reparadoras, una crema muy hidratante\u2026 son nuestro SOS\u201d.<cite>Gema Herrer\u00edas.<\/cite><\/p><\/blockquote>\n<p><img loading=\"lazy\" decoding=\"async\" class=\"aligncenter wp-image-4543 size-full lazyload\" src=\"data:image\/gif;base64,R0lGODlhAQABAAAAACH5BAEKAAEALAAAAAABAAEAAAICTAEAOw==\" data-src=\"https:\/\/www.isdin.com\/es\/blog\/wp-content\/uploads\/2019\/02\/Isdin_Flavo-C_Melatonin_Gema_Herrerias_Blog.jpg\" alt=\"mitos sobre el cuidado de la piel melatonina\" width=\"670\" height=\"670\" data-sizes=\"auto\" data-srcset=\"https:\/\/www.isdin.com\/es\/blog\/wp-content\/uploads\/2019\/02\/Isdin_Flavo-C_Melatonin_Gema_Herrerias_Blog.jpg 670w, https:\/\/www.isdin.com\/es\/blog\/wp-content\/uploads\/2019\/02\/Isdin_Flavo-C_Melatonin_Gema_Herrerias_Blog-150x150.jpg 150w, https:\/\/www.isdin.com\/es\/blog\/wp-content\/uploads\/2019\/02\/Isdin_Flavo-C_Melatonin_Gema_Herrerias_Blog-300x300.jpg 300w, https:\/\/www.isdin.com\/es\/blog\/wp-content\/uploads\/2019\/02\/Isdin_Flavo-C_Melatonin_Gema_Herrerias_Blog-180x180.jpg 180w\" sizes=\"auto, (max-width: 670px) 100vw, 670px\" \/><\/p>\n<p>&nbsp;<\/p>\n<h2><span style=\"font-weight: 400;\">5. Usar maquillaje encima del fotoprotector evita que proteja<\/span><\/h2>\n<p><b>Falso. <\/b><span style=\"font-weight: 400;\">Puedes utilizar tu maquillaje habitual encima de la protecci\u00f3n solar. El orden correcto ser\u00eda aplicar tu fotoprotector solar facial, como <\/span><a href=\"https:\/\/www.isdin.com\/producto\/foto-ultra-isdin\/age-repair-textura-water-ultraligera-spf-50\"><span style=\"font-weight: 400;\">ISDIN Age Repair<\/span><\/a><span style=\"font-weight: 400;\"> o <\/span><a href=\"https:\/\/www.isdin.com\/producto\/fotoprotector-isdin\/fusion-water-spf-50\"><span style=\"font-weight: 400;\">ISDIN Fusion Water<\/span><\/a><span style=\"font-weight: 400;\">, y despu\u00e9s aplicar tu maquillaje habitual.<\/span><\/p>\n<p><span style=\"font-weight: 400;\">A lo largo del d\u00eda recuerda reaplicar la fotoprotecci\u00f3n con los formatos de ISDIN m\u00e1s pr\u00e1cticos para ello: <\/span><a href=\"https:\/\/www.isdin.com\/producto\/fotoprotector-isdin\/uv-mineral-brush-spf-50\"><span style=\"font-weight: 400;\">ISDIN SunBrush Mineral<\/span><\/a><span style=\"font-weight: 400;\"> o <\/span><a href=\"https:\/\/www.isdin.com\/producto\/fotoprotector-isdin\/compact-arena-spf-50\"><span style=\"font-weight: 400;\">ISDIN Compact<\/span><\/a><b>. <\/b><span style=\"font-weight: 400;\">Su formato es muy c\u00f3modo de usar y te permitir\u00e1 aplicarlo encima de tu maquillaje sin estropearlo. Gema nos coment\u00f3 que lleva <\/span><b>ISDIN SunBrush Mineral<\/b><span style=\"font-weight: 400;\"> siempre en el bolso \ud83d\ude09<\/span><\/p>\n<blockquote class=\"\"><p>\u201cLa brocha de ISDIN es s\u00faper c\u00f3moda. Nos permite mantener el filtro solar durante toda la jornada y ayuda a matificar la piel\u201d.<cite>Gema Herrer\u00edas.<\/cite><\/p><\/blockquote>\n<p><img loading=\"lazy\" decoding=\"async\" class=\"aligncenter wp-image-4544 size-full lazyload\" src=\"data:image\/gif;base64,R0lGODlhAQABAAAAACH5BAEKAAEALAAAAAABAAEAAAICTAEAOw==\" data-src=\"https:\/\/www.isdin.com\/es\/blog\/wp-content\/uploads\/2019\/02\/Isdin_SunBrush_Gema_Herrerias_Blog.jpg\" alt=\"mitos sobre el cuidado de la piel proteccion solar\" width=\"670\" height=\"670\" data-sizes=\"auto\" data-srcset=\"https:\/\/www.isdin.com\/es\/blog\/wp-content\/uploads\/2019\/02\/Isdin_SunBrush_Gema_Herrerias_Blog.jpg 670w, https:\/\/www.isdin.com\/es\/blog\/wp-content\/uploads\/2019\/02\/Isdin_SunBrush_Gema_Herrerias_Blog-150x150.jpg 150w, https:\/\/www.isdin.com\/es\/blog\/wp-content\/uploads\/2019\/02\/Isdin_SunBrush_Gema_Herrerias_Blog-300x300.jpg 300w, https:\/\/www.isdin.com\/es\/blog\/wp-content\/uploads\/2019\/02\/Isdin_SunBrush_Gema_Herrerias_Blog-180x180.jpg 180w\" sizes=\"auto, (max-width: 670px) 100vw, 670px\" \/><\/p>\n<p>&nbsp;<\/p>\n<h2><span style=\"font-weight: 400;\">6. No hace falta renovar la Fotoprotecci\u00f3n en invierno. \u00a0<\/span><\/h2>\n<p><b>Falso. <\/b><span style=\"font-weight: 400;\">Hay que reaplicar la fotoprotecci\u00f3n durante todo el a\u00f1o. Especialmente los fototipos de piel m\u00e1s claros y teniendo en cuenta las actividades que hagamos durante el d\u00eda. En general en invierno es suficiente reaplicando a media ma\u00f1ana, pero hay que hacerlo.<\/span><\/p>\n<div class=\"flex-video widescreen youtube\"><iframe loading=\"lazy\" title=\"ISDIN y Gema Herrer\u00edas: fotoprotecci\u00f3n en invierno - ISDIN\" width=\"500\" height=\"281\" src=\"https:\/\/www.youtube.com\/embed\/gf3wKBrSVPY?feature=oembed&#038;showinfo=0&#038;rel=0&#038;modestbranding=1&#038;iv_load_policy=3&#038;playsinline=1&#038;enablejsapi=1\" frameborder=\"0\" allow=\"accelerometer; autoplay; clipboard-write; encrypted-media; gyroscope; picture-in-picture; web-share\" referrerpolicy=\"strict-origin-when-cross-origin\" allowfullscreen><\/iframe><\/div>\n<p>&nbsp;<\/p>\n<p><span style=\"font-weight: 400;\">Los <\/span><a href=\"https:\/\/www.isdin.com\/protector-solar\/facial\/\"><span style=\"font-weight: 400;\">fotoprotectores faciales de ISDIN<\/span><\/a><span style=\"font-weight: 400;\"> ofrecen una gran variedad de formatos y texturas, as\u00ed que \u00a1no hay excusas!<\/span><\/p>\n<blockquote class=\"\"><p>\u201cCon los fotoprotectores que tenemos ahora y sus texturas y formatos innovadores, es imposible que la gente no se proteja\u201d.<cite>Gema Herrer\u00edas.<\/cite><\/p><\/blockquote>\n<p><span style=\"font-weight: 400;\">Cu\u00e9ntanos si conoc\u00edas o no estos mitos y verdades sobre el cuidado de la piel. \u00bfTe ha sorprendido alguno?<\/span><\/p>\n<p>&nbsp;[\/vc_column_text][\/vc_column][\/vc_row]\n<\/div>","protected":false},"excerpt":{"rendered":"<p>[vc_row][vc_column][vc_column_text]\u00bfCu\u00e1ntas veces has escuchado que el factor que influye m\u00e1s en el envejecimiento de la piel es la radiaci\u00f3n solar?, \u00bf\u2026y que el protector solar evita que te pongas moreno? Gema Herrer\u00edas, farmac\u00e9utica experta en dermofarmacia, habl\u00f3 de estas y otras creencias en torno al cuidado de la piel durante un directo de Instagram, organizado&hellip;<\/p>\n","protected":false},"author":3,"featured_media":4540,"comment_status":"closed","ping_status":"closed","sticky":false,"template":"","format":"image","meta":{"footnotes":""},"categories":[1,65,112],"tags":[],"class_list":["post-4539","post","type-post","status-publish","format-image","has-post-thumbnail","hentry","category-consejos-cuidados","category-expertos","category-farmaceuticos","post_format-post-format-image"],"yoast_head":"<!-- This site is optimized with the Yoast SEO Premium plugin v25.4 (Yoast SEO v25.4) - https:\/\/yoast.com\/wordpress\/plugins\/seo\/ -->\n<title>\u00bfVerdadero o Falso? 6 mitos sobre el cuidado de la piel - ISDIN<\/title>\n<meta name=\"description\" content=\"Te contamos lo que nos explic\u00f3 Gema Herrer\u00edas sobre estos mitos sobre el cuidado de la piel. \u00a1Sigue leyendo si quieres saber qu\u00e9 hay de verdadero o falso detr\u00e1s de estas creencias!\" \/>\n<meta name=\"robots\" content=\"index, follow, max-snippet:-1, max-image-preview:large, max-video-preview:-1\" \/>\n<link rel=\"canonical\" href=\"https:\/\/www.isdin.com\/es\/blog\/verdadero-o-falso-6-mitos-sobre-el-cuidado-de-la-piel\/\" \/>\n<meta property=\"og:locale\" content=\"es_ES\" \/>\n<meta property=\"og:type\" content=\"article\" \/>\n<meta property=\"og:title\" content=\"\u00bfVerdadero o Falso? 6 mitos sobre el cuidado de la piel\" \/>\n<meta property=\"og:description\" content=\"Te contamos lo que nos explic\u00f3 Gema Herrer\u00edas sobre estos mitos sobre el cuidado de la piel. \u00a1Sigue leyendo si quieres saber qu\u00e9 hay de verdadero o falso detr\u00e1s de estas creencias!\" \/>\n<meta property=\"og:url\" content=\"https:\/\/www.isdin.com\/es\/blog\/verdadero-o-falso-6-mitos-sobre-el-cuidado-de-la-piel\/\" \/>\n<meta property=\"og:site_name\" content=\"ISDIN\" \/>\n<meta property=\"article:publisher\" content=\"https:\/\/es-es.facebook.com\/ISDIN.official\/\" \/>\n<meta property=\"article:published_time\" content=\"2019-02-19T10:29:56+00:00\" \/>\n<meta property=\"article:modified_time\" content=\"2023-04-20T11:55:26+00:00\" \/>\n<meta property=\"og:image\" content=\"https:\/\/www.isdin.com\/es\/blog\/wp-content\/uploads\/2019\/02\/portada_Gema_Herrerias_blog.jpg\" \/>\n\t<meta property=\"og:image:width\" content=\"1200\" \/>\n\t<meta property=\"og:image:height\" content=\"761\" \/>\n\t<meta property=\"og:image:type\" content=\"image\/jpeg\" \/>\n<meta name=\"author\" content=\"Live Young\" \/>\n<meta name=\"twitter:card\" content=\"summary_large_image\" \/>\n<meta name=\"twitter:creator\" content=\"@isdin_official\" \/>\n<meta name=\"twitter:site\" content=\"@isdin_official\" \/>\n<meta name=\"twitter:label1\" content=\"Written by\" \/>\n\t<meta name=\"twitter:data1\" content=\"Live Young\" \/>\n\t<meta name=\"twitter:label2\" content=\"Est. reading time\" \/>\n\t<meta name=\"twitter:data2\" content=\"6 minutes\" \/>\n<script type=\"application\/ld+json\" class=\"yoast-schema-graph\">{\"@context\":\"https:\/\/schema.org\",\"@graph\":[{\"@type\":\"Article\",\"@id\":\"https:\/\/www.isdin.com\/es\/blog\/verdadero-o-falso-6-mitos-sobre-el-cuidado-de-la-piel\/#article\",\"isPartOf\":{\"@id\":\"https:\/\/www.isdin.com\/es\/blog\/verdadero-o-falso-6-mitos-sobre-el-cuidado-de-la-piel\/\"},\"author\":{\"name\":\"Live Young\",\"@id\":\"https:\/\/www.isdin.com\/es\/blog\/#\/schema\/person\/528848368b26d62008cefcc29a52ade8\"},\"headline\":\"\u00bfVerdadero o Falso? 6 mitos sobre el cuidado de la piel\",\"datePublished\":\"2019-02-19T10:29:56+00:00\",\"dateModified\":\"2023-04-20T11:55:26+00:00\",\"mainEntityOfPage\":{\"@id\":\"https:\/\/www.isdin.com\/es\/blog\/verdadero-o-falso-6-mitos-sobre-el-cuidado-de-la-piel\/\"},\"wordCount\":1127,\"publisher\":{\"@id\":\"https:\/\/www.isdin.com\/es\/blog\/#organization\"},\"image\":{\"@id\":\"https:\/\/www.isdin.com\/es\/blog\/verdadero-o-falso-6-mitos-sobre-el-cuidado-de-la-piel\/#primaryimage\"},\"thumbnailUrl\":\"https:\/\/www.isdin.com\/es\/blog\/wp-content\/uploads\/2019\/02\/portada_Gema_Herrerias_blog.jpg\",\"articleSection\":[\"Consejos y cuidados\",\"Expertos\",\"Farmac\u00e9uticos\"],\"inLanguage\":\"es-ES\"},{\"@type\":\"WebPage\",\"@id\":\"https:\/\/www.isdin.com\/es\/blog\/verdadero-o-falso-6-mitos-sobre-el-cuidado-de-la-piel\/\",\"url\":\"https:\/\/www.isdin.com\/es\/blog\/verdadero-o-falso-6-mitos-sobre-el-cuidado-de-la-piel\/\",\"name\":\"\u00bfVerdadero o Falso? 6 mitos sobre el cuidado de la piel - ISDIN\",\"isPartOf\":{\"@id\":\"https:\/\/www.isdin.com\/es\/blog\/#website\"},\"primaryImageOfPage\":{\"@id\":\"https:\/\/www.isdin.com\/es\/blog\/verdadero-o-falso-6-mitos-sobre-el-cuidado-de-la-piel\/#primaryimage\"},\"image\":{\"@id\":\"https:\/\/www.isdin.com\/es\/blog\/verdadero-o-falso-6-mitos-sobre-el-cuidado-de-la-piel\/#primaryimage\"},\"thumbnailUrl\":\"https:\/\/www.isdin.com\/es\/blog\/wp-content\/uploads\/2019\/02\/portada_Gema_Herrerias_blog.jpg\",\"datePublished\":\"2019-02-19T10:29:56+00:00\",\"dateModified\":\"2023-04-20T11:55:26+00:00\",\"description\":\"Te contamos lo que nos explic\u00f3 Gema Herrer\u00edas sobre estos mitos sobre el cuidado de la piel. \u00a1Sigue leyendo si quieres saber qu\u00e9 hay de verdadero o falso detr\u00e1s de estas creencias!\",\"breadcrumb\":{\"@id\":\"https:\/\/www.isdin.com\/es\/blog\/verdadero-o-falso-6-mitos-sobre-el-cuidado-de-la-piel\/#breadcrumb\"},\"inLanguage\":\"es-ES\",\"potentialAction\":[{\"@type\":\"ReadAction\",\"target\":[\"https:\/\/www.isdin.com\/es\/blog\/verdadero-o-falso-6-mitos-sobre-el-cuidado-de-la-piel\/\"]}]},{\"@type\":\"ImageObject\",\"inLanguage\":\"es-ES\",\"@id\":\"https:\/\/www.isdin.com\/es\/blog\/verdadero-o-falso-6-mitos-sobre-el-cuidado-de-la-piel\/#primaryimage\",\"url\":\"https:\/\/www.isdin.com\/es\/blog\/wp-content\/uploads\/2019\/02\/portada_Gema_Herrerias_blog.jpg\",\"contentUrl\":\"https:\/\/www.isdin.com\/es\/blog\/wp-content\/uploads\/2019\/02\/portada_Gema_Herrerias_blog.jpg\",\"width\":1200,\"height\":761,\"caption\":\"mitos sobre el cuidado de la piel\"},{\"@type\":\"BreadcrumbList\",\"@id\":\"https:\/\/www.isdin.com\/es\/blog\/verdadero-o-falso-6-mitos-sobre-el-cuidado-de-la-piel\/#breadcrumb\",\"itemListElement\":[{\"@type\":\"ListItem\",\"position\":1,\"name\":\"Portada\",\"item\":\"https:\/\/www.isdin.com\/es\/blog\/\"},{\"@type\":\"ListItem\",\"position\":2,\"name\":\"\u00bfVerdadero o Falso? 6 mitos sobre el cuidado de la piel\"}]},{\"@type\":\"WebSite\",\"@id\":\"https:\/\/www.isdin.com\/es\/blog\/#website\",\"url\":\"https:\/\/www.isdin.com\/es\/blog\/\",\"name\":\"ISDIN\",\"description\":\"Novedades, lanzamientos de productos y toda la experiencia de ISDIN\",\"publisher\":{\"@id\":\"https:\/\/www.isdin.com\/es\/blog\/#organization\"},\"potentialAction\":[{\"@type\":\"SearchAction\",\"target\":{\"@type\":\"EntryPoint\",\"urlTemplate\":\"https:\/\/www.isdin.com\/es\/blog\/?s={search_term_string}\"},\"query-input\":{\"@type\":\"PropertyValueSpecification\",\"valueRequired\":true,\"valueName\":\"search_term_string\"}}],\"inLanguage\":\"es-ES\"},{\"@type\":\"Organization\",\"@id\":\"https:\/\/www.isdin.com\/es\/blog\/#organization\",\"name\":\"ISDIN\",\"alternateName\":\"ISDIN\",\"url\":\"https:\/\/www.isdin.com\/es\/blog\/\",\"logo\":{\"@type\":\"ImageObject\",\"inLanguage\":\"es-ES\",\"@id\":\"https:\/\/www.isdin.com\/es\/blog\/#\/schema\/logo\/image\/\",\"url\":\"https:\/\/www.isdin.com\/es\/blog\/wp-content\/uploads\/2024\/05\/2025_03_GuiaFoto_FWM.png\",\"contentUrl\":\"https:\/\/www.isdin.com\/es\/blog\/wp-content\/uploads\/2024\/05\/2025_03_GuiaFoto_FWM.png\",\"width\":670,\"height\":683,\"caption\":\"ISDIN\"},\"image\":{\"@id\":\"https:\/\/www.isdin.com\/es\/blog\/#\/schema\/logo\/image\/\"},\"sameAs\":[\"https:\/\/es-es.facebook.com\/ISDIN.official\/\",\"https:\/\/x.com\/isdin_official\",\"https:\/\/www.instagram.com\/isdinofficial\",\"https:\/\/www.youtube.com\/channel\/UCtoNJMKpDwdFLqgV23_lcqg\"],\"telephone\":\"659997812\"},{\"@type\":\"Person\",\"@id\":\"https:\/\/www.isdin.com\/es\/blog\/#\/schema\/person\/528848368b26d62008cefcc29a52ade8\",\"name\":\"Live Young\",\"image\":{\"@type\":\"ImageObject\",\"inLanguage\":\"es-ES\",\"@id\":\"https:\/\/www.isdin.com\/es\/blog\/#\/schema\/person\/image\/\",\"url\":\"https:\/\/www.isdin.com\/es\/blog\/wp-content\/uploads\/2017\/07\/isdin-live-young-150x150-1.png\",\"contentUrl\":\"https:\/\/www.isdin.com\/es\/blog\/wp-content\/uploads\/2017\/07\/isdin-live-young-150x150-1.png\",\"caption\":\"Live Young\"},\"description\":\"Nuestro hom\u00f3nimo encarna el esp\u00edritu de abrazar la vida y todas sus maravillas. Como periodistas especializaciones en la salud y bienestar de la piel, exploramos temas que vigorizan los sentidos y mantienen viva la curiosidad. Creemos que una piel radiante es el resultado de un cuerpo y una mente saludables. Tejiendo belleza con ciencia, nuestro objetivo es inspirarte a vivir joven en cada edad.\",\"url\":\"https:\/\/www.isdin.com\/es\/blog\/author\/love-your-skin\/\"}]}<\/script>\n<!-- \/ Yoast SEO Premium plugin. -->","yoast_head_json":{"title":"\u00bfVerdadero o Falso? 6 mitos sobre el cuidado de la piel - ISDIN","description":"Te contamos lo que nos explic\u00f3 Gema Herrer\u00edas sobre estos mitos sobre el cuidado de la piel. \u00a1Sigue leyendo si quieres saber qu\u00e9 hay de verdadero o falso detr\u00e1s de estas creencias!","robots":{"index":"index","follow":"follow","max-snippet":"max-snippet:-1","max-image-preview":"max-image-preview:large","max-video-preview":"max-video-preview:-1"},"canonical":"https:\/\/www.isdin.com\/es\/blog\/verdadero-o-falso-6-mitos-sobre-el-cuidado-de-la-piel\/","og_locale":"es_ES","og_type":"article","og_title":"\u00bfVerdadero o Falso? 6 mitos sobre el cuidado de la piel","og_description":"Te contamos lo que nos explic\u00f3 Gema Herrer\u00edas sobre estos mitos sobre el cuidado de la piel. \u00a1Sigue leyendo si quieres saber qu\u00e9 hay de verdadero o falso detr\u00e1s de estas creencias!","og_url":"https:\/\/www.isdin.com\/es\/blog\/verdadero-o-falso-6-mitos-sobre-el-cuidado-de-la-piel\/","og_site_name":"ISDIN","article_publisher":"https:\/\/es-es.facebook.com\/ISDIN.official\/","article_published_time":"2019-02-19T10:29:56+00:00","article_modified_time":"2023-04-20T11:55:26+00:00","og_image":[{"width":1200,"height":761,"url":"https:\/\/www.isdin.com\/es\/blog\/wp-content\/uploads\/2019\/02\/portada_Gema_Herrerias_blog.jpg","type":"image\/jpeg"}],"author":"Live Young","twitter_card":"summary_large_image","twitter_creator":"@isdin_official","twitter_site":"@isdin_official","twitter_misc":{"Written by":"Live Young","Est. reading time":"6 minutes"},"schema":{"@context":"https:\/\/schema.org","@graph":[{"@type":"Article","@id":"https:\/\/www.isdin.com\/es\/blog\/verdadero-o-falso-6-mitos-sobre-el-cuidado-de-la-piel\/#article","isPartOf":{"@id":"https:\/\/www.isdin.com\/es\/blog\/verdadero-o-falso-6-mitos-sobre-el-cuidado-de-la-piel\/"},"author":{"name":"Live Young","@id":"https:\/\/www.isdin.com\/es\/blog\/#\/schema\/person\/528848368b26d62008cefcc29a52ade8"},"headline":"\u00bfVerdadero o Falso? 6 mitos sobre el cuidado de la piel","datePublished":"2019-02-19T10:29:56+00:00","dateModified":"2023-04-20T11:55:26+00:00","mainEntityOfPage":{"@id":"https:\/\/www.isdin.com\/es\/blog\/verdadero-o-falso-6-mitos-sobre-el-cuidado-de-la-piel\/"},"wordCount":1127,"publisher":{"@id":"https:\/\/www.isdin.com\/es\/blog\/#organization"},"image":{"@id":"https:\/\/www.isdin.com\/es\/blog\/verdadero-o-falso-6-mitos-sobre-el-cuidado-de-la-piel\/#primaryimage"},"thumbnailUrl":"https:\/\/www.isdin.com\/es\/blog\/wp-content\/uploads\/2019\/02\/portada_Gema_Herrerias_blog.jpg","articleSection":["Consejos y cuidados","Expertos","Farmac\u00e9uticos"],"inLanguage":"es-ES"},{"@type":"WebPage","@id":"https:\/\/www.isdin.com\/es\/blog\/verdadero-o-falso-6-mitos-sobre-el-cuidado-de-la-piel\/","url":"https:\/\/www.isdin.com\/es\/blog\/verdadero-o-falso-6-mitos-sobre-el-cuidado-de-la-piel\/","name":"\u00bfVerdadero o Falso? 6 mitos sobre el cuidado de la piel - ISDIN","isPartOf":{"@id":"https:\/\/www.isdin.com\/es\/blog\/#website"},"primaryImageOfPage":{"@id":"https:\/\/www.isdin.com\/es\/blog\/verdadero-o-falso-6-mitos-sobre-el-cuidado-de-la-piel\/#primaryimage"},"image":{"@id":"https:\/\/www.isdin.com\/es\/blog\/verdadero-o-falso-6-mitos-sobre-el-cuidado-de-la-piel\/#primaryimage"},"thumbnailUrl":"https:\/\/www.isdin.com\/es\/blog\/wp-content\/uploads\/2019\/02\/portada_Gema_Herrerias_blog.jpg","datePublished":"2019-02-19T10:29:56+00:00","dateModified":"2023-04-20T11:55:26+00:00","description":"Te contamos lo que nos explic\u00f3 Gema Herrer\u00edas sobre estos mitos sobre el cuidado de la piel. \u00a1Sigue leyendo si quieres saber qu\u00e9 hay de verdadero o falso detr\u00e1s de estas creencias!","breadcrumb":{"@id":"https:\/\/www.isdin.com\/es\/blog\/verdadero-o-falso-6-mitos-sobre-el-cuidado-de-la-piel\/#breadcrumb"},"inLanguage":"es-ES","potentialAction":[{"@type":"ReadAction","target":["https:\/\/www.isdin.com\/es\/blog\/verdadero-o-falso-6-mitos-sobre-el-cuidado-de-la-piel\/"]}]},{"@type":"ImageObject","inLanguage":"es-ES","@id":"https:\/\/www.isdin.com\/es\/blog\/verdadero-o-falso-6-mitos-sobre-el-cuidado-de-la-piel\/#primaryimage","url":"https:\/\/www.isdin.com\/es\/blog\/wp-content\/uploads\/2019\/02\/portada_Gema_Herrerias_blog.jpg","contentUrl":"https:\/\/www.isdin.com\/es\/blog\/wp-content\/uploads\/2019\/02\/portada_Gema_Herrerias_blog.jpg","width":1200,"height":761,"caption":"mitos sobre el cuidado de la piel"},{"@type":"BreadcrumbList","@id":"https:\/\/www.isdin.com\/es\/blog\/verdadero-o-falso-6-mitos-sobre-el-cuidado-de-la-piel\/#breadcrumb","itemListElement":[{"@type":"ListItem","position":1,"name":"Portada","item":"https:\/\/www.isdin.com\/es\/blog\/"},{"@type":"ListItem","position":2,"name":"\u00bfVerdadero o Falso? 6 mitos sobre el cuidado de la piel"}]},{"@type":"WebSite","@id":"https:\/\/www.isdin.com\/es\/blog\/#website","url":"https:\/\/www.isdin.com\/es\/blog\/","name":"ISDIN","description":"Novedades, lanzamientos de productos y toda la experiencia de ISDIN","publisher":{"@id":"https:\/\/www.isdin.com\/es\/blog\/#organization"},"potentialAction":[{"@type":"SearchAction","target":{"@type":"EntryPoint","urlTemplate":"https:\/\/www.isdin.com\/es\/blog\/?s={search_term_string}"},"query-input":{"@type":"PropertyValueSpecification","valueRequired":true,"valueName":"search_term_string"}}],"inLanguage":"es-ES"},{"@type":"Organization","@id":"https:\/\/www.isdin.com\/es\/blog\/#organization","name":"ISDIN","alternateName":"ISDIN","url":"https:\/\/www.isdin.com\/es\/blog\/","logo":{"@type":"ImageObject","inLanguage":"es-ES","@id":"https:\/\/www.isdin.com\/es\/blog\/#\/schema\/logo\/image\/","url":"https:\/\/www.isdin.com\/es\/blog\/wp-content\/uploads\/2024\/05\/2025_03_GuiaFoto_FWM.png","contentUrl":"https:\/\/www.isdin.com\/es\/blog\/wp-content\/uploads\/2024\/05\/2025_03_GuiaFoto_FWM.png","width":670,"height":683,"caption":"ISDIN"},"image":{"@id":"https:\/\/www.isdin.com\/es\/blog\/#\/schema\/logo\/image\/"},"sameAs":["https:\/\/es-es.facebook.com\/ISDIN.official\/","https:\/\/x.com\/isdin_official","https:\/\/www.instagram.com\/isdinofficial","https:\/\/www.youtube.com\/channel\/UCtoNJMKpDwdFLqgV23_lcqg"],"telephone":"659997812"},{"@type":"Person","@id":"https:\/\/www.isdin.com\/es\/blog\/#\/schema\/person\/528848368b26d62008cefcc29a52ade8","name":"Live Young","image":{"@type":"ImageObject","inLanguage":"es-ES","@id":"https:\/\/www.isdin.com\/es\/blog\/#\/schema\/person\/image\/","url":"https:\/\/www.isdin.com\/es\/blog\/wp-content\/uploads\/2017\/07\/isdin-live-young-150x150-1.png","contentUrl":"https:\/\/www.isdin.com\/es\/blog\/wp-content\/uploads\/2017\/07\/isdin-live-young-150x150-1.png","caption":"Live Young"},"description":"Nuestro hom\u00f3nimo encarna el esp\u00edritu de abrazar la vida y todas sus maravillas. Como periodistas especializaciones en la salud y bienestar de la piel, exploramos temas que vigorizan los sentidos y mantienen viva la curiosidad. Creemos que una piel radiante es el resultado de un cuerpo y una mente saludables. Tejiendo belleza con ciencia, nuestro objetivo es inspirarte a vivir joven en cada edad.","url":"https:\/\/www.isdin.com\/es\/blog\/author\/love-your-skin\/"}]}},"_links":{"self":[{"href":"https:\/\/www.isdin.com\/es\/blog\/wp-json\/wp\/v2\/posts\/4539","targetHints":{"allow":["GET"]}}],"collection":[{"href":"https:\/\/www.isdin.com\/es\/blog\/wp-json\/wp\/v2\/posts"}],"about":[{"href":"https:\/\/www.isdin.com\/es\/blog\/wp-json\/wp\/v2\/types\/post"}],"author":[{"embeddable":true,"href":"https:\/\/www.isdin.com\/es\/blog\/wp-json\/wp\/v2\/users\/3"}],"replies":[{"embeddable":true,"href":"https:\/\/www.isdin.com\/es\/blog\/wp-json\/wp\/v2\/comments?post=4539"}],"version-history":[{"count":11,"href":"https:\/\/www.isdin.com\/es\/blog\/wp-json\/wp\/v2\/posts\/4539\/revisions"}],"predecessor-version":[{"id":7801,"href":"https:\/\/www.isdin.com\/es\/blog\/wp-json\/wp\/v2\/posts\/4539\/revisions\/7801"}],"wp:featuredmedia":[{"embeddable":true,"href":"https:\/\/www.isdin.com\/es\/blog\/wp-json\/wp\/v2\/media\/4540"}],"wp:attachment":[{"href":"https:\/\/www.isdin.com\/es\/blog\/wp-json\/wp\/v2\/media?parent=4539"}],"wp:term":[{"taxonomy":"category","embeddable":true,"href":"https:\/\/www.isdin.com\/es\/blog\/wp-json\/wp\/v2\/categories?post=4539"},{"taxonomy":"post_tag","embeddable":true,"href":"https:\/\/www.isdin.com\/es\/blog\/wp-json\/wp\/v2\/tags?post=4539"}],"curies":[{"name":"wp","href":"https:\/\/api.w.org\/{rel}","templated":true}]}}