{"id":4499,"date":"2026-01-07T09:00:00","date_gmt":"2026-01-07T09:00:00","guid":{"rendered":"https:\/\/www.isdin.com\/es\/blog\/?p=4499"},"modified":"2025-12-31T10:32:15","modified_gmt":"2025-12-31T10:32:15","slug":"unas-fragiles-y-quebradizas-descubre-si-nails","status":"publish","type":"post","link":"https:\/\/www.isdin.com\/es\/blog\/unas-fragiles-y-quebradizas-descubre-si-nails\/","title":{"rendered":"La ciencia de las u\u00f1as: estructura, fragilidad y c\u00f3mo fortalecerlas"},"content":{"rendered":"\n<p>Hay rituales cotidianos que pasan desapercibidos. Abrir una puerta, escribir un mensaje, atarte los zapatos\u2026 y ah\u00ed est\u00e1n ellas, siempre presentes: tus u\u00f1as. Las miras todos los d\u00edas, pero rara vez te detienes a pensar qu\u00e9 dicen sobre ti y tu salud, hasta que empiezan a verse fr\u00e1giles, opacas o quebradizas.<\/p>\n\n\n\n<p>M\u00e1s all\u00e1 de lo est\u00e9tico, las u\u00f1as cumplen una funci\u00f3n esencial de protecci\u00f3n y son un reflejo directo de tus h\u00e1bitos diarios, tu alimentaci\u00f3n y tu bienestar general. Cuidarlas no es solo una cuesti\u00f3n de belleza, sino de salud.<\/p>\n\n\n\n<p>En este art\u00edculo nos adentramos en el peque\u00f1o (pero fascinante) mundo de las u\u00f1as: c\u00f3mo funcionan, por qu\u00e9 se debilitan y qu\u00e9 puedes hacer para mantenerlas fuertes, sanas y bonitas en el d\u00eda a d\u00eda.<\/p>\n\n\n\n<h2 class=\"wp-block-heading\">Lo que esconden tus u\u00f1as bajo la superficie<\/h2>\n\n\n\n<p>Las u\u00f1as est\u00e1n compuestas principalmente por una prote\u00edna llamada <a href=\"https:\/\/www.cun.es\/diccionario-medico\/terminos\/queratina\"><strong>queratina<\/strong><\/a>, tambi\u00e9n presente en el cabello y en la capa externa de la piel. Esta puede ser dura o blanda, y ambas conviven en la estructura de la u\u00f1a: una placa de queratina dura rodeada por queratina blanda.<\/p>\n\n\n\n<p>La combinaci\u00f3n de queratina y amino\u00e1cidos como la <a href=\"https:\/\/www.sciencedirect.com\/topics\/neuroscience\/cysteine\"><strong>ciste\u00edna<\/strong><\/a> es la responsable de su resistencia. Pero la u\u00f1a es mucho m\u00e1s que lo que ves a simple vista\u2026 <strong>\u00bfqu\u00e9 otras piezas forman este peque\u00f1o sistema tan preciso?<\/strong><\/p>\n\n\n\n<h3 class=\"wp-block-heading\" id=\"h-las-piezas-clave-de-la-una-una-a-una\">Las piezas clave de la u\u00f1a, una a una<\/h3>\n\n\n\n<figure class=\"wp-block-image size-large\"><img loading=\"lazy\" decoding=\"async\" width=\"1024\" height=\"527\" src=\"data:image\/gif;base64,R0lGODlhAQABAAAAACH5BAEKAAEALAAAAAABAAEAAAICTAEAOw==\" data-src=\"https:\/\/www.isdin.com\/es\/blog\/wp-content\/uploads\/2024\/09\/Imagen-en-el-contenido-2025-12-18T172740.055-1-1024x527.png\" alt=\"\" class=\"wp-image-13095 lazyload\" data-sizes=\"auto\" data-srcset=\"https:\/\/www.isdin.com\/es\/blog\/wp-content\/uploads\/2024\/09\/Imagen-en-el-contenido-2025-12-18T172740.055-1-1024x527.png 1024w, https:\/\/www.isdin.com\/es\/blog\/wp-content\/uploads\/2024\/09\/Imagen-en-el-contenido-2025-12-18T172740.055-1-300x155.png 300w, https:\/\/www.isdin.com\/es\/blog\/wp-content\/uploads\/2024\/09\/Imagen-en-el-contenido-2025-12-18T172740.055-1-150x77.png 150w, https:\/\/www.isdin.com\/es\/blog\/wp-content\/uploads\/2024\/09\/Imagen-en-el-contenido-2025-12-18T172740.055-1-768x396.png 768w, https:\/\/www.isdin.com\/es\/blog\/wp-content\/uploads\/2024\/09\/Imagen-en-el-contenido-2025-12-18T172740.055-1-585x300.png 585w, https:\/\/www.isdin.com\/es\/blog\/wp-content\/uploads\/2024\/09\/Imagen-en-el-contenido-2025-12-18T172740.055-1-450x232.png 450w, https:\/\/www.isdin.com\/es\/blog\/wp-content\/uploads\/2024\/09\/Imagen-en-el-contenido-2025-12-18T172740.055-1-20x11.png 20w, https:\/\/www.isdin.com\/es\/blog\/wp-content\/uploads\/2024\/09\/Imagen-en-el-contenido-2025-12-18T172740.055-1-225x116.png 225w, https:\/\/www.isdin.com\/es\/blog\/wp-content\/uploads\/2024\/09\/Imagen-en-el-contenido-2025-12-18T172740.055-1-900x464.png 900w, https:\/\/www.isdin.com\/es\/blog\/wp-content\/uploads\/2024\/09\/Imagen-en-el-contenido-2025-12-18T172740.055-1.png 1200w\" sizes=\"auto, (max-width: 1024px) 100vw, 1024px\" \/><\/figure>\n\n\n\n<p><\/p>\n\n\n\n<p>Cada parte de la u\u00f1a cumple una funci\u00f3n espec\u00edfica, como un engranaje perfectamente sincronizado. Para entender por qu\u00e9 tus u\u00f1as crecen, se fortalecen o se debilitan, basta con mirarlas de cerca. Observa tus manos: vamos parte por parte.<\/p>\n\n\n\n<ul class=\"wp-block-list\">\n<li><strong>L\u00e1mina ungueal:<\/strong> es la parte m\u00e1s visible de tu u\u00f1a, formada principalmente por queratina dura. Su funci\u00f3n es proteger la punta de tus dedos y es la que m\u00e1s te ayuda en las tareas cotidianas gracias a su dureza.<\/li>\n\n\n\n<li><strong>Lecho ungueal:<\/strong> es lo que tienes debajo de la u\u00f1a, donde est\u00e1 adherida. Su funci\u00f3n es proporcionar soporte y nutrici\u00f3n, \u00a1algo esencial para un crecimiento saludable!<\/li>\n\n\n\n<li><strong>Cut\u00edcula<\/strong>: sella el espacio entre la piel y la u\u00f1a, actuando como una barrera natural frente a microorganismos y suciedad. Por eso, resistirse a cortarlas es clave para la salud de las u\u00f1as. Te contamos m\u00e1s aqu\u00ed: <a href=\"https:\/\/www.isdin.com\/blog\/el-secreto-para-unas-cuticulas-saludables-y-cuidadas\/\">el secreto para unas cut\u00edculas saludables y cuidadas<\/a>.<\/li>\n\n\n\n<li><strong>Matriz ungueal:<\/strong> situada bajo la cut\u00edcula, es la ra\u00edz de la u\u00f1a. Produce las c\u00e9lulas que se transformar\u00e1n en la l\u00e1mina ungueal. <strong>Su salud es determinante para el crecimiento, la dureza y el aspecto de la u\u00f1a.<\/strong><\/li>\n\n\n\n<li><strong>L\u00fanula:<\/strong> es la zona blanquecina con forma de media luna que se aprecia en algunas u\u00f1as. Corresponde a la parte visible de la matriz ungueal y su color se debe a que sus c\u00e9lulas a\u00fan no est\u00e1n completamente queratinizadas.<\/li>\n<\/ul>\n\n\n\n<p><\/p>\n\n\n\n<p class=\"has-background\" style=\"background-color:#def0f0\">La l\u00fanula suele reflejar el estado de la matriz ungueal. Cambios en su tama\u00f1o, forma o color pueden ser se\u00f1ales de una alteraci\u00f3n subyacente. Ante cualquier duda, lo m\u00e1s recomendable es consultar con tu dermat\u00f3logo de confianza.<\/p>\n\n\n\n<h4 class=\"wp-block-heading\" id=\"h-sabias-que-las-unas-de-tus-manos-crecen-alrededor-de-3-mm-al-mes\"><strong>\u00bfSab\u00edas que las u\u00f1as de tus manos crecen alrededor de 3 mm al mes?<\/strong> <\/h4>\n\n\n\n<figure class=\"wp-block-image size-full\"><img loading=\"lazy\" decoding=\"async\" width=\"1200\" height=\"618\" src=\"data:image\/gif;base64,R0lGODlhAQABAAAAACH5BAEKAAEALAAAAAABAAEAAAICTAEAOw==\" data-src=\"https:\/\/www.isdin.com\/es\/blog\/wp-content\/uploads\/2018\/12\/2024_05_UnasCiencia_IMG01.jpg\" alt=\"El 20 % de la poblaci\u00f3n tiene las u\u00f1as fr\u00e1giles\" class=\"wp-image-11042 lazyload\"\/><\/figure>\n\n\n\n<p><\/p>\n\n\n\n<p>Las u\u00f1as de las manos crecen, de media, <a href=\"https:\/\/www.podoactiva.com\/blog\/crecimiento-de-las-unas-de-los-pies-cuando-cuanto-y-por-que-crecen\"><strong>alrededor de 3 mil\u00edmetros al mes<\/strong><\/a>, aunque este ritmo no siempre es constante. Factores como peque\u00f1os golpes repetidos, cambios hormonales, problemas vasculares o incluso el <a href=\"https:\/\/www.isdin.com\/blog\/como-afecta-el-estres-a-nuestra-piel\/\">estr\u00e9s<\/a> pueden ralentizar su crecimiento y afectar a su estructura.<\/p>\n\n\n\n<p>Cuando esto ocurre, la superficie de la u\u00f1a se vuelve m\u00e1s vulnerable y aparecen signos como descamaci\u00f3n, roturas o p\u00e9rdida de resistencia, lo que conocemos com\u00fanmente como <strong>u\u00f1as fr\u00e1giles<\/strong>. Una condici\u00f3n mucho m\u00e1s habitual de lo que imaginas y que suele ser la primera se\u00f1al de que <a href=\"https:\/\/www.isdin.com\/es\/blog\/razones-para-usar-isdin-si-nails\/\">tus u\u00f1as necesitan cuidados espec\u00edficos<\/a>.<\/p>\n\n\n\n<h2 class=\"wp-block-heading\" id=\"h-el-20-de-la-poblacion-tiene-las-unas-fragiles\">El 20 % de la poblaci\u00f3n tiene las u\u00f1as fr\u00e1giles<\/h2>\n\n\n\n<p>Para que unas u\u00f1as se vean sanas y bonitas no basta con que sean duras: tambi\u00e9n necesitan <strong>flexibilidad<\/strong>. El agua y los l\u00edpidos naturales son los encargados de aportar esa elasticidad que evita que se quiebren con facilidad. En otras palabras, <strong>la clave est\u00e1 en el equilibrio entre resistencia y flexibilidad<\/strong>.<\/p>\n\n\n\n<p class=\"has-background\" style=\"background-color:#def0f0\">Cuando este equilibrio se rompe, las u\u00f1as empiezan a dar se\u00f1ales de alerta. No es algo puntual ni raro: <strong>las u\u00f1as fr\u00e1giles afectan aproximadamente al <a href=\"https:\/\/pubmed.ncbi.nlm.nih.gov\/2018715\/\">20 % de la poblaci\u00f3n<\/a><\/strong>, especialmente a las mujeres, convirti\u00e9ndose en uno de los motivos de consulta m\u00e1s frecuentes relacionados con la salud ungueal.<\/p>\n\n\n\n<h4 class=\"wp-block-heading\" id=\"h-que-entendemos-realmente-por-unas-fragiles\">\u00bfQu\u00e9 entendemos realmente por u\u00f1as fr\u00e1giles?<\/h4>\n\n\n\n<p>Las u\u00f1as fr\u00e1giles \u2014tambi\u00e9n conocidas como <strong>u\u00f1as quebradizas<\/strong>\u2014 aparecen cuando se altera su consistencia natural. Esto se traduce en una menor resistencia frente a peque\u00f1os golpes o agresiones externas, provocando descamaci\u00f3n, fisuras o roturas frecuentes.<\/p>\n\n\n\n<p>Este conjunto de signos recibe el nombre de <a href=\"https:\/\/www.medigraphic.com\/pdfs\/cutanea\/mc-2016\/mc162b.pdf\"><strong>s\u00edndrome de la u\u00f1a fr\u00e1gil<\/strong><\/a>. Aunque suele percibirse como un problema est\u00e9tico, lo cierto es que tambi\u00e9n puede resultar inc\u00f3modo en el d\u00eda a d\u00eda y afectar a la calidad de vida.<\/p>\n\n\n\n<h2 class=\"wp-block-heading\">\u00bfPor qu\u00e9 se rompen tus u\u00f1as?<\/h2>\n\n\n\n<p>El s\u00edndrome de la u\u00f1a fr\u00e1gil no tiene una \u00fanica causa. Puede estar relacionado con una <strong>dieta pobre en vitaminas y minerales<\/strong>, el paso del tiempo, la gen\u00e9tica, ciertas afecciones dermatol\u00f3gicas o sist\u00e9micas, as\u00ed como con <a href=\"https:\/\/www.isdin.com\/es\/blog\/que-es-el-exposoma-factores-externos-piel\/\">agresiones externas<\/a> repetidas. La buena noticia es que, en la mayor\u00eda de los casos, <strong>se puede mejorar con cuidados adecuados y constancia<\/strong>.<\/p>\n\n\n\n<h3 class=\"wp-block-heading\">El equilibrio perfecto para unas u\u00f1as m\u00e1s fuertes<\/h3>\n\n\n\n<p>No, no existen remedios m\u00e1gicos (ni caseros) que curen tus u\u00f1as de un d\u00eda para otro o que impidan que nunca m\u00e1s se rompan. Pero no te desanimes: <strong>el secreto est\u00e1 en mimarlas a diario y fortalecerlas para prevenir esa rotura<\/strong>, aunque algunas veces sea inevitable. \u00bfC\u00f3mo? Construyendo buenos <a href=\"https:\/\/www.isdin.com\/es\/blog\/de-meta-a-habito-la-clave-para-el-exito\/\">h\u00e1bitos<\/a> y complement\u00e1ndolos con un <a href=\"https:\/\/www.isdin.com\/es\/p\/si-nails\/3451\">fortalecedor de u\u00f1as<\/a>.<\/p>\n\n\n\n<h4 class=\"wp-block-heading\" id=\"h-dale-un-boost-a-tus-unas-con-el-poder-de-los-nutrientes\">Dale un <em>boost<\/em> a tus u\u00f1as con el poder de los nutrientes<\/h4>\n\n\n\n<div class=\"wp-block-media-text is-stacked-on-mobile\"><figure class=\"wp-block-media-text__media\"><img loading=\"lazy\" decoding=\"async\" width=\"670\" height=\"683\" src=\"data:image\/gif;base64,R0lGODlhAQABAAAAACH5BAEKAAEALAAAAAABAAEAAAICTAEAOw==\" data-src=\"https:\/\/www.isdin.com\/es\/blog\/wp-content\/uploads\/2024\/09\/Textura-63-1.png\" alt=\"Lim\u00f3n, manzana y hierbas frescas sobre una superficie textil clara. Representa nutrici\u00f3n y h\u00e1bito saludable para fortalecer u\u00f1as desde la alimentaci\u00f3n, apoyando la estructura ungueal.\" class=\"wp-image-13096 size-full lazyload\" data-sizes=\"auto\" data-srcset=\"https:\/\/www.isdin.com\/es\/blog\/wp-content\/uploads\/2024\/09\/Textura-63-1.png 670w, https:\/\/www.isdin.com\/es\/blog\/wp-content\/uploads\/2024\/09\/Textura-63-1-294x300.png 294w, https:\/\/www.isdin.com\/es\/blog\/wp-content\/uploads\/2024\/09\/Textura-63-1-147x150.png 147w, https:\/\/www.isdin.com\/es\/blog\/wp-content\/uploads\/2024\/09\/Textura-63-1-70x70.png 70w, https:\/\/www.isdin.com\/es\/blog\/wp-content\/uploads\/2024\/09\/Textura-63-1-450x459.png 450w, https:\/\/www.isdin.com\/es\/blog\/wp-content\/uploads\/2024\/09\/Textura-63-1-20x20.png 20w, https:\/\/www.isdin.com\/es\/blog\/wp-content\/uploads\/2024\/09\/Textura-63-1-225x229.png 225w\" sizes=\"auto, (max-width: 670px) 100vw, 670px\" \/><\/figure><div class=\"wp-block-media-text__content\">\n<p>La falta de algunas vitaminas (como la B6, B12, C y D), minerales esenciales como el calcio, zinc, hierro, y ciertas prote\u00ednas, puede afectar la salud de tus u\u00f1as. Por eso, es vital <a href=\"https:\/\/www.isdin.com\/blog\/alimentos-antioxidantes-piel-luminosa\/\">enriquecer tu dieta diaria<\/a> y llenar tus platos de color, incluyendo vitaminas del grupo B y prote\u00ednas.<\/p>\n<\/div><\/div>\n\n\n\n<p><\/p>\n\n\n\n<h4 class=\"wp-block-heading\" id=\"h-escuchar-a-tu-cuerpo-y-consultar-al-especialista\">Escuchar a tu cuerpo (y consultar al especialista)<\/h4>\n\n\n\n<div class=\"wp-block-media-text is-stacked-on-mobile\"><figure class=\"wp-block-media-text__media\"><img loading=\"lazy\" decoding=\"async\" width=\"670\" height=\"683\" src=\"data:image\/gif;base64,R0lGODlhAQABAAAAACH5BAEKAAEALAAAAAABAAEAAAICTAEAOw==\" data-src=\"https:\/\/www.isdin.com\/es\/blog\/wp-content\/uploads\/2024\/09\/Textura-64-1.png\" alt=\"Primer plano de dedos masajeando u\u00f1as y cut\u00edculas con movimiento suave. Representa h\u00e1bito saludable de cuidado de cut\u00edcula, estimulaci\u00f3n, nutrici\u00f3n y fortalecimiento de la estructura ungueal.\" class=\"wp-image-13097 size-full lazyload\" data-sizes=\"auto\" data-srcset=\"https:\/\/www.isdin.com\/es\/blog\/wp-content\/uploads\/2024\/09\/Textura-64-1.png 670w, https:\/\/www.isdin.com\/es\/blog\/wp-content\/uploads\/2024\/09\/Textura-64-1-294x300.png 294w, https:\/\/www.isdin.com\/es\/blog\/wp-content\/uploads\/2024\/09\/Textura-64-1-147x150.png 147w, https:\/\/www.isdin.com\/es\/blog\/wp-content\/uploads\/2024\/09\/Textura-64-1-70x70.png 70w, https:\/\/www.isdin.com\/es\/blog\/wp-content\/uploads\/2024\/09\/Textura-64-1-450x459.png 450w, https:\/\/www.isdin.com\/es\/blog\/wp-content\/uploads\/2024\/09\/Textura-64-1-20x20.png 20w, https:\/\/www.isdin.com\/es\/blog\/wp-content\/uploads\/2024\/09\/Textura-64-1-225x229.png 225w\" sizes=\"auto, (max-width: 670px) 100vw, 670px\" \/><\/figure><div class=\"wp-block-media-text__content\">\n<p>Algunas enfermedades dermatol\u00f3gicas, como la <a href=\"https:\/\/www.isdin.com\/es\/blog\/entendiendo-la-psoriasis-que-es-y-por-que-aparece\/\">psoriasis<\/a>, as\u00ed como alteraciones sist\u00e9micas o endocrinas, pueden manifestarse a trav\u00e9s de u\u00f1as fr\u00e1giles. Si notas cambios persistentes en su aspecto, lo m\u00e1s recomendable es consultar con tu m\u00e9dico o dermat\u00f3logo para identificar la causa y recibir el tratamiento m\u00e1s adecuado.<\/p>\n<\/div><\/div>\n\n\n\n<h4 class=\"wp-block-heading\" id=\"h-tareas-del-hogar-mejor-con-guantes\">Tareas del hogar: mejor con guantes<\/h4>\n\n\n\n<div class=\"wp-block-media-text is-stacked-on-mobile\"><figure class=\"wp-block-media-text__media\"><img loading=\"lazy\" decoding=\"async\" width=\"670\" height=\"683\" src=\"data:image\/gif;base64,R0lGODlhAQABAAAAACH5BAEKAAEALAAAAAABAAEAAAICTAEAOw==\" data-src=\"https:\/\/www.isdin.com\/es\/blog\/wp-content\/uploads\/2024\/09\/Textura-62-1.png\" alt=\"Mujer sonriente se coloca guantes amarillos para proteger sus u\u00f1as y manos durante tareas de limpieza. Representa h\u00e1bito saludable de protecci\u00f3n, prevenci\u00f3n de quiebre y cuidado de la estructura ungueal.\" class=\"wp-image-13098 size-full lazyload\" data-sizes=\"auto\" data-srcset=\"https:\/\/www.isdin.com\/es\/blog\/wp-content\/uploads\/2024\/09\/Textura-62-1.png 670w, https:\/\/www.isdin.com\/es\/blog\/wp-content\/uploads\/2024\/09\/Textura-62-1-294x300.png 294w, https:\/\/www.isdin.com\/es\/blog\/wp-content\/uploads\/2024\/09\/Textura-62-1-147x150.png 147w, https:\/\/www.isdin.com\/es\/blog\/wp-content\/uploads\/2024\/09\/Textura-62-1-70x70.png 70w, https:\/\/www.isdin.com\/es\/blog\/wp-content\/uploads\/2024\/09\/Textura-62-1-450x459.png 450w, https:\/\/www.isdin.com\/es\/blog\/wp-content\/uploads\/2024\/09\/Textura-62-1-20x20.png 20w, https:\/\/www.isdin.com\/es\/blog\/wp-content\/uploads\/2024\/09\/Textura-62-1-225x229.png 225w\" sizes=\"auto, (max-width: 670px) 100vw, 670px\" \/><\/figure><div class=\"wp-block-media-text__content\">\n<p>La exposici\u00f3n continua al agua y a productos qu\u00edmicos agresivos \u2014como detergentes o desinfectantes\u2014 deshidrata la u\u00f1a y debilita su estructura. Un gesto tan sencillo como usar guantes durante la limpieza puede marcar una gran diferencia en la prevenci\u00f3n de la fragilidad.<\/p>\n<\/div><\/div>\n\n\n\n<h4 class=\"wp-block-heading\" id=\"h-menos-es-mas-en-la-manicura\">Menos es m\u00e1s en la manicura<\/h4>\n\n\n\n<div class=\"wp-block-media-text is-stacked-on-mobile\"><figure class=\"wp-block-media-text__media\"><img loading=\"lazy\" decoding=\"async\" width=\"670\" height=\"683\" src=\"data:image\/gif;base64,R0lGODlhAQABAAAAACH5BAEKAAEALAAAAAABAAEAAAICTAEAOw==\" data-src=\"https:\/\/www.isdin.com\/es\/blog\/wp-content\/uploads\/2024\/09\/Textura-65-1.png\" alt=\"Mano sostiene un disco de algod\u00f3n limpiando suavemente la u\u00f1a, junto a botellas y pads de cuidado.\" class=\"wp-image-13099 size-full lazyload\" data-sizes=\"auto\" data-srcset=\"https:\/\/www.isdin.com\/es\/blog\/wp-content\/uploads\/2024\/09\/Textura-65-1.png 670w, https:\/\/www.isdin.com\/es\/blog\/wp-content\/uploads\/2024\/09\/Textura-65-1-294x300.png 294w, https:\/\/www.isdin.com\/es\/blog\/wp-content\/uploads\/2024\/09\/Textura-65-1-147x150.png 147w, https:\/\/www.isdin.com\/es\/blog\/wp-content\/uploads\/2024\/09\/Textura-65-1-70x70.png 70w, https:\/\/www.isdin.com\/es\/blog\/wp-content\/uploads\/2024\/09\/Textura-65-1-450x459.png 450w, https:\/\/www.isdin.com\/es\/blog\/wp-content\/uploads\/2024\/09\/Textura-65-1-20x20.png 20w, https:\/\/www.isdin.com\/es\/blog\/wp-content\/uploads\/2024\/09\/Textura-65-1-225x229.png 225w\" sizes=\"auto, (max-width: 670px) 100vw, 670px\" \/><\/figure><div class=\"wp-block-media-text__content\">\n<p>Cuidar tus u\u00f1as tambi\u00e9n puede ser <a href=\"isdin.com\/es\/blog\/entendiendo-la-psoriasis-que-es-y-por-que-aparece\/\">un momento de desconexi\u00f3n<\/a>, pero conviene hacerlo con moderaci\u00f3n. Evita los limados excesivos y apuesta por productos no irritantes. Si sueles acudir a un sal\u00f3n de manicura, darles un descanso entre cita y cita ayudar\u00e1 a que se recuperen y se fortalezcan.<\/p>\n<\/div><\/div>\n\n\n\n<p class=\"has-background\" style=\"background-color:#def0f0\">Cuando este equilibrio se rompe, las u\u00f1as empiezan a dar se\u00f1ales de alerta. No es algo puntual ni raro: <strong>las u\u00f1as fr\u00e1giles afectan aproximadamente al <a href=\"https:\/\/pubmed.ncbi.nlm.nih.gov\/2018715\/\">20 % de la poblaci\u00f3n<\/a><\/strong>, especialmente a las mujeres, convirti\u00e9ndose en uno de los motivos de consulta m\u00e1s frecuentes relacionados con la salud ungueal.<\/p>\n\n\n\n<h2 class=\"wp-block-heading\">Un aliado extra para fortalecer tus u\u00f1as d\u00eda a d\u00eda<\/h2>\n\n\n\n<p>Cuando hablamos de cuidado de las u\u00f1as, hay un paso que puede marcar la diferencia: los <strong>fortalecedores de u\u00f1as<\/strong>. Este tipo de productos est\u00e1n formulados para <strong>proteger, reforzar y mejorar el aspecto de las u\u00f1as y las cut\u00edculas<\/strong>, ayud\u00e1ndolas a recuperar un acabado natural y saludable, especialmente cuando tienden a romperse o debilitarse con facilidad. <strong>Nuestra recomendaci\u00f3n:<\/strong><\/p>\n\n\n\n<figure class=\"wp-block-image size-large\"><a href=\"https:\/\/www.isdin.com\/es\/p\/si-nails\/3451\" target=\"_blank\" rel=\" noreferrer noopener\"><img loading=\"lazy\" decoding=\"async\" width=\"1024\" height=\"527\" src=\"data:image\/gif;base64,R0lGODlhAQABAAAAACH5BAEKAAEALAAAAAABAAEAAAICTAEAOw==\" data-src=\"https:\/\/www.isdin.com\/es\/blog\/wp-content\/uploads\/2024\/09\/Producto-Textura-45-1-1024x527.png\" alt=\"Primer plano de una mano aplicando el fortalecedor de u\u00f1as ISDIN Si-Nails sobre la u\u00f1a del pulgar. Fortalecedor de u\u00f1as con \u00e1cido hialur\u00f3nico y silicio.\" class=\"wp-image-13100 lazyload\" data-sizes=\"auto\" data-srcset=\"https:\/\/www.isdin.com\/es\/blog\/wp-content\/uploads\/2024\/09\/Producto-Textura-45-1-1024x527.png 1024w, https:\/\/www.isdin.com\/es\/blog\/wp-content\/uploads\/2024\/09\/Producto-Textura-45-1-300x155.png 300w, https:\/\/www.isdin.com\/es\/blog\/wp-content\/uploads\/2024\/09\/Producto-Textura-45-1-150x77.png 150w, https:\/\/www.isdin.com\/es\/blog\/wp-content\/uploads\/2024\/09\/Producto-Textura-45-1-768x396.png 768w, https:\/\/www.isdin.com\/es\/blog\/wp-content\/uploads\/2024\/09\/Producto-Textura-45-1-1536x791.png 1536w, https:\/\/www.isdin.com\/es\/blog\/wp-content\/uploads\/2024\/09\/Producto-Textura-45-1-2048x1055.png 2048w, https:\/\/www.isdin.com\/es\/blog\/wp-content\/uploads\/2024\/09\/Producto-Textura-45-1-585x300.png 585w, https:\/\/www.isdin.com\/es\/blog\/wp-content\/uploads\/2024\/09\/Producto-Textura-45-1-450x232.png 450w, https:\/\/www.isdin.com\/es\/blog\/wp-content\/uploads\/2024\/09\/Producto-Textura-45-1-20x11.png 20w, https:\/\/www.isdin.com\/es\/blog\/wp-content\/uploads\/2024\/09\/Producto-Textura-45-1-225x116.png 225w, https:\/\/www.isdin.com\/es\/blog\/wp-content\/uploads\/2024\/09\/Producto-Textura-45-1-900x464.png 900w, https:\/\/www.isdin.com\/es\/blog\/wp-content\/uploads\/2024\/09\/Producto-Textura-45-1-1350x695.png 1350w\" sizes=\"auto, (max-width: 1024px) 100vw, 1024px\" \/><\/a><\/figure>\n\n\n\n<p><\/p>\n\n\n\n<p>Su f\u00f3rmula combina activos que se encuentran de forma natural en la u\u00f1a y que act\u00faan de manera complementaria:<\/p>\n\n\n\n<ul class=\"wp-block-list\">\n<li><strong>Silicio org\u00e1nico<\/strong>, que contribuye a un crecimiento saludable y resistente.<\/li>\n\n\n\n<li><strong>Aceite de lentisco<\/strong>, que ayuda a incrementar la s\u00edntesis de queratinas duras que produce un aumento en la durez y grosor de la u\u00f1a.<\/li>\n\n\n\n<li><strong>\u00c1cido hialur\u00f3nico cati\u00f3nico<\/strong>, un potente ingrediente con una gran capacidad de penetraci\u00f3n que aporta la hidrataci\u00f3n necesaria para dar flexibilidad a las u\u00f1as.<\/li>\n<\/ul>\n\n\n\n<blockquote class=\"wp-block-quote is-layout-flow wp-block-quote-is-layout-flow\">\n<p>El resultado: u\u00f1as visiblemente m\u00e1s fuertes, cuidadas y con mejor aspecto, sin renunciar a una rutina sencilla.<\/p>\n<\/blockquote>\n\n\n\n<p>Ahora conoces c\u00f3mo est\u00e1n formadas tus u\u00f1as, por qu\u00e9 pueden volverse m\u00e1s fr\u00e1giles y qu\u00e9 h\u00e1bitos ayudan a cuidarlas en el d\u00eda a d\u00eda. Parece que no falta nada\u2026 salvo un \u00faltimo gesto: <strong>prestarles atenci\u00f3n<\/strong>.<\/p>\n\n\n\n<p>Las u\u00f1as tambi\u00e9n hablan de tu salud. Cambios en su color, la aparici\u00f3n de manchas o molestias persistentes pueden ser se\u00f1ales de que algo no va del todo bien. En ese caso, no lo dudes y consulta con tu dermat\u00f3logo de confianza. <strong>Porque escuchar a tu cuerpo, siempre es una forma de cuidarte.<\/strong><\/p>\n","protected":false},"excerpt":{"rendered":"<p>Cada parte de la u\u00f1a cumple una funci\u00f3n espec\u00edfica, como un engranaje perfectamente sincronizado. Para entender por qu\u00e9 tus u\u00f1as crecen, se fortalecen o se debilitan, basta con mirarlas de cerca. <\/p>\n","protected":false},"author":69,"featured_media":11041,"comment_status":"open","ping_status":"open","sticky":false,"template":"","format":"image","meta":{"footnotes":""},"categories":[103,1],"tags":[425,358],"class_list":["post-4499","post","type-post","status-publish","format-image","has-post-thumbnail","hentry","category-belleza","category-consejos-cuidados","tag-cuidado-unas","tag-si-nails","post_format-post-format-image"],"yoast_head":"<!-- This site is optimized with the Yoast SEO Premium plugin v25.4 (Yoast SEO v25.4) - https:\/\/yoast.com\/wordpress\/plugins\/seo\/ -->\n<title>La ciencia de las u\u00f1as: estructura, fragilidad y c\u00f3mo fortalecerlas - ISDIN<\/title>\n<meta name=\"description\" content=\"\u00bfCu\u00e1nto sabes realmente sobre tus u\u00f1as? Desc\u00fabrelo en este art\u00edculo y aprende c\u00f3mo cuidarlas desde su estructura y fortalecer la l\u00e1mina ungueal.\" \/>\n<meta name=\"robots\" content=\"index, follow, max-snippet:-1, max-image-preview:large, max-video-preview:-1\" \/>\n<link rel=\"canonical\" href=\"https:\/\/www.isdin.com\/es\/blog\/unas-fragiles-y-quebradizas-descubre-si-nails\/\" \/>\n<meta property=\"og:locale\" content=\"es_ES\" \/>\n<meta property=\"og:type\" content=\"article\" \/>\n<meta property=\"og:title\" content=\"La ciencia de las u\u00f1as: estructura, fragilidad y c\u00f3mo fortalecerlas\" \/>\n<meta property=\"og:description\" content=\"\u00bfCu\u00e1nto sabes realmente sobre tus u\u00f1as? Desc\u00fabrelo en este art\u00edculo y aprende c\u00f3mo cuidarlas desde su estructura y fortalecer la l\u00e1mina ungueal.\" \/>\n<meta property=\"og:url\" content=\"https:\/\/www.isdin.com\/es\/blog\/unas-fragiles-y-quebradizas-descubre-si-nails\/\" \/>\n<meta property=\"og:site_name\" content=\"ISDIN\" \/>\n<meta property=\"article:publisher\" content=\"https:\/\/es-es.facebook.com\/ISDIN.official\/\" \/>\n<meta property=\"article:published_time\" content=\"2026-01-07T09:00:00+00:00\" \/>\n<meta property=\"og:image\" content=\"https:\/\/www.isdin.com\/es\/blog\/wp-content\/uploads\/2018\/12\/SiNails_FAQ_2_blog.jpg\" \/>\n\t<meta property=\"og:image:width\" content=\"1200\" \/>\n\t<meta property=\"og:image:height\" content=\"630\" \/>\n\t<meta property=\"og:image:type\" content=\"image\/jpeg\" \/>\n<meta name=\"author\" content=\"Belinda Mart\u00ednez\" \/>\n<meta name=\"twitter:card\" content=\"summary_large_image\" \/>\n<meta name=\"twitter:creator\" content=\"@isdin_official\" \/>\n<meta name=\"twitter:site\" content=\"@isdin_official\" \/>\n<meta name=\"twitter:label1\" content=\"Written by\" \/>\n\t<meta name=\"twitter:data1\" content=\"Belinda Mart\u00ednez\" \/>\n\t<meta name=\"twitter:label2\" content=\"Est. reading time\" \/>\n\t<meta name=\"twitter:data2\" content=\"9 minutes\" \/>\n<script type=\"application\/ld+json\" class=\"yoast-schema-graph\">{\"@context\":\"https:\/\/schema.org\",\"@graph\":[{\"@type\":\"Article\",\"@id\":\"https:\/\/www.isdin.com\/es\/blog\/unas-fragiles-y-quebradizas-descubre-si-nails\/#article\",\"isPartOf\":{\"@id\":\"https:\/\/www.isdin.com\/es\/blog\/unas-fragiles-y-quebradizas-descubre-si-nails\/\"},\"author\":{\"name\":\"Belinda Mart\u00ednez\",\"@id\":\"https:\/\/www.isdin.com\/es\/blog\/#\/schema\/person\/684015d7d9e78124cb4aa660f6fe8576\"},\"headline\":\"La ciencia de las u\u00f1as: estructura, fragilidad y c\u00f3mo fortalecerlas\",\"datePublished\":\"2026-01-07T09:00:00+00:00\",\"mainEntityOfPage\":{\"@id\":\"https:\/\/www.isdin.com\/es\/blog\/unas-fragiles-y-quebradizas-descubre-si-nails\/\"},\"wordCount\":1633,\"commentCount\":0,\"publisher\":{\"@id\":\"https:\/\/www.isdin.com\/es\/blog\/#organization\"},\"image\":{\"@id\":\"https:\/\/www.isdin.com\/es\/blog\/unas-fragiles-y-quebradizas-descubre-si-nails\/#primaryimage\"},\"thumbnailUrl\":\"https:\/\/www.isdin.com\/es\/blog\/wp-content\/uploads\/2018\/12\/2024_05_UnasCiencia_IMG042.jpg\",\"keywords\":[\"cuidado u\u00f1as\",\"si-nails\"],\"articleSection\":[\"Belleza\",\"Consejos y cuidados\"],\"inLanguage\":\"es-ES\"},{\"@type\":\"WebPage\",\"@id\":\"https:\/\/www.isdin.com\/es\/blog\/unas-fragiles-y-quebradizas-descubre-si-nails\/\",\"url\":\"https:\/\/www.isdin.com\/es\/blog\/unas-fragiles-y-quebradizas-descubre-si-nails\/\",\"name\":\"La ciencia de las u\u00f1as: estructura, fragilidad y c\u00f3mo fortalecerlas - ISDIN\",\"isPartOf\":{\"@id\":\"https:\/\/www.isdin.com\/es\/blog\/#website\"},\"primaryImageOfPage\":{\"@id\":\"https:\/\/www.isdin.com\/es\/blog\/unas-fragiles-y-quebradizas-descubre-si-nails\/#primaryimage\"},\"image\":{\"@id\":\"https:\/\/www.isdin.com\/es\/blog\/unas-fragiles-y-quebradizas-descubre-si-nails\/#primaryimage\"},\"thumbnailUrl\":\"https:\/\/www.isdin.com\/es\/blog\/wp-content\/uploads\/2018\/12\/2024_05_UnasCiencia_IMG042.jpg\",\"datePublished\":\"2026-01-07T09:00:00+00:00\",\"description\":\"\u00bfCu\u00e1nto sabes realmente sobre tus u\u00f1as? Desc\u00fabrelo en este art\u00edculo y aprende c\u00f3mo cuidarlas desde su estructura y fortalecer la l\u00e1mina ungueal.\",\"breadcrumb\":{\"@id\":\"https:\/\/www.isdin.com\/es\/blog\/unas-fragiles-y-quebradizas-descubre-si-nails\/#breadcrumb\"},\"inLanguage\":\"es-ES\",\"potentialAction\":[{\"@type\":\"ReadAction\",\"target\":[\"https:\/\/www.isdin.com\/es\/blog\/unas-fragiles-y-quebradizas-descubre-si-nails\/\"]}]},{\"@type\":\"ImageObject\",\"inLanguage\":\"es-ES\",\"@id\":\"https:\/\/www.isdin.com\/es\/blog\/unas-fragiles-y-quebradizas-descubre-si-nails\/#primaryimage\",\"url\":\"https:\/\/www.isdin.com\/es\/blog\/wp-content\/uploads\/2018\/12\/2024_05_UnasCiencia_IMG042.jpg\",\"contentUrl\":\"https:\/\/www.isdin.com\/es\/blog\/wp-content\/uploads\/2018\/12\/2024_05_UnasCiencia_IMG042.jpg\",\"width\":1200,\"height\":760,\"caption\":\"\u00bfCu\u00e1nto sabes sobre tus u\u00f1as? u\u00f1as fr\u00e1giles\"},{\"@type\":\"BreadcrumbList\",\"@id\":\"https:\/\/www.isdin.com\/es\/blog\/unas-fragiles-y-quebradizas-descubre-si-nails\/#breadcrumb\",\"itemListElement\":[{\"@type\":\"ListItem\",\"position\":1,\"name\":\"Portada\",\"item\":\"https:\/\/www.isdin.com\/es\/blog\/\"},{\"@type\":\"ListItem\",\"position\":2,\"name\":\"La ciencia de las u\u00f1as: estructura, fragilidad y c\u00f3mo fortalecerlas\"}]},{\"@type\":\"WebSite\",\"@id\":\"https:\/\/www.isdin.com\/es\/blog\/#website\",\"url\":\"https:\/\/www.isdin.com\/es\/blog\/\",\"name\":\"ISDIN\",\"description\":\"Novedades, lanzamientos de productos y toda la experiencia de ISDIN\",\"publisher\":{\"@id\":\"https:\/\/www.isdin.com\/es\/blog\/#organization\"},\"potentialAction\":[{\"@type\":\"SearchAction\",\"target\":{\"@type\":\"EntryPoint\",\"urlTemplate\":\"https:\/\/www.isdin.com\/es\/blog\/?s={search_term_string}\"},\"query-input\":{\"@type\":\"PropertyValueSpecification\",\"valueRequired\":true,\"valueName\":\"search_term_string\"}}],\"inLanguage\":\"es-ES\"},{\"@type\":\"Organization\",\"@id\":\"https:\/\/www.isdin.com\/es\/blog\/#organization\",\"name\":\"ISDIN\",\"alternateName\":\"ISDIN\",\"url\":\"https:\/\/www.isdin.com\/es\/blog\/\",\"logo\":{\"@type\":\"ImageObject\",\"inLanguage\":\"es-ES\",\"@id\":\"https:\/\/www.isdin.com\/es\/blog\/#\/schema\/logo\/image\/\",\"url\":\"https:\/\/www.isdin.com\/es\/blog\/wp-content\/uploads\/2024\/05\/2025_03_GuiaFoto_FWM.png\",\"contentUrl\":\"https:\/\/www.isdin.com\/es\/blog\/wp-content\/uploads\/2024\/05\/2025_03_GuiaFoto_FWM.png\",\"width\":670,\"height\":683,\"caption\":\"ISDIN\"},\"image\":{\"@id\":\"https:\/\/www.isdin.com\/es\/blog\/#\/schema\/logo\/image\/\"},\"sameAs\":[\"https:\/\/es-es.facebook.com\/ISDIN.official\/\",\"https:\/\/x.com\/isdin_official\",\"https:\/\/www.instagram.com\/isdinofficial\",\"https:\/\/www.youtube.com\/channel\/UCtoNJMKpDwdFLqgV23_lcqg\"],\"telephone\":\"659997812\"},{\"@type\":\"Person\",\"@id\":\"https:\/\/www.isdin.com\/es\/blog\/#\/schema\/person\/684015d7d9e78124cb4aa660f6fe8576\",\"name\":\"Belinda Mart\u00ednez\",\"image\":{\"@type\":\"ImageObject\",\"inLanguage\":\"es-ES\",\"@id\":\"https:\/\/www.isdin.com\/es\/blog\/#\/schema\/person\/image\/\",\"url\":\"https:\/\/www.isdin.com\/es\/blog\/wp-content\/uploads\/2017\/07\/jjjj.jpg\",\"contentUrl\":\"https:\/\/www.isdin.com\/es\/blog\/wp-content\/uploads\/2017\/07\/jjjj.jpg\",\"caption\":\"Belinda Mart\u00ednez\"},\"description\":\"Belinda es periodista y copywriter creativa. Tras a\u00f1os de experiencia, decidi\u00f3 fusionar sus habilidades de escritura con su amor por el skincare, convirti\u00e9ndose en una especialista en la materia. \u00bfSu imprescindible? Un buen b\u00e1lsamo de labios.\",\"sameAs\":[\"https:\/\/www.linkedin.com\/in\/thisisbel\/\"],\"url\":\"https:\/\/www.isdin.com\/es\/blog\/author\/belindamartinez\/\"}]}<\/script>\n<!-- \/ Yoast SEO Premium plugin. -->","yoast_head_json":{"title":"La ciencia de las u\u00f1as: estructura, fragilidad y c\u00f3mo fortalecerlas - ISDIN","description":"\u00bfCu\u00e1nto sabes realmente sobre tus u\u00f1as? Desc\u00fabrelo en este art\u00edculo y aprende c\u00f3mo cuidarlas desde su estructura y fortalecer la l\u00e1mina ungueal.","robots":{"index":"index","follow":"follow","max-snippet":"max-snippet:-1","max-image-preview":"max-image-preview:large","max-video-preview":"max-video-preview:-1"},"canonical":"https:\/\/www.isdin.com\/es\/blog\/unas-fragiles-y-quebradizas-descubre-si-nails\/","og_locale":"es_ES","og_type":"article","og_title":"La ciencia de las u\u00f1as: estructura, fragilidad y c\u00f3mo fortalecerlas","og_description":"\u00bfCu\u00e1nto sabes realmente sobre tus u\u00f1as? Desc\u00fabrelo en este art\u00edculo y aprende c\u00f3mo cuidarlas desde su estructura y fortalecer la l\u00e1mina ungueal.","og_url":"https:\/\/www.isdin.com\/es\/blog\/unas-fragiles-y-quebradizas-descubre-si-nails\/","og_site_name":"ISDIN","article_publisher":"https:\/\/es-es.facebook.com\/ISDIN.official\/","article_published_time":"2026-01-07T09:00:00+00:00","og_image":[{"width":1200,"height":630,"url":"https:\/\/www.isdin.com\/es\/blog\/wp-content\/uploads\/2018\/12\/SiNails_FAQ_2_blog.jpg","type":"image\/jpeg"}],"author":"Belinda Mart\u00ednez","twitter_card":"summary_large_image","twitter_creator":"@isdin_official","twitter_site":"@isdin_official","twitter_misc":{"Written by":"Belinda Mart\u00ednez","Est. reading time":"9 minutes"},"schema":{"@context":"https:\/\/schema.org","@graph":[{"@type":"Article","@id":"https:\/\/www.isdin.com\/es\/blog\/unas-fragiles-y-quebradizas-descubre-si-nails\/#article","isPartOf":{"@id":"https:\/\/www.isdin.com\/es\/blog\/unas-fragiles-y-quebradizas-descubre-si-nails\/"},"author":{"name":"Belinda Mart\u00ednez","@id":"https:\/\/www.isdin.com\/es\/blog\/#\/schema\/person\/684015d7d9e78124cb4aa660f6fe8576"},"headline":"La ciencia de las u\u00f1as: estructura, fragilidad y c\u00f3mo fortalecerlas","datePublished":"2026-01-07T09:00:00+00:00","mainEntityOfPage":{"@id":"https:\/\/www.isdin.com\/es\/blog\/unas-fragiles-y-quebradizas-descubre-si-nails\/"},"wordCount":1633,"commentCount":0,"publisher":{"@id":"https:\/\/www.isdin.com\/es\/blog\/#organization"},"image":{"@id":"https:\/\/www.isdin.com\/es\/blog\/unas-fragiles-y-quebradizas-descubre-si-nails\/#primaryimage"},"thumbnailUrl":"https:\/\/www.isdin.com\/es\/blog\/wp-content\/uploads\/2018\/12\/2024_05_UnasCiencia_IMG042.jpg","keywords":["cuidado u\u00f1as","si-nails"],"articleSection":["Belleza","Consejos y cuidados"],"inLanguage":"es-ES"},{"@type":"WebPage","@id":"https:\/\/www.isdin.com\/es\/blog\/unas-fragiles-y-quebradizas-descubre-si-nails\/","url":"https:\/\/www.isdin.com\/es\/blog\/unas-fragiles-y-quebradizas-descubre-si-nails\/","name":"La ciencia de las u\u00f1as: estructura, fragilidad y c\u00f3mo fortalecerlas - ISDIN","isPartOf":{"@id":"https:\/\/www.isdin.com\/es\/blog\/#website"},"primaryImageOfPage":{"@id":"https:\/\/www.isdin.com\/es\/blog\/unas-fragiles-y-quebradizas-descubre-si-nails\/#primaryimage"},"image":{"@id":"https:\/\/www.isdin.com\/es\/blog\/unas-fragiles-y-quebradizas-descubre-si-nails\/#primaryimage"},"thumbnailUrl":"https:\/\/www.isdin.com\/es\/blog\/wp-content\/uploads\/2018\/12\/2024_05_UnasCiencia_IMG042.jpg","datePublished":"2026-01-07T09:00:00+00:00","description":"\u00bfCu\u00e1nto sabes realmente sobre tus u\u00f1as? Desc\u00fabrelo en este art\u00edculo y aprende c\u00f3mo cuidarlas desde su estructura y fortalecer la l\u00e1mina ungueal.","breadcrumb":{"@id":"https:\/\/www.isdin.com\/es\/blog\/unas-fragiles-y-quebradizas-descubre-si-nails\/#breadcrumb"},"inLanguage":"es-ES","potentialAction":[{"@type":"ReadAction","target":["https:\/\/www.isdin.com\/es\/blog\/unas-fragiles-y-quebradizas-descubre-si-nails\/"]}]},{"@type":"ImageObject","inLanguage":"es-ES","@id":"https:\/\/www.isdin.com\/es\/blog\/unas-fragiles-y-quebradizas-descubre-si-nails\/#primaryimage","url":"https:\/\/www.isdin.com\/es\/blog\/wp-content\/uploads\/2018\/12\/2024_05_UnasCiencia_IMG042.jpg","contentUrl":"https:\/\/www.isdin.com\/es\/blog\/wp-content\/uploads\/2018\/12\/2024_05_UnasCiencia_IMG042.jpg","width":1200,"height":760,"caption":"\u00bfCu\u00e1nto sabes sobre tus u\u00f1as? u\u00f1as fr\u00e1giles"},{"@type":"BreadcrumbList","@id":"https:\/\/www.isdin.com\/es\/blog\/unas-fragiles-y-quebradizas-descubre-si-nails\/#breadcrumb","itemListElement":[{"@type":"ListItem","position":1,"name":"Portada","item":"https:\/\/www.isdin.com\/es\/blog\/"},{"@type":"ListItem","position":2,"name":"La ciencia de las u\u00f1as: estructura, fragilidad y c\u00f3mo fortalecerlas"}]},{"@type":"WebSite","@id":"https:\/\/www.isdin.com\/es\/blog\/#website","url":"https:\/\/www.isdin.com\/es\/blog\/","name":"ISDIN","description":"Novedades, lanzamientos de productos y toda la experiencia de ISDIN","publisher":{"@id":"https:\/\/www.isdin.com\/es\/blog\/#organization"},"potentialAction":[{"@type":"SearchAction","target":{"@type":"EntryPoint","urlTemplate":"https:\/\/www.isdin.com\/es\/blog\/?s={search_term_string}"},"query-input":{"@type":"PropertyValueSpecification","valueRequired":true,"valueName":"search_term_string"}}],"inLanguage":"es-ES"},{"@type":"Organization","@id":"https:\/\/www.isdin.com\/es\/blog\/#organization","name":"ISDIN","alternateName":"ISDIN","url":"https:\/\/www.isdin.com\/es\/blog\/","logo":{"@type":"ImageObject","inLanguage":"es-ES","@id":"https:\/\/www.isdin.com\/es\/blog\/#\/schema\/logo\/image\/","url":"https:\/\/www.isdin.com\/es\/blog\/wp-content\/uploads\/2024\/05\/2025_03_GuiaFoto_FWM.png","contentUrl":"https:\/\/www.isdin.com\/es\/blog\/wp-content\/uploads\/2024\/05\/2025_03_GuiaFoto_FWM.png","width":670,"height":683,"caption":"ISDIN"},"image":{"@id":"https:\/\/www.isdin.com\/es\/blog\/#\/schema\/logo\/image\/"},"sameAs":["https:\/\/es-es.facebook.com\/ISDIN.official\/","https:\/\/x.com\/isdin_official","https:\/\/www.instagram.com\/isdinofficial","https:\/\/www.youtube.com\/channel\/UCtoNJMKpDwdFLqgV23_lcqg"],"telephone":"659997812"},{"@type":"Person","@id":"https:\/\/www.isdin.com\/es\/blog\/#\/schema\/person\/684015d7d9e78124cb4aa660f6fe8576","name":"Belinda Mart\u00ednez","image":{"@type":"ImageObject","inLanguage":"es-ES","@id":"https:\/\/www.isdin.com\/es\/blog\/#\/schema\/person\/image\/","url":"https:\/\/www.isdin.com\/es\/blog\/wp-content\/uploads\/2017\/07\/jjjj.jpg","contentUrl":"https:\/\/www.isdin.com\/es\/blog\/wp-content\/uploads\/2017\/07\/jjjj.jpg","caption":"Belinda Mart\u00ednez"},"description":"Belinda es periodista y copywriter creativa. Tras a\u00f1os de experiencia, decidi\u00f3 fusionar sus habilidades de escritura con su amor por el skincare, convirti\u00e9ndose en una especialista en la materia. \u00bfSu imprescindible? Un buen b\u00e1lsamo de labios.","sameAs":["https:\/\/www.linkedin.com\/in\/thisisbel\/"],"url":"https:\/\/www.isdin.com\/es\/blog\/author\/belindamartinez\/"}]}},"_links":{"self":[{"href":"https:\/\/www.isdin.com\/es\/blog\/wp-json\/wp\/v2\/posts\/4499","targetHints":{"allow":["GET"]}}],"collection":[{"href":"https:\/\/www.isdin.com\/es\/blog\/wp-json\/wp\/v2\/posts"}],"about":[{"href":"https:\/\/www.isdin.com\/es\/blog\/wp-json\/wp\/v2\/types\/post"}],"author":[{"embeddable":true,"href":"https:\/\/www.isdin.com\/es\/blog\/wp-json\/wp\/v2\/users\/69"}],"replies":[{"embeddable":true,"href":"https:\/\/www.isdin.com\/es\/blog\/wp-json\/wp\/v2\/comments?post=4499"}],"version-history":[{"count":24,"href":"https:\/\/www.isdin.com\/es\/blog\/wp-json\/wp\/v2\/posts\/4499\/revisions"}],"predecessor-version":[{"id":13101,"href":"https:\/\/www.isdin.com\/es\/blog\/wp-json\/wp\/v2\/posts\/4499\/revisions\/13101"}],"wp:featuredmedia":[{"embeddable":true,"href":"https:\/\/www.isdin.com\/es\/blog\/wp-json\/wp\/v2\/media\/11041"}],"wp:attachment":[{"href":"https:\/\/www.isdin.com\/es\/blog\/wp-json\/wp\/v2\/media?parent=4499"}],"wp:term":[{"taxonomy":"category","embeddable":true,"href":"https:\/\/www.isdin.com\/es\/blog\/wp-json\/wp\/v2\/categories?post=4499"},{"taxonomy":"post_tag","embeddable":true,"href":"https:\/\/www.isdin.com\/es\/blog\/wp-json\/wp\/v2\/tags?post=4499"}],"curies":[{"name":"wp","href":"https:\/\/api.w.org\/{rel}","templated":true}]}}