{"id":4197,"date":"2025-10-14T14:51:54","date_gmt":"2025-10-14T14:51:54","guid":{"rendered":"https:\/\/www.isdin.com\/es\/blog\/?p=4197"},"modified":"2025-10-14T14:51:56","modified_gmt":"2025-10-14T14:51:56","slug":"isdin-lanza-la-campana-juntas-contra-el-cancer-de-mama","status":"publish","type":"post","link":"https:\/\/www.isdin.com\/es\/blog\/isdin-lanza-la-campana-juntas-contra-el-cancer-de-mama\/","title":{"rendered":"ISDIN Y FERO se unen una vez m\u00e1s contra el c\u00e1ncer de mama"},"content":{"rendered":"\n<p>A veces, nos une una vivencia. Otras, la empat\u00eda de entender diferentes realidades. Pero lo que crea una uni\u00f3n infinita es el apoyo a una misma causa. Por eso, para ISDIN, el D\u00eda Internacional de la Lucha contra el C\u00e1ncer de Mama no es solo un d\u00eda, son los 365 d\u00edas del a\u00f1o.<\/p>\n\n\n\n<p>Este oto\u00f1o, queremos arrojar luz sobre la realidad de esta enfermedad. Mostrar c\u00f3mo la viven no solo quienes la enfrentan, sino tambi\u00e9n sus seres queridos que las acompa\u00f1an en cada paso. Tambi\u00e9n compartiremos lo que estamos haciendo junto a la Fundaci\u00f3n FERO para apoyar la investigaci\u00f3n, promover la detecci\u00f3n temprana y c\u00f3mo t\u00fa puedes unirte a esta causa tan importante.<\/p>\n\n\n\n<p><strong>\u00bfEstamos juntas en esta traves\u00eda?<\/strong><\/p>\n\n\n\n<h2 class=\"wp-block-heading\" id=\"h-nuestros-planes-junto-a-la-fundacion-fero\">Nuestros planes junto a la Fundaci\u00f3n FERO<\/h2>\n\n\n\n<figure class=\"wp-block-embed is-type-video is-provider-youtube wp-block-embed-youtube wp-embed-aspect-16-9 wp-has-aspect-ratio\"><div class=\"wp-block-embed__wrapper\">\n<div class=\"flex-video widescreen youtube\"><iframe loading=\"lazy\" title=\"ISDIN Woman |  Colaboraci\u00f3n con Fundaci\u00f3n FERO\" width=\"500\" height=\"281\" src=\"https:\/\/www.youtube.com\/embed\/9A-gOHDsw3I?feature=oembed&#038;showinfo=0&#038;rel=0&#038;modestbranding=1&#038;iv_load_policy=3&#038;playsinline=1&#038;enablejsapi=1\" frameborder=\"0\" allow=\"accelerometer; autoplay; clipboard-write; encrypted-media; gyroscope; picture-in-picture; web-share\" referrerpolicy=\"strict-origin-when-cross-origin\" allowfullscreen><\/iframe><\/div>\n<\/div><\/figure>\n\n\n\n<p>\u2018Juntas contra el c\u00e1ncer de mama\u2019 es mucho m\u00e1s que un lema; es el compromiso de ISDIN con la <a href=\"https:\/\/fero.org\/\">Fundaci\u00f3n FERO<\/a>. Tras 8 a\u00f1os de colaboraci\u00f3n, volvemos a unir nuestros esfuerzos y dedicaci\u00f3n a esta fundaci\u00f3n privada, dedicada a la investigaci\u00f3n oncol\u00f3gica traslacional, para apoyar el conocimiento y la cura de esta enfermedad.<\/p>\n\n\n\n<p><strong>A m\u00e1s investigaci\u00f3n, m\u00e1s supervivientes.<\/strong> Este compromiso no es solo parte de nuestra misi\u00f3n de apoyar la ciencia, sino tambi\u00e9n de nuestros valores m\u00e1s profundos. Creemos que la verdadera belleza surge de una vida plena, donde la salud y la felicidad son la base. Proteger y cuidar nuestra salud, y la de los que nos rodean, es parte esencial de nuestro prop\u00f3sito.<\/p>\n\n\n\n<p>Por eso, hemos puesto en marcha una campa\u00f1a de donaci\u00f3n a trav\u00e9s de <a href=\"https:\/\/love.isdin.com\/con\/es-ES\">LOVE ISDIN<\/a>, donde por cada 150 puntos donaremos 1\u20ac a la <a href=\"https:\/\/fero.org\/2022\/10\/03\/la-biopsia-liquida-en-la-fundacion-fero-un-tratamiento-de-cancer-personalizado\/\">investigaci\u00f3n de la biopsia l\u00edquida<\/a>, uno de sus proyectos m\u00e1s importantes.<\/p>\n\n\n\n<p class=\"has-background\" style=\"background-color:#f1dfbf\">Accede a la <a href=\"https:\/\/www.isdin.com\/es\/love-isdin\/experience\/donacion-juntas-2024\">experiencia<\/a> y dona tus puntos LOVE ISDIN tantas veces como quieras.<\/p>\n\n\n\n<p><\/p>\n\n\n\n<h3 class=\"wp-block-heading\">\u00bfQu\u00e9 es la investigaci\u00f3n de la biopsia l\u00edquida?<\/h3>\n\n\n\n<figure class=\"wp-block-image size-full\"><img loading=\"lazy\" decoding=\"async\" width=\"1200\" height=\"618\" src=\"data:image\/gif;base64,R0lGODlhAQABAAAAACH5BAEKAAEALAAAAAABAAEAAAICTAEAOw==\" data-src=\"https:\/\/www.isdin.com\/es\/blog\/wp-content\/uploads\/2020\/10\/BlogEs_2024_10_Juntas_IMG01.jpg\" alt=\"Investigaci\u00f3n biopsia l\u00edquida\" class=\"wp-image-11119 lazyload\"\/><\/figure>\n\n\n\n<p><\/p>\n\n\n\n<p>Liderada por el <a href=\"https:\/\/vhio.net\/es\/inicio\/\">Instituto de Oncolog\u00eda del Vall d&#8217;Hebron<\/a> (VHIO), la investigaci\u00f3n de la <a href=\"https:\/\/www.ncbi.nlm.nih.gov\/pmc\/articles\/PMC10197306\/\">biopsia l\u00edquida<\/a> se centra en una t\u00e9cnica de diagn\u00f3stico y seguimiento del c\u00e1ncer a trav\u00e9s de una simple gota de sangre, evitando biopsias invasivas y cirug\u00edas. <strong>Esta t\u00e9cnica ya se utiliza en otros tipos de c\u00e1ncer, pero para ampliar su uso en el c\u00e1ncer de mama se necesita m\u00e1s investigaci\u00f3n.<\/strong><\/p>\n\n\n\n<blockquote class=\"wp-block-quote is-layout-flow wp-block-quote-is-layout-flow\">\n<p>La biopsia l\u00edquida es una t\u00e9cnica que consiste en la detecci\u00f3n del c\u00e1ncer a trav\u00e9s de una simple gota de sangre.<\/p>\n<\/blockquote>\n\n\n\n<h2 class=\"wp-block-heading\">La prevenci\u00f3n es esperanza, y la esperanza comienza con la investigaci\u00f3n<\/h2>\n\n\n\n<figure class=\"wp-block-embed is-type-video is-provider-youtube wp-block-embed-youtube wp-embed-aspect-16-9 wp-has-aspect-ratio\"><div class=\"wp-block-embed__wrapper\">\n<div class=\"flex-video widescreen youtube\"><iframe loading=\"lazy\" title=\"Juntas contra el c\u00e1ncer de mama - ISDIN\" width=\"500\" height=\"281\" src=\"https:\/\/www.youtube.com\/embed\/qg0-WoaoxGw?feature=oembed&#038;showinfo=0&#038;rel=0&#038;modestbranding=1&#038;iv_load_policy=3&#038;playsinline=1&#038;enablejsapi=1\" frameborder=\"0\" allow=\"accelerometer; autoplay; clipboard-write; encrypted-media; gyroscope; picture-in-picture; web-share\" referrerpolicy=\"strict-origin-when-cross-origin\" allowfullscreen><\/iframe><\/div>\n<\/div><\/figure>\n\n\n\n<p><\/p>\n\n\n\n<p>Gracias a esta campa\u00f1a y a la aportaci\u00f3n de isdinlovers como t\u00fa, no solo hemos conseguido recaudar dinero para la investigaci\u00f3n, sino que tambi\u00e9n hemos concienciado a muchas mujeres sobre la prevenci\u00f3n del c\u00e1ncer de mama. <strong>Nuestro trabajo impacta d\u00eda a d\u00eda en la oncolog\u00eda.<\/strong><\/p>\n\n\n\n<p><strong>La biopsia l\u00edquida ya es una realidad<\/strong> en la detecci\u00f3n y el seguimiento de pacientes con c\u00e1ncer de mama. Se puede utilizar como una estrategia para detectar de forma temprana posibles reca\u00eddas o para monitorizar el estado de la enfermedad a lo largo del tratamiento. <strong>Gracias a ella:<\/strong><\/p>\n\n\n\n<ul class=\"wp-block-list\">\n<li><strong>Detectamos la enfermedad m\u00e1s temprano:<\/strong> Hemos aumentado la sensibilidad de las pruebas diagn\u00f3sticas utilizadas, mejorando la detecci\u00f3n.<\/li>\n\n\n\n<li><strong>Hemos ampliado el panel actual de genes en investigaci\u00f3n, que es 8 veces m\u00e1s grande:<\/strong> En 2018 busc\u00e1bamos en 15.000 posiciones del genoma; actualmente, analizamos en 100.000 bases.<\/li>\n\n\n\n<li><strong>Ahora somos capaces de analizar genes enteros:<\/strong> Esto nos permite estudiar m\u00e1s genes y m\u00e1s regiones del genoma.<\/li>\n<\/ul>\n\n\n\n<h3 class=\"wp-block-heading\">La detecci\u00f3n temprana es una realidad, pero \u00bfpor qu\u00e9 es tan importante?<\/h3>\n\n\n\n<figure class=\"wp-block-image size-large\"><img loading=\"lazy\" decoding=\"async\" width=\"1024\" height=\"527\" src=\"data:image\/gif;base64,R0lGODlhAQABAAAAACH5BAEKAAEALAAAAAABAAEAAAICTAEAOw==\" data-src=\"https:\/\/www.isdin.com\/es\/blog\/wp-content\/uploads\/2024\/10\/Imagen-en-el-contenido-2025-10-13T143318.278-1024x527.png\" alt=\"datos c\u00e1ncer de mama 2025\" class=\"wp-image-12758 lazyload\" data-sizes=\"auto\" data-srcset=\"https:\/\/www.isdin.com\/es\/blog\/wp-content\/uploads\/2024\/10\/Imagen-en-el-contenido-2025-10-13T143318.278-1024x527.png 1024w, https:\/\/www.isdin.com\/es\/blog\/wp-content\/uploads\/2024\/10\/Imagen-en-el-contenido-2025-10-13T143318.278-300x155.png 300w, https:\/\/www.isdin.com\/es\/blog\/wp-content\/uploads\/2024\/10\/Imagen-en-el-contenido-2025-10-13T143318.278-150x77.png 150w, https:\/\/www.isdin.com\/es\/blog\/wp-content\/uploads\/2024\/10\/Imagen-en-el-contenido-2025-10-13T143318.278-768x396.png 768w, https:\/\/www.isdin.com\/es\/blog\/wp-content\/uploads\/2024\/10\/Imagen-en-el-contenido-2025-10-13T143318.278-585x300.png 585w, https:\/\/www.isdin.com\/es\/blog\/wp-content\/uploads\/2024\/10\/Imagen-en-el-contenido-2025-10-13T143318.278-450x232.png 450w, https:\/\/www.isdin.com\/es\/blog\/wp-content\/uploads\/2024\/10\/Imagen-en-el-contenido-2025-10-13T143318.278-20x11.png 20w, https:\/\/www.isdin.com\/es\/blog\/wp-content\/uploads\/2024\/10\/Imagen-en-el-contenido-2025-10-13T143318.278-225x116.png 225w, https:\/\/www.isdin.com\/es\/blog\/wp-content\/uploads\/2024\/10\/Imagen-en-el-contenido-2025-10-13T143318.278-900x464.png 900w, https:\/\/www.isdin.com\/es\/blog\/wp-content\/uploads\/2024\/10\/Imagen-en-el-contenido-2025-10-13T143318.278.png 1200w\" sizes=\"auto, (max-width: 1024px) 100vw, 1024px\" \/><\/figure>\n\n\n\n<p>La detecci\u00f3n precoz abre nuevos caminos, caminos llenos de esperanza que nos permiten conocer cada vez mejor la enfermedad y sus caracter\u00edsticas. <strong>\u00bfSab\u00edas que la tasa de supervivencia del c\u00e1ncer de mama puede llegar a ser de hasta el 85%\u00b9 si se detecta en sus fases iniciales?<\/strong> Al detectarse en las etapas m\u00e1s tratables, se multiplica significativamente la tasa de supervivencia.<\/p>\n\n\n\n<blockquote class=\"wp-block-quote is-layout-flow wp-block-quote-is-layout-flow\">\n<p>La tasa de supervivencia del c\u00e1ncer de mama puede llegar a ser de hasta el 85%\u00b9 si se detecta en sus fases iniciales.<\/p>\n<\/blockquote>\n\n\n\n<p>Para ello, es fundamental hablar abiertamente sobre la salud mamaria, acudir al ginec\u00f3logo una vez al a\u00f1o y aprender a hacerse una autoexploraci\u00f3n. Muchas mujeres son las que mediante autoexploraci\u00f3n sienten que algo no va bien y acuden al especialista. <strong>Autoexplorarse son 5 minutos al mes que podr\u00edan salvarte la vida.<\/strong><\/p>\n\n\n\n<p class=\"has-background\" style=\"background-color:#f1dfbf\"><a href=\"https:\/\/www.isdin.com\/es\/blog\/como-hacer-un-autoexamen-de-mama\/\">C\u00f3mo realizar un autoexamen de mama<\/a>: descubre el paso a paso.<\/p>\n\n\n\n<p><\/p>\n\n\n\n<h2 class=\"wp-block-heading\">Este a\u00f1o, ampliamos nuestro compromiso<\/h2>\n\n\n\n<figure class=\"wp-block-image size-full\"><img loading=\"lazy\" decoding=\"async\" width=\"1200\" height=\"618\" src=\"data:image\/gif;base64,R0lGODlhAQABAAAAACH5BAEKAAEALAAAAAABAAEAAAICTAEAOw==\" data-src=\"https:\/\/www.isdin.com\/es\/blog\/wp-content\/uploads\/2024\/10\/Imagen-en-el-contenido-2025-10-13T143509.992.png\" alt=\"productos isdin woman solidarios\" class=\"wp-image-12760 lazyload\" data-sizes=\"auto\" data-srcset=\"https:\/\/www.isdin.com\/es\/blog\/wp-content\/uploads\/2024\/10\/Imagen-en-el-contenido-2025-10-13T143509.992.png 1200w, https:\/\/www.isdin.com\/es\/blog\/wp-content\/uploads\/2024\/10\/Imagen-en-el-contenido-2025-10-13T143509.992-300x155.png 300w, https:\/\/www.isdin.com\/es\/blog\/wp-content\/uploads\/2024\/10\/Imagen-en-el-contenido-2025-10-13T143509.992-1024x527.png 1024w, https:\/\/www.isdin.com\/es\/blog\/wp-content\/uploads\/2024\/10\/Imagen-en-el-contenido-2025-10-13T143509.992-150x77.png 150w, https:\/\/www.isdin.com\/es\/blog\/wp-content\/uploads\/2024\/10\/Imagen-en-el-contenido-2025-10-13T143509.992-768x396.png 768w, https:\/\/www.isdin.com\/es\/blog\/wp-content\/uploads\/2024\/10\/Imagen-en-el-contenido-2025-10-13T143509.992-585x300.png 585w, https:\/\/www.isdin.com\/es\/blog\/wp-content\/uploads\/2024\/10\/Imagen-en-el-contenido-2025-10-13T143509.992-450x232.png 450w, https:\/\/www.isdin.com\/es\/blog\/wp-content\/uploads\/2024\/10\/Imagen-en-el-contenido-2025-10-13T143509.992-20x11.png 20w, https:\/\/www.isdin.com\/es\/blog\/wp-content\/uploads\/2024\/10\/Imagen-en-el-contenido-2025-10-13T143509.992-225x116.png 225w, https:\/\/www.isdin.com\/es\/blog\/wp-content\/uploads\/2024\/10\/Imagen-en-el-contenido-2025-10-13T143509.992-900x464.png 900w\" sizes=\"auto, (max-width: 1200px) 100vw, 1200px\" \/><\/figure>\n\n\n\n<p><\/p>\n\n\n\n<p><strong>1 de cada 8 mujeres padecer\u00e1 <a href=\"https:\/\/www.cancer.org\/es\/cancer\/prevencion-del-riesgo\/entender-el-riesgo-de-cancer\/cancer-datos-factuales\/informacion-sobre-el-cancer-para-mujeres.html\">c\u00e1ncer de mama<\/a> a lo largo de su vida.<\/strong> Amiga, hermana, madre, prima: cada una de ellas podr\u00eda ser parte de esta estad\u00edstica, y es una causa que nos incumbe a todos.<\/p>\n\n\n\n<p>Detr\u00e1s de cada una de esas mujeres hay una historia de valent\u00eda y esperanza. Hay retos cotidianos, momentos de incertidumbre y, sobre todo, una inmensa fuerza para seguir adelante. Al apoyar a estas mujeres, no solo ayudamos a las que enfrentan el diagn\u00f3stico, sino tambi\u00e9n a sus familias y amigos que las acompa\u00f1an en esta traves\u00eda.<\/p>\n\n\n\n<p>Por eso, <strong>este a\u00f1o, durante el mes de octubre, tambi\u00e9n donaremos 1 euro a la Fundaci\u00f3n FERO por cada compra de un producto de la gama ISDIN Woman, Germisdin\u00ae Intim y Ureadin\u00ae Rx<\/strong>.<\/p>\n\n\n\n<p class=\"has-text-align-center\">Porque cuidar de ti misma es cuidar a los dem\u00e1s.<\/p>\n\n\n\n<h2 class=\"wp-block-heading\">Una historia de doble superaci\u00f3n<\/h2>\n\n\n\n<p><strong>En 2025, se estima que habr\u00e1 en Espa\u00f1a <a href=\"https:\/\/4trebol.com\/2025\/01\/28\/las-cifras-del-cancer-en-espana-2025\/\">37.682 nuevos casos de c\u00e1ncer de mama<\/a>.<\/strong> Casi 40.000 nuevas historias como la de Steffi Mallebrein, escritora y superviviente de esta enfermedad. Junto a ella, su hija Laura nos comparte c\u00f3mo sinti\u00f3 este diagn\u00f3stico que transform\u00f3 su mundo de la noche a la ma\u00f1ana.<\/p>\n\n\n\n<figure class=\"wp-block-embed is-type-video is-provider-youtube wp-block-embed-youtube wp-embed-aspect-16-9 wp-has-aspect-ratio\"><div class=\"wp-block-embed__wrapper\">\n<div class=\"flex-video widescreen youtube\"><iframe loading=\"lazy\" title=\"ISDIN Woman | Steffi y Laura, Juntas contra el c\u00e1ncer de mama\" width=\"500\" height=\"281\" src=\"https:\/\/www.youtube.com\/embed\/OIHlF14VB6k?start=9&#038;feature=oembed&#038;showinfo=0&#038;rel=0&#038;modestbranding=1&#038;iv_load_policy=3&#038;playsinline=1&#038;enablejsapi=1\" frameborder=\"0\" allow=\"accelerometer; autoplay; clipboard-write; encrypted-media; gyroscope; picture-in-picture; web-share\" referrerpolicy=\"strict-origin-when-cross-origin\" allowfullscreen><\/iframe><\/div>\n<\/div><\/figure>\n\n\n\n<p>Como dice Esteffi: \u2018\u2019No me llames valiente, solo estate a mi lado\u2019\u2019, porque superar dos c\u00e1nceres de mama no fue solo una batalla f\u00edsica, sino un profundo desaf\u00edo emocional, donde el apoyo humano a su alrededor se convirti\u00f3 en su mayor fortaleza. <strong>De ellas aprendemos la importancia de cuidar a quienes nos cuidan, de dejarse ayudar y de pedir apoyo cuando m\u00e1s lo necesitamos.<\/strong><\/p>\n\n\n\n<p>Laura recuerda c\u00f3mo, a pesar del diagn\u00f3stico, los peque\u00f1os gestos de cari\u00f1o y apoyo fueron cruciales para su madre. \u201cEra inspirador ver c\u00f3mo ella nunca perdi\u00f3 la energ\u00eda ni las ganas de vivir\u201d.<\/p>\n\n\n\n<figure class=\"wp-block-image size-full\"><img loading=\"lazy\" decoding=\"async\" width=\"1200\" height=\"618\" src=\"data:image\/gif;base64,R0lGODlhAQABAAAAACH5BAEKAAEALAAAAAABAAEAAAICTAEAOw==\" data-src=\"https:\/\/www.isdin.com\/es\/blog\/wp-content\/uploads\/2020\/10\/BlogEs_2024_10_Juntas_IMG02.jpg\" alt=\"steffi mallebrein escritora y superviviente c\u00e1ncer de mama\" class=\"wp-image-11120 lazyload\"\/><\/figure>\n\n\n\n<p><\/p>\n\n\n\n<h2 class=\"wp-block-heading\">El lazo que nos une<\/h2>\n\n\n\n<p>Conectamos a trav\u00e9s de historias como la de Steffi, investigaciones de las que todos podemos formar parte y eventos que te acercan m\u00e1s a esta realidad. Te invitamos, isdinlover, a formar parte de nuestras experiencias relacionadas con esta campa\u00f1a tan significativa.<\/p>\n\n\n\n<p>Participando en \u2018Juntas contra el c\u00e1ncer de mama\u2019, no solo tendr\u00e1s la posibilidad de donar puntos y apoyar mediante la compra de productos, sino que <strong>el pr\u00f3ximo 22 de octubre tendr\u00e1s la oportunidad de participar en una mesa redonda con mujeres inspiradoras<\/strong> y profesionales de la salud. Un encuentro muy especial para sentirnos cerca, aprender y <strong>seguir avanzando juntas contra el c\u00e1ncer de mama,<\/strong> como llevamos haciendo desde hace <strong>8 a\u00f1os colaborando con la Fundaci\u00f3n FERO<\/strong>.<\/p>\n\n\n\n<p>Contaremos con la voz experta de <strong>Adriana Alcaraz<\/strong>, nutricionista oncol\u00f3gica, con el testimonio de <strong>Steffi Mallebrein<\/strong>, superviviente de c\u00e1ncer de mama, con la mirada puesta al futuro de <strong>Sandra Miranda<\/strong>, Directora de Fundraising en FERO y el expertise de <strong>Susana Diracano<\/strong>, especialista en deporte y bienestar integral.<\/p>\n\n\n\n<p>Todas ellas compartir\u00e1n sus <strong>experiencias y los \u00faltimos avances en detecci\u00f3n precoz<\/strong>, con un objetivo com\u00fan: mejorar la calidad de vida de los pacientes y dar visibilidad a la causa.<\/p>\n\n\n\n<p><\/p>\n\n\n\n<p class=\"has-background\" style=\"background-color:#f1dfbf\">Ap\u00fantate a nuestra mesa redonda en Casa ISDIN de manera online o presencial a trav\u00e9s de la <a href=\"https:\/\/www.isdin.com\/es\/awareness_app\">app de ISDIN<\/a>.<\/p>\n\n\n\n<p><\/p>\n\n\n\n<p>Te animamos a compartir lo que has aprendido con amigas, familiares o conocidas. Tu voz puede inspirar a alguien a hacerse una revisi\u00f3n, a realizar un autoexamen o a buscar apoyo cuando m\u00e1s lo necesita.<\/p>\n\n\n\n<p>No subestimes el impacto de tus palabras. <strong>Cada historia que compartes crea un lazo que nos une y fortalece, record\u00e1ndonos que no estamos solas en esta traves\u00eda.<\/strong><\/p>\n\n\n\n<p><\/p>\n\n\n\n<p style=\"font-size:8px\"><em><strong>Referencias:<\/strong><\/em><\/p>\n\n\n\n<p style=\"font-size:8px\"><strong>\u00b9<\/strong>Sociedad Espa\u00f1ola Oncolog\u00eda M\u00e9dica. Las cifras del c\u00e1ncer en Espa\u00f1a en 2024 y 2025.<\/p>\n\n\n\n<p style=\"font-size:8px\">\u00b2ISDIN har\u00e1 una donaci\u00f3n de un euro (1.-\u20ac) a la Fundaci\u00f3n FERO por cada 150 puntos LOVE ISDIN canjeados, para colaborar en la lucha contra el c\u00e1ncer de mama.<\/p>\n\n\n\n<p><\/p>\n","protected":false},"excerpt":{"rendered":"<p>Un a\u00f1o m\u00e1s, unimos nuestros esfuerzos y dedicaci\u00f3n a esta fundaci\u00f3n privada, dedicada a la investigaci\u00f3n oncol\u00f3gica traslacional, para apoyar el conocimiento y la cura de esta enfermedad.<\/p>\n","protected":false},"author":69,"featured_media":12761,"comment_status":"closed","ping_status":"closed","sticky":false,"template":"","format":"image","meta":{"footnotes":""},"categories":[1,65,105],"tags":[460,461,462],"class_list":["post-4197","post","type-post","status-publish","format-image","has-post-thumbnail","hentry","category-consejos-cuidados","category-expertos","category-salud-mujer","tag-cancer-de-mama","tag-fundacion-fero","tag-investigacion","post_format-post-format-image"],"yoast_head":"<!-- This site is optimized with the Yoast SEO Premium plugin v25.4 (Yoast SEO v25.4) - https:\/\/yoast.com\/wordpress\/plugins\/seo\/ -->\n<title>ISDIN Y FERO se unen una vez m\u00e1s contra el c\u00e1ncer de mama - ISDIN<\/title>\n<meta name=\"description\" content=\"Nos unimos un a\u00f1o m\u00e1s a la Fundaci\u00f3n FERO para luchar juntas Contra el C\u00e1ncer de mama. Conoce m\u00e1s sobre el proyecto y c\u00f3mo puedes aportar.\" \/>\n<meta name=\"robots\" content=\"index, follow, max-snippet:-1, max-image-preview:large, max-video-preview:-1\" \/>\n<link rel=\"canonical\" href=\"https:\/\/www.isdin.com\/es\/blog\/isdin-lanza-la-campana-juntas-contra-el-cancer-de-mama\/\" \/>\n<meta property=\"og:locale\" content=\"es_ES\" \/>\n<meta property=\"og:type\" content=\"article\" \/>\n<meta property=\"og:title\" content=\"ISDIN Y FERO se unen una vez m\u00e1s contra el c\u00e1ncer de mama\" \/>\n<meta property=\"og:description\" content=\"Nos unimos un a\u00f1o m\u00e1s a la Fundaci\u00f3n FERO para luchar juntas Contra el C\u00e1ncer de mama. Conoce m\u00e1s sobre el proyecto y c\u00f3mo puedes aportar.\" \/>\n<meta property=\"og:url\" content=\"https:\/\/www.isdin.com\/es\/blog\/isdin-lanza-la-campana-juntas-contra-el-cancer-de-mama\/\" \/>\n<meta property=\"og:site_name\" content=\"ISDIN\" \/>\n<meta property=\"article:publisher\" content=\"https:\/\/es-es.facebook.com\/ISDIN.official\/\" \/>\n<meta property=\"article:published_time\" content=\"2025-10-14T14:51:54+00:00\" \/>\n<meta property=\"article:modified_time\" content=\"2025-10-14T14:51:56+00:00\" \/>\n<meta property=\"og:image\" content=\"https:\/\/www.isdin.com\/es\/blog\/wp-content\/uploads\/2018\/10\/2020_10_Blog_Imatge_Facebook.jpg\" \/>\n\t<meta property=\"og:image:width\" content=\"1200\" \/>\n\t<meta property=\"og:image:height\" content=\"630\" \/>\n\t<meta property=\"og:image:type\" content=\"image\/jpeg\" \/>\n<meta name=\"author\" content=\"Belinda Mart\u00ednez&nbsp;y&nbsp;Mar Cinca\" \/>\n<meta name=\"twitter:card\" content=\"summary_large_image\" \/>\n<meta name=\"twitter:creator\" content=\"@isdin_official\" \/>\n<meta name=\"twitter:site\" content=\"@isdin_official\" \/>\n<meta name=\"twitter:label1\" content=\"Written by\" \/>\n\t<meta name=\"twitter:data1\" content=\"Belinda Mart\u00ednez&nbsp;y&nbsp;Mar Cinca\" \/>\n\t<meta name=\"twitter:label2\" content=\"Est. reading time\" \/>\n\t<meta name=\"twitter:data2\" content=\"7 minutes\" \/>\n<script type=\"application\/ld+json\" class=\"yoast-schema-graph\">{\"@context\":\"https:\/\/schema.org\",\"@graph\":[{\"@type\":\"Article\",\"@id\":\"https:\/\/www.isdin.com\/es\/blog\/isdin-lanza-la-campana-juntas-contra-el-cancer-de-mama\/#article\",\"isPartOf\":{\"@id\":\"https:\/\/www.isdin.com\/es\/blog\/isdin-lanza-la-campana-juntas-contra-el-cancer-de-mama\/\"},\"author\":{\"name\":\"Belinda Mart\u00ednez&nbsp;y&nbsp;Mar Cinca\",\"@id\":\"https:\/\/www.isdin.com\/es\/blog\/#\/schema\/person\/684015d7d9e78124cb4aa660f6fe8576\"},\"headline\":\"ISDIN Y FERO se unen una vez m\u00e1s contra el c\u00e1ncer de mama\",\"datePublished\":\"2025-10-14T14:51:54+00:00\",\"dateModified\":\"2025-10-14T14:51:56+00:00\",\"mainEntityOfPage\":{\"@id\":\"https:\/\/www.isdin.com\/es\/blog\/isdin-lanza-la-campana-juntas-contra-el-cancer-de-mama\/\"},\"wordCount\":1502,\"publisher\":{\"@id\":\"https:\/\/www.isdin.com\/es\/blog\/#organization\"},\"image\":{\"@id\":\"https:\/\/www.isdin.com\/es\/blog\/isdin-lanza-la-campana-juntas-contra-el-cancer-de-mama\/#primaryimage\"},\"thumbnailUrl\":\"https:\/\/www.isdin.com\/es\/blog\/wp-content\/uploads\/2024\/10\/Header-25.png\",\"keywords\":[\"c\u00e1ncer de mama\",\"fundaci\u00f3n FERO\",\"investigaci\u00f3n\"],\"articleSection\":[\"Consejos y cuidados\",\"Expertos\",\"Salud de la mujer\"],\"inLanguage\":\"es-ES\"},{\"@type\":\"WebPage\",\"@id\":\"https:\/\/www.isdin.com\/es\/blog\/isdin-lanza-la-campana-juntas-contra-el-cancer-de-mama\/\",\"url\":\"https:\/\/www.isdin.com\/es\/blog\/isdin-lanza-la-campana-juntas-contra-el-cancer-de-mama\/\",\"name\":\"ISDIN Y FERO se unen una vez m\u00e1s contra el c\u00e1ncer de mama - ISDIN\",\"isPartOf\":{\"@id\":\"https:\/\/www.isdin.com\/es\/blog\/#website\"},\"primaryImageOfPage\":{\"@id\":\"https:\/\/www.isdin.com\/es\/blog\/isdin-lanza-la-campana-juntas-contra-el-cancer-de-mama\/#primaryimage\"},\"image\":{\"@id\":\"https:\/\/www.isdin.com\/es\/blog\/isdin-lanza-la-campana-juntas-contra-el-cancer-de-mama\/#primaryimage\"},\"thumbnailUrl\":\"https:\/\/www.isdin.com\/es\/blog\/wp-content\/uploads\/2024\/10\/Header-25.png\",\"datePublished\":\"2025-10-14T14:51:54+00:00\",\"dateModified\":\"2025-10-14T14:51:56+00:00\",\"description\":\"Nos unimos un a\u00f1o m\u00e1s a la Fundaci\u00f3n FERO para luchar juntas Contra el C\u00e1ncer de mama. Conoce m\u00e1s sobre el proyecto y c\u00f3mo puedes aportar.\",\"breadcrumb\":{\"@id\":\"https:\/\/www.isdin.com\/es\/blog\/isdin-lanza-la-campana-juntas-contra-el-cancer-de-mama\/#breadcrumb\"},\"inLanguage\":\"es-ES\",\"potentialAction\":[{\"@type\":\"ReadAction\",\"target\":[\"https:\/\/www.isdin.com\/es\/blog\/isdin-lanza-la-campana-juntas-contra-el-cancer-de-mama\/\"]}]},{\"@type\":\"ImageObject\",\"inLanguage\":\"es-ES\",\"@id\":\"https:\/\/www.isdin.com\/es\/blog\/isdin-lanza-la-campana-juntas-contra-el-cancer-de-mama\/#primaryimage\",\"url\":\"https:\/\/www.isdin.com\/es\/blog\/wp-content\/uploads\/2024\/10\/Header-25.png\",\"contentUrl\":\"https:\/\/www.isdin.com\/es\/blog\/wp-content\/uploads\/2024\/10\/Header-25.png\",\"width\":1200,\"height\":760,\"caption\":\"isdin y fero colaboraci\u00f3n c\u00e1ncer de mama\"},{\"@type\":\"BreadcrumbList\",\"@id\":\"https:\/\/www.isdin.com\/es\/blog\/isdin-lanza-la-campana-juntas-contra-el-cancer-de-mama\/#breadcrumb\",\"itemListElement\":[{\"@type\":\"ListItem\",\"position\":1,\"name\":\"Portada\",\"item\":\"https:\/\/www.isdin.com\/es\/blog\/\"},{\"@type\":\"ListItem\",\"position\":2,\"name\":\"ISDIN Y FERO se unen una vez m\u00e1s contra el c\u00e1ncer de mama\"}]},{\"@type\":\"WebSite\",\"@id\":\"https:\/\/www.isdin.com\/es\/blog\/#website\",\"url\":\"https:\/\/www.isdin.com\/es\/blog\/\",\"name\":\"ISDIN\",\"description\":\"Novedades, lanzamientos de productos y toda la experiencia de ISDIN\",\"publisher\":{\"@id\":\"https:\/\/www.isdin.com\/es\/blog\/#organization\"},\"potentialAction\":[{\"@type\":\"SearchAction\",\"target\":{\"@type\":\"EntryPoint\",\"urlTemplate\":\"https:\/\/www.isdin.com\/es\/blog\/?s={search_term_string}\"},\"query-input\":{\"@type\":\"PropertyValueSpecification\",\"valueRequired\":true,\"valueName\":\"search_term_string\"}}],\"inLanguage\":\"es-ES\"},{\"@type\":\"Organization\",\"@id\":\"https:\/\/www.isdin.com\/es\/blog\/#organization\",\"name\":\"ISDIN\",\"alternateName\":\"ISDIN\",\"url\":\"https:\/\/www.isdin.com\/es\/blog\/\",\"logo\":{\"@type\":\"ImageObject\",\"inLanguage\":\"es-ES\",\"@id\":\"https:\/\/www.isdin.com\/es\/blog\/#\/schema\/logo\/image\/\",\"url\":\"https:\/\/www.isdin.com\/es\/blog\/wp-content\/uploads\/2024\/05\/2025_03_GuiaFoto_FWM.png\",\"contentUrl\":\"https:\/\/www.isdin.com\/es\/blog\/wp-content\/uploads\/2024\/05\/2025_03_GuiaFoto_FWM.png\",\"width\":670,\"height\":683,\"caption\":\"ISDIN\"},\"image\":{\"@id\":\"https:\/\/www.isdin.com\/es\/blog\/#\/schema\/logo\/image\/\"},\"sameAs\":[\"https:\/\/es-es.facebook.com\/ISDIN.official\/\",\"https:\/\/x.com\/isdin_official\",\"https:\/\/www.instagram.com\/isdinofficial\",\"https:\/\/www.youtube.com\/channel\/UCtoNJMKpDwdFLqgV23_lcqg\"],\"telephone\":\"659997812\"},[{\"@type\":[\"Person\"],\"@id\":\"https:\/\/www.isdin.com\/es\/blog\/#\/schema\/person\/684015d7d9e78124cb4aa660f6fe8576\",\"name\":\"Belinda Mart\u00ednez\",\"image\":{\"@type\":\"ImageObject\",\"@id\":\"https:\/\/www.isdin.com\/es\/blog\/#\/schema\/person\/image\/\",\"inLanguage\":\"es_ES\",\"url\":\"https:\/\/www.isdin.com\/es\/blog\/wp-content\/uploads\/2017\/07\/jjjj.jpg\",\"caption\":\"Belinda Mart\u00ednez\"}},{\"@type\":[\"Person\"],\"@id\":\"https:\/\/www.isdin.com\/es\/blog\/#\/schema\/person\/684015d7d9e78124cb4aa660f6fe8576\",\"name\":\"Mar Cinca\",\"image\":{\"@type\":\"ImageObject\",\"@id\":\"https:\/\/www.isdin.com\/es\/blog\/#\/schema\/person\/image\/\",\"inLanguage\":\"es_ES\",\"url\":\"https:\/\/www.isdin.com\/es\/blog\/wp-content\/uploads\/2017\/07\/prova-scaled.jpg\",\"caption\":\"Mar Cinca\"}}]]}<\/script>\n<!-- \/ Yoast SEO Premium plugin. -->","yoast_head_json":{"title":"ISDIN Y FERO se unen una vez m\u00e1s contra el c\u00e1ncer de mama - ISDIN","description":"Nos unimos un a\u00f1o m\u00e1s a la Fundaci\u00f3n FERO para luchar juntas Contra el C\u00e1ncer de mama. Conoce m\u00e1s sobre el proyecto y c\u00f3mo puedes aportar.","robots":{"index":"index","follow":"follow","max-snippet":"max-snippet:-1","max-image-preview":"max-image-preview:large","max-video-preview":"max-video-preview:-1"},"canonical":"https:\/\/www.isdin.com\/es\/blog\/isdin-lanza-la-campana-juntas-contra-el-cancer-de-mama\/","og_locale":"es_ES","og_type":"article","og_title":"ISDIN Y FERO se unen una vez m\u00e1s contra el c\u00e1ncer de mama","og_description":"Nos unimos un a\u00f1o m\u00e1s a la Fundaci\u00f3n FERO para luchar juntas Contra el C\u00e1ncer de mama. Conoce m\u00e1s sobre el proyecto y c\u00f3mo puedes aportar.","og_url":"https:\/\/www.isdin.com\/es\/blog\/isdin-lanza-la-campana-juntas-contra-el-cancer-de-mama\/","og_site_name":"ISDIN","article_publisher":"https:\/\/es-es.facebook.com\/ISDIN.official\/","article_published_time":"2025-10-14T14:51:54+00:00","article_modified_time":"2025-10-14T14:51:56+00:00","og_image":[{"width":1200,"height":630,"url":"https:\/\/www.isdin.com\/es\/blog\/wp-content\/uploads\/2018\/10\/2020_10_Blog_Imatge_Facebook.jpg","type":"image\/jpeg"}],"author":"Belinda Mart\u00ednez&nbsp;y&nbsp;Mar Cinca","twitter_card":"summary_large_image","twitter_creator":"@isdin_official","twitter_site":"@isdin_official","twitter_misc":{"Written by":"Belinda Mart\u00ednez&nbsp;y&nbsp;Mar Cinca","Est. reading time":"7 minutes"},"schema":{"@context":"https:\/\/schema.org","@graph":[{"@type":"Article","@id":"https:\/\/www.isdin.com\/es\/blog\/isdin-lanza-la-campana-juntas-contra-el-cancer-de-mama\/#article","isPartOf":{"@id":"https:\/\/www.isdin.com\/es\/blog\/isdin-lanza-la-campana-juntas-contra-el-cancer-de-mama\/"},"author":{"name":"Belinda Mart\u00ednez&nbsp;y&nbsp;Mar Cinca","@id":"https:\/\/www.isdin.com\/es\/blog\/#\/schema\/person\/684015d7d9e78124cb4aa660f6fe8576"},"headline":"ISDIN Y FERO se unen una vez m\u00e1s contra el c\u00e1ncer de mama","datePublished":"2025-10-14T14:51:54+00:00","dateModified":"2025-10-14T14:51:56+00:00","mainEntityOfPage":{"@id":"https:\/\/www.isdin.com\/es\/blog\/isdin-lanza-la-campana-juntas-contra-el-cancer-de-mama\/"},"wordCount":1502,"publisher":{"@id":"https:\/\/www.isdin.com\/es\/blog\/#organization"},"image":{"@id":"https:\/\/www.isdin.com\/es\/blog\/isdin-lanza-la-campana-juntas-contra-el-cancer-de-mama\/#primaryimage"},"thumbnailUrl":"https:\/\/www.isdin.com\/es\/blog\/wp-content\/uploads\/2024\/10\/Header-25.png","keywords":["c\u00e1ncer de mama","fundaci\u00f3n FERO","investigaci\u00f3n"],"articleSection":["Consejos y cuidados","Expertos","Salud de la mujer"],"inLanguage":"es-ES"},{"@type":"WebPage","@id":"https:\/\/www.isdin.com\/es\/blog\/isdin-lanza-la-campana-juntas-contra-el-cancer-de-mama\/","url":"https:\/\/www.isdin.com\/es\/blog\/isdin-lanza-la-campana-juntas-contra-el-cancer-de-mama\/","name":"ISDIN Y FERO se unen una vez m\u00e1s contra el c\u00e1ncer de mama - ISDIN","isPartOf":{"@id":"https:\/\/www.isdin.com\/es\/blog\/#website"},"primaryImageOfPage":{"@id":"https:\/\/www.isdin.com\/es\/blog\/isdin-lanza-la-campana-juntas-contra-el-cancer-de-mama\/#primaryimage"},"image":{"@id":"https:\/\/www.isdin.com\/es\/blog\/isdin-lanza-la-campana-juntas-contra-el-cancer-de-mama\/#primaryimage"},"thumbnailUrl":"https:\/\/www.isdin.com\/es\/blog\/wp-content\/uploads\/2024\/10\/Header-25.png","datePublished":"2025-10-14T14:51:54+00:00","dateModified":"2025-10-14T14:51:56+00:00","description":"Nos unimos un a\u00f1o m\u00e1s a la Fundaci\u00f3n FERO para luchar juntas Contra el C\u00e1ncer de mama. Conoce m\u00e1s sobre el proyecto y c\u00f3mo puedes aportar.","breadcrumb":{"@id":"https:\/\/www.isdin.com\/es\/blog\/isdin-lanza-la-campana-juntas-contra-el-cancer-de-mama\/#breadcrumb"},"inLanguage":"es-ES","potentialAction":[{"@type":"ReadAction","target":["https:\/\/www.isdin.com\/es\/blog\/isdin-lanza-la-campana-juntas-contra-el-cancer-de-mama\/"]}]},{"@type":"ImageObject","inLanguage":"es-ES","@id":"https:\/\/www.isdin.com\/es\/blog\/isdin-lanza-la-campana-juntas-contra-el-cancer-de-mama\/#primaryimage","url":"https:\/\/www.isdin.com\/es\/blog\/wp-content\/uploads\/2024\/10\/Header-25.png","contentUrl":"https:\/\/www.isdin.com\/es\/blog\/wp-content\/uploads\/2024\/10\/Header-25.png","width":1200,"height":760,"caption":"isdin y fero colaboraci\u00f3n c\u00e1ncer de mama"},{"@type":"BreadcrumbList","@id":"https:\/\/www.isdin.com\/es\/blog\/isdin-lanza-la-campana-juntas-contra-el-cancer-de-mama\/#breadcrumb","itemListElement":[{"@type":"ListItem","position":1,"name":"Portada","item":"https:\/\/www.isdin.com\/es\/blog\/"},{"@type":"ListItem","position":2,"name":"ISDIN Y FERO se unen una vez m\u00e1s contra el c\u00e1ncer de mama"}]},{"@type":"WebSite","@id":"https:\/\/www.isdin.com\/es\/blog\/#website","url":"https:\/\/www.isdin.com\/es\/blog\/","name":"ISDIN","description":"Novedades, lanzamientos de productos y toda la experiencia de ISDIN","publisher":{"@id":"https:\/\/www.isdin.com\/es\/blog\/#organization"},"potentialAction":[{"@type":"SearchAction","target":{"@type":"EntryPoint","urlTemplate":"https:\/\/www.isdin.com\/es\/blog\/?s={search_term_string}"},"query-input":{"@type":"PropertyValueSpecification","valueRequired":true,"valueName":"search_term_string"}}],"inLanguage":"es-ES"},{"@type":"Organization","@id":"https:\/\/www.isdin.com\/es\/blog\/#organization","name":"ISDIN","alternateName":"ISDIN","url":"https:\/\/www.isdin.com\/es\/blog\/","logo":{"@type":"ImageObject","inLanguage":"es-ES","@id":"https:\/\/www.isdin.com\/es\/blog\/#\/schema\/logo\/image\/","url":"https:\/\/www.isdin.com\/es\/blog\/wp-content\/uploads\/2024\/05\/2025_03_GuiaFoto_FWM.png","contentUrl":"https:\/\/www.isdin.com\/es\/blog\/wp-content\/uploads\/2024\/05\/2025_03_GuiaFoto_FWM.png","width":670,"height":683,"caption":"ISDIN"},"image":{"@id":"https:\/\/www.isdin.com\/es\/blog\/#\/schema\/logo\/image\/"},"sameAs":["https:\/\/es-es.facebook.com\/ISDIN.official\/","https:\/\/x.com\/isdin_official","https:\/\/www.instagram.com\/isdinofficial","https:\/\/www.youtube.com\/channel\/UCtoNJMKpDwdFLqgV23_lcqg"],"telephone":"659997812"},[{"@type":["Person"],"@id":"https:\/\/www.isdin.com\/es\/blog\/#\/schema\/person\/684015d7d9e78124cb4aa660f6fe8576","name":"Belinda Mart\u00ednez","image":{"@type":"ImageObject","@id":"https:\/\/www.isdin.com\/es\/blog\/#\/schema\/person\/image\/","inLanguage":"es_ES","url":"https:\/\/www.isdin.com\/es\/blog\/wp-content\/uploads\/2017\/07\/jjjj.jpg","caption":"Belinda Mart\u00ednez"}},{"@type":["Person"],"@id":"https:\/\/www.isdin.com\/es\/blog\/#\/schema\/person\/684015d7d9e78124cb4aa660f6fe8576","name":"Mar Cinca","image":{"@type":"ImageObject","@id":"https:\/\/www.isdin.com\/es\/blog\/#\/schema\/person\/image\/","inLanguage":"es_ES","url":"https:\/\/www.isdin.com\/es\/blog\/wp-content\/uploads\/2017\/07\/prova-scaled.jpg","caption":"Mar Cinca"}}]]}},"_links":{"self":[{"href":"https:\/\/www.isdin.com\/es\/blog\/wp-json\/wp\/v2\/posts\/4197","targetHints":{"allow":["GET"]}}],"collection":[{"href":"https:\/\/www.isdin.com\/es\/blog\/wp-json\/wp\/v2\/posts"}],"about":[{"href":"https:\/\/www.isdin.com\/es\/blog\/wp-json\/wp\/v2\/types\/post"}],"author":[{"embeddable":true,"href":"https:\/\/www.isdin.com\/es\/blog\/wp-json\/wp\/v2\/users\/69"}],"replies":[{"embeddable":true,"href":"https:\/\/www.isdin.com\/es\/blog\/wp-json\/wp\/v2\/comments?post=4197"}],"version-history":[{"count":47,"href":"https:\/\/www.isdin.com\/es\/blog\/wp-json\/wp\/v2\/posts\/4197\/revisions"}],"predecessor-version":[{"id":12762,"href":"https:\/\/www.isdin.com\/es\/blog\/wp-json\/wp\/v2\/posts\/4197\/revisions\/12762"}],"wp:featuredmedia":[{"embeddable":true,"href":"https:\/\/www.isdin.com\/es\/blog\/wp-json\/wp\/v2\/media\/12761"}],"wp:attachment":[{"href":"https:\/\/www.isdin.com\/es\/blog\/wp-json\/wp\/v2\/media?parent=4197"}],"wp:term":[{"taxonomy":"category","embeddable":true,"href":"https:\/\/www.isdin.com\/es\/blog\/wp-json\/wp\/v2\/categories?post=4197"},{"taxonomy":"post_tag","embeddable":true,"href":"https:\/\/www.isdin.com\/es\/blog\/wp-json\/wp\/v2\/tags?post=4197"}],"curies":[{"name":"wp","href":"https:\/\/api.w.org\/{rel}","templated":true}]}}