{"id":4158,"date":"2025-11-03T16:53:12","date_gmt":"2025-11-03T16:53:12","guid":{"rendered":"https:\/\/www.isdin.com\/es\/blog\/?p=4158"},"modified":"2025-11-03T16:53:14","modified_gmt":"2025-11-03T16:53:14","slug":"manchas-en-la-piel-respondemos-a-tus-preguntas","status":"publish","type":"post","link":"https:\/\/www.isdin.com\/es\/blog\/manchas-en-la-piel-respondemos-a-tus-preguntas\/","title":{"rendered":"\u00bfManchas en la piel? Respondemos a tus preguntas"},"content":{"rendered":"\n<p><strong>Una piel radiante, uniforme y libre de imperfecciones<\/strong>, \u00bfno es eso lo que muchas so\u00f1amos? M\u00e1s all\u00e1 de la apariencia perfecta, lo verdaderamente importante es <strong>cuidarla a diario<\/strong>, porque una piel sana siempre ser\u00e1 una piel bonita.<\/p>\n\n\n\n<p>Despu\u00e9s de los meses de sol, es com\u00fan que aparezcan <strong>manchas en la piel<\/strong> o <strong>manchas solares<\/strong>: peque\u00f1os recordatorios del verano que, aunque inofensivos, pueden generar dudas e inseguridades.<\/p>\n\n\n\n<p>Por eso, en este art\u00edculo hablaremos sobre <strong>por qu\u00e9 surgen las manchas en la piel<\/strong>, <strong>c\u00f3mo tratarlas eficazmente<\/strong> y <strong>qu\u00e9 hacer para prevenirlas<\/strong>. As\u00ed podr\u00e1s recuperar la <strong>luminosidad natural<\/strong> y mantener un <strong>tono uniforme y saludable<\/strong> durante todo el a\u00f1o.<br><\/p>\n\n\n\n<h2 class=\"wp-block-heading\" id=\"h-lo-primero-es-lo-primero-por-que-aparecen-las-manchas\">Lo primero es lo primero: \u00bfpor qu\u00e9 aparecen las manchas?<\/h2>\n\n\n\n<p>Todo empieza con los <a href=\"https:\/\/pubmed.ncbi.nlm.nih.gov\/17314970\/\"><strong>melanocitos<\/strong><\/a>, peque\u00f1as c\u00e9lulas situadas en la <strong>epidermis<\/strong>, la <a href=\"https:\/\/www.isdin.com\/blog\/bajo-tu-piel-sus-capas-y-funciones\/\">capa m\u00e1s superficial de la piel<\/a>. Su misi\u00f3n es producir <strong>melanina<\/strong>, el pigmento que determina <a href=\"https:\/\/www.isdin.com\/es\/blog\/que-son-los-fototipos-de-piel-y-su-importancia\/\">nuestro tono de piel<\/a> y nos protege de los efectos del sol.<\/p>\n\n\n\n<p>Estas c\u00e9lulas no trabajan al azar: responden a distintos est\u00edmulos como la <a href=\"https:\/\/www.isdin.com\/es\/blog\/beneficios-sol-cuerpo-mente-piel\/\"><strong>exposici\u00f3n solar<\/strong><\/a>, el <a href=\"https:\/\/www.isdin.com\/es\/blog\/efectos-del-fotoenvejecimiento-en-la-piel\/\"><strong>envejecimiento<\/strong><\/a> o los <strong>cambios hormonales<\/strong>. Cuando reciben ciertas se\u00f1ales, pueden <strong>aumentar la producci\u00f3n de melanina<\/strong> \u2014provocando un exceso de pigmento\u2014 o <strong>reducirla<\/strong>, generando zonas m\u00e1s claras.<\/p>\n\n\n\n<p>De ah\u00ed surgen las <strong>manchas en la piel<\/strong>:<\/p>\n\n\n\n<ul class=\"wp-block-list\">\n<li><strong>Hiperpigmentaci\u00f3n<\/strong>, cuando se produce m\u00e1s melanina de la normal.<\/li>\n\n\n\n<li><strong>Hipopigmentaci\u00f3n<\/strong>, cuando hay una menor cantidad del pigmento.<\/li>\n<\/ul>\n\n\n\n<blockquote class=\"wp-block-quote is-layout-flow wp-block-quote-is-layout-flow\">\n<p>Las manchas aparecen por una alteraci\u00f3n en la pigmentaci\u00f3n de la piel, ya sea por exceso o por d\u00e9ficit de melanina.<\/p>\n<\/blockquote>\n\n\n\n<h2 class=\"wp-block-heading\" id=\"h-hiperpigmentacion-que-son-las-manchas-oscuras\">Hiperpigmentaci\u00f3n: \u00bfqu\u00e9 son las manchas oscuras?<\/h2>\n\n\n\n<figure class=\"wp-block-image size-large\"><img loading=\"lazy\" decoding=\"async\" width=\"1024\" height=\"527\" src=\"data:image\/gif;base64,R0lGODlhAQABAAAAACH5BAEKAAEALAAAAAABAAEAAAICTAEAOw==\" data-src=\"https:\/\/www.isdin.com\/es\/blog\/wp-content\/uploads\/2024\/09\/Imagen-en-el-contenido-2025-10-28T083549.219-1024x527.png\" alt=\"Primer plano de la piel con manchas visibles e irregularidades en el tono, mostrando el tipo de hiperpigmentaci\u00f3n que los productos ISDIN ayudan a tratar\" class=\"wp-image-12827 lazyload\" data-sizes=\"auto\" data-srcset=\"https:\/\/www.isdin.com\/es\/blog\/wp-content\/uploads\/2024\/09\/Imagen-en-el-contenido-2025-10-28T083549.219-1024x527.png 1024w, https:\/\/www.isdin.com\/es\/blog\/wp-content\/uploads\/2024\/09\/Imagen-en-el-contenido-2025-10-28T083549.219-300x155.png 300w, https:\/\/www.isdin.com\/es\/blog\/wp-content\/uploads\/2024\/09\/Imagen-en-el-contenido-2025-10-28T083549.219-150x77.png 150w, https:\/\/www.isdin.com\/es\/blog\/wp-content\/uploads\/2024\/09\/Imagen-en-el-contenido-2025-10-28T083549.219-768x396.png 768w, https:\/\/www.isdin.com\/es\/blog\/wp-content\/uploads\/2024\/09\/Imagen-en-el-contenido-2025-10-28T083549.219-585x300.png 585w, https:\/\/www.isdin.com\/es\/blog\/wp-content\/uploads\/2024\/09\/Imagen-en-el-contenido-2025-10-28T083549.219-450x232.png 450w, https:\/\/www.isdin.com\/es\/blog\/wp-content\/uploads\/2024\/09\/Imagen-en-el-contenido-2025-10-28T083549.219-20x11.png 20w, https:\/\/www.isdin.com\/es\/blog\/wp-content\/uploads\/2024\/09\/Imagen-en-el-contenido-2025-10-28T083549.219-225x116.png 225w, https:\/\/www.isdin.com\/es\/blog\/wp-content\/uploads\/2024\/09\/Imagen-en-el-contenido-2025-10-28T083549.219-900x464.png 900w, https:\/\/www.isdin.com\/es\/blog\/wp-content\/uploads\/2024\/09\/Imagen-en-el-contenido-2025-10-28T083549.219.png 1200w\" sizes=\"auto, (max-width: 1024px) 100vw, 1024px\" \/><\/figure>\n\n\n\n<p><\/p>\n\n\n\n<p>Cuando hablamos de manchas oscuras, nos referimos a esas <strong>zonas de la piel que se han vuelto m\u00e1s oscuras debido a una sobreproducci\u00f3n de melanina<\/strong>. Las llamamos manchas hiperpigmentadas y pueden manifestarse de varias formas:<\/p>\n\n\n\n<h3 class=\"wp-block-heading\">Manchas solares<\/h3>\n\n\n\n<p>Entre los factores que estimulan a los melanocitos, la exposici\u00f3n al sol sin protecci\u00f3n adecuada es el m\u00e1s com\u00fan. Al exponernos a la <a href=\"https:\/\/www.isdin.com\/blog\/efectos-radiacion-solar-piel\/\">radiaci\u00f3n ultravioleta<\/a>, la piel entra en modo defensa, aumentando la producci\u00f3n de melanina, lo que da lugar al tan deseado bronceado. Sin embargo, si abusamos del sol sin la protecci\u00f3n correcta, este mecanismo de defensa puede desencadenar la aparici\u00f3n de manchas marrones o negras.<\/p>\n\n\n\n<p>Las <a href=\"https:\/\/www.isdin.com\/es\/blog\/manchas-solares-por-que-se-producen-y-como-tratarlas\/\">manchas solares<\/a> tienden a aparecer en las zonas m\u00e1s expuestas al sol, como la cara, el cuello y las manos. <strong>Despu\u00e9s del verano, cuando la piel ha absorbido m\u00e1s radiaci\u00f3n solar, es com\u00fan que se hagan m\u00e1s visibles o que aparezcan nuevas.<\/strong><\/p>\n\n\n\n<h3 class=\"wp-block-heading\">Pecas o ef\u00e9lides<\/h3>\n\n\n\n<p>Son manchas benignas de la piel que aparecen por un aumento de la melanina. Dependiendo de su origen, existen dos tipos de pecas: las que est\u00e1n presentes desde el nacimiento o las que aparecen despu\u00e9s (infancia, adolescencia o edad adulta).<\/p>\n\n\n\n<p>Aunque las pecas son inofensivas, es recomendable mantenerlas vigiladas. <strong>Si notas alg\u00fan cambio, <a href=\"https:\/\/www.isdin.com\/es\/blog\/dia-del-melanoma-prevencion-y-deteccion\/\">consultarlo con un especialista<\/a> es la mejor manera de mantener tu piel saludable y libre de posibles manchas<\/strong>. \u00a1Lo mismo se aplica a los lunares!<\/p>\n\n\n\n<h3 class=\"wp-block-heading\">Melasma<\/h3>\n\n\n\n<p>El melasma se caracteriza por la aparici\u00f3n de manchas oscuras en el rostro, especialmente en las mejillas, frente, nariz y labio superior. Es m\u00e1s com\u00fan en mujeres y est\u00e1 relacionado con cambios hormonales, \u00a1como los que ocurren <a href=\"https:\/\/www.isdin.com\/es\/blog\/manchas-de-embarazo-melasma-gestacional\/\">durante el embarazo<\/a>!<\/p>\n\n\n\n<h3 class=\"wp-block-heading\">Hiperpigmentaci\u00f3n postinflamatoria<\/h3>\n\n\n\n<p>Estas manchas pueden aparecer en momentos espec\u00edficos, como despu\u00e9s de lesiones o inflamaciones en la piel, especialmente por <a href=\"https:\/\/www.isdin.com\/es\/blog\/acne-en-la-juventud-y-adolescencia\/\">acn\u00e9<\/a>. Esta <a href=\"https:\/\/www.isdin.com\/es\/blog\/hiperpigmentacion-de-la-piel-que-tienes-que-saber\/\">hiperpigmentaci\u00f3n de la piel<\/a> puede ser temporal o permanente, todo depende del caso.<\/p>\n\n\n\n<p><strong>\u00bfSe pueden eliminar las manchas por acn\u00e9? <\/strong><\/p>\n\n\n\n<p>En muchos casos, las manchas causadas por acn\u00e9 o desequilibrios hormonales <strong>pueden mejorar o desaparecer<\/strong> con el tratamiento adecuado. El dermat\u00f3logo evaluar\u00e1 tu piel y te recomendar\u00e1 la mejor opci\u00f3n: desde <strong><em>peelings<\/em> qu\u00edmicos<\/strong> hasta <strong>tratamientos despigmentantes<\/strong> o rutinas espec\u00edficas con ingredientes como \u00e1cido k\u00f3jico, niacinamida o <a href=\"https:\/\/www.isdin.com\/es\/blog\/7-cosas-sobre-la-vitamina-c\/\">vitamina C<\/a>.<\/p>\n\n\n\n<p class=\"has-background\" style=\"background-color:#d6a2424f\">Normalmente<strong> las manchas hiperpigmentadas suelen ser benignas<\/strong>, pero a\u00fan as\u00ed, es importante descartar posibles complicaciones y lo primero que debemos hacer es acudir a un dermat\u00f3logo para conocer el tipo de mancha que tenemos y como tratarla.<\/p>\n\n\n\n<h2 class=\"wp-block-heading\" id=\"h-hipopigmentacion-a-que-se-deben-las-manchas-de-color-blanco\">Hipopigmentaci\u00f3n: \u00bfa qu\u00e9 se deben las manchas de color blanco?<\/h2>\n\n\n\n<p>Solemos asociar las manchas cut\u00e1neas con un <strong>exceso de pigmentaci\u00f3n<\/strong>, es decir, con zonas m\u00e1s oscuras provocadas por una mayor producci\u00f3n de melanina. Sin embargo, tambi\u00e9n pueden aparecer <strong>manchas m\u00e1s claras o blancas<\/strong>, causadas por una <strong>disminuci\u00f3n de melanocitos o de melanina<\/strong> en determinadas \u00e1reas de la piel.<\/p>\n\n\n\n<p>A este fen\u00f3meno se le conoce como <strong>hipopigmentaci\u00f3n<\/strong>, y aunque en la mayor\u00eda de los casos <strong>no representa un problema grave<\/strong>, puede generar preocupaci\u00f3n est\u00e9tica o confusi\u00f3n sobre su origen.<\/p>\n\n\n\n<p>Veamos cu\u00e1les son sus causas m\u00e1s frecuentes:<\/p>\n\n\n\n<p><\/p>\n\n\n\n<h3 class=\"wp-block-heading\" id=\"h-pitiriasis-versicolor\"><strong>Pitiriasis versicolor<\/strong><\/h3>\n\n\n\n<div class=\"wp-block-media-text alignwide is-stacked-on-mobile\" style=\"grid-template-columns:26% auto\"><figure class=\"wp-block-media-text__media\"><img loading=\"lazy\" decoding=\"async\" width=\"749\" height=\"749\" src=\"data:image\/gif;base64,R0lGODlhAQABAAAAACH5BAEKAAEALAAAAAABAAEAAAICTAEAOw==\" data-src=\"https:\/\/www.isdin.com\/es\/blog\/wp-content\/uploads\/2023\/09\/Pitiriasis_Versicolor.png\" alt=\"manchas Pitiriasi versicolor\" class=\"wp-image-8646 size-full lazyload\" data-sizes=\"auto\" data-srcset=\"https:\/\/www.isdin.com\/es\/blog\/wp-content\/uploads\/2023\/09\/Pitiriasis_Versicolor.png 749w, https:\/\/www.isdin.com\/es\/blog\/wp-content\/uploads\/2023\/09\/Pitiriasis_Versicolor-300x300.png 300w, https:\/\/www.isdin.com\/es\/blog\/wp-content\/uploads\/2023\/09\/Pitiriasis_Versicolor-150x150.png 150w, https:\/\/www.isdin.com\/es\/blog\/wp-content\/uploads\/2023\/09\/Pitiriasis_Versicolor-70x70.png 70w, https:\/\/www.isdin.com\/es\/blog\/wp-content\/uploads\/2023\/09\/Pitiriasis_Versicolor-180x180.png 180w, https:\/\/www.isdin.com\/es\/blog\/wp-content\/uploads\/2023\/09\/Pitiriasis_Versicolor-90x90.png 90w, https:\/\/www.isdin.com\/es\/blog\/wp-content\/uploads\/2023\/09\/Pitiriasis_Versicolor-450x450.png 450w, https:\/\/www.isdin.com\/es\/blog\/wp-content\/uploads\/2023\/09\/Pitiriasis_Versicolor-270x270.png 270w, https:\/\/www.isdin.com\/es\/blog\/wp-content\/uploads\/2023\/09\/Pitiriasis_Versicolor-20x20.png 20w, https:\/\/www.isdin.com\/es\/blog\/wp-content\/uploads\/2023\/09\/Pitiriasis_Versicolor-225x225.png 225w\" sizes=\"auto, (max-width: 749px) 100vw, 749px\" \/><\/figure><div class=\"wp-block-media-text__content\">\n<p><\/p>\n\n\n\n<p>Tambi\u00e9n conocida como ti\u00f1a versicolor, es una infecci\u00f3n en la piel causada por el <a href=\"https:\/\/www.ncbi.nlm.nih.gov\/books\/NBK482500\/\">hongo<\/a>&nbsp;<em>Malassezzia furfur<\/em>. Su color es variable (entre blanco y marr\u00f3n) y suelen aparecer en hombros y tronco.<strong> No es dolorosa ni contagiosa.<\/strong><\/p>\n<\/div><\/div>\n\n\n\n<p><\/p>\n\n\n\n<h3 class=\"wp-block-heading\"><strong>Pitiriasi alba<\/strong><\/h3>\n\n\n\n<div class=\"wp-block-media-text alignwide is-stacked-on-mobile\" style=\"grid-template-columns:26% auto\"><figure class=\"wp-block-media-text__media\"><img loading=\"lazy\" decoding=\"async\" width=\"749\" height=\"749\" src=\"data:image\/gif;base64,R0lGODlhAQABAAAAACH5BAEKAAEALAAAAAABAAEAAAICTAEAOw==\" data-src=\"https:\/\/www.isdin.com\/es\/blog\/wp-content\/uploads\/2023\/09\/Pitiriasis_Alba.png\" alt=\"manchas pitiriasi alba\" class=\"wp-image-8647 size-full lazyload\" data-sizes=\"auto\" data-srcset=\"https:\/\/www.isdin.com\/es\/blog\/wp-content\/uploads\/2023\/09\/Pitiriasis_Alba.png 749w, https:\/\/www.isdin.com\/es\/blog\/wp-content\/uploads\/2023\/09\/Pitiriasis_Alba-300x300.png 300w, https:\/\/www.isdin.com\/es\/blog\/wp-content\/uploads\/2023\/09\/Pitiriasis_Alba-150x150.png 150w, https:\/\/www.isdin.com\/es\/blog\/wp-content\/uploads\/2023\/09\/Pitiriasis_Alba-70x70.png 70w, https:\/\/www.isdin.com\/es\/blog\/wp-content\/uploads\/2023\/09\/Pitiriasis_Alba-180x180.png 180w, https:\/\/www.isdin.com\/es\/blog\/wp-content\/uploads\/2023\/09\/Pitiriasis_Alba-90x90.png 90w, https:\/\/www.isdin.com\/es\/blog\/wp-content\/uploads\/2023\/09\/Pitiriasis_Alba-450x450.png 450w, https:\/\/www.isdin.com\/es\/blog\/wp-content\/uploads\/2023\/09\/Pitiriasis_Alba-270x270.png 270w, https:\/\/www.isdin.com\/es\/blog\/wp-content\/uploads\/2023\/09\/Pitiriasis_Alba-20x20.png 20w, https:\/\/www.isdin.com\/es\/blog\/wp-content\/uploads\/2023\/09\/Pitiriasis_Alba-225x225.png 225w\" sizes=\"auto, (max-width: 749px) 100vw, 749px\" \/><\/figure><div class=\"wp-block-media-text__content\">\n<p><\/p>\n\n\n\n<p>Tambi\u00e9n conocida como <a href=\"https:\/\/www.cun.es\/diccionario-medico\/terminos\/dartros\">dartros<\/a>, es una afecci\u00f3n com\u00fan en ni\u00f1os, caracterizada por la aparici\u00f3n de placas hipopigmentadas, generalmente en la cara. Aunque no se conoce la causa exacta se cree que est\u00e1 vinculada a la atopia. <strong>Es una alteraci\u00f3n benigna y no contagiosa.<\/strong><\/p>\n<\/div><\/div>\n\n\n\n<p><\/p>\n\n\n\n<h3 class=\"wp-block-heading\"><strong>Vit\u00edligo<\/strong><\/h3>\n\n\n\n<div class=\"wp-block-media-text alignwide is-stacked-on-mobile\" style=\"grid-template-columns:25% auto\"><figure class=\"wp-block-media-text__media\"><img loading=\"lazy\" decoding=\"async\" width=\"749\" height=\"749\" src=\"data:image\/gif;base64,R0lGODlhAQABAAAAACH5BAEKAAEALAAAAAABAAEAAAICTAEAOw==\" data-src=\"https:\/\/www.isdin.com\/es\/blog\/wp-content\/uploads\/2023\/09\/Vitiligo.png\" alt=\"manchas vitiligo\" class=\"wp-image-8648 size-full lazyload\" data-sizes=\"auto\" data-srcset=\"https:\/\/www.isdin.com\/es\/blog\/wp-content\/uploads\/2023\/09\/Vitiligo.png 749w, https:\/\/www.isdin.com\/es\/blog\/wp-content\/uploads\/2023\/09\/Vitiligo-300x300.png 300w, https:\/\/www.isdin.com\/es\/blog\/wp-content\/uploads\/2023\/09\/Vitiligo-150x150.png 150w, https:\/\/www.isdin.com\/es\/blog\/wp-content\/uploads\/2023\/09\/Vitiligo-70x70.png 70w, https:\/\/www.isdin.com\/es\/blog\/wp-content\/uploads\/2023\/09\/Vitiligo-180x180.png 180w, https:\/\/www.isdin.com\/es\/blog\/wp-content\/uploads\/2023\/09\/Vitiligo-90x90.png 90w, https:\/\/www.isdin.com\/es\/blog\/wp-content\/uploads\/2023\/09\/Vitiligo-450x450.png 450w, https:\/\/www.isdin.com\/es\/blog\/wp-content\/uploads\/2023\/09\/Vitiligo-270x270.png 270w, https:\/\/www.isdin.com\/es\/blog\/wp-content\/uploads\/2023\/09\/Vitiligo-20x20.png 20w, https:\/\/www.isdin.com\/es\/blog\/wp-content\/uploads\/2023\/09\/Vitiligo-225x225.png 225w\" sizes=\"auto, (max-width: 749px) 100vw, 749px\" \/><\/figure><div class=\"wp-block-media-text__content\">\n<p><\/p>\n\n\n\n<p>Es una enfermedad degenerativa de la piel que se manifiesta con manchas irregulares blancas. Esta p\u00e9rdida de color ocurre porque los melanocitos, las c\u00e9lulas responsables de la pigmentaci\u00f3n, mueren o dejan de funcionar. <strong>Puede afectar a cualquier parte del cuerpo y, aunque visible, no es contagiosa.<\/strong><\/p>\n<\/div><\/div>\n\n\n\n<p><\/p>\n\n\n\n<h2 class=\"wp-block-heading\" id=\"h-como-prevenir-que-salgan-mas-manchas\"><strong>\u00bfC\u00f3mo prevenir que salgan m\u00e1s manchas?<\/strong><\/h2>\n\n\n\n<p>Tanto si se trata de <strong>hiperpigmentaci\u00f3n<\/strong> (manchas oscuras) como de <strong>hipopigmentaci\u00f3n<\/strong> (manchas claras), la prevenci\u00f3n es fundamental. Despu\u00e9s del verano o de cualquier periodo de exposici\u00f3n solar intensa, es clave <strong>mantener una rutina constante de <a href=\"https:\/\/www.isdin.com\/es\/blog\/maquillaje-skincare-spf50-isdin-coverage\/\">fotoprotecci\u00f3n<\/a><\/strong> y adaptar <a href=\"https:\/\/www.isdin.com\/blog\/en-que-orden-se-aplican-las-cremas\/\"><strong>tu rutina de <em>skincare<\/em><\/strong><\/a> a las necesidades espec\u00edficas de tu piel.<\/p>\n\n\n\n<p><strong>A\u00f1ade productos despigmentantes a tu rutina:<\/strong> los <a href=\"https:\/\/www.isdin.com\/es\/blog\/ingredientes-antimanchas-rutina\/\">tres ingredientes esenciales<\/a> para combatir las manchas son el \u00e1cido tranex\u00e1mico, la niacinamida y la vitamina c.<\/p>\n\n\n\n<p>El uso constante de protector solar ayuda tanto a <strong>prevenir manchas oscuras<\/strong> como a <strong>evitar que las zonas hipopigmentadas se noten m\u00e1s<\/strong>, ya que protege las c\u00e9lulas pigmentarias del da\u00f1o solar. \u00a1\u00dasalo todos los d\u00edas y reaplica cada 2 horas si est\u00e1s al aire libre!<\/p>\n\n\n\n<p><strong>Controla tu exposici\u00f3n al sol:<\/strong> trata de no estar al sol durante las horas m\u00e1s intensas. <a href=\"https:\/\/www.isdin.com\/es\/blog\/10-consejos-para-tomar-el-sol-en-verano\/\">Nos encanta tomar el sol<\/a>, pero no hace falta estar expuesto todo el d\u00eda.<\/p>\n\n\n\n<p><strong>Usa protecci\u00f3n adicional<\/strong>: no te limites al fotoprotector. Incorpora accesorios como sombreros, o gafas de sol.<\/p>\n\n\n\n<p><\/p>\n\n\n\n<h2 class=\"wp-block-heading\" id=\"h-que-productos-antimanchas-puedes-incluir-en-tu-rutina\">\u00bfQu\u00e9 productos antimanchas puedes incluir en tu rutina?<\/h2>\n\n\n\n<p><\/p>\n\n\n\n<h3 class=\"wp-block-heading\" id=\"h-un-serum-con-ingredientes-despigmentantes\">Un s\u00e9rum con ingredientes despigmentantes<\/h3>\n\n\n\n<p><a href=\"https:\/\/www.isdin.com\/es\/p\/melaclear\/3371\">Melaclear<\/a>, es un s\u00e9rum antimanchas de uso diario, ideal tanto de d\u00eda como de noche, que ayuda a conseguir un tono de piel uniforme y luminoso<\/p>\n\n\n\n<div class=\"wp-block-media-text is-stacked-on-mobile\"><figure class=\"wp-block-media-text__media\"><img loading=\"lazy\" decoding=\"async\" width=\"895\" height=\"1024\" src=\"data:image\/gif;base64,R0lGODlhAQABAAAAACH5BAEKAAEALAAAAAABAAEAAAICTAEAOw==\" data-src=\"https:\/\/www.isdin.com\/es\/blog\/wp-content\/uploads\/2024\/09\/Imagen-al-costado-11-895x1024.png\" alt=\"Mano aplicando ISDINCEUTICS Melaclear, un s\u00e9rum despigmentante que ayuda a unificar el tono y disminuir manchas oscuras en la piel\" class=\"wp-image-12823 size-full lazyload\" data-sizes=\"auto\" data-srcset=\"https:\/\/www.isdin.com\/es\/blog\/wp-content\/uploads\/2024\/09\/Imagen-al-costado-11-895x1024.png 895w, https:\/\/www.isdin.com\/es\/blog\/wp-content\/uploads\/2024\/09\/Imagen-al-costado-11-262x300.png 262w, https:\/\/www.isdin.com\/es\/blog\/wp-content\/uploads\/2024\/09\/Imagen-al-costado-11-131x150.png 131w, https:\/\/www.isdin.com\/es\/blog\/wp-content\/uploads\/2024\/09\/Imagen-al-costado-11-768x879.png 768w, https:\/\/www.isdin.com\/es\/blog\/wp-content\/uploads\/2024\/09\/Imagen-al-costado-11-450x515.png 450w, https:\/\/www.isdin.com\/es\/blog\/wp-content\/uploads\/2024\/09\/Imagen-al-costado-11-225x257.png 225w, https:\/\/www.isdin.com\/es\/blog\/wp-content\/uploads\/2024\/09\/Imagen-al-costado-11-900x1030.png 900w, https:\/\/www.isdin.com\/es\/blog\/wp-content\/uploads\/2024\/09\/Imagen-al-costado-11-20x23.png 20w, https:\/\/www.isdin.com\/es\/blog\/wp-content\/uploads\/2024\/09\/Imagen-al-costado-11.png 1000w\" sizes=\"auto, (max-width: 895px) 100vw, 895px\" \/><\/figure><div class=\"wp-block-media-text__content\">\n<p><\/p>\n\n\n\n<p>Su potente f\u00f3rmula, con triple acci\u00f3n despigmentante y enriquecida con \u00e1cido tranex\u00e1mico, niacinamida y un complejo corrector, exfolia y reduce las manchas en un 71%* en tan solo 2 semanas. <strong>Apto para todo tipo de pieles y eficaz en manchas solares, de acn\u00e9, embarazo y m\u00e1s.<\/strong><\/p>\n<\/div><\/div>\n\n\n\n<p>Apl\u00edcalo en rostro, cuello y escote, y no olvides combinarlo siempre con un fotoprotector. \u00a1<strong>Recuerda, la prevenci\u00f3n es fundamental!<\/strong><\/p>\n\n\n\n<h3 class=\"wp-block-heading\" id=\"h-un-fotoprotector-que-ayuda-a-eliminar\">Un fotoprotector que ayuda a eliminar<\/h3>\n\n\n\n<p><a href=\"https:\/\/www.isdin.com\/producto\/foto-ultra-isdin\/active-unify-fusion-fluid-spf-50\">Active Unify<\/a> tiene lo mejor de los dos mundos: combina acci\u00f3n despigmentante gracias a la acci\u00f3n del DP3-Compex que unifica el tono y previene manchas solares, con muy alta protecci\u00f3n UVB\/UVA y luz azul.<\/p>\n\n\n\n<div class=\"wp-block-media-text has-media-on-the-right is-stacked-on-mobile\"><div class=\"wp-block-media-text__content\">\n<p><\/p>\n\n\n\n<p>Su textura ligera se absorbe r\u00e1pidamente, fusion\u00e1ndose con la piel, y sus ingredientes antioxidantes ayudan a combatir los da\u00f1os causados por <a href=\"https:\/\/www.isdin.com\/blog\/que-es-la-oxidacion-de-la-piel\/\">radicales libres<\/a> y la <a href=\"https:\/\/www.isdin.com\/es\/blog\/efectos-polucion-piel-como-protegerla\/\">contaminaci\u00f3n<\/a>. <strong>Ideal para una piel uniforme, protegida y radiante.<\/strong><\/p>\n<\/div><figure class=\"wp-block-media-text__media\"><img loading=\"lazy\" decoding=\"async\" width=\"895\" height=\"1024\" src=\"data:image\/gif;base64,R0lGODlhAQABAAAAACH5BAEKAAEALAAAAAABAAEAAAICTAEAOw==\" data-src=\"https:\/\/www.isdin.com\/es\/blog\/wp-content\/uploads\/2024\/09\/Imagen-al-costado-12-895x1024.png\" alt=\"Dos fotoprotectores ISDIN FotoUltra 100 Active Unify, uno con color y otro sin color, formulados para reducir y prevenir manchas en la piel causadas por el sol\" class=\"wp-image-12822 size-full lazyload\" data-sizes=\"auto\" data-srcset=\"https:\/\/www.isdin.com\/es\/blog\/wp-content\/uploads\/2024\/09\/Imagen-al-costado-12-895x1024.png 895w, https:\/\/www.isdin.com\/es\/blog\/wp-content\/uploads\/2024\/09\/Imagen-al-costado-12-262x300.png 262w, https:\/\/www.isdin.com\/es\/blog\/wp-content\/uploads\/2024\/09\/Imagen-al-costado-12-131x150.png 131w, https:\/\/www.isdin.com\/es\/blog\/wp-content\/uploads\/2024\/09\/Imagen-al-costado-12-768x879.png 768w, https:\/\/www.isdin.com\/es\/blog\/wp-content\/uploads\/2024\/09\/Imagen-al-costado-12-450x515.png 450w, https:\/\/www.isdin.com\/es\/blog\/wp-content\/uploads\/2024\/09\/Imagen-al-costado-12-225x257.png 225w, https:\/\/www.isdin.com\/es\/blog\/wp-content\/uploads\/2024\/09\/Imagen-al-costado-12-900x1030.png 900w, https:\/\/www.isdin.com\/es\/blog\/wp-content\/uploads\/2024\/09\/Imagen-al-costado-12-20x23.png 20w, https:\/\/www.isdin.com\/es\/blog\/wp-content\/uploads\/2024\/09\/Imagen-al-costado-12.png 1000w\" sizes=\"auto, (max-width: 895px) 100vw, 895px\" \/><\/figure><\/div>\n\n\n\n<p><\/p>\n\n\n\n<h3 class=\"wp-block-heading\" id=\"h-un-fotoprotector-que-ayuda-a-prevenir\">Un fotoprotector que ayuda a prevenir<\/h3>\n\n\n\n<p><a href=\"https:\/\/www.isdin.com\/producto\/foto-ultra-isdin\/spot-prevent-spf-50-50ml\">Spot Prevent <\/a>es un fotoprotector facial de muy alta protecci\u00f3n UVB\/UVA y luz azul que previene hiperpigmentaciones derivadas de la radiaci\u00f3n solar.<\/p>\n\n\n\n<div class=\"wp-block-media-text is-stacked-on-mobile\"><figure class=\"wp-block-media-text__media\"><img loading=\"lazy\" decoding=\"async\" width=\"895\" height=\"1024\" src=\"data:image\/gif;base64,R0lGODlhAQABAAAAACH5BAEKAAEALAAAAAABAAEAAAICTAEAOw==\" data-src=\"https:\/\/www.isdin.com\/es\/blog\/wp-content\/uploads\/2024\/09\/Imagen-al-costado-9-895x1024.png\" alt=\"Envase de ISDIN FotoUltra 100 Spot Prevent con textura fluida blanca, dise\u00f1ado para prevenir manchas solares y proteger la piel del fotoenvejecimiento\" class=\"wp-image-12824 size-full lazyload\" data-sizes=\"auto\" data-srcset=\"https:\/\/www.isdin.com\/es\/blog\/wp-content\/uploads\/2024\/09\/Imagen-al-costado-9-895x1024.png 895w, https:\/\/www.isdin.com\/es\/blog\/wp-content\/uploads\/2024\/09\/Imagen-al-costado-9-262x300.png 262w, https:\/\/www.isdin.com\/es\/blog\/wp-content\/uploads\/2024\/09\/Imagen-al-costado-9-131x150.png 131w, https:\/\/www.isdin.com\/es\/blog\/wp-content\/uploads\/2024\/09\/Imagen-al-costado-9-768x879.png 768w, https:\/\/www.isdin.com\/es\/blog\/wp-content\/uploads\/2024\/09\/Imagen-al-costado-9-450x515.png 450w, https:\/\/www.isdin.com\/es\/blog\/wp-content\/uploads\/2024\/09\/Imagen-al-costado-9-225x257.png 225w, https:\/\/www.isdin.com\/es\/blog\/wp-content\/uploads\/2024\/09\/Imagen-al-costado-9-900x1030.png 900w, https:\/\/www.isdin.com\/es\/blog\/wp-content\/uploads\/2024\/09\/Imagen-al-costado-9-20x23.png 20w, https:\/\/www.isdin.com\/es\/blog\/wp-content\/uploads\/2024\/09\/Imagen-al-costado-9.png 1000w\" sizes=\"auto, (max-width: 895px) 100vw, 895px\" \/><\/figure><div class=\"wp-block-media-text__content\">\n<p><\/p>\n\n\n\n<p>Su textura ligera se funde con la piel, contiene <a href=\"https:\/\/www.isdin.com\/es\/blog\/vitamina-e-beneficios-para-la-piel-uso-y-cuidados\/\">vitamina E<\/a> para una acci\u00f3n antioxidante y proporciona hidrataci\u00f3n de larga duraci\u00f3n, reforzando la funci\u00f3n <a href=\"https:\/\/www.isdin.com\/blog\/que-es-la-barrera-cutanea\/\">barrera de la piel<\/a>. Es resistente al agua, hipoalerg\u00e9nico y apto para <a href=\"https:\/\/www.isdin.com\/es\/blog\/piel-atopica-todo-lo-que-necesitas-saber-para-cuidarla\/\">pieles at\u00f3picas<\/a>.<\/p>\n<\/div><\/div>\n\n\n\n<p class=\"has-background\" style=\"background-color:#d6a2424f\">Si buscas un toque de color, tanto <a href=\"https:\/\/www.isdin.com\/es\/p\/active-unify-color-spf-50\/0131\">Active Unify<\/a> como <a href=\"https:\/\/www.isdin.com\/es\/p\/spot-prevent-color-spf-50\/4192\">Spot Prevent<\/a>, nuestros fotoprotectores estrella contra las manchas, tambi\u00e9n est\u00e1n disponibles en versi\u00f3n con color.<\/p>\n\n\n\n<h3 class=\"wp-block-heading\" id=\"h-un-complemento-para-combatir-el-dano-oxidativo\">Un complemento para combatir el da\u00f1o oxidativo<\/h3>\n\n\n\n<p>Por \u00faltimo, \u00a1tambi\u00e9n puedes cuidar tu piel desde dentro! <a href=\"https:\/\/www.isdin.com\/es\/p\/sunisdin-pigment\/4197\">SUNISDIN Pigment<\/a> es un complemento alimenticio formulado con niacina, que contribuye a mantener la piel en condiciones normales, y con vitamina C y selenio, que protegen las c\u00e9lulas del da\u00f1o oxidativo causado por la radiaci\u00f3n UV y apoyan el funcionamiento normal del sistema inmunitario.<\/p>\n\n\n\n<figure class=\"wp-block-image size-large\"><img loading=\"lazy\" decoding=\"async\" width=\"1024\" height=\"527\" src=\"data:image\/gif;base64,R0lGODlhAQABAAAAACH5BAEKAAEALAAAAAABAAEAAAICTAEAOw==\" data-src=\"https:\/\/www.isdin.com\/es\/blog\/wp-content\/uploads\/2024\/09\/Producto-Textura-27-1024x527.png\" alt=\"Tarros de suplemento SUNISDIN Pigment Unify Complex sobre fondo naranja, junto a una mujer de piel luminosa, representando una rutina para mejorar la uniformidad del tono cut\u00e1neo\" class=\"wp-image-12825 lazyload\" data-sizes=\"auto\" data-srcset=\"https:\/\/www.isdin.com\/es\/blog\/wp-content\/uploads\/2024\/09\/Producto-Textura-27-1024x527.png 1024w, https:\/\/www.isdin.com\/es\/blog\/wp-content\/uploads\/2024\/09\/Producto-Textura-27-300x155.png 300w, https:\/\/www.isdin.com\/es\/blog\/wp-content\/uploads\/2024\/09\/Producto-Textura-27-150x77.png 150w, https:\/\/www.isdin.com\/es\/blog\/wp-content\/uploads\/2024\/09\/Producto-Textura-27-768x396.png 768w, https:\/\/www.isdin.com\/es\/blog\/wp-content\/uploads\/2024\/09\/Producto-Textura-27-1536x791.png 1536w, https:\/\/www.isdin.com\/es\/blog\/wp-content\/uploads\/2024\/09\/Producto-Textura-27-2048x1055.png 2048w, https:\/\/www.isdin.com\/es\/blog\/wp-content\/uploads\/2024\/09\/Producto-Textura-27-585x300.png 585w, https:\/\/www.isdin.com\/es\/blog\/wp-content\/uploads\/2024\/09\/Producto-Textura-27-450x232.png 450w, https:\/\/www.isdin.com\/es\/blog\/wp-content\/uploads\/2024\/09\/Producto-Textura-27-20x11.png 20w, https:\/\/www.isdin.com\/es\/blog\/wp-content\/uploads\/2024\/09\/Producto-Textura-27-225x116.png 225w, https:\/\/www.isdin.com\/es\/blog\/wp-content\/uploads\/2024\/09\/Producto-Textura-27-900x464.png 900w, https:\/\/www.isdin.com\/es\/blog\/wp-content\/uploads\/2024\/09\/Producto-Textura-27-1350x695.png 1350w\" sizes=\"auto, (max-width: 1024px) 100vw, 1024px\" \/><\/figure>\n\n\n\n<p><\/p>\n\n\n\n<p>Recuerda, las manchas no tienen por qu\u00e9 ser algo malo, solo trata de entenderlas y tratarlas de la mejor manera posible. Ante cualquier duda consulta a un especialista y protege tu piel del sol todos los d\u00edas, \u00a1es la clave!<\/p>\n\n\n\n<p style=\"font-size:10px\"><strong>Referencias:<\/strong><\/p>\n\n\n\n<p style=\"font-size:10px\">*<em>Estudio precl\u00ednico realizado sobre explantes de piel humana en el que se evalu\u00f3 la disminuci\u00f3n de la cantidad de melanina a los 9 d\u00edas. ISDIN, Data on file, 2023<\/em><\/p>\n","protected":false},"excerpt":{"rendered":"<p>Una piel radiante, uniforme y libre de imperfecciones, \u00bfno es eso lo que muchas so\u00f1amos? M\u00e1s all\u00e1 de la apariencia perfecta, lo verdaderamente importante es cuidarla a diario, porque una piel sana siempre ser\u00e1 una piel bonita.<\/p>\n","protected":false},"author":69,"featured_media":12826,"comment_status":"closed","ping_status":"closed","sticky":false,"template":"","format":"image","meta":{"footnotes":""},"categories":[1,100],"tags":[159,318],"class_list":["post-4158","post","type-post","status-publish","format-image","has-post-thumbnail","hentry","category-consejos-cuidados","category-sol-y-piel","tag-manchas-piel","tag-manchas-solares","post_format-post-format-image"],"yoast_head":"<!-- This site is optimized with the Yoast SEO Premium plugin v25.4 (Yoast SEO v25.4) - https:\/\/yoast.com\/wordpress\/plugins\/seo\/ -->\n<title>\u00bfManchas en la piel? Respondemos a tus preguntas - ISDIN<\/title>\n<meta name=\"description\" content=\"Piel radiante y uniforme todo el a\u00f1o. Te contamos c\u00f3mo decirle adi\u00f3s a las manchas en la piel y recuperar tu luminosidad.\" \/>\n<meta name=\"robots\" content=\"index, follow, max-snippet:-1, max-image-preview:large, max-video-preview:-1\" \/>\n<link rel=\"canonical\" href=\"https:\/\/www.isdin.com\/es\/blog\/manchas-en-la-piel-respondemos-a-tus-preguntas\/\" \/>\n<meta property=\"og:locale\" content=\"es_ES\" \/>\n<meta property=\"og:type\" content=\"article\" \/>\n<meta property=\"og:title\" content=\"\u00bfManchas en la piel? Respondemos a tus preguntas\" \/>\n<meta property=\"og:description\" content=\"Piel radiante y uniforme todo el a\u00f1o. Te contamos c\u00f3mo decirle adi\u00f3s a las manchas en la piel y recuperar tu luminosidad.\" \/>\n<meta property=\"og:url\" content=\"https:\/\/www.isdin.com\/es\/blog\/manchas-en-la-piel-respondemos-a-tus-preguntas\/\" \/>\n<meta property=\"og:site_name\" content=\"ISDIN\" \/>\n<meta property=\"article:publisher\" content=\"https:\/\/es-es.facebook.com\/ISDIN.official\/\" \/>\n<meta property=\"article:published_time\" content=\"2025-11-03T16:53:12+00:00\" \/>\n<meta property=\"article:modified_time\" content=\"2025-11-03T16:53:14+00:00\" \/>\n<meta property=\"og:image\" content=\"https:\/\/www.isdin.com\/es\/blog\/wp-content\/uploads\/2024\/09\/Header-33.png\" \/>\n\t<meta property=\"og:image:width\" content=\"1200\" \/>\n\t<meta property=\"og:image:height\" content=\"760\" \/>\n\t<meta property=\"og:image:type\" content=\"image\/png\" \/>\n<meta name=\"author\" content=\"Belinda Mart\u00ednez\" \/>\n<meta name=\"twitter:card\" content=\"summary_large_image\" \/>\n<meta name=\"twitter:creator\" content=\"@isdin_official\" \/>\n<meta name=\"twitter:site\" content=\"@isdin_official\" \/>\n<meta name=\"twitter:label1\" content=\"Written by\" \/>\n\t<meta name=\"twitter:data1\" content=\"Belinda Mart\u00ednez\" \/>\n\t<meta name=\"twitter:label2\" content=\"Est. reading time\" \/>\n\t<meta name=\"twitter:data2\" content=\"9 minutes\" \/>\n<script type=\"application\/ld+json\" class=\"yoast-schema-graph\">{\"@context\":\"https:\/\/schema.org\",\"@graph\":[{\"@type\":\"Article\",\"@id\":\"https:\/\/www.isdin.com\/es\/blog\/manchas-en-la-piel-respondemos-a-tus-preguntas\/#article\",\"isPartOf\":{\"@id\":\"https:\/\/www.isdin.com\/es\/blog\/manchas-en-la-piel-respondemos-a-tus-preguntas\/\"},\"author\":{\"name\":\"Belinda Mart\u00ednez\",\"@id\":\"https:\/\/www.isdin.com\/es\/blog\/#\/schema\/person\/684015d7d9e78124cb4aa660f6fe8576\"},\"headline\":\"\u00bfManchas en la piel? Respondemos a tus preguntas\",\"datePublished\":\"2025-11-03T16:53:12+00:00\",\"dateModified\":\"2025-11-03T16:53:14+00:00\",\"mainEntityOfPage\":{\"@id\":\"https:\/\/www.isdin.com\/es\/blog\/manchas-en-la-piel-respondemos-a-tus-preguntas\/\"},\"wordCount\":1592,\"publisher\":{\"@id\":\"https:\/\/www.isdin.com\/es\/blog\/#organization\"},\"image\":{\"@id\":\"https:\/\/www.isdin.com\/es\/blog\/manchas-en-la-piel-respondemos-a-tus-preguntas\/#primaryimage\"},\"thumbnailUrl\":\"https:\/\/www.isdin.com\/es\/blog\/wp-content\/uploads\/2024\/09\/Header-33.png\",\"keywords\":[\"manchas piel\",\"manchas solares\"],\"articleSection\":[\"Consejos y cuidados\",\"Sol y piel\"],\"inLanguage\":\"es-ES\"},{\"@type\":\"WebPage\",\"@id\":\"https:\/\/www.isdin.com\/es\/blog\/manchas-en-la-piel-respondemos-a-tus-preguntas\/\",\"url\":\"https:\/\/www.isdin.com\/es\/blog\/manchas-en-la-piel-respondemos-a-tus-preguntas\/\",\"name\":\"\u00bfManchas en la piel? Respondemos a tus preguntas - ISDIN\",\"isPartOf\":{\"@id\":\"https:\/\/www.isdin.com\/es\/blog\/#website\"},\"primaryImageOfPage\":{\"@id\":\"https:\/\/www.isdin.com\/es\/blog\/manchas-en-la-piel-respondemos-a-tus-preguntas\/#primaryimage\"},\"image\":{\"@id\":\"https:\/\/www.isdin.com\/es\/blog\/manchas-en-la-piel-respondemos-a-tus-preguntas\/#primaryimage\"},\"thumbnailUrl\":\"https:\/\/www.isdin.com\/es\/blog\/wp-content\/uploads\/2024\/09\/Header-33.png\",\"datePublished\":\"2025-11-03T16:53:12+00:00\",\"dateModified\":\"2025-11-03T16:53:14+00:00\",\"description\":\"Piel radiante y uniforme todo el a\u00f1o. Te contamos c\u00f3mo decirle adi\u00f3s a las manchas en la piel y recuperar tu luminosidad.\",\"breadcrumb\":{\"@id\":\"https:\/\/www.isdin.com\/es\/blog\/manchas-en-la-piel-respondemos-a-tus-preguntas\/#breadcrumb\"},\"inLanguage\":\"es-ES\",\"potentialAction\":[{\"@type\":\"ReadAction\",\"target\":[\"https:\/\/www.isdin.com\/es\/blog\/manchas-en-la-piel-respondemos-a-tus-preguntas\/\"]}]},{\"@type\":\"ImageObject\",\"inLanguage\":\"es-ES\",\"@id\":\"https:\/\/www.isdin.com\/es\/blog\/manchas-en-la-piel-respondemos-a-tus-preguntas\/#primaryimage\",\"url\":\"https:\/\/www.isdin.com\/es\/blog\/wp-content\/uploads\/2024\/09\/Header-33.png\",\"contentUrl\":\"https:\/\/www.isdin.com\/es\/blog\/wp-content\/uploads\/2024\/09\/Header-33.png\",\"width\":1200,\"height\":760,\"caption\":\"Mujer sonriente con piel uniforme y luminosa, resultado de una rutina de cuidado con productos despigmentantes ISDIN\"},{\"@type\":\"BreadcrumbList\",\"@id\":\"https:\/\/www.isdin.com\/es\/blog\/manchas-en-la-piel-respondemos-a-tus-preguntas\/#breadcrumb\",\"itemListElement\":[{\"@type\":\"ListItem\",\"position\":1,\"name\":\"Portada\",\"item\":\"https:\/\/www.isdin.com\/es\/blog\/\"},{\"@type\":\"ListItem\",\"position\":2,\"name\":\"\u00bfManchas en la piel? Respondemos a tus preguntas\"}]},{\"@type\":\"WebSite\",\"@id\":\"https:\/\/www.isdin.com\/es\/blog\/#website\",\"url\":\"https:\/\/www.isdin.com\/es\/blog\/\",\"name\":\"ISDIN\",\"description\":\"Novedades, lanzamientos de productos y toda la experiencia de ISDIN\",\"publisher\":{\"@id\":\"https:\/\/www.isdin.com\/es\/blog\/#organization\"},\"potentialAction\":[{\"@type\":\"SearchAction\",\"target\":{\"@type\":\"EntryPoint\",\"urlTemplate\":\"https:\/\/www.isdin.com\/es\/blog\/?s={search_term_string}\"},\"query-input\":{\"@type\":\"PropertyValueSpecification\",\"valueRequired\":true,\"valueName\":\"search_term_string\"}}],\"inLanguage\":\"es-ES\"},{\"@type\":\"Organization\",\"@id\":\"https:\/\/www.isdin.com\/es\/blog\/#organization\",\"name\":\"ISDIN\",\"alternateName\":\"ISDIN\",\"url\":\"https:\/\/www.isdin.com\/es\/blog\/\",\"logo\":{\"@type\":\"ImageObject\",\"inLanguage\":\"es-ES\",\"@id\":\"https:\/\/www.isdin.com\/es\/blog\/#\/schema\/logo\/image\/\",\"url\":\"https:\/\/www.isdin.com\/es\/blog\/wp-content\/uploads\/2024\/05\/2025_03_GuiaFoto_FWM.png\",\"contentUrl\":\"https:\/\/www.isdin.com\/es\/blog\/wp-content\/uploads\/2024\/05\/2025_03_GuiaFoto_FWM.png\",\"width\":670,\"height\":683,\"caption\":\"ISDIN\"},\"image\":{\"@id\":\"https:\/\/www.isdin.com\/es\/blog\/#\/schema\/logo\/image\/\"},\"sameAs\":[\"https:\/\/es-es.facebook.com\/ISDIN.official\/\",\"https:\/\/x.com\/isdin_official\",\"https:\/\/www.instagram.com\/isdinofficial\",\"https:\/\/www.youtube.com\/channel\/UCtoNJMKpDwdFLqgV23_lcqg\"],\"telephone\":\"659997812\"},{\"@type\":\"Person\",\"@id\":\"https:\/\/www.isdin.com\/es\/blog\/#\/schema\/person\/684015d7d9e78124cb4aa660f6fe8576\",\"name\":\"Belinda Mart\u00ednez\",\"image\":{\"@type\":\"ImageObject\",\"inLanguage\":\"es-ES\",\"@id\":\"https:\/\/www.isdin.com\/es\/blog\/#\/schema\/person\/image\/\",\"url\":\"https:\/\/www.isdin.com\/es\/blog\/wp-content\/uploads\/2017\/07\/jjjj.jpg\",\"contentUrl\":\"https:\/\/www.isdin.com\/es\/blog\/wp-content\/uploads\/2017\/07\/jjjj.jpg\",\"caption\":\"Belinda Mart\u00ednez\"},\"description\":\"Belinda es periodista y copywriter creativa. Tras a\u00f1os de experiencia, decidi\u00f3 fusionar sus habilidades de escritura con su amor por el skincare, convirti\u00e9ndose en una especialista en la materia. \u00bfSu imprescindible? Un buen b\u00e1lsamo de labios.\",\"sameAs\":[\"https:\/\/www.linkedin.com\/in\/thisisbel\/\"],\"url\":\"https:\/\/www.isdin.com\/es\/blog\/author\/belindamartinez\/\"}]}<\/script>\n<!-- \/ Yoast SEO Premium plugin. -->","yoast_head_json":{"title":"\u00bfManchas en la piel? Respondemos a tus preguntas - ISDIN","description":"Piel radiante y uniforme todo el a\u00f1o. Te contamos c\u00f3mo decirle adi\u00f3s a las manchas en la piel y recuperar tu luminosidad.","robots":{"index":"index","follow":"follow","max-snippet":"max-snippet:-1","max-image-preview":"max-image-preview:large","max-video-preview":"max-video-preview:-1"},"canonical":"https:\/\/www.isdin.com\/es\/blog\/manchas-en-la-piel-respondemos-a-tus-preguntas\/","og_locale":"es_ES","og_type":"article","og_title":"\u00bfManchas en la piel? Respondemos a tus preguntas","og_description":"Piel radiante y uniforme todo el a\u00f1o. Te contamos c\u00f3mo decirle adi\u00f3s a las manchas en la piel y recuperar tu luminosidad.","og_url":"https:\/\/www.isdin.com\/es\/blog\/manchas-en-la-piel-respondemos-a-tus-preguntas\/","og_site_name":"ISDIN","article_publisher":"https:\/\/es-es.facebook.com\/ISDIN.official\/","article_published_time":"2025-11-03T16:53:12+00:00","article_modified_time":"2025-11-03T16:53:14+00:00","og_image":[{"width":1200,"height":760,"url":"https:\/\/www.isdin.com\/es\/blog\/wp-content\/uploads\/2024\/09\/Header-33.png","type":"image\/png"}],"author":"Belinda Mart\u00ednez","twitter_card":"summary_large_image","twitter_creator":"@isdin_official","twitter_site":"@isdin_official","twitter_misc":{"Written by":"Belinda Mart\u00ednez","Est. reading time":"9 minutes"},"schema":{"@context":"https:\/\/schema.org","@graph":[{"@type":"Article","@id":"https:\/\/www.isdin.com\/es\/blog\/manchas-en-la-piel-respondemos-a-tus-preguntas\/#article","isPartOf":{"@id":"https:\/\/www.isdin.com\/es\/blog\/manchas-en-la-piel-respondemos-a-tus-preguntas\/"},"author":{"name":"Belinda Mart\u00ednez","@id":"https:\/\/www.isdin.com\/es\/blog\/#\/schema\/person\/684015d7d9e78124cb4aa660f6fe8576"},"headline":"\u00bfManchas en la piel? Respondemos a tus preguntas","datePublished":"2025-11-03T16:53:12+00:00","dateModified":"2025-11-03T16:53:14+00:00","mainEntityOfPage":{"@id":"https:\/\/www.isdin.com\/es\/blog\/manchas-en-la-piel-respondemos-a-tus-preguntas\/"},"wordCount":1592,"publisher":{"@id":"https:\/\/www.isdin.com\/es\/blog\/#organization"},"image":{"@id":"https:\/\/www.isdin.com\/es\/blog\/manchas-en-la-piel-respondemos-a-tus-preguntas\/#primaryimage"},"thumbnailUrl":"https:\/\/www.isdin.com\/es\/blog\/wp-content\/uploads\/2024\/09\/Header-33.png","keywords":["manchas piel","manchas solares"],"articleSection":["Consejos y cuidados","Sol y piel"],"inLanguage":"es-ES"},{"@type":"WebPage","@id":"https:\/\/www.isdin.com\/es\/blog\/manchas-en-la-piel-respondemos-a-tus-preguntas\/","url":"https:\/\/www.isdin.com\/es\/blog\/manchas-en-la-piel-respondemos-a-tus-preguntas\/","name":"\u00bfManchas en la piel? Respondemos a tus preguntas - ISDIN","isPartOf":{"@id":"https:\/\/www.isdin.com\/es\/blog\/#website"},"primaryImageOfPage":{"@id":"https:\/\/www.isdin.com\/es\/blog\/manchas-en-la-piel-respondemos-a-tus-preguntas\/#primaryimage"},"image":{"@id":"https:\/\/www.isdin.com\/es\/blog\/manchas-en-la-piel-respondemos-a-tus-preguntas\/#primaryimage"},"thumbnailUrl":"https:\/\/www.isdin.com\/es\/blog\/wp-content\/uploads\/2024\/09\/Header-33.png","datePublished":"2025-11-03T16:53:12+00:00","dateModified":"2025-11-03T16:53:14+00:00","description":"Piel radiante y uniforme todo el a\u00f1o. Te contamos c\u00f3mo decirle adi\u00f3s a las manchas en la piel y recuperar tu luminosidad.","breadcrumb":{"@id":"https:\/\/www.isdin.com\/es\/blog\/manchas-en-la-piel-respondemos-a-tus-preguntas\/#breadcrumb"},"inLanguage":"es-ES","potentialAction":[{"@type":"ReadAction","target":["https:\/\/www.isdin.com\/es\/blog\/manchas-en-la-piel-respondemos-a-tus-preguntas\/"]}]},{"@type":"ImageObject","inLanguage":"es-ES","@id":"https:\/\/www.isdin.com\/es\/blog\/manchas-en-la-piel-respondemos-a-tus-preguntas\/#primaryimage","url":"https:\/\/www.isdin.com\/es\/blog\/wp-content\/uploads\/2024\/09\/Header-33.png","contentUrl":"https:\/\/www.isdin.com\/es\/blog\/wp-content\/uploads\/2024\/09\/Header-33.png","width":1200,"height":760,"caption":"Mujer sonriente con piel uniforme y luminosa, resultado de una rutina de cuidado con productos despigmentantes ISDIN"},{"@type":"BreadcrumbList","@id":"https:\/\/www.isdin.com\/es\/blog\/manchas-en-la-piel-respondemos-a-tus-preguntas\/#breadcrumb","itemListElement":[{"@type":"ListItem","position":1,"name":"Portada","item":"https:\/\/www.isdin.com\/es\/blog\/"},{"@type":"ListItem","position":2,"name":"\u00bfManchas en la piel? Respondemos a tus preguntas"}]},{"@type":"WebSite","@id":"https:\/\/www.isdin.com\/es\/blog\/#website","url":"https:\/\/www.isdin.com\/es\/blog\/","name":"ISDIN","description":"Novedades, lanzamientos de productos y toda la experiencia de ISDIN","publisher":{"@id":"https:\/\/www.isdin.com\/es\/blog\/#organization"},"potentialAction":[{"@type":"SearchAction","target":{"@type":"EntryPoint","urlTemplate":"https:\/\/www.isdin.com\/es\/blog\/?s={search_term_string}"},"query-input":{"@type":"PropertyValueSpecification","valueRequired":true,"valueName":"search_term_string"}}],"inLanguage":"es-ES"},{"@type":"Organization","@id":"https:\/\/www.isdin.com\/es\/blog\/#organization","name":"ISDIN","alternateName":"ISDIN","url":"https:\/\/www.isdin.com\/es\/blog\/","logo":{"@type":"ImageObject","inLanguage":"es-ES","@id":"https:\/\/www.isdin.com\/es\/blog\/#\/schema\/logo\/image\/","url":"https:\/\/www.isdin.com\/es\/blog\/wp-content\/uploads\/2024\/05\/2025_03_GuiaFoto_FWM.png","contentUrl":"https:\/\/www.isdin.com\/es\/blog\/wp-content\/uploads\/2024\/05\/2025_03_GuiaFoto_FWM.png","width":670,"height":683,"caption":"ISDIN"},"image":{"@id":"https:\/\/www.isdin.com\/es\/blog\/#\/schema\/logo\/image\/"},"sameAs":["https:\/\/es-es.facebook.com\/ISDIN.official\/","https:\/\/x.com\/isdin_official","https:\/\/www.instagram.com\/isdinofficial","https:\/\/www.youtube.com\/channel\/UCtoNJMKpDwdFLqgV23_lcqg"],"telephone":"659997812"},{"@type":"Person","@id":"https:\/\/www.isdin.com\/es\/blog\/#\/schema\/person\/684015d7d9e78124cb4aa660f6fe8576","name":"Belinda Mart\u00ednez","image":{"@type":"ImageObject","inLanguage":"es-ES","@id":"https:\/\/www.isdin.com\/es\/blog\/#\/schema\/person\/image\/","url":"https:\/\/www.isdin.com\/es\/blog\/wp-content\/uploads\/2017\/07\/jjjj.jpg","contentUrl":"https:\/\/www.isdin.com\/es\/blog\/wp-content\/uploads\/2017\/07\/jjjj.jpg","caption":"Belinda Mart\u00ednez"},"description":"Belinda es periodista y copywriter creativa. Tras a\u00f1os de experiencia, decidi\u00f3 fusionar sus habilidades de escritura con su amor por el skincare, convirti\u00e9ndose en una especialista en la materia. \u00bfSu imprescindible? Un buen b\u00e1lsamo de labios.","sameAs":["https:\/\/www.linkedin.com\/in\/thisisbel\/"],"url":"https:\/\/www.isdin.com\/es\/blog\/author\/belindamartinez\/"}]}},"_links":{"self":[{"href":"https:\/\/www.isdin.com\/es\/blog\/wp-json\/wp\/v2\/posts\/4158","targetHints":{"allow":["GET"]}}],"collection":[{"href":"https:\/\/www.isdin.com\/es\/blog\/wp-json\/wp\/v2\/posts"}],"about":[{"href":"https:\/\/www.isdin.com\/es\/blog\/wp-json\/wp\/v2\/types\/post"}],"author":[{"embeddable":true,"href":"https:\/\/www.isdin.com\/es\/blog\/wp-json\/wp\/v2\/users\/69"}],"replies":[{"embeddable":true,"href":"https:\/\/www.isdin.com\/es\/blog\/wp-json\/wp\/v2\/comments?post=4158"}],"version-history":[{"count":33,"href":"https:\/\/www.isdin.com\/es\/blog\/wp-json\/wp\/v2\/posts\/4158\/revisions"}],"predecessor-version":[{"id":12828,"href":"https:\/\/www.isdin.com\/es\/blog\/wp-json\/wp\/v2\/posts\/4158\/revisions\/12828"}],"wp:featuredmedia":[{"embeddable":true,"href":"https:\/\/www.isdin.com\/es\/blog\/wp-json\/wp\/v2\/media\/12826"}],"wp:attachment":[{"href":"https:\/\/www.isdin.com\/es\/blog\/wp-json\/wp\/v2\/media?parent=4158"}],"wp:term":[{"taxonomy":"category","embeddable":true,"href":"https:\/\/www.isdin.com\/es\/blog\/wp-json\/wp\/v2\/categories?post=4158"},{"taxonomy":"post_tag","embeddable":true,"href":"https:\/\/www.isdin.com\/es\/blog\/wp-json\/wp\/v2\/tags?post=4158"}],"curies":[{"name":"wp","href":"https:\/\/api.w.org\/{rel}","templated":true}]}}