{"id":4054,"date":"2024-12-02T17:27:16","date_gmt":"2024-12-02T17:27:16","guid":{"rendered":"https:\/\/www.isdin.com\/es\/blog\/?p=4054"},"modified":"2024-12-02T17:27:17","modified_gmt":"2024-12-02T17:27:17","slug":"que-son-las-aftas-bucales-y-como-curarlas","status":"publish","type":"post","link":"https:\/\/www.isdin.com\/es\/blog\/que-son-las-aftas-bucales-y-como-curarlas\/","title":{"rendered":"Qu\u00e9 son las aftas bucales y c\u00f3mo curarlas"},"content":{"rendered":"\n<p>\u00bfAlguna vez has tenido una afta bucal o llagas en la boca? Si es as\u00ed, sabes lo inc\u00f3modas y dolorosas que pueden llegar a ser. Aunque son peque\u00f1as (algunas ni siquiera superan el cent\u00edmetro), su dolor puede ser tan intenso que se convierte en una molestia constante, afectando incluso lo que comes, hablas o c\u00f3mo te sientes.<\/p>\n\n\n\n<p>\u00bfTe has preguntado alguna vez por qu\u00e9 aparecen o c\u00f3mo puedes deshacerte de ellas r\u00e1pidamente? Hoy te contamos todo lo que necesitas saber sobre las aftas bucales: las causas m\u00e1s comunes, c\u00f3mo tratarlas de manera r\u00e1pida y, lo m\u00e1s importante, c\u00f3mo evitar que vuelvan a aparecer. \u00a1Es hora de decirle adi\u00f3s al dolor de las aftas!<\/p>\n\n\n\n<h2 class=\"wp-block-heading\" id=\"h-que-son-las-aftas-bucales\">\u00bfQu\u00e9 son las aftas bucales?<\/h2>\n\n\n\n<figure class=\"wp-block-image size-full\"><img loading=\"lazy\" decoding=\"async\" width=\"1200\" height=\"618\" src=\"data:image\/gif;base64,R0lGODlhAQABAAAAACH5BAEKAAEALAAAAAABAAEAAAICTAEAOw==\" data-src=\"https:\/\/www.isdin.com\/es\/blog\/wp-content\/uploads\/2022\/12\/2024_11_Aftas_IMG01.jpg\" alt=\"chica con dolor de aftas en la boca\" class=\"wp-image-11351 lazyload\"\/><\/figure>\n\n\n\n<p><\/p>\n\n\n\n<p>Las aftas son&nbsp;<strong>llagas o lesiones<\/strong>&nbsp;que aparecen en el interior de la cavidad bucal. Suelen ser ovaladas, blanquecinas, poco profundas y pueden provocar un dolor muy intenso. Son una afecci\u00f3n muy frecuente, y los datos son claros: el <a href=\"https:\/\/www.reumatologiaclinica.org\/es-la-aftosis-oral-recurrente-reumatologia-articulo-S1699258X11001732\">20% de la poblaci\u00f3n<\/a> sufrir\u00e1 molestias bucales debido al dolor provocado por las llagas o aftas en alg\u00fan momento de su vida.<\/p>\n\n\n\n<h3 class=\"wp-block-heading\">Tipos de aftas bucales<\/h3>\n\n\n\n<p>Existen tres tipos principales de aftas bucales:<\/p>\n\n\n\n<ol class=\"wp-block-list\">\n<li><strong>Aftas menores:<\/strong> son las m\u00e1s comunes, representando <a href=\"https:\/\/coem.org.es\/content\/index\/1989\">el 80% de los casos<\/a>. Estas lesiones tienen un tama\u00f1o inferior a 1 cm de di\u00e1metro, con bordes definidos y un centro blanquecino rodeado por un halo rojo.<\/li>\n\n\n\n<li><strong>Aftas mayores:<\/strong> son menos frecuentes, pero m\u00e1s graves. Se caracterizan por su tama\u00f1o superior a 1 cm de di\u00e1metro, bordes irregulares y una mayor profundidad en comparaci\u00f3n con las aftas menores.<\/li>\n\n\n\n<li><strong>Aftas herpetiformes:<\/strong> son el tipo menos com\u00fan y su nombre puede ser confuso, ya que no est\u00e1n relacionadas con el virus del herpes simple. Estas lesiones consisten en m\u00faltiples peque\u00f1as \u00falceras, de 2-3 mm de di\u00e1metro, que tienden a agruparse formando una lesi\u00f3n mayor de forma irregular.<\/li>\n<\/ol>\n\n\n\n<h2 class=\"wp-block-heading\">\u00bfPor qu\u00e9 aparecen las aftas o llagas en la boca?<\/h2>\n\n\n\n<p>Las aftas aparecen cuando los tejidos de la boca se da\u00f1an o inflaman, quedando desprotegidos frente a agentes externos y pudiendo derivar en la formaci\u00f3n de una afta o \u00falcera bucal. Estas lesiones pueden aparecer a cualquier edad y, aunque su origen exacto es desconocido, se han asociado a m\u00faltiples factores. Adem\u00e1s, diversos desencadenantes, como una bajada de defensas, cambios hormonales o <a href=\"https:\/\/www.isdin.com\/es\/blog\/como-afecta-el-estres-a-nuestra-piel\/\">el estr\u00e9s<\/a>, pueden contribuir a su aparici\u00f3n.<\/p>\n\n\n\n<h4 class=\"wp-block-heading\" id=\"h-sabes-en-quien-son-mas-comunes\"><strong>\u00bfSabes en qui\u00e9n son m\u00e1s comunes? <\/strong><\/h4>\n\n\n\n<ul class=\"wp-block-list\">\n<li>Mujeres.<\/li>\n\n\n\n<li>Personas que usan ortodoncias o dentaduras postizas.<\/li>\n\n\n\n<li>Personas que experimentan afecciones bucales recurrentes.<\/li>\n<\/ul>\n\n\n\n<figure class=\"wp-block-image size-full\"><img loading=\"lazy\" decoding=\"async\" width=\"1200\" height=\"618\" src=\"data:image\/gif;base64,R0lGODlhAQABAAAAACH5BAEKAAEALAAAAAABAAEAAAICTAEAOw==\" data-src=\"https:\/\/www.isdin.com\/es\/blog\/wp-content\/uploads\/2022\/12\/2024_11_Aftas_IMG01-1.jpg\" alt=\"bexident aftas producto para aliviar dolor\" class=\"wp-image-11352 lazyload\"\/><\/figure>\n\n\n\n<p><\/p>\n\n\n\n<h2 class=\"wp-block-heading\">\u00bfCu\u00e1nto tarda en curarse una afta bucal?<\/h2>\n\n\n\n<p>Dependiendo de su causa, las aftas pueden tardar m\u00e1s o menos tiempo en desarrollarse y curarse. Inicialmente, suelen presentarse como una peque\u00f1a lesi\u00f3n blanca rodeada de piel irritada o inflamada, con un caracter\u00edstico enrojecimiento intenso. Aunque suelen causar dolor y molestias, en casos m\u00e1s graves pueden acompa\u00f1arse de s\u00edntomas como fiebre, malestar general o inflamaci\u00f3n de los ganglios linf\u00e1ticos.<\/p>\n\n\n\n<p><strong>Cada afta es diferente y sigue su propio ritmo de evoluci\u00f3n<\/strong>. Generalmente, el proceso completo, desde su aparici\u00f3n hasta la desaparici\u00f3n total, <strong>puede durar hasta tres semanas<\/strong>. Sin embargo, el dolor tiende a remitir antes, usualmente <a href=\"https:\/\/www.notion.so\/Qu-son-las-aftas-bucales-y-c-mo-curarlas-6450b424cfa54e38aebe2cf88e8ebea2?pvs=21\">entre 7 y 10 d\u00edas<\/a>.<\/p>\n\n\n\n<p><\/p>\n\n\n\n<p class=\"has-background\" style=\"background-color:#f1dfbf\"><strong>Consejo de experto:<\/strong> si el dolor persiste m\u00e1s all\u00e1 de 10 d\u00edas, es fundamental consultar a un especialista para descartar posibles problemas subyacentes.<\/p>\n\n\n\n<p><\/p>\n\n\n\n<h2 class=\"wp-block-heading\">\u00bfEs lo mismo una afta bucal que un herpes labial?<\/h2>\n\n\n\n<p>No debemos confundir las aftas bucales con el herpes labial, ya que se diferencian tanto por su localizaci\u00f3n como por el tipo de lesi\u00f3n.<\/p>\n\n\n\n<p>El <strong>herpes labial<\/strong> se manifiesta como peque\u00f1as ampollas que se rompen f\u00e1cilmente, son dolorosas y se localizan principalmente en la comisura de los labios, en los labios mismos o en la zona alrededor de la boca. Adem\u00e1s, es altamente contagioso y est\u00e1 provocado por un virus, generalmente el virus del herpes simple tipo 1 (VHS-1).<\/p>\n\n\n\n<p>En cambio, <strong>las aftas bucales<\/strong> son \u00falceras peque\u00f1as, ovaladas y de color blanco, que suelen ser poco profundas. Pueden ser \u00fanicas o varias y aparecer en el interior de la boca, en los labios, las <a href=\"https:\/\/www.isdin.com\/es\/blog\/encias-inflamadas-y-sangrantes-causas-soluciones\/\">enc\u00edas<\/a>, la lengua o la \u00favula. <strong>Las aftas no son contagiosas y su causa puede variar, aunque generalmente son inofensivas y desaparecen por s\u00ed solas.<\/strong><\/p>\n\n\n\n<h2 class=\"wp-block-heading\">\u00bfC\u00f3mo eliminar r\u00e1pidamente las aftas de la boca?<\/h2>\n\n\n\n<p>Ahora que conoces todo sobre las aftas, es momento de hablar de la soluci\u00f3n. En la mayor\u00eda de los casos, las llagas en la boca o lengua se curan de manera natural sin dejar cicatrices ni marcas. Sin embargo, el dolor intenso y persistente que provocan hace que quienes las padecen busquen alivio inmediato, ya que actividades cotidianas como comer, hablar o besar pueden resultar muy inc\u00f3modas.<\/p>\n\n\n\n<p>En estos casos, lo mejor es optar por <strong>un producto para las aftas bucales<\/strong> que no solo alivie el dolor, sino que tambi\u00e9n favorezca una cicatrizaci\u00f3n m\u00e1s r\u00e1pida. Utilizar productos espec\u00edficos para tratar las aftas puede marcar la diferencia, <strong>ayudando a reducir la inflamaci\u00f3n, acelerar la recuperaci\u00f3n y minimizar las molestias desde el primer momento.<\/strong><\/p>\n\n\n\n<p><\/p>\n\n\n\n<figure class=\"wp-block-embed is-type-video is-provider-youtube wp-block-embed-youtube wp-embed-aspect-16-9 wp-has-aspect-ratio\"><div class=\"wp-block-embed__wrapper\">\n<div class=\"flex-video widescreen youtube\"><iframe loading=\"lazy\" title=\"ISDIN Bexident AFTAS - Alivio r\u00e1pido y duradero de las Aftas y \u00falceras bucales\" width=\"500\" height=\"281\" src=\"https:\/\/www.youtube.com\/embed\/tJZFafFwuFA?feature=oembed&#038;showinfo=0&#038;rel=0&#038;modestbranding=1&#038;iv_load_policy=3&#038;playsinline=1&#038;enablejsapi=1\" frameborder=\"0\" allow=\"accelerometer; autoplay; clipboard-write; encrypted-media; gyroscope; picture-in-picture; web-share\" referrerpolicy=\"strict-origin-when-cross-origin\" allowfullscreen><\/iframe><\/div>\n<\/div><\/figure>\n\n\n\n<h2 class=\"wp-block-heading\" id=\"h-bexident-aftas-la-solucion-con-acido-hialuronico-para-aliviar-el-dolor-de-las-aftas-bucales-y-acelerar-el-proceso-natural-de-cicatrizacion\">Bexident Aftas: la soluci\u00f3n con \u00e1cido hialur\u00f3nico para aliviar el dolor de las aftas bucales y acelerar el proceso natural de cicatrizaci\u00f3n<\/h2>\n\n\n\n<p>Solo quien ha tenido aftas sabe lo dolorosas e inc\u00f3modas que pueden llegar a ser. Y aunque el mejor remedio es la paciencia y el tiempo, \u00a1nunca est\u00e1 de m\u00e1s contar con una ayuda extra! <a href=\"https:\/\/www.isdin.com\/cuidados-especificos\/cuidado-bucodental\/aftas-bucales\"><strong>Bexident Aftas<\/strong><\/a> es nuestra gama especializada en aliviar estas peque\u00f1as molestias, y lo hace de manera eficaz gracias a su innovadora tecnolog\u00eda <strong>Advanced Hyalurofilm Tech<\/strong>.<\/p>\n\n\n\n<p><\/p>\n\n\n\n<div class=\"wp-block-media-text is-stacked-on-mobile\"><figure class=\"wp-block-media-text__media\"><img loading=\"lazy\" decoding=\"async\" width=\"670\" height=\"754\" src=\"data:image\/gif;base64,R0lGODlhAQABAAAAACH5BAEKAAEALAAAAAABAAEAAAICTAEAOw==\" data-src=\"https:\/\/www.isdin.com\/es\/blog\/wp-content\/uploads\/2022\/12\/2024_11_Aftas_IMG04.jpg\" alt=\"formatos bexident aftas\" class=\"wp-image-11354 size-full lazyload\"\/><\/figure><div class=\"wp-block-media-text__content\">\n<p>Esta tecnolog\u00eda, que incorpora <a href=\"https:\/\/www.isdin.com\/es\/blog\/para-que-sirve-acido-hialuronico\/\">\u00e1cido hialur\u00f3nico<\/a>, ingredientes formadores de una pel\u00edcula protectora y Suprapein\u2122, act\u00faa como una barrera invisible que cubre la afta, protegi\u00e9ndola de los agentes externos. Es como si la afta dejara de existir, como si se envolviera en una capa que la a\u00edsla del dolor, reduciendo la irritaci\u00f3n al instante.<\/p>\n<\/div><\/div>\n\n\n\n<p><\/p>\n\n\n\n<p><strong>Bexident Aftas<\/strong> proporciona 5 acciones en un solo paso, asegurando que el dolor se minimice y la cicatrizaci\u00f3n sea m\u00e1s r\u00e1pida, como si la afta nunca hubiera estado all\u00ed, mientras hidrata los tejidos afectados. Adem\u00e1s, no contiene alcohol, no escuece y es apto para ni\u00f1os y adultos<\/p>\n\n\n\n<p>Est\u00e1 disponible en 3 formatos, dise\u00f1ados para adaptarse a distintas necesidades:<\/p>\n\n\n\n<ul class=\"wp-block-list\">\n<li>El <a href=\"https:\/\/www.isdin.com\/producto\/bexident\/aftas-gel\"><strong>formato gel<\/strong><\/a> es la elecci\u00f3n perfecta para cuidar aftas localizadas. Su textura permite una aplicaci\u00f3n precisa directamente sobre la lesi\u00f3n, ayudando a aliviar el dolor de manera r\u00e1pida.<\/li>\n\n\n\n<li>El <a href=\"https:\/\/www.isdin.com\/es\/p\/aftas-spray\/2827\"><strong>spray<\/strong><\/a> destaca por su practicidad y es ideal para alcanzar aftas en zonas de dif\u00edcil acceso, como la parte posterior de la boca o las llagas en la lengua.<\/li>\n\n\n\n<li>El <a href=\"https:\/\/www.isdin.com\/es\/p\/aftas-colutorio\/2826\"><strong>colutorio<\/strong><\/a> es la soluci\u00f3n m\u00e1s eficaz para tratar varias aftas al mismo tiempo. Al enjuagar toda la cavidad oral, asegura una cobertura completa y un alivio uniforme para m\u00faltiples lesiones.<\/li>\n<\/ul>\n\n\n\n<figure class=\"wp-block-image size-full\"><img loading=\"lazy\" decoding=\"async\" width=\"1200\" height=\"618\" src=\"data:image\/gif;base64,R0lGODlhAQABAAAAACH5BAEKAAEALAAAAAABAAEAAAICTAEAOw==\" data-src=\"https:\/\/www.isdin.com\/es\/blog\/wp-content\/uploads\/2022\/12\/2024_11_Aftas_IMG02-1.jpg\" alt=\"\" class=\"wp-image-11355 lazyload\"\/><figcaption class=\"wp-element-caption\"><em>CPSP17046CAT &#8211; Cumple con la normativa de productos sanitarios. No usar si es al\u00e9rgico a alguno de sus ingredientes como limonene (Gel, Colutorio y Spray) y cittral (Gel, Spray).<\/em><\/figcaption><\/figure>\n\n\n\n<p><\/p>\n\n\n\n<h2 class=\"wp-block-heading\">\u00bfC\u00f3mo prevenir las aftas bucales?<\/h2>\n\n\n\n<p>Aunque no siempre puedes controlar cu\u00e1ndo aparecer\u00e1n, lo que s\u00ed puedes hacer es mejorar tus h\u00e1bitos y minimizar las probabilidades de que se presenten. \u00a1Porque prevenir siempre es mejor que curar!<\/p>\n\n\n\n<p><strong>Piensa en esto: tu boca es como un ecosistema delicado, donde cada h\u00e1bito cuenta<\/strong>. Desde mantener una <a href=\"https:\/\/www.isdin.com\/es\/blog\/consejos-para-buena-higiene-bucal\/\">higiene bucal adecuada<\/a> hasta cuidar tu alimentaci\u00f3n, hay peque\u00f1as acciones que puedes incorporar a tu rutina para protegerte. Por ejemplo, elegir cepillos de cerdas suaves puede evitar irritaciones innecesarias, mientras que reducir el consumo de alimentos picantes o \u00e1cidos podr\u00eda disminuir las probabilidades de que aparezcan esas inc\u00f3modas llagas.<\/p>\n\n\n\n<p>Adem\u00e1s, no olvides que el estr\u00e9s tambi\u00e9n juega un papel importante en esta historia. Tomarte un respiro en tu d\u00eda a d\u00eda y <a href=\"https:\/\/www.isdin.com\/es\/blog\/consejos-para-dormir-bien\/\">priorizar el descanso<\/a> puede marcar una gran diferencia. Si eres propenso a las aftas, presta atenci\u00f3n a esos peque\u00f1os desencadenantes que pueden activarlas: una bajada de defensas, el roce continuo con <em>brackets <\/em>o incluso un cambio hormonal.<\/p>\n\n\n\n<p><strong>As\u00ed que s\u00ed, aunque las aftas no siempre se pueden prevenir, cada peque\u00f1o esfuerzo por mejorar tus h\u00e1bitos es un paso hacia una boca m\u00e1s sana.<\/strong><\/p>\n","protected":false},"excerpt":{"rendered":"<p>Solo quien ha tenido aftas sabe lo dolorosas e inc\u00f3modas que pueden llegar a ser. Y aunque el mejor remedio es la paciencia y el tiempo, \u00a1nunca est\u00e1 de m\u00e1s contar con una ayuda extra!<\/p>\n","protected":false},"author":69,"featured_media":11356,"comment_status":"closed","ping_status":"closed","sticky":false,"template":"","format":"image","meta":{"footnotes":""},"categories":[1,330],"tags":[371,325,459],"class_list":["post-4054","post","type-post","status-publish","format-image","has-post-thumbnail","hentry","category-consejos-cuidados","category-cuidado-bucodental","tag-aftas","tag-bexident","tag-cuidado-bucodental","post_format-post-format-image"],"yoast_head":"<!-- This site is optimized with the Yoast SEO Premium plugin v25.4 (Yoast SEO v25.4) - https:\/\/yoast.com\/wordpress\/plugins\/seo\/ -->\n<title>Qu\u00e9 son las aftas bucales y c\u00f3mo curarlas - ISDIN<\/title>\n<meta name=\"description\" content=\"Solo quien ha tenido alguna vez una llaga sabe lo molestas que pueden llegar a ser. \u00bfQuieres saber\u00a0qu\u00e9 son las aftas bucales y c\u00f3mo curarlas?\" \/>\n<meta name=\"robots\" content=\"index, follow, max-snippet:-1, max-image-preview:large, max-video-preview:-1\" \/>\n<link rel=\"canonical\" href=\"https:\/\/www.isdin.com\/es\/blog\/que-son-las-aftas-bucales-y-como-curarlas\/\" \/>\n<meta property=\"og:locale\" content=\"es_ES\" \/>\n<meta property=\"og:type\" content=\"article\" \/>\n<meta property=\"og:title\" content=\"Qu\u00e9 son las aftas bucales y c\u00f3mo curarlas\" \/>\n<meta property=\"og:description\" content=\"Solo quien ha tenido alguna vez una llaga sabe lo molestas que pueden llegar a ser. \u00bfQuieres saber\u00a0qu\u00e9 son las aftas bucales y c\u00f3mo curarlas?\" \/>\n<meta property=\"og:url\" content=\"https:\/\/www.isdin.com\/es\/blog\/que-son-las-aftas-bucales-y-como-curarlas\/\" \/>\n<meta property=\"og:site_name\" content=\"ISDIN\" \/>\n<meta property=\"article:publisher\" content=\"https:\/\/es-es.facebook.com\/ISDIN.official\/\" \/>\n<meta property=\"article:published_time\" content=\"2024-12-02T17:27:16+00:00\" \/>\n<meta property=\"article:modified_time\" content=\"2024-12-02T17:27:17+00:00\" \/>\n<meta property=\"og:image\" content=\"https:\/\/www.isdin.com\/es\/blog\/wp-content\/uploads\/2020\/09\/2022_Blog_AftasBucales_imagen_Facebook.jpg\" \/>\n\t<meta property=\"og:image:width\" content=\"2400\" \/>\n\t<meta property=\"og:image:height\" content=\"1260\" \/>\n\t<meta property=\"og:image:type\" content=\"image\/jpeg\" \/>\n<meta name=\"author\" content=\"Belinda Mart\u00ednez\" \/>\n<meta name=\"twitter:card\" content=\"summary_large_image\" \/>\n<meta name=\"twitter:creator\" content=\"@isdin_official\" \/>\n<meta name=\"twitter:site\" content=\"@isdin_official\" \/>\n<meta name=\"twitter:label1\" content=\"Written by\" \/>\n\t<meta name=\"twitter:data1\" content=\"Belinda Mart\u00ednez\" \/>\n\t<meta name=\"twitter:label2\" content=\"Est. reading time\" \/>\n\t<meta name=\"twitter:data2\" content=\"8 minutes\" \/>\n<script type=\"application\/ld+json\" class=\"yoast-schema-graph\">{\"@context\":\"https:\/\/schema.org\",\"@graph\":[{\"@type\":\"Article\",\"@id\":\"https:\/\/www.isdin.com\/es\/blog\/que-son-las-aftas-bucales-y-como-curarlas\/#article\",\"isPartOf\":{\"@id\":\"https:\/\/www.isdin.com\/es\/blog\/que-son-las-aftas-bucales-y-como-curarlas\/\"},\"author\":{\"name\":\"Belinda Mart\u00ednez\",\"@id\":\"https:\/\/www.isdin.com\/es\/blog\/#\/schema\/person\/684015d7d9e78124cb4aa660f6fe8576\"},\"headline\":\"Qu\u00e9 son las aftas bucales y c\u00f3mo curarlas\",\"datePublished\":\"2024-12-02T17:27:16+00:00\",\"dateModified\":\"2024-12-02T17:27:17+00:00\",\"mainEntityOfPage\":{\"@id\":\"https:\/\/www.isdin.com\/es\/blog\/que-son-las-aftas-bucales-y-como-curarlas\/\"},\"wordCount\":1439,\"publisher\":{\"@id\":\"https:\/\/www.isdin.com\/es\/blog\/#organization\"},\"image\":{\"@id\":\"https:\/\/www.isdin.com\/es\/blog\/que-son-las-aftas-bucales-y-como-curarlas\/#primaryimage\"},\"thumbnailUrl\":\"https:\/\/www.isdin.com\/es\/blog\/wp-content\/uploads\/2022\/12\/2024_11_Aftas_IMG03-1.jpg\",\"keywords\":[\"aftas\",\"bexident\",\"cuidado bucodental\"],\"articleSection\":[\"Consejos y cuidados\",\"Cuidado bucodental\"],\"inLanguage\":\"es-ES\"},{\"@type\":\"WebPage\",\"@id\":\"https:\/\/www.isdin.com\/es\/blog\/que-son-las-aftas-bucales-y-como-curarlas\/\",\"url\":\"https:\/\/www.isdin.com\/es\/blog\/que-son-las-aftas-bucales-y-como-curarlas\/\",\"name\":\"Qu\u00e9 son las aftas bucales y c\u00f3mo curarlas - ISDIN\",\"isPartOf\":{\"@id\":\"https:\/\/www.isdin.com\/es\/blog\/#website\"},\"primaryImageOfPage\":{\"@id\":\"https:\/\/www.isdin.com\/es\/blog\/que-son-las-aftas-bucales-y-como-curarlas\/#primaryimage\"},\"image\":{\"@id\":\"https:\/\/www.isdin.com\/es\/blog\/que-son-las-aftas-bucales-y-como-curarlas\/#primaryimage\"},\"thumbnailUrl\":\"https:\/\/www.isdin.com\/es\/blog\/wp-content\/uploads\/2022\/12\/2024_11_Aftas_IMG03-1.jpg\",\"datePublished\":\"2024-12-02T17:27:16+00:00\",\"dateModified\":\"2024-12-02T17:27:17+00:00\",\"description\":\"Solo quien ha tenido alguna vez una llaga sabe lo molestas que pueden llegar a ser. \u00bfQuieres saber\u00a0qu\u00e9 son las aftas bucales y c\u00f3mo curarlas?\",\"breadcrumb\":{\"@id\":\"https:\/\/www.isdin.com\/es\/blog\/que-son-las-aftas-bucales-y-como-curarlas\/#breadcrumb\"},\"inLanguage\":\"es-ES\",\"potentialAction\":[{\"@type\":\"ReadAction\",\"target\":[\"https:\/\/www.isdin.com\/es\/blog\/que-son-las-aftas-bucales-y-como-curarlas\/\"]}]},{\"@type\":\"ImageObject\",\"inLanguage\":\"es-ES\",\"@id\":\"https:\/\/www.isdin.com\/es\/blog\/que-son-las-aftas-bucales-y-como-curarlas\/#primaryimage\",\"url\":\"https:\/\/www.isdin.com\/es\/blog\/wp-content\/uploads\/2022\/12\/2024_11_Aftas_IMG03-1.jpg\",\"contentUrl\":\"https:\/\/www.isdin.com\/es\/blog\/wp-content\/uploads\/2022\/12\/2024_11_Aftas_IMG03-1.jpg\",\"width\":1200,\"height\":760},{\"@type\":\"BreadcrumbList\",\"@id\":\"https:\/\/www.isdin.com\/es\/blog\/que-son-las-aftas-bucales-y-como-curarlas\/#breadcrumb\",\"itemListElement\":[{\"@type\":\"ListItem\",\"position\":1,\"name\":\"Portada\",\"item\":\"https:\/\/www.isdin.com\/es\/blog\/\"},{\"@type\":\"ListItem\",\"position\":2,\"name\":\"Qu\u00e9 son las aftas bucales y c\u00f3mo curarlas\"}]},{\"@type\":\"WebSite\",\"@id\":\"https:\/\/www.isdin.com\/es\/blog\/#website\",\"url\":\"https:\/\/www.isdin.com\/es\/blog\/\",\"name\":\"ISDIN\",\"description\":\"Novedades, lanzamientos de productos y toda la experiencia de ISDIN\",\"publisher\":{\"@id\":\"https:\/\/www.isdin.com\/es\/blog\/#organization\"},\"potentialAction\":[{\"@type\":\"SearchAction\",\"target\":{\"@type\":\"EntryPoint\",\"urlTemplate\":\"https:\/\/www.isdin.com\/es\/blog\/?s={search_term_string}\"},\"query-input\":{\"@type\":\"PropertyValueSpecification\",\"valueRequired\":true,\"valueName\":\"search_term_string\"}}],\"inLanguage\":\"es-ES\"},{\"@type\":\"Organization\",\"@id\":\"https:\/\/www.isdin.com\/es\/blog\/#organization\",\"name\":\"ISDIN\",\"alternateName\":\"ISDIN\",\"url\":\"https:\/\/www.isdin.com\/es\/blog\/\",\"logo\":{\"@type\":\"ImageObject\",\"inLanguage\":\"es-ES\",\"@id\":\"https:\/\/www.isdin.com\/es\/blog\/#\/schema\/logo\/image\/\",\"url\":\"https:\/\/www.isdin.com\/es\/blog\/wp-content\/uploads\/2024\/05\/2025_03_GuiaFoto_FWM.png\",\"contentUrl\":\"https:\/\/www.isdin.com\/es\/blog\/wp-content\/uploads\/2024\/05\/2025_03_GuiaFoto_FWM.png\",\"width\":670,\"height\":683,\"caption\":\"ISDIN\"},\"image\":{\"@id\":\"https:\/\/www.isdin.com\/es\/blog\/#\/schema\/logo\/image\/\"},\"sameAs\":[\"https:\/\/es-es.facebook.com\/ISDIN.official\/\",\"https:\/\/x.com\/isdin_official\",\"https:\/\/www.instagram.com\/isdinofficial\",\"https:\/\/www.youtube.com\/channel\/UCtoNJMKpDwdFLqgV23_lcqg\"],\"telephone\":\"659997812\"},{\"@type\":\"Person\",\"@id\":\"https:\/\/www.isdin.com\/es\/blog\/#\/schema\/person\/684015d7d9e78124cb4aa660f6fe8576\",\"name\":\"Belinda Mart\u00ednez\",\"image\":{\"@type\":\"ImageObject\",\"inLanguage\":\"es-ES\",\"@id\":\"https:\/\/www.isdin.com\/es\/blog\/#\/schema\/person\/image\/\",\"url\":\"https:\/\/www.isdin.com\/es\/blog\/wp-content\/uploads\/2017\/07\/jjjj.jpg\",\"contentUrl\":\"https:\/\/www.isdin.com\/es\/blog\/wp-content\/uploads\/2017\/07\/jjjj.jpg\",\"caption\":\"Belinda Mart\u00ednez\"},\"description\":\"Belinda es periodista y copywriter creativa. Tras a\u00f1os de experiencia, decidi\u00f3 fusionar sus habilidades de escritura con su amor por el skincare, convirti\u00e9ndose en una especialista en la materia. \u00bfSu imprescindible? Un buen b\u00e1lsamo de labios.\",\"sameAs\":[\"https:\/\/www.linkedin.com\/in\/thisisbel\/\"],\"url\":\"https:\/\/www.isdin.com\/es\/blog\/author\/belindamartinez\/\"}]}<\/script>\n<!-- \/ Yoast SEO Premium plugin. -->","yoast_head_json":{"title":"Qu\u00e9 son las aftas bucales y c\u00f3mo curarlas - ISDIN","description":"Solo quien ha tenido alguna vez una llaga sabe lo molestas que pueden llegar a ser. \u00bfQuieres saber\u00a0qu\u00e9 son las aftas bucales y c\u00f3mo curarlas?","robots":{"index":"index","follow":"follow","max-snippet":"max-snippet:-1","max-image-preview":"max-image-preview:large","max-video-preview":"max-video-preview:-1"},"canonical":"https:\/\/www.isdin.com\/es\/blog\/que-son-las-aftas-bucales-y-como-curarlas\/","og_locale":"es_ES","og_type":"article","og_title":"Qu\u00e9 son las aftas bucales y c\u00f3mo curarlas","og_description":"Solo quien ha tenido alguna vez una llaga sabe lo molestas que pueden llegar a ser. \u00bfQuieres saber\u00a0qu\u00e9 son las aftas bucales y c\u00f3mo curarlas?","og_url":"https:\/\/www.isdin.com\/es\/blog\/que-son-las-aftas-bucales-y-como-curarlas\/","og_site_name":"ISDIN","article_publisher":"https:\/\/es-es.facebook.com\/ISDIN.official\/","article_published_time":"2024-12-02T17:27:16+00:00","article_modified_time":"2024-12-02T17:27:17+00:00","og_image":[{"width":2400,"height":1260,"url":"https:\/\/www.isdin.com\/es\/blog\/wp-content\/uploads\/2020\/09\/2022_Blog_AftasBucales_imagen_Facebook.jpg","type":"image\/jpeg"}],"author":"Belinda Mart\u00ednez","twitter_card":"summary_large_image","twitter_creator":"@isdin_official","twitter_site":"@isdin_official","twitter_misc":{"Written by":"Belinda Mart\u00ednez","Est. reading time":"8 minutes"},"schema":{"@context":"https:\/\/schema.org","@graph":[{"@type":"Article","@id":"https:\/\/www.isdin.com\/es\/blog\/que-son-las-aftas-bucales-y-como-curarlas\/#article","isPartOf":{"@id":"https:\/\/www.isdin.com\/es\/blog\/que-son-las-aftas-bucales-y-como-curarlas\/"},"author":{"name":"Belinda Mart\u00ednez","@id":"https:\/\/www.isdin.com\/es\/blog\/#\/schema\/person\/684015d7d9e78124cb4aa660f6fe8576"},"headline":"Qu\u00e9 son las aftas bucales y c\u00f3mo curarlas","datePublished":"2024-12-02T17:27:16+00:00","dateModified":"2024-12-02T17:27:17+00:00","mainEntityOfPage":{"@id":"https:\/\/www.isdin.com\/es\/blog\/que-son-las-aftas-bucales-y-como-curarlas\/"},"wordCount":1439,"publisher":{"@id":"https:\/\/www.isdin.com\/es\/blog\/#organization"},"image":{"@id":"https:\/\/www.isdin.com\/es\/blog\/que-son-las-aftas-bucales-y-como-curarlas\/#primaryimage"},"thumbnailUrl":"https:\/\/www.isdin.com\/es\/blog\/wp-content\/uploads\/2022\/12\/2024_11_Aftas_IMG03-1.jpg","keywords":["aftas","bexident","cuidado bucodental"],"articleSection":["Consejos y cuidados","Cuidado bucodental"],"inLanguage":"es-ES"},{"@type":"WebPage","@id":"https:\/\/www.isdin.com\/es\/blog\/que-son-las-aftas-bucales-y-como-curarlas\/","url":"https:\/\/www.isdin.com\/es\/blog\/que-son-las-aftas-bucales-y-como-curarlas\/","name":"Qu\u00e9 son las aftas bucales y c\u00f3mo curarlas - ISDIN","isPartOf":{"@id":"https:\/\/www.isdin.com\/es\/blog\/#website"},"primaryImageOfPage":{"@id":"https:\/\/www.isdin.com\/es\/blog\/que-son-las-aftas-bucales-y-como-curarlas\/#primaryimage"},"image":{"@id":"https:\/\/www.isdin.com\/es\/blog\/que-son-las-aftas-bucales-y-como-curarlas\/#primaryimage"},"thumbnailUrl":"https:\/\/www.isdin.com\/es\/blog\/wp-content\/uploads\/2022\/12\/2024_11_Aftas_IMG03-1.jpg","datePublished":"2024-12-02T17:27:16+00:00","dateModified":"2024-12-02T17:27:17+00:00","description":"Solo quien ha tenido alguna vez una llaga sabe lo molestas que pueden llegar a ser. \u00bfQuieres saber\u00a0qu\u00e9 son las aftas bucales y c\u00f3mo curarlas?","breadcrumb":{"@id":"https:\/\/www.isdin.com\/es\/blog\/que-son-las-aftas-bucales-y-como-curarlas\/#breadcrumb"},"inLanguage":"es-ES","potentialAction":[{"@type":"ReadAction","target":["https:\/\/www.isdin.com\/es\/blog\/que-son-las-aftas-bucales-y-como-curarlas\/"]}]},{"@type":"ImageObject","inLanguage":"es-ES","@id":"https:\/\/www.isdin.com\/es\/blog\/que-son-las-aftas-bucales-y-como-curarlas\/#primaryimage","url":"https:\/\/www.isdin.com\/es\/blog\/wp-content\/uploads\/2022\/12\/2024_11_Aftas_IMG03-1.jpg","contentUrl":"https:\/\/www.isdin.com\/es\/blog\/wp-content\/uploads\/2022\/12\/2024_11_Aftas_IMG03-1.jpg","width":1200,"height":760},{"@type":"BreadcrumbList","@id":"https:\/\/www.isdin.com\/es\/blog\/que-son-las-aftas-bucales-y-como-curarlas\/#breadcrumb","itemListElement":[{"@type":"ListItem","position":1,"name":"Portada","item":"https:\/\/www.isdin.com\/es\/blog\/"},{"@type":"ListItem","position":2,"name":"Qu\u00e9 son las aftas bucales y c\u00f3mo curarlas"}]},{"@type":"WebSite","@id":"https:\/\/www.isdin.com\/es\/blog\/#website","url":"https:\/\/www.isdin.com\/es\/blog\/","name":"ISDIN","description":"Novedades, lanzamientos de productos y toda la experiencia de ISDIN","publisher":{"@id":"https:\/\/www.isdin.com\/es\/blog\/#organization"},"potentialAction":[{"@type":"SearchAction","target":{"@type":"EntryPoint","urlTemplate":"https:\/\/www.isdin.com\/es\/blog\/?s={search_term_string}"},"query-input":{"@type":"PropertyValueSpecification","valueRequired":true,"valueName":"search_term_string"}}],"inLanguage":"es-ES"},{"@type":"Organization","@id":"https:\/\/www.isdin.com\/es\/blog\/#organization","name":"ISDIN","alternateName":"ISDIN","url":"https:\/\/www.isdin.com\/es\/blog\/","logo":{"@type":"ImageObject","inLanguage":"es-ES","@id":"https:\/\/www.isdin.com\/es\/blog\/#\/schema\/logo\/image\/","url":"https:\/\/www.isdin.com\/es\/blog\/wp-content\/uploads\/2024\/05\/2025_03_GuiaFoto_FWM.png","contentUrl":"https:\/\/www.isdin.com\/es\/blog\/wp-content\/uploads\/2024\/05\/2025_03_GuiaFoto_FWM.png","width":670,"height":683,"caption":"ISDIN"},"image":{"@id":"https:\/\/www.isdin.com\/es\/blog\/#\/schema\/logo\/image\/"},"sameAs":["https:\/\/es-es.facebook.com\/ISDIN.official\/","https:\/\/x.com\/isdin_official","https:\/\/www.instagram.com\/isdinofficial","https:\/\/www.youtube.com\/channel\/UCtoNJMKpDwdFLqgV23_lcqg"],"telephone":"659997812"},{"@type":"Person","@id":"https:\/\/www.isdin.com\/es\/blog\/#\/schema\/person\/684015d7d9e78124cb4aa660f6fe8576","name":"Belinda Mart\u00ednez","image":{"@type":"ImageObject","inLanguage":"es-ES","@id":"https:\/\/www.isdin.com\/es\/blog\/#\/schema\/person\/image\/","url":"https:\/\/www.isdin.com\/es\/blog\/wp-content\/uploads\/2017\/07\/jjjj.jpg","contentUrl":"https:\/\/www.isdin.com\/es\/blog\/wp-content\/uploads\/2017\/07\/jjjj.jpg","caption":"Belinda Mart\u00ednez"},"description":"Belinda es periodista y copywriter creativa. Tras a\u00f1os de experiencia, decidi\u00f3 fusionar sus habilidades de escritura con su amor por el skincare, convirti\u00e9ndose en una especialista en la materia. \u00bfSu imprescindible? Un buen b\u00e1lsamo de labios.","sameAs":["https:\/\/www.linkedin.com\/in\/thisisbel\/"],"url":"https:\/\/www.isdin.com\/es\/blog\/author\/belindamartinez\/"}]}},"_links":{"self":[{"href":"https:\/\/www.isdin.com\/es\/blog\/wp-json\/wp\/v2\/posts\/4054","targetHints":{"allow":["GET"]}}],"collection":[{"href":"https:\/\/www.isdin.com\/es\/blog\/wp-json\/wp\/v2\/posts"}],"about":[{"href":"https:\/\/www.isdin.com\/es\/blog\/wp-json\/wp\/v2\/types\/post"}],"author":[{"embeddable":true,"href":"https:\/\/www.isdin.com\/es\/blog\/wp-json\/wp\/v2\/users\/69"}],"replies":[{"embeddable":true,"href":"https:\/\/www.isdin.com\/es\/blog\/wp-json\/wp\/v2\/comments?post=4054"}],"version-history":[{"count":18,"href":"https:\/\/www.isdin.com\/es\/blog\/wp-json\/wp\/v2\/posts\/4054\/revisions"}],"predecessor-version":[{"id":11357,"href":"https:\/\/www.isdin.com\/es\/blog\/wp-json\/wp\/v2\/posts\/4054\/revisions\/11357"}],"wp:featuredmedia":[{"embeddable":true,"href":"https:\/\/www.isdin.com\/es\/blog\/wp-json\/wp\/v2\/media\/11356"}],"wp:attachment":[{"href":"https:\/\/www.isdin.com\/es\/blog\/wp-json\/wp\/v2\/media?parent=4054"}],"wp:term":[{"taxonomy":"category","embeddable":true,"href":"https:\/\/www.isdin.com\/es\/blog\/wp-json\/wp\/v2\/categories?post=4054"},{"taxonomy":"post_tag","embeddable":true,"href":"https:\/\/www.isdin.com\/es\/blog\/wp-json\/wp\/v2\/tags?post=4054"}],"curies":[{"name":"wp","href":"https:\/\/api.w.org\/{rel}","templated":true}]}}