{"id":3855,"date":"2025-08-11T08:12:00","date_gmt":"2025-08-11T08:12:00","guid":{"rendered":"https:\/\/www.isdin.com\/es\/blog\/?p=3855"},"modified":"2025-08-12T15:22:55","modified_gmt":"2025-08-12T15:22:55","slug":"flacidez-piel-verano","status":"publish","type":"post","link":"https:\/\/www.isdin.com\/es\/blog\/flacidez-piel-verano\/","title":{"rendered":"\u00bfFlacidez en la piel? Comb\u00e1tela este verano"},"content":{"rendered":"\n<p>Con el verano llega el buen tiempo, la subida de las temperaturas y los planes al aire libre. Cambia el armario, cambian las rutinas y tambi\u00e9n cambia la forma en que nos miramos: con m\u00e1s atenci\u00f3n, con m\u00e1s exigencia y con ganas de vernos bien. Es ah\u00ed cuando aparece una preocupaci\u00f3n que tiende a pasar desapercibida durante los meses m\u00e1s fr\u00edos: la <strong>flacidez<\/strong>.<\/p>\n\n\n\n<p>Es una inquietud silenciosa, pero que en verano se hace m\u00e1s visible. La buena noticia es que no es irreversible. La piel tiene memoria y capacidad de reacci\u00f3n. Entender qu\u00e9 hay detr\u00e1s de esa p\u00e9rdida de firmeza es el primer paso para <strong>recuperar su aspecto tonificado y su belleza natural<\/strong>. \u00bfComenzamos?<\/p>\n\n\n\n<h2 class=\"wp-block-heading\" id=\"h-que-es-la-flacidez-cutanea-y-por-que-aparece\">\u00bfQu\u00e9 es la flacidez cut\u00e1nea y por qu\u00e9 aparece?<\/h2>\n\n\n<div class=\"wp-block-image\">\n<figure class=\"aligncenter\"><img loading=\"lazy\" decoding=\"async\" width=\"1200\" height=\"618\" src=\"data:image\/gif;base64,R0lGODlhAQABAAAAACH5BAEKAAEALAAAAAABAAEAAAICTAEAOw==\" data-src=\"https:\/\/www.isdin.com\/es\/blog\/wp-content\/uploads\/2018\/06\/flacidez1.png\" alt=\"\" class=\"wp-image-12448 lazyload\" data-sizes=\"auto\" data-srcset=\"https:\/\/www.isdin.com\/es\/blog\/wp-content\/uploads\/2018\/06\/flacidez1.png 1200w, https:\/\/www.isdin.com\/es\/blog\/wp-content\/uploads\/2018\/06\/flacidez1-300x155.png 300w, https:\/\/www.isdin.com\/es\/blog\/wp-content\/uploads\/2018\/06\/flacidez1-1024x527.png 1024w, https:\/\/www.isdin.com\/es\/blog\/wp-content\/uploads\/2018\/06\/flacidez1-150x77.png 150w, https:\/\/www.isdin.com\/es\/blog\/wp-content\/uploads\/2018\/06\/flacidez1-768x396.png 768w, https:\/\/www.isdin.com\/es\/blog\/wp-content\/uploads\/2018\/06\/flacidez1-585x300.png 585w, https:\/\/www.isdin.com\/es\/blog\/wp-content\/uploads\/2018\/06\/flacidez1-450x232.png 450w, https:\/\/www.isdin.com\/es\/blog\/wp-content\/uploads\/2018\/06\/flacidez1-20x11.png 20w, https:\/\/www.isdin.com\/es\/blog\/wp-content\/uploads\/2018\/06\/flacidez1-225x116.png 225w, https:\/\/www.isdin.com\/es\/blog\/wp-content\/uploads\/2018\/06\/flacidez1-900x464.png 900w\" sizes=\"auto, (max-width: 1200px) 100vw, 1200px\" \/><\/figure>\n<\/div>\n\n\n<p><\/p>\n\n\n\n<p>La flacidez cut\u00e1nea es la <strong>p\u00e9rdida de firmeza y elasticidad de la piel<\/strong>, haciendo que se vea menos tonificada, como si hubiera perdido parte de su fuerza.<\/p>\n\n\n\n<p><strong>Suele aparecer en zonas como los brazos, el abdomen, los muslos o el rostro<\/strong>, y puede deberse a m\u00faltiples factores: <a href=\"https:\/\/www.isdin.com\/es\/blog\/como-envejece-nuestra-piel\/\" target=\"_blank\" rel=\"noreferrer noopener\">el paso del tiempo<\/a>, la gen\u00e9tica, cambios hormonales, p\u00e9rdidas de peso r\u00e1pidas, una <a href=\"https:\/\/www.isdin.com\/es\/blog\/alimentos-buenos-para-la-piel\/\" target=\"_blank\" rel=\"noreferrer noopener\">alimentaci\u00f3n<\/a> desequilibrada o incluso el <a href=\"https:\/\/www.isdin.com\/es\/blog\/tag\/embarazo\/\" target=\"_blank\" rel=\"noreferrer noopener\">embarazo<\/a>. Todos ellos afectan a las fibras de col\u00e1geno y elastina, que son las encargadas de mantener la piel firme y el\u00e1stica.<\/p>\n\n\n\n<p>En l\u00edneas generales se distinguen dos tipos de flacidez:<\/p>\n\n\n\n<ul class=\"wp-block-list\">\n<li><strong>Flacidez estructural<\/strong>: ligada al envejecimiento natural, a nuestra herencia gen\u00e9tica o a procesos internos como los cambios hormonales.<\/li>\n\n\n\n<li><strong>Flacidez <a href=\"https:\/\/www.isdin.com\/es\/blog\/rutina-de-piel-para-cada-estacion\/\" target=\"_blank\" rel=\"noreferrer noopener\">estacional<\/a> o puntual<\/strong>: m\u00e1s visible en \u00e9pocas como el verano y que <a href=\"https:\/\/pubmed.ncbi.nlm.nih.gov\/21382055\/\" target=\"_blank\" rel=\"noreferrer noopener\">puede hacer que la piel se vea m\u00e1s apagada y con menos firmeza<\/a>, especialmente si ya existe una base estructural previa.<\/li>\n<\/ul>\n\n\n\n<p>Conocer las causas de la p\u00e9rdida de firmeza en la piel y abordarlas desde distintos \u00e1ngulos (<a href=\"https:\/\/www.isdin.com\/es\/blog\/alimentacion-para-una-piel-sana\/\" target=\"_blank\" rel=\"noreferrer noopener\">alimentaci\u00f3n<\/a>, cuidado t\u00f3pico, ejercicio y constancia) puede ayudarte a recuperar parte de su firmeza, elasticidad y vitalidad.<\/p>\n\n\n\n<p><\/p>\n\n\n\n<h2 class=\"wp-block-heading\" id=\"h-por-que-empeora-en-verano\">\u00bfPor qu\u00e9 empeora en verano?<\/h2>\n\n\n<div class=\"wp-block-image\">\n<figure class=\"aligncenter\"><a href=\"https:\/\/www.isdin.com\/es\/blog\/?p=11981&amp;preview=true&amp;_thumbnail_id=11982\"><img loading=\"lazy\" decoding=\"async\" width=\"1200\" height=\"760\" src=\"data:image\/gif;base64,R0lGODlhAQABAAAAACH5BAEKAAEALAAAAAABAAEAAAICTAEAOw==\" data-src=\"https:\/\/www.isdin.com\/es\/blog\/wp-content\/uploads\/2018\/06\/flacidez2.png\" alt=\"\" class=\"wp-image-12449 lazyload\" data-sizes=\"auto\" data-srcset=\"https:\/\/www.isdin.com\/es\/blog\/wp-content\/uploads\/2018\/06\/flacidez2.png 1200w, https:\/\/www.isdin.com\/es\/blog\/wp-content\/uploads\/2018\/06\/flacidez2-300x190.png 300w, https:\/\/www.isdin.com\/es\/blog\/wp-content\/uploads\/2018\/06\/flacidez2-1024x649.png 1024w, https:\/\/www.isdin.com\/es\/blog\/wp-content\/uploads\/2018\/06\/flacidez2-150x95.png 150w, https:\/\/www.isdin.com\/es\/blog\/wp-content\/uploads\/2018\/06\/flacidez2-768x486.png 768w, https:\/\/www.isdin.com\/es\/blog\/wp-content\/uploads\/2018\/06\/flacidez2-450x285.png 450w, https:\/\/www.isdin.com\/es\/blog\/wp-content\/uploads\/2018\/06\/flacidez2-225x143.png 225w, https:\/\/www.isdin.com\/es\/blog\/wp-content\/uploads\/2018\/06\/flacidez2-900x570.png 900w, https:\/\/www.isdin.com\/es\/blog\/wp-content\/uploads\/2018\/06\/flacidez2-20x13.png 20w\" sizes=\"auto, (max-width: 1200px) 100vw, 1200px\" \/><\/a><\/figure>\n<\/div>\n\n\n<p><\/p>\n\n\n\n<p><a href=\"https:\/\/www.isdin.com\/es\/blog\/?p=11981&amp;preview=true&amp;_thumbnail_id=11982\" target=\"_blank\" rel=\"noreferrer noopener\">Al subir las temperaturas<\/a>, la piel se expone a factores que pueden acentuar la flacidez, sobre todo si ya existe una predisposici\u00f3n previa:<\/p>\n\n\n\n<ul class=\"wp-block-list\">\n<li><strong>Deshidrataci\u00f3n<\/strong>: las altas temperaturas favorecen la <a href=\"https:\/\/www.isdin.com\/blog\/perdida-de-agua-transepidermica-que-es\/\" target=\"_blank\" rel=\"noreferrer noopener\"><strong>p\u00e9rdida de agua<\/strong><\/a> a trav\u00e9s del sudor. \u00bfEl resultado? Una <strong>piel m\u00e1s seca y menos el\u00e1stica<\/strong>.<\/li>\n\n\n\n<li><strong>Da\u00f1o solar<\/strong> <strong>(<a href=\"https:\/\/www.isdin.com\/es\/blog\/efectos-del-fotoenvejecimiento-en-la-piel\/\" target=\"_blank\" rel=\"noreferrer noopener\">fotoenvejecimiento<\/a>)<\/strong>: la radiaci\u00f3n UV afecta directamente al <a href=\"https:\/\/www.isdin.com\/blog\/beneficios-del-colageno-para-la-piel\/\" target=\"_blank\" rel=\"noreferrer noopener\">col\u00e1geno y la elastina<\/a>, generando un <a href=\"https:\/\/www.isdin.com\/es\/blog\/que-son-los-radicales-libres-y-la-oxidacion-de-la-piel\/\"><strong>estr\u00e9s oxidativo<\/strong><\/a> que acelera el <strong>envejecimiento cut\u00e1neo<\/strong>. Una exposici\u00f3n solar sin protecci\u00f3n adecuada puede repercutir en una piel m\u00e1s fina, d\u00e9bil y propensa a la flacidez.<\/li>\n\n\n\n<li><strong>Sudoraci\u00f3n y p\u00e9rdida de firmeza<\/strong>: aunque sudar es un mecanismo natural de regulaci\u00f3n t\u00e9rmica, una sudoraci\u00f3n excesiva sin una buena reposici\u00f3n de l\u00edquidos y minerales puede <strong>debilitar la <a href=\"https:\/\/www.isdin.com\/blog\/que-es-la-barrera-cutanea\/\" target=\"_blank\" rel=\"noreferrer noopener\">barrera cut\u00e1nea<\/a><\/strong>, haciendo que la piel se vea m\u00e1s <strong>apagada y fatigada<\/strong>.<\/li>\n<\/ul>\n\n\n\n<p><\/p>\n\n\n\n<h2 class=\"wp-block-heading\" id=\"h-como-prevenir-la-flacidez-en-verano\">\u00bfC\u00f3mo prevenir la flacidez en verano?<\/h2>\n\n\n\n<p>El verano puede ser el momento ideal para reconectar con tu cuerpo, observar c\u00f3mo se comporta tu piel y cuidarla con m\u00e1s atenci\u00f3n.<\/p>\n\n\n\n<p>La clave est\u00e1 en <strong>adoptar <a href=\"https:\/\/www.isdin.com\/es\/blog\/rutina-cuidado-corporal-verano\/\" target=\"_blank\" rel=\"noreferrer noopener\">una rutina constante<\/a><\/strong> y adaptada a las necesidades de tu piel en esta \u00e9poca del a\u00f1o. No se trata de complicarse, sino de incorporar gestos sencillos pero efectivos que te ayuden a mimarla y darle lo que necesita. No para cambiarla, sino para cuidarla porque la quieres. \u00a1Toma nota!<\/p>\n\n\n\n<div class=\"wp-block-media-text is-stacked-on-mobile\"><figure class=\"wp-block-media-text__media\"><img loading=\"lazy\" decoding=\"async\" width=\"895\" height=\"1024\" src=\"data:image\/gif;base64,R0lGODlhAQABAAAAACH5BAEKAAEALAAAAAABAAEAAAICTAEAOw==\" data-src=\"https:\/\/www.isdin.com\/es\/blog\/wp-content\/uploads\/2018\/06\/hidratacion-895x1024.png\" alt=\"\" class=\"wp-image-12450 size-full lazyload\" data-sizes=\"auto\" data-srcset=\"https:\/\/www.isdin.com\/es\/blog\/wp-content\/uploads\/2018\/06\/hidratacion-895x1024.png 895w, https:\/\/www.isdin.com\/es\/blog\/wp-content\/uploads\/2018\/06\/hidratacion-262x300.png 262w, https:\/\/www.isdin.com\/es\/blog\/wp-content\/uploads\/2018\/06\/hidratacion-131x150.png 131w, https:\/\/www.isdin.com\/es\/blog\/wp-content\/uploads\/2018\/06\/hidratacion-768x879.png 768w, https:\/\/www.isdin.com\/es\/blog\/wp-content\/uploads\/2018\/06\/hidratacion-450x515.png 450w, https:\/\/www.isdin.com\/es\/blog\/wp-content\/uploads\/2018\/06\/hidratacion-225x257.png 225w, https:\/\/www.isdin.com\/es\/blog\/wp-content\/uploads\/2018\/06\/hidratacion-900x1030.png 900w, https:\/\/www.isdin.com\/es\/blog\/wp-content\/uploads\/2018\/06\/hidratacion-20x23.png 20w, https:\/\/www.isdin.com\/es\/blog\/wp-content\/uploads\/2018\/06\/hidratacion.png 1000w\" sizes=\"auto, (max-width: 895px) 100vw, 895px\" \/><\/figure><div class=\"wp-block-media-text__content\">\n<h3 class=\"wp-block-heading\" id=\"h-hidratacion-profunda-por-dentro-y-por-fuera\"><strong>Hidrataci\u00f3n profunda (por dentro y por fuera)<\/strong><\/h3>\n\n\n\n<p>Bebe agua con frecuencia, incluso si no tienes sed. A nivel t\u00f3pico, apuesta por f\u00f3rmulas hidratantes con ingredientes como el <a href=\"https:\/\/www.isdin.com\/es\/blog\/para-que-sirve-acido-hialuronico\/\" target=\"_blank\" rel=\"noreferrer noopener\">\u00e1cido hialur\u00f3nico<\/a> o la <a href=\"https:\/\/www.isdin.com\/es\/blog\/que-es-la-urea-y-para-que-sirve\/\" target=\"_blank\" rel=\"noreferrer noopener\">urea<\/a>, que ayudan a mantener la piel flexible y resistente. <a href=\"https:\/\/www.isdin.com\/es\/p\/hyaluronic-concentrate\/3805\" target=\"_blank\" rel=\"noreferrer noopener\">Hyaluronic Concentrate<\/a>, <a href=\"https:\/\/www.isdin.com\/es-AR\/isdinceutics\/hyaluronic-moisture\/\" target=\"_blank\" rel=\"noreferrer noopener\">Hyaluronic Moisture<\/a> o <a href=\"https:\/\/www.isdin.com\/es\/p\/cream-10\/4649\" target=\"_blank\" rel=\"noreferrer noopener\">Ureadin Cream 10<\/a> pueden ser muy buenos aliados.<\/p>\n<\/div><\/div>\n\n\n\n<div class=\"wp-block-media-text has-media-on-the-right is-stacked-on-mobile\"><div class=\"wp-block-media-text__content\">\n<h3 class=\"wp-block-heading\" id=\"h-fotoproteccion-diaria-con-antioxidantes\"><strong>Fotoprotecci\u00f3n diaria con antioxidantes<\/strong><\/h3>\n\n\n\n<p>No solo se trata de evitar quemaduras, sino de <strong>proteger las fibras de col\u00e1geno y elastina<\/strong> frente al da\u00f1o solar. Elige fotoprotectores corporales con activos antioxidantes que protejan tu piel y te ayuden a combatir el fotoenvejecimiento, como <a href=\"https:\/\/www.isdin.com\/es\/p\/hydro-lotion-spf-50\/2916\" target=\"_blank\" rel=\"noreferrer noopener\">Hydro Lotion<\/a>. \u00a1Y no te olvides del rostro! La <a href=\"https:\/\/www.isdin.com\/es\/blog\/fotoprotectores-solares-para-la-cara-isdin\/\" target=\"_blank\" rel=\"noreferrer noopener\">fotoprotecci\u00f3n Full Spectrum<\/a> de <a href=\"https:\/\/www.isdin.com\/es\/p\/fusion-water-magic-spf-50\/1349\" target=\"_blank\" rel=\"noreferrer noopener\">Fusion Water MAGIC<\/a> ser\u00e1 tu gran aliada.<\/p>\n<\/div><figure class=\"wp-block-media-text__media\"><img loading=\"lazy\" decoding=\"async\" width=\"895\" height=\"1024\" src=\"data:image\/gif;base64,R0lGODlhAQABAAAAACH5BAEKAAEALAAAAAABAAEAAAICTAEAOw==\" data-src=\"https:\/\/www.isdin.com\/es\/blog\/wp-content\/uploads\/2018\/06\/hydrolotion-isdin-1-895x1024.png\" alt=\"\" class=\"wp-image-12454 size-full lazyload\" data-sizes=\"auto\" data-srcset=\"https:\/\/www.isdin.com\/es\/blog\/wp-content\/uploads\/2018\/06\/hydrolotion-isdin-1-895x1024.png 895w, https:\/\/www.isdin.com\/es\/blog\/wp-content\/uploads\/2018\/06\/hydrolotion-isdin-1-262x300.png 262w, https:\/\/www.isdin.com\/es\/blog\/wp-content\/uploads\/2018\/06\/hydrolotion-isdin-1-131x150.png 131w, https:\/\/www.isdin.com\/es\/blog\/wp-content\/uploads\/2018\/06\/hydrolotion-isdin-1-768x879.png 768w, https:\/\/www.isdin.com\/es\/blog\/wp-content\/uploads\/2018\/06\/hydrolotion-isdin-1-450x515.png 450w, https:\/\/www.isdin.com\/es\/blog\/wp-content\/uploads\/2018\/06\/hydrolotion-isdin-1-225x257.png 225w, https:\/\/www.isdin.com\/es\/blog\/wp-content\/uploads\/2018\/06\/hydrolotion-isdin-1-900x1030.png 900w, https:\/\/www.isdin.com\/es\/blog\/wp-content\/uploads\/2018\/06\/hydrolotion-isdin-1-20x23.png 20w, https:\/\/www.isdin.com\/es\/blog\/wp-content\/uploads\/2018\/06\/hydrolotion-isdin-1.png 1000w\" sizes=\"auto, (max-width: 895px) 100vw, 895px\" \/><\/figure><\/div>\n\n\n\n<div class=\"wp-block-media-text is-stacked-on-mobile\"><figure class=\"wp-block-media-text__media\"><img loading=\"lazy\" decoding=\"async\" width=\"895\" height=\"1024\" src=\"data:image\/gif;base64,R0lGODlhAQABAAAAACH5BAEKAAEALAAAAAABAAEAAAICTAEAOw==\" data-src=\"https:\/\/www.isdin.com\/es\/blog\/wp-content\/uploads\/2018\/06\/nutricion-895x1024.png\" alt=\"\" class=\"wp-image-12455 size-full lazyload\" data-sizes=\"auto\" data-srcset=\"https:\/\/www.isdin.com\/es\/blog\/wp-content\/uploads\/2018\/06\/nutricion-895x1024.png 895w, https:\/\/www.isdin.com\/es\/blog\/wp-content\/uploads\/2018\/06\/nutricion-262x300.png 262w, https:\/\/www.isdin.com\/es\/blog\/wp-content\/uploads\/2018\/06\/nutricion-131x150.png 131w, https:\/\/www.isdin.com\/es\/blog\/wp-content\/uploads\/2018\/06\/nutricion-768x879.png 768w, https:\/\/www.isdin.com\/es\/blog\/wp-content\/uploads\/2018\/06\/nutricion-450x515.png 450w, https:\/\/www.isdin.com\/es\/blog\/wp-content\/uploads\/2018\/06\/nutricion-225x257.png 225w, https:\/\/www.isdin.com\/es\/blog\/wp-content\/uploads\/2018\/06\/nutricion-900x1030.png 900w, https:\/\/www.isdin.com\/es\/blog\/wp-content\/uploads\/2018\/06\/nutricion-20x23.png 20w, https:\/\/www.isdin.com\/es\/blog\/wp-content\/uploads\/2018\/06\/nutricion.png 1000w\" sizes=\"auto, (max-width: 895px) 100vw, 895px\" \/><\/figure><div class=\"wp-block-media-text__content\">\n<h3 class=\"wp-block-heading\" id=\"h-habitos-saludables\"><strong>H\u00e1bitos saludables<\/strong><\/h3>\n\n\n\n<p><a href=\"https:\/\/www.isdin.com\/es\/blog\/alimentacion-para-una-piel-sana\/\" target=\"_blank\" rel=\"noreferrer noopener\">Una alimentaci\u00f3n equilibrada<\/a> rica en <a href=\"https:\/\/www.isdin.com\/es\/blog\/alimentos-antioxidantes-piel-luminosa\/\" target=\"_blank\" rel=\"noreferrer noopener\">antioxidantes<\/a>, prote\u00ednas y \u00e1cidos grasos esenciales es clave para nutrir tu piel desde dentro. A\u00f1ade a la receta <a href=\"https:\/\/www.isdin.com\/es\/blog\/consejos-para-dormir-bien\/\" target=\"_blank\" rel=\"noreferrer noopener\">un buen descanso nocturno<\/a> y algo de ejercicio regular, y tu piel lo notar\u00e1.<\/p>\n<\/div><\/div>\n\n\n\n<div class=\"wp-block-media-text has-media-on-the-right is-stacked-on-mobile\"><div class=\"wp-block-media-text__content\">\n<h3 class=\"wp-block-heading\" id=\"h-rutina-reafirmante\"><strong>Rutina reafirmante<\/strong><\/h3>\n\n\n\n<p>Recuerda integrar siempre cuidados espec\u00edficos en tu rutina diaria. La gama <a href=\"https:\/\/www.isdin.com\/es\/c\/marcas\/isdin-woman\" target=\"_blank\" rel=\"noreferrer noopener\">ISDIN Woman<\/a> contiene productos formulados espec\u00edficamente para responder a las necesidades de la piel femenina. Productos eficaces, agradables de usar, testados dermatol\u00f3gicamente y pensados para integrarse en tu rutina diaria con facilidad.<\/p>\n<\/div><figure class=\"wp-block-media-text__media\"><img loading=\"lazy\" decoding=\"async\" width=\"895\" height=\"1024\" src=\"data:image\/gif;base64,R0lGODlhAQABAAAAACH5BAEKAAEALAAAAAABAAEAAAICTAEAOw==\" data-src=\"https:\/\/www.isdin.com\/es\/blog\/wp-content\/uploads\/2018\/06\/isdin-woman-reafirmante-895x1024.png\" alt=\"\" class=\"wp-image-12457 size-full lazyload\" data-sizes=\"auto\" data-srcset=\"https:\/\/www.isdin.com\/es\/blog\/wp-content\/uploads\/2018\/06\/isdin-woman-reafirmante-895x1024.png 895w, https:\/\/www.isdin.com\/es\/blog\/wp-content\/uploads\/2018\/06\/isdin-woman-reafirmante-262x300.png 262w, https:\/\/www.isdin.com\/es\/blog\/wp-content\/uploads\/2018\/06\/isdin-woman-reafirmante-131x150.png 131w, https:\/\/www.isdin.com\/es\/blog\/wp-content\/uploads\/2018\/06\/isdin-woman-reafirmante-768x879.png 768w, https:\/\/www.isdin.com\/es\/blog\/wp-content\/uploads\/2018\/06\/isdin-woman-reafirmante-450x515.png 450w, https:\/\/www.isdin.com\/es\/blog\/wp-content\/uploads\/2018\/06\/isdin-woman-reafirmante-225x257.png 225w, https:\/\/www.isdin.com\/es\/blog\/wp-content\/uploads\/2018\/06\/isdin-woman-reafirmante-900x1030.png 900w, https:\/\/www.isdin.com\/es\/blog\/wp-content\/uploads\/2018\/06\/isdin-woman-reafirmante-20x23.png 20w, https:\/\/www.isdin.com\/es\/blog\/wp-content\/uploads\/2018\/06\/isdin-woman-reafirmante.png 1000w\" sizes=\"auto, (max-width: 895px) 100vw, 895px\" \/><\/figure><\/div>\n\n\n\n<h2 class=\"wp-block-heading\" id=\"h-isdin-woman-tu-aliado-para-recuperar-la-firmeza\">ISDIN Woman: tu aliado para recuperar la firmeza<\/h2>\n\n\n\n<figure class=\"wp-block-image size-large\"><a href=\"https:\/\/www.isdin.com\/es\/p\/reafirmante\/3729\" target=\"_blank\" rel=\" noreferrer noopener\"><img loading=\"lazy\" decoding=\"async\" width=\"1024\" height=\"527\" src=\"data:image\/gif;base64,R0lGODlhAQABAAAAACH5BAEKAAEALAAAAAABAAEAAAICTAEAOw==\" data-src=\"https:\/\/www.isdin.com\/es\/blog\/wp-content\/uploads\/2018\/06\/isdin-woman-reafirmante-3-1024x527.png\" alt=\"\" class=\"wp-image-12461 lazyload\" data-sizes=\"auto\" data-srcset=\"https:\/\/www.isdin.com\/es\/blog\/wp-content\/uploads\/2018\/06\/isdin-woman-reafirmante-3-1024x527.png 1024w, https:\/\/www.isdin.com\/es\/blog\/wp-content\/uploads\/2018\/06\/isdin-woman-reafirmante-3-300x155.png 300w, https:\/\/www.isdin.com\/es\/blog\/wp-content\/uploads\/2018\/06\/isdin-woman-reafirmante-3-150x77.png 150w, https:\/\/www.isdin.com\/es\/blog\/wp-content\/uploads\/2018\/06\/isdin-woman-reafirmante-3-768x396.png 768w, https:\/\/www.isdin.com\/es\/blog\/wp-content\/uploads\/2018\/06\/isdin-woman-reafirmante-3-585x300.png 585w, https:\/\/www.isdin.com\/es\/blog\/wp-content\/uploads\/2018\/06\/isdin-woman-reafirmante-3-450x232.png 450w, https:\/\/www.isdin.com\/es\/blog\/wp-content\/uploads\/2018\/06\/isdin-woman-reafirmante-3-20x11.png 20w, https:\/\/www.isdin.com\/es\/blog\/wp-content\/uploads\/2018\/06\/isdin-woman-reafirmante-3-225x116.png 225w, https:\/\/www.isdin.com\/es\/blog\/wp-content\/uploads\/2018\/06\/isdin-woman-reafirmante-3-900x464.png 900w, https:\/\/www.isdin.com\/es\/blog\/wp-content\/uploads\/2018\/06\/isdin-woman-reafirmante-3.png 1200w\" sizes=\"auto, (max-width: 1024px) 100vw, 1024px\" \/><\/a><\/figure>\n\n\n\n<p><\/p>\n\n\n\n<p><\/p>\n\n\n\n<p>Incorporar productos reafirmantes en tu rutina puede ayudarte a <strong>mejorar el aspecto de tu piel<\/strong>, siempre combin\u00e1ndolo con una buena hidrataci\u00f3n, <a href=\"https:\/\/www.isdin.com\/es\/blog\/fotoprotectores-solares-para-la-cara-isdin\/\" target=\"_blank\" rel=\"noreferrer noopener\">fotoprotecci\u00f3n<\/a> y <a href=\"https:\/\/www.isdin.com\/es\/blog\/de-meta-a-habito-la-clave-para-el-exito\/\" target=\"_blank\" rel=\"noreferrer noopener\">h\u00e1bitos saludables<\/a>.<\/p>\n\n\n\n<p><a href=\"https:\/\/www.isdin.com\/es\/p\/reafirmante\/3729\" target=\"_blank\" rel=\"noreferrer noopener\"><strong>ISDIN Woman Reafirmante<\/strong><\/a> es una crema corporal de r\u00e1pida absorci\u00f3n que combina ingredientes como <strong>aceite de rosa mosqueta<\/strong>, <em><strong>proteasyl<\/strong><\/em> y <a href=\"https:\/\/www.isdin.com\/es\/blog\/centella-asiatica-la-hierba-la-juventud\/\">centella asi\u00e1tica<\/a> para ayudar a mejorar la firmeza de la piel y proporcionar una hidrataci\u00f3n intensa.<\/p>\n\n\n\n<p>Adem\u00e1s, su ligera textura la convierten en una opci\u00f3n perfecta <a href=\"https:\/\/www.isdin.com\/es\/blog\/ideas_para_regalar\/\" target=\"_blank\" rel=\"noreferrer noopener\">para el verano<\/a>: no deja residuo graso y se funde f\u00e1cilmente con la piel, convirtiendo el momento de aplicaci\u00f3n en un peque\u00f1o ritual diario. Y lo mejor para el final: con constancia, puedes empezar a notar resultados visibles \u00a1en pocas semanas!<\/p>\n\n\n\n<h2 class=\"wp-block-heading\" id=\"h-recuerda-el-cuidado-constante-marca-la-diferencia\">Recuerda: el cuidado constante marca la diferencia<\/h2>\n\n\n\n<p>La flacidez no aparece de un d\u00eda para otro, y tampoco desaparece por arte de magia. El verano puede ser un buen momento para reconectar con tu piel, observarla sin juicio y empezar a cuidarla con m\u00e1s intenci\u00f3n (desde el cari\u00f1o, no desde la exigencia).<\/p>\n\n\n\n<p>La clave est\u00e1 en la constancia: hidr\u00e1tate, prot\u00e9gete del sol, elige productos que te ayuden a reforzar la firmeza y acompa\u00f1a todo esto con buenos h\u00e1bitos. Porque cuidar tu piel no es solo una cuesti\u00f3n est\u00e9tica: es una forma de cuidarte a ti.<\/p>\n","protected":false},"excerpt":{"rendered":"<p>La flacidez no aparece de un d\u00eda para otro, y tampoco desaparece por arte de magia. El verano puede ser un buen momento para reconectar con tu piel, observarla sin juicio y empezar a cuidarla con m\u00e1s intenci\u00f3n (desde el cari\u00f1o, no desde la exigencia).<\/p>\n","protected":false},"author":70,"featured_media":12447,"comment_status":"open","ping_status":"open","sticky":false,"template":"","format":"image","meta":{"footnotes":""},"categories":[1],"tags":[],"class_list":["post-3855","post","type-post","status-publish","format-image","has-post-thumbnail","hentry","category-consejos-cuidados","post_format-post-format-image"],"yoast_head":"<!-- This site is optimized with the Yoast SEO Premium plugin v25.4 (Yoast SEO v25.4) - https:\/\/yoast.com\/wordpress\/plugins\/seo\/ -->\n<title>\u00bfFlacidez en la piel? Comb\u00e1tela este verano - ISDIN<\/title>\n<meta name=\"description\" content=\"Una de las principales preocupaciones con la llegada del verano es la flacidez en la piel \u00a1Descubre como ayudar a eliminarla!\" \/>\n<meta name=\"robots\" content=\"index, follow, max-snippet:-1, max-image-preview:large, max-video-preview:-1\" \/>\n<link rel=\"canonical\" href=\"https:\/\/www.isdin.com\/es\/blog\/flacidez-piel-verano\/\" \/>\n<meta property=\"og:locale\" content=\"es_ES\" \/>\n<meta property=\"og:type\" content=\"article\" \/>\n<meta property=\"og:title\" content=\"\u00bfFlacidez en la piel? Comb\u00e1tela este verano\" \/>\n<meta property=\"og:description\" content=\"Una de las principales preocupaciones con la llegada del verano es la flacidez en la piel \u00a1Descubre como ayudar a eliminarla!\" \/>\n<meta property=\"og:url\" content=\"https:\/\/www.isdin.com\/es\/blog\/flacidez-piel-verano\/\" \/>\n<meta property=\"og:site_name\" content=\"ISDIN\" \/>\n<meta property=\"article:publisher\" content=\"https:\/\/es-es.facebook.com\/ISDIN.official\/\" \/>\n<meta property=\"article:published_time\" content=\"2025-08-11T08:12:00+00:00\" \/>\n<meta property=\"article:modified_time\" content=\"2025-08-12T15:22:55+00:00\" \/>\n<meta property=\"og:image\" content=\"https:\/\/www.isdin.com\/es\/blog\/wp-content\/uploads\/2018\/06\/Header.png\" \/>\n\t<meta property=\"og:image:width\" content=\"1200\" \/>\n\t<meta property=\"og:image:height\" content=\"760\" \/>\n\t<meta property=\"og:image:type\" content=\"image\/png\" \/>\n<meta name=\"author\" content=\"Irene Guti\u00e9rrez\" \/>\n<meta name=\"twitter:card\" content=\"summary_large_image\" \/>\n<meta name=\"twitter:creator\" content=\"@isdin_official\" \/>\n<meta name=\"twitter:site\" content=\"@isdin_official\" \/>\n<meta name=\"twitter:label1\" content=\"Written by\" \/>\n\t<meta name=\"twitter:data1\" content=\"Irene Guti\u00e9rrez\" \/>\n\t<meta name=\"twitter:label2\" content=\"Est. reading time\" \/>\n\t<meta name=\"twitter:data2\" content=\"6 minutes\" \/>\n<script type=\"application\/ld+json\" class=\"yoast-schema-graph\">{\"@context\":\"https:\/\/schema.org\",\"@graph\":[{\"@type\":\"Article\",\"@id\":\"https:\/\/www.isdin.com\/es\/blog\/flacidez-piel-verano\/#article\",\"isPartOf\":{\"@id\":\"https:\/\/www.isdin.com\/es\/blog\/flacidez-piel-verano\/\"},\"author\":{\"name\":\"Irene Guti\u00e9rrez\",\"@id\":\"https:\/\/www.isdin.com\/es\/blog\/#\/schema\/person\/c9fd0f03bc4313f8f9853f3f30c94571\"},\"headline\":\"\u00bfFlacidez en la piel? Comb\u00e1tela este verano\",\"datePublished\":\"2025-08-11T08:12:00+00:00\",\"dateModified\":\"2025-08-12T15:22:55+00:00\",\"mainEntityOfPage\":{\"@id\":\"https:\/\/www.isdin.com\/es\/blog\/flacidez-piel-verano\/\"},\"wordCount\":1035,\"commentCount\":0,\"publisher\":{\"@id\":\"https:\/\/www.isdin.com\/es\/blog\/#organization\"},\"image\":{\"@id\":\"https:\/\/www.isdin.com\/es\/blog\/flacidez-piel-verano\/#primaryimage\"},\"thumbnailUrl\":\"https:\/\/www.isdin.com\/es\/blog\/wp-content\/uploads\/2018\/06\/Header.png\",\"articleSection\":[\"Consejos y cuidados\"],\"inLanguage\":\"es-ES\"},{\"@type\":\"WebPage\",\"@id\":\"https:\/\/www.isdin.com\/es\/blog\/flacidez-piel-verano\/\",\"url\":\"https:\/\/www.isdin.com\/es\/blog\/flacidez-piel-verano\/\",\"name\":\"\u00bfFlacidez en la piel? Comb\u00e1tela este verano - ISDIN\",\"isPartOf\":{\"@id\":\"https:\/\/www.isdin.com\/es\/blog\/#website\"},\"primaryImageOfPage\":{\"@id\":\"https:\/\/www.isdin.com\/es\/blog\/flacidez-piel-verano\/#primaryimage\"},\"image\":{\"@id\":\"https:\/\/www.isdin.com\/es\/blog\/flacidez-piel-verano\/#primaryimage\"},\"thumbnailUrl\":\"https:\/\/www.isdin.com\/es\/blog\/wp-content\/uploads\/2018\/06\/Header.png\",\"datePublished\":\"2025-08-11T08:12:00+00:00\",\"dateModified\":\"2025-08-12T15:22:55+00:00\",\"description\":\"Una de las principales preocupaciones con la llegada del verano es la flacidez en la piel \u00a1Descubre como ayudar a eliminarla!\",\"breadcrumb\":{\"@id\":\"https:\/\/www.isdin.com\/es\/blog\/flacidez-piel-verano\/#breadcrumb\"},\"inLanguage\":\"es-ES\",\"potentialAction\":[{\"@type\":\"ReadAction\",\"target\":[\"https:\/\/www.isdin.com\/es\/blog\/flacidez-piel-verano\/\"]}]},{\"@type\":\"ImageObject\",\"inLanguage\":\"es-ES\",\"@id\":\"https:\/\/www.isdin.com\/es\/blog\/flacidez-piel-verano\/#primaryimage\",\"url\":\"https:\/\/www.isdin.com\/es\/blog\/wp-content\/uploads\/2018\/06\/Header.png\",\"contentUrl\":\"https:\/\/www.isdin.com\/es\/blog\/wp-content\/uploads\/2018\/06\/Header.png\",\"width\":1200,\"height\":760},{\"@type\":\"BreadcrumbList\",\"@id\":\"https:\/\/www.isdin.com\/es\/blog\/flacidez-piel-verano\/#breadcrumb\",\"itemListElement\":[{\"@type\":\"ListItem\",\"position\":1,\"name\":\"Portada\",\"item\":\"https:\/\/www.isdin.com\/es\/blog\/\"},{\"@type\":\"ListItem\",\"position\":2,\"name\":\"\u00bfFlacidez en la piel? Comb\u00e1tela este verano\"}]},{\"@type\":\"WebSite\",\"@id\":\"https:\/\/www.isdin.com\/es\/blog\/#website\",\"url\":\"https:\/\/www.isdin.com\/es\/blog\/\",\"name\":\"ISDIN\",\"description\":\"Novedades, lanzamientos de productos y toda la experiencia de ISDIN\",\"publisher\":{\"@id\":\"https:\/\/www.isdin.com\/es\/blog\/#organization\"},\"potentialAction\":[{\"@type\":\"SearchAction\",\"target\":{\"@type\":\"EntryPoint\",\"urlTemplate\":\"https:\/\/www.isdin.com\/es\/blog\/?s={search_term_string}\"},\"query-input\":{\"@type\":\"PropertyValueSpecification\",\"valueRequired\":true,\"valueName\":\"search_term_string\"}}],\"inLanguage\":\"es-ES\"},{\"@type\":\"Organization\",\"@id\":\"https:\/\/www.isdin.com\/es\/blog\/#organization\",\"name\":\"ISDIN\",\"alternateName\":\"ISDIN\",\"url\":\"https:\/\/www.isdin.com\/es\/blog\/\",\"logo\":{\"@type\":\"ImageObject\",\"inLanguage\":\"es-ES\",\"@id\":\"https:\/\/www.isdin.com\/es\/blog\/#\/schema\/logo\/image\/\",\"url\":\"https:\/\/www.isdin.com\/es\/blog\/wp-content\/uploads\/2024\/05\/2025_03_GuiaFoto_FWM.png\",\"contentUrl\":\"https:\/\/www.isdin.com\/es\/blog\/wp-content\/uploads\/2024\/05\/2025_03_GuiaFoto_FWM.png\",\"width\":670,\"height\":683,\"caption\":\"ISDIN\"},\"image\":{\"@id\":\"https:\/\/www.isdin.com\/es\/blog\/#\/schema\/logo\/image\/\"},\"sameAs\":[\"https:\/\/es-es.facebook.com\/ISDIN.official\/\",\"https:\/\/x.com\/isdin_official\",\"https:\/\/www.instagram.com\/isdinofficial\",\"https:\/\/www.youtube.com\/channel\/UCtoNJMKpDwdFLqgV23_lcqg\"],\"telephone\":\"659997812\"},{\"@type\":\"Person\",\"@id\":\"https:\/\/www.isdin.com\/es\/blog\/#\/schema\/person\/c9fd0f03bc4313f8f9853f3f30c94571\",\"name\":\"Irene Guti\u00e9rrez\",\"image\":{\"@type\":\"ImageObject\",\"inLanguage\":\"es-ES\",\"@id\":\"https:\/\/www.isdin.com\/es\/blog\/#\/schema\/person\/image\/\",\"url\":\"https:\/\/www.isdin.com\/es\/blog\/wp-content\/uploads\/2017\/07\/Irene_300x300.png\",\"contentUrl\":\"https:\/\/www.isdin.com\/es\/blog\/wp-content\/uploads\/2017\/07\/Irene_300x300.png\",\"caption\":\"Irene Guti\u00e9rrez\"},\"description\":\"Irene es periodista especializada en comunicaci\u00f3n digital. Ha trabajado en diferentes revistas de moda y cuenta con gran experiencia en el mundo de las agencias. Hoy combina sus dos grandes pasiones (la comunicaci\u00f3n y el cuidado de la piel) para acercarte un poco m\u00e1s a la magia del skincare.\",\"sameAs\":[\"http:\/\/www.linkedin.com\/in\/irenegutierrezhernandez\"],\"url\":\"https:\/\/www.isdin.com\/es\/blog\/author\/ireneguitierrez\/\"}]}<\/script>\n<!-- \/ Yoast SEO Premium plugin. -->","yoast_head_json":{"title":"\u00bfFlacidez en la piel? Comb\u00e1tela este verano - ISDIN","description":"Una de las principales preocupaciones con la llegada del verano es la flacidez en la piel \u00a1Descubre como ayudar a eliminarla!","robots":{"index":"index","follow":"follow","max-snippet":"max-snippet:-1","max-image-preview":"max-image-preview:large","max-video-preview":"max-video-preview:-1"},"canonical":"https:\/\/www.isdin.com\/es\/blog\/flacidez-piel-verano\/","og_locale":"es_ES","og_type":"article","og_title":"\u00bfFlacidez en la piel? Comb\u00e1tela este verano","og_description":"Una de las principales preocupaciones con la llegada del verano es la flacidez en la piel \u00a1Descubre como ayudar a eliminarla!","og_url":"https:\/\/www.isdin.com\/es\/blog\/flacidez-piel-verano\/","og_site_name":"ISDIN","article_publisher":"https:\/\/es-es.facebook.com\/ISDIN.official\/","article_published_time":"2025-08-11T08:12:00+00:00","article_modified_time":"2025-08-12T15:22:55+00:00","og_image":[{"width":1200,"height":760,"url":"https:\/\/www.isdin.com\/es\/blog\/wp-content\/uploads\/2018\/06\/Header.png","type":"image\/png"}],"author":"Irene Guti\u00e9rrez","twitter_card":"summary_large_image","twitter_creator":"@isdin_official","twitter_site":"@isdin_official","twitter_misc":{"Written by":"Irene Guti\u00e9rrez","Est. reading time":"6 minutes"},"schema":{"@context":"https:\/\/schema.org","@graph":[{"@type":"Article","@id":"https:\/\/www.isdin.com\/es\/blog\/flacidez-piel-verano\/#article","isPartOf":{"@id":"https:\/\/www.isdin.com\/es\/blog\/flacidez-piel-verano\/"},"author":{"name":"Irene Guti\u00e9rrez","@id":"https:\/\/www.isdin.com\/es\/blog\/#\/schema\/person\/c9fd0f03bc4313f8f9853f3f30c94571"},"headline":"\u00bfFlacidez en la piel? Comb\u00e1tela este verano","datePublished":"2025-08-11T08:12:00+00:00","dateModified":"2025-08-12T15:22:55+00:00","mainEntityOfPage":{"@id":"https:\/\/www.isdin.com\/es\/blog\/flacidez-piel-verano\/"},"wordCount":1035,"commentCount":0,"publisher":{"@id":"https:\/\/www.isdin.com\/es\/blog\/#organization"},"image":{"@id":"https:\/\/www.isdin.com\/es\/blog\/flacidez-piel-verano\/#primaryimage"},"thumbnailUrl":"https:\/\/www.isdin.com\/es\/blog\/wp-content\/uploads\/2018\/06\/Header.png","articleSection":["Consejos y cuidados"],"inLanguage":"es-ES"},{"@type":"WebPage","@id":"https:\/\/www.isdin.com\/es\/blog\/flacidez-piel-verano\/","url":"https:\/\/www.isdin.com\/es\/blog\/flacidez-piel-verano\/","name":"\u00bfFlacidez en la piel? Comb\u00e1tela este verano - ISDIN","isPartOf":{"@id":"https:\/\/www.isdin.com\/es\/blog\/#website"},"primaryImageOfPage":{"@id":"https:\/\/www.isdin.com\/es\/blog\/flacidez-piel-verano\/#primaryimage"},"image":{"@id":"https:\/\/www.isdin.com\/es\/blog\/flacidez-piel-verano\/#primaryimage"},"thumbnailUrl":"https:\/\/www.isdin.com\/es\/blog\/wp-content\/uploads\/2018\/06\/Header.png","datePublished":"2025-08-11T08:12:00+00:00","dateModified":"2025-08-12T15:22:55+00:00","description":"Una de las principales preocupaciones con la llegada del verano es la flacidez en la piel \u00a1Descubre como ayudar a eliminarla!","breadcrumb":{"@id":"https:\/\/www.isdin.com\/es\/blog\/flacidez-piel-verano\/#breadcrumb"},"inLanguage":"es-ES","potentialAction":[{"@type":"ReadAction","target":["https:\/\/www.isdin.com\/es\/blog\/flacidez-piel-verano\/"]}]},{"@type":"ImageObject","inLanguage":"es-ES","@id":"https:\/\/www.isdin.com\/es\/blog\/flacidez-piel-verano\/#primaryimage","url":"https:\/\/www.isdin.com\/es\/blog\/wp-content\/uploads\/2018\/06\/Header.png","contentUrl":"https:\/\/www.isdin.com\/es\/blog\/wp-content\/uploads\/2018\/06\/Header.png","width":1200,"height":760},{"@type":"BreadcrumbList","@id":"https:\/\/www.isdin.com\/es\/blog\/flacidez-piel-verano\/#breadcrumb","itemListElement":[{"@type":"ListItem","position":1,"name":"Portada","item":"https:\/\/www.isdin.com\/es\/blog\/"},{"@type":"ListItem","position":2,"name":"\u00bfFlacidez en la piel? Comb\u00e1tela este verano"}]},{"@type":"WebSite","@id":"https:\/\/www.isdin.com\/es\/blog\/#website","url":"https:\/\/www.isdin.com\/es\/blog\/","name":"ISDIN","description":"Novedades, lanzamientos de productos y toda la experiencia de ISDIN","publisher":{"@id":"https:\/\/www.isdin.com\/es\/blog\/#organization"},"potentialAction":[{"@type":"SearchAction","target":{"@type":"EntryPoint","urlTemplate":"https:\/\/www.isdin.com\/es\/blog\/?s={search_term_string}"},"query-input":{"@type":"PropertyValueSpecification","valueRequired":true,"valueName":"search_term_string"}}],"inLanguage":"es-ES"},{"@type":"Organization","@id":"https:\/\/www.isdin.com\/es\/blog\/#organization","name":"ISDIN","alternateName":"ISDIN","url":"https:\/\/www.isdin.com\/es\/blog\/","logo":{"@type":"ImageObject","inLanguage":"es-ES","@id":"https:\/\/www.isdin.com\/es\/blog\/#\/schema\/logo\/image\/","url":"https:\/\/www.isdin.com\/es\/blog\/wp-content\/uploads\/2024\/05\/2025_03_GuiaFoto_FWM.png","contentUrl":"https:\/\/www.isdin.com\/es\/blog\/wp-content\/uploads\/2024\/05\/2025_03_GuiaFoto_FWM.png","width":670,"height":683,"caption":"ISDIN"},"image":{"@id":"https:\/\/www.isdin.com\/es\/blog\/#\/schema\/logo\/image\/"},"sameAs":["https:\/\/es-es.facebook.com\/ISDIN.official\/","https:\/\/x.com\/isdin_official","https:\/\/www.instagram.com\/isdinofficial","https:\/\/www.youtube.com\/channel\/UCtoNJMKpDwdFLqgV23_lcqg"],"telephone":"659997812"},{"@type":"Person","@id":"https:\/\/www.isdin.com\/es\/blog\/#\/schema\/person\/c9fd0f03bc4313f8f9853f3f30c94571","name":"Irene Guti\u00e9rrez","image":{"@type":"ImageObject","inLanguage":"es-ES","@id":"https:\/\/www.isdin.com\/es\/blog\/#\/schema\/person\/image\/","url":"https:\/\/www.isdin.com\/es\/blog\/wp-content\/uploads\/2017\/07\/Irene_300x300.png","contentUrl":"https:\/\/www.isdin.com\/es\/blog\/wp-content\/uploads\/2017\/07\/Irene_300x300.png","caption":"Irene Guti\u00e9rrez"},"description":"Irene es periodista especializada en comunicaci\u00f3n digital. Ha trabajado en diferentes revistas de moda y cuenta con gran experiencia en el mundo de las agencias. Hoy combina sus dos grandes pasiones (la comunicaci\u00f3n y el cuidado de la piel) para acercarte un poco m\u00e1s a la magia del skincare.","sameAs":["http:\/\/www.linkedin.com\/in\/irenegutierrezhernandez"],"url":"https:\/\/www.isdin.com\/es\/blog\/author\/ireneguitierrez\/"}]}},"_links":{"self":[{"href":"https:\/\/www.isdin.com\/es\/blog\/wp-json\/wp\/v2\/posts\/3855","targetHints":{"allow":["GET"]}}],"collection":[{"href":"https:\/\/www.isdin.com\/es\/blog\/wp-json\/wp\/v2\/posts"}],"about":[{"href":"https:\/\/www.isdin.com\/es\/blog\/wp-json\/wp\/v2\/types\/post"}],"author":[{"embeddable":true,"href":"https:\/\/www.isdin.com\/es\/blog\/wp-json\/wp\/v2\/users\/70"}],"replies":[{"embeddable":true,"href":"https:\/\/www.isdin.com\/es\/blog\/wp-json\/wp\/v2\/comments?post=3855"}],"version-history":[{"count":36,"href":"https:\/\/www.isdin.com\/es\/blog\/wp-json\/wp\/v2\/posts\/3855\/revisions"}],"predecessor-version":[{"id":12472,"href":"https:\/\/www.isdin.com\/es\/blog\/wp-json\/wp\/v2\/posts\/3855\/revisions\/12472"}],"wp:featuredmedia":[{"embeddable":true,"href":"https:\/\/www.isdin.com\/es\/blog\/wp-json\/wp\/v2\/media\/12447"}],"wp:attachment":[{"href":"https:\/\/www.isdin.com\/es\/blog\/wp-json\/wp\/v2\/media?parent=3855"}],"wp:term":[{"taxonomy":"category","embeddable":true,"href":"https:\/\/www.isdin.com\/es\/blog\/wp-json\/wp\/v2\/categories?post=3855"},{"taxonomy":"post_tag","embeddable":true,"href":"https:\/\/www.isdin.com\/es\/blog\/wp-json\/wp\/v2\/tags?post=3855"}],"curies":[{"name":"wp","href":"https:\/\/api.w.org\/{rel}","templated":true}]}}