{"id":3710,"date":"2024-05-23T08:07:37","date_gmt":"2024-05-23T08:07:37","guid":{"rendered":"https:\/\/www.isdin.com\/es\/blog\/?p=3710"},"modified":"2025-05-16T13:14:34","modified_gmt":"2025-05-16T13:14:34","slug":"dia-del-melanoma-prevencion-y-deteccion","status":"publish","type":"post","link":"https:\/\/www.isdin.com\/es\/blog\/dia-del-melanoma-prevencion-y-deteccion\/","title":{"rendered":"Inspirando un futuro sin c\u00e1ncer de piel con la Dra. Susana Puig"},"content":{"rendered":"\n<p>Cuando la Dra. Susana Puig decidi\u00f3 especializarse en dermatolog\u00eda, ten\u00eda un objetivo en mente: investigar. Sumergirse en un \u00e1mbito poco explorado que la ha llevado a ser <strong>directora cient\u00edfica e investigadora principal de m\u00e1s de 30 proyectos relacionados con la piel<\/strong>.<\/p>\n\n\n\n<p>Para ella, &#8221;la dermatolog\u00eda es una especialidad compleja y muy diversa, que te acompa\u00f1a desde que naces hasta las \u00faltimas etapas de tu vida&#8221;. Ahora, con todas las estrategias de investigaci\u00f3n a su alcance, se ha propuesto un nuevo reto: participar en <strong>uno de los primeros estudios internacionales sobre el Exposoma y sus efectos en el desarrollo de queratosis act\u00ednicas y c\u00e1ncer de piel<\/strong>.<\/p>\n\n\n\n<div class=\"wp-block-media-text is-stacked-on-mobile\" style=\"grid-template-columns:32% auto\"><figure class=\"wp-block-media-text__media\"><img loading=\"lazy\" decoding=\"async\" width=\"670\" height=\"754\" src=\"data:image\/gif;base64,R0lGODlhAQABAAAAACH5BAEKAAEALAAAAAABAAEAAAICTAEAOw==\" data-src=\"https:\/\/www.isdin.com\/es\/blog\/wp-content\/uploads\/2024\/05\/Untitled-6-1.jpeg\" alt=\"Susana Puig Hospital Cl\u00ednic\" class=\"wp-image-10195 size-full lazyload\" data-sizes=\"auto\" data-srcset=\"https:\/\/www.isdin.com\/es\/blog\/wp-content\/uploads\/2024\/05\/Untitled-6-1.jpeg 670w, https:\/\/www.isdin.com\/es\/blog\/wp-content\/uploads\/2024\/05\/Untitled-6-1-267x300.jpeg 267w, https:\/\/www.isdin.com\/es\/blog\/wp-content\/uploads\/2024\/05\/Untitled-6-1-133x150.jpeg 133w, https:\/\/www.isdin.com\/es\/blog\/wp-content\/uploads\/2024\/05\/Untitled-6-1-450x506.jpeg 450w, https:\/\/www.isdin.com\/es\/blog\/wp-content\/uploads\/2024\/05\/Untitled-6-1-225x253.jpeg 225w, https:\/\/www.isdin.com\/es\/blog\/wp-content\/uploads\/2024\/05\/Untitled-6-1-20x23.jpeg 20w\" sizes=\"auto, (max-width: 670px) 100vw, 670px\" \/><\/figure><div class=\"wp-block-media-text__content\">\n<p><strong>Dra. Susana Puig<\/strong><\/p>\n\n\n\n<p>Jefa Servicio de Dermatolog\u00eda del Hospital Cl\u00ednic y Directora Acad\u00e9mica de la International School of Derma.<\/p>\n<\/div><\/div>\n\n\n\n<p><\/p>\n\n\n\n<p><strong>Hemos decidido sumarnos a esta emocionante aventura con un objetivo com\u00fan:<\/strong> inspirar un futuro sin c\u00e1ncer de piel. Junto a la <a href=\"https:\/\/www.diagnosisdermatologica.com\/team\/dra-susana-puig-sarda\/\">Dra. Puig<\/a> y la <a href=\"https:\/\/www.instagram.com\/isd.schoolofderma\/\">International School of Dermatology<\/a> (ISD), seremos la fuerza que impulsa el cambio, y queremos que formes parte de \u00e9l. \u00bfTe unes?<\/p>\n\n\n\n<h2 class=\"wp-block-heading\" id=\"h-el-exposoma-al-descubierto-un-estudio-pionero\">El exposoma al descubierto: un estudio pionero<\/h2>\n\n\n\n<figure class=\"wp-block-image size-large\"><img loading=\"lazy\" decoding=\"async\" width=\"1024\" height=\"527\" src=\"data:image\/gif;base64,R0lGODlhAQABAAAAACH5BAEKAAEALAAAAAABAAEAAAICTAEAOw==\" data-src=\"https:\/\/www.isdin.com\/es\/blog\/wp-content\/uploads\/2024\/05\/Untitled-1024x527.jpeg\" alt=\"c\u00e1ncer de piel y exposoma\" class=\"wp-image-10185 lazyload\" data-sizes=\"auto\" data-srcset=\"https:\/\/www.isdin.com\/es\/blog\/wp-content\/uploads\/2024\/05\/Untitled-1024x527.jpeg 1024w, https:\/\/www.isdin.com\/es\/blog\/wp-content\/uploads\/2024\/05\/Untitled-300x155.jpeg 300w, https:\/\/www.isdin.com\/es\/blog\/wp-content\/uploads\/2024\/05\/Untitled-150x77.jpeg 150w, https:\/\/www.isdin.com\/es\/blog\/wp-content\/uploads\/2024\/05\/Untitled-768x396.jpeg 768w, https:\/\/www.isdin.com\/es\/blog\/wp-content\/uploads\/2024\/05\/Untitled-585x300.jpeg 585w, https:\/\/www.isdin.com\/es\/blog\/wp-content\/uploads\/2024\/05\/Untitled-450x232.jpeg 450w, https:\/\/www.isdin.com\/es\/blog\/wp-content\/uploads\/2024\/05\/Untitled-20x11.jpeg 20w, https:\/\/www.isdin.com\/es\/blog\/wp-content\/uploads\/2024\/05\/Untitled-225x116.jpeg 225w, https:\/\/www.isdin.com\/es\/blog\/wp-content\/uploads\/2024\/05\/Untitled-900x464.jpeg 900w, https:\/\/www.isdin.com\/es\/blog\/wp-content\/uploads\/2024\/05\/Untitled.jpeg 1200w\" sizes=\"auto, (max-width: 1024px) 100vw, 1024px\" \/><\/figure>\n\n\n\n<p><\/p>\n\n\n\n<p>Hay un conjunto de factores externos a los que nuestra piel est\u00e1 expuesta constantemente: el <a href=\"https:\/\/www.isdin.com\/es\/blog\/que-es-el-exposoma-y-por-que-es-importante-protegerse-del-sol-cada-dia\/\">exposoma<\/a> cut\u00e1neo. <strong>\u00bfPor qu\u00e9 es tan importante en nuestro d\u00eda a d\u00eda?<\/strong> Le preguntamos a la Dra. Puig. &#8220;El exposoma es todo lo que influye en nuestro organismo y no es gen\u00e9tico, es decir, que no est\u00e1 escrito en nuestros genes&#8221;, nos explica. Esto incluye factores como la <a href=\"https:\/\/www.isdin.com\/es\/blog\/efectos-radiacion-solar-piel\/\">radiaci\u00f3n solar<\/a>, la contaminaci\u00f3n ambiental, el <a href=\"https:\/\/www.isdin.com\/es\/blog\/como-afecta-el-estres-a-nuestra-piel\/\">estr\u00e9s<\/a> e incluso nuestro estilo de vida.<\/p>\n\n\n\n<blockquote class=\"wp-block-quote is-layout-flow wp-block-quote-is-layout-flow\">\n<p>&#8221;El exposoma es todo lo que influye en nuestro organismo y no es gen\u00e9tico, es decir, que no est\u00e1 escrito en nuestros genes&#8221;. <\/p>\n<cite>DRA. SUSANA PUIG<\/cite><\/blockquote>\n\n\n\n<p>Para la Dra. Puig, todos estos elementos &#8220;est\u00e1n entrelazados y pueden interactuar entre s\u00ed potenci\u00e1ndose o contrarrest\u00e1ndose&#8221;. Por eso es crucial cuidarnos. <strong>Un estilo de vida saludable puede ser la diferencia entre una piel sana o todo lo contrario<\/strong>: da\u00f1ar el ADN de nuestras c\u00e9lulas cut\u00e1neas y provocar cambios que pueden llevar a diversas lesiones, incluido el c\u00e1ncer de piel.<\/p>\n\n\n\n<h3 class=\"wp-block-heading\" id=\"h-hay-un-factor-que-sobresale\">Hay un factor que sobresale<\/h3>\n\n\n\n<p>De entre todos estos factores externos e internos, la Dra. Puig destaca uno: <strong>la radiaci\u00f3n ultravioleta<\/strong>. \u2018&#8217;Las quemaduras solares son el principal factor de riesgo ambiental que puede llevar a mutaciones y al desarrollo de c\u00e1ncer de piel, incluyendo melanoma y carcinoma de c\u00e9lulas basales. Por otro lado, la exposici\u00f3n cr\u00f3nica al sol es el principal factor de riesgo para el c\u00e1ncer de piel tipo carcinoma de c\u00e9lulas escamosas&#8217;\u2019, nos comparte.<\/p>\n\n\n\n<figure class=\"wp-block-embed is-type-video is-provider-youtube wp-block-embed-youtube wp-embed-aspect-16-9 wp-has-aspect-ratio\"><div class=\"wp-block-embed__wrapper\">\n<div class=\"flex-video widescreen youtube\"><iframe loading=\"lazy\" title=\"Dra. Susana Puig - ISDIN\" width=\"500\" height=\"281\" src=\"https:\/\/www.youtube.com\/embed\/xugfsawiYPc?start=4&#038;feature=oembed&#038;showinfo=0&#038;rel=0&#038;modestbranding=1&#038;iv_load_policy=3&#038;playsinline=1&#038;enablejsapi=1\" frameborder=\"0\" allow=\"accelerometer; autoplay; clipboard-write; encrypted-media; gyroscope; picture-in-picture; web-share\" referrerpolicy=\"strict-origin-when-cross-origin\" allowfullscreen><\/iframe><\/div>\n<\/div><\/figure>\n\n\n\n<p><\/p>\n\n\n\n<p><strong>Pero todo cuenta:<\/strong> por ejemplo, la contaminaci\u00f3n ambiental puede generar <a href=\"https:\/\/www.isdin.com\/es\/blog\/que-es-la-oxidacion-de-la-piel\/\">estr\u00e9s oxidativo en la piel<\/a>, contribuyendo al envejecimiento prematuro y al da\u00f1o del ADN. La nutrici\u00f3n tambi\u00e9n juega un papel clave y la Dra. Puig recomienda llevar una dieta equilibrada, <a href=\"https:\/\/www.isdin.com\/es\/blog\/alimentos-antioxidantes-piel-luminosa\/\">alta en antioxidantes<\/a> para proteger la piel contra el da\u00f1o de los radicales libres. <strong>Tampoco se olvida del estr\u00e9s y la respuesta inmunitaria que tiene en nuestra piel, ni de la falta de sue\u00f1o que incide directamente en su capacidad para repararse y regenerarse<\/strong>. <a href=\"https:\/\/www.isdin.com\/es\/blog\/consejos-para-dormir-bien\/\">Dormimos bien para vivir mejor<\/a>; si esto no pasa, nuestra piel est\u00e1 m\u00e1s vulnerable a los cambios y lesiones.<\/p>\n\n\n\n<p><strong>Y justo con esto aprendemos la clave detr\u00e1s de su estudio,<\/strong> uno que pretende estudiar a fondo cada uno de estos factores:\u2018\u2019Si bien sabemos que el principal factor de riesgo ambiental es la radiaci\u00f3n ultravioleta, existen m\u00faltiples evidencias de que otros factores del exposoma tambi\u00e9n influyen\u2019\u2019.<\/p>\n\n\n\n<blockquote class=\"wp-block-quote is-layout-flow wp-block-quote-is-layout-flow\">\n<p>\u201cSi bien sabemos que el principal factor de riesgo ambiental es la radiaci\u00f3n ultravioleta, existen m\u00faltiples evidencias de que otros factores del exposoma tambi\u00e9n influyen\u201d. <\/p>\n<cite>DRA. SUSANA PUIG<\/cite><\/blockquote>\n\n\n\n<p>Le preguntamos c\u00f3mo piensa descubrirlo y su respuesta es clara: <strong>quiere entender la relaci\u00f3n entre el exposoma y sus efectos en el desarrollo de queratosis act\u00ednicas y c\u00e1ncer de piel<\/strong>. Para lograrlo, estudiar\u00e1 junto a su equipo los h\u00e1bitos de 3.500 personas.<\/p>\n\n\n\n<p><\/p>\n\n\n\n<h2 class=\"wp-block-heading\" id=\"h-pequenos-habitos-grandes-resultados\">Peque\u00f1os h\u00e1bitos, grandes resultados<\/h2>\n\n\n\n<figure class=\"wp-block-image size-large\"><img loading=\"lazy\" decoding=\"async\" width=\"1024\" height=\"527\" src=\"data:image\/gif;base64,R0lGODlhAQABAAAAACH5BAEKAAEALAAAAAABAAEAAAICTAEAOw==\" data-src=\"https:\/\/www.isdin.com\/es\/blog\/wp-content\/uploads\/2024\/05\/Untitled-1-1024x527.jpeg\" alt=\"estilo de vida\" class=\"wp-image-10186 lazyload\" data-sizes=\"auto\" data-srcset=\"https:\/\/www.isdin.com\/es\/blog\/wp-content\/uploads\/2024\/05\/Untitled-1-1024x527.jpeg 1024w, https:\/\/www.isdin.com\/es\/blog\/wp-content\/uploads\/2024\/05\/Untitled-1-300x155.jpeg 300w, https:\/\/www.isdin.com\/es\/blog\/wp-content\/uploads\/2024\/05\/Untitled-1-150x77.jpeg 150w, https:\/\/www.isdin.com\/es\/blog\/wp-content\/uploads\/2024\/05\/Untitled-1-768x396.jpeg 768w, https:\/\/www.isdin.com\/es\/blog\/wp-content\/uploads\/2024\/05\/Untitled-1-585x300.jpeg 585w, https:\/\/www.isdin.com\/es\/blog\/wp-content\/uploads\/2024\/05\/Untitled-1-450x232.jpeg 450w, https:\/\/www.isdin.com\/es\/blog\/wp-content\/uploads\/2024\/05\/Untitled-1-20x11.jpeg 20w, https:\/\/www.isdin.com\/es\/blog\/wp-content\/uploads\/2024\/05\/Untitled-1-225x116.jpeg 225w, https:\/\/www.isdin.com\/es\/blog\/wp-content\/uploads\/2024\/05\/Untitled-1-900x464.jpeg 900w, https:\/\/www.isdin.com\/es\/blog\/wp-content\/uploads\/2024\/05\/Untitled-1.jpeg 1200w\" sizes=\"auto, (max-width: 1024px) 100vw, 1024px\" \/><\/figure>\n\n\n\n<p><\/p>\n\n\n\n<p>&#8220;Ahora tenemos a nuestro alcance estrategias de investigaci\u00f3n que nos permiten hacer estudios complejos en la poblaci\u00f3n combinando m\u00faltiples factores&#8221;. Para la Dra. Puig, <strong>es esencial comprender c\u00f3mo estos influyen en el riesgo de padecer c\u00e1ncer de piel<\/strong>. En sus palabras: \u2018\u2019No solo permitir\u00e1 desarrollar estrategias de prevenci\u00f3n personalizadas para cada individuo, sino tambi\u00e9n influir en la creaci\u00f3n de leyes que protejan a toda la poblaci\u00f3n\u201d.<\/p>\n\n\n\n<blockquote class=\"wp-block-quote is-layout-flow wp-block-quote-is-layout-flow\">\n<p>\u2018\u2019Conocer los factores que influyen en el riesgo de padecer c\u00e1ncer de piel no solo permitir\u00e1 desarrollar estrategias de prevenci\u00f3n personalizadas para cada individuo, sino tambi\u00e9n influir en la creaci\u00f3n de leyes que protejan a toda la poblaci\u00f3n\u201d. <\/p>\n<cite>DRA. SUSANA PUIG<\/cite><\/blockquote>\n\n\n\n<p>Este a\u00f1o se une a la Dra. Yolanda Gilaberte, Jefa del Servicio de Dermatolog\u00eda del Hospital Miguel Servet y <a href=\"https:\/\/aedv.es\/yolanda-gilaberte-nueva-presidenta-aedv\/\">Presidenta de la Academia de Dermatolog\u00eda Espa\u00f1ola<\/a>, junto con la ISD, una entidad sin \u00e1nimo de lucro que, en colaboraci\u00f3n con la Universidad de Barcelona, investiga y forma a dermat\u00f3logos en todo el mundo. <strong>Juntos, apoyar\u00e1n la investigaci\u00f3n sobre el exposoma y, como resultado, proporcionar\u00e1n herramientas y promover\u00e1n buenos h\u00e1bitos a trav\u00e9s del conocimiento<\/strong>. \u00bfLo mejor? T\u00fa tambi\u00e9n podr\u00e1s <a href=\"https:\/\/love.isdin.com\/con\/es-ES\/experience\/4754\">formar parte de esta iniciativa<\/a>.<\/p>\n\n\n\n<p><\/p>\n\n\n\n<h3 class=\"wp-block-heading\" id=\"h-una-mirada-profunda-al-cancer-de-piel\">Una mirada profunda al c\u00e1ncer de piel<\/h3>\n\n\n\n<figure class=\"wp-block-image size-large\"><img loading=\"lazy\" decoding=\"async\" width=\"1024\" height=\"527\" src=\"data:image\/gif;base64,R0lGODlhAQABAAAAACH5BAEKAAEALAAAAAABAAEAAAICTAEAOw==\" data-src=\"https:\/\/www.isdin.com\/es\/blog\/wp-content\/uploads\/2018\/05\/Untitled-2-1-1024x527.jpeg\" alt=\"tipos de piel\" class=\"wp-image-10190 lazyload\" data-sizes=\"auto\" data-srcset=\"https:\/\/www.isdin.com\/es\/blog\/wp-content\/uploads\/2018\/05\/Untitled-2-1-1024x527.jpeg 1024w, https:\/\/www.isdin.com\/es\/blog\/wp-content\/uploads\/2018\/05\/Untitled-2-1-300x155.jpeg 300w, https:\/\/www.isdin.com\/es\/blog\/wp-content\/uploads\/2018\/05\/Untitled-2-1-150x77.jpeg 150w, https:\/\/www.isdin.com\/es\/blog\/wp-content\/uploads\/2018\/05\/Untitled-2-1-768x396.jpeg 768w, https:\/\/www.isdin.com\/es\/blog\/wp-content\/uploads\/2018\/05\/Untitled-2-1-585x300.jpeg 585w, https:\/\/www.isdin.com\/es\/blog\/wp-content\/uploads\/2018\/05\/Untitled-2-1-450x232.jpeg 450w, https:\/\/www.isdin.com\/es\/blog\/wp-content\/uploads\/2018\/05\/Untitled-2-1-20x11.jpeg 20w, https:\/\/www.isdin.com\/es\/blog\/wp-content\/uploads\/2018\/05\/Untitled-2-1-225x116.jpeg 225w, https:\/\/www.isdin.com\/es\/blog\/wp-content\/uploads\/2018\/05\/Untitled-2-1-900x464.jpeg 900w, https:\/\/www.isdin.com\/es\/blog\/wp-content\/uploads\/2018\/05\/Untitled-2-1.jpeg 1200w\" sizes=\"auto, (max-width: 1024px) 100vw, 1024px\" \/><\/figure>\n\n\n\n<p><\/p>\n\n\n\n<p>Cualquier persona puede desarrollar c\u00e1ncer de piel. Por eso, <strong>incluir a personas de diferentes partes del mundo est\u00e1 dentro de los planes:<\/strong> \u2018\u2019Cl\u00e1sicamente se ha considerado que el c\u00e1ncer de piel afecta \u00fanicamente a pieles claras pero esto no es completamente cierto\u2019\u2019, nos confiesa la Dra. Puig.<\/p>\n\n\n\n<p>Los niveles de radiaci\u00f3n UV var\u00edan debido a factores geogr\u00e1ficos y clim\u00e1ticos, lo que puede afectar la incidencia. Adem\u00e1s, las diferencias gen\u00e9ticas entre poblaciones pueden influir en c\u00f3mo se recibe el da\u00f1o solar y en la tendencia a tener c\u00e1ncer de piel. Porque en ocasiones, es un tema que viene de familia.<\/p>\n\n\n\n<p><strong>Con este estudio, busca investigar en cada rinc\u00f3n para comprender estas diferencias y obtener informaci\u00f3n m\u00e1s precisa sobre c\u00f3mo proteger nuestra piel.<\/strong> Todo esto, teniendo presente que &#8220;cada tipo de piel responde de manera diferente a la radiaci\u00f3n ultravioleta y tiene necesidades de protecci\u00f3n espec\u00edficas&#8221;.<\/p>\n\n\n\n<h3 class=\"wp-block-heading\" id=\"h-comprendiendo-la-queratosis-actinica-y-el-melanoma\">Comprendiendo la queratosis act\u00ednica y el melanoma<\/h3>\n\n\n\n<figure class=\"wp-block-image size-large\"><img loading=\"lazy\" decoding=\"async\" width=\"1024\" height=\"527\" src=\"data:image\/gif;base64,R0lGODlhAQABAAAAACH5BAEKAAEALAAAAAABAAEAAAICTAEAOw==\" data-src=\"https:\/\/www.isdin.com\/es\/blog\/wp-content\/uploads\/2024\/05\/Untitled-3-1024x527.jpeg\" alt=\"detectar c\u00e1ncer de piel\" class=\"wp-image-10191 lazyload\" data-sizes=\"auto\" data-srcset=\"https:\/\/www.isdin.com\/es\/blog\/wp-content\/uploads\/2024\/05\/Untitled-3-1024x527.jpeg 1024w, https:\/\/www.isdin.com\/es\/blog\/wp-content\/uploads\/2024\/05\/Untitled-3-300x155.jpeg 300w, https:\/\/www.isdin.com\/es\/blog\/wp-content\/uploads\/2024\/05\/Untitled-3-150x77.jpeg 150w, https:\/\/www.isdin.com\/es\/blog\/wp-content\/uploads\/2024\/05\/Untitled-3-768x396.jpeg 768w, https:\/\/www.isdin.com\/es\/blog\/wp-content\/uploads\/2024\/05\/Untitled-3-585x300.jpeg 585w, https:\/\/www.isdin.com\/es\/blog\/wp-content\/uploads\/2024\/05\/Untitled-3-450x232.jpeg 450w, https:\/\/www.isdin.com\/es\/blog\/wp-content\/uploads\/2024\/05\/Untitled-3-20x11.jpeg 20w, https:\/\/www.isdin.com\/es\/blog\/wp-content\/uploads\/2024\/05\/Untitled-3-225x116.jpeg 225w, https:\/\/www.isdin.com\/es\/blog\/wp-content\/uploads\/2024\/05\/Untitled-3-900x464.jpeg 900w, https:\/\/www.isdin.com\/es\/blog\/wp-content\/uploads\/2024\/05\/Untitled-3.jpeg 1200w\" sizes=\"auto, (max-width: 1024px) 100vw, 1024px\" \/><\/figure>\n\n\n\n<p><\/p>\n\n\n\n<p>Para la Dra. Puig, concienciar a la poblaci\u00f3n sobre la importancia de la fotoprotecci\u00f3n y llevar unos h\u00e1bitos saludables toma m\u00e1s sentido que nunca: <strong>el c\u00e1ncer de piel ha experimentado <a href=\"https:\/\/seom.org\/images\/Las_cifras_del_Cancer_en_Espana_2023.pdf\">un aumento del 50 %<\/a> en las \u00faltimas d\u00e9cadas.<\/strong> Unas cifras altas, sobre las que ella tiene un mensaje esperanzador: &#8220;El 90 % de los casos de c\u00e1ncer de piel pueden curarse si se detectan a tiempo\u2019\u2019.<\/p>\n\n\n\n<blockquote class=\"wp-block-quote is-layout-flow wp-block-quote-is-layout-flow\">\n<p>\u2018\u2019El 90 % de los casos de c\u00e1ncer de piel pueden curarse si se detectan a tiempo\u201d. <\/p>\n<cite>DRA. SUSANA PUIG<\/cite><\/blockquote>\n\n\n\n<p>Con esta cifra, hablamos sobre 2 elementos clave del estudio: la queratosis act\u00ednica y el melanoma. <strong>\u00bfPor qu\u00e9 quiere la Dra. Puig estudiar estas afecciones y que formen parte del estudio del exposoma?<\/strong> La queratosis act\u00ednica es com\u00fan y poco conocida. &#8221;Es un c\u00e1ncer de piel muy temprano, tanto que a veces nuestro cuerpo puede eliminarlo por s\u00ed solo&#8221;, explica la Dra. Puig. Sin embargo, muchos desconocen su existencia porque como ella nos cuenta &#8221;son lesiones iniciales que raramente causan problemas graves&#8221;.<\/p>\n\n\n\n<p>El melanoma, por otro lado, puede ser peligroso. \u2018\u2019Es el tipo de c\u00e1ncer de piel m\u00e1s agresivo, pero la gran mayor\u00eda de los casos pueden prevenirse o diagnosticarse en etapas tempranas\u2019\u2019, afirma la Dra. Puig. De hecho, <strong>el uso adecuado de fotoprotecci\u00f3n antes de los 18 a\u00f1os puede<\/strong> <a href=\"https:\/\/www.aepap.org\/sites\/default\/files\/noticia\/archivos-adjuntos\/final_verano_y_cuidados.pdf\" target=\"_blank\" rel=\"noreferrer noopener\">reducir el riesgo en un 78%<\/a><strong>.<\/strong><\/p>\n\n\n\n<h3 class=\"wp-block-heading\" id=\"h-algo-de-lo-que-tu-tambien-puedes-formar-parte\">Algo de lo que t\u00fa tambi\u00e9n puedes formar parte<\/h3>\n\n\n\n<figure class=\"wp-block-image size-large\"><img loading=\"lazy\" decoding=\"async\" width=\"1024\" height=\"527\" src=\"data:image\/gif;base64,R0lGODlhAQABAAAAACH5BAEKAAEALAAAAAABAAEAAAICTAEAOw==\" data-src=\"https:\/\/www.isdin.com\/es\/blog\/wp-content\/uploads\/2024\/05\/Untitled-4-1024x527.jpeg\" alt=\"c\u00f3mo proteger la piel\" class=\"wp-image-10192 lazyload\" data-sizes=\"auto\" data-srcset=\"https:\/\/www.isdin.com\/es\/blog\/wp-content\/uploads\/2024\/05\/Untitled-4-1024x527.jpeg 1024w, https:\/\/www.isdin.com\/es\/blog\/wp-content\/uploads\/2024\/05\/Untitled-4-300x155.jpeg 300w, https:\/\/www.isdin.com\/es\/blog\/wp-content\/uploads\/2024\/05\/Untitled-4-150x77.jpeg 150w, https:\/\/www.isdin.com\/es\/blog\/wp-content\/uploads\/2024\/05\/Untitled-4-768x396.jpeg 768w, https:\/\/www.isdin.com\/es\/blog\/wp-content\/uploads\/2024\/05\/Untitled-4-585x300.jpeg 585w, https:\/\/www.isdin.com\/es\/blog\/wp-content\/uploads\/2024\/05\/Untitled-4-450x232.jpeg 450w, https:\/\/www.isdin.com\/es\/blog\/wp-content\/uploads\/2024\/05\/Untitled-4-20x11.jpeg 20w, https:\/\/www.isdin.com\/es\/blog\/wp-content\/uploads\/2024\/05\/Untitled-4-225x116.jpeg 225w, https:\/\/www.isdin.com\/es\/blog\/wp-content\/uploads\/2024\/05\/Untitled-4-900x464.jpeg 900w, https:\/\/www.isdin.com\/es\/blog\/wp-content\/uploads\/2024\/05\/Untitled-4.jpeg 1200w\" sizes=\"auto, (max-width: 1024px) 100vw, 1024px\" \/><\/figure>\n\n\n\n<p><\/p>\n\n\n\n<p>La Dra. Puig busca inspirar un futuro sin c\u00e1ncer de piel, y nosotros queremos formar parte de este sue\u00f1o. <strong>Hemos pensado que juntos podemos marcar la diferencia, por eso podr\u00e1s unirte a este objetivo y ser parte del cambio<\/strong>. Si formas parte de la comunidad de los que amamos nuestra piel, LOVE ISDIN, tienes la opci\u00f3n de donar algunos de tus puntos para respaldar esta causa tan importante.<\/p>\n\n\n\n<p><\/p>\n\n\n\n<p class=\"has-background\" style=\"background-color:#f1dfbf\">Por cada 150 puntos LOVE ISDIN, donaremos 1\u20ac a la ISD, apoyando el estudio de la Dra. Puig y la Dra. Gilaberte. \u00bfA\u00fan no eres miembro? <a href=\"https:\/\/love.isdin.com\/con\/es-ES\">\u00danete hoy mismo<\/a>.<\/p>\n\n\n\n<p><\/p>\n\n\n\n<h2 class=\"wp-block-heading\">Un futuro sin c\u00e1ncer de piel: \u00bfc\u00f3mo podemos lograrlo?<\/h2>\n\n\n\n<figure class=\"wp-block-image size-large\"><img loading=\"lazy\" decoding=\"async\" width=\"1024\" height=\"527\" src=\"data:image\/gif;base64,R0lGODlhAQABAAAAACH5BAEKAAEALAAAAAABAAEAAAICTAEAOw==\" data-src=\"https:\/\/www.isdin.com\/es\/blog\/wp-content\/uploads\/2024\/05\/Untitled-7-1024x527.jpeg\" alt=\"prevenir el c\u00e1ncer de piel\" class=\"wp-image-10193 lazyload\" data-sizes=\"auto\" data-srcset=\"https:\/\/www.isdin.com\/es\/blog\/wp-content\/uploads\/2024\/05\/Untitled-7-1024x527.jpeg 1024w, https:\/\/www.isdin.com\/es\/blog\/wp-content\/uploads\/2024\/05\/Untitled-7-300x155.jpeg 300w, https:\/\/www.isdin.com\/es\/blog\/wp-content\/uploads\/2024\/05\/Untitled-7-150x77.jpeg 150w, https:\/\/www.isdin.com\/es\/blog\/wp-content\/uploads\/2024\/05\/Untitled-7-768x396.jpeg 768w, https:\/\/www.isdin.com\/es\/blog\/wp-content\/uploads\/2024\/05\/Untitled-7-585x300.jpeg 585w, https:\/\/www.isdin.com\/es\/blog\/wp-content\/uploads\/2024\/05\/Untitled-7-450x232.jpeg 450w, https:\/\/www.isdin.com\/es\/blog\/wp-content\/uploads\/2024\/05\/Untitled-7-20x11.jpeg 20w, https:\/\/www.isdin.com\/es\/blog\/wp-content\/uploads\/2024\/05\/Untitled-7-225x116.jpeg 225w, https:\/\/www.isdin.com\/es\/blog\/wp-content\/uploads\/2024\/05\/Untitled-7-900x464.jpeg 900w, https:\/\/www.isdin.com\/es\/blog\/wp-content\/uploads\/2024\/05\/Untitled-7.jpeg 1200w\" sizes=\"auto, (max-width: 1024px) 100vw, 1024px\" \/><\/figure>\n\n\n\n<p><\/p>\n\n\n\n<p>Aunque tendremos que esperar para ver los resultados del estudio, <strong>la Dra. Puig quiere compartir algo que puedes empezar a hacer hoy mismo: mejorar tus h\u00e1bitos, <a href=\"https:\/\/www.isdin.com\/es\/blog\/como-aplicar-correctamente-el-fotoprotector-solar\/\">protegerte del sol<\/a> y programar una cita anual con tu dermat\u00f3logo.<\/strong> La piel es el \u00f3rgano m\u00e1s grande de tu cuerpo, uno que cuenta historias sin palabras, almacena recuerdos y te acompa\u00f1a en cada momento de tu vida. Por eso, recalcamos el mensaje que la Dra. Puig nos deja: \u201cProtegerse del sol a diario es la mejor estrategia para prevenir el envejecimiento de la piel, las queratosis act\u00ednicas y, especialmente, el melanoma y otros tipos de c\u00e1ncer de piel\u201d.<\/p>\n\n\n\n<blockquote class=\"wp-block-quote is-layout-flow wp-block-quote-is-layout-flow\">\n<p>\u2018\u2019Protegerse del sol a diario es la mejor estrategia para prevenir el envejecimiento de la piel, las queratosis act\u00ednicas y, especialmente, el melanoma y otros tipos de c\u00e1ncer de piel\u2019\u2019. <\/p>\n<cite> DRA. SUSANA PUIG<\/cite><\/blockquote>\n\n\n\n<p>Recuerda, la importancia de la prevenci\u00f3n y la detecci\u00f3n precoz es esencial. <strong>Comparte lo que has aprendido y colabora, porque un futuro sin c\u00e1ncer de piel empieza contigo.<\/strong><\/p>\n\n\n\n<p><\/p>\n","protected":false},"excerpt":{"rendered":"<p>Junto a la Dra. Puig y la International School of Dermatology (ISD), seremos la fuerza que impulsa el cambio, y queremos que formes parte de \u00e9l. \u00bfTe unes?<\/p>\n","protected":false},"author":69,"featured_media":10194,"comment_status":"open","ping_status":"open","sticky":false,"template":"","format":"image","meta":{"footnotes":""},"categories":[109,65],"tags":[454,119,400],"class_list":["post-3710","post","type-post","status-publish","format-image","has-post-thumbnail","hentry","category-dermatologia","category-expertos","tag-exposoma","tag-fotoproteccion","tag-melanoma","post_format-post-format-image"],"yoast_head":"<!-- This site is optimized with the Yoast SEO Premium plugin v25.4 (Yoast SEO v25.4) - https:\/\/yoast.com\/wordpress\/plugins\/seo\/ -->\n<title>Inspirando un futuro sin c\u00e1ncer de piel con la Dra. Susana Puig - ISDIN<\/title>\n<meta name=\"description\" content=\"Descubre los secretos del exposoma y sus impactos en la piel de la mano de la Dra. Susana Puig, referente mundial en c\u00e1ncer de piel.\" \/>\n<meta name=\"robots\" content=\"index, follow, max-snippet:-1, max-image-preview:large, max-video-preview:-1\" \/>\n<link rel=\"canonical\" href=\"https:\/\/www.isdin.com\/es\/blog\/dia-del-melanoma-prevencion-y-deteccion\/\" \/>\n<meta property=\"og:locale\" content=\"es_ES\" \/>\n<meta property=\"og:type\" content=\"article\" \/>\n<meta property=\"og:title\" content=\"Inspirando un futuro sin c\u00e1ncer de piel con la Dra. Susana Puig\" \/>\n<meta property=\"og:description\" content=\"Descubre los secretos del exposoma y sus impactos en la piel de la mano de la Dra. Susana Puig, referente mundial en c\u00e1ncer de piel.\" \/>\n<meta property=\"og:url\" content=\"https:\/\/www.isdin.com\/es\/blog\/dia-del-melanoma-prevencion-y-deteccion\/\" \/>\n<meta property=\"og:site_name\" content=\"ISDIN\" \/>\n<meta property=\"article:publisher\" content=\"https:\/\/es-es.facebook.com\/ISDIN.official\/\" \/>\n<meta property=\"article:published_time\" content=\"2024-05-23T08:07:37+00:00\" \/>\n<meta property=\"article:modified_time\" content=\"2025-05-16T13:14:34+00:00\" \/>\n<meta property=\"og:image\" content=\"https:\/\/www.isdin.com\/es\/blog\/wp-content\/uploads\/2018\/05\/Untitled-8.jpeg\" \/>\n\t<meta property=\"og:image:width\" content=\"1200\" \/>\n\t<meta property=\"og:image:height\" content=\"760\" \/>\n\t<meta property=\"og:image:type\" content=\"image\/jpeg\" \/>\n<meta name=\"author\" content=\"Belinda Mart\u00ednez\" \/>\n<meta name=\"twitter:card\" content=\"summary_large_image\" \/>\n<meta name=\"twitter:creator\" content=\"@isdin_official\" \/>\n<meta name=\"twitter:site\" content=\"@isdin_official\" \/>\n<meta name=\"twitter:label1\" content=\"Written by\" \/>\n\t<meta name=\"twitter:data1\" content=\"Belinda Mart\u00ednez\" \/>\n\t<meta name=\"twitter:label2\" content=\"Est. reading time\" \/>\n\t<meta name=\"twitter:data2\" content=\"8 minutes\" \/>\n<script type=\"application\/ld+json\" class=\"yoast-schema-graph\">{\"@context\":\"https:\/\/schema.org\",\"@graph\":[{\"@type\":\"Article\",\"@id\":\"https:\/\/www.isdin.com\/es\/blog\/dia-del-melanoma-prevencion-y-deteccion\/#article\",\"isPartOf\":{\"@id\":\"https:\/\/www.isdin.com\/es\/blog\/dia-del-melanoma-prevencion-y-deteccion\/\"},\"author\":{\"name\":\"Belinda Mart\u00ednez\",\"@id\":\"https:\/\/www.isdin.com\/es\/blog\/#\/schema\/person\/684015d7d9e78124cb4aa660f6fe8576\"},\"headline\":\"Inspirando un futuro sin c\u00e1ncer de piel con la Dra. Susana Puig\",\"datePublished\":\"2024-05-23T08:07:37+00:00\",\"dateModified\":\"2025-05-16T13:14:34+00:00\",\"mainEntityOfPage\":{\"@id\":\"https:\/\/www.isdin.com\/es\/blog\/dia-del-melanoma-prevencion-y-deteccion\/\"},\"wordCount\":1645,\"commentCount\":0,\"publisher\":{\"@id\":\"https:\/\/www.isdin.com\/es\/blog\/#organization\"},\"image\":{\"@id\":\"https:\/\/www.isdin.com\/es\/blog\/dia-del-melanoma-prevencion-y-deteccion\/#primaryimage\"},\"thumbnailUrl\":\"https:\/\/www.isdin.com\/es\/blog\/wp-content\/uploads\/2018\/05\/Untitled-8.jpeg\",\"keywords\":[\"exposoma\",\"fotoprotecci\u00f3n\",\"Melanoma\"],\"articleSection\":[\"Dermatolog\u00eda\",\"Expertos\"],\"inLanguage\":\"es-ES\"},{\"@type\":\"WebPage\",\"@id\":\"https:\/\/www.isdin.com\/es\/blog\/dia-del-melanoma-prevencion-y-deteccion\/\",\"url\":\"https:\/\/www.isdin.com\/es\/blog\/dia-del-melanoma-prevencion-y-deteccion\/\",\"name\":\"Inspirando un futuro sin c\u00e1ncer de piel con la Dra. Susana Puig - ISDIN\",\"isPartOf\":{\"@id\":\"https:\/\/www.isdin.com\/es\/blog\/#website\"},\"primaryImageOfPage\":{\"@id\":\"https:\/\/www.isdin.com\/es\/blog\/dia-del-melanoma-prevencion-y-deteccion\/#primaryimage\"},\"image\":{\"@id\":\"https:\/\/www.isdin.com\/es\/blog\/dia-del-melanoma-prevencion-y-deteccion\/#primaryimage\"},\"thumbnailUrl\":\"https:\/\/www.isdin.com\/es\/blog\/wp-content\/uploads\/2018\/05\/Untitled-8.jpeg\",\"datePublished\":\"2024-05-23T08:07:37+00:00\",\"dateModified\":\"2025-05-16T13:14:34+00:00\",\"description\":\"Descubre los secretos del exposoma y sus impactos en la piel de la mano de la Dra. Susana Puig, referente mundial en c\u00e1ncer de piel.\",\"breadcrumb\":{\"@id\":\"https:\/\/www.isdin.com\/es\/blog\/dia-del-melanoma-prevencion-y-deteccion\/#breadcrumb\"},\"inLanguage\":\"es-ES\",\"potentialAction\":[{\"@type\":\"ReadAction\",\"target\":[\"https:\/\/www.isdin.com\/es\/blog\/dia-del-melanoma-prevencion-y-deteccion\/\"]}]},{\"@type\":\"ImageObject\",\"inLanguage\":\"es-ES\",\"@id\":\"https:\/\/www.isdin.com\/es\/blog\/dia-del-melanoma-prevencion-y-deteccion\/#primaryimage\",\"url\":\"https:\/\/www.isdin.com\/es\/blog\/wp-content\/uploads\/2018\/05\/Untitled-8.jpeg\",\"contentUrl\":\"https:\/\/www.isdin.com\/es\/blog\/wp-content\/uploads\/2018\/05\/Untitled-8.jpeg\",\"width\":1200,\"height\":760},{\"@type\":\"BreadcrumbList\",\"@id\":\"https:\/\/www.isdin.com\/es\/blog\/dia-del-melanoma-prevencion-y-deteccion\/#breadcrumb\",\"itemListElement\":[{\"@type\":\"ListItem\",\"position\":1,\"name\":\"Portada\",\"item\":\"https:\/\/www.isdin.com\/es\/blog\/\"},{\"@type\":\"ListItem\",\"position\":2,\"name\":\"Inspirando un futuro sin c\u00e1ncer de piel con la Dra. Susana Puig\"}]},{\"@type\":\"WebSite\",\"@id\":\"https:\/\/www.isdin.com\/es\/blog\/#website\",\"url\":\"https:\/\/www.isdin.com\/es\/blog\/\",\"name\":\"ISDIN\",\"description\":\"Novedades, lanzamientos de productos y toda la experiencia de ISDIN\",\"publisher\":{\"@id\":\"https:\/\/www.isdin.com\/es\/blog\/#organization\"},\"potentialAction\":[{\"@type\":\"SearchAction\",\"target\":{\"@type\":\"EntryPoint\",\"urlTemplate\":\"https:\/\/www.isdin.com\/es\/blog\/?s={search_term_string}\"},\"query-input\":{\"@type\":\"PropertyValueSpecification\",\"valueRequired\":true,\"valueName\":\"search_term_string\"}}],\"inLanguage\":\"es-ES\"},{\"@type\":\"Organization\",\"@id\":\"https:\/\/www.isdin.com\/es\/blog\/#organization\",\"name\":\"ISDIN\",\"alternateName\":\"ISDIN\",\"url\":\"https:\/\/www.isdin.com\/es\/blog\/\",\"logo\":{\"@type\":\"ImageObject\",\"inLanguage\":\"es-ES\",\"@id\":\"https:\/\/www.isdin.com\/es\/blog\/#\/schema\/logo\/image\/\",\"url\":\"https:\/\/www.isdin.com\/es\/blog\/wp-content\/uploads\/2024\/05\/2025_03_GuiaFoto_FWM.png\",\"contentUrl\":\"https:\/\/www.isdin.com\/es\/blog\/wp-content\/uploads\/2024\/05\/2025_03_GuiaFoto_FWM.png\",\"width\":670,\"height\":683,\"caption\":\"ISDIN\"},\"image\":{\"@id\":\"https:\/\/www.isdin.com\/es\/blog\/#\/schema\/logo\/image\/\"},\"sameAs\":[\"https:\/\/es-es.facebook.com\/ISDIN.official\/\",\"https:\/\/x.com\/isdin_official\",\"https:\/\/www.instagram.com\/isdinofficial\",\"https:\/\/www.youtube.com\/channel\/UCtoNJMKpDwdFLqgV23_lcqg\"],\"telephone\":\"659997812\"},{\"@type\":\"Person\",\"@id\":\"https:\/\/www.isdin.com\/es\/blog\/#\/schema\/person\/684015d7d9e78124cb4aa660f6fe8576\",\"name\":\"Belinda Mart\u00ednez\",\"image\":{\"@type\":\"ImageObject\",\"inLanguage\":\"es-ES\",\"@id\":\"https:\/\/www.isdin.com\/es\/blog\/#\/schema\/person\/image\/\",\"url\":\"https:\/\/www.isdin.com\/es\/blog\/wp-content\/uploads\/2017\/07\/jjjj.jpg\",\"contentUrl\":\"https:\/\/www.isdin.com\/es\/blog\/wp-content\/uploads\/2017\/07\/jjjj.jpg\",\"caption\":\"Belinda Mart\u00ednez\"},\"description\":\"Belinda es periodista y copywriter creativa. Tras a\u00f1os de experiencia, decidi\u00f3 fusionar sus habilidades de escritura con su amor por el skincare, convirti\u00e9ndose en una especialista en la materia. \u00bfSu imprescindible? Un buen b\u00e1lsamo de labios.\",\"sameAs\":[\"https:\/\/www.linkedin.com\/in\/thisisbel\/\"],\"url\":\"https:\/\/www.isdin.com\/es\/blog\/author\/belindamartinez\/\"}]}<\/script>\n<!-- \/ Yoast SEO Premium plugin. -->","yoast_head_json":{"title":"Inspirando un futuro sin c\u00e1ncer de piel con la Dra. Susana Puig - ISDIN","description":"Descubre los secretos del exposoma y sus impactos en la piel de la mano de la Dra. Susana Puig, referente mundial en c\u00e1ncer de piel.","robots":{"index":"index","follow":"follow","max-snippet":"max-snippet:-1","max-image-preview":"max-image-preview:large","max-video-preview":"max-video-preview:-1"},"canonical":"https:\/\/www.isdin.com\/es\/blog\/dia-del-melanoma-prevencion-y-deteccion\/","og_locale":"es_ES","og_type":"article","og_title":"Inspirando un futuro sin c\u00e1ncer de piel con la Dra. Susana Puig","og_description":"Descubre los secretos del exposoma y sus impactos en la piel de la mano de la Dra. Susana Puig, referente mundial en c\u00e1ncer de piel.","og_url":"https:\/\/www.isdin.com\/es\/blog\/dia-del-melanoma-prevencion-y-deteccion\/","og_site_name":"ISDIN","article_publisher":"https:\/\/es-es.facebook.com\/ISDIN.official\/","article_published_time":"2024-05-23T08:07:37+00:00","article_modified_time":"2025-05-16T13:14:34+00:00","og_image":[{"width":1200,"height":760,"url":"https:\/\/www.isdin.com\/es\/blog\/wp-content\/uploads\/2018\/05\/Untitled-8.jpeg","type":"image\/jpeg"}],"author":"Belinda Mart\u00ednez","twitter_card":"summary_large_image","twitter_creator":"@isdin_official","twitter_site":"@isdin_official","twitter_misc":{"Written by":"Belinda Mart\u00ednez","Est. reading time":"8 minutes"},"schema":{"@context":"https:\/\/schema.org","@graph":[{"@type":"Article","@id":"https:\/\/www.isdin.com\/es\/blog\/dia-del-melanoma-prevencion-y-deteccion\/#article","isPartOf":{"@id":"https:\/\/www.isdin.com\/es\/blog\/dia-del-melanoma-prevencion-y-deteccion\/"},"author":{"name":"Belinda Mart\u00ednez","@id":"https:\/\/www.isdin.com\/es\/blog\/#\/schema\/person\/684015d7d9e78124cb4aa660f6fe8576"},"headline":"Inspirando un futuro sin c\u00e1ncer de piel con la Dra. Susana Puig","datePublished":"2024-05-23T08:07:37+00:00","dateModified":"2025-05-16T13:14:34+00:00","mainEntityOfPage":{"@id":"https:\/\/www.isdin.com\/es\/blog\/dia-del-melanoma-prevencion-y-deteccion\/"},"wordCount":1645,"commentCount":0,"publisher":{"@id":"https:\/\/www.isdin.com\/es\/blog\/#organization"},"image":{"@id":"https:\/\/www.isdin.com\/es\/blog\/dia-del-melanoma-prevencion-y-deteccion\/#primaryimage"},"thumbnailUrl":"https:\/\/www.isdin.com\/es\/blog\/wp-content\/uploads\/2018\/05\/Untitled-8.jpeg","keywords":["exposoma","fotoprotecci\u00f3n","Melanoma"],"articleSection":["Dermatolog\u00eda","Expertos"],"inLanguage":"es-ES"},{"@type":"WebPage","@id":"https:\/\/www.isdin.com\/es\/blog\/dia-del-melanoma-prevencion-y-deteccion\/","url":"https:\/\/www.isdin.com\/es\/blog\/dia-del-melanoma-prevencion-y-deteccion\/","name":"Inspirando un futuro sin c\u00e1ncer de piel con la Dra. Susana Puig - ISDIN","isPartOf":{"@id":"https:\/\/www.isdin.com\/es\/blog\/#website"},"primaryImageOfPage":{"@id":"https:\/\/www.isdin.com\/es\/blog\/dia-del-melanoma-prevencion-y-deteccion\/#primaryimage"},"image":{"@id":"https:\/\/www.isdin.com\/es\/blog\/dia-del-melanoma-prevencion-y-deteccion\/#primaryimage"},"thumbnailUrl":"https:\/\/www.isdin.com\/es\/blog\/wp-content\/uploads\/2018\/05\/Untitled-8.jpeg","datePublished":"2024-05-23T08:07:37+00:00","dateModified":"2025-05-16T13:14:34+00:00","description":"Descubre los secretos del exposoma y sus impactos en la piel de la mano de la Dra. Susana Puig, referente mundial en c\u00e1ncer de piel.","breadcrumb":{"@id":"https:\/\/www.isdin.com\/es\/blog\/dia-del-melanoma-prevencion-y-deteccion\/#breadcrumb"},"inLanguage":"es-ES","potentialAction":[{"@type":"ReadAction","target":["https:\/\/www.isdin.com\/es\/blog\/dia-del-melanoma-prevencion-y-deteccion\/"]}]},{"@type":"ImageObject","inLanguage":"es-ES","@id":"https:\/\/www.isdin.com\/es\/blog\/dia-del-melanoma-prevencion-y-deteccion\/#primaryimage","url":"https:\/\/www.isdin.com\/es\/blog\/wp-content\/uploads\/2018\/05\/Untitled-8.jpeg","contentUrl":"https:\/\/www.isdin.com\/es\/blog\/wp-content\/uploads\/2018\/05\/Untitled-8.jpeg","width":1200,"height":760},{"@type":"BreadcrumbList","@id":"https:\/\/www.isdin.com\/es\/blog\/dia-del-melanoma-prevencion-y-deteccion\/#breadcrumb","itemListElement":[{"@type":"ListItem","position":1,"name":"Portada","item":"https:\/\/www.isdin.com\/es\/blog\/"},{"@type":"ListItem","position":2,"name":"Inspirando un futuro sin c\u00e1ncer de piel con la Dra. Susana Puig"}]},{"@type":"WebSite","@id":"https:\/\/www.isdin.com\/es\/blog\/#website","url":"https:\/\/www.isdin.com\/es\/blog\/","name":"ISDIN","description":"Novedades, lanzamientos de productos y toda la experiencia de ISDIN","publisher":{"@id":"https:\/\/www.isdin.com\/es\/blog\/#organization"},"potentialAction":[{"@type":"SearchAction","target":{"@type":"EntryPoint","urlTemplate":"https:\/\/www.isdin.com\/es\/blog\/?s={search_term_string}"},"query-input":{"@type":"PropertyValueSpecification","valueRequired":true,"valueName":"search_term_string"}}],"inLanguage":"es-ES"},{"@type":"Organization","@id":"https:\/\/www.isdin.com\/es\/blog\/#organization","name":"ISDIN","alternateName":"ISDIN","url":"https:\/\/www.isdin.com\/es\/blog\/","logo":{"@type":"ImageObject","inLanguage":"es-ES","@id":"https:\/\/www.isdin.com\/es\/blog\/#\/schema\/logo\/image\/","url":"https:\/\/www.isdin.com\/es\/blog\/wp-content\/uploads\/2024\/05\/2025_03_GuiaFoto_FWM.png","contentUrl":"https:\/\/www.isdin.com\/es\/blog\/wp-content\/uploads\/2024\/05\/2025_03_GuiaFoto_FWM.png","width":670,"height":683,"caption":"ISDIN"},"image":{"@id":"https:\/\/www.isdin.com\/es\/blog\/#\/schema\/logo\/image\/"},"sameAs":["https:\/\/es-es.facebook.com\/ISDIN.official\/","https:\/\/x.com\/isdin_official","https:\/\/www.instagram.com\/isdinofficial","https:\/\/www.youtube.com\/channel\/UCtoNJMKpDwdFLqgV23_lcqg"],"telephone":"659997812"},{"@type":"Person","@id":"https:\/\/www.isdin.com\/es\/blog\/#\/schema\/person\/684015d7d9e78124cb4aa660f6fe8576","name":"Belinda Mart\u00ednez","image":{"@type":"ImageObject","inLanguage":"es-ES","@id":"https:\/\/www.isdin.com\/es\/blog\/#\/schema\/person\/image\/","url":"https:\/\/www.isdin.com\/es\/blog\/wp-content\/uploads\/2017\/07\/jjjj.jpg","contentUrl":"https:\/\/www.isdin.com\/es\/blog\/wp-content\/uploads\/2017\/07\/jjjj.jpg","caption":"Belinda Mart\u00ednez"},"description":"Belinda es periodista y copywriter creativa. Tras a\u00f1os de experiencia, decidi\u00f3 fusionar sus habilidades de escritura con su amor por el skincare, convirti\u00e9ndose en una especialista en la materia. \u00bfSu imprescindible? Un buen b\u00e1lsamo de labios.","sameAs":["https:\/\/www.linkedin.com\/in\/thisisbel\/"],"url":"https:\/\/www.isdin.com\/es\/blog\/author\/belindamartinez\/"}]}},"_links":{"self":[{"href":"https:\/\/www.isdin.com\/es\/blog\/wp-json\/wp\/v2\/posts\/3710","targetHints":{"allow":["GET"]}}],"collection":[{"href":"https:\/\/www.isdin.com\/es\/blog\/wp-json\/wp\/v2\/posts"}],"about":[{"href":"https:\/\/www.isdin.com\/es\/blog\/wp-json\/wp\/v2\/types\/post"}],"author":[{"embeddable":true,"href":"https:\/\/www.isdin.com\/es\/blog\/wp-json\/wp\/v2\/users\/69"}],"replies":[{"embeddable":true,"href":"https:\/\/www.isdin.com\/es\/blog\/wp-json\/wp\/v2\/comments?post=3710"}],"version-history":[{"count":36,"href":"https:\/\/www.isdin.com\/es\/blog\/wp-json\/wp\/v2\/posts\/3710\/revisions"}],"predecessor-version":[{"id":12096,"href":"https:\/\/www.isdin.com\/es\/blog\/wp-json\/wp\/v2\/posts\/3710\/revisions\/12096"}],"wp:featuredmedia":[{"embeddable":true,"href":"https:\/\/www.isdin.com\/es\/blog\/wp-json\/wp\/v2\/media\/10194"}],"wp:attachment":[{"href":"https:\/\/www.isdin.com\/es\/blog\/wp-json\/wp\/v2\/media?parent=3710"}],"wp:term":[{"taxonomy":"category","embeddable":true,"href":"https:\/\/www.isdin.com\/es\/blog\/wp-json\/wp\/v2\/categories?post=3710"},{"taxonomy":"post_tag","embeddable":true,"href":"https:\/\/www.isdin.com\/es\/blog\/wp-json\/wp\/v2\/tags?post=3710"}],"curies":[{"name":"wp","href":"https:\/\/api.w.org\/{rel}","templated":true}]}}