{"id":3474,"date":"2025-01-31T10:00:00","date_gmt":"2025-01-31T10:00:00","guid":{"rendered":"https:\/\/www.isdin.com\/es\/blog\/?p=3474"},"modified":"2025-01-31T10:06:17","modified_gmt":"2025-01-31T10:06:17","slug":"como-reducir-las-ojeras","status":"publish","type":"post","link":"https:\/\/www.isdin.com\/es\/blog\/como-reducir-las-ojeras\/","title":{"rendered":"Todo sobre las ojeras: causas, tipos y c\u00f3mo ayudar a reducirlas"},"content":{"rendered":"\n<p>Las ojeras son esas marcas que cuentan historias. Surgen despu\u00e9s de noches de risas interminables, madrugadas llenas de sue\u00f1os o incluso momentos de estr\u00e9s y cansancio. Esta zona del rostro, donde la piel es m\u00e1s fina y delicada, refleja con facilidad cualquier cambio en nuestro cuerpo, desde la falta de sue\u00f1o hasta la gen\u00e9tica o el paso del tiempo.<\/p>\n\n\n\n<p>Aunque muchas veces las asociamos con agotamiento, las ojeras tienen m\u00faltiples causas y tipos. Y sin importar el origen, todos hemos buscado en alg\u00fan momento formas de suavizarlas y devolverle luz y frescura a nuestra mirada.<\/p>\n\n\n\n<p><strong>Hoy exploraremos todo sobre las ojeras<\/strong>: qu\u00e9 son realmente, por qu\u00e9 aparecen y, sobre todo, c\u00f3mo podemos ayudar a reducirlas.<\/p>\n\n\n\n<h2 class=\"wp-block-heading\" id=\"h-que-son-las-ojeras\">\u00bfQu\u00e9 son las ojeras?<\/h2>\n\n\n\n<figure class=\"wp-block-image size-full\"><img loading=\"lazy\" decoding=\"async\" width=\"1200\" height=\"618\" src=\"data:image\/gif;base64,R0lGODlhAQABAAAAACH5BAEKAAEALAAAAAABAAEAAAICTAEAOw==\" data-src=\"https:\/\/www.isdin.com\/es\/blog\/wp-content\/uploads\/2023\/08\/2025_01_Ojeras_IMG03.jpg\" alt=\"mirada sin ojeras\" class=\"wp-image-11551 lazyload\"\/><\/figure>\n\n\n\n<p><\/p>\n\n\n\n<p>Cuando piensas en la palabra \u2018ojeras\u2019, probablemente imagines esas sombras o pigmentaciones oscuras que aparecen alrededor de los ojos. Pero las ojeras son mucho m\u00e1s que un simple cambio de color: son peque\u00f1as ventanas que revelan el estado f\u00edsico, emocional y hasta gen\u00e9tico de una persona. <strong>La piel que rodea los ojos es la <a href=\"https:\/\/aedv.es\/las-bolsas-y-ojeras-tiene-solucion\/\">m\u00e1s fina y delicada<\/a> del rostro, casi como un velo que deja entrever lo que ocurre debajo<\/strong>: vasos sangu\u00edneos, acumulaci\u00f3n de pigmento o incluso <a href=\"https:\/\/www.isdin.com\/es\/blog\/de-meta-a-habito-la-clave-para-el-exito\/\">se\u00f1ales de envejecimiento<\/a>.<\/p>\n\n\n\n<p>Aunque muchas veces las asociamos con el cansancio o el <a href=\"https:\/\/www.isdin.com\/blog\/como-afecta-el-estres-a-nuestra-piel\/\">estr\u00e9s<\/a>, las ojeras no siempre son un signo de descuido. Detr\u00e1s de su aparici\u00f3n hay un abanico de causas que vale la pena entender. Porque conocer su origen no solo ayuda a tratarlas, sino tambi\u00e9n a darles un significado m\u00e1s amable: <strong>al final, son parte de nuestra historia y de lo que nos hace \u00fanicos.<\/strong><\/p>\n\n\n\n<h3 class=\"wp-block-heading\">\u00bfCu\u00e1les son las causas de las ojeras?<\/h3>\n\n\n\n<figure class=\"wp-block-image size-full\"><img loading=\"lazy\" decoding=\"async\" width=\"1200\" height=\"618\" src=\"data:image\/gif;base64,R0lGODlhAQABAAAAACH5BAEKAAEALAAAAAABAAEAAAICTAEAOw==\" data-src=\"https:\/\/www.isdin.com\/es\/blog\/wp-content\/uploads\/2023\/08\/2025_01_Ojeras_IMG07.jpg\" alt=\"chica durmiendo con antifaz\" class=\"wp-image-11552 lazyload\"\/><\/figure>\n\n\n\n<p><\/p>\n\n\n\n<p>Aunque las ojeras no son iguales para todos, comparten causas que, muchas veces, son inevitables:<\/p>\n\n\n\n<ol class=\"wp-block-list\">\n<li><strong>Gen\u00e9tica:<\/strong> si tus padres o abuelos tienen esas sombras caracter\u00edsticas, es posible que t\u00fa tambi\u00e9n las luzcas. No es algo malo; es simplemente parte de tu herencia, como el color de tus ojos o la forma de tu sonrisa. <strong><a href=\"https:\/\/scienceofbiogenetics.com\/articles\/the-role-of-genetics-in-the-formation-of-under-eye-circles-and-their-impact-on-appearance?utm_source=chatgpt.com\">La gen\u00e9tica influye en la pigmentaci\u00f3n<\/a> y el grosor de la piel alrededor de los ojos, haci\u00e9ndolas m\u00e1s visibles en algunas personas.<\/strong><\/li>\n\n\n\n<li><strong>Falta de sue\u00f1o:<\/strong> las noches intensas dejan recuerdos, y no solo en tu memoria. <a href=\"https:\/\/www.isdin.com\/es\/blog\/consejos-para-dormir-bien\/\">El descanso es clave para que la piel se regenere<\/a>, y cuando no dormimos lo suficiente, los vasos sangu\u00edneos en la zona del contorno se notan m\u00e1s.<\/li>\n\n\n\n<li><strong>Deshidrataci\u00f3n:<\/strong> el agua es vida, tambi\u00e9n para tu piel. Cuando no hidratamos lo suficiente, <a href=\"https:\/\/www.isdin.com\/es\/blog\/perdida-de-agua-transepidermica-que-es\/\">la piel pierde<\/a> ese brillo saludable que la caracteriza, y las ojeras se pueden resaltar m\u00e1s.<\/li>\n\n\n\n<li><strong>Edad:<\/strong> con los a\u00f1os, nuestra piel cambia, y la zona de los ojos no es la excepci\u00f3n. La p\u00e9rdida de <a href=\"https:\/\/www.isdin.com\/blog\/beneficios-del-colageno-para-la-piel\/\">col\u00e1geno y elastina<\/a> es un proceso natural que puede hacer m\u00e1s visible la sombra bajo los ojos, como parte del cambio que viene con la experiencia y el crecimiento.<\/li>\n\n\n\n<li><strong>Alergias:<\/strong> cuando nuestro cuerpo reacciona a <a href=\"https:\/\/www.isdin.com\/es\/blog\/que-es-el-exposoma-factores-externos-piel\/\">factores externos<\/a> como el polen o la congesti\u00f3n, la piel alrededor de los ojos puede oscurecerse temporalmente.<\/li>\n\n\n\n<li><strong>Estilo de vida:<\/strong> cada elecci\u00f3n deja su marca. <a href=\"https:\/\/www.isdin.com\/blog\/alimentos-antioxidantes-piel-luminosa\/\">Una alimentaci\u00f3n balanceada<\/a>, el movimiento y los momentos de autocuidado ayudan a mantener la piel vibrante. Si te desvelas por algo especial o tienes una celebraci\u00f3n con tus seres queridos, <strong>recuerda que tus ojeras pueden ser una prueba de que est\u00e1s disfrutando la vida.<\/strong><\/li>\n<\/ol>\n\n\n\n<h2 class=\"wp-block-heading\">Tipos de ojeras<\/h2>\n\n\n\n<p>As\u00ed como cada persona tiene una mirada \u00fanica, las ojeras tambi\u00e9n vienen en diferentes \u2018versiones\u2019. En general, <a href=\"https:\/\/www.palomacornejo.com\/ojeras-bolsas-salen\/\">existen 3 tipos<\/a>:<\/p>\n\n\n\n<div class=\"wp-block-media-text is-stacked-on-mobile\" style=\"grid-template-columns:28% auto\"><figure class=\"wp-block-media-text__media\"><img loading=\"lazy\" decoding=\"async\" width=\"1024\" height=\"1024\" src=\"data:image\/gif;base64,R0lGODlhAQABAAAAACH5BAEKAAEALAAAAAABAAEAAAICTAEAOw==\" data-src=\"https:\/\/www.isdin.com\/es\/blog\/wp-content\/uploads\/2023\/08\/2025_01_Ojeras_IMG04-1024x1024.png\" alt=\"c\u00f3mo reducir las ojeras pigmentadas\" class=\"wp-image-11553 size-full lazyload\" data-sizes=\"auto\" data-srcset=\"https:\/\/www.isdin.com\/es\/blog\/wp-content\/uploads\/2023\/08\/2025_01_Ojeras_IMG04-1024x1024.png 1024w, https:\/\/www.isdin.com\/es\/blog\/wp-content\/uploads\/2023\/08\/2025_01_Ojeras_IMG04-300x300.png 300w, https:\/\/www.isdin.com\/es\/blog\/wp-content\/uploads\/2023\/08\/2025_01_Ojeras_IMG04-150x150.png 150w, https:\/\/www.isdin.com\/es\/blog\/wp-content\/uploads\/2023\/08\/2025_01_Ojeras_IMG04-768x768.png 768w, https:\/\/www.isdin.com\/es\/blog\/wp-content\/uploads\/2023\/08\/2025_01_Ojeras_IMG04-70x70.png 70w, https:\/\/www.isdin.com\/es\/blog\/wp-content\/uploads\/2023\/08\/2025_01_Ojeras_IMG04-180x180.png 180w, https:\/\/www.isdin.com\/es\/blog\/wp-content\/uploads\/2023\/08\/2025_01_Ojeras_IMG04-90x90.png 90w, https:\/\/www.isdin.com\/es\/blog\/wp-content\/uploads\/2023\/08\/2025_01_Ojeras_IMG04-450x450.png 450w, https:\/\/www.isdin.com\/es\/blog\/wp-content\/uploads\/2023\/08\/2025_01_Ojeras_IMG04-270x270.png 270w, https:\/\/www.isdin.com\/es\/blog\/wp-content\/uploads\/2023\/08\/2025_01_Ojeras_IMG04-20x20.png 20w, https:\/\/www.isdin.com\/es\/blog\/wp-content\/uploads\/2023\/08\/2025_01_Ojeras_IMG04-225x225.png 225w, https:\/\/www.isdin.com\/es\/blog\/wp-content\/uploads\/2023\/08\/2025_01_Ojeras_IMG04-900x900.png 900w, https:\/\/www.isdin.com\/es\/blog\/wp-content\/uploads\/2023\/08\/2025_01_Ojeras_IMG04.png 1116w\" sizes=\"auto, (max-width: 1024px) 100vw, 1024px\" \/><\/figure><div class=\"wp-block-media-text__content\">\n<h3 class=\"wp-block-heading\" id=\"h-1-ojeras-pigmentadas\"><br>1. Ojeras pigmentadas:<\/h3>\n\n\n\n<p>Tienen un tono marr\u00f3n o amarillento, como si tu piel hubiera decidido guardar un poquito m\u00e1s de sol de lo habitual. Son m\u00e1s comunes en personas con tonos de piel m\u00e1s oscuros o con una predisposici\u00f3n gen\u00e9tica. Aqu\u00ed la protagonista es la melanina, ese pigmento que nos da color y que, en ocasiones, se concentra m\u00e1s de la cuenta en esta delicada zona. <strong>Si este es tu caso, recuerda: \u00a1es natural y muy com\u00fan!<\/strong><\/p>\n<\/div><\/div>\n\n\n\n<div class=\"wp-block-media-text is-stacked-on-mobile\" style=\"grid-template-columns:29% auto\"><figure class=\"wp-block-media-text__media\"><img loading=\"lazy\" decoding=\"async\" width=\"1024\" height=\"1024\" src=\"data:image\/gif;base64,R0lGODlhAQABAAAAACH5BAEKAAEALAAAAAABAAEAAAICTAEAOw==\" data-src=\"https:\/\/www.isdin.com\/es\/blog\/wp-content\/uploads\/2023\/08\/2025_01_Ojeras_IMG06-1024x1024.png\" alt=\"c\u00f3mo reducir las ojeras vasculares\" class=\"wp-image-11554 size-full lazyload\" data-sizes=\"auto\" data-srcset=\"https:\/\/www.isdin.com\/es\/blog\/wp-content\/uploads\/2023\/08\/2025_01_Ojeras_IMG06-1024x1024.png 1024w, https:\/\/www.isdin.com\/es\/blog\/wp-content\/uploads\/2023\/08\/2025_01_Ojeras_IMG06-300x300.png 300w, https:\/\/www.isdin.com\/es\/blog\/wp-content\/uploads\/2023\/08\/2025_01_Ojeras_IMG06-150x150.png 150w, https:\/\/www.isdin.com\/es\/blog\/wp-content\/uploads\/2023\/08\/2025_01_Ojeras_IMG06-768x768.png 768w, https:\/\/www.isdin.com\/es\/blog\/wp-content\/uploads\/2023\/08\/2025_01_Ojeras_IMG06-70x70.png 70w, https:\/\/www.isdin.com\/es\/blog\/wp-content\/uploads\/2023\/08\/2025_01_Ojeras_IMG06-180x180.png 180w, https:\/\/www.isdin.com\/es\/blog\/wp-content\/uploads\/2023\/08\/2025_01_Ojeras_IMG06-90x90.png 90w, https:\/\/www.isdin.com\/es\/blog\/wp-content\/uploads\/2023\/08\/2025_01_Ojeras_IMG06-450x450.png 450w, https:\/\/www.isdin.com\/es\/blog\/wp-content\/uploads\/2023\/08\/2025_01_Ojeras_IMG06-270x270.png 270w, https:\/\/www.isdin.com\/es\/blog\/wp-content\/uploads\/2023\/08\/2025_01_Ojeras_IMG06-20x20.png 20w, https:\/\/www.isdin.com\/es\/blog\/wp-content\/uploads\/2023\/08\/2025_01_Ojeras_IMG06-225x225.png 225w, https:\/\/www.isdin.com\/es\/blog\/wp-content\/uploads\/2023\/08\/2025_01_Ojeras_IMG06-900x900.png 900w, https:\/\/www.isdin.com\/es\/blog\/wp-content\/uploads\/2023\/08\/2025_01_Ojeras_IMG06.png 1116w\" sizes=\"auto, (max-width: 1024px) 100vw, 1024px\" \/><\/figure><div class=\"wp-block-media-text__content\">\n<p><\/p>\n\n\n\n<h3 class=\"wp-block-heading\" id=\"h-2-ojeras-vasculares\">2. Ojeras vasculares:<\/h3>\n\n\n\n<p>Azuladas, moradas o incluso rojizas, estas ojeras son como un recordatorio de la gran actividad que ocurre bajo la piel. Su origen est\u00e1 en la dilataci\u00f3n de los vasos sangu\u00edneos o en la acumulaci\u00f3n de l\u00edquidos, algo completamente normal en una zona donde la piel es tan fina. <strong>Si tus ojeras parecen cambiar de intensidad dependiendo del d\u00eda, puede que sean de este tipo.<\/strong><\/p>\n<\/div><\/div>\n\n\n\n<div class=\"wp-block-media-text is-stacked-on-mobile\" style=\"grid-template-columns:30% auto\"><figure class=\"wp-block-media-text__media\"><img loading=\"lazy\" decoding=\"async\" width=\"1024\" height=\"1024\" src=\"data:image\/gif;base64,R0lGODlhAQABAAAAACH5BAEKAAEALAAAAAABAAEAAAICTAEAOw==\" data-src=\"https:\/\/www.isdin.com\/es\/blog\/wp-content\/uploads\/2023\/08\/2025_01_Ojeras_IMG05-1024x1024.png\" alt=\"c\u00f3mo reducir las ojeras hundidas\" class=\"wp-image-11555 size-full lazyload\" data-sizes=\"auto\" data-srcset=\"https:\/\/www.isdin.com\/es\/blog\/wp-content\/uploads\/2023\/08\/2025_01_Ojeras_IMG05-1024x1024.png 1024w, https:\/\/www.isdin.com\/es\/blog\/wp-content\/uploads\/2023\/08\/2025_01_Ojeras_IMG05-300x300.png 300w, https:\/\/www.isdin.com\/es\/blog\/wp-content\/uploads\/2023\/08\/2025_01_Ojeras_IMG05-150x150.png 150w, https:\/\/www.isdin.com\/es\/blog\/wp-content\/uploads\/2023\/08\/2025_01_Ojeras_IMG05-768x768.png 768w, https:\/\/www.isdin.com\/es\/blog\/wp-content\/uploads\/2023\/08\/2025_01_Ojeras_IMG05-70x70.png 70w, https:\/\/www.isdin.com\/es\/blog\/wp-content\/uploads\/2023\/08\/2025_01_Ojeras_IMG05-180x180.png 180w, https:\/\/www.isdin.com\/es\/blog\/wp-content\/uploads\/2023\/08\/2025_01_Ojeras_IMG05-90x90.png 90w, https:\/\/www.isdin.com\/es\/blog\/wp-content\/uploads\/2023\/08\/2025_01_Ojeras_IMG05-450x450.png 450w, https:\/\/www.isdin.com\/es\/blog\/wp-content\/uploads\/2023\/08\/2025_01_Ojeras_IMG05-270x270.png 270w, https:\/\/www.isdin.com\/es\/blog\/wp-content\/uploads\/2023\/08\/2025_01_Ojeras_IMG05-20x20.png 20w, https:\/\/www.isdin.com\/es\/blog\/wp-content\/uploads\/2023\/08\/2025_01_Ojeras_IMG05-225x225.png 225w, https:\/\/www.isdin.com\/es\/blog\/wp-content\/uploads\/2023\/08\/2025_01_Ojeras_IMG05-900x900.png 900w, https:\/\/www.isdin.com\/es\/blog\/wp-content\/uploads\/2023\/08\/2025_01_Ojeras_IMG05.png 1116w\" sizes=\"auto, (max-width: 1024px) 100vw, 1024px\" \/><\/figure><div class=\"wp-block-media-text__content\">\n<p><\/p>\n\n\n\n<h3 class=\"wp-block-heading\" id=\"h-3-ojeras-hundidas\">3. Ojeras hundidas:<\/h3>\n\n\n\n<p>Estas ojeras no son tanto un cambio de color, sino un juego de luces y sombras. Se producen cuando hay p\u00e9rdida de volumen en la zona, creando una especie de \u201cvalle\u201d que resalta m\u00e1s en ciertos \u00e1ngulos. <strong>Suelen aparecer con el tiempo, como una se\u00f1al de que tu piel ha vivido y evolucionado contigo.<\/strong><\/p>\n<\/div><\/div>\n\n\n\n<p><\/p>\n\n\n\n<h2 class=\"wp-block-heading\">\u00bfC\u00f3mo reducir las ojeras?<\/h2>\n\n\n\n<p>La clave est\u00e1 en <a href=\"https:\/\/www.isdin.com\/blog\/en-que-orden-se-aplican-las-cremas\/\">tu rutina<\/a> (y en peque\u00f1os cambios que hacen magia). Y si hablamos de cuidar la mirada, no hay nada como <a href=\"https:\/\/www.isdin.com\/blog\/guia-esencial-sobre-contornos-de-ojos\/\">el paso 2: el contorno de ojos<\/a>. Este verdadero aliado se encarga de mimar la delicada piel alrededor de tus ojos. <strong>Incorporarlo no solo mejora visiblemente esta zona, sino que tambi\u00e9n ayuda a protegerla y prevenir los signos del envejecimiento.<\/strong><\/p>\n\n\n\n<h3 class=\"wp-block-heading\">K-Ox Eyes, el contorno que puede con todo<\/h3>\n\n\n\n<figure class=\"wp-block-image size-full\"><a href=\"https:\/\/www.isdin.com\/es\/p\/k-ox-eyes\/1510\" target=\"_blank\" rel=\" noreferrer noopener\"><img loading=\"lazy\" decoding=\"async\" width=\"2400\" height=\"1236\" src=\"data:image\/gif;base64,R0lGODlhAQABAAAAACH5BAEKAAEALAAAAAABAAEAAAICTAEAOw==\" data-src=\"https:\/\/www.isdin.com\/es\/blog\/wp-content\/uploads\/2023\/08\/2025_01_Ojeras_IMG02.jpg\" alt=\"ISDIN K-Ox Eyes Cream\" class=\"wp-image-11556 lazyload\"\/><\/a><\/figure>\n\n\n\n<p><\/p>\n\n\n\n<p><a href=\"https:\/\/www.isdin.com\/es\/p\/k-ox-eyes\/1510\">K-Ox Eyes<\/a> es un aut\u00e9ntico <em>multitasker<\/em> dise\u00f1ado para potenciar toda la zona del contorno de los ojos. Su f\u00f3rmula avanzada (<a href=\"https:\/\/www.revistavanityfair.es\/cultura\/articulos\/5-razones-por-las-que-estos-dos-contornos-de-ojo-con-efecto-frio-son-los-mejores-del-mercado\/50612\">y galardonada<\/a>) est\u00e1 dise\u00f1ada para ayudar a iluminar, suavizar y reducir bolsas y ojeras, devolviendo a tu mirada su frescura y vitalidad natural.<\/p>\n\n\n\n<p class=\"has-background\" style=\"background-color:#f1dfbf\"><strong>\u00bfLo sab\u00edas?<\/strong> K-Ox Eyes reduce visiblemente hasta un <strong>33%<\/strong> las bolsas y ojeras en solo <strong>28 d\u00edas<\/strong>.<\/p>\n\n\n\n<p><\/p>\n\n\n\n<h3 class=\"wp-block-heading\">Con ingredientes imprescindibles<\/h3>\n\n\n\n<p><strong>K-Ox Eyes combina una selecci\u00f3n de ingredientes clave como la vitamina K \u00f3xido, Haloxyl, Eyeliss, dextrasulfato s\u00f3dico y <a href=\"https:\/\/www.isdin.com\/es\/blog\/para-que-sirve-acido-hialuronico\/\">\u00e1cido hialur\u00f3nico<\/a><\/strong>. Estos activos trabajan en sinergia para mejorar el aspecto de la piel alrededor de los ojos, unificando el tono, reduciendo la hinchaz\u00f3n, hidratando en profundidad y aportando luminosidad al contorno.<\/p>\n\n\n\n<h4 class=\"wp-block-heading\" id=\"h-es-el-contorno-ideal-para-ti-si\">Es el contorno ideal para ti si: <\/h4>\n\n\n\n<ul class=\"wp-block-list\">\n<li>Deseas ayudar a&nbsp;<a href=\"https:\/\/www.isdin.com\/es\/blog\/como-reducir-las-ojeras\/\">reducir visiblemente bolsas y ojeras<\/a>.<\/li>\n\n\n\n<li>Sue\u00f1as con un tono de piel m\u00e1s brillante y uniforme bajo tus ojos.<\/li>\n\n\n\n<li>Buscas un efecto refrescante con el que despertar tu mirada (incluso en las ma\u00f1anas m\u00e1s tempranas).<\/li>\n<\/ul>\n\n\n\n<p><\/p>\n\n\n\n<p class=\"has-background\" style=\"background-color:#f1dfbf\">Su aplicador cer\u00e1mico proporciona un efecto fr\u00edo que ayuda a descongestionar la zona y refrescar la mirada. <strong>\u00bfQuieres saber c\u00f3mo se utiliza?<\/strong> Te contamos&nbsp;<a href=\"https:\/\/www.isdin.com\/es\/blog\/como-aplicar-el-contorno-de-ojos\/\">c\u00f3mo aplicar correctamente el contorno de ojos<\/a>&nbsp;y los errores comunes que cometemos.<\/p>\n\n\n\n<p><\/p>\n\n\n\n<h2 class=\"wp-block-heading\">M\u00edmate siempre<\/h2>\n\n\n\n<p>Ahora ya sabes todo lo necesario para abordar una preocupaci\u00f3n muy com\u00fan: las ojeras. Pero antes de despedirnos, queremos compartir un \u00faltimo consejo que va m\u00e1s all\u00e1 de tu rutina: <a href=\"https:\/\/www.isdin.com\/es\/blog\/de-meta-a-habito-la-clave-para-el-exito\/\">tus h\u00e1bitos<\/a> diarios.<\/p>\n\n\n\n<p>El cuidado de tu piel comienza desde adentro. Todo lo que haces fuera de tu rutina tambi\u00e9n cuenta: descansar lo suficiente, mantenerte hidratada, alimentarte de manera equilibrada y manejar el estr\u00e9s son pilares fundamentales para potenciar los resultados de cualquier producto de <em>skincare<\/em>.<\/p>\n\n\n\n<p>Empieza hoy y dale a tus ojos el cuidado y amor que se merecen. <strong>Porque detr\u00e1s de cada mirada hay una historia, y merecemos contarla con la mejor versi\u00f3n de nosotros mismos.<\/strong><\/p>\n\n\n\n<p><\/p>\n","protected":false},"excerpt":{"rendered":"<p>Las ojeras son mucho m\u00e1s que un simple cambio de color: son peque\u00f1as ventanas que revelan el estado f\u00edsico, emocional y hasta gen\u00e9tico de una persona.<\/p>\n","protected":false},"author":69,"featured_media":11558,"comment_status":"open","ping_status":"open","sticky":false,"template":"","format":"image","meta":{"footnotes":""},"categories":[103,1],"tags":[],"class_list":["post-3474","post","type-post","status-publish","format-image","has-post-thumbnail","hentry","category-belleza","category-consejos-cuidados","post_format-post-format-image"],"yoast_head":"<!-- This site is optimized with the Yoast SEO Premium plugin v25.4 (Yoast SEO v25.4) - https:\/\/yoast.com\/wordpress\/plugins\/seo\/ -->\n<title>Todo sobre las ojeras: causas, tipos y c\u00f3mo ayudar a reducirlas - ISDIN<\/title>\n<meta name=\"description\" content=\"\u00bfC\u00f3mo reducir las ojeras? Descubre sus tipos, causas y el contorno de ojos perfecto para lucir una mirada radiante.\" \/>\n<meta name=\"robots\" content=\"index, follow, max-snippet:-1, max-image-preview:large, max-video-preview:-1\" \/>\n<link rel=\"canonical\" href=\"https:\/\/www.isdin.com\/es\/blog\/como-reducir-las-ojeras\/\" \/>\n<meta property=\"og:locale\" content=\"es_ES\" \/>\n<meta property=\"og:type\" content=\"article\" \/>\n<meta property=\"og:title\" content=\"Todo sobre las ojeras: causas, tipos y c\u00f3mo ayudar a reducirlas\" \/>\n<meta property=\"og:description\" content=\"\u00bfC\u00f3mo reducir las ojeras? Descubre sus tipos, causas y el contorno de ojos perfecto para lucir una mirada radiante.\" \/>\n<meta property=\"og:url\" content=\"https:\/\/www.isdin.com\/es\/blog\/como-reducir-las-ojeras\/\" \/>\n<meta property=\"og:site_name\" content=\"ISDIN\" \/>\n<meta property=\"article:publisher\" content=\"https:\/\/es-es.facebook.com\/ISDIN.official\/\" \/>\n<meta property=\"article:published_time\" content=\"2025-01-31T10:00:00+00:00\" \/>\n<meta property=\"article:modified_time\" content=\"2025-01-31T10:06:17+00:00\" \/>\n<meta property=\"og:image\" content=\"https:\/\/www.isdin.com\/es\/blog\/wp-content\/uploads\/2025\/01\/2025_01_Ojeras_IMG01-1.jpg\" \/>\n\t<meta property=\"og:image:width\" content=\"1200\" \/>\n\t<meta property=\"og:image:height\" content=\"760\" \/>\n\t<meta property=\"og:image:type\" content=\"image\/jpeg\" \/>\n<meta name=\"author\" content=\"Belinda Mart\u00ednez\" \/>\n<meta name=\"twitter:card\" content=\"summary_large_image\" \/>\n<meta name=\"twitter:creator\" content=\"@isdin_official\" \/>\n<meta name=\"twitter:site\" content=\"@isdin_official\" \/>\n<meta name=\"twitter:label1\" content=\"Written by\" \/>\n\t<meta name=\"twitter:data1\" content=\"Belinda Mart\u00ednez\" \/>\n\t<meta name=\"twitter:label2\" content=\"Est. reading time\" \/>\n\t<meta name=\"twitter:data2\" content=\"7 minutes\" \/>\n<script type=\"application\/ld+json\" class=\"yoast-schema-graph\">{\"@context\":\"https:\/\/schema.org\",\"@graph\":[{\"@type\":\"Article\",\"@id\":\"https:\/\/www.isdin.com\/es\/blog\/como-reducir-las-ojeras\/#article\",\"isPartOf\":{\"@id\":\"https:\/\/www.isdin.com\/es\/blog\/como-reducir-las-ojeras\/\"},\"author\":{\"name\":\"Belinda Mart\u00ednez\",\"@id\":\"https:\/\/www.isdin.com\/es\/blog\/#\/schema\/person\/684015d7d9e78124cb4aa660f6fe8576\"},\"headline\":\"Todo sobre las ojeras: causas, tipos y c\u00f3mo ayudar a reducirlas\",\"datePublished\":\"2025-01-31T10:00:00+00:00\",\"dateModified\":\"2025-01-31T10:06:17+00:00\",\"mainEntityOfPage\":{\"@id\":\"https:\/\/www.isdin.com\/es\/blog\/como-reducir-las-ojeras\/\"},\"wordCount\":1248,\"commentCount\":0,\"publisher\":{\"@id\":\"https:\/\/www.isdin.com\/es\/blog\/#organization\"},\"image\":{\"@id\":\"https:\/\/www.isdin.com\/es\/blog\/como-reducir-las-ojeras\/#primaryimage\"},\"thumbnailUrl\":\"https:\/\/www.isdin.com\/es\/blog\/wp-content\/uploads\/2025\/01\/2025_01_Ojeras_IMG01-1.jpg\",\"articleSection\":[\"Belleza\",\"Consejos y cuidados\"],\"inLanguage\":\"es-ES\"},{\"@type\":\"WebPage\",\"@id\":\"https:\/\/www.isdin.com\/es\/blog\/como-reducir-las-ojeras\/\",\"url\":\"https:\/\/www.isdin.com\/es\/blog\/como-reducir-las-ojeras\/\",\"name\":\"Todo sobre las ojeras: causas, tipos y c\u00f3mo ayudar a reducirlas - ISDIN\",\"isPartOf\":{\"@id\":\"https:\/\/www.isdin.com\/es\/blog\/#website\"},\"primaryImageOfPage\":{\"@id\":\"https:\/\/www.isdin.com\/es\/blog\/como-reducir-las-ojeras\/#primaryimage\"},\"image\":{\"@id\":\"https:\/\/www.isdin.com\/es\/blog\/como-reducir-las-ojeras\/#primaryimage\"},\"thumbnailUrl\":\"https:\/\/www.isdin.com\/es\/blog\/wp-content\/uploads\/2025\/01\/2025_01_Ojeras_IMG01-1.jpg\",\"datePublished\":\"2025-01-31T10:00:00+00:00\",\"dateModified\":\"2025-01-31T10:06:17+00:00\",\"description\":\"\u00bfC\u00f3mo reducir las ojeras? Descubre sus tipos, causas y el contorno de ojos perfecto para lucir una mirada radiante.\",\"breadcrumb\":{\"@id\":\"https:\/\/www.isdin.com\/es\/blog\/como-reducir-las-ojeras\/#breadcrumb\"},\"inLanguage\":\"es-ES\",\"potentialAction\":[{\"@type\":\"ReadAction\",\"target\":[\"https:\/\/www.isdin.com\/es\/blog\/como-reducir-las-ojeras\/\"]}]},{\"@type\":\"ImageObject\",\"inLanguage\":\"es-ES\",\"@id\":\"https:\/\/www.isdin.com\/es\/blog\/como-reducir-las-ojeras\/#primaryimage\",\"url\":\"https:\/\/www.isdin.com\/es\/blog\/wp-content\/uploads\/2025\/01\/2025_01_Ojeras_IMG01-1.jpg\",\"contentUrl\":\"https:\/\/www.isdin.com\/es\/blog\/wp-content\/uploads\/2025\/01\/2025_01_Ojeras_IMG01-1.jpg\",\"width\":1200,\"height\":760,\"caption\":\"judti masco skincare\"},{\"@type\":\"BreadcrumbList\",\"@id\":\"https:\/\/www.isdin.com\/es\/blog\/como-reducir-las-ojeras\/#breadcrumb\",\"itemListElement\":[{\"@type\":\"ListItem\",\"position\":1,\"name\":\"Portada\",\"item\":\"https:\/\/www.isdin.com\/es\/blog\/\"},{\"@type\":\"ListItem\",\"position\":2,\"name\":\"Todo sobre las ojeras: causas, tipos y c\u00f3mo ayudar a reducirlas\"}]},{\"@type\":\"WebSite\",\"@id\":\"https:\/\/www.isdin.com\/es\/blog\/#website\",\"url\":\"https:\/\/www.isdin.com\/es\/blog\/\",\"name\":\"ISDIN\",\"description\":\"Novedades, lanzamientos de productos y toda la experiencia de ISDIN\",\"publisher\":{\"@id\":\"https:\/\/www.isdin.com\/es\/blog\/#organization\"},\"potentialAction\":[{\"@type\":\"SearchAction\",\"target\":{\"@type\":\"EntryPoint\",\"urlTemplate\":\"https:\/\/www.isdin.com\/es\/blog\/?s={search_term_string}\"},\"query-input\":{\"@type\":\"PropertyValueSpecification\",\"valueRequired\":true,\"valueName\":\"search_term_string\"}}],\"inLanguage\":\"es-ES\"},{\"@type\":\"Organization\",\"@id\":\"https:\/\/www.isdin.com\/es\/blog\/#organization\",\"name\":\"ISDIN\",\"alternateName\":\"ISDIN\",\"url\":\"https:\/\/www.isdin.com\/es\/blog\/\",\"logo\":{\"@type\":\"ImageObject\",\"inLanguage\":\"es-ES\",\"@id\":\"https:\/\/www.isdin.com\/es\/blog\/#\/schema\/logo\/image\/\",\"url\":\"https:\/\/www.isdin.com\/es\/blog\/wp-content\/uploads\/2024\/05\/2025_03_GuiaFoto_FWM.png\",\"contentUrl\":\"https:\/\/www.isdin.com\/es\/blog\/wp-content\/uploads\/2024\/05\/2025_03_GuiaFoto_FWM.png\",\"width\":670,\"height\":683,\"caption\":\"ISDIN\"},\"image\":{\"@id\":\"https:\/\/www.isdin.com\/es\/blog\/#\/schema\/logo\/image\/\"},\"sameAs\":[\"https:\/\/es-es.facebook.com\/ISDIN.official\/\",\"https:\/\/x.com\/isdin_official\",\"https:\/\/www.instagram.com\/isdinofficial\",\"https:\/\/www.youtube.com\/channel\/UCtoNJMKpDwdFLqgV23_lcqg\"],\"telephone\":\"659997812\"},{\"@type\":\"Person\",\"@id\":\"https:\/\/www.isdin.com\/es\/blog\/#\/schema\/person\/684015d7d9e78124cb4aa660f6fe8576\",\"name\":\"Belinda Mart\u00ednez\",\"image\":{\"@type\":\"ImageObject\",\"inLanguage\":\"es-ES\",\"@id\":\"https:\/\/www.isdin.com\/es\/blog\/#\/schema\/person\/image\/\",\"url\":\"https:\/\/www.isdin.com\/es\/blog\/wp-content\/uploads\/2017\/07\/jjjj.jpg\",\"contentUrl\":\"https:\/\/www.isdin.com\/es\/blog\/wp-content\/uploads\/2017\/07\/jjjj.jpg\",\"caption\":\"Belinda Mart\u00ednez\"},\"description\":\"Belinda es periodista y copywriter creativa. Tras a\u00f1os de experiencia, decidi\u00f3 fusionar sus habilidades de escritura con su amor por el skincare, convirti\u00e9ndose en una especialista en la materia. \u00bfSu imprescindible? Un buen b\u00e1lsamo de labios.\",\"sameAs\":[\"https:\/\/www.linkedin.com\/in\/thisisbel\/\"],\"url\":\"https:\/\/www.isdin.com\/es\/blog\/author\/belindamartinez\/\"}]}<\/script>\n<!-- \/ Yoast SEO Premium plugin. -->","yoast_head_json":{"title":"Todo sobre las ojeras: causas, tipos y c\u00f3mo ayudar a reducirlas - ISDIN","description":"\u00bfC\u00f3mo reducir las ojeras? Descubre sus tipos, causas y el contorno de ojos perfecto para lucir una mirada radiante.","robots":{"index":"index","follow":"follow","max-snippet":"max-snippet:-1","max-image-preview":"max-image-preview:large","max-video-preview":"max-video-preview:-1"},"canonical":"https:\/\/www.isdin.com\/es\/blog\/como-reducir-las-ojeras\/","og_locale":"es_ES","og_type":"article","og_title":"Todo sobre las ojeras: causas, tipos y c\u00f3mo ayudar a reducirlas","og_description":"\u00bfC\u00f3mo reducir las ojeras? Descubre sus tipos, causas y el contorno de ojos perfecto para lucir una mirada radiante.","og_url":"https:\/\/www.isdin.com\/es\/blog\/como-reducir-las-ojeras\/","og_site_name":"ISDIN","article_publisher":"https:\/\/es-es.facebook.com\/ISDIN.official\/","article_published_time":"2025-01-31T10:00:00+00:00","article_modified_time":"2025-01-31T10:06:17+00:00","og_image":[{"width":1200,"height":760,"url":"https:\/\/www.isdin.com\/es\/blog\/wp-content\/uploads\/2025\/01\/2025_01_Ojeras_IMG01-1.jpg","type":"image\/jpeg"}],"author":"Belinda Mart\u00ednez","twitter_card":"summary_large_image","twitter_creator":"@isdin_official","twitter_site":"@isdin_official","twitter_misc":{"Written by":"Belinda Mart\u00ednez","Est. reading time":"7 minutes"},"schema":{"@context":"https:\/\/schema.org","@graph":[{"@type":"Article","@id":"https:\/\/www.isdin.com\/es\/blog\/como-reducir-las-ojeras\/#article","isPartOf":{"@id":"https:\/\/www.isdin.com\/es\/blog\/como-reducir-las-ojeras\/"},"author":{"name":"Belinda Mart\u00ednez","@id":"https:\/\/www.isdin.com\/es\/blog\/#\/schema\/person\/684015d7d9e78124cb4aa660f6fe8576"},"headline":"Todo sobre las ojeras: causas, tipos y c\u00f3mo ayudar a reducirlas","datePublished":"2025-01-31T10:00:00+00:00","dateModified":"2025-01-31T10:06:17+00:00","mainEntityOfPage":{"@id":"https:\/\/www.isdin.com\/es\/blog\/como-reducir-las-ojeras\/"},"wordCount":1248,"commentCount":0,"publisher":{"@id":"https:\/\/www.isdin.com\/es\/blog\/#organization"},"image":{"@id":"https:\/\/www.isdin.com\/es\/blog\/como-reducir-las-ojeras\/#primaryimage"},"thumbnailUrl":"https:\/\/www.isdin.com\/es\/blog\/wp-content\/uploads\/2025\/01\/2025_01_Ojeras_IMG01-1.jpg","articleSection":["Belleza","Consejos y cuidados"],"inLanguage":"es-ES"},{"@type":"WebPage","@id":"https:\/\/www.isdin.com\/es\/blog\/como-reducir-las-ojeras\/","url":"https:\/\/www.isdin.com\/es\/blog\/como-reducir-las-ojeras\/","name":"Todo sobre las ojeras: causas, tipos y c\u00f3mo ayudar a reducirlas - ISDIN","isPartOf":{"@id":"https:\/\/www.isdin.com\/es\/blog\/#website"},"primaryImageOfPage":{"@id":"https:\/\/www.isdin.com\/es\/blog\/como-reducir-las-ojeras\/#primaryimage"},"image":{"@id":"https:\/\/www.isdin.com\/es\/blog\/como-reducir-las-ojeras\/#primaryimage"},"thumbnailUrl":"https:\/\/www.isdin.com\/es\/blog\/wp-content\/uploads\/2025\/01\/2025_01_Ojeras_IMG01-1.jpg","datePublished":"2025-01-31T10:00:00+00:00","dateModified":"2025-01-31T10:06:17+00:00","description":"\u00bfC\u00f3mo reducir las ojeras? Descubre sus tipos, causas y el contorno de ojos perfecto para lucir una mirada radiante.","breadcrumb":{"@id":"https:\/\/www.isdin.com\/es\/blog\/como-reducir-las-ojeras\/#breadcrumb"},"inLanguage":"es-ES","potentialAction":[{"@type":"ReadAction","target":["https:\/\/www.isdin.com\/es\/blog\/como-reducir-las-ojeras\/"]}]},{"@type":"ImageObject","inLanguage":"es-ES","@id":"https:\/\/www.isdin.com\/es\/blog\/como-reducir-las-ojeras\/#primaryimage","url":"https:\/\/www.isdin.com\/es\/blog\/wp-content\/uploads\/2025\/01\/2025_01_Ojeras_IMG01-1.jpg","contentUrl":"https:\/\/www.isdin.com\/es\/blog\/wp-content\/uploads\/2025\/01\/2025_01_Ojeras_IMG01-1.jpg","width":1200,"height":760,"caption":"judti masco skincare"},{"@type":"BreadcrumbList","@id":"https:\/\/www.isdin.com\/es\/blog\/como-reducir-las-ojeras\/#breadcrumb","itemListElement":[{"@type":"ListItem","position":1,"name":"Portada","item":"https:\/\/www.isdin.com\/es\/blog\/"},{"@type":"ListItem","position":2,"name":"Todo sobre las ojeras: causas, tipos y c\u00f3mo ayudar a reducirlas"}]},{"@type":"WebSite","@id":"https:\/\/www.isdin.com\/es\/blog\/#website","url":"https:\/\/www.isdin.com\/es\/blog\/","name":"ISDIN","description":"Novedades, lanzamientos de productos y toda la experiencia de ISDIN","publisher":{"@id":"https:\/\/www.isdin.com\/es\/blog\/#organization"},"potentialAction":[{"@type":"SearchAction","target":{"@type":"EntryPoint","urlTemplate":"https:\/\/www.isdin.com\/es\/blog\/?s={search_term_string}"},"query-input":{"@type":"PropertyValueSpecification","valueRequired":true,"valueName":"search_term_string"}}],"inLanguage":"es-ES"},{"@type":"Organization","@id":"https:\/\/www.isdin.com\/es\/blog\/#organization","name":"ISDIN","alternateName":"ISDIN","url":"https:\/\/www.isdin.com\/es\/blog\/","logo":{"@type":"ImageObject","inLanguage":"es-ES","@id":"https:\/\/www.isdin.com\/es\/blog\/#\/schema\/logo\/image\/","url":"https:\/\/www.isdin.com\/es\/blog\/wp-content\/uploads\/2024\/05\/2025_03_GuiaFoto_FWM.png","contentUrl":"https:\/\/www.isdin.com\/es\/blog\/wp-content\/uploads\/2024\/05\/2025_03_GuiaFoto_FWM.png","width":670,"height":683,"caption":"ISDIN"},"image":{"@id":"https:\/\/www.isdin.com\/es\/blog\/#\/schema\/logo\/image\/"},"sameAs":["https:\/\/es-es.facebook.com\/ISDIN.official\/","https:\/\/x.com\/isdin_official","https:\/\/www.instagram.com\/isdinofficial","https:\/\/www.youtube.com\/channel\/UCtoNJMKpDwdFLqgV23_lcqg"],"telephone":"659997812"},{"@type":"Person","@id":"https:\/\/www.isdin.com\/es\/blog\/#\/schema\/person\/684015d7d9e78124cb4aa660f6fe8576","name":"Belinda Mart\u00ednez","image":{"@type":"ImageObject","inLanguage":"es-ES","@id":"https:\/\/www.isdin.com\/es\/blog\/#\/schema\/person\/image\/","url":"https:\/\/www.isdin.com\/es\/blog\/wp-content\/uploads\/2017\/07\/jjjj.jpg","contentUrl":"https:\/\/www.isdin.com\/es\/blog\/wp-content\/uploads\/2017\/07\/jjjj.jpg","caption":"Belinda Mart\u00ednez"},"description":"Belinda es periodista y copywriter creativa. Tras a\u00f1os de experiencia, decidi\u00f3 fusionar sus habilidades de escritura con su amor por el skincare, convirti\u00e9ndose en una especialista en la materia. \u00bfSu imprescindible? Un buen b\u00e1lsamo de labios.","sameAs":["https:\/\/www.linkedin.com\/in\/thisisbel\/"],"url":"https:\/\/www.isdin.com\/es\/blog\/author\/belindamartinez\/"}]}},"_links":{"self":[{"href":"https:\/\/www.isdin.com\/es\/blog\/wp-json\/wp\/v2\/posts\/3474","targetHints":{"allow":["GET"]}}],"collection":[{"href":"https:\/\/www.isdin.com\/es\/blog\/wp-json\/wp\/v2\/posts"}],"about":[{"href":"https:\/\/www.isdin.com\/es\/blog\/wp-json\/wp\/v2\/types\/post"}],"author":[{"embeddable":true,"href":"https:\/\/www.isdin.com\/es\/blog\/wp-json\/wp\/v2\/users\/69"}],"replies":[{"embeddable":true,"href":"https:\/\/www.isdin.com\/es\/blog\/wp-json\/wp\/v2\/comments?post=3474"}],"version-history":[{"count":25,"href":"https:\/\/www.isdin.com\/es\/blog\/wp-json\/wp\/v2\/posts\/3474\/revisions"}],"predecessor-version":[{"id":11575,"href":"https:\/\/www.isdin.com\/es\/blog\/wp-json\/wp\/v2\/posts\/3474\/revisions\/11575"}],"wp:featuredmedia":[{"embeddable":true,"href":"https:\/\/www.isdin.com\/es\/blog\/wp-json\/wp\/v2\/media\/11558"}],"wp:attachment":[{"href":"https:\/\/www.isdin.com\/es\/blog\/wp-json\/wp\/v2\/media?parent=3474"}],"wp:term":[{"taxonomy":"category","embeddable":true,"href":"https:\/\/www.isdin.com\/es\/blog\/wp-json\/wp\/v2\/categories?post=3474"},{"taxonomy":"post_tag","embeddable":true,"href":"https:\/\/www.isdin.com\/es\/blog\/wp-json\/wp\/v2\/tags?post=3474"}],"curies":[{"name":"wp","href":"https:\/\/api.w.org\/{rel}","templated":true}]}}