{"id":1865,"date":"2024-07-05T10:35:53","date_gmt":"2024-07-05T10:35:53","guid":{"rendered":"https:\/\/www.isdin.com\/es\/blog\/?p=1865"},"modified":"2024-07-05T10:35:54","modified_gmt":"2024-07-05T10:35:54","slug":"spf-significado-y-recomendaciones-segun-tu-piel","status":"publish","type":"post","link":"https:\/\/www.isdin.com\/es\/blog\/spf-significado-y-recomendaciones-segun-tu-piel\/","title":{"rendered":"\u00bfQu\u00e9 significa SPF y cu\u00e1l necesita tu piel?"},"content":{"rendered":"\n<p>Est\u00e1s a punto de aplicarte tu protector solar favorito, mientras lo abres, lees unas siglas: &#8220;SPF&#8221;. Te preguntas, \u00bfqu\u00e9 ser\u00e1n? Pero nunca les das mayor importancia. Esta escena se repite cada verano (y cada d\u00eda del a\u00f1o).<\/p>\n\n\n\n<p>Sin embargo, todo el mundo deber\u00eda saberlo, pues<strong> el SPF es clave a la hora de elegir el mejor fotoprotector para nuestro tipo de piel<\/strong>. \u00bfQu\u00e9 es el SPF y cu\u00e1l es su importancia? Si te quedas, te lo contamos.<\/p>\n\n\n\n<h2 class=\"wp-block-heading\" id=\"h-que-es-el-spf\">\u00bfQu\u00e9 es el SPF?<\/h2>\n\n\n\n<figure class=\"wp-block-image size-large\"><img loading=\"lazy\" decoding=\"async\" width=\"1024\" height=\"527\" src=\"data:image\/gif;base64,R0lGODlhAQABAAAAACH5BAEKAAEALAAAAAABAAEAAAICTAEAOw==\" data-src=\"https:\/\/www.isdin.com\/es\/blog\/wp-content\/uploads\/2024\/07\/2023_SPF_imagen02-1-1024x527.png\" alt=\"cu\u00e1l es el mejor SPF\" class=\"wp-image-10536 lazyload\" data-sizes=\"auto\" data-srcset=\"https:\/\/www.isdin.com\/es\/blog\/wp-content\/uploads\/2024\/07\/2023_SPF_imagen02-1-1024x527.png 1024w, https:\/\/www.isdin.com\/es\/blog\/wp-content\/uploads\/2024\/07\/2023_SPF_imagen02-1-300x155.png 300w, https:\/\/www.isdin.com\/es\/blog\/wp-content\/uploads\/2024\/07\/2023_SPF_imagen02-1-150x77.png 150w, https:\/\/www.isdin.com\/es\/blog\/wp-content\/uploads\/2024\/07\/2023_SPF_imagen02-1-768x396.png 768w, https:\/\/www.isdin.com\/es\/blog\/wp-content\/uploads\/2024\/07\/2023_SPF_imagen02-1-585x300.png 585w, https:\/\/www.isdin.com\/es\/blog\/wp-content\/uploads\/2024\/07\/2023_SPF_imagen02-1-450x232.png 450w, https:\/\/www.isdin.com\/es\/blog\/wp-content\/uploads\/2024\/07\/2023_SPF_imagen02-1-20x11.png 20w, https:\/\/www.isdin.com\/es\/blog\/wp-content\/uploads\/2024\/07\/2023_SPF_imagen02-1-225x116.png 225w, https:\/\/www.isdin.com\/es\/blog\/wp-content\/uploads\/2024\/07\/2023_SPF_imagen02-1-900x464.png 900w, https:\/\/www.isdin.com\/es\/blog\/wp-content\/uploads\/2024\/07\/2023_SPF_imagen02-1.png 1200w\" sizes=\"auto, (max-width: 1024px) 100vw, 1024px\" \/><\/figure>\n\n\n\n<p><\/p>\n\n\n\n<p>\u00a1Atenci\u00f3n! <strong>SPF<\/strong> son las siglas de \u2018\u2019<em><strong>Sun Protection Factor<\/strong><\/em>\u2019\u2019, o lo que es lo mismo en castellano, <strong>Factor de Protecci\u00f3n Solar<\/strong>. A diferencia de lo que solemos pensar (el tiempo \u2014en minutos\u2014 de aplicaci\u00f3n), este factor indica el tiempo promedio que tarda la radiaci\u00f3n UVB en quemar la piel cuando se utiliza protector solar seg\u00fan lo indicado en la etiqueta, \u2014bajo condiciones normales de exposici\u00f3n solar\u2014, en comparaci\u00f3n con no usar ning\u00fan protector solar.<\/p>\n\n\n\n<h3 class=\"wp-block-heading\">\u00bfC\u00f3mo se calcula el SPF?<\/h3>\n\n\n\n<p>Para determinar el SPF se tiene en cuenta la dosis m\u00ednima de la radiaci\u00f3n UV a partir de la cual se observa un enrojecimiento en la piel (m\u00ednima dosis erit\u00e9mica, o MED) y se valora con protecci\u00f3n y sin protecci\u00f3n solar. <strong>La relaci\u00f3n entre la MED con protecci\u00f3n y la MED sin protecci\u00f3n es el SPF.<\/strong><\/p>\n\n\n\n<p><\/p>\n\n\n\n<figure class=\"wp-block-image size-large\"><img loading=\"lazy\" decoding=\"async\" width=\"1024\" height=\"527\" src=\"data:image\/gif;base64,R0lGODlhAQABAAAAACH5BAEKAAEALAAAAAABAAEAAAICTAEAOw==\" data-src=\"https:\/\/www.isdin.com\/es\/blog\/wp-content\/uploads\/2024\/07\/2023_PreguntasFOTO_img07-1-1-1024x527.png\" alt=\"qu\u00e9 significa SPF\" class=\"wp-image-10537 lazyload\" data-sizes=\"auto\" data-srcset=\"https:\/\/www.isdin.com\/es\/blog\/wp-content\/uploads\/2024\/07\/2023_PreguntasFOTO_img07-1-1-1024x527.png 1024w, https:\/\/www.isdin.com\/es\/blog\/wp-content\/uploads\/2024\/07\/2023_PreguntasFOTO_img07-1-1-300x155.png 300w, https:\/\/www.isdin.com\/es\/blog\/wp-content\/uploads\/2024\/07\/2023_PreguntasFOTO_img07-1-1-150x77.png 150w, https:\/\/www.isdin.com\/es\/blog\/wp-content\/uploads\/2024\/07\/2023_PreguntasFOTO_img07-1-1-768x396.png 768w, https:\/\/www.isdin.com\/es\/blog\/wp-content\/uploads\/2024\/07\/2023_PreguntasFOTO_img07-1-1-585x300.png 585w, https:\/\/www.isdin.com\/es\/blog\/wp-content\/uploads\/2024\/07\/2023_PreguntasFOTO_img07-1-1-450x232.png 450w, https:\/\/www.isdin.com\/es\/blog\/wp-content\/uploads\/2024\/07\/2023_PreguntasFOTO_img07-1-1-20x11.png 20w, https:\/\/www.isdin.com\/es\/blog\/wp-content\/uploads\/2024\/07\/2023_PreguntasFOTO_img07-1-1-225x116.png 225w, https:\/\/www.isdin.com\/es\/blog\/wp-content\/uploads\/2024\/07\/2023_PreguntasFOTO_img07-1-1-900x464.png 900w, https:\/\/www.isdin.com\/es\/blog\/wp-content\/uploads\/2024\/07\/2023_PreguntasFOTO_img07-1-1.png 1200w\" sizes=\"auto, (max-width: 1024px) 100vw, 1024px\" \/><\/figure>\n\n\n\n<p><\/p>\n\n\n\n<p>Esta medida de tiempo se toma con 2 mg de producto por cent\u00edmetro cuadrado de piel. Pero tambi\u00e9n est\u00e1 influenciado por factores externos como la altitud a la que se encuentre la persona o su fototipo de piel.<\/p>\n\n\n\n<h2 class=\"wp-block-heading\">\u00bfCu\u00e1l es el mejor nivel de SPF para usar?<\/h2>\n\n\n\n<figure class=\"wp-block-image size-large\"><img loading=\"lazy\" decoding=\"async\" width=\"1024\" height=\"386\" src=\"data:image\/gif;base64,R0lGODlhAQABAAAAACH5BAEKAAEALAAAAAABAAEAAAICTAEAOw==\" data-src=\"https:\/\/www.isdin.com\/es\/blog\/wp-content\/uploads\/2024\/07\/2024_04_FotoprotectorEtiqueta_IMG02-3-1024x386.png\" alt=\"qu\u00e9 es el spf\" class=\"wp-image-10538 lazyload\" data-sizes=\"auto\" data-srcset=\"https:\/\/www.isdin.com\/es\/blog\/wp-content\/uploads\/2024\/07\/2024_04_FotoprotectorEtiqueta_IMG02-3-1024x386.png 1024w, https:\/\/www.isdin.com\/es\/blog\/wp-content\/uploads\/2024\/07\/2024_04_FotoprotectorEtiqueta_IMG02-3-300x113.png 300w, https:\/\/www.isdin.com\/es\/blog\/wp-content\/uploads\/2024\/07\/2024_04_FotoprotectorEtiqueta_IMG02-3-150x57.png 150w, https:\/\/www.isdin.com\/es\/blog\/wp-content\/uploads\/2024\/07\/2024_04_FotoprotectorEtiqueta_IMG02-3-768x289.png 768w, https:\/\/www.isdin.com\/es\/blog\/wp-content\/uploads\/2024\/07\/2024_04_FotoprotectorEtiqueta_IMG02-3-1536x579.png 1536w, https:\/\/www.isdin.com\/es\/blog\/wp-content\/uploads\/2024\/07\/2024_04_FotoprotectorEtiqueta_IMG02-3-2048x771.png 2048w, https:\/\/www.isdin.com\/es\/blog\/wp-content\/uploads\/2024\/07\/2024_04_FotoprotectorEtiqueta_IMG02-3-450x170.png 450w, https:\/\/www.isdin.com\/es\/blog\/wp-content\/uploads\/2024\/07\/2024_04_FotoprotectorEtiqueta_IMG02-3-225x85.png 225w, https:\/\/www.isdin.com\/es\/blog\/wp-content\/uploads\/2024\/07\/2024_04_FotoprotectorEtiqueta_IMG02-3-900x339.png 900w, https:\/\/www.isdin.com\/es\/blog\/wp-content\/uploads\/2024\/07\/2024_04_FotoprotectorEtiqueta_IMG02-3-1350x509.png 1350w, https:\/\/www.isdin.com\/es\/blog\/wp-content\/uploads\/2024\/07\/2024_04_FotoprotectorEtiqueta_IMG02-3-20x8.png 20w\" sizes=\"auto, (max-width: 1024px) 100vw, 1024px\" \/><\/figure>\n\n\n\n<p><\/p>\n\n\n\n<p>Siempre ver\u00e1s al SPF seguido de un n\u00famero, y nos ayuda de manera orientativa a conocer el poder de protecci\u00f3n que tiene un fotoprotector frente a la radiaci\u00f3n ultravioleta B (<strong>UVB<\/strong>), es decir, la responsable de las quemaduras solares. En Europa, hay 4 grandes categor\u00edas:<\/p>\n\n\n\n<ul class=\"wp-block-list\">\n<li>Protecci\u00f3n baja: SPF 6 a 14.<\/li>\n<\/ul>\n\n\n\n<p><\/p>\n\n\n\n<ul class=\"wp-block-list\">\n<li>Protecci\u00f3n media: SPF 15 a 29.<\/li>\n<\/ul>\n\n\n\n<p><\/p>\n\n\n\n<ul class=\"wp-block-list\">\n<li>Protecci\u00f3n alta: SPF 30 a 50.<\/li>\n<\/ul>\n\n\n\n<p><\/p>\n\n\n\n<ul class=\"wp-block-list\">\n<li>Protecci\u00f3n muy alta: SPF 50+.<\/li>\n<\/ul>\n\n\n\n<p><\/p>\n\n\n\n<h3 class=\"wp-block-heading\">\u00bfCu\u00e1l es la diferencia entre un fotoprotector de 30 y uno de 50?<\/h3>\n\n\n\n<p><strong>La finalidad del SPF es ayudar a prevenir las quemaduras solares.<\/strong> Dependiendo de varios factores, como el \u00edndice ultravioleta, localizaci\u00f3n geogr\u00e1fica, estaci\u00f3n del a\u00f1o o tu fototipo de piel, te ir\u00e1n mejor unos protectores solares u otros.<\/p>\n\n\n\n<p>Por ejemplo, los fototipos claros tienden a quemarse m\u00e1s f\u00e1cilmente, por lo que necesitar\u00e1n una protecci\u00f3n alta (m\u00ednimo SPF 50), mientras que los fototipos oscuros no se queman con tanta facilidad y podr\u00edan protegerse con SPF 30 (siempre que se utilice adecuadamente).<\/p>\n\n\n\n<blockquote class=\"wp-block-quote is-layout-flow wp-block-quote-is-layout-flow\">\n<p>No obstante, sea cual sea tu fototipo de piel, \u00a1siempre debes protegerte!<\/p>\n<\/blockquote>\n\n\n\n<h2 class=\"wp-block-heading\">\u00bfQu\u00e9 nivel de SPF necesitas?<\/h2>\n\n\n\n<p>Como cada rostro es \u00fanico y tiene necesidades distintas (algunos tienen manchas, otros tienen acn\u00e9, otros pueden ser m\u00e1s sensibles\u2026), las dudas nos asaltan a la hora de elegir <a href=\"https:\/\/www.isdin.com\/protector-solar\/facial\/\">el mejor fotoprotector solar facial<\/a>: \u00bfC\u00f3mo puedo saber qu\u00e9 fotoprotector es el mejor para m\u00ed? \u00bfC\u00f3mo debo <a href=\"https:\/\/www.isdin.com\/blog\/como-aplicar-correctamente-el-fotoprotector-solar\/\">aplicarlo<\/a>? \u00bfQu\u00e9 textura se adapta mejor a mis necesidades? <strong>\u00a1Te lo contamos!<\/strong><\/p>\n\n\n\n<h3 class=\"wp-block-heading\">1. SPF 50: fotoprotecci\u00f3n c\u00f3moda y ligera<\/h3>\n\n\n\n<div class=\"wp-block-media-text has-media-on-the-right is-stacked-on-mobile\"><div class=\"wp-block-media-text__content\">\n<p><a href=\"https:\/\/www.isdin.com\/producto\/fotoprotector-isdin\/magic-spf-50\">Fusion Water MAGIC<\/a>, con SPF 50, es el innovador fotoprotector solar facial de ISDIN que ha sido especialmente formulado para usarse a diario y acompa\u00f1arte en largos d\u00edas de actividades al aire libre.<\/p>\n\n\n\n<p>Enriquecido con <strong>Mediterranean Alga Extract<\/strong> y <strong>vitamina E<\/strong>, proporciona a la piel una acci\u00f3n hidratante y antioxidante que ayuda a prevenir el da\u00f1o solar y los signos del fotoenvejecimiento.<\/p>\n<\/div><figure class=\"wp-block-media-text__media\"><img loading=\"lazy\" decoding=\"async\" width=\"670\" height=\"754\" src=\"data:image\/gif;base64,R0lGODlhAQABAAAAACH5BAEKAAEALAAAAAABAAEAAAICTAEAOw==\" data-src=\"https:\/\/www.isdin.com\/es\/blog\/wp-content\/uploads\/2024\/07\/2024_04_SPF_IMG03.jpg\" alt=\"protector solar hidratante\" class=\"wp-image-10539 size-full lazyload\"\/><\/figure><\/div>\n\n\n\n<p><\/p>\n\n\n\n<h3 class=\"wp-block-heading\">2. SPF alto con un toque de color<\/h3>\n\n\n\n<div class=\"wp-block-media-text is-stacked-on-mobile\" style=\"grid-template-columns:49% auto\"><figure class=\"wp-block-media-text__media\"><img loading=\"lazy\" decoding=\"async\" width=\"670\" height=\"754\" src=\"data:image\/gif;base64,R0lGODlhAQABAAAAACH5BAEKAAEALAAAAAABAAEAAAICTAEAOw==\" data-src=\"https:\/\/www.isdin.com\/es\/blog\/wp-content\/uploads\/2024\/07\/2024_04_SPF_IMG02.jpg\" alt=\"protector solar con color\" class=\"wp-image-10541 size-full lazyload\"\/><\/figure><div class=\"wp-block-media-text__content\">\n<p><a href=\"https:\/\/www.isdin.com\/producto\/fotoprotector-isdin\/fusion-water-magic-light-spf-50\">Fusion Water MAGIC Light,<\/a>\u00a0<a href=\"https:\/\/www.isdin.com\/producto\/fotoprotector-isdin\/fusion-water-magic-medium-spf-50\">Medium<\/a>\u00a0o\u00a0<a href=\"https:\/\/www.isdin.com\/producto\/fotoprotector-isdin\/fusion-water-magic-bronze-spf-50\">Bronze<\/a> ayuda a unificar tu tono de piel. De uso diario y con una efectiva protecci\u00f3n contra la radiaci\u00f3n UVA\/UVB SPF 50,  proporcionan una cobertura ligera y fresca que te ayudar\u00e1 a lucir un efecto \u2018buena cara\u2019.<\/p>\n\n\n\n<p>Los <strong>3 tonos disponibles<\/strong> se adaptan a tu piel gracias a su f\u00f3rmula ultraligera y antioxidante. Hidrata, disimula imperfecciones y es <em>oil control<\/em>, es decir, ayuda a reducir el exceso de sebo.<\/p>\n<\/div><\/div>\n\n\n\n<h3 class=\"wp-block-heading\">3. SPF 30: el aliado para tu vida en la ciudad<\/h3>\n\n\n\n<div class=\"wp-block-media-text has-media-on-the-right is-stacked-on-mobile\"><div class=\"wp-block-media-text__content\">\n<p>\u00bfSab\u00edas que la radiaci\u00f3n tambi\u00e9n puede llegar a tu piel a trav\u00e9s de las ventanas? <a href=\"https:\/\/www.isdin.com\/producto\/fotoprotector-isdin\/fusion-water-magic-urban-spf30\">Fusion Water MAGIC Urban<\/a> es el mejor aliado para tu d\u00eda a d\u00eda en la ciudad. Adem\u00e1s de aportar una alta protecci\u00f3n frente a las radiaciones UVB\/UVA SPF 30, tambi\u00e9n ayuda a tu piel contra el da\u00f1o oxidativo producido por la luz azul solar y la poluci\u00f3n.<\/p>\n<\/div><figure class=\"wp-block-media-text__media\"><img loading=\"lazy\" decoding=\"async\" width=\"670\" height=\"754\" src=\"data:image\/gif;base64,R0lGODlhAQABAAAAACH5BAEKAAEALAAAAAABAAEAAAICTAEAOw==\" data-src=\"https:\/\/www.isdin.com\/es\/blog\/wp-content\/uploads\/2024\/07\/2024_04_SPF_IMG04-1.jpg\" alt=\"protector solar ligero\" class=\"wp-image-10542 size-full lazyload\"\/><\/figure><\/div>\n\n\n\n<p><\/p>\n\n\n\n<h3 class=\"wp-block-heading\">4. SPF 50 y una protecci\u00f3n espec\u00edfica antienvejecimiento<\/h3>\n\n\n\n<div class=\"wp-block-media-text is-stacked-on-mobile\"><figure class=\"wp-block-media-text__media\"><img loading=\"lazy\" decoding=\"async\" width=\"670\" height=\"754\" src=\"data:image\/gif;base64,R0lGODlhAQABAAAAACH5BAEKAAEALAAAAAABAAEAAAICTAEAOw==\" data-src=\"https:\/\/www.isdin.com\/es\/blog\/wp-content\/uploads\/2024\/07\/2024_04_SPF_IMG05.jpg\" alt=\"protector solar para mejorar arrugas\" class=\"wp-image-10543 size-full lazyload\"\/><\/figure><div class=\"wp-block-media-text__content\">\n<p><a href=\"https:\/\/www.isdin.com\/producto\/fotoprotector-isdin\/fusion-water-magic-repair-spf-50\">Fusion Water MAGIC Repair<\/a> es el fotoprotector con<strong> efecto<em> antiaging<\/em> <\/strong>que protege contra la <a href=\"https:\/\/www.isdin.com\/blog\/efectos-radiacion-solar-piel\/\">radiaci\u00f3n solar<\/a> y revierte los signos del envejecimiento en tu piel. \u00bfLo mejor? Tiene SPF 50, ayuda a reparar el da\u00f1o solar cr\u00f3nico, se absorbe en segundos y deja un acabado sedoso.<\/p>\n<\/div><\/div>\n\n\n\n<p>\u00bfAdem\u00e1s de un <strong>triple efecto <em>antiaging<\/em><\/strong> quieres un efecto buena cara? Su <a href=\"https:\/\/www.isdin.com\/producto\/fotoprotector-isdin\/fusion-water-magic-repair-color-spf-50\">f\u00f3rmula con color<\/a> te aportar\u00e1 una cobertura muy natural, \u00a1perfecta para unificar el tono y disimular imperfecciones!<\/p>\n\n\n\n<p><\/p>\n\n\n\n<h2 class=\"wp-block-heading\">El SPF no es lo \u00fanico que importa<\/h2>\n\n\n\n<p>Recuerda, la radiaci\u00f3n UVA es responsable de da\u00f1os a largo plazo, como el <a href=\"https:\/\/www.isdin.com\/blog\/efectos-del-fotoenvejecimiento-en-la-piel\/\">fotoenvejecimiento<\/a> y el <a href=\"https:\/\/www.isdin.com\/blog\/melanoma-causas-y-como-prevenirlo\/\">c\u00e1ncer de piel<\/a>, mientras que la radiaci\u00f3n UVB contribuye a las quemaduras solares. <strong>Un protector de amplio espectro te proteger\u00e1 de ambos tipos de <a href=\"https:\/\/www.isdin.com\/blog\/efectos-radiacion-solar-piel\/\">radiaci\u00f3n solar<\/a> (UVA y UVB)<\/strong>, por eso es el m\u00e1s recomendado por los dermat\u00f3logos. Eso s\u00ed, para garantizar una protecci\u00f3n solar eficaz se recomienda reaplicar el fotoprotector cada 2 horas y despu\u00e9s de cada ba\u00f1o.<\/p>\n\n\n\n<h2 class=\"wp-block-heading\">Tus preguntas, nuestras respuestas<\/h2>\n\n\n\n<h3 class=\"wp-block-heading\">\u00bfQu\u00e9 tipo de da\u00f1os puede prevenir el SPF en la piel?<\/h3>\n\n\n\n<p>Te ayudar\u00e1 a prevenir quemaduras solares, los signos de envejecimiento prematuro y, lo m\u00e1s importante, afecciones de la piel. Recuerda, usar fotoprotecci\u00f3n a diario es la mejor manera de reducir el riesgo de padecer <a href=\"https:\/\/www.isdin.com\/es\/blog\/dia-del-melanoma-prevencion-y-deteccion\/\">c\u00e1ncer de piel<\/a>.<\/p>\n\n\n\n<h3 class=\"wp-block-heading\">\u00bfEl fotoprotector caduca?<\/h3>\n\n\n\n<p>Todo producto cosm\u00e9tico caduca; en el caso de los protectores solares, su per\u00edodo de vida \u00fatil suele ser de 12 meses, por lo que siempre <a href=\"https:\/\/www.isdin.com\/blog\/organizar-cosmeticos-cuando-cambiar-productos-belleza\/\">se recomienda cambiarlos de un a\u00f1o a otro<\/a>. <strong>\u00bfUn truco?<\/strong> Mirar el s\u00edmbolo PAO de tu fotoprotector y apuntar en alg\u00fan sitio el d\u00eda en que lo has abierto por primera vez.<\/p>\n\n\n\n<h3 class=\"wp-block-heading\">\u00bfHay que tener en cuenta el SPF en invierno?<\/h3>\n\n\n\n<p>S\u00ed, aunque los d\u00edas sean m\u00e1s fr\u00edos y nublados, los rayos UV pueden da\u00f1ar la piel. Adem\u00e1s, la nieve y las superficies reflectantes pueden aumentar la exposici\u00f3n a los rayos solares.<\/p>\n\n\n\n<p>Nos despedimos con la regla de oro de los dermat\u00f3logos: la fotoprotecci\u00f3n es necesaria todos los d\u00edas del a\u00f1o. Sea cual sea el tiempo, sea cual sea tu plan, hay un protector solar que se adapta a ti. <strong>Y nosotros estaremos encantados de <a href=\"https:\/\/www.isdin.com\/marcas\/fotoprotector-isdin\/\">ayudarte a descubrirlo<\/a>.<\/strong><\/p>\n","protected":false},"excerpt":{"rendered":"<p>\u00a1Atenci\u00f3n! SPF son las siglas de \u2018\u2019Sun Protection Factor\u2019\u2019, o lo que es lo mismo en castellano, Factor de Protecci\u00f3n Solar. <\/p>\n","protected":false},"author":69,"featured_media":8052,"comment_status":"closed","ping_status":"closed","sticky":false,"template":"","format":"image","meta":{"footnotes":""},"categories":[1,64,100],"tags":[294,119,293],"class_list":["post-1865","post","type-post","status-publish","format-image","has-post-thumbnail","hentry","category-consejos-cuidados","category-productos-innovacion-isdin","category-sol-y-piel","tag-cuidado-facial","tag-fotoproteccion","tag-fotoprotector-facial","post_format-post-format-image"],"yoast_head":"<!-- This site is optimized with the Yoast SEO Premium plugin v25.4 (Yoast SEO v25.4) - https:\/\/yoast.com\/wordpress\/plugins\/seo\/ -->\n<title>\u00bfQu\u00e9 significa SPF y cu\u00e1l necesita tu piel? - ISDIN<\/title>\n<meta name=\"description\" content=\"\u00bfAlguna vez has mirado la etiqueta de tu protector solar favorito y te has preguntado qu\u00e9 es el SPF? Estamos aqu\u00ed para cont\u00e1rtelo.\" \/>\n<meta name=\"robots\" content=\"index, follow, max-snippet:-1, max-image-preview:large, max-video-preview:-1\" \/>\n<link rel=\"canonical\" href=\"https:\/\/www.isdin.com\/es\/blog\/spf-significado-y-recomendaciones-segun-tu-piel\/\" \/>\n<meta property=\"og:locale\" content=\"es_ES\" \/>\n<meta property=\"og:type\" content=\"article\" \/>\n<meta property=\"og:title\" content=\"\u00bfQu\u00e9 significa SPF y cu\u00e1l necesita tu piel?\" \/>\n<meta property=\"og:description\" content=\"La piel del rostro es la m\u00e1s sensible a las agresiones del sol ya que est\u00e1 continuamente expuesta, es por eso que necesitamos protegerla con f\u00f3rmulas especializadas. Adem\u00e1s, como cada piel tiene sus propias necesidades, es importante que uses el mejor protector solar facial\u00a0seg\u00fan tu piel y tus requisitos.\" \/>\n<meta property=\"og:url\" content=\"https:\/\/www.isdin.com\/es\/blog\/spf-significado-y-recomendaciones-segun-tu-piel\/\" \/>\n<meta property=\"og:site_name\" content=\"ISDIN\" \/>\n<meta property=\"article:publisher\" content=\"https:\/\/es-es.facebook.com\/ISDIN.official\/\" \/>\n<meta property=\"article:published_time\" content=\"2024-07-05T10:35:53+00:00\" \/>\n<meta property=\"article:modified_time\" content=\"2024-07-05T10:35:54+00:00\" \/>\n<meta property=\"og:image\" content=\"https:\/\/www.isdin.com\/es\/blog\/wp-content\/uploads\/2022\/05\/2023_SPF_Header.png\" \/>\n\t<meta property=\"og:image:width\" content=\"1200\" \/>\n\t<meta property=\"og:image:height\" content=\"760\" \/>\n\t<meta property=\"og:image:type\" content=\"image\/png\" \/>\n<meta name=\"author\" content=\"Belinda Mart\u00ednez\" \/>\n<meta name=\"twitter:card\" content=\"summary_large_image\" \/>\n<meta name=\"twitter:creator\" content=\"@isdin_official\" \/>\n<meta name=\"twitter:site\" content=\"@isdin_official\" \/>\n<meta name=\"twitter:label1\" content=\"Written by\" \/>\n\t<meta name=\"twitter:data1\" content=\"Belinda Mart\u00ednez\" \/>\n\t<meta name=\"twitter:label2\" content=\"Est. reading time\" \/>\n\t<meta name=\"twitter:data2\" content=\"7 minutes\" \/>\n<script type=\"application\/ld+json\" class=\"yoast-schema-graph\">{\"@context\":\"https:\/\/schema.org\",\"@graph\":[{\"@type\":\"Article\",\"@id\":\"https:\/\/www.isdin.com\/es\/blog\/spf-significado-y-recomendaciones-segun-tu-piel\/#article\",\"isPartOf\":{\"@id\":\"https:\/\/www.isdin.com\/es\/blog\/spf-significado-y-recomendaciones-segun-tu-piel\/\"},\"author\":{\"name\":\"Belinda Mart\u00ednez\",\"@id\":\"https:\/\/www.isdin.com\/es\/blog\/#\/schema\/person\/684015d7d9e78124cb4aa660f6fe8576\"},\"headline\":\"\u00bfQu\u00e9 significa SPF y cu\u00e1l necesita tu piel?\",\"datePublished\":\"2024-07-05T10:35:53+00:00\",\"dateModified\":\"2024-07-05T10:35:54+00:00\",\"mainEntityOfPage\":{\"@id\":\"https:\/\/www.isdin.com\/es\/blog\/spf-significado-y-recomendaciones-segun-tu-piel\/\"},\"wordCount\":1179,\"publisher\":{\"@id\":\"https:\/\/www.isdin.com\/es\/blog\/#organization\"},\"image\":{\"@id\":\"https:\/\/www.isdin.com\/es\/blog\/spf-significado-y-recomendaciones-segun-tu-piel\/#primaryimage\"},\"thumbnailUrl\":\"https:\/\/www.isdin.com\/es\/blog\/wp-content\/uploads\/2022\/05\/2023_SPF_Header.png\",\"keywords\":[\"cuidado facial\",\"fotoprotecci\u00f3n\",\"fotoprotector facial\"],\"articleSection\":[\"Consejos y cuidados\",\"Productos e innovaci\u00f3n\",\"Sol y piel\"],\"inLanguage\":\"es-ES\"},{\"@type\":\"WebPage\",\"@id\":\"https:\/\/www.isdin.com\/es\/blog\/spf-significado-y-recomendaciones-segun-tu-piel\/\",\"url\":\"https:\/\/www.isdin.com\/es\/blog\/spf-significado-y-recomendaciones-segun-tu-piel\/\",\"name\":\"\u00bfQu\u00e9 significa SPF y cu\u00e1l necesita tu piel? - ISDIN\",\"isPartOf\":{\"@id\":\"https:\/\/www.isdin.com\/es\/blog\/#website\"},\"primaryImageOfPage\":{\"@id\":\"https:\/\/www.isdin.com\/es\/blog\/spf-significado-y-recomendaciones-segun-tu-piel\/#primaryimage\"},\"image\":{\"@id\":\"https:\/\/www.isdin.com\/es\/blog\/spf-significado-y-recomendaciones-segun-tu-piel\/#primaryimage\"},\"thumbnailUrl\":\"https:\/\/www.isdin.com\/es\/blog\/wp-content\/uploads\/2022\/05\/2023_SPF_Header.png\",\"datePublished\":\"2024-07-05T10:35:53+00:00\",\"dateModified\":\"2024-07-05T10:35:54+00:00\",\"description\":\"\u00bfAlguna vez has mirado la etiqueta de tu protector solar favorito y te has preguntado qu\u00e9 es el SPF? Estamos aqu\u00ed para cont\u00e1rtelo.\",\"breadcrumb\":{\"@id\":\"https:\/\/www.isdin.com\/es\/blog\/spf-significado-y-recomendaciones-segun-tu-piel\/#breadcrumb\"},\"inLanguage\":\"es-ES\",\"potentialAction\":[{\"@type\":\"ReadAction\",\"target\":[\"https:\/\/www.isdin.com\/es\/blog\/spf-significado-y-recomendaciones-segun-tu-piel\/\"]}]},{\"@type\":\"ImageObject\",\"inLanguage\":\"es-ES\",\"@id\":\"https:\/\/www.isdin.com\/es\/blog\/spf-significado-y-recomendaciones-segun-tu-piel\/#primaryimage\",\"url\":\"https:\/\/www.isdin.com\/es\/blog\/wp-content\/uploads\/2022\/05\/2023_SPF_Header.png\",\"contentUrl\":\"https:\/\/www.isdin.com\/es\/blog\/wp-content\/uploads\/2022\/05\/2023_SPF_Header.png\",\"width\":1200,\"height\":760,\"caption\":\"Protegerse del sol\"},{\"@type\":\"BreadcrumbList\",\"@id\":\"https:\/\/www.isdin.com\/es\/blog\/spf-significado-y-recomendaciones-segun-tu-piel\/#breadcrumb\",\"itemListElement\":[{\"@type\":\"ListItem\",\"position\":1,\"name\":\"Portada\",\"item\":\"https:\/\/www.isdin.com\/es\/blog\/\"},{\"@type\":\"ListItem\",\"position\":2,\"name\":\"\u00bfQu\u00e9 significa SPF y cu\u00e1l necesita tu piel?\"}]},{\"@type\":\"WebSite\",\"@id\":\"https:\/\/www.isdin.com\/es\/blog\/#website\",\"url\":\"https:\/\/www.isdin.com\/es\/blog\/\",\"name\":\"ISDIN\",\"description\":\"Novedades, lanzamientos de productos y toda la experiencia de ISDIN\",\"publisher\":{\"@id\":\"https:\/\/www.isdin.com\/es\/blog\/#organization\"},\"potentialAction\":[{\"@type\":\"SearchAction\",\"target\":{\"@type\":\"EntryPoint\",\"urlTemplate\":\"https:\/\/www.isdin.com\/es\/blog\/?s={search_term_string}\"},\"query-input\":{\"@type\":\"PropertyValueSpecification\",\"valueRequired\":true,\"valueName\":\"search_term_string\"}}],\"inLanguage\":\"es-ES\"},{\"@type\":\"Organization\",\"@id\":\"https:\/\/www.isdin.com\/es\/blog\/#organization\",\"name\":\"ISDIN\",\"alternateName\":\"ISDIN\",\"url\":\"https:\/\/www.isdin.com\/es\/blog\/\",\"logo\":{\"@type\":\"ImageObject\",\"inLanguage\":\"es-ES\",\"@id\":\"https:\/\/www.isdin.com\/es\/blog\/#\/schema\/logo\/image\/\",\"url\":\"https:\/\/www.isdin.com\/es\/blog\/wp-content\/uploads\/2024\/05\/2025_03_GuiaFoto_FWM.png\",\"contentUrl\":\"https:\/\/www.isdin.com\/es\/blog\/wp-content\/uploads\/2024\/05\/2025_03_GuiaFoto_FWM.png\",\"width\":670,\"height\":683,\"caption\":\"ISDIN\"},\"image\":{\"@id\":\"https:\/\/www.isdin.com\/es\/blog\/#\/schema\/logo\/image\/\"},\"sameAs\":[\"https:\/\/es-es.facebook.com\/ISDIN.official\/\",\"https:\/\/x.com\/isdin_official\",\"https:\/\/www.instagram.com\/isdinofficial\",\"https:\/\/www.youtube.com\/channel\/UCtoNJMKpDwdFLqgV23_lcqg\"],\"telephone\":\"659997812\"},{\"@type\":\"Person\",\"@id\":\"https:\/\/www.isdin.com\/es\/blog\/#\/schema\/person\/684015d7d9e78124cb4aa660f6fe8576\",\"name\":\"Belinda Mart\u00ednez\",\"image\":{\"@type\":\"ImageObject\",\"inLanguage\":\"es-ES\",\"@id\":\"https:\/\/www.isdin.com\/es\/blog\/#\/schema\/person\/image\/\",\"url\":\"https:\/\/www.isdin.com\/es\/blog\/wp-content\/uploads\/2017\/07\/jjjj.jpg\",\"contentUrl\":\"https:\/\/www.isdin.com\/es\/blog\/wp-content\/uploads\/2017\/07\/jjjj.jpg\",\"caption\":\"Belinda Mart\u00ednez\"},\"description\":\"Belinda es periodista y copywriter creativa. Tras a\u00f1os de experiencia, decidi\u00f3 fusionar sus habilidades de escritura con su amor por el skincare, convirti\u00e9ndose en una especialista en la materia. \u00bfSu imprescindible? Un buen b\u00e1lsamo de labios.\",\"sameAs\":[\"https:\/\/www.linkedin.com\/in\/thisisbel\/\"],\"url\":\"https:\/\/www.isdin.com\/es\/blog\/author\/belindamartinez\/\"}]}<\/script>\n<!-- \/ Yoast SEO Premium plugin. -->","yoast_head_json":{"title":"\u00bfQu\u00e9 significa SPF y cu\u00e1l necesita tu piel? - ISDIN","description":"\u00bfAlguna vez has mirado la etiqueta de tu protector solar favorito y te has preguntado qu\u00e9 es el SPF? Estamos aqu\u00ed para cont\u00e1rtelo.","robots":{"index":"index","follow":"follow","max-snippet":"max-snippet:-1","max-image-preview":"max-image-preview:large","max-video-preview":"max-video-preview:-1"},"canonical":"https:\/\/www.isdin.com\/es\/blog\/spf-significado-y-recomendaciones-segun-tu-piel\/","og_locale":"es_ES","og_type":"article","og_title":"\u00bfQu\u00e9 significa SPF y cu\u00e1l necesita tu piel?","og_description":"La piel del rostro es la m\u00e1s sensible a las agresiones del sol ya que est\u00e1 continuamente expuesta, es por eso que necesitamos protegerla con f\u00f3rmulas especializadas. Adem\u00e1s, como cada piel tiene sus propias necesidades, es importante que uses el mejor protector solar facial\u00a0seg\u00fan tu piel y tus requisitos.","og_url":"https:\/\/www.isdin.com\/es\/blog\/spf-significado-y-recomendaciones-segun-tu-piel\/","og_site_name":"ISDIN","article_publisher":"https:\/\/es-es.facebook.com\/ISDIN.official\/","article_published_time":"2024-07-05T10:35:53+00:00","article_modified_time":"2024-07-05T10:35:54+00:00","og_image":[{"width":1200,"height":760,"url":"https:\/\/www.isdin.com\/es\/blog\/wp-content\/uploads\/2022\/05\/2023_SPF_Header.png","type":"image\/png"}],"author":"Belinda Mart\u00ednez","twitter_card":"summary_large_image","twitter_creator":"@isdin_official","twitter_site":"@isdin_official","twitter_misc":{"Written by":"Belinda Mart\u00ednez","Est. reading time":"7 minutes"},"schema":{"@context":"https:\/\/schema.org","@graph":[{"@type":"Article","@id":"https:\/\/www.isdin.com\/es\/blog\/spf-significado-y-recomendaciones-segun-tu-piel\/#article","isPartOf":{"@id":"https:\/\/www.isdin.com\/es\/blog\/spf-significado-y-recomendaciones-segun-tu-piel\/"},"author":{"name":"Belinda Mart\u00ednez","@id":"https:\/\/www.isdin.com\/es\/blog\/#\/schema\/person\/684015d7d9e78124cb4aa660f6fe8576"},"headline":"\u00bfQu\u00e9 significa SPF y cu\u00e1l necesita tu piel?","datePublished":"2024-07-05T10:35:53+00:00","dateModified":"2024-07-05T10:35:54+00:00","mainEntityOfPage":{"@id":"https:\/\/www.isdin.com\/es\/blog\/spf-significado-y-recomendaciones-segun-tu-piel\/"},"wordCount":1179,"publisher":{"@id":"https:\/\/www.isdin.com\/es\/blog\/#organization"},"image":{"@id":"https:\/\/www.isdin.com\/es\/blog\/spf-significado-y-recomendaciones-segun-tu-piel\/#primaryimage"},"thumbnailUrl":"https:\/\/www.isdin.com\/es\/blog\/wp-content\/uploads\/2022\/05\/2023_SPF_Header.png","keywords":["cuidado facial","fotoprotecci\u00f3n","fotoprotector facial"],"articleSection":["Consejos y cuidados","Productos e innovaci\u00f3n","Sol y piel"],"inLanguage":"es-ES"},{"@type":"WebPage","@id":"https:\/\/www.isdin.com\/es\/blog\/spf-significado-y-recomendaciones-segun-tu-piel\/","url":"https:\/\/www.isdin.com\/es\/blog\/spf-significado-y-recomendaciones-segun-tu-piel\/","name":"\u00bfQu\u00e9 significa SPF y cu\u00e1l necesita tu piel? - ISDIN","isPartOf":{"@id":"https:\/\/www.isdin.com\/es\/blog\/#website"},"primaryImageOfPage":{"@id":"https:\/\/www.isdin.com\/es\/blog\/spf-significado-y-recomendaciones-segun-tu-piel\/#primaryimage"},"image":{"@id":"https:\/\/www.isdin.com\/es\/blog\/spf-significado-y-recomendaciones-segun-tu-piel\/#primaryimage"},"thumbnailUrl":"https:\/\/www.isdin.com\/es\/blog\/wp-content\/uploads\/2022\/05\/2023_SPF_Header.png","datePublished":"2024-07-05T10:35:53+00:00","dateModified":"2024-07-05T10:35:54+00:00","description":"\u00bfAlguna vez has mirado la etiqueta de tu protector solar favorito y te has preguntado qu\u00e9 es el SPF? Estamos aqu\u00ed para cont\u00e1rtelo.","breadcrumb":{"@id":"https:\/\/www.isdin.com\/es\/blog\/spf-significado-y-recomendaciones-segun-tu-piel\/#breadcrumb"},"inLanguage":"es-ES","potentialAction":[{"@type":"ReadAction","target":["https:\/\/www.isdin.com\/es\/blog\/spf-significado-y-recomendaciones-segun-tu-piel\/"]}]},{"@type":"ImageObject","inLanguage":"es-ES","@id":"https:\/\/www.isdin.com\/es\/blog\/spf-significado-y-recomendaciones-segun-tu-piel\/#primaryimage","url":"https:\/\/www.isdin.com\/es\/blog\/wp-content\/uploads\/2022\/05\/2023_SPF_Header.png","contentUrl":"https:\/\/www.isdin.com\/es\/blog\/wp-content\/uploads\/2022\/05\/2023_SPF_Header.png","width":1200,"height":760,"caption":"Protegerse del sol"},{"@type":"BreadcrumbList","@id":"https:\/\/www.isdin.com\/es\/blog\/spf-significado-y-recomendaciones-segun-tu-piel\/#breadcrumb","itemListElement":[{"@type":"ListItem","position":1,"name":"Portada","item":"https:\/\/www.isdin.com\/es\/blog\/"},{"@type":"ListItem","position":2,"name":"\u00bfQu\u00e9 significa SPF y cu\u00e1l necesita tu piel?"}]},{"@type":"WebSite","@id":"https:\/\/www.isdin.com\/es\/blog\/#website","url":"https:\/\/www.isdin.com\/es\/blog\/","name":"ISDIN","description":"Novedades, lanzamientos de productos y toda la experiencia de ISDIN","publisher":{"@id":"https:\/\/www.isdin.com\/es\/blog\/#organization"},"potentialAction":[{"@type":"SearchAction","target":{"@type":"EntryPoint","urlTemplate":"https:\/\/www.isdin.com\/es\/blog\/?s={search_term_string}"},"query-input":{"@type":"PropertyValueSpecification","valueRequired":true,"valueName":"search_term_string"}}],"inLanguage":"es-ES"},{"@type":"Organization","@id":"https:\/\/www.isdin.com\/es\/blog\/#organization","name":"ISDIN","alternateName":"ISDIN","url":"https:\/\/www.isdin.com\/es\/blog\/","logo":{"@type":"ImageObject","inLanguage":"es-ES","@id":"https:\/\/www.isdin.com\/es\/blog\/#\/schema\/logo\/image\/","url":"https:\/\/www.isdin.com\/es\/blog\/wp-content\/uploads\/2024\/05\/2025_03_GuiaFoto_FWM.png","contentUrl":"https:\/\/www.isdin.com\/es\/blog\/wp-content\/uploads\/2024\/05\/2025_03_GuiaFoto_FWM.png","width":670,"height":683,"caption":"ISDIN"},"image":{"@id":"https:\/\/www.isdin.com\/es\/blog\/#\/schema\/logo\/image\/"},"sameAs":["https:\/\/es-es.facebook.com\/ISDIN.official\/","https:\/\/x.com\/isdin_official","https:\/\/www.instagram.com\/isdinofficial","https:\/\/www.youtube.com\/channel\/UCtoNJMKpDwdFLqgV23_lcqg"],"telephone":"659997812"},{"@type":"Person","@id":"https:\/\/www.isdin.com\/es\/blog\/#\/schema\/person\/684015d7d9e78124cb4aa660f6fe8576","name":"Belinda Mart\u00ednez","image":{"@type":"ImageObject","inLanguage":"es-ES","@id":"https:\/\/www.isdin.com\/es\/blog\/#\/schema\/person\/image\/","url":"https:\/\/www.isdin.com\/es\/blog\/wp-content\/uploads\/2017\/07\/jjjj.jpg","contentUrl":"https:\/\/www.isdin.com\/es\/blog\/wp-content\/uploads\/2017\/07\/jjjj.jpg","caption":"Belinda Mart\u00ednez"},"description":"Belinda es periodista y copywriter creativa. Tras a\u00f1os de experiencia, decidi\u00f3 fusionar sus habilidades de escritura con su amor por el skincare, convirti\u00e9ndose en una especialista en la materia. \u00bfSu imprescindible? Un buen b\u00e1lsamo de labios.","sameAs":["https:\/\/www.linkedin.com\/in\/thisisbel\/"],"url":"https:\/\/www.isdin.com\/es\/blog\/author\/belindamartinez\/"}]}},"_links":{"self":[{"href":"https:\/\/www.isdin.com\/es\/blog\/wp-json\/wp\/v2\/posts\/1865","targetHints":{"allow":["GET"]}}],"collection":[{"href":"https:\/\/www.isdin.com\/es\/blog\/wp-json\/wp\/v2\/posts"}],"about":[{"href":"https:\/\/www.isdin.com\/es\/blog\/wp-json\/wp\/v2\/types\/post"}],"author":[{"embeddable":true,"href":"https:\/\/www.isdin.com\/es\/blog\/wp-json\/wp\/v2\/users\/69"}],"replies":[{"embeddable":true,"href":"https:\/\/www.isdin.com\/es\/blog\/wp-json\/wp\/v2\/comments?post=1865"}],"version-history":[{"count":41,"href":"https:\/\/www.isdin.com\/es\/blog\/wp-json\/wp\/v2\/posts\/1865\/revisions"}],"predecessor-version":[{"id":10544,"href":"https:\/\/www.isdin.com\/es\/blog\/wp-json\/wp\/v2\/posts\/1865\/revisions\/10544"}],"wp:featuredmedia":[{"embeddable":true,"href":"https:\/\/www.isdin.com\/es\/blog\/wp-json\/wp\/v2\/media\/8052"}],"wp:attachment":[{"href":"https:\/\/www.isdin.com\/es\/blog\/wp-json\/wp\/v2\/media?parent=1865"}],"wp:term":[{"taxonomy":"category","embeddable":true,"href":"https:\/\/www.isdin.com\/es\/blog\/wp-json\/wp\/v2\/categories?post=1865"},{"taxonomy":"post_tag","embeddable":true,"href":"https:\/\/www.isdin.com\/es\/blog\/wp-json\/wp\/v2\/tags?post=1865"}],"curies":[{"name":"wp","href":"https:\/\/api.w.org\/{rel}","templated":true}]}}